{"id":1472,"date":"2019-04-25T15:45:54","date_gmt":"2019-04-25T13:45:54","guid":{"rendered":"http:\/\/dest.kosiceregion.com\/?post_type=news&#038;p=1472"},"modified":"2019-06-05T14:21:54","modified_gmt":"2019-06-05T12:21:54","slug":"","status":"publish","type":"news","link":"https:\/\/www.kosiceregion.com\/de\/news\/gemersky-expres-ozivi-zabudnute-trate\/","title":{"rendered":"","raw":""},"content":{"rendered":"","protected":false,"raw":""},"excerpt":{"rendered":"","protected":false,"raw":""},"author":1,"featured_media":1473,"menu_order":0,"template":"","format":"standard","meta":{"_acf_changed":false,"_sk_post_content":"<!-- wp:tadv\/classic-paragraph -->\n<p>V\u0161etk\u00fdm, ktor\u00ed radi cestuj\u00fa nie len za hranice, ale aj doma, sa naskyt\u00e1 nov\u00e1 pr\u00edle\u017eitos\u0165. Do v\u00edkendov\u00fdch pl\u00e1nov na m\u00e1j a j\u00fan m\u00f4\u017eu zahrn\u00fa\u0165 v\u00fdlety a turistiku v gemerskom regi\u00f3ne. Dopravu z Ko\u0161\u00edc im u\u013eah\u010d\u00ed nov\u00fd mimoriadny turistick\u00fd vlak <strong><a href=\"http:\/\/vylety.kosiceregion.com\/gemersky-expres\" target=\"_blank\" rel=\"noopener noreferrer\">Gemersk\u00fd expres<\/a><\/strong>. Ten nadv\u00e4zuje na podobn\u00fd spoj, ktor\u00fd vlani v lete i po\u010das tejto zimy prev\u00e1dzkovala krajsk\u00e1 organiz\u00e1cia cestovn\u00e9ho ruchu Ko\u0161ice Regi\u00f3n Turizmus v spolupr\u00e1ci so \u017delezni\u010dnou spolo\u010dnos\u0165ou Slovensko.<\/p>\n<p>Gemersk\u00fd expres bude prem\u00e1va\u0165 ka\u017ed\u00fa sobotu od <strong>4. 5. do 22. 6. 2019<\/strong> (vr\u00e1tane) s rann\u00fdm odchodom o 8.00 hod. z ko\u0161ickej \u017eelezni\u010dnej stanice. V stanici Ple\u0161ivec sa s\u00faprava rozpoj\u00ed a cestuj\u00faci si m\u00f4\u017eu zvoli\u0165, ktor\u00fdm smerom bud\u00fa pokra\u010dova\u0165 \u2013 bu\u010f na Slavo\u0161ovce, alebo Mur\u00e1\u0148. N\u00e1vrat do Ko\u0161\u00edc je o 18.50 hod. Cestuj\u00faci si teda m\u00f4\u017eu napl\u00e1nova\u0165 aj viacero sob\u00f4t a objavova\u0165 nespo\u010detn\u00e9 mno\u017estvo zauj\u00edmav\u00fdch z\u00e1kut\u00ed, ktor\u00e9 t\u00e1to lokalita pon\u00faka.<\/p>\n<p>No a Ko\u0161ice Regi\u00f3n Turizmus pripravil ku Gemersk\u00e9mu expresu aj <strong>preh\u013ead tipov<\/strong> na miesta na trase, ktor\u00e9 sa oplat\u00ed vidie\u0165. Z\u00e1ujemcovia sa k nim a k cestovn\u00fdm l\u00edstkom dostan\u00fa v Region\u00e1lnom informa\u010dnom bode v Ko\u0161iciach, ale aj na novom webe <a href=\"https:\/\/vylety.kosiceregion.com\/gemersky-expres\" target=\"_blank\" rel=\"noopener noreferrer\">vylety.kosiceregion.com<\/a>. V predaji s\u00fa len obojsmern\u00e9 l\u00edstky s jednotnou cenou 14 eur pre dospel\u00fdch, 9 eur pre osoby 3 \u2013 18 r., nad 62 r., dr\u017eite\u013eov preukazov \u0164ZP a ich sprievodcov. Deti do 3 rokov cestuj\u00fa zdarma, av\u0161ak bez n\u00e1roku na miesto.<\/p>\n<!-- \/wp:tadv\/classic-paragraph -->","_sk_post_name":"gemersky-expres-ozivi-zabudnute-trate","_sk_post_excerpt":"","_sk_post_title":"Gemersk\u00fd expres o\u017eiv\u00ed zabudnut\u00e9 trate","_en_post_content":"","_en_post_name":"","_en_post_excerpt":"","_en_post_title":"","_hu_post_content":"","_hu_post_name":"","_hu_post_excerpt":"","_hu_post_title":"","_es_post_content":"","_es_post_name":"","_es_post_excerpt":"","_es_post_title":"","_de_post_content":"","_de_post_name":"","_de_post_excerpt":"","_de_post_title":"","_pl_post_content":"","_pl_post_name":"","_pl_post_excerpt":"","_pl_post_title":"","_it_post_content":"","_it_post_name":"","_it_post_excerpt":"","_it_post_title":"","edit_language":"de","footnotes":""},"tags":[125,127,124,40,126,75,60,73,128],"class_list":["post-1472","news","type-news","status-publish","format-standard","has-post-thumbnail","hentry","tag-betliar","tag-gemersky-expres","tag-gombasek","tag-haj","tag-jablonov-nad-turnou","tag-ochtina","tag-roznava","tag-stitnik","tag-vylet"],"acf":[],"yoast_head":"<!-- This site is optimized with the Yoast SEO Premium plugin v25.5 (Yoast SEO v27.4) - https:\/\/yoast.com\/product\/yoast-seo-premium-wordpress\/ -->\n<title>Ko\u0161ice Regi\u00f3n<\/title>\n<meta name=\"description\" content=\"V\u0161etk\u00fdm, ktor\u00ed radi cestuj\u00fa nie len za hranice, ale aj doma, sa naskyt\u00e1 nov\u00e1 pr\u00edle\u017eitos\u0165. Do v\u00edkendov\u00fdch pl\u00e1nov na m\u00e1j a j\u00fan m\u00f4\u017eu zahrn\u00fa\u0165 v\u00fdlety a turistiku v gemerskom regi\u00f3ne. Dopravu z Ko\u0161\u00edc im u\u013eah\u010d\u00ed nov\u00fd mimoriadny\u2026\" \/>\n<meta name=\"robots\" content=\"index, follow, max-snippet:-1, max-image-preview:large, max-video-preview:-1\" \/>\n<link rel=\"canonical\" href=\"https:\/\/www.kosiceregion.com\/hu\/news\/gemersky-expres-ozivi-zabudnute-trate\/\" \/>\n<meta property=\"og:locale\" content=\"de_DE\" \/>\n<meta property=\"og:type\" content=\"article\" \/>\n<meta property=\"og:title\" content=\"Gemersk\u00fd expres o\u017eiv\u00ed zabudnut\u00e9 trate\" \/>\n<meta property=\"og:description\" content=\"V\u0161etk\u00fdm, ktor\u00ed radi cestuj\u00fa nie len za hranice, ale aj doma, sa naskyt\u00e1 nov\u00e1 pr\u00edle\u017eitos\u0165. Do v\u00edkendov\u00fdch pl\u00e1nov na m\u00e1j a j\u00fan m\u00f4\u017eu zahrn\u00fa\u0165 v\u00fdlety a\" \/>\n<meta property=\"og:url\" content=\"https:\/\/www.kosiceregion.com\/de\/wp-json\/wp\/v2\/news\/1472\" \/>\n<meta property=\"og:site_name\" content=\"Ko\u0161ice Regi\u00f3n\" \/>\n<meta property=\"article:publisher\" content=\"https:\/\/www.facebook.com\/kosiceregion\" \/>\n<meta property=\"article:modified_time\" content=\"2019-06-05T12:21:54+00:00\" \/>\n<meta property=\"og:image\" content=\"https:\/\/www.kosiceregion.com\/wp-content\/uploads\/2019\/05\/img_20190423_114255.jpg\" \/>\n\t<meta property=\"og:image:width\" content=\"1600\" \/>\n\t<meta property=\"og:image:height\" content=\"900\" \/>\n\t<meta property=\"og:image:type\" content=\"image\/jpeg\" \/>\n<meta name=\"twitter:card\" content=\"summary_large_image\" \/>\n<meta name=\"twitter:site\" content=\"@KOSICEREGION\" \/>\n<meta name=\"twitter:label1\" content=\"Gesch\u00e4tzte Lesezeit\" \/>\n\t<meta name=\"twitter:data1\" content=\"1 minute\" \/>\n<script type=\"application\/ld+json\" class=\"yoast-schema-graph\">{\"@context\":\"https:\\\/\\\/schema.org\",\"@graph\":[{\"@type\":\"WebPage\",\"@id\":\"https:\\\/\\\/www.kosiceregion.com\\\/hu\\\/news\\\/gemersky-expres-ozivi-zabudnute-trate\\\/\",\"url\":\"https:\\\/\\\/www.kosiceregion.com\\\/hu\\\/news\\\/gemersky-expres-ozivi-zabudnute-trate\\\/\",\"name\":\"Gemersk\u00fd expres o\u017eiv\u00ed zabudnut\u00e9 trate - Ko\u0161ice Regi\u00f3n\",\"isPartOf\":{\"@id\":\"https:\\\/\\\/www.kosiceregion.com\\\/#website\"},\"primaryImageOfPage\":{\"@id\":\"https:\\\/\\\/www.kosiceregion.com\\\/hu\\\/news\\\/gemersky-expres-ozivi-zabudnute-trate\\\/#primaryimage\"},\"image\":{\"@id\":\"https:\\\/\\\/www.kosiceregion.com\\\/hu\\\/news\\\/gemersky-expres-ozivi-zabudnute-trate\\\/#primaryimage\"},\"thumbnailUrl\":\"https:\\\/\\\/www.kosiceregion.com\\\/wp-content\\\/uploads\\\/2019\\\/05\\\/img_20190423_114255.jpg\",\"datePublished\":\"2019-04-25T13:45:54+00:00\",\"dateModified\":\"2019-06-05T12:21:54+00:00\",\"description\":\"V\u0161etk\u00fdm, ktor\u00ed radi cestuj\u00fa nie len za hranice, ale aj doma, sa naskyt\u00e1 nov\u00e1 pr\u00edle\u017eitos\u0165. Do v\u00edkendov\u00fdch pl\u00e1nov na m\u00e1j a j\u00fan m\u00f4\u017eu zahrn\u00fa\u0165 v\u00fdlety a\",\"breadcrumb\":{\"@id\":\"https:\\\/\\\/www.kosiceregion.com\\\/hu\\\/news\\\/gemersky-expres-ozivi-zabudnute-trate\\\/#breadcrumb\"},\"inLanguage\":\"de-DE\",\"potentialAction\":[{\"@type\":\"ReadAction\",\"target\":[\"https:\\\/\\\/www.kosiceregion.com\\\/hu\\\/news\\\/gemersky-expres-ozivi-zabudnute-trate\\\/\"]}]},{\"@type\":\"ImageObject\",\"inLanguage\":\"de-DE\",\"@id\":\"https:\\\/\\\/www.kosiceregion.com\\\/hu\\\/news\\\/gemersky-expres-ozivi-zabudnute-trate\\\/#primaryimage\",\"url\":\"https:\\\/\\\/www.kosiceregion.com\\\/wp-content\\\/uploads\\\/2019\\\/05\\\/img_20190423_114255.jpg\",\"contentUrl\":\"https:\\\/\\\/www.kosiceregion.com\\\/wp-content\\\/uploads\\\/2019\\\/05\\\/img_20190423_114255.jpg\",\"width\":1600,\"height\":900},{\"@type\":\"BreadcrumbList\",\"@id\":\"https:\\\/\\\/www.kosiceregion.com\\\/hu\\\/news\\\/gemersky-expres-ozivi-zabudnute-trate\\\/#breadcrumb\",\"itemListElement\":[{\"@type\":\"ListItem\",\"position\":1,\"name\":\"Home\",\"item\":\"https:\\\/\\\/www.kosiceregion.com\\\/sk\\\/\"},{\"@type\":\"ListItem\",\"position\":2,\"name\":\"Gemersk\u00fd expres o\u017eiv\u00ed zabudnut\u00e9 trate\"}]},{\"@type\":\"WebSite\",\"@id\":\"https:\\\/\\\/www.kosiceregion.com\\\/#website\",\"url\":\"https:\\\/\\\/www.kosiceregion.com\\\/\",\"name\":\"Ko\u0161ice Regi\u00f3n\",\"description\":\"Turistick\u00fd sprievodca Ko\u0161ick\u00fdm krajom\",\"publisher\":{\"@id\":\"https:\\\/\\\/www.kosiceregion.com\\\/#organization\"},\"potentialAction\":[{\"@type\":\"SearchAction\",\"target\":{\"@type\":\"EntryPoint\",\"urlTemplate\":\"https:\\\/\\\/www.kosiceregion.com\\\/?s={search_term_string}\"},\"query-input\":{\"@type\":\"PropertyValueSpecification\",\"valueRequired\":true,\"valueName\":\"search_term_string\"}}],\"inLanguage\":\"de-DE\"},{\"@type\":\"Organization\",\"@id\":\"https:\\\/\\\/www.kosiceregion.com\\\/#organization\",\"name\":\"Ko\u0161ice Regi\u00f3n Turizmus\",\"url\":\"https:\\\/\\\/www.kosiceregion.com\\\/\",\"logo\":{\"@type\":\"ImageObject\",\"inLanguage\":\"de-DE\",\"@id\":\"https:\\\/\\\/www.kosiceregion.com\\\/#\\\/schema\\\/logo\\\/image\\\/\",\"url\":\"https:\\\/\\\/www.kosiceregion.com\\\/wp-content\\\/uploads\\\/2019\\\/03\\\/logo-web-sk.png\",\"contentUrl\":\"https:\\\/\\\/www.kosiceregion.com\\\/wp-content\\\/uploads\\\/2019\\\/03\\\/logo-web-sk.png\",\"width\":225,\"height\":100,\"caption\":\"Ko\u0161ice Regi\u00f3n Turizmus\"},\"image\":{\"@id\":\"https:\\\/\\\/www.kosiceregion.com\\\/#\\\/schema\\\/logo\\\/image\\\/\"},\"sameAs\":[\"https:\\\/\\\/www.facebook.com\\\/kosiceregion\",\"https:\\\/\\\/x.com\\\/KOSICEREGION\",\"https:\\\/\\\/www.instagram.com\\\/kosiceregion\",\"https:\\\/\\\/www.youtube.com\\\/kosiceregion\"]}]}<\/script>\n<!-- \/ Yoast SEO Premium plugin. -->","yoast_head_json":{"title":"Ko\u0161ice Regi\u00f3n","description":"V\u0161etk\u00fdm, ktor\u00ed radi cestuj\u00fa nie len za hranice, ale aj doma, sa naskyt\u00e1 nov\u00e1 pr\u00edle\u017eitos\u0165. Do v\u00edkendov\u00fdch pl\u00e1nov na m\u00e1j a j\u00fan m\u00f4\u017eu zahrn\u00fa\u0165 v\u00fdlety a turistiku v gemerskom regi\u00f3ne. Dopravu z Ko\u0161\u00edc im u\u013eah\u010d\u00ed nov\u00fd mimoriadny\u2026","robots":{"index":"index","follow":"follow","max-snippet":"max-snippet:-1","max-image-preview":"max-image-preview:large","max-video-preview":"max-video-preview:-1"},"canonical":"https:\/\/www.kosiceregion.com\/hu\/news\/gemersky-expres-ozivi-zabudnute-trate\/","og_locale":"de_DE","og_type":"article","og_title":"Gemersk\u00fd expres o\u017eiv\u00ed zabudnut\u00e9 trate","og_description":"V\u0161etk\u00fdm, ktor\u00ed radi cestuj\u00fa nie len za hranice, ale aj doma, sa naskyt\u00e1 nov\u00e1 pr\u00edle\u017eitos\u0165. Do v\u00edkendov\u00fdch pl\u00e1nov na m\u00e1j a j\u00fan m\u00f4\u017eu zahrn\u00fa\u0165 v\u00fdlety a","og_url":"https:\/\/www.kosiceregion.com\/de\/wp-json\/wp\/v2\/news\/1472","og_site_name":"Ko\u0161ice Regi\u00f3n","article_publisher":"https:\/\/www.facebook.com\/kosiceregion","article_modified_time":"2019-06-05T12:21:54+00:00","og_image":[{"width":1600,"height":900,"url":"https:\/\/www.kosiceregion.com\/wp-content\/uploads\/2019\/05\/img_20190423_114255.jpg","type":"image\/jpeg"}],"twitter_card":"summary_large_image","twitter_site":"@KOSICEREGION","twitter_misc":{"Gesch\u00e4tzte Lesezeit":"1 minute"},"schema":{"@context":"https:\/\/schema.org","@graph":[{"@type":"WebPage","@id":"https:\/\/www.kosiceregion.com\/hu\/news\/gemersky-expres-ozivi-zabudnute-trate\/","url":"https:\/\/www.kosiceregion.com\/hu\/news\/gemersky-expres-ozivi-zabudnute-trate\/","name":"Gemersk\u00fd expres o\u017eiv\u00ed zabudnut\u00e9 trate - Ko\u0161ice Regi\u00f3n","isPartOf":{"@id":"https:\/\/www.kosiceregion.com\/#website"},"primaryImageOfPage":{"@id":"https:\/\/www.kosiceregion.com\/hu\/news\/gemersky-expres-ozivi-zabudnute-trate\/#primaryimage"},"image":{"@id":"https:\/\/www.kosiceregion.com\/hu\/news\/gemersky-expres-ozivi-zabudnute-trate\/#primaryimage"},"thumbnailUrl":"https:\/\/www.kosiceregion.com\/wp-content\/uploads\/2019\/05\/img_20190423_114255.jpg","datePublished":"2019-04-25T13:45:54+00:00","dateModified":"2019-06-05T12:21:54+00:00","description":"V\u0161etk\u00fdm, ktor\u00ed radi cestuj\u00fa nie len za hranice, ale aj doma, sa naskyt\u00e1 nov\u00e1 pr\u00edle\u017eitos\u0165. Do v\u00edkendov\u00fdch pl\u00e1nov na m\u00e1j a j\u00fan m\u00f4\u017eu zahrn\u00fa\u0165 v\u00fdlety a","breadcrumb":{"@id":"https:\/\/www.kosiceregion.com\/hu\/news\/gemersky-expres-ozivi-zabudnute-trate\/#breadcrumb"},"inLanguage":"de-DE","potentialAction":[{"@type":"ReadAction","target":["https:\/\/www.kosiceregion.com\/hu\/news\/gemersky-expres-ozivi-zabudnute-trate\/"]}]},{"@type":"ImageObject","inLanguage":"de-DE","@id":"https:\/\/www.kosiceregion.com\/hu\/news\/gemersky-expres-ozivi-zabudnute-trate\/#primaryimage","url":"https:\/\/www.kosiceregion.com\/wp-content\/uploads\/2019\/05\/img_20190423_114255.jpg","contentUrl":"https:\/\/www.kosiceregion.com\/wp-content\/uploads\/2019\/05\/img_20190423_114255.jpg","width":1600,"height":900},{"@type":"BreadcrumbList","@id":"https:\/\/www.kosiceregion.com\/hu\/news\/gemersky-expres-ozivi-zabudnute-trate\/#breadcrumb","itemListElement":[{"@type":"ListItem","position":1,"name":"Home","item":"https:\/\/www.kosiceregion.com\/sk\/"},{"@type":"ListItem","position":2,"name":"Gemersk\u00fd expres o\u017eiv\u00ed zabudnut\u00e9 trate"}]},{"@type":"WebSite","@id":"https:\/\/www.kosiceregion.com\/#website","url":"https:\/\/www.kosiceregion.com\/","name":"Ko\u0161ice Regi\u00f3n","description":"Turistick\u00fd sprievodca Ko\u0161ick\u00fdm krajom","publisher":{"@id":"https:\/\/www.kosiceregion.com\/#organization"},"potentialAction":[{"@type":"SearchAction","target":{"@type":"EntryPoint","urlTemplate":"https:\/\/www.kosiceregion.com\/?s={search_term_string}"},"query-input":{"@type":"PropertyValueSpecification","valueRequired":true,"valueName":"search_term_string"}}],"inLanguage":"de-DE"},{"@type":"Organization","@id":"https:\/\/www.kosiceregion.com\/#organization","name":"Ko\u0161ice Regi\u00f3n Turizmus","url":"https:\/\/www.kosiceregion.com\/","logo":{"@type":"ImageObject","inLanguage":"de-DE","@id":"https:\/\/www.kosiceregion.com\/#\/schema\/logo\/image\/","url":"https:\/\/www.kosiceregion.com\/wp-content\/uploads\/2019\/03\/logo-web-sk.png","contentUrl":"https:\/\/www.kosiceregion.com\/wp-content\/uploads\/2019\/03\/logo-web-sk.png","width":225,"height":100,"caption":"Ko\u0161ice Regi\u00f3n Turizmus"},"image":{"@id":"https:\/\/www.kosiceregion.com\/#\/schema\/logo\/image\/"},"sameAs":["https:\/\/www.facebook.com\/kosiceregion","https:\/\/x.com\/KOSICEREGION","https:\/\/www.instagram.com\/kosiceregion","https:\/\/www.youtube.com\/kosiceregion"]}]}},"_links":{"self":[{"href":"https:\/\/www.kosiceregion.com\/de\/wp-json\/wp\/v2\/news\/1472","targetHints":{"allow":["GET"]}}],"collection":[{"href":"https:\/\/www.kosiceregion.com\/de\/wp-json\/wp\/v2\/news"}],"about":[{"href":"https:\/\/www.kosiceregion.com\/de\/wp-json\/wp\/v2\/types\/news"}],"author":[{"embeddable":true,"href":"https:\/\/www.kosiceregion.com\/de\/wp-json\/wp\/v2\/users\/1"}],"version-history":[{"count":0,"href":"https:\/\/www.kosiceregion.com\/de\/wp-json\/wp\/v2\/news\/1472\/revisions"}],"wp:featuredmedia":[{"embeddable":true,"href":"https:\/\/www.kosiceregion.com\/de\/wp-json\/wp\/v2\/media\/1473"}],"wp:attachment":[{"href":"https:\/\/www.kosiceregion.com\/de\/wp-json\/wp\/v2\/media?parent=1472"}],"wp:term":[{"taxonomy":"post_tag","embeddable":true,"href":"https:\/\/www.kosiceregion.com\/de\/wp-json\/wp\/v2\/tags?post=1472"}],"curies":[{"name":"wp","href":"https:\/\/api.w.org\/{rel}","templated":true}]}}