{"id":12096,"date":"2024-04-10T16:52:01","date_gmt":"2024-04-10T14:52:01","guid":{"rendered":"https:\/\/www.kosiceregion.com\/sk\/?p=12096"},"modified":"2024-04-10T16:52:02","modified_gmt":"2024-04-10T14:52:02","slug":"","status":"publish","type":"post","link":"https:\/\/www.kosiceregion.com\/de\/kosicky-kraj-ako-vychod-nebude-chybat-ani-na-itf-v-bratislave-11-14-2024\/","title":{"rendered":"","raw":""},"content":{"rendered":"","protected":false,"raw":""},"excerpt":{"rendered":"","protected":false,"raw":""},"author":15,"featured_media":12097,"comment_status":"closed","ping_status":"closed","sticky":false,"template":"","format":"standard","meta":{"_acf_changed":false,"_sk_post_content":"<!-- wp:paragraph -->\n<p><em><strong>Cestovate\u013esk\u00e1 v\u00e1\u0161e\u0148 nepozn\u00e1 hranice. Presne tak, ako mo\u017enosti cestovania a kempovania na v\u00fdchodnom Slovensku.<\/strong><\/em> <em><strong>Aj preto Ko\u0161ice Regi\u00f3n Turizmus nesmie ch\u00fdba\u0165 na ve\u013etrhu cestovn\u00e9ho ruchu ITF Slovakiatour v Bratislave ani v roku 2024. <\/strong><\/em><\/p>\n<!-- \/wp:paragraph -->\n\n<!-- wp:columns -->\n<div class=\"wp-block-columns\"><!-- wp:column -->\n<div class=\"wp-block-column\"><\/div>\n<!-- \/wp:column -->\n\n<!-- wp:column {\"width\":\"80%\"} -->\n<div class=\"wp-block-column\" style=\"flex-basis:80%\"><!-- wp:paragraph -->\n<p><strong>Pre\u0161ovsk\u00fd a\u00a0Ko\u0161ick\u00fd kraj sa op\u00e4\u0165 spojili<\/strong> v\u00a0my\u0161lienke kreat\u00edvneho a\u00a0inovat\u00edvneho prezentovania turizmu vo\u00a0svojich regi\u00f3noch a\u00a0po \u00faspechu kampane UNESCO na dosah, kedy krajsk\u00e1 organiz\u00e1cia cestovn\u00e9ho ruchu Ko\u0161ice Regi\u00f3n Turizmus propagovala 18 pamiatok svetov\u00e9ho dedi\u010dstva vzdialen\u00fdch do 100 min\u00fat autom od Ko\u0161\u00edc naprie\u010d oboma krajmi, prich\u00e1dzaj\u00fa na ITF Slovakiatour 2024 do Bratislavy <strong>pod spolo\u010dnou zna\u010dkou V\u00fdchod \u2013 V\u00e1\u0161 camp<\/strong> kde predstavia spolu a\u017e 32 kempingov\u00fdch lokal\u00edt. <\/p>\n<!-- \/wp:paragraph --><\/div>\n<!-- \/wp:column --><\/div>\n<!-- \/wp:columns -->\n\n<!-- wp:image {\"id\":12097,\"sizeSlug\":\"large\",\"linkDestination\":\"none\"} -->\n<figure class=\"wp-block-image size-large\"><img src=\"https:\/\/www.kosiceregion.com\/wp-content\/uploads\/2024\/04\/Pozvanka_Titulka-1-1024x483.jpg\" alt=\"\" class=\"wp-image-12097\"\/><\/figure>\n<!-- \/wp:image -->\n\n<!-- wp:columns -->\n<div class=\"wp-block-columns\"><!-- wp:column {\"width\":\"80%\"} -->\n<div class=\"wp-block-column\" style=\"flex-basis:80%\"><!-- wp:heading {\"level\":3} -->\n<h3 class=\"wp-block-heading\">Prezent\u00e1cia kempov na v\u00fdchodnom Slovensku<\/h3>\n<!-- \/wp:heading --><\/div>\n<!-- \/wp:column -->\n\n<!-- wp:column -->\n<div class=\"wp-block-column\"><\/div>\n<!-- \/wp:column --><\/div>\n<!-- \/wp:columns -->\n\n<!-- wp:columns -->\n<div class=\"wp-block-columns\"><!-- wp:column {\"width\":\"80%\"} -->\n<div class=\"wp-block-column\" style=\"flex-basis:80%\"><!-- wp:paragraph -->\n<p>Pre \u0161tart kempersk\u00fdch dobrodru\u017estiev s\u00fa v\u00fdborn\u00fdmi v\u00fdchodiskami napr\u00edklad mestsk\u00fd <strong>Camp Ko\u0161ice \u2013 Route E58<\/strong>\u00a0\u010di\u00a0<strong>Autocamp \u010cingov<\/strong> v\u00a0horskom prostred\u00ed Slovensk\u00e9ho raja. Turistov, ktor\u00ed sa chystaj\u00fa spozn\u00e1va\u0165 Vysok\u00e9 Tatry, pote\u0161\u00ed poloha kempu\u00a0<strong>Kemp Tatranec <\/strong>v\u00a0Tatranskej Lomnici s\u00a0v\u00fdh\u013eadom na Lomnick\u00fd \u0161t\u00edt. V\u00fdh\u013eady na skaln\u00e9 \u00fatvary a\u00a0adrenal\u00edn na bujn\u00fdch vod\u00e1ch Dunajca zase pon\u00faka pieninsk\u00fd\u00a0<strong>Camping Dunajec<\/strong> a v\u00e1\u0161niv\u00fdm kemperom by nemal ujs\u0165 ani kemping\u00a0<strong>Goralsk\u00fd dvor v Haligovciach<\/strong>, ktor\u00fd m\u00e1 na konte\u00a0<strong>viacero ocenen\u00ed<\/strong>. <\/p>\n<!-- \/wp:paragraph -->\n\n<!-- wp:paragraph -->\n<p>V\u00a0bl\u00edzkosti kempingov sa nach\u00e1dza mno\u017estvo turistick\u00fdch, ale aj cyklistick\u00fdch tr\u00e1s, z\u00a0ktor\u00fdch mnoh\u00e9 s\u00fa spojnicami k\u00a0atrakt\u00edvnym UNESCO lokalit\u00e1m ako napr\u00edklad <strong>Stellplatz<\/strong> <strong>priamo pod Spi\u0161sk\u00fdm hradom.<\/strong> V\u00fdchodn\u00e9 Slovensko pon\u00faka mo\u017enosti kempovania aj pre t\u00fdch, ktor\u00ed si radi na svojich cest\u00e1ch dopraj\u00fa luxus a\u00a0k\u00a0nemu dobr\u00e9 v\u00edno. Ide\u00e1lnou zast\u00e1vkou tak je ekoturistick\u00fd\u00a0<strong>Camping Mal\u00e1 Bara<\/strong>\u00a0vo vinohradn\u00edckej oblasti Tokaji, kde pribudlo ubytovanie v\u00a0dom\u010dekoch na stromoch a\u00a0nech\u00fdba tam ani unik\u00e1tny wellness, f\u00ednska sauna s\u00a0v\u00edrivkou a\u00a0\u010darovn\u00e9 v\u00ednne pivnice. <\/p>\n<!-- \/wp:paragraph -->\n\n<!-- wp:paragraph -->\n<p>Z\u00e1\u017eitkov\u00e9 kempovanie sa n\u00e1v\u0161tevn\u00edkom v\u00fdchodn\u00e9ho Slovenska pon\u00faka aj v\u00a0bl\u00edzkosti ob\u013e\u00faben\u00fdch vodn\u00fdch n\u00e1dr\u017e\u00ed Zempl\u00ednska \u0161\u00edrava a\u00a0Doma\u0161a. V\u00a0ich bl\u00edzkosti sa nach\u00e1dzaj\u00fa kempy poskytuj\u00face priam pr\u00edmorsk\u00fa atmosf\u00e9ru. <\/p>\n<!-- \/wp:paragraph -->\n\n<!-- wp:paragraph -->\n<p>Oddych i\u00a0adrenal\u00edn po\u010das rekre\u00e1cie pon\u00faka stredisko vodn\u00fdch \u0161portov<strong> Autokemp Doma\u0161a \u2013 T\u00ed\u0161ava <\/strong>\u010di <strong>Doma\u0161a<\/strong> <strong>Camp&amp;Glamp <\/strong>ako aj kempingy v\u00a0bl\u00edzkosti Vinianskeho hradu ako <strong>Anima\u00a0 - Medvedia hora <\/strong>\u010di<strong> T\u00c1BORISKO \u2013 Vinianske jazero \u2013 H\u00f4rka<\/strong>, kde bude u\u017e \u010doskoro vybudovan\u00fd vodn\u00fd vlek pre wakeboarding. Regi\u00f3ny V\u00fdchodu s\u00fa osobitne pr\u00ed\u0165a\u017eliv\u00e9 aj pre rodiny s\u00a0de\u0165mi, ktor\u00e9 si m\u00f4\u017eu naplno u\u017ei\u0165 kempovanie hne\u010f ved\u013ea popul\u00e1rnych aquaparkov. Napr\u00edklad v\u00a0<strong>Autokempe vo<\/strong> <strong>Svidn\u00edku<\/strong>, kde sa okrem k\u00fapania m\u00f4\u017eu vyda\u0165 spozn\u00e1va\u0165 na\u0161u vojnov\u00fa hist\u00f3riu do\u00a0<strong>\u00dadolia smrti. <\/strong><\/p>\n<!-- \/wp:paragraph --><\/div>\n<!-- \/wp:column -->\n\n<!-- wp:column {\"width\":\"20%\"} -->\n<div class=\"wp-block-column\" style=\"flex-basis:20%\"><\/div>\n<!-- \/wp:column --><\/div>\n<!-- \/wp:columns -->\n\n<!-- wp:image {\"id\":12101,\"width\":\"841px\",\"height\":\"356px\",\"scale\":\"cover\",\"sizeSlug\":\"large\",\"linkDestination\":\"none\"} -->\n<figure class=\"wp-block-image size-large is-resized\"><img src=\"https:\/\/www.kosiceregion.com\/wp-content\/uploads\/2024\/04\/IMG_8020-1-1024x768.jpg\" alt=\"\" class=\"wp-image-12101\" style=\"object-fit:cover;width:841px;height:356px\"\/><\/figure>\n<!-- \/wp:image -->\n\n<!-- wp:gallery {\"linkTo\":\"none\"} -->\n<figure class=\"wp-block-gallery has-nested-images columns-default is-cropped\"><!-- wp:image {\"id\":12098,\"sizeSlug\":\"large\",\"linkDestination\":\"none\"} -->\n<figure class=\"wp-block-image size-large\"><img src=\"https:\/\/www.kosiceregion.com\/wp-content\/uploads\/2024\/04\/1169688-800-1024x576.jpg\" alt=\"\" class=\"wp-image-12098\"\/><\/figure>\n<!-- \/wp:image -->\n\n<!-- wp:image {\"id\":12099,\"sizeSlug\":\"large\",\"linkDestination\":\"none\"} -->\n<figure class=\"wp-block-image size-large\"><img src=\"https:\/\/www.kosiceregion.com\/wp-content\/uploads\/2024\/04\/1169687-800-1024x682.jpg\" alt=\"\" class=\"wp-image-12099\"\/><\/figure>\n<!-- \/wp:image --><\/figure>\n<!-- \/wp:gallery -->\n\n<!-- wp:columns -->\n<div class=\"wp-block-columns\"><!-- wp:column -->\n<div class=\"wp-block-column\"><\/div>\n<!-- \/wp:column -->\n\n<!-- wp:column {\"width\":\"80%\"} -->\n<div class=\"wp-block-column\" style=\"flex-basis:80%\"><!-- wp:quote -->\n<blockquote class=\"wp-block-quote\"><!-- wp:paragraph -->\n<p>Netradi\u010dn\u00fa sk\u00fasenos\u0165 v\u00a0pr\u00edrode pon\u00faka Ko\u0161ick\u00fd kraj aj v\u010faka pokra\u010duj\u00facemu projektu <strong>Umenie na mieste X<\/strong>. V\u00a0r\u00e1mci regi\u00f3nu bolo umiestnen\u00fdch v\u00a0pr\u00edrode 5 umeleck\u00fdch diel, ku ktor\u00fdm pribudn\u00fa tento rok \u010fal\u0161ie tri a\u00a0vytvoria tak prv\u00fa gal\u00e9riu umenia v pr\u00edrode. Cestovaniu po kraji dod\u00e1vaj\u00fa umeleck\u00fa du\u0161u v\u00a0miestach, kde by to n\u00e1v\u0161tevn\u00edci ne\u010dakali, ako napr\u00edklad Kom\u00e9ta v\u00a0Z\u00e1dielskej ties\u0148ave \u010di Ra\u010dia proced\u00fara na Turzove v\u00a0Gelnici. <\/p>\n<!-- \/wp:paragraph -->\n\n<!-- wp:paragraph -->\n<p>O\u00a0adrenal\u00ednov\u00e9 z\u00e1\u017eitky po\u010das cestovania na \u0161tyroch alebo \u0161iestich koles\u00e1ch naprie\u010d ko\u0161ick\u00fdm regi\u00f3nom sa postaraj\u00fa novinky cestovn\u00e9ho ruchu ako <strong>Zipline nad lomom v\u00a0Be\u0148atine,<\/strong> <strong>splav Bodrogu<\/strong> \u010di op\u00e4\u0165 spusten\u00e1 <strong>jednoseda\u010dkov\u00e1 lanovka na Geravy<\/strong> v\u00a0obci Dedinky. Svojou jedine\u010dnos\u0165ou ur\u010dite uchv\u00e1tia mal\u00fdch i\u00a0ve\u013ek\u00fdch kemperov novinky ako obrovsk\u00e9 <strong>3D bludisko a\u00a0Drezinov\u00fd ov\u00e1l na Alpinke<\/strong> ne\u010faleko Ko\u0161\u00edc, dobrodru\u017en\u00fd n\u00e1u\u010dn\u00fd chodn\u00edk v\u00a0Rejdovej, <strong>vyhliadka Green Point <\/strong>\u010di ohromuj\u00face podujatia ako Leteck\u00e9 dni ko\u0161ick\u00e9ho kraja, Biela noc, Medzin\u00e1rodn\u00fd Marat\u00f3n Mieru alebo Art Film fest v Ko\u0161iciach, ktor\u00fd tohto roku oslavuje 30. v\u00fdro\u010die. <\/p>\n<!-- \/wp:paragraph -->\n\n<!-- wp:paragraph -->\n<p>Mno\u017estvo noviniek na Kraji sveta ako aj podujatia region\u00e1lneho i\u00a0medzin\u00e1rodn\u00e9ho charakteru vznikli v\u010faka podpore Ko\u0161ick\u00e9ho samospr\u00e1vneho kraja s\u00a0finan\u010dnou pomocou <strong>dota\u010dn\u00e9ho programu Terra Incognita.<\/strong><\/p>\n<!-- \/wp:paragraph --><\/blockquote>\n<!-- \/wp:quote --><\/div>\n<!-- \/wp:column --><\/div>\n<!-- \/wp:columns -->\n\n<!-- wp:heading {\"level\":3} -->\n<h3 class=\"wp-block-heading\">Predstavenie nov\u00e9ho katal\u00f3gu autokempingov na V\u00fdchode<\/h3>\n<!-- \/wp:heading -->\n\n<!-- wp:columns -->\n<div class=\"wp-block-columns\"><!-- wp:column {\"width\":\"80%\"} -->\n<div class=\"wp-block-column\" style=\"flex-basis:80%\"><!-- wp:paragraph -->\n<p>Celkov\u00fd spolo\u010dn\u00fd preh\u013ead kempov na V\u00fdchode prin\u00e1\u0161aj\u00fa spolu oba kraje v tla\u010denej forme v podobe bro\u017e\u00fary s n\u00e1zvom<a href=\"https:\/\/www.kosiceregion.com\/sk\/?r3d=vychod-vas-camp\"> Autokempy v\u00fdchodn\u00e9ho Slovenska,<\/a> ktor\u00e1 bude po\u010das letnej sez\u00f3ny vo\u013ene dostupn\u00e1 v turistick\u00fdch informa\u010dn\u00fdch centr\u00e1ch v\u00fdchodn\u00e9ho Slovenska. Aktu\u00e1lne inform\u00e1cie o kempoch a mo\u017enostiach cestovania v ich okol\u00ed bud\u00fa tie\u017e dostupn\u00e9 na webov\u00fdch port\u00e1loch <a href=\"http:\/\/www.kosiceregion.com\/\">www.kosiceregion.com<\/a> a <a href=\"http:\/\/www.severovychod.sk\/\">www.severovychod.sk.<\/a><\/p>\n<!-- \/wp:paragraph --><\/div>\n<!-- \/wp:column -->\n\n<!-- wp:column -->\n<div class=\"wp-block-column\"><\/div>\n<!-- \/wp:column --><\/div>\n<!-- \/wp:columns -->\n\n<!-- wp:table -->\n<figure class=\"wp-block-table\"><table><tbody><tr><td class=\"has-text-align-left\" data-align=\"left\"><strong>D\u00f4le\u017eit\u00e9 inform\u00e1cie:<br><\/strong><br>Uvid\u00edme sa <strong>11. \u2013 14. 4. 2024<\/strong> na <a href=\"https:\/\/maps.app.goo.gl\/zvjMWUWzNKkhKsa18\">V\u00fdstavisku INCHEBA, v Hale D, st\u00e1nok 212 <\/a><br>Vstupenky na ve\u013etrh n\u00e1jdete na : <a href=\"https:\/\/veltrhcbt.sk\/vstupenky_vystavovatelia.html#sec-cecd\">Vstupenky, vystavovatelia, s\u00fa\u0165a\u017e, program <\/a><\/td><\/tr><\/tbody><\/table><\/figure>\n<!-- \/wp:table -->\n\n<!-- wp:tadv\/classic-paragraph \/-->\n\n<!-- wp:paragraph -->\n<p><\/p>\n<!-- \/wp:paragraph -->\n\n<!-- wp:paragraph -->\n<p><\/p>\n<!-- \/wp:paragraph -->","_sk_post_name":"kosicky-kraj-ako-vychod-nebude-chybat-ani-na-itf-v-bratislave-11-14-2024","_sk_post_excerpt":"","_sk_post_title":"Ko\u0161ick\u00fd kraj ako \"V\u00ddCHOD\" nebude ch\u00fdba\u0165 ani na ITF v Bratislave 11.-14. 2024","_en_post_content":"","_en_post_name":"","_en_post_excerpt":"","_en_post_title":"","_hu_post_content":"","_hu_post_name":"","_hu_post_excerpt":"","_hu_post_title":"","_es_post_content":"","_es_post_name":"","_es_post_excerpt":"","_es_post_title":"","_de_post_content":"","_de_post_name":"","_de_post_excerpt":"","_de_post_title":"","_pl_post_content":"","_pl_post_name":"","_pl_post_excerpt":"","_pl_post_title":"","_it_post_content":"","_it_post_name":"","_it_post_excerpt":"","_it_post_title":"","edit_language":"de","footnotes":""},"categories":[17],"tags":[],"class_list":["post-12096","post","type-post","status-publish","format-standard","has-post-thumbnail","hentry","category-top"],"acf":[],"yoast_head":"<!-- This site is optimized with the Yoast SEO Premium plugin v25.5 (Yoast SEO v27.4) - https:\/\/yoast.com\/product\/yoast-seo-premium-wordpress\/ -->\n<title>Ko\u0161ice Regi\u00f3n<\/title>\n<meta name=\"description\" content=\"Cestovate\u013esk\u00e1 v\u00e1\u0161e\u0148 nepozn\u00e1 hranice. Presne tak, ako mo\u017enosti cestovania a kempovania na v\u00fdchodnom Slovensku. Aj preto Ko\u0161ice Regi\u00f3n Turizmus nesmie ch\u00fdba\u0165 na ve\u013etrhu cestovn\u00e9ho ruchu ITF Slovakiatour v Bratislave ani v roku 2024.\u2026\" \/>\n<meta name=\"robots\" content=\"index, follow, max-snippet:-1, max-image-preview:large, max-video-preview:-1\" \/>\n<link rel=\"canonical\" href=\"https:\/\/www.kosiceregion.com\/sk\/kosicky-kraj-ako-vychod-nebude-chybat-ani-na-itf-v-bratislave-11-14-2024\/\" \/>\n<meta property=\"og:locale\" content=\"de_DE\" \/>\n<meta property=\"og:type\" content=\"article\" \/>\n<meta property=\"og:title\" content=\"Ko\u0161ick\u00fd kraj ako &quot;V\u00ddCHOD&quot; nebude ch\u00fdba\u0165 ani na ITF v Bratislave 11.-14. 2024\" \/>\n<meta property=\"og:description\" content=\"Pre\u0161ovsk\u00fd a\u00a0Ko\u0161ick\u00fd kraj sa op\u00e4\u0165 spojili v\u00a0my\u0161lienke kreat\u00edvneho a\u00a0inovat\u00edvneho prezentovania turizmu vo\u00a0svojich regi\u00f3noch a\u00a0po \u00faspechu kampane UNESCO na dosah, kedy krajsk\u00e1 organiz\u00e1cia cestovn\u00e9ho ruchu Ko\u0161ice Regi\u00f3n Turizmus propagovala 18 pamiatok svetov\u00e9ho dedi\u010dstva vzdialen\u00fdch do 100 min\u00fat autom od Ko\u0161\u00edc naprie\u010d oboma krajmi, prich\u00e1dzaj\u00fa na ITF Slovakiatour 2024 do Bratislavy pod spolo\u010dnou zna\u010dkou V\u00fdchod \u2013 V\u00e1\u0161 camp kde predstavia spolu a\u017e 32 kempingov\u00fdch lokal\u00edt.\" \/>\n<meta property=\"og:url\" content=\"https:\/\/www.kosiceregion.com\/de\/wp-json\/wp\/v2\/posts\/12096\" \/>\n<meta property=\"og:site_name\" content=\"Ko\u0161ice Regi\u00f3n\" \/>\n<meta property=\"article:publisher\" content=\"https:\/\/www.facebook.com\/kosiceregion\" \/>\n<meta property=\"article:published_time\" content=\"2024-04-10T14:52:01+00:00\" \/>\n<meta property=\"article:modified_time\" content=\"2024-04-10T14:52:02+00:00\" \/>\n<meta property=\"og:image\" content=\"https:\/\/www.kosiceregion.com\/wp-content\/uploads\/2024\/04\/Pozvanka_Titulka-1.jpg\" \/>\n\t<meta property=\"og:image:width\" content=\"1061\" \/>\n\t<meta property=\"og:image:height\" content=\"500\" \/>\n\t<meta property=\"og:image:type\" content=\"image\/jpeg\" \/>\n<meta name=\"author\" content=\"Paula Buliakov\u00e1 Tegelhof\" \/>\n<meta name=\"twitter:card\" content=\"summary_large_image\" \/>\n<meta name=\"twitter:title\" content=\"Ko\u0161ick\u00fd kraj ako &quot;V\u00ddCHOD&quot; nebude ch\u00fdba\u0165 ani na ITF v Bratislave 11.-14. 2024\" \/>\n<meta name=\"twitter:creator\" content=\"@KOSICEREGION\" \/>\n<meta name=\"twitter:site\" content=\"@KOSICEREGION\" \/>\n<meta name=\"twitter:label1\" content=\"Verfasst von\" \/>\n\t<meta name=\"twitter:data1\" content=\"Paula Buliakov\u00e1 Tegelhof\" \/>\n\t<meta name=\"twitter:label2\" content=\"Gesch\u00e4tzte Lesezeit\" \/>\n\t<meta name=\"twitter:data2\" content=\"4 minutes\" \/>\n<script type=\"application\/ld+json\" class=\"yoast-schema-graph\">{\"@context\":\"https:\\\/\\\/schema.org\",\"@graph\":[{\"@type\":\"Article\",\"@id\":\"https:\\\/\\\/www.kosiceregion.com\\\/sk\\\/kosicky-kraj-ako-vychod-nebude-chybat-ani-na-itf-v-bratislave-11-14-2024\\\/#article\",\"isPartOf\":{\"@id\":\"https:\\\/\\\/www.kosiceregion.com\\\/sk\\\/kosicky-kraj-ako-vychod-nebude-chybat-ani-na-itf-v-bratislave-11-14-2024\\\/\"},\"author\":{\"name\":\"Paula Buliakov\u00e1 Tegelhof\",\"@id\":\"https:\\\/\\\/www.kosiceregion.com\\\/#\\\/schema\\\/person\\\/f58f7c5f26e77a35dc3bf96d432dbd05\"},\"headline\":\"Ko\u0161ick\u00fd kraj ako &#8220;V\u00ddCHOD&#8221; nebude ch\u00fdba\u0165 ani na ITF v Bratislave 11.-14. 2024\",\"datePublished\":\"2024-04-10T14:52:01+00:00\",\"dateModified\":\"2024-04-10T14:52:02+00:00\",\"mainEntityOfPage\":{\"@id\":\"https:\\\/\\\/www.kosiceregion.com\\\/sk\\\/kosicky-kraj-ako-vychod-nebude-chybat-ani-na-itf-v-bratislave-11-14-2024\\\/\"},\"wordCount\":871,\"publisher\":{\"@id\":\"https:\\\/\\\/www.kosiceregion.com\\\/#organization\"},\"image\":{\"@id\":\"https:\\\/\\\/www.kosiceregion.com\\\/sk\\\/kosicky-kraj-ako-vychod-nebude-chybat-ani-na-itf-v-bratislave-11-14-2024\\\/#primaryimage\"},\"thumbnailUrl\":\"https:\\\/\\\/www.kosiceregion.com\\\/wp-content\\\/uploads\\\/2024\\\/04\\\/Pozvanka_Titulka-1.jpg\",\"articleSection\":[\"Top\"],\"inLanguage\":\"de-DE\"},{\"@type\":\"WebPage\",\"@id\":\"https:\\\/\\\/www.kosiceregion.com\\\/sk\\\/kosicky-kraj-ako-vychod-nebude-chybat-ani-na-itf-v-bratislave-11-14-2024\\\/\",\"url\":\"https:\\\/\\\/www.kosiceregion.com\\\/sk\\\/kosicky-kraj-ako-vychod-nebude-chybat-ani-na-itf-v-bratislave-11-14-2024\\\/\",\"name\":\"Ko\u0161ick\u00fd kraj ako \\\"V\u00ddCHOD\\\" nebude ch\u00fdba\u0165 ani na ITF v Bratislave 11.-14. 2024 - Ko\u0161ice Regi\u00f3n\",\"isPartOf\":{\"@id\":\"https:\\\/\\\/www.kosiceregion.com\\\/#website\"},\"primaryImageOfPage\":{\"@id\":\"https:\\\/\\\/www.kosiceregion.com\\\/sk\\\/kosicky-kraj-ako-vychod-nebude-chybat-ani-na-itf-v-bratislave-11-14-2024\\\/#primaryimage\"},\"image\":{\"@id\":\"https:\\\/\\\/www.kosiceregion.com\\\/sk\\\/kosicky-kraj-ako-vychod-nebude-chybat-ani-na-itf-v-bratislave-11-14-2024\\\/#primaryimage\"},\"thumbnailUrl\":\"https:\\\/\\\/www.kosiceregion.com\\\/wp-content\\\/uploads\\\/2024\\\/04\\\/Pozvanka_Titulka-1.jpg\",\"datePublished\":\"2024-04-10T14:52:01+00:00\",\"dateModified\":\"2024-04-10T14:52:02+00:00\",\"description\":\"Cestovate\u013esk\u00e1 v\u00e1\u0161e\u0148 nepozn\u00e1 hranice. Presne tak, ako mo\u017enosti cestovania a kempovania na v\u00fdchodnom Slovensku. Aj preto Ko\u0161ice Regi\u00f3n Turizmus nesmie\",\"breadcrumb\":{\"@id\":\"https:\\\/\\\/www.kosiceregion.com\\\/sk\\\/kosicky-kraj-ako-vychod-nebude-chybat-ani-na-itf-v-bratislave-11-14-2024\\\/#breadcrumb\"},\"inLanguage\":\"de-DE\",\"potentialAction\":[{\"@type\":\"ReadAction\",\"target\":[\"https:\\\/\\\/www.kosiceregion.com\\\/sk\\\/kosicky-kraj-ako-vychod-nebude-chybat-ani-na-itf-v-bratislave-11-14-2024\\\/\"]}]},{\"@type\":\"ImageObject\",\"inLanguage\":\"de-DE\",\"@id\":\"https:\\\/\\\/www.kosiceregion.com\\\/sk\\\/kosicky-kraj-ako-vychod-nebude-chybat-ani-na-itf-v-bratislave-11-14-2024\\\/#primaryimage\",\"url\":\"https:\\\/\\\/www.kosiceregion.com\\\/wp-content\\\/uploads\\\/2024\\\/04\\\/Pozvanka_Titulka-1.jpg\",\"contentUrl\":\"https:\\\/\\\/www.kosiceregion.com\\\/wp-content\\\/uploads\\\/2024\\\/04\\\/Pozvanka_Titulka-1.jpg\",\"width\":1061,\"height\":500},{\"@type\":\"BreadcrumbList\",\"@id\":\"https:\\\/\\\/www.kosiceregion.com\\\/sk\\\/kosicky-kraj-ako-vychod-nebude-chybat-ani-na-itf-v-bratislave-11-14-2024\\\/#breadcrumb\",\"itemListElement\":[{\"@type\":\"ListItem\",\"position\":1,\"name\":\"Home\",\"item\":\"https:\\\/\\\/www.kosiceregion.com\\\/sk\\\/\"},{\"@type\":\"ListItem\",\"position\":2,\"name\":\"Ko\u0161ick\u00fd kraj ako &#8222;V\u00ddCHOD&#8220; nebude ch\u00fdba\u0165 ani na ITF v Bratislave 11.-14. 2024\"}]},{\"@type\":\"WebSite\",\"@id\":\"https:\\\/\\\/www.kosiceregion.com\\\/#website\",\"url\":\"https:\\\/\\\/www.kosiceregion.com\\\/\",\"name\":\"Ko\u0161ice Regi\u00f3n\",\"description\":\"Turistick\u00fd sprievodca Ko\u0161ick\u00fdm krajom\",\"publisher\":{\"@id\":\"https:\\\/\\\/www.kosiceregion.com\\\/#organization\"},\"potentialAction\":[{\"@type\":\"SearchAction\",\"target\":{\"@type\":\"EntryPoint\",\"urlTemplate\":\"https:\\\/\\\/www.kosiceregion.com\\\/?s={search_term_string}\"},\"query-input\":{\"@type\":\"PropertyValueSpecification\",\"valueRequired\":true,\"valueName\":\"search_term_string\"}}],\"inLanguage\":\"de-DE\"},{\"@type\":\"Organization\",\"@id\":\"https:\\\/\\\/www.kosiceregion.com\\\/#organization\",\"name\":\"Ko\u0161ice Regi\u00f3n Turizmus\",\"url\":\"https:\\\/\\\/www.kosiceregion.com\\\/\",\"logo\":{\"@type\":\"ImageObject\",\"inLanguage\":\"de-DE\",\"@id\":\"https:\\\/\\\/www.kosiceregion.com\\\/#\\\/schema\\\/logo\\\/image\\\/\",\"url\":\"https:\\\/\\\/www.kosiceregion.com\\\/wp-content\\\/uploads\\\/2019\\\/03\\\/logo-web-sk.png\",\"contentUrl\":\"https:\\\/\\\/www.kosiceregion.com\\\/wp-content\\\/uploads\\\/2019\\\/03\\\/logo-web-sk.png\",\"width\":225,\"height\":100,\"caption\":\"Ko\u0161ice Regi\u00f3n Turizmus\"},\"image\":{\"@id\":\"https:\\\/\\\/www.kosiceregion.com\\\/#\\\/schema\\\/logo\\\/image\\\/\"},\"sameAs\":[\"https:\\\/\\\/www.facebook.com\\\/kosiceregion\",\"https:\\\/\\\/x.com\\\/KOSICEREGION\",\"https:\\\/\\\/www.instagram.com\\\/kosiceregion\",\"https:\\\/\\\/www.youtube.com\\\/kosiceregion\"]},{\"@type\":\"Person\",\"@id\":\"https:\\\/\\\/www.kosiceregion.com\\\/#\\\/schema\\\/person\\\/f58f7c5f26e77a35dc3bf96d432dbd05\",\"name\":\"Paula Buliakov\u00e1 Tegelhof\",\"image\":{\"@type\":\"ImageObject\",\"inLanguage\":\"de-DE\",\"@id\":\"https:\\\/\\\/secure.gravatar.com\\\/avatar\\\/efa6a57b2e4fd9b6fdaf15acbda66a000ef0b3e50800a76a64602b268b90db7f?s=96&d=mm&r=g\",\"url\":\"https:\\\/\\\/secure.gravatar.com\\\/avatar\\\/efa6a57b2e4fd9b6fdaf15acbda66a000ef0b3e50800a76a64602b268b90db7f?s=96&d=mm&r=g\",\"contentUrl\":\"https:\\\/\\\/secure.gravatar.com\\\/avatar\\\/efa6a57b2e4fd9b6fdaf15acbda66a000ef0b3e50800a76a64602b268b90db7f?s=96&d=mm&r=g\",\"caption\":\"Paula Buliakov\u00e1 Tegelhof\"}}]}<\/script>\n<!-- \/ Yoast SEO Premium plugin. -->","yoast_head_json":{"title":"Ko\u0161ice Regi\u00f3n","description":"Cestovate\u013esk\u00e1 v\u00e1\u0161e\u0148 nepozn\u00e1 hranice. Presne tak, ako mo\u017enosti cestovania a kempovania na v\u00fdchodnom Slovensku. Aj preto Ko\u0161ice Regi\u00f3n Turizmus nesmie ch\u00fdba\u0165 na ve\u013etrhu cestovn\u00e9ho ruchu ITF Slovakiatour v Bratislave ani v roku 2024.\u2026","robots":{"index":"index","follow":"follow","max-snippet":"max-snippet:-1","max-image-preview":"max-image-preview:large","max-video-preview":"max-video-preview:-1"},"canonical":"https:\/\/www.kosiceregion.com\/sk\/kosicky-kraj-ako-vychod-nebude-chybat-ani-na-itf-v-bratislave-11-14-2024\/","og_locale":"de_DE","og_type":"article","og_title":"Ko\u0161ick\u00fd kraj ako \"V\u00ddCHOD\" nebude ch\u00fdba\u0165 ani na ITF v Bratislave 11.-14. 2024","og_description":"Pre\u0161ovsk\u00fd a\u00a0Ko\u0161ick\u00fd kraj sa op\u00e4\u0165 spojili v\u00a0my\u0161lienke kreat\u00edvneho a\u00a0inovat\u00edvneho prezentovania turizmu vo\u00a0svojich regi\u00f3noch a\u00a0po \u00faspechu kampane UNESCO na dosah, kedy krajsk\u00e1 organiz\u00e1cia cestovn\u00e9ho ruchu Ko\u0161ice Regi\u00f3n Turizmus propagovala 18 pamiatok svetov\u00e9ho dedi\u010dstva vzdialen\u00fdch do 100 min\u00fat autom od Ko\u0161\u00edc naprie\u010d oboma krajmi, prich\u00e1dzaj\u00fa na ITF Slovakiatour 2024 do Bratislavy pod spolo\u010dnou zna\u010dkou V\u00fdchod \u2013 V\u00e1\u0161 camp kde predstavia spolu a\u017e 32 kempingov\u00fdch lokal\u00edt.","og_url":"https:\/\/www.kosiceregion.com\/de\/wp-json\/wp\/v2\/posts\/12096","og_site_name":"Ko\u0161ice Regi\u00f3n","article_publisher":"https:\/\/www.facebook.com\/kosiceregion","article_published_time":"2024-04-10T14:52:01+00:00","article_modified_time":"2024-04-10T14:52:02+00:00","og_image":[{"width":1061,"height":500,"url":"https:\/\/www.kosiceregion.com\/wp-content\/uploads\/2024\/04\/Pozvanka_Titulka-1.jpg","type":"image\/jpeg"}],"author":"Paula Buliakov\u00e1 Tegelhof","twitter_card":"summary_large_image","twitter_title":"Ko\u0161ick\u00fd kraj ako \"V\u00ddCHOD\" nebude ch\u00fdba\u0165 ani na ITF v Bratislave 11.-14. 2024","twitter_creator":"@KOSICEREGION","twitter_site":"@KOSICEREGION","twitter_misc":{"Verfasst von":"Paula Buliakov\u00e1 Tegelhof","Gesch\u00e4tzte Lesezeit":"4 minutes"},"schema":{"@context":"https:\/\/schema.org","@graph":[{"@type":"Article","@id":"https:\/\/www.kosiceregion.com\/sk\/kosicky-kraj-ako-vychod-nebude-chybat-ani-na-itf-v-bratislave-11-14-2024\/#article","isPartOf":{"@id":"https:\/\/www.kosiceregion.com\/sk\/kosicky-kraj-ako-vychod-nebude-chybat-ani-na-itf-v-bratislave-11-14-2024\/"},"author":{"name":"Paula Buliakov\u00e1 Tegelhof","@id":"https:\/\/www.kosiceregion.com\/#\/schema\/person\/f58f7c5f26e77a35dc3bf96d432dbd05"},"headline":"Ko\u0161ick\u00fd kraj ako &#8220;V\u00ddCHOD&#8221; nebude ch\u00fdba\u0165 ani na ITF v Bratislave 11.-14. 2024","datePublished":"2024-04-10T14:52:01+00:00","dateModified":"2024-04-10T14:52:02+00:00","mainEntityOfPage":{"@id":"https:\/\/www.kosiceregion.com\/sk\/kosicky-kraj-ako-vychod-nebude-chybat-ani-na-itf-v-bratislave-11-14-2024\/"},"wordCount":871,"publisher":{"@id":"https:\/\/www.kosiceregion.com\/#organization"},"image":{"@id":"https:\/\/www.kosiceregion.com\/sk\/kosicky-kraj-ako-vychod-nebude-chybat-ani-na-itf-v-bratislave-11-14-2024\/#primaryimage"},"thumbnailUrl":"https:\/\/www.kosiceregion.com\/wp-content\/uploads\/2024\/04\/Pozvanka_Titulka-1.jpg","articleSection":["Top"],"inLanguage":"de-DE"},{"@type":"WebPage","@id":"https:\/\/www.kosiceregion.com\/sk\/kosicky-kraj-ako-vychod-nebude-chybat-ani-na-itf-v-bratislave-11-14-2024\/","url":"https:\/\/www.kosiceregion.com\/sk\/kosicky-kraj-ako-vychod-nebude-chybat-ani-na-itf-v-bratislave-11-14-2024\/","name":"Ko\u0161ick\u00fd kraj ako \"V\u00ddCHOD\" nebude ch\u00fdba\u0165 ani na ITF v Bratislave 11.-14. 2024 - Ko\u0161ice Regi\u00f3n","isPartOf":{"@id":"https:\/\/www.kosiceregion.com\/#website"},"primaryImageOfPage":{"@id":"https:\/\/www.kosiceregion.com\/sk\/kosicky-kraj-ako-vychod-nebude-chybat-ani-na-itf-v-bratislave-11-14-2024\/#primaryimage"},"image":{"@id":"https:\/\/www.kosiceregion.com\/sk\/kosicky-kraj-ako-vychod-nebude-chybat-ani-na-itf-v-bratislave-11-14-2024\/#primaryimage"},"thumbnailUrl":"https:\/\/www.kosiceregion.com\/wp-content\/uploads\/2024\/04\/Pozvanka_Titulka-1.jpg","datePublished":"2024-04-10T14:52:01+00:00","dateModified":"2024-04-10T14:52:02+00:00","description":"Cestovate\u013esk\u00e1 v\u00e1\u0161e\u0148 nepozn\u00e1 hranice. Presne tak, ako mo\u017enosti cestovania a kempovania na v\u00fdchodnom Slovensku. Aj preto Ko\u0161ice Regi\u00f3n Turizmus nesmie","breadcrumb":{"@id":"https:\/\/www.kosiceregion.com\/sk\/kosicky-kraj-ako-vychod-nebude-chybat-ani-na-itf-v-bratislave-11-14-2024\/#breadcrumb"},"inLanguage":"de-DE","potentialAction":[{"@type":"ReadAction","target":["https:\/\/www.kosiceregion.com\/sk\/kosicky-kraj-ako-vychod-nebude-chybat-ani-na-itf-v-bratislave-11-14-2024\/"]}]},{"@type":"ImageObject","inLanguage":"de-DE","@id":"https:\/\/www.kosiceregion.com\/sk\/kosicky-kraj-ako-vychod-nebude-chybat-ani-na-itf-v-bratislave-11-14-2024\/#primaryimage","url":"https:\/\/www.kosiceregion.com\/wp-content\/uploads\/2024\/04\/Pozvanka_Titulka-1.jpg","contentUrl":"https:\/\/www.kosiceregion.com\/wp-content\/uploads\/2024\/04\/Pozvanka_Titulka-1.jpg","width":1061,"height":500},{"@type":"BreadcrumbList","@id":"https:\/\/www.kosiceregion.com\/sk\/kosicky-kraj-ako-vychod-nebude-chybat-ani-na-itf-v-bratislave-11-14-2024\/#breadcrumb","itemListElement":[{"@type":"ListItem","position":1,"name":"Home","item":"https:\/\/www.kosiceregion.com\/sk\/"},{"@type":"ListItem","position":2,"name":"Ko\u0161ick\u00fd kraj ako &#8222;V\u00ddCHOD&#8220; nebude ch\u00fdba\u0165 ani na ITF v Bratislave 11.-14. 2024"}]},{"@type":"WebSite","@id":"https:\/\/www.kosiceregion.com\/#website","url":"https:\/\/www.kosiceregion.com\/","name":"Ko\u0161ice Regi\u00f3n","description":"Turistick\u00fd sprievodca Ko\u0161ick\u00fdm krajom","publisher":{"@id":"https:\/\/www.kosiceregion.com\/#organization"},"potentialAction":[{"@type":"SearchAction","target":{"@type":"EntryPoint","urlTemplate":"https:\/\/www.kosiceregion.com\/?s={search_term_string}"},"query-input":{"@type":"PropertyValueSpecification","valueRequired":true,"valueName":"search_term_string"}}],"inLanguage":"de-DE"},{"@type":"Organization","@id":"https:\/\/www.kosiceregion.com\/#organization","name":"Ko\u0161ice Regi\u00f3n Turizmus","url":"https:\/\/www.kosiceregion.com\/","logo":{"@type":"ImageObject","inLanguage":"de-DE","@id":"https:\/\/www.kosiceregion.com\/#\/schema\/logo\/image\/","url":"https:\/\/www.kosiceregion.com\/wp-content\/uploads\/2019\/03\/logo-web-sk.png","contentUrl":"https:\/\/www.kosiceregion.com\/wp-content\/uploads\/2019\/03\/logo-web-sk.png","width":225,"height":100,"caption":"Ko\u0161ice Regi\u00f3n Turizmus"},"image":{"@id":"https:\/\/www.kosiceregion.com\/#\/schema\/logo\/image\/"},"sameAs":["https:\/\/www.facebook.com\/kosiceregion","https:\/\/x.com\/KOSICEREGION","https:\/\/www.instagram.com\/kosiceregion","https:\/\/www.youtube.com\/kosiceregion"]},{"@type":"Person","@id":"https:\/\/www.kosiceregion.com\/#\/schema\/person\/f58f7c5f26e77a35dc3bf96d432dbd05","name":"Paula Buliakov\u00e1 Tegelhof","image":{"@type":"ImageObject","inLanguage":"de-DE","@id":"https:\/\/secure.gravatar.com\/avatar\/efa6a57b2e4fd9b6fdaf15acbda66a000ef0b3e50800a76a64602b268b90db7f?s=96&d=mm&r=g","url":"https:\/\/secure.gravatar.com\/avatar\/efa6a57b2e4fd9b6fdaf15acbda66a000ef0b3e50800a76a64602b268b90db7f?s=96&d=mm&r=g","contentUrl":"https:\/\/secure.gravatar.com\/avatar\/efa6a57b2e4fd9b6fdaf15acbda66a000ef0b3e50800a76a64602b268b90db7f?s=96&d=mm&r=g","caption":"Paula Buliakov\u00e1 Tegelhof"}}]}},"_links":{"self":[{"href":"https:\/\/www.kosiceregion.com\/de\/wp-json\/wp\/v2\/posts\/12096","targetHints":{"allow":["GET"]}}],"collection":[{"href":"https:\/\/www.kosiceregion.com\/de\/wp-json\/wp\/v2\/posts"}],"about":[{"href":"https:\/\/www.kosiceregion.com\/de\/wp-json\/wp\/v2\/types\/post"}],"author":[{"embeddable":true,"href":"https:\/\/www.kosiceregion.com\/de\/wp-json\/wp\/v2\/users\/15"}],"replies":[{"embeddable":true,"href":"https:\/\/www.kosiceregion.com\/de\/wp-json\/wp\/v2\/comments?post=12096"}],"version-history":[{"count":1,"href":"https:\/\/www.kosiceregion.com\/de\/wp-json\/wp\/v2\/posts\/12096\/revisions"}],"predecessor-version":[{"id":12103,"href":"https:\/\/www.kosiceregion.com\/de\/wp-json\/wp\/v2\/posts\/12096\/revisions\/12103"}],"wp:featuredmedia":[{"embeddable":true,"href":"https:\/\/www.kosiceregion.com\/de\/wp-json\/wp\/v2\/media\/12097"}],"wp:attachment":[{"href":"https:\/\/www.kosiceregion.com\/de\/wp-json\/wp\/v2\/media?parent=12096"}],"wp:term":[{"taxonomy":"category","embeddable":true,"href":"https:\/\/www.kosiceregion.com\/de\/wp-json\/wp\/v2\/categories?post=12096"},{"taxonomy":"post_tag","embeddable":true,"href":"https:\/\/www.kosiceregion.com\/de\/wp-json\/wp\/v2\/tags?post=12096"}],"curies":[{"name":"wp","href":"https:\/\/api.w.org\/{rel}","templated":true}]}}