{"id":13737,"date":"2025-11-26T09:25:00","date_gmt":"2025-11-26T08:25:00","guid":{"rendered":"https:\/\/www.kosiceregion.com\/sk\/?p=13737"},"modified":"2025-12-22T20:51:49","modified_gmt":"2025-12-22T19:51:49","slug":"","status":"publish","type":"post","link":"https:\/\/www.kosiceregion.com\/de\/spomal-a-vychutnaj-si-zimu-v-kosickom-svetovom-kraji\/","title":{"rendered":"","raw":""},"content":{"rendered":"","protected":false,"raw":""},"excerpt":{"rendered":"","protected":false,"raw":""},"author":16,"featured_media":13754,"comment_status":"closed","ping_status":"closed","sticky":false,"template":"","format":"standard","meta":{"_acf_changed":false,"_sk_post_content":"<!-- wp:tadv\/classic-paragraph -->\n<p>Zimn\u00e9 prech\u00e1dzky po historick\u00fdch mest\u00e1ch Ko\u0161ick\u00e9ho kraja s\u00fa nezabudnute\u013en\u00fdm z\u00e1\u017eitkom. Pokia\u013e h\u013ead\u00e1te magick\u00fa atmosf\u00e9ru zasne\u017een\u00fdch n\u00e1mest\u00ed a&nbsp;prech\u00e1dzok po bielych korz\u00e1ch, ur\u010dite by ste mali nav\u0161t\u00edvi\u0165 o\u010daruj\u00facu <a href=\"https:\/\/www.spisskanovaves.eu\" target=\"_blank\" rel=\"noopener\"><strong>Spi\u0161sk\u00fa Nov\u00fa Ves<\/strong><\/a>, Hlavn\u00fa ulicu v<a href=\"http:\/\/www.kosice.sk\" target=\"_blank\" rel=\"noopener\"><strong> Ko\u0161iciach<\/strong><\/a>, historick\u00fa<a href=\"https:\/\/www.roznava.sk\" target=\"_blank\" rel=\"noopener\"><strong> Ro\u017e\u0148avu <\/strong><\/a>\u010di<a href=\"https:\/\/www.obecbetliar.sk\"><strong> Betliar<\/strong><\/a> a&nbsp;neopozoren\u00e9<a href=\"https:\/\/www.michalovce.sk\"><strong> Michalovce<\/strong><\/a>. Ka\u017ed\u00e9 z t\u00fdchto miest pon\u00faka jedine\u010dn\u00fd poh\u013ead na slovensk\u00fa hist\u00f3riu a kr\u00e1su, obzvl\u00e1\u0161\u0165 v zimnom obdob\u00ed.<\/p>\n<!-- \/wp:tadv\/classic-paragraph -->\n\n<!-- wp:tadv\/classic-paragraph -->\n<p><strong>Historick\u00e1 Spi\u0161sk\u00e1 Nov\u00e1 Ves v&nbsp;zimnom \u0161ate<\/strong><\/p>\n<p>Spi\u0161sk\u00e1 Nov\u00e1 Ves je skuto\u010dn\u00fdm klenotom v srdci v\u00fdchodn\u00e9ho Slovenska. Zimn\u00e9 prech\u00e1dzky po snehom pokrytom n\u00e1mest\u00ed, ktor\u00e9ho dominantou je <a href=\"https:\/\/www.kosiceregion.com\/sk\/poi\/rimskokatolicky-farsky-kostol-nanebovzatia-panny-marie-v-spisskej-novej-vsi\/\">r\u00edmskokatol\u00edcky kostol Nanebovzatia Panny M\u00e1rie<\/a> s&nbsp;najvy\u0161\u0161ou kostolnou ve\u017eou na Slovensku ako aj divadlo <a href=\"https:\/\/www.kosiceregion.com\/sk\/poi\/spisske-divadlo\/\">Reduta<\/a>, prines\u00fa pocit, \u017ee ste sa ocitli v rozpr\u00e1vke. Zimn\u00e9 prech\u00e1dzky po Starom Meste a&nbsp;jeho \u0161o\u0161ovkovitom n\u00e1mest\u00ed, najdlh\u0161om n\u00e1mest\u00ed svojho typu v&nbsp;Eur\u00f3pe, kde s\u00fa ulice tich\u00e9 a pokryt\u00e9 snehom, pon\u00fakaj\u00fa n\u00e1dhern\u00fd poh\u013ead na renesan\u010dn\u00e9 a gotick\u00e9 budovy. Medzi najv\u00fdznamnej\u0161ie pamiatky patr\u00ed Mestsk\u00e1 radnica, ktor\u00e1 zaujme nielen svojou architekt\u00farou, ale aj v\u00fdh\u013eadom z ve\u017ee na zasne\u017een\u00e9 okolie.<\/p>\n<p>V&nbsp;zimnom obdob\u00ed sa n\u00e1mestie st\u00e1va e\u0161te pokojnej\u0161\u00edm, s minimom turistov, \u010do umoc\u0148uje atmosf\u00e9ru tich\u00e9ho historick\u00e9ho centra s&nbsp;neopakovate\u013enou atmosf\u00e9rou. Vychutnajte si prech\u00e1dzku okolo kostolov, mestsk\u00fdch pal\u00e1cov a renesan\u010dn\u00fdch budov, ktor\u00e9 s\u00fa v zime e\u0161te impozantnej\u0161ie a&nbsp;obklopte sa hist\u00f3riou v&nbsp;zimnom \u0161ate.<\/p>\n<p>Okolie Spi\u0161skej Novej Vsi je taktie\u017e bohat\u00e9 na kr\u00e1snu pr\u00edrodu, ktorej dominuje vstup do <a href=\"https:\/\/www.npslovenskyraj.sk\" target=\"_blank\" rel=\"noopener\">N\u00e1rodn\u00e9ho parku Slovensk\u00fd raj<\/a>, ktor\u00e1 skr\u00fdva historick\u00e9 poklady, ako je zr\u00facanina <a href=\"https:\/\/www.kosiceregion.com\/sk\/poi\/spissky-hrad-unesco\/\">Spi\u0161sk\u00e9ho hradu<\/a>, ktor\u00e1 v tomto ro\u010dnom obdob\u00ed pon\u00faka n\u00e1v\u0161tevn\u00edkom nielen poh\u013ead na hist\u00f3riu, ale aj nezabudnute\u013en\u00e9 panor\u00e1my zasne\u017eenej krajiny.<\/p>\n<p>Mesto je aj skvel\u00fdm v\u00fdchodiskov\u00fdm bodom na objavovanie \u010fal\u0161\u00edch historick\u00fdch miest Spi\u0161a, ktor\u00e9 v zimn\u00fdch mesiacoch pon\u00fakaj\u00fa atmosf\u00e9ru pokoja a ticha, ide\u00e1lnu na prech\u00e1dzky a objavovanie hist\u00f3rie tohto regi\u00f3nu.<\/p>\n<!-- \/wp:tadv\/classic-paragraph -->\n\n<!-- wp:gallery {\"linkTo\":\"none\"} -->\n<figure class=\"wp-block-gallery has-nested-images columns-default is-cropped\"><!-- wp:image {\"id\":13738,\"sizeSlug\":\"large\",\"linkDestination\":\"none\"} -->\n<figure class=\"wp-block-image size-large\"><img src=\"https:\/\/www.kosiceregion.com\/wp-content\/uploads\/2025\/01\/PHOTO-2024-12-11-15-58-05ztrzr-1024x767.jpg\" alt=\"\" class=\"wp-image-13738\"\/><\/figure>\n<!-- \/wp:image --><\/figure>\n<!-- \/wp:gallery -->\n\n<!-- wp:gallery {\"linkTo\":\"none\"} -->\n<figure class=\"wp-block-gallery has-nested-images columns-default is-cropped\"><!-- wp:image {\"id\":13742,\"sizeSlug\":\"large\",\"linkDestination\":\"none\"} -->\n<figure class=\"wp-block-image size-large\"><img src=\"https:\/\/www.kosiceregion.com\/wp-content\/uploads\/2025\/01\/PHOTO-2024-12-11-15-58-05-1-768x1024.jpg\" alt=\"\" class=\"wp-image-13742\"\/><\/figure>\n<!-- \/wp:image -->\n\n<!-- wp:image {\"id\":13741,\"sizeSlug\":\"large\",\"linkDestination\":\"none\"} -->\n<figure class=\"wp-block-image size-large\"><img src=\"https:\/\/www.kosiceregion.com\/wp-content\/uploads\/2025\/01\/PHOTO-2024-12-11-15-58-04-1-767x1024.jpg\" alt=\"\" class=\"wp-image-13741\"\/><\/figure>\n<!-- \/wp:image --><\/figure>\n<!-- \/wp:gallery -->\n\n<!-- wp:tadv\/classic-paragraph -->\n<p>Foto: Marcela Mich\u00e1lekov\u00e1<\/p>\n<!-- \/wp:tadv\/classic-paragraph -->\n\n<!-- wp:tadv\/classic-paragraph -->\n<p><strong>Magick\u00e1 Hlavn\u00e1 ulica v Ko\u0161iciach<\/strong><\/p>\n<p>Hlavn\u00e1 ulica v Ko\u0161iciach, hlavn\u00e1 tepna mesta, je v zime skuto\u010dne rozpr\u00e1vkov\u00e1. Ulice pokryt\u00e9 snehom, viano\u010dn\u00e9 dekor\u00e1cie a osvetlenie d\u00e1vaj\u00fa tejto historickej ulici e\u0161te v\u00e4\u010d\u0161\u00ed \u0161arm. Hlavn\u00e1 ulica je domovom pre najv\u00e4\u010d\u0161ie ko\u0161ick\u00e9 pamiatky, ako je <a href=\"https:\/\/www.kosiceregion.com\/sk\/poi\/dom-sv-alzbety-v-kosiciach\/\">D\u00f3m sv\u00e4tej Al\u017ebety<\/a>, \u0160pit\u00e1lska ve\u017ea a<a href=\"https:\/\/www.kosiceregion.com\/sk\/poi\/vychodoslovenske-muzeum\/\"> M\u00fazeum v\u00fdchodn\u00e9ho Slovenska<\/a>. Prech\u00e1dzka touto ulicou je ako cesta \u010dasom, kde si m\u00f4\u017eete u\u017e\u00edva\u0165 historick\u00fa architekt\u00faru a z\u00e1rove\u0148 obdivova\u0165 zimn\u00e9 kr\u00e1sy mesta. Zimn\u00e9 scen\u00e9rie s\u00fa e\u0161te umocnen\u00e9 n\u00e1dhern\u00fdmi v\u00fdh\u013eadmi z kaviarn\u00ed, ktor\u00e9 sa nach\u00e1dzaj\u00fa priamo na Hlavnej ulici. Tieto miesta pon\u00fakaj\u00fa nezabudnute\u013en\u00e9 panor\u00e1my \u2013 poh\u013ead na zasne\u017een\u00e9 fas\u00e1dy \u0161t\u00e1tnych budov, medzi ktor\u00fdmi vynik\u00e1 majest\u00e1tny D\u00f3m sv\u00e4tej Al\u017ebety, a na spievaj\u00facu font\u00e1nu, ktor\u00e1 sa v zimnom obdob\u00ed men\u00ed na jedine\u010dn\u00fa mraziv\u00fa kr\u00e1su. V zime je mesto pokryt\u00e9 snehom, \u010do poskytuje malebn\u00fd kontrast k historick\u00fdm pamiatkam a modern\u00e9mu mestsk\u00e9mu \u017eivotu. Kaviarne na Hlavnej ulici pon\u00fakaj\u00fa ide\u00e1lny priestor na relax, kde si m\u00f4\u017eete vychutna\u0165 hor\u00facu k\u00e1vu alebo \u010daj, zatia\u013e \u010do obdivujete v\u00fdh\u013ead na tieto impozantn\u00e9 miesta.<\/p>\n<p>V zimnom obdob\u00ed sa na Hlavnej ulici konaj\u00fa aj r\u00f4zne viano\u010dn\u00e9 trhy a kult\u00farne akcie, ktor\u00e9 e\u0161te viac o\u017eivuj\u00fa atmosf\u00e9ru mesta a poskytuj\u00fa n\u00e1v\u0161tevn\u00edkom jedine\u010dn\u00fa pr\u00edle\u017eitos\u0165 za\u017ei\u0165 Ko\u0161ice v \u010dase Vianoc a Nov\u00e9ho roka. Tradi\u010dn\u00e9 viano\u010dn\u00e9 trhy, hudobn\u00e9 vyst\u00fapenia a in\u00e9 podujatia vytv\u00e1raj\u00fa nezabudnute\u013en\u00fa sviato\u010dn\u00fa atmosf\u00e9ru, ktor\u00e1 obohacuje ka\u017ed\u00fa prech\u00e1dzku t\u00fdmto historick\u00fdm centrom mesta.<\/p>\n<!-- \/wp:tadv\/classic-paragraph -->\n\n<!-- wp:gallery {\"linkTo\":\"none\"} -->\n<figure class=\"wp-block-gallery has-nested-images columns-default is-cropped\"><!-- wp:image {\"id\":13744,\"sizeSlug\":\"large\",\"linkDestination\":\"none\"} -->\n<figure class=\"wp-block-image size-large\"><img src=\"https:\/\/www.kosiceregion.com\/wp-content\/uploads\/2025\/01\/13-Large-1-1024x767.jpg\" alt=\"\" class=\"wp-image-13744\"\/><\/figure>\n<!-- \/wp:image -->\n\n<!-- wp:image {\"id\":13745,\"sizeSlug\":\"large\",\"linkDestination\":\"none\"} -->\n<figure class=\"wp-block-image size-large\"><img src=\"https:\/\/www.kosiceregion.com\/wp-content\/uploads\/2025\/01\/kosice-39-1-1024x683.jpg\" alt=\"\" class=\"wp-image-13745\"\/><\/figure>\n<!-- \/wp:image --><\/figure>\n<!-- \/wp:gallery -->\n\n<!-- wp:tadv\/classic-paragraph -->\n<p><strong>Historick\u00e1 Ro\u017e\u0148ava a&nbsp;o\u010daruj\u00faci Betliar<\/strong><\/p>\n<p>Ro\u017e\u0148ava, mesto s bohatou hist\u00f3riou a n\u00e1dhernou architekt\u00farou, je ide\u00e1lnym miestom na zimn\u00fa prech\u00e1dzku, ktor\u00e1 v\u00e1s zavedie do srdca minulosti a k\u00fazla. N\u00e1mestie ban\u00edkov, obklopen\u00e9 historick\u00fdmi budovami a majest\u00e1tnym kostolom, je v zime n\u00e1dherne pokryt\u00e9 snehom, \u010do vytv\u00e1ra pokojn\u00fa a romantick\u00fa atmosf\u00e9ru. Tento obraz je e\u0161te umocnen\u00fd poh\u013eadom na gotick\u00fd kostol sv. Bartolomeja a Renesan\u010dn\u00fa radnicu, ktor\u00e9 v zimnom obdob\u00ed vyzeraj\u00fa ako vystrihnut\u00e9 z rozpr\u00e1vky. Zasne\u017een\u00e9 ulice a budovy, pokryt\u00e9 viano\u010dn\u00fdmi svetlami a sviato\u010dnou v\u00fdzdobou, dod\u00e1vaj\u00fa Ro\u017e\u0148ave zvl\u00e1\u0161tnu \u010darovn\u00fa atmosf\u00e9ru, ktor\u00e1 l\u00e1ka n\u00e1v\u0161tevn\u00edkov na tich\u00e9 prech\u00e1dzky.<\/p>\n<p>Viano\u010dn\u00e1 atmosf\u00e9ra tu p\u00f4sob\u00ed ako magnet pre t\u00fdch, ktor\u00ed h\u013eadaj\u00fa pokojn\u00e9 a in\u0161piruj\u00face miesto na oddych. Po\u010das zimy sa centrum mesta zmen\u00ed na kr\u00e1sne miesto, kde sa sp\u00e1ja hist\u00f3ria a s\u00fa\u010dasnos\u0165 v harm\u00f3nii s pr\u00edrodou. Viano\u010dn\u00e9 trhy a miestne podujatia, ktor\u00e9 sa pravidelne konaj\u00fa na n\u00e1mest\u00ed, dop\u013a\u0148aj\u00fa t\u00fato atmosf\u00e9ru a poz\u00fdvaj\u00fa n\u00e1v\u0161tevn\u00edkov na spoznanie miestnych trad\u00edci\u00ed a zvykov.<\/p>\n<p>K\u00fasok od Ro\u017e\u0148avy, v Betliari, sa nach\u00e1dza miesto, ktor\u00e9 e\u0161te viac umoc\u0148uje \u010daro Vianoc. Vianoce v Betliari s\u00fa skuto\u010dne magick\u00fdm z\u00e1\u017eitkom, kde sa sp\u00e1ja historick\u00e9 dedi\u010dstvo s jedine\u010dnou sviato\u010dnou atmosf\u00e9rou. Ka\u0161tie\u013e v Betliari, jeden z najkraj\u0161\u00edch historick\u00fdch objektov na Slovensku, v obdob\u00ed Vianoc o\u017e\u00edva v\u010faka tradi\u010dnej v\u00fdzdobe, ktor\u00e1 zdob\u00ed jeho interi\u00e9ry a vytv\u00e1ra nezabudnute\u013en\u00fa sviato\u010dn\u00fa n\u00e1ladu. Ka\u017edoro\u010dne sa tu konaj\u00fa viano\u010dn\u00e9 v\u00fdstavy, koncerty a r\u00f4zne kult\u00farne podujatia, ktor\u00e9 n\u00e1v\u0161tevn\u00edkov vtiahnu do viano\u010dn\u00e9ho obdobia a pribl\u00ed\u017eia im kr\u00e1sy tejto historickej lokality.<\/p>\n<p>Betliar pon\u00faka jedine\u010dn\u00fa atmosf\u00e9ru, kde m\u00f4\u017eete za\u017ei\u0165 kombin\u00e1ciu hist\u00f3rie, kult\u00fary a viano\u010dn\u00e9ho \u010dara v malebnom prostred\u00ed ju\u017en\u00e9ho Slovenska. V tomto obdob\u00ed sa ka\u0161tie\u013e st\u00e1va centrom kult\u00farneho \u017eivota, pri\u010dom jeho historick\u00e9 miestnosti s\u00fa zdoben\u00e9 viano\u010dn\u00fdmi aran\u017em\u00e1nmi, ktor\u00e9 navodzuj\u00fa pocit tepla a pohody. N\u00e1v\u0161teva Betliara po\u010das Vianoc je z\u00e1\u017eitkom, ktor\u00fd v\u00e1s pohlt\u00ed a poskytne nezabudnute\u013en\u00e9 spomienky na sviato\u010dn\u00e9 obdobie v srdci pr\u00edrody a hist\u00f3rie.<\/p>\n<!-- \/wp:tadv\/classic-paragraph -->\n\n<!-- wp:gallery {\"linkTo\":\"none\"} -->\n<figure class=\"wp-block-gallery has-nested-images columns-default is-cropped\"><!-- wp:image {\"id\":13748,\"sizeSlug\":\"large\",\"linkDestination\":\"none\"} -->\n<figure class=\"wp-block-image size-large\"><img src=\"https:\/\/www.kosiceregion.com\/wp-content\/uploads\/2025\/01\/Betliar_kiki_027-1024x683.jpg\" alt=\"\" class=\"wp-image-13748\"\/><\/figure>\n<!-- \/wp:image -->\n\n<!-- wp:image {\"id\":13747,\"sizeSlug\":\"large\",\"linkDestination\":\"none\"} -->\n<figure class=\"wp-block-image size-large\"><img src=\"https:\/\/www.kosiceregion.com\/wp-content\/uploads\/2025\/01\/Betliar_kiki_033-683x1024.jpg\" alt=\"\" class=\"wp-image-13747\"\/><\/figure>\n<!-- \/wp:image --><\/figure>\n<!-- \/wp:gallery -->\n\n<!-- wp:tadv\/classic-paragraph -->\n<p><strong>Zimn\u00e9 radosti v&nbsp;srdci Zempl\u00edna<\/strong><\/p>\n<p>V Michalovciach n\u00e1jdete kr\u00e1sne n\u00e1mestie, ktor\u00e9 je ide\u00e1lne na zimn\u00e9 prech\u00e1dzky. N\u00e1mestie oslobodite\u013eov, obklopen\u00e9 historick\u00fdmi budovami a parkom, je v zime \u010darovn\u00e9, ke\u010f sneh pokr\u00fdva stromy a sochy, \u010d\u00edm vytv\u00e1ra pokojn\u00fd a romantick\u00fd obraz. Mesto je bohat\u00e9 na historick\u00e9 pamiatky, ako je R\u00edmskokatol\u00edcky kostol sv. Martina \u010di M\u00fazeum Zempl\u00edna, ktor\u00e9 v zimnom obdob\u00ed e\u0161te viac vynikn\u00fa a vytv\u00e1raj\u00fa n\u00e1dhern\u00fd kontrast k zasne\u017een\u00fdm uli\u010dk\u00e1m. Po\u010das zimn\u00fdch mesiacov tu panuje tich\u00e1 a upokojuj\u00faca atmosf\u00e9ra, ktor\u00e1 je ide\u00e1lna na relaxa\u010dn\u00e9 prech\u00e1dzky v srdci mesta.<\/p>\n<p>Zimn\u00e9 kr\u00e1sy Zempl\u00edna a Tokaja pon\u00fakaj\u00fa e\u0161te \u0161ir\u0161ie mo\u017enosti na objavovanie, pri\u010dom region\u00e1lne mest\u00e1 a dediny z\u00edskavaj\u00fa osobitn\u00e9 \u010daro po\u010das chladn\u00fdch mesiacov. Zempl\u00edn, zn\u00e1my svojimi rozmanit\u00fdmi pr\u00edrodn\u00fdmi scen\u00e9riami, pon\u00faka panor\u00e1my zasne\u017een\u00fdch kopcov a lesov, ktor\u00e9 v\u00e1s ok\u00fazlia po\u010das ka\u017ed\u00e9ho kroku. Zimn\u00e9 prech\u00e1dzky v tejto oblasti, \u010di u\u017e po malebn\u00fdch chodn\u00edkoch pri Tokajsk\u00fdch viniciach alebo po tich\u00fdch zempl\u00ednskych dedink\u00e1ch, s\u00fa skuto\u010dn\u00fdm z\u00e1\u017eitkom pre milovn\u00edkov pr\u00edrody.<\/p>\n<p>Tokaj, ako svetozn\u00e1ma vinohradn\u00edcka oblas\u0165, m\u00e1 aj v zime svoje \u010daro. Okrem n\u00e1dhern\u00fdch zasne\u017een\u00fdch vin\u00edc a poh\u013eadov na okolit\u00e9 kopce pon\u00faka Tokaj aj mo\u017enos\u0165 ochutna\u0165 tradi\u010dn\u00e9 zimn\u00e9 vin\u00e1rske \u0161peciality, ktor\u00e9 zahrej\u00fa nielen telo, ale aj du\u0161u. V tomto ro\u010dnom obdob\u00ed sa tu konaj\u00fa aj zimn\u00e9 vin\u00e1rske festivaly, kde m\u00f4\u017eete ochutna\u0165 tokajsk\u00e9 v\u00edna a u\u017ei\u0165 si sviato\u010dn\u00fa atmosf\u00e9ru s poh\u013eadom na zasne\u017een\u00fa krajinu.<\/p>\n<p>Tieto historick\u00e9 mest\u00e1 a regi\u00f3ny Ko\u0161ick\u00e9ho kraja, vr\u00e1tane Michaloviec, Zempl\u00edna a Tokaja, pon\u00fakaj\u00fa n\u00e1dhern\u00e9 miesta na zimn\u00e9 prech\u00e1dzky, kde sa sp\u00e1ja kr\u00e1sa pr\u00edrody, bohat\u00e1 hist\u00f3ria a tradi\u010dn\u00e1 kult\u00fara. Nez\u00e1le\u017e\u00ed na tom, \u010di h\u013ead\u00e1te pokoj a ticho, \u010di o\u010daruj\u00face viano\u010dn\u00e9 trhy \u2013 tieto destin\u00e1cie v\u00e1m poskytn\u00fa nezabudnute\u013en\u00e9 zimn\u00e9 z\u00e1\u017eitky, ktor\u00e9 si zamilujete.<\/p>\n<!-- \/wp:tadv\/classic-paragraph -->\n\n<!-- wp:tadv\/classic-paragraph \/-->\n\n<!-- wp:tadv\/classic-paragraph -->\n<p><!--more--><\/p>\n<!-- \/wp:tadv\/classic-paragraph -->\n\n<!-- wp:tadv\/classic-paragraph \/-->","_sk_post_name":"spomal-a-vychutnaj-si-zimu-v-kosickom-svetovom-kraji","_sk_post_excerpt":"","_sk_post_title":"Spoma\u013e a\u00a0vychutnaj si zimu v\u00a0Ko\u0161ickom svetovom kraji","_en_post_content":"","_en_post_name":"","_en_post_excerpt":"","_en_post_title":"","_hu_post_content":"<!-- wp:tadv\/classic-paragraph -->\n<p>A Kassai r\u00e9gi\u00f3 t\u00f6rt\u00e9nelmi v\u00e1rosainak t\u00e9li s\u00e9t\u00e1i felejthetetlen \u00e9lm\u00e9nyt ny\u00fajtanak. Ha var\u00e1zslatos, h\u00f3val bor\u00edtott tereket \u00e9s feh\u00e9r korz\u00f3kat keresel, mindenk\u00e9ppen l\u00e1togass el a b\u00e1jos <a href=\"https:\/\/www.spisskanovaves.eu\" target=\"_blank\" rel=\"noopener\"><strong>Igl\u00f3ba (Spi\u0161sk\u00e1 Nov\u00e1 Ves)<\/strong><\/a>, Kass\u00e1ra a <a href=\"http:\/\/www.kosice.sk\" target=\"_blank\" rel=\"noopener\"><strong>F\u0151 utc\u00e1ra<\/strong><\/a>, a t\u00f6rt\u00e9nelmi <a href=\"https:\/\/www.roznava.sk\" target=\"_blank\" rel=\"noopener\"><strong>Rozsny\u00f3ra<\/strong><\/a>, <a href=\"https:\/\/www.obecbetliar.sk\"><strong>Betl\u00e9rre<\/strong><\/a> \u00e9s a kev\u00e9ss\u00e9 ismert <a href=\"https:\/\/www.michalovce.sk\"><strong>Nagymih\u00e1lyra (Michalovce)<\/strong><\/a>. Mindegyik hely egyed\u00fcl\u00e1ll\u00f3 perspekt\u00edv\u00e1t k\u00edn\u00e1l a szlov\u00e1k t\u00f6rt\u00e9nelemre \u00e9s sz\u00e9ps\u00e9gre, k\u00fcl\u00f6n\u00f6sen t\u00e9len.<\/p>\n<!-- \/wp:tadv\/classic-paragraph -->\n\n\n<!-- wp:tadv\/classic-paragraph -->\n<p>A Kassai r\u00e9gi\u00f3 t\u00f6rt\u00e9nelmi v\u00e1rosainak t\u00e9li s\u00e9t\u00e1i felejthetetlen \u00e9lm\u00e9nyt ny\u00fajtanak. Ha var\u00e1zslatos, h\u00f3val bor\u00edtott tereket \u00e9s feh\u00e9r korz\u00f3kat keresel, mindenk\u00e9ppen l\u00e1togass el a b\u00e1jos <a href=\"https:\/\/www.spisskanovaves.eu\" target=\"_blank\" rel=\"noopener\"><strong>Igl\u00f3ba (Spi\u0161sk\u00e1 Nov\u00e1 Ves)<\/strong><\/a>, Kass\u00e1ra a <a href=\"http:\/\/www.kosice.sk\" target=\"_blank\" rel=\"noopener\"><strong>F\u0151 utc\u00e1ra (Ko\u0161ice)<\/strong><\/a>, a t\u00f6rt\u00e9nelmi <a href=\"https:\/\/www.roznava.sk\" target=\"_blank\" rel=\"noopener\"><strong>Rozsny\u00f3ra<\/strong><\/a>, <a href=\"https:\/\/www.obecbetliar.sk\"><strong>Betl\u00e9rre<\/strong><\/a> \u00e9s a kev\u00e9ss\u00e9 ismert <a href=\"https:\/\/www.michalovce.sk\"><strong>Nagymih\u00e1lyra (Michalovce)<\/strong><\/a>. Mindegyik hely egyed\u00fcl\u00e1ll\u00f3 perspekt\u00edv\u00e1t k\u00edn\u00e1l a szlov\u00e1k t\u00f6rt\u00e9nelemre \u00e9s sz\u00e9ps\u00e9gre, k\u00fcl\u00f6n\u00f6sen t\u00e9len.<\/p>\n<!-- \/wp:tadv\/classic-paragraph -->\n\n\n<!-- wp:gallery {\"linkTo\":\"none\"} -->\n<figure class=\"wp-block-gallery has-nested-images columns-default is-cropped\"><!-- wp:image {\"id\":13738,\"sizeSlug\":\"large\",\"linkDestination\":\"none\"} -->\n<figure class=\"wp-block-image size-large\"><img src=\"https:\/\/www.kosiceregion.com\/wp-content\/uploads\/2025\/01\/PHOTO-2024-12-11-15-58-05ztrzr-1024x767.jpg\" alt=\"\" class=\"wp-image-13738\"\/><\/figure>\n<!-- \/wp:image --><\/figure>\n<!-- \/wp:gallery -->\n\n<!-- wp:gallery {\"linkTo\":\"none\"} -->\n<figure class=\"wp-block-gallery has-nested-images columns-default is-cropped\"><!-- wp:image {\"id\":13742,\"sizeSlug\":\"large\",\"linkDestination\":\"none\"} -->\n<figure class=\"wp-block-image size-large\"><img src=\"https:\/\/www.kosiceregion.com\/wp-content\/uploads\/2025\/01\/PHOTO-2024-12-11-15-58-05-1-768x1024.jpg\" alt=\"\" class=\"wp-image-13742\"\/><\/figure>\n<!-- \/wp:image -->\n\n<!-- wp:image {\"id\":13741,\"sizeSlug\":\"large\",\"linkDestination\":\"none\"} -->\n<figure class=\"wp-block-image size-large\"><img src=\"https:\/\/www.kosiceregion.com\/wp-content\/uploads\/2025\/01\/PHOTO-2024-12-11-15-58-04-1-767x1024.jpg\" alt=\"\" class=\"wp-image-13741\"\/><\/figure>\n<!-- \/wp:image --><\/figure>\n<!-- \/wp:gallery -->\n\n<!-- wp:tadv\/classic-paragraph -->\n<p>A Kassai r\u00e9gi\u00f3 t\u00f6rt\u00e9nelmi v\u00e1rosainak t\u00e9li s\u00e9t\u00e1i felejthetetlen \u00e9lm\u00e9nyt ny\u00fajtanak. Ha var\u00e1zslatos, h\u00f3val bor\u00edtott tereket \u00e9s feh\u00e9r korz\u00f3kat keresel, mindenk\u00e9ppen l\u00e1togass el a b\u00e1jos <a href=\"https:\/\/www.spisskanovaves.eu\" target=\"_blank\" rel=\"noopener\"><strong>Igl\u00f3ba (Spi\u0161sk\u00e1 Nov\u00e1 Ves)<\/strong><\/a>, Kass\u00e1ra a <a href=\"http:\/\/www.kosice.sk\" target=\"_blank\" rel=\"noopener\"><strong>F\u0151 utc\u00e1ra (Ko\u0161ice)<\/strong><\/a>, a t\u00f6rt\u00e9nelmi <a href=\"https:\/\/www.roznava.sk\" target=\"_blank\" rel=\"noopener\"><strong>Rozsny\u00f3ra<\/strong><\/a> \u010di <a href=\"https:\/\/www.obecbetliar.sk\"><strong>Betl\u00e9rre<\/strong><\/a> \u00e9s a kev\u00e9ss\u00e9 ismert <a href=\"https:\/\/www.michalovce.sk\"><strong>Nagymih\u00e1lyra (Michalovce)<\/strong><\/a>. Mindegyik hely egyed\u00fcl\u00e1ll\u00f3 perspekt\u00edv\u00e1t k\u00edn\u00e1l a szlov\u00e1k t\u00f6rt\u00e9nelemre \u00e9s sz\u00e9ps\u00e9gre, k\u00fcl\u00f6n\u00f6sen t\u00e9len.<\/p>\n<!-- \/wp:tadv\/classic-paragraph -->\n\n\n<!-- wp:tadv\/classic-paragraph -->\n<p>A Kassai r\u00e9gi\u00f3 t\u00f6rt\u00e9nelmi v\u00e1rosainak t\u00e9li s\u00e9t\u00e1i felejthetetlen \u00e9lm\u00e9nyt ny\u00fajtanak. Ha var\u00e1zslatos, h\u00f3val bor\u00edtott tereket \u00e9s feh\u00e9r korz\u00f3kat keresel, mindenk\u00e9ppen l\u00e1togass el a b\u00e1jos <a href=\"https:\/\/www.spisskanovaves.eu\" target=\"_blank\" rel=\"noopener\"><strong>Igl\u00f3ba (Spi\u0161sk\u00e1 Nov\u00e1 Ves)<\/strong><\/a>, Kass\u00e1ra a <a href=\"http:\/\/www.kosice.sk\" target=\"_blank\" rel=\"noopener\"><strong>F\u0151 utc\u00e1ra (Ko\u0161ice)<\/strong><\/a>, a t\u00f6rt\u00e9nelmi <a href=\"https:\/\/www.roznava.sk\" target=\"_blank\" rel=\"noopener\"><strong>Rozsny\u00f3ra<\/strong><\/a> \u010di <a href=\"https:\/\/www.obecbetliar.sk\"><strong>Betl\u00e9rre<\/strong><\/a> \u00e9s a kev\u00e9ss\u00e9 ismert <a href=\"https:\/\/www.michalovce.sk\"><strong>Nagymih\u00e1lyra (Michalovce)<\/strong><\/a>. Mindegyik hely egyed\u00fcl\u00e1ll\u00f3 perspekt\u00edv\u00e1t k\u00edn\u00e1l a szlov\u00e1k t\u00f6rt\u00e9nelemre \u00e9s sz\u00e9ps\u00e9gre, k\u00fcl\u00f6n\u00f6sen t\u00e9len.<\/p>\n<!-- \/wp:tadv\/classic-paragraph -->\n\n\n<!-- wp:gallery {\"linkTo\":\"none\"} -->\n<figure class=\"wp-block-gallery has-nested-images columns-default is-cropped\"><!-- wp:image {\"id\":13744,\"sizeSlug\":\"large\",\"linkDestination\":\"none\"} -->\n<figure class=\"wp-block-image size-large\"><img src=\"https:\/\/www.kosiceregion.com\/wp-content\/uploads\/2025\/01\/13-Large-1-1024x767.jpg\" alt=\"\" class=\"wp-image-13744\"\/><\/figure>\n<!-- \/wp:image -->\n\n<!-- wp:image {\"id\":13745,\"sizeSlug\":\"large\",\"linkDestination\":\"none\"} -->\n<figure class=\"wp-block-image size-large\"><img src=\"https:\/\/www.kosiceregion.com\/wp-content\/uploads\/2025\/01\/kosice-39-1-1024x683.jpg\" alt=\"\" class=\"wp-image-13745\"\/><\/figure>\n<!-- \/wp:image --><\/figure>\n<!-- \/wp:gallery -->\n\n<!-- wp:tadv\/classic-paragraph -->\n<p>A Kassai r\u00e9gi\u00f3 t\u00f6rt\u00e9nelmi v\u00e1rosainak t\u00e9li s\u00e9t\u00e1i felejthetetlen \u00e9lm\u00e9nyt ny\u00fajtanak. Ha var\u00e1zslatos, h\u00f3val bor\u00edtott tereket \u00e9s feh\u00e9r korz\u00f3kat keresel, mindenk\u00e9ppen l\u00e1togass el a b\u00e1jos <a href=\"https:\/\/www.spisskanovaves.eu\" target=\"_blank\" rel=\"noopener\"><strong>Igl\u00f3ba (Spi\u0161sk\u00e1 Nov\u00e1 Ves)<\/strong><\/a>, Kass\u00e1ra a <a href=\"http:\/\/www.kosice.sk\" target=\"_blank\" rel=\"noopener\"><strong>F\u0151 utc\u00e1ra (Ko\u0161ice)<\/strong><\/a>, a t\u00f6rt\u00e9nelmi <a href=\"https:\/\/www.roznava.sk\" target=\"_blank\" rel=\"noopener\"><strong>Rozsny\u00f3ra<\/strong><\/a> \u010di <a href=\"https:\/\/www.obecbetliar.sk\"><strong>Betl\u00e9rre<\/strong><\/a> \u00e9s a kev\u00e9ss\u00e9 ismert <a href=\"https:\/\/www.michalovce.sk\"><strong>Nagymih\u00e1lyra (Michalovce)<\/strong><\/a>. Mindegyik hely egyed\u00fcl\u00e1ll\u00f3 perspekt\u00edv\u00e1t k\u00edn\u00e1l a szlov\u00e1k t\u00f6rt\u00e9nelemre \u00e9s sz\u00e9ps\u00e9gre, k\u00fcl\u00f6n\u00f6sen t\u00e9len.<\/p>\n<!-- \/wp:tadv\/classic-paragraph -->\n\n\n<!-- wp:gallery {\"linkTo\":\"none\"} -->\n<figure class=\"wp-block-gallery has-nested-images columns-default is-cropped\"><!-- wp:image {\"id\":13748,\"sizeSlug\":\"large\",\"linkDestination\":\"none\"} -->\n<figure class=\"wp-block-image size-large\"><img src=\"https:\/\/www.kosiceregion.com\/wp-content\/uploads\/2025\/01\/Betliar_kiki_027-1024x683.jpg\" alt=\"\" class=\"wp-image-13748\"\/><\/figure>\n<!-- \/wp:image -->\n\n<!-- wp:image {\"id\":13747,\"sizeSlug\":\"large\",\"linkDestination\":\"none\"} -->\n<figure class=\"wp-block-image size-large\"><img src=\"https:\/\/www.kosiceregion.com\/wp-content\/uploads\/2025\/01\/Betliar_kiki_033-683x1024.jpg\" alt=\"\" class=\"wp-image-13747\"\/><\/figure>\n<!-- \/wp:image --><\/figure>\n<!-- \/wp:gallery -->\n\n<!-- wp:tadv\/classic-paragraph -->\n<p>A Kassai r\u00e9gi\u00f3 t\u00f6rt\u00e9nelmi v\u00e1rosainak t\u00e9li s\u00e9t\u00e1i felejthetetlen \u00e9lm\u00e9nyt ny\u00fajtanak. Ha var\u00e1zslatos, h\u00f3val bor\u00edtott tereket \u00e9s feh\u00e9r korz\u00f3kat keresel, mindenk\u00e9ppen l\u00e1togass el a b\u00e1jos <a href=\"https:\/\/www.spisskanovaves.eu\" target=\"_blank\" rel=\"noopener\"><strong>Igl\u00f3ba (Spi\u0161sk\u00e1 Nov\u00e1 Ves)<\/strong><\/a>, Kass\u00e1ra a <a href=\"http:\/\/www.kosice.sk\" target=\"_blank\" rel=\"noopener\"><strong>F\u0151 utc\u00e1ra (Ko\u0161ice)<\/strong><\/a>, a t\u00f6rt\u00e9nelmi <a href=\"https:\/\/www.roznava.sk\" target=\"_blank\" rel=\"noopener\"><strong>Rozsny\u00f3ra<\/strong><\/a> \u010di <a href=\"https:\/\/www.obecbetliar.sk\"><strong>Betl\u00e9rre<\/strong><\/a> \u00e9s a kev\u00e9ss\u00e9 ismert <a href=\"https:\/\/www.michalovce.sk\"><strong>Nagymih\u00e1lyra (Michalovce)<\/strong><\/a>. Mindegyik hely egyed\u00fcl\u00e1ll\u00f3 perspekt\u00edv\u00e1t k\u00edn\u00e1l a szlov\u00e1k t\u00f6rt\u00e9nelemre \u00e9s sz\u00e9ps\u00e9gre, k\u00fcl\u00f6n\u00f6sen t\u00e9len.<\/p>\n<!-- \/wp:tadv\/classic-paragraph -->\n\n\n<!-- wp:tadv\/classic-paragraph -->\n<p>A Kassai r\u00e9gi\u00f3 t\u00f6rt\u00e9nelmi v\u00e1rosainak t\u00e9li s\u00e9t\u00e1i felejthetetlen \u00e9lm\u00e9nyt ny\u00fajtanak. Ha var\u00e1zslatos, h\u00f3val bor\u00edtott tereket \u00e9s feh\u00e9r korz\u00f3kat keresel, mindenk\u00e9ppen l\u00e1togass el a b\u00e1jos <a href=\"https:\/\/www.spisskanovaves.eu\" target=\"_blank\" rel=\"noopener\"><strong>Igl\u00f3ba (Spi\u0161sk\u00e1 Nov\u00e1 Ves)<\/strong><\/a>, Kass\u00e1ra a <a href=\"http:\/\/www.kosice.sk\" target=\"_blank\" rel=\"noopener\"><strong>F\u0151 utc\u00e1ra (Ko\u0161ice)<\/strong><\/a>, a t\u00f6rt\u00e9nelmi <a href=\"https:\/\/www.roznava.sk\" target=\"_blank\" rel=\"noopener\"><strong>Rozsny\u00f3ra<\/strong><\/a> \u010di <a href=\"https:\/\/www.obecbetliar.sk\"><strong>Betl\u00e9rre<\/strong><\/a> \u00e9s a kev\u00e9ss\u00e9 ismert <a href=\"https:\/\/www.michalovce.sk\"><strong>Nagymih\u00e1lyra (Michalovce)<\/strong><\/a>. Mindegyik hely egyed\u00fcl\u00e1ll\u00f3 perspekt\u00edv\u00e1t k\u00edn\u00e1l a szlov\u00e1k t\u00f6rt\u00e9nelemre \u00e9s sz\u00e9ps\u00e9gre, k\u00fcl\u00f6n\u00f6sen t\u00e9len.<\/p>\n<!-- \/wp:tadv\/classic-paragraph -->\n\n\n<!-- wp:tadv\/classic-paragraph -->\n<p>A Kassai r\u00e9gi\u00f3 t\u00f6rt\u00e9nelmi v\u00e1rosainak t\u00e9li s\u00e9t\u00e1i felejthetetlen \u00e9lm\u00e9nyt ny\u00fajtanak. Ha var\u00e1zslatos, h\u00f3val bor\u00edtott tereket \u00e9s feh\u00e9r korz\u00f3kat keresel, mindenk\u00e9ppen l\u00e1togass el a b\u00e1jos <a href=\"https:\/\/www.spisskanovaves.eu\" target=\"_blank\" rel=\"noopener\"><strong>Igl\u00f3ba (Spi\u0161sk\u00e1 Nov\u00e1 Ves)<\/strong><\/a>, Kass\u00e1ra a <a href=\"http:\/\/www.kosice.sk\" target=\"_blank\" rel=\"noopener\"><strong>F\u0151 utc\u00e1ra (Ko\u0161ice)<\/strong><\/a>, a t\u00f6rt\u00e9nelmi <a href=\"https:\/\/www.roznava.sk\" target=\"_blank\" rel=\"noopener\"><strong>Rozsny\u00f3ra<\/strong><\/a> \u010di <a href=\"https:\/\/www.obecbetliar.sk\"><strong>Betl\u00e9rre<\/strong><\/a> \u00e9s a kev\u00e9ss\u00e9 ismert <a href=\"https:\/\/www.michalovce.sk\"><strong>Nagymih\u00e1lyra (Michalovce)<\/strong><\/a>. Mindegyik hely egyed\u00fcl\u00e1ll\u00f3 perspekt\u00edv\u00e1t k\u00edn\u00e1l a szlov\u00e1k t\u00f6rt\u00e9nelemre \u00e9s sz\u00e9ps\u00e9gre, k\u00fcl\u00f6n\u00f6sen t\u00e9len.<\/p>\n<!-- \/wp:tadv\/classic-paragraph -->\n\n\n<!-- wp:tadv\/classic-paragraph -->\n<p>A Kassai r\u00e9gi\u00f3 t\u00f6rt\u00e9nelmi v\u00e1rosainak t\u00e9li s\u00e9t\u00e1i felejthetetlen \u00e9lm\u00e9nyt ny\u00fajtanak. Ha var\u00e1zslatos, h\u00f3val bor\u00edtott tereket \u00e9s feh\u00e9r korz\u00f3kat keresel, mindenk\u00e9ppen l\u00e1togass el a b\u00e1jos <a href=\"https:\/\/www.spisskanovaves.eu\" target=\"_blank\" rel=\"noopener\"><strong>Igl\u00f3ba (Spi\u0161sk\u00e1 Nov\u00e1 Ves)<\/strong><\/a>, Kass\u00e1ra a <a href=\"http:\/\/www.kosice.sk\" target=\"_blank\" rel=\"noopener\"><strong>F\u0151 utc\u00e1ra (Ko\u0161ice)<\/strong><\/a>, a t\u00f6rt\u00e9nelmi <a href=\"https:\/\/www.roznava.sk\" target=\"_blank\" rel=\"noopener\"><strong>Rozsny\u00f3ra<\/strong><\/a> \u010di <a href=\"https:\/\/www.obecbetliar.sk\"><strong>Betl\u00e9rre<\/strong><\/a> \u00e9s a kev\u00e9ss\u00e9 ismert <a href=\"https:\/\/www.michalovce.sk\"><strong>Nagymih\u00e1lyra (Michalovce)<\/strong><\/a>. Mindegyik hely egyed\u00fcl\u00e1ll\u00f3 perspekt\u00edv\u00e1t k\u00edn\u00e1l a szlov\u00e1k t\u00f6rt\u00e9nelemre \u00e9s sz\u00e9ps\u00e9gre, k\u00fcl\u00f6n\u00f6sen t\u00e9len.<\/p>\n<!-- \/wp:tadv\/classic-paragraph -->\n","_hu_post_name":"teli-setak-kassai-regio-iglo-kassa-rozsnyo-betler","_hu_post_excerpt":"","_hu_post_title":"Lassulj le \u00e9s \u00e9lvezd a telet a Kassai vil\u00e1g\u00f6r\u00f6ks\u00e9gi r\u00e9gi\u00f3ban!","_es_post_content":"","_es_post_name":"","_es_post_excerpt":"","_es_post_title":"","_de_post_content":"","_de_post_name":"","_de_post_excerpt":"","_de_post_title":"","_pl_post_content":"<!-- wp:paragraph {\"beyondwordsMarker\":\"c8f7c8b7-9259-490b-a769-2909af0a71bf\"} -->\n<p>Zimowe spacery po zabytkowych miastach kraju koszyckiego to niezapomniane prze\u017cycie. Je\u015bli poszukujesz magicznej atmosfery za\u015bnie\u017conych ulic i spacer\u00f3w po deptakach, odwied\u017a urzekaj\u0105c\u0105 Now\u0105 Wie\u015b Spisk\u0105, deptak w Koszycach, zabytkow\u0105 Ro\u017cniaw\u0119 czy pa\u0142ac Betliar i niezadeptane przez turyst\u00f3w miasto Michalovce. Ka\u017cde z tych miejsc oferuje wyj\u0105tkowy klimat i ducha historii, kt\u00f3rego mo\u017cna poczu\u0107 zw\u0142aszcza zim\u0105.<\/p>\n<!-- \/wp:paragraph -->\n\n<!-- wp:tadv\/classic-paragraph {\"beyondwordsMarker\":\"f6e43488-a55e-4624-a1e7-d481afa753f7\"} -->\n<p><strong>Nowa Wie\u015b Spiska w zimowej ods\u0142onie<\/strong><\/p>\n<p>Nowa Wie\u015b Spiska to prawdziwy klejnot le\u017c\u0105cy w samym sercu wschodniej S\u0142owacji. Zimowe spacery po za\u015bnie\u017conym rynku z Teatrem Reduta i ko\u015bcio\u0142em Wniebowzi\u0119cia Naj\u015bwi\u0119tszej Marii Panny szczyc\u0105cym si\u0119 najwy\u017csz\u0105 wie\u017c\u0105 ko\u015bcieln\u0105 na S\u0142owacji, sprawi\u0105, \u017ce poczujesz si\u0119 jak w bajce. Ciesz si\u0119 zimowymi przechadzkami po starym mie\u015bcie i najd\u0142u\u017cszym w Europie rynku w kszta\u0142cie soczewki. W cichych, za\u015bnie\u017conych uliczkach ukryte s\u0105 prawdziwe per\u0142y renesansu i gotyku. Do najwa\u017cniejszych zabytk\u00f3w miasta zalicza si\u0119 ratusz, kt\u00f3ry zachwyca nie tylko swoj\u0105 architektur\u0105, lecz r\u00f3wnie\u017c widokiem z wie\u017cy na okolic\u0119 przykryt\u0105 bia\u0142ym puchem.<\/p>\n<p>Zim\u0105 gwar ustaje, turyst\u00f3w jest ma\u0142o, co pozwala w pe\u0142ni delektowa\u0107 si\u0119 niepowtarzaln\u0105 atmosfer\u0105 historycznego centrum. Zajrzyj do ko\u015bcio\u0142\u00f3w, miejskich pa\u0142ac\u00f3w i renesansowych kamienic, kt\u00f3re o tej porze roku robi\u0105 jeszcze wi\u0119ksze wra\u017cenie i zanurz si\u0119 w historii.<\/p>\n<p>Okolice Nowej Wsi Spiskiej to tak\u017ce pi\u0119kna przyroda, a przede wszystkim brama do Parku Narodowego S\u0142owacki Raj. Kryje on w sobie takie skarby historii, takie jak ruiny Zamku Spiskiego, kt\u00f3ry o tej porze roku oferuje zapieraj\u0105ce dech w piersiach panoramy.<\/p>\n<p>Nowa Wie\u015b Spiska to tak\u017ce doskona\u0142y punkt wypadowy pozwalaj\u0105cy na odkrywanie innych ciekawych miejsc na Spiszu, kt\u00f3re w miesi\u0105cach zimowych oferuj\u0105 b\u0142og\u0105 cisz\u0119 i spok\u00f3j, wprost wymarzone do spacer\u00f3w i ods\u0142aniania, kawa\u0142ek po kawa\u0142ku, bogatej historii regionu.<\/p>\n<!-- \/wp:tadv\/classic-paragraph -->\n\n<!-- wp:gallery {\"linkTo\":\"none\",\"beyondwordsMarker\":\"9dd6e30e-4adb-4df6-a4da-706f44f8846d\"} -->\n<figure class=\"wp-block-gallery has-nested-images columns-default is-cropped\"><!-- wp:image {\"id\":13751,\"sizeSlug\":\"large\",\"linkDestination\":\"none\",\"beyondwordsMarker\":\"d76c0c13-6b4e-42d7-935a-fd008cd4cfdd\"} -->\n<figure class=\"wp-block-image size-large\"><img src=\"https:\/\/www.kosiceregion.com\/wp-content\/uploads\/2025\/01\/PHOTO-2024-12-11-15-58-05ztrzr-1-1024x767.jpg\" alt=\"\" class=\"wp-image-13751\"\/><\/figure>\n<!-- \/wp:image --><\/figure>\n<!-- \/wp:gallery -->\n\n<!-- wp:gallery {\"linkTo\":\"none\",\"beyondwordsMarker\":\"c3ca991e-fe51-4f84-bd4f-ffb70e16b6c6\"} -->\n<figure class=\"wp-block-gallery has-nested-images columns-default is-cropped\"><!-- wp:image {\"id\":13753,\"sizeSlug\":\"large\",\"linkDestination\":\"none\",\"beyondwordsMarker\":\"ee89e675-57b0-461a-854c-399769cf88c1\"} -->\n<figure class=\"wp-block-image size-large\"><img src=\"https:\/\/www.kosiceregion.com\/wp-content\/uploads\/2025\/01\/PHOTO-2024-12-11-15-58-05-3-768x1024.jpg\" alt=\"\" class=\"wp-image-13753\"\/><\/figure>\n<!-- \/wp:image -->\n\n<!-- wp:image {\"id\":13752,\"sizeSlug\":\"large\",\"linkDestination\":\"none\",\"beyondwordsMarker\":\"b45d49a9-4b58-4c75-b1e0-da5360798842\"} -->\n<figure class=\"wp-block-image size-large\"><img src=\"https:\/\/www.kosiceregion.com\/wp-content\/uploads\/2025\/01\/PHOTO-2024-12-11-15-58-04-3-767x1024.jpg\" alt=\"\" class=\"wp-image-13752\"\/><\/figure>\n<!-- \/wp:image --><\/figure>\n<!-- \/wp:gallery -->\n\n<!-- wp:tadv\/classic-paragraph {\"beyondwordsMarker\":\"0e3e427a-9eee-42f2-ad98-db30f1751d9a\"} -->\n<p>Magiczny koszycki deptak<\/p>\n<p>Ulica Hlavn\u00e1 w Koszycach, g\u0142\u00f3wna arteria miasta, zim\u0105 prezentuje si\u0119 naprawd\u0119 ba\u015bniowo. Za\u015bnie\u017cone uliczki, \u015bwi\u0105teczne dekoracje i \u015bwiate\u0142ka z pewno\u015bci\u0105 dodaj\u0105 jej uroku. Przy deptaku znajduj\u0105 si\u0119 najwi\u0119ksze zabytki Koszyc, takie jak katedra \u015bw. El\u017cbiety, Wie\u017ca Szpitalna i Muzeum Wschodniej S\u0142owacji. Przechadzka po ulicy Hlavnej jest jak podr\u00f3\u017c w czasie, podczas kt\u00f3rej mo\u017cna podziwia\u0107 zabytkow\u0105 architektur\u0119, ciesz\u0105c si\u0119 niezwyk\u0142ym urokiem zimowego miasta. Dope\u0142nieniem niezwyk\u0142ych scenerii s\u0105 klimatyczne kawiarnie usytuowane tu\u017c przy g\u0142\u00f3wnej ulicy miasta. One r\u00f3wnie\u017c oferuj\u0105 niezapomniane widoki na pokryte \u015bniegiem budynki, w\u015br\u00f3d kt\u00f3rych prym wiedzie majestatyczna katedra \u015bw. El\u017cbiety, a tak\u017ce \u015bpiewaj\u0105ca fontanna, kt\u00f3ra zim\u0105 zamienia si\u0119 w lodow\u0105 pi\u0119kno\u015b\u0107. U\u015bpione pod \u015bnie\u017cn\u0105 pierzynk\u0105 miasto pe\u0142ne historycznych<\/p>\n<p>zabytk\u00f3w stwarza pe\u0142en napi\u0119cia kontrast z jego wsp\u00f3\u0142czesnym rytmem. Kawiarnie przy ulicy Hlavnej oferuj\u0105 idealn\u0105 przestrze\u0144 do relaksu.<\/p>\n<p>W sezonie zimowym przy deptaku odbywa si\u0119 jarmark bo\u017conarodzeniowy i r\u00f3\u017cne wydarzenia kulturalne, kt\u00f3re o\u017cywiaj\u0105 atmosfer\u0119 miasta i s\u0105 okazj\u0105 do poznawania Koszyc w wyj\u0105tkowym okresie \u015bwi\u0105teczno-noworocznym. Tradycyjne jarmarki, koncerty i inne wydarzenia dope\u0142niaj\u0105 niezapomnianej \u015bwi\u0105tecznej atmosfery, kt\u00f3ra czyni spacer po historycznym centrum jeszcze ciekawszym.<\/p>\n<!-- \/wp:tadv\/classic-paragraph -->\n\n<!-- wp:gallery {\"linkTo\":\"none\",\"beyondwordsMarker\":\"bcea29c0-254a-433e-9fe4-5b8759225908\"} -->\n<figure class=\"wp-block-gallery has-nested-images columns-default is-cropped\"><!-- wp:image {\"id\":13754,\"sizeSlug\":\"large\",\"linkDestination\":\"none\",\"beyondwordsMarker\":\"badef462-7862-4fe8-ae25-7651521a2b8c\"} -->\n<figure class=\"wp-block-image size-large\"><img src=\"https:\/\/www.kosiceregion.com\/wp-content\/uploads\/2025\/01\/13-Large-1-1-1024x767.jpg\" alt=\"\" class=\"wp-image-13754\"\/><\/figure>\n<!-- \/wp:image -->\n\n<!-- wp:image {\"id\":13755,\"sizeSlug\":\"large\",\"linkDestination\":\"none\",\"beyondwordsMarker\":\"5becca53-0e89-4912-9186-974a0820e3e3\"} -->\n<figure class=\"wp-block-image size-large\"><img src=\"https:\/\/www.kosiceregion.com\/wp-content\/uploads\/2025\/01\/kosice-39-1-1-1024x683.jpg\" alt=\"\" class=\"wp-image-13755\"\/><\/figure>\n<!-- \/wp:image --><\/figure>\n<!-- \/wp:gallery -->\n\n<!-- wp:tadv\/classic-paragraph {\"beyondwordsMarker\":\"cda9cbe8-2088-4307-9c86-cdd693de4914\"} -->\n<p>Zabytkowa Ro\u017cniawa i czaruj\u0105cy Betliar<\/p>\n<p>Ro\u017cniawa, miasto o bogatej historii i pi\u0119knej architekturze, jest idealnym miejscem na zimowy spacer, kt\u00f3ry pozwoli Ci poczu\u0107 ducha historii i magi\u0119 miejsca. Otoczony zabytkow\u0105 zabudow\u0105 Plac G\u00f3rnik\u00f3w (N\u00e1mestie ban\u00edkov) z g\u00f3ruj\u0105cym nad nim majestatycznym ko\u015bcio\u0142em, zim\u0105 przykryty jest \u015bniegiem, kt\u00f3ry wprawia w romantyczny nastr\u00f3j. Gotycki ko\u015bci\u00f3\u0142 \u015bw. Bart\u0142omieja i renesansowy ratusz wygl\u0105daj\u0105 niczym z bajki. O\u015bnie\u017cone uliczki, budynki ozdobione \u015bwi\u0105tecznymi lampkami i dekoracjami, sprawiaj\u0105, \u017ce miasto ma wprost magiczny klimat, kt\u00f3ry dzia\u0142a jak magnes, zach\u0119caj\u0105c do spacer\u00f3w.<\/p>\n<p>To miejsce dla wszystkich, kt\u00f3rzy poszukuj\u0105 wytchnienia i relaksu w inspiruj\u0105cym otoczeniu. Zim\u0105 ca\u0142e centrum jest przestrzeni\u0105, w kt\u00f3rej historia i tera\u017aniejszo\u015b\u0107 harmonizuj\u0105 z natur\u0105. Jarmarki bo\u017conarodzeniowe i r\u00f3\u017cnorakie imprezy regularnie odbywaj\u0105ce si\u0119 na rynku dope\u0142niaj\u0105 \u015bwi\u0105tecznego klimatu, zach\u0119caj\u0105c do poznawania lokalnych tradycji i zwyczaj\u00f3w.<\/p>\n<p>Niedaleko Ro\u017cniawy znajduje si\u0119 Betliar. Tutaj jeszcze mocniej mo\u017cna poczu\u0107 atmosfer\u0119 Bo\u017cego Narodzenia. \u015awi\u0105teczny Betliar to magiczne miejsce, w kt\u00f3rym historia wsp\u00f3\u0142gra z wyj\u0105tkow\u0105 atmosfer\u0105. Pa\u0142ac Betliar to jeden z najpi\u0119kniejszych zabytkowych obiekt\u00f3w na S\u0142owacji. O\u017cywa on w okresie \u015bwi\u0105t dzi\u0119ki tradycyjnym dekoracjom zdobi\u0105cym jego wn\u0119trza i dope\u0142niaj\u0105cym bo\u017conarodzeniowego klimatu. Co roku odbywaj\u0105 si\u0119 tu okazjonalne wystawy, koncerty i r\u00f3\u017cne wydarzenia kulturalne, kt\u00f3re pozwalaj\u0105 poczu\u0107 \u015bwi\u0105teczny klimat i delektowa\u0107 si\u0119 pi\u0119knem tego nietuzinkowego miejsca.<\/p>\n<p>Kwintesencj\u0105 Betliaru jest mieszanka historii, kultury, \u015bwi\u0105tecznego klimatu i malowniczych okolic po\u0142udniowej S\u0142owacji. O tej porze roku pa\u0142ac staje si\u0119 centrum \u017cycia kulturalnego, a jego zabytkowe wn\u0119trza zdobi\u0105 \u015bwi\u0105teczne aran\u017cacje wprowadzaj\u0105ce w radosny nastr\u00f3j. Odwied\u017a to miejsce zim\u0105 i przywo\u0142aj wspomnienia najpi\u0119kniejszych \u015bwi\u0105t w otoczeniu u\u015bpionej przyrody.<\/p>\n<!-- \/wp:tadv\/classic-paragraph -->\n\n<!-- wp:gallery {\"linkTo\":\"none\",\"beyondwordsMarker\":\"b71320af-ff6b-4ab9-8850-27eb71f7b255\"} -->\n<figure class=\"wp-block-gallery has-nested-images columns-default is-cropped\"><!-- wp:image {\"id\":13757,\"sizeSlug\":\"large\",\"linkDestination\":\"none\",\"beyondwordsMarker\":\"3a9c2bc1-5a4a-49d3-b650-6a83cacd25ab\"} -->\n<figure class=\"wp-block-image size-large\"><img src=\"https:\/\/www.kosiceregion.com\/wp-content\/uploads\/2025\/01\/BETLIAR_ILU-4-1024x681.jpg\" alt=\"\" class=\"wp-image-13757\"\/><\/figure>\n<!-- \/wp:image -->\n\n<!-- wp:image {\"id\":13756,\"sizeSlug\":\"large\",\"linkDestination\":\"none\",\"beyondwordsMarker\":\"8b867ae7-6bbf-4460-9541-0f62b96195e2\"} -->\n<figure class=\"wp-block-image size-large\"><img src=\"https:\/\/www.kosiceregion.com\/wp-content\/uploads\/2025\/01\/Betliar_kiki_033-1-683x1024.jpg\" alt=\"\" class=\"wp-image-13756\"\/><\/figure>\n<!-- \/wp:image --><\/figure>\n<!-- \/wp:gallery -->\n\n<!-- wp:tadv\/classic-paragraph {\"beyondwordsMarker\":\"cc769bec-c55d-4ab1-bda8-a19650e69346\"} -->\n<p>Zimowe uciechy w samym sercu Zemplina<\/p>\n<p>W Michalovcach warto wybra\u0107 si\u0119 si\u0119 do centrum, kt\u00f3re jest idealnym miejscem na zimowe spacery. Otoczony zabytkowymi budynkami i parkiem Plac Wyzwolicieli (N\u00e1mestie oslobodite\u013eov), zim\u0105 prezentuje si\u0119 wyj\u0105tkowo pi\u0119knie, zw\u0142aszcza gdy bia\u0142y puch pokrywa drzewa i pos\u0105gi, wyczarowuj\u0105c i\u015bcie romantyczny obrazek. Warto odwiedzi\u0107 przy okazji zabytkowy ko\u015bci\u00f3\u0142 \u015bw. Marcina czy Muzeum Zemplina, kt\u00f3re wprost zachwycaj\u0105, tworz\u0105c wspania\u0142y kontrast z<\/p>\n<p>za\u015bnie\u017conymi ulicami. Poza sezonem panuj\u0105 tu spok\u00f3j i cisza, a to idealne warunki do odbywania relaksuj\u0105cych spacer\u00f3w w samym sercu miasta.<\/p>\n<p>Zimow\u0105 por\u0105 regiony Zemplin i Tokaj ods\u0142aniaj\u0105 swe niezwyk\u0142e oblicze. Rozrzucone po okolicy miasteczka i wioski nabieraj\u0105 w\u00f3wczas szczeg\u00f3lnego uroku. Zemplin, znany ze zmieniaj\u0105cych si\u0119 krajobraz\u00f3w, oferuje wprost ba\u015bniowe panoramy pokrytych \u015bniegiem wzg\u00f3rz i las\u00f3w, kt\u00f3re na pewno Ci\u0119 zachwyc\u0105. Spacery po okolicy i przechadzki malowniczymi szlakami tokajskich winnic, przez pogr\u0105\u017cone w ciszy wioski, to prawdziwa gratka dla mi\u0142o\u015bnik\u00f3w przyrody.<\/p>\n<p>Nie da si\u0119 ukry\u0107, \u017ce s\u0142ynny region winiarski ma sw\u00f3j urok tak\u017ce zim\u0105. Opr\u00f3cz pi\u0119knych widok\u00f3w u\u015bpionych pod bia\u0142ym puchem winnic i pobielonych wzg\u00f3rz, Tokaj oferuje tak\u017ce mo\u017cliwo\u015b\u0107 skosztowania wspania\u0142ych win, kt\u00f3re rozgrzewaj\u0105 cia\u0142o i dusz\u0119. O tej porze roku odbywaj\u0105 si\u0119 tu zimowe festiwale wina, podczas kt\u00f3rych mo\u017cna degustowa\u0107 najlepsze tokajskie specja\u0142y, ciesz\u0105c si\u0119 zimow\u0105 atmosfer\u0105 po\u015br\u00f3d bajkowych scenerii.<\/p>\n<p>Miasta i regiony kraju koszyckiego, w tym Michalovce, regiony Zemplin i Tokaj, oferuj\u0105 wiele sposobno\u015bci do zimowych spacer\u00f3w na \u0142onie przyrody, w miejscach tchn\u0105cych histori\u0105 i odkrywania tradycyjnej kultury. Niezale\u017cnie od tego, czy potrzebujesz ciszy i spokoju, czy wolisz magiczny klimat jarmark\u00f3w bo\u017conarodzeniowych, miejsca te dostarcz\u0105 Ci niezapomnianych wra\u017ce\u0144, kt\u00f3re pokochasz.<\/p>\n<!-- \/wp:tadv\/classic-paragraph -->\n\n<!-- wp:paragraph {\"beyondwordsMarker\":\"e5846e56-b38a-4dcf-8a33-efb73988db2a\"} -->\n<p>Implemented with the financial support of the Ministry of Tourism and Sports of the Slovak Republic.<\/p>\n<!-- \/wp:paragraph -->\n\n<!-- wp:image {\"id\":13817,\"sizeSlug\":\"full\",\"linkDestination\":\"none\",\"beyondwordsMarker\":\"df8ecd78-88cc-49f4-931e-a1251623e6c9\"} -->\n<figure class=\"wp-block-image size-full\"><img src=\"https:\/\/www.kosiceregion.com\/wp-content\/uploads\/2024\/06\/logo_Min-CestovnehoRuchu-a-Sportu_SR_EN_farba_cmyk-1024x410-2.jpg\" alt=\"\" class=\"wp-image-13817\"\/><\/figure>\n<!-- \/wp:image -->\n\n<!-- wp:tadv\/classic-paragraph {\"beyondwordsMarker\":\"f0b51627-4971-409a-a75f-6821aa5c9efa\"} \/-->\n\n<!-- wp:tadv\/classic-paragraph {\"beyondwordsMarker\":\"74b70466-3265-4f90-8cf8-c57e6d8f01f5\"} \/-->","_pl_post_name":"zwolnij-i-naciesz-sie-zima-w-kraju-koszyckim","_pl_post_excerpt":"","_pl_post_title":"Zwolnij i naciesz si\u0119 zim\u0105 w kraju koszyckim","_it_post_content":"","_it_post_name":"","_it_post_excerpt":"","_it_post_title":"","edit_language":"de","footnotes":""},"categories":[22],"tags":[48,284,128,229],"class_list":["post-13737","post","type-post","status-publish","format-standard","has-post-thumbnail","hentry","category-get-inspired","tag-kosice","tag-kosicky-svetovy-kraj","tag-vylet","tag-zima"],"acf":[],"yoast_head":"<!-- This site is optimized with the Yoast SEO Premium plugin v25.5 (Yoast SEO v27.4) - https:\/\/yoast.com\/product\/yoast-seo-premium-wordpress\/ -->\n<title>Ko\u0161ice Regi\u00f3n<\/title>\n<meta name=\"description\" content=\"Zimn\u00e9 prech\u00e1dzky po historick\u00fdch mest\u00e1ch Ko\u0161ick\u00e9ho kraja s\u00fa nezabudnute\u013en\u00fdm z\u00e1\u017eitkom. Pokia\u013e h\u013ead\u00e1te magick\u00fa atmosf\u00e9ru zasne\u017een\u00fdch n\u00e1mest\u00ed a&nbsp;prech\u00e1dzok po bielych korz\u00e1ch, ur\u010dite by ste mali nav\u0161t\u00edvi\u0165 o\u010daruj\u00facu\u2026\" \/>\n<meta name=\"robots\" content=\"index, follow, max-snippet:-1, max-image-preview:large, max-video-preview:-1\" \/>\n<link rel=\"canonical\" href=\"https:\/\/www.kosiceregion.com\/sk\/spomal-a-vychutnaj-si-zimu-v-kosickom-svetovom-kraji\/\" \/>\n<meta property=\"og:locale\" content=\"de_DE\" \/>\n<meta property=\"og:type\" content=\"article\" \/>\n<meta property=\"og:title\" content=\"Spoma\u013e a\u00a0vychutnaj si zimu v\u00a0Ko\u0161ickom svetovom kraji\" \/>\n<meta property=\"og:description\" content=\"Zimn\u00e9 prech\u00e1dzky po historick\u00fdch mest\u00e1ch Ko\u0161ick\u00e9ho kraja s\u00fa nezabudnute\u013en\u00fdm z\u00e1\u017eitkom. Pokia\u013e h\u013ead\u00e1te magick\u00fa atmosf\u00e9ru zasne\u017een\u00fdch n\u00e1mest\u00ed a\u00a0prech\u00e1dzok po bielych korz\u00e1ch, ur\u010dite by ste mali nav\u0161t\u00edvi\u0165 o\u010daruj\u00facu Spi\u0161sk\u00fa Nov\u00fa Ves, Hlavn\u00fa ulicu v Ko\u0161iciach, historick\u00fa Ro\u017e\u0148avu \u010di Betliar a\u00a0neopozoren\u00e9 Michalovce.\" \/>\n<meta property=\"og:url\" content=\"https:\/\/www.kosiceregion.com\/de\/wp-json\/wp\/v2\/posts\/13737\" \/>\n<meta property=\"og:site_name\" content=\"Ko\u0161ice Regi\u00f3n\" \/>\n<meta property=\"article:publisher\" content=\"https:\/\/www.facebook.com\/kosiceregion\" \/>\n<meta property=\"article:published_time\" content=\"2025-11-26T08:25:00+00:00\" \/>\n<meta property=\"article:modified_time\" content=\"2025-12-22T19:51:49+00:00\" \/>\n<meta property=\"og:image\" content=\"https:\/\/www.kosiceregion.com\/wp-content\/uploads\/2025\/01\/13-Large-1-1.jpg\" \/>\n\t<meta property=\"og:image:width\" content=\"1441\" \/>\n\t<meta property=\"og:image:height\" content=\"1080\" \/>\n\t<meta property=\"og:image:type\" content=\"image\/jpeg\" \/>\n<meta name=\"author\" content=\"Al\u017ebera Gajodo\u0161ov\u00e1 Keru\u013eova\" \/>\n<meta name=\"twitter:card\" content=\"summary_large_image\" \/>\n<meta name=\"twitter:title\" content=\"Spoma\u013e a\u00a0vychutnaj si zimu v\u00a0Ko\u0161ickom svetovom kraji\" \/>\n<meta name=\"twitter:creator\" content=\"@KOSICEREGION\" \/>\n<meta name=\"twitter:site\" content=\"@KOSICEREGION\" \/>\n<meta name=\"twitter:label1\" content=\"Verfasst von\" \/>\n\t<meta name=\"twitter:data1\" content=\"Al\u017ebera Gajodo\u0161ov\u00e1 Keru\u013eova\" \/>\n\t<meta name=\"twitter:label2\" content=\"Gesch\u00e4tzte Lesezeit\" \/>\n\t<meta name=\"twitter:data2\" content=\"5 minutes\" \/>\n<script type=\"application\/ld+json\" class=\"yoast-schema-graph\">{\"@context\":\"https:\\\/\\\/schema.org\",\"@graph\":[{\"@type\":\"Article\",\"@id\":\"https:\\\/\\\/www.kosiceregion.com\\\/sk\\\/spomal-a-vychutnaj-si-zimu-v-kosickom-svetovom-kraji\\\/#article\",\"isPartOf\":{\"@id\":\"https:\\\/\\\/www.kosiceregion.com\\\/sk\\\/spomal-a-vychutnaj-si-zimu-v-kosickom-svetovom-kraji\\\/\"},\"author\":{\"name\":\"Al\u017ebera Gajodo\u0161ov\u00e1 Keru\u013eova\",\"@id\":\"https:\\\/\\\/www.kosiceregion.com\\\/#\\\/schema\\\/person\\\/6767e0141fc173d4b5b56458d146cbf3\"},\"headline\":\"Spoma\u013e a\u00a0vychutnaj si zimu v\u00a0Ko\u0161ickom svetovom kraji\",\"datePublished\":\"2025-11-26T08:25:00+00:00\",\"dateModified\":\"2025-12-22T19:51:49+00:00\",\"mainEntityOfPage\":{\"@id\":\"https:\\\/\\\/www.kosiceregion.com\\\/sk\\\/spomal-a-vychutnaj-si-zimu-v-kosickom-svetovom-kraji\\\/\"},\"wordCount\":1499,\"publisher\":{\"@id\":\"https:\\\/\\\/www.kosiceregion.com\\\/#organization\"},\"image\":{\"@id\":\"https:\\\/\\\/www.kosiceregion.com\\\/sk\\\/spomal-a-vychutnaj-si-zimu-v-kosickom-svetovom-kraji\\\/#primaryimage\"},\"thumbnailUrl\":\"https:\\\/\\\/www.kosiceregion.com\\\/wp-content\\\/uploads\\\/2025\\\/01\\\/13-Large-1-1.jpg\",\"keywords\":[\"Ko\u0161ice\",\"ko\u0161ick\u00fd svetov\u00fd kraj\",\"v\u00fdlet\",\"zima\"],\"articleSection\":[\"In\u0161piruj sa\"],\"inLanguage\":\"de-DE\"},{\"@type\":\"WebPage\",\"@id\":\"https:\\\/\\\/www.kosiceregion.com\\\/sk\\\/spomal-a-vychutnaj-si-zimu-v-kosickom-svetovom-kraji\\\/\",\"url\":\"https:\\\/\\\/www.kosiceregion.com\\\/sk\\\/spomal-a-vychutnaj-si-zimu-v-kosickom-svetovom-kraji\\\/\",\"name\":\"T\u00e9li s\u00e9t\u00e1k Kassai r\u00e9gi\u00f3ban: Igl\u00f3, Kassa, Rozsny\u00f3, Betl\u00e9r\",\"isPartOf\":{\"@id\":\"https:\\\/\\\/www.kosiceregion.com\\\/#website\"},\"primaryImageOfPage\":{\"@id\":\"https:\\\/\\\/www.kosiceregion.com\\\/sk\\\/spomal-a-vychutnaj-si-zimu-v-kosickom-svetovom-kraji\\\/#primaryimage\"},\"image\":{\"@id\":\"https:\\\/\\\/www.kosiceregion.com\\\/sk\\\/spomal-a-vychutnaj-si-zimu-v-kosickom-svetovom-kraji\\\/#primaryimage\"},\"thumbnailUrl\":\"https:\\\/\\\/www.kosiceregion.com\\\/wp-content\\\/uploads\\\/2025\\\/01\\\/13-Large-1-1.jpg\",\"datePublished\":\"2025-11-26T08:25:00+00:00\",\"dateModified\":\"2025-12-22T19:51:49+00:00\",\"description\":\"Fedezd fel a Kassai r\u00e9gi\u00f3 t\u00f6rt\u00e9nelmi v\u00e1rosait t\u00e9len! H\u00f3val bor\u00edtott terek Igl\u00f3ban, Kassa F\u0151 utc\u00e1j\u00e1n, Rozsny\u00f3n, Betl\u00e9rben \u00e9s Nagymih\u00e1lyon.\",\"breadcrumb\":{\"@id\":\"https:\\\/\\\/www.kosiceregion.com\\\/sk\\\/spomal-a-vychutnaj-si-zimu-v-kosickom-svetovom-kraji\\\/#breadcrumb\"},\"inLanguage\":\"de-DE\",\"potentialAction\":[{\"@type\":\"ReadAction\",\"target\":[\"https:\\\/\\\/www.kosiceregion.com\\\/sk\\\/spomal-a-vychutnaj-si-zimu-v-kosickom-svetovom-kraji\\\/\"]}]},{\"@type\":\"ImageObject\",\"inLanguage\":\"de-DE\",\"@id\":\"https:\\\/\\\/www.kosiceregion.com\\\/sk\\\/spomal-a-vychutnaj-si-zimu-v-kosickom-svetovom-kraji\\\/#primaryimage\",\"url\":\"https:\\\/\\\/www.kosiceregion.com\\\/wp-content\\\/uploads\\\/2025\\\/01\\\/13-Large-1-1.jpg\",\"contentUrl\":\"https:\\\/\\\/www.kosiceregion.com\\\/wp-content\\\/uploads\\\/2025\\\/01\\\/13-Large-1-1.jpg\",\"width\":1441,\"height\":1080},{\"@type\":\"BreadcrumbList\",\"@id\":\"https:\\\/\\\/www.kosiceregion.com\\\/sk\\\/spomal-a-vychutnaj-si-zimu-v-kosickom-svetovom-kraji\\\/#breadcrumb\",\"itemListElement\":[{\"@type\":\"ListItem\",\"position\":1,\"name\":\"Home\",\"item\":\"https:\\\/\\\/www.kosiceregion.com\\\/sk\\\/\"},{\"@type\":\"ListItem\",\"position\":2,\"name\":\"Spoma\u013e a\u00a0vychutnaj si zimu v\u00a0Ko\u0161ickom svetovom kraji\"}]},{\"@type\":\"WebSite\",\"@id\":\"https:\\\/\\\/www.kosiceregion.com\\\/#website\",\"url\":\"https:\\\/\\\/www.kosiceregion.com\\\/\",\"name\":\"Ko\u0161ice Regi\u00f3n\",\"description\":\"Turistick\u00fd sprievodca Ko\u0161ick\u00fdm krajom\",\"publisher\":{\"@id\":\"https:\\\/\\\/www.kosiceregion.com\\\/#organization\"},\"potentialAction\":[{\"@type\":\"SearchAction\",\"target\":{\"@type\":\"EntryPoint\",\"urlTemplate\":\"https:\\\/\\\/www.kosiceregion.com\\\/?s={search_term_string}\"},\"query-input\":{\"@type\":\"PropertyValueSpecification\",\"valueRequired\":true,\"valueName\":\"search_term_string\"}}],\"inLanguage\":\"de-DE\"},{\"@type\":\"Organization\",\"@id\":\"https:\\\/\\\/www.kosiceregion.com\\\/#organization\",\"name\":\"Ko\u0161ice Regi\u00f3n Turizmus\",\"url\":\"https:\\\/\\\/www.kosiceregion.com\\\/\",\"logo\":{\"@type\":\"ImageObject\",\"inLanguage\":\"de-DE\",\"@id\":\"https:\\\/\\\/www.kosiceregion.com\\\/#\\\/schema\\\/logo\\\/image\\\/\",\"url\":\"https:\\\/\\\/www.kosiceregion.com\\\/wp-content\\\/uploads\\\/2019\\\/03\\\/logo-web-sk.png\",\"contentUrl\":\"https:\\\/\\\/www.kosiceregion.com\\\/wp-content\\\/uploads\\\/2019\\\/03\\\/logo-web-sk.png\",\"width\":225,\"height\":100,\"caption\":\"Ko\u0161ice Regi\u00f3n Turizmus\"},\"image\":{\"@id\":\"https:\\\/\\\/www.kosiceregion.com\\\/#\\\/schema\\\/logo\\\/image\\\/\"},\"sameAs\":[\"https:\\\/\\\/www.facebook.com\\\/kosiceregion\",\"https:\\\/\\\/x.com\\\/KOSICEREGION\",\"https:\\\/\\\/www.instagram.com\\\/kosiceregion\",\"https:\\\/\\\/www.youtube.com\\\/kosiceregion\"]},{\"@type\":\"Person\",\"@id\":\"https:\\\/\\\/www.kosiceregion.com\\\/#\\\/schema\\\/person\\\/6767e0141fc173d4b5b56458d146cbf3\",\"name\":\"Al\u017ebera Gajodo\u0161ov\u00e1 Keru\u013eova\",\"image\":{\"@type\":\"ImageObject\",\"inLanguage\":\"de-DE\",\"@id\":\"https:\\\/\\\/secure.gravatar.com\\\/avatar\\\/e9498597f063f365a6677640a0fda0f441042c67449ab77a1f6e3a7a04ae7098?s=96&d=mm&r=g\",\"url\":\"https:\\\/\\\/secure.gravatar.com\\\/avatar\\\/e9498597f063f365a6677640a0fda0f441042c67449ab77a1f6e3a7a04ae7098?s=96&d=mm&r=g\",\"contentUrl\":\"https:\\\/\\\/secure.gravatar.com\\\/avatar\\\/e9498597f063f365a6677640a0fda0f441042c67449ab77a1f6e3a7a04ae7098?s=96&d=mm&r=g\",\"caption\":\"Al\u017ebera Gajodo\u0161ov\u00e1 Keru\u013eova\"}}]}<\/script>\n<!-- \/ Yoast SEO Premium plugin. -->","yoast_head_json":{"title":"Ko\u0161ice Regi\u00f3n","description":"Zimn\u00e9 prech\u00e1dzky po historick\u00fdch mest\u00e1ch Ko\u0161ick\u00e9ho kraja s\u00fa nezabudnute\u013en\u00fdm z\u00e1\u017eitkom. Pokia\u013e h\u013ead\u00e1te magick\u00fa atmosf\u00e9ru zasne\u017een\u00fdch n\u00e1mest\u00ed a&nbsp;prech\u00e1dzok po bielych korz\u00e1ch, ur\u010dite by ste mali nav\u0161t\u00edvi\u0165 o\u010daruj\u00facu\u2026","robots":{"index":"index","follow":"follow","max-snippet":"max-snippet:-1","max-image-preview":"max-image-preview:large","max-video-preview":"max-video-preview:-1"},"canonical":"https:\/\/www.kosiceregion.com\/sk\/spomal-a-vychutnaj-si-zimu-v-kosickom-svetovom-kraji\/","og_locale":"de_DE","og_type":"article","og_title":"Spoma\u013e a\u00a0vychutnaj si zimu v\u00a0Ko\u0161ickom svetovom kraji","og_description":"Zimn\u00e9 prech\u00e1dzky po historick\u00fdch mest\u00e1ch Ko\u0161ick\u00e9ho kraja s\u00fa nezabudnute\u013en\u00fdm z\u00e1\u017eitkom. Pokia\u013e h\u013ead\u00e1te magick\u00fa atmosf\u00e9ru zasne\u017een\u00fdch n\u00e1mest\u00ed a\u00a0prech\u00e1dzok po bielych korz\u00e1ch, ur\u010dite by ste mali nav\u0161t\u00edvi\u0165 o\u010daruj\u00facu Spi\u0161sk\u00fa Nov\u00fa Ves, Hlavn\u00fa ulicu v Ko\u0161iciach, historick\u00fa Ro\u017e\u0148avu \u010di Betliar a\u00a0neopozoren\u00e9 Michalovce.","og_url":"https:\/\/www.kosiceregion.com\/de\/wp-json\/wp\/v2\/posts\/13737","og_site_name":"Ko\u0161ice Regi\u00f3n","article_publisher":"https:\/\/www.facebook.com\/kosiceregion","article_published_time":"2025-11-26T08:25:00+00:00","article_modified_time":"2025-12-22T19:51:49+00:00","og_image":[{"width":1441,"height":1080,"url":"https:\/\/www.kosiceregion.com\/wp-content\/uploads\/2025\/01\/13-Large-1-1.jpg","type":"image\/jpeg"}],"author":"Al\u017ebera Gajodo\u0161ov\u00e1 Keru\u013eova","twitter_card":"summary_large_image","twitter_title":"Spoma\u013e a\u00a0vychutnaj si zimu v\u00a0Ko\u0161ickom svetovom kraji","twitter_creator":"@KOSICEREGION","twitter_site":"@KOSICEREGION","twitter_misc":{"Verfasst von":"Al\u017ebera Gajodo\u0161ov\u00e1 Keru\u013eova","Gesch\u00e4tzte Lesezeit":"5 minutes"},"schema":{"@context":"https:\/\/schema.org","@graph":[{"@type":"Article","@id":"https:\/\/www.kosiceregion.com\/sk\/spomal-a-vychutnaj-si-zimu-v-kosickom-svetovom-kraji\/#article","isPartOf":{"@id":"https:\/\/www.kosiceregion.com\/sk\/spomal-a-vychutnaj-si-zimu-v-kosickom-svetovom-kraji\/"},"author":{"name":"Al\u017ebera Gajodo\u0161ov\u00e1 Keru\u013eova","@id":"https:\/\/www.kosiceregion.com\/#\/schema\/person\/6767e0141fc173d4b5b56458d146cbf3"},"headline":"Spoma\u013e a\u00a0vychutnaj si zimu v\u00a0Ko\u0161ickom svetovom kraji","datePublished":"2025-11-26T08:25:00+00:00","dateModified":"2025-12-22T19:51:49+00:00","mainEntityOfPage":{"@id":"https:\/\/www.kosiceregion.com\/sk\/spomal-a-vychutnaj-si-zimu-v-kosickom-svetovom-kraji\/"},"wordCount":1499,"publisher":{"@id":"https:\/\/www.kosiceregion.com\/#organization"},"image":{"@id":"https:\/\/www.kosiceregion.com\/sk\/spomal-a-vychutnaj-si-zimu-v-kosickom-svetovom-kraji\/#primaryimage"},"thumbnailUrl":"https:\/\/www.kosiceregion.com\/wp-content\/uploads\/2025\/01\/13-Large-1-1.jpg","keywords":["Ko\u0161ice","ko\u0161ick\u00fd svetov\u00fd kraj","v\u00fdlet","zima"],"articleSection":["In\u0161piruj sa"],"inLanguage":"de-DE"},{"@type":"WebPage","@id":"https:\/\/www.kosiceregion.com\/sk\/spomal-a-vychutnaj-si-zimu-v-kosickom-svetovom-kraji\/","url":"https:\/\/www.kosiceregion.com\/sk\/spomal-a-vychutnaj-si-zimu-v-kosickom-svetovom-kraji\/","name":"T\u00e9li s\u00e9t\u00e1k Kassai r\u00e9gi\u00f3ban: Igl\u00f3, Kassa, Rozsny\u00f3, Betl\u00e9r","isPartOf":{"@id":"https:\/\/www.kosiceregion.com\/#website"},"primaryImageOfPage":{"@id":"https:\/\/www.kosiceregion.com\/sk\/spomal-a-vychutnaj-si-zimu-v-kosickom-svetovom-kraji\/#primaryimage"},"image":{"@id":"https:\/\/www.kosiceregion.com\/sk\/spomal-a-vychutnaj-si-zimu-v-kosickom-svetovom-kraji\/#primaryimage"},"thumbnailUrl":"https:\/\/www.kosiceregion.com\/wp-content\/uploads\/2025\/01\/13-Large-1-1.jpg","datePublished":"2025-11-26T08:25:00+00:00","dateModified":"2025-12-22T19:51:49+00:00","description":"Fedezd fel a Kassai r\u00e9gi\u00f3 t\u00f6rt\u00e9nelmi v\u00e1rosait t\u00e9len! H\u00f3val bor\u00edtott terek Igl\u00f3ban, Kassa F\u0151 utc\u00e1j\u00e1n, Rozsny\u00f3n, Betl\u00e9rben \u00e9s Nagymih\u00e1lyon.","breadcrumb":{"@id":"https:\/\/www.kosiceregion.com\/sk\/spomal-a-vychutnaj-si-zimu-v-kosickom-svetovom-kraji\/#breadcrumb"},"inLanguage":"de-DE","potentialAction":[{"@type":"ReadAction","target":["https:\/\/www.kosiceregion.com\/sk\/spomal-a-vychutnaj-si-zimu-v-kosickom-svetovom-kraji\/"]}]},{"@type":"ImageObject","inLanguage":"de-DE","@id":"https:\/\/www.kosiceregion.com\/sk\/spomal-a-vychutnaj-si-zimu-v-kosickom-svetovom-kraji\/#primaryimage","url":"https:\/\/www.kosiceregion.com\/wp-content\/uploads\/2025\/01\/13-Large-1-1.jpg","contentUrl":"https:\/\/www.kosiceregion.com\/wp-content\/uploads\/2025\/01\/13-Large-1-1.jpg","width":1441,"height":1080},{"@type":"BreadcrumbList","@id":"https:\/\/www.kosiceregion.com\/sk\/spomal-a-vychutnaj-si-zimu-v-kosickom-svetovom-kraji\/#breadcrumb","itemListElement":[{"@type":"ListItem","position":1,"name":"Home","item":"https:\/\/www.kosiceregion.com\/sk\/"},{"@type":"ListItem","position":2,"name":"Spoma\u013e a\u00a0vychutnaj si zimu v\u00a0Ko\u0161ickom svetovom kraji"}]},{"@type":"WebSite","@id":"https:\/\/www.kosiceregion.com\/#website","url":"https:\/\/www.kosiceregion.com\/","name":"Ko\u0161ice Regi\u00f3n","description":"Turistick\u00fd sprievodca Ko\u0161ick\u00fdm krajom","publisher":{"@id":"https:\/\/www.kosiceregion.com\/#organization"},"potentialAction":[{"@type":"SearchAction","target":{"@type":"EntryPoint","urlTemplate":"https:\/\/www.kosiceregion.com\/?s={search_term_string}"},"query-input":{"@type":"PropertyValueSpecification","valueRequired":true,"valueName":"search_term_string"}}],"inLanguage":"de-DE"},{"@type":"Organization","@id":"https:\/\/www.kosiceregion.com\/#organization","name":"Ko\u0161ice Regi\u00f3n Turizmus","url":"https:\/\/www.kosiceregion.com\/","logo":{"@type":"ImageObject","inLanguage":"de-DE","@id":"https:\/\/www.kosiceregion.com\/#\/schema\/logo\/image\/","url":"https:\/\/www.kosiceregion.com\/wp-content\/uploads\/2019\/03\/logo-web-sk.png","contentUrl":"https:\/\/www.kosiceregion.com\/wp-content\/uploads\/2019\/03\/logo-web-sk.png","width":225,"height":100,"caption":"Ko\u0161ice Regi\u00f3n Turizmus"},"image":{"@id":"https:\/\/www.kosiceregion.com\/#\/schema\/logo\/image\/"},"sameAs":["https:\/\/www.facebook.com\/kosiceregion","https:\/\/x.com\/KOSICEREGION","https:\/\/www.instagram.com\/kosiceregion","https:\/\/www.youtube.com\/kosiceregion"]},{"@type":"Person","@id":"https:\/\/www.kosiceregion.com\/#\/schema\/person\/6767e0141fc173d4b5b56458d146cbf3","name":"Al\u017ebera Gajodo\u0161ov\u00e1 Keru\u013eova","image":{"@type":"ImageObject","inLanguage":"de-DE","@id":"https:\/\/secure.gravatar.com\/avatar\/e9498597f063f365a6677640a0fda0f441042c67449ab77a1f6e3a7a04ae7098?s=96&d=mm&r=g","url":"https:\/\/secure.gravatar.com\/avatar\/e9498597f063f365a6677640a0fda0f441042c67449ab77a1f6e3a7a04ae7098?s=96&d=mm&r=g","contentUrl":"https:\/\/secure.gravatar.com\/avatar\/e9498597f063f365a6677640a0fda0f441042c67449ab77a1f6e3a7a04ae7098?s=96&d=mm&r=g","caption":"Al\u017ebera Gajodo\u0161ov\u00e1 Keru\u013eova"}}]}},"_links":{"self":[{"href":"https:\/\/www.kosiceregion.com\/de\/wp-json\/wp\/v2\/posts\/13737","targetHints":{"allow":["GET"]}}],"collection":[{"href":"https:\/\/www.kosiceregion.com\/de\/wp-json\/wp\/v2\/posts"}],"about":[{"href":"https:\/\/www.kosiceregion.com\/de\/wp-json\/wp\/v2\/types\/post"}],"author":[{"embeddable":true,"href":"https:\/\/www.kosiceregion.com\/de\/wp-json\/wp\/v2\/users\/16"}],"replies":[{"embeddable":true,"href":"https:\/\/www.kosiceregion.com\/de\/wp-json\/wp\/v2\/comments?post=13737"}],"version-history":[{"count":6,"href":"https:\/\/www.kosiceregion.com\/de\/wp-json\/wp\/v2\/posts\/13737\/revisions"}],"predecessor-version":[{"id":15981,"href":"https:\/\/www.kosiceregion.com\/de\/wp-json\/wp\/v2\/posts\/13737\/revisions\/15981"}],"wp:featuredmedia":[{"embeddable":true,"href":"https:\/\/www.kosiceregion.com\/de\/wp-json\/wp\/v2\/media\/13754"}],"wp:attachment":[{"href":"https:\/\/www.kosiceregion.com\/de\/wp-json\/wp\/v2\/media?parent=13737"}],"wp:term":[{"taxonomy":"category","embeddable":true,"href":"https:\/\/www.kosiceregion.com\/de\/wp-json\/wp\/v2\/categories?post=13737"},{"taxonomy":"post_tag","embeddable":true,"href":"https:\/\/www.kosiceregion.com\/de\/wp-json\/wp\/v2\/tags?post=13737"}],"curies":[{"name":"wp","href":"https:\/\/api.w.org\/{rel}","templated":true}]}}