{"id":1558,"date":"2019-05-07T15:04:21","date_gmt":"2019-05-07T13:04:21","guid":{"rendered":"http:\/\/dest.kosiceregion.com\/sk\/?p=1558"},"modified":"2019-08-21T23:12:21","modified_gmt":"2019-08-21T21:12:21","slug":"","status":"publish","type":"post","link":"https:\/\/www.kosiceregion.com\/de\/abov\/","title":{"rendered":"","raw":""},"content":{"rendered":"","protected":false,"raw":""},"excerpt":{"rendered":"","protected":false,"raw":""},"author":1,"featured_media":1564,"comment_status":"closed","ping_status":"closed","sticky":false,"template":"","format":"standard","meta":{"_acf_changed":false,"_sk_post_content":"<!-- wp:tadv\/classic-paragraph -->\n<p>Destin\u00e1cia so \u0161irok\u00fdm spektrom historick\u00fdch pamiatok, pr\u00edrodn\u00fdch zauj\u00edmavost\u00ed, z ktor\u00fdch s\u00fa niektor\u00e9 zap\u00edsan\u00e9 do svetov\u00e9ho pr\u00edrodn\u00e9ho dedi\u010dstva UNESCO, a mno\u017estvom slovensk\u00fdch i svetov\u00fdch unik\u00e1tov.<\/p>\n<!-- \/wp:tadv\/classic-paragraph -->\n\n<!-- wp:tadv\/classic-paragraph -->\n<h3 style=\"text-align: left;\">KO\u0160ICE<\/h3>\n<p>Metropola v\u00fdchodu je druh\u00fdm najv\u00e4\u010d\u0161\u00edm mestom Slovenska. Mesto je situovan\u00e9 na podhor\u00ed Slovensk\u00e9ho rudohoria v \u0161irokom \u00fadol\u00ed rieky Horn\u00e1d ne\u010faleko hran\u00edc s Ma\u010farskom. Jedine\u010dn\u00e1 stredoeur\u00f3pska metropola, Eur\u00f3pske hlavn\u00e9 mesto kult\u00fary 2013! Neopakovate\u013en\u00e1 atmosf\u00e9ra mesta je mixom kult\u00fary, \u017eivotn\u00e9ho \u0161t\u00fdlu, hist\u00f3rie a priemyslu mesta. Ko\u0161ice s\u00fa domovom najstar\u0161ieho marat\u00f3nu v Eur\u00f3pe, miestom s najv\u00e4\u010d\u0161ou pamiatkovou rezerv\u00e1ciou na Slovensku, s najv\u00e4\u010d\u0161\u00edm a najv\u00fdznamnej\u0161\u00edm zlat\u00fdm pokladom v Eur\u00f3pe, ale predov\u0161etk\u00fdm miestom, kde sa \u017eivot \u017eije a vychutn\u00e1va.<\/p>\n<!-- \/wp:tadv\/classic-paragraph -->\n\n<!-- wp:image {\"id\":1561,\"align\":\"center\"} -->\n<div class=\"wp-block-image\"><figure class=\"aligncenter\"><img src=\"https:\/\/www.kosiceregion.com\/wp-content\/uploads\/2019\/05\/img30.jpg\" alt=\"\" class=\"wp-image-1561\"\/><\/figure><\/div>\n<!-- \/wp:image -->\n\n<!-- wp:tadv\/classic-paragraph -->\n<h3>NAJV\u00ddCHODNEJ\u0160IA GOTICK\u00c1 KATEDR\u00c1LA V EUR\u00d3PE<\/h3>\n<p>Vzorom katedr\u00e1ly bol kostol sv. Viktora v Xantene pri R\u00fdne. V priebehu storo\u010d\u00ed sa okolo D\u00f3mu sv\u00e4tej Al\u017ebety v Ko\u0161iciach vytvorilo nieko\u013eko legiend. Stavitelia pod\u013ea jednej z nich umiestnili po\u010das stavby na nezn\u00e1me miesto dut\u00fd kame\u0148. Ak by bol vytiahnut\u00fd, sp\u00f4sobil by p\u00e1d cel\u00e9ho kostola.<\/p>\n<!-- \/wp:tadv\/classic-paragraph -->\n\n<!-- wp:tadv\/classic-paragraph -->\n<h3>KO\u0160ICK\u00dd ZLAT\u00dd POKLAD<\/h3>\n<p>Tvor\u00ed ho 2920 zlat\u00fdch minc\u00ed, duk\u00e1tov a dvojduk\u00e1tov, tri zlat\u00e9 medaily a renesan\u010dn\u00e1 zlat\u00e1 re\u0165az. Bol ulo\u017een\u00fd v schr\u00e1nke z tepan\u00e9ho meden\u00e9ho plechu s ryt\u00fdmi zvierac\u00edmi mot\u00edvmi. Poklad sa pravdepodobne sna\u017eili ukry\u0165 pred Imrichom Th\u00f6k\u00f6lym, ktor\u00fd v r\u00e1mci protihabsbursk\u00fdch povstan\u00ed obsadil Ko\u0161ice.<\/p>\n<!-- \/wp:tadv\/classic-paragraph -->\n\n<!-- wp:tadv\/classic-paragraph -->\n<h3>N\u00c1V\u0160TEVN\u00cdK KAVIARNI\u010cIEK<\/h3>\n<p>S\u00e1ndor M\u00e1rai bol najv\u00fdraznej\u0161\u00edm predstavite\u013eom me\u0161tianskej literat\u00fary a kult\u00fary 20. storo\u010dia. Miloval Ko\u0161ice a ich obyvate\u013eov. Tam \u010derpal in\u0161pir\u00e1cie pre svoje najv\u00e4\u010d\u0161ie diela.<\/p>\n<!-- \/wp:tadv\/classic-paragraph -->\n\n<!-- wp:tadv\/classic-paragraph -->\n<h3>TAJUPLN\u00c9 PODZEMIE<\/h3>\n<p>Jasovsk\u00e1 jasky\u0148a v N\u00e1rodnom parku Slovensk\u00fd kras je zn\u00e1ma v\u00fdskytom bohatej kalcitovej sintrovej v\u00fdplne, pozoruhodn\u00fdmi skaln\u00fdmi tvarmi, v\u00fdvojom podzemn\u00fdch priestorov, viacer\u00fdmi archeologick\u00fdmi n\u00e1lezmi i zauj\u00edmavou hist\u00f3riou.<\/p>\n<!-- \/wp:tadv\/classic-paragraph -->\n\n<!-- wp:tadv\/classic-paragraph -->\n<h3>STUDEN\u00dd GEJZ\u00cdR<\/h3>\n<p>V obci Her\u013eany ne\u010faleko Ko\u0161\u00edc sa nach\u00e1dza eur\u00f3pska rarita. Gejz\u00edr samovo\u013ene strieka do v\u00fd\u0161ky 7 \u2013 15 metrov s peri\u00f3dou 32 \u2013 40 hod\u00edn.<\/p>\n<!-- \/wp:tadv\/classic-paragraph -->\n\n<!-- wp:image {\"id\":1566,\"align\":\"center\"} -->\n<div class=\"wp-block-image\"><figure class=\"aligncenter\"><img src=\"https:\/\/www.kosiceregion.com\/wp-content\/uploads\/2019\/05\/img40.jpg\" alt=\"\" class=\"wp-image-1566\"\/><\/figure><\/div>\n<!-- \/wp:image -->\n\n<!-- wp:tadv\/classic-paragraph -->\n<h3>NAJHLB\u0160\u00cd KA\u0147ON SLOVENSKA<\/h3>\n<p>V N\u00e1rodnom parku Slovensk\u00fd kras ho vytvoril Blatn\u00fd potok. Z\u00e1dielska dolina je hlbok\u00e1 vy\u0161e 400 m a dlh\u00e1 3 km, ale miestami \u0161\u00edrka medzi skaln\u00fdmi stenami p\u00f4sob\u00ed ve\u013emi stiesnene. Je \u0161irok\u00e1 len 10 m. Okraje ka\u0148onu obklopuj\u00fa mas\u00edvne kamenn\u00e9 \u00fatvary.<\/p>\n<!-- \/wp:tadv\/classic-paragraph -->\n\n<!-- wp:tadv\/classic-paragraph -->\n<h3><strong>\u010cAROVN\u00c9 MIESTA ODDYCHU<\/strong><\/h3>\n<p>V lone malebnej pr\u00edrody, plnej vo\u0148av\u00fdch jedl\u00ed a smrekov. Klimatick\u00e9 K\u00fapele \u0160t\u00f3s, prim\u00e1rne zameran\u00e9 na lie\u010dbu d\u00fdchac\u00edch ciest, s\u00fa zn\u00e1me aj svojou unik\u00e1tnou speleoterapiou v bl\u00edzkej Jasovskej jaskyni.<\/p>\n<!-- \/wp:tadv\/classic-paragraph -->","_sk_post_name":"abov","_sk_post_excerpt":"","_sk_post_title":"Abov","_en_post_content":"","_en_post_name":"","_en_post_excerpt":"","_en_post_title":"","_hu_post_content":"<!-- wp:tadv\/classic-paragraph -->\n<p>Olyan t\u00e9rs\u00e9g ez, ahol sz\u00e1mos m\u0171eml\u00e9k, term\u00e9szeti \u00e9rdekess\u00e9g (egyesek az UNESCO vil\u00e1g\u00f6r\u00f6ks\u00e9gi jegyz\u00e9k\u00e9ben is szerepelnek), orsz\u00e1gos \u00e9s vil\u00e1gszinten egyedi jelens\u00e9g tal\u00e1lhat\u00f3.<\/p>\n<!-- \/wp:tadv\/classic-paragraph -->\n\n<!-- wp:tadv\/classic-paragraph -->\n<h3>KASSA<\/h3>\n<p>Kelet-Szlov\u00e1kia metropolisza az orsz\u00e1g m\u00e1sodik legnagyobb v\u00e1rosa. A v\u00e1ros a Szlov\u00e1k \u00c9rchegys\u00e9g l\u00e1b\u00e1n\u00e1l fekszik, a Hern\u00e1d foly\u00f3 sz\u00e9les v\u00f6lgy\u00e9ben, a magyar hat\u00e1rhoz k\u00f6zel. Ez egy egyed\u00fcl\u00e1ll\u00f3 k\u00f6z\u00e9p-eur\u00f3pai v\u00e1ros, Eur\u00f3pai kultur\u00e1lis f\u0151v\u00e1rosa 2013-ban! Kassa ad otthont a legr\u00e9gebbi eur\u00f3pai maratonnak, itt van az orsz\u00e1g legnagyobb kiterjed\u00e9s\u0171 m\u0171eml\u00e9krezerv\u00e1tuma, a legnagyobb \u00e9s legjelent\u0151sebb eur\u00f3pai aranykincs otthona, \u00e1m els\u0151sorban egy olyan hely, ahol az \u00e9letet \u00e9lik \u00e9s \u00e9lvezik.<\/p>\n<!-- \/wp:tadv\/classic-paragraph -->\n\n<!-- wp:image {\"id\":1561,\"align\":\"center\"} -->\n<div class=\"wp-block-image\"><figure class=\"aligncenter\"><img src=\"https:\/\/www.kosiceregion.com\/wp-content\/uploads\/2019\/05\/img30.jpg\" alt=\"\" class=\"wp-image-1561\"\/><\/figure><\/div>\n<!-- \/wp:image -->\n\n<!-- wp:tadv\/classic-paragraph -->\n<h3>EUR\u00d3PA LEGKELETIBB G\u00d3TIKUS SZ\u00c9KESEGYH\u00c1ZA<\/h3>\n<p>A sz\u00e9kesegyh\u00e1z mint\u00e1j\u00e1ul a Rajna melletti Xanten v\u00e1ros\u00e1nak Szt. Viktor temploma szolg\u00e1lt. A sz\u00e1zadok sor\u00e1n a kassai Szt. Erzs\u00e9bet-sz\u00e9kesegyh\u00e1zzal kapcsolatban sz\u00e1mos legenda sz\u00fcletett. Az egyik legenda szerint az \u00e9p\u00edt\u0151k az \u00e9p\u00fclet egy ismeretlen hely\u00e9re egy \u00fcreges k\u00f6vet \u00e9p\u00edtettek be. Ha ezt elt\u00e1vol\u00edtan\u00e1k, az eg\u00e9sz templom \u00f6sszed\u0151lne.<\/p>\n<!-- \/wp:tadv\/classic-paragraph -->\n\n<!-- wp:tadv\/classic-paragraph -->\n<h3>A KASSAI ARANYKINCS<\/h3>\n<p>2920 aranyp\u00e9nz, egy- \u00e9s k\u00e9tduk\u00e1tos, h\u00e1rom arany\u00e9rme \u00e9s egy renesz\u00e1nsz aranyl\u00e1nc alkotja. Egy r\u00e9zlemezb\u0151l k\u00e9sz\u00fclt, v\u00e9sett \u00e1llatfigur\u00e1kkal d\u00edsz\u00edtett ed\u00e9nyben helyezt\u00e9k el. A kincset val\u00f3sz\u00edn\u0171leg Th\u00f6k\u00f6ly Imre el\u0151l igyekeztek elrejteni, aki a Habsburg-ellenes felkel\u00e9sek idej\u00e9n Kass\u00e1t megsz\u00e1llta.<\/p>\n<!-- \/wp:tadv\/classic-paragraph -->\n\n<!-- wp:tadv\/classic-paragraph -->\n<h3>A SZENVED\u00c9LYES K\u00c1V\u00c9H\u00c1ZI VEND\u00c9G<\/h3>\n<p>M\u00e1rai S\u00e1ndor a 20. sz\u00e1zad polg\u00e1ri irodalm\u00e1nak \u00e9s kult\u00far\u00e1j\u00e1nak legjelent\u0151sebb k\u00e9pvisel\u0151je. Im\u00e1dta Kass\u00e1t \u00e9s a kassaiakat. Innen mer\u00edtette az ihletet a legnagyobb m\u0171veihez.<\/p>\n<!-- \/wp:tadv\/classic-paragraph -->\n\n<!-- wp:image {\"id\":1566,\"align\":\"center\"} -->\n<div class=\"wp-block-image\"><figure class=\"aligncenter\"><img src=\"https:\/\/www.kosiceregion.com\/wp-content\/uploads\/2019\/05\/img40.jpg\" alt=\"\" class=\"wp-image-1566\"\/><\/figure><\/div>\n<!-- \/wp:image -->\n\n<!-- wp:tadv\/classic-paragraph -->\n<h3>A J\u00c1SZ\u00d3I SZIKLA REJT\u00c9LYES BELSEJE<\/h3>\n<p>A Szlov\u00e1k-karszt nemzeti parkban tal\u00e1lhat\u00f3 J\u00e1sz\u00f3i-barlang gazdag cseppk\u0151d\u00edszeir\u0151l, figyelemrem\u00e9lt\u00f3 sziklaalakzatair\u00f3l \u00e9s fejl\u0151d\u00e9s\u00e9r\u0151l, sz\u00e1mos denev\u00e9rfaj\u00e1r\u00f3l, r\u00e9g\u00e9szeti leleteir\u0151l h\u00edres.<\/p>\n<!-- \/wp:tadv\/classic-paragraph -->\n\n<!-- wp:tadv\/classic-paragraph -->\n<h3>HIDEG VIZ\u0170 GEJZ\u00cdR<\/h3>\n<p>A Kassa melletti Herl\u00e1ny k\u00f6zs\u00e9gben egy Eur\u00f3paszerte egyed\u00fcl\u00e1ll\u00f3 gejz\u00edr tal\u00e1lhat\u00f3. A gejz\u00edr 32 \u2013 40 \u00f3r\u00e1s id\u0151k\u00f6z\u00f6nk\u00e9nt 7 \u2013 15 m\u00e9teres magass\u00e1gba l\u00f6velli a vizet.<\/p>\n<!-- \/wp:tadv\/classic-paragraph -->\n\n<!-- wp:tadv\/classic-paragraph -->\n<h3>AZ ORSZ\u00c1G LEGM\u00c9LYEBB SZURDOKJA<\/h3>\n<p>A Szlov\u00e1k-karszt nemzeti park ter\u00fclet\u00e9n lev\u0151 monument\u00e1lis karsztv\u00f6lgyet a S\u00e1ros patak alak\u00edtotta ki. Sz\u00e1del\u0151i v\u00f6lgy t\u00f6bb mint 400m m\u00e9ly \u00e9s 3km hossz\u00fa, azonban helyenk\u00e9nt a sziklafalak nagyon k\u00f6zel vannak egym\u00e1shoz. Mind\u00f6ssze 10 m sz\u00e9les. A szurdok sz\u00e9leit massz\u00edv k\u0151alakzatok alkotj\u00e1k.<\/p>\n<!-- \/wp:tadv\/classic-paragraph -->\n\n<!-- wp:tadv\/classic-paragraph -->\n<h3>VAR\u00c1ZSLATOS PIHEN\u0150HELY<\/h3>\n<p>A fest\u0151i term\u00e9szet l\u00e1gy \u00f6l\u00e9n, illatos feny\u0151f\u00e1k k\u00f6z\u00f6tt. A st\u00f3szi klimatikus gy\u00f3gyhelyet els\u0151sorban a l\u00e9gutak betegs\u00e9geiben szenved\u0151k l\u00e1togatj\u00e1k, azonban a k\u00f6zeli J\u00e1sz\u00f3i barlangban is v\u00e9geznek egyed\u00fcl\u00e1ll\u00f3 barlangi kezel\u00e9seket.<\/p>\n<!-- \/wp:tadv\/classic-paragraph -->","_hu_post_name":"abauj","_hu_post_excerpt":"","_hu_post_title":"Aba\u00faj","_es_post_content":"","_es_post_name":"","_es_post_excerpt":"","_es_post_title":"","_de_post_content":"","_de_post_name":"","_de_post_excerpt":"","_de_post_title":"","_pl_post_content":"","_pl_post_name":"","_pl_post_excerpt":"","_pl_post_title":"","_it_post_content":"","_it_post_name":"","_it_post_excerpt":"","_it_post_title":"","edit_language":"de","footnotes":""},"categories":[17],"tags":[],"class_list":["post-1558","post","type-post","status-publish","format-standard","has-post-thumbnail","hentry","category-top"],"acf":[],"yoast_head":"<!-- This site is optimized with the Yoast SEO Premium plugin v25.5 (Yoast SEO v27.4) - https:\/\/yoast.com\/product\/yoast-seo-premium-wordpress\/ -->\n<title>Ko\u0161ice Regi\u00f3n<\/title>\n<meta name=\"description\" content=\"Destin\u00e1cia so \u0161irok\u00fdm spektrom historick\u00fdch pamiatok, pr\u00edrodn\u00fdch zauj\u00edmavost\u00ed, z ktor\u00fdch s\u00fa niektor\u00e9 zap\u00edsan\u00e9 do svetov\u00e9ho pr\u00edrodn\u00e9ho dedi\u010dstva UNESCO, a mno\u017estvom slovensk\u00fdch i svetov\u00fdch unik\u00e1tov.\n\n\n\nKO\u0160ICE\nMetropola\u2026\" \/>\n<meta name=\"robots\" content=\"index, follow, max-snippet:-1, max-image-preview:large, max-video-preview:-1\" \/>\n<link rel=\"canonical\" href=\"https:\/\/www.kosiceregion.com\/hu\/abauj\/\" \/>\n<meta property=\"og:locale\" content=\"de_DE\" \/>\n<meta property=\"og:type\" content=\"article\" \/>\n<meta property=\"og:title\" content=\"Abov\" \/>\n<meta property=\"og:description\" content=\"Destin\u00e1cia so \u0161irok\u00fdm spektrom historick\u00fdch pamiatok, pr\u00edrodn\u00fdch zauj\u00edmavost\u00ed, z ktor\u00fdch s\u00fa niektor\u00e9 zap\u00edsan\u00e9 do svetov\u00e9ho pr\u00edrodn\u00e9ho dedi\u010dstva UNESCO, a\" \/>\n<meta property=\"og:url\" content=\"https:\/\/www.kosiceregion.com\/de\/wp-json\/wp\/v2\/posts\/1558\" \/>\n<meta property=\"og:site_name\" content=\"Ko\u0161ice Regi\u00f3n\" \/>\n<meta property=\"article:publisher\" content=\"https:\/\/www.facebook.com\/kosiceregion\" \/>\n<meta property=\"article:published_time\" content=\"2019-05-07T13:04:21+00:00\" \/>\n<meta property=\"article:modified_time\" content=\"2019-08-21T21:12:21+00:00\" \/>\n<meta property=\"og:image\" content=\"https:\/\/www.kosiceregion.com\/wp-content\/uploads\/2019\/05\/img23.jpg\" \/>\n\t<meta property=\"og:image:width\" content=\"1093\" \/>\n\t<meta property=\"og:image:height\" content=\"586\" \/>\n\t<meta property=\"og:image:type\" content=\"image\/jpeg\" \/>\n<meta name=\"author\" content=\"admin\" \/>\n<meta name=\"twitter:card\" content=\"summary_large_image\" \/>\n<meta name=\"twitter:creator\" content=\"@KOSICEREGION\" \/>\n<meta name=\"twitter:site\" content=\"@KOSICEREGION\" \/>\n<meta name=\"twitter:label1\" content=\"Verfasst von\" \/>\n\t<meta name=\"twitter:data1\" content=\"admin\" \/>\n\t<meta name=\"twitter:label2\" content=\"Gesch\u00e4tzte Lesezeit\" \/>\n\t<meta name=\"twitter:data2\" content=\"2 minutes\" \/>\n<script type=\"application\/ld+json\" class=\"yoast-schema-graph\">{\"@context\":\"https:\\\/\\\/schema.org\",\"@graph\":[{\"@type\":\"Article\",\"@id\":\"https:\\\/\\\/www.kosiceregion.com\\\/hu\\\/abauj\\\/#article\",\"isPartOf\":{\"@id\":\"https:\\\/\\\/www.kosiceregion.com\\\/hu\\\/abauj\\\/\"},\"author\":{\"name\":\"admin\",\"@id\":\"https:\\\/\\\/www.kosiceregion.com\\\/#\\\/schema\\\/person\\\/a3b410b349e630c8edb959e58d35ea17\"},\"headline\":\"Abov\",\"datePublished\":\"2019-05-07T13:04:21+00:00\",\"dateModified\":\"2019-08-21T21:12:21+00:00\",\"mainEntityOfPage\":{\"@id\":\"https:\\\/\\\/www.kosiceregion.com\\\/hu\\\/abauj\\\/\"},\"wordCount\":485,\"publisher\":{\"@id\":\"https:\\\/\\\/www.kosiceregion.com\\\/#organization\"},\"image\":{\"@id\":\"https:\\\/\\\/www.kosiceregion.com\\\/hu\\\/abauj\\\/#primaryimage\"},\"thumbnailUrl\":\"https:\\\/\\\/www.kosiceregion.com\\\/wp-content\\\/uploads\\\/2019\\\/05\\\/img23.jpg\",\"articleSection\":[\"Top\"],\"inLanguage\":\"de-DE\"},{\"@type\":\"WebPage\",\"@id\":\"https:\\\/\\\/www.kosiceregion.com\\\/hu\\\/abauj\\\/\",\"url\":\"https:\\\/\\\/www.kosiceregion.com\\\/hu\\\/abauj\\\/\",\"name\":\"Abov - Ko\u0161ice Regi\u00f3n\",\"isPartOf\":{\"@id\":\"https:\\\/\\\/www.kosiceregion.com\\\/#website\"},\"primaryImageOfPage\":{\"@id\":\"https:\\\/\\\/www.kosiceregion.com\\\/hu\\\/abauj\\\/#primaryimage\"},\"image\":{\"@id\":\"https:\\\/\\\/www.kosiceregion.com\\\/hu\\\/abauj\\\/#primaryimage\"},\"thumbnailUrl\":\"https:\\\/\\\/www.kosiceregion.com\\\/wp-content\\\/uploads\\\/2019\\\/05\\\/img23.jpg\",\"datePublished\":\"2019-05-07T13:04:21+00:00\",\"dateModified\":\"2019-08-21T21:12:21+00:00\",\"description\":\"Destin\u00e1cia so \u0161irok\u00fdm spektrom historick\u00fdch pamiatok, pr\u00edrodn\u00fdch zauj\u00edmavost\u00ed, z ktor\u00fdch s\u00fa niektor\u00e9 zap\u00edsan\u00e9 do svetov\u00e9ho pr\u00edrodn\u00e9ho dedi\u010dstva UNESCO, a\",\"breadcrumb\":{\"@id\":\"https:\\\/\\\/www.kosiceregion.com\\\/hu\\\/abauj\\\/#breadcrumb\"},\"inLanguage\":\"de-DE\",\"potentialAction\":[{\"@type\":\"ReadAction\",\"target\":[\"https:\\\/\\\/www.kosiceregion.com\\\/hu\\\/abauj\\\/\"]}]},{\"@type\":\"ImageObject\",\"inLanguage\":\"de-DE\",\"@id\":\"https:\\\/\\\/www.kosiceregion.com\\\/hu\\\/abauj\\\/#primaryimage\",\"url\":\"https:\\\/\\\/www.kosiceregion.com\\\/wp-content\\\/uploads\\\/2019\\\/05\\\/img23.jpg\",\"contentUrl\":\"https:\\\/\\\/www.kosiceregion.com\\\/wp-content\\\/uploads\\\/2019\\\/05\\\/img23.jpg\",\"width\":1093,\"height\":586},{\"@type\":\"BreadcrumbList\",\"@id\":\"https:\\\/\\\/www.kosiceregion.com\\\/hu\\\/abauj\\\/#breadcrumb\",\"itemListElement\":[{\"@type\":\"ListItem\",\"position\":1,\"name\":\"Home\",\"item\":\"https:\\\/\\\/www.kosiceregion.com\\\/sk\\\/\"},{\"@type\":\"ListItem\",\"position\":2,\"name\":\"Aba\u00faj\"}]},{\"@type\":\"WebSite\",\"@id\":\"https:\\\/\\\/www.kosiceregion.com\\\/#website\",\"url\":\"https:\\\/\\\/www.kosiceregion.com\\\/\",\"name\":\"Ko\u0161ice Regi\u00f3n\",\"description\":\"Turistick\u00fd sprievodca Ko\u0161ick\u00fdm krajom\",\"publisher\":{\"@id\":\"https:\\\/\\\/www.kosiceregion.com\\\/#organization\"},\"potentialAction\":[{\"@type\":\"SearchAction\",\"target\":{\"@type\":\"EntryPoint\",\"urlTemplate\":\"https:\\\/\\\/www.kosiceregion.com\\\/?s={search_term_string}\"},\"query-input\":{\"@type\":\"PropertyValueSpecification\",\"valueRequired\":true,\"valueName\":\"search_term_string\"}}],\"inLanguage\":\"de-DE\"},{\"@type\":\"Organization\",\"@id\":\"https:\\\/\\\/www.kosiceregion.com\\\/#organization\",\"name\":\"Ko\u0161ice Regi\u00f3n Turizmus\",\"url\":\"https:\\\/\\\/www.kosiceregion.com\\\/\",\"logo\":{\"@type\":\"ImageObject\",\"inLanguage\":\"de-DE\",\"@id\":\"https:\\\/\\\/www.kosiceregion.com\\\/#\\\/schema\\\/logo\\\/image\\\/\",\"url\":\"https:\\\/\\\/www.kosiceregion.com\\\/wp-content\\\/uploads\\\/2019\\\/03\\\/logo-web-sk.png\",\"contentUrl\":\"https:\\\/\\\/www.kosiceregion.com\\\/wp-content\\\/uploads\\\/2019\\\/03\\\/logo-web-sk.png\",\"width\":225,\"height\":100,\"caption\":\"Ko\u0161ice Regi\u00f3n Turizmus\"},\"image\":{\"@id\":\"https:\\\/\\\/www.kosiceregion.com\\\/#\\\/schema\\\/logo\\\/image\\\/\"},\"sameAs\":[\"https:\\\/\\\/www.facebook.com\\\/kosiceregion\",\"https:\\\/\\\/x.com\\\/KOSICEREGION\",\"https:\\\/\\\/www.instagram.com\\\/kosiceregion\",\"https:\\\/\\\/www.youtube.com\\\/kosiceregion\"]},{\"@type\":\"Person\",\"@id\":\"https:\\\/\\\/www.kosiceregion.com\\\/#\\\/schema\\\/person\\\/a3b410b349e630c8edb959e58d35ea17\",\"name\":\"admin\",\"image\":{\"@type\":\"ImageObject\",\"inLanguage\":\"de-DE\",\"@id\":\"https:\\\/\\\/secure.gravatar.com\\\/avatar\\\/ff684514e5ef32cec7525b9d568f44fc6074207a97f9768a9d8162f4d8ea5d0d?s=96&d=mm&r=g\",\"url\":\"https:\\\/\\\/secure.gravatar.com\\\/avatar\\\/ff684514e5ef32cec7525b9d568f44fc6074207a97f9768a9d8162f4d8ea5d0d?s=96&d=mm&r=g\",\"contentUrl\":\"https:\\\/\\\/secure.gravatar.com\\\/avatar\\\/ff684514e5ef32cec7525b9d568f44fc6074207a97f9768a9d8162f4d8ea5d0d?s=96&d=mm&r=g\",\"caption\":\"admin\"}}]}<\/script>\n<!-- \/ Yoast SEO Premium plugin. -->","yoast_head_json":{"title":"Ko\u0161ice Regi\u00f3n","description":"Destin\u00e1cia so \u0161irok\u00fdm spektrom historick\u00fdch pamiatok, pr\u00edrodn\u00fdch zauj\u00edmavost\u00ed, z ktor\u00fdch s\u00fa niektor\u00e9 zap\u00edsan\u00e9 do svetov\u00e9ho pr\u00edrodn\u00e9ho dedi\u010dstva UNESCO, a mno\u017estvom slovensk\u00fdch i svetov\u00fdch unik\u00e1tov.\n\n\n\nKO\u0160ICE\nMetropola\u2026","robots":{"index":"index","follow":"follow","max-snippet":"max-snippet:-1","max-image-preview":"max-image-preview:large","max-video-preview":"max-video-preview:-1"},"canonical":"https:\/\/www.kosiceregion.com\/hu\/abauj\/","og_locale":"de_DE","og_type":"article","og_title":"Abov","og_description":"Destin\u00e1cia so \u0161irok\u00fdm spektrom historick\u00fdch pamiatok, pr\u00edrodn\u00fdch zauj\u00edmavost\u00ed, z ktor\u00fdch s\u00fa niektor\u00e9 zap\u00edsan\u00e9 do svetov\u00e9ho pr\u00edrodn\u00e9ho dedi\u010dstva UNESCO, a","og_url":"https:\/\/www.kosiceregion.com\/de\/wp-json\/wp\/v2\/posts\/1558","og_site_name":"Ko\u0161ice Regi\u00f3n","article_publisher":"https:\/\/www.facebook.com\/kosiceregion","article_published_time":"2019-05-07T13:04:21+00:00","article_modified_time":"2019-08-21T21:12:21+00:00","og_image":[{"width":1093,"height":586,"url":"https:\/\/www.kosiceregion.com\/wp-content\/uploads\/2019\/05\/img23.jpg","type":"image\/jpeg"}],"author":"admin","twitter_card":"summary_large_image","twitter_creator":"@KOSICEREGION","twitter_site":"@KOSICEREGION","twitter_misc":{"Verfasst von":"admin","Gesch\u00e4tzte Lesezeit":"2 minutes"},"schema":{"@context":"https:\/\/schema.org","@graph":[{"@type":"Article","@id":"https:\/\/www.kosiceregion.com\/hu\/abauj\/#article","isPartOf":{"@id":"https:\/\/www.kosiceregion.com\/hu\/abauj\/"},"author":{"name":"admin","@id":"https:\/\/www.kosiceregion.com\/#\/schema\/person\/a3b410b349e630c8edb959e58d35ea17"},"headline":"Abov","datePublished":"2019-05-07T13:04:21+00:00","dateModified":"2019-08-21T21:12:21+00:00","mainEntityOfPage":{"@id":"https:\/\/www.kosiceregion.com\/hu\/abauj\/"},"wordCount":485,"publisher":{"@id":"https:\/\/www.kosiceregion.com\/#organization"},"image":{"@id":"https:\/\/www.kosiceregion.com\/hu\/abauj\/#primaryimage"},"thumbnailUrl":"https:\/\/www.kosiceregion.com\/wp-content\/uploads\/2019\/05\/img23.jpg","articleSection":["Top"],"inLanguage":"de-DE"},{"@type":"WebPage","@id":"https:\/\/www.kosiceregion.com\/hu\/abauj\/","url":"https:\/\/www.kosiceregion.com\/hu\/abauj\/","name":"Abov - Ko\u0161ice Regi\u00f3n","isPartOf":{"@id":"https:\/\/www.kosiceregion.com\/#website"},"primaryImageOfPage":{"@id":"https:\/\/www.kosiceregion.com\/hu\/abauj\/#primaryimage"},"image":{"@id":"https:\/\/www.kosiceregion.com\/hu\/abauj\/#primaryimage"},"thumbnailUrl":"https:\/\/www.kosiceregion.com\/wp-content\/uploads\/2019\/05\/img23.jpg","datePublished":"2019-05-07T13:04:21+00:00","dateModified":"2019-08-21T21:12:21+00:00","description":"Destin\u00e1cia so \u0161irok\u00fdm spektrom historick\u00fdch pamiatok, pr\u00edrodn\u00fdch zauj\u00edmavost\u00ed, z ktor\u00fdch s\u00fa niektor\u00e9 zap\u00edsan\u00e9 do svetov\u00e9ho pr\u00edrodn\u00e9ho dedi\u010dstva UNESCO, a","breadcrumb":{"@id":"https:\/\/www.kosiceregion.com\/hu\/abauj\/#breadcrumb"},"inLanguage":"de-DE","potentialAction":[{"@type":"ReadAction","target":["https:\/\/www.kosiceregion.com\/hu\/abauj\/"]}]},{"@type":"ImageObject","inLanguage":"de-DE","@id":"https:\/\/www.kosiceregion.com\/hu\/abauj\/#primaryimage","url":"https:\/\/www.kosiceregion.com\/wp-content\/uploads\/2019\/05\/img23.jpg","contentUrl":"https:\/\/www.kosiceregion.com\/wp-content\/uploads\/2019\/05\/img23.jpg","width":1093,"height":586},{"@type":"BreadcrumbList","@id":"https:\/\/www.kosiceregion.com\/hu\/abauj\/#breadcrumb","itemListElement":[{"@type":"ListItem","position":1,"name":"Home","item":"https:\/\/www.kosiceregion.com\/sk\/"},{"@type":"ListItem","position":2,"name":"Aba\u00faj"}]},{"@type":"WebSite","@id":"https:\/\/www.kosiceregion.com\/#website","url":"https:\/\/www.kosiceregion.com\/","name":"Ko\u0161ice Regi\u00f3n","description":"Turistick\u00fd sprievodca Ko\u0161ick\u00fdm krajom","publisher":{"@id":"https:\/\/www.kosiceregion.com\/#organization"},"potentialAction":[{"@type":"SearchAction","target":{"@type":"EntryPoint","urlTemplate":"https:\/\/www.kosiceregion.com\/?s={search_term_string}"},"query-input":{"@type":"PropertyValueSpecification","valueRequired":true,"valueName":"search_term_string"}}],"inLanguage":"de-DE"},{"@type":"Organization","@id":"https:\/\/www.kosiceregion.com\/#organization","name":"Ko\u0161ice Regi\u00f3n Turizmus","url":"https:\/\/www.kosiceregion.com\/","logo":{"@type":"ImageObject","inLanguage":"de-DE","@id":"https:\/\/www.kosiceregion.com\/#\/schema\/logo\/image\/","url":"https:\/\/www.kosiceregion.com\/wp-content\/uploads\/2019\/03\/logo-web-sk.png","contentUrl":"https:\/\/www.kosiceregion.com\/wp-content\/uploads\/2019\/03\/logo-web-sk.png","width":225,"height":100,"caption":"Ko\u0161ice Regi\u00f3n Turizmus"},"image":{"@id":"https:\/\/www.kosiceregion.com\/#\/schema\/logo\/image\/"},"sameAs":["https:\/\/www.facebook.com\/kosiceregion","https:\/\/x.com\/KOSICEREGION","https:\/\/www.instagram.com\/kosiceregion","https:\/\/www.youtube.com\/kosiceregion"]},{"@type":"Person","@id":"https:\/\/www.kosiceregion.com\/#\/schema\/person\/a3b410b349e630c8edb959e58d35ea17","name":"admin","image":{"@type":"ImageObject","inLanguage":"de-DE","@id":"https:\/\/secure.gravatar.com\/avatar\/ff684514e5ef32cec7525b9d568f44fc6074207a97f9768a9d8162f4d8ea5d0d?s=96&d=mm&r=g","url":"https:\/\/secure.gravatar.com\/avatar\/ff684514e5ef32cec7525b9d568f44fc6074207a97f9768a9d8162f4d8ea5d0d?s=96&d=mm&r=g","contentUrl":"https:\/\/secure.gravatar.com\/avatar\/ff684514e5ef32cec7525b9d568f44fc6074207a97f9768a9d8162f4d8ea5d0d?s=96&d=mm&r=g","caption":"admin"}}]}},"_links":{"self":[{"href":"https:\/\/www.kosiceregion.com\/de\/wp-json\/wp\/v2\/posts\/1558","targetHints":{"allow":["GET"]}}],"collection":[{"href":"https:\/\/www.kosiceregion.com\/de\/wp-json\/wp\/v2\/posts"}],"about":[{"href":"https:\/\/www.kosiceregion.com\/de\/wp-json\/wp\/v2\/types\/post"}],"author":[{"embeddable":true,"href":"https:\/\/www.kosiceregion.com\/de\/wp-json\/wp\/v2\/users\/1"}],"replies":[{"embeddable":true,"href":"https:\/\/www.kosiceregion.com\/de\/wp-json\/wp\/v2\/comments?post=1558"}],"version-history":[{"count":6,"href":"https:\/\/www.kosiceregion.com\/de\/wp-json\/wp\/v2\/posts\/1558\/revisions"}],"predecessor-version":[{"id":2801,"href":"https:\/\/www.kosiceregion.com\/de\/wp-json\/wp\/v2\/posts\/1558\/revisions\/2801"}],"wp:featuredmedia":[{"embeddable":true,"href":"https:\/\/www.kosiceregion.com\/de\/wp-json\/wp\/v2\/media\/1564"}],"wp:attachment":[{"href":"https:\/\/www.kosiceregion.com\/de\/wp-json\/wp\/v2\/media?parent=1558"}],"wp:term":[{"taxonomy":"category","embeddable":true,"href":"https:\/\/www.kosiceregion.com\/de\/wp-json\/wp\/v2\/categories?post=1558"},{"taxonomy":"post_tag","embeddable":true,"href":"https:\/\/www.kosiceregion.com\/de\/wp-json\/wp\/v2\/tags?post=1558"}],"curies":[{"name":"wp","href":"https:\/\/api.w.org\/{rel}","templated":true}]}}