{"id":1680,"date":"2019-05-10T12:37:20","date_gmt":"2019-05-10T10:37:20","guid":{"rendered":"http:\/\/dest.kosiceregion.com\/sk\/?p=1680"},"modified":"2019-08-21T23:17:10","modified_gmt":"2019-08-21T21:17:10","slug":"","status":"publish","type":"post","link":"https:\/\/www.kosiceregion.com\/de\/kosice-mesto-kultury\/","title":{"rendered":"","raw":""},"content":{"rendered":"","protected":false,"raw":""},"excerpt":{"rendered":"","protected":false,"raw":""},"author":1,"featured_media":1704,"comment_status":"closed","ping_status":"closed","sticky":false,"template":"","format":"standard","meta":{"_acf_changed":false,"_sk_post_content":"<!-- wp:tadv\/classic-paragraph -->\n<p>Olympijsk\u00e9 mest\u00e1 a Eur\u00f3pske hlavn\u00e9 mest\u00e1 kult\u00fary (EHMK) maj\u00fa podobn\u00fd cie\u013e: vytvori\u0165 dielo, ktor\u00e9 pre\u017eije samotn\u00e9 podujatie. Zatia\u013e \u010do olympijsk\u00e9 mest\u00e1 sa s\u00fastre\u010fuj\u00fa na \u0161portovcov, EHMK sa zameriavaj\u00fa na umelcov, kult\u00farne zariadenia a kult\u00farno-spolo\u010densk\u00e9 podujatia. Udelenie prest\u00ed\u017eneho titulu <strong>EHMK 2013<\/strong> Ko\u0161iciam ur\u00fdchlilo vytvorenie novej kult\u00farnej infra\u0161trukt\u00fary a projekt pridal \u010fal\u0161\u00ed rozmer k u\u017e aj tak bohatej ponuke mesta. Okrem in\u00e9ho ju obohatili budovy prestavan\u00e9 a prisp\u00f4soben\u00e9 ich nov\u00fdm funkci\u00e1m.<\/p>\n<!-- \/wp:tadv\/classic-paragraph -->\n\n<!-- wp:image {\"id\":1705,\"align\":\"center\"} -->\n<div class=\"wp-block-image\"><figure class=\"aligncenter\"><img src=\"https:\/\/www.kosiceregion.com\/wp-content\/uploads\/2019\/05\/kultura_kulturpark.png\" alt=\"\" class=\"wp-image-1705\"\/><figcaption>Kulturpark, nov\u00e9 centrum kult\u00fary na v\u00fdchode Slovenska<\/figcaption><\/figure><\/div>\n<!-- \/wp:image -->\n\n<!-- wp:tadv\/classic-paragraph -->\n<h3>KULTURPARK<\/h3>\n<p><strong>Kulturpark<\/strong>, b\u00fdval\u00e9 kas\u00e1rne rak\u00fasko-uhorskej arm\u00e1dy z 19. storo\u010dia, sa po rekon\u0161trukcii ukon\u010denej v roku 2012 stali viac\u00fa\u010delov\u00fdm kult\u00farnym priestorom. M\u00fary okolo kas\u00e1rn\u00ed zb\u00farali, \u010d\u00edm vznikol otvoren\u00fd mestsk\u00fd priestor na podujatia; tie sa v\u0161ak v\u00e4\u010d\u0161inou musia skon\u010di\u0165 do 22.00, aby neru\u0161ili obyvate\u013eov v bl\u00edzkom okol\u00ed. Hist\u00f3ria hrala rolu aj pri pomenovan\u00ed 22 objektov Kulturparku. Ich jednotliv\u00e9 n\u00e1zvy s\u00fa heslami pou\u017e\u00edvan\u00fdmi pri hl\u00e1skovan\u00ed vo vojenskej abecede. Najv\u00e4\u010d\u0161ia budova, Alfa, je srdcom are\u00e1lu. V jej s\u00e1lach a gal\u00e9rii sa konaj\u00fa koncerty, v\u00fdstavy, predn\u00e1\u0161ky a in\u00e9 spolo\u010densk\u00e9 podujatia. B\u00fdval\u00fd sklad nesie meno Bravo, je natret\u00fd na bielo a t\u00fdm n\u00faka siln\u00e9 kontrastn\u00e9 prostredie pre pr\u00e1ce reziden\u010dn\u00fdch v\u00fdtvarn\u00edkov. \u010cierno-biela architekt\u00fara so siv\u00fdmi prvkami bola premyslene navrhnut\u00e1 tak, aby nekonkurovala umeniu a povzbudzovala umelcov vnies\u0165 do nej farbu.<\/p>\n<p>De\u0165om je ur\u010den\u00e1 budova Charlie so <strong>Steel Parkom<\/strong>, spolo\u010dn\u00fdm projektom U.S. Steel Ko\u0161ice, Technickej univerzity Ko\u0161ice, Univerzity P. J. \u0160af\u00e1rika a Slovenskej akad\u00e9mie vied. V\u00fdstava pon\u00faka vy\u0161e 50 expon\u00e1tov, ktor\u00e9 rozpr\u00e1vaj\u00fa dejiny ocele v interakt\u00edvnom prostred\u00ed prijate\u013enom pre deti.<\/p>\n<p>\u201e\u013dudia s\u00fa zvedav\u00ed na nov\u00fd priestor,\u201c hovor\u00ed Adela Mi\u017e\u00edkov\u00e1, medi\u00e1lna konzultantka projektu a dod\u00e1va, \u017ee pr\u00e1ve samotn\u00fd priestor rob\u00ed projektu reklamu. A niet divu \u2013 zvonku i zvn\u00fatra sa n\u00e1jde \u010dosi zauj\u00edmav\u00e9 aj pre t\u00fdch naj\u013eahostajnej\u0161\u00edch. Popri troch spom\u00ednan\u00fdch budov\u00e1ch sa ostatn\u00e9 men\u0161ie pavil\u00f3ny daj\u00fa rozdeli\u0165 na dva typy: presklenn\u00e9, kde vidno dovn\u00fatra a pavil\u00f3ny so zrkadlovou fas\u00e1dou. S\u00fa tu aj dreven\u00e9 p\u00f3di\u00e1 pripom\u00ednaj\u00face Speakers\u2019 Corner (re\u010dn\u00edcky k\u00fatik) v lond\u00fdnskom Hyde Parku, kam sa \u013eudia m\u00f4\u017eu postavi\u0165 a spieva\u0165, hra\u0165 alebo debatova\u0165. Pri verejne organizovan\u00fdch podujatiach s\u00fa p\u00f3di\u00e1 ozvu\u010den\u00e9.<\/p>\n<!-- \/wp:tadv\/classic-paragraph -->\n\n<!-- wp:tadv\/classic-paragraph -->\n<h3>HALA UMENIA<\/h3>\n<p>\u010eal\u0161\u00ed v\u00fdstavn\u00fd priestor preroben\u00fd z budovy s p\u00f4vodne in\u00fdm \u00fa\u010delom, s \u00fazkym prepojen\u00edm na Kulturpark, je <strong>Hala umenia (Kunsthalle)<\/strong>, p\u00f4vodne star\u00e1 mestsk\u00e1 plav\u00e1re\u0148 postaven\u00e1 v rokoch 1957 - 1962 a zatvoren\u00e1 v roku 1992. Budova v slohu neskorej moderny bola znovuotvoren\u00e1 v roku 2013 ako priestor na v\u00fdstavy, konferencie a koncerty. B\u00fdval\u00fd baz\u00e9n je tie\u017e v\u00fdstavn\u00fdm priestorom. Ak si to vy\u017eaduje predstava vystavovate\u013eov, m\u00f4\u017ee by\u0165 napusten\u00fd vodou do v\u00fd\u0161ky 25 cm.<\/p>\n<!-- \/wp:tadv\/classic-paragraph -->\n\n<!-- wp:image {\"id\":1684,\"align\":\"center\"} -->\n<div class=\"wp-block-image\"><figure class=\"aligncenter\"><img src=\"https:\/\/www.kosiceregion.com\/wp-content\/uploads\/2019\/05\/kultura_kunsthalle.png\" alt=\"\" class=\"wp-image-1684\"\/><figcaption>Kunsthalle predstavuje n\u00e1v\u0161tevn\u00edkom diela modern\u00e9ho umenia<\/figcaption><\/figure><\/div>\n<!-- \/wp:image -->\n\n<!-- wp:tadv\/classic-paragraph -->\n<h3>SPOTS<\/h3>\n<p>Jedn\u00fdm z najinovat\u00edvnej\u0161\u00edch projektov spojen\u00fdch s EHMK bola premena zastaran\u00fdch v\u00fdmenn\u00edkov tepla (<strong>SPOTs<\/strong>) na kult\u00farne centr\u00e1 pre obyvate\u013eov na s\u00eddlisk\u00e1ch. Hlavn\u00fd z\u00e1mer je, aby si sami obyvatelia, za pomoci t\u00edmov SPOTs, prisvojili tieto miesta a pri\u0161li s vlastn\u00fdmi n\u00e1padmi na kult\u00farne vyu\u017eitie. Ka\u017ed\u00fd v\u00fdmenn\u00edk m\u00e1 svoju hlavn\u00fa t\u00e9mu: jeden hudbu a hudobn\u00e9 workshopy, \u010fal\u0161\u00ed v\u00fdstavu zbierok r\u00f4znych predmetov patriacich obyvate\u013eom. Dvojmesa\u010dn\u00edk Pulz informuje o najnov\u0161\u00edch projektoch.<\/p>\n<p>\u201eRadi by sme podporili m\u00fadrych a zauj\u00edmav\u00fdch \u013eud\u00ed a spustili nie\u010do nov\u00e9,\u201c povedala Blanka Berkyov\u00e1, riadite\u013eka projektu SPOTs. \u201eProstredn\u00edctvom umenia ukazujeme \u013eu\u010fom, \u017ee m\u00f4\u017eu zmeni\u0165 ve\u013ea vec\u00ed.\u201c<\/p>\n<!-- \/wp:tadv\/classic-paragraph -->\n\n<!-- wp:image {\"id\":1689,\"align\":\"center\"} -->\n<div class=\"wp-block-image\"><figure class=\"aligncenter\"><img src=\"https:\/\/www.kosiceregion.com\/wp-content\/uploads\/2019\/05\/kultura_vymennik.png\" alt=\"\" class=\"wp-image-1689\"\/><figcaption>V\u00fdmenn\u00edk Va\u017eeck\u00e1 s lezeckou stenou<\/figcaption><\/figure><\/div>\n<!-- \/wp:image -->\n\n<!-- wp:tadv\/classic-paragraph -->\n<h3>S\u00c1NDOR M\u00c1RAI<\/h3>\n<p>Milovn\u00edkov literat\u00fary zaujme pam\u00e4tn\u00e1 izba <strong>S\u00e1ndora M\u00e1raia<\/strong> (1900-1989), najzn\u00e1mej\u0161ieho rom\u00e1nopisca naroden\u00e9ho v Ko\u0161iciach. M\u00e1raiho diela maj\u00fa siln\u00e9 autobiografick\u00e9 \u010drty vr\u00e1tane obrazu mesta jeho detstva. Po\u010das svojej n\u00e1v\u0161tevy Ko\u0161\u00edc povedal Otto von Habsburg, syn posledn\u00e9ho rak\u00fasko-uhorsk\u00e9ho panovn\u00edka, \u017ee toto mesto pozn\u00e1 v\u010faka M\u00e1raiho knih\u00e1m.<\/p>\n<p>N\u00e1v\u0161tevn\u00edci si m\u00f4\u017eu pozrie\u0165 50-min\u00fatov\u00fd dokument o jeho \u017eivote, ako aj n\u00e1bytok, obrazy a predmety z jeho \u017eivota. Ne\u010faleko na M\u00e4siarskej ulici stoj\u00ed socha M\u00e1raia od P\u00e9tera G\u00e1sp\u00e1ra. Zobrazujespisovate\u013ea sediaceho oproti pr\u00e1zdnej stoli\u010dke, ktor\u00e1 \u010dloveka vyz\u00fdva, aby si sadol a imagin\u00e1rne sa porozpr\u00e1val so zn\u00e1mym autorom.<\/p>\n<!-- \/wp:tadv\/classic-paragraph -->\n\n<!-- wp:image {\"id\":1685,\"align\":\"center\",\"width\":234,\"height\":276} -->\n<div class=\"wp-block-image\"><figure class=\"aligncenter is-resized\"><img src=\"https:\/\/www.kosiceregion.com\/wp-content\/uploads\/2019\/05\/kultura_marai.png\" alt=\"\" class=\"wp-image-1685\" width=\"234\" height=\"276\"\/><figcaption>S\u00e1ndor M\u00e1rai<\/figcaption><\/figure><\/div>\n<!-- \/wp:image -->\n\n<!-- wp:tadv\/classic-paragraph -->\n<h3>M\u00daZE\u00c1 A GAL\u00c9RIE<\/h3>\n<div class=\"page\" title=\"Page 95\">\n<div class=\"section\">\n<div class=\"layoutArea\">\n<div class=\"column\">\n<p>Hoci pr\u00edlev z eurofondov premenil \u010das\u0165 star\u0161\u00edch budov v Ko\u0161iciach na trendovej\u0161ie kult\u00farne centr\u00e1, v meste je mno\u017estvo m\u00faze\u00ed a gal\u00e9ri\u00ed, ktor\u00e9 s\u00fa s\u00fa\u010das\u0165ou kult\u00farnej sc\u00e9ny u\u017e z \u010dias pred jeho vyhl\u00e1sen\u00edm za EHMK.<\/p>\n<\/div>\n<\/div>\n<\/div>\n<\/div>\n<!-- \/wp:tadv\/classic-paragraph -->\n\n<!-- wp:image {\"id\":1686,\"align\":\"center\"} -->\n<div class=\"wp-block-image\"><figure class=\"aligncenter\"><img src=\"https:\/\/www.kosiceregion.com\/wp-content\/uploads\/2019\/05\/kultura_medaila.png\" alt=\"\" class=\"wp-image-1686\"\/><figcaption>Jazdeck\u00e1 medaila kr\u00e1\u013ea Ferdinanda (1541) je s\u00fa\u010das\u0165ou Ko\u0161ick\u00e9ho zlat\u00e9ho pokladu<\/figcaption><\/figure><\/div>\n<!-- \/wp:image -->\n\n<!-- wp:tadv\/classic-paragraph -->\n<div class=\"page\" title=\"Page 95\">\n<div class=\"section\">\n<div class=\"layoutArea\">\n<div class=\"column\">\n<p>Zn\u00e1my <strong>Ko\u0161ick\u00fd zlat\u00fd poklad<\/strong>, ktor\u00fd sa vr\u00e1til do mesta v septembri 2013 po p\u00e4\u0165ro\u010dnom putovan\u00ed, je op\u00e4\u0165 vystaven\u00fd vo <strong>V\u00fdchodoslovenskom m\u00fazeu<\/strong> a patr\u00ed k expoz\u00edci\u00e1m, ktor\u00e9 treba vidie\u0165. Objavenie 2 920 zlat\u00fdch minc\u00ed, troch medail\u00ed, renesan\u010dnej re\u0165aze a medenej schr\u00e1nky bolo jedn\u00fdm z najv\u00e4\u010d\u0161\u00edch n\u00e1lezov minc\u00ed v dejin\u00e1ch Eur\u00f3py.<\/p>\n<p>\u010eal\u0161\u00edm pr\u00edkladom kult\u00farneho \u017eivota v meste je dvojposchodov\u00e9 <strong>L\u00f6fflerovo m\u00fazeum<\/strong>, ktor\u00e9 bolo zalo\u017een\u00e9 v roku 1993. Toto mal\u00e9, komorn\u00e9 m\u00fazeum vyvol\u00e1va dojem, akoby n\u00e1v\u0161tevn\u00edk pri\u0161iel k niekomu domov. Vojtech L\u00f6ffler (1906 - 1990) bol miestny soch\u00e1r a so \u017eenou darovali jeho diela aj zbierky mestu. K st\u00e1lym expon\u00e1tom patria jeho sochy a memorab\u00edlie, ako aj zbierka autoportr\u00e9tov L\u00f6fflerov\u00fdch priate\u013eov, ktor\u00ed boli v\u00fdznamn\u00fdmi ko\u0161ick\u00fdmi umelcami 20. storo\u010dia. Pre L\u00f6fflera, ktor\u00fd sa neuspokojil s vystavovan\u00edm len vlastn\u00fdch diel a zbierok, bolo d\u00f4le\u017eit\u00e9 pom\u00e1ha\u0165 mlad\u00fdm umelcom. Pr\u00edzemie m\u00fazea im poskytuje ateli\u00e9rov\u00fd priestor na tvorbu a miesto na vystavovanie pr\u00e1c.<\/p>\n<p>Najv\u00e4\u010d\u0161iou gal\u00e9riou v meste je <strong>V\u00fdchodoslovensk\u00e1 gal\u00e9ria<\/strong> so 6 400 umeleck\u00fdmi dielami, ktor\u00e1 sa \u0161pecializuje na v\u00fdchodoslovensk\u00e9 umenie 19. a\u017e 20. storo\u010dia a z\u00e1rove\u0148 poskytuje preh\u013ead o slovenskom umen\u00ed minul\u00e9ho storo\u010dia.<\/p>\n<p>Fan\u00fa\u0161ikom vedy sa bude p\u00e1\u010di\u0165 <strong>Slovensk\u00e9 technick\u00e9 m\u00fazeum<\/strong>, zameran\u00e9 na dejiny hutn\u00edctva, stroj\u00e1rstva, zememera\u010dstva a kartografie. Planet\u00e1rium a teleskop vystaven\u00e9 na najvy\u0161\u0161om poschod\u00ed poskytuj\u00fa z\u00e1bavu nielen pre deti, rovnako ako miestnos\u0165 s interakt\u00edvnymi fyzik\u00e1lnymi pokusmi.<\/p>\n<p>Milovn\u00edci z\u00e1\u017eitkov pod \u0161\u00edrym nebom by mali nav\u0161t\u00edvi\u0165 <strong>M\u00fazeum letectva<\/strong>, ktor\u00e9 je s\u00fa\u010das\u0165ou Slovensk\u00e9ho technick\u00e9ho m\u00fazea. Na pozemku ko\u0161ick\u00e9ho letiska s\u00fa v hang\u00e1roch vystaven\u00e9 historick\u00e9 lietadl\u00e1 z cel\u00e9ho sveta a m\u00fazeum vzniklo do zna\u010dnej miery z iniciat\u00edvy b\u00fdval\u00e9ho slovensk\u00e9ho prezidenta Rudolfa Schustera. E\u0161te ako prezident \u017eiadal Schuster hlavy \u0161t\u00e1tov, ktor\u00e9 nav\u0161t\u00edvil, aby mu darovali star\u00e9 lietadlo. Jeho podpora m\u00fazea zjavne st\u00e1le trv\u00e1, ke\u010f\u017ee od ma\u010farsk\u00e9ho premi\u00e9ra Viktora Orb\u00e1na pr\u00e1ve ned\u00e1vno dostal k 80. narodenin\u00e1m dopravn\u00e9 lietadlo 11-18 sovietskej v\u00fdroby. V poslednom hang\u00e1ri je aj zbierka historick\u00fdch vozidiel.<\/p>\n<p>A napokon, hoci nem\u00e1 na M\u00fazeum Madame Tussauds, v 45 metrov vysokej Urbanovej ve\u017ei s\u00eddli najv\u00e4\u010d\u0161ie <strong>m\u00fazeum voskov\u00fdch figur\u00edn<\/strong> na Slovensku, so \u0161tyrmi poschodiami svetozn\u00e1mych historick\u00fdch post\u00e1v p\u00f4vodom z v\u00fdchodn\u00e9ho Slovenska. Sv. Urban je patr\u00f3nom vin\u00e1rov a ve\u017ea stoj\u00ed hne\u010f ved\u013ea gotick\u00e9ho D\u00f3mu sv. Al\u017ebety.<\/p>\n<\/div>\n<\/div>\n<\/div>\n<\/div>\n<!-- \/wp:tadv\/classic-paragraph -->","_sk_post_name":"kosice-mesto-kultury","_sk_post_excerpt":"","_sk_post_title":"Ko\u0161ice: mesto kult\u00fary","_en_post_content":"<!-- wp:tadv\/classic-paragraph -->\n<p>Olympic host cities and European Capital of Culture (ECoC) cities have a similar goal: to build a foundation and create a legacy that outlasts the events themselves. While an Olympic host city concentrates on athletes and venues, an ECoC concentrates on artists and venues. Ko\u0161ice\u2019s designation as the <strong>2013 ECoC<\/strong> accelerated the creation of a lasting cultural infrastructure to nurture art, and its projects add another layer to the city\u2019s already rich cultural offerings.<\/p>\n<!-- \/wp:tadv\/classic-paragraph -->\n\n<!-- wp:image {\"id\":1705,\"align\":\"center\"} -->\n<div class=\"wp-block-image\"><figure class=\"aligncenter\"><img src=\"https:\/\/www.kosiceregion.com\/wp-content\/uploads\/2019\/05\/kultura_kulturpark.png\" alt=\"\" class=\"wp-image-1705\"\/><figcaption>The Kulturpark, a new culture hub in eastern Slovakia<\/figcaption><\/figure><\/div>\n<!-- \/wp:image -->\n\n<!-- wp:tadv\/classic-paragraph -->\n<h3>THE KULTURPARK<\/h3>\n<p>Ko\u0161ice\u2019s newest cultural venues are mostly buildings repurposed with the EU funds coming along with the ECoC designation. The<strong> Kulturpark<\/strong>, a former 19th century Hungarian army barracks reconstructed in 2012, has become a multi-purpose cultural space for art exhibitions, theatre productions, and music concerts. The developers committed to an underground 114-space parking lot to keep the area free from congestion. The walls surrounding the barracks were torn down creating an urban space. However, most events must finish by 22:00 (10pm), so as not to disturb nearby residents. Mindful of its history, the buildings were renamed with the military alphabet. For instance, the Alpha Building\u2019s black, white and gray background was thoughtfully designed to not compete with the art and to encourage the artists to bring in the colour to the space. A former stable retains its form with the stalls painted white to give a stark contrast for rotating contemporary art exhibits.<\/p>\n<p>For children, there is a building housing <strong>Steelpark<\/strong>, a joint project between U.S. Steel Ko\u0161ice and three educational and scientific institutions - Technical University in Ko\u0161ice, University of P. J. \u0160af\u00e1rik and the Slovak Academy of Sciences. The exhibition offers more than 50 exhibits telling the story of steel in a kid-friendly environment. Kulturpark is catching on.<\/p>\n<p>\u201cPeople are curious about the new space,\u201d said Adela Mi\u017e\u00edkov\u00e1, a media consultant for the project. \u201cThe new space is doing the marketing for us.\u201d And no wonder, from the inside to the outside, there is something to engage even the most casual passerby. Outside there are two types of pavilions: those made of glass where you can see inside, or those made of mirrors where you can see your reflection. There are also wooden stages, \u00e0 la London\u2019s Hyde Park Speakers\u2019 Corner, where people can get up and sing, perform or discuss. The stages are wired for performances.<\/p>\n<!-- \/wp:tadv\/classic-paragraph -->\n\n<!-- wp:tadv\/classic-paragraph -->\n<h3>THE KUNSTHALLE<\/h3>\n<p>Another repurposed art exhibition space with close ties to the Kulturpark is the <strong>Kunsthalle<\/strong>, originally a municipal swimming pool built in 1957-1962 and closed in 1992. Constructed in post-war modernism style, the building was reopened in 2013 as a venue for art exhibitions, conferences and concerts. The former swimming pool now has 25 cm of water for shows if needed, and it can be drained to house additional art exhibitions.<\/p>\n<!-- \/wp:tadv\/classic-paragraph -->\n\n<!-- wp:image {\"id\":1684,\"align\":\"center\"} -->\n<div class=\"wp-block-image\"><figure class=\"aligncenter\"><img src=\"https:\/\/www.kosiceregion.com\/wp-content\/uploads\/2019\/05\/kultura_kunsthalle.png\" alt=\"\" class=\"wp-image-1684\"\/><figcaption>The Kunsthalle presents the works of modern art<\/figcaption><\/figure><\/div>\n<!-- \/wp:image -->\n\n<!-- wp:tadv\/classic-paragraph -->\n<h3>SPOTS<\/h3>\n<p>One of the most innovative projects emanating from the ECoC was to transform outdated heat exchange stations (<strong>SPOTs<\/strong>) into neighbourhood cultural centres. These SPOTs are located in the high-rise apartment complexes that spread out from the city\u2019s historic centre into the neighbourhoods where most people live. The idea is for the residents themselves, with the help of the SPOTs team, to claim these areas as their own and to devise their own ideas for cultural exhibits. For instance, each SPOT has a main topic; one is music and musical workshops, another has an exhibition of residents\u2019 collections of various things. A bi-monthly newsletter (Pulz) gives details on the latest projects.<\/p>\n<p>\u201cWe would like to support clever and interesting people and to start something new,\u201d said Blanka Berkyov\u00e1, executive director of the SPOTs project. \u201cWe show people through art that they can change a lot of things.\u201d<\/p>\n<!-- \/wp:tadv\/classic-paragraph -->\n\n<!-- wp:image {\"id\":1689,\"align\":\"center\"} -->\n<div class=\"wp-block-image\"><figure class=\"aligncenter\"><img src=\"https:\/\/www.kosiceregion.com\/wp-content\/uploads\/2019\/05\/kultura_vymennik.png\" alt=\"\" class=\"wp-image-1689\"\/><figcaption>Heat exchange station Va\u017eeck\u00e1 with its climbing wall<\/figcaption><\/figure><\/div>\n<!-- \/wp:image -->\n\n<!-- wp:tadv\/classic-paragraph -->\n<h3>S\u00c1NDOR M\u00c1RAI<\/h3>\n<p>Literature lovers will find the museum of <strong>S\u00e1ndor M\u00e1rai<\/strong> (1900-1989), Ko\u0161ice\u2019s best known native novelist, of interest. M\u00e1rai set many of his works in his city of his childhood. During his visit to Ko\u0161ice, the late Archduke Otto von Habsburg, son of the last Austro-Hungarian emperor, said that he is familiar with the city thanks to M\u00e1rai\u2019s books. Visitors can view a 50-minute documentary of his life in English as well as view furniture, paintings, and artefacts from his long life. Not far away, on M\u00e4siarska street, is a sculpture of M\u00e1rai by P\u00e9ter G\u00e1sp\u00e1r. It shows a seated M\u00e1rai opposite an empty chair that invites one to sit in and perhaps imagine a conversation with the famed author. Children flock to this sculpture giving their parents an endearing photo opportunity.<\/p>\n<!-- \/wp:tadv\/classic-paragraph -->\n\n<!-- wp:image {\"id\":1685,\"align\":\"center\",\"width\":234,\"height\":276} -->\n<div class=\"wp-block-image\"><figure class=\"aligncenter is-resized\"><img src=\"https:\/\/www.kosiceregion.com\/wp-content\/uploads\/2019\/05\/kultura_marai.png\" alt=\"\" class=\"wp-image-1685\" width=\"234\" height=\"276\"\/><figcaption>S\u00e1ndor M\u00e1rai<\/figcaption><\/figure><\/div>\n<!-- \/wp:image -->\n\n<!-- wp:tadv\/classic-paragraph -->\n<h3>MUSEUMS AND GALLERIES<\/h3>\n<p>Although the infusion of EU funds transformed some of the older buildings in Ko\u0161ice into hipper cultural spaces, there are plenty of museums and galleries that remain the backbone of the cultural scene predating the ECoC designation.<\/p>\n<!-- \/wp:tadv\/classic-paragraph -->\n\n<!-- wp:image {\"id\":1686,\"align\":\"center\"} -->\n<div class=\"wp-block-image\"><figure class=\"aligncenter\"><img src=\"https:\/\/www.kosiceregion.com\/wp-content\/uploads\/2019\/05\/kultura_medaila.png\" alt=\"\" class=\"wp-image-1686\"\/><figcaption>Ferdinand I\u2018s equestrian medal (1541) is part of the Ko\u0161ice Gold Treasury<\/figcaption><\/figure><\/div>\n<!-- \/wp:image -->\n\n<!-- wp:tadv\/classic-paragraph -->\n<p>The famed <strong>Ko\u0161ice Gold Treasure<\/strong>, which returned to the city in September 2013 after being on tour for five years, is now back at the <strong>Eastern Slovak Museum<\/strong> and worth seeing. The discovery of 2,920 gold coins, three medals, a Renaissance chain and a copper box was one of the largest coin finds in Europe\u2019s history.<\/p>\n<p>Although founded in 1993, the elegant, two-story <strong>L\u00f6ffler Museum<\/strong> appears to embody much of the generosity of spirit and importance of a cultural life that is part and parcel of the ECoC ethos. This small and intimate museum has the feel of being in someone\u2019s house. Vojtech L\u00f6ffler (1906-1990) was a local sculptor, and he and his wife donated the museum to the town. Permanent exhibits include L\u00f6ffler\u2019s sculptures and memorabilia as well as his collection of the self- portraits created by his friends who were important 20th century Ko\u0161ice artists. Not content with exhibiting only his own work and collections, it was important for L\u00f6ffler to help young artists. The ground floor supports young artists by giving them studio space to work in and a place to exhibit their work.<\/p>\n<p>The <strong>Eastern Slovak Gallery<\/strong> is the city\u2019s largest, with 6,400 works of art. It focuses on 19th and 20th-century art from eastern Slovakia and provides an overview of 20th-century Slovak art.<\/p>\n<p>More science-minded visitors will enjoy the <strong>Slovak Technical Museum<\/strong> with its emphasis on the history of metallurgy, mechanical engineering, surveying and cartography. A planetarium and telescope exhibit on the top floor provides fun for the kids, as does a room offering hands-on physics experiments.<\/p>\n<p>Those wishing for an outdoor experience should visit the <strong>Museum of Aviation<\/strong> that is part of the Slovak Technical Museum. On the grounds of the Ko\u0161ice Airport, this museum exhibits historical aircraft from all over the world in airplane hangars. It was largely created through the efforts of Slovakia\u2019s former president Rudolf Schuster. He is not only a former mayor of Ko\u0161ice but also an aviation enthusiast. While president, Schuster would ask the heads of states of countries he visited for the gift of an old airplane. His support of the museum is apparently still ongoing as he just received a Soviet-made 11-18 transport plane from Hungarian Prime Minister Viktor Orb\u00e1n as a gift for his 80th birthday. There is also a display of vintage cars in the last hangar.<\/p>\n<p>And finally, while it\u2019s not Madame Tussauds, the 45-metre high Urban\u2019s Tower houses the largest <strong>wax museum<\/strong> in Slovakia with four floors of world famous historical figures hailing from eastern Slovakia. St Urban was the patron saint of winemakers, and the tower is located next to one of the Ko\u0161ice\u2019s centrepieces \u2013 the gothic St Elizabeth\u2019s Cathedral.<\/p>\n<!-- \/wp:tadv\/classic-paragraph -->","_en_post_name":"kosice-city-of-culture","_en_post_excerpt":"","_en_post_title":"Ko\u0161ice: City of Culture","_hu_post_content":"","_hu_post_name":"","_hu_post_excerpt":"","_hu_post_title":"","_es_post_content":"","_es_post_name":"","_es_post_excerpt":"","_es_post_title":"","_de_post_content":"","_de_post_name":"","_de_post_excerpt":"","_de_post_title":"","_pl_post_content":"","_pl_post_name":"","_pl_post_excerpt":"","_pl_post_title":"","_it_post_content":"","_it_post_name":"","_it_post_excerpt":"","_it_post_title":"","edit_language":"de","footnotes":""},"categories":[21],"tags":[105,112,48,113,106,108,115,111,118,119,110,61,107,116,117,114,109],"class_list":["post-1680","post","type-post","status-publish","format-standard","has-post-thumbnail","hentry","category-theme","tag-ehmk-2013","tag-galeria","tag-kosice","tag-kosicky-zlaty-poklad","tag-kulturpark","tag-kunsthalle","tag-lofflerovo-muzeum","tag-muzeum","tag-muzeum-letectva","tag-muzeum-voskovych-figurin","tag-sandor-marai","tag-slovenske-technicke-muzeum","tag-steel-park","tag-vojtech-loffler","tag-vychodoslovenska-galeria","tag-vychodoslovenske-muzeum","tag-vymenniky-spots"],"acf":[],"yoast_head":"<!-- This site is optimized with the Yoast SEO Premium plugin v25.5 (Yoast SEO v27.4) - https:\/\/yoast.com\/product\/yoast-seo-premium-wordpress\/ -->\n<title>Ko\u0161ice Regi\u00f3n<\/title>\n<meta name=\"description\" content=\"Olympijsk\u00e9 mest\u00e1 a Eur\u00f3pske hlavn\u00e9 mest\u00e1 kult\u00fary (EHMK) maj\u00fa podobn\u00fd cie\u013e: vytvori\u0165 dielo, ktor\u00e9 pre\u017eije samotn\u00e9 podujatie. Zatia\u013e \u010do olympijsk\u00e9 mest\u00e1 sa s\u00fastre\u010fuj\u00fa na \u0161portovcov, EHMK sa zameriavaj\u00fa na umelcov, kult\u00farne\u2026\" \/>\n<meta name=\"robots\" content=\"index, follow, max-snippet:-1, max-image-preview:large, max-video-preview:-1\" \/>\n<link rel=\"canonical\" href=\"https:\/\/www.kosiceregion.com\/hu\/kosice-mesto-kultury\/\" \/>\n<meta property=\"og:locale\" content=\"de_DE\" \/>\n<meta property=\"og:type\" content=\"article\" \/>\n<meta property=\"og:title\" content=\"Ko\u0161ice: mesto kult\u00fary\" \/>\n<meta property=\"og:description\" content=\"Olympijsk\u00e9 mest\u00e1 a Eur\u00f3pske hlavn\u00e9 mest\u00e1 kult\u00fary (EHMK) maj\u00fa podobn\u00fd cie\u013e: vytvori\u0165 dielo, ktor\u00e9 pre\u017eije samotn\u00e9 podujatie. Zatia\u013e \u010do olympijsk\u00e9 mest\u00e1 sa\" \/>\n<meta property=\"og:url\" content=\"https:\/\/www.kosiceregion.com\/de\/wp-json\/wp\/v2\/posts\/1680\" \/>\n<meta property=\"og:site_name\" content=\"Ko\u0161ice Regi\u00f3n\" \/>\n<meta property=\"article:publisher\" content=\"https:\/\/www.facebook.com\/kosiceregion\" \/>\n<meta property=\"article:published_time\" content=\"2019-05-10T10:37:20+00:00\" \/>\n<meta property=\"article:modified_time\" content=\"2019-08-21T21:17:10+00:00\" \/>\n<meta property=\"og:image\" content=\"https:\/\/www.kosiceregion.com\/wp-content\/uploads\/2019\/05\/MG_1458.jpg\" \/>\n\t<meta property=\"og:image:width\" content=\"1555\" \/>\n\t<meta property=\"og:image:height\" content=\"1037\" \/>\n\t<meta property=\"og:image:type\" content=\"image\/jpeg\" \/>\n<meta name=\"author\" content=\"admin\" \/>\n<meta name=\"twitter:card\" content=\"summary_large_image\" \/>\n<meta name=\"twitter:creator\" content=\"@KOSICEREGION\" \/>\n<meta name=\"twitter:site\" content=\"@KOSICEREGION\" \/>\n<meta name=\"twitter:label1\" content=\"Verfasst von\" \/>\n\t<meta name=\"twitter:data1\" content=\"admin\" \/>\n\t<meta name=\"twitter:label2\" content=\"Gesch\u00e4tzte Lesezeit\" \/>\n\t<meta name=\"twitter:data2\" content=\"7 minutes\" \/>\n<script type=\"application\/ld+json\" class=\"yoast-schema-graph\">{\"@context\":\"https:\\\/\\\/schema.org\",\"@graph\":[{\"@type\":\"Article\",\"@id\":\"https:\\\/\\\/www.kosiceregion.com\\\/hu\\\/kosice-mesto-kultury\\\/#article\",\"isPartOf\":{\"@id\":\"https:\\\/\\\/www.kosiceregion.com\\\/hu\\\/kosice-mesto-kultury\\\/\"},\"author\":{\"name\":\"admin\",\"@id\":\"https:\\\/\\\/www.kosiceregion.com\\\/#\\\/schema\\\/person\\\/a3b410b349e630c8edb959e58d35ea17\"},\"headline\":\"Ko\u0161ice: mesto kult\u00fary\",\"datePublished\":\"2019-05-10T10:37:20+00:00\",\"dateModified\":\"2019-08-21T21:17:10+00:00\",\"mainEntityOfPage\":{\"@id\":\"https:\\\/\\\/www.kosiceregion.com\\\/hu\\\/kosice-mesto-kultury\\\/\"},\"wordCount\":1334,\"publisher\":{\"@id\":\"https:\\\/\\\/www.kosiceregion.com\\\/#organization\"},\"image\":{\"@id\":\"https:\\\/\\\/www.kosiceregion.com\\\/hu\\\/kosice-mesto-kultury\\\/#primaryimage\"},\"thumbnailUrl\":\"https:\\\/\\\/www.kosiceregion.com\\\/wp-content\\\/uploads\\\/2019\\\/05\\\/MG_1458.jpg\",\"keywords\":[\"EHMK 2013\",\"gal\u00e9ria\",\"Ko\u0161ice\",\"Ko\u0161ick\u00fd zlat\u00fd poklad\",\"Kulturpark\",\"Kunsthalle\",\"L\u00f6fflerovo m\u00fazeum\",\"m\u00fazeum\",\"M\u00fazeum letectva\",\"M\u00fazeum voskov\u00fdch figur\u00edn\",\"S\u00e1ndor M\u00e1rai\",\"Slovensk\u00e9 technick\u00e9 m\u00fazeum\",\"Steel Park\",\"Vojtech L\u00f6ffler\",\"V\u00fdchodoslovensk\u00e1 gal\u00e9ria\",\"V\u00fdchodoslovensk\u00e9 m\u00fazeum\",\"V\u00fdmenn\u00edky SPOTs\"],\"articleSection\":[\"T\u00e9my\"],\"inLanguage\":\"de-DE\"},{\"@type\":\"WebPage\",\"@id\":\"https:\\\/\\\/www.kosiceregion.com\\\/hu\\\/kosice-mesto-kultury\\\/\",\"url\":\"https:\\\/\\\/www.kosiceregion.com\\\/hu\\\/kosice-mesto-kultury\\\/\",\"name\":\"Ko\u0161ice: mesto kult\u00fary - Ko\u0161ice Regi\u00f3n\",\"isPartOf\":{\"@id\":\"https:\\\/\\\/www.kosiceregion.com\\\/#website\"},\"primaryImageOfPage\":{\"@id\":\"https:\\\/\\\/www.kosiceregion.com\\\/hu\\\/kosice-mesto-kultury\\\/#primaryimage\"},\"image\":{\"@id\":\"https:\\\/\\\/www.kosiceregion.com\\\/hu\\\/kosice-mesto-kultury\\\/#primaryimage\"},\"thumbnailUrl\":\"https:\\\/\\\/www.kosiceregion.com\\\/wp-content\\\/uploads\\\/2019\\\/05\\\/MG_1458.jpg\",\"datePublished\":\"2019-05-10T10:37:20+00:00\",\"dateModified\":\"2019-08-21T21:17:10+00:00\",\"description\":\"Olympijsk\u00e9 mest\u00e1 a Eur\u00f3pske hlavn\u00e9 mest\u00e1 kult\u00fary (EHMK) maj\u00fa podobn\u00fd cie\u013e: vytvori\u0165 dielo, ktor\u00e9 pre\u017eije samotn\u00e9 podujatie. Zatia\u013e \u010do olympijsk\u00e9 mest\u00e1 sa\",\"breadcrumb\":{\"@id\":\"https:\\\/\\\/www.kosiceregion.com\\\/hu\\\/kosice-mesto-kultury\\\/#breadcrumb\"},\"inLanguage\":\"de-DE\",\"potentialAction\":[{\"@type\":\"ReadAction\",\"target\":[\"https:\\\/\\\/www.kosiceregion.com\\\/hu\\\/kosice-mesto-kultury\\\/\"]}]},{\"@type\":\"ImageObject\",\"inLanguage\":\"de-DE\",\"@id\":\"https:\\\/\\\/www.kosiceregion.com\\\/hu\\\/kosice-mesto-kultury\\\/#primaryimage\",\"url\":\"https:\\\/\\\/www.kosiceregion.com\\\/wp-content\\\/uploads\\\/2019\\\/05\\\/MG_1458.jpg\",\"contentUrl\":\"https:\\\/\\\/www.kosiceregion.com\\\/wp-content\\\/uploads\\\/2019\\\/05\\\/MG_1458.jpg\",\"width\":1555,\"height\":1037},{\"@type\":\"BreadcrumbList\",\"@id\":\"https:\\\/\\\/www.kosiceregion.com\\\/hu\\\/kosice-mesto-kultury\\\/#breadcrumb\",\"itemListElement\":[{\"@type\":\"ListItem\",\"position\":1,\"name\":\"Home\",\"item\":\"https:\\\/\\\/www.kosiceregion.com\\\/sk\\\/\"},{\"@type\":\"ListItem\",\"position\":2,\"name\":\"Ko\u0161ice: mesto kult\u00fary\"}]},{\"@type\":\"WebSite\",\"@id\":\"https:\\\/\\\/www.kosiceregion.com\\\/#website\",\"url\":\"https:\\\/\\\/www.kosiceregion.com\\\/\",\"name\":\"Ko\u0161ice Regi\u00f3n\",\"description\":\"Turistick\u00fd sprievodca Ko\u0161ick\u00fdm krajom\",\"publisher\":{\"@id\":\"https:\\\/\\\/www.kosiceregion.com\\\/#organization\"},\"potentialAction\":[{\"@type\":\"SearchAction\",\"target\":{\"@type\":\"EntryPoint\",\"urlTemplate\":\"https:\\\/\\\/www.kosiceregion.com\\\/?s={search_term_string}\"},\"query-input\":{\"@type\":\"PropertyValueSpecification\",\"valueRequired\":true,\"valueName\":\"search_term_string\"}}],\"inLanguage\":\"de-DE\"},{\"@type\":\"Organization\",\"@id\":\"https:\\\/\\\/www.kosiceregion.com\\\/#organization\",\"name\":\"Ko\u0161ice Regi\u00f3n Turizmus\",\"url\":\"https:\\\/\\\/www.kosiceregion.com\\\/\",\"logo\":{\"@type\":\"ImageObject\",\"inLanguage\":\"de-DE\",\"@id\":\"https:\\\/\\\/www.kosiceregion.com\\\/#\\\/schema\\\/logo\\\/image\\\/\",\"url\":\"https:\\\/\\\/www.kosiceregion.com\\\/wp-content\\\/uploads\\\/2019\\\/03\\\/logo-web-sk.png\",\"contentUrl\":\"https:\\\/\\\/www.kosiceregion.com\\\/wp-content\\\/uploads\\\/2019\\\/03\\\/logo-web-sk.png\",\"width\":225,\"height\":100,\"caption\":\"Ko\u0161ice Regi\u00f3n Turizmus\"},\"image\":{\"@id\":\"https:\\\/\\\/www.kosiceregion.com\\\/#\\\/schema\\\/logo\\\/image\\\/\"},\"sameAs\":[\"https:\\\/\\\/www.facebook.com\\\/kosiceregion\",\"https:\\\/\\\/x.com\\\/KOSICEREGION\",\"https:\\\/\\\/www.instagram.com\\\/kosiceregion\",\"https:\\\/\\\/www.youtube.com\\\/kosiceregion\"]},{\"@type\":\"Person\",\"@id\":\"https:\\\/\\\/www.kosiceregion.com\\\/#\\\/schema\\\/person\\\/a3b410b349e630c8edb959e58d35ea17\",\"name\":\"admin\",\"image\":{\"@type\":\"ImageObject\",\"inLanguage\":\"de-DE\",\"@id\":\"https:\\\/\\\/secure.gravatar.com\\\/avatar\\\/ff684514e5ef32cec7525b9d568f44fc6074207a97f9768a9d8162f4d8ea5d0d?s=96&d=mm&r=g\",\"url\":\"https:\\\/\\\/secure.gravatar.com\\\/avatar\\\/ff684514e5ef32cec7525b9d568f44fc6074207a97f9768a9d8162f4d8ea5d0d?s=96&d=mm&r=g\",\"contentUrl\":\"https:\\\/\\\/secure.gravatar.com\\\/avatar\\\/ff684514e5ef32cec7525b9d568f44fc6074207a97f9768a9d8162f4d8ea5d0d?s=96&d=mm&r=g\",\"caption\":\"admin\"}}]}<\/script>\n<!-- \/ Yoast SEO Premium plugin. -->","yoast_head_json":{"title":"Ko\u0161ice Regi\u00f3n","description":"Olympijsk\u00e9 mest\u00e1 a Eur\u00f3pske hlavn\u00e9 mest\u00e1 kult\u00fary (EHMK) maj\u00fa podobn\u00fd cie\u013e: vytvori\u0165 dielo, ktor\u00e9 pre\u017eije samotn\u00e9 podujatie. Zatia\u013e \u010do olympijsk\u00e9 mest\u00e1 sa s\u00fastre\u010fuj\u00fa na \u0161portovcov, EHMK sa zameriavaj\u00fa na umelcov, kult\u00farne\u2026","robots":{"index":"index","follow":"follow","max-snippet":"max-snippet:-1","max-image-preview":"max-image-preview:large","max-video-preview":"max-video-preview:-1"},"canonical":"https:\/\/www.kosiceregion.com\/hu\/kosice-mesto-kultury\/","og_locale":"de_DE","og_type":"article","og_title":"Ko\u0161ice: mesto kult\u00fary","og_description":"Olympijsk\u00e9 mest\u00e1 a Eur\u00f3pske hlavn\u00e9 mest\u00e1 kult\u00fary (EHMK) maj\u00fa podobn\u00fd cie\u013e: vytvori\u0165 dielo, ktor\u00e9 pre\u017eije samotn\u00e9 podujatie. Zatia\u013e \u010do olympijsk\u00e9 mest\u00e1 sa","og_url":"https:\/\/www.kosiceregion.com\/de\/wp-json\/wp\/v2\/posts\/1680","og_site_name":"Ko\u0161ice Regi\u00f3n","article_publisher":"https:\/\/www.facebook.com\/kosiceregion","article_published_time":"2019-05-10T10:37:20+00:00","article_modified_time":"2019-08-21T21:17:10+00:00","og_image":[{"width":1555,"height":1037,"url":"https:\/\/www.kosiceregion.com\/wp-content\/uploads\/2019\/05\/MG_1458.jpg","type":"image\/jpeg"}],"author":"admin","twitter_card":"summary_large_image","twitter_creator":"@KOSICEREGION","twitter_site":"@KOSICEREGION","twitter_misc":{"Verfasst von":"admin","Gesch\u00e4tzte Lesezeit":"7 minutes"},"schema":{"@context":"https:\/\/schema.org","@graph":[{"@type":"Article","@id":"https:\/\/www.kosiceregion.com\/hu\/kosice-mesto-kultury\/#article","isPartOf":{"@id":"https:\/\/www.kosiceregion.com\/hu\/kosice-mesto-kultury\/"},"author":{"name":"admin","@id":"https:\/\/www.kosiceregion.com\/#\/schema\/person\/a3b410b349e630c8edb959e58d35ea17"},"headline":"Ko\u0161ice: mesto kult\u00fary","datePublished":"2019-05-10T10:37:20+00:00","dateModified":"2019-08-21T21:17:10+00:00","mainEntityOfPage":{"@id":"https:\/\/www.kosiceregion.com\/hu\/kosice-mesto-kultury\/"},"wordCount":1334,"publisher":{"@id":"https:\/\/www.kosiceregion.com\/#organization"},"image":{"@id":"https:\/\/www.kosiceregion.com\/hu\/kosice-mesto-kultury\/#primaryimage"},"thumbnailUrl":"https:\/\/www.kosiceregion.com\/wp-content\/uploads\/2019\/05\/MG_1458.jpg","keywords":["EHMK 2013","gal\u00e9ria","Ko\u0161ice","Ko\u0161ick\u00fd zlat\u00fd poklad","Kulturpark","Kunsthalle","L\u00f6fflerovo m\u00fazeum","m\u00fazeum","M\u00fazeum letectva","M\u00fazeum voskov\u00fdch figur\u00edn","S\u00e1ndor M\u00e1rai","Slovensk\u00e9 technick\u00e9 m\u00fazeum","Steel Park","Vojtech L\u00f6ffler","V\u00fdchodoslovensk\u00e1 gal\u00e9ria","V\u00fdchodoslovensk\u00e9 m\u00fazeum","V\u00fdmenn\u00edky SPOTs"],"articleSection":["T\u00e9my"],"inLanguage":"de-DE"},{"@type":"WebPage","@id":"https:\/\/www.kosiceregion.com\/hu\/kosice-mesto-kultury\/","url":"https:\/\/www.kosiceregion.com\/hu\/kosice-mesto-kultury\/","name":"Ko\u0161ice: mesto kult\u00fary - Ko\u0161ice Regi\u00f3n","isPartOf":{"@id":"https:\/\/www.kosiceregion.com\/#website"},"primaryImageOfPage":{"@id":"https:\/\/www.kosiceregion.com\/hu\/kosice-mesto-kultury\/#primaryimage"},"image":{"@id":"https:\/\/www.kosiceregion.com\/hu\/kosice-mesto-kultury\/#primaryimage"},"thumbnailUrl":"https:\/\/www.kosiceregion.com\/wp-content\/uploads\/2019\/05\/MG_1458.jpg","datePublished":"2019-05-10T10:37:20+00:00","dateModified":"2019-08-21T21:17:10+00:00","description":"Olympijsk\u00e9 mest\u00e1 a Eur\u00f3pske hlavn\u00e9 mest\u00e1 kult\u00fary (EHMK) maj\u00fa podobn\u00fd cie\u013e: vytvori\u0165 dielo, ktor\u00e9 pre\u017eije samotn\u00e9 podujatie. Zatia\u013e \u010do olympijsk\u00e9 mest\u00e1 sa","breadcrumb":{"@id":"https:\/\/www.kosiceregion.com\/hu\/kosice-mesto-kultury\/#breadcrumb"},"inLanguage":"de-DE","potentialAction":[{"@type":"ReadAction","target":["https:\/\/www.kosiceregion.com\/hu\/kosice-mesto-kultury\/"]}]},{"@type":"ImageObject","inLanguage":"de-DE","@id":"https:\/\/www.kosiceregion.com\/hu\/kosice-mesto-kultury\/#primaryimage","url":"https:\/\/www.kosiceregion.com\/wp-content\/uploads\/2019\/05\/MG_1458.jpg","contentUrl":"https:\/\/www.kosiceregion.com\/wp-content\/uploads\/2019\/05\/MG_1458.jpg","width":1555,"height":1037},{"@type":"BreadcrumbList","@id":"https:\/\/www.kosiceregion.com\/hu\/kosice-mesto-kultury\/#breadcrumb","itemListElement":[{"@type":"ListItem","position":1,"name":"Home","item":"https:\/\/www.kosiceregion.com\/sk\/"},{"@type":"ListItem","position":2,"name":"Ko\u0161ice: mesto kult\u00fary"}]},{"@type":"WebSite","@id":"https:\/\/www.kosiceregion.com\/#website","url":"https:\/\/www.kosiceregion.com\/","name":"Ko\u0161ice Regi\u00f3n","description":"Turistick\u00fd sprievodca Ko\u0161ick\u00fdm krajom","publisher":{"@id":"https:\/\/www.kosiceregion.com\/#organization"},"potentialAction":[{"@type":"SearchAction","target":{"@type":"EntryPoint","urlTemplate":"https:\/\/www.kosiceregion.com\/?s={search_term_string}"},"query-input":{"@type":"PropertyValueSpecification","valueRequired":true,"valueName":"search_term_string"}}],"inLanguage":"de-DE"},{"@type":"Organization","@id":"https:\/\/www.kosiceregion.com\/#organization","name":"Ko\u0161ice Regi\u00f3n Turizmus","url":"https:\/\/www.kosiceregion.com\/","logo":{"@type":"ImageObject","inLanguage":"de-DE","@id":"https:\/\/www.kosiceregion.com\/#\/schema\/logo\/image\/","url":"https:\/\/www.kosiceregion.com\/wp-content\/uploads\/2019\/03\/logo-web-sk.png","contentUrl":"https:\/\/www.kosiceregion.com\/wp-content\/uploads\/2019\/03\/logo-web-sk.png","width":225,"height":100,"caption":"Ko\u0161ice Regi\u00f3n Turizmus"},"image":{"@id":"https:\/\/www.kosiceregion.com\/#\/schema\/logo\/image\/"},"sameAs":["https:\/\/www.facebook.com\/kosiceregion","https:\/\/x.com\/KOSICEREGION","https:\/\/www.instagram.com\/kosiceregion","https:\/\/www.youtube.com\/kosiceregion"]},{"@type":"Person","@id":"https:\/\/www.kosiceregion.com\/#\/schema\/person\/a3b410b349e630c8edb959e58d35ea17","name":"admin","image":{"@type":"ImageObject","inLanguage":"de-DE","@id":"https:\/\/secure.gravatar.com\/avatar\/ff684514e5ef32cec7525b9d568f44fc6074207a97f9768a9d8162f4d8ea5d0d?s=96&d=mm&r=g","url":"https:\/\/secure.gravatar.com\/avatar\/ff684514e5ef32cec7525b9d568f44fc6074207a97f9768a9d8162f4d8ea5d0d?s=96&d=mm&r=g","contentUrl":"https:\/\/secure.gravatar.com\/avatar\/ff684514e5ef32cec7525b9d568f44fc6074207a97f9768a9d8162f4d8ea5d0d?s=96&d=mm&r=g","caption":"admin"}}]}},"_links":{"self":[{"href":"https:\/\/www.kosiceregion.com\/de\/wp-json\/wp\/v2\/posts\/1680","targetHints":{"allow":["GET"]}}],"collection":[{"href":"https:\/\/www.kosiceregion.com\/de\/wp-json\/wp\/v2\/posts"}],"about":[{"href":"https:\/\/www.kosiceregion.com\/de\/wp-json\/wp\/v2\/types\/post"}],"author":[{"embeddable":true,"href":"https:\/\/www.kosiceregion.com\/de\/wp-json\/wp\/v2\/users\/1"}],"replies":[{"embeddable":true,"href":"https:\/\/www.kosiceregion.com\/de\/wp-json\/wp\/v2\/comments?post=1680"}],"version-history":[{"count":4,"href":"https:\/\/www.kosiceregion.com\/de\/wp-json\/wp\/v2\/posts\/1680\/revisions"}],"predecessor-version":[{"id":2827,"href":"https:\/\/www.kosiceregion.com\/de\/wp-json\/wp\/v2\/posts\/1680\/revisions\/2827"}],"wp:featuredmedia":[{"embeddable":true,"href":"https:\/\/www.kosiceregion.com\/de\/wp-json\/wp\/v2\/media\/1704"}],"wp:attachment":[{"href":"https:\/\/www.kosiceregion.com\/de\/wp-json\/wp\/v2\/media?parent=1680"}],"wp:term":[{"taxonomy":"category","embeddable":true,"href":"https:\/\/www.kosiceregion.com\/de\/wp-json\/wp\/v2\/categories?post=1680"},{"taxonomy":"post_tag","embeddable":true,"href":"https:\/\/www.kosiceregion.com\/de\/wp-json\/wp\/v2\/tags?post=1680"}],"curies":[{"name":"wp","href":"https:\/\/api.w.org\/{rel}","templated":true}]}}