{"id":6786,"date":"2021-06-15T15:27:45","date_gmt":"2021-06-15T13:27:45","guid":{"rendered":"https:\/\/www.kosiceregion.com\/sk\/?p=6786"},"modified":"2021-06-15T15:27:47","modified_gmt":"2021-06-15T13:27:47","slug":"","status":"publish","type":"post","link":"https:\/\/www.kosiceregion.com\/de\/zivot-dobrodruhov-zejmarska-roklina-a-geravy\/","title":{"rendered":"","raw":""},"content":{"rendered":"","protected":false,"raw":""},"excerpt":{"rendered":"","protected":false,"raw":""},"author":10,"featured_media":6798,"comment_status":"closed","ping_status":"closed","sticky":false,"template":"","format":"standard","meta":{"_acf_changed":false,"_sk_post_content":"<!-- wp:tadv\/classic-paragraph -->\n<p style=\"text-align: justify;\">M\u00e1te chu\u0165 za\u017ei\u0165 tro\u0161ku adrenal\u00ednu v\u00a0Slovenskom Raji? Nad\u00fdcha\u0165 sa \u010derstv\u00e9ho vzduchu a\u00a0str\u00e1vi\u0165 n\u00e1dhern\u00fd de\u0148 v\u00a0pr\u00edrode? Turistika v\u00a0Zejmarskej rokline bude pre v\u00e1s to prav\u00e9. N\u00e1jdete v nej v\u0161etko, \u010do presl\u00e1vilo Slovensk\u00fd raj. Hlbok\u00fd skaln\u00fd ka\u0148on, vodop\u00e1dy, rebr\u00edky a st\u00fapa\u010dky.<\/p>\n<!-- \/wp:tadv\/classic-paragraph -->\n\n<!-- wp:image {\"id\":6787,\"sizeSlug\":\"large\",\"linkDestination\":\"none\"} -->\n<figure class=\"wp-block-image size-large\"><img src=\"https:\/\/www.kosiceregion.com\/wp-content\/uploads\/2021\/06\/1-2-1024x683.jpg\" alt=\"\" class=\"wp-image-6787\"\/><\/figure>\n<!-- \/wp:image -->\n\n<!-- wp:heading {\"textAlign\":\"center\"} -->\n<h2 class=\"has-text-align-center\">Inform\u00e1cie o trase a lokalite<\/h2>\n<!-- \/wp:heading -->\n\n<!-- wp:tadv\/classic-paragraph -->\n<p>\u00a0<\/p>\n<table class=\" aligncenter\" style=\"height: 349px; width: 72.381%; border-collapse: collapse;\">\n<tbody>\n<tr style=\"height: 216px;\">\n<td style=\"width: 20%; height: 210px;\"><img class=\"size-full wp-image-5997 aligncenter\" src=\"https:\/\/www.kosiceregion.com\/wp-content\/uploads\/2021\/05\/Icon_black__kids.png\" alt=\"\" width=\"35\" height=\"35\" \/><\/td>\n<td style=\"width: 20%; height: 210px;\">\n<p><strong>Vhodn\u00e9 pre deti<\/strong><\/p>\n<p>\u00c1NO<\/p>\n<\/td>\n<td style=\"width: 20.5727%; height: 210px;\"><img class=\"size-full wp-image-5998 aligncenter\" src=\"https:\/\/www.kosiceregion.com\/wp-content\/uploads\/2021\/05\/Icon_black__route.png\" alt=\"\" width=\"35\" height=\"35\" \/><\/td>\n<td style=\"width: 22.9886%; height: 210px;\">\n<p><strong>Zna\u010den\u00e1 trasa <\/strong><\/p>\n<p>\u00c1NO<\/p>\n<\/td>\n<\/tr>\n<tr style=\"height: 216px;\">\n<td style=\"width: 20%; height: 139px;\"><img class=\"size-full wp-image-5999 aligncenter\" src=\"https:\/\/www.kosiceregion.com\/wp-content\/uploads\/2021\/05\/Icon_black__food.png\" alt=\"\" width=\"35\" height=\"35\" \/><\/td>\n<td style=\"width: 20%; height: 139px;\">\n<p><strong>Stravovacie zariadenie<\/strong><\/p>\n<p>\u00c1NO (Horsk\u00fd hotel Geravy)<\/p>\n<\/td>\n<td style=\"width: 20.5727%; height: 139px;\"><img class=\"size-full wp-image-6000 aligncenter\" src=\"https:\/\/www.kosiceregion.com\/wp-content\/uploads\/2021\/05\/Icon_black__challenging.png\" alt=\"\" width=\"35\" height=\"35\" \/><\/td>\n<td style=\"width: 22.9886%; height: 139px;\">\n<p><strong>N\u00e1ro\u010dnos\u0165 trasy<\/strong><\/p>\n<p style=\"text-align: left;\">STREDN\u00c1<\/p>\n<\/td>\n<\/tr>\n<\/tbody>\n<\/table>\n<p>\u00a0<\/p>\n<!-- \/wp:tadv\/classic-paragraph -->\n\n<!-- wp:tadv\/classic-paragraph -->\n<p style=\"text-align: justify;\">Zejmarsk\u00e1 roklina je jednou z\u00a0najmen\u0161\u00edch rokl\u00edn Slovensk\u00e9ho Raja. Taktie\u017e sa pova\u017euje za najkrat\u0161iu roklinu. Nach\u00e1dza sa ne\u010faleko priehrady Palcmansk\u00e1 Ma\u0161a, nad obcou Dedinky Aj ke\u010f patr\u00ed medzi najmen\u0161ie tak dok\u00e1\u017ee oh\u00fari\u0165 svojou kr\u00e1sou. Nech\u00fdbaj\u00fa jej rebr\u00edky, neuverite\u013en\u00e9 vodop\u00e1dy, l\u00e1vky a\u00a0n\u00e1dhern\u00e9 miesta. M\u00f4\u017eeme ju zaradi\u0165 medzi\u00a0menej n\u00e1ro\u010dn\u00e9 trasy. Celou roklinou te\u010die potok a jeho hlavn\u00fdm zdrojom je v\u00fddatn\u00e1 vyviera\u010dka Zejmarsk\u00e1 stud\u0148a. Prv\u00fd kr\u00e1t bola spr\u00edstupnen\u00e1 \u010dlenmi Horskej slu\u017eby roku 1963. Vstup do rokliny je spoplatnen\u00fd 1,5\u20ac na osobu. Treba podotkn\u00fa\u0165, \u017ee prechod roklinou je povolen\u00fd len jedn\u00fdm smerom. Je zak\u00e1zan\u00e9 sa vraca\u0165 smerom nadol. Na konci rokliny sa nach\u00e1dza Horsk\u00fd hotel Geravy. V\u00a0okol\u00ed hotela sa nach\u00e1dzaj\u00fa lavi\u010dky a\u00a0kr\u00e1sne l\u00fa\u010dky kde sa d\u00e1 pr\u00edjemne odd\u00fdchnu\u0165 po prechode rokliny.<\/p>\n<!-- \/wp:tadv\/classic-paragraph -->\n\n<!-- wp:image {\"id\":6788,\"sizeSlug\":\"large\",\"linkDestination\":\"none\"} -->\n<figure class=\"wp-block-image size-large\"><img src=\"https:\/\/www.kosiceregion.com\/wp-content\/uploads\/2021\/06\/2-2-1024x683.jpg\" alt=\"\" class=\"wp-image-6788\"\/><figcaption>Palcmansk\u00e1 Ma\u0161a<\/figcaption><\/figure>\n<!-- \/wp:image -->\n\n<!-- wp:heading {\"textAlign\":\"center\"} -->\n<h2 class=\"has-text-align-center\">Dopravn\u00e1 dostupnos\u0165<\/h2>\n<!-- \/wp:heading -->\n\n<!-- wp:tadv\/classic-paragraph -->\n<p>\u00a0<\/p>\n<table class=\" aligncenter\" style=\"height: 349px; width: 72.1429%; border-collapse: collapse;\">\n<tbody>\n<tr style=\"height: 216px;\">\n<td style=\"width: 20%; height: 210px;\"><img class=\"size-full wp-image-6002 aligncenter\" src=\"https:\/\/www.kosiceregion.com\/wp-content\/uploads\/2021\/05\/Icon_black__parking.png\" alt=\"\" width=\"35\" height=\"35\" \/><\/td>\n<td style=\"width: 20%; height: 210px;\">\n<p><strong>Parkovanie<\/strong><\/p>\n<p>\u00c1NO, N\u00e1u\u010dn\u00fd chodn\u00edk Slovensk\u00fd raj - juh (<a href=\"https:\/\/goo.gl\/maps\/8JJDo2GbPhtB4jgEA\">Zobrazi\u0165 na mape<\/a>)<\/p>\n<\/td>\n<td style=\"width: 20.5727%; height: 210px;\"><img class=\"size-full wp-image-6003 aligncenter\" src=\"https:\/\/www.kosiceregion.com\/wp-content\/uploads\/2021\/05\/Icon_black__bus.png\" alt=\"\" width=\"35\" height=\"35\" \/><\/td>\n<td style=\"width: 22.9886%; height: 210px;\">\n<p><strong>Autobusov\u00e1 zast\u00e1vka<\/strong><\/p>\n<p>\u00c1NO, Dedinky CHZ Hotel<br \/>(<a href=\"https:\/\/goo.gl\/maps\/4szq6zD8Nk6Dx4mLA\">Zobrazi\u0165 na mape<\/a>)<\/p>\n<\/td>\n<\/tr>\n<tr style=\"height: 216px;\">\n<td style=\"width: 20%; height: 139px;\"><img class=\"size-full wp-image-6004 aligncenter\" src=\"https:\/\/www.kosiceregion.com\/wp-content\/uploads\/2021\/05\/Icon_black__train.png\" alt=\"\" width=\"35\" height=\"35\" \/><\/td>\n<td style=\"width: 20%; height: 139px;\">\n<p><strong>Vlakov\u00e1 zast\u00e1vka<\/strong><\/p>\n<p>\u00c1NO, <br \/>Dedinky<br \/>(<a href=\"https:\/\/goo.gl\/maps\/dHcC7uwrWS6FyFx89\">Zobrazi\u0165 na mape<\/a>)<\/p>\n<\/td>\n<td style=\"width: 20.5727%; height: 139px;\"><img class=\"size-full wp-image-6005 aligncenter\" src=\"https:\/\/www.kosiceregion.com\/wp-content\/uploads\/2021\/05\/Icon_black__time.png\" alt=\"\" width=\"35\" height=\"35\" \/><\/td>\n<td style=\"width: 22.9886%; height: 139px;\">\n<p><strong>Celkov\u00e9 trvanie a d\u013a\u017eka trasy<\/strong><\/p>\n<p style=\"text-align: left;\">D\u013a\u017eka trasy: <strong>4,7\u00a0km<br \/><\/strong>Trvanie trasy: <strong>2:00 h<br \/><\/strong>Celkov\u00e9 prev\u00fd\u0161enie:<strong> 348 m<\/strong><\/p>\n<\/td>\n<\/tr>\n<\/tbody>\n<\/table>\n<p>\u00a0<\/p>\n<!-- \/wp:tadv\/classic-paragraph -->\n\n<!-- wp:tadv\/classic-paragraph -->\n<p style=\"text-align: justify;\">Trasa sa za\u010d\u00edna na za\u010diatku\u00a0obce Dedinky pri hoteli CHZ. Najprv sa mus\u00edme vybra\u0165 \u010dervenou turistickou zna\u010dkou smerom na Zejmarsk\u00fa roklinu, \u00fastie. Tento po\u010diato\u010dn\u00fd \u00fasek trv\u00e1 pribli\u017ene 20 min\u00fat.<\/p>\n<!-- \/wp:tadv\/classic-paragraph -->\n\n<!-- wp:image {\"id\":6789,\"sizeSlug\":\"large\",\"linkDestination\":\"none\"} -->\n<figure class=\"wp-block-image size-large\"><img src=\"https:\/\/www.kosiceregion.com\/wp-content\/uploads\/2021\/06\/3-2-1024x683.jpg\" alt=\"\" class=\"wp-image-6789\"\/><\/figure>\n<!-- \/wp:image -->\n\n<!-- wp:tadv\/classic-paragraph -->\n<p style=\"text-align: justify;\">Po chv\u00edli sa ocitneme pri vstupe do Zejmaskej rokliny, ktor\u00e1 sa nach\u00e1dza v\u00a0obci Mlynky. Odtia\u013e sa mus\u00edme vybra\u0165 smerom na Geravy po modrej turistickej zna\u010dke. V\u00a0tejto rokline sa nie je kde strati\u0165 a\u00a0cel\u00e1 trasa je dobre zna\u010den\u00e1. Roklina za\u010d\u00edna miernym st\u00fapan\u00edm. Po cel\u00fd \u010das n\u00e1s sprev\u00e1dza zur\u010danie pot\u00f4\u010dika po \u013eavej strane. Po chv\u00edli sa za\u010d\u00edna strm\u0161ie st\u00fapanie a\u00a0do cesty prich\u00e1dzaj\u00fa prv\u00e9 \u017eelezn\u00e9 st\u00fapa\u010dky, ktor\u00e9 ved\u00fa ponad pot\u00f4\u010dik.<\/p>\n<!-- \/wp:tadv\/classic-paragraph -->\n\n<!-- wp:image {\"id\":6791,\"sizeSlug\":\"large\",\"linkDestination\":\"none\"} -->\n<figure class=\"wp-block-image size-large\"><img src=\"https:\/\/www.kosiceregion.com\/wp-content\/uploads\/2021\/06\/4-3-1024x683.jpg\" alt=\"\" class=\"wp-image-6791\"\/><\/figure>\n<!-- \/wp:image -->\n\n<!-- wp:tadv\/classic-paragraph -->\n<p style=\"text-align: justify;\">Netrv\u00e1 dlho a\u00a0pred nami sa objav\u00ed prv\u00fd vodop\u00e1d spolu s\u00a0rebr\u00edkom. Treba d\u00e1va\u0165 pozor na kamene, ktor\u00e9 na prv\u00fd poh\u013ead vyzeraj\u00fa bezpe\u010dne ale v\u00a0skuto\u010dnosti s\u00fa dos\u0165 klzk\u00e9.<\/p>\n<!-- \/wp:tadv\/classic-paragraph -->\n\n<!-- wp:image {\"id\":6792,\"sizeSlug\":\"large\",\"linkDestination\":\"none\"} -->\n<figure class=\"wp-block-image size-large\"><img src=\"https:\/\/www.kosiceregion.com\/wp-content\/uploads\/2021\/06\/5-2-1024x683.jpg\" alt=\"\" class=\"wp-image-6792\"\/><\/figure>\n<!-- \/wp:image -->\n\n<!-- wp:tadv\/classic-paragraph -->\n<p style=\"text-align: justify;\">Za prv\u00fdm rebr\u00edkom je st\u00fapanie ka\u017ed\u00fdm krokom strm\u0161ie. Po p\u00e1r min\u00fatach ch\u00f4dze sa dostaneme k\u00a0najv\u00e4\u010d\u0161\u00edm vodop\u00e1dom v\u00a0rokline, ktor\u00e9 sa naz\u00fdvaj\u00fa N\u00e1lepkove vodop\u00e1dy. Tento \u00fasek mus\u00edme prekona\u0165 pomocou st\u00fapa\u010diek a rebr\u00edkov, ktor\u00e9 s\u00fa najdlh\u0161ie v\u00a0rokline.<\/p>\n<!-- \/wp:tadv\/classic-paragraph -->\n\n<!-- wp:image {\"id\":6793,\"sizeSlug\":\"large\",\"linkDestination\":\"none\"} -->\n<figure class=\"wp-block-image size-large\"><img src=\"https:\/\/www.kosiceregion.com\/wp-content\/uploads\/2021\/06\/6-2-1024x683.jpg\" alt=\"\" class=\"wp-image-6793\"\/><\/figure>\n<!-- \/wp:image -->\n\n<!-- wp:image {\"id\":6794,\"sizeSlug\":\"large\",\"linkDestination\":\"none\"} -->\n<figure class=\"wp-block-image size-large\"><img src=\"https:\/\/www.kosiceregion.com\/wp-content\/uploads\/2021\/06\/7-2-1024x683.jpg\" alt=\"\" class=\"wp-image-6794\"\/><\/figure>\n<!-- \/wp:image -->\n\n<!-- wp:tadv\/classic-paragraph -->\n<p>Hne\u010f za N\u00e1lepkov\u00fdmi vodop\u00e1dmi m\u00ed\u0148ame posledn\u00fd vodop\u00e1d s\u00a0rebr\u00edkom.<\/p>\n<!-- \/wp:tadv\/classic-paragraph -->\n\n<!-- wp:image {\"id\":6795,\"sizeSlug\":\"large\",\"linkDestination\":\"none\"} -->\n<figure class=\"wp-block-image size-large\"><img src=\"https:\/\/www.kosiceregion.com\/wp-content\/uploads\/2021\/06\/8-2-1024x683.jpg\" alt=\"\" class=\"wp-image-6795\"\/><\/figure>\n<!-- \/wp:image -->\n\n<!-- wp:tadv\/classic-paragraph -->\n<p style=\"text-align: justify;\">Posledn\u00e1 \u010das\u0165 Zejmarskej rokliny vedie pr\u00edjemnou lesnou cesti\u010dkou a\u00a0po p\u00e1r min\u00fatach sa pred nami objav\u00ed kr\u00e1sna l\u00fa\u010dka s\u00a0Horsk\u00fdm hotelom Geravy.<\/p>\n<!-- \/wp:tadv\/classic-paragraph -->\n\n<!-- wp:image {\"id\":6796,\"sizeSlug\":\"large\",\"linkDestination\":\"none\"} -->\n<figure class=\"wp-block-image size-large\"><img src=\"https:\/\/www.kosiceregion.com\/wp-content\/uploads\/2021\/06\/9-2-1024x683.jpg\" alt=\"\" class=\"wp-image-6796\"\/><\/figure>\n<!-- \/wp:image -->\n\n<!-- wp:tadv\/classic-paragraph -->\n<p style=\"text-align: justify;\">T\u00e1to \u010das\u0165 t\u00fary by mala trva\u0165 pribli\u017ene 50min. Odtia\u013e sa mus\u00edme vybra\u0165 po zelenej turistickej zna\u010dke smerom na Dedinky, autobusov\u00e1 zast\u00e1vka. Po cel\u00fd \u010das kr\u00e1\u010dame smerom dolu po lesnej cesti\u010dke, ktor\u00e1 je dostato\u010dne zna\u010den\u00e1. Pribli\u017ene po 45 min\u00fatach sa dostaneme do obce Dedinky.<\/p>\n<!-- \/wp:tadv\/classic-paragraph -->\n\n<!-- wp:image {\"id\":6797,\"sizeSlug\":\"large\",\"linkDestination\":\"none\"} -->\n<figure class=\"wp-block-image size-large\"><img src=\"https:\/\/www.kosiceregion.com\/wp-content\/uploads\/2021\/06\/10-1-1024x683.jpg\" alt=\"\" class=\"wp-image-6797\"\/><\/figure>\n<!-- \/wp:image -->\n\n<!-- wp:heading {\"textAlign\":\"center\"} -->\n<h2 class=\"has-text-align-center\">Trasa - Zejmarsk\u00e1 roklina<\/h2>\n<!-- \/wp:heading -->\n\n<!-- wp:html -->\n<iframe style=\"border:none\" src=\"https:\/\/sk.frame.mapy.cz\/s\/kesonejape\" width=\"400\" height=\"280\" frameborder=\"0\"><\/iframe>\n<!-- \/wp:html -->\n\n<!-- wp:tadv\/classic-paragraph -->\n<p>Viac in\u0161pir\u00e1ci\u00ed n\u00e1jdete na soci\u00e1lnej sieti Instagram a \u00fa\u010dte <a href=\"https:\/\/www.instagram.com\/zivot_dobrodruhov\/\" target=\"_blank\" rel=\"noopener\">@zivot_dobrodruhov<\/a>.\u00a0<\/p>\n<!-- \/wp:tadv\/classic-paragraph -->","_sk_post_name":"zivot-dobrodruhov-zejmarska-roklina-a-geravy","_sk_post_excerpt":"","_sk_post_title":"\u017divot dobrodruhov: Zejmarsk\u00e1 roklina a Geravy","_en_post_content":"","_en_post_name":"","_en_post_excerpt":"","_en_post_title":"","_hu_post_content":"","_hu_post_name":"","_hu_post_excerpt":"","_hu_post_title":"","_es_post_content":"","_es_post_name":"","_es_post_excerpt":"","_es_post_title":"","_de_post_content":"","_de_post_name":"","_de_post_excerpt":"","_de_post_title":"","_pl_post_content":"","_pl_post_name":"","_pl_post_excerpt":"","_pl_post_title":"","_it_post_content":"","_it_post_name":"","_it_post_excerpt":"","_it_post_title":"","edit_language":"de","footnotes":""},"categories":[22],"tags":[131,177,433,183],"class_list":["post-6786","post","type-post","status-publish","format-standard","has-post-thumbnail","hentry","category-get-inspired","tag-dedinky","tag-geravy","tag-palcamnska-masa","tag-zejmarska-roklina-2"],"acf":[],"yoast_head":"<!-- This site is optimized with the Yoast SEO Premium plugin v25.5 (Yoast SEO v27.4) - https:\/\/yoast.com\/product\/yoast-seo-premium-wordpress\/ -->\n<title>Ko\u0161ice Regi\u00f3n<\/title>\n<meta name=\"description\" content=\"M\u00e1te chu\u0165 za\u017ei\u0165 tro\u0161ku adrenal\u00ednu v\u00a0Slovenskom Raji? Nad\u00fdcha\u0165 sa \u010derstv\u00e9ho vzduchu a\u00a0str\u00e1vi\u0165 n\u00e1dhern\u00fd de\u0148 v\u00a0pr\u00edrode? Turistika v\u00a0Zejmarskej rokline bude pre v\u00e1s to prav\u00e9. N\u00e1jdete v nej v\u0161etko, \u010do presl\u00e1vilo Slovensk\u00fd\u2026\" \/>\n<meta name=\"robots\" content=\"index, follow, max-snippet:-1, max-image-preview:large, max-video-preview:-1\" \/>\n<link rel=\"canonical\" href=\"https:\/\/www.kosiceregion.com\/hu\/zivot-dobrodruhov-zejmarska-roklina-a-geravy\/\" \/>\n<meta property=\"og:locale\" content=\"de_DE\" \/>\n<meta property=\"og:type\" content=\"article\" \/>\n<meta property=\"og:title\" content=\"\u017divot dobrodruhov: Zejmarsk\u00e1 roklina a Geravy\" \/>\n<meta property=\"og:description\" content=\"M\u00e1te chu\u0165 za\u017ei\u0165 tro\u0161ku adrenal\u00ednu v\u00a0Slovenskom Raji? Nad\u00fdcha\u0165 sa \u010derstv\u00e9ho vzduchu a\u00a0str\u00e1vi\u0165 n\u00e1dhern\u00fd de\u0148 v\u00a0pr\u00edrode? Turistika v\u00a0Zejmarskej rokline bude\" \/>\n<meta property=\"og:url\" content=\"https:\/\/www.kosiceregion.com\/de\/wp-json\/wp\/v2\/posts\/6786\" \/>\n<meta property=\"og:site_name\" content=\"Ko\u0161ice Regi\u00f3n\" \/>\n<meta property=\"article:publisher\" content=\"https:\/\/www.facebook.com\/kosiceregion\" \/>\n<meta property=\"article:published_time\" content=\"2021-06-15T13:27:45+00:00\" \/>\n<meta property=\"article:modified_time\" content=\"2021-06-15T13:27:47+00:00\" \/>\n<meta property=\"og:image\" content=\"https:\/\/www.kosiceregion.com\/wp-content\/uploads\/2021\/06\/titulka-1-scaled.jpg\" \/>\n\t<meta property=\"og:image:width\" content=\"2560\" \/>\n\t<meta property=\"og:image:height\" content=\"1707\" \/>\n\t<meta property=\"og:image:type\" content=\"image\/jpeg\" \/>\n<meta name=\"author\" content=\"Attila T\u00f6r\u00f6k\" \/>\n<meta name=\"twitter:card\" content=\"summary_large_image\" \/>\n<meta name=\"twitter:creator\" content=\"@KOSICEREGION\" \/>\n<meta name=\"twitter:site\" content=\"@KOSICEREGION\" \/>\n<meta name=\"twitter:label1\" content=\"Verfasst von\" \/>\n\t<meta name=\"twitter:data1\" content=\"Attila T\u00f6r\u00f6k\" \/>\n\t<meta name=\"twitter:label2\" content=\"Gesch\u00e4tzte Lesezeit\" \/>\n\t<meta name=\"twitter:data2\" content=\"6 minutes\" \/>\n<script type=\"application\/ld+json\" class=\"yoast-schema-graph\">{\"@context\":\"https:\\\/\\\/schema.org\",\"@graph\":[{\"@type\":\"Article\",\"@id\":\"https:\\\/\\\/www.kosiceregion.com\\\/hu\\\/zivot-dobrodruhov-zejmarska-roklina-a-geravy\\\/#article\",\"isPartOf\":{\"@id\":\"https:\\\/\\\/www.kosiceregion.com\\\/hu\\\/zivot-dobrodruhov-zejmarska-roklina-a-geravy\\\/\"},\"author\":{\"name\":\"Attila T\u00f6r\u00f6k\",\"@id\":\"https:\\\/\\\/www.kosiceregion.com\\\/#\\\/schema\\\/person\\\/c165be3d928462a4f7283533e3fa9f87\"},\"headline\":\"\u017divot dobrodruhov: Zejmarsk\u00e1 roklina a Geravy\",\"datePublished\":\"2021-06-15T13:27:45+00:00\",\"dateModified\":\"2021-06-15T13:27:47+00:00\",\"mainEntityOfPage\":{\"@id\":\"https:\\\/\\\/www.kosiceregion.com\\\/hu\\\/zivot-dobrodruhov-zejmarska-roklina-a-geravy\\\/\"},\"wordCount\":637,\"publisher\":{\"@id\":\"https:\\\/\\\/www.kosiceregion.com\\\/#organization\"},\"image\":{\"@id\":\"https:\\\/\\\/www.kosiceregion.com\\\/hu\\\/zivot-dobrodruhov-zejmarska-roklina-a-geravy\\\/#primaryimage\"},\"thumbnailUrl\":\"https:\\\/\\\/www.kosiceregion.com\\\/wp-content\\\/uploads\\\/2021\\\/06\\\/titulka-1-scaled.jpg\",\"keywords\":[\"Dedinky\",\"Geravy\",\"palcamnsk\u00e1 ma\u0161a\",\"Zejmarsk\u00e1 roklina\"],\"articleSection\":[\"In\u0161piruj sa\"],\"inLanguage\":\"de-DE\"},{\"@type\":\"WebPage\",\"@id\":\"https:\\\/\\\/www.kosiceregion.com\\\/hu\\\/zivot-dobrodruhov-zejmarska-roklina-a-geravy\\\/\",\"url\":\"https:\\\/\\\/www.kosiceregion.com\\\/hu\\\/zivot-dobrodruhov-zejmarska-roklina-a-geravy\\\/\",\"name\":\"\u017divot dobrodruhov: Zejmarsk\u00e1 roklina a Geravy - Ko\u0161ice Regi\u00f3n\",\"isPartOf\":{\"@id\":\"https:\\\/\\\/www.kosiceregion.com\\\/#website\"},\"primaryImageOfPage\":{\"@id\":\"https:\\\/\\\/www.kosiceregion.com\\\/hu\\\/zivot-dobrodruhov-zejmarska-roklina-a-geravy\\\/#primaryimage\"},\"image\":{\"@id\":\"https:\\\/\\\/www.kosiceregion.com\\\/hu\\\/zivot-dobrodruhov-zejmarska-roklina-a-geravy\\\/#primaryimage\"},\"thumbnailUrl\":\"https:\\\/\\\/www.kosiceregion.com\\\/wp-content\\\/uploads\\\/2021\\\/06\\\/titulka-1-scaled.jpg\",\"datePublished\":\"2021-06-15T13:27:45+00:00\",\"dateModified\":\"2021-06-15T13:27:47+00:00\",\"description\":\"M\u00e1te chu\u0165 za\u017ei\u0165 tro\u0161ku adrenal\u00ednu v\u00a0Slovenskom Raji? Nad\u00fdcha\u0165 sa \u010derstv\u00e9ho vzduchu a\u00a0str\u00e1vi\u0165 n\u00e1dhern\u00fd de\u0148 v\u00a0pr\u00edrode? Turistika v\u00a0Zejmarskej rokline bude\",\"breadcrumb\":{\"@id\":\"https:\\\/\\\/www.kosiceregion.com\\\/hu\\\/zivot-dobrodruhov-zejmarska-roklina-a-geravy\\\/#breadcrumb\"},\"inLanguage\":\"de-DE\",\"potentialAction\":[{\"@type\":\"ReadAction\",\"target\":[\"https:\\\/\\\/www.kosiceregion.com\\\/hu\\\/zivot-dobrodruhov-zejmarska-roklina-a-geravy\\\/\"]}]},{\"@type\":\"ImageObject\",\"inLanguage\":\"de-DE\",\"@id\":\"https:\\\/\\\/www.kosiceregion.com\\\/hu\\\/zivot-dobrodruhov-zejmarska-roklina-a-geravy\\\/#primaryimage\",\"url\":\"https:\\\/\\\/www.kosiceregion.com\\\/wp-content\\\/uploads\\\/2021\\\/06\\\/titulka-1-scaled.jpg\",\"contentUrl\":\"https:\\\/\\\/www.kosiceregion.com\\\/wp-content\\\/uploads\\\/2021\\\/06\\\/titulka-1-scaled.jpg\",\"width\":2560,\"height\":1707},{\"@type\":\"BreadcrumbList\",\"@id\":\"https:\\\/\\\/www.kosiceregion.com\\\/hu\\\/zivot-dobrodruhov-zejmarska-roklina-a-geravy\\\/#breadcrumb\",\"itemListElement\":[{\"@type\":\"ListItem\",\"position\":1,\"name\":\"Home\",\"item\":\"https:\\\/\\\/www.kosiceregion.com\\\/sk\\\/\"},{\"@type\":\"ListItem\",\"position\":2,\"name\":\"\u017divot dobrodruhov: Zejmarsk\u00e1 roklina a Geravy\"}]},{\"@type\":\"WebSite\",\"@id\":\"https:\\\/\\\/www.kosiceregion.com\\\/#website\",\"url\":\"https:\\\/\\\/www.kosiceregion.com\\\/\",\"name\":\"Ko\u0161ice Regi\u00f3n\",\"description\":\"Turistick\u00fd sprievodca Ko\u0161ick\u00fdm krajom\",\"publisher\":{\"@id\":\"https:\\\/\\\/www.kosiceregion.com\\\/#organization\"},\"potentialAction\":[{\"@type\":\"SearchAction\",\"target\":{\"@type\":\"EntryPoint\",\"urlTemplate\":\"https:\\\/\\\/www.kosiceregion.com\\\/?s={search_term_string}\"},\"query-input\":{\"@type\":\"PropertyValueSpecification\",\"valueRequired\":true,\"valueName\":\"search_term_string\"}}],\"inLanguage\":\"de-DE\"},{\"@type\":\"Organization\",\"@id\":\"https:\\\/\\\/www.kosiceregion.com\\\/#organization\",\"name\":\"Ko\u0161ice Regi\u00f3n Turizmus\",\"url\":\"https:\\\/\\\/www.kosiceregion.com\\\/\",\"logo\":{\"@type\":\"ImageObject\",\"inLanguage\":\"de-DE\",\"@id\":\"https:\\\/\\\/www.kosiceregion.com\\\/#\\\/schema\\\/logo\\\/image\\\/\",\"url\":\"https:\\\/\\\/www.kosiceregion.com\\\/wp-content\\\/uploads\\\/2019\\\/03\\\/logo-web-sk.png\",\"contentUrl\":\"https:\\\/\\\/www.kosiceregion.com\\\/wp-content\\\/uploads\\\/2019\\\/03\\\/logo-web-sk.png\",\"width\":225,\"height\":100,\"caption\":\"Ko\u0161ice Regi\u00f3n Turizmus\"},\"image\":{\"@id\":\"https:\\\/\\\/www.kosiceregion.com\\\/#\\\/schema\\\/logo\\\/image\\\/\"},\"sameAs\":[\"https:\\\/\\\/www.facebook.com\\\/kosiceregion\",\"https:\\\/\\\/x.com\\\/KOSICEREGION\",\"https:\\\/\\\/www.instagram.com\\\/kosiceregion\",\"https:\\\/\\\/www.youtube.com\\\/kosiceregion\"]},{\"@type\":\"Person\",\"@id\":\"https:\\\/\\\/www.kosiceregion.com\\\/#\\\/schema\\\/person\\\/c165be3d928462a4f7283533e3fa9f87\",\"name\":\"Attila T\u00f6r\u00f6k\",\"image\":{\"@type\":\"ImageObject\",\"inLanguage\":\"de-DE\",\"@id\":\"https:\\\/\\\/secure.gravatar.com\\\/avatar\\\/7536520a24f54162948fc01f9d450948fd7df6ba020d0e39b69d3dcb7e39ee10?s=96&d=mm&r=g\",\"url\":\"https:\\\/\\\/secure.gravatar.com\\\/avatar\\\/7536520a24f54162948fc01f9d450948fd7df6ba020d0e39b69d3dcb7e39ee10?s=96&d=mm&r=g\",\"contentUrl\":\"https:\\\/\\\/secure.gravatar.com\\\/avatar\\\/7536520a24f54162948fc01f9d450948fd7df6ba020d0e39b69d3dcb7e39ee10?s=96&d=mm&r=g\",\"caption\":\"Attila T\u00f6r\u00f6k\"}}]}<\/script>\n<!-- \/ Yoast SEO Premium plugin. -->","yoast_head_json":{"title":"Ko\u0161ice Regi\u00f3n","description":"M\u00e1te chu\u0165 za\u017ei\u0165 tro\u0161ku adrenal\u00ednu v\u00a0Slovenskom Raji? Nad\u00fdcha\u0165 sa \u010derstv\u00e9ho vzduchu a\u00a0str\u00e1vi\u0165 n\u00e1dhern\u00fd de\u0148 v\u00a0pr\u00edrode? Turistika v\u00a0Zejmarskej rokline bude pre v\u00e1s to prav\u00e9. N\u00e1jdete v nej v\u0161etko, \u010do presl\u00e1vilo Slovensk\u00fd\u2026","robots":{"index":"index","follow":"follow","max-snippet":"max-snippet:-1","max-image-preview":"max-image-preview:large","max-video-preview":"max-video-preview:-1"},"canonical":"https:\/\/www.kosiceregion.com\/hu\/zivot-dobrodruhov-zejmarska-roklina-a-geravy\/","og_locale":"de_DE","og_type":"article","og_title":"\u017divot dobrodruhov: Zejmarsk\u00e1 roklina a Geravy","og_description":"M\u00e1te chu\u0165 za\u017ei\u0165 tro\u0161ku adrenal\u00ednu v\u00a0Slovenskom Raji? Nad\u00fdcha\u0165 sa \u010derstv\u00e9ho vzduchu a\u00a0str\u00e1vi\u0165 n\u00e1dhern\u00fd de\u0148 v\u00a0pr\u00edrode? Turistika v\u00a0Zejmarskej rokline bude","og_url":"https:\/\/www.kosiceregion.com\/de\/wp-json\/wp\/v2\/posts\/6786","og_site_name":"Ko\u0161ice Regi\u00f3n","article_publisher":"https:\/\/www.facebook.com\/kosiceregion","article_published_time":"2021-06-15T13:27:45+00:00","article_modified_time":"2021-06-15T13:27:47+00:00","og_image":[{"width":2560,"height":1707,"url":"https:\/\/www.kosiceregion.com\/wp-content\/uploads\/2021\/06\/titulka-1-scaled.jpg","type":"image\/jpeg"}],"author":"Attila T\u00f6r\u00f6k","twitter_card":"summary_large_image","twitter_creator":"@KOSICEREGION","twitter_site":"@KOSICEREGION","twitter_misc":{"Verfasst von":"Attila T\u00f6r\u00f6k","Gesch\u00e4tzte Lesezeit":"6 minutes"},"schema":{"@context":"https:\/\/schema.org","@graph":[{"@type":"Article","@id":"https:\/\/www.kosiceregion.com\/hu\/zivot-dobrodruhov-zejmarska-roklina-a-geravy\/#article","isPartOf":{"@id":"https:\/\/www.kosiceregion.com\/hu\/zivot-dobrodruhov-zejmarska-roklina-a-geravy\/"},"author":{"name":"Attila T\u00f6r\u00f6k","@id":"https:\/\/www.kosiceregion.com\/#\/schema\/person\/c165be3d928462a4f7283533e3fa9f87"},"headline":"\u017divot dobrodruhov: Zejmarsk\u00e1 roklina a Geravy","datePublished":"2021-06-15T13:27:45+00:00","dateModified":"2021-06-15T13:27:47+00:00","mainEntityOfPage":{"@id":"https:\/\/www.kosiceregion.com\/hu\/zivot-dobrodruhov-zejmarska-roklina-a-geravy\/"},"wordCount":637,"publisher":{"@id":"https:\/\/www.kosiceregion.com\/#organization"},"image":{"@id":"https:\/\/www.kosiceregion.com\/hu\/zivot-dobrodruhov-zejmarska-roklina-a-geravy\/#primaryimage"},"thumbnailUrl":"https:\/\/www.kosiceregion.com\/wp-content\/uploads\/2021\/06\/titulka-1-scaled.jpg","keywords":["Dedinky","Geravy","palcamnsk\u00e1 ma\u0161a","Zejmarsk\u00e1 roklina"],"articleSection":["In\u0161piruj sa"],"inLanguage":"de-DE"},{"@type":"WebPage","@id":"https:\/\/www.kosiceregion.com\/hu\/zivot-dobrodruhov-zejmarska-roklina-a-geravy\/","url":"https:\/\/www.kosiceregion.com\/hu\/zivot-dobrodruhov-zejmarska-roklina-a-geravy\/","name":"\u017divot dobrodruhov: Zejmarsk\u00e1 roklina a Geravy - Ko\u0161ice Regi\u00f3n","isPartOf":{"@id":"https:\/\/www.kosiceregion.com\/#website"},"primaryImageOfPage":{"@id":"https:\/\/www.kosiceregion.com\/hu\/zivot-dobrodruhov-zejmarska-roklina-a-geravy\/#primaryimage"},"image":{"@id":"https:\/\/www.kosiceregion.com\/hu\/zivot-dobrodruhov-zejmarska-roklina-a-geravy\/#primaryimage"},"thumbnailUrl":"https:\/\/www.kosiceregion.com\/wp-content\/uploads\/2021\/06\/titulka-1-scaled.jpg","datePublished":"2021-06-15T13:27:45+00:00","dateModified":"2021-06-15T13:27:47+00:00","description":"M\u00e1te chu\u0165 za\u017ei\u0165 tro\u0161ku adrenal\u00ednu v\u00a0Slovenskom Raji? Nad\u00fdcha\u0165 sa \u010derstv\u00e9ho vzduchu a\u00a0str\u00e1vi\u0165 n\u00e1dhern\u00fd de\u0148 v\u00a0pr\u00edrode? Turistika v\u00a0Zejmarskej rokline bude","breadcrumb":{"@id":"https:\/\/www.kosiceregion.com\/hu\/zivot-dobrodruhov-zejmarska-roklina-a-geravy\/#breadcrumb"},"inLanguage":"de-DE","potentialAction":[{"@type":"ReadAction","target":["https:\/\/www.kosiceregion.com\/hu\/zivot-dobrodruhov-zejmarska-roklina-a-geravy\/"]}]},{"@type":"ImageObject","inLanguage":"de-DE","@id":"https:\/\/www.kosiceregion.com\/hu\/zivot-dobrodruhov-zejmarska-roklina-a-geravy\/#primaryimage","url":"https:\/\/www.kosiceregion.com\/wp-content\/uploads\/2021\/06\/titulka-1-scaled.jpg","contentUrl":"https:\/\/www.kosiceregion.com\/wp-content\/uploads\/2021\/06\/titulka-1-scaled.jpg","width":2560,"height":1707},{"@type":"BreadcrumbList","@id":"https:\/\/www.kosiceregion.com\/hu\/zivot-dobrodruhov-zejmarska-roklina-a-geravy\/#breadcrumb","itemListElement":[{"@type":"ListItem","position":1,"name":"Home","item":"https:\/\/www.kosiceregion.com\/sk\/"},{"@type":"ListItem","position":2,"name":"\u017divot dobrodruhov: Zejmarsk\u00e1 roklina a Geravy"}]},{"@type":"WebSite","@id":"https:\/\/www.kosiceregion.com\/#website","url":"https:\/\/www.kosiceregion.com\/","name":"Ko\u0161ice Regi\u00f3n","description":"Turistick\u00fd sprievodca Ko\u0161ick\u00fdm krajom","publisher":{"@id":"https:\/\/www.kosiceregion.com\/#organization"},"potentialAction":[{"@type":"SearchAction","target":{"@type":"EntryPoint","urlTemplate":"https:\/\/www.kosiceregion.com\/?s={search_term_string}"},"query-input":{"@type":"PropertyValueSpecification","valueRequired":true,"valueName":"search_term_string"}}],"inLanguage":"de-DE"},{"@type":"Organization","@id":"https:\/\/www.kosiceregion.com\/#organization","name":"Ko\u0161ice Regi\u00f3n Turizmus","url":"https:\/\/www.kosiceregion.com\/","logo":{"@type":"ImageObject","inLanguage":"de-DE","@id":"https:\/\/www.kosiceregion.com\/#\/schema\/logo\/image\/","url":"https:\/\/www.kosiceregion.com\/wp-content\/uploads\/2019\/03\/logo-web-sk.png","contentUrl":"https:\/\/www.kosiceregion.com\/wp-content\/uploads\/2019\/03\/logo-web-sk.png","width":225,"height":100,"caption":"Ko\u0161ice Regi\u00f3n Turizmus"},"image":{"@id":"https:\/\/www.kosiceregion.com\/#\/schema\/logo\/image\/"},"sameAs":["https:\/\/www.facebook.com\/kosiceregion","https:\/\/x.com\/KOSICEREGION","https:\/\/www.instagram.com\/kosiceregion","https:\/\/www.youtube.com\/kosiceregion"]},{"@type":"Person","@id":"https:\/\/www.kosiceregion.com\/#\/schema\/person\/c165be3d928462a4f7283533e3fa9f87","name":"Attila T\u00f6r\u00f6k","image":{"@type":"ImageObject","inLanguage":"de-DE","@id":"https:\/\/secure.gravatar.com\/avatar\/7536520a24f54162948fc01f9d450948fd7df6ba020d0e39b69d3dcb7e39ee10?s=96&d=mm&r=g","url":"https:\/\/secure.gravatar.com\/avatar\/7536520a24f54162948fc01f9d450948fd7df6ba020d0e39b69d3dcb7e39ee10?s=96&d=mm&r=g","contentUrl":"https:\/\/secure.gravatar.com\/avatar\/7536520a24f54162948fc01f9d450948fd7df6ba020d0e39b69d3dcb7e39ee10?s=96&d=mm&r=g","caption":"Attila T\u00f6r\u00f6k"}}]}},"_links":{"self":[{"href":"https:\/\/www.kosiceregion.com\/de\/wp-json\/wp\/v2\/posts\/6786","targetHints":{"allow":["GET"]}}],"collection":[{"href":"https:\/\/www.kosiceregion.com\/de\/wp-json\/wp\/v2\/posts"}],"about":[{"href":"https:\/\/www.kosiceregion.com\/de\/wp-json\/wp\/v2\/types\/post"}],"author":[{"embeddable":true,"href":"https:\/\/www.kosiceregion.com\/de\/wp-json\/wp\/v2\/users\/10"}],"replies":[{"embeddable":true,"href":"https:\/\/www.kosiceregion.com\/de\/wp-json\/wp\/v2\/comments?post=6786"}],"version-history":[{"count":1,"href":"https:\/\/www.kosiceregion.com\/de\/wp-json\/wp\/v2\/posts\/6786\/revisions"}],"predecessor-version":[{"id":6799,"href":"https:\/\/www.kosiceregion.com\/de\/wp-json\/wp\/v2\/posts\/6786\/revisions\/6799"}],"wp:featuredmedia":[{"embeddable":true,"href":"https:\/\/www.kosiceregion.com\/de\/wp-json\/wp\/v2\/media\/6798"}],"wp:attachment":[{"href":"https:\/\/www.kosiceregion.com\/de\/wp-json\/wp\/v2\/media?parent=6786"}],"wp:term":[{"taxonomy":"category","embeddable":true,"href":"https:\/\/www.kosiceregion.com\/de\/wp-json\/wp\/v2\/categories?post=6786"},{"taxonomy":"post_tag","embeddable":true,"href":"https:\/\/www.kosiceregion.com\/de\/wp-json\/wp\/v2\/tags?post=6786"}],"curies":[{"name":"wp","href":"https:\/\/api.w.org\/{rel}","templated":true}]}}