{"id":1156,"date":"2016-07-20T16:40:10","date_gmt":"2016-07-20T14:40:10","guid":{"rendered":"http:\/\/dest.kosiceregion.com\/sk\/?p=1156"},"modified":"2019-06-06T13:55:23","modified_gmt":"2019-06-06T11:55:23","slug":"","status":"publish","type":"news","link":"https:\/\/www.kosiceregion.com\/en\/news\/letna-prazdninova-sutaz-so-stastikom\/","title":{"rendered":"","raw":""},"content":{"rendered":"","protected":false,"raw":""},"excerpt":{"rendered":"","protected":false,"raw":""},"author":0,"featured_media":1160,"menu_order":0,"template":"","format":"standard","meta":{"_acf_changed":false,"_sk_post_content":"<!-- wp:tadv\/classic-paragraph -->\n<p><em><strong>Z\u00e1bavn\u00fa letn\u00fa pr\u00e1zdninov\u00fa s\u00fa\u0165a\u017e s n\u00e1zvom \u0160\u0165at\u00edkova cesta za poznan\u00edm a dobrodru\u017estvom v\u00e1m prin\u00e1\u0161a Oblastn\u00e1 organiz\u00e1cia cestovn\u00e9ho ruchu Slovensk\u00fd raj &amp; Spi\u0161 s finan\u010dnou podporou spolo\u010dnosti Embraco Slovakia, s. r. o., zo Spi\u0161skej Novej Vsi.<\/strong><\/em><\/p>\n<p>T\u00ed, \u010do prejd\u00fa cel\u00fa \u0160\u0165ast\u00edkovu cestu, bud\u00fa zaraden\u00ed do \u017erebovania o zauj\u00edmav\u00e9 ceny ako napr. <strong>v\u00edkendov\u00fd pobyt v rekrea\u010dnom stredisku Pora\u010d Park, vo\u013en\u00e9 vstupy do ZOO v Spi\u0161skej Novej Vsi \u010di lanov\u00e9ho parku, vecn\u00e9 ceny a mnoho \u010fal\u0161\u00edch<\/strong>. V\u0161etky ceny bud\u00fa zverejnen\u00e9 na weboch OOCR <a href=\"http:\/\/www.vraji.sk\/\" target=\"_blank\" rel=\"noopener noreferrer\">www.vraji.sk<\/a> a <a href=\"http:\/\/www.spis-region.sk\/\" target=\"_blank\" rel=\"noopener noreferrer\">www.spis-region.sk<\/a> najnesk\u00f4r do 31. 7. 2016.<\/p>\n<p>\u00dalohou s\u00fa\u0165a\u017eiacich je absolvova\u0165 <strong>7 s\u00fa\u0165a\u017en\u00fdch stanov\u00ed\u0161\u0165<\/strong>, ako napr. vyst\u00fapi\u0165 na najvy\u0161\u0161iu slovensk\u00fa kostoln\u00fa ve\u017eu v Spi\u0161skej Novej Vsi, odfoti\u0165 sa na Tom\u00e1\u0161ovskom v\u00fdh\u013eade v Slovenskom raji, odhali\u0165 z\u00e1hadu v ka\u0161tieli v Marku\u0161ovciach, \u010di splni\u0165 \u00falohy na farme na Samelovej l\u00fake. Na ka\u017edom stanovi\u0161ti \u010dak\u00e1 deti zauj\u00edmav\u00e1 v\u00fdzva. <strong>Ak sa im podar\u00ed zadanie splni\u0165, z\u00edskavaj\u00fa pe\u010diatku.<\/strong> Na postup do z\u00e1vere\u010dn\u00e9ho \u017erebovania <strong>potrebuj\u00fa nazbiera\u0165 7 pe\u010diatok<\/strong>. V pr\u00edpade, \u017ee im bude jedna ch\u00fdba\u0165, <strong>vyma\u013eovan\u00edm obr\u00e1zka \u0160\u0165ast\u00edka na s\u00fa\u0165a\u017enom let\u00e1ku z\u00edskavaj\u00fa \u017eol\u00edka<\/strong> ako n\u00e1hradu za \u0148u. Po splnen\u00ed \u00faloh m\u00f4\u017eu vyplnen\u00fd s\u00fa\u0165a\u017en\u00fd let\u00e1k <strong>odovzda\u0165 na ktoromko\u013evek s\u00fa\u0165a\u017enom stanovi\u0161ti<\/strong> alebo ho posla\u0165 po\u0161tou na adresu: <strong>OOCR Slovensk\u00fd raj &amp; Spi\u0161, N\u00e1bre\u017eie Horn\u00e1du 14, 052 01 Spi\u0161sk\u00e1 Nov\u00e1 Ves v ob\u00e1lke ozna\u010denej heslom \u201eLetn\u00e1 s\u00fa\u0165a\u017e\u201c najnesk\u00f4r do 5. 9. 2016<\/strong>.<\/p>\n<p><strong>S\u00fa\u0165a\u017e trv\u00e1 od 18. 7. do 31. 8. 2016.<\/strong> S\u00fa\u0165a\u017en\u00e9 let\u00e1ky s\u00fa v tla\u010denej podobe k dispoz\u00edcii na v\u0161etk\u00fdch s\u00fa\u0165a\u017en\u00fdch stanovi\u0161tiach. Je tie\u017e mo\u017en\u00e9 si ich stiahnu\u0165 v elektronickej podobe na weboch OOCR a zbiera\u0165 pe\u010diatky do vytla\u010denej k\u00f3pie. <strong>V\u00fdhercovia bud\u00fa vy\u017erebovan\u00ed d\u0148a 9. 9. 2016<\/strong> a v\u00fdsledky bud\u00fa zverejnen\u00e9 na u\u017e spom\u00ednan\u00fdch weboch OOCR.<\/p>\n<p><em><strong>\u201eVydajte sa po stop\u00e1ch \u0160\u0165ast\u00edka, za\u017eite rozpr\u00e1vkov\u00e9 leto na Spi\u0161i a spoznajte dovolenkov\u00fd raj!\u201c<\/strong><\/em><\/p>\n<!-- \/wp:tadv\/classic-paragraph -->\n\n<!-- wp:gallery {\"ids\":[1157,1158],\"linkTo\":\"media\",\"align\":\"center\",\"className\":\"aligncenter\"} -->\n<ul class=\"wp-block-gallery aligncenter columns-2 is-cropped\"><li class=\"blocks-gallery-item\"><figure><a href=\"https:\/\/www.kosiceregion.com\/wp-content\/uploads\/2019\/05\/stastik_1.jpg\"><img src=\"https:\/\/www.kosiceregion.com\/wp-content\/uploads\/2019\/05\/stastik_1.jpg\" alt=\"\" data-id=\"1157\" data-link=\"https:\/\/www.kosiceregion.com\/?attachment_id=1157\" class=\"wp-image-1157\"\/><\/a><\/figure><\/li><li class=\"blocks-gallery-item\"><figure><a href=\"https:\/\/www.kosiceregion.com\/wp-content\/uploads\/2019\/05\/stastik_2.jpg\"><img src=\"https:\/\/www.kosiceregion.com\/wp-content\/uploads\/2019\/05\/stastik_2.jpg\" alt=\"\" data-id=\"1158\" data-link=\"https:\/\/www.kosiceregion.com\/?attachment_id=1158\" class=\"wp-image-1158\"\/><\/a><\/figure><\/li><\/ul>\n<!-- \/wp:gallery -->\n\n<!-- wp:separator -->\n<hr class=\"wp-block-separator\"\/>\n<!-- \/wp:separator -->\n\n<!-- wp:file {\"id\":1159,\"href\":\"https:\/\/www.kosiceregion.com\/wp-content\/uploads\/2019\/05\/ts_stastik_final_1.docx\"} -->\n<div class=\"wp-block-file\"><a href=\"https:\/\/www.kosiceregion.com\/wp-content\/uploads\/2019\/05\/ts_stastik_final_1.docx\">ts_stastik_final<\/a><a href=\"https:\/\/www.kosiceregion.com\/wp-content\/uploads\/2019\/05\/ts_stastik_final_1.docx\" class=\"wp-block-file__button\" download>Stiahnu\u0165<\/a><\/div>\n<!-- \/wp:file -->","_sk_post_name":"letna-prazdninova-sutaz-so-stastikom","_sk_post_excerpt":"","_sk_post_title":"Letn\u00e1 pr\u00e1zdninov\u00e1 s\u00fa\u0165a\u017e so \u0160\u0165ast\u00edkom","_en_post_content":"","_en_post_name":"","_en_post_excerpt":"","_en_post_title":"","_hu_post_content":"","_hu_post_name":"","_hu_post_excerpt":"","_hu_post_title":"","_es_post_content":"","_es_post_name":"","_es_post_excerpt":"","_es_post_title":"","_de_post_content":"","_de_post_name":"","_de_post_excerpt":"","_de_post_title":"","_pl_post_content":"","_pl_post_name":"","_pl_post_excerpt":"","_pl_post_title":"","_it_post_content":"","_it_post_name":"","_it_post_excerpt":"","_it_post_title":"","edit_language":"en","footnotes":""},"tags":[33,70,59,198],"class_list":["post-1156","news","type-news","status-publish","format-standard","has-post-thumbnail","hentry","tag-slovensky-raj","tag-spis","tag-spisska-nova-ves","tag-stastik"],"acf":[],"yoast_head":"<!-- This site is optimized with the Yoast SEO Premium plugin v25.5 (Yoast SEO v27.4) - https:\/\/yoast.com\/product\/yoast-seo-premium-wordpress\/ -->\n<title>Ko\u0161ice Regi\u00f3n<\/title>\n<meta name=\"description\" content=\"Z\u00e1bavn\u00fa letn\u00fa pr\u00e1zdninov\u00fa s\u00fa\u0165a\u017e s n\u00e1zvom \u0160\u0165at\u00edkova cesta za poznan\u00edm a dobrodru\u017estvom v\u00e1m prin\u00e1\u0161a Oblastn\u00e1 organiz\u00e1cia cestovn\u00e9ho ruchu Slovensk\u00fd raj &amp; Spi\u0161 s finan\u010dnou podporou spolo\u010dnosti Embraco Slovakia, s. r. o.,\u2026\" \/>\n<meta name=\"robots\" content=\"index, follow, max-snippet:-1, max-image-preview:large, max-video-preview:-1\" \/>\n<link rel=\"canonical\" href=\"https:\/\/www.kosiceregion.com\/hu\/news\/letna-prazdninova-sutaz-so-stastikom\/\" \/>\n<meta property=\"og:locale\" content=\"en_GB\" \/>\n<meta property=\"og:type\" content=\"article\" \/>\n<meta property=\"og:title\" content=\"Letn\u00e1 pr\u00e1zdninov\u00e1 s\u00fa\u0165a\u017e so \u0160\u0165ast\u00edkom\" \/>\n<meta property=\"og:description\" content=\"Z\u00e1bavn\u00fa letn\u00fa pr\u00e1zdninov\u00fa s\u00fa\u0165a\u017e s n\u00e1zvom \u0160\u0165at\u00edkova cesta za poznan\u00edm a dobrodru\u017estvom v\u00e1m prin\u00e1\u0161a Oblastn\u00e1 organiz\u00e1cia cestovn\u00e9ho ruchu Slovensk\u00fd raj\" \/>\n<meta property=\"og:url\" content=\"https:\/\/www.kosiceregion.com\/en\/wp-json\/wp\/v2\/news\/1156\" \/>\n<meta property=\"og:site_name\" content=\"Ko\u0161ice Regi\u00f3n\" \/>\n<meta property=\"article:publisher\" content=\"https:\/\/www.facebook.com\/kosiceregion\" \/>\n<meta property=\"article:modified_time\" content=\"2019-06-06T11:55:23+00:00\" \/>\n<meta property=\"og:image\" content=\"https:\/\/www.kosiceregion.com\/wp-content\/uploads\/2019\/05\/stastko1200_800.jpg\" \/>\n\t<meta property=\"og:image:width\" content=\"1600\" \/>\n\t<meta property=\"og:image:height\" content=\"900\" \/>\n\t<meta property=\"og:image:type\" content=\"image\/jpeg\" \/>\n<meta name=\"twitter:card\" content=\"summary_large_image\" \/>\n<meta name=\"twitter:site\" content=\"@KOSICEREGION\" \/>\n<meta name=\"twitter:label1\" content=\"Estimated reading time\" \/>\n\t<meta name=\"twitter:data1\" content=\"2 minutes\" \/>\n<script type=\"application\/ld+json\" class=\"yoast-schema-graph\">{\"@context\":\"https:\\\/\\\/schema.org\",\"@graph\":[{\"@type\":\"WebPage\",\"@id\":\"https:\\\/\\\/www.kosiceregion.com\\\/hu\\\/news\\\/letna-prazdninova-sutaz-so-stastikom\\\/\",\"url\":\"https:\\\/\\\/www.kosiceregion.com\\\/hu\\\/news\\\/letna-prazdninova-sutaz-so-stastikom\\\/\",\"name\":\"Letn\u00e1 pr\u00e1zdninov\u00e1 s\u00fa\u0165a\u017e so \u0160\u0165ast\u00edkom - Ko\u0161ice Regi\u00f3n\",\"isPartOf\":{\"@id\":\"https:\\\/\\\/www.kosiceregion.com\\\/#website\"},\"primaryImageOfPage\":{\"@id\":\"https:\\\/\\\/www.kosiceregion.com\\\/hu\\\/news\\\/letna-prazdninova-sutaz-so-stastikom\\\/#primaryimage\"},\"image\":{\"@id\":\"https:\\\/\\\/www.kosiceregion.com\\\/hu\\\/news\\\/letna-prazdninova-sutaz-so-stastikom\\\/#primaryimage\"},\"thumbnailUrl\":\"https:\\\/\\\/www.kosiceregion.com\\\/wp-content\\\/uploads\\\/2019\\\/05\\\/stastko1200_800.jpg\",\"datePublished\":\"2016-07-20T14:40:10+00:00\",\"dateModified\":\"2019-06-06T11:55:23+00:00\",\"description\":\"Z\u00e1bavn\u00fa letn\u00fa pr\u00e1zdninov\u00fa s\u00fa\u0165a\u017e s n\u00e1zvom \u0160\u0165at\u00edkova cesta za poznan\u00edm a dobrodru\u017estvom v\u00e1m prin\u00e1\u0161a Oblastn\u00e1 organiz\u00e1cia cestovn\u00e9ho ruchu Slovensk\u00fd raj\",\"breadcrumb\":{\"@id\":\"https:\\\/\\\/www.kosiceregion.com\\\/hu\\\/news\\\/letna-prazdninova-sutaz-so-stastikom\\\/#breadcrumb\"},\"inLanguage\":\"en-GB\",\"potentialAction\":[{\"@type\":\"ReadAction\",\"target\":[\"https:\\\/\\\/www.kosiceregion.com\\\/hu\\\/news\\\/letna-prazdninova-sutaz-so-stastikom\\\/\"]}]},{\"@type\":\"ImageObject\",\"inLanguage\":\"en-GB\",\"@id\":\"https:\\\/\\\/www.kosiceregion.com\\\/hu\\\/news\\\/letna-prazdninova-sutaz-so-stastikom\\\/#primaryimage\",\"url\":\"https:\\\/\\\/www.kosiceregion.com\\\/wp-content\\\/uploads\\\/2019\\\/05\\\/stastko1200_800.jpg\",\"contentUrl\":\"https:\\\/\\\/www.kosiceregion.com\\\/wp-content\\\/uploads\\\/2019\\\/05\\\/stastko1200_800.jpg\",\"width\":1600,\"height\":900},{\"@type\":\"BreadcrumbList\",\"@id\":\"https:\\\/\\\/www.kosiceregion.com\\\/hu\\\/news\\\/letna-prazdninova-sutaz-so-stastikom\\\/#breadcrumb\",\"itemListElement\":[{\"@type\":\"ListItem\",\"position\":1,\"name\":\"Home\",\"item\":\"https:\\\/\\\/www.kosiceregion.com\\\/sk\\\/\"},{\"@type\":\"ListItem\",\"position\":2,\"name\":\"Letn\u00e1 pr\u00e1zdninov\u00e1 s\u00fa\u0165a\u017e so \u0160\u0165ast\u00edkom\"}]},{\"@type\":\"WebSite\",\"@id\":\"https:\\\/\\\/www.kosiceregion.com\\\/#website\",\"url\":\"https:\\\/\\\/www.kosiceregion.com\\\/\",\"name\":\"Ko\u0161ice Regi\u00f3n\",\"description\":\"Turistick\u00fd sprievodca Ko\u0161ick\u00fdm krajom\",\"publisher\":{\"@id\":\"https:\\\/\\\/www.kosiceregion.com\\\/#organization\"},\"potentialAction\":[{\"@type\":\"SearchAction\",\"target\":{\"@type\":\"EntryPoint\",\"urlTemplate\":\"https:\\\/\\\/www.kosiceregion.com\\\/?s={search_term_string}\"},\"query-input\":{\"@type\":\"PropertyValueSpecification\",\"valueRequired\":true,\"valueName\":\"search_term_string\"}}],\"inLanguage\":\"en-GB\"},{\"@type\":\"Organization\",\"@id\":\"https:\\\/\\\/www.kosiceregion.com\\\/#organization\",\"name\":\"Ko\u0161ice Regi\u00f3n Turizmus\",\"url\":\"https:\\\/\\\/www.kosiceregion.com\\\/\",\"logo\":{\"@type\":\"ImageObject\",\"inLanguage\":\"en-GB\",\"@id\":\"https:\\\/\\\/www.kosiceregion.com\\\/#\\\/schema\\\/logo\\\/image\\\/\",\"url\":\"https:\\\/\\\/www.kosiceregion.com\\\/wp-content\\\/uploads\\\/2019\\\/03\\\/logo-web-sk.png\",\"contentUrl\":\"https:\\\/\\\/www.kosiceregion.com\\\/wp-content\\\/uploads\\\/2019\\\/03\\\/logo-web-sk.png\",\"width\":225,\"height\":100,\"caption\":\"Ko\u0161ice Regi\u00f3n Turizmus\"},\"image\":{\"@id\":\"https:\\\/\\\/www.kosiceregion.com\\\/#\\\/schema\\\/logo\\\/image\\\/\"},\"sameAs\":[\"https:\\\/\\\/www.facebook.com\\\/kosiceregion\",\"https:\\\/\\\/x.com\\\/KOSICEREGION\",\"https:\\\/\\\/www.instagram.com\\\/kosiceregion\",\"https:\\\/\\\/www.youtube.com\\\/kosiceregion\"]}]}<\/script>\n<!-- \/ Yoast SEO Premium plugin. -->","yoast_head_json":{"title":"Ko\u0161ice Regi\u00f3n","description":"Z\u00e1bavn\u00fa letn\u00fa pr\u00e1zdninov\u00fa s\u00fa\u0165a\u017e s n\u00e1zvom \u0160\u0165at\u00edkova cesta za poznan\u00edm a dobrodru\u017estvom v\u00e1m prin\u00e1\u0161a Oblastn\u00e1 organiz\u00e1cia cestovn\u00e9ho ruchu Slovensk\u00fd raj &amp; Spi\u0161 s finan\u010dnou podporou spolo\u010dnosti Embraco Slovakia, s. r. o.,\u2026","robots":{"index":"index","follow":"follow","max-snippet":"max-snippet:-1","max-image-preview":"max-image-preview:large","max-video-preview":"max-video-preview:-1"},"canonical":"https:\/\/www.kosiceregion.com\/hu\/news\/letna-prazdninova-sutaz-so-stastikom\/","og_locale":"en_GB","og_type":"article","og_title":"Letn\u00e1 pr\u00e1zdninov\u00e1 s\u00fa\u0165a\u017e so \u0160\u0165ast\u00edkom","og_description":"Z\u00e1bavn\u00fa letn\u00fa pr\u00e1zdninov\u00fa s\u00fa\u0165a\u017e s n\u00e1zvom \u0160\u0165at\u00edkova cesta za poznan\u00edm a dobrodru\u017estvom v\u00e1m prin\u00e1\u0161a Oblastn\u00e1 organiz\u00e1cia cestovn\u00e9ho ruchu Slovensk\u00fd raj","og_url":"https:\/\/www.kosiceregion.com\/en\/wp-json\/wp\/v2\/news\/1156","og_site_name":"Ko\u0161ice Regi\u00f3n","article_publisher":"https:\/\/www.facebook.com\/kosiceregion","article_modified_time":"2019-06-06T11:55:23+00:00","og_image":[{"width":1600,"height":900,"url":"https:\/\/www.kosiceregion.com\/wp-content\/uploads\/2019\/05\/stastko1200_800.jpg","type":"image\/jpeg"}],"twitter_card":"summary_large_image","twitter_site":"@KOSICEREGION","twitter_misc":{"Estimated reading time":"2 minutes"},"schema":{"@context":"https:\/\/schema.org","@graph":[{"@type":"WebPage","@id":"https:\/\/www.kosiceregion.com\/hu\/news\/letna-prazdninova-sutaz-so-stastikom\/","url":"https:\/\/www.kosiceregion.com\/hu\/news\/letna-prazdninova-sutaz-so-stastikom\/","name":"Letn\u00e1 pr\u00e1zdninov\u00e1 s\u00fa\u0165a\u017e so \u0160\u0165ast\u00edkom - Ko\u0161ice Regi\u00f3n","isPartOf":{"@id":"https:\/\/www.kosiceregion.com\/#website"},"primaryImageOfPage":{"@id":"https:\/\/www.kosiceregion.com\/hu\/news\/letna-prazdninova-sutaz-so-stastikom\/#primaryimage"},"image":{"@id":"https:\/\/www.kosiceregion.com\/hu\/news\/letna-prazdninova-sutaz-so-stastikom\/#primaryimage"},"thumbnailUrl":"https:\/\/www.kosiceregion.com\/wp-content\/uploads\/2019\/05\/stastko1200_800.jpg","datePublished":"2016-07-20T14:40:10+00:00","dateModified":"2019-06-06T11:55:23+00:00","description":"Z\u00e1bavn\u00fa letn\u00fa pr\u00e1zdninov\u00fa s\u00fa\u0165a\u017e s n\u00e1zvom \u0160\u0165at\u00edkova cesta za poznan\u00edm a dobrodru\u017estvom v\u00e1m prin\u00e1\u0161a Oblastn\u00e1 organiz\u00e1cia cestovn\u00e9ho ruchu Slovensk\u00fd raj","breadcrumb":{"@id":"https:\/\/www.kosiceregion.com\/hu\/news\/letna-prazdninova-sutaz-so-stastikom\/#breadcrumb"},"inLanguage":"en-GB","potentialAction":[{"@type":"ReadAction","target":["https:\/\/www.kosiceregion.com\/hu\/news\/letna-prazdninova-sutaz-so-stastikom\/"]}]},{"@type":"ImageObject","inLanguage":"en-GB","@id":"https:\/\/www.kosiceregion.com\/hu\/news\/letna-prazdninova-sutaz-so-stastikom\/#primaryimage","url":"https:\/\/www.kosiceregion.com\/wp-content\/uploads\/2019\/05\/stastko1200_800.jpg","contentUrl":"https:\/\/www.kosiceregion.com\/wp-content\/uploads\/2019\/05\/stastko1200_800.jpg","width":1600,"height":900},{"@type":"BreadcrumbList","@id":"https:\/\/www.kosiceregion.com\/hu\/news\/letna-prazdninova-sutaz-so-stastikom\/#breadcrumb","itemListElement":[{"@type":"ListItem","position":1,"name":"Home","item":"https:\/\/www.kosiceregion.com\/sk\/"},{"@type":"ListItem","position":2,"name":"Letn\u00e1 pr\u00e1zdninov\u00e1 s\u00fa\u0165a\u017e so \u0160\u0165ast\u00edkom"}]},{"@type":"WebSite","@id":"https:\/\/www.kosiceregion.com\/#website","url":"https:\/\/www.kosiceregion.com\/","name":"Ko\u0161ice Regi\u00f3n","description":"Turistick\u00fd sprievodca Ko\u0161ick\u00fdm krajom","publisher":{"@id":"https:\/\/www.kosiceregion.com\/#organization"},"potentialAction":[{"@type":"SearchAction","target":{"@type":"EntryPoint","urlTemplate":"https:\/\/www.kosiceregion.com\/?s={search_term_string}"},"query-input":{"@type":"PropertyValueSpecification","valueRequired":true,"valueName":"search_term_string"}}],"inLanguage":"en-GB"},{"@type":"Organization","@id":"https:\/\/www.kosiceregion.com\/#organization","name":"Ko\u0161ice Regi\u00f3n Turizmus","url":"https:\/\/www.kosiceregion.com\/","logo":{"@type":"ImageObject","inLanguage":"en-GB","@id":"https:\/\/www.kosiceregion.com\/#\/schema\/logo\/image\/","url":"https:\/\/www.kosiceregion.com\/wp-content\/uploads\/2019\/03\/logo-web-sk.png","contentUrl":"https:\/\/www.kosiceregion.com\/wp-content\/uploads\/2019\/03\/logo-web-sk.png","width":225,"height":100,"caption":"Ko\u0161ice Regi\u00f3n Turizmus"},"image":{"@id":"https:\/\/www.kosiceregion.com\/#\/schema\/logo\/image\/"},"sameAs":["https:\/\/www.facebook.com\/kosiceregion","https:\/\/x.com\/KOSICEREGION","https:\/\/www.instagram.com\/kosiceregion","https:\/\/www.youtube.com\/kosiceregion"]}]}},"_links":{"self":[{"href":"https:\/\/www.kosiceregion.com\/en\/wp-json\/wp\/v2\/news\/1156","targetHints":{"allow":["GET"]}}],"collection":[{"href":"https:\/\/www.kosiceregion.com\/en\/wp-json\/wp\/v2\/news"}],"about":[{"href":"https:\/\/www.kosiceregion.com\/en\/wp-json\/wp\/v2\/types\/news"}],"version-history":[{"count":1,"href":"https:\/\/www.kosiceregion.com\/en\/wp-json\/wp\/v2\/news\/1156\/revisions"}],"predecessor-version":[{"id":1161,"href":"https:\/\/www.kosiceregion.com\/en\/wp-json\/wp\/v2\/news\/1156\/revisions\/1161"}],"wp:featuredmedia":[{"embeddable":true,"href":"https:\/\/www.kosiceregion.com\/en\/wp-json\/wp\/v2\/media\/1160"}],"wp:attachment":[{"href":"https:\/\/www.kosiceregion.com\/en\/wp-json\/wp\/v2\/media?parent=1156"}],"wp:term":[{"taxonomy":"post_tag","embeddable":true,"href":"https:\/\/www.kosiceregion.com\/en\/wp-json\/wp\/v2\/tags?post=1156"}],"curies":[{"name":"wp","href":"https:\/\/api.w.org\/{rel}","templated":true}]}}