{"id":1460,"date":"2016-02-08T14:46:35","date_gmt":"2016-02-08T13:46:35","guid":{"rendered":"http:\/\/dest.kosiceregion.com\/sk\/?p=1460"},"modified":"2019-06-06T14:03:05","modified_gmt":"2019-06-06T12:03:05","slug":"","status":"publish","type":"news","link":"https:\/\/www.kosiceregion.com\/en\/news\/pankuskove-fasiangy-vyvrcholili-pochovavanim-basy\/","title":{"rendered":"","raw":""},"content":{"rendered":"","protected":false,"raw":""},"excerpt":{"rendered":"","protected":false,"raw":""},"author":0,"featured_media":1461,"menu_order":0,"template":"","format":"standard","meta":{"_acf_changed":false,"_sk_post_content":"<!-- wp:tadv\/classic-paragraph -->\n<p>Pochov\u00e1van\u00edm basy v podan\u00ed folkl\u00f3rneho s\u00faboru Krompa\u0161an vyvrcholili cez v\u00edkend v rekrea\u010dnom ly\u017eiarskom stredisku Plejsy Krompachy Panku\u0161kov\u00e9 fa\u0161iangy, ktor\u00e9 s\u00fa zaraden\u00e9 medzi TOP podujatia programu Terra Incognita. K tradi\u010dn\u00fdm fa\u0161iangov\u00fdm jedl\u00e1m na Spi\u0161i patrili panku\u0161ky \u2013 po slovensky \u0161i\u0161ky, od ich n\u00e1re\u010dov\u00e9ho pomenovania je odvoden\u00fd aj n\u00e1zov podujatia.<\/p>\n<p>Je to prv\u00e9 tohtoro\u010dn\u00e9 podujatie zaraden\u00e9 do TOP 10 v r\u00e1mci programu Terra Incognita. Organiz\u00e1tori \u2013 mesto Krompachy v spolupr\u00e1ci s Krajskou organiz\u00e1ciou cestovn\u00e9ho ruchu Ko\u0161ick\u00fd kraj, Hotel Plejsy a Relax centrum Plejsy, pripravili bohat\u00fd program zameran\u00fd na \u013eudov\u00e9 zvyky via\u017euce sa k fa\u0161iangom.<\/p>\n<p>Dvojd\u0148ov\u00e9 podujatie, ktor\u00e9 sa konalo 6. a 7. febru\u00e1ra, u\u017e \u0161tvrt\u00fdkr\u00e1t nav\u0161t\u00edvilo nieko\u013eko tis\u00edc n\u00e1v\u0161tevn\u00edkov, najm\u00e4 dom\u00e1cich a z bl\u00edzkeho regi\u00f3nu, ale aj z \u010fal\u0161\u00edch miest v\u00fdchodn\u00e9ho Slovenska. Pod\u013ea odhadu prim\u00e1torky Kromp\u00e1ch ich na Plejsy za dva dni pri\u0161lo okolo p\u00e4\u0165tis\u00edc.<\/p>\n<p>Na Panku\u0161kov\u00fdch fa\u0161iangoch panovala vynikaj\u00faca n\u00e1lada a komu sa prejedol folkl\u00f3r, mohol si pochutna\u0165 na v\u00fdborn\u00fdch panku\u0161k\u00e1ch, fa\u0161iangovom pun\u010di, zab\u00edja\u010dkov\u00fdch \u0161pecialit\u00e1ch, \u010di zapoji\u0165 sa do r\u00f4znych s\u00fa\u0165a\u017e\u00ed.<\/p>\n<p>Fa\u0161iangov\u00e9 \u013eudov\u00e9 oby\u010daje a zvyky n\u00e1v\u0161tevn\u00edkom pribl\u00ed\u017eili folkl\u00f3rne s\u00fabory z okolit\u00fdch ded\u00edn . Zaujali aj vyst\u00fapenia s\u00faboru \u0160ari\u0161an, Rus\u00ednske holosy i dom\u00e1ci folkl\u00f3rny s\u00fabor Krompa\u0161an. Jednoducho, dva dni bola na Plejsoch v\u00fdborn\u00e1 atmosf\u00e9ra.<\/p>\n<p>V sobotu n\u00e1v\u0161tevn\u00edci videli zab\u00edja\u010dku v podan\u00ed dolnozemsk\u00fdch Slov\u00e1kov z rumunsk\u00e9ho Nadlaku, ktor\u00ed priamo na mieste vyr\u00e1bali \u0161peci\u00e1lne klob\u00e1sy a na ochutn\u00e1vku doniesli aj svoju \u0161pecialitu \u2013 vysu\u0161en\u00fa nadlack\u00fa klob\u00e1su.<\/p>\n<p>Ako uviedla prim\u00e1torka Kromp\u00e1ch Iveta Ru\u0161inov\u00e1, Nadlak je partnersk\u00fdm mestom a tamoj\u0161\u00ed Slov\u00e1ci sem chodia u\u017e nieko\u013eko rokov. Ich zab\u00edja\u010dka a \u0161peciality, najm\u00e4 klob\u00e1sy, patria k atrakci\u00e1m tohto podujatia. Z\u00e1stupca prim\u00e1tora Nadlaku Du\u0161an \u0160omr\u00e1k ani za svet nechcel prezradi\u0165 recept na v\u00fdrobu nadlackej klob\u00e1sy. Povedal, \u017ee tou z\u00e1zra\u010dnou ingredienciou, ktor\u00e1 d\u00e1va nadlackej klob\u00e1se \u0161pecifick\u00fa chu\u0165, je paprika vypestovan\u00e1 a spracovan\u00e1 v ich regi\u00f3ne.<\/p>\n<p>Atmosf\u00e9ru podujatia si pochva\u013eovali nielen dom\u00e1ci Krompa\u0161ania. \u201eSme tu s rodinou na ly\u017eova\u010dke a ja som tak\u00e9 nie\u010do za\u017eila prv\u00fd raz a ve\u013emi sa mi to p\u00e1\u010di,\u201c povedala pani z \u010desk\u00e9ho Sokolova. Medzi n\u00e1v\u0161tevn\u00edkmi boli mnoh\u00ed Ko\u0161i\u010dania, ktor\u00ed pri\u0161li ly\u017eova\u0165, lebo pr\u00edmestsk\u00e9 ly\u017eiarske stredisko na Jahodnej nie je v prev\u00e1dzke. \u201eJe tu super, u\u017e sme ly\u017eovali dos\u0165, ale ost\u00e1vame a\u017e do ve\u010dera. Je to tu fantastick\u00e9, \u201c prezradil n\u00e1m jeden z Ko\u0161i\u010danov.<\/p>\n<p>\u201eSom rada, \u017ee si mnoho \u013eud\u00ed nielen z Kromp\u00e1ch, na\u0161lo cestu na Panku\u0161kov\u00e9 fa\u0161iangy. Sna\u017eili sme sa, aby sa tu dobre c\u00edtili a ni\u010d im nech\u00fdbalo,\u201c povedala Ru\u0161inov\u00e1.<\/p>\n<p>Pochovan\u00edm basy sa jedny Panku\u0161kov\u00e9 fa\u0161iangy skon\u010dili, no ako povedala pani prim\u00e1torka, onedlho za\u010dn\u00fa s pr\u00edpravou u\u017e jubilejn\u00e9ho, piateho ro\u010dn\u00edka. Snahou organiz\u00e1torov bude, aby bol onakvej\u0161\u00ed ako v\u0161etky doteraj\u0161ie.<\/p>\n<p>Autor: Mari\u00e1n Angelovi\u010d<\/p>\n<!-- \/wp:tadv\/classic-paragraph -->","_sk_post_name":"pankuskove-fasiangy-vyvrcholili-pochovavanim-basy","_sk_post_excerpt":"","_sk_post_title":"Panku\u0161kov\u00e9 fa\u0161iangy vyvrcholili pochov\u00e1van\u00edm basy","_en_post_content":"","_en_post_name":"","_en_post_excerpt":"","_en_post_title":"","_hu_post_content":"","_hu_post_name":"","_hu_post_excerpt":"","_hu_post_title":"","_es_post_content":"","_es_post_name":"","_es_post_excerpt":"","_es_post_title":"","_de_post_content":"","_de_post_name":"","_de_post_excerpt":"","_de_post_title":"","_pl_post_content":"","_pl_post_name":"","_pl_post_excerpt":"","_pl_post_title":"","_it_post_content":"","_it_post_name":"","_it_post_excerpt":"","_it_post_title":"","edit_language":"en","footnotes":""},"tags":[175,174,176,157],"class_list":["post-1460","news","type-news","status-publish","format-standard","has-post-thumbnail","hentry","tag-krompachy","tag-pankuskove-fasiangy","tag-plejsy","tag-terra-incognita"],"acf":[],"yoast_head":"<!-- This site is optimized with the Yoast SEO Premium plugin v25.5 (Yoast SEO v27.4) - https:\/\/yoast.com\/product\/yoast-seo-premium-wordpress\/ -->\n<title>Ko\u0161ice Regi\u00f3n<\/title>\n<meta name=\"description\" content=\"Pochov\u00e1van\u00edm basy v podan\u00ed folkl\u00f3rneho s\u00faboru Krompa\u0161an vyvrcholili cez v\u00edkend v rekrea\u010dnom ly\u017eiarskom stredisku Plejsy Krompachy Panku\u0161kov\u00e9 fa\u0161iangy, ktor\u00e9 s\u00fa zaraden\u00e9 medzi TOP podujatia programu Terra Incognita. K tradi\u010dn\u00fdm\u2026\" \/>\n<meta name=\"robots\" content=\"index, follow, max-snippet:-1, max-image-preview:large, max-video-preview:-1\" \/>\n<link rel=\"canonical\" href=\"https:\/\/www.kosiceregion.com\/hu\/news\/pankuskove-fasiangy-vyvrcholili-pochovavanim-basy\/\" \/>\n<meta property=\"og:locale\" content=\"en_GB\" \/>\n<meta property=\"og:type\" content=\"article\" \/>\n<meta property=\"og:title\" content=\"Panku\u0161kov\u00e9 fa\u0161iangy vyvrcholili pochov\u00e1van\u00edm basy\" \/>\n<meta property=\"og:description\" content=\"Pochov\u00e1van\u00edm basy v podan\u00ed folkl\u00f3rneho s\u00faboru Krompa\u0161an vyvrcholili cez v\u00edkend v rekrea\u010dnom ly\u017eiarskom stredisku Plejsy Krompachy Panku\u0161kov\u00e9 fa\u0161iangy,\" \/>\n<meta property=\"og:url\" content=\"https:\/\/www.kosiceregion.com\/en\/wp-json\/wp\/v2\/news\/1460\" \/>\n<meta property=\"og:site_name\" content=\"Ko\u0161ice Regi\u00f3n\" \/>\n<meta property=\"article:publisher\" content=\"https:\/\/www.facebook.com\/kosiceregion\" \/>\n<meta property=\"article:modified_time\" content=\"2019-06-06T12:03:05+00:00\" \/>\n<meta property=\"og:image\" content=\"https:\/\/www.kosiceregion.com\/wp-content\/uploads\/2019\/05\/pankuskove_fasiangy_2015_torok_137.jpg\" \/>\n\t<meta property=\"og:image:width\" content=\"1600\" \/>\n\t<meta property=\"og:image:height\" content=\"900\" \/>\n\t<meta property=\"og:image:type\" content=\"image\/jpeg\" \/>\n<meta name=\"twitter:card\" content=\"summary_large_image\" \/>\n<meta name=\"twitter:site\" content=\"@KOSICEREGION\" \/>\n<meta name=\"twitter:label1\" content=\"Estimated reading time\" \/>\n\t<meta name=\"twitter:data1\" content=\"3 minutes\" \/>\n<script type=\"application\/ld+json\" class=\"yoast-schema-graph\">{\"@context\":\"https:\\\/\\\/schema.org\",\"@graph\":[{\"@type\":\"WebPage\",\"@id\":\"https:\\\/\\\/www.kosiceregion.com\\\/hu\\\/news\\\/pankuskove-fasiangy-vyvrcholili-pochovavanim-basy\\\/\",\"url\":\"https:\\\/\\\/www.kosiceregion.com\\\/hu\\\/news\\\/pankuskove-fasiangy-vyvrcholili-pochovavanim-basy\\\/\",\"name\":\"Panku\u0161kov\u00e9 fa\u0161iangy vyvrcholili pochov\u00e1van\u00edm basy - Ko\u0161ice Regi\u00f3n\",\"isPartOf\":{\"@id\":\"https:\\\/\\\/www.kosiceregion.com\\\/#website\"},\"primaryImageOfPage\":{\"@id\":\"https:\\\/\\\/www.kosiceregion.com\\\/hu\\\/news\\\/pankuskove-fasiangy-vyvrcholili-pochovavanim-basy\\\/#primaryimage\"},\"image\":{\"@id\":\"https:\\\/\\\/www.kosiceregion.com\\\/hu\\\/news\\\/pankuskove-fasiangy-vyvrcholili-pochovavanim-basy\\\/#primaryimage\"},\"thumbnailUrl\":\"https:\\\/\\\/www.kosiceregion.com\\\/wp-content\\\/uploads\\\/2019\\\/05\\\/pankuskove_fasiangy_2015_torok_137.jpg\",\"datePublished\":\"2016-02-08T13:46:35+00:00\",\"dateModified\":\"2019-06-06T12:03:05+00:00\",\"description\":\"Pochov\u00e1van\u00edm basy v podan\u00ed folkl\u00f3rneho s\u00faboru Krompa\u0161an vyvrcholili cez v\u00edkend v rekrea\u010dnom ly\u017eiarskom stredisku Plejsy Krompachy Panku\u0161kov\u00e9 fa\u0161iangy,\",\"breadcrumb\":{\"@id\":\"https:\\\/\\\/www.kosiceregion.com\\\/hu\\\/news\\\/pankuskove-fasiangy-vyvrcholili-pochovavanim-basy\\\/#breadcrumb\"},\"inLanguage\":\"en-GB\",\"potentialAction\":[{\"@type\":\"ReadAction\",\"target\":[\"https:\\\/\\\/www.kosiceregion.com\\\/hu\\\/news\\\/pankuskove-fasiangy-vyvrcholili-pochovavanim-basy\\\/\"]}]},{\"@type\":\"ImageObject\",\"inLanguage\":\"en-GB\",\"@id\":\"https:\\\/\\\/www.kosiceregion.com\\\/hu\\\/news\\\/pankuskove-fasiangy-vyvrcholili-pochovavanim-basy\\\/#primaryimage\",\"url\":\"https:\\\/\\\/www.kosiceregion.com\\\/wp-content\\\/uploads\\\/2019\\\/05\\\/pankuskove_fasiangy_2015_torok_137.jpg\",\"contentUrl\":\"https:\\\/\\\/www.kosiceregion.com\\\/wp-content\\\/uploads\\\/2019\\\/05\\\/pankuskove_fasiangy_2015_torok_137.jpg\",\"width\":1600,\"height\":900},{\"@type\":\"BreadcrumbList\",\"@id\":\"https:\\\/\\\/www.kosiceregion.com\\\/hu\\\/news\\\/pankuskove-fasiangy-vyvrcholili-pochovavanim-basy\\\/#breadcrumb\",\"itemListElement\":[{\"@type\":\"ListItem\",\"position\":1,\"name\":\"Home\",\"item\":\"https:\\\/\\\/www.kosiceregion.com\\\/sk\\\/\"},{\"@type\":\"ListItem\",\"position\":2,\"name\":\"Panku\u0161kov\u00e9 fa\u0161iangy vyvrcholili pochov\u00e1van\u00edm basy\"}]},{\"@type\":\"WebSite\",\"@id\":\"https:\\\/\\\/www.kosiceregion.com\\\/#website\",\"url\":\"https:\\\/\\\/www.kosiceregion.com\\\/\",\"name\":\"Ko\u0161ice Regi\u00f3n\",\"description\":\"Turistick\u00fd sprievodca Ko\u0161ick\u00fdm krajom\",\"publisher\":{\"@id\":\"https:\\\/\\\/www.kosiceregion.com\\\/#organization\"},\"potentialAction\":[{\"@type\":\"SearchAction\",\"target\":{\"@type\":\"EntryPoint\",\"urlTemplate\":\"https:\\\/\\\/www.kosiceregion.com\\\/?s={search_term_string}\"},\"query-input\":{\"@type\":\"PropertyValueSpecification\",\"valueRequired\":true,\"valueName\":\"search_term_string\"}}],\"inLanguage\":\"en-GB\"},{\"@type\":\"Organization\",\"@id\":\"https:\\\/\\\/www.kosiceregion.com\\\/#organization\",\"name\":\"Ko\u0161ice Regi\u00f3n Turizmus\",\"url\":\"https:\\\/\\\/www.kosiceregion.com\\\/\",\"logo\":{\"@type\":\"ImageObject\",\"inLanguage\":\"en-GB\",\"@id\":\"https:\\\/\\\/www.kosiceregion.com\\\/#\\\/schema\\\/logo\\\/image\\\/\",\"url\":\"https:\\\/\\\/www.kosiceregion.com\\\/wp-content\\\/uploads\\\/2019\\\/03\\\/logo-web-sk.png\",\"contentUrl\":\"https:\\\/\\\/www.kosiceregion.com\\\/wp-content\\\/uploads\\\/2019\\\/03\\\/logo-web-sk.png\",\"width\":225,\"height\":100,\"caption\":\"Ko\u0161ice Regi\u00f3n Turizmus\"},\"image\":{\"@id\":\"https:\\\/\\\/www.kosiceregion.com\\\/#\\\/schema\\\/logo\\\/image\\\/\"},\"sameAs\":[\"https:\\\/\\\/www.facebook.com\\\/kosiceregion\",\"https:\\\/\\\/x.com\\\/KOSICEREGION\",\"https:\\\/\\\/www.instagram.com\\\/kosiceregion\",\"https:\\\/\\\/www.youtube.com\\\/kosiceregion\"]}]}<\/script>\n<!-- \/ Yoast SEO Premium plugin. -->","yoast_head_json":{"title":"Ko\u0161ice Regi\u00f3n","description":"Pochov\u00e1van\u00edm basy v podan\u00ed folkl\u00f3rneho s\u00faboru Krompa\u0161an vyvrcholili cez v\u00edkend v rekrea\u010dnom ly\u017eiarskom stredisku Plejsy Krompachy Panku\u0161kov\u00e9 fa\u0161iangy, ktor\u00e9 s\u00fa zaraden\u00e9 medzi TOP podujatia programu Terra Incognita. K tradi\u010dn\u00fdm\u2026","robots":{"index":"index","follow":"follow","max-snippet":"max-snippet:-1","max-image-preview":"max-image-preview:large","max-video-preview":"max-video-preview:-1"},"canonical":"https:\/\/www.kosiceregion.com\/hu\/news\/pankuskove-fasiangy-vyvrcholili-pochovavanim-basy\/","og_locale":"en_GB","og_type":"article","og_title":"Panku\u0161kov\u00e9 fa\u0161iangy vyvrcholili pochov\u00e1van\u00edm basy","og_description":"Pochov\u00e1van\u00edm basy v podan\u00ed folkl\u00f3rneho s\u00faboru Krompa\u0161an vyvrcholili cez v\u00edkend v rekrea\u010dnom ly\u017eiarskom stredisku Plejsy Krompachy Panku\u0161kov\u00e9 fa\u0161iangy,","og_url":"https:\/\/www.kosiceregion.com\/en\/wp-json\/wp\/v2\/news\/1460","og_site_name":"Ko\u0161ice Regi\u00f3n","article_publisher":"https:\/\/www.facebook.com\/kosiceregion","article_modified_time":"2019-06-06T12:03:05+00:00","og_image":[{"width":1600,"height":900,"url":"https:\/\/www.kosiceregion.com\/wp-content\/uploads\/2019\/05\/pankuskove_fasiangy_2015_torok_137.jpg","type":"image\/jpeg"}],"twitter_card":"summary_large_image","twitter_site":"@KOSICEREGION","twitter_misc":{"Estimated reading time":"3 minutes"},"schema":{"@context":"https:\/\/schema.org","@graph":[{"@type":"WebPage","@id":"https:\/\/www.kosiceregion.com\/hu\/news\/pankuskove-fasiangy-vyvrcholili-pochovavanim-basy\/","url":"https:\/\/www.kosiceregion.com\/hu\/news\/pankuskove-fasiangy-vyvrcholili-pochovavanim-basy\/","name":"Panku\u0161kov\u00e9 fa\u0161iangy vyvrcholili pochov\u00e1van\u00edm basy - Ko\u0161ice Regi\u00f3n","isPartOf":{"@id":"https:\/\/www.kosiceregion.com\/#website"},"primaryImageOfPage":{"@id":"https:\/\/www.kosiceregion.com\/hu\/news\/pankuskove-fasiangy-vyvrcholili-pochovavanim-basy\/#primaryimage"},"image":{"@id":"https:\/\/www.kosiceregion.com\/hu\/news\/pankuskove-fasiangy-vyvrcholili-pochovavanim-basy\/#primaryimage"},"thumbnailUrl":"https:\/\/www.kosiceregion.com\/wp-content\/uploads\/2019\/05\/pankuskove_fasiangy_2015_torok_137.jpg","datePublished":"2016-02-08T13:46:35+00:00","dateModified":"2019-06-06T12:03:05+00:00","description":"Pochov\u00e1van\u00edm basy v podan\u00ed folkl\u00f3rneho s\u00faboru Krompa\u0161an vyvrcholili cez v\u00edkend v rekrea\u010dnom ly\u017eiarskom stredisku Plejsy Krompachy Panku\u0161kov\u00e9 fa\u0161iangy,","breadcrumb":{"@id":"https:\/\/www.kosiceregion.com\/hu\/news\/pankuskove-fasiangy-vyvrcholili-pochovavanim-basy\/#breadcrumb"},"inLanguage":"en-GB","potentialAction":[{"@type":"ReadAction","target":["https:\/\/www.kosiceregion.com\/hu\/news\/pankuskove-fasiangy-vyvrcholili-pochovavanim-basy\/"]}]},{"@type":"ImageObject","inLanguage":"en-GB","@id":"https:\/\/www.kosiceregion.com\/hu\/news\/pankuskove-fasiangy-vyvrcholili-pochovavanim-basy\/#primaryimage","url":"https:\/\/www.kosiceregion.com\/wp-content\/uploads\/2019\/05\/pankuskove_fasiangy_2015_torok_137.jpg","contentUrl":"https:\/\/www.kosiceregion.com\/wp-content\/uploads\/2019\/05\/pankuskove_fasiangy_2015_torok_137.jpg","width":1600,"height":900},{"@type":"BreadcrumbList","@id":"https:\/\/www.kosiceregion.com\/hu\/news\/pankuskove-fasiangy-vyvrcholili-pochovavanim-basy\/#breadcrumb","itemListElement":[{"@type":"ListItem","position":1,"name":"Home","item":"https:\/\/www.kosiceregion.com\/sk\/"},{"@type":"ListItem","position":2,"name":"Panku\u0161kov\u00e9 fa\u0161iangy vyvrcholili pochov\u00e1van\u00edm basy"}]},{"@type":"WebSite","@id":"https:\/\/www.kosiceregion.com\/#website","url":"https:\/\/www.kosiceregion.com\/","name":"Ko\u0161ice Regi\u00f3n","description":"Turistick\u00fd sprievodca Ko\u0161ick\u00fdm krajom","publisher":{"@id":"https:\/\/www.kosiceregion.com\/#organization"},"potentialAction":[{"@type":"SearchAction","target":{"@type":"EntryPoint","urlTemplate":"https:\/\/www.kosiceregion.com\/?s={search_term_string}"},"query-input":{"@type":"PropertyValueSpecification","valueRequired":true,"valueName":"search_term_string"}}],"inLanguage":"en-GB"},{"@type":"Organization","@id":"https:\/\/www.kosiceregion.com\/#organization","name":"Ko\u0161ice Regi\u00f3n Turizmus","url":"https:\/\/www.kosiceregion.com\/","logo":{"@type":"ImageObject","inLanguage":"en-GB","@id":"https:\/\/www.kosiceregion.com\/#\/schema\/logo\/image\/","url":"https:\/\/www.kosiceregion.com\/wp-content\/uploads\/2019\/03\/logo-web-sk.png","contentUrl":"https:\/\/www.kosiceregion.com\/wp-content\/uploads\/2019\/03\/logo-web-sk.png","width":225,"height":100,"caption":"Ko\u0161ice Regi\u00f3n Turizmus"},"image":{"@id":"https:\/\/www.kosiceregion.com\/#\/schema\/logo\/image\/"},"sameAs":["https:\/\/www.facebook.com\/kosiceregion","https:\/\/x.com\/KOSICEREGION","https:\/\/www.instagram.com\/kosiceregion","https:\/\/www.youtube.com\/kosiceregion"]}]}},"_links":{"self":[{"href":"https:\/\/www.kosiceregion.com\/en\/wp-json\/wp\/v2\/news\/1460","targetHints":{"allow":["GET"]}}],"collection":[{"href":"https:\/\/www.kosiceregion.com\/en\/wp-json\/wp\/v2\/news"}],"about":[{"href":"https:\/\/www.kosiceregion.com\/en\/wp-json\/wp\/v2\/types\/news"}],"version-history":[{"count":1,"href":"https:\/\/www.kosiceregion.com\/en\/wp-json\/wp\/v2\/news\/1460\/revisions"}],"predecessor-version":[{"id":1462,"href":"https:\/\/www.kosiceregion.com\/en\/wp-json\/wp\/v2\/news\/1460\/revisions\/1462"}],"wp:featuredmedia":[{"embeddable":true,"href":"https:\/\/www.kosiceregion.com\/en\/wp-json\/wp\/v2\/media\/1461"}],"wp:attachment":[{"href":"https:\/\/www.kosiceregion.com\/en\/wp-json\/wp\/v2\/media?parent=1460"}],"wp:term":[{"taxonomy":"post_tag","embeddable":true,"href":"https:\/\/www.kosiceregion.com\/en\/wp-json\/wp\/v2\/tags?post=1460"}],"curies":[{"name":"wp","href":"https:\/\/api.w.org\/{rel}","templated":true}]}}