{"id":1464,"date":"2016-01-26T15:12:02","date_gmt":"2016-01-26T14:12:02","guid":{"rendered":"http:\/\/dest.kosiceregion.com\/sk\/?p=1464"},"modified":"2019-06-06T14:09:40","modified_gmt":"2019-06-06T12:09:40","slug":"","status":"publish","type":"news","link":"https:\/\/www.kosiceregion.com\/en\/news\/kosicky-kraj-kraj-pre-fanusikov-zimnej-turistiky\/","title":{"rendered":"","raw":""},"content":{"rendered":"","protected":false,"raw":""},"excerpt":{"rendered":"","protected":false,"raw":""},"author":0,"featured_media":1465,"menu_order":0,"template":"","format":"standard","meta":{"_acf_changed":false,"_sk_post_content":"<!-- wp:tadv\/classic-paragraph -->\n<p>N\u00e1\u0161 kraj m\u00e1 \u010do pon\u00faknu\u0165 aj t\u00fdm z n\u00e1s, ktor\u00ed ho chc\u00fa spozn\u00e1va\u0165 len cez svoje t\u00falav\u00e9 zimn\u00e9 top\u00e1nky. Aj napriek tomu, \u017ee nev\u00fdhodou pre turistov s\u00fa krat\u0161ie dni, m\u00f4\u017eeme absolvova\u0165 viacer\u00e9 zauj\u00edmav\u00e9 t\u00fary. Na Spi\u0161i s\u00fa ve\u013emi ob\u013e\u00faben\u00fdmi prech\u00e1dzkami v tomto ro\u010dnom obdob\u00ed pravideln\u00e9 zimn\u00e9 prechody v\u0161etk\u00fdmi roklinami Slovensk\u00e9ho raja vr\u00e1tane Prielomu Horn\u00e1du. T\u00ed, \u010do sa chc\u00fa prejs\u0165 po najatrakt\u00edvnej\u0161\u00edch miestach Gotickej cesty m\u00f4\u017eu \u00eds\u0165 napr. zo Spi\u0161sk\u00e9ho podhradia na Spi\u0161sk\u00fd hrad. Hoci je ten v zimn\u00fdch mesiacoch zatvoren\u00fd, namiesto prehliadky m\u00f4\u017eu turisti obdivova\u0165 len v\u00fdh\u013eady na v\u0161etky svetov\u00e9 strany alebo \u00eds\u0165 \u010falej po \u017eltej zna\u010dke do \u0161t\u00e1tnej pr\u00edrodnej rezerv\u00e1cie Dreven\u00edk.<\/p>\n<p>Ak v\u00e1m tamoj\u0161\u00ed travert\u00edn a v\u00f4bec prv\u00e9 zdokumentovan\u00e9 archeologick\u00e9 n\u00e1lezisko star\u00fdch Slovanov nebude sta\u010di\u0165, m\u00f4\u017eu pokra\u010dova\u0165 a\u017e do bl\u00edzkej \u017dehry, kde sa nach\u00e1dza kostol Ducha Sv\u00e4t\u00e9ho zaraden\u00fd na Zoznam svetov\u00e9ho dedi\u010dstva UNESCO. Zo Spi\u0161sk\u00e9ho podhradia sa d\u00e1 \u00eds\u0165 aj na z\u00e1pad do pr\u00edrodnej rezerv\u00e1cie Siv\u00e1 Brada, kam sa d\u00e1 dosta\u0165 cez \u201eslovensk\u00fd Vatik\u00e1n\u201c, ktor\u00fdm je \u010fal\u0161ia pamiatka zo zoznamu UNESCO \u2013 zn\u00e1ma Spi\u0161sk\u00e1 Kapitula. Po ceste k miner\u00e1lnemu prame\u0148u je aj zn\u00e1ma re\u0161taur\u00e1cia, kde sa d\u00e1 ob\u010derstvi\u0165 viacer\u00fdmi \u0161pecialitami patriacimi k Spi\u0161u.<\/p>\n<p>Na ju\u017enom Zempl\u00edne je e\u0161te st\u00e1le dos\u0165 opom\u00ednanou trasa k najni\u017e\u0161iemu bodu na Slovensku v nadmorskej v\u00fd\u0161ke 94,3 metra. Ten sa nach\u00e1dza v katastri obce Klin nad Bodrogom necel\u00e9 dva kilometre od ich Obecn\u00e9ho \u00faradu, od ktor\u00e9ho tam ide asfaltov\u00e1 a nesk\u00f4r po\u013en\u00e1 cesta. Aj ke\u010f tam turistick\u00fa zna\u010dku nen\u00e1jdete, pri odbo\u010dk\u00e1ch treba \u00eds\u0165 v\u017edy smerom k rieke, pri ktorej sa nach\u00e1dza aj kamenn\u00fd obelisk s nadmorskou v\u00fd\u0161kou. Zimn\u00e1 t\u00fara sa d\u00e1 potom pred\u013a\u017ei\u0165 putovan\u00edm po trase cyklocesty zo Stredy nad Bodrogom do Vini\u010diek aj s n\u00e1v\u0161tevou niektorej z tamoj\u0161\u00edch v\u00ednnych pivn\u00edc alebo a\u017e do Bor\u0161e. Na okraji obce sa nach\u00e1dza ka\u0161tie\u013e rodu R\u00e1kocziovcov, kde sa narodil aj ich najzn\u00e1mej\u0161\u00ed \u010dlen - Franti\u0161ek II.<\/p>\n<p>Ak chcete ma\u0165 dobr\u00fd pocit z toho, \u017ee ste pred n\u00e1v\u0161tevou nejakej tokajskej pivni\u010dky urobili nie\u010do prospe\u0161n\u00e9 aj pre v\u00e1\u0161 pohybov\u00fd apar\u00e1t, odpor\u00fa\u010dame vysk\u00fa\u0161a\u0165 \u010derven\u00fa turistick\u00fa zna\u010dku od autobusovej zast\u00e1vky ne\u010faleko Autocampingu M\u00e1ria pri Ve\u013eatoch s pokra\u010dovan\u00edm k b\u00fdval\u00fdm k\u00fape\u013eom, kde sa napoj\u00edme na pomerne \u201e\u010derstvo vyzna\u010den\u00fa\u201c \u017elt\u00fa zna\u010dku okolo najvy\u0161\u0161ieho kopca cel\u00e9ho slovensk\u00e9ho Tokaja \u2013 470 metrov vysokej Rozh\u013eadne.<\/p>\n<p>Odtia\u013e z\u00eddeme po zna\u010dke priamo do Ve\u013ekej T\u0155ne alebo skratkou do Malej T\u0155ne, kde do p\u00e1r min\u00fat n\u00e1jdeme v\u00ednnu pivnicu pod\u013ea svojho gusta. Niekedy sta\u010d\u00ed len zaklopa\u0165 na dvere a budete ve\u013emi prekvapen\u00ed nielen kvalitou v\u00ednka, ale aj pohosten\u00edm, ktor\u00ed v\u00e1m miestni m\u00f4\u017eu pripravi\u0165. Ak v\u00e1m po kvalitnej \u201eko\u0161tovke\u201c na V\u00ednnej ceste e\u0161te zostan\u00fa sily, necel\u00e9 dva kilometre za Malou T\u0155\u0148ou smerom po ceste na \u010cernochov stoj\u00ed od m\u00e1ja roku 2015 dvan\u00e1s\u0165 metrov vysok\u00e1 turistick\u00e1 rozh\u013ead\u0148a v nev\u0161ednom tvare v\u00ednneho suda. Pri dobrej vidite\u013enosti sa d\u00e1 vidie\u0165 nielen \u010das\u0165 slovenskej Tokajskej oblasti, ale aj ma\u010farsk\u00e9 Zempl\u00ednske vrchy vr\u00e1tane technicky zasne\u017eovanej zjazdovky a adrenal\u00ednov\u00e9ho parku pod vrchom Magas Hegyi pri S\u00e1toralja\u00fajhely.<\/p>\n<p>Na Gemeri sa d\u00e1 aj v zime spoji\u0165 turistick\u00e9 vy\u017eitie s n\u00e1v\u0161tevou historick\u00e9ho objektu ka\u0161tie\u013ea Betliar. Po n\u00e1v\u0161teve expoz\u00edcie rodiny Andr\u00e1ssyovcov sa po zhruba 2,5-hodinom n\u00e1ro\u010dnom v\u00fdstupe ocitneme na hrebeni Volovsk\u00fdch vrchov v sedle Volovec. Odtia\u013e sa d\u00e1 \u00eds\u0165 na vyhliadkov\u00fd vrchol Skalisko alebo do bl\u00edzkej chaty a vr\u00e1ti\u0165 sa sp\u00e4\u0165 alebo pokra\u010dova\u0165 po zelenej zna\u010dke do Ro\u017e\u0148avy. Na rozhran\u00ed Gemera a Abova nem\u00f4\u017eeme vynecha\u0165 ani \u201eklasick\u00fa\u201c t\u00faru v Z\u00e1dielskej rokline. T\u00fa si m\u00f4\u017eeme na spiato\u010dnej ceste okoreni\u0165 aj v\u00fdh\u013eadom zvrchu na ties\u0148avu, ke\u010f sa po modrej zna\u010dke a trase n\u00e1u\u010dn\u00e9ho chodn\u00edka vyjdeme a\u017e na Turniansky hrad. \u017del\u00e1me ve\u013ea turistick\u00fdch z\u00e1\u017eitkov.<\/p>\n<!-- \/wp:tadv\/classic-paragraph -->","_sk_post_name":"kosicky-kraj-kraj-pre-fanusikov-zimnej-turistiky","_sk_post_excerpt":"","_sk_post_title":"Ko\u0161ick\u00fd kraj \u2013 (k)raj pre fan\u00fa\u0161ikov zimnej turistiky","_en_post_content":"","_en_post_name":"","_en_post_excerpt":"","_en_post_title":"","_hu_post_content":"","_hu_post_name":"","_hu_post_excerpt":"","_hu_post_title":"","_es_post_content":"","_es_post_name":"","_es_post_excerpt":"","_es_post_title":"","_de_post_content":"","_de_post_name":"","_de_post_excerpt":"","_de_post_title":"","_pl_post_content":"","_pl_post_name":"","_pl_post_excerpt":"","_pl_post_title":"","_it_post_content":"","_it_post_name":"","_it_post_excerpt":"","_it_post_title":"","edit_language":"en","footnotes":""},"tags":[125,221,93,216,84,219,92,34,217,33,218,166,82,220,86,87,39,25,222,91,95,223,37,81,89],"class_list":["post-1464","news","type-news","status-publish","format-standard","has-post-thumbnail","hentry","tag-betliar","tag-borsa","tag-cernochov","tag-drevenik","tag-kastiel-betliar","tag-klin-nad-bodrogom","tag-mala-trna","tag-prielom-hornadu","tag-siva-brada","tag-slovensky-raj","tag-spisska-kapitula","tag-spisske-pohradie","tag-spissky-hrad","tag-streda-nad-bodrogom","tag-tokaj","tag-tokajska-vinohradnicka-oblast","tag-turniansky-hrad","tag-unesco","tag-velaty","tag-velka-trna","tag-vinicky","tag-volovske-vrchy","tag-zadielska-dolina","tag-zehra","tag-zemplinske-vrchy"],"acf":[],"yoast_head":"<!-- This site is optimized with the Yoast SEO Premium plugin v25.5 (Yoast SEO v27.4) - https:\/\/yoast.com\/product\/yoast-seo-premium-wordpress\/ -->\n<title>Ko\u0161ice Regi\u00f3n<\/title>\n<meta name=\"description\" content=\"N\u00e1\u0161 kraj m\u00e1 \u010do pon\u00faknu\u0165 aj t\u00fdm z n\u00e1s, ktor\u00ed ho chc\u00fa spozn\u00e1va\u0165 len cez svoje t\u00falav\u00e9 zimn\u00e9 top\u00e1nky. Aj napriek tomu, \u017ee nev\u00fdhodou pre turistov s\u00fa krat\u0161ie dni, m\u00f4\u017eeme absolvova\u0165 viacer\u00e9 zauj\u00edmav\u00e9 t\u00fary. Na Spi\u0161i s\u00fa ve\u013emi\u2026\" \/>\n<meta name=\"robots\" content=\"index, follow, max-snippet:-1, max-image-preview:large, max-video-preview:-1\" \/>\n<link rel=\"canonical\" href=\"https:\/\/www.kosiceregion.com\/hu\/news\/kosicky-kraj-kraj-pre-fanusikov-zimnej-turistiky\/\" \/>\n<meta property=\"og:locale\" content=\"en_GB\" \/>\n<meta property=\"og:type\" content=\"article\" \/>\n<meta property=\"og:title\" content=\"Ko\u0161ick\u00fd kraj \u2013 (k)raj pre fan\u00fa\u0161ikov zimnej turistiky\" \/>\n<meta property=\"og:description\" content=\"N\u00e1\u0161 kraj m\u00e1 \u010do pon\u00faknu\u0165 aj t\u00fdm z n\u00e1s, ktor\u00ed ho chc\u00fa spozn\u00e1va\u0165 len cez svoje t\u00falav\u00e9 zimn\u00e9 top\u00e1nky. Aj napriek tomu, \u017ee nev\u00fdhodou pre turistov s\u00fa krat\u0161ie\" \/>\n<meta property=\"og:url\" content=\"https:\/\/www.kosiceregion.com\/en\/wp-json\/wp\/v2\/news\/1464\" \/>\n<meta property=\"og:site_name\" content=\"Ko\u0161ice Regi\u00f3n\" \/>\n<meta property=\"article:publisher\" content=\"https:\/\/www.facebook.com\/kosiceregion\" \/>\n<meta property=\"article:modified_time\" content=\"2019-06-06T12:09:40+00:00\" \/>\n<meta property=\"og:image\" content=\"https:\/\/www.kosiceregion.com\/wp-content\/uploads\/2019\/05\/depositphotos_65082399_original1_2.jpg\" \/>\n\t<meta property=\"og:image:width\" content=\"1600\" \/>\n\t<meta property=\"og:image:height\" content=\"900\" \/>\n\t<meta property=\"og:image:type\" content=\"image\/jpeg\" \/>\n<meta name=\"twitter:card\" content=\"summary_large_image\" \/>\n<meta name=\"twitter:site\" content=\"@KOSICEREGION\" \/>\n<meta name=\"twitter:label1\" content=\"Estimated reading time\" \/>\n\t<meta name=\"twitter:data1\" content=\"4 minutes\" \/>\n<script type=\"application\/ld+json\" class=\"yoast-schema-graph\">{\"@context\":\"https:\\\/\\\/schema.org\",\"@graph\":[{\"@type\":\"WebPage\",\"@id\":\"https:\\\/\\\/www.kosiceregion.com\\\/hu\\\/news\\\/kosicky-kraj-kraj-pre-fanusikov-zimnej-turistiky\\\/\",\"url\":\"https:\\\/\\\/www.kosiceregion.com\\\/hu\\\/news\\\/kosicky-kraj-kraj-pre-fanusikov-zimnej-turistiky\\\/\",\"name\":\"Ko\u0161ick\u00fd kraj \u2013 (k)raj pre fan\u00fa\u0161ikov zimnej turistiky - Ko\u0161ice Regi\u00f3n\",\"isPartOf\":{\"@id\":\"https:\\\/\\\/www.kosiceregion.com\\\/#website\"},\"primaryImageOfPage\":{\"@id\":\"https:\\\/\\\/www.kosiceregion.com\\\/hu\\\/news\\\/kosicky-kraj-kraj-pre-fanusikov-zimnej-turistiky\\\/#primaryimage\"},\"image\":{\"@id\":\"https:\\\/\\\/www.kosiceregion.com\\\/hu\\\/news\\\/kosicky-kraj-kraj-pre-fanusikov-zimnej-turistiky\\\/#primaryimage\"},\"thumbnailUrl\":\"https:\\\/\\\/www.kosiceregion.com\\\/wp-content\\\/uploads\\\/2019\\\/05\\\/depositphotos_65082399_original1_2.jpg\",\"datePublished\":\"2016-01-26T14:12:02+00:00\",\"dateModified\":\"2019-06-06T12:09:40+00:00\",\"description\":\"N\u00e1\u0161 kraj m\u00e1 \u010do pon\u00faknu\u0165 aj t\u00fdm z n\u00e1s, ktor\u00ed ho chc\u00fa spozn\u00e1va\u0165 len cez svoje t\u00falav\u00e9 zimn\u00e9 top\u00e1nky. Aj napriek tomu, \u017ee nev\u00fdhodou pre turistov s\u00fa krat\u0161ie\",\"breadcrumb\":{\"@id\":\"https:\\\/\\\/www.kosiceregion.com\\\/hu\\\/news\\\/kosicky-kraj-kraj-pre-fanusikov-zimnej-turistiky\\\/#breadcrumb\"},\"inLanguage\":\"en-GB\",\"potentialAction\":[{\"@type\":\"ReadAction\",\"target\":[\"https:\\\/\\\/www.kosiceregion.com\\\/hu\\\/news\\\/kosicky-kraj-kraj-pre-fanusikov-zimnej-turistiky\\\/\"]}]},{\"@type\":\"ImageObject\",\"inLanguage\":\"en-GB\",\"@id\":\"https:\\\/\\\/www.kosiceregion.com\\\/hu\\\/news\\\/kosicky-kraj-kraj-pre-fanusikov-zimnej-turistiky\\\/#primaryimage\",\"url\":\"https:\\\/\\\/www.kosiceregion.com\\\/wp-content\\\/uploads\\\/2019\\\/05\\\/depositphotos_65082399_original1_2.jpg\",\"contentUrl\":\"https:\\\/\\\/www.kosiceregion.com\\\/wp-content\\\/uploads\\\/2019\\\/05\\\/depositphotos_65082399_original1_2.jpg\",\"width\":1600,\"height\":900},{\"@type\":\"BreadcrumbList\",\"@id\":\"https:\\\/\\\/www.kosiceregion.com\\\/hu\\\/news\\\/kosicky-kraj-kraj-pre-fanusikov-zimnej-turistiky\\\/#breadcrumb\",\"itemListElement\":[{\"@type\":\"ListItem\",\"position\":1,\"name\":\"Home\",\"item\":\"https:\\\/\\\/www.kosiceregion.com\\\/sk\\\/\"},{\"@type\":\"ListItem\",\"position\":2,\"name\":\"Ko\u0161ick\u00fd kraj \u2013 (k)raj pre fan\u00fa\u0161ikov zimnej turistiky\"}]},{\"@type\":\"WebSite\",\"@id\":\"https:\\\/\\\/www.kosiceregion.com\\\/#website\",\"url\":\"https:\\\/\\\/www.kosiceregion.com\\\/\",\"name\":\"Ko\u0161ice Regi\u00f3n\",\"description\":\"Turistick\u00fd sprievodca Ko\u0161ick\u00fdm krajom\",\"publisher\":{\"@id\":\"https:\\\/\\\/www.kosiceregion.com\\\/#organization\"},\"potentialAction\":[{\"@type\":\"SearchAction\",\"target\":{\"@type\":\"EntryPoint\",\"urlTemplate\":\"https:\\\/\\\/www.kosiceregion.com\\\/?s={search_term_string}\"},\"query-input\":{\"@type\":\"PropertyValueSpecification\",\"valueRequired\":true,\"valueName\":\"search_term_string\"}}],\"inLanguage\":\"en-GB\"},{\"@type\":\"Organization\",\"@id\":\"https:\\\/\\\/www.kosiceregion.com\\\/#organization\",\"name\":\"Ko\u0161ice Regi\u00f3n Turizmus\",\"url\":\"https:\\\/\\\/www.kosiceregion.com\\\/\",\"logo\":{\"@type\":\"ImageObject\",\"inLanguage\":\"en-GB\",\"@id\":\"https:\\\/\\\/www.kosiceregion.com\\\/#\\\/schema\\\/logo\\\/image\\\/\",\"url\":\"https:\\\/\\\/www.kosiceregion.com\\\/wp-content\\\/uploads\\\/2019\\\/03\\\/logo-web-sk.png\",\"contentUrl\":\"https:\\\/\\\/www.kosiceregion.com\\\/wp-content\\\/uploads\\\/2019\\\/03\\\/logo-web-sk.png\",\"width\":225,\"height\":100,\"caption\":\"Ko\u0161ice Regi\u00f3n Turizmus\"},\"image\":{\"@id\":\"https:\\\/\\\/www.kosiceregion.com\\\/#\\\/schema\\\/logo\\\/image\\\/\"},\"sameAs\":[\"https:\\\/\\\/www.facebook.com\\\/kosiceregion\",\"https:\\\/\\\/x.com\\\/KOSICEREGION\",\"https:\\\/\\\/www.instagram.com\\\/kosiceregion\",\"https:\\\/\\\/www.youtube.com\\\/kosiceregion\"]}]}<\/script>\n<!-- \/ Yoast SEO Premium plugin. -->","yoast_head_json":{"title":"Ko\u0161ice Regi\u00f3n","description":"N\u00e1\u0161 kraj m\u00e1 \u010do pon\u00faknu\u0165 aj t\u00fdm z n\u00e1s, ktor\u00ed ho chc\u00fa spozn\u00e1va\u0165 len cez svoje t\u00falav\u00e9 zimn\u00e9 top\u00e1nky. Aj napriek tomu, \u017ee nev\u00fdhodou pre turistov s\u00fa krat\u0161ie dni, m\u00f4\u017eeme absolvova\u0165 viacer\u00e9 zauj\u00edmav\u00e9 t\u00fary. Na Spi\u0161i s\u00fa ve\u013emi\u2026","robots":{"index":"index","follow":"follow","max-snippet":"max-snippet:-1","max-image-preview":"max-image-preview:large","max-video-preview":"max-video-preview:-1"},"canonical":"https:\/\/www.kosiceregion.com\/hu\/news\/kosicky-kraj-kraj-pre-fanusikov-zimnej-turistiky\/","og_locale":"en_GB","og_type":"article","og_title":"Ko\u0161ick\u00fd kraj \u2013 (k)raj pre fan\u00fa\u0161ikov zimnej turistiky","og_description":"N\u00e1\u0161 kraj m\u00e1 \u010do pon\u00faknu\u0165 aj t\u00fdm z n\u00e1s, ktor\u00ed ho chc\u00fa spozn\u00e1va\u0165 len cez svoje t\u00falav\u00e9 zimn\u00e9 top\u00e1nky. Aj napriek tomu, \u017ee nev\u00fdhodou pre turistov s\u00fa krat\u0161ie","og_url":"https:\/\/www.kosiceregion.com\/en\/wp-json\/wp\/v2\/news\/1464","og_site_name":"Ko\u0161ice Regi\u00f3n","article_publisher":"https:\/\/www.facebook.com\/kosiceregion","article_modified_time":"2019-06-06T12:09:40+00:00","og_image":[{"width":1600,"height":900,"url":"https:\/\/www.kosiceregion.com\/wp-content\/uploads\/2019\/05\/depositphotos_65082399_original1_2.jpg","type":"image\/jpeg"}],"twitter_card":"summary_large_image","twitter_site":"@KOSICEREGION","twitter_misc":{"Estimated reading time":"4 minutes"},"schema":{"@context":"https:\/\/schema.org","@graph":[{"@type":"WebPage","@id":"https:\/\/www.kosiceregion.com\/hu\/news\/kosicky-kraj-kraj-pre-fanusikov-zimnej-turistiky\/","url":"https:\/\/www.kosiceregion.com\/hu\/news\/kosicky-kraj-kraj-pre-fanusikov-zimnej-turistiky\/","name":"Ko\u0161ick\u00fd kraj \u2013 (k)raj pre fan\u00fa\u0161ikov zimnej turistiky - Ko\u0161ice Regi\u00f3n","isPartOf":{"@id":"https:\/\/www.kosiceregion.com\/#website"},"primaryImageOfPage":{"@id":"https:\/\/www.kosiceregion.com\/hu\/news\/kosicky-kraj-kraj-pre-fanusikov-zimnej-turistiky\/#primaryimage"},"image":{"@id":"https:\/\/www.kosiceregion.com\/hu\/news\/kosicky-kraj-kraj-pre-fanusikov-zimnej-turistiky\/#primaryimage"},"thumbnailUrl":"https:\/\/www.kosiceregion.com\/wp-content\/uploads\/2019\/05\/depositphotos_65082399_original1_2.jpg","datePublished":"2016-01-26T14:12:02+00:00","dateModified":"2019-06-06T12:09:40+00:00","description":"N\u00e1\u0161 kraj m\u00e1 \u010do pon\u00faknu\u0165 aj t\u00fdm z n\u00e1s, ktor\u00ed ho chc\u00fa spozn\u00e1va\u0165 len cez svoje t\u00falav\u00e9 zimn\u00e9 top\u00e1nky. Aj napriek tomu, \u017ee nev\u00fdhodou pre turistov s\u00fa krat\u0161ie","breadcrumb":{"@id":"https:\/\/www.kosiceregion.com\/hu\/news\/kosicky-kraj-kraj-pre-fanusikov-zimnej-turistiky\/#breadcrumb"},"inLanguage":"en-GB","potentialAction":[{"@type":"ReadAction","target":["https:\/\/www.kosiceregion.com\/hu\/news\/kosicky-kraj-kraj-pre-fanusikov-zimnej-turistiky\/"]}]},{"@type":"ImageObject","inLanguage":"en-GB","@id":"https:\/\/www.kosiceregion.com\/hu\/news\/kosicky-kraj-kraj-pre-fanusikov-zimnej-turistiky\/#primaryimage","url":"https:\/\/www.kosiceregion.com\/wp-content\/uploads\/2019\/05\/depositphotos_65082399_original1_2.jpg","contentUrl":"https:\/\/www.kosiceregion.com\/wp-content\/uploads\/2019\/05\/depositphotos_65082399_original1_2.jpg","width":1600,"height":900},{"@type":"BreadcrumbList","@id":"https:\/\/www.kosiceregion.com\/hu\/news\/kosicky-kraj-kraj-pre-fanusikov-zimnej-turistiky\/#breadcrumb","itemListElement":[{"@type":"ListItem","position":1,"name":"Home","item":"https:\/\/www.kosiceregion.com\/sk\/"},{"@type":"ListItem","position":2,"name":"Ko\u0161ick\u00fd kraj \u2013 (k)raj pre fan\u00fa\u0161ikov zimnej turistiky"}]},{"@type":"WebSite","@id":"https:\/\/www.kosiceregion.com\/#website","url":"https:\/\/www.kosiceregion.com\/","name":"Ko\u0161ice Regi\u00f3n","description":"Turistick\u00fd sprievodca Ko\u0161ick\u00fdm krajom","publisher":{"@id":"https:\/\/www.kosiceregion.com\/#organization"},"potentialAction":[{"@type":"SearchAction","target":{"@type":"EntryPoint","urlTemplate":"https:\/\/www.kosiceregion.com\/?s={search_term_string}"},"query-input":{"@type":"PropertyValueSpecification","valueRequired":true,"valueName":"search_term_string"}}],"inLanguage":"en-GB"},{"@type":"Organization","@id":"https:\/\/www.kosiceregion.com\/#organization","name":"Ko\u0161ice Regi\u00f3n Turizmus","url":"https:\/\/www.kosiceregion.com\/","logo":{"@type":"ImageObject","inLanguage":"en-GB","@id":"https:\/\/www.kosiceregion.com\/#\/schema\/logo\/image\/","url":"https:\/\/www.kosiceregion.com\/wp-content\/uploads\/2019\/03\/logo-web-sk.png","contentUrl":"https:\/\/www.kosiceregion.com\/wp-content\/uploads\/2019\/03\/logo-web-sk.png","width":225,"height":100,"caption":"Ko\u0161ice Regi\u00f3n Turizmus"},"image":{"@id":"https:\/\/www.kosiceregion.com\/#\/schema\/logo\/image\/"},"sameAs":["https:\/\/www.facebook.com\/kosiceregion","https:\/\/x.com\/KOSICEREGION","https:\/\/www.instagram.com\/kosiceregion","https:\/\/www.youtube.com\/kosiceregion"]}]}},"_links":{"self":[{"href":"https:\/\/www.kosiceregion.com\/en\/wp-json\/wp\/v2\/news\/1464","targetHints":{"allow":["GET"]}}],"collection":[{"href":"https:\/\/www.kosiceregion.com\/en\/wp-json\/wp\/v2\/news"}],"about":[{"href":"https:\/\/www.kosiceregion.com\/en\/wp-json\/wp\/v2\/types\/news"}],"version-history":[{"count":1,"href":"https:\/\/www.kosiceregion.com\/en\/wp-json\/wp\/v2\/news\/1464\/revisions"}],"predecessor-version":[{"id":1466,"href":"https:\/\/www.kosiceregion.com\/en\/wp-json\/wp\/v2\/news\/1464\/revisions\/1466"}],"wp:featuredmedia":[{"embeddable":true,"href":"https:\/\/www.kosiceregion.com\/en\/wp-json\/wp\/v2\/media\/1465"}],"wp:attachment":[{"href":"https:\/\/www.kosiceregion.com\/en\/wp-json\/wp\/v2\/media?parent=1464"}],"wp:term":[{"taxonomy":"post_tag","embeddable":true,"href":"https:\/\/www.kosiceregion.com\/en\/wp-json\/wp\/v2\/tags?post=1464"}],"curies":[{"name":"wp","href":"https:\/\/api.w.org\/{rel}","templated":true}]}}