{"id":10482,"date":"2023-05-29T16:12:09","date_gmt":"2023-05-29T14:12:09","guid":{"rendered":"https:\/\/www.kosiceregion.com\/sk\/?p=10482"},"modified":"2023-06-06T14:02:38","modified_gmt":"2023-06-06T12:02:38","slug":"","status":"publish","type":"post","link":"https:\/\/www.kosiceregion.com\/en\/bicyklom-s-eurobusom\/","title":{"rendered":"","raw":""},"content":{"rendered":"","protected":false,"raw":""},"excerpt":{"rendered":"","protected":false,"raw":""},"author":3,"featured_media":10510,"comment_status":"closed","ping_status":"closed","sticky":false,"template":"","format":"standard","meta":{"_acf_changed":false,"_sk_post_content":"<!-- wp:heading {\"level\":3} -->\n<h3>Bicyklom po Above s Eurobusom<\/h3>\n<!-- \/wp:heading -->\n\n<!-- wp:tadv\/classic-paragraph -->\n<p>Spolo\u010dnos\u0165 eurobus, a.s. pon\u00faka na pravidelnej linke <a href=\"https:\/\/www.eurobus.sk\/public\/media\/0221\/802431.pdf\" target=\"_blank\" rel=\"noopener\">802431<\/a> Ko\u0161ice - Zlat\u00e1 Idka a sp\u00e4\u0165 a pravidelnej linke <a href=\"https:\/\/www.eurobus.sk\/public\/media\/0221\/802437.pdf\" target=\"_blank\" rel=\"noopener\">802437<\/a> Ko\u0161ice - Soko\u013e a sp\u00e4\u0165&nbsp; <strong>slu\u017ebu prepravy bicyklov<\/strong>. Autobusov\u00e9 spoje, vybaven\u00e9 cyklonosi\u010dmi s kapacitou 6 bicyklov, s\u00fa v prev\u00e1dzke po\u010das sob\u00f4t <strong>od 1.j\u00fala do 30.septembra 2023<\/strong>. Prepravu bicykla si m\u00f4\u017eete zak\u00fapi\u0165 priamo u vodi\u010da. Nakl\u00e1dka a vykl\u00e1dka bicykla je mo\u017en\u00e1 len na vybran\u00fdch zast\u00e1vkach. Z t\u00fdchto miest m\u00e1te k dispoz\u00edcii bl\u00edzky n\u00e1stup na cyklotrasy, ved\u00face k zauj\u00edmav\u00fdm miestam v regi\u00f3ne.<\/p>\n<p>Nev\u00e1hajte a vyvezte sa s eurobusom za cykloz\u00e1\u017eitkom!<\/p>\n<!-- \/wp:tadv\/classic-paragraph -->\n\n<!-- wp:table {\"className\":\"is-style-stripes\"} -->\n<figure class=\"wp-block-table is-style-stripes\"><table><tbody><tr><td>\u25bc<\/td><td>\u25bc<\/td><td><\/td><td><\/td><td><\/td><\/tr><tr><td>14:00<\/td><td><\/td><td>Ko\u0161ice, AS<\/td><td><\/td><td>18:35<\/td><\/tr><tr><td>14:10<\/td><td><\/td><td>Ko\u0161ice, Havl\u00ed\u010dkova<\/td><td><\/td><td>18:24<\/td><\/tr><tr><td>14:18<\/td><td><\/td><td>Kosto\u013eany n.Horn\u00e1dom, centrum<\/td><td><\/td><td>18:14<\/td><\/tr><tr><td>-<\/td><td>17:50<\/td><td>Kosto\u013eany n.Horn\u00e1dom, \u017eel.st.<\/td><td>14:34<\/td><td>-<\/td><\/tr><tr><td>14:26<\/td><td>17:59<\/td><td>Soko\u013e<\/td><td>14:26<\/td><td>18:08<\/td><\/tr><tr><td><\/td><td><\/td><td><\/td><td>\u25b2<\/td><td>\u25b2<\/td><\/tr><\/tbody><\/table><\/figure>\n<!-- \/wp:table -->\n\n<!-- wp:table {\"className\":\"is-style-stripes\"} -->\n<figure class=\"wp-block-table is-style-stripes\"><table><tbody><tr><td>\u25bc<\/td><td><\/td><td> <\/td><td><\/td><td><\/td><td><\/td><\/tr><tr><td>11:10<\/td><td><\/td><td><\/td><td>Ko\u0161ice, AS<\/td><td><\/td><td>13:05<\/td><\/tr><tr><td>11:24<\/td><td><\/td><td><\/td><td>Ko\u0161ice, Moskovsk\u00e1<\/td><td><\/td><td>12:51<\/td><\/tr><tr><td>11:34<\/td><td><\/td><td><\/td><td>Ni\u017en\u00fd Kl\u00e1tov, Z\u0160<\/td><td><\/td><td>-<\/td><\/tr><tr><td>11:40<\/td><td><\/td><td> <\/td><td>Vy\u0161n\u00fd Kl\u00e1tov<\/td><td> <\/td><td>12:36<\/td><\/tr><tr><td>-<\/td><td><\/td><td> <\/td><td>Ni\u017en\u00fd Kl\u00e1tov, Z\u0160<\/td><td> <\/td><td>12:31<\/td><\/tr><tr><td>12:05<\/td><td><\/td><td><\/td><td>Zlat\u00e1 Idka, po\u0161ta<\/td><td> <\/td><td>12:10<\/td><\/tr><tr><td><\/td><td><\/td><td><\/td><td><\/td><td><\/td><td>\u25b2<\/td><\/tr><\/tbody><\/table><\/figure>\n<!-- \/wp:table -->\n\n<!-- wp:image {\"id\":10484,\"sizeSlug\":\"large\",\"linkDestination\":\"none\"} -->\n<figure class=\"wp-block-image size-large\"><img src=\"https:\/\/www.kosiceregion.com\/wp-content\/uploads\/2023\/05\/4to5-bicyklompoabove-819x1024.jpg\" alt=\"\" class=\"wp-image-10484\"\/><\/figure>\n<!-- \/wp:image -->\n\n<!-- wp:separator -->\n<hr class=\"wp-block-separator\"\/>\n<!-- \/wp:separator -->\n\n<!-- wp:heading {\"level\":3} -->\n<h3>Bicyklom na Gemer s Eurobusom<\/h3>\n<!-- \/wp:heading -->\n\n<!-- wp:tadv\/classic-paragraph -->\n<p>Na pravidelnej linke <a href=\"https:\/\/www.eurobus.sk\/public\/media\/1008\/808405_1.pdf\" target=\"_blank\" rel=\"noopener\">808405<\/a> Ko\u0161ice - Ro\u017e\u0148ava <strong>slu\u017ebu prepravy bicyklov<\/strong>. Autobusov\u00e9 spoje, vybaven\u00e9 cyklonosi\u010dmi s kapacitou 6 bicyklov, s\u00fa v prev\u00e1dzke po\u010das sob\u00f4t <strong>od 1.j\u00fala do 30.septembra 2023<\/strong>. Prepravu bicykla si m\u00f4\u017eete zak\u00fapi\u0165 priamo u vodi\u010da. Nakl\u00e1dka a vykl\u00e1dka bicykla je mo\u017en\u00e1 len na vybran\u00fdch zast\u00e1vkach. Z t\u00fdchto miest m\u00e1te k dispoz\u00edcii bl\u00edzky n\u00e1stup na cyklotrasy, ved\u00face k zauj\u00edmav\u00fdm miestam v regi\u00f3ne.<\/p>\n<p>Nev\u00e1hajte a vyvezte sa s eurobusom za cykloz\u00e1\u017eitkom!<\/p>\n<!-- \/wp:tadv\/classic-paragraph -->\n\n<!-- wp:table {\"className\":\"is-style-stripes\"} -->\n<figure class=\"wp-block-table is-style-stripes\"><table><tbody><tr><td>\u25bc<\/td><td>\u25bc<\/td><td><\/td><td><\/td><td><\/td><\/tr><tr><td>9:20<\/td><td>16:05<\/td><td>Ro\u017e\u0148ava, AS<\/td><td>8:40<\/td><td>20:18<\/td><\/tr><tr><td>9:26<\/td><td>16:13<\/td><td>Kr\u00e1snohorsk\u00e9 Podhradie, \u010dak\u00e1re\u0148<\/td><td>8:32<\/td><td>20:10<\/td><\/tr><tr><td>9:28<\/td><td>16:15<\/td><td>Lipovn\u00edk, r\u00e1zc.Drnava<\/td><td>8:30<\/td><td>20:07<\/td><\/tr><tr><td>9:38<\/td><td>16:27<\/td><td>Jablonov n.Tur\u0148ou, r\u00e1zc.\u017eel.st.<\/td><td>8:22<\/td><td>19:58<\/td><\/tr><tr><td>9:52<\/td><td>-<\/td><td>Dvorn\u00edky-V\u010del\u00e1re, Dvorn\u00edky, \u010dak.<\/td><td>8:09<\/td><td>-<\/td><\/tr><tr><td>-<\/td><td>16:42<\/td><td>Tur\u0148a n.Bodvou, r\u00e1zc.H\u00e1j<\/td><td>-<\/td><td>19:41<\/td><\/tr><tr><td>9:58<\/td><td>-<\/td><td>Tur\u0148a n.Bodvou, aut.st.<\/td><td>8:04<\/td><td>-<\/td><\/tr><tr><td>10:04<\/td><td>16:47<\/td><td>Drienovec, \u017eel.st.<\/td><td>7:59<\/td><td>19:36<\/td><\/tr><tr><td>10:13<\/td><td>16:55<\/td><td>Moldava n.Bodvou, mesto<\/td><td>7:53<\/td><td>19:29<\/td><\/tr><tr><td>10:48<\/td><td>17:31<\/td><td>Ko\u0161ice, AS<\/td><td>7:15<\/td><td>18:45<\/td><\/tr><tr><td><\/td><td><\/td><td><\/td><td>\u25b2<\/td><td>\u25b2<\/td><\/tr><\/tbody><\/table><\/figure>\n<!-- \/wp:table -->\n\n<!-- wp:image {\"id\":10486,\"sizeSlug\":\"large\",\"linkDestination\":\"none\"} -->\n<figure class=\"wp-block-image size-large\"><img src=\"https:\/\/www.kosiceregion.com\/wp-content\/uploads\/2023\/05\/4to5-bicyklomnagemer-819x1024.jpg\" alt=\"Vicyklom na Gemer s Eurobusom \" class=\"wp-image-10486\"\/><figcaption>Bicyklom na Gemer s Eurobusom <\/figcaption><\/figure>\n<!-- \/wp:image -->\n\n<!-- wp:separator -->\n<hr class=\"wp-block-separator\"\/>\n<!-- \/wp:separator -->\n\n<!-- wp:heading {\"level\":3} -->\n<h3>Bicyklom na Spi\u0161 s Eurobusom<\/h3>\n<!-- \/wp:heading -->\n\n<!-- wp:tadv\/classic-paragraph -->\n<p>Na pravidelnej linke <a href=\"https:\/\/beta.eurobus.sk\/public\/media\/0222\/801409.pdf\" target=\"_blank\" rel=\"noopener\">801409<\/a> Ko\u0161ice - Gelnica a sp\u00e4\u0165 <strong>slu\u017ebu prepravy bicyklov<\/strong>. Autobusov\u00e9 spoje, vybaven\u00e9 cyklonosi\u010dmi s kapacitou 6 bicyklov, s\u00fa v prev\u00e1dzke po\u010das v\u00edkendov a sviatkov <strong>od 3.j\u00fana do 30.septembra 2023<\/strong>. Prepravu bicykla si m\u00f4\u017eete zak\u00fapi\u0165 priamo u vodi\u010da. Nakl\u00e1dka a vykl\u00e1dka bicykla je mo\u017en\u00e1 len na vybran\u00fdch zast\u00e1vkach. Z t\u00fdchto miest m\u00e1te k dispoz\u00edcii bl\u00edzky n\u00e1stup na cyklotrasy, ved\u00face k zauj\u00edmav\u00fdm miestam v regi\u00f3ne.<\/p>\n<!-- \/wp:tadv\/classic-paragraph -->\n\n<!-- wp:table {\"className\":\"is-style-stripes\"} -->\n<figure class=\"wp-block-table is-style-stripes\"><table><tbody><tr><td>\u25bc<\/td><td>\u25bc<\/td><td>\u25bc<\/td><td>&nbsp;<\/td><\/tr><tr><td>3:45<\/td><td>11:25<\/td><td>17:00<\/td><td>Gelnica, aut.n\u00e1st.<\/td><\/tr><tr><td>3:52<\/td><td>11:32<\/td><td>17:07<\/td><td>Gelnica, r\u00e1zc.\u017dakarovce<\/td><\/tr><tr><td>3:57<\/td><td>11:37<\/td><td>17:12<\/td><td>Jaklovce, r\u00e1zc.<\/td><\/tr><tr><td>4:08<\/td><td>11:48<\/td><td>17:23<\/td><td>Ve\u013ek\u00fd Folkmar, Miklipark<\/td><\/tr><tr><td>4:13<\/td><td>11:53<\/td><td>17:45<\/td><td>Ko\u0161ick\u00e9 H\u00e1mre, most<\/td><\/tr><tr><td>4:26<\/td><td>12:06<\/td><td>17:58<\/td><td>Ko\u0161ice, Jahodn\u00e1 kopec<\/td><\/tr><tr><td>4:50<\/td><td>12:30<\/td><td>18:22<\/td><td>Ko\u0161ice, AS<\/td><\/tr><\/tbody><\/table><\/figure>\n<!-- \/wp:table -->\n\n<!-- wp:table {\"className\":\"is-style-stripes\"} -->\n<figure class=\"wp-block-table is-style-stripes\"><table><tbody><tr><td>\u25bc<\/td><td>\u25bc<\/td><td>\u25bc&nbsp;<strong>*<\/strong><\/td><td>\u25bc<\/td><td>&nbsp;<\/td><\/tr><tr><td>7:20<\/td><td>15:00<\/td><td>15:00<\/td><td>20:00<\/td><td>Ko\u0161ice, AS<\/td><\/tr><tr><td>7:45<\/td><td>15:25<\/td><td>15:25<\/td><td>20:25<\/td><td>Ko\u0161ice, Jahodn\u00e1 kopec<\/td><\/tr><tr><td>7:58<\/td><td>15:38<\/td><td>15:38<\/td><td>20:38<\/td><td>Ko\u0161ick\u00e9 H\u00e1mre, most<\/td><\/tr><tr><td>8:20<\/td><td>15:43<\/td><td>16:00<\/td><td>20:43<\/td><td>Ve\u013ek\u00fd Folkmar, Miklipark<\/td><\/tr><tr><td>8:30<\/td><td>15:53<\/td><td>16:10<\/td><td>20:53<\/td><td>Jaklovce, r\u00e1zc.<\/td><\/tr><tr><td>8:34<\/td><td>15:57<\/td><td>16:14<\/td><td>20:57<\/td><td>Gelnica, r\u00e1zc.\u017dakarovce<\/td><\/tr><tr><td>8:40<\/td><td>16:00<\/td><td>16:17<\/td><td>21:00<\/td><td>Gelnica, aut.n\u00e1st.<\/td><\/tr><\/tbody><\/table><figcaption><strong>*&nbsp;<\/strong>plat\u00ed len od 1.7.2023 do 3.9.2023<\/figcaption><\/figure>\n<!-- \/wp:table -->\n\n<!-- wp:image {\"id\":10488,\"sizeSlug\":\"large\",\"linkDestination\":\"none\"} -->\n<figure class=\"wp-block-image size-large\"><img src=\"https:\/\/www.kosiceregion.com\/wp-content\/uploads\/2023\/05\/4to5-bicyklomnaspis-819x1024.jpg\" alt=\"Vicyklom na Spi\u0161 s Eurobusom \" class=\"wp-image-10488\"\/><figcaption>Vicyklom na Spi\u0161 s Eurobusom <\/figcaption><\/figure>\n<!-- \/wp:image -->\n\n<!-- wp:separator -->\n<hr class=\"wp-block-separator\"\/>\n<!-- \/wp:separator -->\n\n<!-- wp:heading {\"level\":3} -->\n<h3>Bicyklom na Spi\u0161 s Eurobusom<\/h3>\n<!-- \/wp:heading -->\n\n<!-- wp:tadv\/classic-paragraph -->\n<p>Na linke 801409 Ko\u0161ice - Gelnica a sp\u00e4\u0165 <strong>slu\u017ebu prepravy bicyklov<\/strong>. Autobusov\u00e9 spoje, vybaven\u00e9 cyklonosi\u010dmi s kapacitou 6 bicyklov, s\u00fa v prev\u00e1dzke po\u010das v\u00edkendov a sviatkov <strong>od 3.j\u00fana do 30.septembra 2023<\/strong>. Prepravu bicykla si m\u00f4\u017eete zak\u00fapi\u0165 priamo u vodi\u010da. Nakl\u00e1dka a vykl\u00e1dka bicykla je mo\u017en\u00e1 len na vybran\u00fdch zast\u00e1vkach. Z t\u00fdchto miest m\u00e1te k dispoz\u00edcii bl\u00edzky n\u00e1stup na cyklotrasy, ved\u00face k zauj\u00edmav\u00fdm miestam v regi\u00f3ne.<\/p>\n<!-- \/wp:tadv\/classic-paragraph -->\n\n<!-- wp:buttons {\"contentJustification\":\"center\"} -->\n<div class=\"wp-block-buttons is-content-justification-center\"><!-- wp:button {\"backgroundColor\":\"vivid-red\"} -->\n<div class=\"wp-block-button\"><a class=\"wp-block-button__link has-vivid-red-background-color has-background\"><span style=\"background-color:#cf2e2e\" class=\"tadv-background-color\">CESTOVN\u00c9 PORIADKY<\/span><\/a><\/div>\n<!-- \/wp:button --><\/div>\n<!-- \/wp:buttons -->\n\n<!-- wp:image {\"id\":10489,\"sizeSlug\":\"large\",\"linkDestination\":\"none\"} -->\n<figure class=\"wp-block-image size-large\"><img src=\"https:\/\/www.kosiceregion.com\/wp-content\/uploads\/2023\/05\/4to5-bicyklomdoraja-1--819x1024.jpg\" alt=\"Vicyklom do raja s Eurobusom \" class=\"wp-image-10489\"\/><figcaption>Vicyklom do raja s Eurobusom <\/figcaption><\/figure>\n<!-- \/wp:image -->\n\n<!-- wp:separator -->\n<hr class=\"wp-block-separator\"\/>\n<!-- \/wp:separator -->\n\n<!-- wp:heading {\"level\":3} -->\n<h3><strong>CYKLONOSI\u010c PRE 6 BICYKLOV<\/strong><\/h3>\n<!-- \/wp:heading -->\n\n<!-- wp:image {\"id\":10490,\"sizeSlug\":\"large\",\"linkDestination\":\"none\"} -->\n<figure class=\"wp-block-image size-large\"><img src=\"https:\/\/www.kosiceregion.com\/wp-content\/uploads\/2023\/05\/img-60e5a8be47a0-1-811x1024.jpg\" alt=\"Cyklonosi\u010d\" class=\"wp-image-10490\"\/><figcaption>Cyklonosi\u010d<\/figcaption><\/figure>\n<!-- \/wp:image -->\n\n<!-- wp:paragraph {\"align\":\"center\"} -->\n<p class=\"has-text-align-center\">Z cykloprepravy s\u00fa vyl\u00fa\u010den\u00e9 elektrobicykle. Bicykle sa prepravuj\u00fa&nbsp;bez pr\u00edslu\u0161enstva (ko\u0161\u00edky, f\u013ea\u0161e, servisn\u00e9 ta\u0161ky, pumpy a pod.)&nbsp;Nakl\u00e1dku bicykla realizuje cyklista pod doh\u013eadom vodi\u010da autobusu.<\/p>\n<!-- \/wp:paragraph -->\n\n<!-- wp:paragraph {\"align\":\"center\"} -->\n<p class=\"has-text-align-center\"><strong>Cestovn\u00fd l\u00edstok si m\u00f4\u017eete zak\u00fapi\u0165 priamo u vodi\u010da.<\/strong><\/p>\n<!-- \/wp:paragraph -->\n\n<!-- wp:separator -->\n<hr class=\"wp-block-separator\"\/>\n<!-- \/wp:separator -->\n\n<!-- wp:image {\"id\":10491,\"sizeSlug\":\"large\",\"linkDestination\":\"custom\"} -->\n<figure class=\"wp-block-image size-large\"><img src=\"https:\/\/www.kosiceregion.com\/wp-content\/uploads\/2023\/05\/tipy-na-cyklovylety-1024x67.png\" alt=\"\" class=\"wp-image-10491\"\/><\/figure>\n<!-- \/wp:image -->\n\n<!-- wp:separator -->\n<hr class=\"wp-block-separator\"\/>\n<!-- \/wp:separator -->\n\n<!-- wp:gallery {\"ids\":[10504,10495,10494,10500,10497,10492],\"columns\":6,\"linkTo\":\"file\"} -->\n<figure class=\"wp-block-gallery columns-6 is-cropped\"><ul class=\"blocks-gallery-grid\"><li class=\"blocks-gallery-item\"><figure><a href=\"https:\/\/www.kosiceregion.com\/wp-content\/uploads\/2023\/05\/ksk-1.jpg\"><img src=\"https:\/\/www.kosiceregion.com\/wp-content\/uploads\/2023\/05\/ksk-1.jpg\" alt=\"Ko\u0161ick\u00fd Samospr\u00e1vny Kraj\" data-id=\"10504\" data-full-url=\"https:\/\/www.kosiceregion.com\/wp-content\/uploads\/2023\/05\/ksk-1.jpg\" data-link=\"https:\/\/www.kosiceregion.com\/sk\/bicyklom-s-eurobusom\/ksk-1\/\" class=\"wp-image-10504\"\/><\/a><\/figure><\/li><li class=\"blocks-gallery-item\"><figure><a href=\"https:\/\/www.kosiceregion.com\/wp-content\/uploads\/2023\/05\/kosice-region.jpg\"><img src=\"https:\/\/www.kosiceregion.com\/wp-content\/uploads\/2023\/05\/kosice-region.jpg\" alt=\"Ko\u0161ice Regi\u00f3n Turizmus\" data-id=\"10495\" data-full-url=\"https:\/\/www.kosiceregion.com\/wp-content\/uploads\/2023\/05\/kosice-region.jpg\" data-link=\"https:\/\/www.kosiceregion.com\/sk\/bicyklom-s-eurobusom\/kosice-region\/\" class=\"wp-image-10495\"\/><\/a><\/figure><\/li><li class=\"blocks-gallery-item\"><figure><a href=\"https:\/\/www.kosiceregion.com\/wp-content\/uploads\/2023\/05\/ids.jpg\"><img src=\"https:\/\/www.kosiceregion.com\/wp-content\/uploads\/2023\/05\/ids.jpg\" alt=\"IDS V\u00fdchod\" data-id=\"10494\" data-full-url=\"https:\/\/www.kosiceregion.com\/wp-content\/uploads\/2023\/05\/ids.jpg\" data-link=\"https:\/\/www.kosiceregion.com\/sk\/bicyklom-s-eurobusom\/ids\/\" class=\"wp-image-10494\"\/><\/a><\/figure><\/li><li class=\"blocks-gallery-item\"><figure><a href=\"https:\/\/www.kosiceregion.com\/wp-content\/uploads\/2023\/05\/eurobus-1.jpg\"><img src=\"https:\/\/www.kosiceregion.com\/wp-content\/uploads\/2023\/05\/eurobus-1.jpg\" alt=\"Eurobus\" data-id=\"10500\" data-full-url=\"https:\/\/www.kosiceregion.com\/wp-content\/uploads\/2023\/05\/eurobus-1.jpg\" data-link=\"https:\/\/www.kosiceregion.com\/sk\/bicyklom-s-eurobusom\/eurobus-1\/\" class=\"wp-image-10500\"\/><\/a><\/figure><\/li><li class=\"blocks-gallery-item\"><figure><a href=\"https:\/\/www.kosiceregion.com\/wp-content\/uploads\/2023\/05\/ministerstvo-dopravy.jpg\"><img src=\"https:\/\/www.kosiceregion.com\/wp-content\/uploads\/2023\/05\/ministerstvo-dopravy.jpg\" alt=\"Ministerstvo Dopravy a V\u00fdstavby\" data-id=\"10497\" data-full-url=\"https:\/\/www.kosiceregion.com\/wp-content\/uploads\/2023\/05\/ministerstvo-dopravy.jpg\" data-link=\"https:\/\/www.kosiceregion.com\/sk\/bicyklom-s-eurobusom\/ministerstvo-dopravy\/\" class=\"wp-image-10497\"\/><\/a><\/figure><\/li><li class=\"blocks-gallery-item\"><figure><a href=\"https:\/\/www.kosiceregion.com\/wp-content\/uploads\/2023\/05\/dovolenka-na-slovensku.jpg\"><img src=\"https:\/\/www.kosiceregion.com\/wp-content\/uploads\/2023\/05\/dovolenka-na-slovensku.jpg\" alt=\"Slovakia Travel\" data-id=\"10492\" data-full-url=\"https:\/\/www.kosiceregion.com\/wp-content\/uploads\/2023\/05\/dovolenka-na-slovensku.jpg\" data-link=\"https:\/\/www.kosiceregion.com\/sk\/bicyklom-s-eurobusom\/dovolenka-na-slovensku\/\" class=\"wp-image-10492\"\/><\/a><\/figure><\/li><\/ul><\/figure>\n<!-- \/wp:gallery -->\n\n<!-- wp:separator -->\n<hr class=\"wp-block-separator\"\/>\n<!-- \/wp:separator -->","_sk_post_name":"bicyklom-s-eurobusom","_sk_post_excerpt":"","_sk_post_title":"BICYKLOM S EUROBUSOM","_en_post_content":"","_en_post_name":"","_en_post_excerpt":"","_en_post_title":"","_hu_post_content":"","_hu_post_name":"","_hu_post_excerpt":"","_hu_post_title":"","_es_post_content":"","_es_post_name":"","_es_post_excerpt":"","_es_post_title":"","_de_post_content":"","_de_post_name":"","_de_post_excerpt":"","_de_post_title":"","_pl_post_content":"","_pl_post_name":"","_pl_post_excerpt":"","_pl_post_title":"","_it_post_content":"","_it_post_name":"","_it_post_excerpt":"","_it_post_title":"","edit_language":"en","footnotes":""},"categories":[22,1],"tags":[645,481,646,647,59,128],"class_list":["post-10482","post","type-post","status-publish","format-standard","has-post-thumbnail","hentry","category-get-inspired","category-uncategorized","tag-bicyklom","tag-cyklo","tag-do-raja","tag-na-gemer","tag-spisska-nova-ves","tag-vylet"],"acf":[],"yoast_head":"<!-- This site is optimized with the Yoast SEO Premium plugin v25.5 (Yoast SEO v27.4) - https:\/\/yoast.com\/product\/yoast-seo-premium-wordpress\/ -->\n<title>Ko\u0161ice Regi\u00f3n<\/title>\n<meta name=\"description\" content=\"Bicyklom po Above s Eurobusom\n\n\n\nSpolo\u010dnos\u0165 eurobus, a.s. pon\u00faka na pravidelnej linke 802431 Ko\u0161ice - Zlat\u00e1 Idka a sp\u00e4\u0165 a pravidelnej linke 802437 Ko\u0161ice - Soko\u013e a sp\u00e4\u0165&nbsp; slu\u017ebu prepravy bicyklov. Autobusov\u00e9 spoje, vybaven\u00e9\u2026\" \/>\n<meta name=\"robots\" content=\"index, follow, max-snippet:-1, max-image-preview:large, max-video-preview:-1\" \/>\n<link rel=\"canonical\" href=\"https:\/\/www.kosiceregion.com\/sk\/bicyklom-s-eurobusom\/\" \/>\n<meta property=\"og:locale\" content=\"en_GB\" \/>\n<meta property=\"og:type\" content=\"article\" \/>\n<meta property=\"og:title\" content=\"BICYKLOM S EUROBUSOM\" \/>\n<meta property=\"og:description\" content=\"Bicyklom s Eurobusom na pravideln\u00fdch region\u00e1lnych link\u00e1ch. Prepravte sa do regi\u00f3nu autobusom a objavte nov\u00e9 miesta na Kraji svea\" \/>\n<meta property=\"og:url\" content=\"https:\/\/www.kosiceregion.com\/en\/wp-json\/wp\/v2\/posts\/10482\" \/>\n<meta property=\"og:site_name\" content=\"Ko\u0161ice Regi\u00f3n\" \/>\n<meta property=\"article:publisher\" content=\"https:\/\/www.facebook.com\/kosiceregion\" \/>\n<meta property=\"article:published_time\" content=\"2023-05-29T14:12:09+00:00\" \/>\n<meta property=\"article:modified_time\" content=\"2023-06-06T12:02:38+00:00\" \/>\n<meta property=\"og:image\" content=\"https:\/\/www.kosiceregion.com\/wp-content\/uploads\/2023\/05\/WebKRT_BicyklomPoKSK_1920x754px.jpg\" \/>\n\t<meta property=\"og:image:width\" content=\"1920\" \/>\n\t<meta property=\"og:image:height\" content=\"754\" \/>\n\t<meta property=\"og:image:type\" content=\"image\/jpeg\" \/>\n<meta name=\"author\" content=\"Attila Torok\" \/>\n<meta name=\"twitter:card\" content=\"summary_large_image\" \/>\n<meta name=\"twitter:creator\" content=\"@KOSICEREGION\" \/>\n<meta name=\"twitter:site\" content=\"@KOSICEREGION\" \/>\n<meta name=\"twitter:label1\" content=\"Written by\" \/>\n\t<meta name=\"twitter:data1\" content=\"Attila Torok\" \/>\n\t<meta name=\"twitter:label2\" content=\"Estimated reading time\" \/>\n\t<meta name=\"twitter:data2\" content=\"6 minutes\" \/>\n<script type=\"application\/ld+json\" class=\"yoast-schema-graph\">{\"@context\":\"https:\\\/\\\/schema.org\",\"@graph\":[{\"@type\":\"Article\",\"@id\":\"https:\\\/\\\/www.kosiceregion.com\\\/sk\\\/bicyklom-s-eurobusom\\\/#article\",\"isPartOf\":{\"@id\":\"https:\\\/\\\/www.kosiceregion.com\\\/sk\\\/bicyklom-s-eurobusom\\\/\"},\"author\":{\"name\":\"Attila Torok\",\"@id\":\"https:\\\/\\\/www.kosiceregion.com\\\/#\\\/schema\\\/person\\\/18aca0bae16b5f9c2d3f5c8e4bbf3391\"},\"headline\":\"BICYKLOM S EUROBUSOM\",\"datePublished\":\"2023-05-29T14:12:09+00:00\",\"dateModified\":\"2023-06-06T12:02:38+00:00\",\"mainEntityOfPage\":{\"@id\":\"https:\\\/\\\/www.kosiceregion.com\\\/sk\\\/bicyklom-s-eurobusom\\\/\"},\"wordCount\":642,\"publisher\":{\"@id\":\"https:\\\/\\\/www.kosiceregion.com\\\/#organization\"},\"image\":{\"@id\":\"https:\\\/\\\/www.kosiceregion.com\\\/sk\\\/bicyklom-s-eurobusom\\\/#primaryimage\"},\"thumbnailUrl\":\"https:\\\/\\\/www.kosiceregion.com\\\/wp-content\\\/uploads\\\/2023\\\/05\\\/WebKRT_BicyklomPoKSK_1920x754px.jpg\",\"keywords\":[\"bicyklom\",\"cyklo\",\"do raja\",\"na gemer\",\"Spi\u0161sk\u00e1 Nov\u00e1 Ves\",\"v\u00fdlet\"],\"articleSection\":[\"In\u0161piruj sa\"],\"inLanguage\":\"en-GB\"},{\"@type\":\"WebPage\",\"@id\":\"https:\\\/\\\/www.kosiceregion.com\\\/sk\\\/bicyklom-s-eurobusom\\\/\",\"url\":\"https:\\\/\\\/www.kosiceregion.com\\\/sk\\\/bicyklom-s-eurobusom\\\/\",\"name\":\"BICYKLOM S EUROBUSOM - Ko\u0161ice Regi\u00f3n\",\"isPartOf\":{\"@id\":\"https:\\\/\\\/www.kosiceregion.com\\\/#website\"},\"primaryImageOfPage\":{\"@id\":\"https:\\\/\\\/www.kosiceregion.com\\\/sk\\\/bicyklom-s-eurobusom\\\/#primaryimage\"},\"image\":{\"@id\":\"https:\\\/\\\/www.kosiceregion.com\\\/sk\\\/bicyklom-s-eurobusom\\\/#primaryimage\"},\"thumbnailUrl\":\"https:\\\/\\\/www.kosiceregion.com\\\/wp-content\\\/uploads\\\/2023\\\/05\\\/WebKRT_BicyklomPoKSK_1920x754px.jpg\",\"datePublished\":\"2023-05-29T14:12:09+00:00\",\"dateModified\":\"2023-06-06T12:02:38+00:00\",\"description\":\"Bicyklom s Eurobusom na pravideln\u00fdch region\u00e1lnych link\u00e1ch. Prepravte sa do regi\u00f3nu autobusom a objavte nov\u00e9 miesta na Kraji svea\",\"breadcrumb\":{\"@id\":\"https:\\\/\\\/www.kosiceregion.com\\\/sk\\\/bicyklom-s-eurobusom\\\/#breadcrumb\"},\"inLanguage\":\"en-GB\",\"potentialAction\":[{\"@type\":\"ReadAction\",\"target\":[\"https:\\\/\\\/www.kosiceregion.com\\\/sk\\\/bicyklom-s-eurobusom\\\/\"]}]},{\"@type\":\"ImageObject\",\"inLanguage\":\"en-GB\",\"@id\":\"https:\\\/\\\/www.kosiceregion.com\\\/sk\\\/bicyklom-s-eurobusom\\\/#primaryimage\",\"url\":\"https:\\\/\\\/www.kosiceregion.com\\\/wp-content\\\/uploads\\\/2023\\\/05\\\/WebKRT_BicyklomPoKSK_1920x754px.jpg\",\"contentUrl\":\"https:\\\/\\\/www.kosiceregion.com\\\/wp-content\\\/uploads\\\/2023\\\/05\\\/WebKRT_BicyklomPoKSK_1920x754px.jpg\",\"width\":1920,\"height\":754,\"caption\":\"Bicyklom na Kraji sveta\"},{\"@type\":\"BreadcrumbList\",\"@id\":\"https:\\\/\\\/www.kosiceregion.com\\\/sk\\\/bicyklom-s-eurobusom\\\/#breadcrumb\",\"itemListElement\":[{\"@type\":\"ListItem\",\"position\":1,\"name\":\"Home\",\"item\":\"https:\\\/\\\/www.kosiceregion.com\\\/sk\\\/\"},{\"@type\":\"ListItem\",\"position\":2,\"name\":\"BICYKLOM S EUROBUSOM\"}]},{\"@type\":\"WebSite\",\"@id\":\"https:\\\/\\\/www.kosiceregion.com\\\/#website\",\"url\":\"https:\\\/\\\/www.kosiceregion.com\\\/\",\"name\":\"Ko\u0161ice Regi\u00f3n\",\"description\":\"Turistick\u00fd sprievodca Ko\u0161ick\u00fdm krajom\",\"publisher\":{\"@id\":\"https:\\\/\\\/www.kosiceregion.com\\\/#organization\"},\"potentialAction\":[{\"@type\":\"SearchAction\",\"target\":{\"@type\":\"EntryPoint\",\"urlTemplate\":\"https:\\\/\\\/www.kosiceregion.com\\\/?s={search_term_string}\"},\"query-input\":{\"@type\":\"PropertyValueSpecification\",\"valueRequired\":true,\"valueName\":\"search_term_string\"}}],\"inLanguage\":\"en-GB\"},{\"@type\":\"Organization\",\"@id\":\"https:\\\/\\\/www.kosiceregion.com\\\/#organization\",\"name\":\"Ko\u0161ice Regi\u00f3n Turizmus\",\"url\":\"https:\\\/\\\/www.kosiceregion.com\\\/\",\"logo\":{\"@type\":\"ImageObject\",\"inLanguage\":\"en-GB\",\"@id\":\"https:\\\/\\\/www.kosiceregion.com\\\/#\\\/schema\\\/logo\\\/image\\\/\",\"url\":\"https:\\\/\\\/www.kosiceregion.com\\\/wp-content\\\/uploads\\\/2019\\\/03\\\/logo-web-sk.png\",\"contentUrl\":\"https:\\\/\\\/www.kosiceregion.com\\\/wp-content\\\/uploads\\\/2019\\\/03\\\/logo-web-sk.png\",\"width\":225,\"height\":100,\"caption\":\"Ko\u0161ice Regi\u00f3n Turizmus\"},\"image\":{\"@id\":\"https:\\\/\\\/www.kosiceregion.com\\\/#\\\/schema\\\/logo\\\/image\\\/\"},\"sameAs\":[\"https:\\\/\\\/www.facebook.com\\\/kosiceregion\",\"https:\\\/\\\/x.com\\\/KOSICEREGION\",\"https:\\\/\\\/www.instagram.com\\\/kosiceregion\",\"https:\\\/\\\/www.youtube.com\\\/kosiceregion\"]},{\"@type\":\"Person\",\"@id\":\"https:\\\/\\\/www.kosiceregion.com\\\/#\\\/schema\\\/person\\\/18aca0bae16b5f9c2d3f5c8e4bbf3391\",\"name\":\"Attila Torok\",\"image\":{\"@type\":\"ImageObject\",\"inLanguage\":\"en-GB\",\"@id\":\"https:\\\/\\\/secure.gravatar.com\\\/avatar\\\/f289d63cba2f064b26e632d396cfd7b9ddc40138c86207c90d65e718e60dd5c6?s=96&d=mm&r=g\",\"url\":\"https:\\\/\\\/secure.gravatar.com\\\/avatar\\\/f289d63cba2f064b26e632d396cfd7b9ddc40138c86207c90d65e718e60dd5c6?s=96&d=mm&r=g\",\"contentUrl\":\"https:\\\/\\\/secure.gravatar.com\\\/avatar\\\/f289d63cba2f064b26e632d396cfd7b9ddc40138c86207c90d65e718e60dd5c6?s=96&d=mm&r=g\",\"caption\":\"Attila Torok\"}}]}<\/script>\n<!-- \/ Yoast SEO Premium plugin. -->","yoast_head_json":{"title":"Ko\u0161ice Regi\u00f3n","description":"Bicyklom po Above s Eurobusom\n\n\n\nSpolo\u010dnos\u0165 eurobus, a.s. pon\u00faka na pravidelnej linke 802431 Ko\u0161ice - Zlat\u00e1 Idka a sp\u00e4\u0165 a pravidelnej linke 802437 Ko\u0161ice - Soko\u013e a sp\u00e4\u0165&nbsp; slu\u017ebu prepravy bicyklov. Autobusov\u00e9 spoje, vybaven\u00e9\u2026","robots":{"index":"index","follow":"follow","max-snippet":"max-snippet:-1","max-image-preview":"max-image-preview:large","max-video-preview":"max-video-preview:-1"},"canonical":"https:\/\/www.kosiceregion.com\/sk\/bicyklom-s-eurobusom\/","og_locale":"en_GB","og_type":"article","og_title":"BICYKLOM S EUROBUSOM","og_description":"Bicyklom s Eurobusom na pravideln\u00fdch region\u00e1lnych link\u00e1ch. Prepravte sa do regi\u00f3nu autobusom a objavte nov\u00e9 miesta na Kraji svea","og_url":"https:\/\/www.kosiceregion.com\/en\/wp-json\/wp\/v2\/posts\/10482","og_site_name":"Ko\u0161ice Regi\u00f3n","article_publisher":"https:\/\/www.facebook.com\/kosiceregion","article_published_time":"2023-05-29T14:12:09+00:00","article_modified_time":"2023-06-06T12:02:38+00:00","og_image":[{"width":1920,"height":754,"url":"https:\/\/www.kosiceregion.com\/wp-content\/uploads\/2023\/05\/WebKRT_BicyklomPoKSK_1920x754px.jpg","type":"image\/jpeg"}],"author":"Attila Torok","twitter_card":"summary_large_image","twitter_creator":"@KOSICEREGION","twitter_site":"@KOSICEREGION","twitter_misc":{"Written by":"Attila Torok","Estimated reading time":"6 minutes"},"schema":{"@context":"https:\/\/schema.org","@graph":[{"@type":"Article","@id":"https:\/\/www.kosiceregion.com\/sk\/bicyklom-s-eurobusom\/#article","isPartOf":{"@id":"https:\/\/www.kosiceregion.com\/sk\/bicyklom-s-eurobusom\/"},"author":{"name":"Attila Torok","@id":"https:\/\/www.kosiceregion.com\/#\/schema\/person\/18aca0bae16b5f9c2d3f5c8e4bbf3391"},"headline":"BICYKLOM S EUROBUSOM","datePublished":"2023-05-29T14:12:09+00:00","dateModified":"2023-06-06T12:02:38+00:00","mainEntityOfPage":{"@id":"https:\/\/www.kosiceregion.com\/sk\/bicyklom-s-eurobusom\/"},"wordCount":642,"publisher":{"@id":"https:\/\/www.kosiceregion.com\/#organization"},"image":{"@id":"https:\/\/www.kosiceregion.com\/sk\/bicyklom-s-eurobusom\/#primaryimage"},"thumbnailUrl":"https:\/\/www.kosiceregion.com\/wp-content\/uploads\/2023\/05\/WebKRT_BicyklomPoKSK_1920x754px.jpg","keywords":["bicyklom","cyklo","do raja","na gemer","Spi\u0161sk\u00e1 Nov\u00e1 Ves","v\u00fdlet"],"articleSection":["In\u0161piruj sa"],"inLanguage":"en-GB"},{"@type":"WebPage","@id":"https:\/\/www.kosiceregion.com\/sk\/bicyklom-s-eurobusom\/","url":"https:\/\/www.kosiceregion.com\/sk\/bicyklom-s-eurobusom\/","name":"BICYKLOM S EUROBUSOM - Ko\u0161ice Regi\u00f3n","isPartOf":{"@id":"https:\/\/www.kosiceregion.com\/#website"},"primaryImageOfPage":{"@id":"https:\/\/www.kosiceregion.com\/sk\/bicyklom-s-eurobusom\/#primaryimage"},"image":{"@id":"https:\/\/www.kosiceregion.com\/sk\/bicyklom-s-eurobusom\/#primaryimage"},"thumbnailUrl":"https:\/\/www.kosiceregion.com\/wp-content\/uploads\/2023\/05\/WebKRT_BicyklomPoKSK_1920x754px.jpg","datePublished":"2023-05-29T14:12:09+00:00","dateModified":"2023-06-06T12:02:38+00:00","description":"Bicyklom s Eurobusom na pravideln\u00fdch region\u00e1lnych link\u00e1ch. Prepravte sa do regi\u00f3nu autobusom a objavte nov\u00e9 miesta na Kraji svea","breadcrumb":{"@id":"https:\/\/www.kosiceregion.com\/sk\/bicyklom-s-eurobusom\/#breadcrumb"},"inLanguage":"en-GB","potentialAction":[{"@type":"ReadAction","target":["https:\/\/www.kosiceregion.com\/sk\/bicyklom-s-eurobusom\/"]}]},{"@type":"ImageObject","inLanguage":"en-GB","@id":"https:\/\/www.kosiceregion.com\/sk\/bicyklom-s-eurobusom\/#primaryimage","url":"https:\/\/www.kosiceregion.com\/wp-content\/uploads\/2023\/05\/WebKRT_BicyklomPoKSK_1920x754px.jpg","contentUrl":"https:\/\/www.kosiceregion.com\/wp-content\/uploads\/2023\/05\/WebKRT_BicyklomPoKSK_1920x754px.jpg","width":1920,"height":754,"caption":"Bicyklom na Kraji sveta"},{"@type":"BreadcrumbList","@id":"https:\/\/www.kosiceregion.com\/sk\/bicyklom-s-eurobusom\/#breadcrumb","itemListElement":[{"@type":"ListItem","position":1,"name":"Home","item":"https:\/\/www.kosiceregion.com\/sk\/"},{"@type":"ListItem","position":2,"name":"BICYKLOM S EUROBUSOM"}]},{"@type":"WebSite","@id":"https:\/\/www.kosiceregion.com\/#website","url":"https:\/\/www.kosiceregion.com\/","name":"Ko\u0161ice Regi\u00f3n","description":"Turistick\u00fd sprievodca Ko\u0161ick\u00fdm krajom","publisher":{"@id":"https:\/\/www.kosiceregion.com\/#organization"},"potentialAction":[{"@type":"SearchAction","target":{"@type":"EntryPoint","urlTemplate":"https:\/\/www.kosiceregion.com\/?s={search_term_string}"},"query-input":{"@type":"PropertyValueSpecification","valueRequired":true,"valueName":"search_term_string"}}],"inLanguage":"en-GB"},{"@type":"Organization","@id":"https:\/\/www.kosiceregion.com\/#organization","name":"Ko\u0161ice Regi\u00f3n Turizmus","url":"https:\/\/www.kosiceregion.com\/","logo":{"@type":"ImageObject","inLanguage":"en-GB","@id":"https:\/\/www.kosiceregion.com\/#\/schema\/logo\/image\/","url":"https:\/\/www.kosiceregion.com\/wp-content\/uploads\/2019\/03\/logo-web-sk.png","contentUrl":"https:\/\/www.kosiceregion.com\/wp-content\/uploads\/2019\/03\/logo-web-sk.png","width":225,"height":100,"caption":"Ko\u0161ice Regi\u00f3n Turizmus"},"image":{"@id":"https:\/\/www.kosiceregion.com\/#\/schema\/logo\/image\/"},"sameAs":["https:\/\/www.facebook.com\/kosiceregion","https:\/\/x.com\/KOSICEREGION","https:\/\/www.instagram.com\/kosiceregion","https:\/\/www.youtube.com\/kosiceregion"]},{"@type":"Person","@id":"https:\/\/www.kosiceregion.com\/#\/schema\/person\/18aca0bae16b5f9c2d3f5c8e4bbf3391","name":"Attila Torok","image":{"@type":"ImageObject","inLanguage":"en-GB","@id":"https:\/\/secure.gravatar.com\/avatar\/f289d63cba2f064b26e632d396cfd7b9ddc40138c86207c90d65e718e60dd5c6?s=96&d=mm&r=g","url":"https:\/\/secure.gravatar.com\/avatar\/f289d63cba2f064b26e632d396cfd7b9ddc40138c86207c90d65e718e60dd5c6?s=96&d=mm&r=g","contentUrl":"https:\/\/secure.gravatar.com\/avatar\/f289d63cba2f064b26e632d396cfd7b9ddc40138c86207c90d65e718e60dd5c6?s=96&d=mm&r=g","caption":"Attila Torok"}}]}},"_links":{"self":[{"href":"https:\/\/www.kosiceregion.com\/en\/wp-json\/wp\/v2\/posts\/10482","targetHints":{"allow":["GET"]}}],"collection":[{"href":"https:\/\/www.kosiceregion.com\/en\/wp-json\/wp\/v2\/posts"}],"about":[{"href":"https:\/\/www.kosiceregion.com\/en\/wp-json\/wp\/v2\/types\/post"}],"author":[{"embeddable":true,"href":"https:\/\/www.kosiceregion.com\/en\/wp-json\/wp\/v2\/users\/3"}],"replies":[{"embeddable":true,"href":"https:\/\/www.kosiceregion.com\/en\/wp-json\/wp\/v2\/comments?post=10482"}],"version-history":[{"count":6,"href":"https:\/\/www.kosiceregion.com\/en\/wp-json\/wp\/v2\/posts\/10482\/revisions"}],"predecessor-version":[{"id":10616,"href":"https:\/\/www.kosiceregion.com\/en\/wp-json\/wp\/v2\/posts\/10482\/revisions\/10616"}],"wp:featuredmedia":[{"embeddable":true,"href":"https:\/\/www.kosiceregion.com\/en\/wp-json\/wp\/v2\/media\/10510"}],"wp:attachment":[{"href":"https:\/\/www.kosiceregion.com\/en\/wp-json\/wp\/v2\/media?parent=10482"}],"wp:term":[{"taxonomy":"category","embeddable":true,"href":"https:\/\/www.kosiceregion.com\/en\/wp-json\/wp\/v2\/categories?post=10482"},{"taxonomy":"post_tag","embeddable":true,"href":"https:\/\/www.kosiceregion.com\/en\/wp-json\/wp\/v2\/tags?post=10482"}],"curies":[{"name":"wp","href":"https:\/\/api.w.org\/{rel}","templated":true}]}}