{"id":10580,"date":"2023-06-02T14:26:45","date_gmt":"2023-06-02T12:26:45","guid":{"rendered":"https:\/\/www.kosiceregion.com\/sk\/?p=10580"},"modified":"2023-06-02T15:41:38","modified_gmt":"2023-06-02T13:41:38","slug":"","status":"publish","type":"post","link":"https:\/\/www.kosiceregion.com\/en\/brzotinske-skaly\/","title":{"rendered":"","raw":""},"content":{"rendered":"","protected":false,"raw":""},"excerpt":{"rendered":"","protected":false,"raw":""},"author":15,"featured_media":10609,"comment_status":"closed","ping_status":"closed","sticky":false,"template":"","format":"standard","meta":{"_acf_changed":false,"_sk_post_content":"<!-- wp:heading -->\n<h2>Ambas\u00e1dori Kraja sveta: Na cest\u00e1ch s Nikou   <\/h2>\n<!-- \/wp:heading -->\n\n<!-- wp:paragraph -->\n<p>Ak t\u00fa\u017eite za\u017ei\u0165 kr\u00e1sny z\u00e1pad slnka ne\u010faleko Ko\u0161\u00edc, jednozna\u010dne V\u00e1m odpor\u00fa\u010dam nav\u0161t\u00edvi\u0165 Brzot\u00ednske skaly. Na z\u00e1pad slnka sme sa vybrali netradi\u010dne v\u00a0Pondelok. Ur\u010dite to bola t\u00e1 spr\u00e1vna vo\u013eba, nestretli sme ani jedn\u00e9ho nad\u0161enca pre turistiku, a\u00a0tak cel\u00e1 trasa patrila len n\u00e1m.<\/p>\n<!-- \/wp:paragraph -->\n\n<!-- wp:heading -->\n<h2> Inform\u00e1cie o trase a lokalite <\/h2>\n<!-- \/wp:heading -->\n\n<!-- wp:tadv\/classic-paragraph -->\n<table class=\" aligncenter\" style=\"height: 409px; width: 72.8588%; border-collapse: collapse;\">\n<tbody>\n<tr style=\"height: 216px;\">\n<td style=\"width: 23.8562%; height: 210px;\"><img class=\"size-full wp-image-5997 aligncenter\" src=\"https:\/\/www.kosiceregion.com\/wp-content\/uploads\/2021\/05\/Icon_black__kids.png\" alt=\"\" width=\"35\" height=\"35\"><\/td>\n<td style=\"width: 23.8562%; height: 210px;\">\n<p><strong>Vhodn\u00e9 pre deti<\/strong><\/p>\n<p>NIE<\/p>\n<\/td>\n<td style=\"width: 24.6732%; height: 210px;\"><img class=\"size-full wp-image-5998 aligncenter\" src=\"https:\/\/www.kosiceregion.com\/wp-content\/uploads\/2021\/05\/Icon_black__route.png\" alt=\"\" width=\"35\" height=\"35\"><\/td>\n<td style=\"width: 27.2876%; height: 210px;\">\n<p><strong>Zna\u010den\u00e1 trasa <\/strong><\/p>\n<p>\u00c1NO<\/p>\n<\/td>\n<\/tr>\n<tr style=\"height: 216px;\">\n<td style=\"width: 23.8562%; height: 199px;\"><img class=\"size-full wp-image-5999 aligncenter\" src=\"https:\/\/www.kosiceregion.com\/wp-content\/uploads\/2021\/05\/Icon_black__food.png\" alt=\"\" width=\"35\" height=\"35\"><\/td>\n<td style=\"width: 23.8562%; height: 199px;\">\n<p><strong>Stravovacie zariadenie<\/strong><\/p>\n<p>NIE<\/p>\n<\/td>\n<td style=\"width: 24.6732%; height: 199px;\"><img class=\"size-full wp-image-6000 aligncenter\" src=\"https:\/\/www.kosiceregion.com\/wp-content\/uploads\/2021\/05\/Icon_black__challenging.png\" alt=\"\" width=\"35\" height=\"35\"><\/td>\n<td style=\"width: 27.2876%; height: 199px;\">\n<p><strong>N\u00e1ro\u010dnos\u0165 trasy<\/strong><\/p>\n<p style=\"text-align: left;\">STREDN\u00c1<\/p>\n<\/td>\n<\/tr>\n<\/tbody>\n<\/table>\n<!-- \/wp:tadv\/classic-paragraph -->\n\n<!-- wp:image {\"id\":10581,\"sizeSlug\":\"large\",\"linkDestination\":\"none\"} -->\n<figure class=\"wp-block-image size-large\"><img src=\"https:\/\/www.kosiceregion.com\/wp-content\/uploads\/2023\/06\/Image1-1024x768.jpg\" alt=\"\" class=\"wp-image-10581\"\/><\/figure>\n<!-- \/wp:image -->\n\n<!-- wp:paragraph -->\n<p>Najkrat\u0161\u00ed pr\u00edstup je z obce Jovice, odkia\u013e vedie ku skal\u00e1m&nbsp;<strong>zna\u010den\u00e1 turistick\u00e1 trasa v dlh\u00e1 cca 4 km<\/strong>. Zaparkova\u0165 auto m\u00f4\u017eete bu\u010f v obci alebo za mostom, ktor\u00fd vedie cez potok \u010cremo\u0161n\u00e1. My sme sa pre istotu op\u00fdtali tunaj\u0161\u00edch, kam vieme zaparkova\u0165 auto. Odporu\u010dili n\u00e1m, aby sme odparkovali ved\u013ea cesty alebo priamo na tr\u00e1vu - na neofici\u00e1lne vyhraden\u00e9 parkovisko. Tunaj\u0161\u00ed n\u00e1m popriali pekn\u00fa t\u00faru a&nbsp;hne\u010f n\u00e1s navnadili, ke\u010f\u017ee povedali, \u017ee z\u00e1pad slnka je tu netradi\u010dne kr\u00e1sny, v\u010faka \u010domu sme dostali dostatok el\u00e1nu na cestu.<\/p>\n<!-- \/wp:paragraph -->\n\n<!-- wp:image {\"id\":10582,\"sizeSlug\":\"large\",\"linkDestination\":\"none\"} -->\n<figure class=\"wp-block-image size-large\"><img src=\"https:\/\/www.kosiceregion.com\/wp-content\/uploads\/2023\/06\/image-2-768x1024.jpg\" alt=\"\" class=\"wp-image-10582\"\/><\/figure>\n<!-- \/wp:image -->\n\n<!-- wp:paragraph -->\n<p>Od za\u010diatku, prakticky a\u017e na vrchol, p\u00f4jdete po lesnej ceste \u2013 najprv modrej, nesk\u00f4r zelenej turistickej trase.<\/p>\n<!-- \/wp:paragraph -->\n\n<!-- wp:paragraph -->\n<p>Trasa za\u010d\u00edna hne\u010f od parkoviska st\u00fapa\u0165, ale to, \u010do sme uvideli kr\u00e1tko po vstupe do lesa, n\u00e1s prekvapilo. V\u00fdrazn\u00e9 kon\u0161tantn\u00e9 st\u00fapanie cel\u00fa dobu, dalo na\u0161im kolen\u00e1m riadne zabra\u0165. Celkov\u00fa trasu, ktor\u00e1 m\u00e1 pribli\u017ene 8 km, sme zvl\u00e1dli za 5 hod\u00edn.<\/p>\n<!-- \/wp:paragraph -->\n\n<!-- wp:image {\"id\":10583,\"sizeSlug\":\"large\",\"linkDestination\":\"none\"} -->\n<figure class=\"wp-block-image size-large\"><img src=\"https:\/\/www.kosiceregion.com\/wp-content\/uploads\/2023\/06\/Image-3-1024x768.jpg\" alt=\"\" class=\"wp-image-10583\"\/><\/figure>\n<!-- \/wp:image -->\n\n<!-- wp:paragraph -->\n<p>Po pribli\u017ene 2 hodin\u00e1ch \u0161liapania ste v cieli. Brzot\u00ednska skala pred vami, v\u00e1m odhal\u00ed n\u00e1dhern\u00fd v\u00fdh\u013ead na severoz\u00e1pad.<\/p>\n<!-- \/wp:paragraph -->\n\n<!-- wp:image {\"id\":10584,\"sizeSlug\":\"large\",\"linkDestination\":\"none\"} -->\n<figure class=\"wp-block-image size-large\"><img src=\"https:\/\/www.kosiceregion.com\/wp-content\/uploads\/2023\/06\/image-4-768x1024.jpg\" alt=\"\" class=\"wp-image-10584\"\/><\/figure>\n<!-- \/wp:image -->\n\n<!-- wp:paragraph -->\n<p>Pod vami sa rozprestiera Ro\u017e\u0148avsk\u00e1 kotlina, Brzot\u00edn a jeho rybn\u00edky a taktie\u017e rieka Slan\u00e1.<\/p>\n<!-- \/wp:paragraph -->\n\n<!-- wp:image {\"id\":10585,\"sizeSlug\":\"large\",\"linkDestination\":\"none\"} -->\n<figure class=\"wp-block-image size-large\"><img src=\"https:\/\/www.kosiceregion.com\/wp-content\/uploads\/2023\/06\/Image-5-768x1024.jpg\" alt=\"\" class=\"wp-image-10585\"\/><\/figure>\n<!-- \/wp:image -->\n\n<!-- wp:paragraph -->\n<p>Na\u0161e o\u010di priam \u017easli. Po 15 min\u00fatach \u010dakania to pri\u0161lo - kr\u00e1sny z\u00e1pad slnka. V&nbsp;tom momente sme v\u0161etci \u00faplne st\u00edchli a&nbsp;nechali sa un\u00e1\u0161a\u0165 kr\u00e1sou. A&nbsp;tu sa mi perfektne hod\u00ed cit\u00e1t: <\/p>\n<!-- \/wp:paragraph -->\n\n<!-- wp:quote -->\n<blockquote class=\"wp-block-quote\"><p><em>,,Z\u00e1pady slnka s\u00fa d\u00f4kazom toho, \u017ee aj konce m\u00f4\u017eu by\u0165 kr\u00e1sne.\"<\/em><\/p><\/blockquote>\n<!-- \/wp:quote -->\n\n<!-- wp:paragraph -->\n<p><\/p>\n<!-- \/wp:paragraph -->\n\n<!-- wp:image {\"id\":10586,\"sizeSlug\":\"large\",\"linkDestination\":\"none\"} -->\n<figure class=\"wp-block-image size-large\"><img src=\"https:\/\/www.kosiceregion.com\/wp-content\/uploads\/2023\/06\/Image-6-1024x768.jpg\" alt=\"\" class=\"wp-image-10586\"\/><\/figure>\n<!-- \/wp:image -->\n\n<!-- wp:paragraph -->\n<p>\u010eal\u0161ia zauj\u00edmavos\u0165, ktor\u00fa nesmiem vynecha\u0165 je, \u017ee miesto je vyhl\u00e1sen\u00e9 za pr\u00edrodn\u00fa rezerv\u00e1ciu s v\u00fdskytom nieko\u013ek\u00fdch vz\u00e1cnych a chr\u00e1nen\u00fdch druhov rastl\u00edn (napr. Klin\u010dek v\u010dasn\u00fd neprav\u00fd, Chud\u00f4bka drsnoplod\u00e1 a Tarica kopcov\u00e1 ...) a preto tu plat\u00ed 5. stupe\u0148 ochrany!<\/p>\n<!-- \/wp:paragraph -->\n\n<!-- wp:heading -->\n<h2> Inform\u00e1cie o trase a lokalite <\/h2>\n<!-- \/wp:heading -->\n\n<!-- wp:tadv\/classic-paragraph -->\n<p>\u00a0<\/p>\n<table class=\" aligncenter\" style=\"height: 409px; width: 72.8588%; border-collapse: collapse;\">\n<tbody>\n<tr style=\"height: 216px;\">\n<td style=\"width: 20%; height: 210px;\"><img class=\"aligncenter\" src=\"https:\/\/www.kosiceregion.com\/wp-content\/uploads\/2021\/05\/Icon_black__parking.png\" alt=\"\" width=\"35\" height=\"35\" \/><\/td>\n<td style=\"width: 20%; height: 210px;\">\n<p><strong>Parkovanie<\/strong><\/p>\n<p>\u00c1NO<br \/>v obci Jovice alebo za mostom cez potok \u010cremo\u0161n\u00e1 na neofici\u00e1lne vyhradenom parkovisku<\/p>\n<\/td>\n<td style=\"width: 20.5727%; height: 210px;\"><img class=\"aligncenter\" src=\"https:\/\/www.kosiceregion.com\/wp-content\/uploads\/2021\/05\/Icon_black__bus.png\" alt=\"\" width=\"35\" height=\"35\" \/><\/td>\n<td style=\"width: 22.9886%; height: 210px;\">\n<p><strong>Autobusov\u00e1 zast\u00e1vka<\/strong><\/p>\n<p>\u00c1NO<br \/>(Zobrazi\u0165 na mape)<\/p>\n<\/td>\n<\/tr>\n<\/tbody>\n<\/table>\n<p>\u00a0<\/p>\n<p>\n<!-- \/wp:tadv\/classic-paragraph -->\n\n<p><\/p>\n<p><!-- \/wp:tadv\/classic-paragraph --><\/p>\n<p><!-- wp:shortcode --><br>\n<iframe style=\"border:none\" src=\"https:\/\/sk.frame.mapy.cz\/s\/gukujejuna\" width=\"100%\" height=\"280\" frameborder=\"0\"><\/iframe><br>\n<!-- \/wp:shortcode --><\/p>\n<p><!-- wp:html \/--><\/p>\n<p>Viac in\u0161pir\u00e1ci\u00ed n\u00e1jdete na soci\u00e1lnej sieti Instagram a \u00fa\u010dte <a href=\"https:\/\/www.instagram.com\/nacestachsnikou\/\">@nacestachsnikou.<\/a><\/p>\n<p><!-- wp:image {\"id\":10348,\"sizeSlug\":\"large\",\"linkDestination\":\"custom\"} --><\/p>\n<figure class=\"wp-block-image size-large\"><img src=\"https:\/\/www.kosiceregion.com\/wp-content\/uploads\/2023\/04\/Obrazok1-1-1024x467.jpg\" alt=\"\" class=\"wp-image-10348\"><\/figure>\n<p><!-- \/wp:image --><\/p>","_sk_post_name":"brzotinske-skaly","_sk_post_excerpt":"","_sk_post_title":"Brzot\u00ednske skaly","_en_post_content":"","_en_post_name":"","_en_post_excerpt":"","_en_post_title":"","_hu_post_content":"","_hu_post_name":"","_hu_post_excerpt":"","_hu_post_title":"","_es_post_content":"","_es_post_name":"","_es_post_excerpt":"","_es_post_title":"","_de_post_content":"","_de_post_name":"","_de_post_excerpt":"","_de_post_title":"","_pl_post_content":"","_pl_post_name":"","_pl_post_excerpt":"","_pl_post_title":"","_it_post_content":"","_it_post_name":"","_it_post_excerpt":"","_it_post_title":"","edit_language":"en","footnotes":""},"categories":[22],"tags":[],"class_list":["post-10580","post","type-post","status-publish","format-standard","has-post-thumbnail","hentry","category-get-inspired"],"acf":[],"yoast_head":"<!-- This site is optimized with the Yoast SEO Premium plugin v25.5 (Yoast SEO v27.4) - https:\/\/yoast.com\/product\/yoast-seo-premium-wordpress\/ -->\n<title>Ko\u0161ice Regi\u00f3n<\/title>\n<meta name=\"description\" content=\"Ambas\u00e1dori Kraja sveta: Na cest\u00e1ch s Nikou   \n\n\n\nAk t\u00fa\u017eite za\u017ei\u0165 kr\u00e1sny z\u00e1pad slnka ne\u010faleko Ko\u0161\u00edc, jednozna\u010dne V\u00e1m odpor\u00fa\u010dam nav\u0161t\u00edvi\u0165 Brzot\u00ednske skaly. Na z\u00e1pad slnka sme sa vybrali netradi\u010dne v\u00a0Pondelok. Ur\u010dite to bola\u2026\" \/>\n<meta name=\"robots\" content=\"index, follow, max-snippet:-1, max-image-preview:large, max-video-preview:-1\" \/>\n<link rel=\"canonical\" href=\"https:\/\/www.kosiceregion.com\/sk\/brzotinske-skaly\/\" \/>\n<meta property=\"og:locale\" content=\"en_GB\" \/>\n<meta property=\"og:type\" content=\"article\" \/>\n<meta property=\"og:title\" content=\"Brzot\u00ednske skaly\" \/>\n<meta property=\"og:description\" content=\"Na cest\u00e1ch s Nikou : T\u00fa\u017eite za\u017ei\u0165 kr\u00e1sny z\u00e1pad slnka ne\u010faleko Ko\u0161\u00edc, jednozna\u010dne V\u00e1m odpor\u00fa\u010dam nav\u0161t\u00edvi\u0165 Brzotinske skaly\" \/>\n<meta property=\"og:url\" content=\"https:\/\/www.kosiceregion.com\/en\/wp-json\/wp\/v2\/posts\/10580\" \/>\n<meta property=\"og:site_name\" content=\"Ko\u0161ice Regi\u00f3n\" \/>\n<meta property=\"article:publisher\" content=\"https:\/\/www.facebook.com\/kosiceregion\" \/>\n<meta property=\"article:published_time\" content=\"2023-06-02T12:26:45+00:00\" \/>\n<meta property=\"article:modified_time\" content=\"2023-06-02T13:41:38+00:00\" \/>\n<meta property=\"og:image\" content=\"https:\/\/www.kosiceregion.com\/wp-content\/uploads\/2023\/06\/image-4-1-scaled.jpg\" \/>\n\t<meta property=\"og:image:width\" content=\"2560\" \/>\n\t<meta property=\"og:image:height\" content=\"1739\" \/>\n\t<meta property=\"og:image:type\" content=\"image\/jpeg\" \/>\n<meta name=\"author\" content=\"Paula Buliakov\u00e1 Tegelhof\" \/>\n<meta name=\"twitter:card\" content=\"summary_large_image\" \/>\n<meta name=\"twitter:title\" content=\"Brzot\u00ednske skaly\" \/>\n<meta name=\"twitter:image\" content=\"https:\/\/www.kosiceregion.com\/wp-content\/uploads\/2023\/06\/Haravara-pribehove-ilustracie-FB-14.jpg\" \/>\n<meta name=\"twitter:creator\" content=\"@KOSICEREGION\" \/>\n<meta name=\"twitter:site\" content=\"@KOSICEREGION\" \/>\n<meta name=\"twitter:label1\" content=\"Written by\" \/>\n\t<meta name=\"twitter:data1\" content=\"Paula Buliakov\u00e1 Tegelhof\" \/>\n\t<meta name=\"twitter:label2\" content=\"Estimated reading time\" \/>\n\t<meta name=\"twitter:data2\" content=\"5 minutes\" \/>\n<script type=\"application\/ld+json\" class=\"yoast-schema-graph\">{\"@context\":\"https:\\\/\\\/schema.org\",\"@graph\":[{\"@type\":\"Article\",\"@id\":\"https:\\\/\\\/www.kosiceregion.com\\\/sk\\\/brzotinske-skaly\\\/#article\",\"isPartOf\":{\"@id\":\"https:\\\/\\\/www.kosiceregion.com\\\/sk\\\/brzotinske-skaly\\\/\"},\"author\":{\"name\":\"Paula Buliakov\u00e1 Tegelhof\",\"@id\":\"https:\\\/\\\/www.kosiceregion.com\\\/#\\\/schema\\\/person\\\/f58f7c5f26e77a35dc3bf96d432dbd05\"},\"headline\":\"Brzot\u00ednske skaly\",\"datePublished\":\"2023-06-02T12:26:45+00:00\",\"dateModified\":\"2023-06-02T13:41:38+00:00\",\"mainEntityOfPage\":{\"@id\":\"https:\\\/\\\/www.kosiceregion.com\\\/sk\\\/brzotinske-skaly\\\/\"},\"wordCount\":470,\"publisher\":{\"@id\":\"https:\\\/\\\/www.kosiceregion.com\\\/#organization\"},\"image\":{\"@id\":\"https:\\\/\\\/www.kosiceregion.com\\\/sk\\\/brzotinske-skaly\\\/#primaryimage\"},\"thumbnailUrl\":\"https:\\\/\\\/www.kosiceregion.com\\\/wp-content\\\/uploads\\\/2023\\\/06\\\/image-4-1-scaled.jpg\",\"articleSection\":[\"In\u0161piruj sa\"],\"inLanguage\":\"en-GB\"},{\"@type\":\"WebPage\",\"@id\":\"https:\\\/\\\/www.kosiceregion.com\\\/sk\\\/brzotinske-skaly\\\/\",\"url\":\"https:\\\/\\\/www.kosiceregion.com\\\/sk\\\/brzotinske-skaly\\\/\",\"name\":\"Brzot\u00ednske skaly - Ko\u0161ice Regi\u00f3n\",\"isPartOf\":{\"@id\":\"https:\\\/\\\/www.kosiceregion.com\\\/#website\"},\"primaryImageOfPage\":{\"@id\":\"https:\\\/\\\/www.kosiceregion.com\\\/sk\\\/brzotinske-skaly\\\/#primaryimage\"},\"image\":{\"@id\":\"https:\\\/\\\/www.kosiceregion.com\\\/sk\\\/brzotinske-skaly\\\/#primaryimage\"},\"thumbnailUrl\":\"https:\\\/\\\/www.kosiceregion.com\\\/wp-content\\\/uploads\\\/2023\\\/06\\\/image-4-1-scaled.jpg\",\"datePublished\":\"2023-06-02T12:26:45+00:00\",\"dateModified\":\"2023-06-02T13:41:38+00:00\",\"description\":\"Na cest\u00e1ch s Nikou : T\u00fa\u017eite za\u017ei\u0165 kr\u00e1sny z\u00e1pad slnka ne\u010faleko Ko\u0161\u00edc, jednozna\u010dne V\u00e1m odpor\u00fa\u010dam nav\u0161t\u00edvi\u0165 Brzotinske skaly\",\"breadcrumb\":{\"@id\":\"https:\\\/\\\/www.kosiceregion.com\\\/sk\\\/brzotinske-skaly\\\/#breadcrumb\"},\"inLanguage\":\"en-GB\",\"potentialAction\":[{\"@type\":\"ReadAction\",\"target\":[\"https:\\\/\\\/www.kosiceregion.com\\\/sk\\\/brzotinske-skaly\\\/\"]}]},{\"@type\":\"ImageObject\",\"inLanguage\":\"en-GB\",\"@id\":\"https:\\\/\\\/www.kosiceregion.com\\\/sk\\\/brzotinske-skaly\\\/#primaryimage\",\"url\":\"https:\\\/\\\/www.kosiceregion.com\\\/wp-content\\\/uploads\\\/2023\\\/06\\\/image-4-1-scaled.jpg\",\"contentUrl\":\"https:\\\/\\\/www.kosiceregion.com\\\/wp-content\\\/uploads\\\/2023\\\/06\\\/image-4-1-scaled.jpg\",\"width\":2560,\"height\":1739},{\"@type\":\"BreadcrumbList\",\"@id\":\"https:\\\/\\\/www.kosiceregion.com\\\/sk\\\/brzotinske-skaly\\\/#breadcrumb\",\"itemListElement\":[{\"@type\":\"ListItem\",\"position\":1,\"name\":\"Home\",\"item\":\"https:\\\/\\\/www.kosiceregion.com\\\/sk\\\/\"},{\"@type\":\"ListItem\",\"position\":2,\"name\":\"Brzot\u00ednske skaly\"}]},{\"@type\":\"WebSite\",\"@id\":\"https:\\\/\\\/www.kosiceregion.com\\\/#website\",\"url\":\"https:\\\/\\\/www.kosiceregion.com\\\/\",\"name\":\"Ko\u0161ice Regi\u00f3n\",\"description\":\"Turistick\u00fd sprievodca Ko\u0161ick\u00fdm krajom\",\"publisher\":{\"@id\":\"https:\\\/\\\/www.kosiceregion.com\\\/#organization\"},\"potentialAction\":[{\"@type\":\"SearchAction\",\"target\":{\"@type\":\"EntryPoint\",\"urlTemplate\":\"https:\\\/\\\/www.kosiceregion.com\\\/?s={search_term_string}\"},\"query-input\":{\"@type\":\"PropertyValueSpecification\",\"valueRequired\":true,\"valueName\":\"search_term_string\"}}],\"inLanguage\":\"en-GB\"},{\"@type\":\"Organization\",\"@id\":\"https:\\\/\\\/www.kosiceregion.com\\\/#organization\",\"name\":\"Ko\u0161ice Regi\u00f3n Turizmus\",\"url\":\"https:\\\/\\\/www.kosiceregion.com\\\/\",\"logo\":{\"@type\":\"ImageObject\",\"inLanguage\":\"en-GB\",\"@id\":\"https:\\\/\\\/www.kosiceregion.com\\\/#\\\/schema\\\/logo\\\/image\\\/\",\"url\":\"https:\\\/\\\/www.kosiceregion.com\\\/wp-content\\\/uploads\\\/2019\\\/03\\\/logo-web-sk.png\",\"contentUrl\":\"https:\\\/\\\/www.kosiceregion.com\\\/wp-content\\\/uploads\\\/2019\\\/03\\\/logo-web-sk.png\",\"width\":225,\"height\":100,\"caption\":\"Ko\u0161ice Regi\u00f3n Turizmus\"},\"image\":{\"@id\":\"https:\\\/\\\/www.kosiceregion.com\\\/#\\\/schema\\\/logo\\\/image\\\/\"},\"sameAs\":[\"https:\\\/\\\/www.facebook.com\\\/kosiceregion\",\"https:\\\/\\\/x.com\\\/KOSICEREGION\",\"https:\\\/\\\/www.instagram.com\\\/kosiceregion\",\"https:\\\/\\\/www.youtube.com\\\/kosiceregion\"]},{\"@type\":\"Person\",\"@id\":\"https:\\\/\\\/www.kosiceregion.com\\\/#\\\/schema\\\/person\\\/f58f7c5f26e77a35dc3bf96d432dbd05\",\"name\":\"Paula Buliakov\u00e1 Tegelhof\",\"image\":{\"@type\":\"ImageObject\",\"inLanguage\":\"en-GB\",\"@id\":\"https:\\\/\\\/secure.gravatar.com\\\/avatar\\\/efa6a57b2e4fd9b6fdaf15acbda66a000ef0b3e50800a76a64602b268b90db7f?s=96&d=mm&r=g\",\"url\":\"https:\\\/\\\/secure.gravatar.com\\\/avatar\\\/efa6a57b2e4fd9b6fdaf15acbda66a000ef0b3e50800a76a64602b268b90db7f?s=96&d=mm&r=g\",\"contentUrl\":\"https:\\\/\\\/secure.gravatar.com\\\/avatar\\\/efa6a57b2e4fd9b6fdaf15acbda66a000ef0b3e50800a76a64602b268b90db7f?s=96&d=mm&r=g\",\"caption\":\"Paula Buliakov\u00e1 Tegelhof\"}}]}<\/script>\n<!-- \/ Yoast SEO Premium plugin. -->","yoast_head_json":{"title":"Ko\u0161ice Regi\u00f3n","description":"Ambas\u00e1dori Kraja sveta: Na cest\u00e1ch s Nikou   \n\n\n\nAk t\u00fa\u017eite za\u017ei\u0165 kr\u00e1sny z\u00e1pad slnka ne\u010faleko Ko\u0161\u00edc, jednozna\u010dne V\u00e1m odpor\u00fa\u010dam nav\u0161t\u00edvi\u0165 Brzot\u00ednske skaly. Na z\u00e1pad slnka sme sa vybrali netradi\u010dne v\u00a0Pondelok. Ur\u010dite to bola\u2026","robots":{"index":"index","follow":"follow","max-snippet":"max-snippet:-1","max-image-preview":"max-image-preview:large","max-video-preview":"max-video-preview:-1"},"canonical":"https:\/\/www.kosiceregion.com\/sk\/brzotinske-skaly\/","og_locale":"en_GB","og_type":"article","og_title":"Brzot\u00ednske skaly","og_description":"Na cest\u00e1ch s Nikou : T\u00fa\u017eite za\u017ei\u0165 kr\u00e1sny z\u00e1pad slnka ne\u010faleko Ko\u0161\u00edc, jednozna\u010dne V\u00e1m odpor\u00fa\u010dam nav\u0161t\u00edvi\u0165 Brzotinske skaly","og_url":"https:\/\/www.kosiceregion.com\/en\/wp-json\/wp\/v2\/posts\/10580","og_site_name":"Ko\u0161ice Regi\u00f3n","article_publisher":"https:\/\/www.facebook.com\/kosiceregion","article_published_time":"2023-06-02T12:26:45+00:00","article_modified_time":"2023-06-02T13:41:38+00:00","og_image":[{"width":2560,"height":1739,"url":"https:\/\/www.kosiceregion.com\/wp-content\/uploads\/2023\/06\/image-4-1-scaled.jpg","type":"image\/jpeg"}],"author":"Paula Buliakov\u00e1 Tegelhof","twitter_card":"summary_large_image","twitter_title":"Brzot\u00ednske skaly","twitter_image":"https:\/\/www.kosiceregion.com\/wp-content\/uploads\/2023\/06\/Haravara-pribehove-ilustracie-FB-14.jpg","twitter_creator":"@KOSICEREGION","twitter_site":"@KOSICEREGION","twitter_misc":{"Written by":"Paula Buliakov\u00e1 Tegelhof","Estimated reading time":"5 minutes"},"schema":{"@context":"https:\/\/schema.org","@graph":[{"@type":"Article","@id":"https:\/\/www.kosiceregion.com\/sk\/brzotinske-skaly\/#article","isPartOf":{"@id":"https:\/\/www.kosiceregion.com\/sk\/brzotinske-skaly\/"},"author":{"name":"Paula Buliakov\u00e1 Tegelhof","@id":"https:\/\/www.kosiceregion.com\/#\/schema\/person\/f58f7c5f26e77a35dc3bf96d432dbd05"},"headline":"Brzot\u00ednske skaly","datePublished":"2023-06-02T12:26:45+00:00","dateModified":"2023-06-02T13:41:38+00:00","mainEntityOfPage":{"@id":"https:\/\/www.kosiceregion.com\/sk\/brzotinske-skaly\/"},"wordCount":470,"publisher":{"@id":"https:\/\/www.kosiceregion.com\/#organization"},"image":{"@id":"https:\/\/www.kosiceregion.com\/sk\/brzotinske-skaly\/#primaryimage"},"thumbnailUrl":"https:\/\/www.kosiceregion.com\/wp-content\/uploads\/2023\/06\/image-4-1-scaled.jpg","articleSection":["In\u0161piruj sa"],"inLanguage":"en-GB"},{"@type":"WebPage","@id":"https:\/\/www.kosiceregion.com\/sk\/brzotinske-skaly\/","url":"https:\/\/www.kosiceregion.com\/sk\/brzotinske-skaly\/","name":"Brzot\u00ednske skaly - Ko\u0161ice Regi\u00f3n","isPartOf":{"@id":"https:\/\/www.kosiceregion.com\/#website"},"primaryImageOfPage":{"@id":"https:\/\/www.kosiceregion.com\/sk\/brzotinske-skaly\/#primaryimage"},"image":{"@id":"https:\/\/www.kosiceregion.com\/sk\/brzotinske-skaly\/#primaryimage"},"thumbnailUrl":"https:\/\/www.kosiceregion.com\/wp-content\/uploads\/2023\/06\/image-4-1-scaled.jpg","datePublished":"2023-06-02T12:26:45+00:00","dateModified":"2023-06-02T13:41:38+00:00","description":"Na cest\u00e1ch s Nikou : T\u00fa\u017eite za\u017ei\u0165 kr\u00e1sny z\u00e1pad slnka ne\u010faleko Ko\u0161\u00edc, jednozna\u010dne V\u00e1m odpor\u00fa\u010dam nav\u0161t\u00edvi\u0165 Brzotinske skaly","breadcrumb":{"@id":"https:\/\/www.kosiceregion.com\/sk\/brzotinske-skaly\/#breadcrumb"},"inLanguage":"en-GB","potentialAction":[{"@type":"ReadAction","target":["https:\/\/www.kosiceregion.com\/sk\/brzotinske-skaly\/"]}]},{"@type":"ImageObject","inLanguage":"en-GB","@id":"https:\/\/www.kosiceregion.com\/sk\/brzotinske-skaly\/#primaryimage","url":"https:\/\/www.kosiceregion.com\/wp-content\/uploads\/2023\/06\/image-4-1-scaled.jpg","contentUrl":"https:\/\/www.kosiceregion.com\/wp-content\/uploads\/2023\/06\/image-4-1-scaled.jpg","width":2560,"height":1739},{"@type":"BreadcrumbList","@id":"https:\/\/www.kosiceregion.com\/sk\/brzotinske-skaly\/#breadcrumb","itemListElement":[{"@type":"ListItem","position":1,"name":"Home","item":"https:\/\/www.kosiceregion.com\/sk\/"},{"@type":"ListItem","position":2,"name":"Brzot\u00ednske skaly"}]},{"@type":"WebSite","@id":"https:\/\/www.kosiceregion.com\/#website","url":"https:\/\/www.kosiceregion.com\/","name":"Ko\u0161ice Regi\u00f3n","description":"Turistick\u00fd sprievodca Ko\u0161ick\u00fdm krajom","publisher":{"@id":"https:\/\/www.kosiceregion.com\/#organization"},"potentialAction":[{"@type":"SearchAction","target":{"@type":"EntryPoint","urlTemplate":"https:\/\/www.kosiceregion.com\/?s={search_term_string}"},"query-input":{"@type":"PropertyValueSpecification","valueRequired":true,"valueName":"search_term_string"}}],"inLanguage":"en-GB"},{"@type":"Organization","@id":"https:\/\/www.kosiceregion.com\/#organization","name":"Ko\u0161ice Regi\u00f3n Turizmus","url":"https:\/\/www.kosiceregion.com\/","logo":{"@type":"ImageObject","inLanguage":"en-GB","@id":"https:\/\/www.kosiceregion.com\/#\/schema\/logo\/image\/","url":"https:\/\/www.kosiceregion.com\/wp-content\/uploads\/2019\/03\/logo-web-sk.png","contentUrl":"https:\/\/www.kosiceregion.com\/wp-content\/uploads\/2019\/03\/logo-web-sk.png","width":225,"height":100,"caption":"Ko\u0161ice Regi\u00f3n Turizmus"},"image":{"@id":"https:\/\/www.kosiceregion.com\/#\/schema\/logo\/image\/"},"sameAs":["https:\/\/www.facebook.com\/kosiceregion","https:\/\/x.com\/KOSICEREGION","https:\/\/www.instagram.com\/kosiceregion","https:\/\/www.youtube.com\/kosiceregion"]},{"@type":"Person","@id":"https:\/\/www.kosiceregion.com\/#\/schema\/person\/f58f7c5f26e77a35dc3bf96d432dbd05","name":"Paula Buliakov\u00e1 Tegelhof","image":{"@type":"ImageObject","inLanguage":"en-GB","@id":"https:\/\/secure.gravatar.com\/avatar\/efa6a57b2e4fd9b6fdaf15acbda66a000ef0b3e50800a76a64602b268b90db7f?s=96&d=mm&r=g","url":"https:\/\/secure.gravatar.com\/avatar\/efa6a57b2e4fd9b6fdaf15acbda66a000ef0b3e50800a76a64602b268b90db7f?s=96&d=mm&r=g","contentUrl":"https:\/\/secure.gravatar.com\/avatar\/efa6a57b2e4fd9b6fdaf15acbda66a000ef0b3e50800a76a64602b268b90db7f?s=96&d=mm&r=g","caption":"Paula Buliakov\u00e1 Tegelhof"}}]}},"_links":{"self":[{"href":"https:\/\/www.kosiceregion.com\/en\/wp-json\/wp\/v2\/posts\/10580","targetHints":{"allow":["GET"]}}],"collection":[{"href":"https:\/\/www.kosiceregion.com\/en\/wp-json\/wp\/v2\/posts"}],"about":[{"href":"https:\/\/www.kosiceregion.com\/en\/wp-json\/wp\/v2\/types\/post"}],"author":[{"embeddable":true,"href":"https:\/\/www.kosiceregion.com\/en\/wp-json\/wp\/v2\/users\/15"}],"replies":[{"embeddable":true,"href":"https:\/\/www.kosiceregion.com\/en\/wp-json\/wp\/v2\/comments?post=10580"}],"version-history":[{"count":8,"href":"https:\/\/www.kosiceregion.com\/en\/wp-json\/wp\/v2\/posts\/10580\/revisions"}],"predecessor-version":[{"id":10632,"href":"https:\/\/www.kosiceregion.com\/en\/wp-json\/wp\/v2\/posts\/10580\/revisions\/10632"}],"wp:featuredmedia":[{"embeddable":true,"href":"https:\/\/www.kosiceregion.com\/en\/wp-json\/wp\/v2\/media\/10609"}],"wp:attachment":[{"href":"https:\/\/www.kosiceregion.com\/en\/wp-json\/wp\/v2\/media?parent=10580"}],"wp:term":[{"taxonomy":"category","embeddable":true,"href":"https:\/\/www.kosiceregion.com\/en\/wp-json\/wp\/v2\/categories?post=10580"},{"taxonomy":"post_tag","embeddable":true,"href":"https:\/\/www.kosiceregion.com\/en\/wp-json\/wp\/v2\/tags?post=10580"}],"curies":[{"name":"wp","href":"https:\/\/api.w.org\/{rel}","templated":true}]}}