{"id":10633,"date":"2023-06-08T15:51:44","date_gmt":"2023-06-08T13:51:44","guid":{"rendered":"https:\/\/www.kosiceregion.com\/sk\/?p=10633"},"modified":"2023-06-08T15:51:46","modified_gmt":"2023-06-08T13:51:46","slug":"","status":"publish","type":"post","link":"https:\/\/www.kosiceregion.com\/en\/vodna-nadrz-klauzy\/","title":{"rendered":"","raw":""},"content":{"rendered":"","protected":false,"raw":""},"excerpt":{"rendered":"","protected":false,"raw":""},"author":15,"featured_media":10639,"comment_status":"closed","ping_status":"closed","sticky":false,"template":"","format":"standard","meta":{"_acf_changed":false,"_sk_post_content":"<!-- wp:heading -->\n<h2>Ambas\u00e1dori Kraja sveta: Na cest\u00e1ch s Nikou   <\/h2>\n<!-- \/wp:heading -->\n\n<!-- wp:paragraph -->\n<p>Kr\u00e1sne slne\u010dn\u00e9 po\u010dasie vyl\u00e1kalo aj n\u00e1s na turistiku. Rozhodli sme sa pre nie\u010do, na prv\u00fd poh\u013ead klasick\u00e9 ako Slovensk\u00fd raj, av\u0161ak na\u0161e kroky zamierili k menej nav\u0161tevovanej \u010dasti raja, a to k Vodnej n\u00e1dr\u017ei Klauzy.<\/p>\n<!-- \/wp:paragraph -->\n\n<!-- wp:heading -->\n<h2> Inform\u00e1cie o trase a lokalite <\/h2>\n<!-- \/wp:heading -->\n\n<!-- wp:tadv\/classic-paragraph -->\n<table class=\" aligncenter\" style=\"height: 409px; width: 72.8588%; border-collapse: collapse;\">\n<tbody>\n<tr style=\"height: 216px;\">\n<td style=\"width: 23.8562%; height: 210px;\"><img class=\"size-full wp-image-5997 aligncenter\" src=\"https:\/\/www.kosiceregion.com\/wp-content\/uploads\/2021\/05\/Icon_black__kids.png\" alt=\"\" width=\"35\" height=\"35\" \/><\/td>\n<td style=\"width: 23.8562%; height: 210px;\">\n<p><strong>Vhodn\u00e9 pre deti<\/strong><\/p>\n<p>\u00c1NO<\/p>\n<\/td>\n<td style=\"width: 24.6732%; height: 210px;\"><img class=\"size-full wp-image-5998 aligncenter\" src=\"https:\/\/www.kosiceregion.com\/wp-content\/uploads\/2021\/05\/Icon_black__route.png\" alt=\"\" width=\"35\" height=\"35\" \/><\/td>\n<td style=\"width: 27.2876%; height: 210px;\">\n<p><strong>Zna\u010den\u00e1 trasa <\/strong><\/p>\n<p>\u00c1NO<\/p>\n<\/td>\n<\/tr>\n<tr style=\"height: 216px;\">\n<td style=\"width: 23.8562%; height: 199px;\"><img class=\"size-full wp-image-5999 aligncenter\" src=\"https:\/\/www.kosiceregion.com\/wp-content\/uploads\/2021\/05\/Icon_black__food.png\" alt=\"\" width=\"35\" height=\"35\" \/><\/td>\n<td style=\"width: 23.8562%; height: 199px;\">\n<p><strong>Stravovacie zariadenie<\/strong><\/p>\n<p>\u00c1NO<\/p>\n<\/td>\n<td style=\"width: 24.6732%; height: 199px;\"><img class=\"size-full wp-image-6000 aligncenter\" src=\"https:\/\/www.kosiceregion.com\/wp-content\/uploads\/2021\/05\/Icon_black__challenging.png\" alt=\"\" width=\"35\" height=\"35\" \/><\/td>\n<td style=\"width: 27.2876%; height: 199px;\">\n<p><strong>N\u00e1ro\u010dnos\u0165 trasy<\/strong><\/p>\n<p style=\"text-align: left;\">MENEJ N\u00c1RO\u010cN\u00c1<\/p>\n<\/td>\n<\/tr>\n<\/tbody>\n<\/table>\n<!-- \/wp:tadv\/classic-paragraph -->\n\n<!-- wp:paragraph -->\n<p>Trasu sme od\u0161tartovali od centra parkoviska \u010cingov, kde sme nechali svojho t\u00e1to\u0161a a smelo vyrazil vpred dobrodru\u017estvu.<\/p>\n<!-- \/wp:paragraph -->\n\n<!-- wp:image {\"id\":10634,\"sizeSlug\":\"large\",\"linkDestination\":\"none\"} -->\n<figure class=\"wp-block-image size-large\"><img src=\"https:\/\/www.kosiceregion.com\/wp-content\/uploads\/2023\/06\/Fotka-c.1-1024x768.jpg\" alt=\"\" class=\"wp-image-10634\"\/><\/figure>\n<!-- \/wp:image -->\n\n<!-- wp:paragraph -->\n<p>Cesta je kr\u00e1sna, \u010dak\u00e1 n\u00e1s v\u0161etko, \u010do k\u00a0Slovensk\u00e9mu raju patr\u00ed. Zdol\u00e1me r\u00f4zne rebr\u00edky, lan\u00e1 \u010di l\u00e1vky a\u017e k\u00fdm sa dostaneme k\u00a0cie\u013eu. Preto <strong>odpor\u00fa\u010dame pevn\u00fa obuv.<\/strong><\/p>\n<!-- \/wp:paragraph -->\n\n<!-- wp:paragraph -->\n<p>Za\u010d\u00edname na modrej turistickej trase, z ktorej na Bielom Potoku - \u00fastie, pokra\u010dujeme zelenou trasou. Sp\u00e4\u0165 ideme rovnak\u00fdm sp\u00f4sobom. Av\u0161ak, v pr\u00edpade, \u017ee v\u00e1s jednosmern\u00e9 t\u00fary nebavia, ur\u010dite si n\u00e1jdete okru\u017en\u00fa trasu.<\/p>\n<!-- \/wp:paragraph -->\n\n<!-- wp:gallery {\"ids\":[10635,10637],\"linkTo\":\"none\"} -->\n<figure class=\"wp-block-gallery columns-2 is-cropped\"><ul class=\"blocks-gallery-grid\"><li class=\"blocks-gallery-item\"><figure><img src=\"https:\/\/www.kosiceregion.com\/wp-content\/uploads\/2023\/06\/Fotka-c.2-1024x768.jpg\" alt=\"\" data-id=\"10635\" data-link=\"https:\/\/www.kosiceregion.com\/sk\/?attachment_id=10635\" class=\"wp-image-10635\"\/><\/figure><\/li><li class=\"blocks-gallery-item\"><figure><img src=\"https:\/\/www.kosiceregion.com\/wp-content\/uploads\/2023\/06\/Fotka-c.3-1-1024x768.jpg\" alt=\"\" data-id=\"10637\" data-full-url=\"https:\/\/www.kosiceregion.com\/wp-content\/uploads\/2023\/06\/Fotka-c.3-1-scaled.jpg\" data-link=\"https:\/\/www.kosiceregion.com\/sk\/?attachment_id=10637\" class=\"wp-image-10637\"\/><\/figure><\/li><\/ul><\/figure>\n<!-- \/wp:gallery -->\n\n<!-- wp:paragraph -->\n<p>V\u00fdlet k vodnej n\u00e1dr\u017ei predstavuje\u00a0<strong>kr\u00e1snu a nen\u00e1ro\u010dn\u00fa turistiku<\/strong>, ktor\u00fa si vychutnaj\u00fa ako ve\u013ek\u00ed, tak aj mal\u00ed turisti. Vypn\u00fa\u0165 od ka\u017edodenn\u00fdch starost\u00ed a\u00a0hluku automobiliek, to je to, \u010do ka\u017ed\u00fd raz za \u010das potrebuje a po\u010das tejto turistiky sa v\u00e1m zaru\u010d\u00edm, \u017ee si vychutn\u00e1te jedine\u00a0\u017eblnkot vody a spev vt\u00e1\u010dikov.<\/p>\n<!-- \/wp:paragraph -->\n\n<!-- wp:image {\"id\":10638,\"sizeSlug\":\"large\",\"linkDestination\":\"none\"} -->\n<figure class=\"wp-block-image size-large\"><img src=\"https:\/\/www.kosiceregion.com\/wp-content\/uploads\/2023\/06\/Fotka-c.4-1024x768.jpg\" alt=\"\" class=\"wp-image-10638\"\/><\/figure>\n<!-- \/wp:image -->\n\n<!-- wp:paragraph -->\n<p>Celkov\u00e1 trasa tam a\u00a0sp\u00e4\u0165 mala d\u013a\u017eku cca 17km, av\u0161ak t\u00fdm, \u017ee je to pr\u00edjemn\u00e1 trasa, v\u00f4bec n\u00e1m to nepri\u0161lo dlh\u00e9 \u010di dokonca n\u00e1ro\u010dn\u00e9. Cel\u00fa trasu sme si dos\u00fdta u\u017eili - ve\u010f pos\u00fa\u010fte sami.<\/p>\n<!-- \/wp:paragraph -->\n\n<!-- wp:image {\"id\":10639,\"sizeSlug\":\"large\",\"linkDestination\":\"none\"} -->\n<figure class=\"wp-block-image size-large\"><img src=\"https:\/\/www.kosiceregion.com\/wp-content\/uploads\/2023\/06\/Fotka-c.5-1024x768.jpg\" alt=\"\" class=\"wp-image-10639\"\/><\/figure>\n<!-- \/wp:image -->\n\n<!-- wp:paragraph -->\n<p>Vodn\u00e1 n\u00e1dr\u017e Klauzy sa n\u00e1m uk\u00e1zala v plnej kr\u00e1se. Cel\u00e9 jej okolie m\u00e1 ve\u013emi romantick\u00fa atmosf\u00e9ru, lemuj\u00fa ho listnat\u00e9 stromy a kr\u00e1sne \u010dist\u00e1 voda. Ke\u010f sa dobre zad\u00edvate pod hladinu, m\u00f4\u017eete zahliadnu\u0165 aj r\u00f4zne ryby, ke\u010f\u017ee v\u00a0s\u00fa\u010dasnosti je\u00a0n\u00e1dr\u017e vyu\u017e\u00edvan\u00e1 k chovu r\u00fdb, POZOR!!! - vodn\u00e1 n\u00e1dr\u017e nie je ur\u010den\u00e1 na rekrea\u010dn\u00e9 vyu\u017eitie, tak\u017ee pl\u00e1vky a uter\u00e1k nechajte doma.<\/p>\n<!-- \/wp:paragraph -->\n\n<!-- wp:image {\"id\":10640,\"sizeSlug\":\"large\",\"linkDestination\":\"none\"} -->\n<figure class=\"wp-block-image size-large\"><img src=\"https:\/\/www.kosiceregion.com\/wp-content\/uploads\/2023\/06\/Fotka-c.6-1024x768.jpg\" alt=\"\" class=\"wp-image-10640\"\/><\/figure>\n<!-- \/wp:image -->\n\n<!-- wp:paragraph -->\n<p>Cez vodn\u00fa n\u00e1dr\u017e vedie dreven\u00fd kryt\u00fd most, na ktorom si viete aj odd\u00fdchnu\u0165, nabra\u0165 energiu, ukry\u0165 sa pred da\u017e\u010fom, siln\u00fdm slnkom, alebo si len tak posedie\u0165 a vychutna\u0165 desiatu.<\/p>\n<!-- \/wp:paragraph -->\n\n<!-- wp:image {\"id\":10641,\"sizeSlug\":\"large\",\"linkDestination\":\"none\"} -->\n<figure class=\"wp-block-image size-large\"><img src=\"https:\/\/www.kosiceregion.com\/wp-content\/uploads\/2023\/06\/Fotka-c.7-1024x768.jpg\" alt=\"\" class=\"wp-image-10641\"\/><\/figure>\n<!-- \/wp:image -->\n\n<!-- wp:paragraph -->\n<p>Ur\u010dite zanechal v\u00a0n\u00e1s \u00fa\u017easn\u00e9 dojmy t\u00e1to vodn\u00e1 n\u00e1dr\u017e , boli sme ve\u013emi rady \u017ee sme si vybrali aj t\u00fato \u010das\u0165 Slovensk\u00e9ho raja . Odpor\u00fa\u010dam ka\u017ed\u00e9mu kto t\u00fa\u017ei po menej n\u00e1ro\u010dnej av\u0161ak kr\u00e1snej turistike .<\/p>\n<!-- \/wp:paragraph -->\n\n<!-- wp:heading -->\n<h2> Inform\u00e1cie o trase a lokalite <\/h2>\n<!-- \/wp:heading -->\n\n<!-- wp:tadv\/classic-paragraph -->\n<p>\u00a0<\/p>\n<table class=\" aligncenter\" style=\"height: 409px; width: 72.8588%; border-collapse: collapse;\">\n<tbody>\n<tr style=\"height: 216px;\">\n<td style=\"width: 20%; height: 210px;\"><img class=\"aligncenter\" src=\"https:\/\/www.kosiceregion.com\/wp-content\/uploads\/2021\/05\/Icon_black__parking.png\" alt=\"\" width=\"35\" height=\"35\" \/><\/td>\n<td style=\"width: 20%; height: 210px;\">\n<p><strong>Parkovanie<\/strong><\/p>\n<p>\u00c1NO<br \/><a href=\"https:\/\/sk.frame.mapy.cz\/zakladni?id=1067181680&amp;source=osm&amp;x=20.4810604&amp;y=48.9413176&amp;z=19\">(Zobrazi\u0165 na mape)<\/a><\/p>\n<\/td>\n<td style=\"width: 20.5727%; height: 210px;\"><img class=\"aligncenter\" src=\"https:\/\/www.kosiceregion.com\/wp-content\/uploads\/2021\/05\/Icon_black__bus.png\" alt=\"\" width=\"35\" height=\"35\" \/><\/td>\n<td style=\"width: 22.9886%; height: 210px;\">\n<p><strong>Autobusov\u00e1 zast\u00e1vka<\/strong><\/p>\n<p>NIE<\/p>\n<\/td>\n<\/tr>\n<\/tbody>\n<\/table>\n<p>\u00a0<\/p>\n<p>\u00a0<\/p>\n<!-- \/wp:tadv\/classic-paragraph -->\n\n<!-- wp:shortcode -->\n<iframe style=\"border:none\" src=\"https:\/\/sk.frame.mapy.cz\/s\/jozezeguho\" width=\"100%\" height=\"280\" frameborder=\"0\"><\/iframe>\n<!-- \/wp:shortcode -->\n\n<!-- wp:tadv\/classic-paragraph \/-->","_sk_post_name":"vodna-nadrz-klauzy","_sk_post_excerpt":"","_sk_post_title":"Vodn\u00e1 n\u00e1dr\u017e Klauzy","_en_post_content":"","_en_post_name":"","_en_post_excerpt":"","_en_post_title":"","_hu_post_content":"","_hu_post_name":"","_hu_post_excerpt":"","_hu_post_title":"","_es_post_content":"","_es_post_name":"","_es_post_excerpt":"","_es_post_title":"","_de_post_content":"","_de_post_name":"","_de_post_excerpt":"","_de_post_title":"","_pl_post_content":"","_pl_post_name":"","_pl_post_excerpt":"","_pl_post_title":"","_it_post_content":"","_it_post_name":"","_it_post_excerpt":"","_it_post_title":"","edit_language":"en","footnotes":""},"categories":[22],"tags":[],"class_list":["post-10633","post","type-post","status-publish","format-standard","has-post-thumbnail","hentry","category-get-inspired"],"acf":[],"yoast_head":"<!-- This site is optimized with the Yoast SEO Premium plugin v25.5 (Yoast SEO v27.4) - https:\/\/yoast.com\/product\/yoast-seo-premium-wordpress\/ -->\n<title>Ko\u0161ice Regi\u00f3n<\/title>\n<meta name=\"description\" content=\"Ambas\u00e1dori Kraja sveta: Na cest\u00e1ch s Nikou   \n\n\n\nKr\u00e1sne slne\u010dn\u00e9 po\u010dasie vyl\u00e1kalo aj n\u00e1s na turistiku. Rozhodli sme sa pre nie\u010do, na prv\u00fd poh\u013ead klasick\u00e9 ako Slovensk\u00fd raj, av\u0161ak na\u0161e kroky zamierili k menej nav\u0161tevovanej \u010dasti\u2026\" \/>\n<meta name=\"robots\" content=\"index, follow, max-snippet:-1, max-image-preview:large, max-video-preview:-1\" \/>\n<link rel=\"canonical\" href=\"https:\/\/www.kosiceregion.com\/sk\/vodna-nadrz-klauzy\/\" \/>\n<meta property=\"og:locale\" content=\"en_GB\" \/>\n<meta property=\"og:type\" content=\"article\" \/>\n<meta property=\"og:title\" content=\"Vodn\u00e1 n\u00e1dr\u017e Klauzy\" \/>\n<meta property=\"og:description\" content=\"Na cest\u00e1ch s Nikou: Kr\u00e1sne slne\u010dn\u00e9 po\u010dasie vyl\u00e1kalo aj n\u00e1s na turistiku. Rozhodli sme sa pre nie\u010do, na prv\u00fd poh\u013ead klasick\u00e9 ako Slovensk\u00fd raj, av\u0161ak na\u0161e kroky zamierili k menej nav\u0161tevovanej \u010dasti raja, a to k Vodnej n\u00e1dr\u017ei Klauzy.\" \/>\n<meta property=\"og:url\" content=\"https:\/\/www.kosiceregion.com\/en\/wp-json\/wp\/v2\/posts\/10633\" \/>\n<meta property=\"og:site_name\" content=\"Ko\u0161ice Regi\u00f3n\" \/>\n<meta property=\"article:publisher\" content=\"https:\/\/www.facebook.com\/kosiceregion\" \/>\n<meta property=\"article:published_time\" content=\"2023-06-08T13:51:44+00:00\" \/>\n<meta property=\"article:modified_time\" content=\"2023-06-08T13:51:46+00:00\" \/>\n<meta property=\"og:image\" content=\"https:\/\/www.kosiceregion.com\/wp-content\/uploads\/2023\/06\/Fotka-c.7-scaled.jpg\" \/>\n\t<meta property=\"og:image:width\" content=\"2560\" \/>\n\t<meta property=\"og:image:height\" content=\"1920\" \/>\n\t<meta property=\"og:image:type\" content=\"image\/jpeg\" \/>\n<meta name=\"author\" content=\"Paula Buliakov\u00e1 Tegelhof\" \/>\n<meta name=\"twitter:card\" content=\"summary_large_image\" \/>\n<meta name=\"twitter:title\" content=\"Vodn\u00e1 n\u00e1dr\u017e Klauzy\" \/>\n<meta name=\"twitter:creator\" content=\"@KOSICEREGION\" \/>\n<meta name=\"twitter:site\" content=\"@KOSICEREGION\" \/>\n<meta name=\"twitter:label1\" content=\"Written by\" \/>\n\t<meta name=\"twitter:data1\" content=\"Paula Buliakov\u00e1 Tegelhof\" \/>\n\t<meta name=\"twitter:label2\" content=\"Estimated reading time\" \/>\n\t<meta name=\"twitter:data2\" content=\"5 minutes\" \/>\n<script type=\"application\/ld+json\" class=\"yoast-schema-graph\">{\"@context\":\"https:\\\/\\\/schema.org\",\"@graph\":[{\"@type\":\"Article\",\"@id\":\"https:\\\/\\\/www.kosiceregion.com\\\/sk\\\/vodna-nadrz-klauzy\\\/#article\",\"isPartOf\":{\"@id\":\"https:\\\/\\\/www.kosiceregion.com\\\/sk\\\/vodna-nadrz-klauzy\\\/\"},\"author\":{\"name\":\"Paula Buliakov\u00e1 Tegelhof\",\"@id\":\"https:\\\/\\\/www.kosiceregion.com\\\/#\\\/schema\\\/person\\\/f58f7c5f26e77a35dc3bf96d432dbd05\"},\"headline\":\"Vodn\u00e1 n\u00e1dr\u017e Klauzy\",\"datePublished\":\"2023-06-08T13:51:44+00:00\",\"dateModified\":\"2023-06-08T13:51:46+00:00\",\"mainEntityOfPage\":{\"@id\":\"https:\\\/\\\/www.kosiceregion.com\\\/sk\\\/vodna-nadrz-klauzy\\\/\"},\"wordCount\":475,\"publisher\":{\"@id\":\"https:\\\/\\\/www.kosiceregion.com\\\/#organization\"},\"image\":{\"@id\":\"https:\\\/\\\/www.kosiceregion.com\\\/sk\\\/vodna-nadrz-klauzy\\\/#primaryimage\"},\"thumbnailUrl\":\"https:\\\/\\\/www.kosiceregion.com\\\/wp-content\\\/uploads\\\/2023\\\/06\\\/Fotka-c.5-scaled.jpg\",\"articleSection\":[\"In\u0161piruj sa\"],\"inLanguage\":\"en-GB\"},{\"@type\":\"WebPage\",\"@id\":\"https:\\\/\\\/www.kosiceregion.com\\\/sk\\\/vodna-nadrz-klauzy\\\/\",\"url\":\"https:\\\/\\\/www.kosiceregion.com\\\/sk\\\/vodna-nadrz-klauzy\\\/\",\"name\":\"Vodn\u00e1 n\u00e1dr\u017e Klauzy - Ko\u0161ice Regi\u00f3n\",\"isPartOf\":{\"@id\":\"https:\\\/\\\/www.kosiceregion.com\\\/#website\"},\"primaryImageOfPage\":{\"@id\":\"https:\\\/\\\/www.kosiceregion.com\\\/sk\\\/vodna-nadrz-klauzy\\\/#primaryimage\"},\"image\":{\"@id\":\"https:\\\/\\\/www.kosiceregion.com\\\/sk\\\/vodna-nadrz-klauzy\\\/#primaryimage\"},\"thumbnailUrl\":\"https:\\\/\\\/www.kosiceregion.com\\\/wp-content\\\/uploads\\\/2023\\\/06\\\/Fotka-c.5-scaled.jpg\",\"datePublished\":\"2023-06-08T13:51:44+00:00\",\"dateModified\":\"2023-06-08T13:51:46+00:00\",\"description\":\"Ambas\u00e1dori Kraja sveta: Na cest\u00e1ch s Nikou Kr\u00e1sne slne\u010dn\u00e9 po\u010dasie vyl\u00e1kalo aj n\u00e1s na turistiku. Rozhodli sme sa pre nie\u010do, na prv\u00fd poh\u013ead klasick\u00e9 ako\",\"breadcrumb\":{\"@id\":\"https:\\\/\\\/www.kosiceregion.com\\\/sk\\\/vodna-nadrz-klauzy\\\/#breadcrumb\"},\"inLanguage\":\"en-GB\",\"potentialAction\":[{\"@type\":\"ReadAction\",\"target\":[\"https:\\\/\\\/www.kosiceregion.com\\\/sk\\\/vodna-nadrz-klauzy\\\/\"]}]},{\"@type\":\"ImageObject\",\"inLanguage\":\"en-GB\",\"@id\":\"https:\\\/\\\/www.kosiceregion.com\\\/sk\\\/vodna-nadrz-klauzy\\\/#primaryimage\",\"url\":\"https:\\\/\\\/www.kosiceregion.com\\\/wp-content\\\/uploads\\\/2023\\\/06\\\/Fotka-c.5-scaled.jpg\",\"contentUrl\":\"https:\\\/\\\/www.kosiceregion.com\\\/wp-content\\\/uploads\\\/2023\\\/06\\\/Fotka-c.5-scaled.jpg\",\"width\":2560,\"height\":1920},{\"@type\":\"BreadcrumbList\",\"@id\":\"https:\\\/\\\/www.kosiceregion.com\\\/sk\\\/vodna-nadrz-klauzy\\\/#breadcrumb\",\"itemListElement\":[{\"@type\":\"ListItem\",\"position\":1,\"name\":\"Home\",\"item\":\"https:\\\/\\\/www.kosiceregion.com\\\/sk\\\/\"},{\"@type\":\"ListItem\",\"position\":2,\"name\":\"Vodn\u00e1 n\u00e1dr\u017e Klauzy\"}]},{\"@type\":\"WebSite\",\"@id\":\"https:\\\/\\\/www.kosiceregion.com\\\/#website\",\"url\":\"https:\\\/\\\/www.kosiceregion.com\\\/\",\"name\":\"Ko\u0161ice Regi\u00f3n\",\"description\":\"Turistick\u00fd sprievodca Ko\u0161ick\u00fdm krajom\",\"publisher\":{\"@id\":\"https:\\\/\\\/www.kosiceregion.com\\\/#organization\"},\"potentialAction\":[{\"@type\":\"SearchAction\",\"target\":{\"@type\":\"EntryPoint\",\"urlTemplate\":\"https:\\\/\\\/www.kosiceregion.com\\\/?s={search_term_string}\"},\"query-input\":{\"@type\":\"PropertyValueSpecification\",\"valueRequired\":true,\"valueName\":\"search_term_string\"}}],\"inLanguage\":\"en-GB\"},{\"@type\":\"Organization\",\"@id\":\"https:\\\/\\\/www.kosiceregion.com\\\/#organization\",\"name\":\"Ko\u0161ice Regi\u00f3n Turizmus\",\"url\":\"https:\\\/\\\/www.kosiceregion.com\\\/\",\"logo\":{\"@type\":\"ImageObject\",\"inLanguage\":\"en-GB\",\"@id\":\"https:\\\/\\\/www.kosiceregion.com\\\/#\\\/schema\\\/logo\\\/image\\\/\",\"url\":\"https:\\\/\\\/www.kosiceregion.com\\\/wp-content\\\/uploads\\\/2019\\\/03\\\/logo-web-sk.png\",\"contentUrl\":\"https:\\\/\\\/www.kosiceregion.com\\\/wp-content\\\/uploads\\\/2019\\\/03\\\/logo-web-sk.png\",\"width\":225,\"height\":100,\"caption\":\"Ko\u0161ice Regi\u00f3n Turizmus\"},\"image\":{\"@id\":\"https:\\\/\\\/www.kosiceregion.com\\\/#\\\/schema\\\/logo\\\/image\\\/\"},\"sameAs\":[\"https:\\\/\\\/www.facebook.com\\\/kosiceregion\",\"https:\\\/\\\/x.com\\\/KOSICEREGION\",\"https:\\\/\\\/www.instagram.com\\\/kosiceregion\",\"https:\\\/\\\/www.youtube.com\\\/kosiceregion\"]},{\"@type\":\"Person\",\"@id\":\"https:\\\/\\\/www.kosiceregion.com\\\/#\\\/schema\\\/person\\\/f58f7c5f26e77a35dc3bf96d432dbd05\",\"name\":\"Paula Buliakov\u00e1 Tegelhof\",\"image\":{\"@type\":\"ImageObject\",\"inLanguage\":\"en-GB\",\"@id\":\"https:\\\/\\\/secure.gravatar.com\\\/avatar\\\/efa6a57b2e4fd9b6fdaf15acbda66a000ef0b3e50800a76a64602b268b90db7f?s=96&d=mm&r=g\",\"url\":\"https:\\\/\\\/secure.gravatar.com\\\/avatar\\\/efa6a57b2e4fd9b6fdaf15acbda66a000ef0b3e50800a76a64602b268b90db7f?s=96&d=mm&r=g\",\"contentUrl\":\"https:\\\/\\\/secure.gravatar.com\\\/avatar\\\/efa6a57b2e4fd9b6fdaf15acbda66a000ef0b3e50800a76a64602b268b90db7f?s=96&d=mm&r=g\",\"caption\":\"Paula Buliakov\u00e1 Tegelhof\"}}]}<\/script>\n<!-- \/ Yoast SEO Premium plugin. -->","yoast_head_json":{"title":"Ko\u0161ice Regi\u00f3n","description":"Ambas\u00e1dori Kraja sveta: Na cest\u00e1ch s Nikou   \n\n\n\nKr\u00e1sne slne\u010dn\u00e9 po\u010dasie vyl\u00e1kalo aj n\u00e1s na turistiku. Rozhodli sme sa pre nie\u010do, na prv\u00fd poh\u013ead klasick\u00e9 ako Slovensk\u00fd raj, av\u0161ak na\u0161e kroky zamierili k menej nav\u0161tevovanej \u010dasti\u2026","robots":{"index":"index","follow":"follow","max-snippet":"max-snippet:-1","max-image-preview":"max-image-preview:large","max-video-preview":"max-video-preview:-1"},"canonical":"https:\/\/www.kosiceregion.com\/sk\/vodna-nadrz-klauzy\/","og_locale":"en_GB","og_type":"article","og_title":"Vodn\u00e1 n\u00e1dr\u017e Klauzy","og_description":"Na cest\u00e1ch s Nikou: Kr\u00e1sne slne\u010dn\u00e9 po\u010dasie vyl\u00e1kalo aj n\u00e1s na turistiku. Rozhodli sme sa pre nie\u010do, na prv\u00fd poh\u013ead klasick\u00e9 ako Slovensk\u00fd raj, av\u0161ak na\u0161e kroky zamierili k menej nav\u0161tevovanej \u010dasti raja, a to k Vodnej n\u00e1dr\u017ei Klauzy.","og_url":"https:\/\/www.kosiceregion.com\/en\/wp-json\/wp\/v2\/posts\/10633","og_site_name":"Ko\u0161ice Regi\u00f3n","article_publisher":"https:\/\/www.facebook.com\/kosiceregion","article_published_time":"2023-06-08T13:51:44+00:00","article_modified_time":"2023-06-08T13:51:46+00:00","og_image":[{"width":2560,"height":1920,"url":"https:\/\/www.kosiceregion.com\/wp-content\/uploads\/2023\/06\/Fotka-c.7-scaled.jpg","type":"image\/jpeg"}],"author":"Paula Buliakov\u00e1 Tegelhof","twitter_card":"summary_large_image","twitter_title":"Vodn\u00e1 n\u00e1dr\u017e Klauzy","twitter_creator":"@KOSICEREGION","twitter_site":"@KOSICEREGION","twitter_misc":{"Written by":"Paula Buliakov\u00e1 Tegelhof","Estimated reading time":"5 minutes"},"schema":{"@context":"https:\/\/schema.org","@graph":[{"@type":"Article","@id":"https:\/\/www.kosiceregion.com\/sk\/vodna-nadrz-klauzy\/#article","isPartOf":{"@id":"https:\/\/www.kosiceregion.com\/sk\/vodna-nadrz-klauzy\/"},"author":{"name":"Paula Buliakov\u00e1 Tegelhof","@id":"https:\/\/www.kosiceregion.com\/#\/schema\/person\/f58f7c5f26e77a35dc3bf96d432dbd05"},"headline":"Vodn\u00e1 n\u00e1dr\u017e Klauzy","datePublished":"2023-06-08T13:51:44+00:00","dateModified":"2023-06-08T13:51:46+00:00","mainEntityOfPage":{"@id":"https:\/\/www.kosiceregion.com\/sk\/vodna-nadrz-klauzy\/"},"wordCount":475,"publisher":{"@id":"https:\/\/www.kosiceregion.com\/#organization"},"image":{"@id":"https:\/\/www.kosiceregion.com\/sk\/vodna-nadrz-klauzy\/#primaryimage"},"thumbnailUrl":"https:\/\/www.kosiceregion.com\/wp-content\/uploads\/2023\/06\/Fotka-c.5-scaled.jpg","articleSection":["In\u0161piruj sa"],"inLanguage":"en-GB"},{"@type":"WebPage","@id":"https:\/\/www.kosiceregion.com\/sk\/vodna-nadrz-klauzy\/","url":"https:\/\/www.kosiceregion.com\/sk\/vodna-nadrz-klauzy\/","name":"Vodn\u00e1 n\u00e1dr\u017e Klauzy - Ko\u0161ice Regi\u00f3n","isPartOf":{"@id":"https:\/\/www.kosiceregion.com\/#website"},"primaryImageOfPage":{"@id":"https:\/\/www.kosiceregion.com\/sk\/vodna-nadrz-klauzy\/#primaryimage"},"image":{"@id":"https:\/\/www.kosiceregion.com\/sk\/vodna-nadrz-klauzy\/#primaryimage"},"thumbnailUrl":"https:\/\/www.kosiceregion.com\/wp-content\/uploads\/2023\/06\/Fotka-c.5-scaled.jpg","datePublished":"2023-06-08T13:51:44+00:00","dateModified":"2023-06-08T13:51:46+00:00","description":"Ambas\u00e1dori Kraja sveta: Na cest\u00e1ch s Nikou Kr\u00e1sne slne\u010dn\u00e9 po\u010dasie vyl\u00e1kalo aj n\u00e1s na turistiku. Rozhodli sme sa pre nie\u010do, na prv\u00fd poh\u013ead klasick\u00e9 ako","breadcrumb":{"@id":"https:\/\/www.kosiceregion.com\/sk\/vodna-nadrz-klauzy\/#breadcrumb"},"inLanguage":"en-GB","potentialAction":[{"@type":"ReadAction","target":["https:\/\/www.kosiceregion.com\/sk\/vodna-nadrz-klauzy\/"]}]},{"@type":"ImageObject","inLanguage":"en-GB","@id":"https:\/\/www.kosiceregion.com\/sk\/vodna-nadrz-klauzy\/#primaryimage","url":"https:\/\/www.kosiceregion.com\/wp-content\/uploads\/2023\/06\/Fotka-c.5-scaled.jpg","contentUrl":"https:\/\/www.kosiceregion.com\/wp-content\/uploads\/2023\/06\/Fotka-c.5-scaled.jpg","width":2560,"height":1920},{"@type":"BreadcrumbList","@id":"https:\/\/www.kosiceregion.com\/sk\/vodna-nadrz-klauzy\/#breadcrumb","itemListElement":[{"@type":"ListItem","position":1,"name":"Home","item":"https:\/\/www.kosiceregion.com\/sk\/"},{"@type":"ListItem","position":2,"name":"Vodn\u00e1 n\u00e1dr\u017e Klauzy"}]},{"@type":"WebSite","@id":"https:\/\/www.kosiceregion.com\/#website","url":"https:\/\/www.kosiceregion.com\/","name":"Ko\u0161ice Regi\u00f3n","description":"Turistick\u00fd sprievodca Ko\u0161ick\u00fdm krajom","publisher":{"@id":"https:\/\/www.kosiceregion.com\/#organization"},"potentialAction":[{"@type":"SearchAction","target":{"@type":"EntryPoint","urlTemplate":"https:\/\/www.kosiceregion.com\/?s={search_term_string}"},"query-input":{"@type":"PropertyValueSpecification","valueRequired":true,"valueName":"search_term_string"}}],"inLanguage":"en-GB"},{"@type":"Organization","@id":"https:\/\/www.kosiceregion.com\/#organization","name":"Ko\u0161ice Regi\u00f3n Turizmus","url":"https:\/\/www.kosiceregion.com\/","logo":{"@type":"ImageObject","inLanguage":"en-GB","@id":"https:\/\/www.kosiceregion.com\/#\/schema\/logo\/image\/","url":"https:\/\/www.kosiceregion.com\/wp-content\/uploads\/2019\/03\/logo-web-sk.png","contentUrl":"https:\/\/www.kosiceregion.com\/wp-content\/uploads\/2019\/03\/logo-web-sk.png","width":225,"height":100,"caption":"Ko\u0161ice Regi\u00f3n Turizmus"},"image":{"@id":"https:\/\/www.kosiceregion.com\/#\/schema\/logo\/image\/"},"sameAs":["https:\/\/www.facebook.com\/kosiceregion","https:\/\/x.com\/KOSICEREGION","https:\/\/www.instagram.com\/kosiceregion","https:\/\/www.youtube.com\/kosiceregion"]},{"@type":"Person","@id":"https:\/\/www.kosiceregion.com\/#\/schema\/person\/f58f7c5f26e77a35dc3bf96d432dbd05","name":"Paula Buliakov\u00e1 Tegelhof","image":{"@type":"ImageObject","inLanguage":"en-GB","@id":"https:\/\/secure.gravatar.com\/avatar\/efa6a57b2e4fd9b6fdaf15acbda66a000ef0b3e50800a76a64602b268b90db7f?s=96&d=mm&r=g","url":"https:\/\/secure.gravatar.com\/avatar\/efa6a57b2e4fd9b6fdaf15acbda66a000ef0b3e50800a76a64602b268b90db7f?s=96&d=mm&r=g","contentUrl":"https:\/\/secure.gravatar.com\/avatar\/efa6a57b2e4fd9b6fdaf15acbda66a000ef0b3e50800a76a64602b268b90db7f?s=96&d=mm&r=g","caption":"Paula Buliakov\u00e1 Tegelhof"}}]}},"_links":{"self":[{"href":"https:\/\/www.kosiceregion.com\/en\/wp-json\/wp\/v2\/posts\/10633","targetHints":{"allow":["GET"]}}],"collection":[{"href":"https:\/\/www.kosiceregion.com\/en\/wp-json\/wp\/v2\/posts"}],"about":[{"href":"https:\/\/www.kosiceregion.com\/en\/wp-json\/wp\/v2\/types\/post"}],"author":[{"embeddable":true,"href":"https:\/\/www.kosiceregion.com\/en\/wp-json\/wp\/v2\/users\/15"}],"replies":[{"embeddable":true,"href":"https:\/\/www.kosiceregion.com\/en\/wp-json\/wp\/v2\/comments?post=10633"}],"version-history":[{"count":2,"href":"https:\/\/www.kosiceregion.com\/en\/wp-json\/wp\/v2\/posts\/10633\/revisions"}],"predecessor-version":[{"id":10706,"href":"https:\/\/www.kosiceregion.com\/en\/wp-json\/wp\/v2\/posts\/10633\/revisions\/10706"}],"wp:featuredmedia":[{"embeddable":true,"href":"https:\/\/www.kosiceregion.com\/en\/wp-json\/wp\/v2\/media\/10639"}],"wp:attachment":[{"href":"https:\/\/www.kosiceregion.com\/en\/wp-json\/wp\/v2\/media?parent=10633"}],"wp:term":[{"taxonomy":"category","embeddable":true,"href":"https:\/\/www.kosiceregion.com\/en\/wp-json\/wp\/v2\/categories?post=10633"},{"taxonomy":"post_tag","embeddable":true,"href":"https:\/\/www.kosiceregion.com\/en\/wp-json\/wp\/v2\/tags?post=10633"}],"curies":[{"name":"wp","href":"https:\/\/api.w.org\/{rel}","templated":true}]}}