{"id":11659,"date":"2023-11-22T16:19:27","date_gmt":"2023-11-22T15:19:27","guid":{"rendered":"https:\/\/www.kosiceregion.com\/sk\/?p=11659"},"modified":"2025-01-10T11:07:55","modified_gmt":"2025-01-10T10:07:55","slug":"","status":"publish","type":"post","link":"https:\/\/www.kosiceregion.com\/en\/vezmi-si-dalekohlad-a-zahlad-sa-do-dialok-5-netradicnych-vyhliadkovych-vezi-na-kraji-sveta\/","title":{"rendered":"","raw":""},"content":{"rendered":"","protected":false,"raw":""},"excerpt":{"rendered":"","protected":false,"raw":""},"author":15,"featured_media":11674,"comment_status":"closed","ping_status":"closed","sticky":false,"template":"","format":"standard","meta":{"_acf_changed":false,"_sk_post_content":"<!-- wp:columns {\"beyondwordsMarker\":\"239bd4c4-33c1-4ebe-9a73-fcc8038eb19e\"} -->\n<div class=\"wp-block-columns\"><!-- wp:column {\"width\":\"100%\",\"beyondwordsMarker\":\"01b9582e-1500-4aff-ac59-bf4ad24df10a\"} -->\n<div class=\"wp-block-column\" style=\"flex-basis:100%\"><!-- wp:columns {\"beyondwordsMarker\":\"7647a8d9-9655-4812-b2c8-5dee9f2cf857\"} -->\n<div class=\"wp-block-columns\"><!-- wp:column {\"width\":\"80%\",\"beyondwordsMarker\":\"ffe37b18-0307-44ec-abdc-874515cf019c\"} -->\n<div class=\"wp-block-column\" style=\"flex-basis:80%\"><!-- wp:paragraph {\"beyondwordsMarker\":\"e64b5dad-1e66-48f2-bc60-f1c492acd0f6\"} -->\n<p>Cesty do dia\u013eok \u010di \u010falek\u00e9 cesty nemusia v\u017edy znamena\u0165 \u010falek\u00e9 vzdialenosti. Pr\u00edroda n\u00e1s dopuje nielen relaxom a&nbsp;novou \u017eivotnou energiou, ale sprostredk\u00fava n\u00e1m aj mo\u017enos\u0165 nazerania na veci inak. S&nbsp;nadh\u013eadom. S&nbsp;o\u010dami upret\u00fdmi na \u0161\u00edrku spektra, h\u013abku kr\u00e1sy, no najm\u00e4 dia\u013eku poznania. Je ide\u00e1lny \u010das zbali\u0165 si \u010falekoh\u013ead a&nbsp;nav\u0161t\u00edvi\u0165 miesta, ktor\u00e9 tak\u00e9to poh\u013eady pon\u00fakaj\u00fa.<\/p>\n<!-- \/wp:paragraph --><\/div>\n<!-- \/wp:column -->\n\n<!-- wp:column {\"width\":\"50%\",\"beyondwordsMarker\":\"f0d7afc8-6560-425a-bebb-d83ea2554b78\"} -->\n<div class=\"wp-block-column\" style=\"flex-basis:50%\"><\/div>\n<!-- \/wp:column --><\/div>\n<!-- \/wp:columns --><\/div>\n<!-- \/wp:column --><\/div>\n<!-- \/wp:columns -->\n\n<!-- wp:columns {\"beyondwordsMarker\":\"d049c141-7c8d-4e4d-89ed-cc6323fda43f\"} -->\n<div class=\"wp-block-columns\"><!-- wp:column {\"width\":\"50%\",\"beyondwordsMarker\":\"cdf8e67e-efb8-4825-910b-ed04e7f2bfe1\"} -->\n<div class=\"wp-block-column\" style=\"flex-basis:50%\"><!-- wp:heading {\"textAlign\":\"left\",\"level\":3,\"beyondwordsMarker\":\"dc7beb59-4bdd-4425-bd7b-c76c6fae52ae\"} -->\n<h3 class=\"wp-block-heading has-text-align-left\">Od v\u00fdchodu na z\u00e1pad<\/h3>\n<!-- \/wp:heading --><\/div>\n<!-- \/wp:column -->\n\n<!-- wp:column {\"width\":\"70%\",\"beyondwordsMarker\":\"30d183f1-fd46-4634-8380-f9c3f4f0bd0c\"} -->\n<div class=\"wp-block-column\" style=\"flex-basis:70%\"><\/div>\n<!-- \/wp:column --><\/div>\n<!-- \/wp:columns -->\n\n<!-- wp:columns {\"beyondwordsMarker\":\"1fbd5e42-6e5f-485e-9176-946617636c53\"} -->\n<div class=\"wp-block-columns\"><!-- wp:column {\"width\":\"80%\",\"beyondwordsMarker\":\"7c60715b-cdb7-4db6-9308-21f518bdcbe7\"} -->\n<div class=\"wp-block-column\" style=\"flex-basis:80%\"><!-- wp:paragraph {\"beyondwordsMarker\":\"7a96adb0-ca23-4d2d-b16b-517a05ac0c9e\"} -->\n<p>Za\u010da\u0165 m\u00f4\u017eete pozorovan\u00edm v\u00fdchodu slnka na v\u00fdchode z&nbsp;<strong>vyhliadkovej ve\u017ee Tokaj<\/strong> a&nbsp;postupova\u0165 na z\u00e1pad cez vyhliadkov\u00fa<strong> ve\u017eu Hradov\u00e1 pri Ko\u0161iciach, <\/strong>\u010falej na str\u00e1\u017e priamo na hranicu regi\u00f3nov Abov a&nbsp;\u0160ari\u0161 na vyhliadkov\u00fa <strong>ve\u017eu \u010cere\u0161enka<\/strong>. Potom smerom ku Gelnici na <strong>Rozh\u013ead\u0148u Bogn\u00e1r<\/strong> a\u017e do cie\u013ea k&nbsp;zelen\u00e9mu \u201ev\u00ed\u0165azn\u00e9mu vencu\u201c&nbsp; <strong>Green point nad Kluknavou.<\/strong><\/p>\n<!-- \/wp:paragraph --><\/div>\n<!-- \/wp:column -->\n\n<!-- wp:column {\"width\":\"25%\",\"beyondwordsMarker\":\"63b95e8e-241a-4dcc-b53d-28e7d159346b\"} -->\n<div class=\"wp-block-column\" style=\"flex-basis:25%\"><!-- wp:paragraph {\"beyondwordsMarker\":\"71377d9a-f286-4bd6-967a-448d1a7722f4\"} -->\n<p><\/p>\n<!-- \/wp:paragraph --><\/div>\n<!-- \/wp:column --><\/div>\n<!-- \/wp:columns -->\n\n<!-- wp:columns {\"beyondwordsMarker\":\"083adcd0-7e46-44d3-9720-0f1406d11e1c\"} -->\n<div class=\"wp-block-columns\"><!-- wp:column {\"width\":\"80%\",\"beyondwordsMarker\":\"2f524add-4051-422c-b349-3e094488fe28\"} -->\n<div class=\"wp-block-column\" style=\"flex-basis:80%\"><!-- wp:image {\"id\":11677,\"sizeSlug\":\"large\",\"linkDestination\":\"none\",\"beyondwordsMarker\":\"019cc750-8c0a-4a9a-b941-dd42fc9e61ec\"} -->\n<figure class=\"wp-block-image size-large\"><img src=\"https:\/\/www.kosiceregion.com\/wp-content\/uploads\/2023\/11\/RozhladnaTokaj_full_kiki_005-1-edited.jpg\" alt=\"\" class=\"wp-image-11677\"\/><\/figure>\n<!-- \/wp:image --><\/div>\n<!-- \/wp:column -->\n\n<!-- wp:column {\"width\":\"30%\",\"beyondwordsMarker\":\"da82378e-08cc-4bd5-b5fc-594d854fb976\"} -->\n<div class=\"wp-block-column\" style=\"flex-basis:30%\"><\/div>\n<!-- \/wp:column --><\/div>\n<!-- \/wp:columns -->\n\n<!-- wp:heading {\"level\":3,\"beyondwordsMarker\":\"d4b59ea5-a9cd-4b4e-93da-99bffa425c7f\"} -->\n<h3 class=\"wp-block-heading\">Vyhliadkov\u00e1 ve\u017ea Tokaj<\/h3>\n<!-- \/wp:heading -->\n\n<!-- wp:columns {\"beyondwordsMarker\":\"3d1ec897-d3ee-4a1e-96f5-3ede0c488754\"} -->\n<div class=\"wp-block-columns\"><!-- wp:column {\"width\":\"80%\",\"beyondwordsMarker\":\"89b2cc4d-b6d7-497d-8198-ff5acab1bea5\"} -->\n<div class=\"wp-block-column\" style=\"flex-basis:80%\"><!-- wp:paragraph {\"beyondwordsMarker\":\"088f20ad-f86d-4ce9-b446-e695cc347d37\"} -->\n<p>Za\u010dneme poh\u013eadmi na juhoz\u00e1padnom \u00fap\u00e4t\u00ed Zempl\u00ednskych vrchov, kde sa nach\u00e1dza srdce Tokajskej vinohradn\u00edckej oblasti Mala T\u0155\u0148a, ktor\u00e1 patr\u00ed medzi zempl\u00ednske obce s d\u00e1vnou trad\u00edciou v\u00fdroby znamenit\u00e9ho tokajsk\u00e9ho v\u00edna. Nu\u017e a \u010do in\u00e9 pouk\u00e1\u017ee na v\u00fdznam Tokajskej oblasti lep\u0161ie, ak nie pr\u00e1ve v\u00ednny sud? A&nbsp;to v&nbsp;nadrozmernej ve\u013ekosti, dokonca ako vyhliadkov\u00e1 ve\u017ea! V priebehu 17. a za\u010diatkom 18. storo\u010dia mali protihabsbursk\u00e9 stavovsk\u00e9 povstania na v\u00fdvoj vin\u00e1rskej obce Mal\u00e1 T\u0155\u0148a negat\u00edvny vplyv. V j\u00fali 1660 vniklo po\u010das t\u00fdchto povstan\u00ed do obce cis\u00e1rske vojsko, ktor\u00e9 n\u00e1silne vtrhlo do pivn\u00edc, odnieslo sudy s v\u00ednom a vydrancovalo ich. <\/p>\n<!-- \/wp:paragraph --><\/div>\n<!-- \/wp:column -->\n\n<!-- wp:column {\"width\":\"25%\",\"beyondwordsMarker\":\"21beed87-3ee9-46f5-b4d5-7ebeb7eb1dc0\"} -->\n<div class=\"wp-block-column\" style=\"flex-basis:25%\"><\/div>\n<!-- \/wp:column --><\/div>\n<!-- \/wp:columns -->\n\n<!-- wp:columns {\"beyondwordsMarker\":\"041444b9-a2e9-41e8-b335-aa51a2f0d480\"} -->\n<div class=\"wp-block-columns\"><!-- wp:column {\"width\":\"30%\",\"beyondwordsMarker\":\"db6285f9-ebdd-456a-a89c-2f7827ad3172\"} -->\n<div class=\"wp-block-column\" style=\"flex-basis:30%\"><\/div>\n<!-- \/wp:column -->\n\n<!-- wp:column {\"width\":\"80%\",\"beyondwordsMarker\":\"eab8c708-b6c7-42ae-85a6-726ee60e6913\"} -->\n<div class=\"wp-block-column\" style=\"flex-basis:80%\"><!-- wp:image {\"id\":11678,\"sizeSlug\":\"large\",\"linkDestination\":\"none\",\"beyondwordsMarker\":\"b3dfa52b-ca08-45d5-933a-fb10956909cb\"} -->\n<figure class=\"wp-block-image size-large\"><img src=\"https:\/\/www.kosiceregion.com\/wp-content\/uploads\/2023\/11\/Tokaj_Veza-1-edited.jpg\" alt=\"\" class=\"wp-image-11678\"\/><\/figure>\n<!-- \/wp:image --><\/div>\n<!-- \/wp:column --><\/div>\n<!-- \/wp:columns -->\n\n<!-- wp:columns {\"beyondwordsMarker\":\"fccb45c4-ac50-4fc7-9e5a-a569e7849f36\"} -->\n<div class=\"wp-block-columns\"><!-- wp:column {\"width\":\"30%\",\"beyondwordsMarker\":\"ca971dfd-2abf-4260-ac53-8a5bacdd0e22\"} -->\n<div class=\"wp-block-column\" style=\"flex-basis:30%\"><!-- wp:paragraph {\"beyondwordsMarker\":\"371bd3e3-22cd-4089-9253-6dfb03f7b2d7\"} -->\n<p><\/p>\n<!-- \/wp:paragraph --><\/div>\n<!-- \/wp:column -->\n\n<!-- wp:column {\"width\":\"80%\",\"beyondwordsMarker\":\"546596df-cbf0-4768-8feb-d26268d537ff\"} -->\n<div class=\"wp-block-column\" style=\"flex-basis:80%\"><!-- wp:paragraph {\"beyondwordsMarker\":\"8a2a442d-cb39-40fd-a24f-fe55d785702b\"} -->\n<p>Mo\u017eno pr\u00e1ve preto si obec Mal\u00e1 T\u0155\u0148a zasl\u00fa\u017eila, aby sa teraz mohla p\u00fd\u0161i\u0165 novou dominantou Tokaja, symbolom v\u00ednneho suda. Toto nev\u0161edn\u00e9 architektonick\u00e9 rie\u0161enie vyr\u00e1stlo v roku 2015 do v\u00fd\u0161ky 12 metrov uprostred vin\u00edc. <\/p>\n<!-- \/wp:paragraph --><\/div>\n<!-- \/wp:column --><\/div>\n<!-- \/wp:columns -->\n\n<!-- wp:columns {\"beyondwordsMarker\":\"3345076d-5e59-4b45-8d88-7f9c713420bd\"} -->\n<div class=\"wp-block-columns\"><!-- wp:column {\"width\":\"30%\",\"beyondwordsMarker\":\"09c6aff3-8b40-448d-8c9b-9760756dd69a\"} -->\n<div class=\"wp-block-column\" style=\"flex-basis:30%\"><!-- wp:paragraph {\"beyondwordsMarker\":\"3ac6fdb1-b40a-4ecc-a5e4-e21ec203563c\"} -->\n<p><\/p>\n<!-- \/wp:paragraph --><\/div>\n<!-- \/wp:column -->\n\n<!-- wp:column {\"width\":\"80%\",\"beyondwordsMarker\":\"0e6c9f99-f086-4636-a494-39a326f4e671\"} -->\n<div class=\"wp-block-column\" style=\"flex-basis:80%\"><!-- wp:paragraph {\"beyondwordsMarker\":\"fe313c43-5aca-43e5-bd24-1b41c2970d24\"} -->\n<p>Vyhliadkov\u00e1 plo\u0161ina poskytuje kr\u00e1sne poh\u013eady na tokajsk\u00fd regi\u00f3n predstavuj\u00faci jednu z najmen\u0161\u00edch, av\u0161ak najv\u00fdznamnej\u0161\u00edch vin\u00e1rskych oblast\u00ed Slovenska. N\u00e1v\u0161tevn\u00edkom je tu k dispoz\u00edcii aj \u010falekoh\u013ead.<\/p>\n<!-- \/wp:paragraph --><\/div>\n<!-- \/wp:column --><\/div>\n<!-- \/wp:columns -->\n\n<!-- wp:columns {\"beyondwordsMarker\":\"af3df76d-81dd-4ac8-94a2-c8de7b5d78b0\"} -->\n<div class=\"wp-block-columns\"><!-- wp:column {\"width\":\"80%\",\"beyondwordsMarker\":\"e3cfd293-5e81-4ad3-9893-20dbfbd4b37e\"} -->\n<div class=\"wp-block-column\" style=\"flex-basis:80%\"><!-- wp:gallery {\"ids\":[11673],\"linkTo\":\"none\",\"beyondwordsMarker\":\"dca68686-ac9c-4a5b-8e9d-7d4cfeacac23\"} -->\n<figure class=\"wp-block-gallery has-nested-images columns-default is-cropped\"><!-- wp:image {\"id\":11680,\"sizeSlug\":\"large\",\"linkDestination\":\"none\",\"beyondwordsMarker\":\"04714c15-c5d3-44f5-9d6b-d7baff17588a\"} -->\n<figure class=\"wp-block-image size-large\"><img src=\"https:\/\/www.kosiceregion.com\/wp-content\/uploads\/2023\/11\/DJI_0028-2-edited-1024x576.jpg\" alt=\"\" class=\"wp-image-11680\"\/><\/figure>\n<!-- \/wp:image --><\/figure>\n<!-- \/wp:gallery --><\/div>\n<!-- \/wp:column -->\n\n<!-- wp:column {\"width\":\"25%\",\"beyondwordsMarker\":\"dfb20129-21a2-46fa-8ef6-fd5571cffb98\"} -->\n<div class=\"wp-block-column\" style=\"flex-basis:25%\"><\/div>\n<!-- \/wp:column --><\/div>\n<!-- \/wp:columns -->\n\n<!-- wp:heading {\"level\":3,\"beyondwordsMarker\":\"134f7fe7-ca3a-4a29-b754-84117fe920fa\"} -->\n<h3 class=\"wp-block-heading\">Vyhliadkov\u00e1 ve\u017ea Hradov\u00e1 pri Ko\u0161iciach<\/h3>\n<!-- \/wp:heading -->\n\n<!-- wp:columns {\"beyondwordsMarker\":\"126bb806-ec5c-492f-8760-7f2a559472e9\"} -->\n<div class=\"wp-block-columns\"><!-- wp:column {\"width\":\"80%\",\"beyondwordsMarker\":\"6050d98c-5852-4753-99df-944a6b648c21\"} -->\n<div class=\"wp-block-column\" style=\"flex-basis:80%\"><!-- wp:paragraph {\"beyondwordsMarker\":\"e56c12bc-4af6-4ee3-ae5d-08aed3d01317\"} -->\n<p>Na vrchole kopca Hradov\u00e1 poskytuje vyh\u013ead\u00e1van\u00e1 vyhliadkov\u00e1 ve\u017ea zauj\u00edmav\u00fd panoramatick\u00fd poh\u013ead na Ko\u0161ice z&nbsp;v\u00fd\u0161ky 466 m. Samotn\u00e1 vyhliadkov\u00e1 ve\u017ea Hradov\u00e1 je vysok\u00e1 21,5 metra. Vyhliadkov\u00e9 plo\u0161iny s\u00fa chr\u00e1nen\u00e9 drevenou ihlanovou strechou s plechovou krytinou. Na v\u0161etk\u00fdch \u0161tyroch stran\u00e1ch ve\u017ee s\u00fa k dispoz\u00edcii reli\u00e9fne mapy s vyzna\u010den\u00fdmi najvy\u0161\u0161\u00edmi vrchmi na okol\u00ed. <\/p>\n<!-- \/wp:paragraph --><\/div>\n<!-- \/wp:column -->\n\n<!-- wp:column {\"width\":\"25%\",\"beyondwordsMarker\":\"f7c223de-13fa-416f-9c9f-6b63e5fdd16e\"} -->\n<div class=\"wp-block-column\" style=\"flex-basis:25%\"><\/div>\n<!-- \/wp:column --><\/div>\n<!-- \/wp:columns -->\n\n<!-- wp:columns {\"beyondwordsMarker\":\"1334e086-d805-4b5e-bd5a-7b7161af2555\"} -->\n<div class=\"wp-block-columns\"><!-- wp:column {\"width\":\"30%\",\"beyondwordsMarker\":\"9933a206-9b01-4fc0-8e17-0e20c94c2023\"} -->\n<div class=\"wp-block-column\" style=\"flex-basis:30%\"><\/div>\n<!-- \/wp:column -->\n\n<!-- wp:column {\"width\":\"80%\",\"beyondwordsMarker\":\"a775385a-b741-40bf-b5d7-388394348975\"} -->\n<div class=\"wp-block-column\" style=\"flex-basis:80%\"><!-- wp:image {\"id\":11679,\"sizeSlug\":\"large\",\"linkDestination\":\"none\",\"beyondwordsMarker\":\"3c72052a-dc16-4932-ac39-ab90907a887d\"} -->\n<figure class=\"wp-block-image size-large\"><img src=\"https:\/\/www.kosiceregion.com\/wp-content\/uploads\/2023\/11\/DJI_0036-edited.jpg\" alt=\"\" class=\"wp-image-11679\"\/><\/figure>\n<!-- \/wp:image --><\/div>\n<!-- \/wp:column --><\/div>\n<!-- \/wp:columns -->\n\n<!-- wp:columns {\"beyondwordsMarker\":\"d0f8fc40-8d8a-4f1a-9efb-42b37074e1fc\"} -->\n<div class=\"wp-block-columns\"><!-- wp:column {\"width\":\"30%\",\"beyondwordsMarker\":\"f432c7f0-28ee-4ee2-96e5-83792bc5d38d\"} -->\n<div class=\"wp-block-column\" style=\"flex-basis:30%\"><!-- wp:paragraph {\"beyondwordsMarker\":\"94898886-6130-41c6-a3ea-81bc2b5f3a66\"} -->\n<p><\/p>\n<!-- \/wp:paragraph --><\/div>\n<!-- \/wp:column -->\n\n<!-- wp:column {\"width\":\"80%\",\"beyondwordsMarker\":\"c97c0a5b-4942-4b31-8ed9-f1b2a2b739a6\"} -->\n<div class=\"wp-block-column\" style=\"flex-basis:80%\"><!-- wp:paragraph {\"beyondwordsMarker\":\"cf69bdc0-ad96-4248-b3e2-57312a1c3beb\"} -->\n<p>Z ve\u017ee je \u0161irok\u00fd v\u00fdh\u013ead do Ko\u0161ickej kotliny, Horn\u00e1dskej doliny a na <a href=\"https:\/\/www.keturist.sk\/info\/vseobecne-informacie\/\">mesto Ko\u0161ice<\/a> spolu s okolit\u00fdmi pohoriami (<a href=\"https:\/\/www.keturist.sk\/info\/okolite-hory\/cierna-hora\/\">\u010cierna hora<\/a>, <a href=\"https:\/\/www.keturist.sk\/info\/okolite-hory\/volovske-vrchy\/\">Volovsk\u00e9 vrchy<\/a> a <a href=\"https:\/\/www.keturist.sk\/info\/okolite-hory\/slanske-vrchy\/\">Slansk\u00e9 vrchy<\/a>) a&nbsp;nach\u00e1dzaj\u00fa sa tu tie\u017e aj informa\u010dn\u00e9 tabu\u013eky s popismi panor\u00e1my, v\u010faka ktor\u00fdm budete presne vedie\u0165, \u010do na obzore uvid\u00edte. Vyhliadkov\u00e1 ve\u017ea je v noci ve\u013emi vkusne osvetlen\u00e1. <\/p>\n<!-- \/wp:paragraph --><\/div>\n<!-- \/wp:column --><\/div>\n<!-- \/wp:columns -->\n\n<!-- wp:columns {\"beyondwordsMarker\":\"72a76f62-17c5-4606-a0ef-68ba83ee2515\"} -->\n<div class=\"wp-block-columns\"><!-- wp:column {\"width\":\"30%\",\"beyondwordsMarker\":\"fd4d5686-d352-4091-81d4-3c904765f39f\"} -->\n<div class=\"wp-block-column\" style=\"flex-basis:30%\"><!-- wp:paragraph {\"beyondwordsMarker\":\"9967376e-89c5-4066-9eda-5e2bcc455337\"} -->\n<p><\/p>\n<!-- \/wp:paragraph --><\/div>\n<!-- \/wp:column -->\n\n<!-- wp:column {\"width\":\"80%\",\"beyondwordsMarker\":\"a387e08b-2580-4a72-9f15-4b2863578014\"} -->\n<div class=\"wp-block-column\" style=\"flex-basis:80%\"><!-- wp:paragraph {\"beyondwordsMarker\":\"a47f7bbc-8389-43ad-a01b-f1c853de7505\"} -->\n<p>V&nbsp;jej bl\u00edzkosti sa nach\u00e1dza zr\u00facanina <a href=\"https:\/\/www.keturist.sk\/info\/hrady-a-kastiele\/kosicky-hrad\/\">Ko\u0161ick\u00e9ho hradu,<\/a> kde vznikol <strong>Are\u00e1l Ko\u0161ick\u00e9ho hradu<\/strong>, ktor\u00e9ho s\u00fa\u010das\u0165ou je hradn\u00e1 sc\u00e9na,&nbsp;pr\u00edrodn\u00fd amfite\u00e1ter a infocentrum. Okolie pon\u00faka aj mo\u017enos\u0165 opekania si \u010di prech\u00e1dzku n\u00e1u\u010dn\u00fdm chodn\u00edkom.<\/p>\n<!-- \/wp:paragraph --><\/div>\n<!-- \/wp:column --><\/div>\n<!-- \/wp:columns -->\n\n<!-- wp:columns {\"beyondwordsMarker\":\"0a359b01-7717-4a99-8dc4-afeb8922a74f\"} -->\n<div class=\"wp-block-columns\"><!-- wp:column {\"width\":\"85%\",\"beyondwordsMarker\":\"0c613731-4c05-4d71-9d17-a0f4a9b5186f\"} -->\n<div class=\"wp-block-column\" style=\"flex-basis:85%\"><!-- wp:image {\"id\":11681,\"sizeSlug\":\"large\",\"linkDestination\":\"none\",\"beyondwordsMarker\":\"f13c42f9-40ba-442f-a664-06b23df15434\"} -->\n<figure class=\"wp-block-image size-large\"><img src=\"https:\/\/www.kosiceregion.com\/wp-content\/uploads\/2023\/11\/KP_0003-1-edited.jpg\" alt=\"\" class=\"wp-image-11681\"\/><\/figure>\n<!-- \/wp:image --><\/div>\n<!-- \/wp:column -->\n\n<!-- wp:column {\"width\":\"25%\",\"beyondwordsMarker\":\"4a419976-663c-4f5c-af2b-c9bb594eeb70\"} -->\n<div class=\"wp-block-column\" style=\"flex-basis:25%\"><\/div>\n<!-- \/wp:column --><\/div>\n<!-- \/wp:columns -->\n\n<!-- wp:heading {\"level\":3,\"beyondwordsMarker\":\"11e04846-1aff-4f58-87e7-81c2b0349421\"} -->\n<h3 class=\"wp-block-heading\">Vyhliadkov\u00e1 ve\u017ea \u010cere\u0161enka<\/h3>\n<!-- \/wp:heading -->\n\n<!-- wp:columns {\"beyondwordsMarker\":\"7d5acb69-c075-4626-95be-402b7a8d3571\"} -->\n<div class=\"wp-block-columns\"><!-- wp:column {\"width\":\"80%\",\"beyondwordsMarker\":\"a279d15a-fdca-408f-a98c-168e1d8e4517\"} -->\n<div class=\"wp-block-column\" style=\"flex-basis:80%\"><!-- wp:paragraph {\"beyondwordsMarker\":\"4cdfb1b4-6077-4887-8249-b0edec1aa8bf\"} -->\n<p>Pri pr\u00edle\u017eitosti 700-t\u00e9ho v\u00fdro\u010dia Bitky pri Rozhanovciach, ktor\u00e1 sa uskuto\u010dnila 15. j\u00fana 1312, sa ob\u010dianske zdru\u017eenie \u010cere\u0161enka rozhodlo vytvori\u0165 neoby\u010dajn\u00fa vyhliadkov\u00fa ve\u017eu, ktor\u00e1 by sa zaradila k monumentom pripom\u00ednaj\u00facim t\u00fato udalos\u0165. Svojim vzh\u013eadom sa n\u00e1padne pribli\u017euje pr\u00e1ve k stavb\u00e1m zo 14. storo\u010dia. <\/p>\n<!-- \/wp:paragraph --><\/div>\n<!-- \/wp:column -->\n\n<!-- wp:column {\"width\":\"25%\",\"beyondwordsMarker\":\"00d07147-ca78-4ead-ac49-659097abedce\"} -->\n<div class=\"wp-block-column\" style=\"flex-basis:25%\"><\/div>\n<!-- \/wp:column --><\/div>\n<!-- \/wp:columns -->\n\n<!-- wp:columns {\"beyondwordsMarker\":\"b64685c1-3aa7-4d3b-8cd6-8af1a6ee39c0\"} -->\n<div class=\"wp-block-columns\"><!-- wp:column {\"width\":\"30%\",\"beyondwordsMarker\":\"b9becd37-b958-4559-9efa-ec1334c78f35\"} -->\n<div class=\"wp-block-column\" style=\"flex-basis:30%\"><!-- wp:image {\"beyondwordsMarker\":\"72a7cba9-d578-4ed0-88e5-761102d2c52a\"} -->\n<figure class=\"wp-block-image\"><img alt=\"\"\/><\/figure>\n<!-- \/wp:image --><\/div>\n<!-- \/wp:column -->\n\n<!-- wp:column {\"width\":\"80%\",\"beyondwordsMarker\":\"c2dce016-e0cb-4436-aae9-c58f1644cfb7\"} -->\n<div class=\"wp-block-column\" style=\"flex-basis:80%\"><!-- wp:image {\"id\":11682,\"sizeSlug\":\"large\",\"linkDestination\":\"none\",\"beyondwordsMarker\":\"6dfef600-c4ae-477f-977e-2e8f5e84c7b6\"} -->\n<figure class=\"wp-block-image size-large\"><img src=\"https:\/\/www.kosiceregion.com\/wp-content\/uploads\/2023\/11\/KP_0004-1-edited-1024x576.jpg\" alt=\"\" class=\"wp-image-11682\"\/><\/figure>\n<!-- \/wp:image --><\/div>\n<!-- \/wp:column --><\/div>\n<!-- \/wp:columns -->\n\n<!-- wp:columns {\"beyondwordsMarker\":\"67dbc291-d5ae-4ca8-9a78-f7282c38ceda\"} -->\n<div class=\"wp-block-columns\"><!-- wp:column {\"width\":\"30%\",\"beyondwordsMarker\":\"df554321-257c-4e14-a20d-e41dbc57fb7d\"} -->\n<div class=\"wp-block-column\" style=\"flex-basis:30%\"><!-- wp:paragraph {\"beyondwordsMarker\":\"c3fbe639-fca7-4e55-a8eb-9331d41d7cc4\"} -->\n<p><\/p>\n<!-- \/wp:paragraph --><\/div>\n<!-- \/wp:column -->\n\n<!-- wp:column {\"width\":\"80%\",\"beyondwordsMarker\":\"43e69d8b-5bc9-47fc-9b40-05affa1a03d3\"} -->\n<div class=\"wp-block-column\" style=\"flex-basis:80%\"><!-- wp:paragraph {\"beyondwordsMarker\":\"d41bae3e-0398-45b4-a14b-e1fc17108e97\"} -->\n<p>Jej tvar evokuje stredovek\u00fa str\u00e1\u017enu ve\u017eu, jej bo\u010dn\u00e9 otvory v tvare kr\u00ed\u017ea zase nazna\u010duj\u00fa, \u017ee stoj\u00ed na pietnom mieste, na mieste, kde vyhasli tis\u00edce \u017eivotov. Pozorovanie panor\u00e1m je mo\u017en\u00e9 cez okn\u00e1 zo schodi\u0161\u0165a, z 2. poschodia cez ramen\u00e1 kr\u00ed\u017ea, ale aj z vrcholu ve\u017ee. Informa\u010dn\u00e9 panely s\u00fa umiestnen\u00e9 na atike. <\/p>\n<!-- \/wp:paragraph --><\/div>\n<!-- \/wp:column --><\/div>\n<!-- \/wp:columns -->\n\n<!-- wp:columns {\"beyondwordsMarker\":\"5334815e-0a33-4983-8a2f-58a493394d33\"} -->\n<div class=\"wp-block-columns\"><!-- wp:column {\"width\":\"30%\",\"beyondwordsMarker\":\"1ceb8e05-52da-49cf-ae8e-48c52894818c\"} -->\n<div class=\"wp-block-column\" style=\"flex-basis:30%\"><!-- wp:paragraph {\"beyondwordsMarker\":\"a956168c-b004-4685-90fd-abe5697d25da\"} -->\n<p><\/p>\n<!-- \/wp:paragraph --><\/div>\n<!-- \/wp:column -->\n\n<!-- wp:column {\"width\":\"80%\",\"beyondwordsMarker\":\"6dfcd164-843d-449d-99cc-efbeeb4fc57e\"} -->\n<div class=\"wp-block-column\" style=\"flex-basis:80%\"><!-- wp:paragraph {\"beyondwordsMarker\":\"304a6675-d7b3-4326-801c-1282d5d36da7\"} -->\n<p>A&nbsp;pre\u010do ten n\u00e1zov? Ve\u017ea a&nbsp;rovnako aj jej autor, OZ \u010cere\u0161enka, dostali toto pomenovanie pod\u013ea stromu \u010dere\u0161ne t\u00fd\u010diaceho sa nad obcou, v ktorom sa nach\u00e1dza kame\u0148 zn\u00e1zor\u0148uj\u00faci hranicu katastr\u00e1lnych \u00fazem\u00ed obc\u00ed Rozhanovce, Chrastn\u00e9 a&nbsp;\u010ci\u017eatice, v minulosti historick\u00fa hranicu medzi \u017eupami Abov a&nbsp;\u0160ari\u0161.<em> <\/em>Spom\u00ednan\u00e1 stredovek\u00e1 bitka pri v\u00fdchodoslovensk\u00fdch Rozhanovciach rozhodovala nielen o osude kr\u00e1\u013eovsk\u00e9ho mesta Ko\u0161ice, ale aj samotn\u00e9ho Uhorsk\u00e9ho kr\u00e1\u013eovstva.<\/p>\n<!-- \/wp:paragraph --><\/div>\n<!-- \/wp:column --><\/div>\n<!-- \/wp:columns -->\n\n<!-- wp:columns {\"beyondwordsMarker\":\"71edaf80-225b-4b87-89c2-2dd03dec041f\"} -->\n<div class=\"wp-block-columns\"><!-- wp:column {\"width\":\"80%\",\"beyondwordsMarker\":\"cb0a113d-42ea-458f-b047-1b0e6748a104\"} -->\n<div class=\"wp-block-column\" style=\"flex-basis:80%\"><!-- wp:image {\"id\":11667,\"sizeSlug\":\"large\",\"linkDestination\":\"none\",\"beyondwordsMarker\":\"4e6d89e1-cb2b-4442-99be-b062aef46fdb\"} -->\n<figure class=\"wp-block-image size-large\"><img src=\"https:\/\/www.kosiceregion.com\/wp-content\/uploads\/2023\/11\/3-1024x768.jpeg\" alt=\"\" class=\"wp-image-11667\"\/><\/figure>\n<!-- \/wp:image --><\/div>\n<!-- \/wp:column -->\n\n<!-- wp:column {\"width\":\"25%\",\"beyondwordsMarker\":\"c36f20d5-f95d-427f-828d-3b30c7bc12af\"} -->\n<div class=\"wp-block-column\" style=\"flex-basis:25%\"><\/div>\n<!-- \/wp:column --><\/div>\n<!-- \/wp:columns -->\n\n<!-- wp:columns {\"beyondwordsMarker\":\"5ae06a84-94e3-483b-a942-d700c38e94c8\"} -->\n<div class=\"wp-block-columns\"><!-- wp:column {\"width\":\"80%\",\"beyondwordsMarker\":\"baedf303-e1a2-475e-8915-84d5f1f00b9d\"} -->\n<div class=\"wp-block-column\" style=\"flex-basis:80%\"><!-- wp:heading {\"beyondwordsMarker\":\"9fdff4f7-8f32-493a-a0d9-d878063f5ef7\"} -->\n<h2 class=\"wp-block-heading\">Rozh\u013ead\u0148a Bogn\u00e1r<\/h2>\n<!-- \/wp:heading --><\/div>\n<!-- \/wp:column --><\/div>\n<!-- \/wp:columns -->\n\n<!-- wp:columns {\"beyondwordsMarker\":\"a7dd5372-4580-47dd-9f57-619d3892b6cb\"} -->\n<div class=\"wp-block-columns\"><!-- wp:column {\"width\":\"80%\",\"beyondwordsMarker\":\"72ced762-ade1-470b-9728-cc24fb498612\"} -->\n<div class=\"wp-block-column\" style=\"flex-basis:80%\"><!-- wp:paragraph {\"beyondwordsMarker\":\"302016c5-6126-47ec-bcba-092b588d54bb\"} -->\n<p>Bogn\u00e1r je dreven\u00e1 vyhliadkov\u00e1 ve\u017eas&nbsp;dvoma poschodiami zasaden\u00e1 v kopcoch a pon\u00faka kr\u00e1sne v\u00fdh\u013eady na&nbsp;okolie. Le\u017e\u00ed v nadmorskej v\u00fd\u0161ke 437 metrov. Vysok\u00e1 je asi 10 metrov. Z&nbsp;v\u00fdchodnej strany p\u00fataj\u00fa farebn\u00e9 dom\u010deky, ve\u017eiaky a&nbsp;mali\u010dk\u00e9 aut\u00ed\u010dka valiace sa hlavn\u00fdm \u0165ahom, no rovnako sa tu naskyt\u00e1 poh\u013ead z&nbsp;vt\u00e1\u010dej perspekt\u00edvy aj na bohat\u00fa hist\u00f3riu a na pamiatky Gelnice.<\/p>\n<!-- \/wp:paragraph --><\/div>\n<!-- \/wp:column -->\n\n<!-- wp:column {\"width\":\"30%\",\"beyondwordsMarker\":\"55d49212-7061-4ad6-86fc-3fdba50c05a8\"} -->\n<div class=\"wp-block-column\" style=\"flex-basis:30%\"><\/div>\n<!-- \/wp:column --><\/div>\n<!-- \/wp:columns -->\n\n<!-- wp:columns {\"beyondwordsMarker\":\"8b538440-d6b4-4a0b-8129-626215744c29\"} -->\n<div class=\"wp-block-columns\"><!-- wp:column {\"width\":\"30%\",\"beyondwordsMarker\":\"2070cad7-f47a-4346-8530-24732f02adfe\"} -->\n<div class=\"wp-block-column\" style=\"flex-basis:30%\"><\/div>\n<!-- \/wp:column -->\n\n<!-- wp:column {\"width\":\"80%\",\"beyondwordsMarker\":\"73cbad5c-d688-463d-ab1e-ac786ef4689b\"} -->\n<div class=\"wp-block-column\" style=\"flex-basis:80%\"><!-- wp:image {\"id\":11683,\"sizeSlug\":\"large\",\"linkDestination\":\"none\",\"beyondwordsMarker\":\"0b11e843-d024-4f4b-b93d-57a366a4bd60\"} -->\n<figure class=\"wp-block-image size-large\"><img src=\"https:\/\/www.kosiceregion.com\/wp-content\/uploads\/2023\/11\/5-edited-scaled.jpeg\" alt=\"\" class=\"wp-image-11683\"\/><\/figure>\n<!-- \/wp:image --><\/div>\n<!-- \/wp:column --><\/div>\n<!-- \/wp:columns -->\n\n<!-- wp:columns {\"beyondwordsMarker\":\"6f9a5891-7d4a-485e-a853-2b9647e64e12\"} -->\n<div class=\"wp-block-columns\"><!-- wp:column {\"width\":\"30%\",\"beyondwordsMarker\":\"6c41e74b-40e2-4141-9265-bdc9e011403f\"} -->\n<div class=\"wp-block-column\" style=\"flex-basis:30%\"><!-- wp:paragraph {\"beyondwordsMarker\":\"fe1a8a68-4dae-4cd1-8cb6-da9b7d7feebe\"} -->\n<p><\/p>\n<!-- \/wp:paragraph --><\/div>\n<!-- \/wp:column -->\n\n<!-- wp:column {\"width\":\"80%\",\"beyondwordsMarker\":\"91a00ad5-6818-4cdd-9a15-0f86a18d065f\"} -->\n<div class=\"wp-block-column\" style=\"flex-basis:80%\"><!-- wp:paragraph {\"beyondwordsMarker\":\"60b4ea37-007d-4869-bd1c-70b7ca0a627a\"} -->\n<p>Z&nbsp;pomedzi z\u00e1stavby svojou ve\u013ekos\u0165ou a&nbsp;farbou zaujme jasn\u00e1 dominanta historick\u00e9ho jadra r\u00edmskokatol\u00edcky Kostol Nanebovzatia Panny M\u00e1rie. Pr\u00ed\u010fte sa porozhliada\u0165 z&nbsp;rozh\u013eadne na roz\u013eahl\u00fa kr\u00e1su okolia a nechajte ju na seba p\u00f4sobi\u0165 v tichu pr\u00edrody, kde prevetr\u00e1te hlavu a&nbsp;vyvetr\u00e1te z&nbsp;nej v\u0161etok stres.<\/p>\n<!-- \/wp:paragraph -->\n\n<!-- wp:paragraph {\"beyondwordsMarker\":\"ea91f2df-f8ad-4d9e-a23d-5969aca4c040\"} -->\n<p>Tip na v\u00fdlet k ve\u017ei Bogn\u00e1r n\u00e1jde\u0161 <a href=\"https:\/\/www.kosiceregion.com\/sk\/gelnicke-vyhliadkove-veze\/\">&gt;&gt;TU<\/a><\/p>\n<!-- \/wp:paragraph --><\/div>\n<!-- \/wp:column --><\/div>\n<!-- \/wp:columns -->\n\n<!-- wp:columns {\"beyondwordsMarker\":\"cc5031ea-6a74-4f10-bf45-926e71467228\"} -->\n<div class=\"wp-block-columns\"><!-- wp:column {\"width\":\"80%\",\"beyondwordsMarker\":\"5f1fbdf3-74c6-487b-8e56-539cbbdd5eed\"} -->\n<div class=\"wp-block-column\" style=\"flex-basis:80%\"><!-- wp:gallery {\"ids\":[11663],\"linkTo\":\"none\",\"beyondwordsMarker\":\"26a07455-c119-4092-815d-3cae64787d00\"} -->\n<figure class=\"wp-block-gallery has-nested-images columns-default is-cropped\"><!-- wp:image {\"id\":11663,\"sizeSlug\":\"large\",\"linkDestination\":\"none\",\"beyondwordsMarker\":\"0475b4cd-b53a-4d43-bb1e-b1242e52e6b4\"} -->\n<figure class=\"wp-block-image size-large\"><img src=\"https:\/\/www.kosiceregion.com\/wp-content\/uploads\/2023\/11\/KRT-GreenPoint-highres-52-1-1024x681.jpg\" alt=\"\" class=\"wp-image-11663\"\/><\/figure>\n<!-- \/wp:image --><\/figure>\n<!-- \/wp:gallery --><\/div>\n<!-- \/wp:column -->\n\n<!-- wp:column {\"width\":\"30%\",\"beyondwordsMarker\":\"8d2608d8-2df4-4207-a5a5-2decb95c9fe8\"} -->\n<div class=\"wp-block-column\" style=\"flex-basis:30%\"><\/div>\n<!-- \/wp:column --><\/div>\n<!-- \/wp:columns -->\n\n<!-- wp:heading {\"level\":3,\"beyondwordsMarker\":\"5165019a-9547-4582-9c92-de9e075d4b9c\"} -->\n<h3 class=\"wp-block-heading\">Green point nad Kluknavou<\/h3>\n<!-- \/wp:heading -->\n\n<!-- wp:columns {\"beyondwordsMarker\":\"457e66d8-547e-4d7e-a528-5336a7b277cc\"} -->\n<div class=\"wp-block-columns\"><!-- wp:column {\"width\":\"80%\",\"beyondwordsMarker\":\"5a880177-4632-4976-ada1-6c043305ca2d\"} -->\n<div class=\"wp-block-column\" style=\"flex-basis:80%\"><!-- wp:paragraph {\"beyondwordsMarker\":\"1e5e8c30-1d91-4058-bed2-ab9a411f1b3b\"} -->\n<p>Nov\u00e1 35 metrov\u00e1 rozh\u013ead\u0148a nad obcou Kluknava je stavbou s&nbsp;jedine\u010dnou architekt\u00farou, ktor\u00e1 vyu\u017e\u00edva modern\u00e9 technol\u00f3gie na&nbsp;obnovite\u013en\u00e9 zdroje energie vr\u00e1tane vetern\u00e9ho a&nbsp;slne\u010dn\u00e9ho zdroja. Ide o&nbsp;vyu\u017eitie vlastnej zelenej energie na prev\u00e1dzku s&nbsp;obrovsk\u00fdm potenci\u00e1lom s&nbsp;pr\u00ednosom nov\u00fdch smart a&nbsp;ekoturistick\u00fdch prvkov. <\/p>\n<!-- \/wp:paragraph --><\/div>\n<!-- \/wp:column -->\n\n<!-- wp:column {\"width\":\"25%\",\"beyondwordsMarker\":\"4b128a13-a9f7-45ee-99fd-db773a6cbfe7\"} -->\n<div class=\"wp-block-column\" style=\"flex-basis:25%\"><\/div>\n<!-- \/wp:column --><\/div>\n<!-- \/wp:columns -->\n\n<!-- wp:columns {\"beyondwordsMarker\":\"be284826-7c6c-4b70-a571-7a92e5daf272\"} -->\n<div class=\"wp-block-columns\"><!-- wp:column {\"width\":\"80%\",\"beyondwordsMarker\":\"9e28b258-1194-426c-8419-adc96629f976\"} -->\n<div class=\"wp-block-column\" style=\"flex-basis:80%\"><!-- wp:paragraph {\"beyondwordsMarker\":\"d125daeb-aae5-41c5-9ca3-0e12f49bcdde\"} -->\n<p>T\u00e1to inovat\u00edvna technol\u00f3gia, ktor\u00e1 e\u0161te na&nbsp;Slovensku nebola pou\u017eit\u00e1, zabezpe\u010duje energetick\u00fa sebesta\u010dnos\u0165 ve\u017ee, \u010do zah\u0155\u0148a jej osvetlenie a&nbsp;bezplatn\u00e9 nab\u00edjanie mobiln\u00fdch zariaden\u00ed a&nbsp;elektrobicyklov pre&nbsp;n\u00e1v\u0161tevn\u00edkov. <\/p>\n<!-- \/wp:paragraph --><\/div>\n<!-- \/wp:column -->\n\n<!-- wp:column {\"width\":\"25%\",\"beyondwordsMarker\":\"a831b33c-bbe0-4ca1-8e1f-0b784dfc76b6\"} -->\n<div class=\"wp-block-column\" style=\"flex-basis:25%\"><!-- wp:paragraph {\"beyondwordsMarker\":\"bf5156a4-5a9d-42f0-930e-1d8384a9c2f0\"} -->\n<p><\/p>\n<!-- \/wp:paragraph --><\/div>\n<!-- \/wp:column --><\/div>\n<!-- \/wp:columns -->\n\n<!-- wp:columns {\"beyondwordsMarker\":\"09151249-aaf7-48f8-bdd1-c59986a09343\"} -->\n<div class=\"wp-block-columns\"><!-- wp:column {\"width\":\"30%\",\"beyondwordsMarker\":\"f100b7d3-bd6f-4e81-a33a-422d8a5417ea\"} -->\n<div class=\"wp-block-column\" style=\"flex-basis:30%\"><\/div>\n<!-- \/wp:column -->\n\n<!-- wp:column {\"width\":\"80%\",\"beyondwordsMarker\":\"ef5cea12-d83f-4e0c-8451-64debd9c4515\"} -->\n<div class=\"wp-block-column\" style=\"flex-basis:80%\"><!-- wp:image {\"id\":11684,\"sizeSlug\":\"large\",\"linkDestination\":\"none\",\"beyondwordsMarker\":\"7733e9da-8d6b-4baa-a369-405d0f94ff36\"} -->\n<figure class=\"wp-block-image size-large\"><img src=\"https:\/\/www.kosiceregion.com\/wp-content\/uploads\/2023\/11\/KRT-GreenPoint-highres-20-1-edited.jpg\" alt=\"\" class=\"wp-image-11684\"\/><\/figure>\n<!-- \/wp:image --><\/div>\n<!-- \/wp:column --><\/div>\n<!-- \/wp:columns -->\n\n<!-- wp:columns {\"beyondwordsMarker\":\"715dccb0-ca16-4112-97d9-3dc16c3c0c21\"} -->\n<div class=\"wp-block-columns\"><!-- wp:column {\"width\":\"30%\",\"beyondwordsMarker\":\"ad1cd881-5e36-4125-a564-1467008bc968\"} -->\n<div class=\"wp-block-column\" style=\"flex-basis:30%\"><!-- wp:paragraph {\"beyondwordsMarker\":\"db25f618-50b6-4f46-b03d-d5931b391bef\"} -->\n<p><\/p>\n<!-- \/wp:paragraph --><\/div>\n<!-- \/wp:column -->\n\n<!-- wp:column {\"width\":\"80%\",\"beyondwordsMarker\":\"4bfa40c0-ee77-446d-a861-a0a8ed4e1e3b\"} -->\n<div class=\"wp-block-column\" style=\"flex-basis:80%\"><!-- wp:paragraph {\"beyondwordsMarker\":\"34c0c1f4-818a-430a-a217-c36a3ebab35a\"} -->\n<p><a href=\"https:\/\/www.kosiceregion.com\/sk\/poi\/green-point-rozhladna-kluknava\/\">Green Point, <\/a>ako auton\u00f3mna vyhliadkov\u00e1 ve\u017ea, je od obce vzdialen\u00e1 asi 1,5 hodiny cesty pe\u0161o a&nbsp;pon\u00faka \u00fachvatn\u00fd v\u00fdh\u013ead na&nbsp;n\u00e1dhern\u00fd krajinn\u00fd reli\u00e9f, ktor\u00fd n\u00e1\u0161 kraj pon\u00faka. Z&nbsp;ve\u017ee je vidie\u0165 vrchy ako Klopta\u0148, Dvorisk\u00e1, S\u013eubica, Krompa\u0161sk\u00fd vrch, Slovinsk\u00fa a&nbsp;Bielu skalu a&nbsp;najvy\u0161\u0161\u00ed vrch Kr\u00e1\u013eovu ho\u013eu. Je vytvoren\u00e1 z&nbsp;pozinkovan\u00e9ho \u017eeleza a&nbsp;strecha je oblo\u017een\u00e1 z&nbsp;\u010derven\u00e9ho smreku, na&nbsp;ktorej sa nach\u00e1dzaj\u00fa vetern\u00e9 turb\u00edny a&nbsp;fotovoltaick\u00e9 \u010dl\u00e1nky.<\/p>\n<!-- \/wp:paragraph --><\/div>\n<!-- \/wp:column --><\/div>\n<!-- \/wp:columns -->\n\n<!-- wp:columns {\"beyondwordsMarker\":\"e797baf9-6148-4d79-942b-e0dc80657d4c\"} -->\n<div class=\"wp-block-columns\"><!-- wp:column {\"width\":\"30%\",\"beyondwordsMarker\":\"72ec6ba9-09ac-4339-bb94-f7206cf95961\"} -->\n<div class=\"wp-block-column\" style=\"flex-basis:30%\"><!-- wp:paragraph {\"beyondwordsMarker\":\"ee130e65-e204-4bdf-a577-5bdaa3d0ac70\"} -->\n<p><\/p>\n<!-- \/wp:paragraph --><\/div>\n<!-- \/wp:column -->\n\n<!-- wp:column {\"width\":\"80%\",\"beyondwordsMarker\":\"f38461ed-b4fb-43f9-adda-bda1a99eec41\"} -->\n<div class=\"wp-block-column\" style=\"flex-basis:80%\"><!-- wp:paragraph {\"beyondwordsMarker\":\"4379fa2b-bcdd-47ad-9148-876fea746a05\"} -->\n<p>Ve\u017ea sa zap\u00edna na&nbsp;s\u00famrakov\u00fd sp\u00edna\u010d ka\u017ed\u00fd de\u0148 okolo 16:30 hod. a&nbsp;jej prev\u00e1dzka je celoro\u010dn\u00e1 a&nbsp;celodenn\u00e1. Pre&nbsp;no\u010dn\u00e9ho n\u00e1v\u0161tevn\u00edka je vybaven\u00e1 pohybov\u00fdm senzorom, ktor\u00fdm sa schodisko ve\u017ee rozsvieti na&nbsp;5&nbsp;min\u00fat.<\/p>\n<!-- \/wp:paragraph --><\/div>\n<!-- \/wp:column --><\/div>\n<!-- \/wp:columns -->\n\n<!-- wp:image {\"id\":11662,\"sizeSlug\":\"large\",\"linkDestination\":\"none\",\"beyondwordsMarker\":\"e1d7f967-a93f-4046-b480-1018cdff696e\"} -->\n<figure class=\"wp-block-image size-large\"><img src=\"https:\/\/www.kosiceregion.com\/wp-content\/uploads\/2023\/11\/KRT-GreenPoint-highres-48-1024x681.jpg\" alt=\"\" class=\"wp-image-11662\"\/><\/figure>\n<!-- \/wp:image -->\n\n<!-- wp:tadv\/classic-paragraph {\"beyondwordsMarker\":\"532956e4-3022-4840-9572-da1098976bd4\"} \/-->\n\n<!-- wp:tadv\/classic-paragraph {\"beyondwordsMarker\":\"767f0be0-8c66-4416-a38f-07f90e4e22d3\"} \/-->\n\n<!-- wp:tadv\/classic-paragraph {\"beyondwordsMarker\":\"7181af73-3b22-4b17-b436-aeaefba71b0b\"} \/-->","_sk_post_name":"vezmi-si-dalekohlad-a-zahlad-sa-do-dialok-5-netradicnych-vyhliadkovych-vezi-na-kraji-sveta","_sk_post_excerpt":"","_sk_post_title":"Vezmi si \u010falekoh\u013ead a\u00a0zah\u013ea\u010f sa do dia\u013eok - 5 netradi\u010dn\u00fdch vyhliadkov\u00fdch ve\u017e\u00ed na Kraji sveta","_en_post_content":"","_en_post_name":"","_en_post_excerpt":"","_en_post_title":"","_hu_post_content":"","_hu_post_name":"","_hu_post_excerpt":"","_hu_post_title":"","_es_post_content":"","_es_post_name":"","_es_post_excerpt":"","_es_post_title":"","_de_post_content":"","_de_post_name":"","_de_post_excerpt":"","_de_post_title":"","_pl_post_content":"<!-- wp:columns {\"beyondwordsMarker\":\"df61b6c6-6346-4b90-9b14-74eaf86b5c9b\"} -->\n<div class=\"wp-block-columns\"><!-- wp:column {\"width\":\"100%\",\"beyondwordsMarker\":\"0b2d1178-e602-4eea-933a-d072cc34a40b\"} -->\n<div class=\"wp-block-column\" style=\"flex-basis:100%\"><!-- wp:columns {\"beyondwordsMarker\":\"4379ceb3-0011-43b3-b4ba-00644f0e3494\"} -->\n<div class=\"wp-block-columns\"><!-- wp:column {\"width\":\"80%\",\"beyondwordsMarker\":\"1cb311ec-cad2-4748-93c2-e91b62481e5a\"} -->\n<div class=\"wp-block-column\" style=\"flex-basis:80%\"><!-- wp:paragraph {\"beyondwordsMarker\":\"1283a159-a377-45d5-9c0f-a76a16524b65\"} -->\n<p>Ciekawe podr\u00f3\u017ce i nietypowe miejsca nie zawsze musz\u0105 wymaga\u0107 pokonywania du\u017cych odleg\u0142o\u015bci. Obcowanie z natur\u0105 to nie tylko relaks i energia \u017cyciowa, lecz tak\u017ce mo\u017cliwo\u015b\u0107 spojrzenia na \u015bwiat z innej perspektywy. Z dystansem. Zatem sp\u00f3jrz w dal, dostrze\u017c pi\u0119kno i z\u0142ap dystans. To idealny moment, by spakowa\u0107 lornetk\u0119 i odwiedzi\u0107 miejsca, kt\u00f3re oferuj\u0105 niezwyk\u0142e widoki.<\/p>\n<!-- \/wp:paragraph --><\/div>\n<!-- \/wp:column -->\n\n<!-- wp:column {\"width\":\"50%\",\"beyondwordsMarker\":\"030e0e14-f050-4636-ba36-47388a2c467c\"} -->\n<div class=\"wp-block-column\" style=\"flex-basis:50%\"><\/div>\n<!-- \/wp:column --><\/div>\n<!-- \/wp:columns --><\/div>\n<!-- \/wp:column --><\/div>\n<!-- \/wp:columns -->\n\n<!-- wp:columns {\"beyondwordsMarker\":\"d1c20e4e-a3da-4284-9c81-1346a4870e4b\"} -->\n<div class=\"wp-block-columns\"><!-- wp:column {\"width\":\"50%\",\"beyondwordsMarker\":\"0f534e10-3523-43a5-a27e-0bebce00f60a\"} -->\n<div class=\"wp-block-column\" style=\"flex-basis:50%\"><!-- wp:heading {\"textAlign\":\"left\",\"level\":3,\"beyondwordsMarker\":\"88e0e421-b5aa-4517-90bc-e28852804e3a\"} -->\n<h3 class=\"wp-block-heading has-text-align-left\">Ze wschodu na zach\u00f3d<\/h3>\n<!-- \/wp:heading --><\/div>\n<!-- \/wp:column -->\n\n<!-- wp:column {\"width\":\"70%\",\"beyondwordsMarker\":\"414f2b6a-5220-4a40-84df-ef7aca794f23\"} -->\n<div class=\"wp-block-column\" style=\"flex-basis:70%\"><\/div>\n<!-- \/wp:column --><\/div>\n<!-- \/wp:columns -->\n\n<!-- wp:columns {\"beyondwordsMarker\":\"bf6d77ed-35d2-41bb-a93c-4bf098886e05\"} -->\n<div class=\"wp-block-columns\"><!-- wp:column {\"width\":\"80%\",\"beyondwordsMarker\":\"73aeb79f-4bab-4ed8-94f1-ce650b2280e8\"} -->\n<div class=\"wp-block-column\" style=\"flex-basis:80%\"><!-- wp:paragraph {\"beyondwordsMarker\":\"6702a0ff-5b79-4d7c-ae37-5e00d85a9786\"} -->\n<p>Mo\u017cesz zacz\u0105\u0107 od ogl\u0105dania wschodu s\u0142o\u0144ca z wie\u017cy widokowej Tokaj, a p\u00f3\u017aniej wyruszy\u0107 na zach\u00f3d, odwiedzaj\u0105c po drodze wie\u017c\u0119 widokow\u0105 Hradov\u00e1 niedaleko Koszyc i wie\u017c\u0119 \u010cere\u0161enka strzeg\u0105c\u0105 granicy region\u00f3w Abov i Szarysz. Dalej mo\u017cesz pojecha\u0107 w kierunku Gelnicy i wspi\u0105\u0107 si\u0119 na wie\u017c\u0119 widokow\u0105 Bogn\u00e1r i zako\u0144czy\u0107 wypraw\u0119 na wie\u017cy Green Point nad wsi\u0105 Kluknava.<\/p>\n<!-- \/wp:paragraph --><\/div>\n<!-- \/wp:column -->\n\n<!-- wp:column {\"width\":\"25%\",\"beyondwordsMarker\":\"5c998451-3154-447e-8803-37127a573e7b\"} -->\n<div class=\"wp-block-column\" style=\"flex-basis:25%\"><!-- wp:paragraph {\"beyondwordsMarker\":\"21b8aaa9-e0ca-4966-afe7-f676900fa4ee\"} -->\n<p><\/p>\n<!-- \/wp:paragraph --><\/div>\n<!-- \/wp:column --><\/div>\n<!-- \/wp:columns -->\n\n<!-- wp:columns {\"beyondwordsMarker\":\"51d920a1-09f9-421d-96ff-a93bd159e80d\"} -->\n<div class=\"wp-block-columns\"><!-- wp:column {\"width\":\"80%\",\"beyondwordsMarker\":\"fa48b588-b228-464d-a48f-8c506faf65dc\"} -->\n<div class=\"wp-block-column\" style=\"flex-basis:80%\"><!-- wp:image {\"id\":11677,\"sizeSlug\":\"large\",\"linkDestination\":\"none\",\"beyondwordsMarker\":\"4879a2c2-04f0-4faa-84bb-6aad4573aa06\"} -->\n<figure class=\"wp-block-image size-large\"><img src=\"https:\/\/www.kosiceregion.com\/wp-content\/uploads\/2023\/11\/RozhladnaTokaj_full_kiki_005-1-edited.jpg\" alt=\"\" class=\"wp-image-11677\"\/><\/figure>\n<!-- \/wp:image --><\/div>\n<!-- \/wp:column -->\n\n<!-- wp:column {\"width\":\"30%\",\"beyondwordsMarker\":\"a3f5c501-37e9-4ee1-9dd8-be96ebcdd409\"} -->\n<div class=\"wp-block-column\" style=\"flex-basis:30%\"><\/div>\n<!-- \/wp:column --><\/div>\n<!-- \/wp:columns -->\n\n<!-- wp:heading {\"level\":3,\"beyondwordsMarker\":\"bbd53670-0140-4a86-a312-2460749d0246\"} -->\n<h3 class=\"wp-block-heading\">Wie\u017ca widokowa Tokaj<\/h3>\n<!-- \/wp:heading -->\n\n<!-- wp:columns {\"beyondwordsMarker\":\"af479a3f-0492-46dc-b58a-9e4e9443ccb8\"} -->\n<div class=\"wp-block-columns\"><!-- wp:column {\"width\":\"80%\",\"beyondwordsMarker\":\"0d86ad89-2ce7-4b20-a784-331a140365b8\"} -->\n<div class=\"wp-block-column\" style=\"flex-basis:80%\"><!-- wp:paragraph {\"beyondwordsMarker\":\"6701f3e5-eea5-48ec-b23d-6c37dbd3ce92\"} -->\n<p>Zacznijmy od widok\u00f3w roztaczaj\u0105cych si\u0119 z po\u0142udniowo-zachodniego podn\u00f3\u017ca G\u00f3r Zempli\u0144skich (zwanych te\u017c G\u00f3rami Tokajskimi), w samym sercu regionu winiarskiego Tokaj, w miejscowo\u015bci Mala T\u0155\u0148a, s\u0142yn\u0105cej z d\u0142ugich tradycji produkcji wybornych win tokajskich. Mo\u017cecie sobie wyobrazi\u0107 lepszy symbol regionu winiarskiego Tokaj ni\u017c beczka wina? I to ogromna, bo to beczka, kt\u00f3ra jest wie\u017c\u0105 widokow\u0105! Powstania antyhabsburskie z XVII i pocz\u0105tku XVIII wieku negatywnie wp\u0142yn\u0119\u0142y na rozw\u00f3j okolicy. W czasie powstania w lipcu 1660 roku wojska cesarskie wtargn\u0119\u0142y do wsi i spl\u0105drowa\u0142y tutejsze piwnice, zabieraj\u0105c beczki z winem.<\/p>\n<!-- \/wp:paragraph --><\/div>\n<!-- \/wp:column -->\n\n<!-- wp:column {\"width\":\"25%\",\"beyondwordsMarker\":\"f0a4e233-b85d-42ee-80b7-aab37879ba37\"} -->\n<div class=\"wp-block-column\" style=\"flex-basis:25%\"><\/div>\n<!-- \/wp:column --><\/div>\n<!-- \/wp:columns -->\n\n<!-- wp:columns {\"beyondwordsMarker\":\"8010fea5-526a-4220-a9b1-0dce1e8b3a31\"} -->\n<div class=\"wp-block-columns\"><!-- wp:column {\"width\":\"30%\",\"beyondwordsMarker\":\"449c38f1-24ce-469e-8c1a-abb55f2fb8a8\"} -->\n<div class=\"wp-block-column\" style=\"flex-basis:30%\"><\/div>\n<!-- \/wp:column -->\n\n<!-- wp:column {\"width\":\"80%\",\"beyondwordsMarker\":\"dcd6f24a-4a51-4a29-bbba-7e9393dc8a2e\"} -->\n<div class=\"wp-block-column\" style=\"flex-basis:80%\"><!-- wp:image {\"id\":11678,\"sizeSlug\":\"large\",\"linkDestination\":\"none\",\"beyondwordsMarker\":\"2574a906-3fab-4e2c-b501-a2bd37b4bc40\"} -->\n<figure class=\"wp-block-image size-large\"><img src=\"https:\/\/www.kosiceregion.com\/wp-content\/uploads\/2023\/11\/Tokaj_Veza-1-edited.jpg\" alt=\"\" class=\"wp-image-11678\"\/><\/figure>\n<!-- \/wp:image --><\/div>\n<!-- \/wp:column --><\/div>\n<!-- \/wp:columns -->\n\n<!-- wp:columns {\"beyondwordsMarker\":\"6ea503b5-07a0-4259-9026-035368063d73\"} -->\n<div class=\"wp-block-columns\"><!-- wp:column {\"width\":\"30%\",\"beyondwordsMarker\":\"365a6082-dddb-4ca1-bd6d-6023dc4dc94c\"} -->\n<div class=\"wp-block-column\" style=\"flex-basis:30%\"><!-- wp:paragraph {\"beyondwordsMarker\":\"9400ac0d-3aca-4e15-9ddd-d36a0f931391\"} -->\n<p><\/p>\n<!-- \/wp:paragraph --><\/div>\n<!-- \/wp:column -->\n\n<!-- wp:column {\"width\":\"80%\",\"beyondwordsMarker\":\"a0e352f1-cc73-4707-8352-2e8e285db52f\"} -->\n<div class=\"wp-block-column\" style=\"flex-basis:80%\"><!-- wp:paragraph {\"beyondwordsMarker\":\"b5f49dee-d877-4c11-8d4a-faff95f5c0c5\"} -->\n<p>By\u0107 mo\u017ce to w\u0142a\u015bnie dlatego we wsi Mal\u00e1 T\u0155\u0148a znajduje si\u0119 charakterystyczna beczka - wie\u017ca widokowa, b\u0119d\u0105ca znakiem rozpoznawczym regionu. Ta niezwyk\u0142a konstrukcja powsta\u0142a w 2015 roku i wznosi si\u0119 na wysoko\u015b\u0107 dwunastu metr\u00f3w.<\/p>\n<!-- \/wp:paragraph --><\/div>\n<!-- \/wp:column --><\/div>\n<!-- \/wp:columns -->\n\n<!-- wp:columns {\"beyondwordsMarker\":\"8d220929-c72e-4df9-b8e9-f1a894123e80\"} -->\n<div class=\"wp-block-columns\"><!-- wp:column {\"width\":\"30%\",\"beyondwordsMarker\":\"2113986c-31c5-4eb9-8240-a3b2ab6c9c70\"} -->\n<div class=\"wp-block-column\" style=\"flex-basis:30%\"><!-- wp:paragraph {\"beyondwordsMarker\":\"90a73705-ef33-4a3c-8aa1-b43c3b1c36c3\"} -->\n<p><\/p>\n<!-- \/wp:paragraph --><\/div>\n<!-- \/wp:column -->\n\n<!-- wp:column {\"width\":\"80%\",\"beyondwordsMarker\":\"a9dbe897-4e2d-4def-9787-e14ad7c9d4c4\"} -->\n<div class=\"wp-block-column\" style=\"flex-basis:80%\"><!-- wp:paragraph {\"beyondwordsMarker\":\"5458028b-bcbe-4fba-9f5b-fd47337f7569\"} -->\n<p>Mo\u017cna z niej podziwia\u0107 widoki na ca\u0142y region winiarski Tokaj, kt\u00f3ry cho\u0107 jest jednym z najmniejszych region\u00f3w winiarskich na S\u0142owacji, to ma on ogromne znaczenie. Na wie\u017cy widokowej znajduje si\u0119 teleskop, z kt\u00f3rego warto skorzysta\u0107.<\/p>\n<!-- \/wp:paragraph --><\/div>\n<!-- \/wp:column --><\/div>\n<!-- \/wp:columns -->\n\n<!-- wp:columns {\"beyondwordsMarker\":\"a15fad5d-56da-44ad-b57c-4c83cd74f4fb\"} -->\n<div class=\"wp-block-columns\"><!-- wp:column {\"width\":\"80%\",\"beyondwordsMarker\":\"a6423ec6-7572-46f0-a107-d552672632db\"} -->\n<div class=\"wp-block-column\" style=\"flex-basis:80%\"><!-- wp:gallery {\"ids\":[11673],\"linkTo\":\"none\",\"beyondwordsMarker\":\"8af2d762-68e9-4d68-9a12-6c39489d211a\"} -->\n<figure class=\"wp-block-gallery has-nested-images columns-default is-cropped\"><!-- wp:image {\"id\":11680,\"sizeSlug\":\"large\",\"linkDestination\":\"none\",\"beyondwordsMarker\":\"c21c3811-34a1-4301-9e35-2f081a2dd7e2\"} -->\n<figure class=\"wp-block-image size-large\"><img src=\"https:\/\/www.kosiceregion.com\/wp-content\/uploads\/2023\/11\/DJI_0028-2-edited-1024x576.jpg\" alt=\"\" class=\"wp-image-11680\"\/><\/figure>\n<!-- \/wp:image --><\/figure>\n<!-- \/wp:gallery --><\/div>\n<!-- \/wp:column -->\n\n<!-- wp:column {\"width\":\"25%\",\"beyondwordsMarker\":\"6d01a307-777b-4904-9d33-5c59cb6a71d4\"} -->\n<div class=\"wp-block-column\" style=\"flex-basis:25%\"><\/div>\n<!-- \/wp:column --><\/div>\n<!-- \/wp:columns -->\n\n<!-- wp:heading {\"level\":3,\"beyondwordsMarker\":\"0eada4e5-e009-4bb4-b3a0-938c0a3f2f3c\"} -->\n<h3 class=\"wp-block-heading\">Wie\u017ca widokowa Hradov\u00e1 niedaleko Koszyc<\/h3>\n<!-- \/wp:heading -->\n\n<!-- wp:columns {\"beyondwordsMarker\":\"c0564826-6e9b-4588-9eb4-7674e84af686\"} -->\n<div class=\"wp-block-columns\"><!-- wp:column {\"width\":\"80%\",\"beyondwordsMarker\":\"5cb60e1a-a2f7-448f-b36a-52fbb136b8ee\"} -->\n<div class=\"wp-block-column\" style=\"flex-basis:80%\"><!-- wp:paragraph {\"beyondwordsMarker\":\"7cd6bac4-cc12-44d0-bb6f-3e8e306e2256\"} -->\n<p>Na szczycie wzg\u00f3rza Hradov\u00e1 znajduje si\u0119 popularna wie\u017ca widokowa, z kt\u00f3rej mo\u017cna podziwia\u0107 panoram\u0119 Koszyc z wysoko\u015bci 466 m n.p.m. Sama wie\u017ca ma 21,5 metra wysoko\u015bci. Platformy widokowe s\u0105 os\u0142oni\u0119te blaszanym dachem w kszta\u0142cie ostros\u0142upa. Znajduj\u0105 si\u0119 tu tak\u017ce tr\u00f3jwymiarowe mapy z zaznaczonymi najwy\u017cszymi szczytami w okolicy.<\/p>\n<!-- \/wp:paragraph --><\/div>\n<!-- \/wp:column -->\n\n<!-- wp:column {\"width\":\"25%\",\"beyondwordsMarker\":\"23d9dcb5-2f94-4a71-bfd5-2af6b07cebb9\"} -->\n<div class=\"wp-block-column\" style=\"flex-basis:25%\"><\/div>\n<!-- \/wp:column --><\/div>\n<!-- \/wp:columns -->\n\n<!-- wp:columns {\"beyondwordsMarker\":\"cb1f93ac-04ed-44e7-96a1-389d4dbf43e2\"} -->\n<div class=\"wp-block-columns\"><!-- wp:column {\"width\":\"30%\",\"beyondwordsMarker\":\"6b9356d8-0ee4-4584-9a44-f4f6fde9100e\"} -->\n<div class=\"wp-block-column\" style=\"flex-basis:30%\"><\/div>\n<!-- \/wp:column -->\n\n<!-- wp:column {\"width\":\"80%\",\"beyondwordsMarker\":\"be1f1ee1-4aff-415c-9863-5a73ae0974d7\"} -->\n<div class=\"wp-block-column\" style=\"flex-basis:80%\"><!-- wp:image {\"id\":11679,\"sizeSlug\":\"large\",\"linkDestination\":\"none\",\"beyondwordsMarker\":\"561b512e-5099-445b-b785-5a3e6ee17a5d\"} -->\n<figure class=\"wp-block-image size-large\"><img src=\"https:\/\/www.kosiceregion.com\/wp-content\/uploads\/2023\/11\/DJI_0036-edited.jpg\" alt=\"\" class=\"wp-image-11679\"\/><\/figure>\n<!-- \/wp:image --><\/div>\n<!-- \/wp:column --><\/div>\n<!-- \/wp:columns -->\n\n<!-- wp:columns {\"beyondwordsMarker\":\"85bb051d-b17f-4859-a65c-b6432e73d881\"} -->\n<div class=\"wp-block-columns\"><!-- wp:column {\"width\":\"30%\",\"beyondwordsMarker\":\"19f3ad78-f7e5-4864-9de1-09c550c0b9ab\"} -->\n<div class=\"wp-block-column\" style=\"flex-basis:30%\"><!-- wp:paragraph {\"beyondwordsMarker\":\"0c408d5b-a8cb-4293-87e6-ed6dcd928e79\"} -->\n<p><\/p>\n<!-- \/wp:paragraph --><\/div>\n<!-- \/wp:column -->\n\n<!-- wp:column {\"width\":\"80%\",\"beyondwordsMarker\":\"4b7a4d3a-0019-4b54-986f-e41ab4d713aa\"} -->\n<div class=\"wp-block-column\" style=\"flex-basis:80%\"><!-- wp:paragraph {\"beyondwordsMarker\":\"6fa9735f-ff88-4702-9f1e-19af923032cc\"} -->\n<p>Z wie\u017cy roztacza si\u0119 panorama Kotliny Koszyckiej, Doliny Hornadu i miasta Koszyce wraz z okolicznymi pasmami g\u00f3rskimi (\u010cierna hora, G\u00f3ry Wo\u0142owskie i G\u00f3ry Sla\u0144skie). Znajduj\u0105 si\u0119 tu tak\u017ce tablice informacyjne z opisami, dzi\u0119ki kt\u00f3rym dok\u0142adnie wiadomo, co widzimy na horyzoncie. Wie\u017ca widokowa jest atrakcyjnie o\u015bwietlona noc\u0105.<\/p>\n<!-- \/wp:paragraph --><\/div>\n<!-- \/wp:column --><\/div>\n<!-- \/wp:columns -->\n\n<!-- wp:columns {\"beyondwordsMarker\":\"781902fe-1845-49dd-b66b-a0383bfce366\"} -->\n<div class=\"wp-block-columns\"><!-- wp:column {\"width\":\"30%\",\"beyondwordsMarker\":\"e1ea238e-d034-40c7-b70c-e9e0262a00ce\"} -->\n<div class=\"wp-block-column\" style=\"flex-basis:30%\"><!-- wp:paragraph {\"beyondwordsMarker\":\"1a352f9d-a366-4ae7-9d9c-93dbb1538da6\"} -->\n<p><\/p>\n<!-- \/wp:paragraph --><\/div>\n<!-- \/wp:column -->\n\n<!-- wp:column {\"width\":\"80%\",\"beyondwordsMarker\":\"db876064-f0f1-4ff4-8f6f-46be4d54670f\"} -->\n<div class=\"wp-block-column\" style=\"flex-basis:80%\"><!-- wp:paragraph {\"beyondwordsMarker\":\"01444612-fde6-4cbf-85c2-b1b048599ef4\"} -->\n<p>W pobli\u017cu znajduj\u0105 si\u0119 ruiny zamku koszyckiego, gdzie zbudowano scen\u0119, amfiteatr i centrum informacyjne. W okolicy mo\u017cna grillowa\u0107 lub przespacerowa\u0107 si\u0119 po \u015bcie\u017cce dydaktycznej.<\/p>\n<!-- \/wp:paragraph --><\/div>\n<!-- \/wp:column --><\/div>\n<!-- \/wp:columns -->\n\n<!-- wp:columns {\"beyondwordsMarker\":\"69dffd6f-8fb2-4058-8f3a-74c5cc0cfd43\"} -->\n<div class=\"wp-block-columns\"><!-- wp:column {\"width\":\"85%\",\"beyondwordsMarker\":\"65c7a729-d34d-48f3-8e50-e28f9c217d65\"} -->\n<div class=\"wp-block-column\" style=\"flex-basis:85%\"><!-- wp:image {\"id\":11681,\"sizeSlug\":\"large\",\"linkDestination\":\"none\",\"beyondwordsMarker\":\"3ca8ab82-31fd-45c3-b18d-3873e9d1348d\"} -->\n<figure class=\"wp-block-image size-large\"><img src=\"https:\/\/www.kosiceregion.com\/wp-content\/uploads\/2023\/11\/KP_0003-1-edited.jpg\" alt=\"\" class=\"wp-image-11681\"\/><\/figure>\n<!-- \/wp:image --><\/div>\n<!-- \/wp:column -->\n\n<!-- wp:column {\"width\":\"25%\",\"beyondwordsMarker\":\"0c6a0c09-b7f7-4803-b4ac-15ba550fc35b\"} -->\n<div class=\"wp-block-column\" style=\"flex-basis:25%\"><\/div>\n<!-- \/wp:column --><\/div>\n<!-- \/wp:columns -->\n\n<!-- wp:heading {\"level\":3,\"beyondwordsMarker\":\"e2858650-bbcd-44e3-b1ab-d0b4ad59b96c\"} -->\n<h3 class=\"wp-block-heading\"><strong>Wie\u017ca widokowa \u010cere\u0161enka<\/strong><\/h3>\n<!-- \/wp:heading -->\n\n<!-- wp:columns {\"beyondwordsMarker\":\"041cef93-3d6d-454e-a95f-7c7ca830bbfe\"} -->\n<div class=\"wp-block-columns\"><!-- wp:column {\"width\":\"80%\",\"beyondwordsMarker\":\"092eb70b-d5a5-48a2-ae5b-7f8ce1042897\"} -->\n<div class=\"wp-block-column\" style=\"flex-basis:80%\"><!-- wp:paragraph {\"beyondwordsMarker\":\"0d7f49ee-166b-4457-b52e-b3426cb4b7f5\"} -->\n<p>Z okazji 700. rocznicy bitwy pod Rozhanovcami (znanej te\u017c jako bitwa pod Rozgoniem), kt\u00f3ra mia\u0142a miejsce 15 czerwca 1312 roku, wie\u017ca widokowa \u010cere\u0161enka doczeka\u0142a si\u0119 remontu. Na pierwszy rzut oka mo\u017cna dostrzec uderzaj\u0105ce podobie\u0144stwo do XIV-wiecznych budowli.Z okazji 700. rocznicy bitwy pod Rozhanovcami (znanej te\u017c jako bitwa pod Rozgoniem), kt\u00f3ra mia\u0142a miejsce 15 czerwca 1312 roku, wie\u017ca widokowa \u010cere\u0161enka doczeka\u0142a si\u0119 remontu. Na pierwszy rzut oka mo\u017cna dostrzec uderzaj\u0105ce podobie\u0144stwo do XIV-wiecznych budowli.<\/p>\n<!-- \/wp:paragraph --><\/div>\n<!-- \/wp:column -->\n\n<!-- wp:column {\"width\":\"25%\",\"beyondwordsMarker\":\"29d2feca-93a0-414b-a4c7-b96ef7eeba79\"} -->\n<div class=\"wp-block-column\" style=\"flex-basis:25%\"><\/div>\n<!-- \/wp:column --><\/div>\n<!-- \/wp:columns -->\n\n<!-- wp:columns {\"beyondwordsMarker\":\"9e9a312a-dab0-48e6-8ca7-3ad7f5008a73\"} -->\n<div class=\"wp-block-columns\"><!-- wp:column {\"width\":\"30%\",\"beyondwordsMarker\":\"9a678112-e9ee-4e14-a4c5-773024afc77f\"} -->\n<div class=\"wp-block-column\" style=\"flex-basis:30%\"><!-- wp:image {\"beyondwordsMarker\":\"c452ec13-b7ef-4cc3-a0a3-cc2bb7167512\"} -->\n<figure class=\"wp-block-image\"><img alt=\"\"\/><\/figure>\n<!-- \/wp:image --><\/div>\n<!-- \/wp:column -->\n\n<!-- wp:column {\"width\":\"80%\",\"beyondwordsMarker\":\"8bc2bad8-6766-44ea-bdb0-197a8534aa87\"} -->\n<div class=\"wp-block-column\" style=\"flex-basis:80%\"><!-- wp:image {\"id\":11682,\"sizeSlug\":\"large\",\"linkDestination\":\"none\",\"beyondwordsMarker\":\"82558bed-276e-435e-bf25-0c69dc97e290\"} -->\n<figure class=\"wp-block-image size-large\"><img src=\"https:\/\/www.kosiceregion.com\/wp-content\/uploads\/2023\/11\/KP_0004-1-edited-1024x576.jpg\" alt=\"\" class=\"wp-image-11682\"\/><\/figure>\n<!-- \/wp:image --><\/div>\n<!-- \/wp:column --><\/div>\n<!-- \/wp:columns -->\n\n<!-- wp:columns {\"beyondwordsMarker\":\"c1483577-2863-447d-850c-078e4b91cc17\"} -->\n<div class=\"wp-block-columns\"><!-- wp:column {\"width\":\"30%\",\"beyondwordsMarker\":\"4ab1415a-6fc3-4ba0-8654-92f5200c9b4f\"} -->\n<div class=\"wp-block-column\" style=\"flex-basis:30%\"><!-- wp:paragraph {\"beyondwordsMarker\":\"0b0f6ee1-5ef1-411d-a428-f628e21dc25f\"} -->\n<p><\/p>\n<!-- \/wp:paragraph --><\/div>\n<!-- \/wp:column -->\n\n<!-- wp:column {\"width\":\"80%\",\"beyondwordsMarker\":\"a3d62b2e-df67-4c94-bcfc-252d39c803e8\"} -->\n<div class=\"wp-block-column\" style=\"flex-basis:80%\"><!-- wp:paragraph {\"beyondwordsMarker\":\"374f83cf-2a0c-4b54-8366-e480bb926c49\"} -->\n<p>Jej kszta\u0142t przywodzi na my\u015bl \u015bredniowieczn\u0105 wie\u017c\u0119 stra\u017cnicz\u0105, a boczne otwory w kszta\u0142cie krzy\u017ca sugeruj\u0105, \u017ce stoi ona w miejscu, gdzie zgin\u0119\u0142y tysi\u0105ce istnie\u0144 ludzkich. Widoki mo\u017cna ogl\u0105da\u0107 przez okna klatki schodowej, z drugiej kondygnacji przez ramiona krzy\u017ca, a tak\u017ce ze szczytu wie\u017cy. Tablice informacyjne znajduj\u0105 si\u0119 na \u201epoddaszu\u201d.<\/p>\n<!-- \/wp:paragraph --><\/div>\n<!-- \/wp:column --><\/div>\n<!-- \/wp:columns -->\n\n<!-- wp:columns {\"beyondwordsMarker\":\"3665d5e4-70e2-438d-aedf-fa0be5854ca7\"} -->\n<div class=\"wp-block-columns\"><!-- wp:column {\"width\":\"30%\",\"beyondwordsMarker\":\"114fc580-742e-48d4-8a2c-ba1f9f8a0fde\"} -->\n<div class=\"wp-block-column\" style=\"flex-basis:30%\"><!-- wp:paragraph {\"beyondwordsMarker\":\"b6d44783-c9dd-44a8-9138-13a68f6574a3\"} -->\n<p><\/p>\n<!-- \/wp:paragraph --><\/div>\n<!-- \/wp:column -->\n\n<!-- wp:column {\"width\":\"80%\",\"beyondwordsMarker\":\"7a48efc6-c7ad-4c52-b096-3f7d3b9467cb\"} -->\n<div class=\"wp-block-column\" style=\"flex-basis:80%\"><!-- wp:paragraph {\"beyondwordsMarker\":\"42ac6e3d-4a40-4ada-a1ef-8a7c895b30d4\"} -->\n<p>Sk\u0105d taka nazwa? Zar\u00f3wno wie\u017ca, jak i jej pomys\u0142odawca, czyli stowarzyszenie OZ \u010cere\u0161enka, zaczerpn\u0119li sw\u0105 nazw\u0119 od drzewa czere\u015bni g\u00f3ruj\u0105cego nad wsi\u0105, kt\u00f3re wyznacza granic\u0119 mi\u0119dzy wsiami Rozhanovce, Chrastn\u00e9 i \u010ci\u017eatice, a w przesz\u0142o\u015bci historyczn\u0105 granic\u0119 mi\u0119dzy dawnymi \u017cupami Abov i Szarysz. Wspomniana bitwa pod Rozhanovcami zadecydowa\u0142a nie tylko o losach kr\u00f3lewskiego miasta Koszyce, lecz r\u00f3wnie\u017c o losach Kr\u00f3lestwa W\u0119gier.<\/p>\n<!-- \/wp:paragraph --><\/div>\n<!-- \/wp:column --><\/div>\n<!-- \/wp:columns -->\n\n<!-- wp:columns {\"beyondwordsMarker\":\"41f01dd8-733f-40f9-a8cc-80d0ae4be171\"} -->\n<div class=\"wp-block-columns\"><!-- wp:column {\"width\":\"80%\",\"beyondwordsMarker\":\"7f935084-8fdb-4858-8a7d-411fd5c4b01c\"} -->\n<div class=\"wp-block-column\" style=\"flex-basis:80%\"><!-- wp:image {\"id\":11667,\"sizeSlug\":\"large\",\"linkDestination\":\"none\",\"beyondwordsMarker\":\"17978846-af6c-4d1a-a2f8-98965ba3b4a7\"} -->\n<figure class=\"wp-block-image size-large\"><img src=\"https:\/\/www.kosiceregion.com\/wp-content\/uploads\/2023\/11\/3-1024x768.jpeg\" alt=\"\" class=\"wp-image-11667\"\/><\/figure>\n<!-- \/wp:image --><\/div>\n<!-- \/wp:column -->\n\n<!-- wp:column {\"width\":\"25%\",\"beyondwordsMarker\":\"70130a05-4d2f-436d-9053-35b292d9b56a\"} -->\n<div class=\"wp-block-column\" style=\"flex-basis:25%\"><\/div>\n<!-- \/wp:column --><\/div>\n<!-- \/wp:columns -->\n\n<!-- wp:columns {\"beyondwordsMarker\":\"916f36ba-e85a-4a74-b562-92a0fb7b9168\"} -->\n<div class=\"wp-block-columns\"><!-- wp:column {\"width\":\"80%\",\"beyondwordsMarker\":\"9fe954bc-6d7e-4ab9-994c-8a10b0fdefc9\"} -->\n<div class=\"wp-block-column\" style=\"flex-basis:80%\"><!-- wp:heading {\"beyondwordsMarker\":\"d50b7da1-dc6d-42d2-93cb-d29f6037d06f\"} -->\n<h2 class=\"wp-block-heading\"><strong>Wie\u017ca widokowa Bogn\u00e1r<\/strong><\/h2>\n<!-- \/wp:heading --><\/div>\n<!-- \/wp:column --><\/div>\n<!-- \/wp:columns -->\n\n<!-- wp:columns {\"beyondwordsMarker\":\"b5a15825-31bb-4870-afdd-3042d9c8bb54\"} -->\n<div class=\"wp-block-columns\"><!-- wp:column {\"width\":\"80%\",\"beyondwordsMarker\":\"b1a0f82c-f6bc-4b8c-8456-63618f18809b\"} -->\n<div class=\"wp-block-column\" style=\"flex-basis:80%\"><!-- wp:paragraph {\"beyondwordsMarker\":\"5a9f29aa-5093-4136-b2ce-42ea7aae28a5\"} -->\n<p>Bogn\u00e1r to drewniana, dwukondygnacyjna wie\u017ca widokowa po\u0142o\u017cona na wzg\u00f3rzach, z kt\u00f3rej roztaczaj\u0105 si\u0119 pi\u0119kne widoki na okolic\u0119. Znajduje si\u0119 na wysoko\u015bci 437 m n.p.m. i ma oko\u0142o dziesi\u0119ciu metr\u00f3w wysoko\u015bci. Od wschodu wzrok przyci\u0105gaj\u0105 kolorowe domki, wie\u017cyczki i male\u0144kie samochody p\u0119dz\u0105ce g\u0142\u00f3wn\u0105 ulic\u0105. W tym widoku mo\u017cna dostrzec bogat\u0105 histori\u0119 i zabytki Gelnicy.<\/p>\n<!-- \/wp:paragraph --><\/div>\n<!-- \/wp:column -->\n\n<!-- wp:column {\"width\":\"30%\",\"beyondwordsMarker\":\"a544c3f9-5d27-4ae3-bdcc-692cf15bdbe1\"} -->\n<div class=\"wp-block-column\" style=\"flex-basis:30%\"><\/div>\n<!-- \/wp:column --><\/div>\n<!-- \/wp:columns -->\n\n<!-- wp:columns {\"beyondwordsMarker\":\"1eff9547-3a58-43bf-8151-da6dafab86d4\"} -->\n<div class=\"wp-block-columns\"><!-- wp:column {\"width\":\"30%\",\"beyondwordsMarker\":\"5c9b8b1a-332b-41b6-ac01-1dedb16c2dbc\"} -->\n<div class=\"wp-block-column\" style=\"flex-basis:30%\"><\/div>\n<!-- \/wp:column -->\n\n<!-- wp:column {\"width\":\"80%\",\"beyondwordsMarker\":\"1a86d686-9501-4773-b83a-18e77be0a1dc\"} -->\n<div class=\"wp-block-column\" style=\"flex-basis:80%\"><!-- wp:image {\"id\":11683,\"sizeSlug\":\"large\",\"linkDestination\":\"none\",\"beyondwordsMarker\":\"de72319d-0eb4-445c-9d55-b64405cc6385\"} -->\n<figure class=\"wp-block-image size-large\"><img src=\"https:\/\/www.kosiceregion.com\/wp-content\/uploads\/2023\/11\/5-edited-scaled.jpeg\" alt=\"\" class=\"wp-image-11683\"\/><\/figure>\n<!-- \/wp:image --><\/div>\n<!-- \/wp:column --><\/div>\n<!-- \/wp:columns -->\n\n<!-- wp:columns {\"beyondwordsMarker\":\"3287daa1-8c42-4d23-b15e-37122f753e3a\"} -->\n<div class=\"wp-block-columns\"><!-- wp:column {\"width\":\"30%\",\"beyondwordsMarker\":\"6a0c903d-b627-4bbd-9ea6-3f45a6bda598\"} -->\n<div class=\"wp-block-column\" style=\"flex-basis:30%\"><!-- wp:paragraph {\"beyondwordsMarker\":\"fa4a1fa4-cb4e-4698-87de-40119388853e\"} -->\n<p><\/p>\n<!-- \/wp:paragraph --><\/div>\n<!-- \/wp:column -->\n\n<!-- wp:column {\"width\":\"80%\",\"beyondwordsMarker\":\"4abf22ee-07ad-407f-8dcf-b529adabe6f2\"} -->\n<div class=\"wp-block-column\" style=\"flex-basis:80%\"><!-- wp:paragraph {\"beyondwordsMarker\":\"131bd5b7-1125-4f5c-8575-833627c0c000\"} -->\n<p>W zabudowie dominuje rzymskokatolicki ko\u015bci\u00f3\u0142 pw. Wniebowzi\u0119cia Naj\u015bwi\u0119tszej Maryi Panny, kt\u00f3ry jest wa\u017cnym punktem orientacyjnym historycznego centrum miasta. Odwied\u017a to miejsce i podziwiaj pi\u0119kno okolicy, ch\u0142on\u0105c cisz\u0119 i obcuj\u0105c z przyrod\u0105, a zapomnisz o codziennych troskach.<\/p>\n<!-- \/wp:paragraph -->\n\n<!-- wp:paragraph {\"beyondwordsMarker\":\"9372c337-42de-445d-bb13-0b0537f9784d\"} -->\n<p>Propozycj\u0119 wycieczki do wie\u017cy widokowej Bogn\u00e1r znajdziesz&nbsp;<a href=\"https:\/\/www.kosiceregion.com\/sk\/gelnicke-vyhliadkove-veze\/\">&gt;&gt;TUTAJ<\/a><\/p>\n<!-- \/wp:paragraph --><\/div>\n<!-- \/wp:column --><\/div>\n<!-- \/wp:columns -->\n\n<!-- wp:columns {\"beyondwordsMarker\":\"af2018bd-565d-4d8b-8db5-4874b03fef5e\"} -->\n<div class=\"wp-block-columns\"><!-- wp:column {\"width\":\"80%\",\"beyondwordsMarker\":\"45eac766-adce-4067-beec-f2f19d1057b3\"} -->\n<div class=\"wp-block-column\" style=\"flex-basis:80%\"><!-- wp:gallery {\"ids\":[11663],\"linkTo\":\"none\",\"beyondwordsMarker\":\"2ef7acf4-4af3-443b-9104-d9fb090cfa05\"} -->\n<figure class=\"wp-block-gallery has-nested-images columns-default is-cropped\"><!-- wp:image {\"id\":11663,\"sizeSlug\":\"large\",\"linkDestination\":\"none\",\"beyondwordsMarker\":\"afe06d1a-58f2-4db6-85c2-4082cf756545\"} -->\n<figure class=\"wp-block-image size-large\"><img src=\"https:\/\/www.kosiceregion.com\/wp-content\/uploads\/2023\/11\/KRT-GreenPoint-highres-52-1-1024x681.jpg\" alt=\"\" class=\"wp-image-11663\"\/><\/figure>\n<!-- \/wp:image --><\/figure>\n<!-- \/wp:gallery --><\/div>\n<!-- \/wp:column -->\n\n<!-- wp:column {\"width\":\"30%\",\"beyondwordsMarker\":\"295b2663-8a19-41d3-ac59-74248f4a51d6\"} -->\n<div class=\"wp-block-column\" style=\"flex-basis:30%\"><\/div>\n<!-- \/wp:column --><\/div>\n<!-- \/wp:columns -->\n\n<!-- wp:heading {\"level\":3,\"beyondwordsMarker\":\"e8017d9f-2528-4e21-b075-09dd922e2ff2\"} -->\n<h3 class=\"wp-block-heading\"><strong>Green Point nad wsi\u0105 Kluknava<\/strong><\/h3>\n<!-- \/wp:heading -->\n\n<!-- wp:columns {\"beyondwordsMarker\":\"50b7d18f-6b59-41a1-b365-5af50ba67041\"} -->\n<div class=\"wp-block-columns\"><!-- wp:column {\"width\":\"80%\",\"beyondwordsMarker\":\"7e4b567d-2192-47f6-9885-239a56adbdef\"} -->\n<div class=\"wp-block-column\" style=\"flex-basis:80%\"><!-- wp:paragraph {\"beyondwordsMarker\":\"2305ce73-4f38-4d12-9844-3546985059d6\"} -->\n<p>Nowa 35-metrowa wie\u017ca widokowa nad wsi\u0105 Kluknava wyr\u00f3\u017cnia si\u0119 unikaln\u0105 architektur\u0105, wykorzystuj\u0105c\u0105 nowoczesne rozwi\u0105zania energii odnawialnej, w tym energi\u0119 wiatrow\u0105 i s\u0142oneczn\u0105. Zielona energia s\u0142u\u017cy do zasilania inteligentnych rozwi\u0105za\u0144 i element\u00f3w ekoturystycznych.<\/p>\n<!-- \/wp:paragraph --><\/div>\n<!-- \/wp:column -->\n\n<!-- wp:column {\"width\":\"25%\",\"beyondwordsMarker\":\"b85c4c66-e0e3-4cf8-a233-12c9d65f430d\"} -->\n<div class=\"wp-block-column\" style=\"flex-basis:25%\"><\/div>\n<!-- \/wp:column --><\/div>\n<!-- \/wp:columns -->\n\n<!-- wp:columns {\"beyondwordsMarker\":\"d28c6043-f3a1-4d81-96a4-ba66201847b0\"} -->\n<div class=\"wp-block-columns\"><!-- wp:column {\"width\":\"80%\",\"beyondwordsMarker\":\"718957fd-bbe1-4c3f-b550-f034be21519f\"} -->\n<div class=\"wp-block-column\" style=\"flex-basis:80%\"><!-- wp:paragraph {\"beyondwordsMarker\":\"3227bcb6-c717-4fb8-929f-002677b79d98\"} -->\n<p>Ta innowacyjna technologia, kt\u00f3ra zosta\u0142a zastosowana na S\u0142owacji po raz pierwszy, zapewnia samowystarczalno\u015b\u0107 energetyczn\u0105 wie\u017cy. Energii wystarcza na o\u015bwietlenie oraz bezp\u0142atne \u0142adowanie urz\u0105dze\u0144 mobilnych i rower\u00f3w elektrycznych.<\/p>\n<!-- \/wp:paragraph --><\/div>\n<!-- \/wp:column -->\n\n<!-- wp:column {\"width\":\"25%\",\"beyondwordsMarker\":\"caf16404-cf0c-42e7-a628-12b9dccdb293\"} -->\n<div class=\"wp-block-column\" style=\"flex-basis:25%\"><!-- wp:paragraph {\"beyondwordsMarker\":\"c8002278-e659-41bd-8e5a-87f727819323\"} -->\n<p><\/p>\n<!-- \/wp:paragraph --><\/div>\n<!-- \/wp:column --><\/div>\n<!-- \/wp:columns -->\n\n<!-- wp:columns {\"beyondwordsMarker\":\"d5161cad-eff9-446d-b6d4-b4f91eadeb3e\"} -->\n<div class=\"wp-block-columns\"><!-- wp:column {\"width\":\"30%\",\"beyondwordsMarker\":\"7efa7309-6c28-4b08-8f48-0a3cdc7f9892\"} -->\n<div class=\"wp-block-column\" style=\"flex-basis:30%\"><\/div>\n<!-- \/wp:column -->\n\n<!-- wp:column {\"width\":\"80%\",\"beyondwordsMarker\":\"c6a8083c-833d-4800-9afe-7d7d73588b57\"} -->\n<div class=\"wp-block-column\" style=\"flex-basis:80%\"><!-- wp:image {\"id\":11684,\"sizeSlug\":\"large\",\"linkDestination\":\"none\",\"beyondwordsMarker\":\"cd71e870-6847-44ed-9b45-4d70b0205d81\"} -->\n<figure class=\"wp-block-image size-large\"><img src=\"https:\/\/www.kosiceregion.com\/wp-content\/uploads\/2023\/11\/KRT-GreenPoint-highres-20-1-edited.jpg\" alt=\"\" class=\"wp-image-11684\"\/><\/figure>\n<!-- \/wp:image --><\/div>\n<!-- \/wp:column --><\/div>\n<!-- \/wp:columns -->\n\n<!-- wp:columns {\"beyondwordsMarker\":\"daa2f62b-0254-49bf-b36d-6b28d77e5092\"} -->\n<div class=\"wp-block-columns\"><!-- wp:column {\"width\":\"30%\",\"beyondwordsMarker\":\"78d757fc-a97a-4215-beb5-ad3c7e4e0fcc\"} -->\n<div class=\"wp-block-column\" style=\"flex-basis:30%\"><!-- wp:paragraph {\"beyondwordsMarker\":\"f4642b9c-855f-4b23-9aa1-b4bca9a90193\"} -->\n<p><\/p>\n<!-- \/wp:paragraph --><\/div>\n<!-- \/wp:column -->\n\n<!-- wp:column {\"width\":\"80%\",\"beyondwordsMarker\":\"eea4b61d-8b0a-4796-bfb2-61eb2714f033\"} -->\n<div class=\"wp-block-column\" style=\"flex-basis:80%\"><!-- wp:paragraph {\"beyondwordsMarker\":\"9625540e-74d5-4102-a8f3-ba243d1f258b\"} -->\n<p>Wie\u017ca widokowa <a href=\"https:\/\/www.kosiceregion.com\/sk\/poi\/green-point-rozhladna-kluknava\/\">Green Point<\/a> znajduje si\u0119 w odleg\u0142o\u015bci oko\u0142o 1,5 godziny drogi od wsi Kluknava. Roztacza si\u0119 z niej zachwycaj\u0105cy widok na ca\u0142\u0105 okolic\u0119. Z wie\u017cy mo\u017cna zobaczy\u0107 szczyty Klopta\u0148, Dvorisk\u00e1, S\u013eubica, Krompa\u0161sk\u00fd vrch, Slovinsk\u00e1 skala i Biela skala oraz najwy\u017cszy szczyt, kt\u00f3rym jest Kr\u00e1\u013eova ho\u013ea. Konstrukcja jest wykonana z ocynkowanego \u017celaza. Dach, na kt\u00f3rym znajduj\u0105 si\u0119 turbiny wiatrowe i panele fotowoltaiczne, pokryty jest \u015bwierkiem czerwonym.<\/p>\n<!-- \/wp:paragraph --><\/div>\n<!-- \/wp:column --><\/div>\n<!-- \/wp:columns -->\n\n<!-- wp:columns {\"beyondwordsMarker\":\"a1b934de-6c97-407e-8c35-bbdbed201357\"} -->\n<div class=\"wp-block-columns\"><!-- wp:column {\"width\":\"30%\",\"beyondwordsMarker\":\"576c864a-06a3-4f62-bc48-53cc45589c20\"} -->\n<div class=\"wp-block-column\" style=\"flex-basis:30%\"><!-- wp:paragraph {\"beyondwordsMarker\":\"9223ebc7-3190-4827-835c-99675acbd510\"} -->\n<p><\/p>\n<!-- \/wp:paragraph --><\/div>\n<!-- \/wp:column -->\n\n<!-- wp:column {\"width\":\"80%\",\"beyondwordsMarker\":\"ba5cc1f7-59e4-4ff0-b09f-433828e223e3\"} -->\n<div class=\"wp-block-column\" style=\"flex-basis:80%\"><!-- wp:paragraph {\"beyondwordsMarker\":\"f9e5f656-ab40-4b98-8a71-438f85021938\"} -->\n<p>O\u015bwietlenie dzia\u0142a przez ca\u0142y rok. W\u0142\u0105cza si\u0119 codziennie o zmierzchu, oko\u0142o godziny 16.30. Ponadto wie\u017ca zosta\u0142a wyposa\u017cona w czujnik ruchu, kt\u00f3ry po zmierzchu o\u015bwietla schody prowadz\u0105ce na wie\u017c\u0119 przez pi\u0119\u0107 minut.<\/p>\n<!-- \/wp:paragraph --><\/div>\n<!-- \/wp:column --><\/div>\n<!-- \/wp:columns -->\n\n<!-- wp:image {\"id\":11662,\"sizeSlug\":\"large\",\"linkDestination\":\"none\",\"beyondwordsMarker\":\"0b048ef9-611f-4def-9481-29f18464e986\"} -->\n<figure class=\"wp-block-image size-large\"><img src=\"https:\/\/www.kosiceregion.com\/wp-content\/uploads\/2023\/11\/KRT-GreenPoint-highres-48-1024x681.jpg\" alt=\"\" class=\"wp-image-11662\"\/><\/figure>\n<!-- \/wp:image -->\n\n<!-- wp:tadv\/classic-paragraph {\"beyondwordsMarker\":\"681e6af2-7676-4a2f-8667-6b54bb7042b8\"} -->\n<p>Implemented with the financial support of the Ministry of Tourism and Sports of the Slovak Republic.<\/p>\n<!-- \/wp:tadv\/classic-paragraph -->\n\n<!-- wp:image {\"id\":13833,\"sizeSlug\":\"full\",\"linkDestination\":\"none\",\"beyondwordsMarker\":\"60bb2519-a0dd-4183-8702-487809447e7b\"} -->\n<figure class=\"wp-block-image size-full\"><img src=\"https:\/\/www.kosiceregion.com\/wp-content\/uploads\/2024\/03\/logo_Min-CestovnehoRuchu-a-Sportu_SR_EN_farba_cmyk-1024x410-2.jpg\" alt=\"\" class=\"wp-image-13833\"\/><\/figure>\n<!-- \/wp:image -->\n\n<!-- wp:tadv\/classic-paragraph {\"beyondwordsMarker\":\"88fda15e-c753-435b-acb6-7d410107c342\"} \/-->\n\n<!-- wp:tadv\/classic-paragraph {\"beyondwordsMarker\":\"137d478d-4a68-415e-b436-99b43da7fc4c\"} \/-->\n\n<!-- wp:tadv\/classic-paragraph {\"beyondwordsMarker\":\"8d6f233a-75a1-4033-bfff-18befb16c001\"} \/-->","_pl_post_name":"wez-lornetke-i-spojrz-w-dal-oto-piec-niesamowitych-wiez-widokowych-polozonych-na-skraju-swiata","_pl_post_excerpt":"","_pl_post_title":"We\u017a lornetk\u0119 i sp\u00f3jrz w dal - oto pi\u0119\u0107 niesamowitych wie\u017c widokowych po\u0142o\u017conych na Skraju \u015awiata","_it_post_content":"","_it_post_name":"","_it_post_excerpt":"","_it_post_title":"","edit_language":"en","footnotes":""},"categories":[22,353,17],"tags":[],"class_list":["post-11659","post","type-post","status-publish","format-standard","has-post-thumbnail","hentry","category-get-inspired","category-nepoznane-miesta","category-top"],"acf":[],"yoast_head":"<!-- This site is optimized with the Yoast SEO Premium plugin v25.5 (Yoast SEO v27.4) - https:\/\/yoast.com\/product\/yoast-seo-premium-wordpress\/ -->\n<title>Ko\u0161ice Regi\u00f3n<\/title>\n<meta name=\"description\" content=\"Cesty do dia\u013eok \u010di \u010falek\u00e9 cesty nemusia v\u017edy znamena\u0165 \u010falek\u00e9 vzdialenosti. Pr\u00edroda n\u00e1s dopuje nielen relaxom a&nbsp;novou \u017eivotnou energiou, ale sprostredk\u00fava n\u00e1m aj mo\u017enos\u0165 nazerania na veci inak. S&nbsp;nadh\u013eadom. S&nbsp;o\u010dami\u2026\" \/>\n<meta name=\"robots\" content=\"index, follow, max-snippet:-1, max-image-preview:large, max-video-preview:-1\" \/>\n<link rel=\"canonical\" href=\"https:\/\/www.kosiceregion.com\/sk\/vezmi-si-dalekohlad-a-zahlad-sa-do-dialok-5-netradicnych-vyhliadkovych-vezi-na-kraji-sveta\/\" \/>\n<meta property=\"og:locale\" content=\"en_GB\" \/>\n<meta property=\"og:type\" content=\"article\" \/>\n<meta property=\"og:title\" content=\"5 netradi\u010dn\u00fdch vyhliadkov\u00fdch ve\u017e\u00ed na Kraji sveta - Ko\u0161ice Regi\u00f3n\" \/>\n<meta property=\"og:description\" content=\"Vezmi si \u010falekoh\u013ead a\u00a0zah\u013ea\u010f sa do dia\u013eok. Pripravili sme ti skvel\u00e9 tipy na v\u00fdlet za dokonal\u00fdmi v\u00fdh\u013eadmi. Vyhliadkov\u00e9 ve\u017ee v Ko\u0161ickom kraji..\" \/>\n<meta property=\"og:url\" content=\"https:\/\/www.kosiceregion.com\/en\/wp-json\/wp\/v2\/posts\/11659\" \/>\n<meta property=\"og:site_name\" content=\"Ko\u0161ice Regi\u00f3n\" \/>\n<meta property=\"article:publisher\" content=\"https:\/\/www.facebook.com\/kosiceregion\" \/>\n<meta property=\"article:published_time\" content=\"2023-11-22T15:19:27+00:00\" \/>\n<meta property=\"article:modified_time\" content=\"2025-01-10T10:07:55+00:00\" \/>\n<meta property=\"og:image\" content=\"https:\/\/www.kosiceregion.com\/wp-content\/uploads\/2023\/11\/Dizajn-bez-nazvu-58.jpg\" \/>\n\t<meta property=\"og:image:width\" content=\"1200\" \/>\n\t<meta property=\"og:image:height\" content=\"628\" \/>\n\t<meta property=\"og:image:type\" content=\"image\/jpeg\" \/>\n<meta name=\"author\" content=\"Paula Buliakov\u00e1 Tegelhof\" \/>\n<meta name=\"twitter:card\" content=\"summary_large_image\" \/>\n<meta name=\"twitter:title\" content=\"Vezmi si \u010falekoh\u013ead a\u00a0zah\u013ea\u010f sa do dia\u013eok - 5 netradi\u010dn\u00fdch vyhliadkov\u00fdch ve\u017e\u00ed na Kraji sveta\" \/>\n<meta name=\"twitter:creator\" content=\"@KOSICEREGION\" \/>\n<meta name=\"twitter:site\" content=\"@KOSICEREGION\" \/>\n<meta name=\"twitter:label1\" content=\"Written by\" \/>\n\t<meta name=\"twitter:data1\" content=\"Paula Buliakov\u00e1 Tegelhof\" \/>\n\t<meta name=\"twitter:label2\" content=\"Estimated reading time\" \/>\n\t<meta name=\"twitter:data2\" content=\"8 minutes\" \/>\n<script type=\"application\/ld+json\" class=\"yoast-schema-graph\">{\"@context\":\"https:\\\/\\\/schema.org\",\"@graph\":[{\"@type\":\"Article\",\"@id\":\"https:\\\/\\\/www.kosiceregion.com\\\/sk\\\/vezmi-si-dalekohlad-a-zahlad-sa-do-dialok-5-netradicnych-vyhliadkovych-vezi-na-kraji-sveta\\\/#article\",\"isPartOf\":{\"@id\":\"https:\\\/\\\/www.kosiceregion.com\\\/sk\\\/vezmi-si-dalekohlad-a-zahlad-sa-do-dialok-5-netradicnych-vyhliadkovych-vezi-na-kraji-sveta\\\/\"},\"author\":{\"name\":\"Paula Buliakov\u00e1 Tegelhof\",\"@id\":\"https:\\\/\\\/www.kosiceregion.com\\\/#\\\/schema\\\/person\\\/f58f7c5f26e77a35dc3bf96d432dbd05\"},\"headline\":\"Vezmi si \u010falekoh\u013ead a\u00a0zah\u013ea\u010f sa do dia\u013eok &#8211; 5 netradi\u010dn\u00fdch vyhliadkov\u00fdch ve\u017e\u00ed na Kraji sveta\",\"datePublished\":\"2023-11-22T15:19:27+00:00\",\"dateModified\":\"2025-01-10T10:07:55+00:00\",\"mainEntityOfPage\":{\"@id\":\"https:\\\/\\\/www.kosiceregion.com\\\/sk\\\/vezmi-si-dalekohlad-a-zahlad-sa-do-dialok-5-netradicnych-vyhliadkovych-vezi-na-kraji-sveta\\\/\"},\"wordCount\":1241,\"publisher\":{\"@id\":\"https:\\\/\\\/www.kosiceregion.com\\\/#organization\"},\"image\":{\"@id\":\"https:\\\/\\\/www.kosiceregion.com\\\/sk\\\/vezmi-si-dalekohlad-a-zahlad-sa-do-dialok-5-netradicnych-vyhliadkovych-vezi-na-kraji-sveta\\\/#primaryimage\"},\"thumbnailUrl\":\"https:\\\/\\\/www.kosiceregion.com\\\/wp-content\\\/uploads\\\/2023\\\/11\\\/RozhladnaTokaj_full_kiki_005-1.jpg\",\"articleSection\":[\"In\u0161piruj sa\",\"Nepoznan\u00e9 miesta\",\"Top\"],\"inLanguage\":\"en-GB\"},{\"@type\":\"WebPage\",\"@id\":\"https:\\\/\\\/www.kosiceregion.com\\\/sk\\\/vezmi-si-dalekohlad-a-zahlad-sa-do-dialok-5-netradicnych-vyhliadkovych-vezi-na-kraji-sveta\\\/\",\"url\":\"https:\\\/\\\/www.kosiceregion.com\\\/sk\\\/vezmi-si-dalekohlad-a-zahlad-sa-do-dialok-5-netradicnych-vyhliadkovych-vezi-na-kraji-sveta\\\/\",\"name\":\"5 netradi\u010dn\u00fdch vyhliadkov\u00fdch ve\u017e\u00ed na Kraji sveta - Ko\u0161ice Regi\u00f3n\",\"isPartOf\":{\"@id\":\"https:\\\/\\\/www.kosiceregion.com\\\/#website\"},\"primaryImageOfPage\":{\"@id\":\"https:\\\/\\\/www.kosiceregion.com\\\/sk\\\/vezmi-si-dalekohlad-a-zahlad-sa-do-dialok-5-netradicnych-vyhliadkovych-vezi-na-kraji-sveta\\\/#primaryimage\"},\"image\":{\"@id\":\"https:\\\/\\\/www.kosiceregion.com\\\/sk\\\/vezmi-si-dalekohlad-a-zahlad-sa-do-dialok-5-netradicnych-vyhliadkovych-vezi-na-kraji-sveta\\\/#primaryimage\"},\"thumbnailUrl\":\"https:\\\/\\\/www.kosiceregion.com\\\/wp-content\\\/uploads\\\/2023\\\/11\\\/RozhladnaTokaj_full_kiki_005-1.jpg\",\"datePublished\":\"2023-11-22T15:19:27+00:00\",\"dateModified\":\"2025-01-10T10:07:55+00:00\",\"description\":\"Vezmi si \u010falekoh\u013ead a\u00a0zah\u013ea\u010f sa do dia\u013eok. Pripravili sme ti skvel\u00e9 tipy na v\u00fdlet za dokonal\u00fdmi v\u00fdh\u013eadmi. Vyhliadkov\u00e9 ve\u017ee v Ko\u0161ickom kraji..\",\"breadcrumb\":{\"@id\":\"https:\\\/\\\/www.kosiceregion.com\\\/sk\\\/vezmi-si-dalekohlad-a-zahlad-sa-do-dialok-5-netradicnych-vyhliadkovych-vezi-na-kraji-sveta\\\/#breadcrumb\"},\"inLanguage\":\"en-GB\",\"potentialAction\":[{\"@type\":\"ReadAction\",\"target\":[\"https:\\\/\\\/www.kosiceregion.com\\\/sk\\\/vezmi-si-dalekohlad-a-zahlad-sa-do-dialok-5-netradicnych-vyhliadkovych-vezi-na-kraji-sveta\\\/\"]}]},{\"@type\":\"ImageObject\",\"inLanguage\":\"en-GB\",\"@id\":\"https:\\\/\\\/www.kosiceregion.com\\\/sk\\\/vezmi-si-dalekohlad-a-zahlad-sa-do-dialok-5-netradicnych-vyhliadkovych-vezi-na-kraji-sveta\\\/#primaryimage\",\"url\":\"https:\\\/\\\/www.kosiceregion.com\\\/wp-content\\\/uploads\\\/2023\\\/11\\\/RozhladnaTokaj_full_kiki_005-1.jpg\",\"contentUrl\":\"https:\\\/\\\/www.kosiceregion.com\\\/wp-content\\\/uploads\\\/2023\\\/11\\\/RozhladnaTokaj_full_kiki_005-1.jpg\",\"width\":1200,\"height\":800},{\"@type\":\"BreadcrumbList\",\"@id\":\"https:\\\/\\\/www.kosiceregion.com\\\/sk\\\/vezmi-si-dalekohlad-a-zahlad-sa-do-dialok-5-netradicnych-vyhliadkovych-vezi-na-kraji-sveta\\\/#breadcrumb\",\"itemListElement\":[{\"@type\":\"ListItem\",\"position\":1,\"name\":\"Home\",\"item\":\"https:\\\/\\\/www.kosiceregion.com\\\/sk\\\/\"},{\"@type\":\"ListItem\",\"position\":2,\"name\":\"Vezmi si \u010falekoh\u013ead a\u00a0zah\u013ea\u010f sa do dia\u013eok &#8211; 5 netradi\u010dn\u00fdch vyhliadkov\u00fdch ve\u017e\u00ed na Kraji sveta\"}]},{\"@type\":\"WebSite\",\"@id\":\"https:\\\/\\\/www.kosiceregion.com\\\/#website\",\"url\":\"https:\\\/\\\/www.kosiceregion.com\\\/\",\"name\":\"Ko\u0161ice Regi\u00f3n\",\"description\":\"Turistick\u00fd sprievodca Ko\u0161ick\u00fdm krajom\",\"publisher\":{\"@id\":\"https:\\\/\\\/www.kosiceregion.com\\\/#organization\"},\"potentialAction\":[{\"@type\":\"SearchAction\",\"target\":{\"@type\":\"EntryPoint\",\"urlTemplate\":\"https:\\\/\\\/www.kosiceregion.com\\\/?s={search_term_string}\"},\"query-input\":{\"@type\":\"PropertyValueSpecification\",\"valueRequired\":true,\"valueName\":\"search_term_string\"}}],\"inLanguage\":\"en-GB\"},{\"@type\":\"Organization\",\"@id\":\"https:\\\/\\\/www.kosiceregion.com\\\/#organization\",\"name\":\"Ko\u0161ice Regi\u00f3n Turizmus\",\"url\":\"https:\\\/\\\/www.kosiceregion.com\\\/\",\"logo\":{\"@type\":\"ImageObject\",\"inLanguage\":\"en-GB\",\"@id\":\"https:\\\/\\\/www.kosiceregion.com\\\/#\\\/schema\\\/logo\\\/image\\\/\",\"url\":\"https:\\\/\\\/www.kosiceregion.com\\\/wp-content\\\/uploads\\\/2019\\\/03\\\/logo-web-sk.png\",\"contentUrl\":\"https:\\\/\\\/www.kosiceregion.com\\\/wp-content\\\/uploads\\\/2019\\\/03\\\/logo-web-sk.png\",\"width\":225,\"height\":100,\"caption\":\"Ko\u0161ice Regi\u00f3n Turizmus\"},\"image\":{\"@id\":\"https:\\\/\\\/www.kosiceregion.com\\\/#\\\/schema\\\/logo\\\/image\\\/\"},\"sameAs\":[\"https:\\\/\\\/www.facebook.com\\\/kosiceregion\",\"https:\\\/\\\/x.com\\\/KOSICEREGION\",\"https:\\\/\\\/www.instagram.com\\\/kosiceregion\",\"https:\\\/\\\/www.youtube.com\\\/kosiceregion\"]},{\"@type\":\"Person\",\"@id\":\"https:\\\/\\\/www.kosiceregion.com\\\/#\\\/schema\\\/person\\\/f58f7c5f26e77a35dc3bf96d432dbd05\",\"name\":\"Paula Buliakov\u00e1 Tegelhof\",\"image\":{\"@type\":\"ImageObject\",\"inLanguage\":\"en-GB\",\"@id\":\"https:\\\/\\\/secure.gravatar.com\\\/avatar\\\/efa6a57b2e4fd9b6fdaf15acbda66a000ef0b3e50800a76a64602b268b90db7f?s=96&d=mm&r=g\",\"url\":\"https:\\\/\\\/secure.gravatar.com\\\/avatar\\\/efa6a57b2e4fd9b6fdaf15acbda66a000ef0b3e50800a76a64602b268b90db7f?s=96&d=mm&r=g\",\"contentUrl\":\"https:\\\/\\\/secure.gravatar.com\\\/avatar\\\/efa6a57b2e4fd9b6fdaf15acbda66a000ef0b3e50800a76a64602b268b90db7f?s=96&d=mm&r=g\",\"caption\":\"Paula Buliakov\u00e1 Tegelhof\"}}]}<\/script>\n<!-- \/ Yoast SEO Premium plugin. -->","yoast_head_json":{"title":"Ko\u0161ice Regi\u00f3n","description":"Cesty do dia\u013eok \u010di \u010falek\u00e9 cesty nemusia v\u017edy znamena\u0165 \u010falek\u00e9 vzdialenosti. Pr\u00edroda n\u00e1s dopuje nielen relaxom a&nbsp;novou \u017eivotnou energiou, ale sprostredk\u00fava n\u00e1m aj mo\u017enos\u0165 nazerania na veci inak. S&nbsp;nadh\u013eadom. S&nbsp;o\u010dami\u2026","robots":{"index":"index","follow":"follow","max-snippet":"max-snippet:-1","max-image-preview":"max-image-preview:large","max-video-preview":"max-video-preview:-1"},"canonical":"https:\/\/www.kosiceregion.com\/sk\/vezmi-si-dalekohlad-a-zahlad-sa-do-dialok-5-netradicnych-vyhliadkovych-vezi-na-kraji-sveta\/","og_locale":"en_GB","og_type":"article","og_title":"5 netradi\u010dn\u00fdch vyhliadkov\u00fdch ve\u017e\u00ed na Kraji sveta - Ko\u0161ice Regi\u00f3n","og_description":"Vezmi si \u010falekoh\u013ead a\u00a0zah\u013ea\u010f sa do dia\u013eok. Pripravili sme ti skvel\u00e9 tipy na v\u00fdlet za dokonal\u00fdmi v\u00fdh\u013eadmi. Vyhliadkov\u00e9 ve\u017ee v Ko\u0161ickom kraji..","og_url":"https:\/\/www.kosiceregion.com\/en\/wp-json\/wp\/v2\/posts\/11659","og_site_name":"Ko\u0161ice Regi\u00f3n","article_publisher":"https:\/\/www.facebook.com\/kosiceregion","article_published_time":"2023-11-22T15:19:27+00:00","article_modified_time":"2025-01-10T10:07:55+00:00","og_image":[{"width":1200,"height":628,"url":"https:\/\/www.kosiceregion.com\/wp-content\/uploads\/2023\/11\/Dizajn-bez-nazvu-58.jpg","type":"image\/jpeg"}],"author":"Paula Buliakov\u00e1 Tegelhof","twitter_card":"summary_large_image","twitter_title":"Vezmi si \u010falekoh\u013ead a\u00a0zah\u013ea\u010f sa do dia\u013eok - 5 netradi\u010dn\u00fdch vyhliadkov\u00fdch ve\u017e\u00ed na Kraji sveta","twitter_creator":"@KOSICEREGION","twitter_site":"@KOSICEREGION","twitter_misc":{"Written by":"Paula Buliakov\u00e1 Tegelhof","Estimated reading time":"8 minutes"},"schema":{"@context":"https:\/\/schema.org","@graph":[{"@type":"Article","@id":"https:\/\/www.kosiceregion.com\/sk\/vezmi-si-dalekohlad-a-zahlad-sa-do-dialok-5-netradicnych-vyhliadkovych-vezi-na-kraji-sveta\/#article","isPartOf":{"@id":"https:\/\/www.kosiceregion.com\/sk\/vezmi-si-dalekohlad-a-zahlad-sa-do-dialok-5-netradicnych-vyhliadkovych-vezi-na-kraji-sveta\/"},"author":{"name":"Paula Buliakov\u00e1 Tegelhof","@id":"https:\/\/www.kosiceregion.com\/#\/schema\/person\/f58f7c5f26e77a35dc3bf96d432dbd05"},"headline":"Vezmi si \u010falekoh\u013ead a\u00a0zah\u013ea\u010f sa do dia\u013eok &#8211; 5 netradi\u010dn\u00fdch vyhliadkov\u00fdch ve\u017e\u00ed na Kraji sveta","datePublished":"2023-11-22T15:19:27+00:00","dateModified":"2025-01-10T10:07:55+00:00","mainEntityOfPage":{"@id":"https:\/\/www.kosiceregion.com\/sk\/vezmi-si-dalekohlad-a-zahlad-sa-do-dialok-5-netradicnych-vyhliadkovych-vezi-na-kraji-sveta\/"},"wordCount":1241,"publisher":{"@id":"https:\/\/www.kosiceregion.com\/#organization"},"image":{"@id":"https:\/\/www.kosiceregion.com\/sk\/vezmi-si-dalekohlad-a-zahlad-sa-do-dialok-5-netradicnych-vyhliadkovych-vezi-na-kraji-sveta\/#primaryimage"},"thumbnailUrl":"https:\/\/www.kosiceregion.com\/wp-content\/uploads\/2023\/11\/RozhladnaTokaj_full_kiki_005-1.jpg","articleSection":["In\u0161piruj sa","Nepoznan\u00e9 miesta","Top"],"inLanguage":"en-GB"},{"@type":"WebPage","@id":"https:\/\/www.kosiceregion.com\/sk\/vezmi-si-dalekohlad-a-zahlad-sa-do-dialok-5-netradicnych-vyhliadkovych-vezi-na-kraji-sveta\/","url":"https:\/\/www.kosiceregion.com\/sk\/vezmi-si-dalekohlad-a-zahlad-sa-do-dialok-5-netradicnych-vyhliadkovych-vezi-na-kraji-sveta\/","name":"5 netradi\u010dn\u00fdch vyhliadkov\u00fdch ve\u017e\u00ed na Kraji sveta - Ko\u0161ice Regi\u00f3n","isPartOf":{"@id":"https:\/\/www.kosiceregion.com\/#website"},"primaryImageOfPage":{"@id":"https:\/\/www.kosiceregion.com\/sk\/vezmi-si-dalekohlad-a-zahlad-sa-do-dialok-5-netradicnych-vyhliadkovych-vezi-na-kraji-sveta\/#primaryimage"},"image":{"@id":"https:\/\/www.kosiceregion.com\/sk\/vezmi-si-dalekohlad-a-zahlad-sa-do-dialok-5-netradicnych-vyhliadkovych-vezi-na-kraji-sveta\/#primaryimage"},"thumbnailUrl":"https:\/\/www.kosiceregion.com\/wp-content\/uploads\/2023\/11\/RozhladnaTokaj_full_kiki_005-1.jpg","datePublished":"2023-11-22T15:19:27+00:00","dateModified":"2025-01-10T10:07:55+00:00","description":"Vezmi si \u010falekoh\u013ead a\u00a0zah\u013ea\u010f sa do dia\u013eok. Pripravili sme ti skvel\u00e9 tipy na v\u00fdlet za dokonal\u00fdmi v\u00fdh\u013eadmi. Vyhliadkov\u00e9 ve\u017ee v Ko\u0161ickom kraji..","breadcrumb":{"@id":"https:\/\/www.kosiceregion.com\/sk\/vezmi-si-dalekohlad-a-zahlad-sa-do-dialok-5-netradicnych-vyhliadkovych-vezi-na-kraji-sveta\/#breadcrumb"},"inLanguage":"en-GB","potentialAction":[{"@type":"ReadAction","target":["https:\/\/www.kosiceregion.com\/sk\/vezmi-si-dalekohlad-a-zahlad-sa-do-dialok-5-netradicnych-vyhliadkovych-vezi-na-kraji-sveta\/"]}]},{"@type":"ImageObject","inLanguage":"en-GB","@id":"https:\/\/www.kosiceregion.com\/sk\/vezmi-si-dalekohlad-a-zahlad-sa-do-dialok-5-netradicnych-vyhliadkovych-vezi-na-kraji-sveta\/#primaryimage","url":"https:\/\/www.kosiceregion.com\/wp-content\/uploads\/2023\/11\/RozhladnaTokaj_full_kiki_005-1.jpg","contentUrl":"https:\/\/www.kosiceregion.com\/wp-content\/uploads\/2023\/11\/RozhladnaTokaj_full_kiki_005-1.jpg","width":1200,"height":800},{"@type":"BreadcrumbList","@id":"https:\/\/www.kosiceregion.com\/sk\/vezmi-si-dalekohlad-a-zahlad-sa-do-dialok-5-netradicnych-vyhliadkovych-vezi-na-kraji-sveta\/#breadcrumb","itemListElement":[{"@type":"ListItem","position":1,"name":"Home","item":"https:\/\/www.kosiceregion.com\/sk\/"},{"@type":"ListItem","position":2,"name":"Vezmi si \u010falekoh\u013ead a\u00a0zah\u013ea\u010f sa do dia\u013eok &#8211; 5 netradi\u010dn\u00fdch vyhliadkov\u00fdch ve\u017e\u00ed na Kraji sveta"}]},{"@type":"WebSite","@id":"https:\/\/www.kosiceregion.com\/#website","url":"https:\/\/www.kosiceregion.com\/","name":"Ko\u0161ice Regi\u00f3n","description":"Turistick\u00fd sprievodca Ko\u0161ick\u00fdm krajom","publisher":{"@id":"https:\/\/www.kosiceregion.com\/#organization"},"potentialAction":[{"@type":"SearchAction","target":{"@type":"EntryPoint","urlTemplate":"https:\/\/www.kosiceregion.com\/?s={search_term_string}"},"query-input":{"@type":"PropertyValueSpecification","valueRequired":true,"valueName":"search_term_string"}}],"inLanguage":"en-GB"},{"@type":"Organization","@id":"https:\/\/www.kosiceregion.com\/#organization","name":"Ko\u0161ice Regi\u00f3n Turizmus","url":"https:\/\/www.kosiceregion.com\/","logo":{"@type":"ImageObject","inLanguage":"en-GB","@id":"https:\/\/www.kosiceregion.com\/#\/schema\/logo\/image\/","url":"https:\/\/www.kosiceregion.com\/wp-content\/uploads\/2019\/03\/logo-web-sk.png","contentUrl":"https:\/\/www.kosiceregion.com\/wp-content\/uploads\/2019\/03\/logo-web-sk.png","width":225,"height":100,"caption":"Ko\u0161ice Regi\u00f3n Turizmus"},"image":{"@id":"https:\/\/www.kosiceregion.com\/#\/schema\/logo\/image\/"},"sameAs":["https:\/\/www.facebook.com\/kosiceregion","https:\/\/x.com\/KOSICEREGION","https:\/\/www.instagram.com\/kosiceregion","https:\/\/www.youtube.com\/kosiceregion"]},{"@type":"Person","@id":"https:\/\/www.kosiceregion.com\/#\/schema\/person\/f58f7c5f26e77a35dc3bf96d432dbd05","name":"Paula Buliakov\u00e1 Tegelhof","image":{"@type":"ImageObject","inLanguage":"en-GB","@id":"https:\/\/secure.gravatar.com\/avatar\/efa6a57b2e4fd9b6fdaf15acbda66a000ef0b3e50800a76a64602b268b90db7f?s=96&d=mm&r=g","url":"https:\/\/secure.gravatar.com\/avatar\/efa6a57b2e4fd9b6fdaf15acbda66a000ef0b3e50800a76a64602b268b90db7f?s=96&d=mm&r=g","contentUrl":"https:\/\/secure.gravatar.com\/avatar\/efa6a57b2e4fd9b6fdaf15acbda66a000ef0b3e50800a76a64602b268b90db7f?s=96&d=mm&r=g","caption":"Paula Buliakov\u00e1 Tegelhof"}}]}},"_links":{"self":[{"href":"https:\/\/www.kosiceregion.com\/en\/wp-json\/wp\/v2\/posts\/11659","targetHints":{"allow":["GET"]}}],"collection":[{"href":"https:\/\/www.kosiceregion.com\/en\/wp-json\/wp\/v2\/posts"}],"about":[{"href":"https:\/\/www.kosiceregion.com\/en\/wp-json\/wp\/v2\/types\/post"}],"author":[{"embeddable":true,"href":"https:\/\/www.kosiceregion.com\/en\/wp-json\/wp\/v2\/users\/15"}],"replies":[{"embeddable":true,"href":"https:\/\/www.kosiceregion.com\/en\/wp-json\/wp\/v2\/comments?post=11659"}],"version-history":[{"count":6,"href":"https:\/\/www.kosiceregion.com\/en\/wp-json\/wp\/v2\/posts\/11659\/revisions"}],"predecessor-version":[{"id":13837,"href":"https:\/\/www.kosiceregion.com\/en\/wp-json\/wp\/v2\/posts\/11659\/revisions\/13837"}],"wp:featuredmedia":[{"embeddable":true,"href":"https:\/\/www.kosiceregion.com\/en\/wp-json\/wp\/v2\/media\/11674"}],"wp:attachment":[{"href":"https:\/\/www.kosiceregion.com\/en\/wp-json\/wp\/v2\/media?parent=11659"}],"wp:term":[{"taxonomy":"category","embeddable":true,"href":"https:\/\/www.kosiceregion.com\/en\/wp-json\/wp\/v2\/categories?post=11659"},{"taxonomy":"post_tag","embeddable":true,"href":"https:\/\/www.kosiceregion.com\/en\/wp-json\/wp\/v2\/tags?post=11659"}],"curies":[{"name":"wp","href":"https:\/\/api.w.org\/{rel}","templated":true}]}}