{"id":1573,"date":"2019-05-07T15:48:55","date_gmt":"2019-05-07T13:48:55","guid":{"rendered":"http:\/\/dest.kosiceregion.com\/sk\/?p=1573"},"modified":"2019-08-21T23:12:35","modified_gmt":"2019-08-21T21:12:35","slug":"","status":"publish","type":"post","link":"https:\/\/www.kosiceregion.com\/en\/gemer\/","title":{"rendered":"","raw":""},"content":{"rendered":"","protected":false,"raw":""},"excerpt":{"rendered":"","protected":false,"raw":""},"author":1,"featured_media":1574,"comment_status":"closed","ping_status":"closed","sticky":false,"template":"","format":"standard","meta":{"_acf_changed":false,"_sk_post_content":"<!-- wp:tadv\/classic-paragraph -->\n<p>Pestr\u00e1 mozaika pr\u00edrodn\u00fdch i rekrea\u010dn\u00fdch l\u00e1kadiel, ktor\u00e9 maj\u00fa \u010do pon\u00faknu\u0165 ako v lete, tak i v zime. Jedine\u010dnos\u0165 Slovensk\u00e9ho krasu s jeho krasov\u00fdmi \u00fatvarmi viedla k v\u00fdstavbe viacer\u00fdch turistick\u00fdch n\u00e1u\u010dn\u00fdch chodn\u00edkov a cyklotr\u00e1s.<\/p>\n<!-- \/wp:tadv\/classic-paragraph -->\n\n<!-- wp:tadv\/classic-paragraph -->\n<h3>RO\u017d\u0147AVA<\/h3>\n<p>Mesto sl\u00e1vnych trad\u00edci\u00ed ban\u00edctva, \u0161kolstva a remesiel, administrat\u00edvne a kult\u00farne centrum horn\u00e9ho Gemera. Le\u017e\u00ed v \u00fadol\u00ed rieky Slan\u00e1. Vz\u00e1cne historick\u00e9 jadro so \u0161tvorcov\u00fdm n\u00e1mest\u00edm stredovek\u00e9ho p\u00f4vodu je najv\u00e4\u010d\u0161ie svojho druhu na Slovensku. N\u00e1v\u0161tevn\u00edci mesta m\u00f4\u017eu mesto a jeho bl\u00edzke okolie obdivova\u0165 z vyhliadkovej str\u00e1\u017enej ve\u017ee, ktor\u00e1 je neodmyslite\u013en\u00fdm symbolom mesta. S bohat\u00fdmi dejinami ban\u00edctva a hutn\u00edctva Ro\u017e\u0148avy a horn\u00e9ho Gemera sa mo\u017eno obozn\u00e1mi\u0165 v Ban\u00edckom m\u00fazeu, pri ktorom je zriaden\u00e1 expoz\u00edcia pr\u00edrody Slovensk\u00e9ho krasu, ako aj historick\u00e1 expoz\u00edcia zameran\u00e1 na prezent\u00e1ciu najkraj\u0161\u00edch m\u00fazejn\u00fdch zbierok mesta a jeho okolia.<\/p>\n<!-- \/wp:tadv\/classic-paragraph -->\n\n<!-- wp:image {\"id\":1575,\"align\":\"center\"} -->\n<div class=\"wp-block-image\"><figure class=\"aligncenter\"><img src=\"https:\/\/www.kosiceregion.com\/wp-content\/uploads\/2019\/05\/img58.jpg\" alt=\"\" class=\"wp-image-1575\"\/><\/figure><\/div>\n<!-- \/wp:image -->\n\n<!-- wp:tadv\/classic-paragraph -->\n<h3>NAJZACHOVALEJ\u0160\u00cd HRAD<\/h3>\n<p>Kr\u00e1sna H\u00f4rka, ktor\u00fa ned\u00e1vno po\u0161kodil ve\u013ek\u00fd po\u017eiar, je v s\u00fa\u010dasnosti v rekon\u0161trukcii. Ako v\u0161etky hrady, aj tento ukr\u00fdva svoje tajomstv\u00e1 v legend\u00e1ch a pr\u00edbehoch. Jeden z nich spracoval vo svoje knihe M\u00f3r J\u00f3kai. Vytvoril legendu, ktor\u00e1 medzi star\u00fdmi hradn\u00fdmi m\u00farmi l\u00e1ka \u201ep\u00fatnikov\u201d ku sklenen\u00e9mu sarkof\u00e1gu hradnej panej.<\/p>\n<!-- \/wp:tadv\/classic-paragraph -->\n\n<!-- wp:tadv\/classic-paragraph -->\n<h3>MAUZ\u00d3LEUM VE\u013dKEJ L\u00c1SKY<\/h3>\n<p>v Kr\u00e1snohorskom Podhrad\u00ed bolo postaven\u00e9 ako pam\u00e4tn\u00edk ve\u013ekej l\u00e1sky. Gr\u00f3f Dion\u00fdz Andr\u00e1ssy ho dal postavi\u0165 svojej milovanej man\u017eelke Franti\u0161ke \u2013 Vieden\u010danke, ktor\u00fa si vzal aj napriek jej me\u0161tianskemu p\u00f4vodu.<\/p>\n<!-- \/wp:tadv\/classic-paragraph -->\n\n<!-- wp:tadv\/classic-paragraph -->\n<h3>S\u00ddPKA ALEBO SKLAD \u00daRODY<\/h3>\n<p>Gran\u00e1rium v Jablonove nad Tur\u0148ou v minulosti sl\u00fa\u017eilo aj ako obiln\u00e1 s\u00fdpka, ale tie\u017e ako v\u00ednna pivnica a sklad potrav\u00edn. Pri Gran\u00e1riu sa nach\u00e1dza origin\u00e1lny pieckov\u00fd h\u00e1j s pieckami na pe\u010denie chleba. V doln\u00fdch priestoroch je zriaden\u00e1 v\u00ednna pivnica s mo\u017enos\u0165ou ochutn\u00e1vky turnianskych v\u00edn.<\/p>\n<!-- \/wp:tadv\/classic-paragraph -->\n\n<!-- wp:image {\"id\":1576,\"align\":\"center\"} -->\n<div class=\"wp-block-image\"><figure class=\"aligncenter\"><img src=\"https:\/\/www.kosiceregion.com\/wp-content\/uploads\/2019\/05\/img70.jpg\" alt=\"\" class=\"wp-image-1576\"\/><\/figure><\/div>\n<!-- \/wp:image -->\n\n<!-- wp:tadv\/classic-paragraph -->\n<h3>AKO SLOVENSK\u00dd EMENT\u00c1L<\/h3>\n<p>je v celej svojej rozlohe predierkovan\u00fd N\u00e1rodn\u00fd park Slovensk\u00fd kras, zap\u00edsan\u00fd do medzin\u00e1rodnej siete biosf\u00e9rick\u00fdch rezerv\u00e1ci\u00ed v r\u00e1mci programu UNESCO \u2013 \u010clovek a biosf\u00e9ra. Svojou rozlohou patr\u00ed medzi najv\u00e4\u010d\u0161ie krasov\u00e9 oblasti v strednej Eur\u00f3pe. V Slovenskom krase je zn\u00e1mych vy\u0161e 1000 jask\u00fd\u0148 a priepast\u00ed.<\/p>\n<!-- \/wp:tadv\/classic-paragraph -->\n\n<!-- wp:tadv\/classic-paragraph -->\n<h3>JASKYNE<\/h3>\n<p>Gombaseck\u00e1 jasky\u0148a je zn\u00e1ma najm\u00e4 v\u00fdskytom sintrov\u00fdch br\u010diek. Ochtinsk\u00e1 aragonitov\u00e1 jasky\u0148a predstavuje unik\u00e1tny pr\u00edrodn\u00fd fenom\u00e9n p\u00fataj\u00faci pozornos\u0165 bohatos\u0165ou a r\u00f4znorodos\u0165ou aragonitovej v\u00fdplne i svojr\u00e1znym vznikom a v\u00fdvojom podzemn\u00fdch priestorov. Domica je najdlh\u0161ou jasky\u0148ou parku. Pozornos\u0165 p\u00fata najm\u00e4 vz\u00e1cnymi archeologick\u00fdmi n\u00e1lezmi, bohat\u00fdm v\u00fdskytom sintrov\u00fdch \u0161t\u00edtov a bubnov. Kr\u00e1snohorsk\u00e1 jasky\u0148a sa nach\u00e1dza pri obci Kr\u00e1snohorsk\u00e1 Dlh\u00e1 L\u00faka. Sp\u00f4sob spr\u00edstupnenia a prezent\u00e1cie je nev\u0161edn\u00fdm jaskyniarskym z\u00e1\u017eitkom.<\/p>\n<!-- \/wp:tadv\/classic-paragraph -->","_sk_post_name":"gemer","_sk_post_excerpt":"","_sk_post_title":"Gemer","_en_post_content":"","_en_post_name":"","_en_post_excerpt":"","_en_post_title":"","_hu_post_content":"<!-- wp:tadv\/classic-paragraph -->\n<p>A term\u00e9szeti kincsek \u00e9s a pihen\u00e9s tarka mozaikja, amely t\u00e9len-ny\u00e1ron egyar\u00e1nt vonzza a l\u00e1togat\u00f3kat. A Szlov\u00e1k-karszt \u00e9s az itteni karsztalakzatok egyedi jelleg\u00e9nek k\u00f6vetkezt\u00e9ben sz\u00e1mos turisztikai \u00e9s tan\u00f6sv\u00e9ny, ker\u00e9kp\u00e1r-\u00fatvonal ker\u00fclt kialak\u00edt\u00e1sra.<\/p>\n<!-- \/wp:tadv\/classic-paragraph -->\n\n<!-- wp:tadv\/classic-paragraph -->\n<h3>ROZSNY\u00d3<\/h3>\n<p>A b\u00e1ny\u00e1szat, az oktat\u00e1s, a k\u00e9zm\u0171vess\u00e9g hagyom\u00e1nyainak v\u00e1rosa, Fels\u0151-G\u00f6m\u00f6r adminisztrat\u00edv \u00e9s kultur\u00e1lis k\u00f6zpontja. A Saj\u00f3 v\u00f6lgy\u00e9ben fekszik. K\u00f6z\u00e9pkori eredet\u0171, n\u00e9gyzet alak\u00fa f\u0151tere a legnagyobb ilyen jelleg\u0171 t\u00e9r az orsz\u00e1gban. Az idel\u00e1togat\u00f3k a v\u00e1rost \u00e9s annak k\u00f6rnyezet\u00e9t megcsod\u00e1lhatj\u00e1k a kil\u00e1t\u00f3k\u00e9nt m\u0171k\u00f6d\u0151 egykori \u0151rtoronyb\u00f3l, amely a v\u00e1ros elmaradhatatlan jelk\u00e9pe. A rozsny\u00f3i \u00e9s a fels\u0151-g\u00f6m\u00f6ri b\u00e1ny\u00e1szat \u00e9s a koh\u00e1szat gazdag t\u00f6rt\u00e9net\u00e9t a B\u00e1ny\u00e1szati M\u00fazeum mutatja be, amelyben helyet kapott a Szlov\u00e1k-karszt term\u00e9szeti kincseit bemutat\u00f3 t\u00e1rlat, valamint a v\u00e1ros \u00e9s k\u00f6rny\u00e9ke legszebb muze\u00e1lis gy\u0171jtem\u00e9nyeit bemutat\u00f3 t\u00f6rt\u00e9neti t\u00e1rlat is.<\/p>\n<!-- \/wp:tadv\/classic-paragraph -->\n\n<!-- wp:image {\"id\":1575,\"align\":\"center\"} -->\n<div class=\"wp-block-image\"><figure class=\"aligncenter\"><img src=\"https:\/\/www.kosiceregion.com\/wp-content\/uploads\/2019\/05\/img58.jpg\" alt=\"\" class=\"wp-image-1575\"\/><\/figure><\/div>\n<!-- \/wp:image -->\n\n<!-- wp:tadv\/classic-paragraph -->\n<h3>A T\u00c9RS\u00c9G LEGJOBB \u00c1LLAPOTBAN FENNMARADT V\u00c1RA<\/h3>\n<p>A nemr\u00e9giben t\u0171zv\u00e9sz \u00e1ldozat\u00e1ul esett Krasznahorka v\u00e1ra jelenleg fel\u00faj\u00edt\u00e1s alatt \u00e1ll. Mint minden v\u00e1rat, Krasznahorka v\u00e1r\u00e1t is legend\u00e1k \u00e9s t\u00f6rt\u00e9netek veszik k\u00f6r\u00fcl. Ezek egyik\u00e9t t\u00f6rt\u00e9nelmi reg\u00e9ny\u00e9ben J\u00f3kai M\u00f3r is feldolgozta. A k\u00f6nyvben egy legend\u00e1t sz\u0151tt, amely a v\u00e1r \u00f3don falai k\u00f6z\u00f6tt a mai napig fennmaradt, \u00e9s a \u201ezar\u00e1ndokokat\u201d az egykori krasznahorkai v\u00e1r\u00farn\u0151, Ser\u00e9dy Zs\u00f3fia \u00fcvegkopors\u00f3j\u00e1hoz vonzza.<\/p>\n<!-- \/wp:tadv\/classic-paragraph -->\n\n<!-- wp:tadv\/classic-paragraph -->\n<h3>A NAGY SZERELEM MAUZ\u00d3LEUMA<\/h3>\n<p>Krasznahorkav\u00e1ralja egy nagy szerelemnek \u00e1ll\u00edt eml\u00e9ket, amely a sors h\u00e1nyattat\u00e1sai \u00e9s a t\u00e1rsadalmi norm\u00e1k ellen\u00e9re beteljesedett. Gr\u00f3f Andr\u00e1ssy D\u00e9nes szeretett feles\u00e9g\u00e9nek, a b\u00e9csi polg\u00e1rcsal\u00e1db\u00f3l sz\u00e1rmaz\u00f3 Francisk\u00e1nak \u00e1ll\u00edttatta.<\/p>\n<!-- \/wp:tadv\/classic-paragraph -->\n\n<!-- wp:tadv\/classic-paragraph -->\n<h3>MAGT\u00c1R VAGY TERM\u00c9ST\u00c1R<\/h3>\n<p>A sz\u00e1dalm\u00e1si magt\u00e1r m\u0171k\u00f6d\u00f6tt gabonamagt\u00e1rk\u00e9nt, borospincek\u00e9nt \u00e9s \u00e9lelmiszerrakt\u00e1rk\u00e9nt. A magt\u00e1r mellett tal\u00e1lhat\u00f3 egy kemencesor, amely k\u00fclt\u00e9ri keny\u00e9rs\u00fct\u0151 kemenc\u00e9kb\u0151l \u00e1ll. A magt\u00e1r al\u00e9p\u00edtm\u00e9ny\u00e9ben borospince tal\u00e1lhat\u00f3, ahol megk\u00f3stolhat\u00f3ak a tornai t\u00e9rs\u00e9g borai.<\/p>\n<!-- \/wp:tadv\/classic-paragraph -->\n\n<!-- wp:image {\"id\":1576,\"align\":\"center\"} -->\n<div class=\"wp-block-image\"><figure class=\"aligncenter\"><img src=\"https:\/\/www.kosiceregion.com\/wp-content\/uploads\/2019\/05\/img70.jpg\" alt=\"\" class=\"wp-image-1576\"\/><\/figure><\/div>\n<!-- \/wp:image -->\n\n<!-- wp:tadv\/classic-paragraph -->\n<h3>AK\u00c1R A SZLOV\u00c1K EMENT\u00c1LI,<\/h3>\n<p>olyan lyukas a Szlov\u00e1k-karszt nemzeti park teljes ter\u00fclete. A Szlov\u00e1k-karszt nemzeti park az UNESCO \u201eaz ember \u00e9s a bioszf\u00e9ra\u201d program bioszf\u00e9ra-rezerv\u00e1tumainak nemzetk\u00f6zi h\u00e1l\u00f3zat\u00e1nak r\u00e9sze. A Szlov\u00e1k- karszt mintegy 1000 ismert barlangot \u00e9s szurdokot rejt.<\/p>\n<!-- \/wp:tadv\/classic-paragraph -->\n\n<!-- wp:tadv\/classic-paragraph -->\n<h3>BARLANGOK<\/h3>\n<p>A Gombasz\u00f6gi-barlang els\u0151sorban v\u00e9kony, \u00fcreges szalmacseppk\u0151ir\u0151l h\u00edres. Az Ochtinai-aragonitbarlang egy egyed\u00fcl\u00e1ll\u00f3 term\u00e9szeti jelens\u00e9g, amely az aragonitd\u00edsz\u00edt\u00e9s gazdags\u00e1g\u00e1r\u00f3l \u00e9s v\u00e1ltozatoss\u00e1g\u00e1r\u00f3l, valamint a barlang termeinek \u00e9s j\u00e1ratainak egyedi t\u00f6rt\u00e9net\u00e9r\u0151l h\u00edres. A Domica-barlang a nemzeti park legismertebb \u00e9s leghosszabb barlangja. A jelent\u0151s geomorfol\u00f3giai \u00e9rt\u00e9keken t\u00fal sz\u00e1mos r\u00e9g\u00e9szeti lelet\u00e9r\u0151l, gazdag cseppk\u0151d\u00edszeir\u0151l valamint sz\u00e1mos denev\u00e9rfaj\u00e1r\u00f3l ismert. A Krasznahorkai barlang V\u00e1rhossz\u00far\u00e9t k\u00f6zs\u00e9gben tal\u00e1lhat\u00f3. A barlang \u00e9rt\u00e9kes eleme a rozsny\u00f3i barlang\u00e1szok cseppk\u0151oszlopa, amely 34 m magas. A barlang mintegy 450 m hosszban l\u00e1togathat\u00f3. A barlangl\u00e1togat\u00e1s egy nem mindennapi \u00e9lm\u00e9nny\u00e9 v\u00e1ltozik.<\/p>\n<!-- \/wp:tadv\/classic-paragraph -->","_hu_post_name":"gomor","_hu_post_excerpt":"","_hu_post_title":"G\u00f6m\u00f6r","_es_post_content":"","_es_post_name":"","_es_post_excerpt":"","_es_post_title":"","_de_post_content":"","_de_post_name":"","_de_post_excerpt":"","_de_post_title":"","_pl_post_content":"","_pl_post_name":"","_pl_post_excerpt":"","_pl_post_title":"","_it_post_content":"","_it_post_name":"","_it_post_excerpt":"","_it_post_title":"","edit_language":"en","footnotes":""},"categories":[17],"tags":[],"class_list":["post-1573","post","type-post","status-publish","format-standard","has-post-thumbnail","hentry","category-top"],"acf":[],"yoast_head":"<!-- This site is optimized with the Yoast SEO Premium plugin v25.5 (Yoast SEO v27.4) - https:\/\/yoast.com\/product\/yoast-seo-premium-wordpress\/ -->\n<title>Ko\u0161ice Regi\u00f3n<\/title>\n<meta name=\"description\" content=\"Pestr\u00e1 mozaika pr\u00edrodn\u00fdch i rekrea\u010dn\u00fdch l\u00e1kadiel, ktor\u00e9 maj\u00fa \u010do pon\u00faknu\u0165 ako v lete, tak i v zime. Jedine\u010dnos\u0165 Slovensk\u00e9ho krasu s jeho krasov\u00fdmi \u00fatvarmi viedla k v\u00fdstavbe viacer\u00fdch turistick\u00fdch n\u00e1u\u010dn\u00fdch chodn\u00edkov a\u2026\" \/>\n<meta name=\"robots\" content=\"index, follow, max-snippet:-1, max-image-preview:large, max-video-preview:-1\" \/>\n<link rel=\"canonical\" href=\"https:\/\/www.kosiceregion.com\/hu\/gomor\/\" \/>\n<meta property=\"og:locale\" content=\"en_GB\" \/>\n<meta property=\"og:type\" content=\"article\" \/>\n<meta property=\"og:title\" content=\"Gemer\" \/>\n<meta property=\"og:description\" content=\"Pestr\u00e1 mozaika pr\u00edrodn\u00fdch i rekrea\u010dn\u00fdch l\u00e1kadiel, ktor\u00e9 maj\u00fa \u010do pon\u00faknu\u0165 ako v lete, tak i v zime. Jedine\u010dnos\u0165 Slovensk\u00e9ho krasu s jeho krasov\u00fdmi \u00fatvarmi\" \/>\n<meta property=\"og:url\" content=\"https:\/\/www.kosiceregion.com\/en\/wp-json\/wp\/v2\/posts\/1573\" \/>\n<meta property=\"og:site_name\" content=\"Ko\u0161ice Regi\u00f3n\" \/>\n<meta property=\"article:publisher\" content=\"https:\/\/www.facebook.com\/kosiceregion\" \/>\n<meta property=\"article:published_time\" content=\"2019-05-07T13:48:55+00:00\" \/>\n<meta property=\"article:modified_time\" content=\"2019-08-21T21:12:35+00:00\" \/>\n<meta property=\"og:image\" content=\"https:\/\/www.kosiceregion.com\/wp-content\/uploads\/2019\/05\/img51.jpg\" \/>\n\t<meta property=\"og:image:width\" content=\"1084\" \/>\n\t<meta property=\"og:image:height\" content=\"586\" \/>\n\t<meta property=\"og:image:type\" content=\"image\/jpeg\" \/>\n<meta name=\"author\" content=\"admin\" \/>\n<meta name=\"twitter:card\" content=\"summary_large_image\" \/>\n<meta name=\"twitter:creator\" content=\"@KOSICEREGION\" \/>\n<meta name=\"twitter:site\" content=\"@KOSICEREGION\" \/>\n<meta name=\"twitter:label1\" content=\"Written by\" \/>\n\t<meta name=\"twitter:data1\" content=\"admin\" \/>\n\t<meta name=\"twitter:label2\" content=\"Estimated reading time\" \/>\n\t<meta name=\"twitter:data2\" content=\"3 minutes\" \/>\n<script type=\"application\/ld+json\" class=\"yoast-schema-graph\">{\"@context\":\"https:\\\/\\\/schema.org\",\"@graph\":[{\"@type\":\"Article\",\"@id\":\"https:\\\/\\\/www.kosiceregion.com\\\/hu\\\/gomor\\\/#article\",\"isPartOf\":{\"@id\":\"https:\\\/\\\/www.kosiceregion.com\\\/hu\\\/gomor\\\/\"},\"author\":{\"name\":\"admin\",\"@id\":\"https:\\\/\\\/www.kosiceregion.com\\\/#\\\/schema\\\/person\\\/a3b410b349e630c8edb959e58d35ea17\"},\"headline\":\"Gemer\",\"datePublished\":\"2019-05-07T13:48:55+00:00\",\"dateModified\":\"2019-08-21T21:12:35+00:00\",\"mainEntityOfPage\":{\"@id\":\"https:\\\/\\\/www.kosiceregion.com\\\/hu\\\/gomor\\\/\"},\"wordCount\":524,\"publisher\":{\"@id\":\"https:\\\/\\\/www.kosiceregion.com\\\/#organization\"},\"image\":{\"@id\":\"https:\\\/\\\/www.kosiceregion.com\\\/hu\\\/gomor\\\/#primaryimage\"},\"thumbnailUrl\":\"https:\\\/\\\/www.kosiceregion.com\\\/wp-content\\\/uploads\\\/2019\\\/05\\\/img51.jpg\",\"articleSection\":[\"Top\"],\"inLanguage\":\"en-GB\"},{\"@type\":\"WebPage\",\"@id\":\"https:\\\/\\\/www.kosiceregion.com\\\/hu\\\/gomor\\\/\",\"url\":\"https:\\\/\\\/www.kosiceregion.com\\\/hu\\\/gomor\\\/\",\"name\":\"Gemer - Ko\u0161ice Regi\u00f3n\",\"isPartOf\":{\"@id\":\"https:\\\/\\\/www.kosiceregion.com\\\/#website\"},\"primaryImageOfPage\":{\"@id\":\"https:\\\/\\\/www.kosiceregion.com\\\/hu\\\/gomor\\\/#primaryimage\"},\"image\":{\"@id\":\"https:\\\/\\\/www.kosiceregion.com\\\/hu\\\/gomor\\\/#primaryimage\"},\"thumbnailUrl\":\"https:\\\/\\\/www.kosiceregion.com\\\/wp-content\\\/uploads\\\/2019\\\/05\\\/img51.jpg\",\"datePublished\":\"2019-05-07T13:48:55+00:00\",\"dateModified\":\"2019-08-21T21:12:35+00:00\",\"description\":\"Pestr\u00e1 mozaika pr\u00edrodn\u00fdch i rekrea\u010dn\u00fdch l\u00e1kadiel, ktor\u00e9 maj\u00fa \u010do pon\u00faknu\u0165 ako v lete, tak i v zime. Jedine\u010dnos\u0165 Slovensk\u00e9ho krasu s jeho krasov\u00fdmi \u00fatvarmi\",\"breadcrumb\":{\"@id\":\"https:\\\/\\\/www.kosiceregion.com\\\/hu\\\/gomor\\\/#breadcrumb\"},\"inLanguage\":\"en-GB\",\"potentialAction\":[{\"@type\":\"ReadAction\",\"target\":[\"https:\\\/\\\/www.kosiceregion.com\\\/hu\\\/gomor\\\/\"]}]},{\"@type\":\"ImageObject\",\"inLanguage\":\"en-GB\",\"@id\":\"https:\\\/\\\/www.kosiceregion.com\\\/hu\\\/gomor\\\/#primaryimage\",\"url\":\"https:\\\/\\\/www.kosiceregion.com\\\/wp-content\\\/uploads\\\/2019\\\/05\\\/img51.jpg\",\"contentUrl\":\"https:\\\/\\\/www.kosiceregion.com\\\/wp-content\\\/uploads\\\/2019\\\/05\\\/img51.jpg\",\"width\":1084,\"height\":586},{\"@type\":\"BreadcrumbList\",\"@id\":\"https:\\\/\\\/www.kosiceregion.com\\\/hu\\\/gomor\\\/#breadcrumb\",\"itemListElement\":[{\"@type\":\"ListItem\",\"position\":1,\"name\":\"Home\",\"item\":\"https:\\\/\\\/www.kosiceregion.com\\\/sk\\\/\"},{\"@type\":\"ListItem\",\"position\":2,\"name\":\"G\u00f6m\u00f6r\"}]},{\"@type\":\"WebSite\",\"@id\":\"https:\\\/\\\/www.kosiceregion.com\\\/#website\",\"url\":\"https:\\\/\\\/www.kosiceregion.com\\\/\",\"name\":\"Ko\u0161ice Regi\u00f3n\",\"description\":\"Turistick\u00fd sprievodca Ko\u0161ick\u00fdm krajom\",\"publisher\":{\"@id\":\"https:\\\/\\\/www.kosiceregion.com\\\/#organization\"},\"potentialAction\":[{\"@type\":\"SearchAction\",\"target\":{\"@type\":\"EntryPoint\",\"urlTemplate\":\"https:\\\/\\\/www.kosiceregion.com\\\/?s={search_term_string}\"},\"query-input\":{\"@type\":\"PropertyValueSpecification\",\"valueRequired\":true,\"valueName\":\"search_term_string\"}}],\"inLanguage\":\"en-GB\"},{\"@type\":\"Organization\",\"@id\":\"https:\\\/\\\/www.kosiceregion.com\\\/#organization\",\"name\":\"Ko\u0161ice Regi\u00f3n Turizmus\",\"url\":\"https:\\\/\\\/www.kosiceregion.com\\\/\",\"logo\":{\"@type\":\"ImageObject\",\"inLanguage\":\"en-GB\",\"@id\":\"https:\\\/\\\/www.kosiceregion.com\\\/#\\\/schema\\\/logo\\\/image\\\/\",\"url\":\"https:\\\/\\\/www.kosiceregion.com\\\/wp-content\\\/uploads\\\/2019\\\/03\\\/logo-web-sk.png\",\"contentUrl\":\"https:\\\/\\\/www.kosiceregion.com\\\/wp-content\\\/uploads\\\/2019\\\/03\\\/logo-web-sk.png\",\"width\":225,\"height\":100,\"caption\":\"Ko\u0161ice Regi\u00f3n Turizmus\"},\"image\":{\"@id\":\"https:\\\/\\\/www.kosiceregion.com\\\/#\\\/schema\\\/logo\\\/image\\\/\"},\"sameAs\":[\"https:\\\/\\\/www.facebook.com\\\/kosiceregion\",\"https:\\\/\\\/x.com\\\/KOSICEREGION\",\"https:\\\/\\\/www.instagram.com\\\/kosiceregion\",\"https:\\\/\\\/www.youtube.com\\\/kosiceregion\"]},{\"@type\":\"Person\",\"@id\":\"https:\\\/\\\/www.kosiceregion.com\\\/#\\\/schema\\\/person\\\/a3b410b349e630c8edb959e58d35ea17\",\"name\":\"admin\",\"image\":{\"@type\":\"ImageObject\",\"inLanguage\":\"en-GB\",\"@id\":\"https:\\\/\\\/secure.gravatar.com\\\/avatar\\\/ff684514e5ef32cec7525b9d568f44fc6074207a97f9768a9d8162f4d8ea5d0d?s=96&d=mm&r=g\",\"url\":\"https:\\\/\\\/secure.gravatar.com\\\/avatar\\\/ff684514e5ef32cec7525b9d568f44fc6074207a97f9768a9d8162f4d8ea5d0d?s=96&d=mm&r=g\",\"contentUrl\":\"https:\\\/\\\/secure.gravatar.com\\\/avatar\\\/ff684514e5ef32cec7525b9d568f44fc6074207a97f9768a9d8162f4d8ea5d0d?s=96&d=mm&r=g\",\"caption\":\"admin\"}}]}<\/script>\n<!-- \/ Yoast SEO Premium plugin. -->","yoast_head_json":{"title":"Ko\u0161ice Regi\u00f3n","description":"Pestr\u00e1 mozaika pr\u00edrodn\u00fdch i rekrea\u010dn\u00fdch l\u00e1kadiel, ktor\u00e9 maj\u00fa \u010do pon\u00faknu\u0165 ako v lete, tak i v zime. Jedine\u010dnos\u0165 Slovensk\u00e9ho krasu s jeho krasov\u00fdmi \u00fatvarmi viedla k v\u00fdstavbe viacer\u00fdch turistick\u00fdch n\u00e1u\u010dn\u00fdch chodn\u00edkov a\u2026","robots":{"index":"index","follow":"follow","max-snippet":"max-snippet:-1","max-image-preview":"max-image-preview:large","max-video-preview":"max-video-preview:-1"},"canonical":"https:\/\/www.kosiceregion.com\/hu\/gomor\/","og_locale":"en_GB","og_type":"article","og_title":"Gemer","og_description":"Pestr\u00e1 mozaika pr\u00edrodn\u00fdch i rekrea\u010dn\u00fdch l\u00e1kadiel, ktor\u00e9 maj\u00fa \u010do pon\u00faknu\u0165 ako v lete, tak i v zime. Jedine\u010dnos\u0165 Slovensk\u00e9ho krasu s jeho krasov\u00fdmi \u00fatvarmi","og_url":"https:\/\/www.kosiceregion.com\/en\/wp-json\/wp\/v2\/posts\/1573","og_site_name":"Ko\u0161ice Regi\u00f3n","article_publisher":"https:\/\/www.facebook.com\/kosiceregion","article_published_time":"2019-05-07T13:48:55+00:00","article_modified_time":"2019-08-21T21:12:35+00:00","og_image":[{"width":1084,"height":586,"url":"https:\/\/www.kosiceregion.com\/wp-content\/uploads\/2019\/05\/img51.jpg","type":"image\/jpeg"}],"author":"admin","twitter_card":"summary_large_image","twitter_creator":"@KOSICEREGION","twitter_site":"@KOSICEREGION","twitter_misc":{"Written by":"admin","Estimated reading time":"3 minutes"},"schema":{"@context":"https:\/\/schema.org","@graph":[{"@type":"Article","@id":"https:\/\/www.kosiceregion.com\/hu\/gomor\/#article","isPartOf":{"@id":"https:\/\/www.kosiceregion.com\/hu\/gomor\/"},"author":{"name":"admin","@id":"https:\/\/www.kosiceregion.com\/#\/schema\/person\/a3b410b349e630c8edb959e58d35ea17"},"headline":"Gemer","datePublished":"2019-05-07T13:48:55+00:00","dateModified":"2019-08-21T21:12:35+00:00","mainEntityOfPage":{"@id":"https:\/\/www.kosiceregion.com\/hu\/gomor\/"},"wordCount":524,"publisher":{"@id":"https:\/\/www.kosiceregion.com\/#organization"},"image":{"@id":"https:\/\/www.kosiceregion.com\/hu\/gomor\/#primaryimage"},"thumbnailUrl":"https:\/\/www.kosiceregion.com\/wp-content\/uploads\/2019\/05\/img51.jpg","articleSection":["Top"],"inLanguage":"en-GB"},{"@type":"WebPage","@id":"https:\/\/www.kosiceregion.com\/hu\/gomor\/","url":"https:\/\/www.kosiceregion.com\/hu\/gomor\/","name":"Gemer - Ko\u0161ice Regi\u00f3n","isPartOf":{"@id":"https:\/\/www.kosiceregion.com\/#website"},"primaryImageOfPage":{"@id":"https:\/\/www.kosiceregion.com\/hu\/gomor\/#primaryimage"},"image":{"@id":"https:\/\/www.kosiceregion.com\/hu\/gomor\/#primaryimage"},"thumbnailUrl":"https:\/\/www.kosiceregion.com\/wp-content\/uploads\/2019\/05\/img51.jpg","datePublished":"2019-05-07T13:48:55+00:00","dateModified":"2019-08-21T21:12:35+00:00","description":"Pestr\u00e1 mozaika pr\u00edrodn\u00fdch i rekrea\u010dn\u00fdch l\u00e1kadiel, ktor\u00e9 maj\u00fa \u010do pon\u00faknu\u0165 ako v lete, tak i v zime. Jedine\u010dnos\u0165 Slovensk\u00e9ho krasu s jeho krasov\u00fdmi \u00fatvarmi","breadcrumb":{"@id":"https:\/\/www.kosiceregion.com\/hu\/gomor\/#breadcrumb"},"inLanguage":"en-GB","potentialAction":[{"@type":"ReadAction","target":["https:\/\/www.kosiceregion.com\/hu\/gomor\/"]}]},{"@type":"ImageObject","inLanguage":"en-GB","@id":"https:\/\/www.kosiceregion.com\/hu\/gomor\/#primaryimage","url":"https:\/\/www.kosiceregion.com\/wp-content\/uploads\/2019\/05\/img51.jpg","contentUrl":"https:\/\/www.kosiceregion.com\/wp-content\/uploads\/2019\/05\/img51.jpg","width":1084,"height":586},{"@type":"BreadcrumbList","@id":"https:\/\/www.kosiceregion.com\/hu\/gomor\/#breadcrumb","itemListElement":[{"@type":"ListItem","position":1,"name":"Home","item":"https:\/\/www.kosiceregion.com\/sk\/"},{"@type":"ListItem","position":2,"name":"G\u00f6m\u00f6r"}]},{"@type":"WebSite","@id":"https:\/\/www.kosiceregion.com\/#website","url":"https:\/\/www.kosiceregion.com\/","name":"Ko\u0161ice Regi\u00f3n","description":"Turistick\u00fd sprievodca Ko\u0161ick\u00fdm krajom","publisher":{"@id":"https:\/\/www.kosiceregion.com\/#organization"},"potentialAction":[{"@type":"SearchAction","target":{"@type":"EntryPoint","urlTemplate":"https:\/\/www.kosiceregion.com\/?s={search_term_string}"},"query-input":{"@type":"PropertyValueSpecification","valueRequired":true,"valueName":"search_term_string"}}],"inLanguage":"en-GB"},{"@type":"Organization","@id":"https:\/\/www.kosiceregion.com\/#organization","name":"Ko\u0161ice Regi\u00f3n Turizmus","url":"https:\/\/www.kosiceregion.com\/","logo":{"@type":"ImageObject","inLanguage":"en-GB","@id":"https:\/\/www.kosiceregion.com\/#\/schema\/logo\/image\/","url":"https:\/\/www.kosiceregion.com\/wp-content\/uploads\/2019\/03\/logo-web-sk.png","contentUrl":"https:\/\/www.kosiceregion.com\/wp-content\/uploads\/2019\/03\/logo-web-sk.png","width":225,"height":100,"caption":"Ko\u0161ice Regi\u00f3n Turizmus"},"image":{"@id":"https:\/\/www.kosiceregion.com\/#\/schema\/logo\/image\/"},"sameAs":["https:\/\/www.facebook.com\/kosiceregion","https:\/\/x.com\/KOSICEREGION","https:\/\/www.instagram.com\/kosiceregion","https:\/\/www.youtube.com\/kosiceregion"]},{"@type":"Person","@id":"https:\/\/www.kosiceregion.com\/#\/schema\/person\/a3b410b349e630c8edb959e58d35ea17","name":"admin","image":{"@type":"ImageObject","inLanguage":"en-GB","@id":"https:\/\/secure.gravatar.com\/avatar\/ff684514e5ef32cec7525b9d568f44fc6074207a97f9768a9d8162f4d8ea5d0d?s=96&d=mm&r=g","url":"https:\/\/secure.gravatar.com\/avatar\/ff684514e5ef32cec7525b9d568f44fc6074207a97f9768a9d8162f4d8ea5d0d?s=96&d=mm&r=g","contentUrl":"https:\/\/secure.gravatar.com\/avatar\/ff684514e5ef32cec7525b9d568f44fc6074207a97f9768a9d8162f4d8ea5d0d?s=96&d=mm&r=g","caption":"admin"}}]}},"_links":{"self":[{"href":"https:\/\/www.kosiceregion.com\/en\/wp-json\/wp\/v2\/posts\/1573","targetHints":{"allow":["GET"]}}],"collection":[{"href":"https:\/\/www.kosiceregion.com\/en\/wp-json\/wp\/v2\/posts"}],"about":[{"href":"https:\/\/www.kosiceregion.com\/en\/wp-json\/wp\/v2\/types\/post"}],"author":[{"embeddable":true,"href":"https:\/\/www.kosiceregion.com\/en\/wp-json\/wp\/v2\/users\/1"}],"replies":[{"embeddable":true,"href":"https:\/\/www.kosiceregion.com\/en\/wp-json\/wp\/v2\/comments?post=1573"}],"version-history":[{"count":3,"href":"https:\/\/www.kosiceregion.com\/en\/wp-json\/wp\/v2\/posts\/1573\/revisions"}],"predecessor-version":[{"id":2802,"href":"https:\/\/www.kosiceregion.com\/en\/wp-json\/wp\/v2\/posts\/1573\/revisions\/2802"}],"wp:featuredmedia":[{"embeddable":true,"href":"https:\/\/www.kosiceregion.com\/en\/wp-json\/wp\/v2\/media\/1574"}],"wp:attachment":[{"href":"https:\/\/www.kosiceregion.com\/en\/wp-json\/wp\/v2\/media?parent=1573"}],"wp:term":[{"taxonomy":"category","embeddable":true,"href":"https:\/\/www.kosiceregion.com\/en\/wp-json\/wp\/v2\/categories?post=1573"},{"taxonomy":"post_tag","embeddable":true,"href":"https:\/\/www.kosiceregion.com\/en\/wp-json\/wp\/v2\/tags?post=1573"}],"curies":[{"name":"wp","href":"https:\/\/api.w.org\/{rel}","templated":true}]}}