{"id":1586,"date":"2019-05-09T15:00:15","date_gmt":"2019-05-09T13:00:15","guid":{"rendered":"http:\/\/dest.kosiceregion.com\/sk\/?p=1586"},"modified":"2019-08-21T23:13:05","modified_gmt":"2019-08-21T21:13:05","slug":"","status":"publish","type":"post","link":"https:\/\/www.kosiceregion.com\/en\/dolny-zemplin\/","title":{"rendered":"","raw":""},"content":{"rendered":"","protected":false,"raw":""},"excerpt":{"rendered":"","protected":false,"raw":""},"author":1,"featured_media":1587,"comment_status":"closed","ping_status":"closed","sticky":false,"template":"","format":"standard","meta":{"_acf_changed":false,"_sk_post_content":"<!-- wp:tadv\/classic-paragraph -->\n<p>Regi\u00f3n s najchutnej\u0161\u00edm v\u00ednom sveta, ktor\u00fd dotv\u00e1raj\u00fa malebn\u00e9 hony vin\u00edc. Doln\u00fd Zempl\u00edn je krajom \u0161\u00edrych \u00farodn\u00fdch str\u00e1n\u00ed, vinohradov, lu\u017en\u00fdch lesov i tienist\u00fdch h\u00f4r, Kari\u010dky a pozdi\u0161ovskej keramiky. Pre vn\u00edmav\u00e9ho turistu skr\u00fdva pr\u00edroda zempl\u00ednskeho regi\u00f3nu mno\u017estvo kr\u00e1snych z\u00e1kut\u00ed a \u010dlovekom nedotknut\u00fdch miest.<\/p>\n<!-- \/wp:tadv\/classic-paragraph -->\n\n<!-- wp:tadv\/classic-paragraph -->\n<h3>MICHALOVCE<\/h3>\n<p>Hlavn\u00e9 centrum le\u017eiace v srdci Zempl\u00edna. Je vstupnou br\u00e1nou rekrea\u010dnej oblasti Zempl\u00ednska \u0161\u00edrava. Pr\u00edjemn\u00fdm spestren\u00edm chv\u00ed\u013e v meste Michalovce pre jeho n\u00e1v\u0161tevn\u00edkov i dom\u00e1cich obyvate\u013eov s\u00fa pravideln\u00e9 kult\u00farno-spolo\u010densk\u00e9 atrakcie. Nov\u00e1, zrekon\u0161truovan\u00e1 centr\u00e1lna pe\u0161ia z\u00f3na s p\u00fatavou dominantou \u2013 spievaj\u00facou font\u00e1nou \u2013 je prirodzen\u00fdm centrom tohto modern\u00e9ho srdca Zempl\u00edna.<\/p>\n<!-- \/wp:tadv\/classic-paragraph -->\n\n<!-- wp:image {\"id\":1588,\"align\":\"center\"} -->\n<div class=\"wp-block-image\"><figure class=\"aligncenter\"><img src=\"https:\/\/www.kosiceregion.com\/wp-content\/uploads\/2019\/05\/img127.jpg\" alt=\"\" class=\"wp-image-1588\"\/><\/figure><\/div>\n<!-- \/wp:image -->\n\n<!-- wp:tadv\/classic-paragraph -->\n<h3>MIESTO ODPO\u010cINKU J\u00daLIUSA ANDR\u00c1SSYHO,<\/h3>\n<p>posledn\u00e9ho ministersk\u00e9ho predsedu Rak\u00fasko-Uhorska, sa nach\u00e1dza v prekr\u00e1snom parku bl\u00edzko romantick\u00e9ho jazierka v meste Trebi\u0161ov. S\u00fa\u010das\u0165ou parku je aj ka\u0161tie\u013e rodiny Andr\u00e1ssyovcov, v ktorom je dnes M\u00fazeum a Kult\u00farne centrum ju\u017en\u00e9ho Zempl\u00edna.<\/p>\n<!-- \/wp:tadv\/classic-paragraph -->\n\n<!-- wp:tadv\/classic-paragraph -->\n<h3>KOSTOL\u00cdK BEZ KLINCA<\/h3>\n<p>Rusk\u00e1 Bystr\u00e1. Zvl\u00e1\u0161tnos\u0165ou je, \u017ee objekty s\u00fa postaven\u00e9 v\u00fdlu\u010dne z dreva. V\u00fdnimo\u010dn\u00fa celosvetov\u00fa hodnotu m\u00e1 8 dreven\u00fdch kostol\u00edkov karpatsk\u00e9ho obl\u00faka zap\u00edsan\u00fdch do zoznamu UNESCO.<\/p>\n<!-- \/wp:tadv\/classic-paragraph -->\n\n<!-- wp:tadv\/classic-paragraph -->\n<h3>O\u010cARIL HO ZEMPL\u00cdN<\/h3>\n<p>Jozef Theodor Mousson (1887 \u2013 1946), maliar a grafik, ktor\u00fd p\u00f4sobil v Michalovciach. Tam objavil in\u0161pir\u00e1cie v podobe vesel\u00fdch a ru\u0161n\u00fdch mestsk\u00fdch trhov a vidieckeho \u017eivota.<\/p>\n<!-- \/wp:tadv\/classic-paragraph -->\n\n<!-- wp:image {\"id\":1589,\"align\":\"center\"} -->\n<div class=\"wp-block-image\"><figure class=\"aligncenter\"><img src=\"https:\/\/www.kosiceregion.com\/wp-content\/uploads\/2019\/05\/img136.jpg\" alt=\"\" class=\"wp-image-1589\"\/><\/figure><\/div>\n<!-- \/wp:image -->\n\n<!-- wp:tadv\/classic-paragraph -->\n<h3>V\u00cdNO KR\u00c1\u013dOV \u2013 KR\u00c1\u013d V\u00cdN<\/h3>\n<p>Tak znie v\u00fdrok franc\u00fazskeho kr\u00e1\u013ea \u013dudov\u00edta XIV. o tokajskom v\u00edne. Aromatick\u00e9 v\u00edno zlatavej farby, vyr\u00e1ban\u00e9 v tokajskej oblasti, je v\u00fdnimo\u010dn\u00e9 t\u00fdm, \u017ee nem\u00e1 alternat\u00edvu. Je to skr\u00e1tka origin\u00e1l.<\/p>\n<!-- \/wp:tadv\/classic-paragraph -->\n\n<!-- wp:tadv\/classic-paragraph -->\n<h3>TAJUPLN\u00c9 PIVNI\u010cKY V AG\u00c1TOVOM H\u00c1JI<\/h3>\n<p>Malohore\u0161sk\u00e9 v\u00ednne pivnice s\u00fa najv\u00e4\u010d\u0161\u00edm komplexom pivn\u00edc v regi\u00f3ne. Do tufu je na malom mieste vytesan\u00fdch 80 vchodov, ktor\u00e9 sa delia e\u0161te na mno\u017estvo \u010fal\u0161\u00edch chodieb. Ich p\u00f4vod siaha do doby pred tat\u00e1rskym vp\u00e1dom, kedy sl\u00fa\u017eili miestnemu obyvate\u013estvu ako \u00fakryty.<\/p>\n<!-- \/wp:tadv\/classic-paragraph -->\n\n<!-- wp:tadv\/classic-paragraph -->\n<h3>V\u00cdNA Z VULK\u00c1NU<\/h3>\n<p>Vynikaj\u00face p\u00f4dne a klimatick\u00e9 podmienky s vysok\u00fdm po\u010dtom slne\u010dn\u00fdch dn\u00ed a v neposlednom rade \u013eudsk\u00e1 ruka sa zasl\u00fa\u017eili o jedine\u010dn\u00e9 v\u00ednka z oblasti Tibava. Preva\u017ene biele odrody vini\u010da dop\u013a\u0148aj\u00fa v\u00fdsadby jedine\u010dn\u00e9ho Tram\u00ednu \u010derven\u00e9ho. O trochu men\u0161ia je oblas\u0165 Orechov\u00e1. Jej vinohrady si dodnes zachovali p\u00f4vodn\u00fd klon Veltl\u00ednskeho zelen\u00e9ho.<\/p>\n<!-- \/wp:tadv\/classic-paragraph -->\n\n<!-- wp:image {\"id\":1590,\"align\":\"center\"} -->\n<div class=\"wp-block-image\"><figure class=\"aligncenter\"><img src=\"https:\/\/www.kosiceregion.com\/wp-content\/uploads\/2019\/05\/img146.jpg\" alt=\"\" class=\"wp-image-1590\"\/><\/figure><\/div>\n<!-- \/wp:image -->\n\n<!-- wp:tadv\/classic-paragraph -->\n<h3>JAZERO POD VULKANICK\u00ddM POHOR\u00cdM<\/h3>\n<p>Zempl\u00ednska \u0161\u00edrava je v skuto\u010dnosti vodn\u00e1 n\u00e1dr\u017e, ktor\u00e1 mala sl\u00fa\u017ei\u0165 ako ochrana pred z\u00e1plavami. Bola postaven\u00e1 v miestach, kde bolo kedysi nemeck\u00e9 vojensk\u00e9 letisko sl\u00fa\u017eiace Luftwaffe po\u010das druhej svetovej vojny. Miesto patr\u00ed k najteplej\u0161\u00edm oblastiam Slovenska. Slnie\u010dko tu svieti v priemere a\u017e 2200 hod\u00edn ro\u010dne, \u010do je priam ide\u00e1lne na oddych pri vode.<\/p>\n<!-- \/wp:tadv\/classic-paragraph -->\n\n<!-- wp:tadv\/classic-paragraph -->\n<h3>REKREA\u010cN\u00c9 STREDISK\u00c1<\/h3>\n<p>Rekrea\u010dn\u00e9 stredisk\u00e1 Biela hora, H\u00f4rka, Medvedia hora, Kalu\u017ea, Kamenec, Kloko\u010dov, Pa\u013ekov pon\u00fakaj\u00fa mno\u017estvo z\u00e1bavy a relaxu. Tri vonkaj\u0161ie baz\u00e9ny, kempy, jachting, jazda na vodn\u00fdch sk\u00fatroch, \u010dlnkovanie, vodn\u00e9 ly\u017eovanie, tenis, nohejbal, volejbal, futbal a \u010fal\u0161ie \u0161porty d\u00e1vaj\u00fa akt\u00edvnym dovolenk\u00e1rom \u00fa\u017easn\u00e9 mo\u017enosti tr\u00e1vi\u0165 tu vo\u013en\u00e9 chv\u00edle.<\/p>\n<!-- \/wp:tadv\/classic-paragraph -->","_sk_post_name":"dolny-zemplin","_sk_post_excerpt":"","_sk_post_title":"Doln\u00fd Zempl\u00edn","_en_post_content":"","_en_post_name":"","_en_post_excerpt":"","_en_post_title":"","_hu_post_content":"<!-- wp:tadv\/classic-paragraph -->\n<p>A vil\u00e1g leg\u00edzletesebb bor\u00e1nak otthona, amelyet a fest\u0151i sz\u0151l\u0151skertek tesznek teljess\u00e9. A d\u00e9l-zempl\u00e9ni t\u00e9rs\u00e9g sz\u00e9les mez\u0151k, sz\u0151l\u0151k, \u00e1rt\u00e9ri erd\u0151k \u00e9s \u00e1rny\u00e9kos erd\u0151k, a kari\u010dka k\u00f6rt\u00e1nc \u00e9s apazdicsi ker\u00e1mia otthona. A figyelmes l\u00e1togat\u00f3k sz\u00e1m\u00e1ra a zempl\u00e9ni term\u00e9szet rengeteg csod\u00e1s helyet \u00e9s az ember \u00e1ltal \u00e9rintetlen ter\u00fcletet rejt.<\/p>\n<!-- \/wp:tadv\/classic-paragraph -->\n\n<!-- wp:tadv\/classic-paragraph -->\n<h3>NAGYMIH\u00c1LY<\/h3>\n<p>A zempl\u00e9ni t\u00e9rs\u00e9g k\u00f6zpontja. A Zempl\u00ednska \u0161\u00edrava \u00fcd\u00fcl\u0151t\u00e9rs\u00e9g kapuj\u00e1nak sz\u00e1m\u00edt. Nagymih\u00e1ly lakosai \u00e9s az idel\u00e1togat\u00f3k sz\u00e1m\u00e1ra kellemes id\u0151t\u00f6lt\u00e9ssel szolg\u00e1lnak a rendszeres kultur\u00e1lis \u00e9s t\u00e1rsadalmi rendezv\u00e9nyek. Az \u00faj fel\u00faj\u00edtott k\u00f6zponti s\u00e9t\u00e1l\u00f3utca \u00e9s annak turistacsalogat\u00f3 zen\u00e9l\u0151 sz\u00f6k\u0151k\u00fatja term\u00e9szetes k\u00f6zpontja a zempl\u00e9ni t\u00e9rs\u00e9g sz\u00edv\u00e9nek.<\/p>\n<!-- \/wp:tadv\/classic-paragraph -->\n\n<!-- wp:image {\"id\":1588,\"align\":\"center\"} -->\n<div class=\"wp-block-image\"><figure class=\"aligncenter\"><img src=\"https:\/\/www.kosiceregion.com\/wp-content\/uploads\/2019\/05\/img127.jpg\" alt=\"\" class=\"wp-image-1588\"\/><\/figure><\/div>\n<!-- \/wp:image -->\n\n<!-- wp:tadv\/classic-paragraph -->\n<h3>ANDR\u00c1SSY GYULA V\u00c9GS\u0150 NYUGHELYE<\/h3>\n<p>\u0150 volt az osztr\u00e1k-magyar monarchia utols\u00f3 minisztereln\u00f6ke \u2013 s\u00edrja T\u0151keterebesen egy romantikus t\u00f3 mellett, egy csod\u00e1latos parkban van. A parkban \u00e1ll az Andr\u00e1ssy csal\u00e1d kast\u00e9lya, amely ma a D\u00e9l-Zempl\u00e9ni M\u00fazeumnak \u00e9s Kultur\u00e1lis K\u00f6zpontnak ad otthont.<\/p>\n<!-- \/wp:tadv\/classic-paragraph -->\n\n<!-- wp:tadv\/classic-paragraph -->\n<h3>TEMPLOMOK SZ\u00d6GEK N\u00c9LK\u00dcL<\/h3>\n<p>Rusk\u00e1 Bystr\u00e1. \u00c9rdekess\u00e9g\u00fck, hogy ezek az \u00e9p\u00fcletek kiz\u00e1r\u00f3lag f\u00e1b\u00f3l k\u00e9sz\u00fcltek. K\u00fcl\u00f6nleges \u00e9rt\u00e9ket k\u00e9pvisel a K\u00e1rp\u00e1tok 8 fatemploma, amelyek 2008 \u00f3ta az UNESCO vil\u00e1g\u00f6r\u00f6ks\u00e9g\u00e9nek r\u00e9szei.<\/p>\n<!-- \/wp:tadv\/classic-paragraph -->\n\n<!-- wp:tadv\/classic-paragraph -->\n<h3>AKI BELESZERETETT ZEMPL\u00c9NBE<\/h3>\n<p>Mousson Tivadar J\u00f3zsef (1887 \u2013 1946), fest\u0151 \u00e9s grafikus, Nagymih\u00e1lyban \u00e9lt. Itt inspir\u00e1l\u00f3dot, a k\u00e9pjei a piacok vid\u00e1m forgatag\u00e1t \u00e9s a falusi emberek \u00e9let\u00e9t mutatj\u00e1k be.<\/p>\n<!-- \/wp:tadv\/classic-paragraph -->\n\n<!-- wp:image {\"id\":1589,\"align\":\"center\"} -->\n<div class=\"wp-block-image\"><figure class=\"aligncenter\"><img src=\"https:\/\/www.kosiceregion.com\/wp-content\/uploads\/2019\/05\/img136.jpg\" alt=\"\" class=\"wp-image-1589\"\/><\/figure><\/div>\n<!-- \/wp:image -->\n\n<!-- wp:tadv\/classic-paragraph -->\n<h3>KIR\u00c1LYOK BORA \u2013 A BOROK KIR\u00c1LYA<\/h3>\n<p>\u00cdgy sz\u00f3lt XIV. Lajos francia kir\u00e1ly a tokaji borr\u00f3l. A tokaji t\u00e9rs\u00e9gben k\u00e9sz\u00fclt aranysz\u00edn\u0171 arom\u00e1s bor egyedi, nincs p\u00e1rja. Ut\u00e1nozhatatlan.<\/p>\n<!-- \/wp:tadv\/classic-paragraph -->\n\n<!-- wp:tadv\/classic-paragraph -->\n<h3>TITOKZATOS PINCESOR AZ AK\u00c1CLIGETBEN<\/h3>\n<p>A kisg\u00e9resi borospinc\u00e9k a t\u00e9rs\u00e9g legnagyobb pinceegy\u00fcttes\u00e9nek sz\u00e1m\u00edtanak. A tufak\u0151zetben kis helyen mintegy 80 bej\u00e1ratot hoztak l\u00e9tre, ahonnan tov\u00e1bbi j\u00e1ratok ny\u00edlnak. Ezek t\u00f6rt\u00e9nete m\u00e9g a tat\u00e1rj\u00e1r\u00e1s el\u0151tti id\u0151kbe ny\u00falik vissza, amikor a helyi lakoss\u00e1g b\u00fav\u00f3helynek haszn\u00e1lta \u0151ket.<\/p>\n<!-- \/wp:tadv\/classic-paragraph -->\n\n<!-- wp:tadv\/classic-paragraph -->\n<h3>VULK\u00c1NI BOR<\/h3>\n<p>A kit\u0171n\u0151 talaj \u00e9s \u00e9ghajlat, a sok naps\u00fct\u00e9s \u00e9s a szorgos emberi kezek munk\u00e1ja eredm\u00e9nyezte a tibai t\u00e9rs\u00e9g egyed\u00fcl\u00e1ll\u00f3 borait. A t\u00f6bbs\u00e9g\u00e9ben feh\u00e9r sz\u0151l\u0151fajt\u00e1kat, amilyen a piros tramini \u00fcltetv\u00e9nyei eg\u00e9sz\u00edtik ki. Valamivel kisebb boros vid\u00e9k az Orechov\u00e1 k\u00f6zs\u00e9g t\u00e9rs\u00e9ge. Sz\u0151l\u0151iben a mai napig megtal\u00e1lhat\u00f3 az eredeti z\u00f6ld veltlini kl\u00f3n.<\/p>\n<!-- \/wp:tadv\/classic-paragraph -->\n\n<!-- wp:image {\"id\":1590,\"align\":\"center\"} -->\n<div class=\"wp-block-image\"><figure class=\"aligncenter\"><img src=\"https:\/\/www.kosiceregion.com\/wp-content\/uploads\/2019\/05\/img146.jpg\" alt=\"\" class=\"wp-image-1590\"\/><\/figure><\/div>\n<!-- \/wp:image -->\n\n<!-- wp:tadv\/classic-paragraph -->\n<h3>T\u00d3 A VULK\u00c1NI HEGYS\u00c9G L\u00c1B\u00c1N\u00c1L<\/h3>\n<p>A Zempl\u00ednska \u0161\u00edrava egy v\u00edzt\u00e1roz\u00f3, amelynek c\u00e9lja az \u00e1rv\u00edzi v\u00e9dekez\u00e9st szolg\u00e1lata. A hely\u00e9n valamikor a n\u00e9met Luftwaffe l\u00e9tes\u00edtett rep\u00fcl\u0151teret a m\u00e1sodik vil\u00e1gh\u00e1bor\u00fa idej\u00e9n. A t\u00e9rs\u00e9g Szlov\u00e1kia legmelegebb ter\u00fcleteinek egyike. A nap itt \u00e1tlagosan \u00e9vi 2200 \u00f3r\u00e1t s\u00fct, ami kifejezetten ide\u00e1lis a v\u00edz melletti pihen\u00e9s szempontj\u00e1b\u00f3l.<\/p>\n<!-- \/wp:tadv\/classic-paragraph -->\n\n<!-- wp:tadv\/classic-paragraph -->\n<h3>\u00dcD\u00dcL\u0150K\u00d6ZPONTOK<\/h3>\n<p>A Biela hora, H\u00f4rka, Medvedia hora, Kalu\u017ea, Kamenec, Kloko\u010dov \u00e9s Pa\u013ekov \u00fcd\u00fcl\u0151k\u00f6zpontokba l\u00e1togat\u00f3k sz\u00f3rakoz\u00e1si \u00e9s pihen\u00e9si lehet\u0151s\u00e9geket egyar\u00e1nt tal\u00e1lnak itt. Az akt\u00edv pihen\u00e9s szerelmeseit h\u00e1rom k\u00fclt\u00e9ri medence, kempingek, vitorl\u00e1z\u00e1s, jetski, cs\u00f3nak\u00e1z\u00e1s, v\u00edzis\u00ed, tenisz, l\u00e1btenisz, r\u00f6plabda, futball \u00e9s egy\u00e9b sportlehet\u0151s\u00e9gek v\u00e1rj\u00e1k.<\/p>\n<!-- \/wp:tadv\/classic-paragraph -->","_hu_post_name":"del-zemplen","_hu_post_excerpt":"","_hu_post_title":"D\u00e9l-Zempl\u00e9n","_es_post_content":"","_es_post_name":"","_es_post_excerpt":"","_es_post_title":"","_de_post_content":"","_de_post_name":"","_de_post_excerpt":"","_de_post_title":"","_pl_post_content":"","_pl_post_name":"","_pl_post_excerpt":"","_pl_post_title":"","_it_post_content":"","_it_post_name":"","_it_post_excerpt":"","_it_post_title":"","edit_language":"en","footnotes":""},"categories":[17],"tags":[],"class_list":["post-1586","post","type-post","status-publish","format-standard","has-post-thumbnail","hentry","category-top"],"acf":[],"yoast_head":"<!-- This site is optimized with the Yoast SEO Premium plugin v25.5 (Yoast SEO v27.4) - https:\/\/yoast.com\/product\/yoast-seo-premium-wordpress\/ -->\n<title>Ko\u0161ice Regi\u00f3n<\/title>\n<meta name=\"description\" content=\"Regi\u00f3n s najchutnej\u0161\u00edm v\u00ednom sveta, ktor\u00fd dotv\u00e1raj\u00fa malebn\u00e9 hony vin\u00edc. Doln\u00fd Zempl\u00edn je krajom \u0161\u00edrych \u00farodn\u00fdch str\u00e1n\u00ed, vinohradov, lu\u017en\u00fdch lesov i tienist\u00fdch h\u00f4r, Kari\u010dky a pozdi\u0161ovskej keramiky. Pre vn\u00edmav\u00e9ho turistu\u2026\" \/>\n<meta name=\"robots\" content=\"index, follow, max-snippet:-1, max-image-preview:large, max-video-preview:-1\" \/>\n<link rel=\"canonical\" href=\"https:\/\/www.kosiceregion.com\/hu\/del-zemplen\/\" \/>\n<meta property=\"og:locale\" content=\"en_GB\" \/>\n<meta property=\"og:type\" content=\"article\" \/>\n<meta property=\"og:title\" content=\"Doln\u00fd Zempl\u00edn\" \/>\n<meta property=\"og:description\" content=\"Regi\u00f3n s najchutnej\u0161\u00edm v\u00ednom sveta, ktor\u00fd dotv\u00e1raj\u00fa malebn\u00e9 hony vin\u00edc. Doln\u00fd Zempl\u00edn je krajom \u0161\u00edrych \u00farodn\u00fdch str\u00e1n\u00ed, vinohradov, lu\u017en\u00fdch lesov i\" \/>\n<meta property=\"og:url\" content=\"https:\/\/www.kosiceregion.com\/en\/wp-json\/wp\/v2\/posts\/1586\" \/>\n<meta property=\"og:site_name\" content=\"Ko\u0161ice Regi\u00f3n\" \/>\n<meta property=\"article:publisher\" content=\"https:\/\/www.facebook.com\/kosiceregion\" \/>\n<meta property=\"article:published_time\" content=\"2019-05-09T13:00:15+00:00\" \/>\n<meta property=\"article:modified_time\" content=\"2019-08-21T21:13:05+00:00\" \/>\n<meta property=\"og:image\" content=\"https:\/\/www.kosiceregion.com\/wp-content\/uploads\/2019\/05\/img122.jpg\" \/>\n\t<meta property=\"og:image:width\" content=\"1072\" \/>\n\t<meta property=\"og:image:height\" content=\"586\" \/>\n\t<meta property=\"og:image:type\" content=\"image\/jpeg\" \/>\n<meta name=\"author\" content=\"admin\" \/>\n<meta name=\"twitter:card\" content=\"summary_large_image\" \/>\n<meta name=\"twitter:creator\" content=\"@KOSICEREGION\" \/>\n<meta name=\"twitter:site\" content=\"@KOSICEREGION\" \/>\n<meta name=\"twitter:label1\" content=\"Written by\" \/>\n\t<meta name=\"twitter:data1\" content=\"admin\" \/>\n\t<meta name=\"twitter:label2\" content=\"Estimated reading time\" \/>\n\t<meta name=\"twitter:data2\" content=\"3 minutes\" \/>\n<script type=\"application\/ld+json\" class=\"yoast-schema-graph\">{\"@context\":\"https:\\\/\\\/schema.org\",\"@graph\":[{\"@type\":\"Article\",\"@id\":\"https:\\\/\\\/www.kosiceregion.com\\\/hu\\\/del-zemplen\\\/#article\",\"isPartOf\":{\"@id\":\"https:\\\/\\\/www.kosiceregion.com\\\/hu\\\/del-zemplen\\\/\"},\"author\":{\"name\":\"admin\",\"@id\":\"https:\\\/\\\/www.kosiceregion.com\\\/#\\\/schema\\\/person\\\/a3b410b349e630c8edb959e58d35ea17\"},\"headline\":\"Doln\u00fd Zempl\u00edn\",\"datePublished\":\"2019-05-09T13:00:15+00:00\",\"dateModified\":\"2019-08-21T21:13:05+00:00\",\"mainEntityOfPage\":{\"@id\":\"https:\\\/\\\/www.kosiceregion.com\\\/hu\\\/del-zemplen\\\/\"},\"wordCount\":591,\"publisher\":{\"@id\":\"https:\\\/\\\/www.kosiceregion.com\\\/#organization\"},\"image\":{\"@id\":\"https:\\\/\\\/www.kosiceregion.com\\\/hu\\\/del-zemplen\\\/#primaryimage\"},\"thumbnailUrl\":\"https:\\\/\\\/www.kosiceregion.com\\\/wp-content\\\/uploads\\\/2019\\\/05\\\/img122.jpg\",\"articleSection\":[\"Top\"],\"inLanguage\":\"en-GB\"},{\"@type\":\"WebPage\",\"@id\":\"https:\\\/\\\/www.kosiceregion.com\\\/hu\\\/del-zemplen\\\/\",\"url\":\"https:\\\/\\\/www.kosiceregion.com\\\/hu\\\/del-zemplen\\\/\",\"name\":\"Doln\u00fd Zempl\u00edn - Ko\u0161ice Regi\u00f3n\",\"isPartOf\":{\"@id\":\"https:\\\/\\\/www.kosiceregion.com\\\/#website\"},\"primaryImageOfPage\":{\"@id\":\"https:\\\/\\\/www.kosiceregion.com\\\/hu\\\/del-zemplen\\\/#primaryimage\"},\"image\":{\"@id\":\"https:\\\/\\\/www.kosiceregion.com\\\/hu\\\/del-zemplen\\\/#primaryimage\"},\"thumbnailUrl\":\"https:\\\/\\\/www.kosiceregion.com\\\/wp-content\\\/uploads\\\/2019\\\/05\\\/img122.jpg\",\"datePublished\":\"2019-05-09T13:00:15+00:00\",\"dateModified\":\"2019-08-21T21:13:05+00:00\",\"description\":\"Regi\u00f3n s najchutnej\u0161\u00edm v\u00ednom sveta, ktor\u00fd dotv\u00e1raj\u00fa malebn\u00e9 hony vin\u00edc. Doln\u00fd Zempl\u00edn je krajom \u0161\u00edrych \u00farodn\u00fdch str\u00e1n\u00ed, vinohradov, lu\u017en\u00fdch lesov i\",\"breadcrumb\":{\"@id\":\"https:\\\/\\\/www.kosiceregion.com\\\/hu\\\/del-zemplen\\\/#breadcrumb\"},\"inLanguage\":\"en-GB\",\"potentialAction\":[{\"@type\":\"ReadAction\",\"target\":[\"https:\\\/\\\/www.kosiceregion.com\\\/hu\\\/del-zemplen\\\/\"]}]},{\"@type\":\"ImageObject\",\"inLanguage\":\"en-GB\",\"@id\":\"https:\\\/\\\/www.kosiceregion.com\\\/hu\\\/del-zemplen\\\/#primaryimage\",\"url\":\"https:\\\/\\\/www.kosiceregion.com\\\/wp-content\\\/uploads\\\/2019\\\/05\\\/img122.jpg\",\"contentUrl\":\"https:\\\/\\\/www.kosiceregion.com\\\/wp-content\\\/uploads\\\/2019\\\/05\\\/img122.jpg\",\"width\":1072,\"height\":586},{\"@type\":\"BreadcrumbList\",\"@id\":\"https:\\\/\\\/www.kosiceregion.com\\\/hu\\\/del-zemplen\\\/#breadcrumb\",\"itemListElement\":[{\"@type\":\"ListItem\",\"position\":1,\"name\":\"Home\",\"item\":\"https:\\\/\\\/www.kosiceregion.com\\\/sk\\\/\"},{\"@type\":\"ListItem\",\"position\":2,\"name\":\"D\u00e9l-Zempl\u00e9n\"}]},{\"@type\":\"WebSite\",\"@id\":\"https:\\\/\\\/www.kosiceregion.com\\\/#website\",\"url\":\"https:\\\/\\\/www.kosiceregion.com\\\/\",\"name\":\"Ko\u0161ice Regi\u00f3n\",\"description\":\"Turistick\u00fd sprievodca Ko\u0161ick\u00fdm krajom\",\"publisher\":{\"@id\":\"https:\\\/\\\/www.kosiceregion.com\\\/#organization\"},\"potentialAction\":[{\"@type\":\"SearchAction\",\"target\":{\"@type\":\"EntryPoint\",\"urlTemplate\":\"https:\\\/\\\/www.kosiceregion.com\\\/?s={search_term_string}\"},\"query-input\":{\"@type\":\"PropertyValueSpecification\",\"valueRequired\":true,\"valueName\":\"search_term_string\"}}],\"inLanguage\":\"en-GB\"},{\"@type\":\"Organization\",\"@id\":\"https:\\\/\\\/www.kosiceregion.com\\\/#organization\",\"name\":\"Ko\u0161ice Regi\u00f3n Turizmus\",\"url\":\"https:\\\/\\\/www.kosiceregion.com\\\/\",\"logo\":{\"@type\":\"ImageObject\",\"inLanguage\":\"en-GB\",\"@id\":\"https:\\\/\\\/www.kosiceregion.com\\\/#\\\/schema\\\/logo\\\/image\\\/\",\"url\":\"https:\\\/\\\/www.kosiceregion.com\\\/wp-content\\\/uploads\\\/2019\\\/03\\\/logo-web-sk.png\",\"contentUrl\":\"https:\\\/\\\/www.kosiceregion.com\\\/wp-content\\\/uploads\\\/2019\\\/03\\\/logo-web-sk.png\",\"width\":225,\"height\":100,\"caption\":\"Ko\u0161ice Regi\u00f3n Turizmus\"},\"image\":{\"@id\":\"https:\\\/\\\/www.kosiceregion.com\\\/#\\\/schema\\\/logo\\\/image\\\/\"},\"sameAs\":[\"https:\\\/\\\/www.facebook.com\\\/kosiceregion\",\"https:\\\/\\\/x.com\\\/KOSICEREGION\",\"https:\\\/\\\/www.instagram.com\\\/kosiceregion\",\"https:\\\/\\\/www.youtube.com\\\/kosiceregion\"]},{\"@type\":\"Person\",\"@id\":\"https:\\\/\\\/www.kosiceregion.com\\\/#\\\/schema\\\/person\\\/a3b410b349e630c8edb959e58d35ea17\",\"name\":\"admin\",\"image\":{\"@type\":\"ImageObject\",\"inLanguage\":\"en-GB\",\"@id\":\"https:\\\/\\\/secure.gravatar.com\\\/avatar\\\/ff684514e5ef32cec7525b9d568f44fc6074207a97f9768a9d8162f4d8ea5d0d?s=96&d=mm&r=g\",\"url\":\"https:\\\/\\\/secure.gravatar.com\\\/avatar\\\/ff684514e5ef32cec7525b9d568f44fc6074207a97f9768a9d8162f4d8ea5d0d?s=96&d=mm&r=g\",\"contentUrl\":\"https:\\\/\\\/secure.gravatar.com\\\/avatar\\\/ff684514e5ef32cec7525b9d568f44fc6074207a97f9768a9d8162f4d8ea5d0d?s=96&d=mm&r=g\",\"caption\":\"admin\"}}]}<\/script>\n<!-- \/ Yoast SEO Premium plugin. -->","yoast_head_json":{"title":"Ko\u0161ice Regi\u00f3n","description":"Regi\u00f3n s najchutnej\u0161\u00edm v\u00ednom sveta, ktor\u00fd dotv\u00e1raj\u00fa malebn\u00e9 hony vin\u00edc. Doln\u00fd Zempl\u00edn je krajom \u0161\u00edrych \u00farodn\u00fdch str\u00e1n\u00ed, vinohradov, lu\u017en\u00fdch lesov i tienist\u00fdch h\u00f4r, Kari\u010dky a pozdi\u0161ovskej keramiky. Pre vn\u00edmav\u00e9ho turistu\u2026","robots":{"index":"index","follow":"follow","max-snippet":"max-snippet:-1","max-image-preview":"max-image-preview:large","max-video-preview":"max-video-preview:-1"},"canonical":"https:\/\/www.kosiceregion.com\/hu\/del-zemplen\/","og_locale":"en_GB","og_type":"article","og_title":"Doln\u00fd Zempl\u00edn","og_description":"Regi\u00f3n s najchutnej\u0161\u00edm v\u00ednom sveta, ktor\u00fd dotv\u00e1raj\u00fa malebn\u00e9 hony vin\u00edc. Doln\u00fd Zempl\u00edn je krajom \u0161\u00edrych \u00farodn\u00fdch str\u00e1n\u00ed, vinohradov, lu\u017en\u00fdch lesov i","og_url":"https:\/\/www.kosiceregion.com\/en\/wp-json\/wp\/v2\/posts\/1586","og_site_name":"Ko\u0161ice Regi\u00f3n","article_publisher":"https:\/\/www.facebook.com\/kosiceregion","article_published_time":"2019-05-09T13:00:15+00:00","article_modified_time":"2019-08-21T21:13:05+00:00","og_image":[{"width":1072,"height":586,"url":"https:\/\/www.kosiceregion.com\/wp-content\/uploads\/2019\/05\/img122.jpg","type":"image\/jpeg"}],"author":"admin","twitter_card":"summary_large_image","twitter_creator":"@KOSICEREGION","twitter_site":"@KOSICEREGION","twitter_misc":{"Written by":"admin","Estimated reading time":"3 minutes"},"schema":{"@context":"https:\/\/schema.org","@graph":[{"@type":"Article","@id":"https:\/\/www.kosiceregion.com\/hu\/del-zemplen\/#article","isPartOf":{"@id":"https:\/\/www.kosiceregion.com\/hu\/del-zemplen\/"},"author":{"name":"admin","@id":"https:\/\/www.kosiceregion.com\/#\/schema\/person\/a3b410b349e630c8edb959e58d35ea17"},"headline":"Doln\u00fd Zempl\u00edn","datePublished":"2019-05-09T13:00:15+00:00","dateModified":"2019-08-21T21:13:05+00:00","mainEntityOfPage":{"@id":"https:\/\/www.kosiceregion.com\/hu\/del-zemplen\/"},"wordCount":591,"publisher":{"@id":"https:\/\/www.kosiceregion.com\/#organization"},"image":{"@id":"https:\/\/www.kosiceregion.com\/hu\/del-zemplen\/#primaryimage"},"thumbnailUrl":"https:\/\/www.kosiceregion.com\/wp-content\/uploads\/2019\/05\/img122.jpg","articleSection":["Top"],"inLanguage":"en-GB"},{"@type":"WebPage","@id":"https:\/\/www.kosiceregion.com\/hu\/del-zemplen\/","url":"https:\/\/www.kosiceregion.com\/hu\/del-zemplen\/","name":"Doln\u00fd Zempl\u00edn - Ko\u0161ice Regi\u00f3n","isPartOf":{"@id":"https:\/\/www.kosiceregion.com\/#website"},"primaryImageOfPage":{"@id":"https:\/\/www.kosiceregion.com\/hu\/del-zemplen\/#primaryimage"},"image":{"@id":"https:\/\/www.kosiceregion.com\/hu\/del-zemplen\/#primaryimage"},"thumbnailUrl":"https:\/\/www.kosiceregion.com\/wp-content\/uploads\/2019\/05\/img122.jpg","datePublished":"2019-05-09T13:00:15+00:00","dateModified":"2019-08-21T21:13:05+00:00","description":"Regi\u00f3n s najchutnej\u0161\u00edm v\u00ednom sveta, ktor\u00fd dotv\u00e1raj\u00fa malebn\u00e9 hony vin\u00edc. Doln\u00fd Zempl\u00edn je krajom \u0161\u00edrych \u00farodn\u00fdch str\u00e1n\u00ed, vinohradov, lu\u017en\u00fdch lesov i","breadcrumb":{"@id":"https:\/\/www.kosiceregion.com\/hu\/del-zemplen\/#breadcrumb"},"inLanguage":"en-GB","potentialAction":[{"@type":"ReadAction","target":["https:\/\/www.kosiceregion.com\/hu\/del-zemplen\/"]}]},{"@type":"ImageObject","inLanguage":"en-GB","@id":"https:\/\/www.kosiceregion.com\/hu\/del-zemplen\/#primaryimage","url":"https:\/\/www.kosiceregion.com\/wp-content\/uploads\/2019\/05\/img122.jpg","contentUrl":"https:\/\/www.kosiceregion.com\/wp-content\/uploads\/2019\/05\/img122.jpg","width":1072,"height":586},{"@type":"BreadcrumbList","@id":"https:\/\/www.kosiceregion.com\/hu\/del-zemplen\/#breadcrumb","itemListElement":[{"@type":"ListItem","position":1,"name":"Home","item":"https:\/\/www.kosiceregion.com\/sk\/"},{"@type":"ListItem","position":2,"name":"D\u00e9l-Zempl\u00e9n"}]},{"@type":"WebSite","@id":"https:\/\/www.kosiceregion.com\/#website","url":"https:\/\/www.kosiceregion.com\/","name":"Ko\u0161ice Regi\u00f3n","description":"Turistick\u00fd sprievodca Ko\u0161ick\u00fdm krajom","publisher":{"@id":"https:\/\/www.kosiceregion.com\/#organization"},"potentialAction":[{"@type":"SearchAction","target":{"@type":"EntryPoint","urlTemplate":"https:\/\/www.kosiceregion.com\/?s={search_term_string}"},"query-input":{"@type":"PropertyValueSpecification","valueRequired":true,"valueName":"search_term_string"}}],"inLanguage":"en-GB"},{"@type":"Organization","@id":"https:\/\/www.kosiceregion.com\/#organization","name":"Ko\u0161ice Regi\u00f3n Turizmus","url":"https:\/\/www.kosiceregion.com\/","logo":{"@type":"ImageObject","inLanguage":"en-GB","@id":"https:\/\/www.kosiceregion.com\/#\/schema\/logo\/image\/","url":"https:\/\/www.kosiceregion.com\/wp-content\/uploads\/2019\/03\/logo-web-sk.png","contentUrl":"https:\/\/www.kosiceregion.com\/wp-content\/uploads\/2019\/03\/logo-web-sk.png","width":225,"height":100,"caption":"Ko\u0161ice Regi\u00f3n Turizmus"},"image":{"@id":"https:\/\/www.kosiceregion.com\/#\/schema\/logo\/image\/"},"sameAs":["https:\/\/www.facebook.com\/kosiceregion","https:\/\/x.com\/KOSICEREGION","https:\/\/www.instagram.com\/kosiceregion","https:\/\/www.youtube.com\/kosiceregion"]},{"@type":"Person","@id":"https:\/\/www.kosiceregion.com\/#\/schema\/person\/a3b410b349e630c8edb959e58d35ea17","name":"admin","image":{"@type":"ImageObject","inLanguage":"en-GB","@id":"https:\/\/secure.gravatar.com\/avatar\/ff684514e5ef32cec7525b9d568f44fc6074207a97f9768a9d8162f4d8ea5d0d?s=96&d=mm&r=g","url":"https:\/\/secure.gravatar.com\/avatar\/ff684514e5ef32cec7525b9d568f44fc6074207a97f9768a9d8162f4d8ea5d0d?s=96&d=mm&r=g","contentUrl":"https:\/\/secure.gravatar.com\/avatar\/ff684514e5ef32cec7525b9d568f44fc6074207a97f9768a9d8162f4d8ea5d0d?s=96&d=mm&r=g","caption":"admin"}}]}},"_links":{"self":[{"href":"https:\/\/www.kosiceregion.com\/en\/wp-json\/wp\/v2\/posts\/1586","targetHints":{"allow":["GET"]}}],"collection":[{"href":"https:\/\/www.kosiceregion.com\/en\/wp-json\/wp\/v2\/posts"}],"about":[{"href":"https:\/\/www.kosiceregion.com\/en\/wp-json\/wp\/v2\/types\/post"}],"author":[{"embeddable":true,"href":"https:\/\/www.kosiceregion.com\/en\/wp-json\/wp\/v2\/users\/1"}],"replies":[{"embeddable":true,"href":"https:\/\/www.kosiceregion.com\/en\/wp-json\/wp\/v2\/comments?post=1586"}],"version-history":[{"count":3,"href":"https:\/\/www.kosiceregion.com\/en\/wp-json\/wp\/v2\/posts\/1586\/revisions"}],"predecessor-version":[{"id":2804,"href":"https:\/\/www.kosiceregion.com\/en\/wp-json\/wp\/v2\/posts\/1586\/revisions\/2804"}],"wp:featuredmedia":[{"embeddable":true,"href":"https:\/\/www.kosiceregion.com\/en\/wp-json\/wp\/v2\/media\/1587"}],"wp:attachment":[{"href":"https:\/\/www.kosiceregion.com\/en\/wp-json\/wp\/v2\/media?parent=1586"}],"wp:term":[{"taxonomy":"category","embeddable":true,"href":"https:\/\/www.kosiceregion.com\/en\/wp-json\/wp\/v2\/categories?post=1586"},{"taxonomy":"post_tag","embeddable":true,"href":"https:\/\/www.kosiceregion.com\/en\/wp-json\/wp\/v2\/tags?post=1586"}],"curies":[{"name":"wp","href":"https:\/\/api.w.org\/{rel}","templated":true}]}}