{"id":3237,"date":"2020-04-01T12:16:22","date_gmt":"2020-04-01T10:16:22","guid":{"rendered":"https:\/\/www.kosiceregion.com\/sk\/?p=3237"},"modified":"2020-05-25T12:11:28","modified_gmt":"2020-05-25T10:11:28","slug":"","status":"publish","type":"post","link":"https:\/\/www.kosiceregion.com\/en\/miesta-ktore-v-kosickom-kraji-musite-vidiet\/","title":{"rendered":"","raw":""},"content":{"rendered":"","protected":false,"raw":""},"excerpt":{"rendered":"","protected":false,"raw":""},"author":4,"featured_media":3247,"comment_status":"closed","ping_status":"closed","sticky":false,"template":"","format":"standard","meta":{"_acf_changed":false,"_sk_post_content":"<!-- wp:tadv\/classic-paragraph -->\n<p><strong>Ka\u017ed\u00e1 destin\u00e1cia m\u00e1 miesta, ktor\u00e9 by mal nav\u0161t\u00edvi\u0165 ka\u017ed\u00fd prav\u00fd objavite\u013e. Ko\u0161ick\u00fd kraj lemuje n\u00e1dhern\u00e1 pr\u00edroda N\u00e1rodn\u00e9ho parku Slovensk\u00fd raj \u010di podzemn\u00e9 bohatstvo Slovensk\u00e9ho krasu a\u00a0gotick\u00e9 poklady na Gemeri. V\u00a0druhom najv\u00e4\u010d\u0161om meste Slovenska za\u017eijete metropolitn\u00fa atmosf\u00e9ru so v\u0161etk\u00fdm, \u010do k\u00a0tomu patr\u00ed. A\u00a0gurm\u00e1nske z\u00e1\u017eitky v\u00e1m zas pon\u00faka najmen\u0161ia vinohradn\u00edcka oblas\u0165 krajiny.<\/strong><\/p>\n<!-- \/wp:tadv\/classic-paragraph -->\n\n<!-- wp:heading -->\n<h2>Historick\u00e9 Ko\u0161ice<\/h2>\n<!-- \/wp:heading -->\n\n<!-- wp:tadv\/classic-paragraph -->\n<p>M\u00e1loktor\u00e9 slovensk\u00e9 mesto s\u00fastre\u010fuje priamo vo svojom centre to\u013eko jedine\u010dn\u00fdch a&nbsp;v\u00fdznamn\u00fdch pamiatok ako Ko\u0161ice. Aj preto je <strong>najv\u00e4\u010d\u0161ou mestskou pamiatkovou rezerv\u00e1ciou<\/strong> krajiny. V&nbsp;letn\u00fdch mesiacoch, ke\u010f Hlavn\u00fa ulicu zaplnia stoly re\u0161taur\u00e1ci\u00ed a kaviarn\u00ed, dost\u00e1va centrum <a href=\"https:\/\/www.kosiceregion.com\/sk\/destination\/kosice\/\">Ko\u0161\u00edc<\/a> priam stredomorsk\u00fd n\u00e1dych.<\/p>\n<!-- \/wp:tadv\/classic-paragraph -->\n\n<!-- wp:image {\"id\":3239,\"sizeSlug\":\"full\"} -->\n<figure class=\"wp-block-image size-full\"><img src=\"https:\/\/www.kosiceregion.com\/wp-content\/uploads\/2020\/04\/85-Stas_Kosice_Dom-sv-Alzbety-v-jari_Pohlad-od-Immaculaty-na-vezu-gotickeho-chramu_2012-Ja\u0301n-Stas\u030c-1.jpg\" alt=\"ko\u0161ice\" class=\"wp-image-3239\"\/><\/figure>\n<!-- \/wp:image -->\n\n<!-- wp:heading -->\n<h2>Taba\u010dka Kulturfabrik<\/h2>\n<!-- \/wp:heading -->\n\n<!-- wp:tadv\/classic-paragraph -->\n<p>V&nbsp;are\u00e1li b\u00fdvalej tabakovej tov\u00e1rne v&nbsp;Ko\u0161iciach sa us\u00eddlilo s\u00fa\u010dasn\u00e9 umenie, divadlo, multim\u00e9di\u00e1, ale aj verejn\u00e9 diskusie a&nbsp;t\u00e9my ob\u010dianskej spolo\u010dnosti. Taba\u010dka Kulturfabrik je unik\u00e1tne <a href=\"https:\/\/www.tabacka.sk\/\">centrum<\/a> <strong>kreat\u00edvneho priemyslu<\/strong> na v\u00fdchodnom Slovensku.<\/p>\n<!-- \/wp:tadv\/classic-paragraph -->\n\n<!-- wp:image {\"id\":3253,\"sizeSlug\":\"full\"} -->\n<figure class=\"wp-block-image size-full\"><img src=\"https:\/\/www.kosiceregion.com\/wp-content\/uploads\/2020\/04\/80390354_10157571664290977_5871387595493081088_o-1.jpg\" alt=\"taba\u010dka kulturfabrik\" class=\"wp-image-3253\"\/><\/figure>\n<!-- \/wp:image -->\n\n<!-- wp:heading -->\n<h2>Slovensk\u00fd raj<\/h2>\n<!-- \/wp:heading -->\n\n<!-- wp:tadv\/classic-paragraph -->\n<p>N\u00e1dhern\u00e1 pr\u00edroda, do ktorej sa zamilujete na prv\u00fd poh\u013ead. Spravte si dobrodru\u017en\u00fa t\u00faru po magick\u00fdch ka\u0148onoch N\u00e1rodn\u00e9ho <a href=\"https:\/\/www.kosiceregion.com\/sk\/destination\/spis-a-slovensky-raj\/\">parku<\/a> Slovensk\u00fd raj, vylezte po <strong>\u017eelezn\u00fdch rebr\u00edkoch<\/strong> lemuj\u00facich legend\u00e1rne scen\u00e9rie s&nbsp;<strong>vodop\u00e1dmi<\/strong>. Aj ke\u010f je len jeden, Slovensk\u00fd raj m\u00f4\u017eete za\u017ei\u0165 na nekone\u010dn\u00e9 mno\u017estvo sp\u00f4sobov.<\/p>\n<!-- \/wp:tadv\/classic-paragraph -->\n\n<!-- wp:image {\"id\":3241,\"sizeSlug\":\"full\"} -->\n<figure class=\"wp-block-image size-full\"><img src=\"https:\/\/www.kosiceregion.com\/wp-content\/uploads\/2020\/04\/Slovensky\u0301-raj-vodopa\u0301d.jpg\" alt=\"slovensk\u00fd raj\" class=\"wp-image-3241\"\/><\/figure>\n<!-- \/wp:image -->\n\n<!-- wp:heading -->\n<h2>Vinohradn\u00edcka oblas\u0165 Tokaj<\/h2>\n<!-- \/wp:heading -->\n\n<!-- wp:tadv\/classic-paragraph -->\n<p>Tokajsk\u00e1 vinohradn\u00edcka <a href=\"https:\/\/www.kosiceregion.com\/sk\/destination\/tokaj\/\">oblas\u0165<\/a> je najmen\u0161ou vinohradn\u00edckou oblas\u0165ou na Slovensku. Napriek tomu v\u00edna z&nbsp;tunaj\u0161\u00edch rodinn\u00fdch vin\u00e1rstiev \u017en\u00fa \u00faspech doma i&nbsp;v zahrani\u010d\u00ed. Ich nezamenite\u013en\u00e1 <strong>chu\u0165 a&nbsp;kvalita<\/strong> s\u00fa d\u00f4vodom, kv\u00f4li ktor\u00e9mu by ste malebn\u00fd kus zeme na juhov\u00fdchode Slovenska mali vidie\u0165. A&nbsp;mo\u017eno aj z&nbsp;nadh\u013eadu unik\u00e1tnej <strong>vyhliadkovej ve\u017ee<\/strong> v&nbsp;tvare v\u00ednneho suda.<\/p>\n<!-- \/wp:tadv\/classic-paragraph -->\n\n<!-- wp:image {\"id\":3252,\"sizeSlug\":\"full\"} -->\n<figure class=\"wp-block-image size-full\"><img src=\"https:\/\/www.kosiceregion.com\/wp-content\/uploads\/2020\/04\/TOKAJ_VEZA_ILU-3.jpg\" alt=\"vinohradn\u00edcka oblas\u0165 tokaj\" class=\"wp-image-3252\"\/><\/figure>\n<!-- \/wp:image -->\n\n<!-- wp:heading -->\n<h2>Mauz\u00f3leum Andr\u00e1ssyovcov<\/h2>\n<!-- \/wp:heading -->\n\n<!-- wp:tadv\/classic-paragraph -->\n<p>Na Gemeri stoj\u00ed skvostn\u00e1 stavba, ktorej sa zvykne hovori\u0165 aj <strong>\u201eslovensk\u00fd T\u00e1d\u017e Mah\u00e1l\u201c<\/strong>. Mauz\u00f3leum Andr\u00e1ssyovcov v&nbsp;Kr\u00e1snohorskom Podhrad\u00ed dal postavi\u0165 gr\u00f3f Dion\u00fdz Andr\u00e1ssy po smrti man\u017eelky. Ojedinel\u00e1 secesn\u00e1 stavba z&nbsp;\u00fapln\u00e9ho za\u010diatku 20. storo\u010dia nesie rukopis mn\u00edchovsk\u00e9ho Jugendstilu \u2013 pl\u00e1n mauz\u00f3lea vyhotovil vtedy iba 28-ro\u010dn\u00fd Richard Berndl.<\/p>\n<!-- \/wp:tadv\/classic-paragraph -->\n\n<!-- wp:image {\"id\":3243,\"sizeSlug\":\"full\"} -->\n<figure class=\"wp-block-image size-full\"><img src=\"https:\/\/www.kosiceregion.com\/wp-content\/uploads\/2020\/04\/mauzoleum-viktor-wurm.jpg\" alt=\"\" class=\"wp-image-3243\"\/><\/figure>\n<!-- \/wp:image -->\n\n<!-- wp:heading -->\n<h2>Z\u00e1dielska ties\u0148ava<\/h2>\n<!-- \/wp:heading -->\n\n<!-- wp:tadv\/classic-paragraph -->\n<p>Turistika nemus\u00ed by\u0165 len o fyzickom nasaden\u00ed a&nbsp;zdol\u00e1van\u00ed dia\u013ekov\u00fdch i&nbsp;v\u00fd\u0161kov\u00fdch metrov. Niekedy to m\u00f4\u017ee by\u0165 aj celkom pekn\u00e1 romantika. Z\u00e1dielska <a href=\"https:\/\/www.kosiceregion.com\/sk\/poi\/zadielska-tiesnava-slovensky-kras\/\">ties\u0148ava<\/a>, dlh\u00e1 <strong>2,2 kilometra<\/strong>, patr\u00ed medzi najkraj\u0161ie doliny na Slovensku. V&nbsp;naju\u017e\u0161\u00edch miestach <strong>m\u00e1 \u0161\u00edrku iba 10 metrov<\/strong> a&nbsp;prech\u00e1dza v\u00e1pencov\u00fdm prierezom krasov\u00fdch plan\u00edn Slovensk\u00e9ho krasu.<\/p>\n<!-- \/wp:tadv\/classic-paragraph -->\n\n<!-- wp:image {\"id\":3244,\"sizeSlug\":\"full\"} -->\n<figure class=\"wp-block-image size-full\"><img src=\"https:\/\/www.kosiceregion.com\/wp-content\/uploads\/2020\/04\/04-Zadiel-Szabo-2.jpg\" alt=\"\" class=\"wp-image-3244\"\/><\/figure>\n<!-- \/wp:image -->\n\n<!-- wp:heading -->\n<h2>Ka\u0161tie\u013e v Betliari<\/h2>\n<!-- \/wp:heading -->\n\n<!-- wp:tadv\/classic-paragraph -->\n<p>Ka\u0161tie\u013e v&nbsp;Betliari je slovenskou raritou. Nepostihol ho toti\u017e smutn\u00fd osud podobn\u00fdch \u0161\u013eachtick\u00fdch rezidenci\u00ed. Pr\u00e1ve v\u010faka tomu s\u00fa predmety vystaven\u00e9 v&nbsp;interi\u00e9ri autentick\u00fdm majetkom <strong>rodu Andr\u00e1ssyovcov<\/strong> \u2013 najv\u00fdznamnej\u0161\u00edch aristokratov Eur\u00f3py 19. storo\u010dia. V&nbsp;<a href=\"https:\/\/www.kosiceregion.com\/sk\/poi\/kastiel-betliar-a-anglicky-park\/\">ka\u0161tieli<\/a> sa nach\u00e1dza aj gr\u00f3fska kni\u017enica s&nbsp;<strong>15-tis\u00edc zv\u00e4zkami<\/strong> kn\u00edh, nov\u00edn a&nbsp;\u010dasopisov. Budovu obklopuje <strong>jeden z&nbsp;najkraj\u0161\u00edch anglick\u00fdch parkov<\/strong> na Slovensku, zap\u00edsan\u00fd aj na Zoznam v\u00fdznamn\u00fdch historick\u00fdch z\u00e1hrad sveta.<\/p>\n<!-- \/wp:tadv\/classic-paragraph -->\n\n<!-- wp:image {\"id\":3246,\"sizeSlug\":\"full\"} -->\n<figure class=\"wp-block-image size-full\"><img src=\"https:\/\/www.kosiceregion.com\/wp-content\/uploads\/2020\/04\/64-betliar-1.jpeg\" alt=\"ka\u0161tie\u013e betliar\" class=\"wp-image-3246\"\/><\/figure>\n<!-- \/wp:image -->\n\n<!-- wp:heading -->\n<h2>Thermal \u0160\u00edrava SPA Resort<\/h2>\n<!-- \/wp:heading -->\n\n<!-- wp:tadv\/classic-paragraph -->\n<p>Pre deti z\u00e1bava vo vode a&nbsp;pre dospel\u00fdch blahodarn\u00fd odpo\u010dinok vo wellness \u010di lie\u010div\u00fd pobyt v&nbsp;term\u00e1lnej vode. Thermal \u0160\u00edrava SPA <a href=\"https:\/\/www.kosiceregion.com\/sk\/poi\/thermal-sirava-spa-resort\/\">Resort<\/a> je z\u00e1sobovan\u00fd vodou z&nbsp;geoterm\u00e1lneho vrtu <strong>z&nbsp;h\u013abky takmer jedn\u00e9ho kilometra<\/strong>. N\u00e1jdete tu nieko\u013eko baz\u00e9nov pod strechou, vonku lie\u010div\u00e9 baz\u00e9ny a navy\u0161e&nbsp;wellness na ploche 800 metrov \u0161tvorcov\u00fdch.<\/p>\n<!-- \/wp:tadv\/classic-paragraph -->\n\n<!-- wp:image {\"id\":3245,\"sizeSlug\":\"full\"} -->\n<figure class=\"wp-block-image size-full\"><img src=\"https:\/\/www.kosiceregion.com\/wp-content\/uploads\/2020\/04\/OTVORENIE_2014_001.jpg\" alt=\"thermal \u0161\u00edrava spa resort\" class=\"wp-image-3245\"\/><\/figure>\n<!-- \/wp:image -->","_sk_post_name":"miesta-ktore-v-kosickom-kraji-musite-vidiet","_sk_post_excerpt":"Ka\u017ed\u00e1 destin\u00e1cia m\u00e1 miesta, ktor\u00e9 by mal nav\u0161t\u00edvi\u0165 ka\u017ed\u00fd prav\u00fd objavite\u013e. Ko\u0161ick\u00fd kraj lemuje n\u00e1dhern\u00e1 pr\u00edroda, podzemn\u00e9 i historick\u00e9 bohatstvo.","_sk_post_title":"Miesta, ktor\u00e9 v Ko\u0161ickom kraji mus\u00edte vidie\u0165","_en_post_content":"","_en_post_name":"","_en_post_excerpt":"","_en_post_title":"","_hu_post_content":"<!-- wp:tadv\/classic-paragraph -->\n<p><strong>Mindenhol vannak olyan helysz\u00ednek, amelyeket mindenk\u00e9ppen l\u00e1tnia kell az arra j\u00e1r\u00f3knak. A Kassai ker\u00fcletet egyr\u00e9szt a Szlov\u00e1k Paradicsom Nemzeti Park, m\u00e1sr\u00e9szt a Szlov\u00e1k Karszt f\u00f6ldfelsz\u00edn alatti gazdas\u00e1ga \u00e9s a G\u00f6m\u00f6r g\u00f3tikus kincsei fogj\u00e1k k\u00f6rbe. Szlov\u00e1kia m\u00e1sodik legnagyobb v\u00e1ros\u00e1ban \u00e1t\u00e9lheti az igazi nagyv\u00e1rosi hangulatot, annak minden tartoz\u00e9k\u00e1val. Az \u00ednyenc \u00e9lm\u00e9nyekr\u0151l pedig az orsz\u00e1g legkisebb sz\u0151l\u0151termeszt\u0151 vid\u00e9ke gondoskodik.<\/strong><\/p>\n<!-- \/wp:tadv\/classic-paragraph -->\n\n<!-- wp:heading -->\n<h2><strong>A t\u00f6rt\u00e9nelmi Kassa<\/strong><\/h2>\n<!-- \/wp:heading -->\n\n<!-- wp:tadv\/classic-paragraph -->\n<p>A mint Kass\u00e1n. Ez\u00e9rt is van itt <strong>az orsz\u00e1g legnagyobb kiterjed\u00e9s\u0171 v\u00e1rosi m\u0171eml\u00e9kv\u00e9delmi \u00f6vezete.<\/strong> A ny\u00e1ri h\u00f3napokban, amikor a F\u0151 utc\u00e1t ellepik a k\u00e1v\u00e9z\u00f3k \u00e9s \u00e9ttermek ny\u00e1ri teraszai, <a href=\"https:\/\/www.kosiceregion.com\/hu\/destination\/kassa\/\">Kass\u00e1n<\/a> szinte mediterr\u00e1n a hangulat.\u00a0\u00a0\u00a0\u00a0 \u00a0\u00a0\u00a0\u00a0 <\/p>\n<!-- \/wp:tadv\/classic-paragraph -->\n\n<!-- wp:image {\"id\":3239,\"sizeSlug\":\"full\"} -->\n<figure class=\"wp-block-image size-full\"><img src=\"https:\/\/www.kosiceregion.com\/wp-content\/uploads\/2020\/04\/85-Stas_Kosice_Dom-sv-Alzbety-v-jari_Pohlad-od-Immaculaty-na-vezu-gotickeho-chramu_2012-Ja\u0301n-Stas\u030c-1.jpg\" alt=\"ko\u0161ice\" class=\"wp-image-3239\"\/><\/figure>\n<!-- \/wp:image -->\n\n<!-- wp:heading -->\n<h2><strong>Taba\u010dka Kulturfabrik<\/strong><\/h2>\n<!-- \/wp:heading -->\n\n<!-- wp:tadv\/classic-paragraph -->\n<p>Az egykori doh\u00e1nygy\u00e1r \u00e9p\u00fclet\u00e9ben Kass\u00e1n a kort\u00e1rs m\u0171v\u00e9szetek kaptak helyet: sz\u00ednh\u00e1z, multimedi\u00e1lis zs\u00e1nerek, nyilv\u00e1nos eszmecser\u00e9k, a polg\u00e1ri t\u00e1rsadalom t\u00e9m\u00e1i. A <a href=\"https:\/\/www.tabacka.sk\/\">Taba\u010dka Kulturfabrik<\/a> a kreat\u00edv ipar egyedi k\u00f6zpontja Kelet-Szlov\u00e1ki\u00e1ban.\u00a0<\/p>\n<!-- \/wp:tadv\/classic-paragraph -->\n\n<!-- wp:image {\"id\":3253,\"sizeSlug\":\"full\"} -->\n<figure class=\"wp-block-image size-full\"><img src=\"https:\/\/www.kosiceregion.com\/wp-content\/uploads\/2020\/04\/80390354_10157571664290977_5871387595493081088_o-1.jpg\" alt=\"taba\u010dka kulturfabrik\" class=\"wp-image-3253\"\/><\/figure>\n<!-- \/wp:image -->\n\n<!-- wp:heading -->\n<h2><strong>Szlov\u00e1k Paradicsom<\/strong><\/h2>\n<!-- \/wp:heading -->\n\n<!-- wp:tadv\/classic-paragraph -->\n<p>Leny\u0171g\u00f6z\u0151 term\u00e9szet, amely els\u0151 l\u00e1t\u00e1sra rabul ejt. Induljon el egy kalandos \u00f6sv\u00e9nyen a <a href=\"https:\/\/www.kosiceregion.com\/hu\/destination\/a-szepesseg-es-a-szlovak-paradicsom\/\">Szlov\u00e1k Paradicsom Nemzeti park<\/a> m\u00e1gikus szurdokain \u00e1t, m\u00e1sszon fel a vasl\u00e9tr\u00e1kon, zuhog\u00f3 v\u00edzes\u00e9sek legend\u00e1s h\u00e1tter\u00e9ben. Ugyan csak egy van bel\u0151le, a Szlov\u00e1k Paradicsomot m\u00e9gis v\u00e9gtelen sok m\u00f3don meg\u00e9lhetj\u00fck.<\/p>\n<!-- \/wp:tadv\/classic-paragraph -->\n\n<!-- wp:image {\"id\":3241,\"sizeSlug\":\"full\"} -->\n<figure class=\"wp-block-image size-full\"><img src=\"https:\/\/www.kosiceregion.com\/wp-content\/uploads\/2020\/04\/Slovensky\u0301-raj-vodopa\u0301d.jpg\" alt=\"slovensk\u00fd raj\" class=\"wp-image-3241\"\/><\/figure>\n<!-- \/wp:image -->\n\n<!-- wp:heading -->\n<h2><strong>Tokaji borvid\u00e9k<\/strong><\/h2>\n<!-- \/wp:heading -->\n\n<!-- wp:tadv\/classic-paragraph -->\n<p>A <a href=\"https:\/\/www.kosiceregion.com\/hu\/destination\/tokaj\/\">Tokaji borvid\u00e9k<\/a> a legkisebb sz\u0151l\u0151termel\u0151 vid\u00e9k Szlov\u00e1ki\u00e1ban, \u00e1m ennek ellen\u00e9re az itt megalkotott borok a hazai \u00e9s nemzetk\u00f6zi piacokon is kiv\u00e1l\u00f3an szerepelnek. Az egyedi, semmivel sem \u00f6sszet\u00e9veszthet\u0151 \u00edz \u00e9s min\u0151s\u00e9g mindenk\u00e9ppen j\u00f3 ok arra, hogy megl\u00e1togassuk D\u00e9l-Szlov\u00e1kia eme fest\u0151i cs\u00fccsk\u00e9t. Esetleg egy hord\u00f3 alak\u00fa kil\u00e1t\u00f3 tetej\u00e9r\u0151l is k\u00f6r\u00fcln\u00e9zve. \u00a0\u00a0\u00a0\u00a0<\/p>\n<!-- \/wp:tadv\/classic-paragraph -->\n\n<!-- wp:image {\"id\":3252,\"sizeSlug\":\"full\"} -->\n<figure class=\"wp-block-image size-full\"><img src=\"https:\/\/www.kosiceregion.com\/wp-content\/uploads\/2020\/04\/TOKAJ_VEZA_ILU-3.jpg\" alt=\"vinohradn\u00edcka oblas\u0165 tokaj\" class=\"wp-image-3252\"\/><\/figure>\n<!-- \/wp:image -->\n\n<!-- wp:heading -->\n<h2><strong>Andr\u00e1ssy \u2013 mauz\u00f3leum<\/strong><\/h2>\n<!-- \/wp:heading -->\n\n<!-- wp:tadv\/classic-paragraph -->\n<p>G\u00f6m\u00f6rben \u00e1ll egy leny\u0171g\u00f6z\u0151 sz\u00e9ps\u00e9g\u0171 \u00e9p\u00fclet, amelyet a <strong>szlov\u00e1k Tadzs M\u00e1h\u00e1lk\u00e9nt<\/strong> is emlegetnek. Az Andr\u00e1ssyak mauz\u00f3leum\u00e1t Krasznahorkav\u00e1ralj\u00e1n Andr\u00e1ssy D\u00e9nes gr\u00f3f \u00e9p\u00edtette, feles\u00e9ge hal\u00e1la ut\u00e1n.\u00a0 A XX. sz\u00e1zad legelej\u00e9n alkotott egyed\u00fcl\u00e1ll\u00f3 szecesszi\u00f3s \u00e9p\u00edtm\u00e9ny a m\u00fcncheni jugendstil k\u00e9zjegyeit viseli. A terveit az akkor csup\u00e1n 28 \u00e9ves Richard Berndl k\u00e9sz\u00edtette.<\/p>\n<!-- \/wp:tadv\/classic-paragraph -->\n\n<!-- wp:image {\"id\":3243,\"sizeSlug\":\"full\"} -->\n<figure class=\"wp-block-image size-full\"><img src=\"https:\/\/www.kosiceregion.com\/wp-content\/uploads\/2020\/04\/mauzoleum-viktor-wurm.jpg\" alt=\"\" class=\"wp-image-3243\"\/><\/figure>\n<!-- \/wp:image -->\n\n<!-- wp:heading -->\n<h2><strong>A Sz\u00e1del\u0151i-v\u00f6lgy<\/strong><\/h2>\n<!-- \/wp:heading -->\n\n<!-- wp:tadv\/classic-paragraph -->\n<p>A t\u00far\u00e1z\u00e1s nem kell, hogy felt\u00e9tlen\u00fcl a fizikai meger\u0151ltet\u00e9sr\u0151l \u00e9s nagy magass\u00e1gokr\u00f3l sz\u00f3ljon. Id\u0151nk\u00e9nt ak\u00e1r romantikusra is hangolhat\u00f3. A <strong>2,2 km hossz\u00fa<\/strong> <a href=\"https:\/\/www.kosiceregion.com\/hu\/poi\/szadelo-volgy-szlovak-karszt-zadielska-tiesnava-slovensky-kras\/\">Sz\u00e1del\u0151i-v\u00f6lgy<\/a> a legyszebbek k\u00f6z\u00e9 tartozik Szlov\u00e1ki\u00e1ban. Legsz\u0171kebb pontj\u00e1n csup\u00e1n<strong> 10 m\u00e9ter sz\u00e9les<\/strong>, \u00e1tszeli a Szlov\u00e1k Karszt m\u00e9szk\u00f6ves fenns\u00edkjait.<\/p>\n<!-- \/wp:tadv\/classic-paragraph -->\n\n<!-- wp:image {\"id\":3244,\"sizeSlug\":\"full\"} -->\n<figure class=\"wp-block-image size-full\"><img src=\"https:\/\/www.kosiceregion.com\/wp-content\/uploads\/2020\/04\/04-Zadiel-Szabo-2.jpg\" alt=\"\" class=\"wp-image-3244\"\/><\/figure>\n<!-- \/wp:image -->\n\n<!-- wp:heading -->\n<h2><strong>A Betl\u00e9ri-kast\u00e9ly<\/strong><\/h2>\n<!-- \/wp:heading -->\n\n<!-- wp:tadv\/classic-paragraph -->\n<p>A <a href=\"https:\/\/www.kosiceregion.com\/hu\/poi\/a-betleri-kastely-es-az-angol-park-kastiel-betliar-a-anglicky-park\/\">Betl\u00e9ri-kast\u00e9ly<\/a> egy szlov\u00e1kiai ritkas\u00e1g. Elker\u00fclte ugyanis a hasonl\u00f3 nemesi rezidenci\u00e1k szomor\u00fa sorsa. Ennek k\u00f6sz\u00f6nhet\u0151en az itt ki\u00e1ll\u00edtott t\u00e1rgyak egyt\u0151l \u2013 egyig a XIX. sz\u00e1zadi Eur\u00f3pa legjelent\u0151sebb arisztokrat\u00e1i, az <strong>Andr\u00e1ssy-nemzets\u00e9g<\/strong> eredeti vagyon\u00e1t k\u00e9pezik. A kast\u00e9lyban egy gr\u00f3fi k\u00f6nyvt\u00e1r is van,<strong> 15.000 k\u00f6tetnyi k\u00f6nyvvel<\/strong>, \u00fajs\u00e1ggal \u00e9s foly\u00f3irattal. Az \u00e9p\u00fcletet egy csod\u00e1latos angolpark veszi k\u00f6r\u00fcl, amely a legszebbek k\u00f6z\u00e9 tartozik az orsz\u00e1gban, r\u00e1ad\u00e1sul az UNESCO Jelent\u0151s T\u00f6rt\u00e9nelmi Kertjeinek list\u00e1j\u00e1n is szerepel.\u00a0\u00a0\u00a0 \u00a0<\/p>\n<!-- \/wp:tadv\/classic-paragraph -->\n\n<!-- wp:image {\"id\":3246,\"sizeSlug\":\"full\"} -->\n<figure class=\"wp-block-image size-full\"><img src=\"https:\/\/www.kosiceregion.com\/wp-content\/uploads\/2020\/04\/64-betliar-1.jpeg\" alt=\"ka\u0161tie\u013e betliar\" class=\"wp-image-3246\"\/><\/figure>\n<!-- \/wp:image -->\n\n<!-- wp:heading -->\n<h2><strong>Thermal \u0160\u00edrava SPA Resort<\/strong><\/h2>\n<!-- \/wp:heading -->\n\n<!-- wp:tadv\/classic-paragraph -->\n<p>A gyerekeknek pancsol\u00e1s, a feln\u0151tteknek pedig j\u00f3les\u0151 \u00e9s j\u00f3ttev\u0151 pihen\u00e9s, wellness vagy term\u00e1lvizes gy\u00f3gykezel\u00e9s. A <a href=\"https:\/\/www.kosiceregion.com\/hu\/poi\/szeles-tavi-thermalpark-thermalpark-sirava\/\">Thermal \u0160\u00edrava SPA Resort<\/a> a k\u00f6zel egy kilom\u00e9ter m\u00e9lys\u00e9gb\u0151l felt\u00f6r\u0151 geotermikus furatb\u00f3l kapja a vizet. Sz\u00e1mos fedett medence tal\u00e1lhat\u00f3 itt, van kinti gy\u00f3gymedence \u00e9s wellness is, 800 n\u00e9gyzetm\u00e9teres ter\u00fcleten.\u00a0<\/p>\n<!-- \/wp:tadv\/classic-paragraph -->\n\n<!-- wp:image {\"id\":3245,\"sizeSlug\":\"full\"} -->\n<figure class=\"wp-block-image size-full\"><img src=\"https:\/\/www.kosiceregion.com\/wp-content\/uploads\/2020\/04\/OTVORENIE_2014_001.jpg\" alt=\"thermal \u0161\u00edrava spa resort\" class=\"wp-image-3245\"\/><\/figure>\n<!-- \/wp:image -->","_hu_post_name":"","_hu_post_excerpt":"","_hu_post_title":"Ezeket a helyeket felt\u00e9tlen\u00fcl l\u00e1tnia kell a Kassai ker\u00fcletben","_es_post_content":"","_es_post_name":"","_es_post_excerpt":"","_es_post_title":"","_de_post_content":"","_de_post_name":"","_de_post_excerpt":"","_de_post_title":"","_pl_post_content":"","_pl_post_name":"","_pl_post_excerpt":"","_pl_post_title":"","_it_post_content":"","_it_post_name":"","_it_post_excerpt":"","_it_post_title":"","edit_language":"en","footnotes":""},"categories":[22],"tags":[125,84,48,152,33,86,42,54],"class_list":["post-3237","post","type-post","status-publish","format-standard","has-post-thumbnail","hentry","category-get-inspired","tag-betliar","tag-kastiel-betliar","tag-kosice","tag-krasnohorske-podhradie","tag-slovensky-raj","tag-tokaj","tag-zadiel","tag-zemplinska-sirava"],"acf":[],"yoast_head":"<!-- This site is optimized with the Yoast SEO Premium plugin v25.5 (Yoast SEO v27.4) - https:\/\/yoast.com\/product\/yoast-seo-premium-wordpress\/ -->\n<title>Ko\u0161ice Regi\u00f3n<\/title>\n<meta name=\"description\" content=\"Ka\u017ed\u00e1 destin\u00e1cia m\u00e1 miesta, ktor\u00e9 by mal nav\u0161t\u00edvi\u0165 ka\u017ed\u00fd prav\u00fd objavite\u013e. Ko\u0161ick\u00fd kraj lemuje n\u00e1dhern\u00e1 pr\u00edroda, podzemn\u00e9 i historick\u00e9 bohatstvo.\" \/>\n<meta name=\"robots\" content=\"index, follow, max-snippet:-1, max-image-preview:large, max-video-preview:-1\" \/>\n<link rel=\"canonical\" href=\"https:\/\/www.kosiceregion.com\/hu\/miesta-ktore-v-kosickom-kraji-musite-vidiet\/\" \/>\n<meta property=\"og:locale\" content=\"en_GB\" \/>\n<meta property=\"og:type\" content=\"article\" \/>\n<meta property=\"og:title\" content=\"Miesta, ktor\u00e9 v Ko\u0161ickom kraji mus\u00edte vidie\u0165\" \/>\n<meta property=\"og:description\" content=\"Ka\u017ed\u00e1 destin\u00e1cia m\u00e1 miesta, ktor\u00e9 by mal nav\u0161t\u00edvi\u0165 ka\u017ed\u00fd prav\u00fd objavite\u013e. Ko\u0161ick\u00fd kraj lemuje n\u00e1dhern\u00e1 pr\u00edroda, podzemn\u00e9 i historick\u00e9 bohatstvo.\" \/>\n<meta property=\"og:url\" content=\"https:\/\/www.kosiceregion.com\/en\/wp-json\/wp\/v2\/posts\/3237\" \/>\n<meta property=\"og:site_name\" content=\"Ko\u0161ice Regi\u00f3n\" \/>\n<meta property=\"article:publisher\" content=\"https:\/\/www.facebook.com\/kosiceregion\" \/>\n<meta property=\"article:published_time\" content=\"2020-04-01T10:16:22+00:00\" \/>\n<meta property=\"article:modified_time\" content=\"2020-05-25T10:11:28+00:00\" \/>\n<meta property=\"og:image\" content=\"https:\/\/www.kosiceregion.com\/wp-content\/uploads\/2020\/04\/8I0A1453.jpg\" \/>\n\t<meta property=\"og:image:width\" content=\"1920\" \/>\n\t<meta property=\"og:image:height\" content=\"1280\" \/>\n\t<meta property=\"og:image:type\" content=\"image\/jpeg\" \/>\n<meta name=\"author\" content=\"Viktor Wurm\" \/>\n<meta name=\"twitter:card\" content=\"summary_large_image\" \/>\n<meta name=\"twitter:creator\" content=\"@KOSICEREGION\" \/>\n<meta name=\"twitter:site\" content=\"@KOSICEREGION\" \/>\n<meta name=\"twitter:label1\" content=\"Written by\" \/>\n\t<meta name=\"twitter:data1\" content=\"Viktor Wurm\" \/>\n\t<meta name=\"twitter:label2\" content=\"Estimated reading time\" \/>\n\t<meta name=\"twitter:data2\" content=\"3 minutes\" \/>\n<script type=\"application\/ld+json\" class=\"yoast-schema-graph\">{\"@context\":\"https:\\\/\\\/schema.org\",\"@graph\":[{\"@type\":\"Article\",\"@id\":\"https:\\\/\\\/www.kosiceregion.com\\\/hu\\\/miesta-ktore-v-kosickom-kraji-musite-vidiet\\\/#article\",\"isPartOf\":{\"@id\":\"https:\\\/\\\/www.kosiceregion.com\\\/hu\\\/miesta-ktore-v-kosickom-kraji-musite-vidiet\\\/\"},\"author\":{\"name\":\"Viktor Wurm\",\"@id\":\"https:\\\/\\\/www.kosiceregion.com\\\/#\\\/schema\\\/person\\\/6edc663d2cb6eb17e62cdd96a2e33b53\"},\"headline\":\"Miesta, ktor\u00e9 v Ko\u0161ickom kraji mus\u00edte vidie\u0165\",\"datePublished\":\"2020-04-01T10:16:22+00:00\",\"dateModified\":\"2020-05-25T10:11:28+00:00\",\"mainEntityOfPage\":{\"@id\":\"https:\\\/\\\/www.kosiceregion.com\\\/hu\\\/miesta-ktore-v-kosickom-kraji-musite-vidiet\\\/\"},\"wordCount\":654,\"publisher\":{\"@id\":\"https:\\\/\\\/www.kosiceregion.com\\\/#organization\"},\"image\":{\"@id\":\"https:\\\/\\\/www.kosiceregion.com\\\/hu\\\/miesta-ktore-v-kosickom-kraji-musite-vidiet\\\/#primaryimage\"},\"thumbnailUrl\":\"https:\\\/\\\/www.kosiceregion.com\\\/wp-content\\\/uploads\\\/2020\\\/04\\\/8I0A1453.jpg\",\"keywords\":[\"Betliar\",\"Ka\u0161tie\u013e Betliar\",\"Ko\u0161ice\",\"Kr\u00e1snohorsk\u00e9 podhradie\",\"Slovensk\u00fd raj\",\"Tokaj\",\"Z\u00e1diel\",\"Zempl\u00ednska \u0161\u00edrava\"],\"articleSection\":[\"In\u0161piruj sa\"],\"inLanguage\":\"en-GB\"},{\"@type\":\"WebPage\",\"@id\":\"https:\\\/\\\/www.kosiceregion.com\\\/hu\\\/miesta-ktore-v-kosickom-kraji-musite-vidiet\\\/\",\"url\":\"https:\\\/\\\/www.kosiceregion.com\\\/hu\\\/miesta-ktore-v-kosickom-kraji-musite-vidiet\\\/\",\"name\":\"Miesta, ktor\u00e9 v Ko\u0161ickom kraji mus\u00edte vidie\u0165 - Ko\u0161ice Regi\u00f3n\",\"isPartOf\":{\"@id\":\"https:\\\/\\\/www.kosiceregion.com\\\/#website\"},\"primaryImageOfPage\":{\"@id\":\"https:\\\/\\\/www.kosiceregion.com\\\/hu\\\/miesta-ktore-v-kosickom-kraji-musite-vidiet\\\/#primaryimage\"},\"image\":{\"@id\":\"https:\\\/\\\/www.kosiceregion.com\\\/hu\\\/miesta-ktore-v-kosickom-kraji-musite-vidiet\\\/#primaryimage\"},\"thumbnailUrl\":\"https:\\\/\\\/www.kosiceregion.com\\\/wp-content\\\/uploads\\\/2020\\\/04\\\/8I0A1453.jpg\",\"datePublished\":\"2020-04-01T10:16:22+00:00\",\"dateModified\":\"2020-05-25T10:11:28+00:00\",\"description\":\"Ka\u017ed\u00e1 destin\u00e1cia m\u00e1 miesta, ktor\u00e9 by mal nav\u0161t\u00edvi\u0165 ka\u017ed\u00fd prav\u00fd objavite\u013e. Ko\u0161ick\u00fd kraj lemuje n\u00e1dhern\u00e1 pr\u00edroda, podzemn\u00e9 i historick\u00e9 bohatstvo.\",\"breadcrumb\":{\"@id\":\"https:\\\/\\\/www.kosiceregion.com\\\/hu\\\/miesta-ktore-v-kosickom-kraji-musite-vidiet\\\/#breadcrumb\"},\"inLanguage\":\"en-GB\",\"potentialAction\":[{\"@type\":\"ReadAction\",\"target\":[\"https:\\\/\\\/www.kosiceregion.com\\\/hu\\\/miesta-ktore-v-kosickom-kraji-musite-vidiet\\\/\"]}]},{\"@type\":\"ImageObject\",\"inLanguage\":\"en-GB\",\"@id\":\"https:\\\/\\\/www.kosiceregion.com\\\/hu\\\/miesta-ktore-v-kosickom-kraji-musite-vidiet\\\/#primaryimage\",\"url\":\"https:\\\/\\\/www.kosiceregion.com\\\/wp-content\\\/uploads\\\/2020\\\/04\\\/8I0A1453.jpg\",\"contentUrl\":\"https:\\\/\\\/www.kosiceregion.com\\\/wp-content\\\/uploads\\\/2020\\\/04\\\/8I0A1453.jpg\",\"width\":1920,\"height\":1280},{\"@type\":\"BreadcrumbList\",\"@id\":\"https:\\\/\\\/www.kosiceregion.com\\\/hu\\\/miesta-ktore-v-kosickom-kraji-musite-vidiet\\\/#breadcrumb\",\"itemListElement\":[{\"@type\":\"ListItem\",\"position\":1,\"name\":\"Home\",\"item\":\"https:\\\/\\\/www.kosiceregion.com\\\/sk\\\/\"},{\"@type\":\"ListItem\",\"position\":2,\"name\":\"Ezeket a helyeket felt\u00e9tlen\u00fcl l\u00e1tnia kell a Kassai ker\u00fcletben\"}]},{\"@type\":\"WebSite\",\"@id\":\"https:\\\/\\\/www.kosiceregion.com\\\/#website\",\"url\":\"https:\\\/\\\/www.kosiceregion.com\\\/\",\"name\":\"Ko\u0161ice Regi\u00f3n\",\"description\":\"Turistick\u00fd sprievodca Ko\u0161ick\u00fdm krajom\",\"publisher\":{\"@id\":\"https:\\\/\\\/www.kosiceregion.com\\\/#organization\"},\"potentialAction\":[{\"@type\":\"SearchAction\",\"target\":{\"@type\":\"EntryPoint\",\"urlTemplate\":\"https:\\\/\\\/www.kosiceregion.com\\\/?s={search_term_string}\"},\"query-input\":{\"@type\":\"PropertyValueSpecification\",\"valueRequired\":true,\"valueName\":\"search_term_string\"}}],\"inLanguage\":\"en-GB\"},{\"@type\":\"Organization\",\"@id\":\"https:\\\/\\\/www.kosiceregion.com\\\/#organization\",\"name\":\"Ko\u0161ice Regi\u00f3n Turizmus\",\"url\":\"https:\\\/\\\/www.kosiceregion.com\\\/\",\"logo\":{\"@type\":\"ImageObject\",\"inLanguage\":\"en-GB\",\"@id\":\"https:\\\/\\\/www.kosiceregion.com\\\/#\\\/schema\\\/logo\\\/image\\\/\",\"url\":\"https:\\\/\\\/www.kosiceregion.com\\\/wp-content\\\/uploads\\\/2019\\\/03\\\/logo-web-sk.png\",\"contentUrl\":\"https:\\\/\\\/www.kosiceregion.com\\\/wp-content\\\/uploads\\\/2019\\\/03\\\/logo-web-sk.png\",\"width\":225,\"height\":100,\"caption\":\"Ko\u0161ice Regi\u00f3n Turizmus\"},\"image\":{\"@id\":\"https:\\\/\\\/www.kosiceregion.com\\\/#\\\/schema\\\/logo\\\/image\\\/\"},\"sameAs\":[\"https:\\\/\\\/www.facebook.com\\\/kosiceregion\",\"https:\\\/\\\/x.com\\\/KOSICEREGION\",\"https:\\\/\\\/www.instagram.com\\\/kosiceregion\",\"https:\\\/\\\/www.youtube.com\\\/kosiceregion\"]},{\"@type\":\"Person\",\"@id\":\"https:\\\/\\\/www.kosiceregion.com\\\/#\\\/schema\\\/person\\\/6edc663d2cb6eb17e62cdd96a2e33b53\",\"name\":\"Viktor Wurm\",\"image\":{\"@type\":\"ImageObject\",\"inLanguage\":\"en-GB\",\"@id\":\"https:\\\/\\\/secure.gravatar.com\\\/avatar\\\/ef6238603ec61ca9ce57c6e94cbce41d12a371c9a048501ae6ca8a34ac93a24c?s=96&d=mm&r=g\",\"url\":\"https:\\\/\\\/secure.gravatar.com\\\/avatar\\\/ef6238603ec61ca9ce57c6e94cbce41d12a371c9a048501ae6ca8a34ac93a24c?s=96&d=mm&r=g\",\"contentUrl\":\"https:\\\/\\\/secure.gravatar.com\\\/avatar\\\/ef6238603ec61ca9ce57c6e94cbce41d12a371c9a048501ae6ca8a34ac93a24c?s=96&d=mm&r=g\",\"caption\":\"Viktor Wurm\"}}]}<\/script>\n<!-- \/ Yoast SEO Premium plugin. -->","yoast_head_json":{"title":"Ko\u0161ice Regi\u00f3n","description":"Ka\u017ed\u00e1 destin\u00e1cia m\u00e1 miesta, ktor\u00e9 by mal nav\u0161t\u00edvi\u0165 ka\u017ed\u00fd prav\u00fd objavite\u013e. Ko\u0161ick\u00fd kraj lemuje n\u00e1dhern\u00e1 pr\u00edroda, podzemn\u00e9 i historick\u00e9 bohatstvo.","robots":{"index":"index","follow":"follow","max-snippet":"max-snippet:-1","max-image-preview":"max-image-preview:large","max-video-preview":"max-video-preview:-1"},"canonical":"https:\/\/www.kosiceregion.com\/hu\/miesta-ktore-v-kosickom-kraji-musite-vidiet\/","og_locale":"en_GB","og_type":"article","og_title":"Miesta, ktor\u00e9 v Ko\u0161ickom kraji mus\u00edte vidie\u0165","og_description":"Ka\u017ed\u00e1 destin\u00e1cia m\u00e1 miesta, ktor\u00e9 by mal nav\u0161t\u00edvi\u0165 ka\u017ed\u00fd prav\u00fd objavite\u013e. Ko\u0161ick\u00fd kraj lemuje n\u00e1dhern\u00e1 pr\u00edroda, podzemn\u00e9 i historick\u00e9 bohatstvo.","og_url":"https:\/\/www.kosiceregion.com\/en\/wp-json\/wp\/v2\/posts\/3237","og_site_name":"Ko\u0161ice Regi\u00f3n","article_publisher":"https:\/\/www.facebook.com\/kosiceregion","article_published_time":"2020-04-01T10:16:22+00:00","article_modified_time":"2020-05-25T10:11:28+00:00","og_image":[{"width":1920,"height":1280,"url":"https:\/\/www.kosiceregion.com\/wp-content\/uploads\/2020\/04\/8I0A1453.jpg","type":"image\/jpeg"}],"author":"Viktor Wurm","twitter_card":"summary_large_image","twitter_creator":"@KOSICEREGION","twitter_site":"@KOSICEREGION","twitter_misc":{"Written by":"Viktor Wurm","Estimated reading time":"3 minutes"},"schema":{"@context":"https:\/\/schema.org","@graph":[{"@type":"Article","@id":"https:\/\/www.kosiceregion.com\/hu\/miesta-ktore-v-kosickom-kraji-musite-vidiet\/#article","isPartOf":{"@id":"https:\/\/www.kosiceregion.com\/hu\/miesta-ktore-v-kosickom-kraji-musite-vidiet\/"},"author":{"name":"Viktor Wurm","@id":"https:\/\/www.kosiceregion.com\/#\/schema\/person\/6edc663d2cb6eb17e62cdd96a2e33b53"},"headline":"Miesta, ktor\u00e9 v Ko\u0161ickom kraji mus\u00edte vidie\u0165","datePublished":"2020-04-01T10:16:22+00:00","dateModified":"2020-05-25T10:11:28+00:00","mainEntityOfPage":{"@id":"https:\/\/www.kosiceregion.com\/hu\/miesta-ktore-v-kosickom-kraji-musite-vidiet\/"},"wordCount":654,"publisher":{"@id":"https:\/\/www.kosiceregion.com\/#organization"},"image":{"@id":"https:\/\/www.kosiceregion.com\/hu\/miesta-ktore-v-kosickom-kraji-musite-vidiet\/#primaryimage"},"thumbnailUrl":"https:\/\/www.kosiceregion.com\/wp-content\/uploads\/2020\/04\/8I0A1453.jpg","keywords":["Betliar","Ka\u0161tie\u013e Betliar","Ko\u0161ice","Kr\u00e1snohorsk\u00e9 podhradie","Slovensk\u00fd raj","Tokaj","Z\u00e1diel","Zempl\u00ednska \u0161\u00edrava"],"articleSection":["In\u0161piruj sa"],"inLanguage":"en-GB"},{"@type":"WebPage","@id":"https:\/\/www.kosiceregion.com\/hu\/miesta-ktore-v-kosickom-kraji-musite-vidiet\/","url":"https:\/\/www.kosiceregion.com\/hu\/miesta-ktore-v-kosickom-kraji-musite-vidiet\/","name":"Miesta, ktor\u00e9 v Ko\u0161ickom kraji mus\u00edte vidie\u0165 - Ko\u0161ice Regi\u00f3n","isPartOf":{"@id":"https:\/\/www.kosiceregion.com\/#website"},"primaryImageOfPage":{"@id":"https:\/\/www.kosiceregion.com\/hu\/miesta-ktore-v-kosickom-kraji-musite-vidiet\/#primaryimage"},"image":{"@id":"https:\/\/www.kosiceregion.com\/hu\/miesta-ktore-v-kosickom-kraji-musite-vidiet\/#primaryimage"},"thumbnailUrl":"https:\/\/www.kosiceregion.com\/wp-content\/uploads\/2020\/04\/8I0A1453.jpg","datePublished":"2020-04-01T10:16:22+00:00","dateModified":"2020-05-25T10:11:28+00:00","description":"Ka\u017ed\u00e1 destin\u00e1cia m\u00e1 miesta, ktor\u00e9 by mal nav\u0161t\u00edvi\u0165 ka\u017ed\u00fd prav\u00fd objavite\u013e. Ko\u0161ick\u00fd kraj lemuje n\u00e1dhern\u00e1 pr\u00edroda, podzemn\u00e9 i historick\u00e9 bohatstvo.","breadcrumb":{"@id":"https:\/\/www.kosiceregion.com\/hu\/miesta-ktore-v-kosickom-kraji-musite-vidiet\/#breadcrumb"},"inLanguage":"en-GB","potentialAction":[{"@type":"ReadAction","target":["https:\/\/www.kosiceregion.com\/hu\/miesta-ktore-v-kosickom-kraji-musite-vidiet\/"]}]},{"@type":"ImageObject","inLanguage":"en-GB","@id":"https:\/\/www.kosiceregion.com\/hu\/miesta-ktore-v-kosickom-kraji-musite-vidiet\/#primaryimage","url":"https:\/\/www.kosiceregion.com\/wp-content\/uploads\/2020\/04\/8I0A1453.jpg","contentUrl":"https:\/\/www.kosiceregion.com\/wp-content\/uploads\/2020\/04\/8I0A1453.jpg","width":1920,"height":1280},{"@type":"BreadcrumbList","@id":"https:\/\/www.kosiceregion.com\/hu\/miesta-ktore-v-kosickom-kraji-musite-vidiet\/#breadcrumb","itemListElement":[{"@type":"ListItem","position":1,"name":"Home","item":"https:\/\/www.kosiceregion.com\/sk\/"},{"@type":"ListItem","position":2,"name":"Ezeket a helyeket felt\u00e9tlen\u00fcl l\u00e1tnia kell a Kassai ker\u00fcletben"}]},{"@type":"WebSite","@id":"https:\/\/www.kosiceregion.com\/#website","url":"https:\/\/www.kosiceregion.com\/","name":"Ko\u0161ice Regi\u00f3n","description":"Turistick\u00fd sprievodca Ko\u0161ick\u00fdm krajom","publisher":{"@id":"https:\/\/www.kosiceregion.com\/#organization"},"potentialAction":[{"@type":"SearchAction","target":{"@type":"EntryPoint","urlTemplate":"https:\/\/www.kosiceregion.com\/?s={search_term_string}"},"query-input":{"@type":"PropertyValueSpecification","valueRequired":true,"valueName":"search_term_string"}}],"inLanguage":"en-GB"},{"@type":"Organization","@id":"https:\/\/www.kosiceregion.com\/#organization","name":"Ko\u0161ice Regi\u00f3n Turizmus","url":"https:\/\/www.kosiceregion.com\/","logo":{"@type":"ImageObject","inLanguage":"en-GB","@id":"https:\/\/www.kosiceregion.com\/#\/schema\/logo\/image\/","url":"https:\/\/www.kosiceregion.com\/wp-content\/uploads\/2019\/03\/logo-web-sk.png","contentUrl":"https:\/\/www.kosiceregion.com\/wp-content\/uploads\/2019\/03\/logo-web-sk.png","width":225,"height":100,"caption":"Ko\u0161ice Regi\u00f3n Turizmus"},"image":{"@id":"https:\/\/www.kosiceregion.com\/#\/schema\/logo\/image\/"},"sameAs":["https:\/\/www.facebook.com\/kosiceregion","https:\/\/x.com\/KOSICEREGION","https:\/\/www.instagram.com\/kosiceregion","https:\/\/www.youtube.com\/kosiceregion"]},{"@type":"Person","@id":"https:\/\/www.kosiceregion.com\/#\/schema\/person\/6edc663d2cb6eb17e62cdd96a2e33b53","name":"Viktor Wurm","image":{"@type":"ImageObject","inLanguage":"en-GB","@id":"https:\/\/secure.gravatar.com\/avatar\/ef6238603ec61ca9ce57c6e94cbce41d12a371c9a048501ae6ca8a34ac93a24c?s=96&d=mm&r=g","url":"https:\/\/secure.gravatar.com\/avatar\/ef6238603ec61ca9ce57c6e94cbce41d12a371c9a048501ae6ca8a34ac93a24c?s=96&d=mm&r=g","contentUrl":"https:\/\/secure.gravatar.com\/avatar\/ef6238603ec61ca9ce57c6e94cbce41d12a371c9a048501ae6ca8a34ac93a24c?s=96&d=mm&r=g","caption":"Viktor Wurm"}}]}},"_links":{"self":[{"href":"https:\/\/www.kosiceregion.com\/en\/wp-json\/wp\/v2\/posts\/3237","targetHints":{"allow":["GET"]}}],"collection":[{"href":"https:\/\/www.kosiceregion.com\/en\/wp-json\/wp\/v2\/posts"}],"about":[{"href":"https:\/\/www.kosiceregion.com\/en\/wp-json\/wp\/v2\/types\/post"}],"author":[{"embeddable":true,"href":"https:\/\/www.kosiceregion.com\/en\/wp-json\/wp\/v2\/users\/4"}],"replies":[{"embeddable":true,"href":"https:\/\/www.kosiceregion.com\/en\/wp-json\/wp\/v2\/comments?post=3237"}],"version-history":[{"count":3,"href":"https:\/\/www.kosiceregion.com\/en\/wp-json\/wp\/v2\/posts\/3237\/revisions"}],"predecessor-version":[{"id":3413,"href":"https:\/\/www.kosiceregion.com\/en\/wp-json\/wp\/v2\/posts\/3237\/revisions\/3413"}],"wp:featuredmedia":[{"embeddable":true,"href":"https:\/\/www.kosiceregion.com\/en\/wp-json\/wp\/v2\/media\/3247"}],"wp:attachment":[{"href":"https:\/\/www.kosiceregion.com\/en\/wp-json\/wp\/v2\/media?parent=3237"}],"wp:term":[{"taxonomy":"category","embeddable":true,"href":"https:\/\/www.kosiceregion.com\/en\/wp-json\/wp\/v2\/categories?post=3237"},{"taxonomy":"post_tag","embeddable":true,"href":"https:\/\/www.kosiceregion.com\/en\/wp-json\/wp\/v2\/tags?post=3237"}],"curies":[{"name":"wp","href":"https:\/\/api.w.org\/{rel}","templated":true}]}}