{"id":4259,"date":"2020-12-16T08:00:36","date_gmt":"2020-12-16T07:00:36","guid":{"rendered":"https:\/\/www.kosiceregion.com\/sk\/?p=4259"},"modified":"2020-12-16T15:14:09","modified_gmt":"2020-12-16T14:14:09","slug":"","status":"publish","type":"post","link":"https:\/\/www.kosiceregion.com\/en\/poklad-ktory-patri-medzi-umelecke-skvosty-europy\/","title":{"rendered":"","raw":""},"content":{"rendered":"","protected":false,"raw":""},"excerpt":{"rendered":"","protected":false,"raw":""},"author":10,"featured_media":4266,"comment_status":"closed","ping_status":"closed","sticky":false,"template":"","format":"standard","meta":{"_acf_changed":false,"_sk_post_content":"<!-- wp:tadv\/classic-paragraph -->\n<p><strong>Priznajte sa, kedy ste boli naposledy v m\u00fazeu alebo gal\u00e9rii. Je pravda, \u017ee s\u00fa\u010dasn\u00e1 situ\u00e1cia zatvorila na dlh\u0161ie obdobie mnoh\u00e9 tieto poklady. Umeleck\u00e9 a historick\u00e9 skvosty v\u00e1m predstav\u00edme priamo teraz z tepla v\u00e1\u0161ho domova. Posa\u010fte sa, uk\u00e1\u017eeme v\u00e1m, kam sa oplat\u00ed \u00eds\u0165.<\/strong><\/p>\n<p><img class=\"alignnone wp-image-4269 size-full\" src=\"https:\/\/www.kosiceregion.com\/wp-content\/uploads\/2020\/12\/Kosicky-zlaty-poklad-3-scaled.jpg\" alt=\"\" width=\"2560\" height=\"1707\"><\/p>\n<p><img class=\"alignleft wp-image-4265\" src=\"https:\/\/www.kosiceregion.com\/wp-content\/uploads\/2020\/12\/Kosicky-zlaty-poklad-scaled.jpg\" alt=\"\" width=\"537\" height=\"358\"><img class=\"wp-image-4266 alignnone\" src=\"https:\/\/www.kosiceregion.com\/wp-content\/uploads\/2020\/12\/Kosicky-zlaty-poklad-2-scaled.jpg\" alt=\"\" width=\"537\" height=\"358\"><\/p>\n<p>&nbsp;<\/p>\n<!-- \/wp:tadv\/classic-paragraph -->\n\n<!-- wp:tadv\/classic-paragraph \/-->\n\n<!-- wp:tadv\/classic-paragraph -->\n<h3><strong>Zlat<\/strong><strong>\u00fd poklad<\/strong><\/h3>\n<p>Najbohat\u0161\u00ed n\u00e1lez zlat\u00fdch minc\u00ed na Slovensku objav\u00edte v historickej budove <a href=\"https:\/\/www.vsmuzeum.sk\/\" target=\"_blank\" rel=\"noopener noreferrer\">V\u00fdchodoslovensk\u00e9ho m\u00fazea v&nbsp;Ko\u0161iciach<\/a>. Vedeli ste, \u017ee ho tvor\u00ed 2920 zlat\u00fdch minc\u00ed, duk\u00e1tov a dvojduk\u00e1tov, tri zlat\u00e9 medaily a renesan\u010dn\u00e1 zlat\u00e1 re\u0165az? Bohat\u00e9 zast\u00fapenie typov minc\u00ed a \u0161irok\u00fd geografick\u00fd z\u00e1ber rad\u00ed <strong>Ko\u0161ick\u00fd zlat\u00fd poklad medzi umeleck\u00e9 skvosty Eur\u00f3py.<\/strong> Tak to je u\u017e poriadny d\u00f4vod na n\u00e1v\u0161tevu!<\/p>\n<p>M\u00fazeum v\u00e1s dok\u00e1\u017ee zabavi\u0165 aj na cel\u00fd de\u0148 a verte, \u017ee v\u00e1s vr\u00e1ti aj sp\u00e4\u0165 do \u0161kolsk\u00fdch lav\u00edc. Opr\u00e1\u0161ite si vedomosti o vesm\u00edre, hist\u00f3rii, drahokamoch...spravuje takmer 500 000 zbierkov\u00fdch predmetov.<\/p>\n<p>https:\/\/www.instagram.com\/p\/CITC-O1nwCN\/?utm_source=ig_web_copy_link<\/p>\n<!-- \/wp:tadv\/classic-paragraph -->\n\n<!-- wp:tadv\/classic-paragraph -->\n<h3><strong>Z\u00e1klady rotundy<\/strong><\/h3>\n<p>Trochu \u010falej v&nbsp;metropole Zempl\u00edna vznikol v 17. storo\u010d\u00ed ka\u0161tie\u013e prebudovan\u00edm star\u0161ieho hradu \u2013 s\u00fa\u010dasn\u00e9 <a href=\"https:\/\/www.zemplinskemuzeum.sk\/\" target=\"_blank\" rel=\"noopener noreferrer\">Zempl\u00ednske m\u00fazeum v&nbsp;Michalovciach.<\/a> Naozaj pekn\u00e9 zbierky a expoz\u00edcie s\u00fa umiestnen\u00e9 v priestoroch barokovo-klasicistick\u00e9ho ka\u0161tie\u013ea \u0161\u013eachticov zo Star\u00e9ho a z Michaloviec.<\/p>\n<p>Pamiatky s\u00fa dostupn\u00e9 aj vonku (bezplatne), pri vstupe si v\u0161imnite z\u00e1klady rotundy, ktor\u00e9 patria k ve\u013ek\u00fdm z\u00e1had\u00e1m slovenskej architekt\u00fary.&nbsp;<\/p>\n<h3><strong>Pre milovn\u00edkov git\u00e1r<\/strong><\/h3>\n<p>K\u00fasok od Michaloviec neprem\u00e1rnite \u0161ancu nav\u0161t\u00edvi\u0165 unik\u00e1tne <a href=\"https:\/\/www.gitarovemuzeum.sk\/\" target=\"_blank\" rel=\"noopener noreferrer\">m\u00fazeum git\u00e1r<\/a> svetov\u00e9ho v\u00fdznamu v Sobranciach. N\u00e1v\u0161tevn\u00edkov oh\u00fari takmer kompletn\u00e1 zbierka asi 120-tich elektronick\u00fdch git\u00e1r. Medzi najhodnotnej\u0161ie k\u00fasky patria elektrofonick\u00e9 kontrabasy, havajsk\u00e9 gitary a gitary Grazioso ocenen\u00e9 zlatou medailou na svetovej v\u00fdstave EXPO 58 v Bruseli.<\/p>\n<p>Tieto modely pou\u017e\u00edvali i George Harrison, Jimmy Page \u010di Eric Clapton. Niektor\u00e9 gitary podaroval m\u00fazeu Petr Janda z Olympicu, Ma\u0165o \u010eurinda z Tublatanky a in\u00e9 osobnosti slovenskej hudobnej sc\u00e9ny.<\/p>\n<p>https:\/\/www.instagram.com\/p\/B1Um4nXIusB\/?utm_source=ig_web_copy_link<\/p>\n<!-- \/wp:tadv\/classic-paragraph -->\n\n<!-- wp:tadv\/classic-paragraph \/-->\n\n<!-- wp:tadv\/classic-paragraph -->\n<h3><strong>Bansk\u00e1 \u017eelezni\u010dka je z\u00e1\u017eitkom<\/strong><\/h3>\n<p>Vyberte sa aj na Gemer a zozn\u00e1mte sa s <a href=\"https:\/\/www.banmuz.sk\/\" target=\"_blank\" rel=\"noopener noreferrer\">Ban\u00edckym m\u00fazeom v Ro\u017e\u0148ave<\/a>. Expoz\u00edcia ban\u00edctva a hutn\u00edctva Gemera, \u010cas pary v Ban\u00edckom m\u00fazeu, Bansk\u00e9 pracovisk\u00e1, Expoz\u00edcia pr\u00edrody Slovensk\u00e9ho krasu a pri\u013eahl\u00fdch oblast\u00ed a n\u00e1dvorie, kde s\u00fa umiestnen\u00e9 bansk\u00e9 mechanizmy a bansk\u00e1 \u017eelezni\u010dka je skuto\u010dn\u00fdm z\u00e1\u017eitkom.<\/p>\n<p>Mo\u017eno v\u00e1s prekvap\u00ed, \u017ee sa p\u00fd\u0161i dvoma unik\u00e1tnymi zbierkov\u00fdmi predmetmi - parn\u00fdm n\u00e1kladn\u00fdm automobilom \u0160koda Sentinel (jeden z troch zachovan\u00fdch kusov v r\u00e1mci \u00fazemia b\u00fdval\u00e9ho \u010ceskoslovenska) a parn\u00fdm valcom Aveling &amp; Porter z roku 1883 (3. najstar\u0161\u00ed parn\u00fd valec na svete).<\/p>\n<p>https:\/\/www.instagram.com\/p\/BpWf2HsCSE3\/?utm_source=ig_web_copy_link<\/p>\n<!-- \/wp:tadv\/classic-paragraph -->\n\n<!-- wp:tadv\/classic-paragraph -->\n<h3>In\u0161pirujte sa v z\u00e1hrade<\/h3>\n<p>Tis\u00edce kusov v\u00fdtvarn\u00fdch artefaktov z oblasti ma\u013eby, kresby, grafiky, ilustr\u00e1cie, fotografie, soch\u00e1rskej tvorby a intermedi\u00e1lnych diel v\u00e1m pon\u00fakne <a href=\"http:\/\/www.gus.sk\/\" target=\"_blank\" rel=\"noopener noreferrer\">Gal\u00e9ria umelcov Spi\u0161a.<\/a><\/p>\n<p>L\u00e1kadlom je vybudovan\u00e1 expoz\u00edcia soch\u00e1rskej tvorby Z\u00e1hrada umenia, v ktorej s\u00fa prezentovan\u00e9 diela zo soch\u00e1rskych symp\u00f3zi\u00ed. Hodnotn\u00e9 expoz\u00edcie a v\u00fdstavy <a href=\"https:\/\/www.muzeumspisa.com\/\" target=\"_blank\" rel=\"noopener noreferrer\">M\u00fazea Spi\u0161a<\/a> n\u00e1jdete priamo v&nbsp;centre v niekdaj\u0161ej stredovekej radnici.<\/p>\n<p>&nbsp;<\/p>\n<p><strong>Chcete objavova\u0165&nbsp;<\/strong><strong>Kraj sveta aj po\u010das zimy<\/strong><strong>? Viac inform\u00e1ci\u00ed n\u00e1jdete na<\/strong><strong>&nbsp;<a href=\"https:\/\/www.krajsveta.sk\/\" target=\"_blank\" rel=\"noopener noreferrer\">https:\/\/www.krajsveta.sk\/<\/a><\/strong><\/p>\n<h6><em>Vzh\u013eadom na aktu\u00e1lnu situ\u00e1ciu s\u00favisiacu so \u0161\u00edren\u00edm koronav\u00edrusom sledujte v\u017edy webov\u00e9 str\u00e1nky m\u00faze\u00ed aj gal\u00e9ri\u00ed, aby ste mali aktu\u00e1lne inform\u00e1cie o otv\u00e1rac\u00edch hodin\u00e1ch.<\/em><\/h6>\n<!-- \/wp:tadv\/classic-paragraph -->\n\n<!-- wp:tadv\/classic-paragraph \/-->","_sk_post_name":"poklad-ktory-patri-medzi-umelecke-skvosty-europy","_sk_post_excerpt":"","_sk_post_title":"Poklad, ktor\u00fd patr\u00ed medzi umeleck\u00e9 skvosty Eur\u00f3py","_en_post_content":"","_en_post_name":"","_en_post_excerpt":"","_en_post_title":"","_hu_post_content":"","_hu_post_name":"","_hu_post_excerpt":"","_hu_post_title":"","_es_post_content":"","_es_post_name":"","_es_post_excerpt":"","_es_post_title":"","_de_post_content":"","_de_post_name":"","_de_post_excerpt":"","_de_post_title":"","_pl_post_content":"","_pl_post_name":"","_pl_post_excerpt":"","_pl_post_title":"","_it_post_content":"","_it_post_name":"","_it_post_excerpt":"","_it_post_title":"","edit_language":"en","footnotes":""},"categories":[22],"tags":[112,71,48,284,113,111,60,59,141],"class_list":["post-4259","post","type-post","status-publish","format-standard","has-post-thumbnail","hentry","category-get-inspired","tag-galeria","tag-gemer","tag-kosice","tag-kosicky-svetovy-kraj","tag-kosicky-zlaty-poklad","tag-muzeum","tag-roznava","tag-spisska-nova-ves","tag-zemplin"],"acf":[],"yoast_head":"<!-- This site is optimized with the Yoast SEO Premium plugin v25.5 (Yoast SEO v27.4) - https:\/\/yoast.com\/product\/yoast-seo-premium-wordpress\/ -->\n<title>Ko\u0161ice Regi\u00f3n<\/title>\n<meta name=\"description\" content=\"Priznajte sa, kedy ste boli naposledy v m\u00fazeu alebo gal\u00e9rii. Je pravda, \u017ee s\u00fa\u010dasn\u00e1 situ\u00e1cia zatvorila na dlh\u0161ie obdobie mnoh\u00e9 tieto poklady. Umeleck\u00e9 a historick\u00e9 skvosty v\u00e1m predstav\u00edme priamo teraz z tepla v\u00e1\u0161ho domova. Posa\u010fte\u2026\" \/>\n<meta name=\"robots\" content=\"index, follow, max-snippet:-1, max-image-preview:large, max-video-preview:-1\" \/>\n<link rel=\"canonical\" href=\"https:\/\/www.kosiceregion.com\/hu\/poklad-ktory-patri-medzi-umelecke-skvosty-europy\/\" \/>\n<meta property=\"og:locale\" content=\"en_GB\" \/>\n<meta property=\"og:type\" content=\"article\" \/>\n<meta property=\"og:title\" content=\"Poklad, ktor\u00fd patr\u00ed medzi umeleck\u00e9 skvosty Eur\u00f3py\" \/>\n<meta property=\"og:description\" content=\"Priznajte sa, kedy ste boli naposledy v m\u00fazeu alebo gal\u00e9rii. Je pravda, \u017ee s\u00fa\u010dasn\u00e1 situ\u00e1cia zatvorila na dlh\u0161ie obdobie mnoh\u00e9 tieto poklady. Umeleck\u00e9 a\" \/>\n<meta property=\"og:url\" content=\"https:\/\/www.kosiceregion.com\/en\/wp-json\/wp\/v2\/posts\/4259\" \/>\n<meta property=\"og:site_name\" content=\"Ko\u0161ice Regi\u00f3n\" \/>\n<meta property=\"article:publisher\" content=\"https:\/\/www.facebook.com\/kosiceregion\" \/>\n<meta property=\"article:published_time\" content=\"2020-12-16T07:00:36+00:00\" \/>\n<meta property=\"article:modified_time\" content=\"2020-12-16T14:14:09+00:00\" \/>\n<meta property=\"og:image\" content=\"https:\/\/www.kosiceregion.com\/wp-content\/uploads\/2020\/12\/Kosicky-zlaty-poklad-2-scaled.jpg\" \/>\n\t<meta property=\"og:image:width\" content=\"2560\" \/>\n\t<meta property=\"og:image:height\" content=\"1707\" \/>\n\t<meta property=\"og:image:type\" content=\"image\/jpeg\" \/>\n<meta name=\"author\" content=\"Attila T\u00f6r\u00f6k\" \/>\n<meta name=\"twitter:card\" content=\"summary_large_image\" \/>\n<meta name=\"twitter:creator\" content=\"@KOSICEREGION\" \/>\n<meta name=\"twitter:site\" content=\"@KOSICEREGION\" \/>\n<meta name=\"twitter:label1\" content=\"Written by\" \/>\n\t<meta name=\"twitter:data1\" content=\"Attila T\u00f6r\u00f6k\" \/>\n\t<meta name=\"twitter:label2\" content=\"Estimated reading time\" \/>\n\t<meta name=\"twitter:data2\" content=\"3 minutes\" \/>\n<script type=\"application\/ld+json\" class=\"yoast-schema-graph\">{\"@context\":\"https:\\\/\\\/schema.org\",\"@graph\":[{\"@type\":\"Article\",\"@id\":\"https:\\\/\\\/www.kosiceregion.com\\\/hu\\\/poklad-ktory-patri-medzi-umelecke-skvosty-europy\\\/#article\",\"isPartOf\":{\"@id\":\"https:\\\/\\\/www.kosiceregion.com\\\/hu\\\/poklad-ktory-patri-medzi-umelecke-skvosty-europy\\\/\"},\"author\":{\"name\":\"Attila T\u00f6r\u00f6k\",\"@id\":\"https:\\\/\\\/www.kosiceregion.com\\\/#\\\/schema\\\/person\\\/c165be3d928462a4f7283533e3fa9f87\"},\"headline\":\"Poklad, ktor\u00fd patr\u00ed medzi umeleck\u00e9 skvosty Eur\u00f3py\",\"datePublished\":\"2020-12-16T07:00:36+00:00\",\"dateModified\":\"2020-12-16T14:14:09+00:00\",\"mainEntityOfPage\":{\"@id\":\"https:\\\/\\\/www.kosiceregion.com\\\/hu\\\/poklad-ktory-patri-medzi-umelecke-skvosty-europy\\\/\"},\"wordCount\":657,\"publisher\":{\"@id\":\"https:\\\/\\\/www.kosiceregion.com\\\/#organization\"},\"image\":{\"@id\":\"https:\\\/\\\/www.kosiceregion.com\\\/hu\\\/poklad-ktory-patri-medzi-umelecke-skvosty-europy\\\/#primaryimage\"},\"thumbnailUrl\":\"https:\\\/\\\/www.kosiceregion.com\\\/wp-content\\\/uploads\\\/2020\\\/12\\\/Kosicky-zlaty-poklad-2-scaled.jpg\",\"keywords\":[\"gal\u00e9ria\",\"Gemer\",\"Ko\u0161ice\",\"ko\u0161ick\u00fd svetov\u00fd kraj\",\"Ko\u0161ick\u00fd zlat\u00fd poklad\",\"m\u00fazeum\",\"Ro\u017e\u0148ava\",\"Spi\u0161sk\u00e1 Nov\u00e1 Ves\",\"Zempl\u00edn\"],\"articleSection\":[\"In\u0161piruj sa\"],\"inLanguage\":\"en-GB\"},{\"@type\":\"WebPage\",\"@id\":\"https:\\\/\\\/www.kosiceregion.com\\\/hu\\\/poklad-ktory-patri-medzi-umelecke-skvosty-europy\\\/\",\"url\":\"https:\\\/\\\/www.kosiceregion.com\\\/hu\\\/poklad-ktory-patri-medzi-umelecke-skvosty-europy\\\/\",\"name\":\"Poklad, ktor\u00fd patr\u00ed medzi umeleck\u00e9 skvosty Eur\u00f3py - Ko\u0161ice Regi\u00f3n\",\"isPartOf\":{\"@id\":\"https:\\\/\\\/www.kosiceregion.com\\\/#website\"},\"primaryImageOfPage\":{\"@id\":\"https:\\\/\\\/www.kosiceregion.com\\\/hu\\\/poklad-ktory-patri-medzi-umelecke-skvosty-europy\\\/#primaryimage\"},\"image\":{\"@id\":\"https:\\\/\\\/www.kosiceregion.com\\\/hu\\\/poklad-ktory-patri-medzi-umelecke-skvosty-europy\\\/#primaryimage\"},\"thumbnailUrl\":\"https:\\\/\\\/www.kosiceregion.com\\\/wp-content\\\/uploads\\\/2020\\\/12\\\/Kosicky-zlaty-poklad-2-scaled.jpg\",\"datePublished\":\"2020-12-16T07:00:36+00:00\",\"dateModified\":\"2020-12-16T14:14:09+00:00\",\"description\":\"Priznajte sa, kedy ste boli naposledy v m\u00fazeu alebo gal\u00e9rii. Je pravda, \u017ee s\u00fa\u010dasn\u00e1 situ\u00e1cia zatvorila na dlh\u0161ie obdobie mnoh\u00e9 tieto poklady. Umeleck\u00e9 a\",\"breadcrumb\":{\"@id\":\"https:\\\/\\\/www.kosiceregion.com\\\/hu\\\/poklad-ktory-patri-medzi-umelecke-skvosty-europy\\\/#breadcrumb\"},\"inLanguage\":\"en-GB\",\"potentialAction\":[{\"@type\":\"ReadAction\",\"target\":[\"https:\\\/\\\/www.kosiceregion.com\\\/hu\\\/poklad-ktory-patri-medzi-umelecke-skvosty-europy\\\/\"]}]},{\"@type\":\"ImageObject\",\"inLanguage\":\"en-GB\",\"@id\":\"https:\\\/\\\/www.kosiceregion.com\\\/hu\\\/poklad-ktory-patri-medzi-umelecke-skvosty-europy\\\/#primaryimage\",\"url\":\"https:\\\/\\\/www.kosiceregion.com\\\/wp-content\\\/uploads\\\/2020\\\/12\\\/Kosicky-zlaty-poklad-2-scaled.jpg\",\"contentUrl\":\"https:\\\/\\\/www.kosiceregion.com\\\/wp-content\\\/uploads\\\/2020\\\/12\\\/Kosicky-zlaty-poklad-2-scaled.jpg\",\"width\":2560,\"height\":1707},{\"@type\":\"BreadcrumbList\",\"@id\":\"https:\\\/\\\/www.kosiceregion.com\\\/hu\\\/poklad-ktory-patri-medzi-umelecke-skvosty-europy\\\/#breadcrumb\",\"itemListElement\":[{\"@type\":\"ListItem\",\"position\":1,\"name\":\"Home\",\"item\":\"https:\\\/\\\/www.kosiceregion.com\\\/sk\\\/\"},{\"@type\":\"ListItem\",\"position\":2,\"name\":\"Poklad, ktor\u00fd patr\u00ed medzi umeleck\u00e9 skvosty Eur\u00f3py\"}]},{\"@type\":\"WebSite\",\"@id\":\"https:\\\/\\\/www.kosiceregion.com\\\/#website\",\"url\":\"https:\\\/\\\/www.kosiceregion.com\\\/\",\"name\":\"Ko\u0161ice Regi\u00f3n\",\"description\":\"Turistick\u00fd sprievodca Ko\u0161ick\u00fdm krajom\",\"publisher\":{\"@id\":\"https:\\\/\\\/www.kosiceregion.com\\\/#organization\"},\"potentialAction\":[{\"@type\":\"SearchAction\",\"target\":{\"@type\":\"EntryPoint\",\"urlTemplate\":\"https:\\\/\\\/www.kosiceregion.com\\\/?s={search_term_string}\"},\"query-input\":{\"@type\":\"PropertyValueSpecification\",\"valueRequired\":true,\"valueName\":\"search_term_string\"}}],\"inLanguage\":\"en-GB\"},{\"@type\":\"Organization\",\"@id\":\"https:\\\/\\\/www.kosiceregion.com\\\/#organization\",\"name\":\"Ko\u0161ice Regi\u00f3n Turizmus\",\"url\":\"https:\\\/\\\/www.kosiceregion.com\\\/\",\"logo\":{\"@type\":\"ImageObject\",\"inLanguage\":\"en-GB\",\"@id\":\"https:\\\/\\\/www.kosiceregion.com\\\/#\\\/schema\\\/logo\\\/image\\\/\",\"url\":\"https:\\\/\\\/www.kosiceregion.com\\\/wp-content\\\/uploads\\\/2019\\\/03\\\/logo-web-sk.png\",\"contentUrl\":\"https:\\\/\\\/www.kosiceregion.com\\\/wp-content\\\/uploads\\\/2019\\\/03\\\/logo-web-sk.png\",\"width\":225,\"height\":100,\"caption\":\"Ko\u0161ice Regi\u00f3n Turizmus\"},\"image\":{\"@id\":\"https:\\\/\\\/www.kosiceregion.com\\\/#\\\/schema\\\/logo\\\/image\\\/\"},\"sameAs\":[\"https:\\\/\\\/www.facebook.com\\\/kosiceregion\",\"https:\\\/\\\/x.com\\\/KOSICEREGION\",\"https:\\\/\\\/www.instagram.com\\\/kosiceregion\",\"https:\\\/\\\/www.youtube.com\\\/kosiceregion\"]},{\"@type\":\"Person\",\"@id\":\"https:\\\/\\\/www.kosiceregion.com\\\/#\\\/schema\\\/person\\\/c165be3d928462a4f7283533e3fa9f87\",\"name\":\"Attila T\u00f6r\u00f6k\",\"image\":{\"@type\":\"ImageObject\",\"inLanguage\":\"en-GB\",\"@id\":\"https:\\\/\\\/secure.gravatar.com\\\/avatar\\\/7536520a24f54162948fc01f9d450948fd7df6ba020d0e39b69d3dcb7e39ee10?s=96&d=mm&r=g\",\"url\":\"https:\\\/\\\/secure.gravatar.com\\\/avatar\\\/7536520a24f54162948fc01f9d450948fd7df6ba020d0e39b69d3dcb7e39ee10?s=96&d=mm&r=g\",\"contentUrl\":\"https:\\\/\\\/secure.gravatar.com\\\/avatar\\\/7536520a24f54162948fc01f9d450948fd7df6ba020d0e39b69d3dcb7e39ee10?s=96&d=mm&r=g\",\"caption\":\"Attila T\u00f6r\u00f6k\"}}]}<\/script>\n<!-- \/ Yoast SEO Premium plugin. -->","yoast_head_json":{"title":"Ko\u0161ice Regi\u00f3n","description":"Priznajte sa, kedy ste boli naposledy v m\u00fazeu alebo gal\u00e9rii. Je pravda, \u017ee s\u00fa\u010dasn\u00e1 situ\u00e1cia zatvorila na dlh\u0161ie obdobie mnoh\u00e9 tieto poklady. Umeleck\u00e9 a historick\u00e9 skvosty v\u00e1m predstav\u00edme priamo teraz z tepla v\u00e1\u0161ho domova. Posa\u010fte\u2026","robots":{"index":"index","follow":"follow","max-snippet":"max-snippet:-1","max-image-preview":"max-image-preview:large","max-video-preview":"max-video-preview:-1"},"canonical":"https:\/\/www.kosiceregion.com\/hu\/poklad-ktory-patri-medzi-umelecke-skvosty-europy\/","og_locale":"en_GB","og_type":"article","og_title":"Poklad, ktor\u00fd patr\u00ed medzi umeleck\u00e9 skvosty Eur\u00f3py","og_description":"Priznajte sa, kedy ste boli naposledy v m\u00fazeu alebo gal\u00e9rii. Je pravda, \u017ee s\u00fa\u010dasn\u00e1 situ\u00e1cia zatvorila na dlh\u0161ie obdobie mnoh\u00e9 tieto poklady. Umeleck\u00e9 a","og_url":"https:\/\/www.kosiceregion.com\/en\/wp-json\/wp\/v2\/posts\/4259","og_site_name":"Ko\u0161ice Regi\u00f3n","article_publisher":"https:\/\/www.facebook.com\/kosiceregion","article_published_time":"2020-12-16T07:00:36+00:00","article_modified_time":"2020-12-16T14:14:09+00:00","og_image":[{"width":2560,"height":1707,"url":"https:\/\/www.kosiceregion.com\/wp-content\/uploads\/2020\/12\/Kosicky-zlaty-poklad-2-scaled.jpg","type":"image\/jpeg"}],"author":"Attila T\u00f6r\u00f6k","twitter_card":"summary_large_image","twitter_creator":"@KOSICEREGION","twitter_site":"@KOSICEREGION","twitter_misc":{"Written by":"Attila T\u00f6r\u00f6k","Estimated reading time":"3 minutes"},"schema":{"@context":"https:\/\/schema.org","@graph":[{"@type":"Article","@id":"https:\/\/www.kosiceregion.com\/hu\/poklad-ktory-patri-medzi-umelecke-skvosty-europy\/#article","isPartOf":{"@id":"https:\/\/www.kosiceregion.com\/hu\/poklad-ktory-patri-medzi-umelecke-skvosty-europy\/"},"author":{"name":"Attila T\u00f6r\u00f6k","@id":"https:\/\/www.kosiceregion.com\/#\/schema\/person\/c165be3d928462a4f7283533e3fa9f87"},"headline":"Poklad, ktor\u00fd patr\u00ed medzi umeleck\u00e9 skvosty Eur\u00f3py","datePublished":"2020-12-16T07:00:36+00:00","dateModified":"2020-12-16T14:14:09+00:00","mainEntityOfPage":{"@id":"https:\/\/www.kosiceregion.com\/hu\/poklad-ktory-patri-medzi-umelecke-skvosty-europy\/"},"wordCount":657,"publisher":{"@id":"https:\/\/www.kosiceregion.com\/#organization"},"image":{"@id":"https:\/\/www.kosiceregion.com\/hu\/poklad-ktory-patri-medzi-umelecke-skvosty-europy\/#primaryimage"},"thumbnailUrl":"https:\/\/www.kosiceregion.com\/wp-content\/uploads\/2020\/12\/Kosicky-zlaty-poklad-2-scaled.jpg","keywords":["gal\u00e9ria","Gemer","Ko\u0161ice","ko\u0161ick\u00fd svetov\u00fd kraj","Ko\u0161ick\u00fd zlat\u00fd poklad","m\u00fazeum","Ro\u017e\u0148ava","Spi\u0161sk\u00e1 Nov\u00e1 Ves","Zempl\u00edn"],"articleSection":["In\u0161piruj sa"],"inLanguage":"en-GB"},{"@type":"WebPage","@id":"https:\/\/www.kosiceregion.com\/hu\/poklad-ktory-patri-medzi-umelecke-skvosty-europy\/","url":"https:\/\/www.kosiceregion.com\/hu\/poklad-ktory-patri-medzi-umelecke-skvosty-europy\/","name":"Poklad, ktor\u00fd patr\u00ed medzi umeleck\u00e9 skvosty Eur\u00f3py - Ko\u0161ice Regi\u00f3n","isPartOf":{"@id":"https:\/\/www.kosiceregion.com\/#website"},"primaryImageOfPage":{"@id":"https:\/\/www.kosiceregion.com\/hu\/poklad-ktory-patri-medzi-umelecke-skvosty-europy\/#primaryimage"},"image":{"@id":"https:\/\/www.kosiceregion.com\/hu\/poklad-ktory-patri-medzi-umelecke-skvosty-europy\/#primaryimage"},"thumbnailUrl":"https:\/\/www.kosiceregion.com\/wp-content\/uploads\/2020\/12\/Kosicky-zlaty-poklad-2-scaled.jpg","datePublished":"2020-12-16T07:00:36+00:00","dateModified":"2020-12-16T14:14:09+00:00","description":"Priznajte sa, kedy ste boli naposledy v m\u00fazeu alebo gal\u00e9rii. Je pravda, \u017ee s\u00fa\u010dasn\u00e1 situ\u00e1cia zatvorila na dlh\u0161ie obdobie mnoh\u00e9 tieto poklady. Umeleck\u00e9 a","breadcrumb":{"@id":"https:\/\/www.kosiceregion.com\/hu\/poklad-ktory-patri-medzi-umelecke-skvosty-europy\/#breadcrumb"},"inLanguage":"en-GB","potentialAction":[{"@type":"ReadAction","target":["https:\/\/www.kosiceregion.com\/hu\/poklad-ktory-patri-medzi-umelecke-skvosty-europy\/"]}]},{"@type":"ImageObject","inLanguage":"en-GB","@id":"https:\/\/www.kosiceregion.com\/hu\/poklad-ktory-patri-medzi-umelecke-skvosty-europy\/#primaryimage","url":"https:\/\/www.kosiceregion.com\/wp-content\/uploads\/2020\/12\/Kosicky-zlaty-poklad-2-scaled.jpg","contentUrl":"https:\/\/www.kosiceregion.com\/wp-content\/uploads\/2020\/12\/Kosicky-zlaty-poklad-2-scaled.jpg","width":2560,"height":1707},{"@type":"BreadcrumbList","@id":"https:\/\/www.kosiceregion.com\/hu\/poklad-ktory-patri-medzi-umelecke-skvosty-europy\/#breadcrumb","itemListElement":[{"@type":"ListItem","position":1,"name":"Home","item":"https:\/\/www.kosiceregion.com\/sk\/"},{"@type":"ListItem","position":2,"name":"Poklad, ktor\u00fd patr\u00ed medzi umeleck\u00e9 skvosty Eur\u00f3py"}]},{"@type":"WebSite","@id":"https:\/\/www.kosiceregion.com\/#website","url":"https:\/\/www.kosiceregion.com\/","name":"Ko\u0161ice Regi\u00f3n","description":"Turistick\u00fd sprievodca Ko\u0161ick\u00fdm krajom","publisher":{"@id":"https:\/\/www.kosiceregion.com\/#organization"},"potentialAction":[{"@type":"SearchAction","target":{"@type":"EntryPoint","urlTemplate":"https:\/\/www.kosiceregion.com\/?s={search_term_string}"},"query-input":{"@type":"PropertyValueSpecification","valueRequired":true,"valueName":"search_term_string"}}],"inLanguage":"en-GB"},{"@type":"Organization","@id":"https:\/\/www.kosiceregion.com\/#organization","name":"Ko\u0161ice Regi\u00f3n Turizmus","url":"https:\/\/www.kosiceregion.com\/","logo":{"@type":"ImageObject","inLanguage":"en-GB","@id":"https:\/\/www.kosiceregion.com\/#\/schema\/logo\/image\/","url":"https:\/\/www.kosiceregion.com\/wp-content\/uploads\/2019\/03\/logo-web-sk.png","contentUrl":"https:\/\/www.kosiceregion.com\/wp-content\/uploads\/2019\/03\/logo-web-sk.png","width":225,"height":100,"caption":"Ko\u0161ice Regi\u00f3n Turizmus"},"image":{"@id":"https:\/\/www.kosiceregion.com\/#\/schema\/logo\/image\/"},"sameAs":["https:\/\/www.facebook.com\/kosiceregion","https:\/\/x.com\/KOSICEREGION","https:\/\/www.instagram.com\/kosiceregion","https:\/\/www.youtube.com\/kosiceregion"]},{"@type":"Person","@id":"https:\/\/www.kosiceregion.com\/#\/schema\/person\/c165be3d928462a4f7283533e3fa9f87","name":"Attila T\u00f6r\u00f6k","image":{"@type":"ImageObject","inLanguage":"en-GB","@id":"https:\/\/secure.gravatar.com\/avatar\/7536520a24f54162948fc01f9d450948fd7df6ba020d0e39b69d3dcb7e39ee10?s=96&d=mm&r=g","url":"https:\/\/secure.gravatar.com\/avatar\/7536520a24f54162948fc01f9d450948fd7df6ba020d0e39b69d3dcb7e39ee10?s=96&d=mm&r=g","contentUrl":"https:\/\/secure.gravatar.com\/avatar\/7536520a24f54162948fc01f9d450948fd7df6ba020d0e39b69d3dcb7e39ee10?s=96&d=mm&r=g","caption":"Attila T\u00f6r\u00f6k"}}]}},"_links":{"self":[{"href":"https:\/\/www.kosiceregion.com\/en\/wp-json\/wp\/v2\/posts\/4259","targetHints":{"allow":["GET"]}}],"collection":[{"href":"https:\/\/www.kosiceregion.com\/en\/wp-json\/wp\/v2\/posts"}],"about":[{"href":"https:\/\/www.kosiceregion.com\/en\/wp-json\/wp\/v2\/types\/post"}],"author":[{"embeddable":true,"href":"https:\/\/www.kosiceregion.com\/en\/wp-json\/wp\/v2\/users\/10"}],"replies":[{"embeddable":true,"href":"https:\/\/www.kosiceregion.com\/en\/wp-json\/wp\/v2\/comments?post=4259"}],"version-history":[{"count":7,"href":"https:\/\/www.kosiceregion.com\/en\/wp-json\/wp\/v2\/posts\/4259\/revisions"}],"predecessor-version":[{"id":4407,"href":"https:\/\/www.kosiceregion.com\/en\/wp-json\/wp\/v2\/posts\/4259\/revisions\/4407"}],"wp:featuredmedia":[{"embeddable":true,"href":"https:\/\/www.kosiceregion.com\/en\/wp-json\/wp\/v2\/media\/4266"}],"wp:attachment":[{"href":"https:\/\/www.kosiceregion.com\/en\/wp-json\/wp\/v2\/media?parent=4259"}],"wp:term":[{"taxonomy":"category","embeddable":true,"href":"https:\/\/www.kosiceregion.com\/en\/wp-json\/wp\/v2\/categories?post=4259"},{"taxonomy":"post_tag","embeddable":true,"href":"https:\/\/www.kosiceregion.com\/en\/wp-json\/wp\/v2\/tags?post=4259"}],"curies":[{"name":"wp","href":"https:\/\/api.w.org\/{rel}","templated":true}]}}