{"id":5914,"date":"2021-05-07T13:32:12","date_gmt":"2021-05-07T11:32:12","guid":{"rendered":"https:\/\/www.kosiceregion.com\/sk\/?p=5914"},"modified":"2021-05-12T13:50:00","modified_gmt":"2021-05-12T11:50:00","slug":"","status":"publish","type":"post","link":"https:\/\/www.kosiceregion.com\/en\/zivot-dobrodruhov-drienkova-skala\/","title":{"rendered":"","raw":""},"content":{"rendered":"","protected":false,"raw":""},"excerpt":{"rendered":"","protected":false,"raw":""},"author":10,"featured_media":5934,"comment_status":"closed","ping_status":"closed","sticky":false,"template":"","format":"standard","meta":{"_acf_changed":false,"_sk_post_content":"<!-- wp:tadv\/classic-paragraph -->\n<p style=\"text-align: justify;\">Drienkov\u00e1 skala, inak naz\u00fdvan\u00e1 aj Mal\u00fd Sivec, sa nach\u00e1dza nad vodnou n\u00e1dr\u017eou Ru\u017e\u00edn. Toto miesto sa ur\u010dite oplat\u00ed nav\u0161t\u00edvi\u0165, nako\u013eko je to pr\u00edjemn\u00e1 a fyzicky nen\u00e1ro\u010dn\u00e1 turistika, vhodn\u00e1 aj pre rodiny s de\u0165mi a v\u0161etky vekov\u00e9 kateg\u00f3rie. V\u00fdlet na t\u00fato skalu je skvelou pr\u00edle\u017eitos\u0165ou na oddych od ruchu mesta a ka\u017edodenn\u00fdch povinnost\u00ed. Z\u00e1rove\u0148 sa n\u00e1m odv\u010fa\u010d\u00ed dychber\u00facimi v\u00fdh\u013eadmi na Ru\u017e\u00ednsku priehradu, skalnat\u00fd vrch Holica, Volovsk\u00e9 vrchy, Ru\u017e\u00ednsky viadukt a pri dobrej vidite\u013enosti je mo\u017en\u00e9 vidie\u0165 aj Vysok\u00e9 Tatry. Ru\u017e\u00ednska priehrada, ktor\u00e1 sa nach\u00e1dza rovno pod skalou, je po\u010das letn\u00fdch mesiacov ide\u00e1lna na pl\u00e1vanie, kajakovanie alebo \u010dlnkovanie.<\/p>\n<!-- \/wp:tadv\/classic-paragraph -->\n\n<!-- wp:image {\"id\":5915,\"sizeSlug\":\"large\",\"linkDestination\":\"none\"} -->\n<figure class=\"wp-block-image size-large\"><img src=\"https:\/\/www.kosiceregion.com\/wp-content\/uploads\/2021\/05\/1-1024x683.jpg\" alt=\"\" class=\"wp-image-5915\"\/><\/figure>\n<!-- \/wp:image -->\n\n<!-- wp:tadv\/classic-paragraph -->\n<p style=\"text-align: justify;\">Drienkov\u00e1 skala je v\u00e1pencov\u00e1 nezalesnen\u00e1 skala, na ktorej sa rozprestiera mal\u00e1 l\u00fa\u010dka. Taktie\u017e je s\u00fa\u010das\u0165ou pohoria \u010cierna hora, ktor\u00e9 je z&nbsp;v\u00e4\u010d\u0161ej \u010dasti neos\u00eddlen\u00e9 a&nbsp;zalesnen\u00e9 na 80%. \u010cierna hora sa del\u00ed na 5 podcelkov, pri\u010dom Drienkov\u00e1 skala spad\u00e1 do podcelku Pokryvy. Rastie tu mnoho lesn\u00fdch plodov, mal\u00edn, \u010du\u010doriedok, lesn\u00fdch jah\u00f4d \u010di h\u00fab. Taktie\u017e sa tu vyskytuje mnoho chr\u00e1nen\u00fdch a&nbsp;lie\u010div\u00fdch rastl\u00edn. Medzi tieto vz\u00e1cne rastlinn\u00e9 druhy patria napr\u00edklad poniklec slovensk\u00fd a&nbsp;poniklec ve\u013ekokvet\u00fd. Toto miesto obklopuje dubovo-hrabov\u00fd les.<\/p>\n<!-- \/wp:tadv\/classic-paragraph -->\n\n<!-- wp:heading -->\n<h2>Ako sa na Drienkov\u00fa skalu dostanete z Ko\u0161\u00edc?<\/h2>\n<!-- \/wp:heading -->\n\n<!-- wp:tadv\/classic-paragraph -->\n<p style=\"text-align: justify;\">Na v\u00fdchodiskov\u00fd bod sa vieme dosta\u0165 dvoma sp\u00f4sobmi. Autobusom sa mus\u00edme dopravi\u0165 na autobusov\u00fa zast\u00e1vku Ko\u0161ick\u00e9 H\u00e1mre, most. Od zast\u00e1vky sledujeme zelen\u00fa turistick\u00fa zna\u010dku smerom k mostu. Pred mostom bo\u010d\u00edme doprava a pokra\u010dujeme e\u0161te 600 m po asfaltovej ceste, a\u017e k\u00fdm ned\u00f4jdeme k r\u00e1zcestn\u00edku, pri ktorom sch\u00e1dzame z cesty a bo\u010d\u00edme doprava na lesn\u00fa cestu. Pri tomto r\u00e1zcestn\u00edku sa taktie\u017e nach\u00e1dza priestor na parkovanie pre t\u00fdch, ktor\u00fd sem pr\u00eddu autom.<\/p>\n<!-- \/wp:tadv\/classic-paragraph -->\n\n<!-- wp:image {\"id\":5916,\"sizeSlug\":\"large\",\"linkDestination\":\"none\"} -->\n<figure class=\"wp-block-image size-large\"><img src=\"https:\/\/www.kosiceregion.com\/wp-content\/uploads\/2021\/05\/2-1024x683.jpg\" alt=\"\" class=\"wp-image-5916\"\/><figcaption>V\u00fdchodiskov\u00fd bod z ktor\u00e9ho pokra\u010dujeme cesti\u010dkou vpravo.<\/figcaption><\/figure>\n<!-- \/wp:image -->\n\n<!-- wp:heading -->\n<h2>Popis trasy<\/h2>\n<!-- \/wp:heading -->\n\n<!-- wp:tadv\/classic-paragraph -->\n<p><strong>Celkov\u00e9 trvanie: 1:40 h<\/strong><\/p>\n<p><strong>D\u013a\u017eka trasy: 2.2 km<\/strong><\/p>\n<p><strong>Prev\u00fd\u0161enie: 195 m<\/strong><\/p>\n<p><strong>Najvy\u0161\u0161\u00ed bod: 530 m.n.m.<\/strong><\/p>\n<p style=\"text-align: justify;\">Trasa vedie lesnou cestou, kde sledujeme zelen\u00e9 zna\u010dky ukazuj\u00face cestu na Sivec. Po p\u00e1r min\u00fatach ch\u00f4dze po \u0161trkovej ceste bo\u010d\u00edme vpravo. Je tu mal\u00fd dreven\u00fd most\u00edk a za n\u00edm nasleduje lesn\u00fd chodn\u00ed\u010dek, ved\u00faci pomedzi stromy.<\/p>\n<!-- \/wp:tadv\/classic-paragraph -->\n\n<!-- wp:image {\"id\":5917,\"sizeSlug\":\"large\",\"linkDestination\":\"none\"} -->\n<figure class=\"wp-block-image size-large\"><img src=\"https:\/\/www.kosiceregion.com\/wp-content\/uploads\/2021\/05\/3-1024x683.jpg\" alt=\"\" class=\"wp-image-5917\"\/><figcaption>Dreven\u00fd most\u00edk po pravej strane.<\/figcaption><\/figure>\n<!-- \/wp:image -->\n\n<!-- wp:tadv\/classic-paragraph -->\n<p style=\"text-align: justify;\">Po kr\u00e1tkej chv\u00edli sa dostaneme na \u0161trkov\u00fd chodn\u00edk a&nbsp;nesk\u00f4r na miesto, kde sa cesta rozde\u013euje (cesta k&nbsp;tejto odbo\u010dke trv\u00e1 pribli\u017ene 35 min\u00fat). Jedna cesta vedie smerom vpravo a&nbsp;nahor. T\u00e1to trasa je ozna\u010den\u00e1 zelenou turistickou zna\u010dkou a&nbsp;vedie na Sivec. My sa ale vyd\u00e1vame cestou po \u013eavej strane, ktor\u00e1 nie je ozna\u010den\u00e1.<\/p>\n<!-- \/wp:tadv\/classic-paragraph -->\n\n<!-- wp:image {\"id\":5918,\"sizeSlug\":\"large\",\"linkDestination\":\"none\"} -->\n<figure class=\"wp-block-image size-large\"><img src=\"https:\/\/www.kosiceregion.com\/wp-content\/uploads\/2021\/05\/4-1024x683.jpg\" alt=\"\" class=\"wp-image-5918\"\/><figcaption>Vpravo odbo\u010dka na Sivec. My pokra\u010dujeme \u013eavou trasou.<\/figcaption><\/figure>\n<!-- \/wp:image -->\n\n<!-- wp:tadv\/classic-paragraph -->\n<p style=\"text-align: justify;\">Pribli\u017ene po 200 metroch si na strome po pravej strane m\u00f4\u017eeme v\u0161imn\u00fa\u0165 prv\u00fa zna\u010dku v tvare \u0161tvorca s \u010derveno-bielymi trojuholn\u00edkmi, ved\u00facu na Drienkov\u00fa skalu.<\/p>\n<!-- \/wp:tadv\/classic-paragraph -->\n\n<!-- wp:image {\"id\":5919,\"sizeSlug\":\"large\",\"linkDestination\":\"none\"} -->\n<figure class=\"wp-block-image size-large\"><img src=\"https:\/\/www.kosiceregion.com\/wp-content\/uploads\/2021\/05\/5-1024x683.jpg\" alt=\"\" class=\"wp-image-5919\"\/><\/figure>\n<!-- \/wp:image -->\n\n<!-- wp:tadv\/classic-paragraph -->\n<p style=\"text-align: justify;\">Tejto zna\u010dky sa dr\u017e\u00edme a&nbsp;pokra\u010dujeme po lesnej ceste a\u017e na jej koniec. Sch\u00e1dzame z&nbsp;lesnej cesty a pokra\u010dujeme lesn\u00fdm chodn\u00edkom rovno.&nbsp;<\/p>\n<!-- \/wp:tadv\/classic-paragraph -->\n\n<!-- wp:image {\"id\":5920,\"sizeSlug\":\"large\",\"linkDestination\":\"none\"} -->\n<figure class=\"wp-block-image size-large\"><img src=\"https:\/\/www.kosiceregion.com\/wp-content\/uploads\/2021\/05\/6-1024x683.jpg\" alt=\"\" class=\"wp-image-5920\"\/><figcaption>Koniec lesnej cesty. Pokra\u010dujeme rovno lesn\u00fdm chodn\u00ed\u010dkom.<\/figcaption><\/figure>\n<!-- \/wp:image -->\n\n<!-- wp:tadv\/classic-paragraph -->\n<p style=\"text-align: justify;\">Sledujeme zna\u010denie na stromoch. O&nbsp;p\u00e1r min\u00fat d\u00f4jdeme na miesto, kde sa chodn\u00edk del\u00ed na dve trasy. Nez\u00e1le\u017e\u00ed, ktor\u00fa trasu zvol\u00edme. Oba tieto chodn\u00ed\u010dky sa po p\u00e1r metroch stret\u00e1vaj\u00fa a&nbsp;pokra\u010duj\u00fa na Drienkov\u00fa skalu.<\/p>\n<!-- \/wp:tadv\/classic-paragraph -->\n\n<!-- wp:image {\"id\":5921,\"sizeSlug\":\"large\",\"linkDestination\":\"none\"} -->\n<figure class=\"wp-block-image size-large\"><img src=\"https:\/\/www.kosiceregion.com\/wp-content\/uploads\/2021\/05\/7-1024x683.jpg\" alt=\"\" class=\"wp-image-5921\"\/><figcaption>Chodn\u00ed\u010dek sa v tomto bode del\u00ed. <\/figcaption><\/figure>\n<!-- \/wp:image -->\n\n<!-- wp:tadv\/classic-paragraph -->\n<p style=\"text-align: justify;\">Ost\u00e1va n\u00e1m posledn\u00fd \u00fasek. Tu sa za\u010d\u00edna v\u00e4\u010d\u0161ie st\u00fapanie a&nbsp;po \u013eavej strane sa n\u00e1m za\u010d\u00edna ukazova\u0165 vodn\u00e1 n\u00e1dr\u017e Ru\u017e\u00edn. Pokra\u010dujeme smerom nahor a&nbsp;po chv\u00ed\u013eke sa dost\u00e1vame do cie\u013ea.<\/p>\n<!-- \/wp:tadv\/classic-paragraph -->\n\n<!-- wp:image {\"id\":5922,\"sizeSlug\":\"large\",\"linkDestination\":\"none\"} -->\n<figure class=\"wp-block-image size-large\"><img src=\"https:\/\/www.kosiceregion.com\/wp-content\/uploads\/2021\/05\/8-1024x683.jpg\" alt=\"\" class=\"wp-image-5922\"\/><\/figure>\n<!-- \/wp:image -->\n\n<!-- wp:tadv\/classic-paragraph -->\n<p>Viac in\u0161pir\u00e1ci\u00ed n\u00e1jdete na soci\u00e1lnej sieti Instagram a \u00fa\u010dte <a href=\"https:\/\/www.instagram.com\/zivot_dobrodruhov\/\" target=\"_blank\" rel=\"noopener\">@zivot_dobrodruhov<\/a>.\u00a0<\/p>\n<!-- \/wp:tadv\/classic-paragraph -->","_sk_post_name":"zivot-dobrodruhov-drienkova-skala","_sk_post_excerpt":"","_sk_post_title":"\u017divot dobrodruhov: Drienkov\u00e1 skala","_en_post_content":"","_en_post_name":"","_en_post_excerpt":"","_en_post_title":"","_hu_post_content":"","_hu_post_name":"","_hu_post_excerpt":"","_hu_post_title":"","_es_post_content":"","_es_post_name":"","_es_post_excerpt":"","_es_post_title":"","_de_post_content":"","_de_post_name":"","_de_post_excerpt":"","_de_post_title":"","_pl_post_content":"","_pl_post_name":"","_pl_post_excerpt":"","_pl_post_title":"","_it_post_content":"","_it_post_name":"","_it_post_excerpt":"","_it_post_title":"","edit_language":"en","footnotes":""},"categories":[22],"tags":[],"class_list":["post-5914","post","type-post","status-publish","format-standard","has-post-thumbnail","hentry","category-get-inspired"],"acf":[],"yoast_head":"<!-- This site is optimized with the Yoast SEO Premium plugin v25.5 (Yoast SEO v27.4) - https:\/\/yoast.com\/product\/yoast-seo-premium-wordpress\/ -->\n<title>Ko\u0161ice Regi\u00f3n<\/title>\n<meta name=\"description\" content=\"Drienkov\u00e1 skala, inak naz\u00fdvan\u00e1 aj Mal\u00fd Sivec, sa nach\u00e1dza nad vodnou n\u00e1dr\u017eou Ru\u017e\u00edn. Toto miesto sa ur\u010dite oplat\u00ed nav\u0161t\u00edvi\u0165, nako\u013eko je to pr\u00edjemn\u00e1 a fyzicky nen\u00e1ro\u010dn\u00e1 turistika, vhodn\u00e1 aj pre rodiny s de\u0165mi a v\u0161etky vekov\u00e9\u2026\" \/>\n<meta name=\"robots\" content=\"index, follow, max-snippet:-1, max-image-preview:large, max-video-preview:-1\" \/>\n<link rel=\"canonical\" href=\"https:\/\/www.kosiceregion.com\/hu\/zivot-dobrodruhov-drienkova-skala\/\" \/>\n<meta property=\"og:locale\" content=\"en_GB\" \/>\n<meta property=\"og:type\" content=\"article\" \/>\n<meta property=\"og:title\" content=\"\u017divot dobrodruhov: Drienkov\u00e1 skala\" \/>\n<meta property=\"og:description\" content=\"Drienkov\u00e1 skala, inak naz\u00fdvan\u00e1 aj Mal\u00fd Sivec, sa nach\u00e1dza nad vodnou n\u00e1dr\u017eou Ru\u017e\u00edn. Toto miesto sa ur\u010dite oplat\u00ed nav\u0161t\u00edvi\u0165, nako\u013eko je to pr\u00edjemn\u00e1 a\" \/>\n<meta property=\"og:url\" content=\"https:\/\/www.kosiceregion.com\/en\/wp-json\/wp\/v2\/posts\/5914\" \/>\n<meta property=\"og:site_name\" content=\"Ko\u0161ice Regi\u00f3n\" \/>\n<meta property=\"article:publisher\" content=\"https:\/\/www.facebook.com\/kosiceregion\" \/>\n<meta property=\"article:published_time\" content=\"2021-05-07T11:32:12+00:00\" \/>\n<meta property=\"article:modified_time\" content=\"2021-05-12T11:50:00+00:00\" \/>\n<meta property=\"og:image\" content=\"https:\/\/www.kosiceregion.com\/wp-content\/uploads\/2021\/05\/titulka3-scaled.jpg\" \/>\n\t<meta property=\"og:image:width\" content=\"2560\" \/>\n\t<meta property=\"og:image:height\" content=\"1707\" \/>\n\t<meta property=\"og:image:type\" content=\"image\/jpeg\" \/>\n<meta name=\"author\" content=\"Attila T\u00f6r\u00f6k\" \/>\n<meta name=\"twitter:card\" content=\"summary_large_image\" \/>\n<meta name=\"twitter:creator\" content=\"@KOSICEREGION\" \/>\n<meta name=\"twitter:site\" content=\"@KOSICEREGION\" \/>\n<meta name=\"twitter:label1\" content=\"Written by\" \/>\n\t<meta name=\"twitter:data1\" content=\"Attila T\u00f6r\u00f6k\" \/>\n\t<meta name=\"twitter:label2\" content=\"Estimated reading time\" \/>\n\t<meta name=\"twitter:data2\" content=\"4 minutes\" \/>\n<script type=\"application\/ld+json\" class=\"yoast-schema-graph\">{\"@context\":\"https:\\\/\\\/schema.org\",\"@graph\":[{\"@type\":\"Article\",\"@id\":\"https:\\\/\\\/www.kosiceregion.com\\\/hu\\\/zivot-dobrodruhov-drienkova-skala\\\/#article\",\"isPartOf\":{\"@id\":\"https:\\\/\\\/www.kosiceregion.com\\\/hu\\\/zivot-dobrodruhov-drienkova-skala\\\/\"},\"author\":{\"name\":\"Attila T\u00f6r\u00f6k\",\"@id\":\"https:\\\/\\\/www.kosiceregion.com\\\/#\\\/schema\\\/person\\\/c165be3d928462a4f7283533e3fa9f87\"},\"headline\":\"\u017divot dobrodruhov: Drienkov\u00e1 skala\",\"datePublished\":\"2021-05-07T11:32:12+00:00\",\"dateModified\":\"2021-05-12T11:50:00+00:00\",\"mainEntityOfPage\":{\"@id\":\"https:\\\/\\\/www.kosiceregion.com\\\/hu\\\/zivot-dobrodruhov-drienkova-skala\\\/\"},\"wordCount\":684,\"publisher\":{\"@id\":\"https:\\\/\\\/www.kosiceregion.com\\\/#organization\"},\"image\":{\"@id\":\"https:\\\/\\\/www.kosiceregion.com\\\/hu\\\/zivot-dobrodruhov-drienkova-skala\\\/#primaryimage\"},\"thumbnailUrl\":\"https:\\\/\\\/www.kosiceregion.com\\\/wp-content\\\/uploads\\\/2021\\\/05\\\/titulka3-scaled.jpg\",\"articleSection\":[\"In\u0161piruj sa\"],\"inLanguage\":\"en-GB\"},{\"@type\":\"WebPage\",\"@id\":\"https:\\\/\\\/www.kosiceregion.com\\\/hu\\\/zivot-dobrodruhov-drienkova-skala\\\/\",\"url\":\"https:\\\/\\\/www.kosiceregion.com\\\/hu\\\/zivot-dobrodruhov-drienkova-skala\\\/\",\"name\":\"\u017divot dobrodruhov: Drienkov\u00e1 skala - Ko\u0161ice Regi\u00f3n\",\"isPartOf\":{\"@id\":\"https:\\\/\\\/www.kosiceregion.com\\\/#website\"},\"primaryImageOfPage\":{\"@id\":\"https:\\\/\\\/www.kosiceregion.com\\\/hu\\\/zivot-dobrodruhov-drienkova-skala\\\/#primaryimage\"},\"image\":{\"@id\":\"https:\\\/\\\/www.kosiceregion.com\\\/hu\\\/zivot-dobrodruhov-drienkova-skala\\\/#primaryimage\"},\"thumbnailUrl\":\"https:\\\/\\\/www.kosiceregion.com\\\/wp-content\\\/uploads\\\/2021\\\/05\\\/titulka3-scaled.jpg\",\"datePublished\":\"2021-05-07T11:32:12+00:00\",\"dateModified\":\"2021-05-12T11:50:00+00:00\",\"description\":\"Drienkov\u00e1 skala, inak naz\u00fdvan\u00e1 aj Mal\u00fd Sivec, sa nach\u00e1dza nad vodnou n\u00e1dr\u017eou Ru\u017e\u00edn. Toto miesto sa ur\u010dite oplat\u00ed nav\u0161t\u00edvi\u0165, nako\u013eko je to pr\u00edjemn\u00e1 a\",\"breadcrumb\":{\"@id\":\"https:\\\/\\\/www.kosiceregion.com\\\/hu\\\/zivot-dobrodruhov-drienkova-skala\\\/#breadcrumb\"},\"inLanguage\":\"en-GB\",\"potentialAction\":[{\"@type\":\"ReadAction\",\"target\":[\"https:\\\/\\\/www.kosiceregion.com\\\/hu\\\/zivot-dobrodruhov-drienkova-skala\\\/\"]}]},{\"@type\":\"ImageObject\",\"inLanguage\":\"en-GB\",\"@id\":\"https:\\\/\\\/www.kosiceregion.com\\\/hu\\\/zivot-dobrodruhov-drienkova-skala\\\/#primaryimage\",\"url\":\"https:\\\/\\\/www.kosiceregion.com\\\/wp-content\\\/uploads\\\/2021\\\/05\\\/titulka3-scaled.jpg\",\"contentUrl\":\"https:\\\/\\\/www.kosiceregion.com\\\/wp-content\\\/uploads\\\/2021\\\/05\\\/titulka3-scaled.jpg\",\"width\":2560,\"height\":1707},{\"@type\":\"BreadcrumbList\",\"@id\":\"https:\\\/\\\/www.kosiceregion.com\\\/hu\\\/zivot-dobrodruhov-drienkova-skala\\\/#breadcrumb\",\"itemListElement\":[{\"@type\":\"ListItem\",\"position\":1,\"name\":\"Home\",\"item\":\"https:\\\/\\\/www.kosiceregion.com\\\/sk\\\/\"},{\"@type\":\"ListItem\",\"position\":2,\"name\":\"\u017divot dobrodruhov: Drienkov\u00e1 skala\"}]},{\"@type\":\"WebSite\",\"@id\":\"https:\\\/\\\/www.kosiceregion.com\\\/#website\",\"url\":\"https:\\\/\\\/www.kosiceregion.com\\\/\",\"name\":\"Ko\u0161ice Regi\u00f3n\",\"description\":\"Turistick\u00fd sprievodca Ko\u0161ick\u00fdm krajom\",\"publisher\":{\"@id\":\"https:\\\/\\\/www.kosiceregion.com\\\/#organization\"},\"potentialAction\":[{\"@type\":\"SearchAction\",\"target\":{\"@type\":\"EntryPoint\",\"urlTemplate\":\"https:\\\/\\\/www.kosiceregion.com\\\/?s={search_term_string}\"},\"query-input\":{\"@type\":\"PropertyValueSpecification\",\"valueRequired\":true,\"valueName\":\"search_term_string\"}}],\"inLanguage\":\"en-GB\"},{\"@type\":\"Organization\",\"@id\":\"https:\\\/\\\/www.kosiceregion.com\\\/#organization\",\"name\":\"Ko\u0161ice Regi\u00f3n Turizmus\",\"url\":\"https:\\\/\\\/www.kosiceregion.com\\\/\",\"logo\":{\"@type\":\"ImageObject\",\"inLanguage\":\"en-GB\",\"@id\":\"https:\\\/\\\/www.kosiceregion.com\\\/#\\\/schema\\\/logo\\\/image\\\/\",\"url\":\"https:\\\/\\\/www.kosiceregion.com\\\/wp-content\\\/uploads\\\/2019\\\/03\\\/logo-web-sk.png\",\"contentUrl\":\"https:\\\/\\\/www.kosiceregion.com\\\/wp-content\\\/uploads\\\/2019\\\/03\\\/logo-web-sk.png\",\"width\":225,\"height\":100,\"caption\":\"Ko\u0161ice Regi\u00f3n Turizmus\"},\"image\":{\"@id\":\"https:\\\/\\\/www.kosiceregion.com\\\/#\\\/schema\\\/logo\\\/image\\\/\"},\"sameAs\":[\"https:\\\/\\\/www.facebook.com\\\/kosiceregion\",\"https:\\\/\\\/x.com\\\/KOSICEREGION\",\"https:\\\/\\\/www.instagram.com\\\/kosiceregion\",\"https:\\\/\\\/www.youtube.com\\\/kosiceregion\"]},{\"@type\":\"Person\",\"@id\":\"https:\\\/\\\/www.kosiceregion.com\\\/#\\\/schema\\\/person\\\/c165be3d928462a4f7283533e3fa9f87\",\"name\":\"Attila T\u00f6r\u00f6k\",\"image\":{\"@type\":\"ImageObject\",\"inLanguage\":\"en-GB\",\"@id\":\"https:\\\/\\\/secure.gravatar.com\\\/avatar\\\/7536520a24f54162948fc01f9d450948fd7df6ba020d0e39b69d3dcb7e39ee10?s=96&d=mm&r=g\",\"url\":\"https:\\\/\\\/secure.gravatar.com\\\/avatar\\\/7536520a24f54162948fc01f9d450948fd7df6ba020d0e39b69d3dcb7e39ee10?s=96&d=mm&r=g\",\"contentUrl\":\"https:\\\/\\\/secure.gravatar.com\\\/avatar\\\/7536520a24f54162948fc01f9d450948fd7df6ba020d0e39b69d3dcb7e39ee10?s=96&d=mm&r=g\",\"caption\":\"Attila T\u00f6r\u00f6k\"}}]}<\/script>\n<!-- \/ Yoast SEO Premium plugin. -->","yoast_head_json":{"title":"Ko\u0161ice Regi\u00f3n","description":"Drienkov\u00e1 skala, inak naz\u00fdvan\u00e1 aj Mal\u00fd Sivec, sa nach\u00e1dza nad vodnou n\u00e1dr\u017eou Ru\u017e\u00edn. Toto miesto sa ur\u010dite oplat\u00ed nav\u0161t\u00edvi\u0165, nako\u013eko je to pr\u00edjemn\u00e1 a fyzicky nen\u00e1ro\u010dn\u00e1 turistika, vhodn\u00e1 aj pre rodiny s de\u0165mi a v\u0161etky vekov\u00e9\u2026","robots":{"index":"index","follow":"follow","max-snippet":"max-snippet:-1","max-image-preview":"max-image-preview:large","max-video-preview":"max-video-preview:-1"},"canonical":"https:\/\/www.kosiceregion.com\/hu\/zivot-dobrodruhov-drienkova-skala\/","og_locale":"en_GB","og_type":"article","og_title":"\u017divot dobrodruhov: Drienkov\u00e1 skala","og_description":"Drienkov\u00e1 skala, inak naz\u00fdvan\u00e1 aj Mal\u00fd Sivec, sa nach\u00e1dza nad vodnou n\u00e1dr\u017eou Ru\u017e\u00edn. Toto miesto sa ur\u010dite oplat\u00ed nav\u0161t\u00edvi\u0165, nako\u013eko je to pr\u00edjemn\u00e1 a","og_url":"https:\/\/www.kosiceregion.com\/en\/wp-json\/wp\/v2\/posts\/5914","og_site_name":"Ko\u0161ice Regi\u00f3n","article_publisher":"https:\/\/www.facebook.com\/kosiceregion","article_published_time":"2021-05-07T11:32:12+00:00","article_modified_time":"2021-05-12T11:50:00+00:00","og_image":[{"width":2560,"height":1707,"url":"https:\/\/www.kosiceregion.com\/wp-content\/uploads\/2021\/05\/titulka3-scaled.jpg","type":"image\/jpeg"}],"author":"Attila T\u00f6r\u00f6k","twitter_card":"summary_large_image","twitter_creator":"@KOSICEREGION","twitter_site":"@KOSICEREGION","twitter_misc":{"Written by":"Attila T\u00f6r\u00f6k","Estimated reading time":"4 minutes"},"schema":{"@context":"https:\/\/schema.org","@graph":[{"@type":"Article","@id":"https:\/\/www.kosiceregion.com\/hu\/zivot-dobrodruhov-drienkova-skala\/#article","isPartOf":{"@id":"https:\/\/www.kosiceregion.com\/hu\/zivot-dobrodruhov-drienkova-skala\/"},"author":{"name":"Attila T\u00f6r\u00f6k","@id":"https:\/\/www.kosiceregion.com\/#\/schema\/person\/c165be3d928462a4f7283533e3fa9f87"},"headline":"\u017divot dobrodruhov: Drienkov\u00e1 skala","datePublished":"2021-05-07T11:32:12+00:00","dateModified":"2021-05-12T11:50:00+00:00","mainEntityOfPage":{"@id":"https:\/\/www.kosiceregion.com\/hu\/zivot-dobrodruhov-drienkova-skala\/"},"wordCount":684,"publisher":{"@id":"https:\/\/www.kosiceregion.com\/#organization"},"image":{"@id":"https:\/\/www.kosiceregion.com\/hu\/zivot-dobrodruhov-drienkova-skala\/#primaryimage"},"thumbnailUrl":"https:\/\/www.kosiceregion.com\/wp-content\/uploads\/2021\/05\/titulka3-scaled.jpg","articleSection":["In\u0161piruj sa"],"inLanguage":"en-GB"},{"@type":"WebPage","@id":"https:\/\/www.kosiceregion.com\/hu\/zivot-dobrodruhov-drienkova-skala\/","url":"https:\/\/www.kosiceregion.com\/hu\/zivot-dobrodruhov-drienkova-skala\/","name":"\u017divot dobrodruhov: Drienkov\u00e1 skala - Ko\u0161ice Regi\u00f3n","isPartOf":{"@id":"https:\/\/www.kosiceregion.com\/#website"},"primaryImageOfPage":{"@id":"https:\/\/www.kosiceregion.com\/hu\/zivot-dobrodruhov-drienkova-skala\/#primaryimage"},"image":{"@id":"https:\/\/www.kosiceregion.com\/hu\/zivot-dobrodruhov-drienkova-skala\/#primaryimage"},"thumbnailUrl":"https:\/\/www.kosiceregion.com\/wp-content\/uploads\/2021\/05\/titulka3-scaled.jpg","datePublished":"2021-05-07T11:32:12+00:00","dateModified":"2021-05-12T11:50:00+00:00","description":"Drienkov\u00e1 skala, inak naz\u00fdvan\u00e1 aj Mal\u00fd Sivec, sa nach\u00e1dza nad vodnou n\u00e1dr\u017eou Ru\u017e\u00edn. Toto miesto sa ur\u010dite oplat\u00ed nav\u0161t\u00edvi\u0165, nako\u013eko je to pr\u00edjemn\u00e1 a","breadcrumb":{"@id":"https:\/\/www.kosiceregion.com\/hu\/zivot-dobrodruhov-drienkova-skala\/#breadcrumb"},"inLanguage":"en-GB","potentialAction":[{"@type":"ReadAction","target":["https:\/\/www.kosiceregion.com\/hu\/zivot-dobrodruhov-drienkova-skala\/"]}]},{"@type":"ImageObject","inLanguage":"en-GB","@id":"https:\/\/www.kosiceregion.com\/hu\/zivot-dobrodruhov-drienkova-skala\/#primaryimage","url":"https:\/\/www.kosiceregion.com\/wp-content\/uploads\/2021\/05\/titulka3-scaled.jpg","contentUrl":"https:\/\/www.kosiceregion.com\/wp-content\/uploads\/2021\/05\/titulka3-scaled.jpg","width":2560,"height":1707},{"@type":"BreadcrumbList","@id":"https:\/\/www.kosiceregion.com\/hu\/zivot-dobrodruhov-drienkova-skala\/#breadcrumb","itemListElement":[{"@type":"ListItem","position":1,"name":"Home","item":"https:\/\/www.kosiceregion.com\/sk\/"},{"@type":"ListItem","position":2,"name":"\u017divot dobrodruhov: Drienkov\u00e1 skala"}]},{"@type":"WebSite","@id":"https:\/\/www.kosiceregion.com\/#website","url":"https:\/\/www.kosiceregion.com\/","name":"Ko\u0161ice Regi\u00f3n","description":"Turistick\u00fd sprievodca Ko\u0161ick\u00fdm krajom","publisher":{"@id":"https:\/\/www.kosiceregion.com\/#organization"},"potentialAction":[{"@type":"SearchAction","target":{"@type":"EntryPoint","urlTemplate":"https:\/\/www.kosiceregion.com\/?s={search_term_string}"},"query-input":{"@type":"PropertyValueSpecification","valueRequired":true,"valueName":"search_term_string"}}],"inLanguage":"en-GB"},{"@type":"Organization","@id":"https:\/\/www.kosiceregion.com\/#organization","name":"Ko\u0161ice Regi\u00f3n Turizmus","url":"https:\/\/www.kosiceregion.com\/","logo":{"@type":"ImageObject","inLanguage":"en-GB","@id":"https:\/\/www.kosiceregion.com\/#\/schema\/logo\/image\/","url":"https:\/\/www.kosiceregion.com\/wp-content\/uploads\/2019\/03\/logo-web-sk.png","contentUrl":"https:\/\/www.kosiceregion.com\/wp-content\/uploads\/2019\/03\/logo-web-sk.png","width":225,"height":100,"caption":"Ko\u0161ice Regi\u00f3n Turizmus"},"image":{"@id":"https:\/\/www.kosiceregion.com\/#\/schema\/logo\/image\/"},"sameAs":["https:\/\/www.facebook.com\/kosiceregion","https:\/\/x.com\/KOSICEREGION","https:\/\/www.instagram.com\/kosiceregion","https:\/\/www.youtube.com\/kosiceregion"]},{"@type":"Person","@id":"https:\/\/www.kosiceregion.com\/#\/schema\/person\/c165be3d928462a4f7283533e3fa9f87","name":"Attila T\u00f6r\u00f6k","image":{"@type":"ImageObject","inLanguage":"en-GB","@id":"https:\/\/secure.gravatar.com\/avatar\/7536520a24f54162948fc01f9d450948fd7df6ba020d0e39b69d3dcb7e39ee10?s=96&d=mm&r=g","url":"https:\/\/secure.gravatar.com\/avatar\/7536520a24f54162948fc01f9d450948fd7df6ba020d0e39b69d3dcb7e39ee10?s=96&d=mm&r=g","contentUrl":"https:\/\/secure.gravatar.com\/avatar\/7536520a24f54162948fc01f9d450948fd7df6ba020d0e39b69d3dcb7e39ee10?s=96&d=mm&r=g","caption":"Attila T\u00f6r\u00f6k"}}]}},"_links":{"self":[{"href":"https:\/\/www.kosiceregion.com\/en\/wp-json\/wp\/v2\/posts\/5914","targetHints":{"allow":["GET"]}}],"collection":[{"href":"https:\/\/www.kosiceregion.com\/en\/wp-json\/wp\/v2\/posts"}],"about":[{"href":"https:\/\/www.kosiceregion.com\/en\/wp-json\/wp\/v2\/types\/post"}],"author":[{"embeddable":true,"href":"https:\/\/www.kosiceregion.com\/en\/wp-json\/wp\/v2\/users\/10"}],"replies":[{"embeddable":true,"href":"https:\/\/www.kosiceregion.com\/en\/wp-json\/wp\/v2\/comments?post=5914"}],"version-history":[{"count":5,"href":"https:\/\/www.kosiceregion.com\/en\/wp-json\/wp\/v2\/posts\/5914\/revisions"}],"predecessor-version":[{"id":5959,"href":"https:\/\/www.kosiceregion.com\/en\/wp-json\/wp\/v2\/posts\/5914\/revisions\/5959"}],"wp:featuredmedia":[{"embeddable":true,"href":"https:\/\/www.kosiceregion.com\/en\/wp-json\/wp\/v2\/media\/5934"}],"wp:attachment":[{"href":"https:\/\/www.kosiceregion.com\/en\/wp-json\/wp\/v2\/media?parent=5914"}],"wp:term":[{"taxonomy":"category","embeddable":true,"href":"https:\/\/www.kosiceregion.com\/en\/wp-json\/wp\/v2\/categories?post=5914"},{"taxonomy":"post_tag","embeddable":true,"href":"https:\/\/www.kosiceregion.com\/en\/wp-json\/wp\/v2\/tags?post=5914"}],"curies":[{"name":"wp","href":"https:\/\/api.w.org\/{rel}","templated":true}]}}