{"id":6298,"date":"2021-05-26T13:59:09","date_gmt":"2021-05-26T11:59:09","guid":{"rendered":"https:\/\/www.kosiceregion.com\/sk\/?p=6298"},"modified":"2021-06-02T10:31:50","modified_gmt":"2021-06-02T08:31:50","slug":"","status":"publish","type":"post","link":"https:\/\/www.kosiceregion.com\/en\/havrania-skala\/","title":{"rendered":"","raw":""},"content":{"rendered":"","protected":false,"raw":""},"excerpt":{"rendered":"","protected":false,"raw":""},"author":10,"featured_media":6310,"comment_status":"closed","ping_status":"closed","sticky":false,"template":"","format":"standard","meta":{"_acf_changed":false,"_sk_post_content":"<!-- wp:tadv\/classic-paragraph -->\n<p style=\"text-align: justify;\">Po\u010duli ste u\u017e o&nbsp;<strong>Havranej skale v&nbsp;Slovenskom raji<\/strong>? E\u0161te nie? Tak je \u010das napravi\u0165 to. T\u00fara na Havraniu skalu je ide\u00e1lnym v\u00fdletom aj pre rodiny s&nbsp;de\u0165mi. M\u00f4\u017eete si ju spoji\u0165 s&nbsp;prech\u00e1dzkou n\u00e1u\u010dn\u00fdm chodn\u00edkom v&nbsp;Stratenskom ka\u0148one a&nbsp;dozvedie\u0165 sa nie\u010do nov\u00e9. Okrem toho sa nad\u00fdchate \u010derstv\u00e9ho \u010dist\u00e9ho vzduchu, cestou v\u00e1s bude sprev\u00e1dza\u0165 zur\u010diaci pot\u00f4\u010dik a&nbsp;na vrchole si zasa m\u00f4\u017eete vychutna\u0165 \u00fa\u017easn\u00e9 v\u00fdh\u013eady na takmer cel\u00fd Slovensk\u00fd raj. No neznie to \u00fa\u017easne?<\/p>\n<!-- \/wp:tadv\/classic-paragraph -->\n\n<!-- wp:image {\"id\":6299,\"sizeSlug\":\"large\",\"linkDestination\":\"none\"} -->\n<figure class=\"wp-block-image size-large\"><img src=\"https:\/\/www.kosiceregion.com\/wp-content\/uploads\/2021\/05\/1-5-1024x768.jpg\" alt=\"\" class=\"wp-image-6299\"\/><\/figure>\n<!-- \/wp:image -->\n\n<!-- wp:heading {\"textAlign\":\"center\"} -->\n<h2 class=\"has-text-align-center\">Inform\u00e1cie o trase a lokalite<\/h2>\n<!-- \/wp:heading -->\n\n<!-- wp:tadv\/classic-paragraph -->\n<p>&nbsp;<\/p>\n<table class=\" aligncenter\" style=\"height: 446px; width: 72.381%; border-collapse: collapse;\">\n<tbody>\n<tr style=\"height: 216px;\">\n<td style=\"width: 20%; height: 210px;\"><img class=\"size-full wp-image-5997 aligncenter\" src=\"https:\/\/www.kosiceregion.com\/wp-content\/uploads\/2021\/05\/Icon_black__kids.png\" alt=\"\" width=\"35\" height=\"35\"><\/td>\n<td style=\"width: 20%; height: 210px;\">\n<p><strong>Vhodn\u00e9 pre deti<\/strong><\/p>\n<p>\u00c1NO<\/p>\n<\/td>\n<td style=\"width: 20.5727%; height: 210px;\"><img class=\"size-full wp-image-5998 aligncenter\" src=\"https:\/\/www.kosiceregion.com\/wp-content\/uploads\/2021\/05\/Icon_black__route.png\" alt=\"\" width=\"35\" height=\"35\"><\/td>\n<td style=\"width: 22.9886%; height: 210px;\">\n<p><strong>Zna\u010den\u00e1 trasa <\/strong><\/p>\n<p>\u00c1NO<\/p>\n<\/td>\n<\/tr>\n<tr style=\"height: 216px;\">\n<td style=\"width: 20%; height: 139px;\"><img class=\"size-full wp-image-5999 aligncenter\" src=\"https:\/\/www.kosiceregion.com\/wp-content\/uploads\/2021\/05\/Icon_black__food.png\" alt=\"\" width=\"35\" height=\"35\"><\/td>\n<td style=\"width: 20%; height: 139px;\">\n<p><strong>Stravovacie zariadenie<\/strong><\/p>\n<p>NIE<\/p>\n<\/td>\n<td style=\"width: 20.5727%; height: 139px;\"><img class=\"size-full wp-image-6000 aligncenter\" src=\"https:\/\/www.kosiceregion.com\/wp-content\/uploads\/2021\/05\/Icon_black__challenging.png\" alt=\"\" width=\"35\" height=\"35\"><\/td>\n<td style=\"width: 22.9886%; height: 139px;\">\n<p><strong>N\u00e1ro\u010dnos\u0165 trasy<\/strong><\/p>\n<p style=\"text-align: left;\">MIERNA<\/p>\n<\/td>\n<\/tr>\n<\/tbody>\n<\/table>\n<p>&nbsp;<\/p>\n<!-- \/wp:tadv\/classic-paragraph -->\n\n<!-- wp:tadv\/classic-paragraph -->\n<p style=\"text-align: justify;\">Na za\u010diatku t\u00fary prech\u00e1dzame Stratensk\u00fdm ka\u0148onom. Je dlh\u00fd asi 2 km a bol vytvoren\u00fd riekou Hnilec. \u00da\u017einou obklopenou skaln\u00fdmi bralami vedie asfaltov\u00fd chodn\u00edk.<\/p>\n<!-- \/wp:tadv\/classic-paragraph -->\n\n<!-- wp:image {\"id\":6300,\"sizeSlug\":\"large\",\"linkDestination\":\"none\"} -->\n<figure class=\"wp-block-image size-large\"><img src=\"https:\/\/www.kosiceregion.com\/wp-content\/uploads\/2021\/05\/2-3-1024x768.jpg\" alt=\"\" class=\"wp-image-6300\"\/><figcaption>Stratensk\u00fd ka\u0148on<\/figcaption><\/figure>\n<!-- \/wp:image -->\n\n<!-- wp:tadv\/classic-paragraph -->\n<p style=\"text-align: justify;\">Havrania skala je jedn\u00fdm z najlep\u0161\u00edch vyhliadkov\u00fdch miest a z\u00e1rove\u0148 aj jedn\u00fdm z najvy\u0161\u0161\u00edch vrcholov v Slovenskom raji. Jej nadmorsk\u00e1 v\u00fd\u0161ka je 1156 m.n.m. Za dobr\u00e9ho po\u010dasia z nej mo\u017eno vidie\u0165 aj Vysok\u00e9 Tatry a Kr\u00e1\u013eov\u00fa ho\u013eu. V okol\u00ed Havranej skaly rastie Prilbica pestr\u00e1, Plamienok alp\u00ednsky a Poniklec slovensk\u00fd. Taktie\u017e sa tu vyskytuj\u00fa Kuriatka lesn\u00e9, Muchotr\u00e1vky \u010derven\u00e9 a R\u00fddziky prav\u00e9. V skalnom mas\u00edve sa nach\u00e1dza aj nieko\u013eko jaskynn\u00fdch \u00fatvarov. Mnoh\u00e9 z nich s\u00fa pr\u00edstupn\u00e9 turistom&nbsp; a to aj po ofici\u00e1lnych turistick\u00fdch chodn\u00edkoch. Pod\u013ea star\u0161ej gener\u00e1cie obyvate\u013estva Stratenej, sa v t\u00fdchto jaskyniach ukr\u00fdvali partiz\u00e1ni po potla\u010den\u00ed SNP. Jasky\u0148a pod Havra\u0148ou skalou je dlh\u00e1 39 metrov. Pr\u00edstupn\u00fdch je ale len prv\u00fdch 16 m.<\/p>\n<!-- \/wp:tadv\/classic-paragraph -->\n\n<!-- wp:image {\"id\":6301,\"sizeSlug\":\"large\",\"linkDestination\":\"none\"} -->\n<figure class=\"wp-block-image size-large\"><img src=\"https:\/\/www.kosiceregion.com\/wp-content\/uploads\/2021\/05\/3-3-1024x768.jpg\" alt=\"\" class=\"wp-image-6301\"\/><figcaption>Jasky\u0148a pod Havra\u0148ou skalou<\/figcaption><\/figure>\n<!-- \/wp:image -->\n\n<!-- wp:tadv\/classic-paragraph -->\n<p style=\"text-align: justify;\">Na Havraniu skalu ved\u00fa dva turistick\u00e9 chodn\u00edky z&nbsp;obce Straten\u00e1. Prv\u00e1 trasa za\u010d\u00edna v&nbsp;centre obce a&nbsp;vedie po zelenej turistickej zna\u010dke. My sme sa v\u0161ak vybrali trasou, ktor\u00e1 za\u010d\u00edna v&nbsp;Stratenskom ka\u0148one. Pred vstupom do Stratensk\u00e9ho ka\u0148onu sa nach\u00e1dza parkovisko, ktor\u00e9 bude na\u0161im v\u00fdchodiskov\u00fdm bodom. Je hne\u010f za Stratensk\u00fdm tunelom.<\/p>\n<!-- \/wp:tadv\/classic-paragraph -->\n\n<!-- wp:image {\"id\":6302,\"sizeSlug\":\"large\",\"linkDestination\":\"none\"} -->\n<figure class=\"wp-block-image size-large\"><img src=\"https:\/\/www.kosiceregion.com\/wp-content\/uploads\/2021\/05\/4-3-1024x768.jpg\" alt=\"\" class=\"wp-image-6302\"\/><figcaption>Stratensk\u00fd tunel<\/figcaption><\/figure>\n<!-- \/wp:image -->\n\n<!-- wp:tadv\/classic-paragraph -->\n<p style=\"text-align: justify;\">Sledujeme \u010derven\u00fa turistick\u00fa zna\u010dku a&nbsp;vch\u00e1dzame do Stratensk\u00e9ho ka\u0148onu. Cel\u00fd \u010das kr\u00e1\u010dame popri rieke Hnilec. Zhruba v&nbsp;polovi\u010dke prich\u00e1dzame k&nbsp;r\u00e1zcestn\u00edku, kde sch\u00e1dzame z&nbsp;asfaltovej cesty na lesn\u00fd chodn\u00ed\u010dek. Tu m\u00f4\u017eeme taktie\u017e vidie\u0165 mal\u00fd, ale n\u00e1dhern\u00fd vodop\u00e1d. &nbsp;<\/p>\n<!-- \/wp:tadv\/classic-paragraph -->\n\n<!-- wp:image {\"id\":6303,\"sizeSlug\":\"large\",\"linkDestination\":\"none\"} -->\n<figure class=\"wp-block-image size-large\"><img src=\"https:\/\/www.kosiceregion.com\/wp-content\/uploads\/2021\/05\/5-2-1024x768.jpg\" alt=\"\" class=\"wp-image-6303\"\/><\/figure>\n<!-- \/wp:image -->\n\n<!-- wp:tadv\/classic-paragraph -->\n<p style=\"text-align: justify;\">Odtia\u013e, a\u017e na vrchol Havranej skaly vedie \u017elt\u00e1 turistick\u00e1 zna\u010dka. Prv\u00fa tretinu lesn\u00e9ho chodn\u00ed\u010dka kr\u00e1\u010dame popri pot\u00f4\u010diku. V&nbsp;obdob\u00ed zr\u00e1\u017eok sa tento pot\u00f4\u010dik napln\u00ed vodou a&nbsp;\u010dasto stek\u00e1 aj po chodn\u00ed\u010dku. Preto si nezabudnite da\u0165 na nohy kvalitn\u00fa nepremokav\u00fa obuv.<\/p>\n<!-- \/wp:tadv\/classic-paragraph -->\n\n<!-- wp:heading {\"textAlign\":\"center\"} -->\n<h2 class=\"has-text-align-center\">Dopravn\u00e1 dostupnos\u0165<\/h2>\n<!-- \/wp:heading -->\n\n<!-- wp:tadv\/classic-paragraph -->\n<p>&nbsp;<\/p>\n<table class=\" aligncenter\" style=\"height: 485px; width: 72.1429%; border-collapse: collapse;\">\n<tbody>\n<tr style=\"height: 216px;\">\n<td style=\"width: 20%; height: 210px;\"><img class=\"size-full wp-image-6002 aligncenter\" src=\"https:\/\/www.kosiceregion.com\/wp-content\/uploads\/2021\/05\/Icon_black__parking.png\" alt=\"\" width=\"35\" height=\"35\"><\/td>\n<td style=\"width: 20%; height: 210px;\">\n<p><strong>Parkovanie<\/strong><\/p>\n<p>\u00c1NO, Stratensk\u00fd ka\u0148on<br>(<a href=\"https:\/\/goo.gl\/maps\/NvLjGgcBf24DxaaS7\">Zobrazi\u0165 na mape<\/a>)<\/p>\n<\/td>\n<td style=\"width: 20.5727%; height: 210px;\"><img class=\"size-full wp-image-6003 aligncenter\" src=\"https:\/\/www.kosiceregion.com\/wp-content\/uploads\/2021\/05\/Icon_black__bus.png\" alt=\"\" width=\"35\" height=\"35\"><\/td>\n<td style=\"width: 22.9886%; height: 210px;\">\n<p><strong>Autobusov\u00e1 zast\u00e1vka<\/strong><\/p>\n<p>\u00c1NO, Straten\u00e1, \u010d.d. 27<br>(<a href=\"https:\/\/goo.gl\/maps\/665RoSKgkn3Eqf9U8\">Zobrazi\u0165 na mape<\/a>)<\/p>\n<\/td>\n<\/tr>\n<tr style=\"height: 216px;\">\n<td style=\"width: 20%; height: 139px;\"><img class=\"size-full wp-image-6004 aligncenter\" src=\"https:\/\/www.kosiceregion.com\/wp-content\/uploads\/2021\/05\/Icon_black__train.png\" alt=\"\" width=\"35\" height=\"35\"><\/td>\n<td style=\"width: 20%; height: 139px;\">\n<p><strong>Vlakov\u00e1 zast\u00e1vka<\/strong><\/p>\n<p>\u00c1NO, <br>Straten\u00e1<br>(<a href=\"https:\/\/goo.gl\/maps\/2JFRLJNMLaQsGFDp6\">Zobrazi\u0165 na mape<\/a>)<\/p>\n<\/td>\n<td style=\"width: 20.5727%; height: 139px;\"><img class=\"size-full wp-image-6005 aligncenter\" src=\"https:\/\/www.kosiceregion.com\/wp-content\/uploads\/2021\/05\/Icon_black__time.png\" alt=\"\" width=\"35\" height=\"35\"><\/td>\n<td style=\"width: 22.9886%; height: 139px;\">\n<p><strong>Celkov\u00e9 trvanie a d\u013a\u017eka trasy<\/strong><\/p>\n<p style=\"text-align: left;\">D\u013a\u017eka trasy: <strong>3,5&nbsp;km<br><\/strong>Trvanie trasy: <strong>1:30 h<br><\/strong>Celkov\u00e9 prev\u00fd\u0161enie:<strong> 360 m<\/strong><\/p>\n<\/td>\n<\/tr>\n<\/tbody>\n<\/table>\n<p>&nbsp;<\/p>\n<!-- \/wp:tadv\/classic-paragraph -->\n\n<!-- wp:image {\"id\":6304,\"sizeSlug\":\"large\",\"linkDestination\":\"none\"} -->\n<figure class=\"wp-block-image size-large\"><img src=\"https:\/\/www.kosiceregion.com\/wp-content\/uploads\/2021\/05\/6-3-1024x768.jpg\" alt=\"\" class=\"wp-image-6304\"\/><figcaption>Pot\u00f4\u010dik stekaj\u00faci turistick\u00fdm chodn\u00edkom<\/figcaption><\/figure>\n<!-- \/wp:image -->\n\n<!-- wp:tadv\/classic-paragraph -->\n<p style=\"text-align: justify;\">Zhruba po 10 min\u00fatach ch\u00f4dze m\u00f4\u017eeme na \u013eavej strane vidie\u0165 mal\u00fa jasky\u0148u. Po\u010das celej ch\u00f4dze popri pot\u00f4\u010diku je stredn\u00e9 st\u00fapanie a&nbsp;a\u017e pri konci tejto \u010dasti sa za\u010d\u00edna zmier\u0148ova\u0165. Kri\u017eujeme \u0161ir\u0161iu lesn\u00fa cestu a&nbsp; pokra\u010dujeme po \u017eltom zna\u010den\u00ed asi 10 min\u00fat. Po chv\u00edli sa nap\u00e1jame na \u010fal\u0161iu lesn\u00fa cestu s&nbsp;miernym st\u00fapan\u00edm, ktorou pokra\u010dujeme \u010falej. Po \u013eavej strane m\u00ed\u0148ame star\u00fa dreven\u00fa chatr\u010d.<\/p>\n<!-- \/wp:tadv\/classic-paragraph -->\n\n<!-- wp:image {\"id\":6305,\"sizeSlug\":\"large\",\"linkDestination\":\"none\"} -->\n<figure class=\"wp-block-image size-large\"><img src=\"https:\/\/www.kosiceregion.com\/wp-content\/uploads\/2021\/05\/7-3-1024x768.jpg\" alt=\"\" class=\"wp-image-6305\"\/><\/figure>\n<!-- \/wp:image -->\n\n<!-- wp:tadv\/classic-paragraph -->\n<p style=\"text-align: justify;\">Pomaly sa cesta za\u010dne znova zu\u017eova\u0165 a&nbsp;pokra\u010dujeme lesn\u00fdm chodn\u00ed\u010dkom. Zakr\u00e1tko vyjdeme z&nbsp;lesa a&nbsp;dostaneme sa na l\u00faku. Tu sa nach\u00e1dza odbo\u010dka, ktor\u00fa m\u00f4\u017eeme \u013eahko prehliadnu\u0165. Treba si v\u0161\u00edma\u0165 zna\u010denie na strome po \u013eavej strane. Bude n\u00e1s posiela\u0165 kr\u00ed\u017eom cez l\u00faku smerom doprava. Vch\u00e1dzame do lesa a&nbsp;odtia\u013e to je na skalu u\u017e len p\u00e1r min\u00fat. Pri r\u00e1zcestn\u00edku pod skalou m\u00f4\u017eeme pokra\u010dova\u0165 smerom dolu na Geravy. T\u00fdmto chodn\u00ed\u010dkom sa dostaneme k&nbsp;Jaskyni pod Havra\u0148ou skalou. Ak sa chceme dosta\u0165 na vrchol Havranej skaly, od r\u00e1zcestn\u00edka kr\u00e1\u010dame po \u017eltej trojuholn\u00edkovej zna\u010dke. Po 5 min\u00fatach prich\u00e1dzame do cie\u013ea.<\/p>\n<p style=\"text-align: justify;\">N\u00e1m bohu\u017eia\u013e po\u010dasie nevy\u0161lo a&nbsp;tak sme sa v\u00fdh\u013eadom ve\u013emi kocha\u0165 nemohli.<\/p>\n<!-- \/wp:tadv\/classic-paragraph -->\n\n<!-- wp:image {\"id\":6308,\"sizeSlug\":\"large\",\"linkDestination\":\"none\"} -->\n<figure class=\"wp-block-image size-large\"><img src=\"https:\/\/www.kosiceregion.com\/wp-content\/uploads\/2021\/05\/8-3-1024x768.jpg\" alt=\"\" class=\"wp-image-6308\"\/><\/figure>\n<!-- \/wp:image -->\n\n<!-- wp:image {\"id\":6307,\"sizeSlug\":\"large\",\"linkDestination\":\"none\"} -->\n<figure class=\"wp-block-image size-large\"><img src=\"https:\/\/www.kosiceregion.com\/wp-content\/uploads\/2021\/05\/9-1-1024x768.jpg\" alt=\"\" class=\"wp-image-6307\"\/><\/figure>\n<!-- \/wp:image -->\n\n<!-- wp:heading {\"textAlign\":\"center\"} -->\n<h2 class=\"has-text-align-center\">Trasa na Havraniu skalu<\/h2>\n<!-- \/wp:heading -->\n\n<!-- wp:html -->\n<iframe style=\"border:none\" src=\"https:\/\/sk.frame.mapy.cz\/s\/gonucozofe\" width=\"400\" height=\"280\" frameborder=\"0\"><\/iframe>\n<!-- \/wp:html -->\n\n<!-- wp:tadv\/classic-paragraph -->\n<p>Viac in\u0161pir\u00e1ci\u00ed n\u00e1jdete na soci\u00e1lnej sieti Instagram a \u00fa\u010dte <a href=\"https:\/\/www.instagram.com\/zivot_dobrodruhov\/\" target=\"_blank\" rel=\"noopener\">@zivot_dobrodruhov<\/a>.\u00a0<\/p>\n<!-- \/wp:tadv\/classic-paragraph -->","_sk_post_name":"havrania-skala","_sk_post_excerpt":"","_sk_post_title":"\u017divot dobrodruhov: Havrania skala","_en_post_content":"","_en_post_name":"","_en_post_excerpt":"","_en_post_title":"","_hu_post_content":"","_hu_post_name":"","_hu_post_excerpt":"","_hu_post_title":"","_es_post_content":"","_es_post_name":"","_es_post_excerpt":"","_es_post_title":"","_de_post_content":"","_de_post_name":"","_de_post_excerpt":"","_de_post_title":"","_pl_post_content":"","_pl_post_name":"","_pl_post_excerpt":"","_pl_post_title":"","_it_post_content":"","_it_post_name":"","_it_post_excerpt":"","_it_post_title":"","edit_language":"en","footnotes":""},"categories":[22],"tags":[269],"class_list":["post-6298","post","type-post","status-publish","format-standard","has-post-thumbnail","hentry","category-get-inspired","tag-havrania-skala"],"acf":[],"yoast_head":"<!-- This site is optimized with the Yoast SEO Premium plugin v25.5 (Yoast SEO v27.4) - https:\/\/yoast.com\/product\/yoast-seo-premium-wordpress\/ -->\n<title>Ko\u0161ice Regi\u00f3n<\/title>\n<meta name=\"description\" content=\"Po\u010duli ste u\u017e o&nbsp;Havranej skale v&nbsp;Slovenskom raji? E\u0161te nie? Tak je \u010das napravi\u0165 to. T\u00fara na Havraniu skalu je ide\u00e1lnym v\u00fdletom aj pre rodiny s&nbsp;de\u0165mi. M\u00f4\u017eete si ju spoji\u0165 s&nbsp;prech\u00e1dzkou n\u00e1u\u010dn\u00fdm chodn\u00edkom\u2026\" \/>\n<meta name=\"robots\" content=\"index, follow, max-snippet:-1, max-image-preview:large, max-video-preview:-1\" \/>\n<link rel=\"canonical\" href=\"https:\/\/www.kosiceregion.com\/hu\/havrania-skala\/\" \/>\n<meta property=\"og:locale\" content=\"en_GB\" \/>\n<meta property=\"og:type\" content=\"article\" \/>\n<meta property=\"og:title\" content=\"\u017divot dobrodruhov: Havrania skala\" \/>\n<meta property=\"og:description\" content=\"Po\u010duli ste u\u017e o&nbsp;Havranej skale v&nbsp;Slovenskom raji? E\u0161te nie? Tak je \u010das napravi\u0165 to. T\u00fara na Havraniu skalu je ide\u00e1lnym v\u00fdletom aj pre rodiny\" \/>\n<meta property=\"og:url\" content=\"https:\/\/www.kosiceregion.com\/en\/wp-json\/wp\/v2\/posts\/6298\" \/>\n<meta property=\"og:site_name\" content=\"Ko\u0161ice Regi\u00f3n\" \/>\n<meta property=\"article:publisher\" content=\"https:\/\/www.facebook.com\/kosiceregion\" \/>\n<meta property=\"article:published_time\" content=\"2021-05-26T11:59:09+00:00\" \/>\n<meta property=\"article:modified_time\" content=\"2021-06-02T08:31:50+00:00\" \/>\n<meta property=\"og:image\" content=\"https:\/\/www.kosiceregion.com\/wp-content\/uploads\/2021\/05\/titulka-clanok-1-scaled.jpg\" \/>\n\t<meta property=\"og:image:width\" content=\"2560\" \/>\n\t<meta property=\"og:image:height\" content=\"1707\" \/>\n\t<meta property=\"og:image:type\" content=\"image\/jpeg\" \/>\n<meta name=\"author\" content=\"Attila T\u00f6r\u00f6k\" \/>\n<meta name=\"twitter:card\" content=\"summary_large_image\" \/>\n<meta name=\"twitter:creator\" content=\"@KOSICEREGION\" \/>\n<meta name=\"twitter:site\" content=\"@KOSICEREGION\" \/>\n<meta name=\"twitter:label1\" content=\"Written by\" \/>\n\t<meta name=\"twitter:data1\" content=\"Attila T\u00f6r\u00f6k\" \/>\n\t<meta name=\"twitter:label2\" content=\"Estimated reading time\" \/>\n\t<meta name=\"twitter:data2\" content=\"6 minutes\" \/>\n<script type=\"application\/ld+json\" class=\"yoast-schema-graph\">{\"@context\":\"https:\\\/\\\/schema.org\",\"@graph\":[{\"@type\":\"Article\",\"@id\":\"https:\\\/\\\/www.kosiceregion.com\\\/hu\\\/havrania-skala\\\/#article\",\"isPartOf\":{\"@id\":\"https:\\\/\\\/www.kosiceregion.com\\\/hu\\\/havrania-skala\\\/\"},\"author\":{\"name\":\"Attila T\u00f6r\u00f6k\",\"@id\":\"https:\\\/\\\/www.kosiceregion.com\\\/#\\\/schema\\\/person\\\/c165be3d928462a4f7283533e3fa9f87\"},\"headline\":\"\u017divot dobrodruhov: Havrania skala\",\"datePublished\":\"2021-05-26T11:59:09+00:00\",\"dateModified\":\"2021-06-02T08:31:50+00:00\",\"mainEntityOfPage\":{\"@id\":\"https:\\\/\\\/www.kosiceregion.com\\\/hu\\\/havrania-skala\\\/\"},\"wordCount\":808,\"publisher\":{\"@id\":\"https:\\\/\\\/www.kosiceregion.com\\\/#organization\"},\"image\":{\"@id\":\"https:\\\/\\\/www.kosiceregion.com\\\/hu\\\/havrania-skala\\\/#primaryimage\"},\"thumbnailUrl\":\"https:\\\/\\\/www.kosiceregion.com\\\/wp-content\\\/uploads\\\/2021\\\/05\\\/titulka-clanok-1-scaled.jpg\",\"keywords\":[\"havrania skala\"],\"articleSection\":[\"In\u0161piruj sa\"],\"inLanguage\":\"en-GB\"},{\"@type\":\"WebPage\",\"@id\":\"https:\\\/\\\/www.kosiceregion.com\\\/hu\\\/havrania-skala\\\/\",\"url\":\"https:\\\/\\\/www.kosiceregion.com\\\/hu\\\/havrania-skala\\\/\",\"name\":\"\u017divot dobrodruhov: Havrania skala - Ko\u0161ice Regi\u00f3n\",\"isPartOf\":{\"@id\":\"https:\\\/\\\/www.kosiceregion.com\\\/#website\"},\"primaryImageOfPage\":{\"@id\":\"https:\\\/\\\/www.kosiceregion.com\\\/hu\\\/havrania-skala\\\/#primaryimage\"},\"image\":{\"@id\":\"https:\\\/\\\/www.kosiceregion.com\\\/hu\\\/havrania-skala\\\/#primaryimage\"},\"thumbnailUrl\":\"https:\\\/\\\/www.kosiceregion.com\\\/wp-content\\\/uploads\\\/2021\\\/05\\\/titulka-clanok-1-scaled.jpg\",\"datePublished\":\"2021-05-26T11:59:09+00:00\",\"dateModified\":\"2021-06-02T08:31:50+00:00\",\"description\":\"Po\u010duli ste u\u017e o&nbsp;Havranej skale v&nbsp;Slovenskom raji? E\u0161te nie? Tak je \u010das napravi\u0165 to. T\u00fara na Havraniu skalu je ide\u00e1lnym v\u00fdletom aj pre rodiny\",\"breadcrumb\":{\"@id\":\"https:\\\/\\\/www.kosiceregion.com\\\/hu\\\/havrania-skala\\\/#breadcrumb\"},\"inLanguage\":\"en-GB\",\"potentialAction\":[{\"@type\":\"ReadAction\",\"target\":[\"https:\\\/\\\/www.kosiceregion.com\\\/hu\\\/havrania-skala\\\/\"]}]},{\"@type\":\"ImageObject\",\"inLanguage\":\"en-GB\",\"@id\":\"https:\\\/\\\/www.kosiceregion.com\\\/hu\\\/havrania-skala\\\/#primaryimage\",\"url\":\"https:\\\/\\\/www.kosiceregion.com\\\/wp-content\\\/uploads\\\/2021\\\/05\\\/titulka-clanok-1-scaled.jpg\",\"contentUrl\":\"https:\\\/\\\/www.kosiceregion.com\\\/wp-content\\\/uploads\\\/2021\\\/05\\\/titulka-clanok-1-scaled.jpg\",\"width\":2560,\"height\":1707},{\"@type\":\"BreadcrumbList\",\"@id\":\"https:\\\/\\\/www.kosiceregion.com\\\/hu\\\/havrania-skala\\\/#breadcrumb\",\"itemListElement\":[{\"@type\":\"ListItem\",\"position\":1,\"name\":\"Home\",\"item\":\"https:\\\/\\\/www.kosiceregion.com\\\/sk\\\/\"},{\"@type\":\"ListItem\",\"position\":2,\"name\":\"\u017divot dobrodruhov: Havrania skala\"}]},{\"@type\":\"WebSite\",\"@id\":\"https:\\\/\\\/www.kosiceregion.com\\\/#website\",\"url\":\"https:\\\/\\\/www.kosiceregion.com\\\/\",\"name\":\"Ko\u0161ice Regi\u00f3n\",\"description\":\"Turistick\u00fd sprievodca Ko\u0161ick\u00fdm krajom\",\"publisher\":{\"@id\":\"https:\\\/\\\/www.kosiceregion.com\\\/#organization\"},\"potentialAction\":[{\"@type\":\"SearchAction\",\"target\":{\"@type\":\"EntryPoint\",\"urlTemplate\":\"https:\\\/\\\/www.kosiceregion.com\\\/?s={search_term_string}\"},\"query-input\":{\"@type\":\"PropertyValueSpecification\",\"valueRequired\":true,\"valueName\":\"search_term_string\"}}],\"inLanguage\":\"en-GB\"},{\"@type\":\"Organization\",\"@id\":\"https:\\\/\\\/www.kosiceregion.com\\\/#organization\",\"name\":\"Ko\u0161ice Regi\u00f3n Turizmus\",\"url\":\"https:\\\/\\\/www.kosiceregion.com\\\/\",\"logo\":{\"@type\":\"ImageObject\",\"inLanguage\":\"en-GB\",\"@id\":\"https:\\\/\\\/www.kosiceregion.com\\\/#\\\/schema\\\/logo\\\/image\\\/\",\"url\":\"https:\\\/\\\/www.kosiceregion.com\\\/wp-content\\\/uploads\\\/2019\\\/03\\\/logo-web-sk.png\",\"contentUrl\":\"https:\\\/\\\/www.kosiceregion.com\\\/wp-content\\\/uploads\\\/2019\\\/03\\\/logo-web-sk.png\",\"width\":225,\"height\":100,\"caption\":\"Ko\u0161ice Regi\u00f3n Turizmus\"},\"image\":{\"@id\":\"https:\\\/\\\/www.kosiceregion.com\\\/#\\\/schema\\\/logo\\\/image\\\/\"},\"sameAs\":[\"https:\\\/\\\/www.facebook.com\\\/kosiceregion\",\"https:\\\/\\\/x.com\\\/KOSICEREGION\",\"https:\\\/\\\/www.instagram.com\\\/kosiceregion\",\"https:\\\/\\\/www.youtube.com\\\/kosiceregion\"]},{\"@type\":\"Person\",\"@id\":\"https:\\\/\\\/www.kosiceregion.com\\\/#\\\/schema\\\/person\\\/c165be3d928462a4f7283533e3fa9f87\",\"name\":\"Attila T\u00f6r\u00f6k\",\"image\":{\"@type\":\"ImageObject\",\"inLanguage\":\"en-GB\",\"@id\":\"https:\\\/\\\/secure.gravatar.com\\\/avatar\\\/7536520a24f54162948fc01f9d450948fd7df6ba020d0e39b69d3dcb7e39ee10?s=96&d=mm&r=g\",\"url\":\"https:\\\/\\\/secure.gravatar.com\\\/avatar\\\/7536520a24f54162948fc01f9d450948fd7df6ba020d0e39b69d3dcb7e39ee10?s=96&d=mm&r=g\",\"contentUrl\":\"https:\\\/\\\/secure.gravatar.com\\\/avatar\\\/7536520a24f54162948fc01f9d450948fd7df6ba020d0e39b69d3dcb7e39ee10?s=96&d=mm&r=g\",\"caption\":\"Attila T\u00f6r\u00f6k\"}}]}<\/script>\n<!-- \/ Yoast SEO Premium plugin. -->","yoast_head_json":{"title":"Ko\u0161ice Regi\u00f3n","description":"Po\u010duli ste u\u017e o&nbsp;Havranej skale v&nbsp;Slovenskom raji? E\u0161te nie? Tak je \u010das napravi\u0165 to. T\u00fara na Havraniu skalu je ide\u00e1lnym v\u00fdletom aj pre rodiny s&nbsp;de\u0165mi. M\u00f4\u017eete si ju spoji\u0165 s&nbsp;prech\u00e1dzkou n\u00e1u\u010dn\u00fdm chodn\u00edkom\u2026","robots":{"index":"index","follow":"follow","max-snippet":"max-snippet:-1","max-image-preview":"max-image-preview:large","max-video-preview":"max-video-preview:-1"},"canonical":"https:\/\/www.kosiceregion.com\/hu\/havrania-skala\/","og_locale":"en_GB","og_type":"article","og_title":"\u017divot dobrodruhov: Havrania skala","og_description":"Po\u010duli ste u\u017e o&nbsp;Havranej skale v&nbsp;Slovenskom raji? E\u0161te nie? Tak je \u010das napravi\u0165 to. T\u00fara na Havraniu skalu je ide\u00e1lnym v\u00fdletom aj pre rodiny","og_url":"https:\/\/www.kosiceregion.com\/en\/wp-json\/wp\/v2\/posts\/6298","og_site_name":"Ko\u0161ice Regi\u00f3n","article_publisher":"https:\/\/www.facebook.com\/kosiceregion","article_published_time":"2021-05-26T11:59:09+00:00","article_modified_time":"2021-06-02T08:31:50+00:00","og_image":[{"width":2560,"height":1707,"url":"https:\/\/www.kosiceregion.com\/wp-content\/uploads\/2021\/05\/titulka-clanok-1-scaled.jpg","type":"image\/jpeg"}],"author":"Attila T\u00f6r\u00f6k","twitter_card":"summary_large_image","twitter_creator":"@KOSICEREGION","twitter_site":"@KOSICEREGION","twitter_misc":{"Written by":"Attila T\u00f6r\u00f6k","Estimated reading time":"6 minutes"},"schema":{"@context":"https:\/\/schema.org","@graph":[{"@type":"Article","@id":"https:\/\/www.kosiceregion.com\/hu\/havrania-skala\/#article","isPartOf":{"@id":"https:\/\/www.kosiceregion.com\/hu\/havrania-skala\/"},"author":{"name":"Attila T\u00f6r\u00f6k","@id":"https:\/\/www.kosiceregion.com\/#\/schema\/person\/c165be3d928462a4f7283533e3fa9f87"},"headline":"\u017divot dobrodruhov: Havrania skala","datePublished":"2021-05-26T11:59:09+00:00","dateModified":"2021-06-02T08:31:50+00:00","mainEntityOfPage":{"@id":"https:\/\/www.kosiceregion.com\/hu\/havrania-skala\/"},"wordCount":808,"publisher":{"@id":"https:\/\/www.kosiceregion.com\/#organization"},"image":{"@id":"https:\/\/www.kosiceregion.com\/hu\/havrania-skala\/#primaryimage"},"thumbnailUrl":"https:\/\/www.kosiceregion.com\/wp-content\/uploads\/2021\/05\/titulka-clanok-1-scaled.jpg","keywords":["havrania skala"],"articleSection":["In\u0161piruj sa"],"inLanguage":"en-GB"},{"@type":"WebPage","@id":"https:\/\/www.kosiceregion.com\/hu\/havrania-skala\/","url":"https:\/\/www.kosiceregion.com\/hu\/havrania-skala\/","name":"\u017divot dobrodruhov: Havrania skala - Ko\u0161ice Regi\u00f3n","isPartOf":{"@id":"https:\/\/www.kosiceregion.com\/#website"},"primaryImageOfPage":{"@id":"https:\/\/www.kosiceregion.com\/hu\/havrania-skala\/#primaryimage"},"image":{"@id":"https:\/\/www.kosiceregion.com\/hu\/havrania-skala\/#primaryimage"},"thumbnailUrl":"https:\/\/www.kosiceregion.com\/wp-content\/uploads\/2021\/05\/titulka-clanok-1-scaled.jpg","datePublished":"2021-05-26T11:59:09+00:00","dateModified":"2021-06-02T08:31:50+00:00","description":"Po\u010duli ste u\u017e o&nbsp;Havranej skale v&nbsp;Slovenskom raji? E\u0161te nie? Tak je \u010das napravi\u0165 to. T\u00fara na Havraniu skalu je ide\u00e1lnym v\u00fdletom aj pre rodiny","breadcrumb":{"@id":"https:\/\/www.kosiceregion.com\/hu\/havrania-skala\/#breadcrumb"},"inLanguage":"en-GB","potentialAction":[{"@type":"ReadAction","target":["https:\/\/www.kosiceregion.com\/hu\/havrania-skala\/"]}]},{"@type":"ImageObject","inLanguage":"en-GB","@id":"https:\/\/www.kosiceregion.com\/hu\/havrania-skala\/#primaryimage","url":"https:\/\/www.kosiceregion.com\/wp-content\/uploads\/2021\/05\/titulka-clanok-1-scaled.jpg","contentUrl":"https:\/\/www.kosiceregion.com\/wp-content\/uploads\/2021\/05\/titulka-clanok-1-scaled.jpg","width":2560,"height":1707},{"@type":"BreadcrumbList","@id":"https:\/\/www.kosiceregion.com\/hu\/havrania-skala\/#breadcrumb","itemListElement":[{"@type":"ListItem","position":1,"name":"Home","item":"https:\/\/www.kosiceregion.com\/sk\/"},{"@type":"ListItem","position":2,"name":"\u017divot dobrodruhov: Havrania skala"}]},{"@type":"WebSite","@id":"https:\/\/www.kosiceregion.com\/#website","url":"https:\/\/www.kosiceregion.com\/","name":"Ko\u0161ice Regi\u00f3n","description":"Turistick\u00fd sprievodca Ko\u0161ick\u00fdm krajom","publisher":{"@id":"https:\/\/www.kosiceregion.com\/#organization"},"potentialAction":[{"@type":"SearchAction","target":{"@type":"EntryPoint","urlTemplate":"https:\/\/www.kosiceregion.com\/?s={search_term_string}"},"query-input":{"@type":"PropertyValueSpecification","valueRequired":true,"valueName":"search_term_string"}}],"inLanguage":"en-GB"},{"@type":"Organization","@id":"https:\/\/www.kosiceregion.com\/#organization","name":"Ko\u0161ice Regi\u00f3n Turizmus","url":"https:\/\/www.kosiceregion.com\/","logo":{"@type":"ImageObject","inLanguage":"en-GB","@id":"https:\/\/www.kosiceregion.com\/#\/schema\/logo\/image\/","url":"https:\/\/www.kosiceregion.com\/wp-content\/uploads\/2019\/03\/logo-web-sk.png","contentUrl":"https:\/\/www.kosiceregion.com\/wp-content\/uploads\/2019\/03\/logo-web-sk.png","width":225,"height":100,"caption":"Ko\u0161ice Regi\u00f3n Turizmus"},"image":{"@id":"https:\/\/www.kosiceregion.com\/#\/schema\/logo\/image\/"},"sameAs":["https:\/\/www.facebook.com\/kosiceregion","https:\/\/x.com\/KOSICEREGION","https:\/\/www.instagram.com\/kosiceregion","https:\/\/www.youtube.com\/kosiceregion"]},{"@type":"Person","@id":"https:\/\/www.kosiceregion.com\/#\/schema\/person\/c165be3d928462a4f7283533e3fa9f87","name":"Attila T\u00f6r\u00f6k","image":{"@type":"ImageObject","inLanguage":"en-GB","@id":"https:\/\/secure.gravatar.com\/avatar\/7536520a24f54162948fc01f9d450948fd7df6ba020d0e39b69d3dcb7e39ee10?s=96&d=mm&r=g","url":"https:\/\/secure.gravatar.com\/avatar\/7536520a24f54162948fc01f9d450948fd7df6ba020d0e39b69d3dcb7e39ee10?s=96&d=mm&r=g","contentUrl":"https:\/\/secure.gravatar.com\/avatar\/7536520a24f54162948fc01f9d450948fd7df6ba020d0e39b69d3dcb7e39ee10?s=96&d=mm&r=g","caption":"Attila T\u00f6r\u00f6k"}}]}},"_links":{"self":[{"href":"https:\/\/www.kosiceregion.com\/en\/wp-json\/wp\/v2\/posts\/6298","targetHints":{"allow":["GET"]}}],"collection":[{"href":"https:\/\/www.kosiceregion.com\/en\/wp-json\/wp\/v2\/posts"}],"about":[{"href":"https:\/\/www.kosiceregion.com\/en\/wp-json\/wp\/v2\/types\/post"}],"author":[{"embeddable":true,"href":"https:\/\/www.kosiceregion.com\/en\/wp-json\/wp\/v2\/users\/10"}],"replies":[{"embeddable":true,"href":"https:\/\/www.kosiceregion.com\/en\/wp-json\/wp\/v2\/comments?post=6298"}],"version-history":[{"count":6,"href":"https:\/\/www.kosiceregion.com\/en\/wp-json\/wp\/v2\/posts\/6298\/revisions"}],"predecessor-version":[{"id":6429,"href":"https:\/\/www.kosiceregion.com\/en\/wp-json\/wp\/v2\/posts\/6298\/revisions\/6429"}],"wp:featuredmedia":[{"embeddable":true,"href":"https:\/\/www.kosiceregion.com\/en\/wp-json\/wp\/v2\/media\/6310"}],"wp:attachment":[{"href":"https:\/\/www.kosiceregion.com\/en\/wp-json\/wp\/v2\/media?parent=6298"}],"wp:term":[{"taxonomy":"category","embeddable":true,"href":"https:\/\/www.kosiceregion.com\/en\/wp-json\/wp\/v2\/categories?post=6298"},{"taxonomy":"post_tag","embeddable":true,"href":"https:\/\/www.kosiceregion.com\/en\/wp-json\/wp\/v2\/tags?post=6298"}],"curies":[{"name":"wp","href":"https:\/\/api.w.org\/{rel}","templated":true}]}}