{"id":9238,"date":"2022-06-16T14:19:08","date_gmt":"2022-06-16T12:19:08","guid":{"rendered":"https:\/\/www.kosiceregion.com\/sk\/?p=9238"},"modified":"2022-06-17T14:51:08","modified_gmt":"2022-06-17T12:51:08","slug":"","status":"publish","type":"post","link":"https:\/\/www.kosiceregion.com\/en\/piesocnata-plaz-na-brehu-rieky-tisa-male-trakany\/","title":{"rendered":"","raw":""},"content":{"rendered":"","protected":false,"raw":""},"excerpt":{"rendered":"","protected":false,"raw":""},"author":10,"featured_media":9250,"comment_status":"closed","ping_status":"closed","sticky":false,"template":"","format":"standard","meta":{"_acf_changed":false,"_sk_post_content":"<!-- wp:heading -->\n<h2>Ambas\u00e1dori: Autom po Slovensku  <\/h2>\n<!-- \/wp:heading -->\n\n<!-- wp:image {\"id\":8577,\"sizeSlug\":\"large\",\"linkDestination\":\"none\"} -->\n<figure class=\"wp-block-image size-large\"><img src=\"https:\/\/www.kosiceregion.com\/wp-content\/uploads\/2022\/04\/clanok_logo-1024x143.png\" alt=\"\" class=\"wp-image-8577\"\/><\/figure>\n<!-- \/wp:image -->\n\n<!-- wp:tadv\/classic-paragraph -->\n<p>Na mieste, kde na\u0161a krajina kon\u010d\u00ed a hrani\u010d\u00ed s \u010fal\u0161\u00edmi dvoma \u2013 Ma\u010farskom a Ukrajinou \u2013 le\u017e\u00ed drobn\u00fd klenot v\u00fdchodu. Pieso\u010dnat\u00fa pl\u00e1\u017e pri lu\u017en\u00fdch lesoch, o ktorej vie len m\u00e1lokto, dom\u00e1ci naz\u00fdvaj\u00fa \"<strong>Zlat\u00e9 piesky na Tise\"<\/strong>.<\/p>\n<!-- \/wp:tadv\/classic-paragraph -->\n\n<!-- wp:image {\"id\":9239,\"sizeSlug\":\"large\",\"linkDestination\":\"none\"} -->\n<figure class=\"wp-block-image size-large\"><img src=\"https:\/\/www.kosiceregion.com\/wp-content\/uploads\/2022\/06\/0-2-1024x768.jpeg\" alt=\"\" class=\"wp-image-9239\"\/><\/figure>\n<!-- \/wp:image -->\n\n<!-- wp:tadv\/classic-paragraph -->\n<p>Obec <strong>Mal\u00e9 Trakany<\/strong> le\u017e\u00ed v najjuhov\u00fdchodnej\u0161om c\u00edpe Slovenska, v okrese Trebi\u0161ov. Sused\u00ed s obcou Ve\u013ek\u00e9 Trakany a mestom \u010cierna nad Tisou, kde je aj najbli\u017e\u0161ia \u017eelezni\u010dn\u00e1 zast\u00e1vka. Poloha na pravom brehu rieky Tisa n\u00e1v\u0161tevn\u00edkom obce pon\u00faka rekrea\u010dn\u00e9, turistick\u00e9, ale aj ryb\u00e1rske mo\u017enosti.<\/p>\n<p>Pri Mal\u00fdch Trakanoch si ur\u010dite v\u0161imnete ohrani\u010den\u00e9 \u00fazemie ozna\u010den\u00e9 ako <strong>Al\u00favium Tisy<\/strong>. Zah\u0155\u0148a necel\u00fdch 6 kilometrov dlh\u00fd \u00fasek Tisy a&nbsp;jej povodie. Nach\u00e1dzaj\u00fa sa tu <strong>mokrade<\/strong>, ktor\u00e9 boli zaraden\u00e9 medzi celosvetovo v\u00fdznamn\u00e9 lokality. \u010casti al\u00favia s\u00fa permanentne zaplavovan\u00e9 \u2013 tvoria ich mo\u010diare, slatiny \u010di&nbsp;ra\u0161elinisk\u00e1. Mimoriadne vz\u00e1cne druhy rastl\u00edn a&nbsp;\u017eivo\u010d\u00edchov s\u00fa na mokra\u010fov\u00e9 ekosyst\u00e9my existen\u010dne viazan\u00e9. Na Slovensku n\u00e1jdeme a\u017e 14 medzin\u00e1rodne v\u00fdznamn\u00fdch mokrad\u00ed zo zoznamu Ramsarsk\u00e9ho dohovoru, ktor\u00fd ich celkovo obsahuje vy\u0161e 1&nbsp;900. Svetov\u00fd de\u0148 mokrad\u00ed sa mimochodom (od roku 1997 aj na Slovensku) oslavuje 2. febru\u00e1ra.<\/p>\n<p>Obec je povestn\u00e1 aj <strong>trakanskou slivovicou<\/strong>. Obyvatelia si dodnes pestuj\u00fa ovocie v&nbsp;z\u00e1hrad\u00e1ch a&nbsp;pripraven\u00fd kvas d\u00e1vaj\u00fa vyp\u00e1li\u0165 do obecnej p\u00e1lenice.<\/p>\n<!-- \/wp:tadv\/classic-paragraph -->\n\n<!-- wp:image {\"id\":9240,\"sizeSlug\":\"large\",\"linkDestination\":\"none\"} -->\n<figure class=\"wp-block-image size-large\"><img src=\"https:\/\/www.kosiceregion.com\/wp-content\/uploads\/2022\/06\/1-2-1024x768.jpeg\" alt=\"\" class=\"wp-image-9240\"\/><\/figure>\n<!-- \/wp:image -->\n\n<!-- wp:tadv\/classic-paragraph -->\n<p>Breh rieky Tisa ukr\u00fdva lukrat\u00edvne miesto. Nach\u00e1dza sa tu toti\u017eto pieso\u010dnat\u00e1 pl\u00e1\u017e, vytvoren\u00e1 naplaven\u00fdm jemn\u00fdm rie\u010dnym pieskom. <strong>Zlat\u00e9 piesky na Tise<\/strong>, ako lokalitu volaj\u00fa dom\u00e1ci, <strong>boli v 90-tych rokoch vych\u00fdren\u00fdm pr\u00edrodn\u00fdm k\u00fapaliskom.<\/strong><\/p>\n<p>Na koniec obce n\u00e1s doviedla ulica K&nbsp;Tise. Odtia\u013e sme autom pokra\u010dovali pribli\u017ene 5 min\u00fat v\u00fdchodne a&nbsp;po 2,4 kilometroch odbo\u010dili doprava. Po\u013enou cestou sme sa po chv\u00ed\u013eke dostali priamo ku rieke. <strong>Pl\u00e1\u017e v map\u00e1ch ozna\u010den\u00e1 nie je<\/strong>, a&nbsp;tak v\u00e1m tu priklad\u00e1me jej GPS s\u00faradnice: 48.3941806N, 22.1429875E (<a href=\"https:\/\/sk.mapy.cz\/s\/nutavuzucu\">zobrazi\u0165 na mape<\/a>).<\/p>\n<p>Po vyst\u00fapen\u00ed z&nbsp;auta sme ostali prekvapen\u00ed. Na internete sme nevideli sn\u00e1\u010f ani jednu fotku, ktor\u00e1 by odpovedala s\u00fa\u010dasn\u00e9mu stavu miesta kde sme sa ocitli. V&nbsp;podstate sa ani nie je \u010domu \u010dudova\u0165, ve\u010f \u010dl\u00e1nky s&nbsp;t\u00fdmito fotkami s\u00fa viac ako 10 rokov star\u00e9. Z&nbsp;kedysi \u0161irokej pieso\u010dnatej pl\u00e1\u017ee dnes ostal u\u017e len p\u00e1s pri vode, a&nbsp;zvy\u0161ok brehu zar\u00e1stol tr\u00e1vou. Pl\u00e1\u017e sa tie\u017e mohla z\u00fa\u017ei\u0165 zv\u00fd\u0161en\u00edm hladiny v&nbsp;rieke. Na star\u00fdch fotk\u00e1ch s\u00fa davy \u013eud\u00ed s&nbsp;osu\u0161kami a&nbsp;slne\u010dn\u00edkmi, no v&nbsp;hor\u00facu j\u00fanov\u00fa nede\u013eu n\u00e1m spolo\u010dnos\u0165 robilo len zop\u00e1r miestnych. Pov\u00e4\u010d\u0161ine hovoria ma\u010farsky a&nbsp;ku Tise sa z obce chodia osvie\u017ei\u0165 na bicykloch.<\/p>\n<!-- \/wp:tadv\/classic-paragraph -->\n\n<!-- wp:image {\"id\":9241,\"sizeSlug\":\"large\",\"linkDestination\":\"none\"} -->\n<figure class=\"wp-block-image size-large\"><img src=\"https:\/\/www.kosiceregion.com\/wp-content\/uploads\/2022\/06\/2-2-1024x768.jpeg\" alt=\"\" class=\"wp-image-9241\"\/><\/figure>\n<!-- \/wp:image -->\n\n<!-- wp:image {\"id\":9242,\"sizeSlug\":\"large\",\"linkDestination\":\"none\"} -->\n<figure class=\"wp-block-image size-large\"><img src=\"https:\/\/www.kosiceregion.com\/wp-content\/uploads\/2022\/06\/3-2-1024x768.jpeg\" alt=\"\" class=\"wp-image-9242\"\/><\/figure>\n<!-- \/wp:image -->\n\n<!-- wp:tadv\/classic-paragraph -->\n<p><strong>Na Zlat\u00fdch pieskoch na Tise sa n\u00e1m ve\u013emi zap\u00e1\u010dilo.<\/strong> Nohy sa zab\u00e1rali do jemn\u00e9ho piesku a&nbsp;voda bola priezra\u010dn\u00e1. Plytk\u00fd breh si u\u017e\u00edvali aj deti s&nbsp;vedierkom a&nbsp;formi\u010dkami. Nejedna ryb\u00e1rska lo\u010f vytvorila l\u00e1maj\u00face sa vlnky a&nbsp;n\u00e1\u0161 ps\u00edk sa ich s&nbsp;nad\u0161en\u00edm sna\u017eil pochyta\u0165. Prostredie bolo kr\u00e1sne \u010dist\u00e9 a&nbsp;na zemi sa nev\u00e1\u013eala jedin\u00e1 plechovka. N\u00e1\u0161mu poh\u013eadu neunikla ve\u013ek\u00e1 pieso\u010dnat\u00e1 diera na svahu a zauj\u00edmav\u00e9 hmyzie hniezda v nej. Stromy na kop\u010deku pon\u00fakli pr\u00edjemn\u00fd tie\u0148 s&nbsp;poseden\u00edm na lavi\u010dk\u00e1ch.<\/p>\n<!-- \/wp:tadv\/classic-paragraph -->\n\n<!-- wp:image {\"id\":9243,\"sizeSlug\":\"large\",\"linkDestination\":\"none\"} -->\n<figure class=\"wp-block-image size-large\"><img src=\"https:\/\/www.kosiceregion.com\/wp-content\/uploads\/2022\/06\/4-2-1024x768.jpeg\" alt=\"\" class=\"wp-image-9243\"\/><figcaption>Ryb\u00e1ri<\/figcaption><\/figure>\n<!-- \/wp:image -->\n\n<!-- wp:image {\"id\":9245,\"sizeSlug\":\"large\",\"linkDestination\":\"none\"} -->\n<figure class=\"wp-block-image size-large\"><img src=\"https:\/\/www.kosiceregion.com\/wp-content\/uploads\/2022\/06\/5-2-1024x768.jpeg\" alt=\"\" class=\"wp-image-9245\"\/><figcaption>Hniezda v piesku<\/figcaption><\/figure>\n<!-- \/wp:image -->\n\n<!-- wp:image {\"id\":9246,\"sizeSlug\":\"large\",\"linkDestination\":\"none\"} -->\n<figure class=\"wp-block-image size-large\"><img src=\"https:\/\/www.kosiceregion.com\/wp-content\/uploads\/2022\/06\/6-2-1024x768.jpeg\" alt=\"\" class=\"wp-image-9246\"\/><figcaption>Lavi\u010dky<\/figcaption><\/figure>\n<!-- \/wp:image -->\n\n<!-- wp:image {\"id\":9247,\"sizeSlug\":\"large\",\"linkDestination\":\"none\"} -->\n<figure class=\"wp-block-image size-large\"><img src=\"https:\/\/www.kosiceregion.com\/wp-content\/uploads\/2022\/06\/7-2-1024x768.jpeg\" alt=\"\" class=\"wp-image-9247\"\/><figcaption>Na\u0161e posedenie :)<\/figcaption><\/figure>\n<!-- \/wp:image -->\n\n<!-- wp:tadv\/classic-paragraph -->\n<p>Zlat\u00e9 piesky na Tise s\u00fa <strong>m\u00e1lo zn\u00e1mou rekrea\u010dnou oblas\u0165ou<\/strong>. Zadarmo sa tu m\u00f4\u017eete opa\u013eova\u0165 aj ok\u00fapa\u0165, len ob\u010derstvenie si treba donies\u0165 vlastn\u00e9. Pl\u00e1\u017e je orientovan\u00e1 na juh a&nbsp;druh\u00fd breh Tisy u\u017e patr\u00ed Ma\u010farsku.<\/p>\n<p>Na z\u00e1ver u\u017e len dod\u00e1me mal\u00e9 upozornenie: po chot\u00e1ri obce by ste sa nemali pohybova\u0165 svojvo\u013ene kv\u00f4li \u0161t\u00e1tnej hranici s&nbsp;Ma\u010farskom a&nbsp;Ukrajinou.<\/p>\n<!-- \/wp:tadv\/classic-paragraph -->\n\n<!-- wp:image {\"id\":9248,\"sizeSlug\":\"large\",\"linkDestination\":\"none\"} -->\n<figure class=\"wp-block-image size-large\"><img src=\"https:\/\/www.kosiceregion.com\/wp-content\/uploads\/2022\/06\/8-2-1024x768.jpeg\" alt=\"\" class=\"wp-image-9248\"\/><\/figure>\n<!-- \/wp:image -->\n\n<!-- wp:heading {\"textAlign\":\"center\"} -->\n<h2 class=\"has-text-align-center\">Dopravn\u00e1 dostupnos\u0165<\/h2>\n<!-- \/wp:heading -->\n\n<!-- wp:tadv\/classic-paragraph -->\n<p>\u00a0<\/p>\n<table class=\" aligncenter\" style=\"height: 431px; width: 73.6948%; border-collapse: collapse;\">\n<tbody>\n<tr style=\"height: 216px;\">\n<td style=\"width: 20%; height: 210px;\"><img class=\"size-full wp-image-6002 aligncenter\" src=\"https:\/\/www.kosiceregion.com\/wp-content\/uploads\/2021\/05\/Icon_black__parking.png\" alt=\"\" width=\"35\" height=\"35\" \/><\/td>\n<td style=\"width: 20%; height: 210px;\">\n<p><strong>Parkovanie<\/strong><\/p>\n<p>\u00c1NO<br \/>(<a href=\"https:\/\/sk.mapy.cz\/s\/lakunufahe\">Zobrazi\u0165 na mape<\/a>)<\/p>\n<\/td>\n<td style=\"width: 20.7372%; height: 210px;\"><img class=\"size-full wp-image-6003 aligncenter\" src=\"https:\/\/www.kosiceregion.com\/wp-content\/uploads\/2021\/05\/Icon_black__bus.png\" alt=\"\" width=\"35\" height=\"35\" \/><\/td>\n<td style=\"width: 22.8241%; height: 210px;\">\n<p><strong>Autobusov\u00e1 zast\u00e1vka<\/strong><\/p>\n<p>\u00c1NO, Mal\u00e9 Trakany<br \/>(<a href=\"https:\/\/sk.mapy.cz\/s\/purovamage\">Zobrazi\u0165 na mape<\/a>)<\/p>\n<\/td>\n<\/tr>\n<tr style=\"height: 216px;\">\n<td style=\"width: 20%; height: 206px;\"><img class=\"size-full wp-image-6004 aligncenter\" src=\"https:\/\/www.kosiceregion.com\/wp-content\/uploads\/2021\/05\/Icon_black__train.png\" alt=\"\" width=\"35\" height=\"35\" \/><\/td>\n<td style=\"width: 20%; height: 206px;\">\n<p><strong>Vlakov\u00e1 zast\u00e1vka<\/strong><\/p>\n<p>NIE<\/p>\n<\/td>\n<td style=\"width: 20.7372%; height: 206px;\">\u00a0<\/td>\n<td style=\"width: 22.8241%; height: 206px;\">\u00a0<\/td>\n<\/tr>\n<\/tbody>\n<\/table>\n<p>\u00a0<\/p>\n<!-- \/wp:tadv\/classic-paragraph -->\n\n<!-- wp:tadv\/classic-paragraph -->\n<p>Viac in\u0161pir\u00e1ci\u00ed n\u00e1jdete na soci\u00e1lnej sieti Instagram a \u00fa\u010dte <a href=\"https:\/\/www.instagram.com\/automposlovensku\/\">@automposlovensku<\/a>.<\/p>\n<!-- \/wp:tadv\/classic-paragraph -->\n\n<!-- wp:image {\"id\":8573,\"sizeSlug\":\"large\",\"linkDestination\":\"custom\"} -->\n<figure class=\"wp-block-image size-large\"><a href=\"https:\/\/www.instagram.com\/automposlovensku\/\"><img src=\"https:\/\/www.kosiceregion.com\/wp-content\/uploads\/2022\/04\/ApS-logo-cierne-1024x515.png\" alt=\"\" class=\"wp-image-8573\"\/><\/a><\/figure>\n<!-- \/wp:image -->\n\n<!-- wp:tadv\/classic-paragraph \/-->\n\n<!-- wp:tadv\/classic-paragraph \/-->","_sk_post_name":"piesocnata-plaz-na-brehu-rieky-tisa-male-trakany","_sk_post_excerpt":"","_sk_post_title":"Pieso\u010dnat\u00e1 pl\u00e1\u017e na brehu rieky Tisa, Mal\u00e9 Trakany","_en_post_content":"","_en_post_name":"","_en_post_excerpt":"","_en_post_title":"","_hu_post_content":"","_hu_post_name":"","_hu_post_excerpt":"","_hu_post_title":"","_es_post_content":"","_es_post_name":"","_es_post_excerpt":"","_es_post_title":"","_de_post_content":"","_de_post_name":"","_de_post_excerpt":"","_de_post_title":"","_pl_post_content":"","_pl_post_name":"","_pl_post_excerpt":"","_pl_post_title":"","_it_post_content":"","_it_post_name":"","_it_post_excerpt":"","_it_post_title":"","edit_language":"en","footnotes":""},"categories":[22],"tags":[600,602,601],"class_list":["post-9238","post","type-post","status-publish","format-standard","has-post-thumbnail","hentry","category-get-inspired","tag-male-trakany","tag-plaz","tag-tisa"],"acf":[],"yoast_head":"<!-- This site is optimized with the Yoast SEO Premium plugin v25.5 (Yoast SEO v27.4) - https:\/\/yoast.com\/product\/yoast-seo-premium-wordpress\/ -->\n<title>Ko\u0161ice Regi\u00f3n<\/title>\n<meta name=\"description\" content=\"Ambas\u00e1dori: Autom po Slovensku  \n\n\n\n\n\n\n\nNa mieste, kde na\u0161a krajina kon\u010d\u00ed a hrani\u010d\u00ed s \u010fal\u0161\u00edmi dvoma \u2013 Ma\u010farskom a Ukrajinou \u2013 le\u017e\u00ed drobn\u00fd klenot v\u00fdchodu. Pieso\u010dnat\u00fa pl\u00e1\u017e pri lu\u017en\u00fdch lesoch, o ktorej vie len m\u00e1lokto,\u2026\" \/>\n<meta name=\"robots\" content=\"index, follow, max-snippet:-1, max-image-preview:large, max-video-preview:-1\" \/>\n<link rel=\"canonical\" href=\"https:\/\/www.kosiceregion.com\/sk\/piesocnata-plaz-na-brehu-rieky-tisa-male-trakany\/\" \/>\n<meta property=\"og:locale\" content=\"en_GB\" \/>\n<meta property=\"og:type\" content=\"article\" \/>\n<meta property=\"og:title\" content=\"Pieso\u010dnat\u00e1 pl\u00e1\u017e na brehu rieky Tisa, Mal\u00e9 Trakany\" \/>\n<meta property=\"og:description\" content=\"Ambas\u00e1dori: Autom po Slovensku Na mieste, kde na\u0161a krajina kon\u010d\u00ed a hrani\u010d\u00ed s \u010fal\u0161\u00edmi dvoma \u2013 Ma\u010farskom a Ukrajinou \u2013 le\u017e\u00ed drobn\u00fd klenot v\u00fdchodu.\" \/>\n<meta property=\"og:url\" content=\"https:\/\/www.kosiceregion.com\/en\/wp-json\/wp\/v2\/posts\/9238\" \/>\n<meta property=\"og:site_name\" content=\"Ko\u0161ice Regi\u00f3n\" \/>\n<meta property=\"article:publisher\" content=\"https:\/\/www.facebook.com\/kosiceregion\" \/>\n<meta property=\"article:published_time\" content=\"2022-06-16T12:19:08+00:00\" \/>\n<meta property=\"article:modified_time\" content=\"2022-06-17T12:51:08+00:00\" \/>\n<meta property=\"og:image\" content=\"https:\/\/www.kosiceregion.com\/wp-content\/uploads\/2022\/06\/zlate-piesky-na-tise-scaled.jpg\" \/>\n\t<meta property=\"og:image:width\" content=\"2560\" \/>\n\t<meta property=\"og:image:height\" content=\"1920\" \/>\n\t<meta property=\"og:image:type\" content=\"image\/jpeg\" \/>\n<meta name=\"author\" content=\"Attila T\u00f6r\u00f6k\" \/>\n<meta name=\"twitter:card\" content=\"summary_large_image\" \/>\n<meta name=\"twitter:creator\" content=\"@KOSICEREGION\" \/>\n<meta name=\"twitter:site\" content=\"@KOSICEREGION\" \/>\n<meta name=\"twitter:label1\" content=\"Written by\" \/>\n\t<meta name=\"twitter:data1\" content=\"Attila T\u00f6r\u00f6k\" \/>\n\t<meta name=\"twitter:label2\" content=\"Estimated reading time\" \/>\n\t<meta name=\"twitter:data2\" content=\"6 minutes\" \/>\n<script type=\"application\/ld+json\" class=\"yoast-schema-graph\">{\"@context\":\"https:\\\/\\\/schema.org\",\"@graph\":[{\"@type\":\"Article\",\"@id\":\"https:\\\/\\\/www.kosiceregion.com\\\/sk\\\/piesocnata-plaz-na-brehu-rieky-tisa-male-trakany\\\/#article\",\"isPartOf\":{\"@id\":\"https:\\\/\\\/www.kosiceregion.com\\\/sk\\\/piesocnata-plaz-na-brehu-rieky-tisa-male-trakany\\\/\"},\"author\":{\"name\":\"Attila T\u00f6r\u00f6k\",\"@id\":\"https:\\\/\\\/www.kosiceregion.com\\\/#\\\/schema\\\/person\\\/c165be3d928462a4f7283533e3fa9f87\"},\"headline\":\"Pieso\u010dnat\u00e1 pl\u00e1\u017e na brehu rieky Tisa, Mal\u00e9 Trakany\",\"datePublished\":\"2022-06-16T12:19:08+00:00\",\"dateModified\":\"2022-06-17T12:51:08+00:00\",\"mainEntityOfPage\":{\"@id\":\"https:\\\/\\\/www.kosiceregion.com\\\/sk\\\/piesocnata-plaz-na-brehu-rieky-tisa-male-trakany\\\/\"},\"wordCount\":744,\"publisher\":{\"@id\":\"https:\\\/\\\/www.kosiceregion.com\\\/#organization\"},\"image\":{\"@id\":\"https:\\\/\\\/www.kosiceregion.com\\\/sk\\\/piesocnata-plaz-na-brehu-rieky-tisa-male-trakany\\\/#primaryimage\"},\"thumbnailUrl\":\"https:\\\/\\\/www.kosiceregion.com\\\/wp-content\\\/uploads\\\/2022\\\/06\\\/zlate-piesky-na-tise-scaled.jpg\",\"keywords\":[\"mal\u00e9 trakany\",\"pl\u00e1\u017e\",\"tisa\"],\"articleSection\":[\"In\u0161piruj sa\"],\"inLanguage\":\"en-GB\"},{\"@type\":\"WebPage\",\"@id\":\"https:\\\/\\\/www.kosiceregion.com\\\/sk\\\/piesocnata-plaz-na-brehu-rieky-tisa-male-trakany\\\/\",\"url\":\"https:\\\/\\\/www.kosiceregion.com\\\/sk\\\/piesocnata-plaz-na-brehu-rieky-tisa-male-trakany\\\/\",\"name\":\"Pieso\u010dnat\u00e1 pl\u00e1\u017e na brehu rieky Tisa, Mal\u00e9 Trakany - Ko\u0161ice Regi\u00f3n\",\"isPartOf\":{\"@id\":\"https:\\\/\\\/www.kosiceregion.com\\\/#website\"},\"primaryImageOfPage\":{\"@id\":\"https:\\\/\\\/www.kosiceregion.com\\\/sk\\\/piesocnata-plaz-na-brehu-rieky-tisa-male-trakany\\\/#primaryimage\"},\"image\":{\"@id\":\"https:\\\/\\\/www.kosiceregion.com\\\/sk\\\/piesocnata-plaz-na-brehu-rieky-tisa-male-trakany\\\/#primaryimage\"},\"thumbnailUrl\":\"https:\\\/\\\/www.kosiceregion.com\\\/wp-content\\\/uploads\\\/2022\\\/06\\\/zlate-piesky-na-tise-scaled.jpg\",\"datePublished\":\"2022-06-16T12:19:08+00:00\",\"dateModified\":\"2022-06-17T12:51:08+00:00\",\"description\":\"Ambas\u00e1dori: Autom po Slovensku Na mieste, kde na\u0161a krajina kon\u010d\u00ed a hrani\u010d\u00ed s \u010fal\u0161\u00edmi dvoma \u2013 Ma\u010farskom a Ukrajinou \u2013 le\u017e\u00ed drobn\u00fd klenot v\u00fdchodu.\",\"breadcrumb\":{\"@id\":\"https:\\\/\\\/www.kosiceregion.com\\\/sk\\\/piesocnata-plaz-na-brehu-rieky-tisa-male-trakany\\\/#breadcrumb\"},\"inLanguage\":\"en-GB\",\"potentialAction\":[{\"@type\":\"ReadAction\",\"target\":[\"https:\\\/\\\/www.kosiceregion.com\\\/sk\\\/piesocnata-plaz-na-brehu-rieky-tisa-male-trakany\\\/\"]}]},{\"@type\":\"ImageObject\",\"inLanguage\":\"en-GB\",\"@id\":\"https:\\\/\\\/www.kosiceregion.com\\\/sk\\\/piesocnata-plaz-na-brehu-rieky-tisa-male-trakany\\\/#primaryimage\",\"url\":\"https:\\\/\\\/www.kosiceregion.com\\\/wp-content\\\/uploads\\\/2022\\\/06\\\/zlate-piesky-na-tise-scaled.jpg\",\"contentUrl\":\"https:\\\/\\\/www.kosiceregion.com\\\/wp-content\\\/uploads\\\/2022\\\/06\\\/zlate-piesky-na-tise-scaled.jpg\",\"width\":2560,\"height\":1920},{\"@type\":\"BreadcrumbList\",\"@id\":\"https:\\\/\\\/www.kosiceregion.com\\\/sk\\\/piesocnata-plaz-na-brehu-rieky-tisa-male-trakany\\\/#breadcrumb\",\"itemListElement\":[{\"@type\":\"ListItem\",\"position\":1,\"name\":\"Home\",\"item\":\"https:\\\/\\\/www.kosiceregion.com\\\/sk\\\/\"},{\"@type\":\"ListItem\",\"position\":2,\"name\":\"Pieso\u010dnat\u00e1 pl\u00e1\u017e na brehu rieky Tisa, Mal\u00e9 Trakany\"}]},{\"@type\":\"WebSite\",\"@id\":\"https:\\\/\\\/www.kosiceregion.com\\\/#website\",\"url\":\"https:\\\/\\\/www.kosiceregion.com\\\/\",\"name\":\"Ko\u0161ice Regi\u00f3n\",\"description\":\"Turistick\u00fd sprievodca Ko\u0161ick\u00fdm krajom\",\"publisher\":{\"@id\":\"https:\\\/\\\/www.kosiceregion.com\\\/#organization\"},\"potentialAction\":[{\"@type\":\"SearchAction\",\"target\":{\"@type\":\"EntryPoint\",\"urlTemplate\":\"https:\\\/\\\/www.kosiceregion.com\\\/?s={search_term_string}\"},\"query-input\":{\"@type\":\"PropertyValueSpecification\",\"valueRequired\":true,\"valueName\":\"search_term_string\"}}],\"inLanguage\":\"en-GB\"},{\"@type\":\"Organization\",\"@id\":\"https:\\\/\\\/www.kosiceregion.com\\\/#organization\",\"name\":\"Ko\u0161ice Regi\u00f3n Turizmus\",\"url\":\"https:\\\/\\\/www.kosiceregion.com\\\/\",\"logo\":{\"@type\":\"ImageObject\",\"inLanguage\":\"en-GB\",\"@id\":\"https:\\\/\\\/www.kosiceregion.com\\\/#\\\/schema\\\/logo\\\/image\\\/\",\"url\":\"https:\\\/\\\/www.kosiceregion.com\\\/wp-content\\\/uploads\\\/2019\\\/03\\\/logo-web-sk.png\",\"contentUrl\":\"https:\\\/\\\/www.kosiceregion.com\\\/wp-content\\\/uploads\\\/2019\\\/03\\\/logo-web-sk.png\",\"width\":225,\"height\":100,\"caption\":\"Ko\u0161ice Regi\u00f3n Turizmus\"},\"image\":{\"@id\":\"https:\\\/\\\/www.kosiceregion.com\\\/#\\\/schema\\\/logo\\\/image\\\/\"},\"sameAs\":[\"https:\\\/\\\/www.facebook.com\\\/kosiceregion\",\"https:\\\/\\\/x.com\\\/KOSICEREGION\",\"https:\\\/\\\/www.instagram.com\\\/kosiceregion\",\"https:\\\/\\\/www.youtube.com\\\/kosiceregion\"]},{\"@type\":\"Person\",\"@id\":\"https:\\\/\\\/www.kosiceregion.com\\\/#\\\/schema\\\/person\\\/c165be3d928462a4f7283533e3fa9f87\",\"name\":\"Attila T\u00f6r\u00f6k\",\"image\":{\"@type\":\"ImageObject\",\"inLanguage\":\"en-GB\",\"@id\":\"https:\\\/\\\/secure.gravatar.com\\\/avatar\\\/7536520a24f54162948fc01f9d450948fd7df6ba020d0e39b69d3dcb7e39ee10?s=96&d=mm&r=g\",\"url\":\"https:\\\/\\\/secure.gravatar.com\\\/avatar\\\/7536520a24f54162948fc01f9d450948fd7df6ba020d0e39b69d3dcb7e39ee10?s=96&d=mm&r=g\",\"contentUrl\":\"https:\\\/\\\/secure.gravatar.com\\\/avatar\\\/7536520a24f54162948fc01f9d450948fd7df6ba020d0e39b69d3dcb7e39ee10?s=96&d=mm&r=g\",\"caption\":\"Attila T\u00f6r\u00f6k\"}}]}<\/script>\n<!-- \/ Yoast SEO Premium plugin. -->","yoast_head_json":{"title":"Ko\u0161ice Regi\u00f3n","description":"Ambas\u00e1dori: Autom po Slovensku  \n\n\n\n\n\n\n\nNa mieste, kde na\u0161a krajina kon\u010d\u00ed a hrani\u010d\u00ed s \u010fal\u0161\u00edmi dvoma \u2013 Ma\u010farskom a Ukrajinou \u2013 le\u017e\u00ed drobn\u00fd klenot v\u00fdchodu. Pieso\u010dnat\u00fa pl\u00e1\u017e pri lu\u017en\u00fdch lesoch, o ktorej vie len m\u00e1lokto,\u2026","robots":{"index":"index","follow":"follow","max-snippet":"max-snippet:-1","max-image-preview":"max-image-preview:large","max-video-preview":"max-video-preview:-1"},"canonical":"https:\/\/www.kosiceregion.com\/sk\/piesocnata-plaz-na-brehu-rieky-tisa-male-trakany\/","og_locale":"en_GB","og_type":"article","og_title":"Pieso\u010dnat\u00e1 pl\u00e1\u017e na brehu rieky Tisa, Mal\u00e9 Trakany","og_description":"Ambas\u00e1dori: Autom po Slovensku Na mieste, kde na\u0161a krajina kon\u010d\u00ed a hrani\u010d\u00ed s \u010fal\u0161\u00edmi dvoma \u2013 Ma\u010farskom a Ukrajinou \u2013 le\u017e\u00ed drobn\u00fd klenot v\u00fdchodu.","og_url":"https:\/\/www.kosiceregion.com\/en\/wp-json\/wp\/v2\/posts\/9238","og_site_name":"Ko\u0161ice Regi\u00f3n","article_publisher":"https:\/\/www.facebook.com\/kosiceregion","article_published_time":"2022-06-16T12:19:08+00:00","article_modified_time":"2022-06-17T12:51:08+00:00","og_image":[{"width":2560,"height":1920,"url":"https:\/\/www.kosiceregion.com\/wp-content\/uploads\/2022\/06\/zlate-piesky-na-tise-scaled.jpg","type":"image\/jpeg"}],"author":"Attila T\u00f6r\u00f6k","twitter_card":"summary_large_image","twitter_creator":"@KOSICEREGION","twitter_site":"@KOSICEREGION","twitter_misc":{"Written by":"Attila T\u00f6r\u00f6k","Estimated reading time":"6 minutes"},"schema":{"@context":"https:\/\/schema.org","@graph":[{"@type":"Article","@id":"https:\/\/www.kosiceregion.com\/sk\/piesocnata-plaz-na-brehu-rieky-tisa-male-trakany\/#article","isPartOf":{"@id":"https:\/\/www.kosiceregion.com\/sk\/piesocnata-plaz-na-brehu-rieky-tisa-male-trakany\/"},"author":{"name":"Attila T\u00f6r\u00f6k","@id":"https:\/\/www.kosiceregion.com\/#\/schema\/person\/c165be3d928462a4f7283533e3fa9f87"},"headline":"Pieso\u010dnat\u00e1 pl\u00e1\u017e na brehu rieky Tisa, Mal\u00e9 Trakany","datePublished":"2022-06-16T12:19:08+00:00","dateModified":"2022-06-17T12:51:08+00:00","mainEntityOfPage":{"@id":"https:\/\/www.kosiceregion.com\/sk\/piesocnata-plaz-na-brehu-rieky-tisa-male-trakany\/"},"wordCount":744,"publisher":{"@id":"https:\/\/www.kosiceregion.com\/#organization"},"image":{"@id":"https:\/\/www.kosiceregion.com\/sk\/piesocnata-plaz-na-brehu-rieky-tisa-male-trakany\/#primaryimage"},"thumbnailUrl":"https:\/\/www.kosiceregion.com\/wp-content\/uploads\/2022\/06\/zlate-piesky-na-tise-scaled.jpg","keywords":["mal\u00e9 trakany","pl\u00e1\u017e","tisa"],"articleSection":["In\u0161piruj sa"],"inLanguage":"en-GB"},{"@type":"WebPage","@id":"https:\/\/www.kosiceregion.com\/sk\/piesocnata-plaz-na-brehu-rieky-tisa-male-trakany\/","url":"https:\/\/www.kosiceregion.com\/sk\/piesocnata-plaz-na-brehu-rieky-tisa-male-trakany\/","name":"Pieso\u010dnat\u00e1 pl\u00e1\u017e na brehu rieky Tisa, Mal\u00e9 Trakany - Ko\u0161ice Regi\u00f3n","isPartOf":{"@id":"https:\/\/www.kosiceregion.com\/#website"},"primaryImageOfPage":{"@id":"https:\/\/www.kosiceregion.com\/sk\/piesocnata-plaz-na-brehu-rieky-tisa-male-trakany\/#primaryimage"},"image":{"@id":"https:\/\/www.kosiceregion.com\/sk\/piesocnata-plaz-na-brehu-rieky-tisa-male-trakany\/#primaryimage"},"thumbnailUrl":"https:\/\/www.kosiceregion.com\/wp-content\/uploads\/2022\/06\/zlate-piesky-na-tise-scaled.jpg","datePublished":"2022-06-16T12:19:08+00:00","dateModified":"2022-06-17T12:51:08+00:00","description":"Ambas\u00e1dori: Autom po Slovensku Na mieste, kde na\u0161a krajina kon\u010d\u00ed a hrani\u010d\u00ed s \u010fal\u0161\u00edmi dvoma \u2013 Ma\u010farskom a Ukrajinou \u2013 le\u017e\u00ed drobn\u00fd klenot v\u00fdchodu.","breadcrumb":{"@id":"https:\/\/www.kosiceregion.com\/sk\/piesocnata-plaz-na-brehu-rieky-tisa-male-trakany\/#breadcrumb"},"inLanguage":"en-GB","potentialAction":[{"@type":"ReadAction","target":["https:\/\/www.kosiceregion.com\/sk\/piesocnata-plaz-na-brehu-rieky-tisa-male-trakany\/"]}]},{"@type":"ImageObject","inLanguage":"en-GB","@id":"https:\/\/www.kosiceregion.com\/sk\/piesocnata-plaz-na-brehu-rieky-tisa-male-trakany\/#primaryimage","url":"https:\/\/www.kosiceregion.com\/wp-content\/uploads\/2022\/06\/zlate-piesky-na-tise-scaled.jpg","contentUrl":"https:\/\/www.kosiceregion.com\/wp-content\/uploads\/2022\/06\/zlate-piesky-na-tise-scaled.jpg","width":2560,"height":1920},{"@type":"BreadcrumbList","@id":"https:\/\/www.kosiceregion.com\/sk\/piesocnata-plaz-na-brehu-rieky-tisa-male-trakany\/#breadcrumb","itemListElement":[{"@type":"ListItem","position":1,"name":"Home","item":"https:\/\/www.kosiceregion.com\/sk\/"},{"@type":"ListItem","position":2,"name":"Pieso\u010dnat\u00e1 pl\u00e1\u017e na brehu rieky Tisa, Mal\u00e9 Trakany"}]},{"@type":"WebSite","@id":"https:\/\/www.kosiceregion.com\/#website","url":"https:\/\/www.kosiceregion.com\/","name":"Ko\u0161ice Regi\u00f3n","description":"Turistick\u00fd sprievodca Ko\u0161ick\u00fdm krajom","publisher":{"@id":"https:\/\/www.kosiceregion.com\/#organization"},"potentialAction":[{"@type":"SearchAction","target":{"@type":"EntryPoint","urlTemplate":"https:\/\/www.kosiceregion.com\/?s={search_term_string}"},"query-input":{"@type":"PropertyValueSpecification","valueRequired":true,"valueName":"search_term_string"}}],"inLanguage":"en-GB"},{"@type":"Organization","@id":"https:\/\/www.kosiceregion.com\/#organization","name":"Ko\u0161ice Regi\u00f3n Turizmus","url":"https:\/\/www.kosiceregion.com\/","logo":{"@type":"ImageObject","inLanguage":"en-GB","@id":"https:\/\/www.kosiceregion.com\/#\/schema\/logo\/image\/","url":"https:\/\/www.kosiceregion.com\/wp-content\/uploads\/2019\/03\/logo-web-sk.png","contentUrl":"https:\/\/www.kosiceregion.com\/wp-content\/uploads\/2019\/03\/logo-web-sk.png","width":225,"height":100,"caption":"Ko\u0161ice Regi\u00f3n Turizmus"},"image":{"@id":"https:\/\/www.kosiceregion.com\/#\/schema\/logo\/image\/"},"sameAs":["https:\/\/www.facebook.com\/kosiceregion","https:\/\/x.com\/KOSICEREGION","https:\/\/www.instagram.com\/kosiceregion","https:\/\/www.youtube.com\/kosiceregion"]},{"@type":"Person","@id":"https:\/\/www.kosiceregion.com\/#\/schema\/person\/c165be3d928462a4f7283533e3fa9f87","name":"Attila T\u00f6r\u00f6k","image":{"@type":"ImageObject","inLanguage":"en-GB","@id":"https:\/\/secure.gravatar.com\/avatar\/7536520a24f54162948fc01f9d450948fd7df6ba020d0e39b69d3dcb7e39ee10?s=96&d=mm&r=g","url":"https:\/\/secure.gravatar.com\/avatar\/7536520a24f54162948fc01f9d450948fd7df6ba020d0e39b69d3dcb7e39ee10?s=96&d=mm&r=g","contentUrl":"https:\/\/secure.gravatar.com\/avatar\/7536520a24f54162948fc01f9d450948fd7df6ba020d0e39b69d3dcb7e39ee10?s=96&d=mm&r=g","caption":"Attila T\u00f6r\u00f6k"}}]}},"_links":{"self":[{"href":"https:\/\/www.kosiceregion.com\/en\/wp-json\/wp\/v2\/posts\/9238","targetHints":{"allow":["GET"]}}],"collection":[{"href":"https:\/\/www.kosiceregion.com\/en\/wp-json\/wp\/v2\/posts"}],"about":[{"href":"https:\/\/www.kosiceregion.com\/en\/wp-json\/wp\/v2\/types\/post"}],"author":[{"embeddable":true,"href":"https:\/\/www.kosiceregion.com\/en\/wp-json\/wp\/v2\/users\/10"}],"replies":[{"embeddable":true,"href":"https:\/\/www.kosiceregion.com\/en\/wp-json\/wp\/v2\/comments?post=9238"}],"version-history":[{"count":4,"href":"https:\/\/www.kosiceregion.com\/en\/wp-json\/wp\/v2\/posts\/9238\/revisions"}],"predecessor-version":[{"id":9301,"href":"https:\/\/www.kosiceregion.com\/en\/wp-json\/wp\/v2\/posts\/9238\/revisions\/9301"}],"wp:featuredmedia":[{"embeddable":true,"href":"https:\/\/www.kosiceregion.com\/en\/wp-json\/wp\/v2\/media\/9250"}],"wp:attachment":[{"href":"https:\/\/www.kosiceregion.com\/en\/wp-json\/wp\/v2\/media?parent=9238"}],"wp:term":[{"taxonomy":"category","embeddable":true,"href":"https:\/\/www.kosiceregion.com\/en\/wp-json\/wp\/v2\/categories?post=9238"},{"taxonomy":"post_tag","embeddable":true,"href":"https:\/\/www.kosiceregion.com\/en\/wp-json\/wp\/v2\/tags?post=9238"}],"curies":[{"name":"wp","href":"https:\/\/api.w.org\/{rel}","templated":true}]}}