{"id":9623,"date":"2022-09-21T09:43:50","date_gmt":"2022-09-21T07:43:50","guid":{"rendered":"https:\/\/www.kosiceregion.com\/sk\/?p=9623"},"modified":"2023-01-10T10:01:41","modified_gmt":"2023-01-10T09:01:41","slug":"","status":"publish","type":"post","link":"https:\/\/www.kosiceregion.com\/en\/zivy-vcelarsky-skanzen-v-moravanoch\/","title":{"rendered":"","raw":""},"content":{"rendered":"","protected":false,"raw":""},"excerpt":{"rendered":"","protected":false,"raw":""},"author":10,"featured_media":9634,"comment_status":"closed","ping_status":"closed","sticky":false,"template":"","format":"standard","meta":{"_acf_changed":false,"_sk_post_content":"<!-- wp:heading -->\n<h2>Ambas\u00e1dori: Autom po Slovensku<\/h2>\n<!-- \/wp:heading -->\n\n<!-- wp:image {\"id\":8577,\"sizeSlug\":\"large\",\"linkDestination\":\"none\"} -->\n<figure class=\"wp-block-image size-large\"><img src=\"https:\/\/www.kosiceregion.com\/wp-content\/uploads\/2022\/04\/clanok_logo-1024x143.png\" alt=\"\" class=\"wp-image-8577\"\/><\/figure>\n<!-- \/wp:image -->\n\n<!-- wp:tadv\/classic-paragraph -->\n<p>Vedeli ste, \u017ee v\u010dielka dok\u00e1\u017ee doletie\u0165 do vzdialenosti a\u017e 6 kilometrov, a&nbsp;tie\u017e, \u017ee si vie zapam\u00e4ta\u0165 cestu nasp\u00e4\u0165 do konkr\u00e9tneho \u00fa\u013ea? Alebo \u017ee na jednu ly\u017ei\u010dku medu mus\u00ed n\u00e1js\u0165 10&nbsp;000 kvetov? Nov\u00fd projekt v&nbsp;Moravanoch, ktor\u00fd vznikol na z\u00e1klade iniciat\u00edvy dobrovo\u013en\u00fdch v\u010del\u00e1rov, odkr\u00fdva \u0161irokej verejnosti \u017eivot v\u010diel a ich v\u00fdznam v na\u0161ej pr\u00edrode.<\/p>\n<!-- \/wp:tadv\/classic-paragraph -->\n\n<!-- wp:image {\"id\":9624,\"sizeSlug\":\"large\",\"linkDestination\":\"none\"} -->\n<figure class=\"wp-block-image size-large\"><img src=\"https:\/\/www.kosiceregion.com\/wp-content\/uploads\/2022\/09\/0-1-1024x768.jpg\" alt=\"\" class=\"wp-image-9624\"\/><\/figure>\n<!-- \/wp:image -->\n\n<!-- wp:heading {\"textAlign\":\"center\"} -->\n<h2 class=\"has-text-align-center\">Inform\u00e1cie o trase a lokalite<\/h2>\n<!-- \/wp:heading -->\n\n<!-- wp:tadv\/classic-paragraph -->\n<p>&nbsp;<\/p>\n<table class=\" aligncenter\" style=\"height: 349px; width: 72.8588%; border-collapse: collapse;\">\n<tbody>\n<tr style=\"height: 216px;\">\n<td style=\"width: 20%; height: 210px;\"><img class=\"size-full wp-image-5997 aligncenter\" src=\"https:\/\/www.kosiceregion.com\/wp-content\/uploads\/2021\/05\/Icon_black__kids.png\" alt=\"\" width=\"35\" height=\"35\"><\/td>\n<td style=\"width: 19.8366%; height: 210px;\">\n<p><strong>Vhodn\u00e9 pre deti<\/strong><\/p>\n<p>\u00c1NO<\/p>\n<\/td>\n<td style=\"width: 20.7361%; height: 210px;\"><img class=\"size-full wp-image-5999 aligncenter\" src=\"https:\/\/www.kosiceregion.com\/wp-content\/uploads\/2021\/05\/Icon_black__food.png\" alt=\"\" width=\"35\" height=\"35\"><\/td>\n<td style=\"width: 22.9886%; height: 210px;\">\n<p><strong>Stravovacie zariadenie<\/strong><\/p>\n<p>NIE<\/p>\n<\/td>\n<\/tr>\n<tr style=\"height: 216px;\">\n<td style=\"width: 20%; height: 139px;\">&nbsp;<\/td>\n<td style=\"width: 19.8366%; height: 139px;\">\n<p>&nbsp;<\/p>\n<\/td>\n<td style=\"width: 20.7361%; height: 139px;\">&nbsp;<\/td>\n<td style=\"width: 22.9886%; height: 139px;\">\n<p style=\"text-align: left;\">&nbsp;<\/p>\n<\/td>\n<\/tr>\n<\/tbody>\n<\/table>\n<p>&nbsp;<\/p>\n<!-- \/wp:tadv\/classic-paragraph -->\n\n<!-- wp:tadv\/classic-paragraph -->\n<p>Obec Moravany v&nbsp;okrese Michalovce je jednou z&nbsp;m\u00e1la slovensk\u00fdch obc\u00ed \u017eij\u00facich v\u010delami. A\u017e 450 v\u010delstiev miestnej komunity v\u010del\u00e1rov m\u00e1 skuto\u010dne pozit\u00edvny vplyv na ka\u017edodenn\u00fd \u017eivot ob\u010danov. Do chovu v\u010diel teraz m\u00f4\u017eeme nahliadnu\u0165 aj my v\u010faka \u017div\u00e9mu v\u010del\u00e1rskemu skanzenu, ktor\u00fd bol otvoren\u00fd 4. augusta 2022. Je situovan\u00fd na tichom mieste za Domom kult\u00fary <strong>v&nbsp;Moravanoch,<\/strong> <strong>\u010das\u0165 Lu\u010dkovce<\/strong>.<\/p>\n<!-- \/wp:tadv\/classic-paragraph -->\n\n<!-- wp:image {\"id\":9625,\"sizeSlug\":\"large\",\"linkDestination\":\"none\"} -->\n<figure class=\"wp-block-image size-large\"><img src=\"https:\/\/www.kosiceregion.com\/wp-content\/uploads\/2022\/09\/1-1-1024x768.jpg\" alt=\"\" class=\"wp-image-9625\"\/><figcaption>Dom kult\u00fary a skanzen v pozad\u00ed, Moravany - Lu\u010dkovce<\/figcaption><\/figure>\n<!-- \/wp:image -->\n\n<!-- wp:tadv\/classic-paragraph -->\n<p>Skanzen tvoria n\u00e1u\u010dn\u00e9 tabule, klasick\u00e9 aj impozantn\u00e9 \u00fale osaden\u00e9 v\u010delstvami a apidom\u010dek, kde m\u00f4\u017eeme spozna\u0165 silu apiterapie. Apidom\u010dek je otvoren\u00fd denne <strong>od apr\u00edla do septembra<\/strong>, no na jeho n\u00e1v\u0161tevu je potrebn\u00e9 objedna\u0165 sa vopred. Telefonick\u00fd a&nbsp;mailov\u00fd kontakt n\u00e1jdete na <a href=\"https:\/\/www.obecmoravany.sk\/files\/2022-08-03-152457-V__ely_oprava.pdf\">webovej str\u00e1nke obce<\/a>. N\u00e1s skanzenom sprev\u00e1dzal v\u010del\u00e1r a&nbsp;spr\u00e1vca Pavol Lipt\u00e1k, ktor\u00e9mu srde\u010dne \u010fakujeme za odborn\u00fd v\u00fdklad!<\/p>\n<p>Spom\u00ednan\u00e9 <strong>n\u00e1u\u010dn\u00e9 tabule<\/strong> n\u00e1v\u0161tevn\u00edkov oboznamuj\u00fa s&nbsp;t\u00e9mami ako zlo\u017eenie v\u010delstva, v\u010delie produkty, choroby \u010di rojenie, a spod kor\u00fan <strong>medonosn\u00fdch stromov<\/strong> (lipa, ag\u00e1t,&nbsp;ihli\u010dnany) vyk\u00fakaj\u00fa <strong>\u00fale r\u00f4znych druhov<\/strong>.<\/p>\n<!-- \/wp:tadv\/classic-paragraph -->\n\n<!-- wp:image {\"id\":9626,\"sizeSlug\":\"large\",\"linkDestination\":\"none\"} -->\n<figure class=\"wp-block-image size-large\"><img src=\"https:\/\/www.kosiceregion.com\/wp-content\/uploads\/2022\/09\/2-1-1024x768.jpg\" alt=\"\" class=\"wp-image-9626\"\/><figcaption>\u017div\u00fd v\u010del\u00e1rsky skanzen zhora<\/figcaption><\/figure>\n<!-- \/wp:image -->\n\n<!-- wp:tadv\/classic-paragraph -->\n<p>Kl\u00e1tov\u00e9 \u00fale za\u010dali pou\u017e\u00edva\u0165 Slovania. Bu\u010f pren\u00e1\u0161ali stromy s&nbsp;\u00fa\u013emi z&nbsp;lesa, alebo sa ich sna\u017eili napodobni\u0165. Nesk\u00f4r zistili, \u017ee si ich m\u00f4\u017eu skr\u00e1\u0161li\u0165 \u2013 tak vznikli figur\u00e1lne \u00fale. Prv\u00fd figur\u00e1lny \u00fa\u013e v&nbsp;skanzene patr\u00ed sv. Ambr\u00f3zovi. Hovor\u00ed sa, \u017ee mu po\u010das sp\u00e1nku dal do \u00fast roj v\u010diel sladk\u00fd med, a&nbsp;odvtedy m\u00e1 sladk\u00e9 slov\u00e1 :). \u010ealej m\u00f4\u017eeme natrafi\u0165 na diev\u010dinu v&nbsp;slovenskom kroji \u010di sv. M\u00e1riu. Na konci skanzenu s\u00fa vystaven\u00e9 novodobej\u0161ie \u00fale od slamen\u00fdch a \u0161a\u0161\u00ednov\u00fdch a\u017e po jeden uk\u00e1\u017ekov\u00fd s&nbsp;presklen\u00fdmi stenami, cez ktor\u00e9 sme na chv\u00ed\u013eku pozorovali, ako to v&nbsp;takom \u00fali chod\u00ed.<\/p>\n<!-- \/wp:tadv\/classic-paragraph -->\n\n<!-- wp:image {\"id\":9627,\"sizeSlug\":\"large\",\"linkDestination\":\"none\"} -->\n<figure class=\"wp-block-image size-large\"><img src=\"https:\/\/www.kosiceregion.com\/wp-content\/uploads\/2022\/09\/3-1-1024x768.jpg\" alt=\"\" class=\"wp-image-9627\"\/><figcaption>Kl\u00e1tov\u00e9 \u00fale<\/figcaption><\/figure>\n<!-- \/wp:image -->\n\n<!-- wp:image {\"id\":9628,\"sizeSlug\":\"large\",\"linkDestination\":\"none\"} -->\n<figure class=\"wp-block-image size-large\"><img src=\"https:\/\/www.kosiceregion.com\/wp-content\/uploads\/2022\/09\/4-1-1024x768.jpg\" alt=\"\" class=\"wp-image-9628\"\/><figcaption>Figur\u00e1lne \u00fale - sv. Ambr\u00f3z v popred\u00ed, diev\u010dina v pozad\u00ed<\/figcaption><\/figure>\n<!-- \/wp:image -->\n\n<!-- wp:image {\"id\":9629,\"sizeSlug\":\"large\",\"linkDestination\":\"none\"} -->\n<figure class=\"wp-block-image size-large\"><img src=\"https:\/\/www.kosiceregion.com\/wp-content\/uploads\/2022\/09\/5-1-1024x768.jpg\" alt=\"\" class=\"wp-image-9629\"\/><figcaption>V\u00fdstava novodobej\u0161\u00edch \u00fa\u013eov<\/figcaption><\/figure>\n<!-- \/wp:image -->\n\n<!-- wp:tadv\/classic-paragraph -->\n<p>V&nbsp;ka\u017edom \u00fali je jedna kr\u00e1\u013eovn\u00e1, tr\u00fady a&nbsp;robotnice. V\u010dely si v&nbsp;\u0148om dok\u00e1\u017eu regulova\u0165 teplotu a pracuj\u00fa v&nbsp;absol\u00fatnej tme. Na n\u00e1stavku sme si v\u0161imli listy rebarbory. Pou\u017e\u00edvaj\u00fa sa proti klie\u0161tikom \u2013 v\u010del\u00edm \u0161kodcom. V\u010dely si musia obzvl\u00e1\u0161\u0165 chr\u00e1ni\u0165 kr\u00e1\u013eovn\u00fa, preto\u017ee bez nej je v\u010delstvo ods\u00faden\u00e9 na z\u00e1nik. Kr\u00e1\u013eovn\u00e1 u\u017e ako mal\u00e1 dost\u00e1va viac materskej ka\u0161i\u010dky, a&nbsp;tak je vidite\u013ene v\u00e4\u010d\u0161ia. Ka\u017ed\u00e1 m\u00e1 \u0161pecifick\u00fa v\u00f4\u0148u, ktor\u00fa vyp\u00fa\u0161\u0165a na svoje v\u010dely, a&nbsp;tie sa pod\u013ea nej poznaj\u00fa. Prirodzen\u00fdm nepriate\u013eom v\u010diel je aj sr\u0161e\u0148. V\u010delu vie rozhryzn\u00fa\u0165 vo vzduchu, a&nbsp;s partiou kamo\u0161ov vyhub\u00ed cel\u00e9 v\u010delstvo. Naopak, s&nbsp;mrav\u010dekmi si v\u010dely \u017eij\u00fa v&nbsp;harm\u00f3nii.<\/p>\n<!-- \/wp:tadv\/classic-paragraph -->\n\n<!-- wp:image {\"id\":9630,\"sizeSlug\":\"large\",\"linkDestination\":\"none\"} -->\n<figure class=\"wp-block-image size-large\"><img src=\"https:\/\/www.kosiceregion.com\/wp-content\/uploads\/2022\/09\/6-1-1024x768.jpg\" alt=\"\" class=\"wp-image-9630\"\/><\/figure>\n<!-- \/wp:image -->\n\n<!-- wp:tadv\/classic-paragraph -->\n<p>V\u010dela medonosn\u00e1 je v\u0161ak len jeden druh v\u010diel. \u00dato\u010disko si v&nbsp;<strong>hmyzom dom\u010deku<\/strong> z drievok a&nbsp;\u0161i\u0161iek n\u00e1jde aj v\u010dela samot\u00e1rka (tak\u00e9to v\u010dely nemaj\u00fa \u017eihadl\u00e1 a \u017eij\u00fa osamote).<\/p>\n<!-- \/wp:tadv\/classic-paragraph -->\n\n<!-- wp:image {\"id\":9631,\"sizeSlug\":\"large\",\"linkDestination\":\"none\"} -->\n<figure class=\"wp-block-image size-large\"><img src=\"https:\/\/www.kosiceregion.com\/wp-content\/uploads\/2022\/09\/7-1-1024x768.jpg\" alt=\"\" class=\"wp-image-9631\"\/><figcaption>Hmyz\u00ed dom\u010dek<\/figcaption><\/figure>\n<!-- \/wp:image -->\n\n<!-- wp:tadv\/classic-paragraph -->\n<p>To najlep\u0161ie n\u00e1s \u010dakalo nakoniec \u2013 pobyt v&nbsp;apidom\u010deku. <strong>Apidom\u010dek<\/strong> disponuje miestom a\u017e pre 5 \u013eud\u00ed naraz, pri\u010dom jeden si \u013eahne na l\u00f4\u017eko nad v\u010del\u00edmi \u00fa\u013emi, a&nbsp;ostatn\u00ed sa usadia do kresiel nav\u00f4kol. Vzduch zmie\u0161an\u00fd s&nbsp;v\u00f4\u0148ou v\u010diel a&nbsp;ich produktov blahod\u00e1rne p\u00f4sob\u00ed na \u013eudsk\u00fd organizmus. Spolu&nbsp;so \u0161umom v\u010diel lie\u010di \u0161irok\u00e9 spektrum chor\u00f4b (napr. choroby pohybov\u00e9ho apar\u00e1tu, d\u00fdchacie choroby, migr\u00e9ny, post-covidov\u00fd syndr\u00f3m). Tento druh lie\u010debnej terapie je zn\u00e1my pod pojmom <strong>apiterapia<\/strong>. V bl\u00edzkej bud\u00facnosti bude apiterapia e\u0161te efekt\u00edvnej\u0161ia, nako\u013eko z&nbsp;\u00fa\u013eov poved\u00fa trubice na d\u00fdchacie masky. Odpor\u00fa\u010dan\u00fd \u010das str\u00e1ven\u00fd v&nbsp;apidom\u010deku je pribli\u017ene polhodinka.<\/p>\n<!-- \/wp:tadv\/classic-paragraph -->\n\n<!-- wp:image {\"id\":9632,\"sizeSlug\":\"large\",\"linkDestination\":\"none\"} -->\n<figure class=\"wp-block-image size-large\"><img src=\"https:\/\/www.kosiceregion.com\/wp-content\/uploads\/2022\/09\/8-1-1024x768.jpg\" alt=\"\" class=\"wp-image-9632\"\/><figcaption>Apidom\u010dek<\/figcaption><\/figure>\n<!-- \/wp:image -->\n\n<!-- wp:image {\"id\":9633,\"sizeSlug\":\"large\",\"linkDestination\":\"none\"} -->\n<figure class=\"wp-block-image size-large\"><img src=\"https:\/\/www.kosiceregion.com\/wp-content\/uploads\/2022\/09\/9-1024x768.jpg\" alt=\"\" class=\"wp-image-9633\"\/><figcaption>Apiterapia na l\u00f4\u017eku<\/figcaption><\/figure>\n<!-- \/wp:image -->\n\n<!-- wp:tadv\/classic-paragraph -->\n<p>V&nbsp;rohoch dom\u010deka sa navy\u0161e nach\u00e1dza <strong>zbierka pom\u00f4cok<\/strong>, ktor\u00e9 vyu\u017e\u00edvaj\u00fa v\u010del\u00e1ri pri pr\u00e1ci. Zbl\u00edzka sme si prehliadli pr\u00e1zdny plast, rozper\u00e1k, \u0161pachtli\u010dku, krm\u00edtko, dym\u00e1k, klietku na odchytenie kr\u00e1\u013eovnej a&nbsp;mnoh\u00e9 \u010fal\u0161ie.<\/p>\n<p>Skanzen zatia\u013e nie je spoplatnen\u00fd, no v&nbsp;apidom\u010deku m\u00f4\u017eete do pokladni\u010dky <strong>prispie\u0165 dobrovo\u013en\u00fdm pr\u00edspevkom<\/strong>.<\/p>\n<p>Po\u010das na\u0161ej n\u00e1v\u0161tevy uprostred chladn\u00e9ho septembra bola v\u00e4\u010d\u0161ina v\u010dielok zalezen\u00e1 v&nbsp;\u00fa\u013eoch, a&nbsp;v&nbsp;apidom\u010deku ich u\u017e bolo po\u010du\u0165 len slabo. Preto v\u00e1m n\u00e1v\u0161tevu odpor\u00fa\u010dame sk\u00f4r v&nbsp;slne\u010dn\u00fd letn\u00fd de\u0148. Bol to pre n\u00e1s celkom nov\u00fd z\u00e1\u017eitok, a&nbsp;v\u010faka skanzenu teraz vieme, \u010do v\u0161etko je za tou chutnou ly\u017ei\u010dkou medu, ktor\u00fa si d\u00e1vame ka\u017ed\u00e9 r\u00e1no do \u010daju :).<\/p>\n<p><strong>Tip na z\u00e1ver:<\/strong> Ak si v\u00fdlet v&nbsp;Moravanoch chcete pred\u013a\u017ei\u0165, v&nbsp;obci sa daj\u00fa <a href=\"https:\/\/www.obecmoravany.sk\/files\/2021-06-16-135923-Letak_DL-99x210mm_Moravany_print-2.pdf\">vypo\u017ei\u010da\u0165 lo\u010fky<\/a> a&nbsp;rieku Ondava m\u00f4\u017eete splavi\u0165 a\u017e do Ma\u010farska!<\/p>\n<!-- \/wp:tadv\/classic-paragraph -->\n\n<!-- wp:heading {\"textAlign\":\"center\"} -->\n<h2 class=\"has-text-align-center\">Dopravn\u00e1 dostupnos\u0165<\/h2>\n<!-- \/wp:heading -->\n\n<!-- wp:tadv\/classic-paragraph -->\n<p>&nbsp;<\/p>\n<table class=\" aligncenter\" style=\"height: 416px; width: 73.6948%; border-collapse: collapse;\">\n<tbody>\n<tr style=\"height: 216px;\">\n<td style=\"width: 20%; height: 210px;\"><img class=\"size-full wp-image-6002 aligncenter\" src=\"https:\/\/www.kosiceregion.com\/wp-content\/uploads\/2021\/05\/Icon_black__parking.png\" alt=\"\" width=\"35\" height=\"35\"><\/td>\n<td style=\"width: 20%; height: 210px;\">\n<p><strong>Parkovanie<\/strong><\/p>\n<p>\u00c1NO<br>(<a href=\"https:\/\/sk.mapy.cz\/s\/luvarudoga\">Zobrazi\u0165 na mape<\/a>)<\/p>\n<\/td>\n<td style=\"width: 20.7372%; height: 210px;\"><img class=\"size-full wp-image-6003 aligncenter\" src=\"https:\/\/www.kosiceregion.com\/wp-content\/uploads\/2021\/05\/Icon_black__bus.png\" alt=\"\" width=\"35\" height=\"35\"><\/td>\n<td style=\"width: 22.8241%; height: 210px;\">\n<p><strong>Autobusov\u00e1 zast\u00e1vka<\/strong><\/p>\n<p>\u00c1NO<br>(<a href=\"https:\/\/sk.mapy.cz\/s\/gadevemopa\">Zobrazi\u0165 na mape<\/a>)<\/p>\n<\/td>\n<\/tr>\n<tr style=\"height: 216px;\">\n<td style=\"width: 20%; height: 206px;\"><img class=\"size-full wp-image-6004 aligncenter\" src=\"https:\/\/www.kosiceregion.com\/wp-content\/uploads\/2021\/05\/Icon_black__train.png\" alt=\"\" width=\"35\" height=\"35\"><\/td>\n<td style=\"width: 20%; height: 206px;\">\n<p><strong>Vlakov\u00e1 zast\u00e1vka<\/strong><\/p>\n<p>NIE<\/p>\n<\/td>\n<td style=\"width: 20.7372%; height: 206px;\">&nbsp;<\/td>\n<td style=\"width: 22.8241%; height: 206px;\">\n<p style=\"text-align: left;\">&nbsp;<\/p>\n<\/td>\n<\/tr>\n<\/tbody>\n<\/table>\n<p>&nbsp;<\/p>\n<!-- \/wp:tadv\/classic-paragraph -->\n\n<!-- wp:tadv\/classic-paragraph -->\n<p>Viac in\u0161pir\u00e1ci\u00ed n\u00e1jdete na soci\u00e1lnej sieti Instagram a \u00fa\u010dte <a href=\"https:\/\/www.instagram.com\/automposlovensku\/\">@automposlovensku<\/a>.<\/p>\n<!-- \/wp:tadv\/classic-paragraph -->\n\n<!-- wp:image {\"id\":8573,\"sizeSlug\":\"large\",\"linkDestination\":\"custom\"} -->\n<figure class=\"wp-block-image size-large\"><a href=\"https:\/\/www.instagram.com\/automposlovensku\/\"><img src=\"https:\/\/www.kosiceregion.com\/wp-content\/uploads\/2022\/04\/ApS-logo-cierne-1024x515.png\" alt=\"\" class=\"wp-image-8573\"\/><\/a><\/figure>\n<!-- \/wp:image -->\n\n<!-- wp:tadv\/classic-paragraph \/-->\n\n<!-- wp:tadv\/classic-paragraph \/-->","_sk_post_name":"zivy-vcelarsky-skanzen-v-moravanoch","_sk_post_excerpt":"","_sk_post_title":"\u017div\u00fd v\u010del\u00e1rsky skanzen v Moravanoch","_en_post_content":"","_en_post_name":"","_en_post_excerpt":"","_en_post_title":"","_hu_post_content":"","_hu_post_name":"","_hu_post_excerpt":"","_hu_post_title":"","_es_post_content":"","_es_post_name":"","_es_post_excerpt":"","_es_post_title":"","_de_post_content":"","_de_post_name":"","_de_post_excerpt":"","_de_post_title":"","_pl_post_content":"","_pl_post_name":"","_pl_post_excerpt":"","_pl_post_title":"","_it_post_content":"","_it_post_name":"","_it_post_excerpt":"","_it_post_title":"","edit_language":"en","footnotes":""},"categories":[22],"tags":[620,622,621],"class_list":["post-9623","post","type-post","status-publish","format-standard","has-post-thumbnail","hentry","category-get-inspired","tag-moravany","tag-skanzen","tag-vcelarsky-skanzen"],"acf":[],"yoast_head":"<!-- This site is optimized with the Yoast SEO Premium plugin v25.5 (Yoast SEO v27.4) - https:\/\/yoast.com\/product\/yoast-seo-premium-wordpress\/ -->\n<title>Ko\u0161ice Regi\u00f3n<\/title>\n<meta name=\"description\" content=\"Ambas\u00e1dori: Autom po Slovensku\n\n\n\n\n\n\n\nVedeli ste, \u017ee v\u010dielka dok\u00e1\u017ee doletie\u0165 do vzdialenosti a\u017e 6 kilometrov, a&nbsp;tie\u017e, \u017ee si vie zapam\u00e4ta\u0165 cestu nasp\u00e4\u0165 do konkr\u00e9tneho \u00fa\u013ea? Alebo \u017ee na jednu ly\u017ei\u010dku medu mus\u00ed n\u00e1js\u0165\u2026\" \/>\n<meta name=\"robots\" content=\"index, follow, max-snippet:-1, max-image-preview:large, max-video-preview:-1\" \/>\n<link rel=\"canonical\" href=\"https:\/\/www.kosiceregion.com\/sk\/zivy-vcelarsky-skanzen-v-moravanoch\/\" \/>\n<meta property=\"og:locale\" content=\"en_GB\" \/>\n<meta property=\"og:type\" content=\"article\" \/>\n<meta property=\"og:title\" content=\"\u017div\u00fd v\u010del\u00e1rsky skanzen v Moravanoch\" \/>\n<meta property=\"og:description\" content=\"Ambas\u00e1dori: Autom po Slovensku Vedeli ste, \u017ee v\u010dielka dok\u00e1\u017ee doletie\u0165 do vzdialenosti a\u017e 6 kilometrov, a&nbsp;tie\u017e, \u017ee si vie zapam\u00e4ta\u0165 cestu nasp\u00e4\u0165 do\" \/>\n<meta property=\"og:url\" content=\"https:\/\/www.kosiceregion.com\/en\/wp-json\/wp\/v2\/posts\/9623\" \/>\n<meta property=\"og:site_name\" content=\"Ko\u0161ice Regi\u00f3n\" \/>\n<meta property=\"article:publisher\" content=\"https:\/\/www.facebook.com\/kosiceregion\" \/>\n<meta property=\"article:published_time\" content=\"2022-09-21T07:43:50+00:00\" \/>\n<meta property=\"article:modified_time\" content=\"2023-01-10T09:01:41+00:00\" \/>\n<meta property=\"og:image\" content=\"https:\/\/www.kosiceregion.com\/wp-content\/uploads\/2022\/09\/RN_KRT_MoravanyVcelarstvo_lowres-12.jpg\" \/>\n\t<meta property=\"og:image:width\" content=\"1998\" \/>\n\t<meta property=\"og:image:height\" content=\"1329\" \/>\n\t<meta property=\"og:image:type\" content=\"image\/jpeg\" \/>\n<meta name=\"author\" content=\"Attila T\u00f6r\u00f6k\" \/>\n<meta name=\"twitter:card\" content=\"summary_large_image\" \/>\n<meta name=\"twitter:creator\" content=\"@KOSICEREGION\" \/>\n<meta name=\"twitter:site\" content=\"@KOSICEREGION\" \/>\n<meta name=\"twitter:label1\" content=\"Written by\" \/>\n\t<meta name=\"twitter:data1\" content=\"Attila T\u00f6r\u00f6k\" \/>\n\t<meta name=\"twitter:label2\" content=\"Estimated reading time\" \/>\n\t<meta name=\"twitter:data2\" content=\"8 minutes\" \/>\n<script type=\"application\/ld+json\" class=\"yoast-schema-graph\">{\"@context\":\"https:\\\/\\\/schema.org\",\"@graph\":[{\"@type\":\"Article\",\"@id\":\"https:\\\/\\\/www.kosiceregion.com\\\/sk\\\/zivy-vcelarsky-skanzen-v-moravanoch\\\/#article\",\"isPartOf\":{\"@id\":\"https:\\\/\\\/www.kosiceregion.com\\\/sk\\\/zivy-vcelarsky-skanzen-v-moravanoch\\\/\"},\"author\":{\"name\":\"Attila T\u00f6r\u00f6k\",\"@id\":\"https:\\\/\\\/www.kosiceregion.com\\\/#\\\/schema\\\/person\\\/c165be3d928462a4f7283533e3fa9f87\"},\"headline\":\"\u017div\u00fd v\u010del\u00e1rsky skanzen v Moravanoch\",\"datePublished\":\"2022-09-21T07:43:50+00:00\",\"dateModified\":\"2023-01-10T09:01:41+00:00\",\"mainEntityOfPage\":{\"@id\":\"https:\\\/\\\/www.kosiceregion.com\\\/sk\\\/zivy-vcelarsky-skanzen-v-moravanoch\\\/\"},\"wordCount\":1029,\"publisher\":{\"@id\":\"https:\\\/\\\/www.kosiceregion.com\\\/#organization\"},\"image\":{\"@id\":\"https:\\\/\\\/www.kosiceregion.com\\\/sk\\\/zivy-vcelarsky-skanzen-v-moravanoch\\\/#primaryimage\"},\"thumbnailUrl\":\"https:\\\/\\\/www.kosiceregion.com\\\/wp-content\\\/uploads\\\/2022\\\/09\\\/RN_KRT_MoravanyVcelarstvo_lowres-12.jpg\",\"keywords\":[\"moravany\",\"skanzen\",\"v\u010del\u00e1rsky skanzen\"],\"articleSection\":[\"In\u0161piruj sa\"],\"inLanguage\":\"en-GB\"},{\"@type\":\"WebPage\",\"@id\":\"https:\\\/\\\/www.kosiceregion.com\\\/sk\\\/zivy-vcelarsky-skanzen-v-moravanoch\\\/\",\"url\":\"https:\\\/\\\/www.kosiceregion.com\\\/sk\\\/zivy-vcelarsky-skanzen-v-moravanoch\\\/\",\"name\":\"\u017div\u00fd v\u010del\u00e1rsky skanzen v Moravanoch - Ko\u0161ice Regi\u00f3n\",\"isPartOf\":{\"@id\":\"https:\\\/\\\/www.kosiceregion.com\\\/#website\"},\"primaryImageOfPage\":{\"@id\":\"https:\\\/\\\/www.kosiceregion.com\\\/sk\\\/zivy-vcelarsky-skanzen-v-moravanoch\\\/#primaryimage\"},\"image\":{\"@id\":\"https:\\\/\\\/www.kosiceregion.com\\\/sk\\\/zivy-vcelarsky-skanzen-v-moravanoch\\\/#primaryimage\"},\"thumbnailUrl\":\"https:\\\/\\\/www.kosiceregion.com\\\/wp-content\\\/uploads\\\/2022\\\/09\\\/RN_KRT_MoravanyVcelarstvo_lowres-12.jpg\",\"datePublished\":\"2022-09-21T07:43:50+00:00\",\"dateModified\":\"2023-01-10T09:01:41+00:00\",\"description\":\"Ambas\u00e1dori: Autom po Slovensku Vedeli ste, \u017ee v\u010dielka dok\u00e1\u017ee doletie\u0165 do vzdialenosti a\u017e 6 kilometrov, a&nbsp;tie\u017e, \u017ee si vie zapam\u00e4ta\u0165 cestu nasp\u00e4\u0165 do\",\"breadcrumb\":{\"@id\":\"https:\\\/\\\/www.kosiceregion.com\\\/sk\\\/zivy-vcelarsky-skanzen-v-moravanoch\\\/#breadcrumb\"},\"inLanguage\":\"en-GB\",\"potentialAction\":[{\"@type\":\"ReadAction\",\"target\":[\"https:\\\/\\\/www.kosiceregion.com\\\/sk\\\/zivy-vcelarsky-skanzen-v-moravanoch\\\/\"]}]},{\"@type\":\"ImageObject\",\"inLanguage\":\"en-GB\",\"@id\":\"https:\\\/\\\/www.kosiceregion.com\\\/sk\\\/zivy-vcelarsky-skanzen-v-moravanoch\\\/#primaryimage\",\"url\":\"https:\\\/\\\/www.kosiceregion.com\\\/wp-content\\\/uploads\\\/2022\\\/09\\\/RN_KRT_MoravanyVcelarstvo_lowres-12.jpg\",\"contentUrl\":\"https:\\\/\\\/www.kosiceregion.com\\\/wp-content\\\/uploads\\\/2022\\\/09\\\/RN_KRT_MoravanyVcelarstvo_lowres-12.jpg\",\"width\":1998,\"height\":1329},{\"@type\":\"BreadcrumbList\",\"@id\":\"https:\\\/\\\/www.kosiceregion.com\\\/sk\\\/zivy-vcelarsky-skanzen-v-moravanoch\\\/#breadcrumb\",\"itemListElement\":[{\"@type\":\"ListItem\",\"position\":1,\"name\":\"Home\",\"item\":\"https:\\\/\\\/www.kosiceregion.com\\\/sk\\\/\"},{\"@type\":\"ListItem\",\"position\":2,\"name\":\"\u017div\u00fd v\u010del\u00e1rsky skanzen v Moravanoch\"}]},{\"@type\":\"WebSite\",\"@id\":\"https:\\\/\\\/www.kosiceregion.com\\\/#website\",\"url\":\"https:\\\/\\\/www.kosiceregion.com\\\/\",\"name\":\"Ko\u0161ice Regi\u00f3n\",\"description\":\"Turistick\u00fd sprievodca Ko\u0161ick\u00fdm krajom\",\"publisher\":{\"@id\":\"https:\\\/\\\/www.kosiceregion.com\\\/#organization\"},\"potentialAction\":[{\"@type\":\"SearchAction\",\"target\":{\"@type\":\"EntryPoint\",\"urlTemplate\":\"https:\\\/\\\/www.kosiceregion.com\\\/?s={search_term_string}\"},\"query-input\":{\"@type\":\"PropertyValueSpecification\",\"valueRequired\":true,\"valueName\":\"search_term_string\"}}],\"inLanguage\":\"en-GB\"},{\"@type\":\"Organization\",\"@id\":\"https:\\\/\\\/www.kosiceregion.com\\\/#organization\",\"name\":\"Ko\u0161ice Regi\u00f3n Turizmus\",\"url\":\"https:\\\/\\\/www.kosiceregion.com\\\/\",\"logo\":{\"@type\":\"ImageObject\",\"inLanguage\":\"en-GB\",\"@id\":\"https:\\\/\\\/www.kosiceregion.com\\\/#\\\/schema\\\/logo\\\/image\\\/\",\"url\":\"https:\\\/\\\/www.kosiceregion.com\\\/wp-content\\\/uploads\\\/2019\\\/03\\\/logo-web-sk.png\",\"contentUrl\":\"https:\\\/\\\/www.kosiceregion.com\\\/wp-content\\\/uploads\\\/2019\\\/03\\\/logo-web-sk.png\",\"width\":225,\"height\":100,\"caption\":\"Ko\u0161ice Regi\u00f3n Turizmus\"},\"image\":{\"@id\":\"https:\\\/\\\/www.kosiceregion.com\\\/#\\\/schema\\\/logo\\\/image\\\/\"},\"sameAs\":[\"https:\\\/\\\/www.facebook.com\\\/kosiceregion\",\"https:\\\/\\\/x.com\\\/KOSICEREGION\",\"https:\\\/\\\/www.instagram.com\\\/kosiceregion\",\"https:\\\/\\\/www.youtube.com\\\/kosiceregion\"]},{\"@type\":\"Person\",\"@id\":\"https:\\\/\\\/www.kosiceregion.com\\\/#\\\/schema\\\/person\\\/c165be3d928462a4f7283533e3fa9f87\",\"name\":\"Attila T\u00f6r\u00f6k\",\"image\":{\"@type\":\"ImageObject\",\"inLanguage\":\"en-GB\",\"@id\":\"https:\\\/\\\/secure.gravatar.com\\\/avatar\\\/7536520a24f54162948fc01f9d450948fd7df6ba020d0e39b69d3dcb7e39ee10?s=96&d=mm&r=g\",\"url\":\"https:\\\/\\\/secure.gravatar.com\\\/avatar\\\/7536520a24f54162948fc01f9d450948fd7df6ba020d0e39b69d3dcb7e39ee10?s=96&d=mm&r=g\",\"contentUrl\":\"https:\\\/\\\/secure.gravatar.com\\\/avatar\\\/7536520a24f54162948fc01f9d450948fd7df6ba020d0e39b69d3dcb7e39ee10?s=96&d=mm&r=g\",\"caption\":\"Attila T\u00f6r\u00f6k\"}}]}<\/script>\n<!-- \/ Yoast SEO Premium plugin. -->","yoast_head_json":{"title":"Ko\u0161ice Regi\u00f3n","description":"Ambas\u00e1dori: Autom po Slovensku\n\n\n\n\n\n\n\nVedeli ste, \u017ee v\u010dielka dok\u00e1\u017ee doletie\u0165 do vzdialenosti a\u017e 6 kilometrov, a&nbsp;tie\u017e, \u017ee si vie zapam\u00e4ta\u0165 cestu nasp\u00e4\u0165 do konkr\u00e9tneho \u00fa\u013ea? Alebo \u017ee na jednu ly\u017ei\u010dku medu mus\u00ed n\u00e1js\u0165\u2026","robots":{"index":"index","follow":"follow","max-snippet":"max-snippet:-1","max-image-preview":"max-image-preview:large","max-video-preview":"max-video-preview:-1"},"canonical":"https:\/\/www.kosiceregion.com\/sk\/zivy-vcelarsky-skanzen-v-moravanoch\/","og_locale":"en_GB","og_type":"article","og_title":"\u017div\u00fd v\u010del\u00e1rsky skanzen v Moravanoch","og_description":"Ambas\u00e1dori: Autom po Slovensku Vedeli ste, \u017ee v\u010dielka dok\u00e1\u017ee doletie\u0165 do vzdialenosti a\u017e 6 kilometrov, a&nbsp;tie\u017e, \u017ee si vie zapam\u00e4ta\u0165 cestu nasp\u00e4\u0165 do","og_url":"https:\/\/www.kosiceregion.com\/en\/wp-json\/wp\/v2\/posts\/9623","og_site_name":"Ko\u0161ice Regi\u00f3n","article_publisher":"https:\/\/www.facebook.com\/kosiceregion","article_published_time":"2022-09-21T07:43:50+00:00","article_modified_time":"2023-01-10T09:01:41+00:00","og_image":[{"width":1998,"height":1329,"url":"https:\/\/www.kosiceregion.com\/wp-content\/uploads\/2022\/09\/RN_KRT_MoravanyVcelarstvo_lowres-12.jpg","type":"image\/jpeg"}],"author":"Attila T\u00f6r\u00f6k","twitter_card":"summary_large_image","twitter_creator":"@KOSICEREGION","twitter_site":"@KOSICEREGION","twitter_misc":{"Written by":"Attila T\u00f6r\u00f6k","Estimated reading time":"8 minutes"},"schema":{"@context":"https:\/\/schema.org","@graph":[{"@type":"Article","@id":"https:\/\/www.kosiceregion.com\/sk\/zivy-vcelarsky-skanzen-v-moravanoch\/#article","isPartOf":{"@id":"https:\/\/www.kosiceregion.com\/sk\/zivy-vcelarsky-skanzen-v-moravanoch\/"},"author":{"name":"Attila T\u00f6r\u00f6k","@id":"https:\/\/www.kosiceregion.com\/#\/schema\/person\/c165be3d928462a4f7283533e3fa9f87"},"headline":"\u017div\u00fd v\u010del\u00e1rsky skanzen v Moravanoch","datePublished":"2022-09-21T07:43:50+00:00","dateModified":"2023-01-10T09:01:41+00:00","mainEntityOfPage":{"@id":"https:\/\/www.kosiceregion.com\/sk\/zivy-vcelarsky-skanzen-v-moravanoch\/"},"wordCount":1029,"publisher":{"@id":"https:\/\/www.kosiceregion.com\/#organization"},"image":{"@id":"https:\/\/www.kosiceregion.com\/sk\/zivy-vcelarsky-skanzen-v-moravanoch\/#primaryimage"},"thumbnailUrl":"https:\/\/www.kosiceregion.com\/wp-content\/uploads\/2022\/09\/RN_KRT_MoravanyVcelarstvo_lowres-12.jpg","keywords":["moravany","skanzen","v\u010del\u00e1rsky skanzen"],"articleSection":["In\u0161piruj sa"],"inLanguage":"en-GB"},{"@type":"WebPage","@id":"https:\/\/www.kosiceregion.com\/sk\/zivy-vcelarsky-skanzen-v-moravanoch\/","url":"https:\/\/www.kosiceregion.com\/sk\/zivy-vcelarsky-skanzen-v-moravanoch\/","name":"\u017div\u00fd v\u010del\u00e1rsky skanzen v Moravanoch - Ko\u0161ice Regi\u00f3n","isPartOf":{"@id":"https:\/\/www.kosiceregion.com\/#website"},"primaryImageOfPage":{"@id":"https:\/\/www.kosiceregion.com\/sk\/zivy-vcelarsky-skanzen-v-moravanoch\/#primaryimage"},"image":{"@id":"https:\/\/www.kosiceregion.com\/sk\/zivy-vcelarsky-skanzen-v-moravanoch\/#primaryimage"},"thumbnailUrl":"https:\/\/www.kosiceregion.com\/wp-content\/uploads\/2022\/09\/RN_KRT_MoravanyVcelarstvo_lowres-12.jpg","datePublished":"2022-09-21T07:43:50+00:00","dateModified":"2023-01-10T09:01:41+00:00","description":"Ambas\u00e1dori: Autom po Slovensku Vedeli ste, \u017ee v\u010dielka dok\u00e1\u017ee doletie\u0165 do vzdialenosti a\u017e 6 kilometrov, a&nbsp;tie\u017e, \u017ee si vie zapam\u00e4ta\u0165 cestu nasp\u00e4\u0165 do","breadcrumb":{"@id":"https:\/\/www.kosiceregion.com\/sk\/zivy-vcelarsky-skanzen-v-moravanoch\/#breadcrumb"},"inLanguage":"en-GB","potentialAction":[{"@type":"ReadAction","target":["https:\/\/www.kosiceregion.com\/sk\/zivy-vcelarsky-skanzen-v-moravanoch\/"]}]},{"@type":"ImageObject","inLanguage":"en-GB","@id":"https:\/\/www.kosiceregion.com\/sk\/zivy-vcelarsky-skanzen-v-moravanoch\/#primaryimage","url":"https:\/\/www.kosiceregion.com\/wp-content\/uploads\/2022\/09\/RN_KRT_MoravanyVcelarstvo_lowres-12.jpg","contentUrl":"https:\/\/www.kosiceregion.com\/wp-content\/uploads\/2022\/09\/RN_KRT_MoravanyVcelarstvo_lowres-12.jpg","width":1998,"height":1329},{"@type":"BreadcrumbList","@id":"https:\/\/www.kosiceregion.com\/sk\/zivy-vcelarsky-skanzen-v-moravanoch\/#breadcrumb","itemListElement":[{"@type":"ListItem","position":1,"name":"Home","item":"https:\/\/www.kosiceregion.com\/sk\/"},{"@type":"ListItem","position":2,"name":"\u017div\u00fd v\u010del\u00e1rsky skanzen v Moravanoch"}]},{"@type":"WebSite","@id":"https:\/\/www.kosiceregion.com\/#website","url":"https:\/\/www.kosiceregion.com\/","name":"Ko\u0161ice Regi\u00f3n","description":"Turistick\u00fd sprievodca Ko\u0161ick\u00fdm krajom","publisher":{"@id":"https:\/\/www.kosiceregion.com\/#organization"},"potentialAction":[{"@type":"SearchAction","target":{"@type":"EntryPoint","urlTemplate":"https:\/\/www.kosiceregion.com\/?s={search_term_string}"},"query-input":{"@type":"PropertyValueSpecification","valueRequired":true,"valueName":"search_term_string"}}],"inLanguage":"en-GB"},{"@type":"Organization","@id":"https:\/\/www.kosiceregion.com\/#organization","name":"Ko\u0161ice Regi\u00f3n Turizmus","url":"https:\/\/www.kosiceregion.com\/","logo":{"@type":"ImageObject","inLanguage":"en-GB","@id":"https:\/\/www.kosiceregion.com\/#\/schema\/logo\/image\/","url":"https:\/\/www.kosiceregion.com\/wp-content\/uploads\/2019\/03\/logo-web-sk.png","contentUrl":"https:\/\/www.kosiceregion.com\/wp-content\/uploads\/2019\/03\/logo-web-sk.png","width":225,"height":100,"caption":"Ko\u0161ice Regi\u00f3n Turizmus"},"image":{"@id":"https:\/\/www.kosiceregion.com\/#\/schema\/logo\/image\/"},"sameAs":["https:\/\/www.facebook.com\/kosiceregion","https:\/\/x.com\/KOSICEREGION","https:\/\/www.instagram.com\/kosiceregion","https:\/\/www.youtube.com\/kosiceregion"]},{"@type":"Person","@id":"https:\/\/www.kosiceregion.com\/#\/schema\/person\/c165be3d928462a4f7283533e3fa9f87","name":"Attila T\u00f6r\u00f6k","image":{"@type":"ImageObject","inLanguage":"en-GB","@id":"https:\/\/secure.gravatar.com\/avatar\/7536520a24f54162948fc01f9d450948fd7df6ba020d0e39b69d3dcb7e39ee10?s=96&d=mm&r=g","url":"https:\/\/secure.gravatar.com\/avatar\/7536520a24f54162948fc01f9d450948fd7df6ba020d0e39b69d3dcb7e39ee10?s=96&d=mm&r=g","contentUrl":"https:\/\/secure.gravatar.com\/avatar\/7536520a24f54162948fc01f9d450948fd7df6ba020d0e39b69d3dcb7e39ee10?s=96&d=mm&r=g","caption":"Attila T\u00f6r\u00f6k"}}]}},"_links":{"self":[{"href":"https:\/\/www.kosiceregion.com\/en\/wp-json\/wp\/v2\/posts\/9623","targetHints":{"allow":["GET"]}}],"collection":[{"href":"https:\/\/www.kosiceregion.com\/en\/wp-json\/wp\/v2\/posts"}],"about":[{"href":"https:\/\/www.kosiceregion.com\/en\/wp-json\/wp\/v2\/types\/post"}],"author":[{"embeddable":true,"href":"https:\/\/www.kosiceregion.com\/en\/wp-json\/wp\/v2\/users\/10"}],"replies":[{"embeddable":true,"href":"https:\/\/www.kosiceregion.com\/en\/wp-json\/wp\/v2\/comments?post=9623"}],"version-history":[{"count":2,"href":"https:\/\/www.kosiceregion.com\/en\/wp-json\/wp\/v2\/posts\/9623\/revisions"}],"predecessor-version":[{"id":10275,"href":"https:\/\/www.kosiceregion.com\/en\/wp-json\/wp\/v2\/posts\/9623\/revisions\/10275"}],"wp:featuredmedia":[{"embeddable":true,"href":"https:\/\/www.kosiceregion.com\/en\/wp-json\/wp\/v2\/media\/9634"}],"wp:attachment":[{"href":"https:\/\/www.kosiceregion.com\/en\/wp-json\/wp\/v2\/media?parent=9623"}],"wp:term":[{"taxonomy":"category","embeddable":true,"href":"https:\/\/www.kosiceregion.com\/en\/wp-json\/wp\/v2\/categories?post=9623"},{"taxonomy":"post_tag","embeddable":true,"href":"https:\/\/www.kosiceregion.com\/en\/wp-json\/wp\/v2\/tags?post=9623"}],"curies":[{"name":"wp","href":"https:\/\/api.w.org\/{rel}","templated":true}]}}