{"id":1083,"date":"2016-09-08T13:33:38","date_gmt":"2016-09-08T11:33:38","guid":{"rendered":"http:\/\/dest.kosiceregion.com\/sk\/?p=1083"},"modified":"2019-06-06T13:42:13","modified_gmt":"2019-06-06T11:42:13","slug":"","status":"publish","type":"news","link":"https:\/\/www.kosiceregion.com\/es\/news\/uzavretie-expozicii-kastiela-betliar\/","title":{"rendered":"","raw":""},"content":{"rendered":"","protected":false,"raw":""},"excerpt":{"rendered":"","protected":false,"raw":""},"author":0,"featured_media":1085,"menu_order":0,"template":"","format":"standard","meta":{"_acf_changed":false,"_sk_post_content":"<!-- wp:tadv\/classic-paragraph -->\n<p><strong>19. september \u2013 15. december 2016<\/strong><\/p>\n<p>Po mimoriadne \u00faspe\u0161nej a n\u00e1ro\u010dnej sez\u00f3ne, kedy Betliar nav\u0161t\u00edvilo viac ako 60 000 n\u00e1v\u0161tevn\u00edkov si aj<br>ka\u0161tie\u013e Betliar potrebuje trochu odd\u00fdchnu\u0165 a zregenerova\u0165 sa. Po\u010das jesenn\u00fdch mesiacov a v decembri<br>sa bude v ka\u0161tieli pracova\u0165 na tom, aby sa n\u00e1v\u0161tevn\u00edci po\u010das prehliadok c\u00edtili lep\u0161ie a mali hodnotnej\u0161\u00ed<br>z\u00e1\u017eitok z n\u00e1v\u0161tevy jedn\u00e9ho z najv\u00fdznamnej\u0161\u00edch ka\u0161tie\u013eov Slovenska.<\/p>\n<p>Pripravuje sa in\u0161tal\u00e1ciu k\u00farenia, v\u00fdmenu beh\u00fa\u0148ov v expoz\u00edci\u00ed a ak to finan\u010dn\u00e9 limity dovolia, vymenia sa v celom ka\u0161tieli tridsa\u0165ro\u010dn\u00e9 \u0161n\u00farov\u00e9 z\u00e1br\u00e1ny. Najd\u00f4le\u017eitej\u0161ou \u010das\u0165ou celej pr\u00e1ce v\u0161ak bud\u00fa rein\u0161tal\u00e1cie expoz\u00edcie, po\u010das ktor\u00fdch sa bud\u00fa realiz\u00e1tori sna\u017ei\u0165 jednotliv\u00fdm \u010dastiam ka\u0161tie\u013ea vr\u00e1ti\u0165 ich p\u00f4vodn\u00fd charakter.<\/p>\n<p>Po\u010das pr\u00e1c v interi\u00e9roch ka\u0161tie\u013ea bude priestor vyu\u017e\u00edvan\u00fd aj na realiz\u00e1ciu spolo\u010dn\u00e9ho v\u00fdpravn\u00e9ho projektu<br>s TV JOJ s n\u00e1zvom 1890.<\/p>\n<p>E\u0161te pred uzavret\u00edm ka\u0161tie\u013ea sa v nede\u013eu 18. septembra o 17.00 uskuto\u010dn\u00ed derniera v\u00fdstavy<br>\u017dofia \u2013 Pani Kr\u00e1snej H\u00f4rky.<\/p>\n<p>Srde\u010dne v\u00e1s poz\u00fdvame na kur\u00e1torsk\u00fd v\u00fdklad Mgr. Silvie L\u00f6rin\u010d\u00edkovej, PhD. a pr\u00edpitok pri pr\u00edle\u017eitosti ukon\u010denia v\u00fdstavy.<\/p>\n<!-- \/wp:tadv\/classic-paragraph -->\n\n<!-- wp:separator -->\n<hr class=\"wp-block-separator\"\/>\n<!-- \/wp:separator -->\n\n<!-- wp:file {\"id\":1084,\"href\":\"https:\/\/www.kosiceregion.com\/wp-content\/uploads\/2019\/05\/ts-uzavretie_expozicii-2016.pdf\"} -->\n<div class=\"wp-block-file\"><a href=\"https:\/\/www.kosiceregion.com\/wp-content\/uploads\/2019\/05\/ts-uzavretie_expozicii-2016.pdf\">ts-uzavretie_expozicii-2016<\/a><a href=\"https:\/\/www.kosiceregion.com\/wp-content\/uploads\/2019\/05\/ts-uzavretie_expozicii-2016.pdf\" class=\"wp-block-file__button\" download>Stiahnu\u0165<\/a><\/div>\n<!-- \/wp:file -->","_sk_post_name":"uzavretie-expozicii-kastiela-betliar","_sk_post_excerpt":"","_sk_post_title":"UZAVRETIE EXPOZ\u00cdCI\u00cd KA\u0160TIE\u013dA BETLIAR","_en_post_content":"","_en_post_name":"","_en_post_excerpt":"","_en_post_title":"","_hu_post_content":"","_hu_post_name":"","_hu_post_excerpt":"","_hu_post_title":"","_es_post_content":"","_es_post_name":"","_es_post_excerpt":"","_es_post_title":"","_de_post_content":"","_de_post_name":"","_de_post_excerpt":"","_de_post_title":"","_pl_post_content":"","_pl_post_name":"","_pl_post_excerpt":"","_pl_post_title":"","_it_post_content":"","_it_post_name":"","_it_post_excerpt":"","_it_post_title":"","edit_language":"es","footnotes":""},"tags":[125,84,83],"class_list":["post-1083","news","type-news","status-publish","format-standard","has-post-thumbnail","hentry","tag-betliar","tag-kastiel-betliar","tag-krasna-horka"],"acf":[],"yoast_head":"<!-- This site is optimized with the Yoast SEO Premium plugin v25.5 (Yoast SEO v27.4) - https:\/\/yoast.com\/product\/yoast-seo-premium-wordpress\/ -->\n<title>Ko\u0161ice Regi\u00f3n<\/title>\n<meta name=\"description\" content=\"19. september \u2013 15. december 2016\nPo mimoriadne \u00faspe\u0161nej a n\u00e1ro\u010dnej sez\u00f3ne, kedy Betliar nav\u0161t\u00edvilo viac ako 60 000 n\u00e1v\u0161tevn\u00edkov si ajka\u0161tie\u013e Betliar potrebuje trochu odd\u00fdchnu\u0165 a zregenerova\u0165 sa. Po\u010das jesenn\u00fdch mesiacov a v\u2026\" \/>\n<meta name=\"robots\" content=\"index, follow, max-snippet:-1, max-image-preview:large, max-video-preview:-1\" \/>\n<link rel=\"canonical\" href=\"https:\/\/www.kosiceregion.com\/hu\/news\/uzavretie-expozicii-kastiela-betliar\/\" \/>\n<meta property=\"og:locale\" content=\"es_ES\" \/>\n<meta property=\"og:type\" content=\"article\" \/>\n<meta property=\"og:title\" content=\"UZAVRETIE EXPOZ\u00cdCI\u00cd KA\u0160TIE\u013dA BETLIAR\" \/>\n<meta property=\"og:description\" content=\"19. september \u2013 15. december 2016 Po mimoriadne \u00faspe\u0161nej a n\u00e1ro\u010dnej sez\u00f3ne, kedy Betliar nav\u0161t\u00edvilo viac ako 60 000 n\u00e1v\u0161tevn\u00edkov si ajka\u0161tie\u013e Betliar\" \/>\n<meta property=\"og:url\" content=\"https:\/\/www.kosiceregion.com\/es\/wp-json\/wp\/v2\/news\/1083\" \/>\n<meta property=\"og:site_name\" content=\"Ko\u0161ice Regi\u00f3n\" \/>\n<meta property=\"article:publisher\" content=\"https:\/\/www.facebook.com\/kosiceregion\" \/>\n<meta property=\"article:modified_time\" content=\"2019-06-06T11:42:13+00:00\" \/>\n<meta property=\"og:image\" content=\"https:\/\/www.kosiceregion.com\/wp-content\/uploads\/2019\/05\/15197245255_097d49eefc_o.jpg\" \/>\n\t<meta property=\"og:image:width\" content=\"1600\" \/>\n\t<meta property=\"og:image:height\" content=\"900\" \/>\n\t<meta property=\"og:image:type\" content=\"image\/jpeg\" \/>\n<meta name=\"twitter:card\" content=\"summary_large_image\" \/>\n<meta name=\"twitter:site\" content=\"@KOSICEREGION\" \/>\n<meta name=\"twitter:label1\" content=\"Tiempo de lectura\" \/>\n\t<meta name=\"twitter:data1\" content=\"1 minute\" \/>\n<script type=\"application\/ld+json\" class=\"yoast-schema-graph\">{\"@context\":\"https:\\\/\\\/schema.org\",\"@graph\":[{\"@type\":\"WebPage\",\"@id\":\"https:\\\/\\\/www.kosiceregion.com\\\/hu\\\/news\\\/uzavretie-expozicii-kastiela-betliar\\\/\",\"url\":\"https:\\\/\\\/www.kosiceregion.com\\\/hu\\\/news\\\/uzavretie-expozicii-kastiela-betliar\\\/\",\"name\":\"UZAVRETIE EXPOZ\u00cdCI\u00cd KA\u0160TIE\u013dA BETLIAR - Ko\u0161ice Regi\u00f3n\",\"isPartOf\":{\"@id\":\"https:\\\/\\\/www.kosiceregion.com\\\/#website\"},\"primaryImageOfPage\":{\"@id\":\"https:\\\/\\\/www.kosiceregion.com\\\/hu\\\/news\\\/uzavretie-expozicii-kastiela-betliar\\\/#primaryimage\"},\"image\":{\"@id\":\"https:\\\/\\\/www.kosiceregion.com\\\/hu\\\/news\\\/uzavretie-expozicii-kastiela-betliar\\\/#primaryimage\"},\"thumbnailUrl\":\"https:\\\/\\\/www.kosiceregion.com\\\/wp-content\\\/uploads\\\/2019\\\/05\\\/15197245255_097d49eefc_o.jpg\",\"datePublished\":\"2016-09-08T11:33:38+00:00\",\"dateModified\":\"2019-06-06T11:42:13+00:00\",\"description\":\"19. september \u2013 15. december 2016 Po mimoriadne \u00faspe\u0161nej a n\u00e1ro\u010dnej sez\u00f3ne, kedy Betliar nav\u0161t\u00edvilo viac ako 60 000 n\u00e1v\u0161tevn\u00edkov si ajka\u0161tie\u013e Betliar\",\"breadcrumb\":{\"@id\":\"https:\\\/\\\/www.kosiceregion.com\\\/hu\\\/news\\\/uzavretie-expozicii-kastiela-betliar\\\/#breadcrumb\"},\"inLanguage\":\"es-ES\",\"potentialAction\":[{\"@type\":\"ReadAction\",\"target\":[\"https:\\\/\\\/www.kosiceregion.com\\\/hu\\\/news\\\/uzavretie-expozicii-kastiela-betliar\\\/\"]}]},{\"@type\":\"ImageObject\",\"inLanguage\":\"es-ES\",\"@id\":\"https:\\\/\\\/www.kosiceregion.com\\\/hu\\\/news\\\/uzavretie-expozicii-kastiela-betliar\\\/#primaryimage\",\"url\":\"https:\\\/\\\/www.kosiceregion.com\\\/wp-content\\\/uploads\\\/2019\\\/05\\\/15197245255_097d49eefc_o.jpg\",\"contentUrl\":\"https:\\\/\\\/www.kosiceregion.com\\\/wp-content\\\/uploads\\\/2019\\\/05\\\/15197245255_097d49eefc_o.jpg\",\"width\":1600,\"height\":900},{\"@type\":\"BreadcrumbList\",\"@id\":\"https:\\\/\\\/www.kosiceregion.com\\\/hu\\\/news\\\/uzavretie-expozicii-kastiela-betliar\\\/#breadcrumb\",\"itemListElement\":[{\"@type\":\"ListItem\",\"position\":1,\"name\":\"Home\",\"item\":\"https:\\\/\\\/www.kosiceregion.com\\\/sk\\\/\"},{\"@type\":\"ListItem\",\"position\":2,\"name\":\"UZAVRETIE EXPOZ\u00cdCI\u00cd KA\u0160TIE\u013dA BETLIAR\"}]},{\"@type\":\"WebSite\",\"@id\":\"https:\\\/\\\/www.kosiceregion.com\\\/#website\",\"url\":\"https:\\\/\\\/www.kosiceregion.com\\\/\",\"name\":\"Ko\u0161ice Regi\u00f3n\",\"description\":\"Turistick\u00fd sprievodca Ko\u0161ick\u00fdm krajom\",\"publisher\":{\"@id\":\"https:\\\/\\\/www.kosiceregion.com\\\/#organization\"},\"potentialAction\":[{\"@type\":\"SearchAction\",\"target\":{\"@type\":\"EntryPoint\",\"urlTemplate\":\"https:\\\/\\\/www.kosiceregion.com\\\/?s={search_term_string}\"},\"query-input\":{\"@type\":\"PropertyValueSpecification\",\"valueRequired\":true,\"valueName\":\"search_term_string\"}}],\"inLanguage\":\"es-ES\"},{\"@type\":\"Organization\",\"@id\":\"https:\\\/\\\/www.kosiceregion.com\\\/#organization\",\"name\":\"Ko\u0161ice Regi\u00f3n Turizmus\",\"url\":\"https:\\\/\\\/www.kosiceregion.com\\\/\",\"logo\":{\"@type\":\"ImageObject\",\"inLanguage\":\"es-ES\",\"@id\":\"https:\\\/\\\/www.kosiceregion.com\\\/#\\\/schema\\\/logo\\\/image\\\/\",\"url\":\"https:\\\/\\\/www.kosiceregion.com\\\/wp-content\\\/uploads\\\/2019\\\/03\\\/logo-web-sk.png\",\"contentUrl\":\"https:\\\/\\\/www.kosiceregion.com\\\/wp-content\\\/uploads\\\/2019\\\/03\\\/logo-web-sk.png\",\"width\":225,\"height\":100,\"caption\":\"Ko\u0161ice Regi\u00f3n Turizmus\"},\"image\":{\"@id\":\"https:\\\/\\\/www.kosiceregion.com\\\/#\\\/schema\\\/logo\\\/image\\\/\"},\"sameAs\":[\"https:\\\/\\\/www.facebook.com\\\/kosiceregion\",\"https:\\\/\\\/x.com\\\/KOSICEREGION\",\"https:\\\/\\\/www.instagram.com\\\/kosiceregion\",\"https:\\\/\\\/www.youtube.com\\\/kosiceregion\"]}]}<\/script>\n<!-- \/ Yoast SEO Premium plugin. -->","yoast_head_json":{"title":"Ko\u0161ice Regi\u00f3n","description":"19. september \u2013 15. december 2016\nPo mimoriadne \u00faspe\u0161nej a n\u00e1ro\u010dnej sez\u00f3ne, kedy Betliar nav\u0161t\u00edvilo viac ako 60 000 n\u00e1v\u0161tevn\u00edkov si ajka\u0161tie\u013e Betliar potrebuje trochu odd\u00fdchnu\u0165 a zregenerova\u0165 sa. Po\u010das jesenn\u00fdch mesiacov a v\u2026","robots":{"index":"index","follow":"follow","max-snippet":"max-snippet:-1","max-image-preview":"max-image-preview:large","max-video-preview":"max-video-preview:-1"},"canonical":"https:\/\/www.kosiceregion.com\/hu\/news\/uzavretie-expozicii-kastiela-betliar\/","og_locale":"es_ES","og_type":"article","og_title":"UZAVRETIE EXPOZ\u00cdCI\u00cd KA\u0160TIE\u013dA BETLIAR","og_description":"19. september \u2013 15. december 2016 Po mimoriadne \u00faspe\u0161nej a n\u00e1ro\u010dnej sez\u00f3ne, kedy Betliar nav\u0161t\u00edvilo viac ako 60 000 n\u00e1v\u0161tevn\u00edkov si ajka\u0161tie\u013e Betliar","og_url":"https:\/\/www.kosiceregion.com\/es\/wp-json\/wp\/v2\/news\/1083","og_site_name":"Ko\u0161ice Regi\u00f3n","article_publisher":"https:\/\/www.facebook.com\/kosiceregion","article_modified_time":"2019-06-06T11:42:13+00:00","og_image":[{"width":1600,"height":900,"url":"https:\/\/www.kosiceregion.com\/wp-content\/uploads\/2019\/05\/15197245255_097d49eefc_o.jpg","type":"image\/jpeg"}],"twitter_card":"summary_large_image","twitter_site":"@KOSICEREGION","twitter_misc":{"Tiempo de lectura":"1 minute"},"schema":{"@context":"https:\/\/schema.org","@graph":[{"@type":"WebPage","@id":"https:\/\/www.kosiceregion.com\/hu\/news\/uzavretie-expozicii-kastiela-betliar\/","url":"https:\/\/www.kosiceregion.com\/hu\/news\/uzavretie-expozicii-kastiela-betliar\/","name":"UZAVRETIE EXPOZ\u00cdCI\u00cd KA\u0160TIE\u013dA BETLIAR - Ko\u0161ice Regi\u00f3n","isPartOf":{"@id":"https:\/\/www.kosiceregion.com\/#website"},"primaryImageOfPage":{"@id":"https:\/\/www.kosiceregion.com\/hu\/news\/uzavretie-expozicii-kastiela-betliar\/#primaryimage"},"image":{"@id":"https:\/\/www.kosiceregion.com\/hu\/news\/uzavretie-expozicii-kastiela-betliar\/#primaryimage"},"thumbnailUrl":"https:\/\/www.kosiceregion.com\/wp-content\/uploads\/2019\/05\/15197245255_097d49eefc_o.jpg","datePublished":"2016-09-08T11:33:38+00:00","dateModified":"2019-06-06T11:42:13+00:00","description":"19. september \u2013 15. december 2016 Po mimoriadne \u00faspe\u0161nej a n\u00e1ro\u010dnej sez\u00f3ne, kedy Betliar nav\u0161t\u00edvilo viac ako 60 000 n\u00e1v\u0161tevn\u00edkov si ajka\u0161tie\u013e Betliar","breadcrumb":{"@id":"https:\/\/www.kosiceregion.com\/hu\/news\/uzavretie-expozicii-kastiela-betliar\/#breadcrumb"},"inLanguage":"es-ES","potentialAction":[{"@type":"ReadAction","target":["https:\/\/www.kosiceregion.com\/hu\/news\/uzavretie-expozicii-kastiela-betliar\/"]}]},{"@type":"ImageObject","inLanguage":"es-ES","@id":"https:\/\/www.kosiceregion.com\/hu\/news\/uzavretie-expozicii-kastiela-betliar\/#primaryimage","url":"https:\/\/www.kosiceregion.com\/wp-content\/uploads\/2019\/05\/15197245255_097d49eefc_o.jpg","contentUrl":"https:\/\/www.kosiceregion.com\/wp-content\/uploads\/2019\/05\/15197245255_097d49eefc_o.jpg","width":1600,"height":900},{"@type":"BreadcrumbList","@id":"https:\/\/www.kosiceregion.com\/hu\/news\/uzavretie-expozicii-kastiela-betliar\/#breadcrumb","itemListElement":[{"@type":"ListItem","position":1,"name":"Home","item":"https:\/\/www.kosiceregion.com\/sk\/"},{"@type":"ListItem","position":2,"name":"UZAVRETIE EXPOZ\u00cdCI\u00cd KA\u0160TIE\u013dA BETLIAR"}]},{"@type":"WebSite","@id":"https:\/\/www.kosiceregion.com\/#website","url":"https:\/\/www.kosiceregion.com\/","name":"Ko\u0161ice Regi\u00f3n","description":"Turistick\u00fd sprievodca Ko\u0161ick\u00fdm krajom","publisher":{"@id":"https:\/\/www.kosiceregion.com\/#organization"},"potentialAction":[{"@type":"SearchAction","target":{"@type":"EntryPoint","urlTemplate":"https:\/\/www.kosiceregion.com\/?s={search_term_string}"},"query-input":{"@type":"PropertyValueSpecification","valueRequired":true,"valueName":"search_term_string"}}],"inLanguage":"es-ES"},{"@type":"Organization","@id":"https:\/\/www.kosiceregion.com\/#organization","name":"Ko\u0161ice Regi\u00f3n Turizmus","url":"https:\/\/www.kosiceregion.com\/","logo":{"@type":"ImageObject","inLanguage":"es-ES","@id":"https:\/\/www.kosiceregion.com\/#\/schema\/logo\/image\/","url":"https:\/\/www.kosiceregion.com\/wp-content\/uploads\/2019\/03\/logo-web-sk.png","contentUrl":"https:\/\/www.kosiceregion.com\/wp-content\/uploads\/2019\/03\/logo-web-sk.png","width":225,"height":100,"caption":"Ko\u0161ice Regi\u00f3n Turizmus"},"image":{"@id":"https:\/\/www.kosiceregion.com\/#\/schema\/logo\/image\/"},"sameAs":["https:\/\/www.facebook.com\/kosiceregion","https:\/\/x.com\/KOSICEREGION","https:\/\/www.instagram.com\/kosiceregion","https:\/\/www.youtube.com\/kosiceregion"]}]}},"_links":{"self":[{"href":"https:\/\/www.kosiceregion.com\/es\/wp-json\/wp\/v2\/news\/1083","targetHints":{"allow":["GET"]}}],"collection":[{"href":"https:\/\/www.kosiceregion.com\/es\/wp-json\/wp\/v2\/news"}],"about":[{"href":"https:\/\/www.kosiceregion.com\/es\/wp-json\/wp\/v2\/types\/news"}],"version-history":[{"count":1,"href":"https:\/\/www.kosiceregion.com\/es\/wp-json\/wp\/v2\/news\/1083\/revisions"}],"predecessor-version":[{"id":1086,"href":"https:\/\/www.kosiceregion.com\/es\/wp-json\/wp\/v2\/news\/1083\/revisions\/1086"}],"wp:featuredmedia":[{"embeddable":true,"href":"https:\/\/www.kosiceregion.com\/es\/wp-json\/wp\/v2\/media\/1085"}],"wp:attachment":[{"href":"https:\/\/www.kosiceregion.com\/es\/wp-json\/wp\/v2\/media?parent=1083"}],"wp:term":[{"taxonomy":"post_tag","embeddable":true,"href":"https:\/\/www.kosiceregion.com\/es\/wp-json\/wp\/v2\/tags?post=1083"}],"curies":[{"name":"wp","href":"https:\/\/api.w.org\/{rel}","templated":true}]}}