{"id":11517,"date":"2023-10-06T11:54:12","date_gmt":"2023-10-06T09:54:12","guid":{"rendered":"https:\/\/www.kosiceregion.com\/sk\/?p=11517"},"modified":"2023-10-06T11:58:41","modified_gmt":"2023-10-06T09:58:41","slug":"","status":"publish","type":"post","link":"https:\/\/www.kosiceregion.com\/es\/umenie-na-mieste-x-cas-na-oblohe\/","title":{"rendered":"","raw":""},"content":{"rendered":"","protected":false,"raw":""},"excerpt":{"rendered":"","protected":false,"raw":""},"author":15,"featured_media":11520,"comment_status":"closed","ping_status":"closed","sticky":false,"template":"","format":"standard","meta":{"_acf_changed":false,"_sk_post_content":"<!-- wp:heading {\"level\":3} -->\n<h3 class=\"wp-block-heading\">Ambas\u00e1dori Kraja sveta: Na cest\u00e1ch s Nikou<\/h3>\n<!-- \/wp:heading -->\n\n<!-- wp:paragraph -->\n<p>V\u017edy ma l\u00e1kali miesta, kde ma \u010dak\u00e1 nejak\u00e9 prekvapenie. Nie\u010do, \u010do na danej trase ne\u010dak\u00e1m. Taktie\u017e ma vie milo prekvapi\u0165, ke\u010f na m\u0148a vykukne umeleck\u00e9 dielo mimo priestoru, kde ho zvy\u010dajne o\u010dak\u00e1vam ako je napr\u00edklad gal\u00e9ria. Tento rok ma prenasledovali reklamy a vide\u00e1, poukazuj\u00face na UMENIE NA MIESTE X. Hovorili, \u017ee ide o umenie, ktor\u00e9 prep\u00e1ja pr\u00edrodu s\u00a0\u010dlovekom. A tak som sa rozhodla nav\u0161t\u00edvi\u0165 prv\u00e9 a vyrazila som na miesto X - do Herlian. <\/p>\n<!-- \/wp:paragraph -->\n\n<!-- wp:paragraph -->\n<p><\/p>\n<!-- \/wp:paragraph -->\n\n<!-- wp:image {\"id\":11518,\"sizeSlug\":\"large\",\"linkDestination\":\"none\"} -->\n<figure class=\"wp-block-image size-large\"><img src=\"https:\/\/www.kosiceregion.com\/wp-content\/uploads\/2023\/10\/fotka-1-651x1024.jpg\" alt=\"\" class=\"wp-image-11518\"\/><\/figure>\n<!-- \/wp:image -->\n\n<!-- wp:heading -->\n<h2 class=\"wp-block-heading\"> Inform\u00e1cie o trase a lokalite <\/h2>\n<!-- \/wp:heading -->\n\n<!-- wp:tadv\/classic-paragraph -->\n<table class=\" aligncenter\" style=\"height: 409px; width: 72.8588%; border-collapse: collapse;\">\n<tbody>\n<tr style=\"height: 216px;\">\n<td style=\"width: 23.8562%; height: 210px;\"><img class=\"size-full wp-image-5997 aligncenter\" src=\"https:\/\/www.kosiceregion.com\/wp-content\/uploads\/2021\/05\/Icon_black__kids.png\" alt=\"\" width=\"35\" height=\"35\" \/><\/td>\n<td style=\"width: 23.8562%; height: 210px;\">\n<p><strong>Vhodn\u00e9 pre deti<\/strong><\/p>\n<p>\u00c1NO<\/p>\n<\/td>\n<td style=\"width: 24.6732%; height: 210px;\"><img class=\"size-full wp-image-5998 aligncenter\" src=\"https:\/\/www.kosiceregion.com\/wp-content\/uploads\/2021\/05\/Icon_black__route.png\" alt=\"\" width=\"35\" height=\"35\" \/><\/td>\n<td style=\"width: 27.2876%; height: 210px;\">\n<p><strong>Zna\u010den\u00e1 trasa <\/strong><\/p>\n<p>\u00c1NO<\/p>\n<\/td>\n<\/tr>\n<tr style=\"height: 216px;\">\n<td style=\"width: 23.8562%; height: 199px;\"><img class=\"size-full wp-image-5999 aligncenter\" src=\"https:\/\/www.kosiceregion.com\/wp-content\/uploads\/2021\/05\/Icon_black__food.png\" alt=\"\" width=\"35\" height=\"35\" \/><\/td>\n<td style=\"width: 23.8562%; height: 199px;\">\n<p><strong>Stravovacie zariadenie<\/strong><\/p>\n<p>\u00c1NO<\/p>\n<\/td>\n<td style=\"width: 24.6732%; height: 199px;\"><img class=\"size-full wp-image-6000 aligncenter\" src=\"https:\/\/www.kosiceregion.com\/wp-content\/uploads\/2021\/05\/Icon_black__challenging.png\" alt=\"\" width=\"35\" height=\"35\" \/><\/td>\n<td style=\"width: 27.2876%; height: 199px;\">\n<p><strong>N\u00e1ro\u010dnos\u0165 trasy<\/strong><\/p>\n<p style=\"text-align: left;\">\u013dAHK\u00c1<\/p>\n<\/td>\n<\/tr>\n<\/tbody>\n<\/table>\n<!-- \/wp:tadv\/classic-paragraph -->\n\n<!-- wp:spacer {\"height\":\"33px\"} -->\n<div style=\"height:33px\" aria-hidden=\"true\" class=\"wp-block-spacer\"><\/div>\n<!-- \/wp:spacer -->\n\n<!-- wp:paragraph -->\n<p>Obec je zn\u00e1ma u\u017e t\u00fdm, \u017ee sa tu nach\u00e1dza\u00a0 <strong>Herliansky gejz\u00edr.<\/strong>\u00a0Je to vz\u00e1cny studen\u00fd\u00a0<a href=\"https:\/\/sk.wikipedia.org\/wiki\/Gejz%C3%ADr\">gejz\u00edr<\/a>. Moment\u00e1lne je okrem neho akt\u00edvny e\u0161te studen\u00fd gejz\u00edr v nemeckom Andernachu, na Ukrajine a \u010fal\u0161ie podobn\u00e9 gejz\u00edry s\u00fa na Islande.<\/p>\n<!-- \/wp:paragraph -->\n\n<!-- wp:paragraph -->\n<p>Od parkoviska ma \u010dakala kr\u00e1sna, aj ke\u010f kr\u00e1tka prech\u00e1dzka cez\u00a0park. V\u00a0parku si m\u00f4\u017eete odpo\u010din\u00fa\u0165 a\u00a0po\u010das \u010dakania na \u010fal\u0161iu erupciu ur\u010dite odpor\u00fa\u010dam pozrie\u0165 umenie, ktor\u00e9ho autorom je Samuel Velebn\u00fd. Jedn\u00e1 sa o\u00a0slne\u010dn\u00e9 hodiny.\u00a0<\/p>\n<!-- \/wp:paragraph -->\n\n<!-- wp:image {\"id\":11519,\"sizeSlug\":\"large\",\"linkDestination\":\"none\"} -->\n<figure class=\"wp-block-image size-large\"><img src=\"https:\/\/www.kosiceregion.com\/wp-content\/uploads\/2023\/10\/fotka-2-1024x768.jpg\" alt=\"\" class=\"wp-image-11519\"\/><\/figure>\n<!-- \/wp:image -->\n\n<!-- wp:quote -->\n<blockquote class=\"wp-block-quote\"><!-- wp:heading {\"level\":3} -->\n<h3 class=\"wp-block-heading\">ZA \u010cASOM NA OBLOHE<\/h3>\n<!-- \/wp:heading -->\n\n<!-- wp:paragraph -->\n<p>Aj napriek tomu, \u017ee moj\u00edm cie\u013eom bol v prvom rade gejz\u00edr, rozhodla som sa n\u00e1js\u0165 spom\u00ednan\u00e9 dielo na mieste X. Pr\u00edjemne ma prekvapila navig\u00e1cia, v\u010faka \u010domu som unik\u00e1tne slne\u010dn\u00e9 hodiny ve\u013emi jednoducho na\u0161la, a to aj napriek, tomu, \u017ee boli usaden\u00e9 v tr\u00e1ve. <\/p>\n<!-- \/wp:paragraph -->\n\n<!-- wp:image {\"id\":11520,\"sizeSlug\":\"large\",\"linkDestination\":\"none\"} -->\n<figure class=\"wp-block-image size-large\"><img src=\"https:\/\/www.kosiceregion.com\/wp-content\/uploads\/2023\/10\/fotka-3-1024x768.jpg\" alt=\"\" class=\"wp-image-11520\"\/><\/figure>\n<!-- \/wp:image --><\/blockquote>\n<!-- \/wp:quote -->\n\n<!-- wp:paragraph -->\n<p>Pr\u00edrodn\u00fd \u00fakaz aktivovan\u00fd \u013eudskou \u010dinnos\u0165ou ako je aj gejz\u00edr, tak na takom istom princ\u00edpe s\u00fa zalo\u017een\u00e9 aj tzv. analematick\u00e9 slne\u010dn\u00e9 hodiny. Konkr\u00e9tny \u010das vych\u00e1dza z postavenia nebesk\u00fdch telies, no z\u00e1rove\u0148 sa d\u00e1 de\u0161ifrova\u0165 a\u017e s pr\u00edchodom \u010dloveka. Pri tom, ako som pozorovala dielo, zamyslela som sa nad plynut\u00edm \u010dasu .\u00a0<\/p>\n<!-- \/wp:paragraph -->\n\n<!-- wp:paragraph -->\n<p>Spomenula som si aj na cit\u00e1t od Steva Jobsa:<\/p>\n<!-- \/wp:paragraph -->\n\n<!-- wp:quote -->\n<blockquote class=\"wp-block-quote\"><!-- wp:paragraph -->\n<p><strong>,,Je celkom jasn\u00e9, \u017ee na\u0161\u00edm najcennej\u0161\u00edm zdrojom je \u010das.\u201c<\/strong><\/p>\n<!-- \/wp:paragraph --><\/blockquote>\n<!-- \/wp:quote -->\n\n<!-- wp:paragraph -->\n<p>Pravdepodobne som bola jednou z m\u00e1la, kto do Herlian pri\u0161la kv\u00f4li gejz\u00edru a svoj cie\u013e nakoniec zmenila. Tieto hodiny maj\u00fa nie\u010do v sebe. Okrem toho, \u017ee ukazuj\u00fa \u010das, d\u00e1vaj\u00fa v\u00e1m priestor na zohriatie sa. Viete si na ne sadn\u00fa\u0165, dokonca aj \u013eahn\u00fa\u0165. Viem si predstavi\u0165, \u017ee po\u010das jesenn\u00fdch dn\u00ed, kedy s\u00fa teploty ni\u017e\u0161ie, sa kame\u0148 pr\u00edjemne nahreje a vy sa na \u0148om m\u00f4\u017eete zohrieva\u0165 ako ja\u0161terica. Mil\u00e1 predstava. <\/p>\n<!-- \/wp:paragraph -->\n\n<!-- wp:paragraph -->\n<p>Zaujala ma aj jamka, ktor\u00e1 je s\u00fa\u010das\u0165ou ruky, a p\u00fdtala som sa sama seba, \u017ee pre\u010do tam je.. A u\u017e viem! Na tabuli, ktor\u00e1 ozna\u010duje umenie je nielen op\u00edsan\u00e9 dielo, ale aj QR k\u00f3d, ktor\u00fd ke\u010f som si na\u010d\u00edtala ozval sa hlas. Ten mi vyrozpr\u00e1val viac ako je na tabuli nap\u00edsan\u00e9 a taktie\u017e som sa dozvedela, \u017ee spom\u00ednan\u00e1 jamka m\u00e1 funkciu drobnej cisterny, ktor\u00e1 zadr\u017eiava vodu, ktor\u00e1 pri\u0165ahuje a produkuje \u017eivot. <\/p>\n<!-- \/wp:paragraph -->\n\n<!-- wp:paragraph -->\n<p><\/p>\n<!-- \/wp:paragraph -->\n\n<!-- wp:gallery {\"linkTo\":\"none\"} -->\n<figure class=\"wp-block-gallery has-nested-images columns-default is-cropped\"><!-- wp:image {\"id\":11521,\"sizeSlug\":\"large\",\"linkDestination\":\"none\"} -->\n<figure class=\"wp-block-image size-large\"><img src=\"https:\/\/www.kosiceregion.com\/wp-content\/uploads\/2023\/10\/fotka-5-958x1024.jpg\" alt=\"\" class=\"wp-image-11521\"\/><\/figure>\n<!-- \/wp:image -->\n\n<!-- wp:image {\"id\":11522,\"sizeSlug\":\"large\",\"linkDestination\":\"none\"} -->\n<figure class=\"wp-block-image size-large\"><img src=\"https:\/\/www.kosiceregion.com\/wp-content\/uploads\/2023\/10\/fotka-4-1024x768.jpg\" alt=\"\" class=\"wp-image-11522\"\/><\/figure>\n<!-- \/wp:image --><\/figure>\n<!-- \/wp:gallery -->\n\n<!-- wp:paragraph -->\n<p>Pri diele som c\u00edtila du\u0161evn\u00fd pokoj, ktor\u00fd som potrebovala popri ru\u0161n\u00fdch pracovn\u00fdch d\u0148och, preto u\u017e teraz viem, \u017ee k\u00a0dielu sa e\u0161te vr\u00e1tim, aby som nabrala silu a\u00a0energiu pre \u010fal\u0161ie dni.\u00a0<\/p>\n<!-- \/wp:paragraph -->\n\n<!-- wp:paragraph -->\n<p>Ur\u010dite odpor\u00fa\u010dam pozrie\u0165 kr\u00e1tke video od autora, ktor\u00e9 n\u00e1jdete v&nbsp;tomto linku: <a href=\"https:\/\/www.youtube.com\/watch?v=kE3V84YWnJI\">https:\/\/www.youtube.com\/watch?v=kE3V84YWnJI<\/a> .&nbsp;<\/p>\n<!-- \/wp:paragraph -->\n\n<!-- wp:paragraph -->\n<p><\/p>\n<!-- \/wp:paragraph -->\n\n<!-- wp:heading {\"level\":3} -->\n<h3 class=\"wp-block-heading\"> Inform\u00e1cie o trase a lokalite <\/h3>\n<!-- \/wp:heading -->\n\n<!-- wp:tadv\/classic-paragraph -->\n<p>\u00a0<\/p>\n<table class=\" aligncenter\" style=\"height: 409px; width: 72.8588%; border-collapse: collapse;\">\n<tbody>\n<tr style=\"height: 216px;\">\n<td style=\"width: 20%; height: 210px;\"><img class=\"aligncenter\" src=\"https:\/\/www.kosiceregion.com\/wp-content\/uploads\/2021\/05\/Icon_black__parking.png\" alt=\"\" width=\"35\" height=\"35\" \/><\/td>\n<td style=\"width: 20%; height: 210px;\">\n<p><strong>Parkovanie<\/strong><\/p>\n<p>\u00c1NO\u00a0<\/p>\n<\/td>\n<td style=\"width: 20.5727%; height: 210px;\"><img class=\"aligncenter\" src=\"https:\/\/www.kosiceregion.com\/wp-content\/uploads\/2021\/05\/Icon_black__bus.png\" alt=\"\" width=\"35\" height=\"35\" \/><\/td>\n<td style=\"width: 22.9886%; height: 210px;\">\n<p><strong>Autobusov\u00e1 zast\u00e1vka<\/strong><\/p>\n<p>\u00c1NO<\/p>\n<\/td>\n<\/tr>\n<\/tbody>\n<\/table>\n<p>\u00a0<\/p>\n<!-- \/wp:tadv\/classic-paragraph -->\n\n<!-- wp:shortcode -->\nK\u00f3d mapy : <iframe style=\"border:none\" src=\"https:\/\/sk.frame.mapy.cz\/s\/hagebokulu\" width=\"100%\" height=\"280\" frameborder=\"0\"><\/iframe>\n<!-- \/wp:shortcode -->\n\n<!-- wp:paragraph -->\n<p><\/p>\n<!-- \/wp:paragraph -->\n\n<!-- wp:image {\"id\":11509,\"sizeSlug\":\"large\",\"linkDestination\":\"none\"} -->\n<figure class=\"wp-block-image size-large\"><img src=\"https:\/\/www.kosiceregion.com\/wp-content\/uploads\/2023\/09\/Obrazok1-1-1024x467.jpg\" alt=\"\" class=\"wp-image-11509\"\/><\/figure>\n<!-- \/wp:image -->","_sk_post_name":"umenie-na-mieste-x-cas-na-oblohe","_sk_post_excerpt":"","_sk_post_title":"Umenie na mieste X - \u010cas na oblohe","_en_post_content":"","_en_post_name":"","_en_post_excerpt":"","_en_post_title":"","_hu_post_content":"","_hu_post_name":"","_hu_post_excerpt":"","_hu_post_title":"","_es_post_content":"","_es_post_name":"","_es_post_excerpt":"","_es_post_title":"","_de_post_content":"","_de_post_name":"","_de_post_excerpt":"","_de_post_title":"","_pl_post_content":"","_pl_post_name":"","_pl_post_excerpt":"","_pl_post_title":"","_it_post_content":"","_it_post_name":"","_it_post_excerpt":"","_it_post_title":"","edit_language":"es","footnotes":""},"categories":[22,17],"tags":[],"class_list":["post-11517","post","type-post","status-publish","format-standard","has-post-thumbnail","hentry","category-get-inspired","category-top"],"acf":[],"yoast_head":"<!-- This site is optimized with the Yoast SEO Premium plugin v25.5 (Yoast SEO v27.4) - https:\/\/yoast.com\/product\/yoast-seo-premium-wordpress\/ -->\n<title>Ko\u0161ice Regi\u00f3n<\/title>\n<meta name=\"description\" content=\"Ambas\u00e1dori Kraja sveta: Na cest\u00e1ch s Nikou\n\n\n\nV\u017edy ma l\u00e1kali miesta, kde ma \u010dak\u00e1 nejak\u00e9 prekvapenie. Nie\u010do, \u010do na danej trase ne\u010dak\u00e1m. Taktie\u017e ma vie milo prekvapi\u0165, ke\u010f na m\u0148a vykukne umeleck\u00e9 dielo mimo priestoru, kde ho\u2026\" \/>\n<meta name=\"robots\" content=\"index, follow, max-snippet:-1, max-image-preview:large, max-video-preview:-1\" \/>\n<link rel=\"canonical\" href=\"https:\/\/www.kosiceregion.com\/sk\/umenie-na-mieste-x-cas-na-oblohe\/\" \/>\n<meta property=\"og:locale\" content=\"es_ES\" \/>\n<meta property=\"og:type\" content=\"article\" \/>\n<meta property=\"og:title\" content=\"Umenie na mieste X - \u010cas na oblohe\" \/>\n<meta property=\"og:description\" content=\"V\u017edy ma l\u00e1kali miesta, kde ma \u010dak\u00e1 nejak\u00e9 prekvapenie. Taktie\u017e ma vie milo prekvapi\u0165, ke\u010f na m\u0148a vykukne umenie na mieste X\" \/>\n<meta property=\"og:url\" content=\"https:\/\/www.kosiceregion.com\/es\/wp-json\/wp\/v2\/posts\/11517\" \/>\n<meta property=\"og:site_name\" content=\"Ko\u0161ice Regi\u00f3n\" \/>\n<meta property=\"article:publisher\" content=\"https:\/\/www.facebook.com\/kosiceregion\" \/>\n<meta property=\"article:published_time\" content=\"2023-10-06T09:54:12+00:00\" \/>\n<meta property=\"article:modified_time\" content=\"2023-10-06T09:58:41+00:00\" \/>\n<meta property=\"og:image\" content=\"https:\/\/www.kosiceregion.com\/wp-content\/uploads\/2023\/10\/Haravara-pribehove-ilustracie-FB-18.jpg\" \/>\n\t<meta property=\"og:image:width\" content=\"1200\" \/>\n\t<meta property=\"og:image:height\" content=\"628\" \/>\n\t<meta property=\"og:image:type\" content=\"image\/jpeg\" \/>\n<meta name=\"author\" content=\"Paula Buliakov\u00e1 Tegelhof\" \/>\n<meta name=\"twitter:card\" content=\"summary_large_image\" \/>\n<meta name=\"twitter:title\" content=\"Umenie na mieste X - \u010cas na oblohe\" \/>\n<meta name=\"twitter:creator\" content=\"@KOSICEREGION\" \/>\n<meta name=\"twitter:site\" content=\"@KOSICEREGION\" \/>\n<meta name=\"twitter:label1\" content=\"Escrito por\" \/>\n\t<meta name=\"twitter:data1\" content=\"Paula Buliakov\u00e1 Tegelhof\" \/>\n\t<meta name=\"twitter:label2\" content=\"Tiempo de lectura\" \/>\n\t<meta name=\"twitter:data2\" content=\"5 minutes\" \/>\n<script type=\"application\/ld+json\" class=\"yoast-schema-graph\">{\"@context\":\"https:\\\/\\\/schema.org\",\"@graph\":[{\"@type\":\"Article\",\"@id\":\"https:\\\/\\\/www.kosiceregion.com\\\/sk\\\/umenie-na-mieste-x-cas-na-oblohe\\\/#article\",\"isPartOf\":{\"@id\":\"https:\\\/\\\/www.kosiceregion.com\\\/sk\\\/umenie-na-mieste-x-cas-na-oblohe\\\/\"},\"author\":{\"name\":\"Paula Buliakov\u00e1 Tegelhof\",\"@id\":\"https:\\\/\\\/www.kosiceregion.com\\\/#\\\/schema\\\/person\\\/f58f7c5f26e77a35dc3bf96d432dbd05\"},\"headline\":\"Umenie na mieste X &#8211; \u010cas na oblohe\",\"datePublished\":\"2023-10-06T09:54:12+00:00\",\"dateModified\":\"2023-10-06T09:58:41+00:00\",\"mainEntityOfPage\":{\"@id\":\"https:\\\/\\\/www.kosiceregion.com\\\/sk\\\/umenie-na-mieste-x-cas-na-oblohe\\\/\"},\"wordCount\":616,\"publisher\":{\"@id\":\"https:\\\/\\\/www.kosiceregion.com\\\/#organization\"},\"image\":{\"@id\":\"https:\\\/\\\/www.kosiceregion.com\\\/sk\\\/umenie-na-mieste-x-cas-na-oblohe\\\/#primaryimage\"},\"thumbnailUrl\":\"https:\\\/\\\/www.kosiceregion.com\\\/wp-content\\\/uploads\\\/2023\\\/10\\\/fotka-3-scaled.jpg\",\"articleSection\":[\"In\u0161piruj sa\",\"Top\"],\"inLanguage\":\"es-ES\"},{\"@type\":\"WebPage\",\"@id\":\"https:\\\/\\\/www.kosiceregion.com\\\/sk\\\/umenie-na-mieste-x-cas-na-oblohe\\\/\",\"url\":\"https:\\\/\\\/www.kosiceregion.com\\\/sk\\\/umenie-na-mieste-x-cas-na-oblohe\\\/\",\"name\":\"Umenie na mieste X - \u010cas na oblohe - Ko\u0161ice Regi\u00f3n\",\"isPartOf\":{\"@id\":\"https:\\\/\\\/www.kosiceregion.com\\\/#website\"},\"primaryImageOfPage\":{\"@id\":\"https:\\\/\\\/www.kosiceregion.com\\\/sk\\\/umenie-na-mieste-x-cas-na-oblohe\\\/#primaryimage\"},\"image\":{\"@id\":\"https:\\\/\\\/www.kosiceregion.com\\\/sk\\\/umenie-na-mieste-x-cas-na-oblohe\\\/#primaryimage\"},\"thumbnailUrl\":\"https:\\\/\\\/www.kosiceregion.com\\\/wp-content\\\/uploads\\\/2023\\\/10\\\/fotka-3-scaled.jpg\",\"datePublished\":\"2023-10-06T09:54:12+00:00\",\"dateModified\":\"2023-10-06T09:58:41+00:00\",\"description\":\"V\u017edy ma l\u00e1kali miesta, kde ma \u010dak\u00e1 nejak\u00e9 prekvapenie. Taktie\u017e ma vie milo prekvapi\u0165, ke\u010f na m\u0148a vykukne umenie na mieste X\",\"breadcrumb\":{\"@id\":\"https:\\\/\\\/www.kosiceregion.com\\\/sk\\\/umenie-na-mieste-x-cas-na-oblohe\\\/#breadcrumb\"},\"inLanguage\":\"es-ES\",\"potentialAction\":[{\"@type\":\"ReadAction\",\"target\":[\"https:\\\/\\\/www.kosiceregion.com\\\/sk\\\/umenie-na-mieste-x-cas-na-oblohe\\\/\"]}]},{\"@type\":\"ImageObject\",\"inLanguage\":\"es-ES\",\"@id\":\"https:\\\/\\\/www.kosiceregion.com\\\/sk\\\/umenie-na-mieste-x-cas-na-oblohe\\\/#primaryimage\",\"url\":\"https:\\\/\\\/www.kosiceregion.com\\\/wp-content\\\/uploads\\\/2023\\\/10\\\/fotka-3-scaled.jpg\",\"contentUrl\":\"https:\\\/\\\/www.kosiceregion.com\\\/wp-content\\\/uploads\\\/2023\\\/10\\\/fotka-3-scaled.jpg\",\"width\":2560,\"height\":1920},{\"@type\":\"BreadcrumbList\",\"@id\":\"https:\\\/\\\/www.kosiceregion.com\\\/sk\\\/umenie-na-mieste-x-cas-na-oblohe\\\/#breadcrumb\",\"itemListElement\":[{\"@type\":\"ListItem\",\"position\":1,\"name\":\"Home\",\"item\":\"https:\\\/\\\/www.kosiceregion.com\\\/sk\\\/\"},{\"@type\":\"ListItem\",\"position\":2,\"name\":\"Umenie na mieste X &#8211; \u010cas na oblohe\"}]},{\"@type\":\"WebSite\",\"@id\":\"https:\\\/\\\/www.kosiceregion.com\\\/#website\",\"url\":\"https:\\\/\\\/www.kosiceregion.com\\\/\",\"name\":\"Ko\u0161ice Regi\u00f3n\",\"description\":\"Turistick\u00fd sprievodca Ko\u0161ick\u00fdm krajom\",\"publisher\":{\"@id\":\"https:\\\/\\\/www.kosiceregion.com\\\/#organization\"},\"potentialAction\":[{\"@type\":\"SearchAction\",\"target\":{\"@type\":\"EntryPoint\",\"urlTemplate\":\"https:\\\/\\\/www.kosiceregion.com\\\/?s={search_term_string}\"},\"query-input\":{\"@type\":\"PropertyValueSpecification\",\"valueRequired\":true,\"valueName\":\"search_term_string\"}}],\"inLanguage\":\"es-ES\"},{\"@type\":\"Organization\",\"@id\":\"https:\\\/\\\/www.kosiceregion.com\\\/#organization\",\"name\":\"Ko\u0161ice Regi\u00f3n Turizmus\",\"url\":\"https:\\\/\\\/www.kosiceregion.com\\\/\",\"logo\":{\"@type\":\"ImageObject\",\"inLanguage\":\"es-ES\",\"@id\":\"https:\\\/\\\/www.kosiceregion.com\\\/#\\\/schema\\\/logo\\\/image\\\/\",\"url\":\"https:\\\/\\\/www.kosiceregion.com\\\/wp-content\\\/uploads\\\/2019\\\/03\\\/logo-web-sk.png\",\"contentUrl\":\"https:\\\/\\\/www.kosiceregion.com\\\/wp-content\\\/uploads\\\/2019\\\/03\\\/logo-web-sk.png\",\"width\":225,\"height\":100,\"caption\":\"Ko\u0161ice Regi\u00f3n Turizmus\"},\"image\":{\"@id\":\"https:\\\/\\\/www.kosiceregion.com\\\/#\\\/schema\\\/logo\\\/image\\\/\"},\"sameAs\":[\"https:\\\/\\\/www.facebook.com\\\/kosiceregion\",\"https:\\\/\\\/x.com\\\/KOSICEREGION\",\"https:\\\/\\\/www.instagram.com\\\/kosiceregion\",\"https:\\\/\\\/www.youtube.com\\\/kosiceregion\"]},{\"@type\":\"Person\",\"@id\":\"https:\\\/\\\/www.kosiceregion.com\\\/#\\\/schema\\\/person\\\/f58f7c5f26e77a35dc3bf96d432dbd05\",\"name\":\"Paula Buliakov\u00e1 Tegelhof\",\"image\":{\"@type\":\"ImageObject\",\"inLanguage\":\"es-ES\",\"@id\":\"https:\\\/\\\/secure.gravatar.com\\\/avatar\\\/efa6a57b2e4fd9b6fdaf15acbda66a000ef0b3e50800a76a64602b268b90db7f?s=96&d=mm&r=g\",\"url\":\"https:\\\/\\\/secure.gravatar.com\\\/avatar\\\/efa6a57b2e4fd9b6fdaf15acbda66a000ef0b3e50800a76a64602b268b90db7f?s=96&d=mm&r=g\",\"contentUrl\":\"https:\\\/\\\/secure.gravatar.com\\\/avatar\\\/efa6a57b2e4fd9b6fdaf15acbda66a000ef0b3e50800a76a64602b268b90db7f?s=96&d=mm&r=g\",\"caption\":\"Paula Buliakov\u00e1 Tegelhof\"}}]}<\/script>\n<!-- \/ Yoast SEO Premium plugin. -->","yoast_head_json":{"title":"Ko\u0161ice Regi\u00f3n","description":"Ambas\u00e1dori Kraja sveta: Na cest\u00e1ch s Nikou\n\n\n\nV\u017edy ma l\u00e1kali miesta, kde ma \u010dak\u00e1 nejak\u00e9 prekvapenie. Nie\u010do, \u010do na danej trase ne\u010dak\u00e1m. Taktie\u017e ma vie milo prekvapi\u0165, ke\u010f na m\u0148a vykukne umeleck\u00e9 dielo mimo priestoru, kde ho\u2026","robots":{"index":"index","follow":"follow","max-snippet":"max-snippet:-1","max-image-preview":"max-image-preview:large","max-video-preview":"max-video-preview:-1"},"canonical":"https:\/\/www.kosiceregion.com\/sk\/umenie-na-mieste-x-cas-na-oblohe\/","og_locale":"es_ES","og_type":"article","og_title":"Umenie na mieste X - \u010cas na oblohe","og_description":"V\u017edy ma l\u00e1kali miesta, kde ma \u010dak\u00e1 nejak\u00e9 prekvapenie. Taktie\u017e ma vie milo prekvapi\u0165, ke\u010f na m\u0148a vykukne umenie na mieste X","og_url":"https:\/\/www.kosiceregion.com\/es\/wp-json\/wp\/v2\/posts\/11517","og_site_name":"Ko\u0161ice Regi\u00f3n","article_publisher":"https:\/\/www.facebook.com\/kosiceregion","article_published_time":"2023-10-06T09:54:12+00:00","article_modified_time":"2023-10-06T09:58:41+00:00","og_image":[{"width":1200,"height":628,"url":"https:\/\/www.kosiceregion.com\/wp-content\/uploads\/2023\/10\/Haravara-pribehove-ilustracie-FB-18.jpg","type":"image\/jpeg"}],"author":"Paula Buliakov\u00e1 Tegelhof","twitter_card":"summary_large_image","twitter_title":"Umenie na mieste X - \u010cas na oblohe","twitter_creator":"@KOSICEREGION","twitter_site":"@KOSICEREGION","twitter_misc":{"Escrito por":"Paula Buliakov\u00e1 Tegelhof","Tiempo de lectura":"5 minutes"},"schema":{"@context":"https:\/\/schema.org","@graph":[{"@type":"Article","@id":"https:\/\/www.kosiceregion.com\/sk\/umenie-na-mieste-x-cas-na-oblohe\/#article","isPartOf":{"@id":"https:\/\/www.kosiceregion.com\/sk\/umenie-na-mieste-x-cas-na-oblohe\/"},"author":{"name":"Paula Buliakov\u00e1 Tegelhof","@id":"https:\/\/www.kosiceregion.com\/#\/schema\/person\/f58f7c5f26e77a35dc3bf96d432dbd05"},"headline":"Umenie na mieste X &#8211; \u010cas na oblohe","datePublished":"2023-10-06T09:54:12+00:00","dateModified":"2023-10-06T09:58:41+00:00","mainEntityOfPage":{"@id":"https:\/\/www.kosiceregion.com\/sk\/umenie-na-mieste-x-cas-na-oblohe\/"},"wordCount":616,"publisher":{"@id":"https:\/\/www.kosiceregion.com\/#organization"},"image":{"@id":"https:\/\/www.kosiceregion.com\/sk\/umenie-na-mieste-x-cas-na-oblohe\/#primaryimage"},"thumbnailUrl":"https:\/\/www.kosiceregion.com\/wp-content\/uploads\/2023\/10\/fotka-3-scaled.jpg","articleSection":["In\u0161piruj sa","Top"],"inLanguage":"es-ES"},{"@type":"WebPage","@id":"https:\/\/www.kosiceregion.com\/sk\/umenie-na-mieste-x-cas-na-oblohe\/","url":"https:\/\/www.kosiceregion.com\/sk\/umenie-na-mieste-x-cas-na-oblohe\/","name":"Umenie na mieste X - \u010cas na oblohe - Ko\u0161ice Regi\u00f3n","isPartOf":{"@id":"https:\/\/www.kosiceregion.com\/#website"},"primaryImageOfPage":{"@id":"https:\/\/www.kosiceregion.com\/sk\/umenie-na-mieste-x-cas-na-oblohe\/#primaryimage"},"image":{"@id":"https:\/\/www.kosiceregion.com\/sk\/umenie-na-mieste-x-cas-na-oblohe\/#primaryimage"},"thumbnailUrl":"https:\/\/www.kosiceregion.com\/wp-content\/uploads\/2023\/10\/fotka-3-scaled.jpg","datePublished":"2023-10-06T09:54:12+00:00","dateModified":"2023-10-06T09:58:41+00:00","description":"V\u017edy ma l\u00e1kali miesta, kde ma \u010dak\u00e1 nejak\u00e9 prekvapenie. Taktie\u017e ma vie milo prekvapi\u0165, ke\u010f na m\u0148a vykukne umenie na mieste X","breadcrumb":{"@id":"https:\/\/www.kosiceregion.com\/sk\/umenie-na-mieste-x-cas-na-oblohe\/#breadcrumb"},"inLanguage":"es-ES","potentialAction":[{"@type":"ReadAction","target":["https:\/\/www.kosiceregion.com\/sk\/umenie-na-mieste-x-cas-na-oblohe\/"]}]},{"@type":"ImageObject","inLanguage":"es-ES","@id":"https:\/\/www.kosiceregion.com\/sk\/umenie-na-mieste-x-cas-na-oblohe\/#primaryimage","url":"https:\/\/www.kosiceregion.com\/wp-content\/uploads\/2023\/10\/fotka-3-scaled.jpg","contentUrl":"https:\/\/www.kosiceregion.com\/wp-content\/uploads\/2023\/10\/fotka-3-scaled.jpg","width":2560,"height":1920},{"@type":"BreadcrumbList","@id":"https:\/\/www.kosiceregion.com\/sk\/umenie-na-mieste-x-cas-na-oblohe\/#breadcrumb","itemListElement":[{"@type":"ListItem","position":1,"name":"Home","item":"https:\/\/www.kosiceregion.com\/sk\/"},{"@type":"ListItem","position":2,"name":"Umenie na mieste X &#8211; \u010cas na oblohe"}]},{"@type":"WebSite","@id":"https:\/\/www.kosiceregion.com\/#website","url":"https:\/\/www.kosiceregion.com\/","name":"Ko\u0161ice Regi\u00f3n","description":"Turistick\u00fd sprievodca Ko\u0161ick\u00fdm krajom","publisher":{"@id":"https:\/\/www.kosiceregion.com\/#organization"},"potentialAction":[{"@type":"SearchAction","target":{"@type":"EntryPoint","urlTemplate":"https:\/\/www.kosiceregion.com\/?s={search_term_string}"},"query-input":{"@type":"PropertyValueSpecification","valueRequired":true,"valueName":"search_term_string"}}],"inLanguage":"es-ES"},{"@type":"Organization","@id":"https:\/\/www.kosiceregion.com\/#organization","name":"Ko\u0161ice Regi\u00f3n Turizmus","url":"https:\/\/www.kosiceregion.com\/","logo":{"@type":"ImageObject","inLanguage":"es-ES","@id":"https:\/\/www.kosiceregion.com\/#\/schema\/logo\/image\/","url":"https:\/\/www.kosiceregion.com\/wp-content\/uploads\/2019\/03\/logo-web-sk.png","contentUrl":"https:\/\/www.kosiceregion.com\/wp-content\/uploads\/2019\/03\/logo-web-sk.png","width":225,"height":100,"caption":"Ko\u0161ice Regi\u00f3n Turizmus"},"image":{"@id":"https:\/\/www.kosiceregion.com\/#\/schema\/logo\/image\/"},"sameAs":["https:\/\/www.facebook.com\/kosiceregion","https:\/\/x.com\/KOSICEREGION","https:\/\/www.instagram.com\/kosiceregion","https:\/\/www.youtube.com\/kosiceregion"]},{"@type":"Person","@id":"https:\/\/www.kosiceregion.com\/#\/schema\/person\/f58f7c5f26e77a35dc3bf96d432dbd05","name":"Paula Buliakov\u00e1 Tegelhof","image":{"@type":"ImageObject","inLanguage":"es-ES","@id":"https:\/\/secure.gravatar.com\/avatar\/efa6a57b2e4fd9b6fdaf15acbda66a000ef0b3e50800a76a64602b268b90db7f?s=96&d=mm&r=g","url":"https:\/\/secure.gravatar.com\/avatar\/efa6a57b2e4fd9b6fdaf15acbda66a000ef0b3e50800a76a64602b268b90db7f?s=96&d=mm&r=g","contentUrl":"https:\/\/secure.gravatar.com\/avatar\/efa6a57b2e4fd9b6fdaf15acbda66a000ef0b3e50800a76a64602b268b90db7f?s=96&d=mm&r=g","caption":"Paula Buliakov\u00e1 Tegelhof"}}]}},"_links":{"self":[{"href":"https:\/\/www.kosiceregion.com\/es\/wp-json\/wp\/v2\/posts\/11517","targetHints":{"allow":["GET"]}}],"collection":[{"href":"https:\/\/www.kosiceregion.com\/es\/wp-json\/wp\/v2\/posts"}],"about":[{"href":"https:\/\/www.kosiceregion.com\/es\/wp-json\/wp\/v2\/types\/post"}],"author":[{"embeddable":true,"href":"https:\/\/www.kosiceregion.com\/es\/wp-json\/wp\/v2\/users\/15"}],"replies":[{"embeddable":true,"href":"https:\/\/www.kosiceregion.com\/es\/wp-json\/wp\/v2\/comments?post=11517"}],"version-history":[{"count":1,"href":"https:\/\/www.kosiceregion.com\/es\/wp-json\/wp\/v2\/posts\/11517\/revisions"}],"predecessor-version":[{"id":11523,"href":"https:\/\/www.kosiceregion.com\/es\/wp-json\/wp\/v2\/posts\/11517\/revisions\/11523"}],"wp:featuredmedia":[{"embeddable":true,"href":"https:\/\/www.kosiceregion.com\/es\/wp-json\/wp\/v2\/media\/11520"}],"wp:attachment":[{"href":"https:\/\/www.kosiceregion.com\/es\/wp-json\/wp\/v2\/media?parent=11517"}],"wp:term":[{"taxonomy":"category","embeddable":true,"href":"https:\/\/www.kosiceregion.com\/es\/wp-json\/wp\/v2\/categories?post=11517"},{"taxonomy":"post_tag","embeddable":true,"href":"https:\/\/www.kosiceregion.com\/es\/wp-json\/wp\/v2\/tags?post=11517"}],"curies":[{"name":"wp","href":"https:\/\/api.w.org\/{rel}","templated":true}]}}