{"id":12358,"date":"2024-05-17T13:59:55","date_gmt":"2024-05-17T11:59:55","guid":{"rendered":"https:\/\/www.kosiceregion.com\/sk\/?p=12358"},"modified":"2024-06-21T12:52:05","modified_gmt":"2024-06-21T10:52:05","slug":"","status":"publish","type":"post","link":"https:\/\/www.kosiceregion.com\/es\/vona-agatu-v-malom-horesi-opat-prichadza\/","title":{"rendered":"","raw":""},"content":{"rendered":"","protected":false,"raw":""},"excerpt":{"rendered":"","protected":false,"raw":""},"author":15,"featured_media":12360,"comment_status":"closed","ping_status":"closed","sticky":false,"template":"","format":"standard","meta":{"_acf_changed":false,"_sk_post_content":"<!-- wp:tadv\/classic-paragraph -->\n<p><strong>Atmosf\u00e9ru vin\u00e1rskeho Tosk\u00e1nska prin\u00e1\u0161a na v\u00fdchodn\u00e9 Slovensko podujatie \u201eV\u00f4\u0148a ag\u00e1tu \u2013 De\u0148 otvoren\u00fdch v\u00ednnych pivn\u00edc\u201c, ktor\u00e9 sa uskuto\u010dn\u00ed 17. a 18. m\u00e1ja 2024. Toto jedine\u010dn\u00e9 podujatie, zasaden\u00e9 do p\u00f4vabn\u00e9ho prostredia Mal\u00e9ho Hore\u0161a, prin\u00e1\u0161a n\u00e1v\u0161tevn\u00edkom po\u010das dvoch dn\u00ed nezabudnute\u013en\u00fd z\u00e1\u017eitok z trad\u00edci\u00ed vinohradn\u00edctva, sprev\u00e1dzan\u00fd kult\u00farnym programom,&nbsp;z\u00e1bavou a&nbsp;v\u00f4\u0148ou rozkvitnut\u00e9ho ag\u00e1tu.<\/strong><\/p>\n<!-- \/wp:tadv\/classic-paragraph -->\n\n<!-- wp:heading {\"level\":3} -->\n<h3 class=\"wp-block-heading\"><strong>Ag\u00e1tov\u00fd h\u00e1j spr\u00edstupn\u00ed svoje historick\u00e9 pivnice<\/strong><\/h3>\n<!-- \/wp:heading -->\n\n<!-- wp:paragraph -->\n<p>Vinice v Malom Hore\u0161i, ktor\u00e9 pr\u00e1vom u\u017e\u00edvaj\u00fa prez\u00fdvku&nbsp;<strong>\u201eTosk\u00e1nsko v\u00fdchodu\u201c<\/strong>, vo svojom Ag\u00e1tovom h\u00e1ji&nbsp;op\u00e4\u0165 o\u017eivia nieko\u013ekoro\u010dn\u00fa vin\u00e1rsku trad\u00edciu doplnen\u00fa miestnymi \u0161pecialitami, ktor\u00e9 o\u010daria aj t\u00fdch najn\u00e1ro\u010dnej\u0161\u00edch gurm\u00e1nov.<\/p>\n<!-- \/wp:paragraph -->\n\n<!-- wp:gallery {\"linkTo\":\"none\"} -->\n<figure class=\"wp-block-gallery has-nested-images columns-default is-cropped\"><!-- wp:image {\"id\":12362,\"sizeSlug\":\"large\",\"linkDestination\":\"none\"} -->\n<figure class=\"wp-block-image size-large\"><img src=\"https:\/\/www.kosiceregion.com\/wp-content\/uploads\/2024\/05\/MHA09093-1-1024x683.jpg\" alt=\"\" class=\"wp-image-12362\"\/><\/figure>\n<!-- \/wp:image --><\/figure>\n<!-- \/wp:gallery -->\n\n<!-- wp:gallery {\"linkTo\":\"none\"} -->\n<figure class=\"wp-block-gallery has-nested-images columns-default is-cropped\"><!-- wp:image {\"id\":12361,\"sizeSlug\":\"large\",\"linkDestination\":\"none\"} -->\n<figure class=\"wp-block-image size-large\"><img src=\"https:\/\/www.kosiceregion.com\/wp-content\/uploads\/2024\/05\/MHA09094-1024x683.jpg\" alt=\"\" class=\"wp-image-12361\"\/><\/figure>\n<!-- \/wp:image -->\n\n<!-- wp:image {\"id\":12359,\"sizeSlug\":\"large\",\"linkDestination\":\"none\"} -->\n<figure class=\"wp-block-image size-large\"><img src=\"https:\/\/www.kosiceregion.com\/wp-content\/uploads\/2024\/05\/MHA09095-1-1024x683.jpg\" alt=\"\" class=\"wp-image-12359\"\/><\/figure>\n<!-- \/wp:image --><\/figure>\n<!-- \/wp:gallery -->\n\n<!-- wp:paragraph -->\n<p><\/p>\n<!-- \/wp:paragraph -->\n\n<!-- wp:heading {\"level\":3} -->\n<h3 class=\"wp-block-heading\"><strong>Degust\u00e1cia 40 druhov v\u00edn s&nbsp;medzin\u00e1rodn\u00fdm programom<\/strong><\/h3>\n<!-- \/wp:heading -->\n\n<!-- wp:tadv\/classic-paragraph -->\n<p><strong>Podujatie sa za\u010dne v piatok 17. m\u00e1ja vo V\u00ednnom dvore v Malom Hore\u0161i<\/strong>, ktor\u00fdm sa otvor\u00ed z\u00e1\u017eitkov\u00e1 degust\u00e1cia v\u00edn. T\u00e1to \u010das\u0165 podujatia je venovan\u00e1 prezent\u00e1cii \u010dinnosti vin\u00e1rov v spolku POLYHOS, ktor\u00e9ho cie\u013eom je zachov\u00e1vanie, zdokona\u013eovanie a zve\u013ea\u010fovanie vinohradn\u00edckej a vin\u00e1rskej kult\u00fary regi\u00f3nu. \u00da\u010dastn\u00edci degust\u00e1cie bud\u00fa ma\u0165 pr\u00edle\u017eitos\u0165 ochutna\u0165 12 r\u00f4znych druhov v\u00edn od 4 miestnych vin\u00e1rov spolu s chutn\u00fdm syrom a tradi\u010dn\u00fdm malohore\u0161sk\u00fdm kapustov\u00fdm a tvarohov\u00fdm kol\u00e1\u010dom.<br>V&nbsp;tohtoro\u010dnom programe s\u00fa platen\u00e9 riaden\u00e9 aj neriaden\u00e9 ochutn\u00e1vky v\u00edn, pri\u010dom vstup na podujatie a&nbsp;cel\u00fd sprievodn\u00fd program je bezplatn\u00fd.<br><br><strong>Program bude pokra\u010dova\u0165 aj v sobotu 18. m\u00e1ja D\u0148om otvoren\u00fdch pivn\u00edc<\/strong>, kde sa predstav\u00ed 20 vin\u00e1rov so 40 r\u00f4znymi druhmi v\u00edn. Kult\u00farny program na javisku amfite\u00e1tra pon\u00fakne r\u00f4znorod\u00e9 vyst\u00fapenia miestnych a&nbsp;region\u00e1lnych umelcov. Popri hlavnom programe sa n\u00e1v\u0161tevn\u00edci m\u00f4\u017eu te\u0161i\u0165 na jarmok, ob\u010derstvenie a aktivity pre deti.<\/p>\n<!-- \/wp:tadv\/classic-paragraph -->\n\n<!-- wp:gallery {\"linkTo\":\"none\"} -->\n<figure class=\"wp-block-gallery has-nested-images columns-default is-cropped\"><!-- wp:image {\"id\":12364,\"sizeSlug\":\"large\",\"linkDestination\":\"none\"} -->\n<figure class=\"wp-block-image size-large\"><img src=\"https:\/\/www.kosiceregion.com\/wp-content\/uploads\/2024\/05\/MHA08817-1024x683.jpeg\" alt=\"\" class=\"wp-image-12364\"\/><\/figure>\n<!-- \/wp:image -->\n\n<!-- wp:image {\"id\":12363,\"sizeSlug\":\"large\",\"linkDestination\":\"none\"} -->\n<figure class=\"wp-block-image size-large\"><img src=\"https:\/\/www.kosiceregion.com\/wp-content\/uploads\/2024\/05\/MHA09046-1024x683.jpeg\" alt=\"\" class=\"wp-image-12363\"\/><\/figure>\n<!-- \/wp:image --><\/figure>\n<!-- \/wp:gallery -->\n\n<!-- wp:heading -->\n<h2 class=\"wp-block-heading\"><strong><strong>Na podujatie komfortne kyvadlovou dopravou, \u010di elektrobicyklom<\/strong><\/strong><\/h2>\n<!-- \/wp:heading -->\n\n<!-- wp:tadv\/classic-paragraph -->\n<p>Aby si mohli n\u00e1v\u0161tevn\u00edci podujatia \u201cV\u00f4\u0148a Ag\u00e1tu\u201c bezstarostne vychutna\u0165 ka\u017ed\u00fd okamih pln\u00fdmi d\u00fa\u0161kami, organiz\u00e1tori zabezpe\u010dili pravideln\u00fa kyvadlov\u00fa dopravu. Autobusy bud\u00fa odch\u00e1dza\u0165 zo \u017eelezni\u010dnej stanice Ve\u013ek\u00fd Hore\u0161 a ich cestovn\u00fd pl\u00e1n bude prisp\u00f4soben\u00fd vlakov\u00fdm spojom z Ko\u0161\u00edc.<\/p>\n<div class=\"x11i5rnm xat24cr x1mh8g0r x1vvkbs xtlvy1s\">12:31 V.Hore\u0161 \u017eel.stanica - do M.Hore\u0161 pivni\u010dn\u00fd are\u00e1l<\/div>\n<div class=\"x11i5rnm xat24cr x1mh8g0r x1vvkbs xtlvy1s\">19:21 M.Hore\u0161 pivni\u010dn\u00fd are\u00e1l - do V.Hore\u0161 \u017eel.stanica 19:21 hod.<\/div>\n<p><br \/><strong>Vstupenky<\/strong> si n\u00e1v\u0161tevn\u00edci bud\u00fa m\u00f4c\u0165 zak\u00fapi\u0165 bu\u010f v predpredaji alebo priamo na mieste.<\/p>\n<div class=\"x11i5rnm xat24cr x1mh8g0r x1vvkbs xtlvy1s\">Inform\u00e1cia a predpredaj:<\/div>\n<div class=\"x11i5rnm xat24cr x1mh8g0r x1vvkbs xtlvy1s\">Obecn\u00fd \u00farad Mal\u00fd Hore\u0161 tel: 056\/6285370, 0904 285 370, e-mail: malyhores @\u00a0<a class=\"x1i10hfl xjbqb8w x1ejq31n xd10rxx x1sy0etr x17r0tee x972fbf xcfux6l x1qhh985 xm0m39n x9f619 x1ypdohk xt0psk2 xe8uvvx xdj266r x11i5rnm xat24cr x1mh8g0r xexx8yu x4uap5 x18d9i69 xkhd6sd x16tdsg8 x1hl2dhg xggy1nq x1a2a7pz x1sur9pj xkrqix3 x1fey0fg\" tabindex=\"0\" role=\"link\" href=\"https:\/\/l.facebook.com\/l.php?u=http%3A%2F%2Fdornet.sk%2F%3Ffbclid%3DIwZXh0bgNhZW0CMTAAAR0QaFHhrnL0k3uKQAEqcm75lp12OVpUtnHGTyeL_ILNsF8QhTBJSWWBH0I_aem_AdLqFnwTfsrO-zOxgxNMvOJw8UUWG99dX_SmBbb4fXyWDArOGongYOrhYad9QI6FmIwRE-kCvECeKRch5GveBCa8&amp;h=AT0xDb4nFo1jNngRM1FzTzN4MISJl8G4vlmcMkpP5GMv3KQFiMa6aJn4Lwi91unj3CAtMrHi7ZmzYoIzq2kk40Af79ubHKJZBbjVA6ESpabM5qFgBAD3gHzbpjCssMYEZGe8&amp;__tn__=q&amp;c[0]=AT12e5f5Kj7ztHFnaTJxCKnSXZTdlvM12gbPtJaSzx4CzGyJt4QoDyGQGSqUG7SfGOWFfER_LGAuAI5oOCrMUsjrKif2qh-9a7kuxrw4k75fZcdkdhqLOmuP0p97NOAwRpHxq_Px_9yXBg3UWW0nCLuxUqVQu9NqEg9TsiPxplyBnRdcF7Sn\" target=\"_blank\" rel=\"nofollow noopener noreferrer\">dornet.sk<\/a><\/div>\n<div class=\"x11i5rnm xat24cr x1mh8g0r x1vvkbs xtlvy1s\">G\u00e9re\u0161i Pavol, tel. 0907 934 660, e-mail: geresi.pali@\u00a0<a class=\"x1i10hfl xjbqb8w x1ejq31n xd10rxx x1sy0etr x17r0tee x972fbf xcfux6l x1qhh985 xm0m39n x9f619 x1ypdohk xt0psk2 xe8uvvx xdj266r x11i5rnm xat24cr x1mh8g0r xexx8yu x4uap5 x18d9i69 xkhd6sd x16tdsg8 x1hl2dhg xggy1nq x1a2a7pz x1sur9pj xkrqix3 x1fey0fg\" tabindex=\"0\" role=\"link\" href=\"https:\/\/l.facebook.com\/l.php?u=https%3A%2F%2Fgmail.com%2F&amp;h=AT1L1dhx7j_46KeIQwYxytvuR7Jusf6_HA8brQJMolhAfik7yaxYzIher33NQelcEkoz-Nsns7c_yY6-2mmP7ctLKQ9NRXVQzCuCRsLLtD-9dCnpQVMPYRT2T-eBqdanMaGx&amp;__tn__=q&amp;c[0]=AT12e5f5Kj7ztHFnaTJxCKnSXZTdlvM12gbPtJaSzx4CzGyJt4QoDyGQGSqUG7SfGOWFfER_LGAuAI5oOCrMUsjrKif2qh-9a7kuxrw4k75fZcdkdhqLOmuP0p97NOAwRpHxq_Px_9yXBg3UWW0nCLuxUqVQu9NqEg9TsiPxplyBnRdcF7Sn\" target=\"_blank\" rel=\"nofollow noopener noreferrer\">gmail.com<\/a><\/div>\n<div class=\"x11i5rnm xat24cr x1mh8g0r x1vvkbs xtlvy1s\">Varkonda Csaba, tel: 0908 337 542, e-mail: varkonda @\u00a0<a class=\"x1i10hfl xjbqb8w x1ejq31n xd10rxx x1sy0etr x17r0tee x972fbf xcfux6l x1qhh985 xm0m39n x9f619 x1ypdohk xt0psk2 xe8uvvx xdj266r x11i5rnm xat24cr x1mh8g0r xexx8yu x4uap5 x18d9i69 xkhd6sd x16tdsg8 x1hl2dhg xggy1nq x1a2a7pz x1sur9pj xkrqix3 x1fey0fg\" tabindex=\"0\" role=\"link\" href=\"http:\/\/post.sk\/?fbclid=IwZXh0bgNhZW0CMTAAAR3TzUJk011t9NxDNoPMFsXuX3fSJ2j8W_1z_zdizwDFIR-WxhlBDah3b58_aem_AdI8_BUzuTrZvqpX7PlDdUooEe370kugPNihyH0xyLHqBLxgowuwmT-BDAY1lsfNPg25CSgl0oCiTRWYV5IDqcIz\" target=\"_blank\" rel=\"nofollow noopener noreferrer\">post.sk<\/a><\/div>\n<div class=\"x11i5rnm xat24cr x1mh8g0r x1vvkbs xtlvy1s\">\u00a0<\/div>\n<!-- \/wp:tadv\/classic-paragraph -->\n\n<!-- wp:image {\"id\":12365,\"sizeSlug\":\"large\",\"linkDestination\":\"none\"} -->\n<figure class=\"wp-block-image size-large\"><img src=\"https:\/\/www.kosiceregion.com\/wp-content\/uploads\/2024\/05\/439893915_828446039319808_4316275087083222943_n-724x1024.jpg\" alt=\"\" class=\"wp-image-12365\"\/><\/figure>\n<!-- \/wp:image -->","_sk_post_name":"vona-agatu-v-malom-horesi-opat-prichadza","_sk_post_excerpt":"","_sk_post_title":"V\u00f4\u0148a ag\u00e1tu 2024 - \u010eal\u0161\u00ed ro\u010dn\u00edk vinn\u00fdch radost\u00ed v Malom Hore\u0161i op\u00e4\u0165 prich\u00e1dza","_en_post_content":"","_en_post_name":"","_en_post_excerpt":"","_en_post_title":"","_hu_post_content":"","_hu_post_name":"","_hu_post_excerpt":"","_hu_post_title":"","_es_post_content":"","_es_post_name":"","_es_post_excerpt":"","_es_post_title":"","_de_post_content":"","_de_post_name":"","_de_post_excerpt":"","_de_post_title":"","_pl_post_content":"","_pl_post_name":"","_pl_post_excerpt":"","_pl_post_title":"","_it_post_content":"","_it_post_name":"","_it_post_excerpt":"","_it_post_title":"","edit_language":"es","footnotes":""},"categories":[22,17],"tags":[],"class_list":["post-12358","post","type-post","status-publish","format-standard","has-post-thumbnail","hentry","category-get-inspired","category-top"],"acf":[],"yoast_head":"<!-- This site is optimized with the Yoast SEO Premium plugin v25.5 (Yoast SEO v27.4) - https:\/\/yoast.com\/product\/yoast-seo-premium-wordpress\/ -->\n<title>Ko\u0161ice Regi\u00f3n<\/title>\n<meta name=\"description\" content=\"Atmosf\u00e9ru vin\u00e1rskeho Tosk\u00e1nska prin\u00e1\u0161a na v\u00fdchodn\u00e9 Slovensko podujatie \u201eV\u00f4\u0148a ag\u00e1tu \u2013 De\u0148 otvoren\u00fdch v\u00ednnych pivn\u00edc\u201c, ktor\u00e9 sa uskuto\u010dn\u00ed 17. a 18. m\u00e1ja 2024. Toto jedine\u010dn\u00e9 podujatie, zasaden\u00e9 do p\u00f4vabn\u00e9ho prostredia\u2026\" \/>\n<meta name=\"robots\" content=\"index, follow, max-snippet:-1, max-image-preview:large, max-video-preview:-1\" \/>\n<link rel=\"canonical\" href=\"https:\/\/www.kosiceregion.com\/sk\/vona-agatu-v-malom-horesi-opat-prichadza\/\" \/>\n<meta property=\"og:locale\" content=\"es_ES\" \/>\n<meta property=\"og:type\" content=\"article\" \/>\n<meta property=\"og:title\" content=\"V\u00f4\u0148a ag\u00e1tu 2024 - \u010eal\u0161\u00ed ro\u010dn\u00edk vinn\u00fdch radost\u00ed v Malom Hore\u0161i op\u00e4\u0165 prich\u00e1dza\" \/>\n<meta property=\"og:description\" content=\"Atmosf\u00e9ru vin\u00e1rskeho Tosk\u00e1nska prin\u00e1\u0161a na v\u00fdchodn\u00e9 Slovensko podujatie \u201eV\u00f4\u0148a ag\u00e1tu \u2013 De\u0148 otvoren\u00fdch v\u00ednnych pivn\u00edc\u201c\" \/>\n<meta property=\"og:url\" content=\"https:\/\/www.kosiceregion.com\/es\/wp-json\/wp\/v2\/posts\/12358\" \/>\n<meta property=\"og:site_name\" content=\"Ko\u0161ice Regi\u00f3n\" \/>\n<meta property=\"article:publisher\" content=\"https:\/\/www.facebook.com\/kosiceregion\" \/>\n<meta property=\"article:published_time\" content=\"2024-05-17T11:59:55+00:00\" \/>\n<meta property=\"article:modified_time\" content=\"2024-06-21T10:52:05+00:00\" \/>\n<meta property=\"og:image\" content=\"https:\/\/www.kosiceregion.com\/wp-content\/uploads\/2024\/05\/MHA09093.jpg\" \/>\n\t<meta property=\"og:image:width\" content=\"1200\" \/>\n\t<meta property=\"og:image:height\" content=\"800\" \/>\n\t<meta property=\"og:image:type\" content=\"image\/jpeg\" \/>\n<meta name=\"author\" content=\"Paula Buliakov\u00e1 Tegelhof\" \/>\n<meta name=\"twitter:card\" content=\"summary_large_image\" \/>\n<meta name=\"twitter:creator\" content=\"@KOSICEREGION\" \/>\n<meta name=\"twitter:site\" content=\"@KOSICEREGION\" \/>\n<meta name=\"twitter:label1\" content=\"Escrito por\" \/>\n\t<meta name=\"twitter:data1\" content=\"Paula Buliakov\u00e1 Tegelhof\" \/>\n\t<meta name=\"twitter:label2\" content=\"Tiempo de lectura\" \/>\n\t<meta name=\"twitter:data2\" content=\"4 minutes\" \/>\n<script type=\"application\/ld+json\" class=\"yoast-schema-graph\">{\"@context\":\"https:\\\/\\\/schema.org\",\"@graph\":[{\"@type\":\"Article\",\"@id\":\"https:\\\/\\\/www.kosiceregion.com\\\/sk\\\/vona-agatu-v-malom-horesi-opat-prichadza\\\/#article\",\"isPartOf\":{\"@id\":\"https:\\\/\\\/www.kosiceregion.com\\\/sk\\\/vona-agatu-v-malom-horesi-opat-prichadza\\\/\"},\"author\":{\"name\":\"Paula Buliakov\u00e1 Tegelhof\",\"@id\":\"https:\\\/\\\/www.kosiceregion.com\\\/#\\\/schema\\\/person\\\/f58f7c5f26e77a35dc3bf96d432dbd05\"},\"headline\":\"V\u00f4\u0148a ag\u00e1tu 2024 &#8211; \u010eal\u0161\u00ed ro\u010dn\u00edk vinn\u00fdch radost\u00ed v Malom Hore\u0161i op\u00e4\u0165 prich\u00e1dza\",\"datePublished\":\"2024-05-17T11:59:55+00:00\",\"dateModified\":\"2024-06-21T10:52:05+00:00\",\"mainEntityOfPage\":{\"@id\":\"https:\\\/\\\/www.kosiceregion.com\\\/sk\\\/vona-agatu-v-malom-horesi-opat-prichadza\\\/\"},\"wordCount\":492,\"publisher\":{\"@id\":\"https:\\\/\\\/www.kosiceregion.com\\\/#organization\"},\"image\":{\"@id\":\"https:\\\/\\\/www.kosiceregion.com\\\/sk\\\/vona-agatu-v-malom-horesi-opat-prichadza\\\/#primaryimage\"},\"thumbnailUrl\":\"https:\\\/\\\/www.kosiceregion.com\\\/wp-content\\\/uploads\\\/2024\\\/05\\\/MHA09093.jpg\",\"articleSection\":[\"In\u0161piruj sa\",\"Top\"],\"inLanguage\":\"es-ES\"},{\"@type\":\"WebPage\",\"@id\":\"https:\\\/\\\/www.kosiceregion.com\\\/sk\\\/vona-agatu-v-malom-horesi-opat-prichadza\\\/\",\"url\":\"https:\\\/\\\/www.kosiceregion.com\\\/sk\\\/vona-agatu-v-malom-horesi-opat-prichadza\\\/\",\"name\":\"V\u00f4\u0148a ag\u00e1tu \u2013 De\u0148 otvoren\u00fdch v\u00ednnych pivn\u00edc\",\"isPartOf\":{\"@id\":\"https:\\\/\\\/www.kosiceregion.com\\\/#website\"},\"primaryImageOfPage\":{\"@id\":\"https:\\\/\\\/www.kosiceregion.com\\\/sk\\\/vona-agatu-v-malom-horesi-opat-prichadza\\\/#primaryimage\"},\"image\":{\"@id\":\"https:\\\/\\\/www.kosiceregion.com\\\/sk\\\/vona-agatu-v-malom-horesi-opat-prichadza\\\/#primaryimage\"},\"thumbnailUrl\":\"https:\\\/\\\/www.kosiceregion.com\\\/wp-content\\\/uploads\\\/2024\\\/05\\\/MHA09093.jpg\",\"datePublished\":\"2024-05-17T11:59:55+00:00\",\"dateModified\":\"2024-06-21T10:52:05+00:00\",\"description\":\"Atmosf\u00e9ru vin\u00e1rskeho Tosk\u00e1nska prin\u00e1\u0161a na v\u00fdchodn\u00e9 Slovensko podujatie \u201eV\u00f4\u0148a ag\u00e1tu \u2013 De\u0148 otvoren\u00fdch v\u00ednnych pivn\u00edc\u201c\",\"breadcrumb\":{\"@id\":\"https:\\\/\\\/www.kosiceregion.com\\\/sk\\\/vona-agatu-v-malom-horesi-opat-prichadza\\\/#breadcrumb\"},\"inLanguage\":\"es-ES\",\"potentialAction\":[{\"@type\":\"ReadAction\",\"target\":[\"https:\\\/\\\/www.kosiceregion.com\\\/sk\\\/vona-agatu-v-malom-horesi-opat-prichadza\\\/\"]}]},{\"@type\":\"ImageObject\",\"inLanguage\":\"es-ES\",\"@id\":\"https:\\\/\\\/www.kosiceregion.com\\\/sk\\\/vona-agatu-v-malom-horesi-opat-prichadza\\\/#primaryimage\",\"url\":\"https:\\\/\\\/www.kosiceregion.com\\\/wp-content\\\/uploads\\\/2024\\\/05\\\/MHA09093.jpg\",\"contentUrl\":\"https:\\\/\\\/www.kosiceregion.com\\\/wp-content\\\/uploads\\\/2024\\\/05\\\/MHA09093.jpg\",\"width\":1200,\"height\":800},{\"@type\":\"BreadcrumbList\",\"@id\":\"https:\\\/\\\/www.kosiceregion.com\\\/sk\\\/vona-agatu-v-malom-horesi-opat-prichadza\\\/#breadcrumb\",\"itemListElement\":[{\"@type\":\"ListItem\",\"position\":1,\"name\":\"Home\",\"item\":\"https:\\\/\\\/www.kosiceregion.com\\\/sk\\\/\"},{\"@type\":\"ListItem\",\"position\":2,\"name\":\"V\u00f4\u0148a ag\u00e1tu 2024 &#8211; \u010eal\u0161\u00ed ro\u010dn\u00edk vinn\u00fdch radost\u00ed v Malom Hore\u0161i op\u00e4\u0165 prich\u00e1dza\"}]},{\"@type\":\"WebSite\",\"@id\":\"https:\\\/\\\/www.kosiceregion.com\\\/#website\",\"url\":\"https:\\\/\\\/www.kosiceregion.com\\\/\",\"name\":\"Ko\u0161ice Regi\u00f3n\",\"description\":\"Turistick\u00fd sprievodca Ko\u0161ick\u00fdm krajom\",\"publisher\":{\"@id\":\"https:\\\/\\\/www.kosiceregion.com\\\/#organization\"},\"potentialAction\":[{\"@type\":\"SearchAction\",\"target\":{\"@type\":\"EntryPoint\",\"urlTemplate\":\"https:\\\/\\\/www.kosiceregion.com\\\/?s={search_term_string}\"},\"query-input\":{\"@type\":\"PropertyValueSpecification\",\"valueRequired\":true,\"valueName\":\"search_term_string\"}}],\"inLanguage\":\"es-ES\"},{\"@type\":\"Organization\",\"@id\":\"https:\\\/\\\/www.kosiceregion.com\\\/#organization\",\"name\":\"Ko\u0161ice Regi\u00f3n Turizmus\",\"url\":\"https:\\\/\\\/www.kosiceregion.com\\\/\",\"logo\":{\"@type\":\"ImageObject\",\"inLanguage\":\"es-ES\",\"@id\":\"https:\\\/\\\/www.kosiceregion.com\\\/#\\\/schema\\\/logo\\\/image\\\/\",\"url\":\"https:\\\/\\\/www.kosiceregion.com\\\/wp-content\\\/uploads\\\/2019\\\/03\\\/logo-web-sk.png\",\"contentUrl\":\"https:\\\/\\\/www.kosiceregion.com\\\/wp-content\\\/uploads\\\/2019\\\/03\\\/logo-web-sk.png\",\"width\":225,\"height\":100,\"caption\":\"Ko\u0161ice Regi\u00f3n Turizmus\"},\"image\":{\"@id\":\"https:\\\/\\\/www.kosiceregion.com\\\/#\\\/schema\\\/logo\\\/image\\\/\"},\"sameAs\":[\"https:\\\/\\\/www.facebook.com\\\/kosiceregion\",\"https:\\\/\\\/x.com\\\/KOSICEREGION\",\"https:\\\/\\\/www.instagram.com\\\/kosiceregion\",\"https:\\\/\\\/www.youtube.com\\\/kosiceregion\"]},{\"@type\":\"Person\",\"@id\":\"https:\\\/\\\/www.kosiceregion.com\\\/#\\\/schema\\\/person\\\/f58f7c5f26e77a35dc3bf96d432dbd05\",\"name\":\"Paula Buliakov\u00e1 Tegelhof\",\"image\":{\"@type\":\"ImageObject\",\"inLanguage\":\"es-ES\",\"@id\":\"https:\\\/\\\/secure.gravatar.com\\\/avatar\\\/efa6a57b2e4fd9b6fdaf15acbda66a000ef0b3e50800a76a64602b268b90db7f?s=96&d=mm&r=g\",\"url\":\"https:\\\/\\\/secure.gravatar.com\\\/avatar\\\/efa6a57b2e4fd9b6fdaf15acbda66a000ef0b3e50800a76a64602b268b90db7f?s=96&d=mm&r=g\",\"contentUrl\":\"https:\\\/\\\/secure.gravatar.com\\\/avatar\\\/efa6a57b2e4fd9b6fdaf15acbda66a000ef0b3e50800a76a64602b268b90db7f?s=96&d=mm&r=g\",\"caption\":\"Paula Buliakov\u00e1 Tegelhof\"}}]}<\/script>\n<!-- \/ Yoast SEO Premium plugin. -->","yoast_head_json":{"title":"Ko\u0161ice Regi\u00f3n","description":"Atmosf\u00e9ru vin\u00e1rskeho Tosk\u00e1nska prin\u00e1\u0161a na v\u00fdchodn\u00e9 Slovensko podujatie \u201eV\u00f4\u0148a ag\u00e1tu \u2013 De\u0148 otvoren\u00fdch v\u00ednnych pivn\u00edc\u201c, ktor\u00e9 sa uskuto\u010dn\u00ed 17. a 18. m\u00e1ja 2024. Toto jedine\u010dn\u00e9 podujatie, zasaden\u00e9 do p\u00f4vabn\u00e9ho prostredia\u2026","robots":{"index":"index","follow":"follow","max-snippet":"max-snippet:-1","max-image-preview":"max-image-preview:large","max-video-preview":"max-video-preview:-1"},"canonical":"https:\/\/www.kosiceregion.com\/sk\/vona-agatu-v-malom-horesi-opat-prichadza\/","og_locale":"es_ES","og_type":"article","og_title":"V\u00f4\u0148a ag\u00e1tu 2024 - \u010eal\u0161\u00ed ro\u010dn\u00edk vinn\u00fdch radost\u00ed v Malom Hore\u0161i op\u00e4\u0165 prich\u00e1dza","og_description":"Atmosf\u00e9ru vin\u00e1rskeho Tosk\u00e1nska prin\u00e1\u0161a na v\u00fdchodn\u00e9 Slovensko podujatie \u201eV\u00f4\u0148a ag\u00e1tu \u2013 De\u0148 otvoren\u00fdch v\u00ednnych pivn\u00edc\u201c","og_url":"https:\/\/www.kosiceregion.com\/es\/wp-json\/wp\/v2\/posts\/12358","og_site_name":"Ko\u0161ice Regi\u00f3n","article_publisher":"https:\/\/www.facebook.com\/kosiceregion","article_published_time":"2024-05-17T11:59:55+00:00","article_modified_time":"2024-06-21T10:52:05+00:00","og_image":[{"width":1200,"height":800,"url":"https:\/\/www.kosiceregion.com\/wp-content\/uploads\/2024\/05\/MHA09093.jpg","type":"image\/jpeg"}],"author":"Paula Buliakov\u00e1 Tegelhof","twitter_card":"summary_large_image","twitter_creator":"@KOSICEREGION","twitter_site":"@KOSICEREGION","twitter_misc":{"Escrito por":"Paula Buliakov\u00e1 Tegelhof","Tiempo de lectura":"4 minutes"},"schema":{"@context":"https:\/\/schema.org","@graph":[{"@type":"Article","@id":"https:\/\/www.kosiceregion.com\/sk\/vona-agatu-v-malom-horesi-opat-prichadza\/#article","isPartOf":{"@id":"https:\/\/www.kosiceregion.com\/sk\/vona-agatu-v-malom-horesi-opat-prichadza\/"},"author":{"name":"Paula Buliakov\u00e1 Tegelhof","@id":"https:\/\/www.kosiceregion.com\/#\/schema\/person\/f58f7c5f26e77a35dc3bf96d432dbd05"},"headline":"V\u00f4\u0148a ag\u00e1tu 2024 &#8211; \u010eal\u0161\u00ed ro\u010dn\u00edk vinn\u00fdch radost\u00ed v Malom Hore\u0161i op\u00e4\u0165 prich\u00e1dza","datePublished":"2024-05-17T11:59:55+00:00","dateModified":"2024-06-21T10:52:05+00:00","mainEntityOfPage":{"@id":"https:\/\/www.kosiceregion.com\/sk\/vona-agatu-v-malom-horesi-opat-prichadza\/"},"wordCount":492,"publisher":{"@id":"https:\/\/www.kosiceregion.com\/#organization"},"image":{"@id":"https:\/\/www.kosiceregion.com\/sk\/vona-agatu-v-malom-horesi-opat-prichadza\/#primaryimage"},"thumbnailUrl":"https:\/\/www.kosiceregion.com\/wp-content\/uploads\/2024\/05\/MHA09093.jpg","articleSection":["In\u0161piruj sa","Top"],"inLanguage":"es-ES"},{"@type":"WebPage","@id":"https:\/\/www.kosiceregion.com\/sk\/vona-agatu-v-malom-horesi-opat-prichadza\/","url":"https:\/\/www.kosiceregion.com\/sk\/vona-agatu-v-malom-horesi-opat-prichadza\/","name":"V\u00f4\u0148a ag\u00e1tu \u2013 De\u0148 otvoren\u00fdch v\u00ednnych pivn\u00edc","isPartOf":{"@id":"https:\/\/www.kosiceregion.com\/#website"},"primaryImageOfPage":{"@id":"https:\/\/www.kosiceregion.com\/sk\/vona-agatu-v-malom-horesi-opat-prichadza\/#primaryimage"},"image":{"@id":"https:\/\/www.kosiceregion.com\/sk\/vona-agatu-v-malom-horesi-opat-prichadza\/#primaryimage"},"thumbnailUrl":"https:\/\/www.kosiceregion.com\/wp-content\/uploads\/2024\/05\/MHA09093.jpg","datePublished":"2024-05-17T11:59:55+00:00","dateModified":"2024-06-21T10:52:05+00:00","description":"Atmosf\u00e9ru vin\u00e1rskeho Tosk\u00e1nska prin\u00e1\u0161a na v\u00fdchodn\u00e9 Slovensko podujatie \u201eV\u00f4\u0148a ag\u00e1tu \u2013 De\u0148 otvoren\u00fdch v\u00ednnych pivn\u00edc\u201c","breadcrumb":{"@id":"https:\/\/www.kosiceregion.com\/sk\/vona-agatu-v-malom-horesi-opat-prichadza\/#breadcrumb"},"inLanguage":"es-ES","potentialAction":[{"@type":"ReadAction","target":["https:\/\/www.kosiceregion.com\/sk\/vona-agatu-v-malom-horesi-opat-prichadza\/"]}]},{"@type":"ImageObject","inLanguage":"es-ES","@id":"https:\/\/www.kosiceregion.com\/sk\/vona-agatu-v-malom-horesi-opat-prichadza\/#primaryimage","url":"https:\/\/www.kosiceregion.com\/wp-content\/uploads\/2024\/05\/MHA09093.jpg","contentUrl":"https:\/\/www.kosiceregion.com\/wp-content\/uploads\/2024\/05\/MHA09093.jpg","width":1200,"height":800},{"@type":"BreadcrumbList","@id":"https:\/\/www.kosiceregion.com\/sk\/vona-agatu-v-malom-horesi-opat-prichadza\/#breadcrumb","itemListElement":[{"@type":"ListItem","position":1,"name":"Home","item":"https:\/\/www.kosiceregion.com\/sk\/"},{"@type":"ListItem","position":2,"name":"V\u00f4\u0148a ag\u00e1tu 2024 &#8211; \u010eal\u0161\u00ed ro\u010dn\u00edk vinn\u00fdch radost\u00ed v Malom Hore\u0161i op\u00e4\u0165 prich\u00e1dza"}]},{"@type":"WebSite","@id":"https:\/\/www.kosiceregion.com\/#website","url":"https:\/\/www.kosiceregion.com\/","name":"Ko\u0161ice Regi\u00f3n","description":"Turistick\u00fd sprievodca Ko\u0161ick\u00fdm krajom","publisher":{"@id":"https:\/\/www.kosiceregion.com\/#organization"},"potentialAction":[{"@type":"SearchAction","target":{"@type":"EntryPoint","urlTemplate":"https:\/\/www.kosiceregion.com\/?s={search_term_string}"},"query-input":{"@type":"PropertyValueSpecification","valueRequired":true,"valueName":"search_term_string"}}],"inLanguage":"es-ES"},{"@type":"Organization","@id":"https:\/\/www.kosiceregion.com\/#organization","name":"Ko\u0161ice Regi\u00f3n Turizmus","url":"https:\/\/www.kosiceregion.com\/","logo":{"@type":"ImageObject","inLanguage":"es-ES","@id":"https:\/\/www.kosiceregion.com\/#\/schema\/logo\/image\/","url":"https:\/\/www.kosiceregion.com\/wp-content\/uploads\/2019\/03\/logo-web-sk.png","contentUrl":"https:\/\/www.kosiceregion.com\/wp-content\/uploads\/2019\/03\/logo-web-sk.png","width":225,"height":100,"caption":"Ko\u0161ice Regi\u00f3n Turizmus"},"image":{"@id":"https:\/\/www.kosiceregion.com\/#\/schema\/logo\/image\/"},"sameAs":["https:\/\/www.facebook.com\/kosiceregion","https:\/\/x.com\/KOSICEREGION","https:\/\/www.instagram.com\/kosiceregion","https:\/\/www.youtube.com\/kosiceregion"]},{"@type":"Person","@id":"https:\/\/www.kosiceregion.com\/#\/schema\/person\/f58f7c5f26e77a35dc3bf96d432dbd05","name":"Paula Buliakov\u00e1 Tegelhof","image":{"@type":"ImageObject","inLanguage":"es-ES","@id":"https:\/\/secure.gravatar.com\/avatar\/efa6a57b2e4fd9b6fdaf15acbda66a000ef0b3e50800a76a64602b268b90db7f?s=96&d=mm&r=g","url":"https:\/\/secure.gravatar.com\/avatar\/efa6a57b2e4fd9b6fdaf15acbda66a000ef0b3e50800a76a64602b268b90db7f?s=96&d=mm&r=g","contentUrl":"https:\/\/secure.gravatar.com\/avatar\/efa6a57b2e4fd9b6fdaf15acbda66a000ef0b3e50800a76a64602b268b90db7f?s=96&d=mm&r=g","caption":"Paula Buliakov\u00e1 Tegelhof"}}]}},"_links":{"self":[{"href":"https:\/\/www.kosiceregion.com\/es\/wp-json\/wp\/v2\/posts\/12358","targetHints":{"allow":["GET"]}}],"collection":[{"href":"https:\/\/www.kosiceregion.com\/es\/wp-json\/wp\/v2\/posts"}],"about":[{"href":"https:\/\/www.kosiceregion.com\/es\/wp-json\/wp\/v2\/types\/post"}],"author":[{"embeddable":true,"href":"https:\/\/www.kosiceregion.com\/es\/wp-json\/wp\/v2\/users\/15"}],"replies":[{"embeddable":true,"href":"https:\/\/www.kosiceregion.com\/es\/wp-json\/wp\/v2\/comments?post=12358"}],"version-history":[{"count":3,"href":"https:\/\/www.kosiceregion.com\/es\/wp-json\/wp\/v2\/posts\/12358\/revisions"}],"predecessor-version":[{"id":12572,"href":"https:\/\/www.kosiceregion.com\/es\/wp-json\/wp\/v2\/posts\/12358\/revisions\/12572"}],"wp:featuredmedia":[{"embeddable":true,"href":"https:\/\/www.kosiceregion.com\/es\/wp-json\/wp\/v2\/media\/12360"}],"wp:attachment":[{"href":"https:\/\/www.kosiceregion.com\/es\/wp-json\/wp\/v2\/media?parent=12358"}],"wp:term":[{"taxonomy":"category","embeddable":true,"href":"https:\/\/www.kosiceregion.com\/es\/wp-json\/wp\/v2\/categories?post=12358"},{"taxonomy":"post_tag","embeddable":true,"href":"https:\/\/www.kosiceregion.com\/es\/wp-json\/wp\/v2\/tags?post=12358"}],"curies":[{"name":"wp","href":"https:\/\/api.w.org\/{rel}","templated":true}]}}