{"id":12504,"date":"2024-06-04T20:16:02","date_gmt":"2024-06-04T18:16:02","guid":{"rendered":"https:\/\/www.kosiceregion.com\/sk\/?p=12504"},"modified":"2025-01-10T10:47:32","modified_gmt":"2025-01-10T09:47:32","slug":"","status":"publish","type":"post","link":"https:\/\/www.kosiceregion.com\/es\/muzeum-veteranov-historia-na-kolesach\/","title":{"rendered":"","raw":""},"content":{"rendered":"","protected":false,"raw":""},"excerpt":{"rendered":"","protected":false,"raw":""},"author":16,"featured_media":12505,"comment_status":"closed","ping_status":"closed","sticky":false,"template":"","format":"standard","meta":{"_acf_changed":false,"_sk_post_content":"<!-- wp:heading {\"beyondwordsMarker\":\"112efc62-beaf-42e5-ba26-5afb8a0e7bf5\"} -->\n<h2 class=\"wp-block-heading\">Ambas\u00e1dori Kraja sveta: Na cest\u00e1ch s Nikou  <\/h2>\n<!-- \/wp:heading -->\n\n<!-- wp:tadv\/classic-paragraph {\"beyondwordsMarker\":\"f93edd4c-af28-4a20-b278-fc8bb2f9e00e\"} -->\n<p>Tie\u017e si vrav\u00edte, \u017ee na\u0161a dne\u0161n\u00e1 doba je dos\u0165 modern\u00e1, no napriek tomu sa na cest\u00e1ch objavuj\u00fa st\u00e1le nov\u00e9 a modernej\u0161ie aut\u00e1? Ja osobne niekedy nest\u00edham ten automobilov\u00fd v\u00fdvoj ani sledova\u0165.&nbsp; V tomto zhone v\u00fdvoja automobilov som sa rozhodla na chv\u00ed\u013eku spomali\u0165 a vr\u00e1ti\u0165 sa sp\u00e4\u0165 do minulosti. Pozrie\u0165 sa na to, ak\u00e9 automobily sa prem\u00e1vali po na\u0161ich cest\u00e1ch kedysi. Rozhodla som sa nav\u0161t\u00edvi\u0165 novootvoren\u00e9 M\u00fazeum veter\u00e1nov v Michalovciach s n\u00e1zvom Hist\u00f3ria na koles\u00e1ch.&nbsp;<\/p>\n<!-- \/wp:tadv\/classic-paragraph -->\n\n<!-- wp:heading {\"textAlign\":\"center\",\"beyondwordsMarker\":\"98079afd-63c6-4a6e-ade4-608478b51120\"} -->\n<h2 class=\"wp-block-heading has-text-align-center\">Inform\u00e1cie o trase a lokalite<\/h2>\n<!-- \/wp:heading -->\n\n<!-- wp:tadv\/classic-paragraph {\"beyondwordsMarker\":\"6ce9d522-a57e-40fe-9a17-2836901cd021\"} -->\n<p>&nbsp;<\/p>\n<table class=\" aligncenter\" style=\"height: 409px; width: 72.8588%; border-collapse: collapse;\">\n<tbody>\n<tr style=\"height: 216px;\">\n<td style=\"width: 23.8562%; height: 210px;\"><img class=\"size-full wp-image-5997 aligncenter\" src=\"https:\/\/www.kosiceregion.com\/wp-content\/uploads\/2021\/05\/Icon_black__kids.png\" alt=\"\" width=\"35\" height=\"35\"><\/td>\n<td style=\"width: 23.8562%; height: 210px;\">\n<p><strong>Vhodn\u00e9 pre deti<\/strong><\/p>\n<p>\u00c1NO<\/p>\n<\/td>\n<td style=\"width: 24.5098%; height: 210px;\"><img class=\"size-full wp-image-5998 aligncenter\" src=\"https:\/\/www.kosiceregion.com\/wp-content\/uploads\/2021\/05\/Icon_black__route.png\" alt=\"\" width=\"35\" height=\"35\"><\/td>\n<td style=\"width: 27.451%; height: 210px;\">\n<p><strong>Zna\u010den\u00e1 trasa <\/strong><\/p>\n<p>\u00c1NO<\/p>\n<\/td>\n<\/tr>\n<tr style=\"height: 216px;\">\n<td style=\"width: 23.8562%; height: 199px;\"><img class=\"size-full wp-image-5999 aligncenter\" src=\"https:\/\/www.kosiceregion.com\/wp-content\/uploads\/2021\/05\/Icon_black__food.png\" alt=\"\" width=\"35\" height=\"35\"><\/td>\n<td style=\"width: 23.8562%; height: 199px;\">\n<p><strong>Stravovacie zariadenie<\/strong><\/p>\n<p>\u00c1no<\/p>\n<\/td>\n<td style=\"width: 24.5098%; height: 199px;\">&nbsp;<\/td>\n<td style=\"width: 27.451%; height: 199px;\">&nbsp;<\/td>\n<\/tr>\n<\/tbody>\n<\/table>\n<p>&nbsp;<\/p>\n<!-- \/wp:tadv\/classic-paragraph -->\n\n<!-- wp:image {\"id\":12505,\"sizeSlug\":\"large\",\"linkDestination\":\"none\",\"beyondwordsMarker\":\"e33487b0-4c32-47b6-abfb-8914b3ea84c7\"} -->\n<figure class=\"wp-block-image size-large\"><img src=\"https:\/\/www.kosiceregion.com\/wp-content\/uploads\/2024\/06\/IMG_3126-1024x768.jpg\" alt=\"\" class=\"wp-image-12505\"\/><\/figure>\n<!-- \/wp:image -->\n\n<!-- wp:paragraph {\"beyondwordsMarker\":\"9deba40b-c425-4a57-85d8-f56f34dabf28\"} -->\n<p>V\u0161etci nad\u0161enci automobilov a v\u0161etky vekov\u00e9 kateg\u00f3rie si pri tejto n\u00e1v\u0161teve pr\u00eddu na svoje. T\u00e1 elegancia, ak\u00e1 sa kedysi kl\u00e1dla na detail t\u00fdchto \u00e1ut alebo ako ja hovor\u00ed: \u201a,t\u00e1to\u0161ov,, je neskuto\u010dn\u00e1. Po\u010das celej prehliadky medzi t\u00fdm mno\u017estvom n\u00e1dherne vyle\u0161ten\u00fdch veter\u00e1nov som mala pocit, ako keby som \u017eila v ich dobe. Atmosf\u00e9ra ma stiahla do \u00fapln\u00e9ho deja a diania t\u00fdch rokov. Viem si \u017eivo predstavi\u0165, \u017ee svoje auto raz vymen\u00edm za nie\u010do tak\u00e9to \u2013 Viete si to predstavi\u0165 aj Vy ?<\/p>\n<!-- \/wp:paragraph -->\n\n<!-- wp:paragraph {\"beyondwordsMarker\":\"6e50325f-8337-44c8-b894-0f7299c813c6\"} -->\n<p>V m\u00fazeu som postupne spoznala r\u00f4zne zna\u010dky svetovo zn\u00e1mych americk\u00fdch a eur\u00f3pskych spolo\u010dnost\u00ed, o ktor\u00fdch som dodnes po\u010dula iba z filmov \u010di internetu. Ka\u017ed\u00e9 auto mi pripom\u00ednalo in\u00fd kultov\u00fd trh\u00e1k. To bol z\u00e1\u017eitok pre moju myse\u013e i du\u0161u filmov\u00e9ho nad\u0161enca.<\/p>\n<!-- \/wp:paragraph -->\n\n<!-- wp:paragraph {\"beyondwordsMarker\":\"622ca21a-1356-48c4-9668-cd85523bb77e\"} -->\n<p>Ak o tomto m\u00fazeu po\u010dujete odo m\u0148a prv\u00fdkr\u00e1t a chceli by ste tam vyrazi\u0165 tie\u017e, prezrad\u00edm v\u00e1m, \u017ee sl\u00fa\u017ei nielen na predstavenie technickej hist\u00f3rie regi\u00f3nu a kraja, ale n\u00e1jdete tam aj mno\u017estvo interakt\u00edvnych aktiv\u00edt, kde si prever\u00edte znalosti i zru\u010dnosti, tak\u017ee nudy sa ur\u010dite nebojte.<\/p>\n<!-- \/wp:paragraph -->\n\n<!-- wp:image {\"id\":12506,\"width\":\"841px\",\"height\":\"auto\",\"sizeSlug\":\"large\",\"linkDestination\":\"none\",\"beyondwordsMarker\":\"3644073d-2a5b-4d0b-bdd5-eb3a4045c5a9\"} -->\n<figure class=\"wp-block-image size-large is-resized\"><img src=\"https:\/\/www.kosiceregion.com\/wp-content\/uploads\/2024\/06\/IMG_3151-768x1024.jpg\" alt=\"\" class=\"wp-image-12506\" style=\"width:841px;height:auto\"\/><\/figure>\n<!-- \/wp:image -->\n\n<!-- wp:gallery {\"linkTo\":\"none\",\"beyondwordsMarker\":\"77930018-fd43-4a84-8f01-ab39ded038e2\"} -->\n<figure class=\"wp-block-gallery has-nested-images columns-default is-cropped\"><!-- wp:image {\"id\":12509,\"sizeSlug\":\"large\",\"linkDestination\":\"none\",\"beyondwordsMarker\":\"f1df7bd6-77d2-4eea-aac2-2ec91cc1d09a\"} -->\n<figure class=\"wp-block-image size-large\"><img src=\"https:\/\/www.kosiceregion.com\/wp-content\/uploads\/2024\/06\/IMG_3104-768x1024.jpg\" alt=\"\" class=\"wp-image-12509\"\/><\/figure>\n<!-- \/wp:image -->\n\n<!-- wp:image {\"id\":12507,\"sizeSlug\":\"large\",\"linkDestination\":\"none\",\"beyondwordsMarker\":\"59085415-28d2-4d51-b71b-0065e754ad39\"} -->\n<figure class=\"wp-block-image size-large\"><img src=\"https:\/\/www.kosiceregion.com\/wp-content\/uploads\/2024\/06\/IMG_3113-1024x768.jpg\" alt=\"\" class=\"wp-image-12507\"\/><\/figure>\n<!-- \/wp:image -->\n\n<!-- wp:image {\"id\":12508,\"sizeSlug\":\"large\",\"linkDestination\":\"none\",\"beyondwordsMarker\":\"36a82735-e2ec-4acd-b748-877f50171f56\"} -->\n<figure class=\"wp-block-image size-large\"><img src=\"https:\/\/www.kosiceregion.com\/wp-content\/uploads\/2024\/06\/IMG_3115-768x1024.jpg\" alt=\"\" class=\"wp-image-12508\"\/><\/figure>\n<!-- \/wp:image --><\/figure>\n<!-- \/wp:gallery -->\n\n<!-- wp:paragraph {\"beyondwordsMarker\":\"861c5b71-4ce8-4c7f-8357-eb32ac6ed7d6\"} -->\n<p><\/p>\n<!-- \/wp:paragraph -->\n\n<!-- wp:paragraph {\"beyondwordsMarker\":\"de69d31d-a2a0-4366-be37-7638609b5432\"} -->\n<p>S\u00fa\u010das\u0165ou m\u00fazea je taktie\u017e vyhliadkov\u00fd turistick\u00fd vl\u00e1\u010dik s n\u00e1zvom \u201eVETER\u00c1N EXPRESS\u201c, ktor\u00fd sl\u00fa\u017ei nielen na predstavenie mesta Michalovce, ale aj na prepojenie mesta s jednou z najv\u00e4\u010d\u0161\u00edch turistick\u00fdch lokal\u00edt, Zempl\u00ednskou \u0161\u00edravou. Milujem turistick\u00e9 vl\u00e1\u010diky, nemus\u00edm chodi\u0165 pe\u0161o a ve\u013ea si toho v\u010faka nim pozriem. Hotov\u00fd luxus.<\/p>\n<!-- \/wp:paragraph -->\n\n<!-- wp:tadv\/classic-paragraph {\"beyondwordsMarker\":\"0b1d1104-a62c-471a-bc82-7a26445e0daa\"} -->\n<p>\u017dia\u013e, ja som tento vl\u00e1\u010dik pri mojej n\u00e1v\u0161teve m\u00fazea u\u017e nestihla, av\u0161ak v\u00f4bec nesm\u00fatim, preto\u017ee m\u00e1m o d\u00f4vod viac znovu nav\u0161t\u00edvi\u0165 toto n\u00e1dhern\u00e9 \u010darovn\u00e9 m\u00fazeum a jednozna\u010dne to u\u017e spoj\u00edm aj s prehliadkou mesta Michalovce a spom\u00ednanou \u0160\u00edravou.<\/p>\n<p>Pocit, ktor\u00fd toto m\u00fazeum vo mne zanechalo, je ve\u013emi siln\u00fd. Zmes nostalgie, nad\u0161enia a obdivu vo\u010di t\u00fdmto \u0161tvorkolesov\u00fdm kr\u00e1skam. Mysl\u00edm, \u017ee veter\u00e1ny ma v\u010faka tejto sk\u00fasenosti uchv\u00e1tili nato\u013eko, \u017ee ich za\u010dnem viac sledova\u0165 a ur\u010dite si podujatia alebo aj in\u00e9 m\u00faz\u00e1, kde bud\u00fa, rada pozriem.<\/p>\n<p>A nakoniec cit\u00e1t, ktor\u00fd pod\u013ea m\u0148a m\u00f4j v\u00fdlet \u00faplne vystihuje: \"Hist\u00f3ria t\u00fdm, \u017ee pod\u00e1va spr\u00e1vu o minulosti, umo\u017e\u0148uje \u013eu\u010fom posudzova\u0165 pr\u00edtomnos\u0165.\u201c Pos\u00fa\u010fme sami, ako sa v\u00fdvoj \u00e1ut posunul dopredu, \u010di je to k lep\u0161iemu alebo k hor\u0161iemu pre n\u00e1s a pre plan\u00e9tu.&nbsp;<\/p>\n<!-- \/wp:tadv\/classic-paragraph -->\n\n<!-- wp:image {\"id\":12510,\"width\":\"840px\",\"height\":\"auto\",\"sizeSlug\":\"large\",\"linkDestination\":\"none\",\"beyondwordsMarker\":\"f309bd01-7a33-40e8-8ce2-f49763a012e8\"} -->\n<figure class=\"wp-block-image size-large is-resized\"><img src=\"https:\/\/www.kosiceregion.com\/wp-content\/uploads\/2024\/06\/IMG_3138-768x1024.jpg\" alt=\"\" class=\"wp-image-12510\" style=\"width:840px;height:auto\"\/><\/figure>\n<!-- \/wp:image -->\n\n<!-- wp:image {\"id\":12511,\"width\":\"840px\",\"height\":\"auto\",\"sizeSlug\":\"large\",\"linkDestination\":\"none\",\"beyondwordsMarker\":\"70ffacd4-3125-46bf-a94d-b06a61fdc723\"} -->\n<figure class=\"wp-block-image size-large is-resized\"><img src=\"https:\/\/www.kosiceregion.com\/wp-content\/uploads\/2024\/06\/IMG_3202-768x1024.jpg\" alt=\"\" class=\"wp-image-12511\" style=\"width:840px;height:auto\"\/><\/figure>\n<!-- \/wp:image -->\n\n<!-- wp:paragraph {\"beyondwordsMarker\":\"4714cbc6-7686-437d-84d5-f300a1d8eb7c\"} -->\n<p><\/p>\n<!-- \/wp:paragraph -->\n\n<!-- wp:tadv\/classic-paragraph {\"beyondwordsMarker\":\"1d0d2bf1-3445-4fe4-a77d-452ed4104114\"} -->\n<p>Ke\u010f\u017ee sa m\u00fazeum nach\u00e1dza priamo v meste Michalovce, s parkovan\u00edm nie je \u017eiadny probl\u00e9m.<\/p>\n<p>Viac sa o tomto mieste dozviete na: <a href=\"https:\/\/www.keturist.sk\/info\/muzeum-veteranov-v-michalovciach-otvaracie-hodiny\/\">M\u00fazeum veter\u00e1nov.<\/a><\/p>\n<!-- \/wp:tadv\/classic-paragraph -->\n\n<!-- wp:heading {\"textAlign\":\"center\",\"beyondwordsMarker\":\"5e79610e-6a37-445b-a2f9-90392eb00e87\"} -->\n<h2 class=\"wp-block-heading has-text-align-center\">Dopravn\u00e1 dostupnos\u0165<\/h2>\n<!-- \/wp:heading -->\n\n<!-- wp:tadv\/classic-paragraph {\"beyondwordsMarker\":\"3e4c1e82-9cbd-4981-b6ca-a6eeb015b870\"} -->\n<p>\u00a0<\/p>\n<table class=\" aligncenter\" style=\"height: 409px; width: 72.8588%; border-collapse: collapse;\">\n<tbody>\n<tr style=\"height: 216px;\">\n<td style=\"width: 20%; height: 210px;\"><img class=\"aligncenter\" src=\"https:\/\/www.kosiceregion.com\/wp-content\/uploads\/2021\/05\/Icon_black__parking.png\" alt=\"\" width=\"35\" height=\"35\" \/><\/td>\n<td style=\"width: 20%; height: 210px;\">\n<p><strong>Parkovanie<\/strong><\/p>\n<p>\u00c1NO<br \/>(<a href=\"http:\/\/&lt;iframe style=&quot;border:none&quot; src=&quot;https:\/\/sk.frame.mapy.cz\/s\/nulujadopa&quot; width=&quot;400&quot; height=&quot;280&quot; frameborder=&quot;0&quot;&gt;&lt;\/iframe&gt;\" data-wplink-url-error=\"true\">Zobrazi\u0165 na mape<\/a>)<\/p>\n<\/td>\n<td style=\"width: 20.5727%; height: 210px;\"><img class=\"aligncenter\" src=\"https:\/\/www.kosiceregion.com\/wp-content\/uploads\/2021\/05\/Icon_black__bus.png\" alt=\"\" width=\"35\" height=\"35\" \/><\/td>\n<td style=\"width: 22.9886%; height: 210px;\">\n<p><strong>Autobusov\u00e1 zast\u00e1vka<\/strong><\/p>\n<p>\u00c1NO<br \/>(<a href=\"https:\/\/maps.app.goo.gl\/atY1ZEw5vfBCd1UU8\">Zobrazi\u0165 na mape<\/a>)<\/p>\n<\/td>\n<\/tr>\n<tr style=\"height: 216px;\">\n<td style=\"width: 20%; height: 199px;\"><img class=\"aligncenter\" src=\"https:\/\/www.kosiceregion.com\/wp-content\/uploads\/2021\/05\/Icon_black__train.png\" alt=\"\" width=\"35\" height=\"35\" \/><\/td>\n<td style=\"width: 20%; height: 199px;\">\n<p><strong>Vlakov\u00e1 zast\u00e1vka<\/strong><\/p>\n<p>\u00c1NO<br \/>(<a href=\"https:\/\/maps.app.goo.gl\/qvQxWWa6rENjm9288\">Zobrazi\u0165 na mape<\/a>)<\/p>\n<\/td>\n<td style=\"width: 20.5727%; height: 199px;\">\u00a0<\/td>\n<td style=\"width: 22.9886%; height: 199px;\">\u00a0<\/td>\n<\/tr>\n<\/tbody>\n<\/table>\n<p>\u00a0<\/p>\n<!-- \/wp:tadv\/classic-paragraph -->\n\n<!-- wp:html {\"beyondwordsMarker\":\"3bee2bbc-7d74-4caa-a785-af8626aefd72\"} -->\n<iframe style=\"border:none\" src=\"https:\/\/sk.frame.mapy.cz\/s\/cepomotaco\" width=\"400\" height=\"280\" frameborder=\"0\"><\/iframe>\n<!-- \/wp:html -->\n\n<!-- wp:tadv\/classic-paragraph {\"beyondwordsMarker\":\"dcb0cd42-7e70-4667-9867-c17168b9f320\"} -->\n<p>Viac in\u0161pir\u00e1ci\u00ed n\u00e1jdete na soci\u00e1lnej sieti Instagram a \u00fa\u010dte <a href=\"https:\/\/www.instagram.com\/nacestachsnikou\/\">@nacestachsnikou.<\/a><\/p>\n<!-- \/wp:tadv\/classic-paragraph -->\n\n<!-- wp:image {\"id\":10348,\"sizeSlug\":\"large\",\"linkDestination\":\"custom\",\"beyondwordsMarker\":\"d4428849-c72c-4fc8-9e50-0067ad96c917\"} -->\n<figure class=\"wp-block-image size-large\"><img src=\"https:\/\/www.kosiceregion.com\/wp-content\/uploads\/2023\/04\/Obrazok1-1-1024x467.jpg\" alt=\"\" class=\"wp-image-10348\"\/><\/figure>\n<!-- \/wp:image -->\n\n<!-- wp:tadv\/classic-paragraph {\"beyondwordsMarker\":\"db07bc1e-5ed5-4949-a579-082b302e89e7\"} \/-->\n\n<!-- wp:tadv\/classic-paragraph {\"beyondwordsMarker\":\"a7bc2cfd-9fec-4924-9cb1-8909f659cddf\"} \/-->","_sk_post_name":"muzeum-veteranov-historia-na-kolesach","_sk_post_excerpt":"","_sk_post_title":"M\u00fazeum veter\u00e1nov - Hist\u00f3ria na koles\u00e1ch","_en_post_content":"","_en_post_name":"","_en_post_excerpt":"","_en_post_title":"","_hu_post_content":"","_hu_post_name":"","_hu_post_excerpt":"","_hu_post_title":"","_es_post_content":"","_es_post_name":"","_es_post_excerpt":"","_es_post_title":"","_de_post_content":"","_de_post_name":"","_de_post_excerpt":"","_de_post_title":"","_pl_post_content":"<!-- wp:tadv\/classic-paragraph {\"beyondwordsMarker\":\"4f5439ed-26d2-45f6-b2b0-b84ba3526dcc\"} -->\n<p><strong>Ambasadorzy Skraju \u015awiata: W podr\u00f3\u017cy z Nik\u0105<\/strong><\/p>\n<!-- \/wp:tadv\/classic-paragraph -->\n\n<!-- wp:tadv\/classic-paragraph {\"beyondwordsMarker\":\"af1ade0e-2362-4e31-957d-923079b72c84\"} -->\n<p>Ty te\u017c si\u0119 czasem zastanawiasz, jak to mo\u017cliwe, \u017ce na drogach wci\u0105\u017c pojawiaj\u0105 si\u0119 coraz to nowsze i nowocze\u015bniejsze samochody? Czasami nie nad\u0105\u017cam ju\u017c za rozwojem motoryzacji. W tym p\u0119dzie wypuszczania na rynek kolejnych modeli postanowi\u0142am na chwil\u0119 zwolni\u0107 i cofn\u0105\u0107 si\u0119 w czasie. Dowiedzie\u0107 si\u0119, jakie samochody je\u017adzi\u0142y kiedy\u015b po naszych drogach. Wybra\u0142am si\u0119 do nowo otwartego Muzeum Zabytkowych Pojazd\u00f3w w Michalovcach, kt\u00f3re opowiada o historii na czterech ko\u0142ach.&nbsp;<\/p>\n<p><\/p>\n<p>&nbsp;<\/p>\n<!-- \/wp:tadv\/classic-paragraph -->\n\n<!-- wp:tadv\/classic-paragraph {\"beyondwordsMarker\":\"a7723e2e-7fda-4386-a005-46819557f418\"} -->\n<p>Wszyscy entuzja\u015bci motoryzacji, niezale\u017cnie od wieku, powinni by\u0107 zadowoleni. To niesamowite, jak\u0105 wag\u0119 niegdy\u015b przywi\u0105zywano do detali w samochodach, czy jak je czasem nazywam \u201erumak\u00f3w na ko\u0142ach\u201d. Ogl\u0105daj\u0105c doskonale utrzymane i pi\u0119knie wypolerowane zabytkowe pojazdy, czu\u0142am si\u0119, jakbym cofn\u0119\u0142a si\u0119 w czasie. Ch\u0142on\u0119\u0142am atmosfer\u0119 miejsca i dos\u0142ownie podr\u00f3\u017cowa\u0142am w czasie. Mog\u0119 sobie wyobrazi\u0107, \u017ce pewnego dnia wymieni\u0142abym sw\u00f3j samoch\u00f3d na jaki\u015b zabytkowy model. A Ty? Te\u017c by\u015b si\u0119 wymieni\u0142?<\/p>\n<p>W muzeum obejrza\u0142am r\u00f3\u017cne modele znanych na ca\u0142ym \u015bwiecie ameryka\u0144skich i europejskich marek samochod\u00f3w, o kt\u00f3rych istnieniu dot\u0105d wiedzia\u0142am tylko z film\u00f3w lub Internetu. Ka\u017cdy samoch\u00f3d przypomina\u0142 mi inny kultowy hit. To by\u0142a prawdziwa przyjemno\u015b\u0107 dla mojego umys\u0142u i duszy mi\u0142o\u015bniczki kina.<\/p>\n<!-- \/wp:tadv\/classic-paragraph -->\n\n<!-- wp:image {\"id\":13717,\"sizeSlug\":\"full\",\"linkDestination\":\"none\",\"beyondwordsMarker\":\"2f44be4f-0ef3-4b58-ba97-1f8d5071a1c9\"} -->\n<figure class=\"wp-block-image size-full\"><img src=\"https:\/\/www.kosiceregion.com\/wp-content\/uploads\/2024\/06\/IMG_3126-1024x768-1.jpg\" alt=\"\" class=\"wp-image-13717\"\/><\/figure>\n<!-- \/wp:image -->\n\n<!-- wp:tadv\/classic-paragraph {\"beyondwordsMarker\":\"3ea3c4a8-f0bc-404c-8fca-35ee2e54adf8\"} -->\n<p>Je\u015bli pierwszy raz s\u0142yszysz o tym muzeum ode mnie i chcia\u0142by\u015b si\u0119 tam wybra\u0107, to zdradz\u0119 Ci, \u017ce przedstawia ono nie tylko histori\u0119 regionu i powiatu od strony technicznej. Znajdziesz w nim wiele interaktywnych atrakcji sprawdzaj\u0105cych wiedz\u0119 i umiej\u0119tno\u015bci, wi\u0119c nie b\u0119dzie czasu na nud\u0119.<\/p>\n<p>W muzeum znajduje si\u0119 r\u00f3wnie\u017c ciuchcia turystyczna \u201eZABYTKOWY EXPRESS\u201d, kt\u00f3r\u0105 mo\u017cna odby\u0107 przeja\u017cd\u017ck\u0119 po Michalovcach lub dotrze\u0107 do jednej z najpopularniejszych atrakcji w okolicy \u2013 nad zalew Zempl\u00ednsk\u00e1 \u0161\u00edrava. Uwielbiam takie ciuchcie! Dzi\u0119ki nim mo\u017cna sporo zobaczy\u0107 i nie trzeba si\u0119 przy tym nachodzi\u0107. To prawdziwy luksus.<\/p>\n<p>Niestety, podczas swojej wizyty w muzeum nie zd\u0105\u017cy\u0142am skorzysta\u0107 z ciuchci, ale wcale mnie to nie smuci. Przynajmniej mam pow\u00f3d, by ponownie odwiedzi\u0107 to wspania\u0142e miejsce i po\u0142\u0105czy\u0107 wizyt\u0119 ze zwiedzaniem miasta Michalovce lub wybra\u0107 si\u0119 nad zalew.<\/p>\n<!-- \/wp:tadv\/classic-paragraph -->\n\n<!-- wp:image {\"id\":13718,\"sizeSlug\":\"full\",\"linkDestination\":\"none\",\"beyondwordsMarker\":\"c9140271-9903-4867-9c99-529376b1ccc5\"} -->\n<figure class=\"wp-block-image size-full\"><img src=\"https:\/\/www.kosiceregion.com\/wp-content\/uploads\/2024\/06\/IMG_3151-768x1024-1.jpg\" alt=\"\" class=\"wp-image-13718\"\/><\/figure>\n<!-- \/wp:image -->\n\n<!-- wp:tadv\/classic-paragraph {\"beyondwordsMarker\":\"d991a7ce-e513-4d24-9c38-e77248d6eb74\"} -->\n<p>Muzeum wzbudzi\u0142o we mnie wiele emocji. To specyficzna mieszanka nostalgii, zachwytu i podziwu dla tych pi\u0119knych okaz\u00f3w. My\u015bl\u0119, \u017ce zabytkowe samochody urzek\u0142y mnie tak bardzo, \u017ce zaczn\u0119 si\u0119 nimi na powa\u017cnie interesowa\u0107 i b\u0119d\u0119 \u015bledzi\u0107 wydarzenia, na kt\u00f3rych si\u0119 pojawiaj\u0105.<\/p>\n<p>I na koniec cytat, kt\u00f3ry w moim poczuciu idealnie podsumowuje moj\u0105 wycieczk\u0119: \u201eRelacjonuj\u0105c przesz\u0142o\u015b\u0107, historia pozwala ludziom ocenia\u0107 tera\u017aniejszo\u015b\u0107\u201d. Sami oce\u0144my, w jakim kierunku poszed\u0142 rozw\u00f3j motoryzacji i czy to zmiana na lepsze, czy na gorsze \u2013 dla nas i dla planety.&nbsp;<\/p>\n<p>Muzeum znajduje si\u0119 w mie\u015bcie Michalovce, zatem nie ma najmniejszego problemu z parkowaniem.<\/p>\n<p>Wi\u0119cej informacji o tym miejscu mo\u017cna znale\u017a\u0107 na:&nbsp;<a href=\"https:\/\/www.keturist.sk\/info\/muzeum-veteranov-v-michalovciach-otvaracie-hodiny\/\">Muzeum zabytkowych pojazd\u00f3w<\/a><\/p>\n<!-- \/wp:tadv\/classic-paragraph -->\n\n<!-- wp:gallery {\"linkTo\":\"none\",\"beyondwordsMarker\":\"8a7c4080-e52c-4dd8-ac40-af6c6e8687de\"} -->\n<figure class=\"wp-block-gallery has-nested-images columns-default is-cropped\"><!-- wp:image {\"id\":13719,\"sizeSlug\":\"large\",\"linkDestination\":\"none\",\"beyondwordsMarker\":\"ffabbac3-7408-40e4-8183-bb8fce95af62\"} -->\n<figure class=\"wp-block-image size-large\"><img src=\"https:\/\/www.kosiceregion.com\/wp-content\/uploads\/2024\/06\/IMG_3115-768x1024-1.jpg\" alt=\"\" class=\"wp-image-13719\"\/><\/figure>\n<!-- \/wp:image -->\n\n<!-- wp:image {\"id\":13720,\"sizeSlug\":\"large\",\"linkDestination\":\"none\",\"beyondwordsMarker\":\"e2919292-3fa4-4bd9-8162-58f98e6f7750\"} -->\n<figure class=\"wp-block-image size-large\"><img src=\"https:\/\/www.kosiceregion.com\/wp-content\/uploads\/2024\/06\/IMG_3113-1024x768-1.jpg\" alt=\"\" class=\"wp-image-13720\"\/><\/figure>\n<!-- \/wp:image -->\n\n<!-- wp:image {\"id\":13721,\"sizeSlug\":\"large\",\"linkDestination\":\"none\",\"beyondwordsMarker\":\"8ab9e7bb-a6d1-4ffe-8ad8-fa76888876e2\"} -->\n<figure class=\"wp-block-image size-large\"><img src=\"https:\/\/www.kosiceregion.com\/wp-content\/uploads\/2024\/06\/IMG_3104-768x1024-1.jpg\" alt=\"\" class=\"wp-image-13721\"\/><\/figure>\n<!-- \/wp:image --><\/figure>\n<!-- \/wp:gallery -->\n\n<!-- wp:image {\"id\":13723,\"sizeSlug\":\"full\",\"linkDestination\":\"none\",\"beyondwordsMarker\":\"1e268224-3e6e-450c-a727-4590cf5beed1\"} -->\n<figure class=\"wp-block-image size-full\"><img src=\"https:\/\/www.kosiceregion.com\/wp-content\/uploads\/2024\/06\/IMG_3138-768x1024-1.jpg\" alt=\"\" class=\"wp-image-13723\"\/><\/figure>\n<!-- \/wp:image -->\n\n<!-- wp:tadv\/classic-paragraph {\"beyondwordsMarker\":\"850ac2dd-93d9-4694-80ae-cea0e153a8d5\"} -->\n<p>\u00a0<\/p>\n<p><!-- wp:heading {\"textAlign\":\"center\",\"beyondwordsMarker\":\"5e79610e-6a37-445b-a2f9-90392eb00e87\"} --><\/p>\n<h2 class=\"wp-block-heading has-text-align-center\">Transport<\/h2>\n<p><!-- \/wp:heading --> <!-- wp:tadv\/classic-paragraph {\"beyondwordsMarker\":\"3e4c1e82-9cbd-4981-b6ca-a6eeb015b870\"} --><\/p>\n<p>\u00a0<\/p>\n<table class=\" aligncenter\" style=\"width: 100%;\">\n<tbody>\n<tr>\n<td style=\"width: 4.52381%;\"><img class=\"aligncenter\" src=\"https:\/\/www.kosiceregion.com\/wp-content\/uploads\/2021\/05\/Icon_black__parking.png\" alt=\"\" width=\"35\" height=\"35\" \/><\/td>\n<td style=\"width: 29.5238%;\">\n<p><strong>Parking<\/strong><\/p>\n<p>TAK<br \/>(<a href=\"http:\/\/&lt;iframe style=&quot;border:none&quot; src=&quot;https:\/\/sk.frame.mapy.cz\/s\/nulujadopa&quot; width=&quot;400&quot; height=&quot;280&quot; frameborder=&quot;0&quot;&gt;&lt;\/iframe&gt;\" data-wplink-url-error=\"true\">Zobrazi\u0165 na mape<\/a>)<\/p>\n<\/td>\n<td style=\"width: 5.2381%;\"><img class=\"aligncenter\" src=\"https:\/\/www.kosiceregion.com\/wp-content\/uploads\/2021\/05\/Icon_black__bus.png\" alt=\"\" width=\"35\" height=\"35\" \/><\/td>\n<td style=\"width: 19.7619%;\">\n<p><strong>Przystanek autobusowy<\/strong><\/p>\n<p>TAK<br \/>(<a href=\"https:\/\/maps.app.goo.gl\/atY1ZEw5vfBCd1UU8\">Zobrazi\u0165 na mape<\/a>)<\/p>\n<\/td>\n<\/tr>\n<tr>\n<td style=\"width: 4.52381%;\"><img class=\"aligncenter\" src=\"https:\/\/www.kosiceregion.com\/wp-content\/uploads\/2021\/05\/Icon_black__train.png\" alt=\"\" width=\"35\" height=\"35\" \/><\/td>\n<td style=\"width: 29.5238%;\">\n<p><strong>Stacja kolejowa<\/strong><\/p>\n<p>TAK<br \/>(<a href=\"https:\/\/maps.app.goo.gl\/qvQxWWa6rENjm9288\">Zobrazi\u0165 na mape<\/a>)<\/p>\n<\/td>\n<td style=\"width: 5.2381%;\">\u00a0<\/td>\n<td style=\"width: 19.7619%;\">\u00a0<\/td>\n<\/tr>\n<\/tbody>\n<\/table>\n<p>\u00a0<\/p>\n<p><!-- \/wp:tadv\/classic-paragraph --><\/p>\n<!-- \/wp:tadv\/classic-paragraph -->\n\n<!-- wp:tadv\/classic-paragraph {\"beyondwordsMarker\":\"0eeb0daf-0ac3-4ae0-b9f6-32647fd35f5a\"} -->\n<p>Implemented with the financial support of the Ministry of Tourism and Sports of the Slovak Republic.<\/p>\n<!-- \/wp:tadv\/classic-paragraph -->\n\n<!-- wp:image {\"id\":13817,\"sizeSlug\":\"full\",\"linkDestination\":\"none\",\"beyondwordsMarker\":\"af644da3-87d5-4ef3-baf4-6fbe24514520\"} -->\n<figure class=\"wp-block-image size-full\"><img src=\"https:\/\/www.kosiceregion.com\/wp-content\/uploads\/2024\/06\/logo_Min-CestovnehoRuchu-a-Sportu_SR_EN_farba_cmyk-1024x410-2.jpg\" alt=\"\" class=\"wp-image-13817\"\/><\/figure>\n<!-- \/wp:image -->\n\n<!-- wp:image {\"id\":13722,\"sizeSlug\":\"full\",\"linkDestination\":\"none\",\"beyondwordsMarker\":\"a1b13892-28a6-4dc4-ba39-05da65791d10\"} -->\n<figure class=\"wp-block-image size-full\"><img src=\"https:\/\/www.kosiceregion.com\/wp-content\/uploads\/2024\/06\/Obrazok1-1-1024x467-2.jpg\" alt=\"\" class=\"wp-image-13722\"\/><\/figure>\n<!-- \/wp:image -->\n\n<!-- wp:tadv\/classic-paragraph {\"beyondwordsMarker\":\"92958b51-060e-439c-b252-a77b0ed095cb\"} \/-->\n\n<!-- wp:tadv\/classic-paragraph {\"beyondwordsMarker\":\"adbaa263-d00e-4e9b-ad46-af66aa74587b\"} \/-->","_pl_post_name":"muzeum-zabytkowych-pojazdow-historia-na-czterech-kolach","_pl_post_excerpt":"","_pl_post_title":"Muzeum Zabytkowych Pojazd\u00f3w \u2013 historia na czterech ko\u0142ach","_it_post_content":"","_it_post_name":"","_it_post_excerpt":"","_it_post_title":"","edit_language":"es","footnotes":""},"categories":[22,21],"tags":[],"class_list":["post-12504","post","type-post","status-publish","format-standard","has-post-thumbnail","hentry","category-get-inspired","category-theme"],"acf":[],"yoast_head":"<!-- This site is optimized with the Yoast SEO Premium plugin v25.5 (Yoast SEO v27.4) - https:\/\/yoast.com\/product\/yoast-seo-premium-wordpress\/ -->\n<title>Ko\u0161ice Regi\u00f3n<\/title>\n<meta name=\"description\" content=\"Ambas\u00e1dori Kraja sveta: Na cest\u00e1ch s Nikou  \n\n\n\nTie\u017e si vrav\u00edte, \u017ee na\u0161a dne\u0161n\u00e1 doba je dos\u0165 modern\u00e1, no napriek tomu sa na cest\u00e1ch objavuj\u00fa st\u00e1le nov\u00e9 a modernej\u0161ie aut\u00e1? Ja osobne niekedy nest\u00edham ten automobilov\u00fd v\u00fdvoj ani\u2026\" \/>\n<meta name=\"robots\" content=\"index, follow, max-snippet:-1, max-image-preview:large, max-video-preview:-1\" \/>\n<link rel=\"canonical\" href=\"https:\/\/www.kosiceregion.com\/sk\/muzeum-veteranov-historia-na-kolesach\/\" \/>\n<meta property=\"og:locale\" content=\"es_ES\" \/>\n<meta property=\"og:type\" content=\"article\" \/>\n<meta property=\"og:title\" content=\"M\u00fazeum veter\u00e1nov - Hist\u00f3ria na koles\u00e1ch\" \/>\n<meta property=\"og:description\" content=\"Ambas\u00e1dori Kraja sveta: Na cest\u00e1ch s Nikou Tie\u017e si vrav\u00edte, \u017ee na\u0161a dne\u0161n\u00e1 doba je dos\u0165 modern\u00e1, no napriek tomu sa na cest\u00e1ch objavuj\u00fa st\u00e1le nov\u00e9 a\" \/>\n<meta property=\"og:url\" content=\"https:\/\/www.kosiceregion.com\/es\/wp-json\/wp\/v2\/posts\/12504\" \/>\n<meta property=\"og:site_name\" content=\"Ko\u0161ice Regi\u00f3n\" \/>\n<meta property=\"article:publisher\" content=\"https:\/\/www.facebook.com\/kosiceregion\" \/>\n<meta property=\"article:published_time\" content=\"2024-06-04T18:16:02+00:00\" \/>\n<meta property=\"article:modified_time\" content=\"2025-01-10T09:47:32+00:00\" \/>\n<meta property=\"og:image\" content=\"https:\/\/www.kosiceregion.com\/wp-content\/uploads\/2024\/06\/IMG_3126-scaled.jpg\" \/>\n\t<meta property=\"og:image:width\" content=\"2560\" \/>\n\t<meta property=\"og:image:height\" content=\"1920\" \/>\n\t<meta property=\"og:image:type\" content=\"image\/jpeg\" \/>\n<meta name=\"author\" content=\"Al\u017ebera Gajodo\u0161ov\u00e1 Keru\u013eova\" \/>\n<meta name=\"twitter:card\" content=\"summary_large_image\" \/>\n<meta name=\"twitter:creator\" content=\"@KOSICEREGION\" \/>\n<meta name=\"twitter:site\" content=\"@KOSICEREGION\" \/>\n<meta name=\"twitter:label1\" content=\"Escrito por\" \/>\n\t<meta name=\"twitter:data1\" content=\"Al\u017ebera Gajodo\u0161ov\u00e1 Keru\u013eova\" \/>\n\t<meta name=\"twitter:label2\" content=\"Tiempo de lectura\" \/>\n\t<meta name=\"twitter:data2\" content=\"5 minutes\" \/>\n<script type=\"application\/ld+json\" class=\"yoast-schema-graph\">{\"@context\":\"https:\\\/\\\/schema.org\",\"@graph\":[{\"@type\":\"Article\",\"@id\":\"https:\\\/\\\/www.kosiceregion.com\\\/sk\\\/muzeum-veteranov-historia-na-kolesach\\\/#article\",\"isPartOf\":{\"@id\":\"https:\\\/\\\/www.kosiceregion.com\\\/sk\\\/muzeum-veteranov-historia-na-kolesach\\\/\"},\"author\":{\"name\":\"Al\u017ebera Gajodo\u0161ov\u00e1 Keru\u013eova\",\"@id\":\"https:\\\/\\\/www.kosiceregion.com\\\/#\\\/schema\\\/person\\\/6767e0141fc173d4b5b56458d146cbf3\"},\"headline\":\"M\u00fazeum veter\u00e1nov &#8211; Hist\u00f3ria na koles\u00e1ch\",\"datePublished\":\"2024-06-04T18:16:02+00:00\",\"dateModified\":\"2025-01-10T09:47:32+00:00\",\"mainEntityOfPage\":{\"@id\":\"https:\\\/\\\/www.kosiceregion.com\\\/sk\\\/muzeum-veteranov-historia-na-kolesach\\\/\"},\"wordCount\":663,\"publisher\":{\"@id\":\"https:\\\/\\\/www.kosiceregion.com\\\/#organization\"},\"image\":{\"@id\":\"https:\\\/\\\/www.kosiceregion.com\\\/sk\\\/muzeum-veteranov-historia-na-kolesach\\\/#primaryimage\"},\"thumbnailUrl\":\"https:\\\/\\\/www.kosiceregion.com\\\/wp-content\\\/uploads\\\/2024\\\/06\\\/IMG_3126-scaled.jpg\",\"articleSection\":[\"In\u0161piruj sa\",\"T\u00e9my\"],\"inLanguage\":\"es-ES\"},{\"@type\":\"WebPage\",\"@id\":\"https:\\\/\\\/www.kosiceregion.com\\\/sk\\\/muzeum-veteranov-historia-na-kolesach\\\/\",\"url\":\"https:\\\/\\\/www.kosiceregion.com\\\/sk\\\/muzeum-veteranov-historia-na-kolesach\\\/\",\"name\":\"M\u00fazeum veter\u00e1nov - Hist\u00f3ria na koles\u00e1ch - Ko\u0161ice Regi\u00f3n\",\"isPartOf\":{\"@id\":\"https:\\\/\\\/www.kosiceregion.com\\\/#website\"},\"primaryImageOfPage\":{\"@id\":\"https:\\\/\\\/www.kosiceregion.com\\\/sk\\\/muzeum-veteranov-historia-na-kolesach\\\/#primaryimage\"},\"image\":{\"@id\":\"https:\\\/\\\/www.kosiceregion.com\\\/sk\\\/muzeum-veteranov-historia-na-kolesach\\\/#primaryimage\"},\"thumbnailUrl\":\"https:\\\/\\\/www.kosiceregion.com\\\/wp-content\\\/uploads\\\/2024\\\/06\\\/IMG_3126-scaled.jpg\",\"datePublished\":\"2024-06-04T18:16:02+00:00\",\"dateModified\":\"2025-01-10T09:47:32+00:00\",\"description\":\"Ambas\u00e1dori Kraja sveta: Na cest\u00e1ch s Nikou Tie\u017e si vrav\u00edte, \u017ee na\u0161a dne\u0161n\u00e1 doba je dos\u0165 modern\u00e1, no napriek tomu sa na cest\u00e1ch objavuj\u00fa st\u00e1le nov\u00e9 a\",\"breadcrumb\":{\"@id\":\"https:\\\/\\\/www.kosiceregion.com\\\/sk\\\/muzeum-veteranov-historia-na-kolesach\\\/#breadcrumb\"},\"inLanguage\":\"es-ES\",\"potentialAction\":[{\"@type\":\"ReadAction\",\"target\":[\"https:\\\/\\\/www.kosiceregion.com\\\/sk\\\/muzeum-veteranov-historia-na-kolesach\\\/\"]}]},{\"@type\":\"ImageObject\",\"inLanguage\":\"es-ES\",\"@id\":\"https:\\\/\\\/www.kosiceregion.com\\\/sk\\\/muzeum-veteranov-historia-na-kolesach\\\/#primaryimage\",\"url\":\"https:\\\/\\\/www.kosiceregion.com\\\/wp-content\\\/uploads\\\/2024\\\/06\\\/IMG_3126-scaled.jpg\",\"contentUrl\":\"https:\\\/\\\/www.kosiceregion.com\\\/wp-content\\\/uploads\\\/2024\\\/06\\\/IMG_3126-scaled.jpg\",\"width\":2560,\"height\":1920},{\"@type\":\"BreadcrumbList\",\"@id\":\"https:\\\/\\\/www.kosiceregion.com\\\/sk\\\/muzeum-veteranov-historia-na-kolesach\\\/#breadcrumb\",\"itemListElement\":[{\"@type\":\"ListItem\",\"position\":1,\"name\":\"Home\",\"item\":\"https:\\\/\\\/www.kosiceregion.com\\\/sk\\\/\"},{\"@type\":\"ListItem\",\"position\":2,\"name\":\"M\u00fazeum veter\u00e1nov &#8211; Hist\u00f3ria na koles\u00e1ch\"}]},{\"@type\":\"WebSite\",\"@id\":\"https:\\\/\\\/www.kosiceregion.com\\\/#website\",\"url\":\"https:\\\/\\\/www.kosiceregion.com\\\/\",\"name\":\"Ko\u0161ice Regi\u00f3n\",\"description\":\"Turistick\u00fd sprievodca Ko\u0161ick\u00fdm krajom\",\"publisher\":{\"@id\":\"https:\\\/\\\/www.kosiceregion.com\\\/#organization\"},\"potentialAction\":[{\"@type\":\"SearchAction\",\"target\":{\"@type\":\"EntryPoint\",\"urlTemplate\":\"https:\\\/\\\/www.kosiceregion.com\\\/?s={search_term_string}\"},\"query-input\":{\"@type\":\"PropertyValueSpecification\",\"valueRequired\":true,\"valueName\":\"search_term_string\"}}],\"inLanguage\":\"es-ES\"},{\"@type\":\"Organization\",\"@id\":\"https:\\\/\\\/www.kosiceregion.com\\\/#organization\",\"name\":\"Ko\u0161ice Regi\u00f3n Turizmus\",\"url\":\"https:\\\/\\\/www.kosiceregion.com\\\/\",\"logo\":{\"@type\":\"ImageObject\",\"inLanguage\":\"es-ES\",\"@id\":\"https:\\\/\\\/www.kosiceregion.com\\\/#\\\/schema\\\/logo\\\/image\\\/\",\"url\":\"https:\\\/\\\/www.kosiceregion.com\\\/wp-content\\\/uploads\\\/2019\\\/03\\\/logo-web-sk.png\",\"contentUrl\":\"https:\\\/\\\/www.kosiceregion.com\\\/wp-content\\\/uploads\\\/2019\\\/03\\\/logo-web-sk.png\",\"width\":225,\"height\":100,\"caption\":\"Ko\u0161ice Regi\u00f3n Turizmus\"},\"image\":{\"@id\":\"https:\\\/\\\/www.kosiceregion.com\\\/#\\\/schema\\\/logo\\\/image\\\/\"},\"sameAs\":[\"https:\\\/\\\/www.facebook.com\\\/kosiceregion\",\"https:\\\/\\\/x.com\\\/KOSICEREGION\",\"https:\\\/\\\/www.instagram.com\\\/kosiceregion\",\"https:\\\/\\\/www.youtube.com\\\/kosiceregion\"]},{\"@type\":\"Person\",\"@id\":\"https:\\\/\\\/www.kosiceregion.com\\\/#\\\/schema\\\/person\\\/6767e0141fc173d4b5b56458d146cbf3\",\"name\":\"Al\u017ebera Gajodo\u0161ov\u00e1 Keru\u013eova\",\"image\":{\"@type\":\"ImageObject\",\"inLanguage\":\"es-ES\",\"@id\":\"https:\\\/\\\/secure.gravatar.com\\\/avatar\\\/e9498597f063f365a6677640a0fda0f441042c67449ab77a1f6e3a7a04ae7098?s=96&d=mm&r=g\",\"url\":\"https:\\\/\\\/secure.gravatar.com\\\/avatar\\\/e9498597f063f365a6677640a0fda0f441042c67449ab77a1f6e3a7a04ae7098?s=96&d=mm&r=g\",\"contentUrl\":\"https:\\\/\\\/secure.gravatar.com\\\/avatar\\\/e9498597f063f365a6677640a0fda0f441042c67449ab77a1f6e3a7a04ae7098?s=96&d=mm&r=g\",\"caption\":\"Al\u017ebera Gajodo\u0161ov\u00e1 Keru\u013eova\"}}]}<\/script>\n<!-- \/ Yoast SEO Premium plugin. -->","yoast_head_json":{"title":"Ko\u0161ice Regi\u00f3n","description":"Ambas\u00e1dori Kraja sveta: Na cest\u00e1ch s Nikou  \n\n\n\nTie\u017e si vrav\u00edte, \u017ee na\u0161a dne\u0161n\u00e1 doba je dos\u0165 modern\u00e1, no napriek tomu sa na cest\u00e1ch objavuj\u00fa st\u00e1le nov\u00e9 a modernej\u0161ie aut\u00e1? Ja osobne niekedy nest\u00edham ten automobilov\u00fd v\u00fdvoj ani\u2026","robots":{"index":"index","follow":"follow","max-snippet":"max-snippet:-1","max-image-preview":"max-image-preview:large","max-video-preview":"max-video-preview:-1"},"canonical":"https:\/\/www.kosiceregion.com\/sk\/muzeum-veteranov-historia-na-kolesach\/","og_locale":"es_ES","og_type":"article","og_title":"M\u00fazeum veter\u00e1nov - Hist\u00f3ria na koles\u00e1ch","og_description":"Ambas\u00e1dori Kraja sveta: Na cest\u00e1ch s Nikou Tie\u017e si vrav\u00edte, \u017ee na\u0161a dne\u0161n\u00e1 doba je dos\u0165 modern\u00e1, no napriek tomu sa na cest\u00e1ch objavuj\u00fa st\u00e1le nov\u00e9 a","og_url":"https:\/\/www.kosiceregion.com\/es\/wp-json\/wp\/v2\/posts\/12504","og_site_name":"Ko\u0161ice Regi\u00f3n","article_publisher":"https:\/\/www.facebook.com\/kosiceregion","article_published_time":"2024-06-04T18:16:02+00:00","article_modified_time":"2025-01-10T09:47:32+00:00","og_image":[{"width":2560,"height":1920,"url":"https:\/\/www.kosiceregion.com\/wp-content\/uploads\/2024\/06\/IMG_3126-scaled.jpg","type":"image\/jpeg"}],"author":"Al\u017ebera Gajodo\u0161ov\u00e1 Keru\u013eova","twitter_card":"summary_large_image","twitter_creator":"@KOSICEREGION","twitter_site":"@KOSICEREGION","twitter_misc":{"Escrito por":"Al\u017ebera Gajodo\u0161ov\u00e1 Keru\u013eova","Tiempo de lectura":"5 minutes"},"schema":{"@context":"https:\/\/schema.org","@graph":[{"@type":"Article","@id":"https:\/\/www.kosiceregion.com\/sk\/muzeum-veteranov-historia-na-kolesach\/#article","isPartOf":{"@id":"https:\/\/www.kosiceregion.com\/sk\/muzeum-veteranov-historia-na-kolesach\/"},"author":{"name":"Al\u017ebera Gajodo\u0161ov\u00e1 Keru\u013eova","@id":"https:\/\/www.kosiceregion.com\/#\/schema\/person\/6767e0141fc173d4b5b56458d146cbf3"},"headline":"M\u00fazeum veter\u00e1nov &#8211; Hist\u00f3ria na koles\u00e1ch","datePublished":"2024-06-04T18:16:02+00:00","dateModified":"2025-01-10T09:47:32+00:00","mainEntityOfPage":{"@id":"https:\/\/www.kosiceregion.com\/sk\/muzeum-veteranov-historia-na-kolesach\/"},"wordCount":663,"publisher":{"@id":"https:\/\/www.kosiceregion.com\/#organization"},"image":{"@id":"https:\/\/www.kosiceregion.com\/sk\/muzeum-veteranov-historia-na-kolesach\/#primaryimage"},"thumbnailUrl":"https:\/\/www.kosiceregion.com\/wp-content\/uploads\/2024\/06\/IMG_3126-scaled.jpg","articleSection":["In\u0161piruj sa","T\u00e9my"],"inLanguage":"es-ES"},{"@type":"WebPage","@id":"https:\/\/www.kosiceregion.com\/sk\/muzeum-veteranov-historia-na-kolesach\/","url":"https:\/\/www.kosiceregion.com\/sk\/muzeum-veteranov-historia-na-kolesach\/","name":"M\u00fazeum veter\u00e1nov - Hist\u00f3ria na koles\u00e1ch - Ko\u0161ice Regi\u00f3n","isPartOf":{"@id":"https:\/\/www.kosiceregion.com\/#website"},"primaryImageOfPage":{"@id":"https:\/\/www.kosiceregion.com\/sk\/muzeum-veteranov-historia-na-kolesach\/#primaryimage"},"image":{"@id":"https:\/\/www.kosiceregion.com\/sk\/muzeum-veteranov-historia-na-kolesach\/#primaryimage"},"thumbnailUrl":"https:\/\/www.kosiceregion.com\/wp-content\/uploads\/2024\/06\/IMG_3126-scaled.jpg","datePublished":"2024-06-04T18:16:02+00:00","dateModified":"2025-01-10T09:47:32+00:00","description":"Ambas\u00e1dori Kraja sveta: Na cest\u00e1ch s Nikou Tie\u017e si vrav\u00edte, \u017ee na\u0161a dne\u0161n\u00e1 doba je dos\u0165 modern\u00e1, no napriek tomu sa na cest\u00e1ch objavuj\u00fa st\u00e1le nov\u00e9 a","breadcrumb":{"@id":"https:\/\/www.kosiceregion.com\/sk\/muzeum-veteranov-historia-na-kolesach\/#breadcrumb"},"inLanguage":"es-ES","potentialAction":[{"@type":"ReadAction","target":["https:\/\/www.kosiceregion.com\/sk\/muzeum-veteranov-historia-na-kolesach\/"]}]},{"@type":"ImageObject","inLanguage":"es-ES","@id":"https:\/\/www.kosiceregion.com\/sk\/muzeum-veteranov-historia-na-kolesach\/#primaryimage","url":"https:\/\/www.kosiceregion.com\/wp-content\/uploads\/2024\/06\/IMG_3126-scaled.jpg","contentUrl":"https:\/\/www.kosiceregion.com\/wp-content\/uploads\/2024\/06\/IMG_3126-scaled.jpg","width":2560,"height":1920},{"@type":"BreadcrumbList","@id":"https:\/\/www.kosiceregion.com\/sk\/muzeum-veteranov-historia-na-kolesach\/#breadcrumb","itemListElement":[{"@type":"ListItem","position":1,"name":"Home","item":"https:\/\/www.kosiceregion.com\/sk\/"},{"@type":"ListItem","position":2,"name":"M\u00fazeum veter\u00e1nov &#8211; Hist\u00f3ria na koles\u00e1ch"}]},{"@type":"WebSite","@id":"https:\/\/www.kosiceregion.com\/#website","url":"https:\/\/www.kosiceregion.com\/","name":"Ko\u0161ice Regi\u00f3n","description":"Turistick\u00fd sprievodca Ko\u0161ick\u00fdm krajom","publisher":{"@id":"https:\/\/www.kosiceregion.com\/#organization"},"potentialAction":[{"@type":"SearchAction","target":{"@type":"EntryPoint","urlTemplate":"https:\/\/www.kosiceregion.com\/?s={search_term_string}"},"query-input":{"@type":"PropertyValueSpecification","valueRequired":true,"valueName":"search_term_string"}}],"inLanguage":"es-ES"},{"@type":"Organization","@id":"https:\/\/www.kosiceregion.com\/#organization","name":"Ko\u0161ice Regi\u00f3n Turizmus","url":"https:\/\/www.kosiceregion.com\/","logo":{"@type":"ImageObject","inLanguage":"es-ES","@id":"https:\/\/www.kosiceregion.com\/#\/schema\/logo\/image\/","url":"https:\/\/www.kosiceregion.com\/wp-content\/uploads\/2019\/03\/logo-web-sk.png","contentUrl":"https:\/\/www.kosiceregion.com\/wp-content\/uploads\/2019\/03\/logo-web-sk.png","width":225,"height":100,"caption":"Ko\u0161ice Regi\u00f3n Turizmus"},"image":{"@id":"https:\/\/www.kosiceregion.com\/#\/schema\/logo\/image\/"},"sameAs":["https:\/\/www.facebook.com\/kosiceregion","https:\/\/x.com\/KOSICEREGION","https:\/\/www.instagram.com\/kosiceregion","https:\/\/www.youtube.com\/kosiceregion"]},{"@type":"Person","@id":"https:\/\/www.kosiceregion.com\/#\/schema\/person\/6767e0141fc173d4b5b56458d146cbf3","name":"Al\u017ebera Gajodo\u0161ov\u00e1 Keru\u013eova","image":{"@type":"ImageObject","inLanguage":"es-ES","@id":"https:\/\/secure.gravatar.com\/avatar\/e9498597f063f365a6677640a0fda0f441042c67449ab77a1f6e3a7a04ae7098?s=96&d=mm&r=g","url":"https:\/\/secure.gravatar.com\/avatar\/e9498597f063f365a6677640a0fda0f441042c67449ab77a1f6e3a7a04ae7098?s=96&d=mm&r=g","contentUrl":"https:\/\/secure.gravatar.com\/avatar\/e9498597f063f365a6677640a0fda0f441042c67449ab77a1f6e3a7a04ae7098?s=96&d=mm&r=g","caption":"Al\u017ebera Gajodo\u0161ov\u00e1 Keru\u013eova"}}]}},"_links":{"self":[{"href":"https:\/\/www.kosiceregion.com\/es\/wp-json\/wp\/v2\/posts\/12504","targetHints":{"allow":["GET"]}}],"collection":[{"href":"https:\/\/www.kosiceregion.com\/es\/wp-json\/wp\/v2\/posts"}],"about":[{"href":"https:\/\/www.kosiceregion.com\/es\/wp-json\/wp\/v2\/types\/post"}],"author":[{"embeddable":true,"href":"https:\/\/www.kosiceregion.com\/es\/wp-json\/wp\/v2\/users\/16"}],"replies":[{"embeddable":true,"href":"https:\/\/www.kosiceregion.com\/es\/wp-json\/wp\/v2\/comments?post=12504"}],"version-history":[{"count":6,"href":"https:\/\/www.kosiceregion.com\/es\/wp-json\/wp\/v2\/posts\/12504\/revisions"}],"predecessor-version":[{"id":13818,"href":"https:\/\/www.kosiceregion.com\/es\/wp-json\/wp\/v2\/posts\/12504\/revisions\/13818"}],"wp:featuredmedia":[{"embeddable":true,"href":"https:\/\/www.kosiceregion.com\/es\/wp-json\/wp\/v2\/media\/12505"}],"wp:attachment":[{"href":"https:\/\/www.kosiceregion.com\/es\/wp-json\/wp\/v2\/media?parent=12504"}],"wp:term":[{"taxonomy":"category","embeddable":true,"href":"https:\/\/www.kosiceregion.com\/es\/wp-json\/wp\/v2\/categories?post=12504"},{"taxonomy":"post_tag","embeddable":true,"href":"https:\/\/www.kosiceregion.com\/es\/wp-json\/wp\/v2\/tags?post=12504"}],"curies":[{"name":"wp","href":"https:\/\/api.w.org\/{rel}","templated":true}]}}