{"id":14041,"date":"2025-03-21T10:56:58","date_gmt":"2025-03-21T09:56:58","guid":{"rendered":"https:\/\/www.kosiceregion.com\/sk\/?p=14041"},"modified":"2025-05-13T17:45:40","modified_gmt":"2025-05-13T15:45:40","slug":"","status":"publish","type":"post","link":"https:\/\/www.kosiceregion.com\/es\/netradicne-muzea-na-kraji-sveta-3-cast-po-stopach-jakubiska-mobilov-letectva-a-komunizmu\/","title":{"rendered":"","raw":""},"content":{"rendered":"","protected":false,"raw":""},"excerpt":{"rendered":"","protected":false,"raw":""},"author":16,"featured_media":14212,"comment_status":"closed","ping_status":"closed","sticky":false,"template":"","format":"standard","meta":{"_acf_changed":false,"_sk_post_content":"<!-- wp:columns -->\n<div class=\"wp-block-columns\"><!-- wp:column {\"width\":\"100%\"} -->\n<div class=\"wp-block-column\" style=\"flex-basis:100%\"><!-- wp:columns -->\n<div class=\"wp-block-columns\"><!-- wp:column {\"width\":\"80%\"} -->\n<div class=\"wp-block-column\" style=\"flex-basis:80%\"><!-- wp:paragraph -->\n<p>Pripravte sa na dobrodru\u017estvo, ktor\u00e9 v\u00e1s zavedie na miesta, kde hist\u00f3ria o\u017e\u00edva v \u00faplne nov\u00fdch podob\u00e1ch! V Ko\u0161ickom kraji na v\u00e1s \u010dakaj\u00fa netradi\u010dn\u00e9 m\u00faze\u00e1, ktor\u00e9 s\u00fa oknami do minulosti \u2013 a ka\u017ed\u00e9 z nich pon\u00faka jedine\u010dn\u00fd poh\u013ead na na\u0161u kult\u00faru a techniku. Zabl\u00fa\u010fte do M\u00fazea mobilov v Dob\u0161inej, kde uvid\u00edte, ako sa zo star\u00fdch klapkov\u00fdch telef\u00f3nov stali na\u0161e dne\u0161n\u00e9 mobiln\u00e9 z\u00e1zraky. Prele\u0165te sa M\u00fazeom letectva v Ko\u0161iciach, kde sa dotknete oblakov, a&nbsp;spoznajte pr\u00edbehy, ktor\u00e9 skr\u00fdva M\u00fazeum obet\u00ed komunizmu. Nakoniec sa nechajte zavia\u0165 do malebnej obce Koj\u0161ov na kraji sveta, ktor\u00e1 ukr\u00fdva unik\u00e1tnu Gal\u00e9riu Juraja Jakubiska, kde sa svet filmu stret\u00e1va s \u010darovn\u00fdm umen\u00edm.<\/p>\n<!-- \/wp:paragraph --><\/div>\n<!-- \/wp:column -->\n\n<!-- wp:column {\"width\":\"50%\"} -->\n<div class=\"wp-block-column\" style=\"flex-basis:50%\"><\/div>\n<!-- \/wp:column --><\/div>\n<!-- \/wp:columns --><\/div>\n<!-- \/wp:column --><\/div>\n<!-- \/wp:columns -->\n\n<!-- wp:heading -->\n<h2 class=\"wp-block-heading\"><strong>M\u00fazeum mobilov v Dob\u0161inej<\/strong><\/h2>\n<!-- \/wp:heading -->\n\n<!-- wp:image {\"id\":14042,\"width\":\"592px\",\"height\":\"auto\",\"sizeSlug\":\"large\",\"linkDestination\":\"none\"} -->\n<figure class=\"wp-block-image size-large is-resized\"><img src=\"https:\/\/www.kosiceregion.com\/wp-content\/uploads\/2025\/03\/muzeummmobilov-1024x768.jpg\" alt=\"\" class=\"wp-image-14042\" style=\"width:592px;height:auto\"\/><\/figure>\n<!-- \/wp:image -->\n\n<!-- wp:columns -->\n<div class=\"wp-block-columns\"><!-- wp:column {\"width\":\"80%\"} -->\n<div class=\"wp-block-column\" style=\"flex-basis:80%\"><!-- wp:paragraph -->\n<p>Ak v\u00e1s zauj\u00edma, ako sa vyv\u00edjala komunik\u00e1cia, <a href=\"https:\/\/www.kosiceregion.com\/sk\/poi\/muzeum-mobilov-dobsina\">M\u00fazeum mobilov<\/a> v Dob\u0161inej v\u00e1s vtiahne do fascinuj\u00facej minulosti telekomunik\u00e1ci\u00ed. Od prv\u00fdch jednoduch\u00fdch telef\u00f3nov a\u017e po modern\u00e9 mobiln\u00e9 zariadenia, expoz\u00edcia pon\u00faka jedine\u010dn\u00fd poh\u013ead na evol\u00faciu technol\u00f3gie, ktor\u00e1 zmenila sp\u00f4sob, ak\u00fdm sa \u013eudia sp\u00e1jaj\u00fa.<\/p>\n<!-- \/wp:paragraph -->\n\n<!-- wp:paragraph -->\n<p>V tejto zbierke n\u00e1jdete telef\u00f3ny z r\u00f4znych obdob\u00ed a kraj\u00edn, pri\u010dom ka\u017ed\u00fd expon\u00e1t rozpr\u00e1va pr\u00edbeh o v\u00fdvoji a spolo\u010denskom vplyve tejto vyn\u00e1lezu.<\/p>\n<!-- \/wp:paragraph -->\n\n<!-- wp:tadv\/classic-paragraph -->\n<ul>\n<li><strong>Ofici\u00e1lna str\u00e1nka:<\/strong> <a href=\"https:\/\/mobilephonemuseum.org\/\">mobilephonemuseum.org<\/a><\/li>\n<li><strong>Adresa:<\/strong> Nov\u00e1 791, 049 25 Dob\u0161in\u00e1<\/li>\n<li><strong>Kontakt:<\/strong> +421 902 110 097<\/li>\n<li>\n<p><strong>Pozn\u00e1mka:<\/strong> N\u00e1v\u0161tevu je potrebn\u00e9 dohodn\u00fa\u0165 vopred, m\u00fazeum nem\u00e1 pevn\u00e9 otv\u00e1racie hodiny.<\/p>\n<\/li>\n<\/ul>\n<!-- \/wp:tadv\/classic-paragraph --><\/div>\n<!-- \/wp:column -->\n\n<!-- wp:column {\"width\":\"25%\"} -->\n<div class=\"wp-block-column\" style=\"flex-basis:25%\"><\/div>\n<!-- \/wp:column --><\/div>\n<!-- \/wp:columns -->\n\n<!-- wp:heading -->\n<h2 class=\"wp-block-heading\"><strong>M\u00fazeum letectva Ko\u0161ice<\/strong><\/h2>\n<!-- \/wp:heading -->\n\n<!-- wp:columns -->\n<div class=\"wp-block-columns\"><!-- wp:column {\"width\":\"76.2%\"} -->\n<div class=\"wp-block-column\" style=\"flex-basis:76.2%\"><!-- wp:gallery {\"ids\":[11673],\"linkTo\":\"none\"} -->\n<figure class=\"wp-block-gallery has-nested-images columns-default is-cropped\"><!-- wp:image {\"id\":14043,\"sizeSlug\":\"large\",\"linkDestination\":\"none\"} -->\n<figure class=\"wp-block-image size-large\"><img src=\"https:\/\/www.kosiceregion.com\/wp-content\/uploads\/2025\/03\/KP_0124-1024x683.jpg\" alt=\"\" class=\"wp-image-14043\"\/><\/figure>\n<!-- \/wp:image --><\/figure>\n<!-- \/wp:gallery --><\/div>\n<!-- \/wp:column -->\n\n<!-- wp:column {\"width\":\"23.8%\"} -->\n<div class=\"wp-block-column\" style=\"flex-basis:23.8%\"><\/div>\n<!-- \/wp:column --><\/div>\n<!-- \/wp:columns -->\n\n<!-- wp:columns -->\n<div class=\"wp-block-columns\"><!-- wp:column {\"width\":\"30%\"} -->\n<div class=\"wp-block-column\" style=\"flex-basis:30%\"><!-- wp:paragraph -->\n<p><\/p>\n<!-- \/wp:paragraph --><\/div>\n<!-- \/wp:column -->\n\n<!-- wp:column {\"width\":\"80%\"} -->\n<div class=\"wp-block-column\" style=\"flex-basis:80%\"><!-- wp:tadv\/classic-paragraph -->\n<p>V Ko\u0161iciach n\u00e1jdete skvost letectva \u2013 <a href=\"https:\/\/www.kosiceregion.com\/sk\/poi\/letecke-muzeum-kosice\">M\u00fazeum letectva<\/a>, ktor\u00e9 je zasv\u00e4ten\u00e9 hist\u00f3rii lietania a leteckej techniky. Expoz\u00edcia pon\u00faka vz\u00e1cne leteck\u00e9 stroje, ktor\u00e9 sa pou\u017e\u00edvali po\u010das prvej i druhej svetovej vojny, ako aj v obdob\u00ed studenej vojny.<\/p>\n<p>S\u00fa\u010das\u0165ou zbierky s\u00fa napr\u00edklad aj Mirage III RS , franc\u00fazska st\u00edha\u010dka Mirage IIIE, Lockheed F-104S Startfighter z\u00a0Talianska aj Bell UH-1 Iroquois z\u00a0USA.<\/p>\n<p>N\u00e1v\u0161tevn\u00edci m\u00f4\u017eu obdivova\u0165 nielen historick\u00e9 lietadl\u00e1, ale aj modely a doplnky, ktor\u00e9 s\u00fa sp\u00e4t\u00e9 s v\u00fdznamn\u00fdmi okamihmi leteckej hist\u00f3rie. Je to ide\u00e1lne miesto pre v\u0161etk\u00fdch, ktor\u00ed sa zauj\u00edmaj\u00fa o techniku a letectvo.<\/p>\n<!-- \/wp:tadv\/classic-paragraph -->\n\n<!-- wp:image {\"id\":14051,\"sizeSlug\":\"large\",\"linkDestination\":\"none\"} -->\n<figure class=\"wp-block-image size-large\"><img src=\"https:\/\/www.kosiceregion.com\/wp-content\/uploads\/2025\/03\/KP_0114-1-1024x683.jpg\" alt=\"\" class=\"wp-image-14051\"\/><\/figure>\n<!-- \/wp:image -->\n\n<!-- wp:image {\"id\":14052,\"sizeSlug\":\"large\",\"linkDestination\":\"none\"} -->\n<figure class=\"wp-block-image size-large\"><img src=\"https:\/\/www.kosiceregion.com\/wp-content\/uploads\/2025\/03\/KP_0135-1-1024x683.jpg\" alt=\"\" class=\"wp-image-14052\"\/><\/figure>\n<!-- \/wp:image -->\n\n<!-- wp:paragraph -->\n<p>V expoz\u00edcii sa nach\u00e1dza viac ako 30 historick\u00fdch strojov a pr\u00edstrojov, vr\u00e1tane leteck\u00fdch motorov a naviga\u010dn\u00fdch pr\u00edstrojov. Zauj\u00edmavou \u010das\u0165ou s\u00fa origin\u00e1lne lietadl\u00e1, ako MIG-15, MIG-21, SU-22, SU-15 TM (darovan\u00fd ukrajinsk\u00fdm prezidentom), \u010di po\u013enohospod\u00e1rsky Z-37 A \"\u010cmeliak\". <\/p>\n<!-- \/wp:paragraph -->\n\n<!-- wp:tadv\/classic-paragraph -->\n<p>S\u00fa\u010das\u0165ou zbierky je aj 24 historick\u00fdch leteck\u00fdch motorov a pribli\u017ene 50 modelov a makiet lietadiel. Expoz\u00edcia pon\u00faka jedine\u010dn\u00fd poh\u013ead na v\u00fdvoj letectva od roku 1915 a\u017e po s\u00fa\u010dasnos\u0165.<\/p>\n<ul>\n<li><strong>Ofici\u00e1lna str\u00e1nka:<\/strong> <a href=\"https:\/\/stm-ke.sk\/sk\/pobocky\/muzeum-letectva-v-kosiciach\/zakladne-informacie\">stm-ke.sk<\/a><\/li>\n<li><strong>Adresa:<\/strong> Letisko 4, 040 17 Ko\u0161ice<\/li>\n<li><strong>Kontakt:<\/strong> +421 55 683 23 70<\/li>\n<li><strong>Pozn\u00e1mka:<\/strong> M\u00fazeum prezentuje takmer 500 unik\u00e1tnych expon\u00e1tov na ploche 7 100 m\u00b2.<\/li>\n<\/ul>\n<!-- \/wp:tadv\/classic-paragraph --><\/div>\n<!-- \/wp:column --><\/div>\n<!-- \/wp:columns -->\n\n<!-- wp:heading -->\n<h2 class=\"wp-block-heading\"><strong>M\u00fazeum obet\u00ed komunizmu v Ko\u0161iciach<\/strong><\/h2>\n<!-- \/wp:heading -->\n\n<!-- wp:columns -->\n<div class=\"wp-block-columns\"><!-- wp:column {\"width\":\"85%\"} -->\n<div class=\"wp-block-column\" style=\"flex-basis:85%\"><!-- wp:image {\"id\":14046,\"sizeSlug\":\"full\",\"linkDestination\":\"none\"} -->\n<figure class=\"wp-block-image size-full\"><img src=\"https:\/\/www.kosiceregion.com\/wp-content\/uploads\/2025\/03\/muzeum-obeti-komunizmu-budova.jpg\" alt=\"\" class=\"wp-image-14046\"\/><figcaption class=\"wp-element-caption\">FOTO: M\u00fazeum obet\u00ed komunizmu<\/figcaption><\/figure>\n<!-- \/wp:image --><\/div>\n<!-- \/wp:column -->\n\n<!-- wp:column {\"width\":\"25%\"} -->\n<div class=\"wp-block-column\" style=\"flex-basis:25%\"><\/div>\n<!-- \/wp:column --><\/div>\n<!-- \/wp:columns -->\n\n<!-- wp:columns -->\n<div class=\"wp-block-columns\"><!-- wp:column {\"width\":\"80%\"} -->\n<div class=\"wp-block-column\" style=\"flex-basis:80%\"><!-- wp:paragraph -->\n<p><a href=\"https:\/\/www.kosiceregion.com\/sk\/poi\/muzeum-obet\u00ed-komunizmu-kosice\">M\u00fazeum obet\u00ed komunizmu<\/a> v Ko\u0161iciach pon\u00faka siln\u00fd a emot\u00edvny poh\u013ead na \u017eivot \u013eud\u00ed, ktor\u00ed pre\u017eili perzek\u00facie a utrpenie po\u010das komunistick\u00e9ho re\u017eimu. Expoz\u00edcia zobrazuje pr\u00edbehy v\u00e4znen\u00fdch a mu\u010den\u00fdch jednotlivcov, ktor\u00ed boli prenasledovan\u00ed za svoje politick\u00e9 presved\u010denie.<\/p>\n<!-- \/wp:paragraph -->\n\n<!-- wp:paragraph -->\n<p>Prostredn\u00edctvom osobn\u00fdch pr\u00edbehov a interakt\u00edvnych v\u00fdstav sa n\u00e1v\u0161tevn\u00edci m\u00f4\u017eu ponori\u0165 do hist\u00f3rie, ktor\u00e1 bola dlh\u00e9 roky tabu. M\u00fazeum sa sna\u017e\u00ed uchova\u0165 tieto pr\u00edbehy pre bud\u00face gener\u00e1cie a pripomen\u00fa\u0165, ak\u00e9 d\u00f4le\u017eit\u00e9 je br\u00e1ni\u0165 slobodu a spravodlivos\u0165.<\/p>\n<!-- \/wp:paragraph --><\/div>\n<!-- \/wp:column -->\n\n<!-- wp:column {\"width\":\"25%\"} -->\n<div class=\"wp-block-column\" style=\"flex-basis:25%\"><\/div>\n<!-- \/wp:column --><\/div>\n<!-- \/wp:columns -->\n\n<!-- wp:columns -->\n<div class=\"wp-block-columns\"><!-- wp:column {\"width\":\"30%\"} -->\n<div class=\"wp-block-column\" style=\"flex-basis:30%\"><!-- wp:image -->\n<figure class=\"wp-block-image\"><img alt=\"\"\/><\/figure>\n<!-- \/wp:image --><\/div>\n<!-- \/wp:column -->\n\n<!-- wp:column {\"width\":\"80%\"} -->\n<div class=\"wp-block-column\" style=\"flex-basis:80%\"><!-- wp:image {\"id\":14047,\"sizeSlug\":\"full\",\"linkDestination\":\"none\"} -->\n<figure class=\"wp-block-image size-full\"><img src=\"https:\/\/www.kosiceregion.com\/wp-content\/uploads\/2025\/03\/vystava-samizdat-v-boji-za-slobodu-1024x768-1.jpg\" alt=\"\" class=\"wp-image-14047\"\/><figcaption class=\"wp-element-caption\">FOTO: M\u00fazeum obet\u00ed komunizmu<\/figcaption><\/figure>\n<!-- \/wp:image --><\/div>\n<!-- \/wp:column --><\/div>\n<!-- \/wp:columns -->\n\n<!-- wp:columns -->\n<div class=\"wp-block-columns\"><!-- wp:column {\"width\":\"30%\"} -->\n<div class=\"wp-block-column\" style=\"flex-basis:30%\"><!-- wp:paragraph -->\n<p><\/p>\n<!-- \/wp:paragraph --><\/div>\n<!-- \/wp:column -->\n\n<!-- wp:column {\"width\":\"80%\"} -->\n<div class=\"wp-block-column\" style=\"flex-basis:80%\"><!-- wp:paragraph -->\n<p>M\u00fazeum pon\u00faka komentovan\u00e9 prehliadky, ktor\u00e9 sa zameriavaj\u00fa na pr\u00edbehy \u013eud\u00ed, ktor\u00ed za\u017eili perzek\u00facie v tomto obdob\u00ed. N\u00e1v\u0161tevn\u00edci sa m\u00f4\u017eu obozn\u00e1mi\u0165 s Mapou obet\u00ed komunizmu a kni\u017enicou samizdatu, ktor\u00e1 ukazuje sp\u00f4soby, ak\u00fdmi sa inform\u00e1cie \u0161\u00edrili po\u010das cenz\u00fary.<\/p>\n<!-- \/wp:paragraph -->\n\n<!-- wp:paragraph -->\n<p>V Ko\u0161iciach, v budove b\u00fdvalej krajskej v\u00e4znice \u0160tB, sa nach\u00e1dza expoz\u00edcia venovan\u00e1 nez\u00e1konn\u00fdm praktik\u00e1m, ktor\u00e9 sa vykon\u00e1vali na politick\u00fdch v\u00e4z\u0148och. Prezentuje aj 3D model v\u00e4znice a zachovan\u00fa celu samotku.<\/p>\n<!-- \/wp:paragraph -->\n\n<!-- wp:paragraph -->\n<p>Putovn\u00e1 v\u00fdstava \"Samizdat v boji za slobodu\" sa venuje samizdatovej literat\u00fare, ktor\u00e1 bola k\u013e\u00fa\u010dov\u00fdm n\u00e1strojom odporu proti re\u017eimu. V\u00fdstava o diele J\u00e1na Chryzostoma Korca zase predstavuje jeho najrozsiahlej\u0161iu samizdatov\u00fa pr\u00e1cu, ktor\u00e1 sa stala symbolom odporu.<\/p>\n<!-- \/wp:paragraph -->\n\n<!-- wp:tadv\/classic-paragraph -->\n<p>&nbsp;<\/p>\n<ul>\n<li><strong>Ofici\u00e1lna str\u00e1nka:<\/strong> <a href=\"https:\/\/mok.sk\/\">mok.sk<\/a><\/li>\n<li><strong>Adresa:<\/strong> Moyzesova 24, 040 01 Ko\u0161ice<\/li>\n<li><strong>Kontakt:<\/strong> +421 948 062 054<\/li>\n<li><strong>Pozn\u00e1mka:<\/strong> M\u00fazeum pon\u00faka komentovan\u00e9 prehliadky a audio sprievodcov v slovenskom a anglickom jazyku.<\/li>\n<\/ul>\n<!-- \/wp:tadv\/classic-paragraph --><\/div>\n<!-- \/wp:column --><\/div>\n<!-- \/wp:columns -->\n\n<!-- wp:columns -->\n<div class=\"wp-block-columns\"><!-- wp:column {\"width\":\"80%\"} -->\n<div class=\"wp-block-column\" style=\"flex-basis:80%\"><!-- wp:image {\"id\":14049,\"width\":\"616px\",\"height\":\"auto\",\"sizeSlug\":\"full\",\"linkDestination\":\"none\"} -->\n<figure class=\"wp-block-image size-full is-resized\"><img src=\"https:\/\/www.kosiceregion.com\/wp-content\/uploads\/2025\/03\/jakubisko-galeria.jpg\" alt=\"\" class=\"wp-image-14049\" style=\"width:616px;height:auto\"\/><\/figure>\n<!-- \/wp:image --><\/div>\n<!-- \/wp:column -->\n\n<!-- wp:column {\"width\":\"25%\"} -->\n<div class=\"wp-block-column\" style=\"flex-basis:25%\"><\/div>\n<!-- \/wp:column --><\/div>\n<!-- \/wp:columns -->\n\n<!-- wp:columns -->\n<div class=\"wp-block-columns\"><!-- wp:column {\"width\":\"80%\"} -->\n<div class=\"wp-block-column\" style=\"flex-basis:80%\"><!-- wp:heading -->\n<h2 class=\"wp-block-heading\"><strong>Gal\u00e9ria Juraja Jakubiska v Koj\u0161ove<\/strong><\/h2>\n<!-- \/wp:heading --><\/div>\n<!-- \/wp:column --><\/div>\n<!-- \/wp:columns -->\n\n<!-- wp:columns -->\n<div class=\"wp-block-columns\"><!-- wp:column {\"width\":\"80%\"} -->\n<div class=\"wp-block-column\" style=\"flex-basis:80%\"><!-- wp:paragraph -->\n<p>V Koj\u0161ove sa nach\u00e1dza <a href=\"https:\/\/www.kosiceregion.com\/sk\/poi\/galeria-juraja-jakubiska-kojsov\">Gal\u00e9ria Juraja Jakubiska<\/a>, ktor\u00e1 je venovan\u00e1 sl\u00e1vnemu slovensk\u00e9mu re\u017eis\u00e9rovi. Je to miesto, kde sa umenie a film stret\u00e1vaj\u00fa v jednej expoz\u00edcii. Jakubiskove filmy, ktor\u00e9 s\u00fa \u010dasto pova\u017eovan\u00e9 za ikonick\u00e9 diela slovenskej kinematografie, tu o\u017e\u00edvaj\u00fa prostredn\u00edctvom obrazov, filmov\u00fdch rekviz\u00edt a artefaktov.<\/p>\n<!-- \/wp:paragraph -->\n\n<!-- wp:paragraph -->\n<p>Gal\u00e9ria nie je len miestom, kde sa m\u00f4\u017eete obozn\u00e1mi\u0165 s tvorbou tohto ve\u013ek\u00e9ho umelca, ale aj in\u0161piruj\u00facim z\u00e1\u017eitkom pre ka\u017ed\u00e9ho, kto m\u00e1 z\u00e1ujem o film a vizu\u00e1lne umenie.<\/p>\n<!-- \/wp:paragraph --><\/div>\n<!-- \/wp:column -->\n\n<!-- wp:column {\"width\":\"30%\"} -->\n<div class=\"wp-block-column\" style=\"flex-basis:30%\"><\/div>\n<!-- \/wp:column --><\/div>\n<!-- \/wp:columns -->\n\n<!-- wp:columns -->\n<div class=\"wp-block-columns\"><!-- wp:column {\"width\":\"30%\"} -->\n<div class=\"wp-block-column\" style=\"flex-basis:30%\"><\/div>\n<!-- \/wp:column -->\n\n<!-- wp:column {\"width\":\"80%\"} -->\n<div class=\"wp-block-column\" style=\"flex-basis:80%\"><!-- wp:image {\"id\":14050,\"sizeSlug\":\"large\",\"linkDestination\":\"none\"} -->\n<figure class=\"wp-block-image size-large\"><img src=\"https:\/\/www.kosiceregion.com\/wp-content\/uploads\/2025\/03\/jakubisko2-1024x660.jpg\" alt=\"\" class=\"wp-image-14050\"\/><\/figure>\n<!-- \/wp:image --><\/div>\n<!-- \/wp:column --><\/div>\n<!-- \/wp:columns -->\n\n<!-- wp:columns -->\n<div class=\"wp-block-columns\"><!-- wp:column {\"width\":\"30%\"} -->\n<div class=\"wp-block-column\" style=\"flex-basis:30%\"><!-- wp:paragraph -->\n<p><\/p>\n<!-- \/wp:paragraph --><\/div>\n<!-- \/wp:column -->\n\n<!-- wp:column {\"width\":\"80%\"} -->\n<div class=\"wp-block-column\" style=\"flex-basis:80%\"><!-- wp:paragraph -->\n<p>Ko\u0161ick\u00fd kraj je tak domovom miest, kde hist\u00f3ria, technol\u00f3gia a kult\u00fara o\u017e\u00edvaj\u00fa v netradi\u010dn\u00fdch m\u00faze\u00e1ch, ktor\u00e9 pon\u00fakaj\u00fa jedine\u010dn\u00e9 poh\u013eady na r\u00f4zne aspekty na\u0161ej minulosti. Ak m\u00e1te chu\u0165 objavova\u0165 netradi\u010dn\u00e9 miesta a dozvedie\u0165 sa nie\u010do nov\u00e9, tieto m\u00faze\u00e1 s\u00fa ide\u00e1lnym miestom na va\u0161u \u010fal\u0161iu n\u00e1v\u0161tevu.<\/p>\n<!-- \/wp:paragraph -->\n\n<!-- wp:tadv\/classic-paragraph -->\n<ul>\n<li><strong>Ofici\u00e1lna str\u00e1nka obce Koj\u0161ov:<\/strong> <a href=\"https:\/\/www.kojsov.sk\/\">kojsov.sk<\/a><\/li>\n<li><strong>Adresa:<\/strong> Kult\u00farny dom, Koj\u0161ov<\/li>\n<li><strong>Pozn\u00e1mka:<\/strong> Gal\u00e9ria je venovan\u00e1 celo\u017eivotnej tvorbe Juraja Jakubiska.<\/li>\n<\/ul>\n<!-- \/wp:tadv\/classic-paragraph --><\/div>\n<!-- \/wp:column --><\/div>\n<!-- \/wp:columns -->","_sk_post_name":"netradicne-muzea-na-kraji-sveta-3-cast-po-stopach-jakubiska-mobilov-letectva-a-komunizmu","_sk_post_excerpt":"Objavte menej zn\u00e1me, no o to zauj\u00edmavej\u0161ie m\u00faze\u00e1 v Ko\u0161ickom kraji. Vydajte sa po stop\u00e1ch mobilov, lietadiel, komunizmu aj filmov\u00e9ho m\u00e1ga Juraja Jakubiska.","_sk_post_title":"Netradi\u010dn\u00e9 m\u00faze\u00e1 na Kraji sveta 3. \u010das\u0165 \u2013 Po stop\u00e1ch Jakubiska, mobilov, letectva a\u00a0komunizmu","_en_post_content":"<!-- wp:tadv\/classic-paragraph -->\n<h1><strong>Non-traditional Museums on the Edge of the World <\/strong><strong>Part 3 : In the Footsteps of Jakubisko, Cell Phones, Aviation, and Communism.<\/strong><\/h1>\n<!-- \/wp:tadv\/classic-paragraph -->\n\n<!-- wp:columns -->\n<div class=\"wp-block-columns\"><!-- wp:column {\"width\":\"100%\"} -->\n<div class=\"wp-block-column\" style=\"flex-basis:100%\"><!-- wp:columns -->\n<div class=\"wp-block-columns\"><!-- wp:column {\"width\":\"80%\"} -->\n<div class=\"wp-block-column\" style=\"flex-basis:80%\"><!-- wp:paragraph -->\n<p>Get ready for an adventure that will take you to places where history comes alive in brand new ways! In the Ko\u0161ice Region, unusual museums await you, which are windows to the past - and each of them offers a unique insight into our culture and technology. Visit the Cell Phones Museum in Dob\u0161in\u00e1, where you will see how old key-operated phones became the mobile marvels of today. Fly through the Museum of Aviation in Ko\u0161ice, where you'll touch the clouds, and discover the stories behind the Museum of Victims of Communism. Finally, let the picturesque village of Koj\u0161ov on the edge of the world take you to the unique Juraj Jakubisko Gallery, where the world of film meets the magic of art.<\/p>\n<!-- \/wp:paragraph --><\/div>\n<!-- \/wp:column -->\n\n<!-- wp:column {\"width\":\"50%\"} -->\n<div class=\"wp-block-column\" style=\"flex-basis:50%\"><\/div>\n<!-- \/wp:column --><\/div>\n<!-- \/wp:columns --><\/div>\n<!-- \/wp:column --><\/div>\n<!-- \/wp:columns -->\n\n<!-- wp:columns -->\n<div class=\"wp-block-columns\"><!-- wp:column {\"width\":\"80%\"} -->\n<div class=\"wp-block-column\" style=\"flex-basis:80%\"><\/div>\n<!-- \/wp:column -->\n\n<!-- wp:column {\"width\":\"30%\"} -->\n<div class=\"wp-block-column\" style=\"flex-basis:30%\"><\/div>\n<!-- \/wp:column --><\/div>\n<!-- \/wp:columns -->\n\n<!-- wp:image {\"id\":14042,\"width\":\"592px\",\"height\":\"auto\",\"sizeSlug\":\"large\",\"linkDestination\":\"none\"} -->\n<figure class=\"wp-block-image size-large is-resized\"><img src=\"https:\/\/www.kosiceregion.com\/wp-content\/uploads\/2025\/03\/muzeummmobilov-1024x768.jpg\" alt=\"\" class=\"wp-image-14042\" style=\"width:592px;height:auto\"\/><figcaption class=\"wp-element-caption\">FOTO: <strong>Museum of Cell Phones in Dob\u0161in\u00e1.<\/strong> <\/figcaption><\/figure>\n<!-- \/wp:image -->\n\n<!-- wp:heading {\"level\":3} -->\n<h3 class=\"wp-block-heading\"><strong><strong>Museum of Cell Phones in Dob\u0161in\u00e1<\/strong><\/strong><\/h3>\n<!-- \/wp:heading -->\n\n<!-- wp:columns -->\n<div class=\"wp-block-columns\"><!-- wp:column {\"width\":\"80%\"} -->\n<div class=\"wp-block-column\" style=\"flex-basis:80%\"><!-- wp:paragraph -->\n<p>If you are interested in how communication was developing, the Museum of Cell Phones in Dob\u0161in\u00e1 will immerse you in the fascinating past of telecommunications. From the first simple telephones to modern cell devices, the exhibition offers a unique insight into the development of a technology that has changed the way people connect.<\/p>\n<!-- \/wp:paragraph -->\n\n<!-- wp:paragraph -->\n<p>This collection features telephones from different eras and countries, with each exhibit telling a story about the development and social impact of the invention.<\/p>\n<!-- \/wp:paragraph --><\/div>\n<!-- \/wp:column -->\n\n<!-- wp:column {\"width\":\"25%\"} -->\n<div class=\"wp-block-column\" style=\"flex-basis:25%\"><\/div>\n<!-- \/wp:column --><\/div>\n<!-- \/wp:columns -->\n\n<!-- wp:columns -->\n<div class=\"wp-block-columns\"><!-- wp:column {\"width\":\"80%\"} -->\n<div class=\"wp-block-column\" style=\"flex-basis:80%\"><!-- wp:gallery {\"ids\":[11673],\"linkTo\":\"none\"} -->\n<figure class=\"wp-block-gallery has-nested-images columns-default is-cropped\"><!-- wp:image {\"id\":14043,\"sizeSlug\":\"large\",\"linkDestination\":\"none\"} -->\n<figure class=\"wp-block-image size-large\"><img src=\"https:\/\/www.kosiceregion.com\/wp-content\/uploads\/2025\/03\/KP_0124-1024x683.jpg\" alt=\"\" class=\"wp-image-14043\"\/><\/figure>\n<!-- \/wp:image --><\/figure>\n<!-- \/wp:gallery --><\/div>\n<!-- \/wp:column -->\n\n<!-- wp:column {\"width\":\"25%\"} -->\n<div class=\"wp-block-column\" style=\"flex-basis:25%\"><\/div>\n<!-- \/wp:column --><\/div>\n<!-- \/wp:columns -->\n\n<!-- wp:heading {\"level\":3} -->\n<h3 class=\"wp-block-heading\"><strong><strong>Museum of Aviation in Ko\u0161ice.<\/strong><\/strong><\/h3>\n<!-- \/wp:heading -->\n\n<!-- wp:columns -->\n<div class=\"wp-block-columns\"><!-- wp:column {\"width\":\"30%\"} -->\n<div class=\"wp-block-column\" style=\"flex-basis:30%\"><\/div>\n<!-- \/wp:column -->\n\n<!-- wp:column {\"width\":\"80%\"} -->\n<div class=\"wp-block-column\" style=\"flex-basis:80%\"><\/div>\n<!-- \/wp:column --><\/div>\n<!-- \/wp:columns -->\n\n<!-- wp:columns -->\n<div class=\"wp-block-columns\"><!-- wp:column {\"width\":\"30%\"} -->\n<div class=\"wp-block-column\" style=\"flex-basis:30%\"><!-- wp:paragraph -->\n<p><\/p>\n<!-- \/wp:paragraph --><\/div>\n<!-- \/wp:column -->\n\n<!-- wp:column {\"width\":\"80%\"} -->\n<div class=\"wp-block-column\" style=\"flex-basis:80%\"><!-- wp:tadv\/classic-paragraph -->\n<p>You can find a gem of aviation in Ko\u0161ice - the Museum of Aviation, which focuses on the history of flying and aviation technology. The exhibition features rare aviation machines used during the World War I and World War II, as well as during the Cold War.<\/p>\n<p>The collection includes, for example, the Mirage III RS, the French Mirage IIIE fighter, the Lockheed F-104S Starfighter from Italy, and the Bell UH-1 Iroquois from the USA.<\/p>\n<p>Visitors will not only be able to admire historic aircraft, but also models and accessories that are linked to significant moments in aviation history. It is an ideal place for all those interested in technology and aviation.<\/p>\n<!-- \/wp:tadv\/classic-paragraph -->\n\n<!-- wp:image {\"id\":14051,\"sizeSlug\":\"large\",\"linkDestination\":\"none\"} -->\n<figure class=\"wp-block-image size-large\"><img src=\"https:\/\/www.kosiceregion.com\/wp-content\/uploads\/2025\/03\/KP_0114-1-1024x683.jpg\" alt=\"\" class=\"wp-image-14051\"\/><\/figure>\n<!-- \/wp:image -->\n\n<!-- wp:image {\"id\":14052,\"sizeSlug\":\"large\",\"linkDestination\":\"none\"} -->\n<figure class=\"wp-block-image size-large\"><img src=\"https:\/\/www.kosiceregion.com\/wp-content\/uploads\/2025\/03\/KP_0135-1-1024x683.jpg\" alt=\"\" class=\"wp-image-14052\"\/><\/figure>\n<!-- \/wp:image -->\n\n<!-- wp:paragraph -->\n<p>There are over 30 historic machines and instruments on display, including aircraft engines and navigational instruments. The original aircraft, such as MIG-15, MIG-21, SU-22, SU-15 TM (donated by the Ukrainian President), and the agricultural Z-37 A \u2018Bumblebee\u2019 are an interesting part of the exhibit.<\/p>\n<!-- \/wp:paragraph -->\n\n<!-- wp:tadv\/classic-paragraph -->\n<p>The collection also includes 24 historic aircraft engines and about 50 models and mock-ups of aircraft. The exhibition offers a unique view of the development of aviation from 1915 to the present day.<\/p>\n<!-- \/wp:tadv\/classic-paragraph --><\/div>\n<!-- \/wp:column --><\/div>\n<!-- \/wp:columns -->\n\n<!-- wp:columns -->\n<div class=\"wp-block-columns\"><!-- wp:column {\"width\":\"85%\"} -->\n<div class=\"wp-block-column\" style=\"flex-basis:85%\"><!-- wp:image {\"id\":14046,\"sizeSlug\":\"full\",\"linkDestination\":\"none\"} -->\n<figure class=\"wp-block-image size-full\"><img src=\"https:\/\/www.kosiceregion.com\/wp-content\/uploads\/2025\/03\/muzeum-obeti-komunizmu-budova.jpg\" alt=\"\" class=\"wp-image-14046\"\/><figcaption class=\"wp-element-caption\">FOTO: <strong>Museum of the Victims of Communism in Ko\u0161ice<\/strong><\/figcaption><\/figure>\n<!-- \/wp:image --><\/div>\n<!-- \/wp:column -->\n\n<!-- wp:column {\"width\":\"25%\"} -->\n<div class=\"wp-block-column\" style=\"flex-basis:25%\"><\/div>\n<!-- \/wp:column --><\/div>\n<!-- \/wp:columns -->\n\n<!-- wp:tadv\/classic-paragraph \/-->\n\n<!-- wp:heading -->\n<h2 class=\"wp-block-heading\"><strong><strong>Museum of the Victims of Communism in Ko\u0161ice<\/strong><\/strong><\/h2>\n<!-- \/wp:heading -->\n\n<!-- wp:columns -->\n<div class=\"wp-block-columns\"><!-- wp:column {\"width\":\"80%\"} -->\n<div class=\"wp-block-column\" style=\"flex-basis:80%\"><!-- wp:paragraph -->\n<p>The Museum of the Victims of Communism in Ko\u0161ice presents a powerful and emotive insight into the lives of people who survived persecution and suffering under the communist regime. The exhibition depicts the stories of imprisoned and tortured individuals who were persecuted for their political beliefs.<\/p>\n<!-- \/wp:paragraph -->\n\n<!-- wp:paragraph -->\n<p>Visitors can delve into a history that has been taboo for many years through personal stories and interactive exhibitions. The Museum seeks to preserve these stories for future generations and to remind them how important it is to defend freedom and justice.<\/p>\n<!-- \/wp:paragraph --><\/div>\n<!-- \/wp:column -->\n\n<!-- wp:column {\"width\":\"25%\"} -->\n<div class=\"wp-block-column\" style=\"flex-basis:25%\"><\/div>\n<!-- \/wp:column --><\/div>\n<!-- \/wp:columns -->\n\n<!-- wp:columns -->\n<div class=\"wp-block-columns\"><!-- wp:column {\"width\":\"30%\"} -->\n<div class=\"wp-block-column\" style=\"flex-basis:30%\"><!-- wp:image -->\n<figure class=\"wp-block-image\"><img alt=\"\"\/><\/figure>\n<!-- \/wp:image --><\/div>\n<!-- \/wp:column -->\n\n<!-- wp:column {\"width\":\"80%\"} -->\n<div class=\"wp-block-column\" style=\"flex-basis:80%\"><!-- wp:image {\"id\":14047,\"sizeSlug\":\"full\",\"linkDestination\":\"none\"} -->\n<figure class=\"wp-block-image size-full\"><img src=\"https:\/\/www.kosiceregion.com\/wp-content\/uploads\/2025\/03\/vystava-samizdat-v-boji-za-slobodu-1024x768-1.jpg\" alt=\"\" class=\"wp-image-14047\"\/><\/figure>\n<!-- \/wp:image --><\/div>\n<!-- \/wp:column --><\/div>\n<!-- \/wp:columns -->\n\n<!-- wp:columns -->\n<div class=\"wp-block-columns\"><!-- wp:column {\"width\":\"30%\"} -->\n<div class=\"wp-block-column\" style=\"flex-basis:30%\"><!-- wp:paragraph -->\n<p><\/p>\n<!-- \/wp:paragraph --><\/div>\n<!-- \/wp:column -->\n\n<!-- wp:column {\"width\":\"80%\"} -->\n<div class=\"wp-block-column\" style=\"flex-basis:80%\"><!-- wp:paragraph -->\n<p>The Museum offers guided tours that focus on the stories of people who experienced persecution during that period. Visitors can view the Victims of Communism Map and the Samizdat Library, which shows the ways in which information was disseminated during the censorship.<\/p>\n<!-- \/wp:paragraph -->\n\n<!-- wp:paragraph -->\n<p>In Ko\u0161ice, in the building of the former regional \u0160tB (State Security Service) prison, there is an exhibition devoted to the illegal practices carried out against political prisoners. It also presents a 3D model of the prison and a preserved solitary confinement cell.<\/p>\n<!-- \/wp:paragraph -->\n\n<!-- wp:paragraph -->\n<p>The travelling exhibition \u2018Samizdat in the Fight for Freedom\u2019 deals with samizdat literature, which was a key instrument of resistance against the regime. The exhibition on the work of J\u00e1n Chryzostom Korec, in turn, presents his most extensive samizdat work, which became a symbol of resistance.<\/p>\n<!-- \/wp:paragraph --><\/div>\n<!-- \/wp:column --><\/div>\n<!-- \/wp:columns -->\n\n<!-- wp:columns -->\n<div class=\"wp-block-columns\"><!-- wp:column {\"width\":\"80%\"} -->\n<div class=\"wp-block-column\" style=\"flex-basis:80%\"><!-- wp:image {\"id\":14049,\"width\":\"616px\",\"height\":\"auto\",\"sizeSlug\":\"full\",\"linkDestination\":\"none\"} -->\n<figure class=\"wp-block-image size-full is-resized\"><img src=\"https:\/\/www.kosiceregion.com\/wp-content\/uploads\/2025\/03\/jakubisko-galeria.jpg\" alt=\"\" class=\"wp-image-14049\" style=\"width:616px;height:auto\"\/><\/figure>\n<!-- \/wp:image --><\/div>\n<!-- \/wp:column -->\n\n<!-- wp:column {\"width\":\"25%\"} -->\n<div class=\"wp-block-column\" style=\"flex-basis:25%\"><\/div>\n<!-- \/wp:column --><\/div>\n<!-- \/wp:columns -->\n\n<!-- wp:columns -->\n<div class=\"wp-block-columns\"><!-- wp:column {\"width\":\"80%\"} -->\n<div class=\"wp-block-column\" style=\"flex-basis:80%\"><!-- wp:heading -->\n<h2 class=\"wp-block-heading\"><strong><strong>Juraj Jakubisko Gallery in Koj\u0161ov<\/strong><\/strong><\/h2>\n<!-- \/wp:heading --><\/div>\n<!-- \/wp:column --><\/div>\n<!-- \/wp:columns -->\n\n<!-- wp:columns -->\n<div class=\"wp-block-columns\"><!-- wp:column {\"width\":\"80%\"} -->\n<div class=\"wp-block-column\" style=\"flex-basis:80%\"><!-- wp:paragraph -->\n<p>The Juraj Jakubisko Gallery, which is dedicated to the famous Slovak film director, is located in Koj\u0161ov. It is a place where art and film meet in a single exhibition. Jakubisko's films, which are often considered iconic works of Slovak cinematography, come to life here through paintings, film props, and artifacts.<\/p>\n<!-- \/wp:paragraph -->\n\n<!-- wp:paragraph -->\n<p>The Gallery is not just a place where you may get familiar with the work of this great artist, but also an inspiring experience for anyone interested in film and visual art.<\/p>\n<!-- \/wp:paragraph --><\/div>\n<!-- \/wp:column -->\n\n<!-- wp:column {\"width\":\"30%\"} -->\n<div class=\"wp-block-column\" style=\"flex-basis:30%\"><\/div>\n<!-- \/wp:column --><\/div>\n<!-- \/wp:columns -->\n\n<!-- wp:columns -->\n<div class=\"wp-block-columns\"><!-- wp:column {\"width\":\"30%\"} -->\n<div class=\"wp-block-column\" style=\"flex-basis:30%\"><\/div>\n<!-- \/wp:column -->\n\n<!-- wp:column {\"width\":\"80%\"} -->\n<div class=\"wp-block-column\" style=\"flex-basis:80%\"><!-- wp:image {\"id\":14050,\"sizeSlug\":\"large\",\"linkDestination\":\"none\"} -->\n<figure class=\"wp-block-image size-large\"><img src=\"https:\/\/www.kosiceregion.com\/wp-content\/uploads\/2025\/03\/jakubisko2-1024x660.jpg\" alt=\"\" class=\"wp-image-14050\"\/><\/figure>\n<!-- \/wp:image --><\/div>\n<!-- \/wp:column --><\/div>\n<!-- \/wp:columns -->\n\n<!-- wp:columns -->\n<div class=\"wp-block-columns\"><!-- wp:column {\"width\":\"30%\"} -->\n<div class=\"wp-block-column\" style=\"flex-basis:30%\"><!-- wp:paragraph -->\n<p><\/p>\n<!-- \/wp:paragraph --><\/div>\n<!-- \/wp:column -->\n\n<!-- wp:column {\"width\":\"80%\"} -->\n<div class=\"wp-block-column\" style=\"flex-basis:80%\"><!-- wp:paragraph -->\n<p>The Ko\u0161ice Region is thus home to places where history, technology and culture come alive in unconventional museums that offer unique perspectives on different aspects of our past. If you're keen to explore unconventional places and learn something new, these museums are perfect places for your next visit.<\/p>\n<!-- \/wp:paragraph --><\/div>\n<!-- \/wp:column --><\/div>\n<!-- \/wp:columns -->\n\n<!-- wp:columns -->\n<div class=\"wp-block-columns\"><!-- wp:column {\"width\":\"80%\"} -->\n<div class=\"wp-block-column\" style=\"flex-basis:80%\"><\/div>\n<!-- \/wp:column -->\n\n<!-- wp:column {\"width\":\"30%\"} -->\n<div class=\"wp-block-column\" style=\"flex-basis:30%\"><\/div>\n<!-- \/wp:column --><\/div>\n<!-- \/wp:columns -->\n\n<!-- wp:tadv\/classic-paragraph \/-->","_en_post_name":"","_en_post_excerpt":"","_en_post_title":"Non-traditional Museums on the Edge of the World.","_hu_post_content":"<!-- wp:columns -->\n<div class=\"wp-block-columns\"><!-- wp:column {\"width\":\"100%\"} -->\n<div class=\"wp-block-column\" style=\"flex-basis:100%\"><!-- wp:columns -->\n<div class=\"wp-block-columns\"><!-- wp:column {\"width\":\"80%\"} -->\n<div class=\"wp-block-column\" style=\"flex-basis:80%\"><!-- wp:paragraph -->\n<p>K\u00e9sz\u00fclj\u00f6n fel egy kalandra, amely olyan helyekre kalauzolja el, ahol a t\u00f6rt\u00e9nelem teljesen \u00fajszer\u0171 m\u00f3don elevenedik meg! A Kassai r\u00e9gi\u00f3ban rendhagy\u00f3 m\u00fazeumok v\u00e1rj\u00e1k, amelyek a m\u00faltra ny\u00edl\u00f3\u00a0 ablakok, mindegyik\u00fck egyed\u00fcl\u00e1ll\u00f3 betekint\u00e9st ny\u00fajt kult\u00far\u00e1nkba \u00e9s technol\u00f3gi\u00e1inkba. N\u00e9zzen be a dobsinai Mobil M\u00fazeumba, hogy megn\u00e9zze, hogyan lettek a r\u00e9gi felnyithat\u00f3 telefonokb\u00f3l napjaink mobilcsod\u00e1i. Rep\u00fclj\u00f6n v\u00e9gig a kassai Rep\u00fcl\u0151m\u00fazeumban, ahol meg\u00e9rintheti a felh\u0151ket, \u00e9s fedezze fel a kommunizmus \u00e1ldozatainak m\u00fazeum\u00e1ban kibontakoz\u00f3 t\u00f6rt\u00e9neteket. V\u00e9gezet\u00fcl pedig a fest\u0151i Kojs\u00f3 falucsk\u00e1ban tekintse meg a Juraj Jakubisko Gal\u00e9ri\u00e1t, ahol a film vil\u00e1ga a m\u0171v\u00e9szet var\u00e1zs\u00e1val tal\u00e1lkozik.\u00a0<\/p>\n<!-- \/wp:paragraph --><\/div>\n<!-- \/wp:column -->\n\n<!-- wp:column {\"width\":\"50%\"} -->\n<div class=\"wp-block-column\" style=\"flex-basis:50%\"><\/div>\n<!-- \/wp:column --><\/div>\n<!-- \/wp:columns --><\/div>\n<!-- \/wp:column --><\/div>\n<!-- \/wp:columns -->\n\n<!-- wp:image {\"id\":14042,\"width\":\"592px\",\"height\":\"auto\",\"sizeSlug\":\"large\",\"linkDestination\":\"none\"} -->\n<figure class=\"wp-block-image size-large is-resized\"><img src=\"https:\/\/www.kosiceregion.com\/wp-content\/uploads\/2025\/03\/muzeummmobilov-1024x768.jpg\" alt=\"\" class=\"wp-image-14042\" style=\"width:592px;height:auto\"\/><figcaption class=\"wp-element-caption\">FOTO: <strong>A dobsinai Mobil M\u00fazeum<\/strong> <\/figcaption><\/figure>\n<!-- \/wp:image -->\n\n<!-- wp:heading {\"level\":3} -->\n<h3 class=\"wp-block-heading\"><strong><strong>A dobsinai Mobil M\u00fazeum<\/strong><\/strong><\/h3>\n<!-- \/wp:heading -->\n\n<!-- wp:columns -->\n<div class=\"wp-block-columns\"><!-- wp:column {\"width\":\"80%\"} -->\n<div class=\"wp-block-column\" style=\"flex-basis:80%\"><!-- wp:paragraph -->\n<p>Ha \u00e9rdekli, hogyan fejl\u0151d\u00f6tt a kommunik\u00e1ci\u00f3, a dobsinai Mobil M\u00fazeumban elmer\u00fclhet a t\u00e1vk\u00f6zl\u00e9s leny\u0171g\u00f6z\u0151 m\u00faltj\u00e1ban. Az els\u0151, egyszer\u0171 telefonokt\u00f3l a modern mobilk\u00e9sz\u00fcl\u00e9kekig a ki\u00e1ll\u00edt\u00e1s egyed\u00fcl\u00e1ll\u00f3 betekint\u00e9st ny\u00fajt egy olyan technol\u00f3gia fejl\u0151d\u00e9s\u00e9be, amely megv\u00e1ltoztatta az emberi kapcsol\u00f3d\u00e1s m\u00f3dj\u00e1t.<\/p>\n<!-- \/wp:paragraph -->\n\n<!-- wp:paragraph -->\n<p>A gy\u0171jtem\u00e9ny k\u00fcl\u00f6nb\u00f6z\u0151 korszakokb\u00f3l \u00e9s orsz\u00e1gokb\u00f3l sz\u00e1rmaz\u00f3 telefonokat mutat be, \u00e9s minden egyes ki\u00e1ll\u00edt\u00e1si t\u00e1rgy a tal\u00e1lm\u00e1ny fejl\u0151d\u00e9s\u00e9nek \u00e9s t\u00e1rsadalmi hat\u00e1s\u00e1nak t\u00f6rt\u00e9net\u00e9t is elmes\u00e9li.<\/p>\n<!-- \/wp:paragraph --><\/div>\n<!-- \/wp:column -->\n\n<!-- wp:column {\"width\":\"25%\"} -->\n<div class=\"wp-block-column\" style=\"flex-basis:25%\"><\/div>\n<!-- \/wp:column --><\/div>\n<!-- \/wp:columns -->\n\n<!-- wp:columns -->\n<div class=\"wp-block-columns\"><!-- wp:column {\"width\":\"80%\"} -->\n<div class=\"wp-block-column\" style=\"flex-basis:80%\"><!-- wp:gallery {\"ids\":[11673],\"linkTo\":\"none\"} -->\n<figure class=\"wp-block-gallery has-nested-images columns-default is-cropped\"><!-- wp:image {\"id\":14043,\"sizeSlug\":\"large\",\"linkDestination\":\"none\"} -->\n<figure class=\"wp-block-image size-large\"><img src=\"https:\/\/www.kosiceregion.com\/wp-content\/uploads\/2025\/03\/KP_0124-1024x683.jpg\" alt=\"\" class=\"wp-image-14043\"\/><\/figure>\n<!-- \/wp:image --><\/figure>\n<!-- \/wp:gallery --><\/div>\n<!-- \/wp:column -->\n\n<!-- wp:column {\"width\":\"25%\"} -->\n<div class=\"wp-block-column\" style=\"flex-basis:25%\"><\/div>\n<!-- \/wp:column --><\/div>\n<!-- \/wp:columns -->\n\n<!-- wp:heading {\"level\":3} -->\n<h3 class=\"wp-block-heading\"><strong><strong>A kassai Rep\u00fcl\u0151m\u00fazeum<\/strong><\/strong><\/h3>\n<!-- \/wp:heading -->\n\n<!-- wp:columns -->\n<div class=\"wp-block-columns\"><!-- wp:column {\"width\":\"30%\"} -->\n<div class=\"wp-block-column\" style=\"flex-basis:30%\"><\/div>\n<!-- \/wp:column -->\n\n<!-- wp:column {\"width\":\"80%\"} -->\n<div class=\"wp-block-column\" style=\"flex-basis:80%\"><\/div>\n<!-- \/wp:column --><\/div>\n<!-- \/wp:columns -->\n\n<!-- wp:columns -->\n<div class=\"wp-block-columns\"><!-- wp:column {\"width\":\"30%\"} -->\n<div class=\"wp-block-column\" style=\"flex-basis:30%\"><!-- wp:paragraph -->\n<p><\/p>\n<!-- \/wp:paragraph --><\/div>\n<!-- \/wp:column -->\n\n<!-- wp:column {\"width\":\"80%\"} -->\n<div class=\"wp-block-column\" style=\"flex-basis:80%\"><!-- wp:tadv\/classic-paragraph -->\n<p>Kass\u00e1n egy igazi kincs v\u00e1rja a rep\u00fcl\u0151g\u00e9pek szerelmeseit, a Rep\u00fcl\u0151m\u00fazeum, amely a rep\u00fcl\u00e9s \u00e9s a rep\u00fcl\u00e9stechnika t\u00f6rt\u00e9net\u00e9t mutatja be. \u00a0A ki\u00e1ll\u00edt\u00e1sban olyan ritka rep\u00fcl\u0151g\u00e9peket is l\u00e1thatunk, \u00a0amelyeket az els\u0151 \u00e9s a m\u00e1sodik vil\u00e1gh\u00e1bor\u00faban, valamint a hidegh\u00e1bor\u00fa idej\u00e9n haszn\u00e1ltak.<\/p>\n<p>A gy\u0171jtem\u00e9nyben megtal\u00e1lhat\u00f3 p\u00e9ld\u00e1ul a Mirage III RS , a francia Mirage IIIE vad\u00e1szg\u00e9p, az olasz Lockheed F-104S Startfighter \u00e9s az amerikai Bell UH-1 Iroquois.<\/p>\n<p>A l\u00e1togat\u00f3k nemcsak t\u00f6rt\u00e9nelmi rep\u00fcl\u0151g\u00e9peket, hanem a rep\u00fcl\u00e9st\u00f6rt\u00e9net jelent\u0151s pillanataihoz kapcsol\u00f3d\u00f3 modelleket \u00e9s kieg\u00e9sz\u00edt\u0151ket is megcsod\u00e1lhatnak. Ide\u00e1lis hely mindazok sz\u00e1m\u00e1ra, akiket \u00e9rdekel a technika \u00e9s a rep\u00fcl\u00e9s.<\/p>\n<!-- \/wp:tadv\/classic-paragraph -->\n\n<!-- wp:image {\"id\":14051,\"sizeSlug\":\"large\",\"linkDestination\":\"none\"} -->\n<figure class=\"wp-block-image size-large\"><img src=\"https:\/\/www.kosiceregion.com\/wp-content\/uploads\/2025\/03\/KP_0114-1-1024x683.jpg\" alt=\"\" class=\"wp-image-14051\"\/><\/figure>\n<!-- \/wp:image -->\n\n<!-- wp:image {\"id\":14052,\"sizeSlug\":\"large\",\"linkDestination\":\"none\"} -->\n<figure class=\"wp-block-image size-large\"><img src=\"https:\/\/www.kosiceregion.com\/wp-content\/uploads\/2025\/03\/KP_0135-1-1024x683.jpg\" alt=\"\" class=\"wp-image-14052\"\/><\/figure>\n<!-- \/wp:image -->\n\n<!-- wp:paragraph -->\n<p>T\u00f6bb mint 30 t\u00f6rt\u00e9nelmi g\u00e9p \u00e9s m\u0171szer l\u00e1that\u00f3 a m\u00fazeumban, k\u00f6zt\u00fck rep\u00fcl\u0151g\u00e9pmotorok \u00e9s navig\u00e1ci\u00f3s m\u0171szerek. K\u00fcl\u00f6nleges \u00e9lm\u00e9nyt ny\u00fajtanak az eredeti rep\u00fcl\u0151g\u00e9pek, mint p\u00e9ld\u00e1ul a MIG-15, MIG-21, SU-22, SU-15 TM (amelyet az ukr\u00e1n eln\u00f6k \u00e1ltal adom\u00e1nyozott), vagy a mez\u0151gazdas\u00e1gi Z-37 A \u201eDong\u00f3\u201d.<\/p>\n<!-- \/wp:paragraph -->\n\n<!-- wp:paragraph -->\n<p>A gy\u0171jtem\u00e9nyben 24 t\u00f6rt\u00e9nelmi rep\u00fcl\u0151g\u00e9p-motor \u00e9s mintegy 50 rep\u00fcl\u0151g\u00e9p-modell \u00e9s makett is tal\u00e1lhat\u00f3. A ki\u00e1ll\u00edt\u00e1s egyed\u00fcl\u00e1ll\u00f3 k\u00e9pet ny\u00fajt a rep\u00fcl\u00e9s fejl\u0151d\u00e9s\u00e9r\u0151l 1915-t\u0151l napjainkig.<\/p>\n<!-- \/wp:paragraph --><\/div>\n<!-- \/wp:column --><\/div>\n<!-- \/wp:columns -->\n\n<!-- wp:columns -->\n<div class=\"wp-block-columns\"><!-- wp:column {\"width\":\"85%\"} -->\n<div class=\"wp-block-column\" style=\"flex-basis:85%\"><!-- wp:image {\"id\":14046,\"sizeSlug\":\"full\",\"linkDestination\":\"none\"} -->\n<figure class=\"wp-block-image size-full\"><img src=\"https:\/\/www.kosiceregion.com\/wp-content\/uploads\/2025\/03\/muzeum-obeti-komunizmu-budova.jpg\" alt=\"\" class=\"wp-image-14046\"\/><figcaption class=\"wp-element-caption\">FOTO: <strong>A kommunizmus \u00e1ldozatainak m\u00fazeuma Kass\u00e1n<\/strong><\/figcaption><\/figure>\n<!-- \/wp:image --><\/div>\n<!-- \/wp:column -->\n\n<!-- wp:column {\"width\":\"25%\"} -->\n<div class=\"wp-block-column\" style=\"flex-basis:25%\"><\/div>\n<!-- \/wp:column --><\/div>\n<!-- \/wp:columns -->\n\n<!-- wp:tadv\/classic-paragraph \/-->\n\n<!-- wp:heading -->\n<h2 class=\"wp-block-heading\"><strong><strong>A kommunizmus \u00e1ldozatainak m\u00fazeuma Kass\u00e1n<\/strong><\/strong><\/h2>\n<!-- \/wp:heading -->\n\n<!-- wp:columns -->\n<div class=\"wp-block-columns\"><!-- wp:column {\"width\":\"80%\"} -->\n<div class=\"wp-block-column\" style=\"flex-basis:80%\"><!-- wp:paragraph -->\n<p>A kommunizmus \u00e1ldozatainak m\u00fazeuma Kass\u00e1n er\u0151teljes \u00e9s megr\u00e1z\u00f3 betekint\u00e9st ny\u00fajt azoknak az embereknek az \u00e9let\u00e9be, akik t\u00fal\u00e9lt\u00e9k a kommunista rendszer alatti \u00fcld\u00f6ztet\u00e9st \u00e9s szenved\u00e9st. A ki\u00e1ll\u00edt\u00e1s a politikai meggy\u0151z\u0151d\u00e9s\u00fck miatt beb\u00f6rt\u00f6nz\u00f6tt \u00e9s megk\u00ednzott szem\u00e9lyek t\u00f6rt\u00e9neteit mutatja be.<\/p>\n<!-- \/wp:paragraph -->\n\n<!-- wp:paragraph -->\n<p>A szem\u00e9lyes t\u00f6rt\u00e9neteken \u00e9s az interakt\u00edv ki\u00e1ll\u00edt\u00e1sokon kereszt\u00fcl a l\u00e1togat\u00f3k megismerhetik a t\u00f6rt\u00e9nelemnek azt az oldal\u00e1t, amely sok\u00e1ig tabu volt. A m\u00fazeum arra t\u00f6rekszik, hogy meg\u0151rizze ezeket a t\u00f6rt\u00e9neteket a j\u00f6v\u0151 gener\u00e1ci\u00f3i sz\u00e1m\u00e1ra, \u00e9s eml\u00e9keztesse \u0151ket arra, milyen fontos a szabads\u00e1g \u00e9s az igazs\u00e1goss\u00e1g v\u00e9delme.<\/p>\n<!-- \/wp:paragraph --><\/div>\n<!-- \/wp:column -->\n\n<!-- wp:column {\"width\":\"25%\"} -->\n<div class=\"wp-block-column\" style=\"flex-basis:25%\"><\/div>\n<!-- \/wp:column --><\/div>\n<!-- \/wp:columns -->\n\n<!-- wp:columns -->\n<div class=\"wp-block-columns\"><!-- wp:column {\"width\":\"30%\"} -->\n<div class=\"wp-block-column\" style=\"flex-basis:30%\"><!-- wp:image -->\n<figure class=\"wp-block-image\"><img alt=\"\"\/><\/figure>\n<!-- \/wp:image --><\/div>\n<!-- \/wp:column -->\n\n<!-- wp:column {\"width\":\"80%\"} -->\n<div class=\"wp-block-column\" style=\"flex-basis:80%\"><!-- wp:image {\"id\":14047,\"sizeSlug\":\"full\",\"linkDestination\":\"none\"} -->\n<figure class=\"wp-block-image size-full\"><img src=\"https:\/\/www.kosiceregion.com\/wp-content\/uploads\/2025\/03\/vystava-samizdat-v-boji-za-slobodu-1024x768-1.jpg\" alt=\"\" class=\"wp-image-14047\"\/><\/figure>\n<!-- \/wp:image --><\/div>\n<!-- \/wp:column --><\/div>\n<!-- \/wp:columns -->\n\n<!-- wp:columns -->\n<div class=\"wp-block-columns\"><!-- wp:column {\"width\":\"30%\"} -->\n<div class=\"wp-block-column\" style=\"flex-basis:30%\"><!-- wp:paragraph -->\n<p><\/p>\n<!-- \/wp:paragraph --><\/div>\n<!-- \/wp:column -->\n\n<!-- wp:column {\"width\":\"80%\"} -->\n<div class=\"wp-block-column\" style=\"flex-basis:80%\"><!-- wp:paragraph -->\n<p>A m\u00fazeum vezetett t\u00far\u00e1kat k\u00edn\u00e1l, ahol az \u00e9rdekl\u0151d\u0151k megismerhetik az \u00fcld\u00f6ztet\u00e9st \u00e1t\u00e9lt emberek t\u00f6rt\u00e9neteit, tanulm\u00e1nyozhatj\u00e1k a kommunizmus \u00e1ldozatainak t\u00e9rk\u00e9p\u00e9t \u00e9s a szamizdat k\u00f6nyvt\u00e1rat, amely bemutatja, hogy milyen m\u00f3don terjesztett\u00e9k az inform\u00e1ci\u00f3kat a cenz\u00fara idej\u00e9n.<\/p>\n<!-- \/wp:paragraph -->\n\n<!-- wp:paragraph -->\n<p>Kass\u00e1n, az \u00c1llamrend\u0151rs\u00e9g egykori ker\u00fcleti b\u00f6rt\u00f6n\u00e9ben a politikai foglyokkal szemben alkalmazott t\u00f6rv\u00e9nytelen gyakorlatoknak szentelt ki\u00e1ll\u00edt\u00e1s l\u00e1that\u00f3. Bemutatj\u00e1k a b\u00f6rt\u00f6n 3D-s modellj\u00e9t \u00e9s egy meg\u0151rz\u00f6tt mag\u00e1nz\u00e1rk\u00e1t is.<\/p>\n<!-- \/wp:paragraph -->\n\n<!-- wp:paragraph -->\n<p>A \u201eSzamizdat a szabads\u00e1gharcban\u201d c\u00edm\u0171 v\u00e1ndorki\u00e1ll\u00edt\u00e1s a szamizdat irodalomr\u00f3l sz\u00f3l, amely a rendszerrel szembeni ellen\u00e1ll\u00e1s egyik legfontosabb eszk\u00f6ze volt. A Jan Chrysostom Korec munk\u00e1ss\u00e1g\u00e1r\u00f3l sz\u00f3l\u00f3 ki\u00e1ll\u00edt\u00e1s pedig az ellen\u00e1ll\u00e1s szimb\u00f3lum\u00e1v\u00e1 v\u00e1lt legterjedelmesebb szamizdat munk\u00e1t ismerteti. &nbsp;<\/p>\n<!-- \/wp:paragraph --><\/div>\n<!-- \/wp:column --><\/div>\n<!-- \/wp:columns -->\n\n<!-- wp:columns -->\n<div class=\"wp-block-columns\"><!-- wp:column {\"width\":\"80%\"} -->\n<div class=\"wp-block-column\" style=\"flex-basis:80%\"><!-- wp:image {\"id\":14049,\"width\":\"616px\",\"height\":\"auto\",\"sizeSlug\":\"full\",\"linkDestination\":\"none\"} -->\n<figure class=\"wp-block-image size-full is-resized\"><img src=\"https:\/\/www.kosiceregion.com\/wp-content\/uploads\/2025\/03\/jakubisko-galeria.jpg\" alt=\"\" class=\"wp-image-14049\" style=\"width:616px;height:auto\"\/><\/figure>\n<!-- \/wp:image --><\/div>\n<!-- \/wp:column -->\n\n<!-- wp:column {\"width\":\"25%\"} -->\n<div class=\"wp-block-column\" style=\"flex-basis:25%\"><\/div>\n<!-- \/wp:column --><\/div>\n<!-- \/wp:columns -->\n\n<!-- wp:columns -->\n<div class=\"wp-block-columns\"><!-- wp:column {\"width\":\"80%\"} -->\n<div class=\"wp-block-column\" style=\"flex-basis:80%\"><!-- wp:heading -->\n<h2 class=\"wp-block-heading\"><strong><strong>A kojs\u00f3i Juraj Jakubisko Gal\u00e9ria<\/strong><\/strong><\/h2>\n<!-- \/wp:heading --><\/div>\n<!-- \/wp:column --><\/div>\n<!-- \/wp:columns -->\n\n<!-- wp:columns -->\n<div class=\"wp-block-columns\"><!-- wp:column {\"width\":\"80%\"} -->\n<div class=\"wp-block-column\" style=\"flex-basis:80%\"><!-- wp:paragraph -->\n<p>Kojs\u00f3n tal\u00e1lhat\u00f3 a h\u00edres szlov\u00e1k filmrendez\u0151, Juraj Jakubisko gal\u00e9ri\u00e1ja. Ez a hely a m\u0171v\u00e9szet \u00e9s a film tal\u00e1lkoz\u00f3ja egy ki\u00e1ll\u00edt\u00e1s keretein bel\u00fcl. \u00a0Jakubisko filmjei, amelyek a szlov\u00e1k filmm\u0171v\u00e9szet ikonikus alkot\u00e1sai k\u00f6z\u00e9 tartoznak tartanak, itt festm\u00e9nyek, filmes kell\u00e9kek \u00e9s t\u00e1rgyak seg\u00edts\u00e9g\u00e9vel elevenednek meg.<\/p>\n<!-- \/wp:paragraph -->\n\n<!-- wp:paragraph -->\n<p>A gal\u00e9ria nemcsak egy olyan hely, ahol megismerkedhet\u00fcnk e nagyszer\u0171 m\u0171v\u00e9sz munk\u00e1ss\u00e1g\u00e1val, hanem inspir\u00e1l\u00f3 \u00e9lm\u00e9nyt ny\u00fajt mindazoknak, akiket \u00e9rdekel a film \u00e9s a vizu\u00e1lis m\u0171v\u00e9szetek.<\/p>\n<!-- \/wp:paragraph --><\/div>\n<!-- \/wp:column -->\n\n<!-- wp:column {\"width\":\"30%\"} -->\n<div class=\"wp-block-column\" style=\"flex-basis:30%\"><\/div>\n<!-- \/wp:column --><\/div>\n<!-- \/wp:columns -->\n\n<!-- wp:columns -->\n<div class=\"wp-block-columns\"><!-- wp:column {\"width\":\"30%\"} -->\n<div class=\"wp-block-column\" style=\"flex-basis:30%\"><\/div>\n<!-- \/wp:column -->\n\n<!-- wp:column {\"width\":\"80%\"} -->\n<div class=\"wp-block-column\" style=\"flex-basis:80%\"><!-- wp:image {\"id\":14050,\"sizeSlug\":\"large\",\"linkDestination\":\"none\"} -->\n<figure class=\"wp-block-image size-large\"><img src=\"https:\/\/www.kosiceregion.com\/wp-content\/uploads\/2025\/03\/jakubisko2-1024x660.jpg\" alt=\"\" class=\"wp-image-14050\"\/><\/figure>\n<!-- \/wp:image --><\/div>\n<!-- \/wp:column --><\/div>\n<!-- \/wp:columns -->\n\n<!-- wp:columns -->\n<div class=\"wp-block-columns\"><!-- wp:column {\"width\":\"30%\"} -->\n<div class=\"wp-block-column\" style=\"flex-basis:30%\"><!-- wp:paragraph -->\n<p><\/p>\n<!-- \/wp:paragraph --><\/div>\n<!-- \/wp:column -->\n\n<!-- wp:column {\"width\":\"80%\"} -->\n<div class=\"wp-block-column\" style=\"flex-basis:80%\"><!-- wp:paragraph -->\n<p>Ahogy a fentiekb\u0151l is kider\u00fclt, a Kassai r\u00e9gi\u00f3ban olyan helyeket is tal\u00e1lunk, ahol a t\u00f6rt\u00e9nelem, a technol\u00f3gia \u00e9s a kult\u00fara rendhagy\u00f3 m\u00fazeumokban elevenedik meg, egyedi n\u00e9z\u0151pontokat k\u00edn\u00e1lva m\u00faltunk k\u00fcl\u00f6nb\u00f6z\u0151 esem\u00e9nyeihez. Ha \u00d6nnek is kedve t\u00e1madt felfedezni ezeket a rendhagy\u00f3 helysz\u00edneket, \u00e9s sz\u00edvesen szerez \u00faj ismereteket, ezek a m\u00fazeumok t\u00f6k\u00e9letes c\u00e9lpontjok lehetnek, ha a k\u00f6vetkez\u0151 kir\u00e1ndul\u00e1s\u00e1t tervezi. \u00a0<\/p>\n<!-- \/wp:paragraph --><\/div>\n<!-- \/wp:column --><\/div>\n<!-- \/wp:columns -->\n\n<!-- wp:columns -->\n<div class=\"wp-block-columns\"><!-- wp:column {\"width\":\"80%\"} -->\n<div class=\"wp-block-column\" style=\"flex-basis:80%\"><\/div>\n<!-- \/wp:column -->\n\n<!-- wp:column {\"width\":\"30%\"} -->\n<div class=\"wp-block-column\" style=\"flex-basis:30%\"><\/div>\n<!-- \/wp:column --><\/div>\n<!-- \/wp:columns -->\n\n<!-- wp:tadv\/classic-paragraph \/-->","_hu_post_name":"","_hu_post_excerpt":"","_hu_post_title":"Rendhagy\u00f3 m\u00fazeumok a Kassai r\u00e9gi\u00f3ban 3. r\u00e9sz - Jakubisko, a mobilok, a rep\u00fcl\u00e9s \u00e9s a kommunizmus nyom\u00e1ban","_es_post_content":"","_es_post_name":"","_es_post_excerpt":"","_es_post_title":"","_de_post_content":"<!-- wp:columns -->\n<div class=\"wp-block-columns\"><!-- wp:column {\"width\":\"100%\"} -->\n<div class=\"wp-block-column\" style=\"flex-basis:100%\"><!-- wp:columns -->\n<div class=\"wp-block-columns\"><!-- wp:column {\"width\":\"80%\"} -->\n<div class=\"wp-block-column\" style=\"flex-basis:80%\"><!-- wp:paragraph -->\n<p>Bereiten Sie sich auf ein Abenteuer vor, das Sie an Orte bringt, wo die Geschichte in v\u00f6llig neuen Gestalten zum Leben erweckt wird! In der Region Ko\u0161ice erwarten Sie nicht traditionelle Museen, die Fenster in die Vergangenheit sind \u2013 jedes von ihnen bietet eine einmalige Sicht auf unsere Kultur und Technik. Kommen Sie in das Museum der Mobiltelefone in Dob\u0161in\u00e1, wo Sie sehen werden, die aus den alten W\u00e4hlscheibentelefonen die heutigen mobilen Wunder geworden sind. Besuchen Sie das Luftfahrtmuseum in Ko\u0161ice, wo Sie dem Himmel n\u00e4her kommen und Geschichten erkunden k\u00f6nnen, die das Museum der Opfer des Kommunismus in sich birgt. Abschlie\u00dfend k\u00f6nnen Sie die malerische Gemeinde Koj\u0161ov am Ende der Welt besuchen, die die einzigartige Galerie von Juraj Jakubisko beherbergt, wo die Welt des Films auf die Zauberkunst trifft.<\/p>\n<!-- \/wp:paragraph --><\/div>\n<!-- \/wp:column -->\n\n<!-- wp:column {\"width\":\"50%\"} -->\n<div class=\"wp-block-column\" style=\"flex-basis:50%\"><\/div>\n<!-- \/wp:column --><\/div>\n<!-- \/wp:columns --><\/div>\n<!-- \/wp:column --><\/div>\n<!-- \/wp:columns -->\n\n<!-- wp:image {\"id\":14042,\"width\":\"592px\",\"height\":\"auto\",\"sizeSlug\":\"large\",\"linkDestination\":\"none\"} -->\n<figure class=\"wp-block-image size-large is-resized\"><img src=\"https:\/\/www.kosiceregion.com\/wp-content\/uploads\/2025\/03\/muzeummmobilov-1024x768.jpg\" alt=\"\" class=\"wp-image-14042\" style=\"width:592px;height:auto\"\/><figcaption class=\"wp-element-caption\"> M\u00fazeum mobilov pon\u00faka nev\u0161edn\u00fd z\u00e1\u017eitok.     FOTO: M\u00fazeum Mobilov Dob\u0161in\u00e1                                                             <\/figcaption><\/figure>\n<!-- \/wp:image -->\n\n<!-- wp:heading {\"level\":3} -->\n<h3 class=\"wp-block-heading\"><strong><strong>Museum der Mobiltelefone in Dob\u0161in\u00e1<\/strong><\/strong><\/h3>\n<!-- \/wp:heading -->\n\n<!-- wp:columns -->\n<div class=\"wp-block-columns\"><!-- wp:column {\"width\":\"80%\"} -->\n<div class=\"wp-block-column\" style=\"flex-basis:80%\"><!-- wp:paragraph -->\n<p>Wenn es Sie interessiert, wie sich die Kommunikation entwickelt hat, dann besuchen Sie das Museum der Mobiltelefone in Dob\u0161in\u00e1, das Ihnen die faszinierende Vergangenheit der Telekommunikation n\u00e4her bringt. Von den ersten einfachen Telefonen bis zu den modernen mobilen Ger\u00e4ten, die Exposition bietet eine einmalige Sicht auf die Evolution der Technik, die ver\u00e4ndert hat, wie die Menschen miteinander kommunizieren.<\/p>\n<!-- \/wp:paragraph -->\n\n<!-- wp:paragraph -->\n<p>In dieser Sammlung finden Sie Telefone aus unterschiedlichen Zeitr\u00e4umen und L\u00e4ndern, wobei jedes Exponat eine Geschichte \u00fcber seine Entwicklung und den gesellschaftlichen Einfluss dieser Erfindung erz\u00e4hlt.<\/p>\n<!-- \/wp:paragraph --><\/div>\n<!-- \/wp:column -->\n\n<!-- wp:column {\"width\":\"25%\"} -->\n<div class=\"wp-block-column\" style=\"flex-basis:25%\"><\/div>\n<!-- \/wp:column --><\/div>\n<!-- \/wp:columns -->\n\n<!-- wp:columns -->\n<div class=\"wp-block-columns\"><!-- wp:column {\"width\":\"80%\"} -->\n<div class=\"wp-block-column\" style=\"flex-basis:80%\"><!-- wp:gallery {\"ids\":[11673],\"linkTo\":\"none\"} -->\n<figure class=\"wp-block-gallery has-nested-images columns-default is-cropped\"><!-- wp:image {\"id\":14043,\"sizeSlug\":\"large\",\"linkDestination\":\"none\"} -->\n<figure class=\"wp-block-image size-large\"><img src=\"https:\/\/www.kosiceregion.com\/wp-content\/uploads\/2025\/03\/KP_0124-1024x683.jpg\" alt=\"\" class=\"wp-image-14043\"\/><\/figure>\n<!-- \/wp:image --><\/figure>\n<!-- \/wp:gallery --><\/div>\n<!-- \/wp:column -->\n\n<!-- wp:column {\"width\":\"25%\"} -->\n<div class=\"wp-block-column\" style=\"flex-basis:25%\"><\/div>\n<!-- \/wp:column --><\/div>\n<!-- \/wp:columns -->\n\n<!-- wp:heading {\"level\":3} -->\n<h3 class=\"wp-block-heading\"><strong><strong>Luftfahrtmuseum Ko\u0161ice<\/strong><\/strong><\/h3>\n<!-- \/wp:heading -->\n\n<!-- wp:columns -->\n<div class=\"wp-block-columns\"><!-- wp:column {\"width\":\"30%\"} -->\n<div class=\"wp-block-column\" style=\"flex-basis:30%\"><!-- wp:paragraph -->\n<p><\/p>\n<!-- \/wp:paragraph --><\/div>\n<!-- \/wp:column -->\n\n<!-- wp:column {\"width\":\"80%\"} -->\n<div class=\"wp-block-column\" style=\"flex-basis:80%\"><!-- wp:tadv\/classic-paragraph -->\n<p>In Ko\u0161ice finden Sie das Juwel der Luftfahrt \u2013 das Luftfahrtmuseum, das sich der Geschichte der Luftfahrt und der Luftfahrttechnik widmet. Die Exposition zeigt seltene Flugger\u00e4te, die zur Zeit des Ersten und Zweiten Weltkrieges, als auch in der Zeit des Kalten Krieges eingesetzt wurden.<\/p>\n<p>Teil der Sammlung sind zum Beispiel eine Mirage III RS , der franz\u00f6sische Abfangj\u00e4ger Mirage IIIE, eine Lockheed F-104S Starfighter aus Italien und eine Bell UH-1 Iroquois aus den USA.<\/p>\n<p>Besucher k\u00f6nnen nicht nur historische Flugzeuge, aber auch Modelle und Zubeh\u00f6r bestaunen, die mit den Momenten der Geschichte der Luftfahrt eng verbunden sind. Es handelt sich um einen idealen Ort f\u00fcr jene, die sich f\u00fcr Technik und die Luftfahrt interessieren.<\/p>\n<!-- \/wp:tadv\/classic-paragraph -->\n\n<!-- wp:image {\"id\":14051,\"sizeSlug\":\"large\",\"linkDestination\":\"none\"} -->\n<figure class=\"wp-block-image size-large\"><img src=\"https:\/\/www.kosiceregion.com\/wp-content\/uploads\/2025\/03\/KP_0114-1-1024x683.jpg\" alt=\"\" class=\"wp-image-14051\"\/><\/figure>\n<!-- \/wp:image -->\n\n<!-- wp:image {\"id\":14052,\"sizeSlug\":\"large\",\"linkDestination\":\"none\"} -->\n<figure class=\"wp-block-image size-large\"><img src=\"https:\/\/www.kosiceregion.com\/wp-content\/uploads\/2025\/03\/KP_0135-1-1024x683.jpg\" alt=\"\" class=\"wp-image-14052\"\/><\/figure>\n<!-- \/wp:image -->\n\n<!-- wp:paragraph -->\n<p>In der Exposition befinden sich mehr als 30 historische Maschinen und Ger\u00e4te, einschlie\u00dflich Flugzeugmotoren und Navigationsinstrumente. Ein interessanter Teil sind original Flugzeuge, wie MIG-15, MIG-21, SU-22, SU-15 TM (ein Geschenk des ukrainischen Pr\u00e4sidenten), bzw. das Landwirtschaftsflugzeug Z-37 A \u201e\u010cmeliak\u201c (auf Deutsch \u201eHummel\u201c).<\/p>\n<!-- \/wp:paragraph -->\n\n<!-- wp:paragraph -->\n<p>Teil der Sammlung sind auch 24 historische Flugzeugmotoren und ungef\u00e4hr 50 Flugzeugmodelle. Die Exposition bietet einen einzigartigen Blick auf die Entwicklung der Luftfahrt von 1915 bis in die Gegenwart.<\/p>\n<!-- \/wp:paragraph --><\/div>\n<!-- \/wp:column --><\/div>\n<!-- \/wp:columns -->\n\n<!-- wp:columns -->\n<div class=\"wp-block-columns\"><!-- wp:column {\"width\":\"85%\"} -->\n<div class=\"wp-block-column\" style=\"flex-basis:85%\"><!-- wp:image {\"id\":14046,\"sizeSlug\":\"full\",\"linkDestination\":\"none\"} -->\n<figure class=\"wp-block-image size-full\"><img src=\"https:\/\/www.kosiceregion.com\/wp-content\/uploads\/2025\/03\/muzeum-obeti-komunizmu-budova.jpg\" alt=\"\" class=\"wp-image-14046\"\/><figcaption class=\"wp-element-caption\">FOTO: <strong>Museum der Oper des Kommunismus in Ko\u0161ice<\/strong><\/figcaption><\/figure>\n<!-- \/wp:image --><\/div>\n<!-- \/wp:column -->\n\n<!-- wp:column {\"width\":\"25%\"} -->\n<div class=\"wp-block-column\" style=\"flex-basis:25%\"><\/div>\n<!-- \/wp:column --><\/div>\n<!-- \/wp:columns -->\n\n<!-- wp:tadv\/classic-paragraph \/-->\n\n<!-- wp:heading -->\n<h2 class=\"wp-block-heading\"><strong><strong>Museum der Oper des Kommunismus in Ko\u0161ice<\/strong><\/strong><\/h2>\n<!-- \/wp:heading -->\n\n<!-- wp:columns -->\n<div class=\"wp-block-columns\"><!-- wp:column {\"width\":\"80%\"} -->\n<div class=\"wp-block-column\" style=\"flex-basis:80%\"><!-- wp:paragraph -->\n<p>Das Museum der Opfer des Kommunismus in Ko\u0161ice bietet einen starken und emotionalen Blick auf das Leben der Menschen, die die Verfolgung und das Martyrium w\u00e4hrend der Zeit des kommunistischen Regimes \u00fcberlebt haben. Die Exposition erz\u00e4hlt die Geschichte der Verhaftung und Folter einzelner, die wegen ihrer politischen \u00dcberzeugung verfolgt wurden.<\/p>\n<!-- \/wp:paragraph -->\n\n<!-- wp:paragraph -->\n<p>Mittels pers\u00f6nlicher Geschichten und interaktiver Ausstellungen k\u00f6nnen die Besucher in die Vergangenheit eintauchen, die f\u00fcr viele Jahre ein Tabu war. Das Museum bem\u00fcht sich diese Geschichten f\u00fcr zuk\u00fcnftige Generationen zu erhalten und daran zu erinnern, wie wichtig es ist die Freiheit und Gerechtigkeit zu verteidigen.<\/p>\n<!-- \/wp:paragraph --><\/div>\n<!-- \/wp:column -->\n\n<!-- wp:column {\"width\":\"25%\"} -->\n<div class=\"wp-block-column\" style=\"flex-basis:25%\"><\/div>\n<!-- \/wp:column --><\/div>\n<!-- \/wp:columns -->\n\n<!-- wp:columns -->\n<div class=\"wp-block-columns\"><!-- wp:column {\"width\":\"30%\"} -->\n<div class=\"wp-block-column\" style=\"flex-basis:30%\"><!-- wp:image -->\n<figure class=\"wp-block-image\"><img alt=\"\"\/><\/figure>\n<!-- \/wp:image --><\/div>\n<!-- \/wp:column -->\n\n<!-- wp:column {\"width\":\"80%\"} -->\n<div class=\"wp-block-column\" style=\"flex-basis:80%\"><!-- wp:image {\"id\":14047,\"sizeSlug\":\"full\",\"linkDestination\":\"none\"} -->\n<figure class=\"wp-block-image size-full\"><img src=\"https:\/\/www.kosiceregion.com\/wp-content\/uploads\/2025\/03\/vystava-samizdat-v-boji-za-slobodu-1024x768-1.jpg\" alt=\"\" class=\"wp-image-14047\"\/><\/figure>\n<!-- \/wp:image --><\/div>\n<!-- \/wp:column --><\/div>\n<!-- \/wp:columns -->\n\n<!-- wp:columns -->\n<div class=\"wp-block-columns\"><!-- wp:column {\"width\":\"30%\"} -->\n<div class=\"wp-block-column\" style=\"flex-basis:30%\"><!-- wp:paragraph -->\n<p><\/p>\n<!-- \/wp:paragraph --><\/div>\n<!-- \/wp:column -->\n\n<!-- wp:column {\"width\":\"80%\"} -->\n<div class=\"wp-block-column\" style=\"flex-basis:80%\"><!-- wp:paragraph -->\n<p>Das Museum bietet kommentierte F\u00fchrungen an, die sich auf die Geschichten von Menschen konzentrieren, die w\u00e4hrend dieser Zeit verfolgt wurden. Besucher k\u00f6nnen sich die Karte der Opfer des Kommunismus und auch die nicht offizielle Literatur \u2013 Samisdat- ansehen, mit der Informationen zur Zeit der Zensur verbreitet wurden.<\/p>\n<!-- \/wp:paragraph -->\n\n<!-- wp:paragraph -->\n<p>In Ko\u0161ice, im Geb\u00e4ude des ehemaligen Landesgef\u00e4ngnisses der Staatssicherheit, befindet sich die Exposition \u00fcber die gesetzeswidrigen Praktiken, die an politischen Gefangenen vollzogen wurden. Pr\u00e4sentiert wird auch ein 3D Modell des Gef\u00e4ngnisses und eine Einzelhaftzelle.<\/p>\n<!-- \/wp:paragraph -->\n\n<!-- wp:paragraph -->\n<p>Die Wanderausstellung \u201eSamisdat und der Kampf nach Freiheit\u201c befasst sich mit der Samisdatliteratur, die f\u00fcr den Kampf gegen das Regime sehr wichtig war. Die Ausstellung \u00fcber das Werk von J\u00e1n Chryzostom Korec zeigt wiederum seine umfangreichste Samisdatarbeit, die ein Symbol des Widerstandes wurde.<\/p>\n<!-- \/wp:paragraph --><\/div>\n<!-- \/wp:column --><\/div>\n<!-- \/wp:columns -->\n\n<!-- wp:columns -->\n<div class=\"wp-block-columns\"><!-- wp:column {\"width\":\"80%\"} -->\n<div class=\"wp-block-column\" style=\"flex-basis:80%\"><!-- wp:image {\"id\":14049,\"width\":\"616px\",\"height\":\"auto\",\"sizeSlug\":\"full\",\"linkDestination\":\"none\"} -->\n<figure class=\"wp-block-image size-full is-resized\"><img src=\"https:\/\/www.kosiceregion.com\/wp-content\/uploads\/2025\/03\/jakubisko-galeria.jpg\" alt=\"\" class=\"wp-image-14049\" style=\"width:616px;height:auto\"\/><\/figure>\n<!-- \/wp:image --><\/div>\n<!-- \/wp:column -->\n\n<!-- wp:column {\"width\":\"25%\"} -->\n<div class=\"wp-block-column\" style=\"flex-basis:25%\"><\/div>\n<!-- \/wp:column --><\/div>\n<!-- \/wp:columns -->\n\n<!-- wp:columns -->\n<div class=\"wp-block-columns\"><!-- wp:column {\"width\":\"80%\"} -->\n<div class=\"wp-block-column\" style=\"flex-basis:80%\"><!-- wp:heading -->\n<h2 class=\"wp-block-heading\"><strong><strong>Juraj Jakubisko Galerie in Koj\u0161ov<\/strong><\/strong><\/h2>\n<!-- \/wp:heading --><\/div>\n<!-- \/wp:column --><\/div>\n<!-- \/wp:columns -->\n\n<!-- wp:columns -->\n<div class=\"wp-block-columns\"><!-- wp:column {\"width\":\"80%\"} -->\n<div class=\"wp-block-column\" style=\"flex-basis:80%\"><!-- wp:paragraph -->\n<p>In Koj\u0161ov befindet sich die Juraj Jakubisko Galerie, die diesem ber\u00fchmten slowakischen Regisseur gewidmet ist. Es handelt sich um einen Ort, an dem sich Kunst und Film in einer Exposition treffen. Die Filme von Jakubisko, die oft als ikonische Werke der slowakischen Kinematografie angesehen werden, erwachen hier durch Bilder, Filmrequisiten und Artefakte zum Leben.<\/p>\n<!-- \/wp:paragraph -->\n\n<!-- wp:paragraph -->\n<p>Die Galerie ist nicht nur ein Ort, an dem Sie sich mit dem Werk dieses gro\u00dfen K\u00fcnstlers vertraut machen k\u00f6nnen, sondern auch ein inspirierendes Erlebnis f\u00fcr jeden, der sich f\u00fcr Film und visuelle Kunst interessiert.<\/p>\n<!-- \/wp:paragraph --><\/div>\n<!-- \/wp:column -->\n\n<!-- wp:column {\"width\":\"30%\"} -->\n<div class=\"wp-block-column\" style=\"flex-basis:30%\"><\/div>\n<!-- \/wp:column --><\/div>\n<!-- \/wp:columns -->\n\n<!-- wp:columns -->\n<div class=\"wp-block-columns\"><!-- wp:column {\"width\":\"30%\"} -->\n<div class=\"wp-block-column\" style=\"flex-basis:30%\"><\/div>\n<!-- \/wp:column -->\n\n<!-- wp:column {\"width\":\"80%\"} -->\n<div class=\"wp-block-column\" style=\"flex-basis:80%\"><!-- wp:image {\"id\":14050,\"sizeSlug\":\"large\",\"linkDestination\":\"none\"} -->\n<figure class=\"wp-block-image size-large\"><img src=\"https:\/\/www.kosiceregion.com\/wp-content\/uploads\/2025\/03\/jakubisko2-1024x660.jpg\" alt=\"\" class=\"wp-image-14050\"\/><\/figure>\n<!-- \/wp:image --><\/div>\n<!-- \/wp:column --><\/div>\n<!-- \/wp:columns -->\n\n<!-- wp:columns -->\n<div class=\"wp-block-columns\"><!-- wp:column {\"width\":\"30%\"} -->\n<div class=\"wp-block-column\" style=\"flex-basis:30%\"><!-- wp:paragraph -->\n<p><\/p>\n<!-- \/wp:paragraph --><\/div>\n<!-- \/wp:column -->\n\n<!-- wp:column {\"width\":\"80%\"} -->\n<div class=\"wp-block-column\" style=\"flex-basis:80%\"><!-- wp:paragraph -->\n<p>Die Region Ko\u0161ice ist also ein zu Hause der Orte, wo Geschichte, Technologie und Kultur in nicht traditionellen Museen zum Leben erweckt werden, die einzigartige Sichtweisen auf die unterschiedlichsten Aspekte unserer Vergangenheit bieten. Wenn Sie nicht traditionelle Orte entdecken und etwas Neues erfahren wollen, dann sind diese Museen der ideale Ort f\u00fcr Ihren n\u00e4chsten Besuch.<\/p>\n<!-- \/wp:paragraph --><\/div>\n<!-- \/wp:column --><\/div>\n<!-- \/wp:columns -->\n\n<!-- wp:columns -->\n<div class=\"wp-block-columns\"><!-- wp:column {\"width\":\"80%\"} -->\n<div class=\"wp-block-column\" style=\"flex-basis:80%\"><\/div>\n<!-- \/wp:column -->\n\n<!-- wp:column {\"width\":\"30%\"} -->\n<div class=\"wp-block-column\" style=\"flex-basis:30%\"><\/div>\n<!-- \/wp:column --><\/div>\n<!-- \/wp:columns -->\n\n<!-- wp:tadv\/classic-paragraph \/-->","_de_post_name":"","_de_post_excerpt":"","_de_post_title":"Nicht traditionelle Museen am Rande der Welt 3. Teil \u2013 Auf den Spuren von Jakubisko, Mobiltelefonen, der Luftfahrt in der Zeit des Kommunismus","_pl_post_content":"<!-- wp:columns -->\n<div class=\"wp-block-columns\"><!-- wp:column {\"width\":\"100%\"} -->\n<div class=\"wp-block-column\" style=\"flex-basis:100%\"><!-- wp:columns -->\n<div class=\"wp-block-columns\"><!-- wp:column {\"width\":\"80%\"} -->\n<div class=\"wp-block-column\" style=\"flex-basis:80%\"><!-- wp:paragraph -->\n<p>Przygotuj si\u0119 na niezwyk\u0142e doznania i odwied\u017a miejsca, w kt\u00f3rych historia o\u017cywa w zupe\u0142nie nowy spos\u00f3b! Wybierz si\u0119 do nietuzinkowych muze\u00f3w, kt\u00f3re pozwalaj\u0105 zanurzy\u0107 si\u0119 w przesz\u0142o\u015bci. Ka\u017cde z nich oferuje unikalne spojrzenie na kultur\u0119 i technologi\u0119. Wpadnij do Muzeum Telefon\u00f3w Kom\u00f3rkowych w Dob\u0161inie i zobacz, jak ewoluowa\u0142y nasze dzisiejsze urz\u0105dzenia. Zajrzyj do Muzeum Lotnictwa w Koszycach i dotknij chmur! Odkryj historie czekaj\u0105ce w Muzeum Ofiar Komunizmu. A na sam koniec zobacz malownicz\u0105 wiosk\u0119 Koj\u0161ov, w kt\u00f3rej znajduje si\u0119 jedyna w swoim rodzaju galeria znanego s\u0142owackiego re\u017cysera Juraja Jakubisko, gdzie \u015bwiat filmu spotyka si\u0119 z magi\u0105 sztuki.<\/p>\n<!-- \/wp:paragraph --><\/div>\n<!-- \/wp:column -->\n\n<!-- wp:column {\"width\":\"50%\"} -->\n<div class=\"wp-block-column\" style=\"flex-basis:50%\"><\/div>\n<!-- \/wp:column --><\/div>\n<!-- \/wp:columns --><\/div>\n<!-- \/wp:column --><\/div>\n<!-- \/wp:columns -->\n\n<!-- wp:columns -->\n<div class=\"wp-block-columns\"><!-- wp:column {\"width\":\"80%\"} -->\n<div class=\"wp-block-column\" style=\"flex-basis:80%\"><\/div>\n<!-- \/wp:column -->\n\n<!-- wp:column {\"width\":\"30%\"} -->\n<div class=\"wp-block-column\" style=\"flex-basis:30%\"><\/div>\n<!-- \/wp:column --><\/div>\n<!-- \/wp:columns -->\n\n<!-- wp:image {\"id\":14042,\"width\":\"592px\",\"height\":\"auto\",\"sizeSlug\":\"large\",\"linkDestination\":\"none\"} -->\n<figure class=\"wp-block-image size-large is-resized\"><img src=\"https:\/\/www.kosiceregion.com\/wp-content\/uploads\/2025\/03\/muzeummmobilov-1024x768.jpg\" alt=\"\" class=\"wp-image-14042\" style=\"width:592px;height:auto\"\/><figcaption class=\"wp-element-caption\">Muzeum Telefon\u00f3w Kom\u00f3rkowych w Dob\u0161inie FOTO: M\u00fazeum Mobilov Dob\u0161in\u00e1 <\/figcaption><\/figure>\n<!-- \/wp:image -->\n\n<!-- wp:heading {\"level\":3} -->\n<h3 class=\"wp-block-heading\"><strong>Muzeum Telefon\u00f3w Kom\u00f3rkowych w Dob\u0161inie<\/strong><\/h3>\n<!-- \/wp:heading -->\n\n<!-- wp:columns -->\n<div class=\"wp-block-columns\"><!-- wp:column {\"width\":\"80%\"} -->\n<div class=\"wp-block-column\" style=\"flex-basis:80%\"><!-- wp:paragraph -->\n<p>Miejsce dla wszystkich ciekawych \u015bwiata i komunikacji przedstawia fascynuj\u0105c\u0105 przesz\u0142o\u015b\u0107 technologii telekomunikacyjnej. Od pierwszych prostych telefon\u00f3w po nowoczesne urz\u0105dzenia mobilne, wystawa przybli\u017ca rozw\u00f3j technologii, kt\u00f3ra zrewolucjonizowa\u0142a spos\u00f3b komunikowania si\u0119 ludzi.<\/p>\n<!-- \/wp:paragraph -->\n\n<!-- wp:paragraph -->\n<p>Kolekcja obejmuje telefony z r\u00f3\u017cnych epok i kraj\u00f3w, a za ka\u017cdym eksponatem kryje si\u0119 historia jego rozwoju i wp\u0142ywu owego wynalazku na spo\u0142ecze\u0144stwo.<\/p>\n<!-- \/wp:paragraph --><\/div>\n<!-- \/wp:column -->\n\n<!-- wp:column {\"width\":\"25%\"} -->\n<div class=\"wp-block-column\" style=\"flex-basis:25%\"><\/div>\n<!-- \/wp:column --><\/div>\n<!-- \/wp:columns -->\n\n<!-- wp:columns -->\n<div class=\"wp-block-columns\"><!-- wp:column {\"width\":\"30%\"} -->\n<div class=\"wp-block-column\" style=\"flex-basis:30%\"><\/div>\n<!-- \/wp:column --><\/div>\n<!-- \/wp:columns -->\n\n<!-- wp:columns -->\n<div class=\"wp-block-columns\"><!-- wp:column {\"width\":\"80%\"} -->\n<div class=\"wp-block-column\" style=\"flex-basis:80%\"><\/div>\n<!-- \/wp:column --><\/div>\n<!-- \/wp:columns -->\n\n<!-- wp:columns -->\n<div class=\"wp-block-columns\"><!-- wp:column {\"width\":\"80%\"} -->\n<div class=\"wp-block-column\" style=\"flex-basis:80%\"><!-- wp:gallery {\"ids\":[11673],\"linkTo\":\"none\"} -->\n<figure class=\"wp-block-gallery has-nested-images columns-default is-cropped\"><!-- wp:image {\"id\":14043,\"sizeSlug\":\"large\",\"linkDestination\":\"none\"} -->\n<figure class=\"wp-block-image size-large\"><img src=\"https:\/\/www.kosiceregion.com\/wp-content\/uploads\/2025\/03\/KP_0124-1024x683.jpg\" alt=\"\" class=\"wp-image-14043\"\/><\/figure>\n<!-- \/wp:image --><\/figure>\n<!-- \/wp:gallery --><\/div>\n<!-- \/wp:column -->\n\n<!-- wp:column {\"width\":\"25%\"} -->\n<div class=\"wp-block-column\" style=\"flex-basis:25%\"><\/div>\n<!-- \/wp:column --><\/div>\n<!-- \/wp:columns -->\n\n<!-- wp:heading {\"level\":3} -->\n<h3 class=\"wp-block-heading\"><strong>Muzeum Lotnictwa w Koszycach<\/strong><\/h3>\n<!-- \/wp:heading -->\n\n<!-- wp:columns -->\n<div class=\"wp-block-columns\"><!-- wp:column {\"width\":\"30%\"} -->\n<div class=\"wp-block-column\" style=\"flex-basis:30%\"><\/div>\n<!-- \/wp:column -->\n\n<!-- wp:column {\"width\":\"80%\"} -->\n<div class=\"wp-block-column\" style=\"flex-basis:80%\"><\/div>\n<!-- \/wp:column --><\/div>\n<!-- \/wp:columns -->\n\n<!-- wp:columns -->\n<div class=\"wp-block-columns\"><!-- wp:column {\"width\":\"30%\"} -->\n<div class=\"wp-block-column\" style=\"flex-basis:30%\"><!-- wp:paragraph -->\n<p><\/p>\n<!-- \/wp:paragraph --><\/div>\n<!-- \/wp:column -->\n\n<!-- wp:column {\"width\":\"80%\"} -->\n<div class=\"wp-block-column\" style=\"flex-basis:80%\"><!-- wp:tadv\/classic-paragraph -->\n<p>B\u0119d\u0105c w Koszycach, warto odwiedzi\u0107 niesamowite Muzeum Lotnictwa po\u015bwi\u0119cone historii i technologii lotniczej. Mo\u017cna tu zobaczy\u0107 niesamowite maszyny, kt\u00f3re by\u0142y u\u017cywane podczas I i II wojny \u015bwiatowej, a tak\u017ce w okresie zimnej wojny.<\/p>\n<p>W kolekcji znajduj\u0105 si\u0119 m.in. Mirage III RS, francuski my\u015bliwiec Mirage IIIE, w\u0142oski Lockheed F-104S Startfighter i ameryka\u0144ski Bell UH-1 Iroquois.<\/p>\n<p>Zwiedzaj\u0105cy mog\u0105 podziwia\u0107 nie tylko zabytkowe samoloty, ale tak\u017ce modele i inne eksponaty nawi\u0105zuj\u0105ce do wa\u017cnych moment\u00f3w w historii lotnictwa. To idealne miejsce dla ka\u017cdego, kto interesuje si\u0119 technik\u0105 i lotnictwem.<\/p>\n<!-- \/wp:tadv\/classic-paragraph -->\n\n<!-- wp:image {\"id\":14051,\"sizeSlug\":\"large\",\"linkDestination\":\"none\"} -->\n<figure class=\"wp-block-image size-large\"><img src=\"https:\/\/www.kosiceregion.com\/wp-content\/uploads\/2025\/03\/KP_0114-1-1024x683.jpg\" alt=\"\" class=\"wp-image-14051\"\/><\/figure>\n<!-- \/wp:image -->\n\n<!-- wp:image {\"id\":14052,\"sizeSlug\":\"large\",\"linkDestination\":\"none\"} -->\n<figure class=\"wp-block-image size-large\"><img src=\"https:\/\/www.kosiceregion.com\/wp-content\/uploads\/2025\/03\/KP_0135-1-1024x683.jpg\" alt=\"\" class=\"wp-image-14052\"\/><\/figure>\n<!-- \/wp:image -->\n\n<!-- wp:paragraph -->\n<p>Na wystawie prezentowanych jest ponad 30 zabytkowych maszyn i urz\u0105dze\u0144, w tym silniki lotnicze i urz\u0105dzenia nawigacyjne. Ciekawostk\u0105 s\u0105 oryginalne samoloty, takie jak<\/p>\n<!-- \/wp:paragraph -->\n\n<!-- wp:paragraph -->\n<p>MIG-15, MIG-21, SU-22, SU-15 TM (podarowany przez prezydenta Ukrainy), czy te\u017c rolniczy Z-37 A \u201e\u010cmeliak\u201d, zwany powszechnie trzmielem.<\/p>\n<!-- \/wp:paragraph -->\n\n<!-- wp:tadv\/classic-paragraph -->\n<p>W kolekcji znajduj\u0105 si\u0119 r\u00f3wnie\u017c 24 zabytkowe silniki lotnicze i oko\u0142o 50 modeli i makiet samolot\u00f3w. Ekspozycja przedstawia interesuj\u0105c\u0105 histori\u0119 rozwoju lotnictwa od 1915 r. do wsp\u00f3\u0142czesno\u015bci.<\/p>\n<p>\u00a0<\/p>\n<!-- \/wp:tadv\/classic-paragraph --><\/div>\n<!-- \/wp:column --><\/div>\n<!-- \/wp:columns -->\n\n<!-- wp:columns -->\n<div class=\"wp-block-columns\"><!-- wp:column {\"width\":\"85%\"} -->\n<div class=\"wp-block-column\" style=\"flex-basis:85%\"><!-- wp:image {\"id\":14046,\"sizeSlug\":\"full\",\"linkDestination\":\"none\"} -->\n<figure class=\"wp-block-image size-full\"><img src=\"https:\/\/www.kosiceregion.com\/wp-content\/uploads\/2025\/03\/muzeum-obeti-komunizmu-budova.jpg\" alt=\"\" class=\"wp-image-14046\"\/><figcaption class=\"wp-element-caption\">FOTO: Muzeum Ofiar Komunizmu w Koszycach<\/figcaption><\/figure>\n<!-- \/wp:image --><\/div>\n<!-- \/wp:column -->\n\n<!-- wp:column {\"width\":\"25%\"} -->\n<div class=\"wp-block-column\" style=\"flex-basis:25%\"><\/div>\n<!-- \/wp:column --><\/div>\n<!-- \/wp:columns -->\n\n<!-- wp:tadv\/classic-paragraph \/-->\n\n<!-- wp:heading -->\n<h2 class=\"wp-block-heading\"><strong>Muzeum Ofiar Komunizmu w Koszycach<\/strong><\/h2>\n<!-- \/wp:heading -->\n\n<!-- wp:columns -->\n<div class=\"wp-block-columns\"><!-- wp:column {\"width\":\"80%\"} -->\n<div class=\"wp-block-column\" style=\"flex-basis:80%\"><!-- wp:paragraph -->\n<p>Muzeum Ofiar Komunizmu to poruszaj\u0105ce spojrzenie na losy ludzi, kt\u00f3rzy przetrwali prze\u015bladowania i cierpienia w czasach re\u017cimu komunistycznego. To historie uwi\u0119zionych i torturowanych, prze\u015bladowanych za pogl\u0105dy polityczne.<\/p>\n<!-- \/wp:paragraph -->\n\n<!-- wp:paragraph -->\n<p>Poprzez osobiste historie i za po\u015brednictwem element\u00f3w interaktywnych zwiedzaj\u0105cy mog\u0105 zanurzy\u0107 si\u0119 w historii, kt\u00f3ra przez wiele lat by\u0142a tematem tabu. Dzi\u0119ki temu mo\u017cliwe jest zachowanie pami\u0119ci o nich dla przysz\u0142ych pokole\u0144 i ci\u0105g\u0142e przypominanie o tym, jak wa\u017cne s\u0105 warto\u015bci, takie jak wolno\u015b\u0107 i sprawiedliwo\u015b\u0107.<\/p>\n<!-- \/wp:paragraph --><\/div>\n<!-- \/wp:column -->\n\n<!-- wp:column {\"width\":\"25%\"} -->\n<div class=\"wp-block-column\" style=\"flex-basis:25%\"><\/div>\n<!-- \/wp:column --><\/div>\n<!-- \/wp:columns -->\n\n<!-- wp:columns -->\n<div class=\"wp-block-columns\"><!-- wp:column {\"width\":\"30%\"} -->\n<div class=\"wp-block-column\" style=\"flex-basis:30%\"><!-- wp:image -->\n<figure class=\"wp-block-image\"><img alt=\"\"\/><\/figure>\n<!-- \/wp:image --><\/div>\n<!-- \/wp:column -->\n\n<!-- wp:column {\"width\":\"80%\"} -->\n<div class=\"wp-block-column\" style=\"flex-basis:80%\"><!-- wp:image {\"id\":14047,\"sizeSlug\":\"full\",\"linkDestination\":\"none\"} -->\n<figure class=\"wp-block-image size-full\"><img src=\"https:\/\/www.kosiceregion.com\/wp-content\/uploads\/2025\/03\/vystava-samizdat-v-boji-za-slobodu-1024x768-1.jpg\" alt=\"\" class=\"wp-image-14047\"\/><figcaption class=\"wp-element-caption\">FOTO: <strong>Muzeum Ofiar Komunizmu<\/strong><\/figcaption><\/figure>\n<!-- \/wp:image --><\/div>\n<!-- \/wp:column --><\/div>\n<!-- \/wp:columns -->\n\n<!-- wp:columns -->\n<div class=\"wp-block-columns\"><!-- wp:column {\"width\":\"30%\"} -->\n<div class=\"wp-block-column\" style=\"flex-basis:30%\"><!-- wp:paragraph -->\n<p><\/p>\n<!-- \/wp:paragraph --><\/div>\n<!-- \/wp:column -->\n\n<!-- wp:column {\"width\":\"80%\"} -->\n<div class=\"wp-block-column\" style=\"flex-basis:80%\"><!-- wp:paragraph -->\n<p>Muzeum mo\u017cna zwiedza\u0107 z przewodnikiem, co pozwala na dog\u0142\u0119bne zapoznanie si\u0119 z historiami os\u00f3b, kt\u00f3re do\u015bwiadczy\u0142y prze\u015bladowa\u0144 w okresie komunizmu. Zwiedzaj\u0105cy mog\u0105 zobaczy\u0107 map\u0119 ofiar komunizmu i biblioteczk\u0119 podziemn\u0105, kt\u00f3ra pokazuje sposoby rozpowszechniania informacji w czasach wszechobecnej cenzury.<\/p>\n<!-- \/wp:paragraph -->\n\n<!-- wp:paragraph -->\n<p>W budynku dawnego wi\u0119zienia s\u0142u\u017cby bezpiecze\u0144stwa znajduje si\u0119 wystawa po\u015bwi\u0119cona nielegalnym praktykom stosowanym wobec wi\u0119\u017ani\u00f3w politycznych. Na wystawie mo\u017cna zobaczy\u0107 te\u017c tr\u00f3jwymiarowy model wi\u0119zienia i izolatk\u0119.<\/p>\n<!-- \/wp:paragraph -->\n\n<!-- wp:paragraph -->\n<p>Z kolei wystawa objazdowa \u201eLiteratura podziemna w walce o wolno\u015b\u0107\u201d po\u015bwi\u0119cona jest literaturze podziemnej, kt\u00f3ra by\u0142a kluczowym narz\u0119dziem oporu przeciwko re\u017cimowi. Dzie\u0142o J\u00e1na Chryzostoma Korca przybli\u017ca wystawa, na kt\u00f3rej mo\u017cna obejrze\u0107 publikacje wydawane w drugim obiegu, kt\u00f3re sta\u0142y si\u0119 symbolem oporu.<\/p>\n<!-- \/wp:paragraph --><\/div>\n<!-- \/wp:column --><\/div>\n<!-- \/wp:columns -->\n\n<!-- wp:columns -->\n<div class=\"wp-block-columns\"><!-- wp:column {\"width\":\"80%\"} -->\n<div class=\"wp-block-column\" style=\"flex-basis:80%\"><!-- wp:image {\"id\":14049,\"width\":\"616px\",\"height\":\"auto\",\"sizeSlug\":\"full\",\"linkDestination\":\"none\"} -->\n<figure class=\"wp-block-image size-full is-resized\"><img src=\"https:\/\/www.kosiceregion.com\/wp-content\/uploads\/2025\/03\/jakubisko-galeria.jpg\" alt=\"\" class=\"wp-image-14049\" style=\"width:616px;height:auto\"\/><\/figure>\n<!-- \/wp:image --><\/div>\n<!-- \/wp:column -->\n\n<!-- wp:column {\"width\":\"25%\"} -->\n<div class=\"wp-block-column\" style=\"flex-basis:25%\"><\/div>\n<!-- \/wp:column --><\/div>\n<!-- \/wp:columns -->\n\n<!-- wp:columns -->\n<div class=\"wp-block-columns\"><!-- wp:column {\"width\":\"80%\"} -->\n<div class=\"wp-block-column\" style=\"flex-basis:80%\"><!-- wp:heading -->\n<h2 class=\"wp-block-heading\"><strong>Galeria filmowca Juraja Jakubisko w Koj\u0161ovie<\/strong><\/h2>\n<!-- \/wp:heading --><\/div>\n<!-- \/wp:column --><\/div>\n<!-- \/wp:columns -->\n\n<!-- wp:columns -->\n<div class=\"wp-block-columns\"><!-- wp:column {\"width\":\"80%\"} -->\n<div class=\"wp-block-column\" style=\"flex-basis:80%\"><!-- wp:paragraph -->\n<p>W Koj\u0161ovie znajduje si\u0119 galeria po\u015bwi\u0119cona s\u0142ynnemu s\u0142owackiemu re\u017cyserowi Jurajowi Jakubisko. To miejsce, w kt\u00f3rym przecina si\u0119 sztuka i film. Filmy Juraja Jakubisko, cz\u0119sto uwa\u017cane za kultowe dzie\u0142a s\u0142owackiej kinematografii, o\u017cywaj\u0105 tutaj za po\u015brednictwem obraz\u00f3w, rekwizyt\u00f3w filmowych i innych eksponat\u00f3w.<\/p>\n<!-- \/wp:paragraph -->\n\n<!-- wp:paragraph -->\n<p>Galeria jest nie tylko miejscem, w kt\u00f3rym mo\u017cna zapozna\u0107 si\u0119 z tw\u00f3rczo\u015bci\u0105 tego wielkiego artysty, ale tak\u017ce inspiruj\u0105cym do\u015bwiadczeniem dla wszystkich os\u00f3b zainteresowanych filmem i sztukami wizualnymi.<\/p>\n<!-- \/wp:paragraph --><\/div>\n<!-- \/wp:column -->\n\n<!-- wp:column {\"width\":\"30%\"} -->\n<div class=\"wp-block-column\" style=\"flex-basis:30%\"><\/div>\n<!-- \/wp:column --><\/div>\n<!-- \/wp:columns -->\n\n<!-- wp:columns -->\n<div class=\"wp-block-columns\"><!-- wp:column {\"width\":\"30%\"} -->\n<div class=\"wp-block-column\" style=\"flex-basis:30%\"><\/div>\n<!-- \/wp:column -->\n\n<!-- wp:column {\"width\":\"80%\"} -->\n<div class=\"wp-block-column\" style=\"flex-basis:80%\"><!-- wp:image {\"id\":14050,\"sizeSlug\":\"large\",\"linkDestination\":\"none\"} -->\n<figure class=\"wp-block-image size-large\"><img src=\"https:\/\/www.kosiceregion.com\/wp-content\/uploads\/2025\/03\/jakubisko2-1024x660.jpg\" alt=\"\" class=\"wp-image-14050\"\/><\/figure>\n<!-- \/wp:image --><\/div>\n<!-- \/wp:column --><\/div>\n<!-- \/wp:columns -->\n\n<!-- wp:columns -->\n<div class=\"wp-block-columns\"><!-- wp:column {\"width\":\"30%\"} -->\n<div class=\"wp-block-column\" style=\"flex-basis:30%\"><!-- wp:paragraph -->\n<p><\/p>\n<!-- \/wp:paragraph --><\/div>\n<!-- \/wp:column -->\n\n<!-- wp:column {\"width\":\"80%\"} -->\n<div class=\"wp-block-column\" style=\"flex-basis:80%\"><!-- wp:paragraph -->\n<p>W Koszycach i ca\u0142ym regionie historia, technika i kultura o\u017cywaj\u0105 w nietuzinkowych muzeach oferuj\u0105cych unikalne spojrzenie na r\u00f3\u017cne aspekty naszej historii. Je\u015bli masz ochot\u0119 zobaczy\u0107 nietypowe miejsca i dowiedzie\u0107 si\u0119 czego\u015b nowego, odwied\u017a te muzea podczas swojej kolejnej wizyty.<\/p>\n<!-- \/wp:paragraph --><\/div>\n<!-- \/wp:column --><\/div>\n<!-- \/wp:columns -->\n\n<!-- wp:columns -->\n<div class=\"wp-block-columns\"><!-- wp:column {\"width\":\"80%\"} -->\n<div class=\"wp-block-column\" style=\"flex-basis:80%\"><\/div>\n<!-- \/wp:column -->\n\n<!-- wp:column {\"width\":\"30%\"} -->\n<div class=\"wp-block-column\" style=\"flex-basis:30%\"><\/div>\n<!-- \/wp:column --><\/div>\n<!-- \/wp:columns -->\n\n<!-- wp:tadv\/classic-paragraph \/-->","_pl_post_name":"","_pl_post_excerpt":"","_pl_post_title":"Niezwyk\u0142e muzea na Skraju \u015awiata, cz\u0119\u015b\u0107 3 \u2013 \u015aladami filmowej legendy, telefon\u00f3w kom\u00f3rkowych, lotnik\u00f3w i komunizmu","_it_post_content":"","_it_post_name":"","_it_post_excerpt":"","_it_post_title":"","edit_language":"es","footnotes":""},"categories":[22,683],"tags":[681,677,671,352,679,48,675,676,311,674,111,118,672,673,678,680,128,682],"class_list":["post-14041","post","type-post","status-publish","format-standard","has-post-thumbnail","hentry","category-get-inspired","category-netradicne-muzea","tag-dobsinna","tag-galeria-juraja-jakubiska","tag-juraj-jakubisko","tag-kojsovka","tag-komunizmus","tag-kosice","tag-kosice-region","tag-kosice-region-turizmus","tag-kultura","tag-lietadla","tag-muzeum","tag-muzeum-letectva","tag-muzeum-mobilov","tag-muzeum-obeti-komunizmu-v-kosiciach","tag-obete","tag-samizdat","tag-vylet","tag-vystava"],"acf":[],"yoast_head":"<!-- This site is optimized with the Yoast SEO Premium plugin v25.5 (Yoast SEO v27.4) - https:\/\/yoast.com\/product\/yoast-seo-premium-wordpress\/ -->\n<title>Ko\u0161ice Regi\u00f3n<\/title>\n<meta name=\"description\" content=\"Objavte menej zn\u00e1me, no o to zauj\u00edmavej\u0161ie m\u00faze\u00e1 v Ko\u0161ickom kraji. Vydajte sa po stop\u00e1ch mobilov, lietadiel, komunizmu aj filmov\u00e9ho m\u00e1ga Juraja Jakubiska.\" \/>\n<meta name=\"robots\" content=\"index, follow, max-snippet:-1, max-image-preview:large, max-video-preview:-1\" \/>\n<link rel=\"canonical\" href=\"https:\/\/www.kosiceregion.com\/sk\/netradicne-muzea-na-kraji-sveta-3-cast-po-stopach-jakubiska-mobilov-letectva-a-komunizmu\/\" \/>\n<meta property=\"og:locale\" content=\"es_ES\" \/>\n<meta property=\"og:type\" content=\"article\" \/>\n<meta property=\"og:title\" content=\"Netradi\u010dn\u00e9 m\u00faze\u00e1 na Kraji sveta 3. \u010das\u0165 \u2013 Po stop\u00e1ch Jakubiska, mobilov, letectva a\u00a0komunizmu\" \/>\n<meta property=\"og:description\" content=\"Presk\u00famajte netradi\u010dn\u00e9 m\u00faze\u00e1 v Ko\u0161ickom kraji \u2013 od mobilov cez letectvo a\u017e po komunizmus. Ide\u00e1lne tipy na v\u00fdlet pre milovn\u00edkov hist\u00f3rie...\" \/>\n<meta property=\"og:url\" content=\"https:\/\/www.kosiceregion.com\/es\/wp-json\/wp\/v2\/posts\/14041\" \/>\n<meta property=\"og:site_name\" content=\"Ko\u0161ice Regi\u00f3n\" \/>\n<meta property=\"article:publisher\" content=\"https:\/\/www.facebook.com\/kosiceregion\" \/>\n<meta property=\"article:published_time\" content=\"2025-03-21T09:56:58+00:00\" \/>\n<meta property=\"article:modified_time\" content=\"2025-05-13T15:45:40+00:00\" \/>\n<meta property=\"og:image\" content=\"https:\/\/www.kosiceregion.com\/wp-content\/uploads\/2025\/03\/1627998952_1612369069-img39.jpg\" \/>\n\t<meta property=\"og:image:width\" content=\"1920\" \/>\n\t<meta property=\"og:image:height\" content=\"986\" \/>\n\t<meta property=\"og:image:type\" content=\"image\/jpeg\" \/>\n<meta name=\"author\" content=\"Al\u017ebera Gajodo\u0161ov\u00e1 Keru\u013eova\" \/>\n<meta name=\"twitter:card\" content=\"summary_large_image\" \/>\n<meta name=\"twitter:creator\" content=\"@KOSICEREGION\" \/>\n<meta name=\"twitter:site\" content=\"@KOSICEREGION\" \/>\n<meta name=\"twitter:label1\" content=\"Escrito por\" \/>\n\t<meta name=\"twitter:data1\" content=\"Al\u017ebera Gajodo\u0161ov\u00e1 Keru\u013eova\" \/>\n\t<meta name=\"twitter:label2\" content=\"Tiempo de lectura\" \/>\n\t<meta name=\"twitter:data2\" content=\"6 minutes\" \/>\n<script type=\"application\/ld+json\" class=\"yoast-schema-graph\">{\"@context\":\"https:\\\/\\\/schema.org\",\"@graph\":[{\"@type\":\"Article\",\"@id\":\"https:\\\/\\\/www.kosiceregion.com\\\/sk\\\/netradicne-muzea-na-kraji-sveta-3-cast-po-stopach-jakubiska-mobilov-letectva-a-komunizmu\\\/#article\",\"isPartOf\":{\"@id\":\"https:\\\/\\\/www.kosiceregion.com\\\/sk\\\/netradicne-muzea-na-kraji-sveta-3-cast-po-stopach-jakubiska-mobilov-letectva-a-komunizmu\\\/\"},\"author\":{\"name\":\"Al\u017ebera Gajodo\u0161ov\u00e1 Keru\u013eova\",\"@id\":\"https:\\\/\\\/www.kosiceregion.com\\\/#\\\/schema\\\/person\\\/6767e0141fc173d4b5b56458d146cbf3\"},\"headline\":\"Netradi\u010dn\u00e9 m\u00faze\u00e1 na Kraji sveta 3. \u010das\u0165 \u2013 Po stop\u00e1ch Jakubiska, mobilov, letectva a\u00a0komunizmu\",\"datePublished\":\"2025-03-21T09:56:58+00:00\",\"dateModified\":\"2025-05-13T15:45:40+00:00\",\"mainEntityOfPage\":{\"@id\":\"https:\\\/\\\/www.kosiceregion.com\\\/sk\\\/netradicne-muzea-na-kraji-sveta-3-cast-po-stopach-jakubiska-mobilov-letectva-a-komunizmu\\\/\"},\"wordCount\":1007,\"publisher\":{\"@id\":\"https:\\\/\\\/www.kosiceregion.com\\\/#organization\"},\"image\":{\"@id\":\"https:\\\/\\\/www.kosiceregion.com\\\/sk\\\/netradicne-muzea-na-kraji-sveta-3-cast-po-stopach-jakubiska-mobilov-letectva-a-komunizmu\\\/#primaryimage\"},\"thumbnailUrl\":\"https:\\\/\\\/www.kosiceregion.com\\\/wp-content\\\/uploads\\\/2025\\\/03\\\/1627998952_1612369069-img39.jpg\",\"keywords\":[\"Dob\u0161inn\u00e1\",\"Gal\u00e9ria Juraja Jakubiska\",\"Juraj Jakubisko\",\"Koj\u0161ovka\",\"Komunizmus\",\"Ko\u0161ice\",\"Ko\u0161ice regi\u00f3n\",\"Ko\u0161ice regi\u00f3n turizmus\",\"kult\u00fara\",\"Lietadl\u00e1\",\"m\u00fazeum\",\"M\u00fazeum letectva\",\"M\u00fazeum mobilov\",\"M\u00fazeum obet\u00ed komunizmu v Ko\u0161iciach\",\"Obete\",\"Samizdat\",\"v\u00fdlet\",\"v\u00fdstava\"],\"articleSection\":[\"In\u0161piruj sa\",\"Netradi\u010dn\u00e9 m\u00faze\u00e1\"],\"inLanguage\":\"es-ES\"},{\"@type\":\"WebPage\",\"@id\":\"https:\\\/\\\/www.kosiceregion.com\\\/sk\\\/netradicne-muzea-na-kraji-sveta-3-cast-po-stopach-jakubiska-mobilov-letectva-a-komunizmu\\\/\",\"url\":\"https:\\\/\\\/www.kosiceregion.com\\\/sk\\\/netradicne-muzea-na-kraji-sveta-3-cast-po-stopach-jakubiska-mobilov-letectva-a-komunizmu\\\/\",\"name\":\"Netradi\u010dn\u00e9 m\u00faze\u00e1 Ko\u0161ick\u00fd kraj \u2013 mobily, lietadl\u00e1, komunizmus\",\"isPartOf\":{\"@id\":\"https:\\\/\\\/www.kosiceregion.com\\\/#website\"},\"primaryImageOfPage\":{\"@id\":\"https:\\\/\\\/www.kosiceregion.com\\\/sk\\\/netradicne-muzea-na-kraji-sveta-3-cast-po-stopach-jakubiska-mobilov-letectva-a-komunizmu\\\/#primaryimage\"},\"image\":{\"@id\":\"https:\\\/\\\/www.kosiceregion.com\\\/sk\\\/netradicne-muzea-na-kraji-sveta-3-cast-po-stopach-jakubiska-mobilov-letectva-a-komunizmu\\\/#primaryimage\"},\"thumbnailUrl\":\"https:\\\/\\\/www.kosiceregion.com\\\/wp-content\\\/uploads\\\/2025\\\/03\\\/1627998952_1612369069-img39.jpg\",\"datePublished\":\"2025-03-21T09:56:58+00:00\",\"dateModified\":\"2025-05-13T15:45:40+00:00\",\"description\":\"Presk\u00famajte netradi\u010dn\u00e9 m\u00faze\u00e1 v Ko\u0161ickom kraji \u2013 od mobilov cez letectvo a\u017e po komunizmus. Ide\u00e1lne tipy na v\u00fdlet pre milovn\u00edkov hist\u00f3rie...\",\"breadcrumb\":{\"@id\":\"https:\\\/\\\/www.kosiceregion.com\\\/sk\\\/netradicne-muzea-na-kraji-sveta-3-cast-po-stopach-jakubiska-mobilov-letectva-a-komunizmu\\\/#breadcrumb\"},\"inLanguage\":\"es-ES\",\"potentialAction\":[{\"@type\":\"ReadAction\",\"target\":[\"https:\\\/\\\/www.kosiceregion.com\\\/sk\\\/netradicne-muzea-na-kraji-sveta-3-cast-po-stopach-jakubiska-mobilov-letectva-a-komunizmu\\\/\"]}]},{\"@type\":\"ImageObject\",\"inLanguage\":\"es-ES\",\"@id\":\"https:\\\/\\\/www.kosiceregion.com\\\/sk\\\/netradicne-muzea-na-kraji-sveta-3-cast-po-stopach-jakubiska-mobilov-letectva-a-komunizmu\\\/#primaryimage\",\"url\":\"https:\\\/\\\/www.kosiceregion.com\\\/wp-content\\\/uploads\\\/2025\\\/03\\\/1627998952_1612369069-img39.jpg\",\"contentUrl\":\"https:\\\/\\\/www.kosiceregion.com\\\/wp-content\\\/uploads\\\/2025\\\/03\\\/1627998952_1612369069-img39.jpg\",\"width\":1920,\"height\":986},{\"@type\":\"BreadcrumbList\",\"@id\":\"https:\\\/\\\/www.kosiceregion.com\\\/sk\\\/netradicne-muzea-na-kraji-sveta-3-cast-po-stopach-jakubiska-mobilov-letectva-a-komunizmu\\\/#breadcrumb\",\"itemListElement\":[{\"@type\":\"ListItem\",\"position\":1,\"name\":\"Home\",\"item\":\"https:\\\/\\\/www.kosiceregion.com\\\/sk\\\/\"},{\"@type\":\"ListItem\",\"position\":2,\"name\":\"Netradi\u010dn\u00e9 m\u00faze\u00e1 na Kraji sveta 3. \u010das\u0165 \u2013 Po stop\u00e1ch Jakubiska, mobilov, letectva a\u00a0komunizmu\"}]},{\"@type\":\"WebSite\",\"@id\":\"https:\\\/\\\/www.kosiceregion.com\\\/#website\",\"url\":\"https:\\\/\\\/www.kosiceregion.com\\\/\",\"name\":\"Ko\u0161ice Regi\u00f3n\",\"description\":\"Turistick\u00fd sprievodca Ko\u0161ick\u00fdm krajom\",\"publisher\":{\"@id\":\"https:\\\/\\\/www.kosiceregion.com\\\/#organization\"},\"potentialAction\":[{\"@type\":\"SearchAction\",\"target\":{\"@type\":\"EntryPoint\",\"urlTemplate\":\"https:\\\/\\\/www.kosiceregion.com\\\/?s={search_term_string}\"},\"query-input\":{\"@type\":\"PropertyValueSpecification\",\"valueRequired\":true,\"valueName\":\"search_term_string\"}}],\"inLanguage\":\"es-ES\"},{\"@type\":\"Organization\",\"@id\":\"https:\\\/\\\/www.kosiceregion.com\\\/#organization\",\"name\":\"Ko\u0161ice Regi\u00f3n Turizmus\",\"url\":\"https:\\\/\\\/www.kosiceregion.com\\\/\",\"logo\":{\"@type\":\"ImageObject\",\"inLanguage\":\"es-ES\",\"@id\":\"https:\\\/\\\/www.kosiceregion.com\\\/#\\\/schema\\\/logo\\\/image\\\/\",\"url\":\"https:\\\/\\\/www.kosiceregion.com\\\/wp-content\\\/uploads\\\/2019\\\/03\\\/logo-web-sk.png\",\"contentUrl\":\"https:\\\/\\\/www.kosiceregion.com\\\/wp-content\\\/uploads\\\/2019\\\/03\\\/logo-web-sk.png\",\"width\":225,\"height\":100,\"caption\":\"Ko\u0161ice Regi\u00f3n Turizmus\"},\"image\":{\"@id\":\"https:\\\/\\\/www.kosiceregion.com\\\/#\\\/schema\\\/logo\\\/image\\\/\"},\"sameAs\":[\"https:\\\/\\\/www.facebook.com\\\/kosiceregion\",\"https:\\\/\\\/x.com\\\/KOSICEREGION\",\"https:\\\/\\\/www.instagram.com\\\/kosiceregion\",\"https:\\\/\\\/www.youtube.com\\\/kosiceregion\"]},{\"@type\":\"Person\",\"@id\":\"https:\\\/\\\/www.kosiceregion.com\\\/#\\\/schema\\\/person\\\/6767e0141fc173d4b5b56458d146cbf3\",\"name\":\"Al\u017ebera Gajodo\u0161ov\u00e1 Keru\u013eova\",\"image\":{\"@type\":\"ImageObject\",\"inLanguage\":\"es-ES\",\"@id\":\"https:\\\/\\\/secure.gravatar.com\\\/avatar\\\/e9498597f063f365a6677640a0fda0f441042c67449ab77a1f6e3a7a04ae7098?s=96&d=mm&r=g\",\"url\":\"https:\\\/\\\/secure.gravatar.com\\\/avatar\\\/e9498597f063f365a6677640a0fda0f441042c67449ab77a1f6e3a7a04ae7098?s=96&d=mm&r=g\",\"contentUrl\":\"https:\\\/\\\/secure.gravatar.com\\\/avatar\\\/e9498597f063f365a6677640a0fda0f441042c67449ab77a1f6e3a7a04ae7098?s=96&d=mm&r=g\",\"caption\":\"Al\u017ebera Gajodo\u0161ov\u00e1 Keru\u013eova\"}}]}<\/script>\n<!-- \/ Yoast SEO Premium plugin. -->","yoast_head_json":{"title":"Ko\u0161ice Regi\u00f3n","description":"Objavte menej zn\u00e1me, no o to zauj\u00edmavej\u0161ie m\u00faze\u00e1 v Ko\u0161ickom kraji. Vydajte sa po stop\u00e1ch mobilov, lietadiel, komunizmu aj filmov\u00e9ho m\u00e1ga Juraja Jakubiska.","robots":{"index":"index","follow":"follow","max-snippet":"max-snippet:-1","max-image-preview":"max-image-preview:large","max-video-preview":"max-video-preview:-1"},"canonical":"https:\/\/www.kosiceregion.com\/sk\/netradicne-muzea-na-kraji-sveta-3-cast-po-stopach-jakubiska-mobilov-letectva-a-komunizmu\/","og_locale":"es_ES","og_type":"article","og_title":"Netradi\u010dn\u00e9 m\u00faze\u00e1 na Kraji sveta 3. \u010das\u0165 \u2013 Po stop\u00e1ch Jakubiska, mobilov, letectva a\u00a0komunizmu","og_description":"Presk\u00famajte netradi\u010dn\u00e9 m\u00faze\u00e1 v Ko\u0161ickom kraji \u2013 od mobilov cez letectvo a\u017e po komunizmus. Ide\u00e1lne tipy na v\u00fdlet pre milovn\u00edkov hist\u00f3rie...","og_url":"https:\/\/www.kosiceregion.com\/es\/wp-json\/wp\/v2\/posts\/14041","og_site_name":"Ko\u0161ice Regi\u00f3n","article_publisher":"https:\/\/www.facebook.com\/kosiceregion","article_published_time":"2025-03-21T09:56:58+00:00","article_modified_time":"2025-05-13T15:45:40+00:00","og_image":[{"width":1920,"height":986,"url":"https:\/\/www.kosiceregion.com\/wp-content\/uploads\/2025\/03\/1627998952_1612369069-img39.jpg","type":"image\/jpeg"}],"author":"Al\u017ebera Gajodo\u0161ov\u00e1 Keru\u013eova","twitter_card":"summary_large_image","twitter_creator":"@KOSICEREGION","twitter_site":"@KOSICEREGION","twitter_misc":{"Escrito por":"Al\u017ebera Gajodo\u0161ov\u00e1 Keru\u013eova","Tiempo de lectura":"6 minutes"},"schema":{"@context":"https:\/\/schema.org","@graph":[{"@type":"Article","@id":"https:\/\/www.kosiceregion.com\/sk\/netradicne-muzea-na-kraji-sveta-3-cast-po-stopach-jakubiska-mobilov-letectva-a-komunizmu\/#article","isPartOf":{"@id":"https:\/\/www.kosiceregion.com\/sk\/netradicne-muzea-na-kraji-sveta-3-cast-po-stopach-jakubiska-mobilov-letectva-a-komunizmu\/"},"author":{"name":"Al\u017ebera Gajodo\u0161ov\u00e1 Keru\u013eova","@id":"https:\/\/www.kosiceregion.com\/#\/schema\/person\/6767e0141fc173d4b5b56458d146cbf3"},"headline":"Netradi\u010dn\u00e9 m\u00faze\u00e1 na Kraji sveta 3. \u010das\u0165 \u2013 Po stop\u00e1ch Jakubiska, mobilov, letectva a\u00a0komunizmu","datePublished":"2025-03-21T09:56:58+00:00","dateModified":"2025-05-13T15:45:40+00:00","mainEntityOfPage":{"@id":"https:\/\/www.kosiceregion.com\/sk\/netradicne-muzea-na-kraji-sveta-3-cast-po-stopach-jakubiska-mobilov-letectva-a-komunizmu\/"},"wordCount":1007,"publisher":{"@id":"https:\/\/www.kosiceregion.com\/#organization"},"image":{"@id":"https:\/\/www.kosiceregion.com\/sk\/netradicne-muzea-na-kraji-sveta-3-cast-po-stopach-jakubiska-mobilov-letectva-a-komunizmu\/#primaryimage"},"thumbnailUrl":"https:\/\/www.kosiceregion.com\/wp-content\/uploads\/2025\/03\/1627998952_1612369069-img39.jpg","keywords":["Dob\u0161inn\u00e1","Gal\u00e9ria Juraja Jakubiska","Juraj Jakubisko","Koj\u0161ovka","Komunizmus","Ko\u0161ice","Ko\u0161ice regi\u00f3n","Ko\u0161ice regi\u00f3n turizmus","kult\u00fara","Lietadl\u00e1","m\u00fazeum","M\u00fazeum letectva","M\u00fazeum mobilov","M\u00fazeum obet\u00ed komunizmu v Ko\u0161iciach","Obete","Samizdat","v\u00fdlet","v\u00fdstava"],"articleSection":["In\u0161piruj sa","Netradi\u010dn\u00e9 m\u00faze\u00e1"],"inLanguage":"es-ES"},{"@type":"WebPage","@id":"https:\/\/www.kosiceregion.com\/sk\/netradicne-muzea-na-kraji-sveta-3-cast-po-stopach-jakubiska-mobilov-letectva-a-komunizmu\/","url":"https:\/\/www.kosiceregion.com\/sk\/netradicne-muzea-na-kraji-sveta-3-cast-po-stopach-jakubiska-mobilov-letectva-a-komunizmu\/","name":"Netradi\u010dn\u00e9 m\u00faze\u00e1 Ko\u0161ick\u00fd kraj \u2013 mobily, lietadl\u00e1, komunizmus","isPartOf":{"@id":"https:\/\/www.kosiceregion.com\/#website"},"primaryImageOfPage":{"@id":"https:\/\/www.kosiceregion.com\/sk\/netradicne-muzea-na-kraji-sveta-3-cast-po-stopach-jakubiska-mobilov-letectva-a-komunizmu\/#primaryimage"},"image":{"@id":"https:\/\/www.kosiceregion.com\/sk\/netradicne-muzea-na-kraji-sveta-3-cast-po-stopach-jakubiska-mobilov-letectva-a-komunizmu\/#primaryimage"},"thumbnailUrl":"https:\/\/www.kosiceregion.com\/wp-content\/uploads\/2025\/03\/1627998952_1612369069-img39.jpg","datePublished":"2025-03-21T09:56:58+00:00","dateModified":"2025-05-13T15:45:40+00:00","description":"Presk\u00famajte netradi\u010dn\u00e9 m\u00faze\u00e1 v Ko\u0161ickom kraji \u2013 od mobilov cez letectvo a\u017e po komunizmus. Ide\u00e1lne tipy na v\u00fdlet pre milovn\u00edkov hist\u00f3rie...","breadcrumb":{"@id":"https:\/\/www.kosiceregion.com\/sk\/netradicne-muzea-na-kraji-sveta-3-cast-po-stopach-jakubiska-mobilov-letectva-a-komunizmu\/#breadcrumb"},"inLanguage":"es-ES","potentialAction":[{"@type":"ReadAction","target":["https:\/\/www.kosiceregion.com\/sk\/netradicne-muzea-na-kraji-sveta-3-cast-po-stopach-jakubiska-mobilov-letectva-a-komunizmu\/"]}]},{"@type":"ImageObject","inLanguage":"es-ES","@id":"https:\/\/www.kosiceregion.com\/sk\/netradicne-muzea-na-kraji-sveta-3-cast-po-stopach-jakubiska-mobilov-letectva-a-komunizmu\/#primaryimage","url":"https:\/\/www.kosiceregion.com\/wp-content\/uploads\/2025\/03\/1627998952_1612369069-img39.jpg","contentUrl":"https:\/\/www.kosiceregion.com\/wp-content\/uploads\/2025\/03\/1627998952_1612369069-img39.jpg","width":1920,"height":986},{"@type":"BreadcrumbList","@id":"https:\/\/www.kosiceregion.com\/sk\/netradicne-muzea-na-kraji-sveta-3-cast-po-stopach-jakubiska-mobilov-letectva-a-komunizmu\/#breadcrumb","itemListElement":[{"@type":"ListItem","position":1,"name":"Home","item":"https:\/\/www.kosiceregion.com\/sk\/"},{"@type":"ListItem","position":2,"name":"Netradi\u010dn\u00e9 m\u00faze\u00e1 na Kraji sveta 3. \u010das\u0165 \u2013 Po stop\u00e1ch Jakubiska, mobilov, letectva a\u00a0komunizmu"}]},{"@type":"WebSite","@id":"https:\/\/www.kosiceregion.com\/#website","url":"https:\/\/www.kosiceregion.com\/","name":"Ko\u0161ice Regi\u00f3n","description":"Turistick\u00fd sprievodca Ko\u0161ick\u00fdm krajom","publisher":{"@id":"https:\/\/www.kosiceregion.com\/#organization"},"potentialAction":[{"@type":"SearchAction","target":{"@type":"EntryPoint","urlTemplate":"https:\/\/www.kosiceregion.com\/?s={search_term_string}"},"query-input":{"@type":"PropertyValueSpecification","valueRequired":true,"valueName":"search_term_string"}}],"inLanguage":"es-ES"},{"@type":"Organization","@id":"https:\/\/www.kosiceregion.com\/#organization","name":"Ko\u0161ice Regi\u00f3n Turizmus","url":"https:\/\/www.kosiceregion.com\/","logo":{"@type":"ImageObject","inLanguage":"es-ES","@id":"https:\/\/www.kosiceregion.com\/#\/schema\/logo\/image\/","url":"https:\/\/www.kosiceregion.com\/wp-content\/uploads\/2019\/03\/logo-web-sk.png","contentUrl":"https:\/\/www.kosiceregion.com\/wp-content\/uploads\/2019\/03\/logo-web-sk.png","width":225,"height":100,"caption":"Ko\u0161ice Regi\u00f3n Turizmus"},"image":{"@id":"https:\/\/www.kosiceregion.com\/#\/schema\/logo\/image\/"},"sameAs":["https:\/\/www.facebook.com\/kosiceregion","https:\/\/x.com\/KOSICEREGION","https:\/\/www.instagram.com\/kosiceregion","https:\/\/www.youtube.com\/kosiceregion"]},{"@type":"Person","@id":"https:\/\/www.kosiceregion.com\/#\/schema\/person\/6767e0141fc173d4b5b56458d146cbf3","name":"Al\u017ebera Gajodo\u0161ov\u00e1 Keru\u013eova","image":{"@type":"ImageObject","inLanguage":"es-ES","@id":"https:\/\/secure.gravatar.com\/avatar\/e9498597f063f365a6677640a0fda0f441042c67449ab77a1f6e3a7a04ae7098?s=96&d=mm&r=g","url":"https:\/\/secure.gravatar.com\/avatar\/e9498597f063f365a6677640a0fda0f441042c67449ab77a1f6e3a7a04ae7098?s=96&d=mm&r=g","contentUrl":"https:\/\/secure.gravatar.com\/avatar\/e9498597f063f365a6677640a0fda0f441042c67449ab77a1f6e3a7a04ae7098?s=96&d=mm&r=g","caption":"Al\u017ebera Gajodo\u0161ov\u00e1 Keru\u013eova"}}]}},"_links":{"self":[{"href":"https:\/\/www.kosiceregion.com\/es\/wp-json\/wp\/v2\/posts\/14041","targetHints":{"allow":["GET"]}}],"collection":[{"href":"https:\/\/www.kosiceregion.com\/es\/wp-json\/wp\/v2\/posts"}],"about":[{"href":"https:\/\/www.kosiceregion.com\/es\/wp-json\/wp\/v2\/types\/post"}],"author":[{"embeddable":true,"href":"https:\/\/www.kosiceregion.com\/es\/wp-json\/wp\/v2\/users\/16"}],"replies":[{"embeddable":true,"href":"https:\/\/www.kosiceregion.com\/es\/wp-json\/wp\/v2\/comments?post=14041"}],"version-history":[{"count":6,"href":"https:\/\/www.kosiceregion.com\/es\/wp-json\/wp\/v2\/posts\/14041\/revisions"}],"predecessor-version":[{"id":14252,"href":"https:\/\/www.kosiceregion.com\/es\/wp-json\/wp\/v2\/posts\/14041\/revisions\/14252"}],"wp:featuredmedia":[{"embeddable":true,"href":"https:\/\/www.kosiceregion.com\/es\/wp-json\/wp\/v2\/media\/14212"}],"wp:attachment":[{"href":"https:\/\/www.kosiceregion.com\/es\/wp-json\/wp\/v2\/media?parent=14041"}],"wp:term":[{"taxonomy":"category","embeddable":true,"href":"https:\/\/www.kosiceregion.com\/es\/wp-json\/wp\/v2\/categories?post=14041"},{"taxonomy":"post_tag","embeddable":true,"href":"https:\/\/www.kosiceregion.com\/es\/wp-json\/wp\/v2\/tags?post=14041"}],"curies":[{"name":"wp","href":"https:\/\/api.w.org\/{rel}","templated":true}]}}