{"id":1579,"date":"2019-05-09T14:45:09","date_gmt":"2019-05-09T12:45:09","guid":{"rendered":"http:\/\/dest.kosiceregion.com\/sk\/?p=1579"},"modified":"2019-08-21T23:12:50","modified_gmt":"2019-08-21T21:12:50","slug":"","status":"publish","type":"post","link":"https:\/\/www.kosiceregion.com\/es\/spis\/","title":{"rendered":"","raw":""},"content":{"rendered":"","protected":false,"raw":""},"excerpt":{"rendered":"","protected":false,"raw":""},"author":1,"featured_media":1581,"comment_status":"closed","ping_status":"closed","sticky":false,"template":"","format":"standard","meta":{"_acf_changed":false,"_sk_post_content":"<!-- wp:tadv\/classic-paragraph -->\n<p>Atrakt\u00edvny turistick\u00fd regi\u00f3n sa m\u00f4\u017ee p\u00fd\u0161i\u0165 viacer\u00fdmi historick\u00fdmi pamiatkami zap\u00edsan\u00fdmi do svetov\u00e9ho dedi\u010dstva UNESCO a z\u00e1rove\u0148 pon\u00faka neopakovate\u013en\u00fa a svojr\u00e1znu pr\u00edrodn\u00fa scen\u00e9riu. Pre ka\u017ed\u00e9ho obdivovate\u013ea pamiatok a hist\u00f3rie je Spi\u0161 regi\u00f3nom, ktor\u00fd sa neobch\u00e1dza.<\/p>\n<!-- \/wp:tadv\/classic-paragraph -->\n\n<!-- wp:tadv\/classic-paragraph -->\n<h3>SPI\u0160SK\u00c1 NOV\u00c1 VES<\/h3>\n<p>Mesto charakteristick\u00e9 najdlh\u0161\u00edm \u0161o\u0161ovkovit\u00fdm n\u00e1mest\u00edm na Slovensku. Z\u00e1rove\u0148 je ozna\u010dovan\u00e9 za vstupn\u00fa br\u00e1nu do Slovensk\u00e9ho raja. Spi\u0161sk\u00e9 trhy, prehliadky n\u00e1mestia s jej kult\u00farno-historick\u00fdmi klenotmi, v\u00fdstupy na najvy\u0161\u0161iu kostoln\u00fa ve\u017eu Slovenska, n\u00e1v\u0161teva ZOO, mno\u017estvo kult\u00farnych podujat\u00ed je l\u00e1kadlom a z\u00e1rove\u0148 aj pozvan\u00edm do tohto mesta. I okolie Spi\u0161skej Novej Vsi pon\u00faka mno\u017estvo kult\u00farnych i pr\u00edrodn\u00fdch pam\u00e4tihodnost\u00ed. Marku\u0161ovce s renesan\u010dn\u00fdm ka\u0161tie\u013eom a rokokov\u00fdm pavil\u00f3nom Dardanely, \u017dehra s ranogotick\u00fdm kostol\u00edkom, najv\u00e4\u010d\u0161\u00ed hradn\u00fd komplex v strednej Eur\u00f3pe \u2013 Spi\u0161sk\u00fd hrad patria medzi skuto\u010dn\u00e9 historick\u00e9 klenoty tohto \u00fazemia.<\/p>\n<!-- \/wp:tadv\/classic-paragraph -->\n\n<!-- wp:image {\"id\":1582,\"align\":\"center\"} -->\n<div class=\"wp-block-image\"><figure class=\"aligncenter\"><img src=\"https:\/\/www.kosiceregion.com\/wp-content\/uploads\/2019\/05\/img89.jpg\" alt=\"\" class=\"wp-image-1582\"\/><\/figure><\/div>\n<!-- \/wp:image -->\n\n<!-- wp:tadv\/classic-paragraph -->\n<h3>NAJVY\u0160\u0160IA VE\u017dA NA SLOVENSKU<\/h3>\n<p>V\u00fdstup na hodinov\u00fa ve\u017eu farsk\u00e9ho kostola vysok\u00fa 87 metrov je nielen dobrodru\u017estvom, ale aj obrovsk\u00fdm z\u00e1\u017eitkom. V\u00fdh\u013ead na okolie je neopakovate\u013en\u00fd. Hodiny s\u00fa pozostatok z p\u00f4vodnej gotickej ve\u017ee. V\u0161etk\u00fdch sedem cifern\u00edkov \u0165ah\u00e1 jeden hodinov\u00fd stroj, ktor\u00fd riadi aj v\u0161etky zvony.<\/p>\n<!-- \/wp:tadv\/classic-paragraph -->\n\n<!-- wp:tadv\/classic-paragraph -->\n<h3>NAJROZSIAHLEJ\u0160\u00cd HRADN\u00dd KOMPLEX V STREDNEJ EUR\u00d3PE<\/h3>\n<p>Spi\u0161sk\u00fd hrad, jedine\u010dn\u00e1 dominanta regi\u00f3nu Spi\u0161. Zachoval\u00e1 hradn\u00e1 zr\u00facanina le\u017eiaca na vrchole travert\u00ednovej kopy. Legenda hovor\u00ed, \u017ee po\u010das mesa\u010dn\u00fdch noc\u00ed sa po hradn\u00fdch m\u00faroch prech\u00e1dza diev\u010da v bielych \u0161at\u00e1ch s vlaj\u00facimi vlasmi, s p\u00e1som okolo drieku. Na p\u00e1se m\u00e1 zv\u00e4zok k\u013e\u00fa\u010dov a beda diev\u010da\u0165u, na ktor\u00e9 hod\u00ed k\u013e\u00fa\u010de \u2013 to bude po\u010daren\u00e9.<\/p>\n<!-- \/wp:tadv\/classic-paragraph -->\n\n<!-- wp:tadv\/classic-paragraph -->\n<h3>N\u00c1STENN\u00c9 MA\u013dBY OCENEN\u00c9 SVETOM<\/h3>\n<p>Interi\u00e9r r\u00edmskokatol\u00edckeho Kostola Ducha Sv\u00e4t\u00e9ho v \u017dehre zdobia chr\u00e1mov\u00e9 ma\u013eby vynikaj\u00face umeleckou kvalitou a pestros\u0165ou vyobrazen\u00fdch t\u00e9m. Najvz\u00e1cnej\u0161ie pamiatky v kostole predstavuj\u00fa n\u00e1stenn\u00e9 ma\u013eby, tvoriace ucelen\u00fd ikonografick\u00fd cyklus.<\/p>\n<!-- \/wp:tadv\/classic-paragraph -->\n\n<!-- wp:image {\"id\":1583,\"align\":\"center\"} -->\n<div class=\"wp-block-image\"><figure class=\"aligncenter\"><img src=\"https:\/\/www.kosiceregion.com\/wp-content\/uploads\/2019\/05\/img100.jpg\" alt=\"\" class=\"wp-image-1583\"\/><\/figure><\/div>\n<!-- \/wp:image -->\n\n<!-- wp:tadv\/classic-paragraph -->\n<h3>SPI\u0160SK\u00dd JERUZALEM ALEBO VYMODLEN\u00c9 MIESTO<\/h3>\n<p>V Spi\u0161skej Kapitule a v lokalite zvanej Pa\u017eica odborn\u00edci objavili unik\u00e1tnu koncepciu krajiny, maketu Jeruzalema v mierke 1:1. Tvoria ju sakr\u00e1lne objekty a pr\u00edcestn\u00e9 kaplnky a ka\u017ed\u00e1 z nich symbolizuje ist\u00fa stavbu alebo miesto spojen\u00e9 s utrpen\u00edm Je\u017ei\u0161a Krista v Jeruzaleme.<\/p>\n<!-- \/wp:tadv\/classic-paragraph -->\n\n<!-- wp:tadv\/classic-paragraph -->\n<h3>MUMIFIKOVAN\u00c1 RUKA<\/h3>\n<p>masov\u00e9ho vraha ako \u0165a\u017eidlo na papier je jedn\u00fdm zo zbierkov\u00fdch predmetov expoz\u00edcie historick\u00e9ho n\u00e1bytku v ka\u0161tieli v Marku\u0161ovciach. Zbierka predmetov poch\u00e1dza z ka\u0161tie\u013ea v Hodkovciach a marku\u0161ovsk\u00e9ho ka\u0161tie\u013ea. Zauj\u00edmav\u00e9 s\u00fa zbierky skla, porcel\u00e1nu, uk\u00e1\u017eky dobov\u00e9ho odievania, s\u00fabor zrkadiel, hod\u00edn a historick\u00fdch zbran\u00ed. Okolie ka\u0161tie\u013ea je upraven\u00e9 na franc\u00fazsky park s tromi stup\u0148ovit\u00fdmi terasami. Na poslednej z nich stoj\u00ed letohr\u00e1dok Dardanely, v ktorom je in\u0161talovan\u00e1 expoz\u00edcia kl\u00e1vesov\u00fdch hudobn\u00fdch n\u00e1strojov vyroben\u00fdch na Slovensku.<\/p>\n<!-- \/wp:tadv\/classic-paragraph -->\n\n<!-- wp:image {\"id\":1584,\"align\":\"center\"} -->\n<div class=\"wp-block-image\"><figure class=\"aligncenter\"><img src=\"https:\/\/www.kosiceregion.com\/wp-content\/uploads\/2019\/05\/img111.jpg\" alt=\"\" class=\"wp-image-1584\"\/><\/figure><\/div>\n<!-- \/wp:image -->\n\n<!-- wp:tadv\/classic-paragraph -->\n<h3>N\u00c1RODN\u00dd PARK SLOVENSK\u00dd RAJ<\/h3>\n<p>N\u00e1rodn\u00fd park Slovensk\u00fd raj je nepochybne jedn\u00fdm z najv\u00fdznamnej\u0161\u00edch a najkraj\u0161\u00edch \u00fazem\u00ed Slovenska. V\u0161eobecne zn\u00e1my svojou kr\u00e1sou, mno\u017estvom turistick\u00fdch chodn\u00edkov, most\u00edkmi, st\u00fapa\u010dkami a rebr\u00edkmi ka\u017edoro\u010dne l\u00e1ka n\u00e1v\u0161tevn\u00edkov k zdolaniu inak nezdolate\u013en\u00fdch \u00fasekov svojich romantick\u00fdch z\u00e1kut\u00ed.<\/p>\n<!-- \/wp:tadv\/classic-paragraph -->\n\n<!-- wp:tadv\/classic-paragraph -->\n<h3>VE\u013dKOLEP\u00c1 SKALN\u00c1 GAL\u00c9RIA<\/h3>\n<p>Tom\u00e1\u0161ovsk\u00fd v\u00fdh\u013ead, inak prez\u00fdvan\u00fd aj \u201eToma\u0161\u00e1k\u201d, obkolesen\u00fd malebn\u00fdmi borovicami, je jednozna\u010dne najnav\u0161tevovanej\u0161ou vyhliadkou Slovensk\u00e9ho raja. Tento fascinuj\u00faci v\u00e1pencov\u00fd skaln\u00fd blok s d\u013a\u017ekou viac ako 200 metrov sa t\u00fd\u010di nad hladinou rieky Horn\u00e1d na niektor\u00fdch miestach a\u017e do v\u00fd\u0161ky 146 metrov.<\/p>\n<!-- \/wp:tadv\/classic-paragraph -->\n\n<!-- wp:tadv\/classic-paragraph -->\n<h3>\u013dADOV\u00c1 KR\u00c1SA SVETOV\u00c9HO DEDI\u010cSTVA<\/h3>\n<p>Dob\u0161insk\u00e1 \u013eadov\u00e1 jasky\u0148a patr\u00ed medzi najv\u00fdznamnej\u0161ie \u013eadov\u00e9 jaskyne na svete. Od roku 2000 je zaraden\u00e1 do svetov\u00e9ho pr\u00edrodn\u00e9ho dedi\u010dstva. Vzh\u013eadom na zn\u00e1me vysokohorsk\u00e9 \u013eadov\u00e9 jaskyne monument\u00e1lne za\u013eadnenie Dob\u0161inskej \u013eadovej jaskyne tis\u00edcro\u010dia pretrv\u00e1va v nadmorskej v\u00fd\u0161ke iba 950 m.<\/p>\n<!-- \/wp:tadv\/classic-paragraph -->","_sk_post_name":"spis","_sk_post_excerpt":"","_sk_post_title":"Spi\u0161","_en_post_content":"","_en_post_name":"","_en_post_excerpt":"","_en_post_title":"","_hu_post_content":"<!-- wp:tadv\/classic-paragraph -->\n<p>A Szepess\u00e9g a turist\u00e1k sz\u00e1m\u00e1ra vonz\u00f3 t\u00e9rs\u00e9g \u2013 sz\u00e1mos, a vil\u00e1g\u00f6r\u00f6ks\u00e9g r\u00e9szek\u00e9nt sz\u00e1mon tartott m\u0171eml\u00e9k \u00e9s egyedi term\u00e9szeti kincsek sora tal\u00e1lhat\u00f3 itt. A m\u0171eml\u00e9kek \u00e9s a m\u00falt csod\u00e1l\u00f3i sz\u00e1m\u00e1ra szinte k\u00f6telez\u0151 az egykori Szepes v\u00e1rmegye ter\u00fclet\u00e9nek megtekint\u00e9se.<\/p>\n<!-- \/wp:tadv\/classic-paragraph -->\n\n<!-- wp:tadv\/classic-paragraph -->\n<h3>IGL\u00d3<\/h3>\n<p>A Szepess\u00e9g n\u00e9met telepesek \u00e1ltal alap\u00edtott k\u00f6zpontja. Itt van a leghosszabb lencse alak\u00fa t\u00e9r az orsz\u00e1gban. Egy\u00fattal a Szlov\u00e1k Paradicsom bej\u00e1rata is. A szepesi v\u00e1s\u00e1r, a kult\u00fart\u00f6rt\u00e9neti gy\u00f6ngyszemekkel kirakott t\u00e9r, az orsz\u00e1g legmagasabb templomtorny\u00e1b\u00f3l t\u00e1rulkoz\u00f3 k\u00e9p, a helyi \u00e1llatkert, mozi vagy sz\u00ednh\u00e1z, a gyakori kultur\u00e1lis \u00e9s t\u00e1rsadalmi esem\u00e9nyek mind vonzz\u00e1k az idel\u00e1togat\u00f3kat. Igl\u00f3 k\u00f6rny\u00e9k\u00e9n is sz\u00e1mos m\u0171eml\u00e9k \u00e9s term\u00e9szeti kincs v\u00e1rja az idel\u00e1togat\u00f3kat. A m\u00e1rkusfalvai renesz\u00e1nsz kast\u00e9ly \u00e9s rokok\u00f3 st\u00edlus\u00fa \u201eDardanell\u00e1k\u201d nev\u0171 pavilonja, a zsigrai korai g\u00f3tikus templom, valamint a legnagyobb eur\u00f3pai v\u00e1rter\u00fclet, a Szepesi v\u00e1r jelentik a ter\u00fclet \u00e9kk\u00f6veit.<\/p>\n<!-- \/wp:tadv\/classic-paragraph -->\n\n<!-- wp:image {\"id\":1582,\"align\":\"center\"} -->\n<div class=\"wp-block-image\"><figure class=\"aligncenter\"><img src=\"https:\/\/www.kosiceregion.com\/wp-content\/uploads\/2019\/05\/img89.jpg\" alt=\"\" class=\"wp-image-1582\"\/><\/figure><\/div>\n<!-- \/wp:image -->\n\n<!-- wp:tadv\/classic-paragraph -->\n<h3>A LEGMAGASABB SZLOV\u00c1KIAI TORONY<\/h3>\n<p>A pl\u00e9b\u00e1niatemplom 87 m\u00e9ter magas \u00f3ratorny\u00e1ba felmenni nemcsak kaland, hanem egy \u00e9letre sz\u00f3l\u00f3 \u00e9lm\u00e9ny is. Az innen ny\u00edl\u00f3 kil\u00e1t\u00e1s fens\u00e9ges. Az \u00f3ram\u0171 az eredetileg g\u00f3tikus torony maradv\u00e1ny. Mind a h\u00e9t sz\u00e1mlapot ugyanaz a g\u00e9pezet vez\u00e9rli, amely a harangokat is ir\u00e1ny\u00edtja.<\/p>\n<!-- \/wp:tadv\/classic-paragraph -->\n\n<!-- wp:tadv\/classic-paragraph -->\n<h3>K\u00d6Z\u00c9P-EUR\u00d3PA LEGNAGYOBB KITERJED\u00c9S\u0170 V\u00c1RTER\u00dcLETE<\/h3>\n<p>A Szepesi v\u00e1r a Szepess\u00e9g meghat\u00e1roz\u00f3 eleme. Az egykoron egy travertin domb tetej\u00e9re \u00e9p\u00edtett v\u00e1r romjai ar\u00e1nylag j\u00f3 \u00e1llapotban maradtak fenn. A legenda szerint a holdf\u00e9nyes \u00e9jszak\u00e1ban a v\u00e1rfalakon egy feh\u00e9r ruh\u00e1s, lobog\u00f3 haj\u00fa, a derek\u00e1n \u00f6vet visel\u0151 n\u0151i alak s\u00e9t\u00e1l. Az \u00f6v\u00e9n egy kulcscsom\u00f3 van \u2013 jaj annak a l\u00e1nynak, akit azzal megdob, mert azzal el is var\u00e1zsolja.<\/p>\n<!-- \/wp:tadv\/classic-paragraph -->\n\n<!-- wp:tadv\/classic-paragraph -->\n<h3>VIL\u00c1GH\u00cdR\u0170 FALFESTM\u00c9NYEK<\/h3>\n<p>A zsigrai Szentl\u00e9lek r\u00f3mai katolikus templom belter\u00e9t kiv\u00e1l\u00f3 \u2013 tematikailag is soksz\u00edn\u0171 \u2013 festm\u00e9nyek d\u00edsz\u00edtik. A templom leg\u00e9rt\u00e9kesebb m\u0171eml\u00e9kei a teljes ikonogr\u00e1fiai ciklust alkot\u00f3 falfestm\u00e9nyek.<\/p>\n<!-- \/wp:tadv\/classic-paragraph -->\n\n<!-- wp:image {\"id\":1583,\"align\":\"center\"} -->\n<div class=\"wp-block-image\"><figure class=\"aligncenter\"><img src=\"https:\/\/www.kosiceregion.com\/wp-content\/uploads\/2019\/05\/img100.jpg\" alt=\"\" class=\"wp-image-1583\"\/><\/figure><\/div>\n<!-- \/wp:image -->\n\n<!-- wp:tadv\/classic-paragraph -->\n<h3>A SZEPESI JERUZS\u00c1LEM, AVAGY A MEGHALLGATOTT IM\u00c1K HELYE<\/h3>\n<p>Szepeshelyen \u00e9s a Pa\u017eica nev\u0171 dombon a szak\u00e9rt\u0151k az \u00f3kori Jeruzs\u00e1lemet id\u00e9z\u0151 ter\u00fcletet 1:1 ar\u00e1ny\u00fa fedeztek fel. Egyh\u00e1zi \u00e9p\u00fcletekb\u0151l \u00e9s \u00fat menti k\u00e1poln\u00e1kb\u00f3l \u00e1ll \u00f6ssze \u2013 ezek a J\u00e9zus Krisztus jeruzs\u00e1lemi szenved\u00e9s\u00e9vel kapcsolatos helyeket, \u00e9p\u00fcleteket szimboliz\u00e1lj\u00e1k.<\/p>\n<!-- \/wp:tadv\/classic-paragraph -->\n\n<!-- wp:tadv\/classic-paragraph -->\n<h3>EGY SOROZATGYILKOS MUMIFIK\u00c1LT KEZE<\/h3>\n<p>egy pap\u00edrnehez\u00e9k a m\u00e1rkusfalvi kast\u00e9ly b\u00fatort\u00f6rt\u00e9neti ki\u00e1ll\u00edt\u00e1s\u00e1ban. A t\u00e1rlat ki\u00e1ll\u00edt\u00e1si t\u00e1rgyai a hatk\u00f3ci \u00e9s a m\u00e1rkusfalvi kast\u00e9lyb\u00f3l sz\u00e1rmaznak. \u00c9rdekesek az \u00fcveg-, porcel\u00e1n-, ruh\u00e1zati, t\u00fck\u00f6r-, \u00f3ra- \u00e9s fegyvergy\u0171jtem\u00e9ny darabjai. A kast\u00e9ly k\u00f6rnyezet\u00e9ben h\u00e1rom l\u00e9pcs\u0151ben kialak\u00edtott francia park \u00e1ll. A legutols\u00f3n \u00e1ll a Dardanell\u00e1k ny\u00e1ri lak, amelyben a Szlov\u00e1ki\u00e1ban gy\u00e1rtott billenty\u0171s hangszerek t\u00e1rlata l\u00e1that\u00f3.<\/p>\n<!-- \/wp:tadv\/classic-paragraph -->\n\n<!-- wp:image {\"id\":1584,\"align\":\"center\"} -->\n<div class=\"wp-block-image\"><figure class=\"aligncenter\"><img src=\"https:\/\/www.kosiceregion.com\/wp-content\/uploads\/2019\/05\/img111.jpg\" alt=\"\" class=\"wp-image-1584\"\/><\/figure><\/div>\n<!-- \/wp:image -->\n\n<!-- wp:tadv\/classic-paragraph -->\n<h3>A SZLOV\u00c1K PARADICSOM NEMZETI PARK<\/h3>\n<p>A Szlov\u00e1k Paradicsom Nemzeti Park k\u00e9ts\u00e9gk\u00edv\u00fcl az orsz\u00e1g egyik legjelent\u0151sebb \u00e9s legszebb t\u00e9rs\u00e9ge. Sz\u00e9ps\u00e9ge, sz\u00e1mos turista\u00fatvonala, h\u00eddja, l\u00e9tr\u00e1ja, l\u00e9pcs\u0151je messze f\u00f6ld\u00f6n h\u00edres, romantikus szegleteinek sokas\u00e1ga \u00e9vente rengeteg turist\u00e1t vonz.<\/p>\n<!-- \/wp:tadv\/classic-paragraph -->\n\n<!-- wp:tadv\/classic-paragraph -->\n<h3>A PAR\u00c1D\u00c9S SZIKLAGAL\u00c9RIA<\/h3>\n<p>A fest\u0151i bor\u00f3kafeny\u0151-erd\u0151vel k\u00f6rbe\u00f6lelt Tam\u00e1sfalvi-kil\u00e1t\u00f3 k\u00e9ts\u00e9gk\u00edv\u00fcl a legl\u00e1togatottabb kil\u00e1t\u00f3. Ez a fantasztikus m\u00e9szk\u0151t\u00f6mb, amelynek hossza t\u00fall\u00e9pi a 200 m\u00e9tert, a Hern\u00e1d foly\u00f3 felett helyenk\u00e9nt 146 m\u00e9terre magasodik.<\/p>\n<!-- \/wp:tadv\/classic-paragraph -->\n\n<!-- wp:tadv\/classic-paragraph -->\n<h3>A VIL\u00c1G\u00d6R\u00d6KS\u00c9G JEGES SZ\u00c9PS\u00c9GE<\/h3>\n<p>A Dobsinai-j\u00e9gbarlang a vil\u00e1g legjelent\u0151sebb j\u00e9gbarlangjainak egyike. 2000 \u00f3ta a vil\u00e1g\u00f6r\u00f6ks\u00e9g r\u00e9sze. A vil\u00e1g j\u00e9gbarlangjaival ellent\u00e9tbena Dobsinai barlang jegesed\u00e9se m\u00e1r 950 m tengerszint feletti magass\u00e1gban \u00e1lland\u00f3 jelleg\u0171.<\/p>\n<!-- \/wp:tadv\/classic-paragraph -->","_hu_post_name":"szepes","_hu_post_excerpt":"","_hu_post_title":"Szepes","_es_post_content":"","_es_post_name":"","_es_post_excerpt":"","_es_post_title":"","_de_post_content":"","_de_post_name":"","_de_post_excerpt":"","_de_post_title":"","_pl_post_content":"","_pl_post_name":"","_pl_post_excerpt":"","_pl_post_title":"","_it_post_content":"","_it_post_name":"","_it_post_excerpt":"","_it_post_title":"","edit_language":"es","footnotes":""},"categories":[17],"tags":[],"class_list":["post-1579","post","type-post","status-publish","format-standard","has-post-thumbnail","hentry","category-top"],"acf":[],"yoast_head":"<!-- This site is optimized with the Yoast SEO Premium plugin v25.5 (Yoast SEO v27.4) - https:\/\/yoast.com\/product\/yoast-seo-premium-wordpress\/ -->\n<title>Ko\u0161ice Regi\u00f3n<\/title>\n<meta name=\"description\" content=\"Atrakt\u00edvny turistick\u00fd regi\u00f3n sa m\u00f4\u017ee p\u00fd\u0161i\u0165 viacer\u00fdmi historick\u00fdmi pamiatkami zap\u00edsan\u00fdmi do svetov\u00e9ho dedi\u010dstva UNESCO a z\u00e1rove\u0148 pon\u00faka neopakovate\u013en\u00fa a svojr\u00e1znu pr\u00edrodn\u00fa scen\u00e9riu. Pre ka\u017ed\u00e9ho obdivovate\u013ea pamiatok a\u2026\" \/>\n<meta name=\"robots\" content=\"index, follow, max-snippet:-1, max-image-preview:large, max-video-preview:-1\" \/>\n<link rel=\"canonical\" href=\"https:\/\/www.kosiceregion.com\/hu\/szepes\/\" \/>\n<meta property=\"og:locale\" content=\"es_ES\" \/>\n<meta property=\"og:type\" content=\"article\" \/>\n<meta property=\"og:title\" content=\"Spi\u0161\" \/>\n<meta property=\"og:description\" content=\"Atrakt\u00edvny turistick\u00fd regi\u00f3n sa m\u00f4\u017ee p\u00fd\u0161i\u0165 viacer\u00fdmi historick\u00fdmi pamiatkami zap\u00edsan\u00fdmi do svetov\u00e9ho dedi\u010dstva UNESCO a z\u00e1rove\u0148 pon\u00faka neopakovate\u013en\u00fa a\" \/>\n<meta property=\"og:url\" content=\"https:\/\/www.kosiceregion.com\/es\/wp-json\/wp\/v2\/posts\/1579\" \/>\n<meta property=\"og:site_name\" content=\"Ko\u0161ice Regi\u00f3n\" \/>\n<meta property=\"article:publisher\" content=\"https:\/\/www.facebook.com\/kosiceregion\" \/>\n<meta property=\"article:published_time\" content=\"2019-05-09T12:45:09+00:00\" \/>\n<meta property=\"article:modified_time\" content=\"2019-08-21T21:12:50+00:00\" \/>\n<meta property=\"og:image\" content=\"https:\/\/www.kosiceregion.com\/wp-content\/uploads\/2019\/05\/img82.jpg\" \/>\n\t<meta property=\"og:image:width\" content=\"1079\" \/>\n\t<meta property=\"og:image:height\" content=\"586\" \/>\n\t<meta property=\"og:image:type\" content=\"image\/jpeg\" \/>\n<meta name=\"author\" content=\"admin\" \/>\n<meta name=\"twitter:card\" content=\"summary_large_image\" \/>\n<meta name=\"twitter:creator\" content=\"@KOSICEREGION\" \/>\n<meta name=\"twitter:site\" content=\"@KOSICEREGION\" \/>\n<meta name=\"twitter:label1\" content=\"Escrito por\" \/>\n\t<meta name=\"twitter:data1\" content=\"admin\" \/>\n\t<meta name=\"twitter:label2\" content=\"Tiempo de lectura\" \/>\n\t<meta name=\"twitter:data2\" content=\"4 minutes\" \/>\n<script type=\"application\/ld+json\" class=\"yoast-schema-graph\">{\"@context\":\"https:\\\/\\\/schema.org\",\"@graph\":[{\"@type\":\"Article\",\"@id\":\"https:\\\/\\\/www.kosiceregion.com\\\/hu\\\/szepes\\\/#article\",\"isPartOf\":{\"@id\":\"https:\\\/\\\/www.kosiceregion.com\\\/hu\\\/szepes\\\/\"},\"author\":{\"name\":\"admin\",\"@id\":\"https:\\\/\\\/www.kosiceregion.com\\\/#\\\/schema\\\/person\\\/a3b410b349e630c8edb959e58d35ea17\"},\"headline\":\"Spi\u0161\",\"datePublished\":\"2019-05-09T12:45:09+00:00\",\"dateModified\":\"2019-08-21T21:12:50+00:00\",\"mainEntityOfPage\":{\"@id\":\"https:\\\/\\\/www.kosiceregion.com\\\/hu\\\/szepes\\\/\"},\"wordCount\":725,\"publisher\":{\"@id\":\"https:\\\/\\\/www.kosiceregion.com\\\/#organization\"},\"image\":{\"@id\":\"https:\\\/\\\/www.kosiceregion.com\\\/hu\\\/szepes\\\/#primaryimage\"},\"thumbnailUrl\":\"https:\\\/\\\/www.kosiceregion.com\\\/wp-content\\\/uploads\\\/2019\\\/05\\\/img82.jpg\",\"articleSection\":[\"Top\"],\"inLanguage\":\"es-ES\"},{\"@type\":\"WebPage\",\"@id\":\"https:\\\/\\\/www.kosiceregion.com\\\/hu\\\/szepes\\\/\",\"url\":\"https:\\\/\\\/www.kosiceregion.com\\\/hu\\\/szepes\\\/\",\"name\":\"Spi\u0161 - Ko\u0161ice Regi\u00f3n\",\"isPartOf\":{\"@id\":\"https:\\\/\\\/www.kosiceregion.com\\\/#website\"},\"primaryImageOfPage\":{\"@id\":\"https:\\\/\\\/www.kosiceregion.com\\\/hu\\\/szepes\\\/#primaryimage\"},\"image\":{\"@id\":\"https:\\\/\\\/www.kosiceregion.com\\\/hu\\\/szepes\\\/#primaryimage\"},\"thumbnailUrl\":\"https:\\\/\\\/www.kosiceregion.com\\\/wp-content\\\/uploads\\\/2019\\\/05\\\/img82.jpg\",\"datePublished\":\"2019-05-09T12:45:09+00:00\",\"dateModified\":\"2019-08-21T21:12:50+00:00\",\"description\":\"Atrakt\u00edvny turistick\u00fd regi\u00f3n sa m\u00f4\u017ee p\u00fd\u0161i\u0165 viacer\u00fdmi historick\u00fdmi pamiatkami zap\u00edsan\u00fdmi do svetov\u00e9ho dedi\u010dstva UNESCO a z\u00e1rove\u0148 pon\u00faka neopakovate\u013en\u00fa a\",\"breadcrumb\":{\"@id\":\"https:\\\/\\\/www.kosiceregion.com\\\/hu\\\/szepes\\\/#breadcrumb\"},\"inLanguage\":\"es-ES\",\"potentialAction\":[{\"@type\":\"ReadAction\",\"target\":[\"https:\\\/\\\/www.kosiceregion.com\\\/hu\\\/szepes\\\/\"]}]},{\"@type\":\"ImageObject\",\"inLanguage\":\"es-ES\",\"@id\":\"https:\\\/\\\/www.kosiceregion.com\\\/hu\\\/szepes\\\/#primaryimage\",\"url\":\"https:\\\/\\\/www.kosiceregion.com\\\/wp-content\\\/uploads\\\/2019\\\/05\\\/img82.jpg\",\"contentUrl\":\"https:\\\/\\\/www.kosiceregion.com\\\/wp-content\\\/uploads\\\/2019\\\/05\\\/img82.jpg\",\"width\":1079,\"height\":586},{\"@type\":\"BreadcrumbList\",\"@id\":\"https:\\\/\\\/www.kosiceregion.com\\\/hu\\\/szepes\\\/#breadcrumb\",\"itemListElement\":[{\"@type\":\"ListItem\",\"position\":1,\"name\":\"Home\",\"item\":\"https:\\\/\\\/www.kosiceregion.com\\\/sk\\\/\"},{\"@type\":\"ListItem\",\"position\":2,\"name\":\"Szepes\"}]},{\"@type\":\"WebSite\",\"@id\":\"https:\\\/\\\/www.kosiceregion.com\\\/#website\",\"url\":\"https:\\\/\\\/www.kosiceregion.com\\\/\",\"name\":\"Ko\u0161ice Regi\u00f3n\",\"description\":\"Turistick\u00fd sprievodca Ko\u0161ick\u00fdm krajom\",\"publisher\":{\"@id\":\"https:\\\/\\\/www.kosiceregion.com\\\/#organization\"},\"potentialAction\":[{\"@type\":\"SearchAction\",\"target\":{\"@type\":\"EntryPoint\",\"urlTemplate\":\"https:\\\/\\\/www.kosiceregion.com\\\/?s={search_term_string}\"},\"query-input\":{\"@type\":\"PropertyValueSpecification\",\"valueRequired\":true,\"valueName\":\"search_term_string\"}}],\"inLanguage\":\"es-ES\"},{\"@type\":\"Organization\",\"@id\":\"https:\\\/\\\/www.kosiceregion.com\\\/#organization\",\"name\":\"Ko\u0161ice Regi\u00f3n Turizmus\",\"url\":\"https:\\\/\\\/www.kosiceregion.com\\\/\",\"logo\":{\"@type\":\"ImageObject\",\"inLanguage\":\"es-ES\",\"@id\":\"https:\\\/\\\/www.kosiceregion.com\\\/#\\\/schema\\\/logo\\\/image\\\/\",\"url\":\"https:\\\/\\\/www.kosiceregion.com\\\/wp-content\\\/uploads\\\/2019\\\/03\\\/logo-web-sk.png\",\"contentUrl\":\"https:\\\/\\\/www.kosiceregion.com\\\/wp-content\\\/uploads\\\/2019\\\/03\\\/logo-web-sk.png\",\"width\":225,\"height\":100,\"caption\":\"Ko\u0161ice Regi\u00f3n Turizmus\"},\"image\":{\"@id\":\"https:\\\/\\\/www.kosiceregion.com\\\/#\\\/schema\\\/logo\\\/image\\\/\"},\"sameAs\":[\"https:\\\/\\\/www.facebook.com\\\/kosiceregion\",\"https:\\\/\\\/x.com\\\/KOSICEREGION\",\"https:\\\/\\\/www.instagram.com\\\/kosiceregion\",\"https:\\\/\\\/www.youtube.com\\\/kosiceregion\"]},{\"@type\":\"Person\",\"@id\":\"https:\\\/\\\/www.kosiceregion.com\\\/#\\\/schema\\\/person\\\/a3b410b349e630c8edb959e58d35ea17\",\"name\":\"admin\",\"image\":{\"@type\":\"ImageObject\",\"inLanguage\":\"es-ES\",\"@id\":\"https:\\\/\\\/secure.gravatar.com\\\/avatar\\\/ff684514e5ef32cec7525b9d568f44fc6074207a97f9768a9d8162f4d8ea5d0d?s=96&d=mm&r=g\",\"url\":\"https:\\\/\\\/secure.gravatar.com\\\/avatar\\\/ff684514e5ef32cec7525b9d568f44fc6074207a97f9768a9d8162f4d8ea5d0d?s=96&d=mm&r=g\",\"contentUrl\":\"https:\\\/\\\/secure.gravatar.com\\\/avatar\\\/ff684514e5ef32cec7525b9d568f44fc6074207a97f9768a9d8162f4d8ea5d0d?s=96&d=mm&r=g\",\"caption\":\"admin\"}}]}<\/script>\n<!-- \/ Yoast SEO Premium plugin. -->","yoast_head_json":{"title":"Ko\u0161ice Regi\u00f3n","description":"Atrakt\u00edvny turistick\u00fd regi\u00f3n sa m\u00f4\u017ee p\u00fd\u0161i\u0165 viacer\u00fdmi historick\u00fdmi pamiatkami zap\u00edsan\u00fdmi do svetov\u00e9ho dedi\u010dstva UNESCO a z\u00e1rove\u0148 pon\u00faka neopakovate\u013en\u00fa a svojr\u00e1znu pr\u00edrodn\u00fa scen\u00e9riu. Pre ka\u017ed\u00e9ho obdivovate\u013ea pamiatok a\u2026","robots":{"index":"index","follow":"follow","max-snippet":"max-snippet:-1","max-image-preview":"max-image-preview:large","max-video-preview":"max-video-preview:-1"},"canonical":"https:\/\/www.kosiceregion.com\/hu\/szepes\/","og_locale":"es_ES","og_type":"article","og_title":"Spi\u0161","og_description":"Atrakt\u00edvny turistick\u00fd regi\u00f3n sa m\u00f4\u017ee p\u00fd\u0161i\u0165 viacer\u00fdmi historick\u00fdmi pamiatkami zap\u00edsan\u00fdmi do svetov\u00e9ho dedi\u010dstva UNESCO a z\u00e1rove\u0148 pon\u00faka neopakovate\u013en\u00fa a","og_url":"https:\/\/www.kosiceregion.com\/es\/wp-json\/wp\/v2\/posts\/1579","og_site_name":"Ko\u0161ice Regi\u00f3n","article_publisher":"https:\/\/www.facebook.com\/kosiceregion","article_published_time":"2019-05-09T12:45:09+00:00","article_modified_time":"2019-08-21T21:12:50+00:00","og_image":[{"width":1079,"height":586,"url":"https:\/\/www.kosiceregion.com\/wp-content\/uploads\/2019\/05\/img82.jpg","type":"image\/jpeg"}],"author":"admin","twitter_card":"summary_large_image","twitter_creator":"@KOSICEREGION","twitter_site":"@KOSICEREGION","twitter_misc":{"Escrito por":"admin","Tiempo de lectura":"4 minutes"},"schema":{"@context":"https:\/\/schema.org","@graph":[{"@type":"Article","@id":"https:\/\/www.kosiceregion.com\/hu\/szepes\/#article","isPartOf":{"@id":"https:\/\/www.kosiceregion.com\/hu\/szepes\/"},"author":{"name":"admin","@id":"https:\/\/www.kosiceregion.com\/#\/schema\/person\/a3b410b349e630c8edb959e58d35ea17"},"headline":"Spi\u0161","datePublished":"2019-05-09T12:45:09+00:00","dateModified":"2019-08-21T21:12:50+00:00","mainEntityOfPage":{"@id":"https:\/\/www.kosiceregion.com\/hu\/szepes\/"},"wordCount":725,"publisher":{"@id":"https:\/\/www.kosiceregion.com\/#organization"},"image":{"@id":"https:\/\/www.kosiceregion.com\/hu\/szepes\/#primaryimage"},"thumbnailUrl":"https:\/\/www.kosiceregion.com\/wp-content\/uploads\/2019\/05\/img82.jpg","articleSection":["Top"],"inLanguage":"es-ES"},{"@type":"WebPage","@id":"https:\/\/www.kosiceregion.com\/hu\/szepes\/","url":"https:\/\/www.kosiceregion.com\/hu\/szepes\/","name":"Spi\u0161 - Ko\u0161ice Regi\u00f3n","isPartOf":{"@id":"https:\/\/www.kosiceregion.com\/#website"},"primaryImageOfPage":{"@id":"https:\/\/www.kosiceregion.com\/hu\/szepes\/#primaryimage"},"image":{"@id":"https:\/\/www.kosiceregion.com\/hu\/szepes\/#primaryimage"},"thumbnailUrl":"https:\/\/www.kosiceregion.com\/wp-content\/uploads\/2019\/05\/img82.jpg","datePublished":"2019-05-09T12:45:09+00:00","dateModified":"2019-08-21T21:12:50+00:00","description":"Atrakt\u00edvny turistick\u00fd regi\u00f3n sa m\u00f4\u017ee p\u00fd\u0161i\u0165 viacer\u00fdmi historick\u00fdmi pamiatkami zap\u00edsan\u00fdmi do svetov\u00e9ho dedi\u010dstva UNESCO a z\u00e1rove\u0148 pon\u00faka neopakovate\u013en\u00fa a","breadcrumb":{"@id":"https:\/\/www.kosiceregion.com\/hu\/szepes\/#breadcrumb"},"inLanguage":"es-ES","potentialAction":[{"@type":"ReadAction","target":["https:\/\/www.kosiceregion.com\/hu\/szepes\/"]}]},{"@type":"ImageObject","inLanguage":"es-ES","@id":"https:\/\/www.kosiceregion.com\/hu\/szepes\/#primaryimage","url":"https:\/\/www.kosiceregion.com\/wp-content\/uploads\/2019\/05\/img82.jpg","contentUrl":"https:\/\/www.kosiceregion.com\/wp-content\/uploads\/2019\/05\/img82.jpg","width":1079,"height":586},{"@type":"BreadcrumbList","@id":"https:\/\/www.kosiceregion.com\/hu\/szepes\/#breadcrumb","itemListElement":[{"@type":"ListItem","position":1,"name":"Home","item":"https:\/\/www.kosiceregion.com\/sk\/"},{"@type":"ListItem","position":2,"name":"Szepes"}]},{"@type":"WebSite","@id":"https:\/\/www.kosiceregion.com\/#website","url":"https:\/\/www.kosiceregion.com\/","name":"Ko\u0161ice Regi\u00f3n","description":"Turistick\u00fd sprievodca Ko\u0161ick\u00fdm krajom","publisher":{"@id":"https:\/\/www.kosiceregion.com\/#organization"},"potentialAction":[{"@type":"SearchAction","target":{"@type":"EntryPoint","urlTemplate":"https:\/\/www.kosiceregion.com\/?s={search_term_string}"},"query-input":{"@type":"PropertyValueSpecification","valueRequired":true,"valueName":"search_term_string"}}],"inLanguage":"es-ES"},{"@type":"Organization","@id":"https:\/\/www.kosiceregion.com\/#organization","name":"Ko\u0161ice Regi\u00f3n Turizmus","url":"https:\/\/www.kosiceregion.com\/","logo":{"@type":"ImageObject","inLanguage":"es-ES","@id":"https:\/\/www.kosiceregion.com\/#\/schema\/logo\/image\/","url":"https:\/\/www.kosiceregion.com\/wp-content\/uploads\/2019\/03\/logo-web-sk.png","contentUrl":"https:\/\/www.kosiceregion.com\/wp-content\/uploads\/2019\/03\/logo-web-sk.png","width":225,"height":100,"caption":"Ko\u0161ice Regi\u00f3n Turizmus"},"image":{"@id":"https:\/\/www.kosiceregion.com\/#\/schema\/logo\/image\/"},"sameAs":["https:\/\/www.facebook.com\/kosiceregion","https:\/\/x.com\/KOSICEREGION","https:\/\/www.instagram.com\/kosiceregion","https:\/\/www.youtube.com\/kosiceregion"]},{"@type":"Person","@id":"https:\/\/www.kosiceregion.com\/#\/schema\/person\/a3b410b349e630c8edb959e58d35ea17","name":"admin","image":{"@type":"ImageObject","inLanguage":"es-ES","@id":"https:\/\/secure.gravatar.com\/avatar\/ff684514e5ef32cec7525b9d568f44fc6074207a97f9768a9d8162f4d8ea5d0d?s=96&d=mm&r=g","url":"https:\/\/secure.gravatar.com\/avatar\/ff684514e5ef32cec7525b9d568f44fc6074207a97f9768a9d8162f4d8ea5d0d?s=96&d=mm&r=g","contentUrl":"https:\/\/secure.gravatar.com\/avatar\/ff684514e5ef32cec7525b9d568f44fc6074207a97f9768a9d8162f4d8ea5d0d?s=96&d=mm&r=g","caption":"admin"}}]}},"_links":{"self":[{"href":"https:\/\/www.kosiceregion.com\/es\/wp-json\/wp\/v2\/posts\/1579","targetHints":{"allow":["GET"]}}],"collection":[{"href":"https:\/\/www.kosiceregion.com\/es\/wp-json\/wp\/v2\/posts"}],"about":[{"href":"https:\/\/www.kosiceregion.com\/es\/wp-json\/wp\/v2\/types\/post"}],"author":[{"embeddable":true,"href":"https:\/\/www.kosiceregion.com\/es\/wp-json\/wp\/v2\/users\/1"}],"replies":[{"embeddable":true,"href":"https:\/\/www.kosiceregion.com\/es\/wp-json\/wp\/v2\/comments?post=1579"}],"version-history":[{"count":4,"href":"https:\/\/www.kosiceregion.com\/es\/wp-json\/wp\/v2\/posts\/1579\/revisions"}],"predecessor-version":[{"id":2803,"href":"https:\/\/www.kosiceregion.com\/es\/wp-json\/wp\/v2\/posts\/1579\/revisions\/2803"}],"wp:featuredmedia":[{"embeddable":true,"href":"https:\/\/www.kosiceregion.com\/es\/wp-json\/wp\/v2\/media\/1581"}],"wp:attachment":[{"href":"https:\/\/www.kosiceregion.com\/es\/wp-json\/wp\/v2\/media?parent=1579"}],"wp:term":[{"taxonomy":"category","embeddable":true,"href":"https:\/\/www.kosiceregion.com\/es\/wp-json\/wp\/v2\/categories?post=1579"},{"taxonomy":"post_tag","embeddable":true,"href":"https:\/\/www.kosiceregion.com\/es\/wp-json\/wp\/v2\/tags?post=1579"}],"curies":[{"name":"wp","href":"https:\/\/api.w.org\/{rel}","templated":true}]}}