{"id":6702,"date":"2021-06-08T14:15:41","date_gmt":"2021-06-08T12:15:41","guid":{"rendered":"https:\/\/www.kosiceregion.com\/sk\/?p=6702"},"modified":"2021-06-08T14:15:42","modified_gmt":"2021-06-08T12:15:42","slug":"","status":"publish","type":"post","link":"https:\/\/www.kosiceregion.com\/es\/zivot-dobrodruhov-markusovsky-skalny-hrib\/","title":{"rendered":"","raw":""},"content":{"rendered":"","protected":false,"raw":""},"excerpt":{"rendered":"","protected":false,"raw":""},"author":10,"featured_media":6712,"comment_status":"closed","ping_status":"closed","sticky":false,"template":"","format":"standard","meta":{"_acf_changed":false,"_sk_post_content":"<!-- wp:tadv\/classic-paragraph -->\n<p style=\"text-align: justify;\">Neviete kam na v\u00fdlet? U\u017e ste po\u010duli o\u00a0tomto zauj\u00edmavom skalnom \u00fatvare zvanom Marku\u0161ovsk\u00fd skaln\u00fd hr\u00edb? Skvel\u00e1 prech\u00e1dzka vhodn\u00e1 aj pre rodiny s\u00a0de\u0165mi. Celou turistikou v\u00e1s bude sprev\u00e1dza\u0165 zur\u010danie Horn\u00e1du a\u00a0\u0161tebotanie vt\u00e1\u010dikov. A\u00a0bez p\u00e1r zauj\u00edmav\u00fdch fotiek odtia\u013eto ur\u010dite neod\u00eddete.<\/p>\n<!-- \/wp:tadv\/classic-paragraph -->\n\n<!-- wp:image {\"id\":6703,\"sizeSlug\":\"large\",\"linkDestination\":\"none\"} -->\n<figure class=\"wp-block-image size-large\"><img src=\"https:\/\/www.kosiceregion.com\/wp-content\/uploads\/2021\/06\/1-1-1024x576.jpg\" alt=\"\" class=\"wp-image-6703\"\/><\/figure>\n<!-- \/wp:image -->\n\n<!-- wp:heading {\"textAlign\":\"center\"} -->\n<h2 class=\"has-text-align-center\">Inform\u00e1cie o trase a lokalite<\/h2>\n<!-- \/wp:heading -->\n\n<!-- wp:tadv\/classic-paragraph -->\n<p>\u00a0<\/p>\n<table class=\" aligncenter\" style=\"height: 349px; width: 72.381%; border-collapse: collapse;\">\n<tbody>\n<tr style=\"height: 216px;\">\n<td style=\"width: 20%; height: 210px;\"><img class=\"size-full wp-image-5997 aligncenter\" src=\"https:\/\/www.kosiceregion.com\/wp-content\/uploads\/2021\/05\/Icon_black__kids.png\" alt=\"\" width=\"35\" height=\"35\" \/><\/td>\n<td style=\"width: 20%; height: 210px;\">\n<p><strong>Vhodn\u00e9 pre deti<\/strong><\/p>\n<p>\u00c1NO<\/p>\n<\/td>\n<td style=\"width: 20.5727%; height: 210px;\"><img class=\"size-full wp-image-5998 aligncenter\" src=\"https:\/\/www.kosiceregion.com\/wp-content\/uploads\/2021\/05\/Icon_black__route.png\" alt=\"\" width=\"35\" height=\"35\" \/><\/td>\n<td style=\"width: 22.9886%; height: 210px;\">\n<p><strong>Zna\u010den\u00e1 trasa <\/strong><\/p>\n<p>\u00c1NO<\/p>\n<\/td>\n<\/tr>\n<tr style=\"height: 216px;\">\n<td style=\"width: 20%; height: 139px;\"><img class=\"size-full wp-image-5999 aligncenter\" src=\"https:\/\/www.kosiceregion.com\/wp-content\/uploads\/2021\/05\/Icon_black__food.png\" alt=\"\" width=\"35\" height=\"35\" \/><\/td>\n<td style=\"width: 20%; height: 139px;\">\n<p><strong>Stravovacie zariadenie<\/strong><\/p>\n<p>NIE<\/p>\n<\/td>\n<td style=\"width: 20.5727%; height: 139px;\"><img class=\"size-full wp-image-6000 aligncenter\" src=\"https:\/\/www.kosiceregion.com\/wp-content\/uploads\/2021\/05\/Icon_black__challenging.png\" alt=\"\" width=\"35\" height=\"35\" \/><\/td>\n<td style=\"width: 22.9886%; height: 139px;\">\n<p><strong>N\u00e1ro\u010dnos\u0165 trasy<\/strong><\/p>\n<p style=\"text-align: left;\">\u013dAHK\u00c1<\/p>\n<\/td>\n<\/tr>\n<\/tbody>\n<\/table>\n<p>\u00a0<\/p>\n<!-- \/wp:tadv\/classic-paragraph -->\n\n<!-- wp:tadv\/classic-paragraph -->\n<p style=\"text-align: justify;\">Marku\u0161ovsk\u00fd skaln\u00fd hr\u00edb sa zara\u010fuje medzi najzn\u00e1mej\u0161ie hr\u00edbovit\u00e9 skaln\u00e9 \u00fatvary na Slovensku. \u00dadajne je aj najv\u00e4\u010d\u0161\u00edm v\u00a0celej Eur\u00f3pe. A\u00a0ako tento \u00fatvar vznikol? M\u00f4\u017ee za to fakt, \u017ee na tomto mieste sa stret\u00e1vaj\u00fa dve r\u00f4zne geologick\u00e9 vrstvy. Spodn\u00e1 \u010das\u0165 \u00fatvaru sa sklad\u00e1 z\u00a0hrubozrnn\u00e9ho tre\u0165ohorn\u00e9ho zlepenca a\u00a0vrchn\u00fd \u201eklob\u00fak\u201c je zasa zlo\u017een\u00fd z\u00a0tvrd\u0161ieho jemnozrnn\u00e9ho pieskovca. Vplyvom vetrov, mrazov a\u00a0da\u017e\u010fov sa spodn\u00e1 \u010das\u0165 zvetr\u00e1va (obrusuje) o\u00a0nie\u010do r\u00fdchlej\u0161ie ako \u201eklob\u00fak\u201c. Marku\u0161ovsk\u00fd skaln\u00fd hr\u00edb je s\u00fa\u010das\u0165ou pr\u00edrodnej pamiatky naz\u00fdvanej Marku\u0161ovsk\u00e9 steny. Marku\u0161ovsk\u00e9 steny tvoria \u00fatvary r\u00f4znych ve\u013ekost\u00ed a\u00a0tvarov, ktor\u00e9 vznikli \u010dinnos\u0165ou vody, vetra a\u00a0mrazov.<\/p>\n<p style=\"text-align: justify;\">T\u00fato t\u00faru m\u00f4\u017eete spoji\u0165 aj s prehliadkou ka\u0161tie\u013ea v obci Marku\u0161ovce.<\/p>\n<!-- \/wp:tadv\/classic-paragraph -->\n\n<!-- wp:image {\"id\":6704,\"sizeSlug\":\"large\",\"linkDestination\":\"none\"} -->\n<figure class=\"wp-block-image size-large\"><img src=\"https:\/\/www.kosiceregion.com\/wp-content\/uploads\/2021\/06\/2-1-1024x576.jpg\" alt=\"\" class=\"wp-image-6704\"\/><\/figure>\n<!-- \/wp:image -->\n\n<!-- wp:heading {\"textAlign\":\"center\"} -->\n<h2 class=\"has-text-align-center\">Dopravn\u00e1 dostupnos\u0165<\/h2>\n<!-- \/wp:heading -->\n\n<!-- wp:tadv\/classic-paragraph -->\n<p>\u00a0<\/p>\n<table class=\" aligncenter\" style=\"height: 485px; width: 72.1429%; border-collapse: collapse;\">\n<tbody>\n<tr style=\"height: 216px;\">\n<td style=\"width: 20%; height: 210px;\"><img class=\"size-full wp-image-6002 aligncenter\" src=\"https:\/\/www.kosiceregion.com\/wp-content\/uploads\/2021\/05\/Icon_black__parking.png\" alt=\"\" width=\"35\" height=\"35\" \/><\/td>\n<td style=\"width: 20%; height: 210px;\">\n<p><strong>Parkovanie<\/strong><\/p>\n<p>\u00c1NO, Obecn\u00fd \u00farad Marku\u0161ovce<br \/>(<a href=\"https:\/\/goo.gl\/maps\/JitP1z3rhqYVE4WV8\">Zobrazi\u0165 na mape<\/a>)<\/p>\n<\/td>\n<td style=\"width: 20.5727%; height: 210px;\"><img class=\"size-full wp-image-6003 aligncenter\" src=\"https:\/\/www.kosiceregion.com\/wp-content\/uploads\/2021\/05\/Icon_black__bus.png\" alt=\"\" width=\"35\" height=\"35\" \/><\/td>\n<td style=\"width: 22.9886%; height: 210px;\">\n<p><strong>Autobusov\u00e1 zast\u00e1vka<\/strong><\/p>\n<p>\u00c1NO, Marku\u0161ovce, Oc\u00da<br \/>(<a href=\"https:\/\/goo.gl\/maps\/JitP1z3rhqYVE4WV8\">Zobrazi\u0165 na mape<\/a>)<\/p>\n<\/td>\n<\/tr>\n<tr style=\"height: 216px;\">\n<td style=\"width: 20%; height: 139px;\"><img class=\"size-full wp-image-6004 aligncenter\" src=\"https:\/\/www.kosiceregion.com\/wp-content\/uploads\/2021\/05\/Icon_black__train.png\" alt=\"\" width=\"35\" height=\"35\" \/><\/td>\n<td style=\"width: 20%; height: 139px;\">\n<p><strong>Vlakov\u00e1 zast\u00e1vka<\/strong><\/p>\n<p>\u00c1NO, <br \/>Marku\u0161ovce<br \/>(<a href=\"https:\/\/goo.gl\/maps\/RxhRUfcNUeQrxk2q9\">Zobrazi\u0165 na mape<\/a>)<\/p>\n<\/td>\n<td style=\"width: 20.5727%; height: 139px;\"><img class=\"size-full wp-image-6005 aligncenter\" src=\"https:\/\/www.kosiceregion.com\/wp-content\/uploads\/2021\/05\/Icon_black__time.png\" alt=\"\" width=\"35\" height=\"35\" \/><\/td>\n<td style=\"width: 22.9886%; height: 139px;\">\n<p><strong>Celkov\u00e9 trvanie a d\u013a\u017eka trasy<\/strong><\/p>\n<p style=\"text-align: left;\">D\u013a\u017eka trasy: <strong>2,6\u00a0km<br \/><\/strong>Trvanie trasy: <strong>0:50 h<br \/><\/strong>Celkov\u00e9 prev\u00fd\u0161enie:<strong> 147 m<\/strong><\/p>\n<\/td>\n<\/tr>\n<\/tbody>\n<\/table>\n<p>\u00a0<\/p>\n<!-- \/wp:tadv\/classic-paragraph -->\n\n<!-- wp:tadv\/classic-paragraph -->\n<p style=\"text-align: justify;\">\u010ci pr\u00eddete vlakom alebo autobusom, z\u00a0dediny sta\u010d\u00ed sledova\u0165 \u017elt\u00e9 turistick\u00e9 zna\u010dky. Tie v\u00e1s naved\u00fa a\u017e za dedinu, kde sa za\u010d\u00edna lesn\u00e1 cesta. Ak prich\u00e1dzate autom, zaparkova\u0165 sa d\u00e1 v\u00a0dedine. My sme sa odviezli a\u017e na okraj dediny a\u00a0na kraji lesnej cesty pri poli sme aj zaparkovali. Hne\u010f na za\u010diatku trasy sa po \u013eavej strane nach\u00e1dzaj\u00fa viacer\u00e9 skaln\u00e9 \u00fatvary, ktor\u00e9 s\u00fa tie\u017e s\u00fa\u010das\u0165ou pr\u00edrodnej pamiatky Marku\u0161ovsk\u00e9 steny.<\/p>\n<!-- \/wp:tadv\/classic-paragraph -->\n\n<!-- wp:image {\"id\":6705,\"sizeSlug\":\"large\",\"linkDestination\":\"none\"} -->\n<figure class=\"wp-block-image size-large\"><img src=\"https:\/\/www.kosiceregion.com\/wp-content\/uploads\/2021\/06\/3-1-1024x683.jpg\" alt=\"\" class=\"wp-image-6705\"\/><figcaption>Marku\u0161ovsk\u00e9 steny<\/figcaption><\/figure>\n<!-- \/wp:image -->\n\n<!-- wp:tadv\/classic-paragraph -->\n<p style=\"text-align: justify;\">Zna\u010denie na tomto \u00faseku nie je a\u017e tak \u010dast\u00e9. Sta\u010d\u00ed sa ale dr\u017ea\u0165 lesnej cesty a\u00a0nesch\u00e1dza\u0165 z\u00a0nej. Po pravej strane m\u00e1me po\u010das celej t\u00fary Horn\u00e1d. Prech\u00e1dzame viacer\u00e9 l\u00faky s\u00a0miernym porastom. Po p\u00e1r min\u00fatach prich\u00e1dzame k\u00a0osamel\u00e9mu stromu uprostred l\u00faky, na ktorom je \u017elt\u00e1 turistick\u00e1 zna\u010dka.<\/p>\n<!-- \/wp:tadv\/classic-paragraph -->\n\n<!-- wp:image {\"id\":6706,\"sizeSlug\":\"large\",\"linkDestination\":\"none\"} -->\n<figure class=\"wp-block-image size-large\"><img src=\"https:\/\/www.kosiceregion.com\/wp-content\/uploads\/2021\/06\/4-1-1024x683.jpg\" alt=\"\" class=\"wp-image-6706\"\/><\/figure>\n<!-- \/wp:image -->\n\n<!-- wp:tadv\/classic-paragraph -->\n<p style=\"text-align: justify;\">Odtia\u013eto pokra\u010dujeme \u010falej lesnou cestou po l\u00fake. Cestu \u010doskoro vystrieda lesn\u00fd chodn\u00ed\u010dek a\u00a0vch\u00e1dzame do lesa.<\/p>\n<!-- \/wp:tadv\/classic-paragraph -->\n\n<!-- wp:image {\"id\":6707,\"sizeSlug\":\"large\",\"linkDestination\":\"none\"} -->\n<figure class=\"wp-block-image size-large\"><img src=\"https:\/\/www.kosiceregion.com\/wp-content\/uploads\/2021\/06\/5-1-1024x683.jpg\" alt=\"\" class=\"wp-image-6707\"\/><\/figure>\n<!-- \/wp:image -->\n\n<!-- wp:tadv\/classic-paragraph -->\n<p style=\"text-align: justify;\">Netrv\u00e1 dlho a\u00a0na \u013eavej strane m\u00e1me \u017elt\u00fa turistick\u00fa zna\u010dku. T\u00e1 n\u00e1s vedie smerom do\u013eava do kopca. Tu za\u010d\u00edna posledn\u00fd kr\u00e1tky \u00fasek s\u00a0miernym st\u00fapan\u00edm. Aj les je tu hustej\u0161\u00ed.<\/p>\n<!-- \/wp:tadv\/classic-paragraph -->\n\n<!-- wp:image {\"id\":6708,\"sizeSlug\":\"large\",\"linkDestination\":\"none\"} -->\n<figure class=\"wp-block-image size-large\"><img src=\"https:\/\/www.kosiceregion.com\/wp-content\/uploads\/2021\/06\/6-1-1024x683.jpg\" alt=\"\" class=\"wp-image-6708\"\/><\/figure>\n<!-- \/wp:image -->\n\n<!-- wp:image {\"id\":6709,\"sizeSlug\":\"large\",\"linkDestination\":\"none\"} -->\n<figure class=\"wp-block-image size-large\"><img src=\"https:\/\/www.kosiceregion.com\/wp-content\/uploads\/2021\/06\/7-1-1024x683.jpg\" alt=\"\" class=\"wp-image-6709\"\/><\/figure>\n<!-- \/wp:image -->\n\n<!-- wp:tadv\/classic-paragraph -->\n<p style=\"text-align: justify;\">Prejdeme p\u00e1r serpent\u00edn a\u00a0u\u017e sa ocit\u00e1me v\u00a0cieli. Po pravej strane je r\u00e1zcestn\u00edk a\u00a0pred nami obrovsk\u00e9 skaln\u00e9 bralo. Odb\u00e1\u010dame vpravo a tu u\u017e vid\u00edme Marku\u0161ovsk\u00fd skaln\u00fd hr\u00edb.<\/p>\n<!-- \/wp:tadv\/classic-paragraph -->\n\n<!-- wp:image {\"id\":6710,\"sizeSlug\":\"large\",\"linkDestination\":\"none\"} -->\n<figure class=\"wp-block-image size-large\"><img src=\"https:\/\/www.kosiceregion.com\/wp-content\/uploads\/2021\/06\/8-1-1024x683.jpg\" alt=\"\" class=\"wp-image-6710\"\/><\/figure>\n<!-- \/wp:image -->\n\n<!-- wp:image {\"id\":6711,\"sizeSlug\":\"large\",\"linkDestination\":\"none\"} -->\n<figure class=\"wp-block-image size-large\"><img src=\"https:\/\/www.kosiceregion.com\/wp-content\/uploads\/2021\/06\/9-1-1024x576.jpg\" alt=\"\" class=\"wp-image-6711\"\/><figcaption>DCIM\\100MEDIA\\DJI_0342.JPG<\/figcaption><\/figure>\n<!-- \/wp:image -->\n\n<!-- wp:heading {\"textAlign\":\"center\"} -->\n<h2 class=\"has-text-align-center\">Trasa na Marku\u0161ovsk\u00fd skaln\u00fd hr\u00edb<\/h2>\n<!-- \/wp:heading -->\n\n<!-- wp:html -->\n<iframe style=\"border:none\" src=\"https:\/\/sk.frame.mapy.cz\/s\/katavudula\" width=\"400\" height=\"280\" frameborder=\"0\"><\/iframe>\n<!-- \/wp:html -->\n\n<!-- wp:tadv\/classic-paragraph -->\n<p>Viac in\u0161pir\u00e1ci\u00ed n\u00e1jdete na soci\u00e1lnej sieti Instagram a \u00fa\u010dte <a href=\"https:\/\/www.instagram.com\/zivot_dobrodruhov\/\" target=\"_blank\" rel=\"noopener\">@zivot_dobrodruhov<\/a>.&nbsp;<\/p>\n<!-- \/wp:tadv\/classic-paragraph -->","_sk_post_name":"zivot-dobrodruhov-markusovsky-skalny-hrib","_sk_post_excerpt":"","_sk_post_title":"\u017divot dobrodruhov: Marku\u0161ovsk\u00fd skaln\u00fd hr\u00edb","_en_post_content":"","_en_post_name":"","_en_post_excerpt":"","_en_post_title":"","_hu_post_content":"","_hu_post_name":"","_hu_post_excerpt":"","_hu_post_title":"","_es_post_content":"","_es_post_name":"","_es_post_excerpt":"","_es_post_title":"","_de_post_content":"","_de_post_name":"","_de_post_excerpt":"","_de_post_title":"","_pl_post_content":"","_pl_post_name":"","_pl_post_excerpt":"","_pl_post_title":"","_it_post_content":"","_it_post_name":"","_it_post_excerpt":"","_it_post_title":"","edit_language":"es","footnotes":""},"categories":[22],"tags":[427,428],"class_list":["post-6702","post","type-post","status-publish","format-standard","has-post-thumbnail","hentry","category-get-inspired","tag-markusovce","tag-markusovsky-skalny-hrib"],"acf":[],"yoast_head":"<!-- This site is optimized with the Yoast SEO Premium plugin v25.5 (Yoast SEO v27.4) - https:\/\/yoast.com\/product\/yoast-seo-premium-wordpress\/ -->\n<title>Ko\u0161ice Regi\u00f3n<\/title>\n<meta name=\"description\" content=\"Neviete kam na v\u00fdlet? U\u017e ste po\u010duli o\u00a0tomto zauj\u00edmavom skalnom \u00fatvare zvanom Marku\u0161ovsk\u00fd skaln\u00fd hr\u00edb? Skvel\u00e1 prech\u00e1dzka vhodn\u00e1 aj pre rodiny s\u00a0de\u0165mi. Celou turistikou v\u00e1s bude sprev\u00e1dza\u0165 zur\u010danie Horn\u00e1du a\u00a0\u0161tebotanie\u2026\" \/>\n<meta name=\"robots\" content=\"index, follow, max-snippet:-1, max-image-preview:large, max-video-preview:-1\" \/>\n<link rel=\"canonical\" href=\"https:\/\/www.kosiceregion.com\/hu\/zivot-dobrodruhov-markusovsky-skalny-hrib\/\" \/>\n<meta property=\"og:locale\" content=\"es_ES\" \/>\n<meta property=\"og:type\" content=\"article\" \/>\n<meta property=\"og:title\" content=\"\u017divot dobrodruhov: Marku\u0161ovsk\u00fd skaln\u00fd hr\u00edb\" \/>\n<meta property=\"og:description\" content=\"Neviete kam na v\u00fdlet? U\u017e ste po\u010duli o\u00a0tomto zauj\u00edmavom skalnom \u00fatvare zvanom Marku\u0161ovsk\u00fd skaln\u00fd hr\u00edb? Skvel\u00e1 prech\u00e1dzka vhodn\u00e1 aj pre rodiny s\u00a0de\u0165mi.\" \/>\n<meta property=\"og:url\" content=\"https:\/\/www.kosiceregion.com\/es\/wp-json\/wp\/v2\/posts\/6702\" \/>\n<meta property=\"og:site_name\" content=\"Ko\u0161ice Regi\u00f3n\" \/>\n<meta property=\"article:publisher\" content=\"https:\/\/www.facebook.com\/kosiceregion\" \/>\n<meta property=\"article:published_time\" content=\"2021-06-08T12:15:41+00:00\" \/>\n<meta property=\"article:modified_time\" content=\"2021-06-08T12:15:42+00:00\" \/>\n<meta property=\"og:image\" content=\"https:\/\/www.kosiceregion.com\/wp-content\/uploads\/2021\/06\/titulka-scaled.jpg\" \/>\n\t<meta property=\"og:image:width\" content=\"2560\" \/>\n\t<meta property=\"og:image:height\" content=\"1705\" \/>\n\t<meta property=\"og:image:type\" content=\"image\/jpeg\" \/>\n<meta name=\"author\" content=\"Attila T\u00f6r\u00f6k\" \/>\n<meta name=\"twitter:card\" content=\"summary_large_image\" \/>\n<meta name=\"twitter:creator\" content=\"@KOSICEREGION\" \/>\n<meta name=\"twitter:site\" content=\"@KOSICEREGION\" \/>\n<meta name=\"twitter:label1\" content=\"Escrito por\" \/>\n\t<meta name=\"twitter:data1\" content=\"Attila T\u00f6r\u00f6k\" \/>\n\t<meta name=\"twitter:label2\" content=\"Tiempo de lectura\" \/>\n\t<meta name=\"twitter:data2\" content=\"6 minutes\" \/>\n<script type=\"application\/ld+json\" class=\"yoast-schema-graph\">{\"@context\":\"https:\\\/\\\/schema.org\",\"@graph\":[{\"@type\":\"Article\",\"@id\":\"https:\\\/\\\/www.kosiceregion.com\\\/hu\\\/zivot-dobrodruhov-markusovsky-skalny-hrib\\\/#article\",\"isPartOf\":{\"@id\":\"https:\\\/\\\/www.kosiceregion.com\\\/hu\\\/zivot-dobrodruhov-markusovsky-skalny-hrib\\\/\"},\"author\":{\"name\":\"Attila T\u00f6r\u00f6k\",\"@id\":\"https:\\\/\\\/www.kosiceregion.com\\\/#\\\/schema\\\/person\\\/c165be3d928462a4f7283533e3fa9f87\"},\"headline\":\"\u017divot dobrodruhov: Marku\u0161ovsk\u00fd skaln\u00fd hr\u00edb\",\"datePublished\":\"2021-06-08T12:15:41+00:00\",\"dateModified\":\"2021-06-08T12:15:42+00:00\",\"mainEntityOfPage\":{\"@id\":\"https:\\\/\\\/www.kosiceregion.com\\\/hu\\\/zivot-dobrodruhov-markusovsky-skalny-hrib\\\/\"},\"wordCount\":555,\"publisher\":{\"@id\":\"https:\\\/\\\/www.kosiceregion.com\\\/#organization\"},\"image\":{\"@id\":\"https:\\\/\\\/www.kosiceregion.com\\\/hu\\\/zivot-dobrodruhov-markusovsky-skalny-hrib\\\/#primaryimage\"},\"thumbnailUrl\":\"https:\\\/\\\/www.kosiceregion.com\\\/wp-content\\\/uploads\\\/2021\\\/06\\\/titulka-scaled.jpg\",\"keywords\":[\"marku\u0161ovce\",\"marku\u0161ovsk\u00fd skaln\u00fd hr\u00edb\"],\"articleSection\":[\"In\u0161piruj sa\"],\"inLanguage\":\"es-ES\"},{\"@type\":\"WebPage\",\"@id\":\"https:\\\/\\\/www.kosiceregion.com\\\/hu\\\/zivot-dobrodruhov-markusovsky-skalny-hrib\\\/\",\"url\":\"https:\\\/\\\/www.kosiceregion.com\\\/hu\\\/zivot-dobrodruhov-markusovsky-skalny-hrib\\\/\",\"name\":\"\u017divot dobrodruhov: Marku\u0161ovsk\u00fd skaln\u00fd hr\u00edb - Ko\u0161ice Regi\u00f3n\",\"isPartOf\":{\"@id\":\"https:\\\/\\\/www.kosiceregion.com\\\/#website\"},\"primaryImageOfPage\":{\"@id\":\"https:\\\/\\\/www.kosiceregion.com\\\/hu\\\/zivot-dobrodruhov-markusovsky-skalny-hrib\\\/#primaryimage\"},\"image\":{\"@id\":\"https:\\\/\\\/www.kosiceregion.com\\\/hu\\\/zivot-dobrodruhov-markusovsky-skalny-hrib\\\/#primaryimage\"},\"thumbnailUrl\":\"https:\\\/\\\/www.kosiceregion.com\\\/wp-content\\\/uploads\\\/2021\\\/06\\\/titulka-scaled.jpg\",\"datePublished\":\"2021-06-08T12:15:41+00:00\",\"dateModified\":\"2021-06-08T12:15:42+00:00\",\"description\":\"Neviete kam na v\u00fdlet? U\u017e ste po\u010duli o\u00a0tomto zauj\u00edmavom skalnom \u00fatvare zvanom Marku\u0161ovsk\u00fd skaln\u00fd hr\u00edb? Skvel\u00e1 prech\u00e1dzka vhodn\u00e1 aj pre rodiny s\u00a0de\u0165mi.\",\"breadcrumb\":{\"@id\":\"https:\\\/\\\/www.kosiceregion.com\\\/hu\\\/zivot-dobrodruhov-markusovsky-skalny-hrib\\\/#breadcrumb\"},\"inLanguage\":\"es-ES\",\"potentialAction\":[{\"@type\":\"ReadAction\",\"target\":[\"https:\\\/\\\/www.kosiceregion.com\\\/hu\\\/zivot-dobrodruhov-markusovsky-skalny-hrib\\\/\"]}]},{\"@type\":\"ImageObject\",\"inLanguage\":\"es-ES\",\"@id\":\"https:\\\/\\\/www.kosiceregion.com\\\/hu\\\/zivot-dobrodruhov-markusovsky-skalny-hrib\\\/#primaryimage\",\"url\":\"https:\\\/\\\/www.kosiceregion.com\\\/wp-content\\\/uploads\\\/2021\\\/06\\\/titulka-scaled.jpg\",\"contentUrl\":\"https:\\\/\\\/www.kosiceregion.com\\\/wp-content\\\/uploads\\\/2021\\\/06\\\/titulka-scaled.jpg\",\"width\":2560,\"height\":1705,\"caption\":\"DCIM100MEDIADJI_0335.JPG\"},{\"@type\":\"BreadcrumbList\",\"@id\":\"https:\\\/\\\/www.kosiceregion.com\\\/hu\\\/zivot-dobrodruhov-markusovsky-skalny-hrib\\\/#breadcrumb\",\"itemListElement\":[{\"@type\":\"ListItem\",\"position\":1,\"name\":\"Home\",\"item\":\"https:\\\/\\\/www.kosiceregion.com\\\/sk\\\/\"},{\"@type\":\"ListItem\",\"position\":2,\"name\":\"\u017divot dobrodruhov: Marku\u0161ovsk\u00fd skaln\u00fd hr\u00edb\"}]},{\"@type\":\"WebSite\",\"@id\":\"https:\\\/\\\/www.kosiceregion.com\\\/#website\",\"url\":\"https:\\\/\\\/www.kosiceregion.com\\\/\",\"name\":\"Ko\u0161ice Regi\u00f3n\",\"description\":\"Turistick\u00fd sprievodca Ko\u0161ick\u00fdm krajom\",\"publisher\":{\"@id\":\"https:\\\/\\\/www.kosiceregion.com\\\/#organization\"},\"potentialAction\":[{\"@type\":\"SearchAction\",\"target\":{\"@type\":\"EntryPoint\",\"urlTemplate\":\"https:\\\/\\\/www.kosiceregion.com\\\/?s={search_term_string}\"},\"query-input\":{\"@type\":\"PropertyValueSpecification\",\"valueRequired\":true,\"valueName\":\"search_term_string\"}}],\"inLanguage\":\"es-ES\"},{\"@type\":\"Organization\",\"@id\":\"https:\\\/\\\/www.kosiceregion.com\\\/#organization\",\"name\":\"Ko\u0161ice Regi\u00f3n Turizmus\",\"url\":\"https:\\\/\\\/www.kosiceregion.com\\\/\",\"logo\":{\"@type\":\"ImageObject\",\"inLanguage\":\"es-ES\",\"@id\":\"https:\\\/\\\/www.kosiceregion.com\\\/#\\\/schema\\\/logo\\\/image\\\/\",\"url\":\"https:\\\/\\\/www.kosiceregion.com\\\/wp-content\\\/uploads\\\/2019\\\/03\\\/logo-web-sk.png\",\"contentUrl\":\"https:\\\/\\\/www.kosiceregion.com\\\/wp-content\\\/uploads\\\/2019\\\/03\\\/logo-web-sk.png\",\"width\":225,\"height\":100,\"caption\":\"Ko\u0161ice Regi\u00f3n Turizmus\"},\"image\":{\"@id\":\"https:\\\/\\\/www.kosiceregion.com\\\/#\\\/schema\\\/logo\\\/image\\\/\"},\"sameAs\":[\"https:\\\/\\\/www.facebook.com\\\/kosiceregion\",\"https:\\\/\\\/x.com\\\/KOSICEREGION\",\"https:\\\/\\\/www.instagram.com\\\/kosiceregion\",\"https:\\\/\\\/www.youtube.com\\\/kosiceregion\"]},{\"@type\":\"Person\",\"@id\":\"https:\\\/\\\/www.kosiceregion.com\\\/#\\\/schema\\\/person\\\/c165be3d928462a4f7283533e3fa9f87\",\"name\":\"Attila T\u00f6r\u00f6k\",\"image\":{\"@type\":\"ImageObject\",\"inLanguage\":\"es-ES\",\"@id\":\"https:\\\/\\\/secure.gravatar.com\\\/avatar\\\/7536520a24f54162948fc01f9d450948fd7df6ba020d0e39b69d3dcb7e39ee10?s=96&d=mm&r=g\",\"url\":\"https:\\\/\\\/secure.gravatar.com\\\/avatar\\\/7536520a24f54162948fc01f9d450948fd7df6ba020d0e39b69d3dcb7e39ee10?s=96&d=mm&r=g\",\"contentUrl\":\"https:\\\/\\\/secure.gravatar.com\\\/avatar\\\/7536520a24f54162948fc01f9d450948fd7df6ba020d0e39b69d3dcb7e39ee10?s=96&d=mm&r=g\",\"caption\":\"Attila T\u00f6r\u00f6k\"}}]}<\/script>\n<!-- \/ Yoast SEO Premium plugin. -->","yoast_head_json":{"title":"Ko\u0161ice Regi\u00f3n","description":"Neviete kam na v\u00fdlet? U\u017e ste po\u010duli o\u00a0tomto zauj\u00edmavom skalnom \u00fatvare zvanom Marku\u0161ovsk\u00fd skaln\u00fd hr\u00edb? Skvel\u00e1 prech\u00e1dzka vhodn\u00e1 aj pre rodiny s\u00a0de\u0165mi. Celou turistikou v\u00e1s bude sprev\u00e1dza\u0165 zur\u010danie Horn\u00e1du a\u00a0\u0161tebotanie\u2026","robots":{"index":"index","follow":"follow","max-snippet":"max-snippet:-1","max-image-preview":"max-image-preview:large","max-video-preview":"max-video-preview:-1"},"canonical":"https:\/\/www.kosiceregion.com\/hu\/zivot-dobrodruhov-markusovsky-skalny-hrib\/","og_locale":"es_ES","og_type":"article","og_title":"\u017divot dobrodruhov: Marku\u0161ovsk\u00fd skaln\u00fd hr\u00edb","og_description":"Neviete kam na v\u00fdlet? U\u017e ste po\u010duli o\u00a0tomto zauj\u00edmavom skalnom \u00fatvare zvanom Marku\u0161ovsk\u00fd skaln\u00fd hr\u00edb? Skvel\u00e1 prech\u00e1dzka vhodn\u00e1 aj pre rodiny s\u00a0de\u0165mi.","og_url":"https:\/\/www.kosiceregion.com\/es\/wp-json\/wp\/v2\/posts\/6702","og_site_name":"Ko\u0161ice Regi\u00f3n","article_publisher":"https:\/\/www.facebook.com\/kosiceregion","article_published_time":"2021-06-08T12:15:41+00:00","article_modified_time":"2021-06-08T12:15:42+00:00","og_image":[{"width":2560,"height":1705,"url":"https:\/\/www.kosiceregion.com\/wp-content\/uploads\/2021\/06\/titulka-scaled.jpg","type":"image\/jpeg"}],"author":"Attila T\u00f6r\u00f6k","twitter_card":"summary_large_image","twitter_creator":"@KOSICEREGION","twitter_site":"@KOSICEREGION","twitter_misc":{"Escrito por":"Attila T\u00f6r\u00f6k","Tiempo de lectura":"6 minutes"},"schema":{"@context":"https:\/\/schema.org","@graph":[{"@type":"Article","@id":"https:\/\/www.kosiceregion.com\/hu\/zivot-dobrodruhov-markusovsky-skalny-hrib\/#article","isPartOf":{"@id":"https:\/\/www.kosiceregion.com\/hu\/zivot-dobrodruhov-markusovsky-skalny-hrib\/"},"author":{"name":"Attila T\u00f6r\u00f6k","@id":"https:\/\/www.kosiceregion.com\/#\/schema\/person\/c165be3d928462a4f7283533e3fa9f87"},"headline":"\u017divot dobrodruhov: Marku\u0161ovsk\u00fd skaln\u00fd hr\u00edb","datePublished":"2021-06-08T12:15:41+00:00","dateModified":"2021-06-08T12:15:42+00:00","mainEntityOfPage":{"@id":"https:\/\/www.kosiceregion.com\/hu\/zivot-dobrodruhov-markusovsky-skalny-hrib\/"},"wordCount":555,"publisher":{"@id":"https:\/\/www.kosiceregion.com\/#organization"},"image":{"@id":"https:\/\/www.kosiceregion.com\/hu\/zivot-dobrodruhov-markusovsky-skalny-hrib\/#primaryimage"},"thumbnailUrl":"https:\/\/www.kosiceregion.com\/wp-content\/uploads\/2021\/06\/titulka-scaled.jpg","keywords":["marku\u0161ovce","marku\u0161ovsk\u00fd skaln\u00fd hr\u00edb"],"articleSection":["In\u0161piruj sa"],"inLanguage":"es-ES"},{"@type":"WebPage","@id":"https:\/\/www.kosiceregion.com\/hu\/zivot-dobrodruhov-markusovsky-skalny-hrib\/","url":"https:\/\/www.kosiceregion.com\/hu\/zivot-dobrodruhov-markusovsky-skalny-hrib\/","name":"\u017divot dobrodruhov: Marku\u0161ovsk\u00fd skaln\u00fd hr\u00edb - Ko\u0161ice Regi\u00f3n","isPartOf":{"@id":"https:\/\/www.kosiceregion.com\/#website"},"primaryImageOfPage":{"@id":"https:\/\/www.kosiceregion.com\/hu\/zivot-dobrodruhov-markusovsky-skalny-hrib\/#primaryimage"},"image":{"@id":"https:\/\/www.kosiceregion.com\/hu\/zivot-dobrodruhov-markusovsky-skalny-hrib\/#primaryimage"},"thumbnailUrl":"https:\/\/www.kosiceregion.com\/wp-content\/uploads\/2021\/06\/titulka-scaled.jpg","datePublished":"2021-06-08T12:15:41+00:00","dateModified":"2021-06-08T12:15:42+00:00","description":"Neviete kam na v\u00fdlet? U\u017e ste po\u010duli o\u00a0tomto zauj\u00edmavom skalnom \u00fatvare zvanom Marku\u0161ovsk\u00fd skaln\u00fd hr\u00edb? Skvel\u00e1 prech\u00e1dzka vhodn\u00e1 aj pre rodiny s\u00a0de\u0165mi.","breadcrumb":{"@id":"https:\/\/www.kosiceregion.com\/hu\/zivot-dobrodruhov-markusovsky-skalny-hrib\/#breadcrumb"},"inLanguage":"es-ES","potentialAction":[{"@type":"ReadAction","target":["https:\/\/www.kosiceregion.com\/hu\/zivot-dobrodruhov-markusovsky-skalny-hrib\/"]}]},{"@type":"ImageObject","inLanguage":"es-ES","@id":"https:\/\/www.kosiceregion.com\/hu\/zivot-dobrodruhov-markusovsky-skalny-hrib\/#primaryimage","url":"https:\/\/www.kosiceregion.com\/wp-content\/uploads\/2021\/06\/titulka-scaled.jpg","contentUrl":"https:\/\/www.kosiceregion.com\/wp-content\/uploads\/2021\/06\/titulka-scaled.jpg","width":2560,"height":1705,"caption":"DCIM100MEDIADJI_0335.JPG"},{"@type":"BreadcrumbList","@id":"https:\/\/www.kosiceregion.com\/hu\/zivot-dobrodruhov-markusovsky-skalny-hrib\/#breadcrumb","itemListElement":[{"@type":"ListItem","position":1,"name":"Home","item":"https:\/\/www.kosiceregion.com\/sk\/"},{"@type":"ListItem","position":2,"name":"\u017divot dobrodruhov: Marku\u0161ovsk\u00fd skaln\u00fd hr\u00edb"}]},{"@type":"WebSite","@id":"https:\/\/www.kosiceregion.com\/#website","url":"https:\/\/www.kosiceregion.com\/","name":"Ko\u0161ice Regi\u00f3n","description":"Turistick\u00fd sprievodca Ko\u0161ick\u00fdm krajom","publisher":{"@id":"https:\/\/www.kosiceregion.com\/#organization"},"potentialAction":[{"@type":"SearchAction","target":{"@type":"EntryPoint","urlTemplate":"https:\/\/www.kosiceregion.com\/?s={search_term_string}"},"query-input":{"@type":"PropertyValueSpecification","valueRequired":true,"valueName":"search_term_string"}}],"inLanguage":"es-ES"},{"@type":"Organization","@id":"https:\/\/www.kosiceregion.com\/#organization","name":"Ko\u0161ice Regi\u00f3n Turizmus","url":"https:\/\/www.kosiceregion.com\/","logo":{"@type":"ImageObject","inLanguage":"es-ES","@id":"https:\/\/www.kosiceregion.com\/#\/schema\/logo\/image\/","url":"https:\/\/www.kosiceregion.com\/wp-content\/uploads\/2019\/03\/logo-web-sk.png","contentUrl":"https:\/\/www.kosiceregion.com\/wp-content\/uploads\/2019\/03\/logo-web-sk.png","width":225,"height":100,"caption":"Ko\u0161ice Regi\u00f3n Turizmus"},"image":{"@id":"https:\/\/www.kosiceregion.com\/#\/schema\/logo\/image\/"},"sameAs":["https:\/\/www.facebook.com\/kosiceregion","https:\/\/x.com\/KOSICEREGION","https:\/\/www.instagram.com\/kosiceregion","https:\/\/www.youtube.com\/kosiceregion"]},{"@type":"Person","@id":"https:\/\/www.kosiceregion.com\/#\/schema\/person\/c165be3d928462a4f7283533e3fa9f87","name":"Attila T\u00f6r\u00f6k","image":{"@type":"ImageObject","inLanguage":"es-ES","@id":"https:\/\/secure.gravatar.com\/avatar\/7536520a24f54162948fc01f9d450948fd7df6ba020d0e39b69d3dcb7e39ee10?s=96&d=mm&r=g","url":"https:\/\/secure.gravatar.com\/avatar\/7536520a24f54162948fc01f9d450948fd7df6ba020d0e39b69d3dcb7e39ee10?s=96&d=mm&r=g","contentUrl":"https:\/\/secure.gravatar.com\/avatar\/7536520a24f54162948fc01f9d450948fd7df6ba020d0e39b69d3dcb7e39ee10?s=96&d=mm&r=g","caption":"Attila T\u00f6r\u00f6k"}}]}},"_links":{"self":[{"href":"https:\/\/www.kosiceregion.com\/es\/wp-json\/wp\/v2\/posts\/6702","targetHints":{"allow":["GET"]}}],"collection":[{"href":"https:\/\/www.kosiceregion.com\/es\/wp-json\/wp\/v2\/posts"}],"about":[{"href":"https:\/\/www.kosiceregion.com\/es\/wp-json\/wp\/v2\/types\/post"}],"author":[{"embeddable":true,"href":"https:\/\/www.kosiceregion.com\/es\/wp-json\/wp\/v2\/users\/10"}],"replies":[{"embeddable":true,"href":"https:\/\/www.kosiceregion.com\/es\/wp-json\/wp\/v2\/comments?post=6702"}],"version-history":[{"count":1,"href":"https:\/\/www.kosiceregion.com\/es\/wp-json\/wp\/v2\/posts\/6702\/revisions"}],"predecessor-version":[{"id":6713,"href":"https:\/\/www.kosiceregion.com\/es\/wp-json\/wp\/v2\/posts\/6702\/revisions\/6713"}],"wp:featuredmedia":[{"embeddable":true,"href":"https:\/\/www.kosiceregion.com\/es\/wp-json\/wp\/v2\/media\/6712"}],"wp:attachment":[{"href":"https:\/\/www.kosiceregion.com\/es\/wp-json\/wp\/v2\/media?parent=6702"}],"wp:term":[{"taxonomy":"category","embeddable":true,"href":"https:\/\/www.kosiceregion.com\/es\/wp-json\/wp\/v2\/categories?post=6702"},{"taxonomy":"post_tag","embeddable":true,"href":"https:\/\/www.kosiceregion.com\/es\/wp-json\/wp\/v2\/tags?post=6702"}],"curies":[{"name":"wp","href":"https:\/\/api.w.org\/{rel}","templated":true}]}}