{"id":8331,"date":"2021-12-15T16:42:17","date_gmt":"2021-12-15T15:42:17","guid":{"rendered":"https:\/\/www.kosiceregion.com\/sk\/?p=8331"},"modified":"2021-12-15T16:42:19","modified_gmt":"2021-12-15T15:42:19","slug":"","status":"publish","type":"post","link":"https:\/\/www.kosiceregion.com\/es\/zivot-dobrodruhov-muzeum-kinematografie-v-medzeve\/","title":{"rendered":"","raw":""},"content":{"rendered":"","protected":false,"raw":""},"excerpt":{"rendered":"","protected":false,"raw":""},"author":10,"featured_media":8343,"comment_status":"closed","ping_status":"closed","sticky":false,"template":"","format":"standard","meta":{"_acf_changed":false,"_sk_post_content":"<!-- wp:tadv\/classic-paragraph -->\n<p style=\"text-align: justify;\">V malom dom\u010deku v Medzeve m\u00f4\u017eete n\u00e1js\u0165 unik\u00e1t. Neskuto\u010dne \u0161irok\u00fa a pestr\u00fa zbierku r\u00f4znych kinematografick\u00fdch pr\u00edstrojov. Zbierku vytvorila rodina Schusterovcov. Pr\u00e1ve v rodnom dome Rudolfa Schustera, b\u00fdval\u00e9ho prezidenta Slovenskej republiky, bolo vytvoren\u00e9 M\u00fazeum kinematografie. Nen\u00e1jdete v \u0148om len kinematografick\u00fa techniku. S\u00fa\u010das\u0165ou are\u00e1lu je aj plne funk\u010dn\u00fd vodn\u00fd h\u00e1mor \u010di r\u00f4zne artefakty z ciest rodiny Schusterovcov.<\/p>\n<!-- \/wp:tadv\/classic-paragraph -->\n\n<!-- wp:image {\"id\":8332,\"sizeSlug\":\"large\",\"linkDestination\":\"none\"} -->\n<figure class=\"wp-block-image size-large\"><img src=\"https:\/\/www.kosiceregion.com\/wp-content\/uploads\/2021\/12\/1-2-1024x683.jpg\" alt=\"\" class=\"wp-image-8332\"\/><\/figure>\n<!-- \/wp:image -->\n\n<!-- wp:heading {\"textAlign\":\"center\"} -->\n<h2 class=\"has-text-align-center\">Inform\u00e1cie o trase a lokalite<\/h2>\n<!-- \/wp:heading -->\n\n<!-- wp:tadv\/classic-paragraph -->\n<p>\u00a0<\/p>\n<table class=\" aligncenter\" style=\"height: 220px; width: 72.6199%; border-collapse: collapse;\">\n<tbody>\n<tr style=\"height: 216px;\">\n<td style=\"width: 20%; height: 210px;\"><img class=\"size-full wp-image-5997 aligncenter\" src=\"https:\/\/www.kosiceregion.com\/wp-content\/uploads\/2021\/05\/Icon_black__kids.png\" alt=\"\" width=\"35\" height=\"35\" \/><\/td>\n<td style=\"width: 20%; height: 210px;\">\n<p><strong>Vhodn\u00e9 pre deti<\/strong><\/p>\n<p>\u00c1NO<\/p>\n<\/td>\n<td style=\"width: 20.5727%; height: 210px;\"><img class=\"size-full wp-image-5999 aligncenter\" src=\"https:\/\/www.kosiceregion.com\/wp-content\/uploads\/2021\/05\/Icon_black__food.png\" alt=\"\" width=\"35\" height=\"35\" \/><\/td>\n<td style=\"width: 22.9886%; height: 210px;\">\n<p><strong>Stravovacie zariadenie<\/strong><\/p>\n<p>NIE<\/p>\n<\/td>\n<\/tr>\n<tr style=\"height: 216px;\">\n<td style=\"width: 20%; height: 10px;\">\u00a0<\/td>\n<td style=\"width: 20%; height: 10px;\">\u00a0<\/td>\n<td style=\"width: 20.5727%; height: 10px;\">\u00a0<\/td>\n<td style=\"width: 22.9886%; height: 10px;\">\u00a0<\/td>\n<\/tr>\n<\/tbody>\n<\/table>\n<p>\u00a0<\/p>\n<!-- \/wp:tadv\/classic-paragraph -->\n\n<!-- wp:tadv\/classic-paragraph -->\n<p style=\"text-align: justify;\">Rudolf Schuster bol u\u017e od mladosti ve\u013emi nad\u0161en\u00fdm fotografom. Za\u010dal sa venova\u0165 zhroma\u017e\u010fovaniu r\u00f4znej fotografickej a kinematografickej techniky. Vo veku 57 Rudolf Schuster absolvoval exped\u00edciu po vn\u00fatrozem\u00ed Braz\u00edlie. P\u00e1r mesiacov str\u00e1vili spozn\u00e1van\u00edm d\u017eungle a domorod\u00fdch obyvate\u013eov. Vznikol z toho dokument\u00e1rny film. Ke\u010f ho R. Schuster odprezentoval svojmu otcovi, ten bol nato\u013eko dojat\u00fd, \u017ee sa rozhodol v ich dome v Medzeve vytvori\u0165 s\u00fakromn\u00e9 m\u00fazeum. P\u00e1n Rudolf Schuster za\u010dal svoju zbierku roz\u0161irova\u0165. Mnoho techniky mu bolo darovanej, in\u00e9 pr\u00edstroje zak\u00fapil. Ve\u013ea expon\u00e1tov bolo darovan\u00fdch od r\u00f4znych prezidentov \u2013 medzi nimi V\u00e1clav Havel, Leonid Ku\u010dma, \u0161v\u00e9dsky kr\u00e1\u013e a Thomas Klestil.<\/p>\n<!-- \/wp:tadv\/classic-paragraph -->\n\n<!-- wp:image {\"id\":8333,\"sizeSlug\":\"large\",\"linkDestination\":\"none\"} -->\n<figure class=\"wp-block-image size-large\"><img src=\"https:\/\/www.kosiceregion.com\/wp-content\/uploads\/2021\/12\/2-2-1024x683.jpg\" alt=\"\" class=\"wp-image-8333\"\/><figcaption>Kamera od bratov Lumierovcov, 1895<\/figcaption><\/figure>\n<!-- \/wp:image -->\n\n<!-- wp:tadv\/classic-paragraph -->\n<p style=\"text-align: justify;\">Expon\u00e1ty prezentuj\u00fa rozvoj dokument\u00e1rneho filmu na Slovensku. N\u00e1jdete tu vz\u00e1cnu kolekciu dreven\u00fdch filmovac\u00edch kamier na 35 mm film. \u010ealej s\u00fa tu sn\u00edmacie kamery na 8 mm a 16 mm film, od amat\u00e9rskych a\u017e po profesion\u00e1lne. Medzi expon\u00e1tmi n\u00e1jdete renomovan\u00e9 zna\u010dky ako s\u00fa Path\u00e9, Ernemann, Wiliamson, Eumig a mnoho \u010fal\u0161\u00edch.<\/p>\n<!-- \/wp:tadv\/classic-paragraph -->\n\n<!-- wp:image {\"id\":8334,\"sizeSlug\":\"large\",\"linkDestination\":\"none\"} -->\n<figure class=\"wp-block-image size-large\"><img src=\"https:\/\/www.kosiceregion.com\/wp-content\/uploads\/2021\/12\/3-2-1024x683.jpg\" alt=\"\" class=\"wp-image-8334\"\/><figcaption>Dar od b\u00fdval\u00e9ho prezidenta Ukrajiny a\u00a0kamera, ktor\u00e1 sa pou\u017e\u00edvala na dokument\u00e1ciu po\u010das 2. svetovej vojny.<\/figcaption><\/figure>\n<!-- \/wp:image -->\n\n<!-- wp:image {\"id\":8336,\"sizeSlug\":\"large\",\"linkDestination\":\"none\"} -->\n<figure class=\"wp-block-image size-large\"><img src=\"https:\/\/www.kosiceregion.com\/wp-content\/uploads\/2021\/12\/4-2-1024x683.jpg\" alt=\"\" class=\"wp-image-8336\"\/><\/figure>\n<!-- \/wp:image -->\n\n<!-- wp:tadv\/classic-paragraph -->\n<p style=\"text-align: justify;\">M\u00fazeum bolo v\u00a0roku 2007 za \u00fa\u010dasti p\u00e1na Rudolfa Schustera sl\u00e1vnostne odovzdan\u00e9 Slovensk\u00e9mu technick\u00e9mu m\u00fazeu. Tejto v\u00fdznamnej udalosti sa z\u00fa\u010dastnili aj predseda N\u00e1rodnej rady SR, z\u00e1stupcovia V\u00daC a\u00a0mnoho novin\u00e1rov.<\/p>\n<!-- \/wp:tadv\/classic-paragraph -->\n\n<!-- wp:image {\"id\":8337,\"sizeSlug\":\"large\",\"linkDestination\":\"none\"} -->\n<figure class=\"wp-block-image size-large\"><img src=\"https:\/\/www.kosiceregion.com\/wp-content\/uploads\/2021\/12\/5-2-1024x683.jpg\" alt=\"\" class=\"wp-image-8337\"\/><\/figure>\n<!-- \/wp:image -->\n\n<!-- wp:image {\"id\":8338,\"sizeSlug\":\"large\",\"linkDestination\":\"none\"} -->\n<figure class=\"wp-block-image size-large\"><img src=\"https:\/\/www.kosiceregion.com\/wp-content\/uploads\/2021\/12\/6-2-1024x683.jpg\" alt=\"\" class=\"wp-image-8338\"\/><\/figure>\n<!-- \/wp:image -->\n\n<!-- wp:tadv\/classic-paragraph -->\n<p style=\"text-align: justify;\">V are\u00e1li m\u00fazea okrem kinematografickej zbierky n\u00e1jdete kompletn\u00fd vodn\u00fd h\u00e1mor, kov\u00e1\u010dsku vyh\u0148u s d\u00fachadlom, h\u00e1morn\u00edcke kladiv\u00e1 a in\u00e9 zariadenie. Po\u010das prehliadky dokonca m\u00e1te mo\u017enos\u0165 vidie\u0165, ako tak\u00fd h\u00e1mor fungoval. T\u00e1to oblas\u0165 je zn\u00e1ma najm\u00e4 v\u00fdrobou po\u013enohospod\u00e1rskych n\u00e1strojov ako s\u00fa lopaty, motyky a podobne. Taktie\u017e tu s\u00fa vystaven\u00e9 r\u00f4zne artefakty a suven\u00edry, nielen z braz\u00edlskej exped\u00edcie, ale aj z in\u00fdch kraj\u00edn nav\u0161t\u00edven\u00fdch tromi gener\u00e1ciami Schusterovcov. Pr\u00e1ve v\u010faka svojej r\u00f4znorodosti ide o ozaj v\u00fdnimo\u010dn\u00e9 technick\u00e9 m\u00fazeum.<\/p>\n<!-- \/wp:tadv\/classic-paragraph -->\n\n<!-- wp:image {\"id\":8339,\"sizeSlug\":\"large\",\"linkDestination\":\"none\"} -->\n<figure class=\"wp-block-image size-large\"><img src=\"https:\/\/www.kosiceregion.com\/wp-content\/uploads\/2021\/12\/7-2-1024x683.jpg\" alt=\"\" class=\"wp-image-8339\"\/><figcaption>Vodn\u00fd h\u00e1mor<\/figcaption><\/figure>\n<!-- \/wp:image -->\n\n<!-- wp:image {\"id\":8340,\"sizeSlug\":\"large\",\"linkDestination\":\"none\"} -->\n<figure class=\"wp-block-image size-large\"><img src=\"https:\/\/www.kosiceregion.com\/wp-content\/uploads\/2021\/12\/8-2-1024x683.jpg\" alt=\"\" class=\"wp-image-8340\"\/><figcaption>Mal\u00e1 dreven\u00e1 replika hospod\u00e1rskeho dvora s\u00a0napodobeninami po\u013enohospod\u00e1rskych strojov.<\/figcaption><\/figure>\n<!-- \/wp:image -->\n\n<!-- wp:tadv\/classic-paragraph -->\n<p style=\"text-align: justify;\">M\u00fazeum je otvoren\u00e9 od utorka do soboty, v \u010dase 10:00 - 15:00. Cena vstupu je 2 eur\u00e1 na osobu. Ka\u017ed\u00fa prv\u00fa nede\u013eu v mesiace medzi 12:00 a 16:30 je vstup zdarma. Kontaktova\u0165 ich m\u00f4\u017eete na telef\u00f3nnom \u010d\u00edsle +421 918 965 701.<\/p>\n<!-- \/wp:tadv\/classic-paragraph -->\n\n<!-- wp:image {\"id\":8341,\"sizeSlug\":\"large\",\"linkDestination\":\"none\"} -->\n<figure class=\"wp-block-image size-large\"><img src=\"https:\/\/www.kosiceregion.com\/wp-content\/uploads\/2021\/12\/9-1024x683.jpg\" alt=\"\" class=\"wp-image-8341\"\/><\/figure>\n<!-- \/wp:image -->\n\n<!-- wp:heading {\"textAlign\":\"center\"} -->\n<h2 class=\"has-text-align-center\">Dopravn\u00e1 dostupnos\u0165<\/h2>\n<!-- \/wp:heading -->\n\n<!-- wp:tadv\/classic-paragraph -->\n<p>\u00a0<\/p>\n<table class=\" aligncenter\" style=\"height: 469px; width: 73.456%; border-collapse: collapse;\">\n<tbody>\n<tr style=\"height: 216px;\">\n<td style=\"width: 20%; height: 210px;\"><img class=\"size-full wp-image-6002 aligncenter\" src=\"https:\/\/www.kosiceregion.com\/wp-content\/uploads\/2021\/05\/Icon_black__parking.png\" alt=\"\" width=\"35\" height=\"35\" \/><\/td>\n<td style=\"width: 20%; height: 210px;\">\n<p><strong>Parkovanie<\/strong><\/p>\n<p>\u00c1NO, Pred are\u00e1lom<br \/>(<a href=\"https:\/\/sk.mapy.cz\/s\/lodavanuke\">Zobrazi\u0165 na mape<\/a>)<\/p>\n<\/td>\n<td style=\"width: 20.7372%; height: 210px;\"><img class=\"size-full wp-image-6003 aligncenter\" src=\"https:\/\/www.kosiceregion.com\/wp-content\/uploads\/2021\/05\/Icon_black__bus.png\" alt=\"\" width=\"35\" height=\"35\" \/><\/td>\n<td style=\"width: 22.8241%; height: 210px;\">\n<p><strong>Autobusov\u00e1 zast\u00e1vka<\/strong><\/p>\n<p>\u00c1NO, Medzev, SOU<br \/>(<a href=\"https:\/\/sk.mapy.cz\/s\/najujaroro\">Zobrazi\u0165 na mape<\/a>)<\/p>\n<\/td>\n<\/tr>\n<tr style=\"height: 216px;\">\n<td style=\"width: 20%; height: 259px;\"><img class=\"size-full wp-image-6004 aligncenter\" src=\"https:\/\/www.kosiceregion.com\/wp-content\/uploads\/2021\/05\/Icon_black__train.png\" alt=\"\" width=\"35\" height=\"35\" \/><\/td>\n<td style=\"width: 20%; height: 259px;\">\n<p><strong>Vlakov\u00e1 zast\u00e1vka<\/strong><\/p>\n<p>\u00c1NO, Medzev<br \/>(<a href=\"https:\/\/sk.mapy.cz\/s\/dubomotovo\">Zobrazi\u0165 na mape<\/a>)<\/p>\n<\/td>\n<td style=\"width: 20.7372%; height: 259px;\">\u00a0<\/td>\n<td style=\"width: 22.8241%; height: 259px;\">\n<p><strong> <br \/><\/strong><\/p>\n<p>\u00a0<\/p>\n<\/td>\n<\/tr>\n<\/tbody>\n<\/table>\n<p>\u00a0<\/p>\n<!-- \/wp:tadv\/classic-paragraph -->\n\n<!-- wp:tadv\/classic-paragraph -->\n<p>Viac in\u0161pir\u00e1ci\u00ed n\u00e1jdete na soci\u00e1lnej sieti Instagram a \u00fa\u010dte <a href=\"https:\/\/www.instagram.com\/zivot_dobrodruhov\/\" target=\"_blank\" rel=\"noopener\">@zivot_dobrodruhov<\/a>.&nbsp;<\/p>\n<!-- \/wp:tadv\/classic-paragraph -->","_sk_post_name":"zivot-dobrodruhov-muzeum-kinematografie-v-medzeve","_sk_post_excerpt":"","_sk_post_title":"\u017divot dobrodruhov: M\u00fazeum kinematografie v Medzeve","_en_post_content":"","_en_post_name":"","_en_post_excerpt":"","_en_post_title":"","_hu_post_content":"","_hu_post_name":"","_hu_post_excerpt":"","_hu_post_title":"","_es_post_content":"","_es_post_name":"","_es_post_excerpt":"","_es_post_title":"","_de_post_content":"","_de_post_name":"","_de_post_excerpt":"","_de_post_title":"","_pl_post_content":"","_pl_post_name":"","_pl_post_excerpt":"","_pl_post_title":"","_it_post_content":"","_it_post_name":"","_it_post_excerpt":"","_it_post_title":"","edit_language":"es","footnotes":""},"categories":[22],"tags":[530,199,531],"class_list":["post-8331","post","type-post","status-publish","format-standard","has-post-thumbnail","hentry","category-get-inspired","tag-hamor","tag-medzev","tag-muzeum-kinematografie"],"acf":[],"yoast_head":"<!-- This site is optimized with the Yoast SEO Premium plugin v25.5 (Yoast SEO v27.4) - https:\/\/yoast.com\/product\/yoast-seo-premium-wordpress\/ -->\n<title>Ko\u0161ice Regi\u00f3n<\/title>\n<meta name=\"description\" content=\"V malom dom\u010deku v Medzeve m\u00f4\u017eete n\u00e1js\u0165 unik\u00e1t. Neskuto\u010dne \u0161irok\u00fa a pestr\u00fa zbierku r\u00f4znych kinematografick\u00fdch pr\u00edstrojov. Zbierku vytvorila rodina Schusterovcov. Pr\u00e1ve v rodnom dome Rudolfa Schustera, b\u00fdval\u00e9ho prezidenta Slovenskej\u2026\" \/>\n<meta name=\"robots\" content=\"index, follow, max-snippet:-1, max-image-preview:large, max-video-preview:-1\" \/>\n<link rel=\"canonical\" href=\"https:\/\/www.kosiceregion.com\/sk\/zivot-dobrodruhov-muzeum-kinematografie-v-medzeve\/\" \/>\n<meta property=\"og:locale\" content=\"es_ES\" \/>\n<meta property=\"og:type\" content=\"article\" \/>\n<meta property=\"og:title\" content=\"\u017divot dobrodruhov: M\u00fazeum kinematografie v Medzeve\" \/>\n<meta property=\"og:description\" content=\"V malom dom\u010deku v Medzeve m\u00f4\u017eete n\u00e1js\u0165 unik\u00e1t. Neskuto\u010dne \u0161irok\u00fa a pestr\u00fa zbierku r\u00f4znych kinematografick\u00fdch pr\u00edstrojov. Zbierku vytvorila rodina\" \/>\n<meta property=\"og:url\" content=\"https:\/\/www.kosiceregion.com\/es\/wp-json\/wp\/v2\/posts\/8331\" \/>\n<meta property=\"og:site_name\" content=\"Ko\u0161ice Regi\u00f3n\" \/>\n<meta property=\"article:publisher\" content=\"https:\/\/www.facebook.com\/kosiceregion\" \/>\n<meta property=\"article:published_time\" content=\"2021-12-15T15:42:17+00:00\" \/>\n<meta property=\"article:modified_time\" content=\"2021-12-15T15:42:19+00:00\" \/>\n<meta property=\"og:image\" content=\"https:\/\/www.kosiceregion.com\/wp-content\/uploads\/2021\/12\/titulka-5-scaled.jpg\" \/>\n\t<meta property=\"og:image:width\" content=\"2560\" \/>\n\t<meta property=\"og:image:height\" content=\"1707\" \/>\n\t<meta property=\"og:image:type\" content=\"image\/jpeg\" \/>\n<meta name=\"author\" content=\"Attila T\u00f6r\u00f6k\" \/>\n<meta name=\"twitter:card\" content=\"summary_large_image\" \/>\n<meta name=\"twitter:creator\" content=\"@KOSICEREGION\" \/>\n<meta name=\"twitter:site\" content=\"@KOSICEREGION\" \/>\n<meta name=\"twitter:label1\" content=\"Escrito por\" \/>\n\t<meta name=\"twitter:data1\" content=\"Attila T\u00f6r\u00f6k\" \/>\n\t<meta name=\"twitter:label2\" content=\"Tiempo de lectura\" \/>\n\t<meta name=\"twitter:data2\" content=\"5 minutes\" \/>\n<script type=\"application\/ld+json\" class=\"yoast-schema-graph\">{\"@context\":\"https:\\\/\\\/schema.org\",\"@graph\":[{\"@type\":\"Article\",\"@id\":\"https:\\\/\\\/www.kosiceregion.com\\\/sk\\\/zivot-dobrodruhov-muzeum-kinematografie-v-medzeve\\\/#article\",\"isPartOf\":{\"@id\":\"https:\\\/\\\/www.kosiceregion.com\\\/sk\\\/zivot-dobrodruhov-muzeum-kinematografie-v-medzeve\\\/\"},\"author\":{\"name\":\"Attila T\u00f6r\u00f6k\",\"@id\":\"https:\\\/\\\/www.kosiceregion.com\\\/#\\\/schema\\\/person\\\/c165be3d928462a4f7283533e3fa9f87\"},\"headline\":\"\u017divot dobrodruhov: M\u00fazeum kinematografie v Medzeve\",\"datePublished\":\"2021-12-15T15:42:17+00:00\",\"dateModified\":\"2021-12-15T15:42:19+00:00\",\"mainEntityOfPage\":{\"@id\":\"https:\\\/\\\/www.kosiceregion.com\\\/sk\\\/zivot-dobrodruhov-muzeum-kinematografie-v-medzeve\\\/\"},\"wordCount\":549,\"publisher\":{\"@id\":\"https:\\\/\\\/www.kosiceregion.com\\\/#organization\"},\"image\":{\"@id\":\"https:\\\/\\\/www.kosiceregion.com\\\/sk\\\/zivot-dobrodruhov-muzeum-kinematografie-v-medzeve\\\/#primaryimage\"},\"thumbnailUrl\":\"https:\\\/\\\/www.kosiceregion.com\\\/wp-content\\\/uploads\\\/2021\\\/12\\\/titulka-5-scaled.jpg\",\"keywords\":[\"h\u00e1mor\",\"Medzev\",\"m\u00fazeum kinematografie\"],\"articleSection\":[\"In\u0161piruj sa\"],\"inLanguage\":\"es-ES\"},{\"@type\":\"WebPage\",\"@id\":\"https:\\\/\\\/www.kosiceregion.com\\\/sk\\\/zivot-dobrodruhov-muzeum-kinematografie-v-medzeve\\\/\",\"url\":\"https:\\\/\\\/www.kosiceregion.com\\\/sk\\\/zivot-dobrodruhov-muzeum-kinematografie-v-medzeve\\\/\",\"name\":\"\u017divot dobrodruhov: M\u00fazeum kinematografie v Medzeve - Ko\u0161ice Regi\u00f3n\",\"isPartOf\":{\"@id\":\"https:\\\/\\\/www.kosiceregion.com\\\/#website\"},\"primaryImageOfPage\":{\"@id\":\"https:\\\/\\\/www.kosiceregion.com\\\/sk\\\/zivot-dobrodruhov-muzeum-kinematografie-v-medzeve\\\/#primaryimage\"},\"image\":{\"@id\":\"https:\\\/\\\/www.kosiceregion.com\\\/sk\\\/zivot-dobrodruhov-muzeum-kinematografie-v-medzeve\\\/#primaryimage\"},\"thumbnailUrl\":\"https:\\\/\\\/www.kosiceregion.com\\\/wp-content\\\/uploads\\\/2021\\\/12\\\/titulka-5-scaled.jpg\",\"datePublished\":\"2021-12-15T15:42:17+00:00\",\"dateModified\":\"2021-12-15T15:42:19+00:00\",\"description\":\"V malom dom\u010deku v Medzeve m\u00f4\u017eete n\u00e1js\u0165 unik\u00e1t. Neskuto\u010dne \u0161irok\u00fa a pestr\u00fa zbierku r\u00f4znych kinematografick\u00fdch pr\u00edstrojov. Zbierku vytvorila rodina\",\"breadcrumb\":{\"@id\":\"https:\\\/\\\/www.kosiceregion.com\\\/sk\\\/zivot-dobrodruhov-muzeum-kinematografie-v-medzeve\\\/#breadcrumb\"},\"inLanguage\":\"es-ES\",\"potentialAction\":[{\"@type\":\"ReadAction\",\"target\":[\"https:\\\/\\\/www.kosiceregion.com\\\/sk\\\/zivot-dobrodruhov-muzeum-kinematografie-v-medzeve\\\/\"]}]},{\"@type\":\"ImageObject\",\"inLanguage\":\"es-ES\",\"@id\":\"https:\\\/\\\/www.kosiceregion.com\\\/sk\\\/zivot-dobrodruhov-muzeum-kinematografie-v-medzeve\\\/#primaryimage\",\"url\":\"https:\\\/\\\/www.kosiceregion.com\\\/wp-content\\\/uploads\\\/2021\\\/12\\\/titulka-5-scaled.jpg\",\"contentUrl\":\"https:\\\/\\\/www.kosiceregion.com\\\/wp-content\\\/uploads\\\/2021\\\/12\\\/titulka-5-scaled.jpg\",\"width\":2560,\"height\":1707},{\"@type\":\"BreadcrumbList\",\"@id\":\"https:\\\/\\\/www.kosiceregion.com\\\/sk\\\/zivot-dobrodruhov-muzeum-kinematografie-v-medzeve\\\/#breadcrumb\",\"itemListElement\":[{\"@type\":\"ListItem\",\"position\":1,\"name\":\"Home\",\"item\":\"https:\\\/\\\/www.kosiceregion.com\\\/sk\\\/\"},{\"@type\":\"ListItem\",\"position\":2,\"name\":\"\u017divot dobrodruhov: M\u00fazeum kinematografie v Medzeve\"}]},{\"@type\":\"WebSite\",\"@id\":\"https:\\\/\\\/www.kosiceregion.com\\\/#website\",\"url\":\"https:\\\/\\\/www.kosiceregion.com\\\/\",\"name\":\"Ko\u0161ice Regi\u00f3n\",\"description\":\"Turistick\u00fd sprievodca Ko\u0161ick\u00fdm krajom\",\"publisher\":{\"@id\":\"https:\\\/\\\/www.kosiceregion.com\\\/#organization\"},\"potentialAction\":[{\"@type\":\"SearchAction\",\"target\":{\"@type\":\"EntryPoint\",\"urlTemplate\":\"https:\\\/\\\/www.kosiceregion.com\\\/?s={search_term_string}\"},\"query-input\":{\"@type\":\"PropertyValueSpecification\",\"valueRequired\":true,\"valueName\":\"search_term_string\"}}],\"inLanguage\":\"es-ES\"},{\"@type\":\"Organization\",\"@id\":\"https:\\\/\\\/www.kosiceregion.com\\\/#organization\",\"name\":\"Ko\u0161ice Regi\u00f3n Turizmus\",\"url\":\"https:\\\/\\\/www.kosiceregion.com\\\/\",\"logo\":{\"@type\":\"ImageObject\",\"inLanguage\":\"es-ES\",\"@id\":\"https:\\\/\\\/www.kosiceregion.com\\\/#\\\/schema\\\/logo\\\/image\\\/\",\"url\":\"https:\\\/\\\/www.kosiceregion.com\\\/wp-content\\\/uploads\\\/2019\\\/03\\\/logo-web-sk.png\",\"contentUrl\":\"https:\\\/\\\/www.kosiceregion.com\\\/wp-content\\\/uploads\\\/2019\\\/03\\\/logo-web-sk.png\",\"width\":225,\"height\":100,\"caption\":\"Ko\u0161ice Regi\u00f3n Turizmus\"},\"image\":{\"@id\":\"https:\\\/\\\/www.kosiceregion.com\\\/#\\\/schema\\\/logo\\\/image\\\/\"},\"sameAs\":[\"https:\\\/\\\/www.facebook.com\\\/kosiceregion\",\"https:\\\/\\\/x.com\\\/KOSICEREGION\",\"https:\\\/\\\/www.instagram.com\\\/kosiceregion\",\"https:\\\/\\\/www.youtube.com\\\/kosiceregion\"]},{\"@type\":\"Person\",\"@id\":\"https:\\\/\\\/www.kosiceregion.com\\\/#\\\/schema\\\/person\\\/c165be3d928462a4f7283533e3fa9f87\",\"name\":\"Attila T\u00f6r\u00f6k\",\"image\":{\"@type\":\"ImageObject\",\"inLanguage\":\"es-ES\",\"@id\":\"https:\\\/\\\/secure.gravatar.com\\\/avatar\\\/7536520a24f54162948fc01f9d450948fd7df6ba020d0e39b69d3dcb7e39ee10?s=96&d=mm&r=g\",\"url\":\"https:\\\/\\\/secure.gravatar.com\\\/avatar\\\/7536520a24f54162948fc01f9d450948fd7df6ba020d0e39b69d3dcb7e39ee10?s=96&d=mm&r=g\",\"contentUrl\":\"https:\\\/\\\/secure.gravatar.com\\\/avatar\\\/7536520a24f54162948fc01f9d450948fd7df6ba020d0e39b69d3dcb7e39ee10?s=96&d=mm&r=g\",\"caption\":\"Attila T\u00f6r\u00f6k\"}}]}<\/script>\n<!-- \/ Yoast SEO Premium plugin. -->","yoast_head_json":{"title":"Ko\u0161ice Regi\u00f3n","description":"V malom dom\u010deku v Medzeve m\u00f4\u017eete n\u00e1js\u0165 unik\u00e1t. Neskuto\u010dne \u0161irok\u00fa a pestr\u00fa zbierku r\u00f4znych kinematografick\u00fdch pr\u00edstrojov. Zbierku vytvorila rodina Schusterovcov. Pr\u00e1ve v rodnom dome Rudolfa Schustera, b\u00fdval\u00e9ho prezidenta Slovenskej\u2026","robots":{"index":"index","follow":"follow","max-snippet":"max-snippet:-1","max-image-preview":"max-image-preview:large","max-video-preview":"max-video-preview:-1"},"canonical":"https:\/\/www.kosiceregion.com\/sk\/zivot-dobrodruhov-muzeum-kinematografie-v-medzeve\/","og_locale":"es_ES","og_type":"article","og_title":"\u017divot dobrodruhov: M\u00fazeum kinematografie v Medzeve","og_description":"V malom dom\u010deku v Medzeve m\u00f4\u017eete n\u00e1js\u0165 unik\u00e1t. Neskuto\u010dne \u0161irok\u00fa a pestr\u00fa zbierku r\u00f4znych kinematografick\u00fdch pr\u00edstrojov. Zbierku vytvorila rodina","og_url":"https:\/\/www.kosiceregion.com\/es\/wp-json\/wp\/v2\/posts\/8331","og_site_name":"Ko\u0161ice Regi\u00f3n","article_publisher":"https:\/\/www.facebook.com\/kosiceregion","article_published_time":"2021-12-15T15:42:17+00:00","article_modified_time":"2021-12-15T15:42:19+00:00","og_image":[{"width":2560,"height":1707,"url":"https:\/\/www.kosiceregion.com\/wp-content\/uploads\/2021\/12\/titulka-5-scaled.jpg","type":"image\/jpeg"}],"author":"Attila T\u00f6r\u00f6k","twitter_card":"summary_large_image","twitter_creator":"@KOSICEREGION","twitter_site":"@KOSICEREGION","twitter_misc":{"Escrito por":"Attila T\u00f6r\u00f6k","Tiempo de lectura":"5 minutes"},"schema":{"@context":"https:\/\/schema.org","@graph":[{"@type":"Article","@id":"https:\/\/www.kosiceregion.com\/sk\/zivot-dobrodruhov-muzeum-kinematografie-v-medzeve\/#article","isPartOf":{"@id":"https:\/\/www.kosiceregion.com\/sk\/zivot-dobrodruhov-muzeum-kinematografie-v-medzeve\/"},"author":{"name":"Attila T\u00f6r\u00f6k","@id":"https:\/\/www.kosiceregion.com\/#\/schema\/person\/c165be3d928462a4f7283533e3fa9f87"},"headline":"\u017divot dobrodruhov: M\u00fazeum kinematografie v Medzeve","datePublished":"2021-12-15T15:42:17+00:00","dateModified":"2021-12-15T15:42:19+00:00","mainEntityOfPage":{"@id":"https:\/\/www.kosiceregion.com\/sk\/zivot-dobrodruhov-muzeum-kinematografie-v-medzeve\/"},"wordCount":549,"publisher":{"@id":"https:\/\/www.kosiceregion.com\/#organization"},"image":{"@id":"https:\/\/www.kosiceregion.com\/sk\/zivot-dobrodruhov-muzeum-kinematografie-v-medzeve\/#primaryimage"},"thumbnailUrl":"https:\/\/www.kosiceregion.com\/wp-content\/uploads\/2021\/12\/titulka-5-scaled.jpg","keywords":["h\u00e1mor","Medzev","m\u00fazeum kinematografie"],"articleSection":["In\u0161piruj sa"],"inLanguage":"es-ES"},{"@type":"WebPage","@id":"https:\/\/www.kosiceregion.com\/sk\/zivot-dobrodruhov-muzeum-kinematografie-v-medzeve\/","url":"https:\/\/www.kosiceregion.com\/sk\/zivot-dobrodruhov-muzeum-kinematografie-v-medzeve\/","name":"\u017divot dobrodruhov: M\u00fazeum kinematografie v Medzeve - Ko\u0161ice Regi\u00f3n","isPartOf":{"@id":"https:\/\/www.kosiceregion.com\/#website"},"primaryImageOfPage":{"@id":"https:\/\/www.kosiceregion.com\/sk\/zivot-dobrodruhov-muzeum-kinematografie-v-medzeve\/#primaryimage"},"image":{"@id":"https:\/\/www.kosiceregion.com\/sk\/zivot-dobrodruhov-muzeum-kinematografie-v-medzeve\/#primaryimage"},"thumbnailUrl":"https:\/\/www.kosiceregion.com\/wp-content\/uploads\/2021\/12\/titulka-5-scaled.jpg","datePublished":"2021-12-15T15:42:17+00:00","dateModified":"2021-12-15T15:42:19+00:00","description":"V malom dom\u010deku v Medzeve m\u00f4\u017eete n\u00e1js\u0165 unik\u00e1t. Neskuto\u010dne \u0161irok\u00fa a pestr\u00fa zbierku r\u00f4znych kinematografick\u00fdch pr\u00edstrojov. Zbierku vytvorila rodina","breadcrumb":{"@id":"https:\/\/www.kosiceregion.com\/sk\/zivot-dobrodruhov-muzeum-kinematografie-v-medzeve\/#breadcrumb"},"inLanguage":"es-ES","potentialAction":[{"@type":"ReadAction","target":["https:\/\/www.kosiceregion.com\/sk\/zivot-dobrodruhov-muzeum-kinematografie-v-medzeve\/"]}]},{"@type":"ImageObject","inLanguage":"es-ES","@id":"https:\/\/www.kosiceregion.com\/sk\/zivot-dobrodruhov-muzeum-kinematografie-v-medzeve\/#primaryimage","url":"https:\/\/www.kosiceregion.com\/wp-content\/uploads\/2021\/12\/titulka-5-scaled.jpg","contentUrl":"https:\/\/www.kosiceregion.com\/wp-content\/uploads\/2021\/12\/titulka-5-scaled.jpg","width":2560,"height":1707},{"@type":"BreadcrumbList","@id":"https:\/\/www.kosiceregion.com\/sk\/zivot-dobrodruhov-muzeum-kinematografie-v-medzeve\/#breadcrumb","itemListElement":[{"@type":"ListItem","position":1,"name":"Home","item":"https:\/\/www.kosiceregion.com\/sk\/"},{"@type":"ListItem","position":2,"name":"\u017divot dobrodruhov: M\u00fazeum kinematografie v Medzeve"}]},{"@type":"WebSite","@id":"https:\/\/www.kosiceregion.com\/#website","url":"https:\/\/www.kosiceregion.com\/","name":"Ko\u0161ice Regi\u00f3n","description":"Turistick\u00fd sprievodca Ko\u0161ick\u00fdm krajom","publisher":{"@id":"https:\/\/www.kosiceregion.com\/#organization"},"potentialAction":[{"@type":"SearchAction","target":{"@type":"EntryPoint","urlTemplate":"https:\/\/www.kosiceregion.com\/?s={search_term_string}"},"query-input":{"@type":"PropertyValueSpecification","valueRequired":true,"valueName":"search_term_string"}}],"inLanguage":"es-ES"},{"@type":"Organization","@id":"https:\/\/www.kosiceregion.com\/#organization","name":"Ko\u0161ice Regi\u00f3n Turizmus","url":"https:\/\/www.kosiceregion.com\/","logo":{"@type":"ImageObject","inLanguage":"es-ES","@id":"https:\/\/www.kosiceregion.com\/#\/schema\/logo\/image\/","url":"https:\/\/www.kosiceregion.com\/wp-content\/uploads\/2019\/03\/logo-web-sk.png","contentUrl":"https:\/\/www.kosiceregion.com\/wp-content\/uploads\/2019\/03\/logo-web-sk.png","width":225,"height":100,"caption":"Ko\u0161ice Regi\u00f3n Turizmus"},"image":{"@id":"https:\/\/www.kosiceregion.com\/#\/schema\/logo\/image\/"},"sameAs":["https:\/\/www.facebook.com\/kosiceregion","https:\/\/x.com\/KOSICEREGION","https:\/\/www.instagram.com\/kosiceregion","https:\/\/www.youtube.com\/kosiceregion"]},{"@type":"Person","@id":"https:\/\/www.kosiceregion.com\/#\/schema\/person\/c165be3d928462a4f7283533e3fa9f87","name":"Attila T\u00f6r\u00f6k","image":{"@type":"ImageObject","inLanguage":"es-ES","@id":"https:\/\/secure.gravatar.com\/avatar\/7536520a24f54162948fc01f9d450948fd7df6ba020d0e39b69d3dcb7e39ee10?s=96&d=mm&r=g","url":"https:\/\/secure.gravatar.com\/avatar\/7536520a24f54162948fc01f9d450948fd7df6ba020d0e39b69d3dcb7e39ee10?s=96&d=mm&r=g","contentUrl":"https:\/\/secure.gravatar.com\/avatar\/7536520a24f54162948fc01f9d450948fd7df6ba020d0e39b69d3dcb7e39ee10?s=96&d=mm&r=g","caption":"Attila T\u00f6r\u00f6k"}}]}},"_links":{"self":[{"href":"https:\/\/www.kosiceregion.com\/es\/wp-json\/wp\/v2\/posts\/8331","targetHints":{"allow":["GET"]}}],"collection":[{"href":"https:\/\/www.kosiceregion.com\/es\/wp-json\/wp\/v2\/posts"}],"about":[{"href":"https:\/\/www.kosiceregion.com\/es\/wp-json\/wp\/v2\/types\/post"}],"author":[{"embeddable":true,"href":"https:\/\/www.kosiceregion.com\/es\/wp-json\/wp\/v2\/users\/10"}],"replies":[{"embeddable":true,"href":"https:\/\/www.kosiceregion.com\/es\/wp-json\/wp\/v2\/comments?post=8331"}],"version-history":[{"count":3,"href":"https:\/\/www.kosiceregion.com\/es\/wp-json\/wp\/v2\/posts\/8331\/revisions"}],"predecessor-version":[{"id":8344,"href":"https:\/\/www.kosiceregion.com\/es\/wp-json\/wp\/v2\/posts\/8331\/revisions\/8344"}],"wp:featuredmedia":[{"embeddable":true,"href":"https:\/\/www.kosiceregion.com\/es\/wp-json\/wp\/v2\/media\/8343"}],"wp:attachment":[{"href":"https:\/\/www.kosiceregion.com\/es\/wp-json\/wp\/v2\/media?parent=8331"}],"wp:term":[{"taxonomy":"category","embeddable":true,"href":"https:\/\/www.kosiceregion.com\/es\/wp-json\/wp\/v2\/categories?post=8331"},{"taxonomy":"post_tag","embeddable":true,"href":"https:\/\/www.kosiceregion.com\/es\/wp-json\/wp\/v2\/tags?post=8331"}],"curies":[{"name":"wp","href":"https:\/\/api.w.org\/{rel}","templated":true}]}}