{"id":292,"date":"2018-08-27T16:01:36","date_gmt":"2018-08-27T14:01:36","guid":{"rendered":"http:\/\/dest.kosiceregion.com\/sk\/?p=292"},"modified":"2019-06-06T12:47:25","modified_gmt":"2019-06-06T10:47:25","slug":"","status":"publish","type":"news","link":"https:\/\/www.kosiceregion.com\/hu\/news\/na-leteckom-dni-v-kosiciach-zaziaria-akrobati-i-nocne-bosorky\/","title":{"rendered":"","raw":""},"content":{"rendered":"","protected":false,"raw":""},"excerpt":{"rendered":"","protected":false,"raw":""},"author":0,"featured_media":293,"menu_order":0,"template":"","format":"standard","meta":{"_acf_changed":false,"_sk_post_content":"<!-- wp:image {\"id\":294,\"align\":\"center\"} -->\n<div class=\"wp-block-image\"><figure class=\"aligncenter\"><img src=\"https:\/\/www.kosiceregion.com\/wp-content\/uploads\/2019\/04\/01_pom-1024x693.jpg\" alt=\"\" class=\"wp-image-294\"\/><\/figure><\/div>\n<!-- \/wp:image -->\n\n<!-- wp:tadv\/classic-paragraph -->\n<h4 style=\"text-align: center;\"><strong>Ko\u0161ick\u00fd leteck\u00fd de\u0148 po dlhom \u010dase v novom, v\u00e4\u010d\u0161om form\u00e1te - u\u017e 8. septembra!<\/strong><\/h4>\n<!-- \/wp:tadv\/classic-paragraph -->\n\n<!-- wp:tadv\/classic-paragraph -->\n<p>T\u00fd\u017ede\u0148 po ob\u013e\u00fabenom medzin\u00e1rodnom podujat\u00ed na letisku Slia\u010d sa chyst\u00e1 leteck\u00e1 show aj v Ko\u0161iciach. Na Ko\u0161ickom leteckom dni sa predved\u00fa viacer\u00e9 historick\u00e9, ale aj modern\u00e9 k\u00fasky, te\u0161i\u0165 sa m\u00f4\u017eete aj na akrobaciu v podan\u00ed Zolt\u00e1na Veresa a Artura Kielaka. Navy\u0161e, v st\u00e1nku Ko\u0161ice regi\u00f3n v\u00e1s \u010dak\u00e1 s\u00fa\u0165a\u017e o tandemov\u00fd zoskok a let vrtu\u013en\u00edkom!<\/p>\n<!-- \/wp:tadv\/classic-paragraph -->\n\n<!-- wp:tadv\/classic-paragraph -->\n<h4 style=\"text-align: center;\">Lietadl\u00e1, na ktor\u00fdch Nemcov stra\u0161ili \"no\u010dn\u00e9 bosorky\"<\/h4>\n<!-- \/wp:tadv\/classic-paragraph -->\n\n<!-- wp:tadv\/classic-paragraph -->\n<p>Po\u010das Ko\u0161ick\u00e9ho leteck\u00e9ho d\u0148a sa n\u00e1m predvedie aj takmer storo\u010dn\u00fd dvojplo\u0161n\u00edk Polikarpov PO-2 z flotily ko\u0161ick\u00e9ho M\u00fazea letectva. Toto sovietske lietadlo bolo po\u010das 2. svetovej vojny stra\u0161iakom Nemcov najm\u00e4 po\u010das noci. Pou\u017e\u00edval ho ob\u00e1van\u00fd \u017eensk\u00fd pluk - no\u010dn\u00e9 bosorky - ktor\u00fd vyu\u017e\u00edval vlastnosti lietadla na neo\u010dak\u00e1van\u00e9 no\u010dn\u00e9 bombardovanie.<\/p>\n<!-- \/wp:tadv\/classic-paragraph -->\n\n<!-- wp:image {\"id\":295,\"align\":\"left\",\"width\":256,\"height\":178} -->\n<div class=\"wp-block-image\"><figure class=\"alignleft is-resized\"><img src=\"https:\/\/www.kosiceregion.com\/wp-content\/uploads\/2019\/04\/magura_letci.png-1024x710.jpeg\" alt=\"\" class=\"wp-image-295\" width=\"256\" height=\"178\"\/><\/figure><\/div>\n<!-- \/wp:image -->\n\n<!-- wp:tadv\/classic-paragraph -->\n<p>Te\u0161i\u0165 sa m\u00f4\u017eete aj na simul\u00e1ciu bojov z druhej svetovej vojny s pyrotechnick\u00fdmi efektmi. Postar\u00e1 sa o \u0148u Retro Sky Team, ktor\u00fd sa pravidelne z\u00fa\u010dast\u0148uje na leteck\u00fdch d\u0148och nielen po celom Slovensku, ale aj v Ma\u010farsku, Po\u013esku alebo \u010cesku. Retro Sky Team viackr\u00e1t p\u00fatal pozornos\u0165 div\u00e1kov aj na najprest\u00ed\u017enej\u0161ej airshow na Slovensku - SIAF v Slia\u010di. Flotilu leteck\u00e9ho t\u00edmu tvor\u00ed sedem lietadiel, v\u00e4\u010d\u0161ina poch\u00e1dza od v\u00fdrobcu Zl\u00edn, ale n\u00e1jdu sa v nej aj exempl\u00e1re od Jakovleva a Antonova - Jak-52 a An-2TD.<\/p>\n<!-- \/wp:tadv\/classic-paragraph -->\n\n<!-- wp:tadv\/classic-paragraph -->\n<p>V programe leteck\u00e9ho d\u0148a s\u00fa aj zoskoky para\u0161tuistov, uk\u00e1\u017eka z\u00e1chrannej akcie vrtu\u013en\u00edkom Agusta 109, pozornos\u0165 bude ur\u010dite pri\u0165ahova\u0165 aj modern\u00fd americk\u00fd vrtu\u013en\u00edk Sikorsky UH-60 Black Hawk. Tohtoro\u010dn\u00fd leteck\u00fd de\u0148 skr\u00e1tka s\u013eubuje azda najvzru\u0161uj\u00facej\u0161\u00ed z\u00e1\u017eitok za posledn\u00e9 roky. Nachystan\u00e1 je kyvadlov\u00e1 autobusov\u00e1 doprava medzi Aeroklubom a M\u00fazeom letectva, ale aj zbern\u00e9 parkovisk\u00e1, ktor\u00e9 bud\u00fa v cene vstupn\u00e9ho. Jeho z\u00e1kladn\u00e1 cena je 3\u20ac, pri\u010dom deti do 140 cm, d\u00f4chodcovia a \u0164ZP ho maj\u00fa zadarmo.<\/p>\n<!-- \/wp:tadv\/classic-paragraph -->\n\n<!-- wp:tadv\/classic-paragraph -->\n<h4 style=\"text-align: center;\">Vstupenky si m\u00f4\u017eete kupova\u0165 aj v predpredaji a vyhnete sa tak zbyto\u010dn\u00e9mu st\u00e1tiu v rade na podujat\u00ed! Alebo ich vyhrajte v na\u0161ej S\u00da\u0164A\u017dI.<\/h4>\n<!-- \/wp:tadv\/classic-paragraph -->\n\n<!-- wp:button {\"align\":\"center\"} -->\n<div class=\"wp-block-button aligncenter\"><a class=\"wp-block-button__link\" href=\"https:\/\/ticketware.eu\/p\/700U\">K\u00daPI\u0164 L\u00cdSTOK<\/a><\/div>\n<!-- \/wp:button -->\n\n<!-- wp:image {\"id\":296,\"linkDestination\":\"media\"} -->\n<figure class=\"wp-block-image\"><a href=\"https:\/\/www.kosiceregion.com\/wp-content\/uploads\/2019\/04\/programovyplagat_kld_web_1.jpg\"><img src=\"https:\/\/www.kosiceregion.com\/wp-content\/uploads\/2019\/04\/programovyplagat_kld_web_1-724x1024.jpg\" alt=\"\" class=\"wp-image-296\"\/><\/a><\/figure>\n<!-- \/wp:image -->\n\n<!-- wp:separator -->\n<hr class=\"wp-block-separator\"\/>\n<!-- \/wp:separator -->\n\n<!-- wp:file {\"id\":297,\"href\":\"https:\/\/www.kosiceregion.com\/wp-content\/uploads\/2019\/04\/programovyplagat_kld_web_1.pdf\"} -->\n<div class=\"wp-block-file\"><a href=\"https:\/\/www.kosiceregion.com\/wp-content\/uploads\/2019\/04\/programovyplagat_kld_web_1.pdf\">Programov\u00fd plag\u00e1t<\/a><a href=\"https:\/\/www.kosiceregion.com\/wp-content\/uploads\/2019\/04\/programovyplagat_kld_web_1.pdf\" class=\"wp-block-file__button\" download>Stiahnu\u0165<\/a><\/div>\n<!-- \/wp:file -->","_sk_post_name":"na-leteckom-dni-v-kosiciach-zaziaria-akrobati-i-nocne-bosorky","_sk_post_excerpt":"","_sk_post_title":"Na leteckom dni v Ko\u0161iciach za\u017eiaria akrobati i no\u010dn\u00e9 bosorky","_en_post_content":"","_en_post_name":"","_en_post_excerpt":"","_en_post_title":"","_hu_post_content":"","_hu_post_name":"","_hu_post_excerpt":"","_hu_post_title":"","_es_post_content":"","_es_post_name":"","_es_post_excerpt":"","_es_post_title":"","_de_post_content":"","_de_post_name":"","_de_post_excerpt":"","_de_post_title":"","_pl_post_content":"","_pl_post_name":"","_pl_post_excerpt":"","_pl_post_title":"","_it_post_content":"","_it_post_name":"","_it_post_excerpt":"","_it_post_title":"","edit_language":"hu","footnotes":""},"tags":[48,149,118],"class_list":["post-292","news","type-news","status-publish","format-standard","has-post-thumbnail","hentry","tag-kosice","tag-kosicky-letecky-den","tag-muzeum-letectva"],"acf":[],"yoast_head":"<!-- This site is optimized with the Yoast SEO Premium plugin v25.5 (Yoast SEO v27.4) - https:\/\/yoast.com\/product\/yoast-seo-premium-wordpress\/ -->\n<title>Ko\u0161ice Regi\u00f3n<\/title>\n<meta name=\"description\" content=\"Ko\u0161ick\u00fd leteck\u00fd de\u0148 po dlhom \u010dase v novom, v\u00e4\u010d\u0161om form\u00e1te - u\u017e 8. septembra!\n\n\n\nT\u00fd\u017ede\u0148 po ob\u013e\u00fabenom medzin\u00e1rodnom podujat\u00ed na letisku Slia\u010d sa chyst\u00e1 leteck\u00e1 show aj v Ko\u0161iciach. Na Ko\u0161ickom leteckom dni sa predved\u00fa viacer\u00e9\u2026\" \/>\n<meta name=\"robots\" content=\"index, follow, max-snippet:-1, max-image-preview:large, max-video-preview:-1\" \/>\n<link rel=\"canonical\" href=\"https:\/\/www.kosiceregion.com\/hu\/news\/na-leteckom-dni-v-kosiciach-zaziaria-akrobati-i-nocne-bosorky\/\" \/>\n<meta property=\"og:locale\" content=\"hu_HU\" \/>\n<meta property=\"og:type\" content=\"article\" \/>\n<meta property=\"og:title\" content=\"Na leteckom dni v Ko\u0161iciach za\u017eiaria akrobati i no\u010dn\u00e9 bosorky\" \/>\n<meta property=\"og:description\" content=\"Ko\u0161ick\u00fd leteck\u00fd de\u0148 po dlhom \u010dase v novom, v\u00e4\u010d\u0161om form\u00e1te - u\u017e 8. septembra! T\u00fd\u017ede\u0148 po ob\u013e\u00fabenom medzin\u00e1rodnom podujat\u00ed na letisku Slia\u010d sa chyst\u00e1 leteck\u00e1\" \/>\n<meta property=\"og:url\" content=\"https:\/\/www.kosiceregion.com\/hu\/wp-json\/wp\/v2\/news\/292\" \/>\n<meta property=\"og:site_name\" content=\"Ko\u0161ice Regi\u00f3n\" \/>\n<meta property=\"article:publisher\" content=\"https:\/\/www.facebook.com\/kosiceregion\" \/>\n<meta property=\"article:modified_time\" content=\"2019-06-06T10:47:25+00:00\" \/>\n<meta property=\"og:image\" content=\"https:\/\/www.kosiceregion.com\/wp-content\/uploads\/2019\/04\/04_hl.jpg\" \/>\n\t<meta property=\"og:image:width\" content=\"1600\" \/>\n\t<meta property=\"og:image:height\" content=\"900\" \/>\n\t<meta property=\"og:image:type\" content=\"image\/jpeg\" \/>\n<meta name=\"twitter:card\" content=\"summary_large_image\" \/>\n<meta name=\"twitter:site\" content=\"@KOSICEREGION\" \/>\n<meta name=\"twitter:label1\" content=\"Becs\u00fclt olvas\u00e1si id\u0151\" \/>\n\t<meta name=\"twitter:data1\" content=\"2 perc\" \/>\n<script type=\"application\/ld+json\" class=\"yoast-schema-graph\">{\"@context\":\"https:\\\/\\\/schema.org\",\"@graph\":[{\"@type\":\"WebPage\",\"@id\":\"https:\\\/\\\/www.kosiceregion.com\\\/hu\\\/news\\\/na-leteckom-dni-v-kosiciach-zaziaria-akrobati-i-nocne-bosorky\\\/\",\"url\":\"https:\\\/\\\/www.kosiceregion.com\\\/hu\\\/news\\\/na-leteckom-dni-v-kosiciach-zaziaria-akrobati-i-nocne-bosorky\\\/\",\"name\":\"Na leteckom dni v Ko\u0161iciach za\u017eiaria akrobati i no\u010dn\u00e9 bosorky - Ko\u0161ice Regi\u00f3n\",\"isPartOf\":{\"@id\":\"https:\\\/\\\/www.kosiceregion.com\\\/#website\"},\"primaryImageOfPage\":{\"@id\":\"https:\\\/\\\/www.kosiceregion.com\\\/hu\\\/news\\\/na-leteckom-dni-v-kosiciach-zaziaria-akrobati-i-nocne-bosorky\\\/#primaryimage\"},\"image\":{\"@id\":\"https:\\\/\\\/www.kosiceregion.com\\\/hu\\\/news\\\/na-leteckom-dni-v-kosiciach-zaziaria-akrobati-i-nocne-bosorky\\\/#primaryimage\"},\"thumbnailUrl\":\"https:\\\/\\\/www.kosiceregion.com\\\/wp-content\\\/uploads\\\/2019\\\/04\\\/04_hl.jpg\",\"datePublished\":\"2018-08-27T14:01:36+00:00\",\"dateModified\":\"2019-06-06T10:47:25+00:00\",\"description\":\"Ko\u0161ick\u00fd leteck\u00fd de\u0148 po dlhom \u010dase v novom, v\u00e4\u010d\u0161om form\u00e1te - u\u017e 8. septembra! T\u00fd\u017ede\u0148 po ob\u013e\u00fabenom medzin\u00e1rodnom podujat\u00ed na letisku Slia\u010d sa chyst\u00e1 leteck\u00e1\",\"breadcrumb\":{\"@id\":\"https:\\\/\\\/www.kosiceregion.com\\\/hu\\\/news\\\/na-leteckom-dni-v-kosiciach-zaziaria-akrobati-i-nocne-bosorky\\\/#breadcrumb\"},\"inLanguage\":\"hu\",\"potentialAction\":[{\"@type\":\"ReadAction\",\"target\":[\"https:\\\/\\\/www.kosiceregion.com\\\/hu\\\/news\\\/na-leteckom-dni-v-kosiciach-zaziaria-akrobati-i-nocne-bosorky\\\/\"]}]},{\"@type\":\"ImageObject\",\"inLanguage\":\"hu\",\"@id\":\"https:\\\/\\\/www.kosiceregion.com\\\/hu\\\/news\\\/na-leteckom-dni-v-kosiciach-zaziaria-akrobati-i-nocne-bosorky\\\/#primaryimage\",\"url\":\"https:\\\/\\\/www.kosiceregion.com\\\/wp-content\\\/uploads\\\/2019\\\/04\\\/04_hl.jpg\",\"contentUrl\":\"https:\\\/\\\/www.kosiceregion.com\\\/wp-content\\\/uploads\\\/2019\\\/04\\\/04_hl.jpg\",\"width\":1600,\"height\":900},{\"@type\":\"BreadcrumbList\",\"@id\":\"https:\\\/\\\/www.kosiceregion.com\\\/hu\\\/news\\\/na-leteckom-dni-v-kosiciach-zaziaria-akrobati-i-nocne-bosorky\\\/#breadcrumb\",\"itemListElement\":[{\"@type\":\"ListItem\",\"position\":1,\"name\":\"Home\",\"item\":\"https:\\\/\\\/www.kosiceregion.com\\\/sk\\\/\"},{\"@type\":\"ListItem\",\"position\":2,\"name\":\"Na leteckom dni v Ko\u0161iciach za\u017eiaria akrobati i no\u010dn\u00e9 bosorky\"}]},{\"@type\":\"WebSite\",\"@id\":\"https:\\\/\\\/www.kosiceregion.com\\\/#website\",\"url\":\"https:\\\/\\\/www.kosiceregion.com\\\/\",\"name\":\"Ko\u0161ice Regi\u00f3n\",\"description\":\"Turistick\u00fd sprievodca Ko\u0161ick\u00fdm krajom\",\"publisher\":{\"@id\":\"https:\\\/\\\/www.kosiceregion.com\\\/#organization\"},\"potentialAction\":[{\"@type\":\"SearchAction\",\"target\":{\"@type\":\"EntryPoint\",\"urlTemplate\":\"https:\\\/\\\/www.kosiceregion.com\\\/?s={search_term_string}\"},\"query-input\":{\"@type\":\"PropertyValueSpecification\",\"valueRequired\":true,\"valueName\":\"search_term_string\"}}],\"inLanguage\":\"hu\"},{\"@type\":\"Organization\",\"@id\":\"https:\\\/\\\/www.kosiceregion.com\\\/#organization\",\"name\":\"Ko\u0161ice Regi\u00f3n Turizmus\",\"url\":\"https:\\\/\\\/www.kosiceregion.com\\\/\",\"logo\":{\"@type\":\"ImageObject\",\"inLanguage\":\"hu\",\"@id\":\"https:\\\/\\\/www.kosiceregion.com\\\/#\\\/schema\\\/logo\\\/image\\\/\",\"url\":\"https:\\\/\\\/www.kosiceregion.com\\\/wp-content\\\/uploads\\\/2019\\\/03\\\/logo-web-sk.png\",\"contentUrl\":\"https:\\\/\\\/www.kosiceregion.com\\\/wp-content\\\/uploads\\\/2019\\\/03\\\/logo-web-sk.png\",\"width\":225,\"height\":100,\"caption\":\"Ko\u0161ice Regi\u00f3n Turizmus\"},\"image\":{\"@id\":\"https:\\\/\\\/www.kosiceregion.com\\\/#\\\/schema\\\/logo\\\/image\\\/\"},\"sameAs\":[\"https:\\\/\\\/www.facebook.com\\\/kosiceregion\",\"https:\\\/\\\/x.com\\\/KOSICEREGION\",\"https:\\\/\\\/www.instagram.com\\\/kosiceregion\",\"https:\\\/\\\/www.youtube.com\\\/kosiceregion\"]}]}<\/script>\n<!-- \/ Yoast SEO Premium plugin. -->","yoast_head_json":{"title":"Ko\u0161ice Regi\u00f3n","description":"Ko\u0161ick\u00fd leteck\u00fd de\u0148 po dlhom \u010dase v novom, v\u00e4\u010d\u0161om form\u00e1te - u\u017e 8. septembra!\n\n\n\nT\u00fd\u017ede\u0148 po ob\u013e\u00fabenom medzin\u00e1rodnom podujat\u00ed na letisku Slia\u010d sa chyst\u00e1 leteck\u00e1 show aj v Ko\u0161iciach. Na Ko\u0161ickom leteckom dni sa predved\u00fa viacer\u00e9\u2026","robots":{"index":"index","follow":"follow","max-snippet":"max-snippet:-1","max-image-preview":"max-image-preview:large","max-video-preview":"max-video-preview:-1"},"canonical":"https:\/\/www.kosiceregion.com\/hu\/news\/na-leteckom-dni-v-kosiciach-zaziaria-akrobati-i-nocne-bosorky\/","og_locale":"hu_HU","og_type":"article","og_title":"Na leteckom dni v Ko\u0161iciach za\u017eiaria akrobati i no\u010dn\u00e9 bosorky","og_description":"Ko\u0161ick\u00fd leteck\u00fd de\u0148 po dlhom \u010dase v novom, v\u00e4\u010d\u0161om form\u00e1te - u\u017e 8. septembra! T\u00fd\u017ede\u0148 po ob\u013e\u00fabenom medzin\u00e1rodnom podujat\u00ed na letisku Slia\u010d sa chyst\u00e1 leteck\u00e1","og_url":"https:\/\/www.kosiceregion.com\/hu\/wp-json\/wp\/v2\/news\/292","og_site_name":"Ko\u0161ice Regi\u00f3n","article_publisher":"https:\/\/www.facebook.com\/kosiceregion","article_modified_time":"2019-06-06T10:47:25+00:00","og_image":[{"width":1600,"height":900,"url":"https:\/\/www.kosiceregion.com\/wp-content\/uploads\/2019\/04\/04_hl.jpg","type":"image\/jpeg"}],"twitter_card":"summary_large_image","twitter_site":"@KOSICEREGION","twitter_misc":{"Becs\u00fclt olvas\u00e1si id\u0151":"2 perc"},"schema":{"@context":"https:\/\/schema.org","@graph":[{"@type":"WebPage","@id":"https:\/\/www.kosiceregion.com\/hu\/news\/na-leteckom-dni-v-kosiciach-zaziaria-akrobati-i-nocne-bosorky\/","url":"https:\/\/www.kosiceregion.com\/hu\/news\/na-leteckom-dni-v-kosiciach-zaziaria-akrobati-i-nocne-bosorky\/","name":"Na leteckom dni v Ko\u0161iciach za\u017eiaria akrobati i no\u010dn\u00e9 bosorky - Ko\u0161ice Regi\u00f3n","isPartOf":{"@id":"https:\/\/www.kosiceregion.com\/#website"},"primaryImageOfPage":{"@id":"https:\/\/www.kosiceregion.com\/hu\/news\/na-leteckom-dni-v-kosiciach-zaziaria-akrobati-i-nocne-bosorky\/#primaryimage"},"image":{"@id":"https:\/\/www.kosiceregion.com\/hu\/news\/na-leteckom-dni-v-kosiciach-zaziaria-akrobati-i-nocne-bosorky\/#primaryimage"},"thumbnailUrl":"https:\/\/www.kosiceregion.com\/wp-content\/uploads\/2019\/04\/04_hl.jpg","datePublished":"2018-08-27T14:01:36+00:00","dateModified":"2019-06-06T10:47:25+00:00","description":"Ko\u0161ick\u00fd leteck\u00fd de\u0148 po dlhom \u010dase v novom, v\u00e4\u010d\u0161om form\u00e1te - u\u017e 8. septembra! T\u00fd\u017ede\u0148 po ob\u013e\u00fabenom medzin\u00e1rodnom podujat\u00ed na letisku Slia\u010d sa chyst\u00e1 leteck\u00e1","breadcrumb":{"@id":"https:\/\/www.kosiceregion.com\/hu\/news\/na-leteckom-dni-v-kosiciach-zaziaria-akrobati-i-nocne-bosorky\/#breadcrumb"},"inLanguage":"hu","potentialAction":[{"@type":"ReadAction","target":["https:\/\/www.kosiceregion.com\/hu\/news\/na-leteckom-dni-v-kosiciach-zaziaria-akrobati-i-nocne-bosorky\/"]}]},{"@type":"ImageObject","inLanguage":"hu","@id":"https:\/\/www.kosiceregion.com\/hu\/news\/na-leteckom-dni-v-kosiciach-zaziaria-akrobati-i-nocne-bosorky\/#primaryimage","url":"https:\/\/www.kosiceregion.com\/wp-content\/uploads\/2019\/04\/04_hl.jpg","contentUrl":"https:\/\/www.kosiceregion.com\/wp-content\/uploads\/2019\/04\/04_hl.jpg","width":1600,"height":900},{"@type":"BreadcrumbList","@id":"https:\/\/www.kosiceregion.com\/hu\/news\/na-leteckom-dni-v-kosiciach-zaziaria-akrobati-i-nocne-bosorky\/#breadcrumb","itemListElement":[{"@type":"ListItem","position":1,"name":"Home","item":"https:\/\/www.kosiceregion.com\/sk\/"},{"@type":"ListItem","position":2,"name":"Na leteckom dni v Ko\u0161iciach za\u017eiaria akrobati i no\u010dn\u00e9 bosorky"}]},{"@type":"WebSite","@id":"https:\/\/www.kosiceregion.com\/#website","url":"https:\/\/www.kosiceregion.com\/","name":"Ko\u0161ice Regi\u00f3n","description":"Turistick\u00fd sprievodca Ko\u0161ick\u00fdm krajom","publisher":{"@id":"https:\/\/www.kosiceregion.com\/#organization"},"potentialAction":[{"@type":"SearchAction","target":{"@type":"EntryPoint","urlTemplate":"https:\/\/www.kosiceregion.com\/?s={search_term_string}"},"query-input":{"@type":"PropertyValueSpecification","valueRequired":true,"valueName":"search_term_string"}}],"inLanguage":"hu"},{"@type":"Organization","@id":"https:\/\/www.kosiceregion.com\/#organization","name":"Ko\u0161ice Regi\u00f3n Turizmus","url":"https:\/\/www.kosiceregion.com\/","logo":{"@type":"ImageObject","inLanguage":"hu","@id":"https:\/\/www.kosiceregion.com\/#\/schema\/logo\/image\/","url":"https:\/\/www.kosiceregion.com\/wp-content\/uploads\/2019\/03\/logo-web-sk.png","contentUrl":"https:\/\/www.kosiceregion.com\/wp-content\/uploads\/2019\/03\/logo-web-sk.png","width":225,"height":100,"caption":"Ko\u0161ice Regi\u00f3n Turizmus"},"image":{"@id":"https:\/\/www.kosiceregion.com\/#\/schema\/logo\/image\/"},"sameAs":["https:\/\/www.facebook.com\/kosiceregion","https:\/\/x.com\/KOSICEREGION","https:\/\/www.instagram.com\/kosiceregion","https:\/\/www.youtube.com\/kosiceregion"]}]}},"_links":{"self":[{"href":"https:\/\/www.kosiceregion.com\/hu\/wp-json\/wp\/v2\/news\/292","targetHints":{"allow":["GET"]}}],"collection":[{"href":"https:\/\/www.kosiceregion.com\/hu\/wp-json\/wp\/v2\/news"}],"about":[{"href":"https:\/\/www.kosiceregion.com\/hu\/wp-json\/wp\/v2\/types\/news"}],"version-history":[{"count":2,"href":"https:\/\/www.kosiceregion.com\/hu\/wp-json\/wp\/v2\/news\/292\/revisions"}],"predecessor-version":[{"id":2689,"href":"https:\/\/www.kosiceregion.com\/hu\/wp-json\/wp\/v2\/news\/292\/revisions\/2689"}],"wp:featuredmedia":[{"embeddable":true,"href":"https:\/\/www.kosiceregion.com\/hu\/wp-json\/wp\/v2\/media\/293"}],"wp:attachment":[{"href":"https:\/\/www.kosiceregion.com\/hu\/wp-json\/wp\/v2\/media?parent=292"}],"wp:term":[{"taxonomy":"post_tag","embeddable":true,"href":"https:\/\/www.kosiceregion.com\/hu\/wp-json\/wp\/v2\/tags?post=292"}],"curies":[{"name":"wp","href":"https:\/\/api.w.org\/{rel}","templated":true}]}}