{"id":11497,"date":"2023-09-29T11:10:23","date_gmt":"2023-09-29T09:10:23","guid":{"rendered":"https:\/\/www.kosiceregion.com\/sk\/?p=11497"},"modified":"2023-09-29T11:37:23","modified_gmt":"2023-09-29T09:37:23","slug":"","status":"publish","type":"post","link":"https:\/\/www.kosiceregion.com\/hu\/zazitkovy-chodnik-v-rejdovej\/","title":{"rendered":"","raw":""},"content":{"rendered":"","protected":false,"raw":""},"excerpt":{"rendered":"","protected":false,"raw":""},"author":15,"featured_media":11503,"comment_status":"closed","ping_status":"closed","sticky":false,"template":"","format":"standard","meta":{"_acf_changed":false,"_sk_post_content":"<!-- wp:heading {\"level\":3} -->\n<h3 class=\"wp-block-heading\">Ambas\u00e1dori Kraja sveta: Na cest\u00e1ch s Nikou<\/h3>\n<!-- \/wp:heading -->\n\n<!-- wp:paragraph -->\n<p>Taktie\u017e uva\u017eujete, na ak\u00fd v\u00fdlet sa vybra\u0165, aby ste na danom mieste videli nie\u010do kr\u00e1sne, ale taktie\u017e nie\u010do zauj\u00edmav\u00e9? M\u00e1m pre v\u00e1s rie\u0161enie!<\/p>\n<!-- \/wp:paragraph -->\n\n<!-- wp:paragraph -->\n<p>V&nbsp;malebnej dedinke Rejdov\u00e1 vybudovali&nbsp;z\u00e1\u017eitkov\u00fd chodn\u00edk v celkovej d\u013a\u017eke 3 km, ktor\u00fd je dostupn\u00fd pre pe\u0161\u00edch i cykloturistov a ur\u010dite je ide\u00e1lny aj pre rodiny s de\u0165mi. <\/p>\n<!-- \/wp:paragraph -->\n\n<!-- wp:heading -->\n<h2 class=\"wp-block-heading\"> Inform\u00e1cie o trase a lokalite <\/h2>\n<!-- \/wp:heading -->\n\n<!-- wp:tadv\/classic-paragraph -->\n<table class=\" aligncenter\" style=\"height: 409px; width: 72.8588%; border-collapse: collapse;\">\n<tbody>\n<tr style=\"height: 216px;\">\n<td style=\"width: 23.8562%; height: 210px;\"><img class=\"size-full wp-image-5997 aligncenter\" src=\"https:\/\/www.kosiceregion.com\/wp-content\/uploads\/2021\/05\/Icon_black__kids.png\" alt=\"\" width=\"35\" height=\"35\"><\/td>\n<td style=\"width: 23.8562%; height: 210px;\">\n<p><strong>Vhodn\u00e9 pre deti<\/strong><\/p>\n<p>\u00c1NO<\/p>\n<\/td>\n<td style=\"width: 24.6732%; height: 210px;\"><img class=\"size-full wp-image-5998 aligncenter\" src=\"https:\/\/www.kosiceregion.com\/wp-content\/uploads\/2021\/05\/Icon_black__route.png\" alt=\"\" width=\"35\" height=\"35\"><\/td>\n<td style=\"width: 27.2876%; height: 210px;\">\n<p><strong>Zna\u010den\u00e1 trasa <\/strong><\/p>\n<p>\u00c1NO<\/p>\n<\/td>\n<\/tr>\n<tr style=\"height: 216px;\">\n<td style=\"width: 23.8562%; height: 199px;\"><img class=\"size-full wp-image-5999 aligncenter\" src=\"https:\/\/www.kosiceregion.com\/wp-content\/uploads\/2021\/05\/Icon_black__food.png\" alt=\"\" width=\"35\" height=\"35\"><\/td>\n<td style=\"width: 23.8562%; height: 199px;\">\n<p><strong>Stravovacie zariadenie<\/strong><\/p>\n<p>\u00c1NO<\/p>\n<\/td>\n<td style=\"width: 24.6732%; height: 199px;\"><img class=\"size-full wp-image-6000 aligncenter\" src=\"https:\/\/www.kosiceregion.com\/wp-content\/uploads\/2021\/05\/Icon_black__challenging.png\" alt=\"\" width=\"35\" height=\"35\"><\/td>\n<td style=\"width: 27.2876%; height: 199px;\">\n<p><strong>N\u00e1ro\u010dnos\u0165 trasy<\/strong><\/p>\n<p style=\"text-align: left;\">\u013dAHK\u00c1<\/p>\n<\/td>\n<\/tr>\n<\/tbody>\n<\/table>\n<!-- \/wp:tadv\/classic-paragraph -->\n\n<!-- wp:image {\"id\":11498,\"sizeSlug\":\"large\",\"linkDestination\":\"none\"} -->\n<figure class=\"wp-block-image size-large\"><img src=\"https:\/\/www.kosiceregion.com\/wp-content\/uploads\/2023\/09\/1-1-744x1024.jpg\" alt=\"\" class=\"wp-image-11498\"\/><\/figure>\n<!-- \/wp:image -->\n\n<!-- wp:paragraph -->\n<p>Pre n\u00e1v\u0161tevn\u00edkov je prichystan\u00e1 poriadna d\u00e1vka dobrodru\u017estva, a to nielen pre mal\u00fdch, ale aj ve\u013ek\u00fdch. Ka\u017ed\u00fd si z tejto cesty odnesie so sebou z\u00e1\u017eitok a&nbsp;kr\u00e1snu spomienku. Ja som si ich zobrala nieko\u013eko - konkr\u00e9tne 13. A pre\u010do pr\u00e1ve tak\u00e9to \u010d\u00edslo? \u010c\u00edtajte \u010falej. <\/p>\n<!-- \/wp:paragraph -->\n\n<!-- wp:quote -->\n<blockquote class=\"wp-block-quote\"><!-- wp:paragraph -->\n<p><\/p>\n<!-- \/wp:paragraph --><\/blockquote>\n<!-- \/wp:quote -->\n\n<!-- wp:paragraph -->\n<p><strong>N\u00e1v\u0161tevn\u00edk m\u00e1 mo\u017enos\u0165 v\u00fdberu modrej a \u010dervenej trasy. Z\u00e1kladn\u00e9 inform\u00e1cie o chodn\u00edku s\u00fa s\u00fa\u010das\u0165ou prvej informa\u010dnej tabule. Ja som si vybrala \u010derven\u00fa .&nbsp;<\/strong><\/p>\n<!-- \/wp:paragraph -->\n\n<!-- wp:paragraph -->\n<p>Chodn\u00edk obsahuje a\u017e 13 stanov\u00ed\u0161\u0165.<\/p>\n<!-- \/wp:paragraph -->\n\n<!-- wp:image {\"id\":11499,\"sizeSlug\":\"large\",\"linkDestination\":\"none\"} -->\n<figure class=\"wp-block-image size-large\"><img src=\"https:\/\/www.kosiceregion.com\/wp-content\/uploads\/2023\/09\/2-1-768x1024.jpg\" alt=\"\" class=\"wp-image-11499\"\/><\/figure>\n<!-- \/wp:image -->\n\n<!-- wp:paragraph -->\n<p><strong>Nadrozmern\u00e1 hojda\u010dka s v\u00fdh\u013eadom na dedinu<\/strong> - tak to bola zast\u00e1vka, pri ktorej som si spomenula na detsk\u00e9 \u010dasy. Vtedy ma hojda\u010dky ve\u013emi bavili a&nbsp;mus\u00edm uzna\u0165, \u017ee t\u00e1to ve\u013ek\u00e1, priam obria, ma bavila e\u0161te viac. Kr\u00e1sny bonus je v\u00fdh\u013ead na dedinku.<\/p>\n<!-- \/wp:paragraph -->\n\n<!-- wp:image {\"id\":11500,\"sizeSlug\":\"large\",\"linkDestination\":\"none\"} -->\n<figure class=\"wp-block-image size-large\"><img src=\"https:\/\/www.kosiceregion.com\/wp-content\/uploads\/2023\/09\/3-2-1024x768.jpg\" alt=\"\" class=\"wp-image-11500\"\/><\/figure>\n<!-- \/wp:image -->\n\n<!-- wp:paragraph -->\n<p>Dreven\u00fd alt\u00e1nok s poseden\u00edm a&nbsp;ohniskom v\u00e1m pon\u00fakne perfektn\u00e9 miesto pre oddych \u010di vychutnanie svojej desiaty .&nbsp;<\/p>\n<!-- \/wp:paragraph -->\n\n<!-- wp:paragraph -->\n<p>Panoramatick\u00e1 mapa na hrebeni s ozna\u010den\u00edm vrchov a lokal\u00edt, hrav\u00e1 l\u00e1vka medzi stromami a&nbsp;e\u0161te ove\u013ea viac. To v\u0161etko som s&nbsp;nad\u0161en\u00edm pozorovala po\u010das svojej cesty.&nbsp;<\/p>\n<!-- \/wp:paragraph -->\n\n<!-- wp:gallery {\"linkTo\":\"none\"} -->\n<figure class=\"wp-block-gallery has-nested-images columns-default is-cropped\"><!-- wp:image {\"id\":11501,\"sizeSlug\":\"large\",\"linkDestination\":\"none\"} -->\n<figure class=\"wp-block-image size-large\"><img src=\"https:\/\/www.kosiceregion.com\/wp-content\/uploads\/2023\/09\/5-1-1024x768.jpg\" alt=\"\" class=\"wp-image-11501\"\/><\/figure>\n<!-- \/wp:image -->\n\n<!-- wp:image {\"id\":11502,\"sizeSlug\":\"large\",\"linkDestination\":\"none\"} -->\n<figure class=\"wp-block-image size-large\"><img src=\"https:\/\/www.kosiceregion.com\/wp-content\/uploads\/2023\/09\/4-1-1024x768.jpg\" alt=\"\" class=\"wp-image-11502\"\/><\/figure>\n<!-- \/wp:image --><\/figure>\n<!-- \/wp:gallery -->\n\n<!-- wp:paragraph -->\n<p><strong>Stanovi\u0161te s nadrozmernou \u0161m\u00fdka\u010dkou <\/strong>bola v\u00fdzva. \u0160mykn\u00fa\u0165 sa, \u010di nie ? Samozrejme, \u017ee som to nemohla vynecha\u0165. Ur\u010dite odpor\u00fa\u010dam!<\/p>\n<!-- \/wp:paragraph -->\n\n<!-- wp:paragraph -->\n<p><\/p>\n<!-- \/wp:paragraph -->\n\n<!-- wp:image {\"id\":11503,\"sizeSlug\":\"large\",\"linkDestination\":\"none\"} -->\n<figure class=\"wp-block-image size-large\"><img src=\"https:\/\/www.kosiceregion.com\/wp-content\/uploads\/2023\/09\/6-1024x768.jpg\" alt=\"\" class=\"wp-image-11503\"\/><\/figure>\n<!-- \/wp:image -->\n\n<!-- wp:paragraph -->\n<p>Ako som kr\u00e1\u010dala \u010falej, \u010dakala na m\u0148a <strong>lezeck\u00e1 stena a dreven\u00e9 hrazdy zn\u00e1zor\u0148uj\u00face v\u00fdskok zvierat<\/strong> z&nbsp;miesta. S ur\u010ditos\u0165ou som si sko\u010dila tie\u017e! Zauj\u00edmalo ma , k&nbsp;ak\u00e9mu v\u00fdskoku sa podob\u00e1 m\u00f4j skok, a&nbsp;teda prekvapilo ma, \u017ee diviak lesn\u00fd bol k&nbsp;m\u00f4jmu skoku najbli\u017e\u0161ie. Sko\u010dte si aj vy! <\/p>\n<!-- \/wp:paragraph -->\n\n<!-- wp:gallery {\"linkTo\":\"none\"} -->\n<figure class=\"wp-block-gallery has-nested-images columns-default is-cropped\"><!-- wp:image {\"id\":11504,\"sizeSlug\":\"large\",\"linkDestination\":\"none\"} -->\n<figure class=\"wp-block-image size-large\"><img src=\"https:\/\/www.kosiceregion.com\/wp-content\/uploads\/2023\/09\/8-1024x768.jpg\" alt=\"\" class=\"wp-image-11504\"\/><\/figure>\n<!-- \/wp:image -->\n\n<!-- wp:image {\"id\":11505,\"sizeSlug\":\"large\",\"linkDestination\":\"none\"} -->\n<figure class=\"wp-block-image size-large\"><img src=\"https:\/\/www.kosiceregion.com\/wp-content\/uploads\/2023\/09\/7-1-1024x895.jpg\" alt=\"\" class=\"wp-image-11505\"\/><\/figure>\n<!-- \/wp:image --><\/figure>\n<!-- \/wp:gallery -->\n\n<!-- wp:paragraph -->\n<p><strong>Oce\u013eov\u00e9 l\u00e1vky a&nbsp;stup\u00e1ky<\/strong> mi priviedli pocit Slovensk\u00e9ho raja a ferraty Kyse\u013e, samozrejme, v&nbsp;mini verzii. Po\u010das toho, ako som sa ocitla v&nbsp;lese, som stretla aj <strong>r\u00f4zne sochy zvierat z&nbsp;dreva.&nbsp;<\/strong><\/p>\n<!-- \/wp:paragraph -->\n\n<!-- wp:gallery {\"linkTo\":\"none\"} -->\n<figure class=\"wp-block-gallery has-nested-images columns-default is-cropped\"><!-- wp:image {\"id\":11506,\"sizeSlug\":\"large\",\"linkDestination\":\"none\"} -->\n<figure class=\"wp-block-image size-large\"><img src=\"https:\/\/www.kosiceregion.com\/wp-content\/uploads\/2023\/09\/9-1024x768.jpg\" alt=\"\" class=\"wp-image-11506\"\/><\/figure>\n<!-- \/wp:image -->\n\n<!-- wp:image {\"id\":11507,\"sizeSlug\":\"large\",\"linkDestination\":\"none\"} -->\n<figure class=\"wp-block-image size-large\"><img src=\"https:\/\/www.kosiceregion.com\/wp-content\/uploads\/2023\/09\/10-1024x768.jpg\" alt=\"\" class=\"wp-image-11507\"\/><\/figure>\n<!-- \/wp:image --><\/figure>\n<!-- \/wp:gallery -->\n\n<!-- wp:paragraph -->\n<p>Ve\u013emi ma prekvapil n\u00e1pad na lavi\u010dku v tvare <strong>\"PRAKU\" <\/strong>- tak na takejto lavi\u010dke som e\u0161te teda nesedela. Ale po n\u00e1v\u0161teve z\u00e1\u017eitkov\u00e9ho chodn\u00edka v&nbsp;Rejdovej si na m\u00f4j bucket list m\u00f4\u017eem da\u0165 aj toto .<\/p>\n<!-- \/wp:paragraph -->\n\n<!-- wp:paragraph -->\n<p><\/p>\n<!-- \/wp:paragraph -->\n\n<!-- wp:image {\"id\":11508,\"sizeSlug\":\"large\",\"linkDestination\":\"none\"} -->\n<figure class=\"wp-block-image size-large\"><img src=\"https:\/\/www.kosiceregion.com\/wp-content\/uploads\/2023\/09\/11-768x1024.jpg\" alt=\"\" class=\"wp-image-11508\"\/><\/figure>\n<!-- \/wp:image -->\n\n<!-- wp:paragraph -->\n<p>Bola to moja prv\u00e1 n\u00e1v\u0161teva tak\u00e9hoto chodn\u00edka a&nbsp;u\u017e teraz m\u00f4\u017eem jasne vyhl\u00e1si\u0165, \u017ee nie posledn\u00e1.&nbsp;<\/p>\n<!-- \/wp:paragraph -->\n\n<!-- wp:paragraph -->\n<p>Na v\u0161etk\u00fdch stanovi\u0161tiach si \u010dlovek n\u00e1jde to svoje. Tak som svoj de\u0148 str\u00e1vila v&nbsp;lone pr\u00edrody v&nbsp;Obci Rejdov\u00e1. Odpor\u00fa\u010dam v\u00e1m to tie\u017e a nielen to! Prejdite sa aj v&nbsp;dedinke&nbsp;s mno\u017estvom zachovan\u00fdch prvkov \u013eudovej architekt\u00fary.&nbsp;<\/p>\n<!-- \/wp:paragraph -->\n\n<!-- wp:paragraph -->\n<p><strong>Zoznam stanov\u00ed\u0161\u0165 :<\/strong><\/p>\n<!-- \/wp:paragraph -->\n\n<!-- wp:list -->\n<ul><!-- wp:list-item -->\n<li>1. Informa\u010dn\u00e1 tabu\u013ea so z\u00e1kladn\u00fdmi inform\u00e1ciami o chodn\u00edku, parkovisko - pri miestnom amfite\u00e1tri<\/li>\n<!-- \/wp:list-item -->\n\n<!-- wp:list-item -->\n<li>2. Chov hospod\u00e1rskych zvierat<\/li>\n<!-- \/wp:list-item -->\n\n<!-- wp:list-item -->\n<li>3. Nadrozmern\u00e1 hojda\u010dka s v\u00fdh\u013eadom na dedinu<\/li>\n<!-- \/wp:list-item -->\n\n<!-- wp:list-item -->\n<li>4. Pozostatky bansk\u00fdch h\u00e1ld - info tabu\u013ea<\/li>\n<!-- \/wp:list-item -->\n\n<!-- wp:list-item -->\n<li>5. Dreven\u00fd alt\u00e1nok s poseden\u00edm a ohniskom, panoramatick\u00e1 mapa, hrav\u00e1 l\u00e1vka medzi stromami<\/li>\n<!-- \/wp:list-item -->\n\n<!-- wp:list-item -->\n<li>6. Nadrozmern\u00e1 \u0161m\u00fdka\u010dka<\/li>\n<!-- \/wp:list-item -->\n\n<!-- wp:list-item -->\n<li>7. Chodn\u00edk z p\u0148ov<\/li>\n<!-- \/wp:list-item -->\n\n<!-- wp:list-item -->\n<li>8. Lezeck\u00e1 stena<\/li>\n<!-- \/wp:list-item -->\n\n<!-- wp:list-item -->\n<li>9. Lavi\u010dka \"PRAK\"<\/li>\n<!-- \/wp:list-item -->\n\n<!-- wp:list-item -->\n<li>10. Dreven\u00e9 hrazdy zn\u00e1zor\u0148uj\u00face v\u00fdskok zvierat z miesta<\/li>\n<!-- \/wp:list-item -->\n\n<!-- wp:list-item -->\n<li>11. Oce\u013eov\u00e9 l\u00e1vky a&nbsp;stup\u00e1ky<\/li>\n<!-- \/wp:list-item --><\/ul>\n<!-- \/wp:list -->\n\n<!-- wp:heading {\"level\":3} -->\n<h3 class=\"wp-block-heading\"> Inform\u00e1cie o trase a lokalite <\/h3>\n<!-- \/wp:heading -->\n\n<!-- wp:tadv\/classic-paragraph -->\n<p>Polohu z\u00e1\u017eitkov\u00e9ho chodn\u00edka vyzna\u010duje smerov\u00e1 tabu\u013ea, ktor\u00e1 je umiestnen\u00e1 v bl\u00edzkosti hlavnej cesty pri vstupe do obce. Informa\u010dn\u00e1 tabu\u013ea nasmeruje n\u00e1v\u0161tevn\u00edkov k parkovisku za miestnym amfite\u00e1trom, odkia\u013e z\u00e1\u017eitkov\u00fd chodn\u00edk za\u010d\u00edna.<\/p>\n<table class=\" aligncenter\" style=\"height: 409px; width: 72.8588%; border-collapse: collapse;\">\n<tbody>\n<tr style=\"height: 216px;\">\n<td style=\"width: 20%; height: 210px;\"><img class=\"aligncenter\" src=\"https:\/\/www.kosiceregion.com\/wp-content\/uploads\/2021\/05\/Icon_black__parking.png\" alt=\"\" width=\"35\" height=\"35\" \/><\/td>\n<td style=\"width: 20%; height: 210px;\">\n<p><strong>Parkovanie<\/strong><\/p>\n<p>\u00c1NO\u00a0<\/p>\n<\/td>\n<td style=\"width: 20.5727%; height: 210px;\"><img class=\"aligncenter\" src=\"https:\/\/www.kosiceregion.com\/wp-content\/uploads\/2021\/05\/Icon_black__bus.png\" alt=\"\" width=\"35\" height=\"35\" \/><\/td>\n<td style=\"width: 22.9886%; height: 210px;\">\n<p><strong>Autobusov\u00e1 zast\u00e1vka<\/strong><\/p>\n<p>\u00c1NO<\/p>\n<\/td>\n<\/tr>\n<\/tbody>\n<\/table>\n<p>\u00a0<\/p>\n<!-- \/wp:tadv\/classic-paragraph -->\n\n<!-- wp:shortcode -->\n<iframe style=\"border:none\" src=\"https:\/\/sk.frame.mapy.cz\/s\/doporokohu\" width=\"400\" height=\"280\" frameborder=\"0\"><\/iframe>\n<!-- \/wp:shortcode -->\n\n<!-- wp:paragraph -->\n<p><\/p>\n<!-- \/wp:paragraph -->\n\n<!-- wp:image {\"id\":11509,\"sizeSlug\":\"large\",\"linkDestination\":\"none\"} -->\n<figure class=\"wp-block-image size-large\"><img src=\"https:\/\/www.kosiceregion.com\/wp-content\/uploads\/2023\/09\/Obrazok1-1-1024x467.jpg\" alt=\"\" class=\"wp-image-11509\"\/><\/figure>\n<!-- \/wp:image -->","_sk_post_name":"zazitkovy-chodnik-v-rejdovej","_sk_post_excerpt":"","_sk_post_title":"Z\u00e1\u017eitkov\u00fd chodn\u00edk v Rejdovej","_en_post_content":"","_en_post_name":"","_en_post_excerpt":"","_en_post_title":"","_hu_post_content":"","_hu_post_name":"","_hu_post_excerpt":"","_hu_post_title":"","_es_post_content":"","_es_post_name":"","_es_post_excerpt":"","_es_post_title":"","_de_post_content":"","_de_post_name":"","_de_post_excerpt":"","_de_post_title":"","_pl_post_content":"","_pl_post_name":"","_pl_post_excerpt":"","_pl_post_title":"","_it_post_content":"","_it_post_name":"","_it_post_excerpt":"","_it_post_title":"","edit_language":"hu","footnotes":""},"categories":[22,20],"tags":[],"class_list":["post-11497","post","type-post","status-publish","format-standard","has-post-thumbnail","hentry","category-get-inspired","category-for-kids"],"acf":[],"yoast_head":"<!-- This site is optimized with the Yoast SEO Premium plugin v25.5 (Yoast SEO v27.4) - https:\/\/yoast.com\/product\/yoast-seo-premium-wordpress\/ -->\n<title>Ko\u0161ice Regi\u00f3n<\/title>\n<meta name=\"description\" content=\"Ambas\u00e1dori Kraja sveta: Na cest\u00e1ch s Nikou\n\n\n\nTaktie\u017e uva\u017eujete, na ak\u00fd v\u00fdlet sa vybra\u0165, aby ste na danom mieste videli nie\u010do kr\u00e1sne, ale taktie\u017e nie\u010do zauj\u00edmav\u00e9? M\u00e1m pre v\u00e1s rie\u0161enie!\n\n\n\nV&nbsp;malebnej dedinke Rejdov\u00e1\u2026\" \/>\n<meta name=\"robots\" content=\"index, follow, max-snippet:-1, max-image-preview:large, max-video-preview:-1\" \/>\n<link rel=\"canonical\" href=\"https:\/\/www.kosiceregion.com\/sk\/zazitkovy-chodnik-v-rejdovej\/\" \/>\n<meta property=\"og:locale\" content=\"hu_HU\" \/>\n<meta property=\"og:type\" content=\"article\" \/>\n<meta property=\"og:title\" content=\"Z\u00e1\u017eitkov\u00fd chodn\u00edk v Rejdovej\" \/>\n<meta property=\"og:description\" content=\"Ambas\u00e1dori Kraja sveta: Na cest\u00e1ch s Nikou - Taktie\u017e uva\u017eujete, na ak\u00fd v\u00fdlet sa vybra\u0165, aby ste na danom mieste videli nie\u010do kr\u00e1sne, ale taktie\u017e nie\u010do zauj\u00edmav\u00e9? M\u00e1m pre v\u00e1s rie\u0161enie! - Z\u00e1\u017eitkov\u00fd chodn\u00edk v Rejdovej\" \/>\n<meta property=\"og:url\" content=\"https:\/\/www.kosiceregion.com\/hu\/wp-json\/wp\/v2\/posts\/11497\" \/>\n<meta property=\"og:site_name\" content=\"Ko\u0161ice Regi\u00f3n\" \/>\n<meta property=\"article:publisher\" content=\"https:\/\/www.facebook.com\/kosiceregion\" \/>\n<meta property=\"article:published_time\" content=\"2023-09-29T09:10:23+00:00\" \/>\n<meta property=\"article:modified_time\" content=\"2023-09-29T09:37:23+00:00\" \/>\n<meta property=\"og:image\" content=\"https:\/\/www.kosiceregion.com\/wp-content\/uploads\/2023\/09\/Haravara-pribehove-ilustracie-FB-16.jpg\" \/>\n\t<meta property=\"og:image:width\" content=\"1200\" \/>\n\t<meta property=\"og:image:height\" content=\"628\" \/>\n\t<meta property=\"og:image:type\" content=\"image\/jpeg\" \/>\n<meta name=\"author\" content=\"Paula Buliakov\u00e1 Tegelhof\" \/>\n<meta name=\"twitter:card\" content=\"summary_large_image\" \/>\n<meta name=\"twitter:creator\" content=\"@KOSICEREGION\" \/>\n<meta name=\"twitter:site\" content=\"@KOSICEREGION\" \/>\n<meta name=\"twitter:label1\" content=\"Szerz\u0151:\" \/>\n\t<meta name=\"twitter:data1\" content=\"Paula Buliakov\u00e1 Tegelhof\" \/>\n\t<meta name=\"twitter:label2\" content=\"Becs\u00fclt olvas\u00e1si id\u0151\" \/>\n\t<meta name=\"twitter:data2\" content=\"7 perc\" \/>\n<script type=\"application\/ld+json\" class=\"yoast-schema-graph\">{\"@context\":\"https:\\\/\\\/schema.org\",\"@graph\":[{\"@type\":\"Article\",\"@id\":\"https:\\\/\\\/www.kosiceregion.com\\\/sk\\\/zazitkovy-chodnik-v-rejdovej\\\/#article\",\"isPartOf\":{\"@id\":\"https:\\\/\\\/www.kosiceregion.com\\\/sk\\\/zazitkovy-chodnik-v-rejdovej\\\/\"},\"author\":{\"name\":\"Paula Buliakov\u00e1 Tegelhof\",\"@id\":\"https:\\\/\\\/www.kosiceregion.com\\\/#\\\/schema\\\/person\\\/f58f7c5f26e77a35dc3bf96d432dbd05\"},\"headline\":\"Z\u00e1\u017eitkov\u00fd chodn\u00edk v Rejdovej\",\"datePublished\":\"2023-09-29T09:10:23+00:00\",\"dateModified\":\"2023-09-29T09:37:23+00:00\",\"mainEntityOfPage\":{\"@id\":\"https:\\\/\\\/www.kosiceregion.com\\\/sk\\\/zazitkovy-chodnik-v-rejdovej\\\/\"},\"wordCount\":727,\"publisher\":{\"@id\":\"https:\\\/\\\/www.kosiceregion.com\\\/#organization\"},\"image\":{\"@id\":\"https:\\\/\\\/www.kosiceregion.com\\\/sk\\\/zazitkovy-chodnik-v-rejdovej\\\/#primaryimage\"},\"thumbnailUrl\":\"https:\\\/\\\/www.kosiceregion.com\\\/wp-content\\\/uploads\\\/2023\\\/09\\\/6-scaled.jpg\",\"articleSection\":[\"In\u0161piruj sa\",\"Pre deti\"],\"inLanguage\":\"hu\"},{\"@type\":\"WebPage\",\"@id\":\"https:\\\/\\\/www.kosiceregion.com\\\/sk\\\/zazitkovy-chodnik-v-rejdovej\\\/\",\"url\":\"https:\\\/\\\/www.kosiceregion.com\\\/sk\\\/zazitkovy-chodnik-v-rejdovej\\\/\",\"name\":\"Z\u00e1\u017eitkov\u00fd chodn\u00edk v Rejdovej - Ko\u0161ice Regi\u00f3n\",\"isPartOf\":{\"@id\":\"https:\\\/\\\/www.kosiceregion.com\\\/#website\"},\"primaryImageOfPage\":{\"@id\":\"https:\\\/\\\/www.kosiceregion.com\\\/sk\\\/zazitkovy-chodnik-v-rejdovej\\\/#primaryimage\"},\"image\":{\"@id\":\"https:\\\/\\\/www.kosiceregion.com\\\/sk\\\/zazitkovy-chodnik-v-rejdovej\\\/#primaryimage\"},\"thumbnailUrl\":\"https:\\\/\\\/www.kosiceregion.com\\\/wp-content\\\/uploads\\\/2023\\\/09\\\/6-scaled.jpg\",\"datePublished\":\"2023-09-29T09:10:23+00:00\",\"dateModified\":\"2023-09-29T09:37:23+00:00\",\"description\":\"Ambas\u00e1dori Kraja sveta: Na cest\u00e1ch s Nikou -In\u0161pirujte sa tipom na v\u00fdlet od Na\u0161ej lok\u00e1lnej ambas\u00e1dorky - Z\u00e1\u017eitkov\u00fd chodn\u00edk v Rejdovej\",\"breadcrumb\":{\"@id\":\"https:\\\/\\\/www.kosiceregion.com\\\/sk\\\/zazitkovy-chodnik-v-rejdovej\\\/#breadcrumb\"},\"inLanguage\":\"hu\",\"potentialAction\":[{\"@type\":\"ReadAction\",\"target\":[\"https:\\\/\\\/www.kosiceregion.com\\\/sk\\\/zazitkovy-chodnik-v-rejdovej\\\/\"]}]},{\"@type\":\"ImageObject\",\"inLanguage\":\"hu\",\"@id\":\"https:\\\/\\\/www.kosiceregion.com\\\/sk\\\/zazitkovy-chodnik-v-rejdovej\\\/#primaryimage\",\"url\":\"https:\\\/\\\/www.kosiceregion.com\\\/wp-content\\\/uploads\\\/2023\\\/09\\\/6-scaled.jpg\",\"contentUrl\":\"https:\\\/\\\/www.kosiceregion.com\\\/wp-content\\\/uploads\\\/2023\\\/09\\\/6-scaled.jpg\",\"width\":2560,\"height\":1920},{\"@type\":\"BreadcrumbList\",\"@id\":\"https:\\\/\\\/www.kosiceregion.com\\\/sk\\\/zazitkovy-chodnik-v-rejdovej\\\/#breadcrumb\",\"itemListElement\":[{\"@type\":\"ListItem\",\"position\":1,\"name\":\"Home\",\"item\":\"https:\\\/\\\/www.kosiceregion.com\\\/sk\\\/\"},{\"@type\":\"ListItem\",\"position\":2,\"name\":\"Z\u00e1\u017eitkov\u00fd chodn\u00edk v Rejdovej\"}]},{\"@type\":\"WebSite\",\"@id\":\"https:\\\/\\\/www.kosiceregion.com\\\/#website\",\"url\":\"https:\\\/\\\/www.kosiceregion.com\\\/\",\"name\":\"Ko\u0161ice Regi\u00f3n\",\"description\":\"Turistick\u00fd sprievodca Ko\u0161ick\u00fdm krajom\",\"publisher\":{\"@id\":\"https:\\\/\\\/www.kosiceregion.com\\\/#organization\"},\"potentialAction\":[{\"@type\":\"SearchAction\",\"target\":{\"@type\":\"EntryPoint\",\"urlTemplate\":\"https:\\\/\\\/www.kosiceregion.com\\\/?s={search_term_string}\"},\"query-input\":{\"@type\":\"PropertyValueSpecification\",\"valueRequired\":true,\"valueName\":\"search_term_string\"}}],\"inLanguage\":\"hu\"},{\"@type\":\"Organization\",\"@id\":\"https:\\\/\\\/www.kosiceregion.com\\\/#organization\",\"name\":\"Ko\u0161ice Regi\u00f3n Turizmus\",\"url\":\"https:\\\/\\\/www.kosiceregion.com\\\/\",\"logo\":{\"@type\":\"ImageObject\",\"inLanguage\":\"hu\",\"@id\":\"https:\\\/\\\/www.kosiceregion.com\\\/#\\\/schema\\\/logo\\\/image\\\/\",\"url\":\"https:\\\/\\\/www.kosiceregion.com\\\/wp-content\\\/uploads\\\/2019\\\/03\\\/logo-web-sk.png\",\"contentUrl\":\"https:\\\/\\\/www.kosiceregion.com\\\/wp-content\\\/uploads\\\/2019\\\/03\\\/logo-web-sk.png\",\"width\":225,\"height\":100,\"caption\":\"Ko\u0161ice Regi\u00f3n Turizmus\"},\"image\":{\"@id\":\"https:\\\/\\\/www.kosiceregion.com\\\/#\\\/schema\\\/logo\\\/image\\\/\"},\"sameAs\":[\"https:\\\/\\\/www.facebook.com\\\/kosiceregion\",\"https:\\\/\\\/x.com\\\/KOSICEREGION\",\"https:\\\/\\\/www.instagram.com\\\/kosiceregion\",\"https:\\\/\\\/www.youtube.com\\\/kosiceregion\"]},{\"@type\":\"Person\",\"@id\":\"https:\\\/\\\/www.kosiceregion.com\\\/#\\\/schema\\\/person\\\/f58f7c5f26e77a35dc3bf96d432dbd05\",\"name\":\"Paula Buliakov\u00e1 Tegelhof\",\"image\":{\"@type\":\"ImageObject\",\"inLanguage\":\"hu\",\"@id\":\"https:\\\/\\\/secure.gravatar.com\\\/avatar\\\/efa6a57b2e4fd9b6fdaf15acbda66a000ef0b3e50800a76a64602b268b90db7f?s=96&d=mm&r=g\",\"url\":\"https:\\\/\\\/secure.gravatar.com\\\/avatar\\\/efa6a57b2e4fd9b6fdaf15acbda66a000ef0b3e50800a76a64602b268b90db7f?s=96&d=mm&r=g\",\"contentUrl\":\"https:\\\/\\\/secure.gravatar.com\\\/avatar\\\/efa6a57b2e4fd9b6fdaf15acbda66a000ef0b3e50800a76a64602b268b90db7f?s=96&d=mm&r=g\",\"caption\":\"Paula Buliakov\u00e1 Tegelhof\"}}]}<\/script>\n<!-- \/ Yoast SEO Premium plugin. -->","yoast_head_json":{"title":"Ko\u0161ice Regi\u00f3n","description":"Ambas\u00e1dori Kraja sveta: Na cest\u00e1ch s Nikou\n\n\n\nTaktie\u017e uva\u017eujete, na ak\u00fd v\u00fdlet sa vybra\u0165, aby ste na danom mieste videli nie\u010do kr\u00e1sne, ale taktie\u017e nie\u010do zauj\u00edmav\u00e9? M\u00e1m pre v\u00e1s rie\u0161enie!\n\n\n\nV&nbsp;malebnej dedinke Rejdov\u00e1\u2026","robots":{"index":"index","follow":"follow","max-snippet":"max-snippet:-1","max-image-preview":"max-image-preview:large","max-video-preview":"max-video-preview:-1"},"canonical":"https:\/\/www.kosiceregion.com\/sk\/zazitkovy-chodnik-v-rejdovej\/","og_locale":"hu_HU","og_type":"article","og_title":"Z\u00e1\u017eitkov\u00fd chodn\u00edk v Rejdovej","og_description":"Ambas\u00e1dori Kraja sveta: Na cest\u00e1ch s Nikou - Taktie\u017e uva\u017eujete, na ak\u00fd v\u00fdlet sa vybra\u0165, aby ste na danom mieste videli nie\u010do kr\u00e1sne, ale taktie\u017e nie\u010do zauj\u00edmav\u00e9? M\u00e1m pre v\u00e1s rie\u0161enie! - Z\u00e1\u017eitkov\u00fd chodn\u00edk v Rejdovej","og_url":"https:\/\/www.kosiceregion.com\/hu\/wp-json\/wp\/v2\/posts\/11497","og_site_name":"Ko\u0161ice Regi\u00f3n","article_publisher":"https:\/\/www.facebook.com\/kosiceregion","article_published_time":"2023-09-29T09:10:23+00:00","article_modified_time":"2023-09-29T09:37:23+00:00","og_image":[{"width":1200,"height":628,"url":"https:\/\/www.kosiceregion.com\/wp-content\/uploads\/2023\/09\/Haravara-pribehove-ilustracie-FB-16.jpg","type":"image\/jpeg"}],"author":"Paula Buliakov\u00e1 Tegelhof","twitter_card":"summary_large_image","twitter_creator":"@KOSICEREGION","twitter_site":"@KOSICEREGION","twitter_misc":{"Szerz\u0151:":"Paula Buliakov\u00e1 Tegelhof","Becs\u00fclt olvas\u00e1si id\u0151":"7 perc"},"schema":{"@context":"https:\/\/schema.org","@graph":[{"@type":"Article","@id":"https:\/\/www.kosiceregion.com\/sk\/zazitkovy-chodnik-v-rejdovej\/#article","isPartOf":{"@id":"https:\/\/www.kosiceregion.com\/sk\/zazitkovy-chodnik-v-rejdovej\/"},"author":{"name":"Paula Buliakov\u00e1 Tegelhof","@id":"https:\/\/www.kosiceregion.com\/#\/schema\/person\/f58f7c5f26e77a35dc3bf96d432dbd05"},"headline":"Z\u00e1\u017eitkov\u00fd chodn\u00edk v Rejdovej","datePublished":"2023-09-29T09:10:23+00:00","dateModified":"2023-09-29T09:37:23+00:00","mainEntityOfPage":{"@id":"https:\/\/www.kosiceregion.com\/sk\/zazitkovy-chodnik-v-rejdovej\/"},"wordCount":727,"publisher":{"@id":"https:\/\/www.kosiceregion.com\/#organization"},"image":{"@id":"https:\/\/www.kosiceregion.com\/sk\/zazitkovy-chodnik-v-rejdovej\/#primaryimage"},"thumbnailUrl":"https:\/\/www.kosiceregion.com\/wp-content\/uploads\/2023\/09\/6-scaled.jpg","articleSection":["In\u0161piruj sa","Pre deti"],"inLanguage":"hu"},{"@type":"WebPage","@id":"https:\/\/www.kosiceregion.com\/sk\/zazitkovy-chodnik-v-rejdovej\/","url":"https:\/\/www.kosiceregion.com\/sk\/zazitkovy-chodnik-v-rejdovej\/","name":"Z\u00e1\u017eitkov\u00fd chodn\u00edk v Rejdovej - Ko\u0161ice Regi\u00f3n","isPartOf":{"@id":"https:\/\/www.kosiceregion.com\/#website"},"primaryImageOfPage":{"@id":"https:\/\/www.kosiceregion.com\/sk\/zazitkovy-chodnik-v-rejdovej\/#primaryimage"},"image":{"@id":"https:\/\/www.kosiceregion.com\/sk\/zazitkovy-chodnik-v-rejdovej\/#primaryimage"},"thumbnailUrl":"https:\/\/www.kosiceregion.com\/wp-content\/uploads\/2023\/09\/6-scaled.jpg","datePublished":"2023-09-29T09:10:23+00:00","dateModified":"2023-09-29T09:37:23+00:00","description":"Ambas\u00e1dori Kraja sveta: Na cest\u00e1ch s Nikou -In\u0161pirujte sa tipom na v\u00fdlet od Na\u0161ej lok\u00e1lnej ambas\u00e1dorky - Z\u00e1\u017eitkov\u00fd chodn\u00edk v Rejdovej","breadcrumb":{"@id":"https:\/\/www.kosiceregion.com\/sk\/zazitkovy-chodnik-v-rejdovej\/#breadcrumb"},"inLanguage":"hu","potentialAction":[{"@type":"ReadAction","target":["https:\/\/www.kosiceregion.com\/sk\/zazitkovy-chodnik-v-rejdovej\/"]}]},{"@type":"ImageObject","inLanguage":"hu","@id":"https:\/\/www.kosiceregion.com\/sk\/zazitkovy-chodnik-v-rejdovej\/#primaryimage","url":"https:\/\/www.kosiceregion.com\/wp-content\/uploads\/2023\/09\/6-scaled.jpg","contentUrl":"https:\/\/www.kosiceregion.com\/wp-content\/uploads\/2023\/09\/6-scaled.jpg","width":2560,"height":1920},{"@type":"BreadcrumbList","@id":"https:\/\/www.kosiceregion.com\/sk\/zazitkovy-chodnik-v-rejdovej\/#breadcrumb","itemListElement":[{"@type":"ListItem","position":1,"name":"Home","item":"https:\/\/www.kosiceregion.com\/sk\/"},{"@type":"ListItem","position":2,"name":"Z\u00e1\u017eitkov\u00fd chodn\u00edk v Rejdovej"}]},{"@type":"WebSite","@id":"https:\/\/www.kosiceregion.com\/#website","url":"https:\/\/www.kosiceregion.com\/","name":"Ko\u0161ice Regi\u00f3n","description":"Turistick\u00fd sprievodca Ko\u0161ick\u00fdm krajom","publisher":{"@id":"https:\/\/www.kosiceregion.com\/#organization"},"potentialAction":[{"@type":"SearchAction","target":{"@type":"EntryPoint","urlTemplate":"https:\/\/www.kosiceregion.com\/?s={search_term_string}"},"query-input":{"@type":"PropertyValueSpecification","valueRequired":true,"valueName":"search_term_string"}}],"inLanguage":"hu"},{"@type":"Organization","@id":"https:\/\/www.kosiceregion.com\/#organization","name":"Ko\u0161ice Regi\u00f3n Turizmus","url":"https:\/\/www.kosiceregion.com\/","logo":{"@type":"ImageObject","inLanguage":"hu","@id":"https:\/\/www.kosiceregion.com\/#\/schema\/logo\/image\/","url":"https:\/\/www.kosiceregion.com\/wp-content\/uploads\/2019\/03\/logo-web-sk.png","contentUrl":"https:\/\/www.kosiceregion.com\/wp-content\/uploads\/2019\/03\/logo-web-sk.png","width":225,"height":100,"caption":"Ko\u0161ice Regi\u00f3n Turizmus"},"image":{"@id":"https:\/\/www.kosiceregion.com\/#\/schema\/logo\/image\/"},"sameAs":["https:\/\/www.facebook.com\/kosiceregion","https:\/\/x.com\/KOSICEREGION","https:\/\/www.instagram.com\/kosiceregion","https:\/\/www.youtube.com\/kosiceregion"]},{"@type":"Person","@id":"https:\/\/www.kosiceregion.com\/#\/schema\/person\/f58f7c5f26e77a35dc3bf96d432dbd05","name":"Paula Buliakov\u00e1 Tegelhof","image":{"@type":"ImageObject","inLanguage":"hu","@id":"https:\/\/secure.gravatar.com\/avatar\/efa6a57b2e4fd9b6fdaf15acbda66a000ef0b3e50800a76a64602b268b90db7f?s=96&d=mm&r=g","url":"https:\/\/secure.gravatar.com\/avatar\/efa6a57b2e4fd9b6fdaf15acbda66a000ef0b3e50800a76a64602b268b90db7f?s=96&d=mm&r=g","contentUrl":"https:\/\/secure.gravatar.com\/avatar\/efa6a57b2e4fd9b6fdaf15acbda66a000ef0b3e50800a76a64602b268b90db7f?s=96&d=mm&r=g","caption":"Paula Buliakov\u00e1 Tegelhof"}}]}},"_links":{"self":[{"href":"https:\/\/www.kosiceregion.com\/hu\/wp-json\/wp\/v2\/posts\/11497","targetHints":{"allow":["GET"]}}],"collection":[{"href":"https:\/\/www.kosiceregion.com\/hu\/wp-json\/wp\/v2\/posts"}],"about":[{"href":"https:\/\/www.kosiceregion.com\/hu\/wp-json\/wp\/v2\/types\/post"}],"author":[{"embeddable":true,"href":"https:\/\/www.kosiceregion.com\/hu\/wp-json\/wp\/v2\/users\/15"}],"replies":[{"embeddable":true,"href":"https:\/\/www.kosiceregion.com\/hu\/wp-json\/wp\/v2\/comments?post=11497"}],"version-history":[{"count":2,"href":"https:\/\/www.kosiceregion.com\/hu\/wp-json\/wp\/v2\/posts\/11497\/revisions"}],"predecessor-version":[{"id":11513,"href":"https:\/\/www.kosiceregion.com\/hu\/wp-json\/wp\/v2\/posts\/11497\/revisions\/11513"}],"wp:featuredmedia":[{"embeddable":true,"href":"https:\/\/www.kosiceregion.com\/hu\/wp-json\/wp\/v2\/media\/11503"}],"wp:attachment":[{"href":"https:\/\/www.kosiceregion.com\/hu\/wp-json\/wp\/v2\/media?parent=11497"}],"wp:term":[{"taxonomy":"category","embeddable":true,"href":"https:\/\/www.kosiceregion.com\/hu\/wp-json\/wp\/v2\/categories?post=11497"},{"taxonomy":"post_tag","embeddable":true,"href":"https:\/\/www.kosiceregion.com\/hu\/wp-json\/wp\/v2\/tags?post=11497"}],"curies":[{"name":"wp","href":"https:\/\/api.w.org\/{rel}","templated":true}]}}