{"id":12120,"date":"2024-04-15T16:00:17","date_gmt":"2024-04-15T14:00:17","guid":{"rendered":"https:\/\/www.kosiceregion.com\/sk\/?p=12120"},"modified":"2025-01-10T11:01:49","modified_gmt":"2025-01-10T10:01:49","slug":"wow-kialtasok-a-kassai-regioban","status":"publish","type":"post","link":"https:\/\/www.kosiceregion.com\/hu\/wow-kialtasok-a-kassai-regioban\/","title":{"rendered":"\u00a0\u201eWOW\u201c - ki\u00e1lt\u00e1sok a Kassai r\u00e9gi\u00f3ban","raw":"\u00a0\u201eWOW\u201c - ki\u00e1lt\u00e1sok a Kassai r\u00e9gi\u00f3ban"},"content":{"rendered":"\n<p>\u00d6n is olyan kir\u00e1ndul\u00e1sra v\u00e1gyik, ahol a turist\u00e1k nem fordulnak el\u0151 t\u00f6megesen, nincs sorban \u00e1ll\u00e1s \u00e9s dr\u00e1ga bel\u00e9p\u0151k, de ann\u00e1l t\u00f6bb \u201eWOW, nah\u00e1t, ez t\u00e9nyleg itt van?\u201d<\/p>\n\n\n\n<p>A gy\u00f6ny\u00f6r\u0171, kalandos \u00e9s inspir\u00e1l\u00f3 helysz\u00ednek \u00e9s \u00e9lm\u00e9nyek sokszor sokkal k\u00f6zelebb \u00e1llnak hozz\u00e1nk, mint gondoln\u00e1nk.<br>Ehhez k\u00edn\u00e1lunk most n\u00e9h\u00e1ny olyan tippet, ahol egyedi emberi alkot\u00e1sokat, rendhagy\u00f3 m\u0171v\u00e9szetet, term\u00e9szetes helysz\u00edneket l\u00e1togathat meg, amelyek l\u00e1tt\u00e1n csup\u00e1n egy r\u00f6vid, a fiatalok k\u00f6r\u00e9ben gyakran haszn\u00e1t felki\u00e1lt\u00e1ssal nyugt\u00e1zza majd, hogy:&nbsp;<em>\u201eWOW, nah\u00e1t, ez igen!\u201c<\/em><\/p>\n\n\n\n<figure class=\"wp-block-image size-large\"><img decoding=\"async\" width=\"1024\" height=\"402\" src=\"https:\/\/www.kosiceregion.com\/wp-content\/uploads\/2024\/05\/DestinWeb_WOW_Kometa_HU-1024x402.jpg\" alt=\"\" class=\"wp-image-12418\" srcset=\"https:\/\/www.kosiceregion.com\/wp-content\/uploads\/2024\/05\/DestinWeb_WOW_Kometa_HU-1024x402.jpg 1024w, https:\/\/www.kosiceregion.com\/wp-content\/uploads\/2024\/05\/DestinWeb_WOW_Kometa_HU-300x118.jpg 300w, https:\/\/www.kosiceregion.com\/wp-content\/uploads\/2024\/05\/DestinWeb_WOW_Kometa_HU-768x301.jpg 768w, https:\/\/www.kosiceregion.com\/wp-content\/uploads\/2024\/05\/DestinWeb_WOW_Kometa_HU.jpg 1200w\" sizes=\"(max-width: 1024px) 100vw, 1024px\" \/><\/figure>\n\n\n\n<h3 class=\"wp-block-heading has-text-align-right\"><strong>Emberi alkot\u00e1sok \u00e9s rendhagy\u00f3 m\u0171v\u00e9szet<\/strong><\/h3>\n\n\n\n<h2 class=\"wp-block-heading\"><strong>A Green Point kil\u00e1t\u00f3torony<\/strong><\/h2>\n\n\n\n<p>Klukn\u00f3 (Kluknava) k\u00f6zs\u00e9g felett, a&nbsp;Kremenec nev\u0171 domb tetej\u00e9n egy 35 m magas, meglep\u0151 \u00e9s egyedi kil\u00e1t\u00f3 magasodik. Hogy mit\u0151l m\u00e1s \u00e9s egyedi?<\/p>\n\n\n\n<p>Els\u0151sorban az\u00e9rt, mert energetikailag \u00f6nfenntart\u00f3, ami Szlov\u00e1ki\u00e1ban kiv\u00e9teles. A&nbsp;cs\u00facs\u00e1n sz\u00e9lturbin\u00e1k \u00e9s fotovoltaikus elemek vannak \u00e9s ennek k\u00f6sz\u00f6nhet\u0151en a&nbsp;m\u0171k\u00f6d\u00e9se eg\u00e9sz nap \u00e9s eg\u00e9sz \u00e9vben megoldott. Ingyenesen felt\u00f6ltheti itt a&nbsp;mobiltelefonj\u00e1t vagy az elektromos ker\u00e9kp\u00e1rj\u00e1t, vagy egyszer\u0171en csak r\u00e9szt vehet egy esti kalandban. A&nbsp;torony ugyanis \u00e9jjel is meg van vil\u00e1g\u00edtva&#8230;.sz\u00f3val, ez egy \u201eWOW\u201c torony! Tervezze meg a&nbsp;kir\u00e1ndul\u00e1s\u00e1t a&nbsp;GreenPoint kil\u00e1t\u00f3hoz, gyalogosan vagy ker\u00e9kp\u00e1ron, gyerekekkel vagy kettesben, mint egy romantikus esti kiruccan\u00e1st. Meg\u00e9ri.<\/p>\n\n\n\n<div class=\"wp-block-columns is-layout-flex wp-container-core-columns-is-layout-9d6595d7 wp-block-columns-is-layout-flex\">\n<div class=\"wp-block-column is-layout-flow wp-block-column-is-layout-flow\">\n<figure class=\"wp-block-gallery has-nested-images columns-default is-cropped wp-block-gallery-2 is-layout-flex wp-block-gallery-is-layout-flex\">\n<figure data-wp-context=\"{&quot;imageId&quot;:&quot;69ed9697cda57&quot;}\" data-wp-interactive=\"core\/image\" data-wp-key=\"69ed9697cda57\" class=\"wp-block-image size-full is-style-default wp-lightbox-container\"><img decoding=\"async\" width=\"1200\" height=\"675\" data-wp-class--hide=\"state.isContentHidden\" data-wp-class--show=\"state.isContentVisible\" data-wp-init=\"callbacks.setButtonStyles\" data-wp-on--click=\"actions.showLightbox\" data-wp-on--load=\"callbacks.setButtonStyles\" data-wp-on-window--resize=\"callbacks.setButtonStyles\" data-id=\"12419\" src=\"https:\/\/www.kosiceregion.com\/wp-content\/uploads\/2024\/05\/16to9_WOW_Kluknava_HU.jpg\" alt=\"\" class=\"wp-image-12419\" srcset=\"https:\/\/www.kosiceregion.com\/wp-content\/uploads\/2024\/05\/16to9_WOW_Kluknava_HU.jpg 1200w, https:\/\/www.kosiceregion.com\/wp-content\/uploads\/2024\/05\/16to9_WOW_Kluknava_HU-300x169.jpg 300w, https:\/\/www.kosiceregion.com\/wp-content\/uploads\/2024\/05\/16to9_WOW_Kluknava_HU-1024x576.jpg 1024w, https:\/\/www.kosiceregion.com\/wp-content\/uploads\/2024\/05\/16to9_WOW_Kluknava_HU-768x432.jpg 768w\" sizes=\"(max-width: 1200px) 100vw, 1200px\" \/><button\n\t\t\tclass=\"lightbox-trigger\"\n\t\t\ttype=\"button\"\n\t\t\taria-haspopup=\"dialog\"\n\t\t\taria-label=\"Nagy\u00edt\u00e1s\"\n\t\t\tdata-wp-init=\"callbacks.initTriggerButton\"\n\t\t\tdata-wp-on--click=\"actions.showLightbox\"\n\t\t\tdata-wp-style--right=\"state.imageButtonRight\"\n\t\t\tdata-wp-style--top=\"state.imageButtonTop\"\n\t\t>\n\t\t\t<svg xmlns=\"http:\/\/www.w3.org\/2000\/svg\" width=\"12\" height=\"12\" fill=\"none\" viewBox=\"0 0 12 12\">\n\t\t\t\t<path fill=\"#fff\" d=\"M2 0a2 2 0 0 0-2 2v2h1.5V2a.5.5 0 0 1 .5-.5h2V0H2Zm2 10.5H2a.5.5 0 0 1-.5-.5V8H0v2a2 2 0 0 0 2 2h2v-1.5ZM8 12v-1.5h2a.5.5 0 0 0 .5-.5V8H12v2a2 2 0 0 1-2 2H8Zm2-12a2 2 0 0 1 2 2v2h-1.5V2a.5.5 0 0 0-.5-.5H8V0h2Z\" \/>\n\t\t\t<\/svg>\n\t\t<\/button><\/figure>\n<\/figure>\n<\/div>\n\n\n\n<div class=\"wp-block-column is-layout-flow wp-block-column-is-layout-flow\" style=\"flex-basis:50%\">\n<figure data-wp-context=\"{&quot;imageId&quot;:&quot;69ed9697cddc7&quot;}\" data-wp-interactive=\"core\/image\" data-wp-key=\"69ed9697cddc7\" class=\"wp-block-image size-large is-resized wp-lightbox-container\"><img decoding=\"async\" width=\"1200\" height=\"675\" data-wp-class--hide=\"state.isContentHidden\" data-wp-class--show=\"state.isContentVisible\" data-wp-init=\"callbacks.setButtonStyles\" data-wp-on--click=\"actions.showLightbox\" data-wp-on--load=\"callbacks.setButtonStyles\" data-wp-on-window--resize=\"callbacks.setButtonStyles\" src=\"https:\/\/www.kosiceregion.com\/wp-content\/uploads\/2024\/04\/KRT-GreenPoint-highres-4-1-edited.jpg\" alt=\"\" class=\"wp-image-12124\" style=\"width:389px;height:auto\" srcset=\"https:\/\/www.kosiceregion.com\/wp-content\/uploads\/2024\/04\/KRT-GreenPoint-highres-4-1-edited.jpg 1200w, https:\/\/www.kosiceregion.com\/wp-content\/uploads\/2024\/04\/KRT-GreenPoint-highres-4-1-edited-300x169.jpg 300w, https:\/\/www.kosiceregion.com\/wp-content\/uploads\/2024\/04\/KRT-GreenPoint-highres-4-1-edited-1024x576.jpg 1024w, https:\/\/www.kosiceregion.com\/wp-content\/uploads\/2024\/04\/KRT-GreenPoint-highres-4-1-edited-768x432.jpg 768w\" sizes=\"(max-width: 1200px) 100vw, 1200px\" \/><button\n\t\t\tclass=\"lightbox-trigger\"\n\t\t\ttype=\"button\"\n\t\t\taria-haspopup=\"dialog\"\n\t\t\taria-label=\"Nagy\u00edt\u00e1s\"\n\t\t\tdata-wp-init=\"callbacks.initTriggerButton\"\n\t\t\tdata-wp-on--click=\"actions.showLightbox\"\n\t\t\tdata-wp-style--right=\"state.imageButtonRight\"\n\t\t\tdata-wp-style--top=\"state.imageButtonTop\"\n\t\t>\n\t\t\t<svg xmlns=\"http:\/\/www.w3.org\/2000\/svg\" width=\"12\" height=\"12\" fill=\"none\" viewBox=\"0 0 12 12\">\n\t\t\t\t<path fill=\"#fff\" d=\"M2 0a2 2 0 0 0-2 2v2h1.5V2a.5.5 0 0 1 .5-.5h2V0H2Zm2 10.5H2a.5.5 0 0 1-.5-.5V8H0v2a2 2 0 0 0 2 2h2v-1.5ZM8 12v-1.5h2a.5.5 0 0 0 .5-.5V8H12v2a2 2 0 0 1-2 2H8Zm2-12a2 2 0 0 1 2 2v2h-1.5V2a.5.5 0 0 0-.5-.5H8V0h2Z\" \/>\n\t\t\t<\/svg>\n\t\t<\/button><\/figure>\n<\/div>\n<\/div>\n\n\n\n<h2 class=\"wp-block-heading has-text-align-right\"><strong><strong>\u00dcst\u00f6k\u00f6s a&nbsp;Sz\u00e1del\u0151i v\u00f6lgyben<\/strong><\/strong><\/h2>\n\n\n\n<p>Ha \u00fagy gondolja, hogy nem \u00e9rt a&nbsp;modern m\u0171v\u00e9szetekhez, sz\u00edvesen \u00fatbaigaz\u00edtjuk. Egy term\u00e9szeti rezerv\u00e1tum sz\u00e9l\u00e9n, a&nbsp;Sz\u00e1del\u0151i szurdok kezdet\u00e9n, a parkol\u00f3 k\u00f6zel\u00e9ben egy m\u0171v\u00e9szi install\u00e1ci\u00f3 d\u00f6bbenti meg a&nbsp;l\u00e1togat\u00f3kat, amely form\u00e1j\u00e1ban \u00e9s elhelyez\u00e9s\u00e9ben egy \u00e9gen rep\u00fcl\u0151 \u00fcst\u00f6k\u00f6sre eml\u00e9keztet.<\/p>\n\n\n\n<p>Engedje szabadj\u00e1ra a&nbsp;fant\u00e1zi\u00e1j\u00e1t \u00e9s am\u00edg beolvassa az \u00e9rdekes landart m\u0171t\u00e1rgy QR k\u00f3dj\u00e1t, ahonnan hangz\u00f3 le\u00edr\u00e1st t\u00f6lthet le, figyelje meg, milyen rendhagy\u00f3 anyagokb\u00f3l k\u00e9sz\u00fclt \u2013 \u201eHogy micsoda? Betonkever\u0151 \u00e9s r\u00e9gi kar\u00e1csonyf\u00e1k? WOW!\u201c Csak nyugodtan szeml\u00e9l\u0151dj\u00f6n, \u00e9s ez\u00fattal nem \u00e1rulunk el t\u00f6bbet, csak annyit, hogy ez a&nbsp;kiv\u00e1l\u00f3 min\u0151s\u00e9g\u0171 m\u0171t\u00e1rgy k\u00e9ts\u00e9gtelen\u00fcl er\u0151s szimbolik\u00e1t hordoz. A&nbsp;hozz\u00e1 kapcsol\u00f3d\u00f3 vide\u00f3kb\u00f3l a&nbsp;helysz\u00ednen azt is megtudhatja, hogyan \u00e9s mi\u00e9rt j\u00f6tt l\u00e9tre.<\/p>\n\n\n\n<div class=\"wp-block-columns is-layout-flex wp-container-core-columns-is-layout-9d6595d7 wp-block-columns-is-layout-flex\">\n<div class=\"wp-block-column is-layout-flow wp-block-column-is-layout-flow\">\n<figure data-wp-context=\"{&quot;imageId&quot;:&quot;69ed9697ce2e1&quot;}\" data-wp-interactive=\"core\/image\" data-wp-key=\"69ed9697ce2e1\" class=\"wp-block-image size-large wp-lightbox-container\"><img decoding=\"async\" width=\"1024\" height=\"576\" data-wp-class--hide=\"state.isContentHidden\" data-wp-class--show=\"state.isContentVisible\" data-wp-init=\"callbacks.setButtonStyles\" data-wp-on--click=\"actions.showLightbox\" data-wp-on--load=\"callbacks.setButtonStyles\" data-wp-on-window--resize=\"callbacks.setButtonStyles\" src=\"https:\/\/www.kosiceregion.com\/wp-content\/uploads\/2024\/05\/16to9_WOW_Zadiel_HU-1024x576.jpg\" alt=\"\" class=\"wp-image-12420\" srcset=\"https:\/\/www.kosiceregion.com\/wp-content\/uploads\/2024\/05\/16to9_WOW_Zadiel_HU-1024x576.jpg 1024w, https:\/\/www.kosiceregion.com\/wp-content\/uploads\/2024\/05\/16to9_WOW_Zadiel_HU-300x169.jpg 300w, https:\/\/www.kosiceregion.com\/wp-content\/uploads\/2024\/05\/16to9_WOW_Zadiel_HU-768x432.jpg 768w, https:\/\/www.kosiceregion.com\/wp-content\/uploads\/2024\/05\/16to9_WOW_Zadiel_HU.jpg 1200w\" sizes=\"(max-width: 1024px) 100vw, 1024px\" \/><button\n\t\t\tclass=\"lightbox-trigger\"\n\t\t\ttype=\"button\"\n\t\t\taria-haspopup=\"dialog\"\n\t\t\taria-label=\"Nagy\u00edt\u00e1s\"\n\t\t\tdata-wp-init=\"callbacks.initTriggerButton\"\n\t\t\tdata-wp-on--click=\"actions.showLightbox\"\n\t\t\tdata-wp-style--right=\"state.imageButtonRight\"\n\t\t\tdata-wp-style--top=\"state.imageButtonTop\"\n\t\t>\n\t\t\t<svg xmlns=\"http:\/\/www.w3.org\/2000\/svg\" width=\"12\" height=\"12\" fill=\"none\" viewBox=\"0 0 12 12\">\n\t\t\t\t<path fill=\"#fff\" d=\"M2 0a2 2 0 0 0-2 2v2h1.5V2a.5.5 0 0 1 .5-.5h2V0H2Zm2 10.5H2a.5.5 0 0 1-.5-.5V8H0v2a2 2 0 0 0 2 2h2v-1.5ZM8 12v-1.5h2a.5.5 0 0 0 .5-.5V8H12v2a2 2 0 0 1-2 2H8Zm2-12a2 2 0 0 1 2 2v2h-1.5V2a.5.5 0 0 0-.5-.5H8V0h2Z\" \/>\n\t\t\t<\/svg>\n\t\t<\/button><\/figure>\n<\/div>\n\n\n\n<div class=\"wp-block-column is-layout-flow wp-block-column-is-layout-flow\">\n<figure data-wp-context=\"{&quot;imageId&quot;:&quot;69ed9697ce54e&quot;}\" data-wp-interactive=\"core\/image\" data-wp-key=\"69ed9697ce54e\" class=\"wp-block-image size-large is-resized wp-lightbox-container\"><img decoding=\"async\" width=\"1024\" height=\"682\" data-wp-class--hide=\"state.isContentHidden\" data-wp-class--show=\"state.isContentVisible\" data-wp-init=\"callbacks.setButtonStyles\" data-wp-on--click=\"actions.showLightbox\" data-wp-on--load=\"callbacks.setButtonStyles\" data-wp-on-window--resize=\"callbacks.setButtonStyles\" src=\"https:\/\/www.kosiceregion.com\/wp-content\/uploads\/2024\/04\/KRT_Zadiel_prvyden_lowres-8-1024x682.jpg\" alt=\"\" class=\"wp-image-12126\" style=\"width:343px;height:auto\" srcset=\"https:\/\/www.kosiceregion.com\/wp-content\/uploads\/2024\/04\/KRT_Zadiel_prvyden_lowres-8-1024x682.jpg 1024w, https:\/\/www.kosiceregion.com\/wp-content\/uploads\/2024\/04\/KRT_Zadiel_prvyden_lowres-8-300x200.jpg 300w, https:\/\/www.kosiceregion.com\/wp-content\/uploads\/2024\/04\/KRT_Zadiel_prvyden_lowres-8-768x511.jpg 768w, https:\/\/www.kosiceregion.com\/wp-content\/uploads\/2024\/04\/KRT_Zadiel_prvyden_lowres-8-1536x1022.jpg 1536w, https:\/\/www.kosiceregion.com\/wp-content\/uploads\/2024\/04\/KRT_Zadiel_prvyden_lowres-8.jpg 1998w\" sizes=\"(max-width: 1024px) 100vw, 1024px\" \/><button\n\t\t\tclass=\"lightbox-trigger\"\n\t\t\ttype=\"button\"\n\t\t\taria-haspopup=\"dialog\"\n\t\t\taria-label=\"Nagy\u00edt\u00e1s\"\n\t\t\tdata-wp-init=\"callbacks.initTriggerButton\"\n\t\t\tdata-wp-on--click=\"actions.showLightbox\"\n\t\t\tdata-wp-style--right=\"state.imageButtonRight\"\n\t\t\tdata-wp-style--top=\"state.imageButtonTop\"\n\t\t>\n\t\t\t<svg xmlns=\"http:\/\/www.w3.org\/2000\/svg\" width=\"12\" height=\"12\" fill=\"none\" viewBox=\"0 0 12 12\">\n\t\t\t\t<path fill=\"#fff\" d=\"M2 0a2 2 0 0 0-2 2v2h1.5V2a.5.5 0 0 1 .5-.5h2V0H2Zm2 10.5H2a.5.5 0 0 1-.5-.5V8H0v2a2 2 0 0 0 2 2h2v-1.5ZM8 12v-1.5h2a.5.5 0 0 0 .5-.5V8H12v2a2 2 0 0 1-2 2H8Zm2-12a2 2 0 0 1 2 2v2h-1.5V2a.5.5 0 0 0-.5-.5H8V0h2Z\" \/>\n\t\t\t<\/svg>\n\t\t<\/button><\/figure>\n<\/div>\n<\/div>\n\n\n\n<h3 class=\"wp-block-heading has-text-align-right\"><strong>Rendhagy\u00f3 ipari m\u0171eml\u00e9kek<\/strong><\/h3>\n\n\n\n<h2 class=\"wp-block-heading\"><strong>Rendhagy\u00f3 ipari m\u0171eml\u00e9kek<\/strong><\/h2>\n\n\n\n<p>A&nbsp;Pels\u0151ci-fenns\u00edkon a&nbsp;20. sz\u00e1zad elej\u00e9n egy k\u00f6r alak\u00fa \u00e9p\u00edtm\u00e9ny jelent meg, amely ak\u00e1r egy f\u00f6ld\u00f6nk\u00edv\u00fcli civiliz\u00e1ci\u00f3 l\u00e1togat\u00e1s\u00e1t is id\u00e9zhetn\u00e9. A&nbsp;k\u00fcl\u00f6n\u00f6s, f\u00f6ldbe \u00fcltetett alakzat m\u00e9g ma is nagyszer\u0171nek l\u00e1tszik, noha az id\u0151 vasfoga is kikezdte. \u201eWOW!\u201c, vajon t\u00e9nyleg uf\u00f3k sz\u00e1lltak le ide?\u201c<\/p>\n\n\n\n<p>Biztos\u00edthatjuk \u00d6n\u00f6ket, hogy ez az \u00e9p\u00edtm\u00e9ny kiz\u00e1r\u00f3lag az emberi elme \u00e9s szellemess\u00e9g eredm\u00e9nye, amelyet a&nbsp;term\u00e9szet er\u0151ivel \u00e9s az id\u0151j\u00e1r\u00e1s kedvez\u0151tlen hat\u00e1saival v\u00edvott \u00e9vsz\u00e1zados harc hozott l\u00e9tre. A&nbsp;nagy sz\u00e1razs\u00e1g miatt t\u00e1madt az akkori miniszternek, gr\u00f3f Ser\u00e9nyi B\u00e9l\u00e1nak az az \u00f6tlete, hogy a&nbsp;pels\u0151ci legel\u0151n egy itat\u00f3t \u00e9p\u00edtsen az \u00e1llatok sz\u00e1m\u00e1ra.<\/p>\n\n\n\n<p>A&nbsp;Ser\u00e9nyi-k\u00fat is egy olyan helysz\u00edn, ahov\u00e1 a turist\u00e1k nem t\u00f6megekben \u00e9rkeznek. Az ipari m\u0171t\u00e1rgyhoz vezet\u0151 8,4 km hossz\u00fa \u00fatvonal turisztikai jelz\u00e9ssel ell\u00e1tott, a&nbsp;terep nem neh\u00e9z, gyerekekkel is bej\u00e1rhat\u00f3, gyalogosan vagy ker\u00e9kp\u00e1ron. A&nbsp;k\u00f6zeli k\u00f6zs\u00e9gben lehet parkolni \u00e9s ak\u00e1r egy j\u00f3t eb\u00e9delni is.<\/p>\n\n\n\n<div class=\"wp-block-columns is-layout-flex wp-container-core-columns-is-layout-9d6595d7 wp-block-columns-is-layout-flex\">\n<div class=\"wp-block-column is-layout-flow wp-block-column-is-layout-flow\">\n<figure data-wp-context=\"{&quot;imageId&quot;:&quot;69ed9697cea72&quot;}\" data-wp-interactive=\"core\/image\" data-wp-key=\"69ed9697cea72\" class=\"wp-block-image size-large wp-lightbox-container\"><img decoding=\"async\" width=\"1024\" height=\"576\" data-wp-class--hide=\"state.isContentHidden\" data-wp-class--show=\"state.isContentVisible\" data-wp-init=\"callbacks.setButtonStyles\" data-wp-on--click=\"actions.showLightbox\" data-wp-on--load=\"callbacks.setButtonStyles\" data-wp-on-window--resize=\"callbacks.setButtonStyles\" src=\"https:\/\/www.kosiceregion.com\/wp-content\/uploads\/2024\/05\/16to9_WOW_Cisterna_HU-1024x576.jpg\" alt=\"\" class=\"wp-image-12421\" srcset=\"https:\/\/www.kosiceregion.com\/wp-content\/uploads\/2024\/05\/16to9_WOW_Cisterna_HU-1024x576.jpg 1024w, https:\/\/www.kosiceregion.com\/wp-content\/uploads\/2024\/05\/16to9_WOW_Cisterna_HU-300x169.jpg 300w, https:\/\/www.kosiceregion.com\/wp-content\/uploads\/2024\/05\/16to9_WOW_Cisterna_HU-768x432.jpg 768w, https:\/\/www.kosiceregion.com\/wp-content\/uploads\/2024\/05\/16to9_WOW_Cisterna_HU.jpg 1200w\" sizes=\"(max-width: 1024px) 100vw, 1024px\" \/><button\n\t\t\tclass=\"lightbox-trigger\"\n\t\t\ttype=\"button\"\n\t\t\taria-haspopup=\"dialog\"\n\t\t\taria-label=\"Nagy\u00edt\u00e1s\"\n\t\t\tdata-wp-init=\"callbacks.initTriggerButton\"\n\t\t\tdata-wp-on--click=\"actions.showLightbox\"\n\t\t\tdata-wp-style--right=\"state.imageButtonRight\"\n\t\t\tdata-wp-style--top=\"state.imageButtonTop\"\n\t\t>\n\t\t\t<svg xmlns=\"http:\/\/www.w3.org\/2000\/svg\" width=\"12\" height=\"12\" fill=\"none\" viewBox=\"0 0 12 12\">\n\t\t\t\t<path fill=\"#fff\" d=\"M2 0a2 2 0 0 0-2 2v2h1.5V2a.5.5 0 0 1 .5-.5h2V0H2Zm2 10.5H2a.5.5 0 0 1-.5-.5V8H0v2a2 2 0 0 0 2 2h2v-1.5ZM8 12v-1.5h2a.5.5 0 0 0 .5-.5V8H12v2a2 2 0 0 1-2 2H8Zm2-12a2 2 0 0 1 2 2v2h-1.5V2a.5.5 0 0 0-.5-.5H8V0h2Z\" \/>\n\t\t\t<\/svg>\n\t\t<\/button><\/figure>\n<\/div>\n\n\n\n<div class=\"wp-block-column is-layout-flow wp-block-column-is-layout-flow\">\n<figure data-wp-context=\"{&quot;imageId&quot;:&quot;69ed9697cece1&quot;}\" data-wp-interactive=\"core\/image\" data-wp-key=\"69ed9697cece1\" class=\"wp-block-image size-large is-resized wp-lightbox-container\"><img decoding=\"async\" width=\"1024\" height=\"683\" data-wp-class--hide=\"state.isContentHidden\" data-wp-class--show=\"state.isContentVisible\" data-wp-init=\"callbacks.setButtonStyles\" data-wp-on--click=\"actions.showLightbox\" data-wp-on--load=\"callbacks.setButtonStyles\" data-wp-on-window--resize=\"callbacks.setButtonStyles\" src=\"https:\/\/www.kosiceregion.com\/wp-content\/uploads\/2024\/04\/KP_0035-1024x683.jpg\" alt=\"\" class=\"wp-image-12128\" style=\"width:341px;height:auto\" srcset=\"https:\/\/www.kosiceregion.com\/wp-content\/uploads\/2024\/04\/KP_0035-1024x683.jpg 1024w, https:\/\/www.kosiceregion.com\/wp-content\/uploads\/2024\/04\/KP_0035-300x200.jpg 300w, https:\/\/www.kosiceregion.com\/wp-content\/uploads\/2024\/04\/KP_0035-768x512.jpg 768w, https:\/\/www.kosiceregion.com\/wp-content\/uploads\/2024\/04\/KP_0035-1536x1024.jpg 1536w, https:\/\/www.kosiceregion.com\/wp-content\/uploads\/2024\/04\/KP_0035-2048x1365.jpg 2048w\" sizes=\"(max-width: 1024px) 100vw, 1024px\" \/><button\n\t\t\tclass=\"lightbox-trigger\"\n\t\t\ttype=\"button\"\n\t\t\taria-haspopup=\"dialog\"\n\t\t\taria-label=\"Nagy\u00edt\u00e1s\"\n\t\t\tdata-wp-init=\"callbacks.initTriggerButton\"\n\t\t\tdata-wp-on--click=\"actions.showLightbox\"\n\t\t\tdata-wp-style--right=\"state.imageButtonRight\"\n\t\t\tdata-wp-style--top=\"state.imageButtonTop\"\n\t\t>\n\t\t\t<svg xmlns=\"http:\/\/www.w3.org\/2000\/svg\" width=\"12\" height=\"12\" fill=\"none\" viewBox=\"0 0 12 12\">\n\t\t\t\t<path fill=\"#fff\" d=\"M2 0a2 2 0 0 0-2 2v2h1.5V2a.5.5 0 0 1 .5-.5h2V0H2Zm2 10.5H2a.5.5 0 0 1-.5-.5V8H0v2a2 2 0 0 0 2 2h2v-1.5ZM8 12v-1.5h2a.5.5 0 0 0 .5-.5V8H12v2a2 2 0 0 1-2 2H8Zm2-12a2 2 0 0 1 2 2v2h-1.5V2a.5.5 0 0 0-.5-.5H8V0h2Z\" \/>\n\t\t\t<\/svg>\n\t\t<\/button><\/figure>\n<\/div>\n<\/div>\n\n\n\n<h2 class=\"wp-block-heading has-text-align-right\"><strong>Nagyszabosi alag\u00fat<\/strong><\/h2>\n\n\n\n<p>\u00dagy \u00e9rzi, hogy a&nbsp;gyerekei minden\u00fctt csak unatkoznak, vagy esetleg \u00d6n is valami nagyobb kalandra, t\u00f6bb adrenalinra v\u00e1gyik? Tartson vel\u00fcnk \u00e9s n\u00e9mi f\u00e9lelemmel fedezze fel a&nbsp;Nagyszabosi alag\u00fat titkait. A&nbsp;bej\u00e1rat egy sz\u00e9les g\u00f6d\u00f6rben t\u00e1rul el\u00e9nk, ahov\u00e1 egy fal\u00e9pcs\u0151 vezet (Vigy\u00e1zat, cs\u00faszik!) Fesz\u00fclts\u00e9ggel teli titokzatos hangulat v\u00e1rja odabent a&nbsp;gyerekeket \u00e9s feln\u0151tteket egyar\u00e1nt. Az alag\u00fat mintegy 2400 m\u00e9ter hossz\u00fa \u00e9s k\u00f6r\u00fclbel\u00fcl&nbsp; egy \u00f3ra alatt v\u00e9gigj\u00e1rhat\u00f3&#8230; &nbsp;\u201eWOW, ilyen sok\u00e1ig lesz\u00fcnk teljes s\u00f6t\u00e9ts\u00e9gben?\u201c&nbsp;Azt is fontos tudni, hogy a&nbsp;nagyszabosi oldalr\u00f3l az alag\u00fat bej\u00e1rata el\u0151tt egy csod\u00e1s&nbsp; mesepark v\u00e1rja a&nbsp;gyerekeket, ahol a&nbsp;Dob\u0161insk\u00fd \u00e1ltal gy\u0171jt\u00f6tt mes\u00e9k elevenednek fel.<\/p>\n\n\n\n<p><br>Szinte hihetetlen, hogy mindez a&nbsp;Kassai r\u00e9gi\u00f3ban tal\u00e1lhat\u00f3, egysz\u00f3val&nbsp;\u201eWOW\u201c<\/p>\n\n\n\n<div class=\"wp-block-columns is-layout-flex wp-container-core-columns-is-layout-9d6595d7 wp-block-columns-is-layout-flex\">\n<div class=\"wp-block-column is-layout-flow wp-block-column-is-layout-flow\">\n<figure data-wp-context=\"{&quot;imageId&quot;:&quot;69ed9697cf1be&quot;}\" data-wp-interactive=\"core\/image\" data-wp-key=\"69ed9697cf1be\" class=\"wp-block-image size-large wp-lightbox-container\"><img decoding=\"async\" width=\"1024\" height=\"576\" data-wp-class--hide=\"state.isContentHidden\" data-wp-class--show=\"state.isContentVisible\" data-wp-init=\"callbacks.setButtonStyles\" data-wp-on--click=\"actions.showLightbox\" data-wp-on--load=\"callbacks.setButtonStyles\" data-wp-on-window--resize=\"callbacks.setButtonStyles\" src=\"https:\/\/www.kosiceregion.com\/wp-content\/uploads\/2024\/05\/16to9_WOW_Tunel_HU-1024x576.jpg\" alt=\"\" class=\"wp-image-12422\" srcset=\"https:\/\/www.kosiceregion.com\/wp-content\/uploads\/2024\/05\/16to9_WOW_Tunel_HU-1024x576.jpg 1024w, https:\/\/www.kosiceregion.com\/wp-content\/uploads\/2024\/05\/16to9_WOW_Tunel_HU-300x169.jpg 300w, https:\/\/www.kosiceregion.com\/wp-content\/uploads\/2024\/05\/16to9_WOW_Tunel_HU-768x432.jpg 768w, https:\/\/www.kosiceregion.com\/wp-content\/uploads\/2024\/05\/16to9_WOW_Tunel_HU-1536x864.jpg 1536w, https:\/\/www.kosiceregion.com\/wp-content\/uploads\/2024\/05\/16to9_WOW_Tunel_HU-2048x1152.jpg 2048w\" sizes=\"(max-width: 1024px) 100vw, 1024px\" \/><button\n\t\t\tclass=\"lightbox-trigger\"\n\t\t\ttype=\"button\"\n\t\t\taria-haspopup=\"dialog\"\n\t\t\taria-label=\"Nagy\u00edt\u00e1s\"\n\t\t\tdata-wp-init=\"callbacks.initTriggerButton\"\n\t\t\tdata-wp-on--click=\"actions.showLightbox\"\n\t\t\tdata-wp-style--right=\"state.imageButtonRight\"\n\t\t\tdata-wp-style--top=\"state.imageButtonTop\"\n\t\t>\n\t\t\t<svg xmlns=\"http:\/\/www.w3.org\/2000\/svg\" width=\"12\" height=\"12\" fill=\"none\" viewBox=\"0 0 12 12\">\n\t\t\t\t<path fill=\"#fff\" d=\"M2 0a2 2 0 0 0-2 2v2h1.5V2a.5.5 0 0 1 .5-.5h2V0H2Zm2 10.5H2a.5.5 0 0 1-.5-.5V8H0v2a2 2 0 0 0 2 2h2v-1.5ZM8 12v-1.5h2a.5.5 0 0 0 .5-.5V8H12v2a2 2 0 0 1-2 2H8Zm2-12a2 2 0 0 1 2 2v2h-1.5V2a.5.5 0 0 0-.5-.5H8V0h2Z\" \/>\n\t\t\t<\/svg>\n\t\t<\/button><\/figure>\n<\/div>\n\n\n\n<div class=\"wp-block-column is-layout-flow wp-block-column-is-layout-flow\">\n<figure data-wp-context=\"{&quot;imageId&quot;:&quot;69ed9697cf42b&quot;}\" data-wp-interactive=\"core\/image\" data-wp-key=\"69ed9697cf42b\" class=\"wp-block-image size-large is-resized wp-lightbox-container\"><img decoding=\"async\" width=\"1024\" height=\"683\" data-wp-class--hide=\"state.isContentHidden\" data-wp-class--show=\"state.isContentVisible\" data-wp-init=\"callbacks.setButtonStyles\" data-wp-on--click=\"actions.showLightbox\" data-wp-on--load=\"callbacks.setButtonStyles\" data-wp-on-window--resize=\"callbacks.setButtonStyles\" src=\"https:\/\/www.kosiceregion.com\/wp-content\/uploads\/2024\/04\/KP_0021-1024x683.jpg\" alt=\"\" class=\"wp-image-12130\" style=\"width:338px;height:auto\" srcset=\"https:\/\/www.kosiceregion.com\/wp-content\/uploads\/2024\/04\/KP_0021-1024x683.jpg 1024w, https:\/\/www.kosiceregion.com\/wp-content\/uploads\/2024\/04\/KP_0021-300x200.jpg 300w, https:\/\/www.kosiceregion.com\/wp-content\/uploads\/2024\/04\/KP_0021-768x512.jpg 768w, https:\/\/www.kosiceregion.com\/wp-content\/uploads\/2024\/04\/KP_0021.jpg 1200w\" sizes=\"(max-width: 1024px) 100vw, 1024px\" \/><button\n\t\t\tclass=\"lightbox-trigger\"\n\t\t\ttype=\"button\"\n\t\t\taria-haspopup=\"dialog\"\n\t\t\taria-label=\"Nagy\u00edt\u00e1s\"\n\t\t\tdata-wp-init=\"callbacks.initTriggerButton\"\n\t\t\tdata-wp-on--click=\"actions.showLightbox\"\n\t\t\tdata-wp-style--right=\"state.imageButtonRight\"\n\t\t\tdata-wp-style--top=\"state.imageButtonTop\"\n\t\t>\n\t\t\t<svg xmlns=\"http:\/\/www.w3.org\/2000\/svg\" width=\"12\" height=\"12\" fill=\"none\" viewBox=\"0 0 12 12\">\n\t\t\t\t<path fill=\"#fff\" d=\"M2 0a2 2 0 0 0-2 2v2h1.5V2a.5.5 0 0 1 .5-.5h2V0H2Zm2 10.5H2a.5.5 0 0 1-.5-.5V8H0v2a2 2 0 0 0 2 2h2v-1.5ZM8 12v-1.5h2a.5.5 0 0 0 .5-.5V8H12v2a2 2 0 0 1-2 2H8Zm2-12a2 2 0 0 1 2 2v2h-1.5V2a.5.5 0 0 0-.5-.5H8V0h2Z\" \/>\n\t\t\t<\/svg>\n\t\t<\/button><\/figure>\n<\/div>\n<\/div>\n\n\n\n<h2 class=\"wp-block-heading\">Etelka-koh\u00f3<\/h2>\n\n\n\n<p>Ha \u00d6n is az ipari m\u0171eml\u00e9kek rajong\u00f3ja \u00e9s \u00e9ppen G\u00f6m\u00f6rben j\u00e1r, tartson egy r\u00f6vid sz\u00fcnetet Als\u00f3saj\u00f3 &nbsp;(Ni\u017en\u00e1 Slan\u00e1) k\u00f6zs\u00e9gben \u00e9s csod\u00e1lja meg a&nbsp;11 m\u00e9ter magas Etelka-koh\u00f3t, amelyet Andr\u00e1ssy Man\u00f3 gr\u00f3f &nbsp;a&nbsp;b\u00e1ny\u00e1szat \u00e9s koh\u00e1szat f\u00e9nykor\u00e1ban \u00e9p\u00edtett (1867-1907) \u00e9s b\u00fcszk\u00e9n nevezte el \u00e9desanyj\u00e1r\u00f3l, Etelk\u00e1r\u00f3l. &nbsp;\u2013&nbsp;\u201eWOW, ugye, erre nem sz\u00e1m\u00edtott?!<br><br>Az Etelka-koh\u00f3 ma m\u00e1r kev\u00e9sb\u00e9 f\u00e9nyes \u00e9s az id\u0151 vasfoga is rajta hagyta nyomait. Fel\u00faj\u00edt\u00e1s alatt \u00e1ll \u00e9s ker\u00edt\u00e9s hat\u00e1rolja, de a&nbsp;r\u00e9gi sz\u00e9ps\u00e9ge \u00e9s m\u0171szaki t\u00f6k\u00e9letess\u00e9ge \u00edgy is \u00e9rz\u00e9kelhet\u0151.<\/p>\n\n\n\n<div class=\"wp-block-columns is-layout-flex wp-container-core-columns-is-layout-9d6595d7 wp-block-columns-is-layout-flex\">\n<div class=\"wp-block-column is-layout-flow wp-block-column-is-layout-flow\">\n<figure class=\"wp-block-image size-large\"><img decoding=\"async\" width=\"1024\" height=\"576\" src=\"https:\/\/www.kosiceregion.com\/wp-content\/uploads\/2024\/05\/16to9_WOW_Etelka_HU-1024x576.jpg\" alt=\"\" class=\"wp-image-12423\" srcset=\"https:\/\/www.kosiceregion.com\/wp-content\/uploads\/2024\/05\/16to9_WOW_Etelka_HU-1024x576.jpg 1024w, https:\/\/www.kosiceregion.com\/wp-content\/uploads\/2024\/05\/16to9_WOW_Etelka_HU-300x169.jpg 300w, https:\/\/www.kosiceregion.com\/wp-content\/uploads\/2024\/05\/16to9_WOW_Etelka_HU-768x432.jpg 768w, https:\/\/www.kosiceregion.com\/wp-content\/uploads\/2024\/05\/16to9_WOW_Etelka_HU.jpg 1200w\" sizes=\"(max-width: 1024px) 100vw, 1024px\" \/><\/figure>\n<\/div>\n\n\n\n<div class=\"wp-block-column is-layout-flow wp-block-column-is-layout-flow\">\n<figure class=\"wp-block-image size-large\"><img decoding=\"async\" width=\"1024\" height=\"683\" src=\"https:\/\/www.kosiceregion.com\/wp-content\/uploads\/2024\/04\/AA_9467-copy-1024x683.jpg\" alt=\"\" class=\"wp-image-12143\" srcset=\"https:\/\/www.kosiceregion.com\/wp-content\/uploads\/2024\/04\/AA_9467-copy-1024x683.jpg 1024w, https:\/\/www.kosiceregion.com\/wp-content\/uploads\/2024\/04\/AA_9467-copy-300x200.jpg 300w, https:\/\/www.kosiceregion.com\/wp-content\/uploads\/2024\/04\/AA_9467-copy-768x512.jpg 768w, https:\/\/www.kosiceregion.com\/wp-content\/uploads\/2024\/04\/AA_9467-copy.jpg 1200w\" sizes=\"(max-width: 1024px) 100vw, 1024px\" \/><\/figure>\n<\/div>\n<\/div>\n\n\n\n<h3 class=\"wp-block-heading has-text-align-right\"><strong>Rendhagy\u00f3 m\u00fazeumok<\/strong><\/h3>\n\n\n\n<h2 class=\"wp-block-heading\"><strong><strong>Veter\u00e1nok m\u00fazeuma<\/strong><\/strong><\/h2>\n\n\n\n<p>\u201e\u00d6regember nem v\u00e9nember\u201c \u2013 A&nbsp;nagymih\u00e1lyi veter\u00e1nok m\u00fazeum\u00e1ban ez sz\u00f3 szerint igaz. Elb\u0171v\u00f6l\u0151ek a&nbsp;finom hajlatok, az \u00f6r\u00f6k elegancia \u00e9s ragyog\u00e1s, amely az itt l\u00e1that\u00f3 automobilokra \u00e9s motorker\u00e9kp\u00e1rokra jellemz\u0151, amelyeknek j\u00f3l \u00e1ll az id\u0151skor! A&nbsp;Kerekeken gurul\u00f3 t\u00f6rt\u00e9nelem c. t\u00e1rlatot feln\u0151ttek \u00e9s gyerekek is \u00e9lvezni fogj\u00e1k, ak\u00e1r \u00fagyis, ha szint\u00e9n \u201egurulniuk\u201c &nbsp;kell, hiszen a&nbsp;bels\u0151 t\u00e9r teljesen akad\u00e1lymentes\u00edtett.&nbsp; &nbsp;<\/p>\n\n\n\n<p>Sz\u00e9p id\u0151ben a&nbsp;legkisebbeket egy pihen\u0151-\u00e9s j\u00e1tsz\u00f3park is v\u00e1rja, ahol egy kisvonat is k\u00f6zlekedik, a&nbsp;Veter\u00e1n Expressz. Elzakatolhatnak rajta Nagymih\u00e1lyba, a&nbsp;Sz\u00e9les-t\u00f3hoz vagy a&nbsp;Tengerszemhez&#8230;. \u00c9s \u00fajra csak azt mondhatjuk: \u201eWOW, mindez Zempl\u00e9nben van?\u201c<\/p>\n\n\n\n<div class=\"wp-block-columns is-layout-flex wp-container-core-columns-is-layout-9d6595d7 wp-block-columns-is-layout-flex\">\n<div class=\"wp-block-column is-layout-flow wp-block-column-is-layout-flow\">\n<figure data-wp-context=\"{&quot;imageId&quot;:&quot;69ed9697cfc87&quot;}\" data-wp-interactive=\"core\/image\" data-wp-key=\"69ed9697cfc87\" class=\"wp-block-image size-large wp-lightbox-container\"><img decoding=\"async\" width=\"1024\" height=\"576\" data-wp-class--hide=\"state.isContentHidden\" data-wp-class--show=\"state.isContentVisible\" data-wp-init=\"callbacks.setButtonStyles\" data-wp-on--click=\"actions.showLightbox\" data-wp-on--load=\"callbacks.setButtonStyles\" data-wp-on-window--resize=\"callbacks.setButtonStyles\" src=\"https:\/\/www.kosiceregion.com\/wp-content\/uploads\/2024\/05\/16to9_WOW_Veteran_HU-1024x576.jpg\" alt=\"\" class=\"wp-image-12424\" srcset=\"https:\/\/www.kosiceregion.com\/wp-content\/uploads\/2024\/05\/16to9_WOW_Veteran_HU-1024x576.jpg 1024w, https:\/\/www.kosiceregion.com\/wp-content\/uploads\/2024\/05\/16to9_WOW_Veteran_HU-300x169.jpg 300w, https:\/\/www.kosiceregion.com\/wp-content\/uploads\/2024\/05\/16to9_WOW_Veteran_HU-768x432.jpg 768w, https:\/\/www.kosiceregion.com\/wp-content\/uploads\/2024\/05\/16to9_WOW_Veteran_HU.jpg 1200w\" sizes=\"(max-width: 1024px) 100vw, 1024px\" \/><button\n\t\t\tclass=\"lightbox-trigger\"\n\t\t\ttype=\"button\"\n\t\t\taria-haspopup=\"dialog\"\n\t\t\taria-label=\"Nagy\u00edt\u00e1s\"\n\t\t\tdata-wp-init=\"callbacks.initTriggerButton\"\n\t\t\tdata-wp-on--click=\"actions.showLightbox\"\n\t\t\tdata-wp-style--right=\"state.imageButtonRight\"\n\t\t\tdata-wp-style--top=\"state.imageButtonTop\"\n\t\t>\n\t\t\t<svg xmlns=\"http:\/\/www.w3.org\/2000\/svg\" width=\"12\" height=\"12\" fill=\"none\" viewBox=\"0 0 12 12\">\n\t\t\t\t<path fill=\"#fff\" d=\"M2 0a2 2 0 0 0-2 2v2h1.5V2a.5.5 0 0 1 .5-.5h2V0H2Zm2 10.5H2a.5.5 0 0 1-.5-.5V8H0v2a2 2 0 0 0 2 2h2v-1.5ZM8 12v-1.5h2a.5.5 0 0 0 .5-.5V8H12v2a2 2 0 0 1-2 2H8Zm2-12a2 2 0 0 1 2 2v2h-1.5V2a.5.5 0 0 0-.5-.5H8V0h2Z\" \/>\n\t\t\t<\/svg>\n\t\t<\/button><\/figure>\n<\/div>\n\n\n\n<div class=\"wp-block-column is-layout-flow wp-block-column-is-layout-flow\">\n<figure data-wp-context=\"{&quot;imageId&quot;:&quot;69ed9697cfee8&quot;}\" data-wp-interactive=\"core\/image\" data-wp-key=\"69ed9697cfee8\" class=\"wp-block-image size-large is-resized wp-lightbox-container\"><img decoding=\"async\" width=\"1024\" height=\"681\" data-wp-class--hide=\"state.isContentHidden\" data-wp-class--show=\"state.isContentVisible\" data-wp-init=\"callbacks.setButtonStyles\" data-wp-on--click=\"actions.showLightbox\" data-wp-on--load=\"callbacks.setButtonStyles\" data-wp-on-window--resize=\"callbacks.setButtonStyles\" src=\"https:\/\/www.kosiceregion.com\/wp-content\/uploads\/2024\/04\/KRT_Veteranmuzeum_extra-1-1024x681.jpg\" alt=\"\" class=\"wp-image-12132\" style=\"width:338px;height:auto\" srcset=\"https:\/\/www.kosiceregion.com\/wp-content\/uploads\/2024\/04\/KRT_Veteranmuzeum_extra-1-1024x681.jpg 1024w, https:\/\/www.kosiceregion.com\/wp-content\/uploads\/2024\/04\/KRT_Veteranmuzeum_extra-1-300x200.jpg 300w, https:\/\/www.kosiceregion.com\/wp-content\/uploads\/2024\/04\/KRT_Veteranmuzeum_extra-1-768x511.jpg 768w, https:\/\/www.kosiceregion.com\/wp-content\/uploads\/2024\/04\/KRT_Veteranmuzeum_extra-1.jpg 1200w\" sizes=\"(max-width: 1024px) 100vw, 1024px\" \/><button\n\t\t\tclass=\"lightbox-trigger\"\n\t\t\ttype=\"button\"\n\t\t\taria-haspopup=\"dialog\"\n\t\t\taria-label=\"Nagy\u00edt\u00e1s\"\n\t\t\tdata-wp-init=\"callbacks.initTriggerButton\"\n\t\t\tdata-wp-on--click=\"actions.showLightbox\"\n\t\t\tdata-wp-style--right=\"state.imageButtonRight\"\n\t\t\tdata-wp-style--top=\"state.imageButtonTop\"\n\t\t>\n\t\t\t<svg xmlns=\"http:\/\/www.w3.org\/2000\/svg\" width=\"12\" height=\"12\" fill=\"none\" viewBox=\"0 0 12 12\">\n\t\t\t\t<path fill=\"#fff\" d=\"M2 0a2 2 0 0 0-2 2v2h1.5V2a.5.5 0 0 1 .5-.5h2V0H2Zm2 10.5H2a.5.5 0 0 1-.5-.5V8H0v2a2 2 0 0 0 2 2h2v-1.5ZM8 12v-1.5h2a.5.5 0 0 0 .5-.5V8H12v2a2 2 0 0 1-2 2H8Zm2-12a2 2 0 0 1 2 2v2h-1.5V2a.5.5 0 0 0-.5-.5H8V0h2Z\" \/>\n\t\t\t<\/svg>\n\t\t<\/button><\/figure>\n<\/div>\n<\/div>\n\n\n\n<h3 class=\"wp-block-heading\"><strong>A&nbsp;term\u00e9szet, mint \u201erendhagy\u00f3\u201c alkot\u00f3<\/strong><\/h3>\n\n\n\n<h2 class=\"wp-block-heading has-text-align-right\"><strong><strong>A&nbsp;Zejm\u00e1ri-szurdok<\/strong><\/strong><\/h2>\n\n\n\n<p>\u00c1t\u00e9lte m\u00e1r azt az \u00e9rz\u00e9st, hogy \u00f6nmag\u00e1t is legy\u0151zve \u00e9rt a&nbsp;c\u00e9lba? Amikor el\u00e9rt a&nbsp;t\u00fara legmagasabb pontj\u00e1ra? Ha m\u00e9g nem, az sem baj, egyszer mindenki el\u00e9ri a&nbsp;saj\u00e1t cs\u00facsait, kort\u00f3l f\u00fcggetlen\u00fcl.<\/p>\n\n\n\n<p>Tal\u00e1n most j\u00f6tt el az \u00d6n sz\u00e1m\u00e1ra is a&nbsp;legmegfelel\u0151bb pillanat, hogy el\u0151sz\u00f6r fell\u00e9pjen a&nbsp;vasl\u00e9pcs\u0151 fok\u00e1ra. El\u0151sz\u00f6r, azt\u00e1n \u00fajra meg \u00fajra megism\u00e9telve ezt a&nbsp;nagyszer\u0171 \u00e9lm\u00e9nyt, a&nbsp;csal\u00e1ddal \u00e9s a bar\u00e1tokkal.&nbsp; A&nbsp;cs\u00facson el\u00e9nk t\u00e1rul\u00f3 nagyszer\u0171 kil\u00e1t\u00e1st egyszer\u0171en musz\u00e1j lefot\u00f3zni \u00e9s b\u00fcszk\u00e9n dicsekedni vele a&nbsp;vil\u00e1gnak: \u201eWOW, megcsin\u00e1ltuk!\u201c.<\/p>\n\n\n\n<div class=\"wp-block-columns is-layout-flex wp-container-core-columns-is-layout-9d6595d7 wp-block-columns-is-layout-flex\">\n<div class=\"wp-block-column is-layout-flow wp-block-column-is-layout-flow\">\n<figure class=\"wp-block-image size-large\"><img decoding=\"async\" width=\"1024\" height=\"683\" src=\"https:\/\/www.kosiceregion.com\/wp-content\/uploads\/2024\/04\/4-1-1024x683.jpg\" alt=\"\" class=\"wp-image-12137\" srcset=\"https:\/\/www.kosiceregion.com\/wp-content\/uploads\/2024\/04\/4-1-1024x683.jpg 1024w, https:\/\/www.kosiceregion.com\/wp-content\/uploads\/2024\/04\/4-1-300x200.jpg 300w, https:\/\/www.kosiceregion.com\/wp-content\/uploads\/2024\/04\/4-1-768x512.jpg 768w, https:\/\/www.kosiceregion.com\/wp-content\/uploads\/2024\/04\/4-1.jpg 1200w\" sizes=\"(max-width: 1024px) 100vw, 1024px\" \/><\/figure>\n<\/div>\n\n\n\n<div class=\"wp-block-column is-layout-flow wp-block-column-is-layout-flow\">\n<figure class=\"wp-block-image size-large\"><img decoding=\"async\" width=\"1024\" height=\"683\" src=\"https:\/\/www.kosiceregion.com\/wp-content\/uploads\/2024\/04\/8-1024x683.jpg\" alt=\"\" class=\"wp-image-12138\" srcset=\"https:\/\/www.kosiceregion.com\/wp-content\/uploads\/2024\/04\/8-1024x683.jpg 1024w, https:\/\/www.kosiceregion.com\/wp-content\/uploads\/2024\/04\/8-300x200.jpg 300w, https:\/\/www.kosiceregion.com\/wp-content\/uploads\/2024\/04\/8-768x512.jpg 768w, https:\/\/www.kosiceregion.com\/wp-content\/uploads\/2024\/04\/8.jpg 1200w\" sizes=\"(max-width: 1024px) 100vw, 1024px\" \/><\/figure>\n<\/div>\n<\/div>\n\n\n\n<h2 class=\"wp-block-heading\"><strong>Ungszennai halastavak<\/strong><\/h2>\n\n\n\n<p>Meg\u00edg\u00e9rhetj\u00fck, hogy az Ungszennai halastavak k\u00f6rnyezet\u00e9ben egy szuperk\u00e9pess\u00e9gre tehet szert \u2013 l\u00e1tni \u00e9s hallani fog. Ez az a&nbsp;hely, ahol el kell csendesedn\u00fcnk, magunknak, gyerekeinknek \u00e9s a&nbsp;gondolatainknak is. A&nbsp;term\u00e9szet ugyanis t\u00f6k\u00e9letes k\u00e9pet \u00e9s hangot k\u00f6zvet\u00edt sz\u00e1munkra. Ha egyszer valaki megfigyeli a&nbsp;v\u00f6csk\u00f6t, a&nbsp;g\u00e9met vagy a&nbsp;j\u00e9gmadarat, a&nbsp;vadlib\u00e1k \u00e9s vadkacs\u00e1k raj\u00e1t term\u00e9szetes k\u00f6rnyezet\u00e9ben, \u00f3hatatlanul \u00e1t\u00e9rzi azt az intenz\u00edv \u00e9s m\u00e9ly meggy\u0151z\u0151d\u00e9st, hogy a&nbsp;term\u00e9szet nem csak az ember\u00e9.<\/p>\n\n\n\n<p>Legyen \u00d6n is a&nbsp;term\u00e9szet csendes r\u00e9sze \u00e9s ha \u00e9ppen itt szeretne felki\u00e1ltani, hogy&nbsp; \u201eWOW\u201c, azt csak hangtalanul tegye, a&nbsp;vadvir\u00e1gok \u00e9s \u00e1llatok sz\u00e9ps\u00e9ge \u00edgy is nagy visszhangot fog kelteni a&nbsp;gondolataiban.<\/p>\n\n\n\n<div class=\"wp-block-columns is-layout-flex wp-container-core-columns-is-layout-9d6595d7 wp-block-columns-is-layout-flex\">\n<div class=\"wp-block-column is-layout-flow wp-block-column-is-layout-flow\">\n<figure class=\"wp-block-image size-large\"><img decoding=\"async\" width=\"1024\" height=\"683\" src=\"https:\/\/www.kosiceregion.com\/wp-content\/uploads\/2024\/04\/8I0A4022-1024x683.jpg\" alt=\"\" class=\"wp-image-12141\" srcset=\"https:\/\/www.kosiceregion.com\/wp-content\/uploads\/2024\/04\/8I0A4022-1024x683.jpg 1024w, https:\/\/www.kosiceregion.com\/wp-content\/uploads\/2024\/04\/8I0A4022-300x200.jpg 300w, https:\/\/www.kosiceregion.com\/wp-content\/uploads\/2024\/04\/8I0A4022-768x512.jpg 768w, https:\/\/www.kosiceregion.com\/wp-content\/uploads\/2024\/04\/8I0A4022.jpg 1200w\" sizes=\"(max-width: 1024px) 100vw, 1024px\" \/><\/figure>\n<\/div>\n\n\n\n<div class=\"wp-block-column is-layout-flow wp-block-column-is-layout-flow\">\n<figure class=\"wp-block-image size-large\"><img decoding=\"async\" width=\"1024\" height=\"576\" src=\"https:\/\/www.kosiceregion.com\/wp-content\/uploads\/2024\/05\/16to9_WOW_Senianske_HU-1024x576.jpg\" alt=\"\" class=\"wp-image-12426\" srcset=\"https:\/\/www.kosiceregion.com\/wp-content\/uploads\/2024\/05\/16to9_WOW_Senianske_HU-1024x576.jpg 1024w, https:\/\/www.kosiceregion.com\/wp-content\/uploads\/2024\/05\/16to9_WOW_Senianske_HU-300x169.jpg 300w, https:\/\/www.kosiceregion.com\/wp-content\/uploads\/2024\/05\/16to9_WOW_Senianske_HU-768x432.jpg 768w, https:\/\/www.kosiceregion.com\/wp-content\/uploads\/2024\/05\/16to9_WOW_Senianske_HU.jpg 1200w\" sizes=\"(max-width: 1024px) 100vw, 1024px\" \/><\/figure>\n<\/div>\n<\/div>\n\n\n\n<h2 class=\"wp-block-heading has-text-align-right\"><strong><strong><strong>R\u00e1nkf\u00fcredi gejz\u00edr<\/strong><\/strong><\/strong><\/h2>\n\n\n\n<p>A&nbsp;R\u00e1nkf\u00fcredi gejz\u00edr m\u00e1r akkor is itt volt, amikor gyermekek voltunk, s\u0151t, amikor m\u00e9g a&nbsp;sz\u00fcleink is gyermekek voltak. 32-36 \u00f3r\u00e1s rendszeress\u00e9ggel mutatja meg 22 m\u00e9teres sz\u00e9ps\u00e9g\u00e9t, amely \u00e9vsz\u00e1zadok \u00f3ta t\u00f6r fel a&nbsp;F\u00f6ld\u00fcnk bugyraib\u00f3l. Mutassuk meg ezt az egyedi, term\u00e9szetes sz\u00ednh\u00e1zat a&nbsp;gyermekeinknek is. Ki tudja, mikor d\u00f6nt \u00fagy a&nbsp;term\u00e9szet, hogy el\u00e9g volt \u00e9s esetleg \u201eelz\u00e1rja a&nbsp;csapot\u201c.&nbsp; Most azonban m\u00e9g nyugodtan ki\u00e9lvezhetj\u00fck ezt a&nbsp;k\u00fcl\u00f6nleges \u00e9lm\u00e9nyt R\u00e1nkf\u00fcred k\u00f6zs\u00e9gben (Her\u013eany). Hasonl\u00f3 gejz\u00edr legk\u00f6zelebb a&nbsp;n\u00e9metorsz\u00e1gi Andernachban, Ukrajn\u00e1ban \u00e9s Izlandon tal\u00e1lhat\u00f3&#8230;. \u201eWOW, \u00e9s ez t\u00e9nyleg a&nbsp;Kassai r\u00e9gi\u00f3ban van?\u201c<\/p>\n\n\n\n<div class=\"wp-block-columns is-layout-flex wp-container-core-columns-is-layout-9d6595d7 wp-block-columns-is-layout-flex\">\n<div class=\"wp-block-column is-layout-flow wp-block-column-is-layout-flow\">\n<figure data-wp-context=\"{&quot;imageId&quot;:&quot;69ed9697d08c1&quot;}\" data-wp-interactive=\"core\/image\" data-wp-key=\"69ed9697d08c1\" class=\"wp-block-image size-large wp-lightbox-container\"><img decoding=\"async\" width=\"1024\" height=\"576\" data-wp-class--hide=\"state.isContentHidden\" data-wp-class--show=\"state.isContentVisible\" data-wp-init=\"callbacks.setButtonStyles\" data-wp-on--click=\"actions.showLightbox\" data-wp-on--load=\"callbacks.setButtonStyles\" data-wp-on-window--resize=\"callbacks.setButtonStyles\" src=\"https:\/\/www.kosiceregion.com\/wp-content\/uploads\/2024\/05\/16to9_WOW_Herlany_HU-1-1024x576.jpg\" alt=\"\" class=\"wp-image-12427\" srcset=\"https:\/\/www.kosiceregion.com\/wp-content\/uploads\/2024\/05\/16to9_WOW_Herlany_HU-1-1024x576.jpg 1024w, https:\/\/www.kosiceregion.com\/wp-content\/uploads\/2024\/05\/16to9_WOW_Herlany_HU-1-300x169.jpg 300w, https:\/\/www.kosiceregion.com\/wp-content\/uploads\/2024\/05\/16to9_WOW_Herlany_HU-1-768x432.jpg 768w, https:\/\/www.kosiceregion.com\/wp-content\/uploads\/2024\/05\/16to9_WOW_Herlany_HU-1.jpg 1200w\" sizes=\"(max-width: 1024px) 100vw, 1024px\" \/><button\n\t\t\tclass=\"lightbox-trigger\"\n\t\t\ttype=\"button\"\n\t\t\taria-haspopup=\"dialog\"\n\t\t\taria-label=\"Nagy\u00edt\u00e1s\"\n\t\t\tdata-wp-init=\"callbacks.initTriggerButton\"\n\t\t\tdata-wp-on--click=\"actions.showLightbox\"\n\t\t\tdata-wp-style--right=\"state.imageButtonRight\"\n\t\t\tdata-wp-style--top=\"state.imageButtonTop\"\n\t\t>\n\t\t\t<svg xmlns=\"http:\/\/www.w3.org\/2000\/svg\" width=\"12\" height=\"12\" fill=\"none\" viewBox=\"0 0 12 12\">\n\t\t\t\t<path fill=\"#fff\" d=\"M2 0a2 2 0 0 0-2 2v2h1.5V2a.5.5 0 0 1 .5-.5h2V0H2Zm2 10.5H2a.5.5 0 0 1-.5-.5V8H0v2a2 2 0 0 0 2 2h2v-1.5ZM8 12v-1.5h2a.5.5 0 0 0 .5-.5V8H12v2a2 2 0 0 1-2 2H8Zm2-12a2 2 0 0 1 2 2v2h-1.5V2a.5.5 0 0 0-.5-.5H8V0h2Z\" \/>\n\t\t\t<\/svg>\n\t\t<\/button><\/figure>\n<\/div>\n\n\n\n<div class=\"wp-block-column is-layout-flow wp-block-column-is-layout-flow\">\n<figure data-wp-context=\"{&quot;imageId&quot;:&quot;69ed9697d0b26&quot;}\" data-wp-interactive=\"core\/image\" data-wp-key=\"69ed9697d0b26\" class=\"wp-block-image size-large is-resized wp-lightbox-container\"><img decoding=\"async\" width=\"1024\" height=\"768\" data-wp-class--hide=\"state.isContentHidden\" data-wp-class--show=\"state.isContentVisible\" data-wp-init=\"callbacks.setButtonStyles\" data-wp-on--click=\"actions.showLightbox\" data-wp-on--load=\"callbacks.setButtonStyles\" data-wp-on-window--resize=\"callbacks.setButtonStyles\" src=\"https:\/\/www.kosiceregion.com\/wp-content\/uploads\/2024\/04\/Herlansky_Gejzir_DJI_0251-1-1024x768.jpg\" alt=\"\" class=\"wp-image-12140\" style=\"width:301px;height:auto\" srcset=\"https:\/\/www.kosiceregion.com\/wp-content\/uploads\/2024\/04\/Herlansky_Gejzir_DJI_0251-1-1024x768.jpg 1024w, https:\/\/www.kosiceregion.com\/wp-content\/uploads\/2024\/04\/Herlansky_Gejzir_DJI_0251-1-300x225.jpg 300w, https:\/\/www.kosiceregion.com\/wp-content\/uploads\/2024\/04\/Herlansky_Gejzir_DJI_0251-1-768x576.jpg 768w, https:\/\/www.kosiceregion.com\/wp-content\/uploads\/2024\/04\/Herlansky_Gejzir_DJI_0251-1.jpg 1200w\" sizes=\"(max-width: 1024px) 100vw, 1024px\" \/><button\n\t\t\tclass=\"lightbox-trigger\"\n\t\t\ttype=\"button\"\n\t\t\taria-haspopup=\"dialog\"\n\t\t\taria-label=\"Nagy\u00edt\u00e1s\"\n\t\t\tdata-wp-init=\"callbacks.initTriggerButton\"\n\t\t\tdata-wp-on--click=\"actions.showLightbox\"\n\t\t\tdata-wp-style--right=\"state.imageButtonRight\"\n\t\t\tdata-wp-style--top=\"state.imageButtonTop\"\n\t\t>\n\t\t\t<svg xmlns=\"http:\/\/www.w3.org\/2000\/svg\" width=\"12\" height=\"12\" fill=\"none\" viewBox=\"0 0 12 12\">\n\t\t\t\t<path fill=\"#fff\" d=\"M2 0a2 2 0 0 0-2 2v2h1.5V2a.5.5 0 0 1 .5-.5h2V0H2Zm2 10.5H2a.5.5 0 0 1-.5-.5V8H0v2a2 2 0 0 0 2 2h2v-1.5ZM8 12v-1.5h2a.5.5 0 0 0 .5-.5V8H12v2a2 2 0 0 1-2 2H8Zm2-12a2 2 0 0 1 2 2v2h-1.5V2a.5.5 0 0 0-.5-.5H8V0h2Z\" \/>\n\t\t\t<\/svg>\n\t\t<\/button><\/figure>\n<\/div>\n<\/div>\n\n\n\n<p>Nos, mit sz\u00f3l hozz\u00e1? Megtal\u00e1lta fentiek k\u00f6z\u00f6tt a&nbsp;vil\u00e1g legjobb \u00e9lm\u00e9ny\u00e9t? Keressen tov\u00e1bbi inspir\u00e1ci\u00f3kat aj\u00e1nlatainkban, \u00e9s tal\u00e1n nem csak egyszer fogja mondani, hogy \u201eWOW\u201c!<\/p>\n\n\n\n\n\n<p>Implemented with the financial support of the Ministry of Tourism and Sports of the Slovak Republic.<\/p>\n\n\n\n<figure class=\"wp-block-image size-full\"><img decoding=\"async\" width=\"1024\" height=\"410\" src=\"https:\/\/www.kosiceregion.com\/wp-content\/uploads\/2024\/11\/logo_Min-CestovnehoRuchu-a-Sportu_SR_EN_farba_cmyk-1024x410-1.jpg\" alt=\"\" class=\"wp-image-13820\" srcset=\"https:\/\/www.kosiceregion.com\/wp-content\/uploads\/2024\/11\/logo_Min-CestovnehoRuchu-a-Sportu_SR_EN_farba_cmyk-1024x410-1.jpg 1024w, https:\/\/www.kosiceregion.com\/wp-content\/uploads\/2024\/11\/logo_Min-CestovnehoRuchu-a-Sportu_SR_EN_farba_cmyk-1024x410-1-300x120.jpg 300w, https:\/\/www.kosiceregion.com\/wp-content\/uploads\/2024\/11\/logo_Min-CestovnehoRuchu-a-Sportu_SR_EN_farba_cmyk-1024x410-1-768x308.jpg 768w\" sizes=\"(max-width: 1024px) 100vw, 1024px\" \/><\/figure>\n\n\n","protected":false,"raw":"<!-- wp:paragraph {\"beyondwordsMarker\":\"6dab99e8-c3c1-4d48-8629-639f8f7ac8e6\"} -->\n<p>\u00d6n is olyan kir\u00e1ndul\u00e1sra v\u00e1gyik, ahol a turist\u00e1k nem fordulnak el\u0151 t\u00f6megesen, nincs sorban \u00e1ll\u00e1s \u00e9s dr\u00e1ga bel\u00e9p\u0151k, de ann\u00e1l t\u00f6bb \u201eWOW, nah\u00e1t, ez t\u00e9nyleg itt van?\u201d<\/p>\n<!-- \/wp:paragraph -->\n\n<!-- wp:paragraph {\"beyondwordsMarker\":\"9394f4e7-a098-472c-b9cf-e495778587fb\"} -->\n<p>A gy\u00f6ny\u00f6r\u0171, kalandos \u00e9s inspir\u00e1l\u00f3 helysz\u00ednek \u00e9s \u00e9lm\u00e9nyek sokszor sokkal k\u00f6zelebb \u00e1llnak hozz\u00e1nk, mint gondoln\u00e1nk.<br>Ehhez k\u00edn\u00e1lunk most n\u00e9h\u00e1ny olyan tippet, ahol egyedi emberi alkot\u00e1sokat, rendhagy\u00f3 m\u0171v\u00e9szetet, term\u00e9szetes helysz\u00edneket l\u00e1togathat meg, amelyek l\u00e1tt\u00e1n csup\u00e1n egy r\u00f6vid, a fiatalok k\u00f6r\u00e9ben gyakran haszn\u00e1t felki\u00e1lt\u00e1ssal nyugt\u00e1zza majd, hogy:&nbsp;<em>\u201eWOW, nah\u00e1t, ez igen!\u201c<\/em><\/p>\n<!-- \/wp:paragraph -->\n\n<!-- wp:image {\"id\":12418,\"sizeSlug\":\"large\",\"linkDestination\":\"none\",\"beyondwordsMarker\":\"a928819a-9282-46c3-ba2d-317940cf138e\"} -->\n<figure class=\"wp-block-image size-large\"><img src=\"https:\/\/www.kosiceregion.com\/wp-content\/uploads\/2024\/05\/DestinWeb_WOW_Kometa_HU-1024x402.jpg\" alt=\"\" class=\"wp-image-12418\"\/><\/figure>\n<!-- \/wp:image -->\n\n<!-- wp:heading {\"textAlign\":\"right\",\"level\":3,\"beyondwordsMarker\":\"f3ca619a-8fd5-4a58-ac25-5fae0ee0adcf\"} -->\n<h3 class=\"wp-block-heading has-text-align-right\"><strong>Emberi alkot\u00e1sok \u00e9s rendhagy\u00f3 m\u0171v\u00e9szet<\/strong><\/h3>\n<!-- \/wp:heading -->\n\n<!-- wp:heading {\"beyondwordsMarker\":\"afe56496-9df4-4e73-82e4-1dfe2d83a767\"} -->\n<h2 class=\"wp-block-heading\"><strong>A Green Point kil\u00e1t\u00f3torony<\/strong><\/h2>\n<!-- \/wp:heading -->\n\n<!-- wp:paragraph {\"beyondwordsMarker\":\"bc793330-a441-47f9-a60b-10adc38066b1\"} -->\n<p>Klukn\u00f3 (Kluknava) k\u00f6zs\u00e9g felett, a&nbsp;Kremenec nev\u0171 domb tetej\u00e9n egy 35 m magas, meglep\u0151 \u00e9s egyedi kil\u00e1t\u00f3 magasodik. Hogy mit\u0151l m\u00e1s \u00e9s egyedi?<\/p>\n<!-- \/wp:paragraph -->\n\n<!-- wp:paragraph {\"beyondwordsMarker\":\"4368f239-6c60-4b76-9a43-12d1af3850b9\"} -->\n<p>Els\u0151sorban az\u00e9rt, mert energetikailag \u00f6nfenntart\u00f3, ami Szlov\u00e1ki\u00e1ban kiv\u00e9teles. A&nbsp;cs\u00facs\u00e1n sz\u00e9lturbin\u00e1k \u00e9s fotovoltaikus elemek vannak \u00e9s ennek k\u00f6sz\u00f6nhet\u0151en a&nbsp;m\u0171k\u00f6d\u00e9se eg\u00e9sz nap \u00e9s eg\u00e9sz \u00e9vben megoldott. Ingyenesen felt\u00f6ltheti itt a&nbsp;mobiltelefonj\u00e1t vagy az elektromos ker\u00e9kp\u00e1rj\u00e1t, vagy egyszer\u0171en csak r\u00e9szt vehet egy esti kalandban. A&nbsp;torony ugyanis \u00e9jjel is meg van vil\u00e1g\u00edtva....sz\u00f3val, ez egy \u201eWOW\u201c torony! Tervezze meg a&nbsp;kir\u00e1ndul\u00e1s\u00e1t a&nbsp;GreenPoint kil\u00e1t\u00f3hoz, gyalogosan vagy ker\u00e9kp\u00e1ron, gyerekekkel vagy kettesben, mint egy romantikus esti kiruccan\u00e1st. Meg\u00e9ri.<\/p>\n<!-- \/wp:paragraph -->\n\n<!-- wp:columns {\"beyondwordsMarker\":\"97759479-b663-4972-919e-4a82cbe1fba5\"} -->\n<div class=\"wp-block-columns\"><!-- wp:column {\"beyondwordsMarker\":\"b63b3cec-47a0-40e1-ae7a-5f939d0ff183\"} -->\n<div class=\"wp-block-column\"><!-- wp:gallery {\"linkTo\":\"none\",\"beyondwordsMarker\":\"db3d0d13-f47f-473c-9d19-681c70fc0e0f\"} -->\n<figure class=\"wp-block-gallery has-nested-images columns-default is-cropped\"><!-- wp:image {\"lightbox\":{\"enabled\":true},\"id\":12419,\"sizeSlug\":\"full\",\"linkDestination\":\"none\",\"beyondwordsMarker\":\"3c49da4b-8a64-4dd2-9aab-47f12de8c64b\",\"className\":\"is-style-default\"} -->\n<figure class=\"wp-block-image size-full is-style-default\"><img src=\"https:\/\/www.kosiceregion.com\/wp-content\/uploads\/2024\/05\/16to9_WOW_Kluknava_HU.jpg\" alt=\"\" class=\"wp-image-12419\"\/><\/figure>\n<!-- \/wp:image --><\/figure>\n<!-- \/wp:gallery --><\/div>\n<!-- \/wp:column -->\n\n<!-- wp:column {\"width\":\"50%\",\"beyondwordsMarker\":\"856eb24c-a760-4e5f-bb91-a3d8fdc60f5d\"} -->\n<div class=\"wp-block-column\" style=\"flex-basis:50%\"><!-- wp:image {\"lightbox\":{\"enabled\":true},\"id\":12124,\"width\":\"389px\",\"height\":\"auto\",\"sizeSlug\":\"large\",\"linkDestination\":\"none\",\"beyondwordsMarker\":\"7ce2e9f7-f59e-4bcd-9385-fa4a1da5abc2\"} -->\n<figure class=\"wp-block-image size-large is-resized\"><img src=\"https:\/\/www.kosiceregion.com\/wp-content\/uploads\/2024\/04\/KRT-GreenPoint-highres-4-1-edited.jpg\" alt=\"\" class=\"wp-image-12124\" style=\"width:389px;height:auto\"\/><\/figure>\n<!-- \/wp:image --><\/div>\n<!-- \/wp:column --><\/div>\n<!-- \/wp:columns -->\n\n<!-- wp:heading {\"textAlign\":\"right\",\"beyondwordsMarker\":\"850d6ff2-c195-4249-8d4a-38b93e1e02bd\"} -->\n<h2 class=\"wp-block-heading has-text-align-right\"><strong><strong>\u00dcst\u00f6k\u00f6s a&nbsp;Sz\u00e1del\u0151i v\u00f6lgyben<\/strong><\/strong><\/h2>\n<!-- \/wp:heading -->\n\n<!-- wp:paragraph {\"beyondwordsMarker\":\"613ba395-f4c2-4381-93ec-9e5cf32fe671\"} -->\n<p>Ha \u00fagy gondolja, hogy nem \u00e9rt a&nbsp;modern m\u0171v\u00e9szetekhez, sz\u00edvesen \u00fatbaigaz\u00edtjuk. Egy term\u00e9szeti rezerv\u00e1tum sz\u00e9l\u00e9n, a&nbsp;Sz\u00e1del\u0151i szurdok kezdet\u00e9n, a parkol\u00f3 k\u00f6zel\u00e9ben egy m\u0171v\u00e9szi install\u00e1ci\u00f3 d\u00f6bbenti meg a&nbsp;l\u00e1togat\u00f3kat, amely form\u00e1j\u00e1ban \u00e9s elhelyez\u00e9s\u00e9ben egy \u00e9gen rep\u00fcl\u0151 \u00fcst\u00f6k\u00f6sre eml\u00e9keztet.<\/p>\n<!-- \/wp:paragraph -->\n\n<!-- wp:paragraph {\"beyondwordsMarker\":\"2cd87527-b59e-47df-ba5c-da7e1ca7891c\"} -->\n<p>Engedje szabadj\u00e1ra a&nbsp;fant\u00e1zi\u00e1j\u00e1t \u00e9s am\u00edg beolvassa az \u00e9rdekes landart m\u0171t\u00e1rgy QR k\u00f3dj\u00e1t, ahonnan hangz\u00f3 le\u00edr\u00e1st t\u00f6lthet le, figyelje meg, milyen rendhagy\u00f3 anyagokb\u00f3l k\u00e9sz\u00fclt \u2013 \u201eHogy micsoda? Betonkever\u0151 \u00e9s r\u00e9gi kar\u00e1csonyf\u00e1k? WOW!\u201c Csak nyugodtan szeml\u00e9l\u0151dj\u00f6n, \u00e9s ez\u00fattal nem \u00e1rulunk el t\u00f6bbet, csak annyit, hogy ez a&nbsp;kiv\u00e1l\u00f3 min\u0151s\u00e9g\u0171 m\u0171t\u00e1rgy k\u00e9ts\u00e9gtelen\u00fcl er\u0151s szimbolik\u00e1t hordoz. A&nbsp;hozz\u00e1 kapcsol\u00f3d\u00f3 vide\u00f3kb\u00f3l a&nbsp;helysz\u00ednen azt is megtudhatja, hogyan \u00e9s mi\u00e9rt j\u00f6tt l\u00e9tre.<\/p>\n<!-- \/wp:paragraph -->\n\n<!-- wp:columns {\"beyondwordsMarker\":\"46617d55-1dd1-4d6b-8c9b-f68187f7d49e\"} -->\n<div class=\"wp-block-columns\"><!-- wp:column {\"beyondwordsMarker\":\"34d29640-171a-4a2f-8107-2c6648ec6792\"} -->\n<div class=\"wp-block-column\"><!-- wp:image {\"lightbox\":{\"enabled\":true},\"id\":12420,\"sizeSlug\":\"large\",\"linkDestination\":\"none\",\"beyondwordsMarker\":\"8aa48c3f-5818-4324-b422-a451e4982c27\"} -->\n<figure class=\"wp-block-image size-large\"><img src=\"https:\/\/www.kosiceregion.com\/wp-content\/uploads\/2024\/05\/16to9_WOW_Zadiel_HU-1024x576.jpg\" alt=\"\" class=\"wp-image-12420\"\/><\/figure>\n<!-- \/wp:image --><\/div>\n<!-- \/wp:column -->\n\n<!-- wp:column {\"beyondwordsMarker\":\"b9d462de-c751-477d-80af-3c807b374522\"} -->\n<div class=\"wp-block-column\"><!-- wp:image {\"lightbox\":{\"enabled\":true},\"id\":12126,\"width\":\"343px\",\"height\":\"auto\",\"sizeSlug\":\"large\",\"linkDestination\":\"none\",\"beyondwordsMarker\":\"386557df-b95e-46b9-a2e5-775431f24c03\"} -->\n<figure class=\"wp-block-image size-large is-resized\"><img src=\"https:\/\/www.kosiceregion.com\/wp-content\/uploads\/2024\/04\/KRT_Zadiel_prvyden_lowres-8-1024x682.jpg\" alt=\"\" class=\"wp-image-12126\" style=\"width:343px;height:auto\"\/><\/figure>\n<!-- \/wp:image --><\/div>\n<!-- \/wp:column --><\/div>\n<!-- \/wp:columns -->\n\n<!-- wp:heading {\"textAlign\":\"right\",\"level\":3,\"beyondwordsMarker\":\"92eed522-880c-4d9c-b6ac-35b9866e0530\"} -->\n<h3 class=\"wp-block-heading has-text-align-right\"><strong>Rendhagy\u00f3 ipari m\u0171eml\u00e9kek<\/strong><\/h3>\n<!-- \/wp:heading -->\n\n<!-- wp:heading {\"beyondwordsMarker\":\"7f227fbc-a4af-49fa-a189-5c3d9b37ab25\"} -->\n<h2 class=\"wp-block-heading\"><strong>Rendhagy\u00f3 ipari m\u0171eml\u00e9kek<\/strong><\/h2>\n<!-- \/wp:heading -->\n\n<!-- wp:paragraph {\"beyondwordsMarker\":\"71d43fc8-6b50-4e64-bd6a-93966cd51bd5\"} -->\n<p>A&nbsp;Pels\u0151ci-fenns\u00edkon a&nbsp;20. sz\u00e1zad elej\u00e9n egy k\u00f6r alak\u00fa \u00e9p\u00edtm\u00e9ny jelent meg, amely ak\u00e1r egy f\u00f6ld\u00f6nk\u00edv\u00fcli civiliz\u00e1ci\u00f3 l\u00e1togat\u00e1s\u00e1t is id\u00e9zhetn\u00e9. A&nbsp;k\u00fcl\u00f6n\u00f6s, f\u00f6ldbe \u00fcltetett alakzat m\u00e9g ma is nagyszer\u0171nek l\u00e1tszik, noha az id\u0151 vasfoga is kikezdte. \u201eWOW!\u201c, vajon t\u00e9nyleg uf\u00f3k sz\u00e1lltak le ide?\u201c<\/p>\n<!-- \/wp:paragraph -->\n\n<!-- wp:paragraph {\"beyondwordsMarker\":\"6090c4b1-6f4e-4d23-827a-7bea7aa2843e\"} -->\n<p>Biztos\u00edthatjuk \u00d6n\u00f6ket, hogy ez az \u00e9p\u00edtm\u00e9ny kiz\u00e1r\u00f3lag az emberi elme \u00e9s szellemess\u00e9g eredm\u00e9nye, amelyet a&nbsp;term\u00e9szet er\u0151ivel \u00e9s az id\u0151j\u00e1r\u00e1s kedvez\u0151tlen hat\u00e1saival v\u00edvott \u00e9vsz\u00e1zados harc hozott l\u00e9tre. A&nbsp;nagy sz\u00e1razs\u00e1g miatt t\u00e1madt az akkori miniszternek, gr\u00f3f Ser\u00e9nyi B\u00e9l\u00e1nak az az \u00f6tlete, hogy a&nbsp;pels\u0151ci legel\u0151n egy itat\u00f3t \u00e9p\u00edtsen az \u00e1llatok sz\u00e1m\u00e1ra.<\/p>\n<!-- \/wp:paragraph -->\n\n<!-- wp:paragraph {\"beyondwordsMarker\":\"c54ded52-ca1a-4eb1-a318-f8d8e88222de\"} -->\n<p>A&nbsp;Ser\u00e9nyi-k\u00fat is egy olyan helysz\u00edn, ahov\u00e1 a turist\u00e1k nem t\u00f6megekben \u00e9rkeznek. Az ipari m\u0171t\u00e1rgyhoz vezet\u0151 8,4 km hossz\u00fa \u00fatvonal turisztikai jelz\u00e9ssel ell\u00e1tott, a&nbsp;terep nem neh\u00e9z, gyerekekkel is bej\u00e1rhat\u00f3, gyalogosan vagy ker\u00e9kp\u00e1ron. A&nbsp;k\u00f6zeli k\u00f6zs\u00e9gben lehet parkolni \u00e9s ak\u00e1r egy j\u00f3t eb\u00e9delni is.<\/p>\n<!-- \/wp:paragraph -->\n\n<!-- wp:columns {\"beyondwordsMarker\":\"763f220d-593e-4872-9c79-fdd46bd13d5c\"} -->\n<div class=\"wp-block-columns\"><!-- wp:column {\"beyondwordsMarker\":\"7bf58c7d-136f-4540-b9cf-1daf459af77c\"} -->\n<div class=\"wp-block-column\"><!-- wp:image {\"lightbox\":{\"enabled\":true},\"id\":12421,\"sizeSlug\":\"large\",\"linkDestination\":\"none\",\"beyondwordsMarker\":\"974cd733-519a-4f5d-84c4-d8b32722e1b9\"} -->\n<figure class=\"wp-block-image size-large\"><img src=\"https:\/\/www.kosiceregion.com\/wp-content\/uploads\/2024\/05\/16to9_WOW_Cisterna_HU-1024x576.jpg\" alt=\"\" class=\"wp-image-12421\"\/><\/figure>\n<!-- \/wp:image --><\/div>\n<!-- \/wp:column -->\n\n<!-- wp:column {\"beyondwordsMarker\":\"43d401b8-d7e2-4a90-a33c-0394fd82c2e7\"} -->\n<div class=\"wp-block-column\"><!-- wp:image {\"lightbox\":{\"enabled\":true},\"id\":12128,\"width\":\"341px\",\"height\":\"auto\",\"sizeSlug\":\"large\",\"linkDestination\":\"none\",\"beyondwordsMarker\":\"51db387c-04f9-477c-bcba-866f51718263\"} -->\n<figure class=\"wp-block-image size-large is-resized\"><img src=\"https:\/\/www.kosiceregion.com\/wp-content\/uploads\/2024\/04\/KP_0035-1024x683.jpg\" alt=\"\" class=\"wp-image-12128\" style=\"width:341px;height:auto\"\/><\/figure>\n<!-- \/wp:image --><\/div>\n<!-- \/wp:column --><\/div>\n<!-- \/wp:columns -->\n\n<!-- wp:heading {\"textAlign\":\"right\",\"beyondwordsMarker\":\"06267197-1b30-4f44-a24c-5cdcab2b9c11\"} -->\n<h2 class=\"wp-block-heading has-text-align-right\"><strong>Nagyszabosi alag\u00fat<\/strong><\/h2>\n<!-- \/wp:heading -->\n\n<!-- wp:paragraph {\"beyondwordsMarker\":\"33d7f12f-8cec-4e32-a674-9218f556aff7\"} -->\n<p>\u00dagy \u00e9rzi, hogy a&nbsp;gyerekei minden\u00fctt csak unatkoznak, vagy esetleg \u00d6n is valami nagyobb kalandra, t\u00f6bb adrenalinra v\u00e1gyik? Tartson vel\u00fcnk \u00e9s n\u00e9mi f\u00e9lelemmel fedezze fel a&nbsp;Nagyszabosi alag\u00fat titkait. A&nbsp;bej\u00e1rat egy sz\u00e9les g\u00f6d\u00f6rben t\u00e1rul el\u00e9nk, ahov\u00e1 egy fal\u00e9pcs\u0151 vezet (Vigy\u00e1zat, cs\u00faszik!) Fesz\u00fclts\u00e9ggel teli titokzatos hangulat v\u00e1rja odabent a&nbsp;gyerekeket \u00e9s feln\u0151tteket egyar\u00e1nt. Az alag\u00fat mintegy 2400 m\u00e9ter hossz\u00fa \u00e9s k\u00f6r\u00fclbel\u00fcl&nbsp; egy \u00f3ra alatt v\u00e9gigj\u00e1rhat\u00f3... &nbsp;\u201eWOW, ilyen sok\u00e1ig lesz\u00fcnk teljes s\u00f6t\u00e9ts\u00e9gben?\u201c&nbsp;Azt is fontos tudni, hogy a&nbsp;nagyszabosi oldalr\u00f3l az alag\u00fat bej\u00e1rata el\u0151tt egy csod\u00e1s&nbsp; mesepark v\u00e1rja a&nbsp;gyerekeket, ahol a&nbsp;Dob\u0161insk\u00fd \u00e1ltal gy\u0171jt\u00f6tt mes\u00e9k elevenednek fel.<\/p>\n<!-- \/wp:paragraph -->\n\n<!-- wp:paragraph {\"beyondwordsMarker\":\"33944962-2ebb-4cc6-a17a-8ce2e32fb0da\"} -->\n<p><br>Szinte hihetetlen, hogy mindez a&nbsp;Kassai r\u00e9gi\u00f3ban tal\u00e1lhat\u00f3, egysz\u00f3val&nbsp;\u201eWOW\u201c<\/p>\n<!-- \/wp:paragraph -->\n\n<!-- wp:columns {\"beyondwordsMarker\":\"271af2be-4299-4ce2-9fcf-f42ab1f88337\"} -->\n<div class=\"wp-block-columns\"><!-- wp:column {\"beyondwordsMarker\":\"4aa8c869-a025-4433-a38e-13bf21884e38\"} -->\n<div class=\"wp-block-column\"><!-- wp:image {\"lightbox\":{\"enabled\":true},\"id\":12422,\"sizeSlug\":\"large\",\"linkDestination\":\"none\",\"beyondwordsMarker\":\"79479684-6c45-415a-8371-291460bc97ce\"} -->\n<figure class=\"wp-block-image size-large\"><img src=\"https:\/\/www.kosiceregion.com\/wp-content\/uploads\/2024\/05\/16to9_WOW_Tunel_HU-1024x576.jpg\" alt=\"\" class=\"wp-image-12422\"\/><\/figure>\n<!-- \/wp:image --><\/div>\n<!-- \/wp:column -->\n\n<!-- wp:column {\"beyondwordsMarker\":\"dc7ded83-8c5c-4cbd-9af7-4bccd0c92c3b\"} -->\n<div class=\"wp-block-column\"><!-- wp:image {\"lightbox\":{\"enabled\":true},\"id\":12130,\"width\":\"338px\",\"height\":\"auto\",\"sizeSlug\":\"large\",\"linkDestination\":\"none\",\"beyondwordsMarker\":\"798bdc4a-2299-4543-a9dc-722e4be5d843\"} -->\n<figure class=\"wp-block-image size-large is-resized\"><img src=\"https:\/\/www.kosiceregion.com\/wp-content\/uploads\/2024\/04\/KP_0021-1024x683.jpg\" alt=\"\" class=\"wp-image-12130\" style=\"width:338px;height:auto\"\/><\/figure>\n<!-- \/wp:image --><\/div>\n<!-- \/wp:column --><\/div>\n<!-- \/wp:columns -->\n\n<!-- wp:heading {\"beyondwordsMarker\":\"d085a2dd-69aa-48fd-b16e-e76c86a122f7\"} -->\n<h2 class=\"wp-block-heading\">Etelka-koh\u00f3<\/h2>\n<!-- \/wp:heading -->\n\n<!-- wp:paragraph {\"beyondwordsMarker\":\"b83612a5-c868-43e5-916d-61fb54e88cd0\"} -->\n<p>Ha \u00d6n is az ipari m\u0171eml\u00e9kek rajong\u00f3ja \u00e9s \u00e9ppen G\u00f6m\u00f6rben j\u00e1r, tartson egy r\u00f6vid sz\u00fcnetet Als\u00f3saj\u00f3 &nbsp;(Ni\u017en\u00e1 Slan\u00e1) k\u00f6zs\u00e9gben \u00e9s csod\u00e1lja meg a&nbsp;11 m\u00e9ter magas Etelka-koh\u00f3t, amelyet Andr\u00e1ssy Man\u00f3 gr\u00f3f &nbsp;a&nbsp;b\u00e1ny\u00e1szat \u00e9s koh\u00e1szat f\u00e9nykor\u00e1ban \u00e9p\u00edtett (1867-1907) \u00e9s b\u00fcszk\u00e9n nevezte el \u00e9desanyj\u00e1r\u00f3l, Etelk\u00e1r\u00f3l. &nbsp;\u2013&nbsp;\u201eWOW, ugye, erre nem sz\u00e1m\u00edtott?!<br><br>Az Etelka-koh\u00f3 ma m\u00e1r kev\u00e9sb\u00e9 f\u00e9nyes \u00e9s az id\u0151 vasfoga is rajta hagyta nyomait. Fel\u00faj\u00edt\u00e1s alatt \u00e1ll \u00e9s ker\u00edt\u00e9s hat\u00e1rolja, de a&nbsp;r\u00e9gi sz\u00e9ps\u00e9ge \u00e9s m\u0171szaki t\u00f6k\u00e9letess\u00e9ge \u00edgy is \u00e9rz\u00e9kelhet\u0151.<\/p>\n<!-- \/wp:paragraph -->\n\n<!-- wp:columns {\"beyondwordsMarker\":\"a462b82e-2b07-4e82-bed4-c6754e928f74\"} -->\n<div class=\"wp-block-columns\"><!-- wp:column {\"beyondwordsMarker\":\"868fb980-f320-420f-bd37-223357d6fca0\"} -->\n<div class=\"wp-block-column\"><!-- wp:image {\"id\":12423,\"sizeSlug\":\"large\",\"linkDestination\":\"none\",\"beyondwordsMarker\":\"8bb36eae-4194-4507-b357-2755ceb210ea\"} -->\n<figure class=\"wp-block-image size-large\"><img src=\"https:\/\/www.kosiceregion.com\/wp-content\/uploads\/2024\/05\/16to9_WOW_Etelka_HU-1024x576.jpg\" alt=\"\" class=\"wp-image-12423\"\/><\/figure>\n<!-- \/wp:image --><\/div>\n<!-- \/wp:column -->\n\n<!-- wp:column {\"beyondwordsMarker\":\"4a38c480-c543-46e8-b8c0-0a7abe0177b4\"} -->\n<div class=\"wp-block-column\"><!-- wp:image {\"id\":12143,\"sizeSlug\":\"large\",\"linkDestination\":\"none\",\"beyondwordsMarker\":\"2dc44aae-1e20-4a51-8838-0af80af7b28e\"} -->\n<figure class=\"wp-block-image size-large\"><img src=\"https:\/\/www.kosiceregion.com\/wp-content\/uploads\/2024\/04\/AA_9467-copy-1024x683.jpg\" alt=\"\" class=\"wp-image-12143\"\/><\/figure>\n<!-- \/wp:image --><\/div>\n<!-- \/wp:column --><\/div>\n<!-- \/wp:columns -->\n\n<!-- wp:heading {\"textAlign\":\"right\",\"level\":3,\"beyondwordsMarker\":\"24a33ecd-5500-4f77-902b-c3a410b5c0a4\"} -->\n<h3 class=\"wp-block-heading has-text-align-right\"><strong>Rendhagy\u00f3 m\u00fazeumok<\/strong><\/h3>\n<!-- \/wp:heading -->\n\n<!-- wp:heading {\"beyondwordsMarker\":\"905b3dc4-7e25-4fa7-a957-84088b077de6\"} -->\n<h2 class=\"wp-block-heading\"><strong><strong>Veter\u00e1nok m\u00fazeuma<\/strong><\/strong><\/h2>\n<!-- \/wp:heading -->\n\n<!-- wp:paragraph {\"beyondwordsMarker\":\"670f962f-9b8d-4713-a005-15c0ce207fe1\"} -->\n<p>\u201e\u00d6regember nem v\u00e9nember\u201c \u2013 A&nbsp;nagymih\u00e1lyi veter\u00e1nok m\u00fazeum\u00e1ban ez sz\u00f3 szerint igaz. Elb\u0171v\u00f6l\u0151ek a&nbsp;finom hajlatok, az \u00f6r\u00f6k elegancia \u00e9s ragyog\u00e1s, amely az itt l\u00e1that\u00f3 automobilokra \u00e9s motorker\u00e9kp\u00e1rokra jellemz\u0151, amelyeknek j\u00f3l \u00e1ll az id\u0151skor! A&nbsp;Kerekeken gurul\u00f3 t\u00f6rt\u00e9nelem c. t\u00e1rlatot feln\u0151ttek \u00e9s gyerekek is \u00e9lvezni fogj\u00e1k, ak\u00e1r \u00fagyis, ha szint\u00e9n \u201egurulniuk\u201c &nbsp;kell, hiszen a&nbsp;bels\u0151 t\u00e9r teljesen akad\u00e1lymentes\u00edtett.&nbsp; &nbsp;<\/p>\n<!-- \/wp:paragraph -->\n\n<!-- wp:paragraph {\"beyondwordsMarker\":\"acc939ad-2c27-49b4-9f28-82cd50ef3b16\"} -->\n<p>Sz\u00e9p id\u0151ben a&nbsp;legkisebbeket egy pihen\u0151-\u00e9s j\u00e1tsz\u00f3park is v\u00e1rja, ahol egy kisvonat is k\u00f6zlekedik, a&nbsp;Veter\u00e1n Expressz. Elzakatolhatnak rajta Nagymih\u00e1lyba, a&nbsp;Sz\u00e9les-t\u00f3hoz vagy a&nbsp;Tengerszemhez.... \u00c9s \u00fajra csak azt mondhatjuk: \u201eWOW, mindez Zempl\u00e9nben van?\u201c<\/p>\n<!-- \/wp:paragraph -->\n\n<!-- wp:columns {\"beyondwordsMarker\":\"3b3d81cc-bd6b-4d6b-ab87-18c41e923477\"} -->\n<div class=\"wp-block-columns\"><!-- wp:column {\"beyondwordsMarker\":\"8fb02788-c8f5-4540-b1de-789df43209d4\"} -->\n<div class=\"wp-block-column\"><!-- wp:image {\"lightbox\":{\"enabled\":true},\"id\":12424,\"sizeSlug\":\"large\",\"linkDestination\":\"none\",\"beyondwordsMarker\":\"5fc9c6f6-2089-46ab-bd48-3ac21b160358\"} -->\n<figure class=\"wp-block-image size-large\"><img src=\"https:\/\/www.kosiceregion.com\/wp-content\/uploads\/2024\/05\/16to9_WOW_Veteran_HU-1024x576.jpg\" alt=\"\" class=\"wp-image-12424\"\/><\/figure>\n<!-- \/wp:image --><\/div>\n<!-- \/wp:column -->\n\n<!-- wp:column {\"beyondwordsMarker\":\"ac71df31-1f5f-44f1-901b-4e02e8f1177f\"} -->\n<div class=\"wp-block-column\"><!-- wp:image {\"lightbox\":{\"enabled\":true},\"id\":12132,\"width\":\"338px\",\"height\":\"auto\",\"sizeSlug\":\"large\",\"linkDestination\":\"none\",\"beyondwordsMarker\":\"cf12fffe-f8a7-49f9-a607-836a843e6d56\"} -->\n<figure class=\"wp-block-image size-large is-resized\"><img src=\"https:\/\/www.kosiceregion.com\/wp-content\/uploads\/2024\/04\/KRT_Veteranmuzeum_extra-1-1024x681.jpg\" alt=\"\" class=\"wp-image-12132\" style=\"width:338px;height:auto\"\/><\/figure>\n<!-- \/wp:image --><\/div>\n<!-- \/wp:column --><\/div>\n<!-- \/wp:columns -->\n\n<!-- wp:heading {\"level\":3,\"beyondwordsMarker\":\"0e9c3a29-6eda-4a85-bd99-cd743a90ef4f\"} -->\n<h3 class=\"wp-block-heading\"><strong>A&nbsp;term\u00e9szet, mint \u201erendhagy\u00f3\u201c alkot\u00f3<\/strong><\/h3>\n<!-- \/wp:heading -->\n\n<!-- wp:heading {\"textAlign\":\"right\",\"beyondwordsMarker\":\"a6d9d24c-00fc-4654-adf4-95f15d77704d\"} -->\n<h2 class=\"wp-block-heading has-text-align-right\"><strong><strong>A&nbsp;Zejm\u00e1ri-szurdok<\/strong><\/strong><\/h2>\n<!-- \/wp:heading -->\n\n<!-- wp:paragraph {\"beyondwordsMarker\":\"3b854153-10e0-4679-aee8-4f471846dba8\"} -->\n<p>\u00c1t\u00e9lte m\u00e1r azt az \u00e9rz\u00e9st, hogy \u00f6nmag\u00e1t is legy\u0151zve \u00e9rt a&nbsp;c\u00e9lba? Amikor el\u00e9rt a&nbsp;t\u00fara legmagasabb pontj\u00e1ra? Ha m\u00e9g nem, az sem baj, egyszer mindenki el\u00e9ri a&nbsp;saj\u00e1t cs\u00facsait, kort\u00f3l f\u00fcggetlen\u00fcl.<\/p>\n<!-- \/wp:paragraph -->\n\n<!-- wp:paragraph {\"beyondwordsMarker\":\"9b6fbfc7-56bf-4a22-a342-72dbb2a8055e\"} -->\n<p>Tal\u00e1n most j\u00f6tt el az \u00d6n sz\u00e1m\u00e1ra is a&nbsp;legmegfelel\u0151bb pillanat, hogy el\u0151sz\u00f6r fell\u00e9pjen a&nbsp;vasl\u00e9pcs\u0151 fok\u00e1ra. El\u0151sz\u00f6r, azt\u00e1n \u00fajra meg \u00fajra megism\u00e9telve ezt a&nbsp;nagyszer\u0171 \u00e9lm\u00e9nyt, a&nbsp;csal\u00e1ddal \u00e9s a bar\u00e1tokkal.&nbsp; A&nbsp;cs\u00facson el\u00e9nk t\u00e1rul\u00f3 nagyszer\u0171 kil\u00e1t\u00e1st egyszer\u0171en musz\u00e1j lefot\u00f3zni \u00e9s b\u00fcszk\u00e9n dicsekedni vele a&nbsp;vil\u00e1gnak: \u201eWOW, megcsin\u00e1ltuk!\u201c.<\/p>\n<!-- \/wp:paragraph -->\n\n<!-- wp:columns {\"beyondwordsMarker\":\"785c0be3-82e0-42f3-a6f5-351d17789b80\"} -->\n<div class=\"wp-block-columns\"><!-- wp:column {\"beyondwordsMarker\":\"0d893c36-6d43-49e1-9b48-2057a8446a52\"} -->\n<div class=\"wp-block-column\"><!-- wp:image {\"id\":12137,\"sizeSlug\":\"large\",\"linkDestination\":\"none\",\"beyondwordsMarker\":\"50686e21-269d-4d37-ab32-4d8f5ad436ea\"} -->\n<figure class=\"wp-block-image size-large\"><img src=\"https:\/\/www.kosiceregion.com\/wp-content\/uploads\/2024\/04\/4-1-1024x683.jpg\" alt=\"\" class=\"wp-image-12137\"\/><\/figure>\n<!-- \/wp:image --><\/div>\n<!-- \/wp:column -->\n\n<!-- wp:column {\"beyondwordsMarker\":\"d7b522c5-94f0-4238-a033-61a553bbbb4a\"} -->\n<div class=\"wp-block-column\"><!-- wp:image {\"id\":12138,\"sizeSlug\":\"large\",\"linkDestination\":\"none\",\"beyondwordsMarker\":\"cd4af2f7-b1a2-4790-a52b-bb60092845b1\"} -->\n<figure class=\"wp-block-image size-large\"><img src=\"https:\/\/www.kosiceregion.com\/wp-content\/uploads\/2024\/04\/8-1024x683.jpg\" alt=\"\" class=\"wp-image-12138\"\/><\/figure>\n<!-- \/wp:image --><\/div>\n<!-- \/wp:column --><\/div>\n<!-- \/wp:columns -->\n\n<!-- wp:heading {\"beyondwordsMarker\":\"18f2df93-766c-40f1-bb42-af56d23f912f\"} -->\n<h2 class=\"wp-block-heading\"><strong>Ungszennai halastavak<\/strong><\/h2>\n<!-- \/wp:heading -->\n\n<!-- wp:paragraph {\"beyondwordsMarker\":\"dea95149-9e30-438e-ad30-6f0230d52400\"} -->\n<p>Meg\u00edg\u00e9rhetj\u00fck, hogy az Ungszennai halastavak k\u00f6rnyezet\u00e9ben egy szuperk\u00e9pess\u00e9gre tehet szert \u2013 l\u00e1tni \u00e9s hallani fog. Ez az a&nbsp;hely, ahol el kell csendesedn\u00fcnk, magunknak, gyerekeinknek \u00e9s a&nbsp;gondolatainknak is. A&nbsp;term\u00e9szet ugyanis t\u00f6k\u00e9letes k\u00e9pet \u00e9s hangot k\u00f6zvet\u00edt sz\u00e1munkra. Ha egyszer valaki megfigyeli a&nbsp;v\u00f6csk\u00f6t, a&nbsp;g\u00e9met vagy a&nbsp;j\u00e9gmadarat, a&nbsp;vadlib\u00e1k \u00e9s vadkacs\u00e1k raj\u00e1t term\u00e9szetes k\u00f6rnyezet\u00e9ben, \u00f3hatatlanul \u00e1t\u00e9rzi azt az intenz\u00edv \u00e9s m\u00e9ly meggy\u0151z\u0151d\u00e9st, hogy a&nbsp;term\u00e9szet nem csak az ember\u00e9.<\/p>\n<!-- \/wp:paragraph -->\n\n<!-- wp:paragraph {\"beyondwordsMarker\":\"6f6c4480-fe68-461f-8274-ab6c898be709\"} -->\n<p>Legyen \u00d6n is a&nbsp;term\u00e9szet csendes r\u00e9sze \u00e9s ha \u00e9ppen itt szeretne felki\u00e1ltani, hogy&nbsp; \u201eWOW\u201c, azt csak hangtalanul tegye, a&nbsp;vadvir\u00e1gok \u00e9s \u00e1llatok sz\u00e9ps\u00e9ge \u00edgy is nagy visszhangot fog kelteni a&nbsp;gondolataiban.<\/p>\n<!-- \/wp:paragraph -->\n\n<!-- wp:columns {\"beyondwordsMarker\":\"913311c4-003f-4fb0-a8d9-4481b7e07f7f\"} -->\n<div class=\"wp-block-columns\"><!-- wp:column {\"beyondwordsMarker\":\"c5fd7b55-b886-4656-8350-327346c22a2e\"} -->\n<div class=\"wp-block-column\"><!-- wp:image {\"id\":12141,\"sizeSlug\":\"large\",\"linkDestination\":\"none\",\"beyondwordsMarker\":\"4e43bd18-0537-4cb7-8c08-31b67b274d5e\"} -->\n<figure class=\"wp-block-image size-large\"><img src=\"https:\/\/www.kosiceregion.com\/wp-content\/uploads\/2024\/04\/8I0A4022-1024x683.jpg\" alt=\"\" class=\"wp-image-12141\"\/><\/figure>\n<!-- \/wp:image --><\/div>\n<!-- \/wp:column -->\n\n<!-- wp:column {\"beyondwordsMarker\":\"d098ae42-3e43-4cc9-8c04-9206dd871e18\"} -->\n<div class=\"wp-block-column\"><!-- wp:image {\"id\":12426,\"sizeSlug\":\"large\",\"linkDestination\":\"none\",\"beyondwordsMarker\":\"e9363cdd-2707-48c4-b3f8-cdb076128bb9\"} -->\n<figure class=\"wp-block-image size-large\"><img src=\"https:\/\/www.kosiceregion.com\/wp-content\/uploads\/2024\/05\/16to9_WOW_Senianske_HU-1024x576.jpg\" alt=\"\" class=\"wp-image-12426\"\/><\/figure>\n<!-- \/wp:image --><\/div>\n<!-- \/wp:column --><\/div>\n<!-- \/wp:columns -->\n\n<!-- wp:heading {\"textAlign\":\"right\",\"beyondwordsMarker\":\"742e72d6-9ced-4115-bedc-dce2d8cb9237\"} -->\n<h2 class=\"wp-block-heading has-text-align-right\"><strong><strong><strong>R\u00e1nkf\u00fcredi gejz\u00edr<\/strong><\/strong><\/strong><\/h2>\n<!-- \/wp:heading -->\n\n<!-- wp:paragraph {\"beyondwordsMarker\":\"7e07ebfa-25f1-47db-9be5-9b4f45372967\"} -->\n<p>A&nbsp;R\u00e1nkf\u00fcredi gejz\u00edr m\u00e1r akkor is itt volt, amikor gyermekek voltunk, s\u0151t, amikor m\u00e9g a&nbsp;sz\u00fcleink is gyermekek voltak. 32-36 \u00f3r\u00e1s rendszeress\u00e9ggel mutatja meg 22 m\u00e9teres sz\u00e9ps\u00e9g\u00e9t, amely \u00e9vsz\u00e1zadok \u00f3ta t\u00f6r fel a&nbsp;F\u00f6ld\u00fcnk bugyraib\u00f3l. Mutassuk meg ezt az egyedi, term\u00e9szetes sz\u00ednh\u00e1zat a&nbsp;gyermekeinknek is. Ki tudja, mikor d\u00f6nt \u00fagy a&nbsp;term\u00e9szet, hogy el\u00e9g volt \u00e9s esetleg \u201eelz\u00e1rja a&nbsp;csapot\u201c.&nbsp; Most azonban m\u00e9g nyugodtan ki\u00e9lvezhetj\u00fck ezt a&nbsp;k\u00fcl\u00f6nleges \u00e9lm\u00e9nyt R\u00e1nkf\u00fcred k\u00f6zs\u00e9gben (Her\u013eany). Hasonl\u00f3 gejz\u00edr legk\u00f6zelebb a&nbsp;n\u00e9metorsz\u00e1gi Andernachban, Ukrajn\u00e1ban \u00e9s Izlandon tal\u00e1lhat\u00f3.... \u201eWOW, \u00e9s ez t\u00e9nyleg a&nbsp;Kassai r\u00e9gi\u00f3ban van?\u201c<\/p>\n<!-- \/wp:paragraph -->\n\n<!-- wp:columns {\"beyondwordsMarker\":\"41e2dadd-be12-408d-a7e4-ba354e049e69\"} -->\n<div class=\"wp-block-columns\"><!-- wp:column {\"beyondwordsMarker\":\"ca792e1d-97fc-400d-997a-e9ce54dd1fed\"} -->\n<div class=\"wp-block-column\"><!-- wp:image {\"lightbox\":{\"enabled\":true},\"id\":12427,\"sizeSlug\":\"large\",\"linkDestination\":\"none\",\"beyondwordsMarker\":\"4b3c7b46-2ca4-415b-903b-de98d79ecd93\"} -->\n<figure class=\"wp-block-image size-large\"><img src=\"https:\/\/www.kosiceregion.com\/wp-content\/uploads\/2024\/05\/16to9_WOW_Herlany_HU-1-1024x576.jpg\" alt=\"\" class=\"wp-image-12427\"\/><\/figure>\n<!-- \/wp:image --><\/div>\n<!-- \/wp:column -->\n\n<!-- wp:column {\"beyondwordsMarker\":\"c48552d3-8a31-4817-a3e6-e55b4273c99d\"} -->\n<div class=\"wp-block-column\"><!-- wp:image {\"lightbox\":{\"enabled\":true},\"id\":12140,\"width\":\"301px\",\"height\":\"auto\",\"sizeSlug\":\"large\",\"linkDestination\":\"none\",\"beyondwordsMarker\":\"0943719c-36cd-48d6-8a83-b2b24d3c0f66\"} -->\n<figure class=\"wp-block-image size-large is-resized\"><img src=\"https:\/\/www.kosiceregion.com\/wp-content\/uploads\/2024\/04\/Herlansky_Gejzir_DJI_0251-1-1024x768.jpg\" alt=\"\" class=\"wp-image-12140\" style=\"width:301px;height:auto\"\/><\/figure>\n<!-- \/wp:image --><\/div>\n<!-- \/wp:column --><\/div>\n<!-- \/wp:columns -->\n\n<!-- wp:paragraph {\"beyondwordsMarker\":\"09af7953-5e9d-4a50-8fb1-6bf01b65faa3\"} -->\n<p>Nos, mit sz\u00f3l hozz\u00e1? Megtal\u00e1lta fentiek k\u00f6z\u00f6tt a&nbsp;vil\u00e1g legjobb \u00e9lm\u00e9ny\u00e9t? Keressen tov\u00e1bbi inspir\u00e1ci\u00f3kat aj\u00e1nlatainkban, \u00e9s tal\u00e1n nem csak egyszer fogja mondani, hogy \u201eWOW\u201c!<\/p>\n<!-- \/wp:paragraph -->\n\n<!-- wp:tadv\/classic-paragraph {\"beyondwordsMarker\":\"40908edf-f6fd-48ad-b3f5-64697a6a37e4\"} \/-->\n\n<!-- wp:tadv\/classic-paragraph {\"beyondwordsMarker\":\"a0add890-9b17-4dad-9a1a-051fbfcab696\"} -->\n<p>Implemented with the financial support of the Ministry of Tourism and Sports of the Slovak Republic.<\/p>\n<!-- \/wp:tadv\/classic-paragraph -->\n\n<!-- wp:image {\"id\":13820,\"sizeSlug\":\"full\",\"linkDestination\":\"none\",\"beyondwordsMarker\":\"d26f52d8-c99c-4beb-b5cc-b33c062c0ecc\"} -->\n<figure class=\"wp-block-image size-full\"><img src=\"https:\/\/www.kosiceregion.com\/wp-content\/uploads\/2024\/11\/logo_Min-CestovnehoRuchu-a-Sportu_SR_EN_farba_cmyk-1024x410-1.jpg\" alt=\"\" class=\"wp-image-13820\"\/><\/figure>\n<!-- \/wp:image -->\n\n<!-- wp:tadv\/classic-paragraph {\"beyondwordsMarker\":\"129922d0-d08e-4b02-a7d1-6ddc7390a0a0\"} \/-->"},"excerpt":{"rendered":"","protected":false,"raw":""},"author":15,"featured_media":12391,"comment_status":"closed","ping_status":"closed","sticky":false,"template":"","format":"standard","meta":{"_acf_changed":false,"_sk_post_content":"<!-- wp:paragraph {\"beyondwordsMarker\":\"4e77534d-6a73-4e07-8d03-c756a026b031\"} -->\n<p>T\u00fa\u017eite po v\u00fdlete, na ktorom sa nebudete potk\u00fdna\u0165 o davy turistov, \u010daka\u0165 v rade na preplnen\u00e9 atrakcie a kupova\u0165 predra\u017een\u00e9 vstupenky, ale sk\u00f4r si budete na ka\u017edom kroku hovori\u0165 <strong>\"WOW, toto tu naozaj je?\"<\/strong>.<\/p>\n<!-- \/wp:paragraph -->\n\n<!-- wp:paragraph {\"beyondwordsMarker\":\"bae557b3-257c-41f8-a28d-94af2c223ac8\"} -->\n<p>Objavovanie kr\u00e1snych, dobrodru\u017en\u00fdch a in\u0161pirat\u00edvnych miest a z\u00e1\u017eitkov m\u00f4\u017ee by\u0165 dostupn\u00e9 ne\u010dakane bl\u00edzko.<br>Pon\u00fakame v\u00e1m tipy na unik\u00e1tne \u013eudsk\u00e9 v\u00fdtvory, netradi\u010dn\u00e9 umenia a miesta v pr\u00edrode, pri ktor\u00fdch sa v\u0161etky va\u0161e slov\u00e1 bud\u00fa da\u0165 zhrn\u00fa\u0165 do v\u00fdsti\u017en\u00e9ho a mlad\u00fdmi \u013eu\u010fmi ob\u013e\u00faben\u00e9ho slova: <em><strong>\u201eWOW\u201c<\/strong><\/em><\/p>\n<!-- \/wp:paragraph -->\n\n<!-- wp:image {\"id\":12276,\"sizeSlug\":\"large\",\"linkDestination\":\"none\",\"beyondwordsMarker\":\"be314416-3b3e-47f6-9c28-9ea4b728043d\"} -->\n<figure class=\"wp-block-image size-large\"><img src=\"https:\/\/www.kosiceregion.com\/wp-content\/uploads\/2024\/04\/DestinWeb_WOW_Tunel-1-1024x402.jpg\" alt=\"\" class=\"wp-image-12276\"\/><\/figure>\n<!-- \/wp:image -->\n\n<!-- wp:heading {\"textAlign\":\"right\",\"level\":3,\"beyondwordsMarker\":\"7762d9df-21a2-41ae-9acc-bbdb5b55049f\"} -->\n<h3 class=\"wp-block-heading has-text-align-right\"><strong>\u013dudsk\u00e9 v\u00fdtvory a&nbsp;netradi\u010dn\u00e9 umenie<\/strong><\/h3>\n<!-- \/wp:heading -->\n\n<!-- wp:heading {\"beyondwordsMarker\":\"acc7feed-e1a6-4f0e-8fe1-78e6beeda600\"} -->\n<h2 class=\"wp-block-heading\"><strong>Vyhliadkov\u00e1 ve\u017ea Green Point <\/strong><\/h2>\n<!-- \/wp:heading -->\n\n<!-- wp:paragraph {\"beyondwordsMarker\":\"f0e847b9-84aa-441e-9149-bb24150a2b5b\"} -->\n<p>Nad obcou Kluknava, na vrchole kopca s&nbsp;n\u00e1zvom Kremenec, sa t\u00fd\u010di <strong>35 m vysok\u00e1,<\/strong> prekvapiv\u00e1 a jedine\u010dn\u00e1 vyhliadka. V&nbsp;\u010dom je tak unik\u00e1tna oproti in\u00fdm?<\/p>\n<!-- \/wp:paragraph -->\n\n<!-- wp:paragraph {\"beyondwordsMarker\":\"d5538cd1-5458-4e75-845a-77e2c6d9c648\"} -->\n<p>V&nbsp;prvom rade t\u00fdm, \u017ee disponuje na Slovensku v\u00fdnimo\u010dnou, vlastnou energetickou samostatnos\u0165ou.&nbsp; Na jej vrchole s\u00fa umiestnen\u00e9 vetern\u00e9 turb\u00edny a&nbsp;fotovoltaick\u00e9 \u010dl\u00e1nky, v\u010faka ktor\u00fdm je jej prev\u00e1dzka&nbsp; celodenn\u00e1 a celoro\u010dn\u00e1. M\u00f4\u017eete si v&nbsp;nej bezplatne nabi\u0165 svoj mobil alebo elektrobicykel alebo si proste vychutn\u00e1va\u0165 ve\u010dern\u00e9 dobrodru\u017estvo. Ve\u017ea je toti\u017e osvetlen\u00e1 s\u00famrakov\u00fdm sp\u00edna\u010dom aj v&nbsp;noci...<strong> jednoducho jedna \"WOW\" ve\u017ea! <\/strong><\/p>\n<!-- \/wp:paragraph -->\n\n<!-- wp:paragraph {\"beyondwordsMarker\":\"2c1aa691-dfeb-4516-9bf8-a75fe45e799f\"} -->\n<p>Napl\u00e1nujte si svoj v\u00fdlet na vyhliadkov\u00fa ve\u017eu Gren Point pe\u0161i alebo na bicykli, s&nbsp;de\u0165mi \u010di bez alebo ako romantick\u00fd ve\u010dern\u00fd v\u00fdlet. Stoj\u00ed to za to. Viac inform\u00e1ci\u00ed o vyhliadkovej ve\u017ei Green Point n\u00e1jdete<a href=\"https:\/\/www.kosiceregion.com\/sk\/poi\/lesna-sauna-kadlubek\/\"> &gt;&gt;<\/a><a href=\"https:\/\/www.kosiceregion.com\/sk\/poi\/green-point-rozhladna-kluknava\/\">TU<\/a><\/p>\n<!-- \/wp:paragraph -->\n\n<!-- wp:columns {\"beyondwordsMarker\":\"952ce38f-736d-42b2-aa23-9366eb98b10e\"} -->\n<div class=\"wp-block-columns\"><!-- wp:column {\"beyondwordsMarker\":\"be5ff1a8-e30e-4600-b0ce-eaa1aa4ea8a7\"} -->\n<div class=\"wp-block-column\"><!-- wp:gallery {\"linkTo\":\"none\",\"beyondwordsMarker\":\"b48a1425-dcce-482c-b468-52d00fb884fd\"} -->\n<figure class=\"wp-block-gallery has-nested-images columns-default is-cropped\"><!-- wp:image {\"lightbox\":{\"enabled\":true},\"id\":12121,\"sizeSlug\":\"full\",\"linkDestination\":\"none\",\"beyondwordsMarker\":\"a545a56f-d452-44c0-acb7-a091f324c99d\",\"className\":\"is-style-default\"} -->\n<figure class=\"wp-block-image size-full is-style-default\"><img src=\"https:\/\/www.kosiceregion.com\/wp-content\/uploads\/2024\/04\/16to9_WOW_Kluknava-scaled.jpg\" alt=\"\" class=\"wp-image-12121\"\/><\/figure>\n<!-- \/wp:image --><\/figure>\n<!-- \/wp:gallery --><\/div>\n<!-- \/wp:column -->\n\n<!-- wp:column {\"width\":\"50%\",\"beyondwordsMarker\":\"e9f257d1-5425-4704-90f3-ccd6f3e5c557\"} -->\n<div class=\"wp-block-column\" style=\"flex-basis:50%\"><!-- wp:image {\"lightbox\":{\"enabled\":true},\"id\":12124,\"width\":\"389px\",\"height\":\"auto\",\"sizeSlug\":\"large\",\"linkDestination\":\"none\",\"beyondwordsMarker\":\"86a57a9b-361e-4814-8730-0bfa21e73198\"} -->\n<figure class=\"wp-block-image size-large is-resized\"><img src=\"https:\/\/www.kosiceregion.com\/wp-content\/uploads\/2024\/04\/KRT-GreenPoint-highres-4-1-edited.jpg\" alt=\"\" class=\"wp-image-12124\" style=\"width:389px;height:auto\"\/><\/figure>\n<!-- \/wp:image --><\/div>\n<!-- \/wp:column --><\/div>\n<!-- \/wp:columns -->\n\n<!-- wp:heading {\"textAlign\":\"right\",\"beyondwordsMarker\":\"38cadab3-b14c-4e22-a5f9-92c27e330f07\"} -->\n<h2 class=\"wp-block-heading has-text-align-right\"><strong><strong>Kom\u00e9ta v&nbsp;Z\u00e1dielskej ties\u0148ave<\/strong><\/strong><\/h2>\n<!-- \/wp:heading -->\n\n<!-- wp:paragraph {\"beyondwordsMarker\":\"ee100843-2180-4d6d-90ca-a7f6746f064c\"} -->\n<p>Ak si mysl\u00edte, \u017ee nerozumiete modern\u00e9mu umeniu, nechajte sa vies\u0165 nami. Na okraji pr\u00edrodnej rezerv\u00e1cie, na za\u010diatku Z\u00e1dielskej ties\u0148avy pri parkovisku, v\u00e1s prekvap\u00ed umeleck\u00e1 in\u0161tal\u00e1cia, ktor\u00e1 svoj\u00edm tvarom a postaven\u00edm pripom\u00edna letiacu kom\u00e9tu na oblohe.<\/p>\n<!-- \/wp:paragraph -->\n\n<!-- wp:paragraph {\"beyondwordsMarker\":\"66765219-bc06-4dcd-8fde-7758e6c25f2e\"} -->\n<p>Popustite uzdu svojej fant\u00e1zii a k\u00fdm naskenujete QR k\u00f3d s audio popisom tohto zauj\u00edmav\u00e9ho landartov\u00e9ho diela, prezrite si z ak\u00fdch netradi\u010dn\u00fdch materi\u00e1lov je vyroben\u00e9 - <strong>\"\u010co\u017ee? Mie\u0161a\u010dka a star\u00e9 viano\u010dn\u00e9 strom\u010deky? WOW\"<\/strong><\/p>\n<!-- \/wp:paragraph -->\n\n<!-- wp:paragraph {\"beyondwordsMarker\":\"a580f899-b45e-4509-8790-240ecd382a99\"} -->\n<p>Nech\u00e1me v\u00e1s objavova\u0165 a neprezrad\u00edme viac ako to, \u017ee v\u00fdsledok tohto kvalitn\u00e9ho umenia nepochybne zaujme svojou h\u013abkou a symbolikou a zo s\u00favisiacich vide\u00ed na mieste sa dozviete, ako a pre\u010do dielo vzniklo. Viac tipov na netradi\u010dn\u00e9 umenie v pr\u00edrode n\u00e1jdete <a href=\"https:\/\/www.kosiceregion.com\/sk\/umenie-na-mieste-x\/\">&gt;&gt;TU<\/a><\/p>\n<!-- \/wp:paragraph -->\n\n<!-- wp:columns {\"beyondwordsMarker\":\"e243874a-7b53-4b38-87db-609ba6ad7af4\"} -->\n<div class=\"wp-block-columns\"><!-- wp:column {\"beyondwordsMarker\":\"6628c335-635a-44b0-96e2-4d1930557897\"} -->\n<div class=\"wp-block-column\"><!-- wp:image {\"lightbox\":{\"enabled\":true},\"id\":12125,\"sizeSlug\":\"large\",\"linkDestination\":\"none\",\"beyondwordsMarker\":\"7a137f00-b8cd-480e-9dfc-ee475dd8dd3f\"} -->\n<figure class=\"wp-block-image size-large\"><img src=\"https:\/\/www.kosiceregion.com\/wp-content\/uploads\/2024\/04\/16to9_WOW_Zadiel-1024x576.jpg\" alt=\"\" class=\"wp-image-12125\"\/><\/figure>\n<!-- \/wp:image --><\/div>\n<!-- \/wp:column -->\n\n<!-- wp:column {\"beyondwordsMarker\":\"609af8ff-39fd-480a-b351-9b0652fceb41\"} -->\n<div class=\"wp-block-column\"><!-- wp:image {\"lightbox\":{\"enabled\":true},\"id\":12126,\"width\":\"343px\",\"height\":\"auto\",\"sizeSlug\":\"large\",\"linkDestination\":\"none\",\"beyondwordsMarker\":\"39f84600-0bf1-451d-8ed4-68a4b12af24a\"} -->\n<figure class=\"wp-block-image size-large is-resized\"><img src=\"https:\/\/www.kosiceregion.com\/wp-content\/uploads\/2024\/04\/KRT_Zadiel_prvyden_lowres-8-1024x682.jpg\" alt=\"\" class=\"wp-image-12126\" style=\"width:343px;height:auto\"\/><\/figure>\n<!-- \/wp:image --><\/div>\n<!-- \/wp:column --><\/div>\n<!-- \/wp:columns -->\n\n<!-- wp:heading {\"textAlign\":\"right\",\"level\":3,\"beyondwordsMarker\":\"8ff9494a-4ddd-49ba-a92b-53268e735626\"} -->\n<h3 class=\"wp-block-heading has-text-align-right\"><strong>Technick\u00e9 \"netradi\u010dn\u00e9\" pamiatky<\/strong><\/h3>\n<!-- \/wp:heading -->\n\n<!-- wp:heading {\"beyondwordsMarker\":\"31c6b214-818b-4fa6-9e0e-2713f65d95ab\"} -->\n<h2 class=\"wp-block-heading\"><strong>Ser\u00e9nyiho cisterna<\/strong><\/h2>\n<!-- \/wp:heading -->\n\n<!-- wp:paragraph {\"beyondwordsMarker\":\"28572f14-0222-48b3-96cf-f910270ea708\"} -->\n<p>Na ple\u0161iveckej pastvine sa na za\u010diatku 20. storo\u010dia objavila kruhov\u00e1 stavba, ktor\u00e1 bud\u00ed dojem z\u00e1sahu mimozemskej civiliz\u00e1cie. Zvl\u00e1\u0161tny \u00fatvar vsaden\u00fd do zeme, na ktorom u\u017e vidie\u0165 zn\u00e1mky plynutia \u010dasu, nestr\u00e1ca ni\u010d na svojej ve\u013ekoleposti aj dnes. Pomysl\u00edte si: <strong>\u201eWOW\u201c, \u017ee by tam skuto\u010dne prist\u00e1lo ufo?\u201c<\/strong><\/p>\n<!-- \/wp:paragraph -->\n\n<!-- wp:paragraph {\"beyondwordsMarker\":\"c919ba50-653f-45c9-abc2-41956823e76d\"} -->\n<p>M\u00f4\u017eeme v\u00e1s ubezpe\u010di\u0165, \u017ee t\u00e1to stavba je v\u00fdsledkom v\u00fdhradne \u013eudsk\u00e9ho umu a d\u00f4vtipu zvl\u00e1dnu\u0165 odvek\u00fd boj s pr\u00edrodn\u00fdm \u017eivlom a nepriazniv\u00fdmi d\u00f4sledkami po\u010dasia. Pr\u00e1ve sucho priviedlo vtedaj\u0161ieho ministra gr\u00f3fa B\u00e9lu Ser\u00e9nyiho na my\u0161lienku vybudova\u0165 na ple\u0161iveckej pastvine nap\u00e1jacie zariadenie - cisternu pre dobytok.<\/p>\n<!-- \/wp:paragraph -->\n\n<!-- wp:paragraph {\"beyondwordsMarker\":\"61878cf1-1260-423d-b3ee-04422cff2942\"} -->\n<p>Ser\u00e9nyiho cisterna je jedn\u00fdm z \u010fal\u0161\u00edm z miest, na ktorom davy turistov ne\u010dakajte. 8,4 km dlh\u00e1 trasa k tomuto jedine\u010dn\u00e9mu technick\u00e9mu dielu je turisticky zna\u010den\u00e1, n\u00e1ro\u010dnos\u0165ou dosahuje \u013eahk\u00fa \u00farove\u0148 vhodn\u00fa aj pre deti, je dostupn\u00e1 pre pe\u0161\u00edch turistov aj cyklistov. A v ne\u010falekej obci m\u00f4\u017eete pohodlne zaparkova\u0165 a da\u0165 si chutn\u00fd obed.<\/p>\n<!-- \/wp:paragraph -->\n\n<!-- wp:paragraph {\"beyondwordsMarker\":\"5c019cfb-b5b6-408b-8d85-cdb8a5289978\"} -->\n<p>Viac inform\u00e1ci\u00ed o Ser\u00e9nyiho cisterne n\u00e1jdete <a href=\"https:\/\/www.kosiceregion.com\/sk\/poi\/wellness-pod-hviezdami\/\">&gt;&gt;T<\/a><a href=\"https:\/\/www.kosiceregion.com\/sk\/serenyiho-cisterna\/\">U<\/a><\/p>\n<!-- \/wp:paragraph -->\n\n<!-- wp:columns {\"beyondwordsMarker\":\"8a3a5116-029e-4b7e-9566-24a0082f7511\"} -->\n<div class=\"wp-block-columns\"><!-- wp:column {\"beyondwordsMarker\":\"75c77f32-4041-4b07-8a6e-b3db857731bc\"} -->\n<div class=\"wp-block-column\"><!-- wp:image {\"lightbox\":{\"enabled\":true},\"id\":12127,\"sizeSlug\":\"large\",\"linkDestination\":\"none\",\"beyondwordsMarker\":\"121c1b35-e85f-4460-8cd0-0396134e73c0\"} -->\n<figure class=\"wp-block-image size-large\"><img src=\"https:\/\/www.kosiceregion.com\/wp-content\/uploads\/2024\/04\/16to9_WOW_Cisterna-1024x576.jpg\" alt=\"\" class=\"wp-image-12127\"\/><\/figure>\n<!-- \/wp:image --><\/div>\n<!-- \/wp:column -->\n\n<!-- wp:column {\"beyondwordsMarker\":\"5503b7ee-642a-43e3-a7a0-b5be73427d0d\"} -->\n<div class=\"wp-block-column\"><!-- wp:image {\"lightbox\":{\"enabled\":true},\"id\":12128,\"width\":\"341px\",\"height\":\"auto\",\"sizeSlug\":\"large\",\"linkDestination\":\"none\",\"beyondwordsMarker\":\"78e68179-953e-4462-ba26-550681d28875\"} -->\n<figure class=\"wp-block-image size-large is-resized\"><img src=\"https:\/\/www.kosiceregion.com\/wp-content\/uploads\/2024\/04\/KP_0035-1024x683.jpg\" alt=\"\" class=\"wp-image-12128\" style=\"width:341px;height:auto\"\/><\/figure>\n<!-- \/wp:image --><\/div>\n<!-- \/wp:column --><\/div>\n<!-- \/wp:columns -->\n\n<!-- wp:heading {\"textAlign\":\"right\",\"beyondwordsMarker\":\"4e2a41ac-6c4c-4ca7-bf14-882696655004\"} -->\n<h2 class=\"wp-block-heading has-text-align-right\"><strong>Slavo\u0161ovsk\u00fd tunel<\/strong><\/h2>\n<!-- \/wp:heading -->\n\n<!-- wp:paragraph {\"beyondwordsMarker\":\"f4b5754a-f5af-4371-9c2c-3598c45417a5\"} -->\n<p>M\u00e1te pocit, \u017ee sa va\u0161e deti v\u0161ade nudia alebo vy sami h\u013ead\u00e1te v\u00fdraznej\u0161ie dobrodru\u017estvo a adrenal\u00edn? Po\u010fte sa s nami trochu b\u00e1\u0165 a objavova\u0165 tajomstv\u00e1 Slavo\u0161ovsk\u00e9ho tunela. Vstup do tunela sa pred vami objav\u00ed tesne pod povrchom v \u0161irokej jame, do ktorej vedie dreven\u00e9 schodisko (pozor \u0161m\u00fdka sa! . \u010cak\u00e1 v\u00e1s tajomn\u00e1 a\u017e nap\u00e4t\u00e1 atmosf\u00e9ra, ktor\u00e1 nadchne deti aj dospel\u00fdch. Tunel je dlh\u00fd pribli\u017ene 2400 kr\u00e1snych stra\u0161ideln\u00fdch metrov a d\u00e1 sa prejs\u0165 zhruba za hodinu... <strong>\"WOW, tak dlho by\u0165 v \u00faplnej tme?\"<\/strong> Je d\u00f4le\u017eit\u00e9 spomen\u00fa\u0165, \u017ee zo strany Slavo\u0161oviec je pred vchodom do tunela vybudovan\u00fd kr\u00e1sny rozpr\u00e1vkov\u00fd are\u00e1l pre deti s tematikou Dob\u0161insk\u00e9ho rozpr\u00e1vok.<br><br>Je takmer neskuto\u010dn\u00e9, \u017ee aj toto v\u00e1m vie splni\u0165 Ko\u0161ick\u00fd svetov\u00fd kraj - jedn\u00fdm slovom <strong>\"WOW\"<\/strong><\/p>\n<!-- \/wp:paragraph -->\n\n<!-- wp:paragraph {\"beyondwordsMarker\":\"f54f4872-accf-4163-b495-ec036e4c115f\"} -->\n<p>Viac inform\u00e1ci\u00ed o Slavo\u0161ovskom tuneli n\u00e1jdete <a href=\"https:\/\/www.kosiceregion.com\/sk\/poi\/thermalpark-sirava-a-wellness\/\">&gt;&gt;T<\/a><a href=\"https:\/\/www.kosiceregion.com\/sk\/poi\/slavosovsky-tunel\/\">U<\/a><\/p>\n<!-- \/wp:paragraph -->\n\n<!-- wp:columns {\"beyondwordsMarker\":\"ebd9c711-6187-4152-bc93-8af8794dc926\"} -->\n<div class=\"wp-block-columns\"><!-- wp:column {\"beyondwordsMarker\":\"cada975f-db59-4e46-98f6-ceae67dd5878\"} -->\n<div class=\"wp-block-column\"><!-- wp:image {\"lightbox\":{\"enabled\":true},\"id\":12129,\"sizeSlug\":\"large\",\"linkDestination\":\"none\",\"beyondwordsMarker\":\"75890e18-c818-4bcb-842a-72dc964a0e18\"} -->\n<figure class=\"wp-block-image size-large\"><img src=\"https:\/\/www.kosiceregion.com\/wp-content\/uploads\/2024\/04\/16to9_WOW_Tunel-1024x576.jpg\" alt=\"\" class=\"wp-image-12129\"\/><\/figure>\n<!-- \/wp:image --><\/div>\n<!-- \/wp:column -->\n\n<!-- wp:column {\"beyondwordsMarker\":\"7b589ef9-e8ac-41d2-a9a3-d6cf9e1ac886\"} -->\n<div class=\"wp-block-column\"><!-- wp:image {\"lightbox\":{\"enabled\":true},\"id\":12130,\"width\":\"338px\",\"height\":\"auto\",\"sizeSlug\":\"large\",\"linkDestination\":\"none\",\"beyondwordsMarker\":\"4508bdf9-cd84-4b43-9a16-2e81e56f7197\"} -->\n<figure class=\"wp-block-image size-large is-resized\"><img src=\"https:\/\/www.kosiceregion.com\/wp-content\/uploads\/2024\/04\/KP_0021-1024x683.jpg\" alt=\"\" class=\"wp-image-12130\" style=\"width:338px;height:auto\"\/><\/figure>\n<!-- \/wp:image --><\/div>\n<!-- \/wp:column --><\/div>\n<!-- \/wp:columns -->\n\n<!-- wp:heading {\"beyondwordsMarker\":\"d8618c82-b4ce-4d36-88a0-9e3d5f1652f3\"} -->\n<h2 class=\"wp-block-heading\"><strong>Huta Etelka<\/strong><\/h2>\n<!-- \/wp:heading -->\n\n<!-- wp:paragraph {\"beyondwordsMarker\":\"8a4ce9db-8054-48e4-a0e7-ef9d5dda9210\"} -->\n<p>Ak ste fan\u00fa\u0161ikom historick\u00fdch technick\u00fdch pamiatok a prech\u00e1dzate Gemerom, urobte si kr\u00e1tku pauzu v obci Ni\u017en\u00e1 Slan\u00e1 a z\u00e1jdite sa pokocha\u0165 poh\u013eadom na 11 metrov vysok\u00fa pec huty Etelka, ktor\u00fa jej stavite\u013e gr\u00f3f Emanuel Andr\u00e1ssy v \u010dasoch najv\u00e4\u010d\u0161ieho rozmachu ban\u00edctva a hutn\u00edctva (1867-1907) hrdo pomenoval po svojej matke Etele - <strong>\"WOW, tak\u00fd pr\u00edbeh ste ne\u010dakali, \u010do?!<\/strong><br><br>Dnes je u\u017e menej hrd\u00e1 a zubom \u010dasu ohlodan\u00e1 Etelka v rekon\u0161trukcii a hoci sa k nej ned\u00e1 pribl\u00ed\u017ei\u0165 kv\u00f4li oploteniu, ni\u010d v\u00e1m nebr\u00e1ni h\u013eada\u0165 jej niekdaj\u0161iu kr\u00e1su a technick\u00fa dokonalos\u0165 cez va\u0161e fotografie.<\/p>\n<!-- \/wp:paragraph -->\n\n<!-- wp:paragraph {\"beyondwordsMarker\":\"61bf528a-9576-4f97-ade0-225479d3e082\"} -->\n<p>Viac o Hute Etelke n\u00e1jdete <a href=\"https:\/\/www.zlatyhyl.sk\/bio-hotel-wellness\/\">&gt;&gt;<\/a><a href=\"https:\/\/www.kosiceregion.com\/sk\/karlova-huta-a-etelka-gemerske-paradoxy-stratene-a-najdene-huty\/\">TU<\/a><\/p>\n<!-- \/wp:paragraph -->\n\n<!-- wp:columns {\"beyondwordsMarker\":\"140c46ed-64e0-4e4a-915a-c83097294272\"} -->\n<div class=\"wp-block-columns\"><!-- wp:column {\"beyondwordsMarker\":\"d7f83650-8048-47df-9ba1-4b5c9a042dc9\"} -->\n<div class=\"wp-block-column\"><!-- wp:image {\"id\":12409,\"sizeSlug\":\"large\",\"linkDestination\":\"none\",\"beyondwordsMarker\":\"b0d31c57-682b-49b3-8eb9-d7807d8daf5e\"} -->\n<figure class=\"wp-block-image size-large\"><img src=\"https:\/\/www.kosiceregion.com\/wp-content\/uploads\/2024\/05\/16to9_WOW_Etelka_SK-1-1024x576.jpg\" alt=\"\" class=\"wp-image-12409\"\/><\/figure>\n<!-- \/wp:image --><\/div>\n<!-- \/wp:column -->\n\n<!-- wp:column {\"beyondwordsMarker\":\"7f3a1735-05af-4f1e-a9a5-520385cc593f\"} -->\n<div class=\"wp-block-column\"><!-- wp:image {\"id\":12143,\"sizeSlug\":\"large\",\"linkDestination\":\"none\",\"beyondwordsMarker\":\"263b042d-c350-44a8-993c-bf0f493b0a7c\"} -->\n<figure class=\"wp-block-image size-large\"><img src=\"https:\/\/www.kosiceregion.com\/wp-content\/uploads\/2024\/04\/AA_9467-copy-1024x683.jpg\" alt=\"\" class=\"wp-image-12143\"\/><\/figure>\n<!-- \/wp:image --><\/div>\n<!-- \/wp:column --><\/div>\n<!-- \/wp:columns -->\n\n<!-- wp:heading {\"textAlign\":\"right\",\"level\":3,\"beyondwordsMarker\":\"03408a99-80f1-444e-816d-cd650d2f1b1b\"} -->\n<h3 class=\"wp-block-heading has-text-align-right\"><strong>Netradi\u010dn\u00e9 m\u00faze\u00e1<\/strong><\/h3>\n<!-- \/wp:heading -->\n\n<!-- wp:heading {\"beyondwordsMarker\":\"bdb8f813-5060-4501-adbd-94cef4090185\"} -->\n<h2 class=\"wp-block-heading\"><strong><strong>M\u00fazeum veter\u00e1nov<\/strong><\/strong><\/h2>\n<!-- \/wp:heading -->\n\n<!-- wp:paragraph {\"beyondwordsMarker\":\"333b8d4c-41d2-4a8d-984e-ad6369af47ed\"} -->\n<p>\u201eStar\u00fd, ale jar\u00fd\u201c \u2013 V&nbsp;m\u00fazeu veter\u00e1nov v&nbsp;Michalovciach to plat\u00ed doslova. O\u010daria v\u00e1s ladn\u00e9 krivky a&nbsp;st\u00e1le pretrv\u00e1vaj\u00faca elegancia a&nbsp;lesk automobilov a&nbsp;motocyklov, ktor\u00fdm vek proste pristane. Prehliadku s n\u00e1zvom Hist\u00f3ria na koles\u00e1ch si m\u00f4\u017eu vychutna\u0165 aj \u013eudia a deti, ktor\u00ed &nbsp;bez \u201evlastn\u00fdch\u201c koliesok nemaj\u00fa mo\u017enos\u0165 pohybu, preto\u017ee cel\u00fd interi\u00e9r je bezbari\u00e9rov\u00fd.<\/p>\n<!-- \/wp:paragraph -->\n\n<!-- wp:paragraph {\"beyondwordsMarker\":\"a40de825-bc35-4231-982f-88f9f43f97e2\"} -->\n<p>V&nbsp;peknom po\u010das\u00ed \u010dak\u00e1&nbsp;nezbedn\u00fdch mal\u00fdch n\u00e1v\u0161tevn\u00edkov oddychovo-relaxa\u010dn\u00e1 z\u00f3na pre deti s&nbsp;n\u00e1stupnou stanicou vyhliadkov\u00e9ho vl\u00e1\u010dika Veter\u00e1n Expres, ktor\u00fd v\u00e1s odvezie po meste Michalovce, na Zempl\u00ednsku \u0160\u00edravu alebo k Morsk\u00e9mu oku... \u00c1no, hovor\u00edte si <strong>\"WOW, aj tak\u00e9 mo\u017enosti s\u00fa na Zempl\u00edne?\"<\/strong><\/p>\n<!-- \/wp:paragraph -->\n\n<!-- wp:paragraph {\"beyondwordsMarker\":\"e5e56121-9ad6-49e6-be6e-22d2e00970b2\"} -->\n<p>Viac inform\u00e1ci\u00ed M\u00fazeu veter\u00e1nov n\u00e1jdete <a href=\"https:\/\/www.kosiceregion.com\/sk\/poi\/muzeum-vetaranov-historia-na-kolesach\/\">&gt;&gt;TU<\/a><\/p>\n<!-- \/wp:paragraph -->\n\n<!-- wp:columns {\"beyondwordsMarker\":\"eef58c54-3e36-418c-a796-d65af9dc9817\"} -->\n<div class=\"wp-block-columns\"><!-- wp:column {\"beyondwordsMarker\":\"841ca35c-f1ae-4c30-9e64-ac7cef80b424\"} -->\n<div class=\"wp-block-column\"><!-- wp:image {\"lightbox\":{\"enabled\":true},\"id\":12131,\"sizeSlug\":\"large\",\"linkDestination\":\"none\",\"beyondwordsMarker\":\"fbf2aef4-7df3-484e-92ff-0b1eb6e83597\"} -->\n<figure class=\"wp-block-image size-large\"><img src=\"https:\/\/www.kosiceregion.com\/wp-content\/uploads\/2024\/04\/16to9_WOW_Veteran-1024x576.jpg\" alt=\"\" class=\"wp-image-12131\"\/><\/figure>\n<!-- \/wp:image --><\/div>\n<!-- \/wp:column -->\n\n<!-- wp:column {\"beyondwordsMarker\":\"5bf40a74-2214-49e7-afd1-37ed41a4019b\"} -->\n<div class=\"wp-block-column\"><!-- wp:image {\"lightbox\":{\"enabled\":true},\"id\":12132,\"width\":\"338px\",\"height\":\"auto\",\"sizeSlug\":\"large\",\"linkDestination\":\"none\",\"beyondwordsMarker\":\"08ef1794-771e-4c07-becd-8d916716123a\"} -->\n<figure class=\"wp-block-image size-large is-resized\"><img src=\"https:\/\/www.kosiceregion.com\/wp-content\/uploads\/2024\/04\/KRT_Veteranmuzeum_extra-1-1024x681.jpg\" alt=\"\" class=\"wp-image-12132\" style=\"width:338px;height:auto\"\/><\/figure>\n<!-- \/wp:image --><\/div>\n<!-- \/wp:column --><\/div>\n<!-- \/wp:columns -->\n\n<!-- wp:heading {\"level\":3,\"beyondwordsMarker\":\"02be6929-8ac1-4d5d-9107-dd5a5cf2c7d0\"} -->\n<h3 class=\"wp-block-heading\"><strong>Pr\u00edroda ako \"netradi\u010dn\u00fd\" umelec<\/strong><\/h3>\n<!-- \/wp:heading -->\n\n<!-- wp:heading {\"textAlign\":\"right\",\"beyondwordsMarker\":\"d2f0f656-8069-4245-9730-dab5c60114fe\"} -->\n<h2 class=\"wp-block-heading has-text-align-right\"><strong><strong>Zejmarsk\u00e1 roklina<\/strong><\/strong><\/h2>\n<!-- \/wp:heading -->\n\n<!-- wp:paragraph {\"beyondwordsMarker\":\"4bcd8f6c-e4e4-40d1-b787-f82f93606c31\"} -->\n<p>Za\u017eili ste u\u017e pocit, ke\u010f prekon\u00e1te sam\u00e9ho seba a&nbsp;pr\u00eddete a\u017e do cie\u013ea? Ke\u010f dosiahnete vrchol t\u00fary?&nbsp; Ak nie, nevad\u00ed, ka\u017ed\u00fd m\u00e1 pr\u00e1vo na svoje vlastn\u00e9 vrcholy, a&nbsp;to v&nbsp;ka\u017edom veku.<\/p>\n<!-- \/wp:paragraph -->\n\n<!-- wp:paragraph {\"beyondwordsMarker\":\"483bfaad-5a4a-4ca6-b55b-9c4c8e28e773\"} -->\n<p>A mo\u017eno teraz je t\u00e1 prav\u00e1 chv\u00ed\u013ea pre v\u00e1s vst\u00fapi\u0165 na svoju prv\u00fa st\u00fapa\u010dku, vykro\u010di\u0165 na prv\u00fd stupienok rebr\u00edka.&nbsp;Sk\u00fasi\u0165 to prv\u00fdkr\u00e1t alebo zopakova\u0165 si tento neskuto\u010dn\u00fd z\u00e1\u017eitok zas a znova s va\u0161imi de\u0165mi alebo priate\u013emi. Ten n\u00e1dhern\u00fd ve\u013ekolep\u00fd v\u00fdh\u013ead si predsa mus\u00edte odfoti\u0165 a&nbsp;uk\u00e1za\u0165 s&nbsp;neochvejnou hrdos\u0165ou cel\u00e9mu svetu s&nbsp;popisom&nbsp;<strong>\u201eWOW, dali sme to\u201c.<\/strong><\/p>\n<!-- \/wp:paragraph -->\n\n<!-- wp:paragraph {\"beyondwordsMarker\":\"38c262e2-6bf5-46d2-b827-7ff19e70d8d4\"} -->\n<p>Viac o Zejmarskej roline n\u00e1jdete <a href=\"https:\/\/www.kosiceregion.com\/sk\/poi\/wellness-hotel-bankov\/\">&gt;&gt;T<\/a><a href=\"https:\/\/www.kosiceregion.com\/sk\/zivot-dobrodruhov-zejmarska-roklina-a-geravy\/\">U<\/a><\/p>\n<!-- \/wp:paragraph -->\n\n<!-- wp:columns {\"beyondwordsMarker\":\"5d91a57d-18f8-47aa-91ae-c197032e009c\"} -->\n<div class=\"wp-block-columns\"><!-- wp:column {\"beyondwordsMarker\":\"31a900d4-320c-4a74-a5fa-0abfa92b76f0\"} -->\n<div class=\"wp-block-column\"><!-- wp:image {\"id\":12137,\"sizeSlug\":\"large\",\"linkDestination\":\"none\",\"beyondwordsMarker\":\"6c9c3aec-0ca0-4a14-b040-5d4bae7a0e73\"} -->\n<figure class=\"wp-block-image size-large\"><img src=\"https:\/\/www.kosiceregion.com\/wp-content\/uploads\/2024\/04\/4-1-1024x683.jpg\" alt=\"\" class=\"wp-image-12137\"\/><\/figure>\n<!-- \/wp:image --><\/div>\n<!-- \/wp:column -->\n\n<!-- wp:column {\"beyondwordsMarker\":\"d217e6ad-3009-43ae-8e5d-a42931900473\"} -->\n<div class=\"wp-block-column\"><!-- wp:image {\"id\":12138,\"sizeSlug\":\"large\",\"linkDestination\":\"none\",\"beyondwordsMarker\":\"5c979753-ac49-4ae0-ac83-931a5c78c833\"} -->\n<figure class=\"wp-block-image size-large\"><img src=\"https:\/\/www.kosiceregion.com\/wp-content\/uploads\/2024\/04\/8-1024x683.jpg\" alt=\"\" class=\"wp-image-12138\"\/><\/figure>\n<!-- \/wp:image --><\/div>\n<!-- \/wp:column --><\/div>\n<!-- \/wp:columns -->\n\n<!-- wp:heading {\"beyondwordsMarker\":\"11a96f35-4406-4552-aec9-0598955f0ffd\"} -->\n<h2 class=\"wp-block-heading\"><strong>Senianske rybn\u00edky<\/strong><\/h2>\n<!-- \/wp:heading -->\n\n<!-- wp:paragraph {\"beyondwordsMarker\":\"6d75d684-bf94-4f8f-86c4-fb9292782d7d\"} -->\n<p>M\u00f4\u017eeme v\u00e1m s\u013e\u00fabi\u0165, \u017ee v n\u00e1ru\u010d\u00ed pr\u00edrody Senianskych rybn\u00edkov&nbsp; z\u00edskate&nbsp; nov\u00fa superschopnos\u0165 - schopnos\u0165 &nbsp;vidie\u0165 a po\u010du\u0165.&nbsp;St\u00ed\u0161me seba, st\u00ed\u0161me na\u0161e deti, na\u0161u myse\u013e. Pr\u00edroda n\u00e1m predsa premieta dokonal\u00fd obraz aj zvuk. Vidie\u0165&nbsp; pot\u00e1pku, volavku \u010di ryb\u00e1rika, k\u0155dle divok\u00fdch hus\u00ed a&nbsp;ka\u010d\u00edc v prirodzenom prostred\u00ed tohto vt\u00e1\u010dieho raja vo v\u00e1s zanech\u00e1 intenz\u00edvne a&nbsp;hlbok\u00e9 presved\u010denie, \u017ee pr\u00edroda nepatr\u00ed len n\u00e1m \u013eu\u010fom.<\/p>\n<!-- \/wp:paragraph -->\n\n<!-- wp:paragraph {\"beyondwordsMarker\":\"77494cb0-f5f7-4861-989c-d941cdc7dbb8\"} -->\n<p>Sta\u0148te sa tichou s\u00fa\u010das\u0165ou pr\u00edrody a&nbsp;ak sa v\u00e1m \u017eiada pr\u00e1ve tu poveda\u0165 <strong>svoje \u201eWOW\u201c, nevyslovujte ho nahlas, <\/strong>t\u00e1 kr\u00e1sa divokej fl\u00f3ry a fauny vyznie v&nbsp;plnej sile zvuku vo va\u0161ich my\u0161lienkach.<\/p>\n<!-- \/wp:paragraph -->\n\n<!-- wp:paragraph {\"beyondwordsMarker\":\"bfd4feca-7bd0-4fba-80d4-c6af2a45cfec\"} -->\n<p>Viac inform\u00e1ci\u00ed o Senianskych rybn\u00edkoch sa do\u010d\u00edtate<a href=\"https:\/\/www.kosiceregion.com\/sk\/poi\/senianske-rybniky\/\"> &gt;&gt;TU<\/a><\/p>\n<!-- \/wp:paragraph -->\n\n<!-- wp:columns {\"beyondwordsMarker\":\"9b19a3c6-6d1d-4db5-b7c9-67d61ab033d9\"} -->\n<div class=\"wp-block-columns\"><!-- wp:column {\"beyondwordsMarker\":\"c6a2e22c-cbd6-4f2a-b5c3-c5e691f8e8f6\"} -->\n<div class=\"wp-block-column\"><!-- wp:image {\"id\":12141,\"sizeSlug\":\"large\",\"linkDestination\":\"none\",\"beyondwordsMarker\":\"be6bea26-162c-485c-8275-d2946c14b559\"} -->\n<figure class=\"wp-block-image size-large\"><img src=\"https:\/\/www.kosiceregion.com\/wp-content\/uploads\/2024\/04\/8I0A4022-1024x683.jpg\" alt=\"\" class=\"wp-image-12141\"\/><\/figure>\n<!-- \/wp:image --><\/div>\n<!-- \/wp:column -->\n\n<!-- wp:column {\"beyondwordsMarker\":\"86843c48-64a5-4454-9000-3ac7d8540772\"} -->\n<div class=\"wp-block-column\"><!-- wp:image {\"id\":12410,\"sizeSlug\":\"large\",\"linkDestination\":\"none\",\"beyondwordsMarker\":\"69b51326-2ae5-4134-892f-50d24e43f434\"} -->\n<figure class=\"wp-block-image size-large\"><img src=\"https:\/\/www.kosiceregion.com\/wp-content\/uploads\/2024\/05\/16to9_WOW_Senianske_SK-1024x576.jpg\" alt=\"\" class=\"wp-image-12410\"\/><\/figure>\n<!-- \/wp:image --><\/div>\n<!-- \/wp:column --><\/div>\n<!-- \/wp:columns -->\n\n<!-- wp:heading {\"textAlign\":\"right\",\"beyondwordsMarker\":\"5436f69d-d7e7-4c9a-9cce-3224ead12f69\"} -->\n<h2 class=\"wp-block-heading has-text-align-right\"><strong><strong><strong>Herliansky gejz\u00edr<\/strong><\/strong><\/strong><\/h2>\n<!-- \/wp:heading -->\n\n<!-- wp:paragraph {\"beyondwordsMarker\":\"6b7e8bf1-0a7b-4cc8-9a2f-1c4a16926dca\"} -->\n<p>Herliansky gejz\u00edr tu bol, ke\u010f sme boli deti my a&nbsp;ke\u010f boli de\u0165mi na\u0161i rodi\u010dia. S&nbsp;pravidelnos\u0165ou 32-36 hod\u00edn n\u00e1m ukazuje svoju 22 metrov\u00fa kr\u00e1su vody vytryskuj\u00facu z&nbsp;\u00fatrob na\u0161ej Zeme u\u017e cel\u00e9 st\u00e1ro\u010dia. Uk\u00e1\u017eme toto jedine\u010dn\u00e9 pr\u00edrodn\u00e9 divadlo aj na\u0161im de\u0165om. Ve\u010f ktovie, kedy sa pr\u00edroda rozhodne, \u017ee u\u017e sta\u010d\u00ed a \u201ezatiahne\u201c pomyseln\u00fd koh\u00fatik. Ale vy si tento jedine\u010dn\u00fd z\u00e1\u017eitok e\u0161te m\u00f4\u017eete v&nbsp;pokoji malej obce Her\u013eany bez ob\u00e1v vychutna\u0165.<\/p>\n<!-- \/wp:paragraph -->\n\n<!-- wp:paragraph {\"beyondwordsMarker\":\"b7a21cf1-c9d2-4daa-994e-76f28065b738\"} -->\n<p>Podobn\u00fd gejz\u00edr by si najbli\u017e\u0161ie mohol n\u00e1js\u0165 napr\u00edklad v nemeckom Andernachu, na Ukrajine a \u010fal\u0161ie podobn\u00e9 gejz\u00edry s\u00fa na Islande... <strong>\"WOW, toto m\u00e1me v Ko\u0161ickom svetovom kraji?\"<\/strong><br><br>Viac inform\u00e1ci\u00ed o Herlianskom gejz\u00edre n\u00e1jdete<a href=\"https:\/\/www.kosiceregion.com\/sk\/poi\/herliansky-gejzir\/\"> &gt;&gt;TU<\/a><\/p>\n<!-- \/wp:paragraph -->\n\n<!-- wp:columns {\"beyondwordsMarker\":\"0e6d02d3-9617-42a7-a79f-34af085e0df3\"} -->\n<div class=\"wp-block-columns\"><!-- wp:column {\"beyondwordsMarker\":\"86c08ba4-0a9a-4007-907c-377ec31c1304\"} -->\n<div class=\"wp-block-column\"><!-- wp:image {\"lightbox\":{\"enabled\":true},\"id\":12139,\"sizeSlug\":\"large\",\"linkDestination\":\"none\",\"beyondwordsMarker\":\"ca945fef-eff3-40be-a74e-752c87c22752\"} -->\n<figure class=\"wp-block-image size-large\"><img src=\"https:\/\/www.kosiceregion.com\/wp-content\/uploads\/2024\/04\/16to9_WOW_Herlany-1-1024x576.jpg\" alt=\"\" class=\"wp-image-12139\"\/><\/figure>\n<!-- \/wp:image --><\/div>\n<!-- \/wp:column -->\n\n<!-- wp:column {\"beyondwordsMarker\":\"36c91560-af78-49d7-9657-7ea1a6e502d9\"} -->\n<div class=\"wp-block-column\"><!-- wp:image {\"lightbox\":{\"enabled\":true},\"id\":12140,\"width\":\"301px\",\"height\":\"auto\",\"sizeSlug\":\"large\",\"linkDestination\":\"none\",\"beyondwordsMarker\":\"4aca8b02-5f5d-430c-a09c-8488b74f2508\"} -->\n<figure class=\"wp-block-image size-large is-resized\"><img src=\"https:\/\/www.kosiceregion.com\/wp-content\/uploads\/2024\/04\/Herlansky_Gejzir_DJI_0251-1-1024x768.jpg\" alt=\"\" class=\"wp-image-12140\" style=\"width:301px;height:auto\"\/><\/figure>\n<!-- \/wp:image --><\/div>\n<!-- \/wp:column --><\/div>\n<!-- \/wp:columns -->\n\n<!-- wp:paragraph {\"beyondwordsMarker\":\"728011e1-52b5-4b15-8456-1e5b799bd5c6\"} -->\n<p>Tak \u010do poviete? Vybrali ste si ten v\u00e1\u0161 z\u00e1\u017eitok na Kraji sveta? Nechajte sa in\u0161pirova\u0165 na\u0161ou ponukou a&nbsp;mo\u017eno <strong>va\u0161e \u201eWOW\u201c zaznie viackr\u00e1t ako len raz. <\/strong>Viac zauj\u00edmav\u00fdch tipov na v\u00fdlet, po\u010das ktor\u00fdch si zaru\u010dene neraz poviete \"WOW\" n\u00e1jdete <a href=\"https:\/\/www.kosiceregion.com\/sk\/poi\/co-vidiet-a-zazit\/\">&gt;&gt;TU<\/a><\/p>\n<!-- \/wp:paragraph -->\n\n<!-- wp:tadv\/classic-paragraph {\"beyondwordsMarker\":\"d93187e8-3566-4954-be5c-6417a543df96\"} \/-->\n\n<!-- wp:tadv\/classic-paragraph {\"beyondwordsMarker\":\"7b14bf20-4075-4e7c-b849-9098eee334be\"} \/-->\n\n<!-- wp:tadv\/classic-paragraph {\"beyondwordsMarker\":\"1ee8b566-6af7-47db-bb42-1982cf2f1059\"} \/-->","_sk_post_name":"povedz-si-wow-na-kraji-sveta","_sk_post_excerpt":"","_sk_post_title":"Povedz si \"WOW\" na Kraji sveta","_en_post_content":"<!-- wp:paragraph {\"beyondwordsMarker\":\"df251f5c-a794-4efd-8f96-e7c0175b8a9d\"} -->\n<p>Are you longing for a trip where you won't be stumbling over crowds of tourists, waiting in lines for crowded attractions, and buying overpriced tickets, but rather saying to yourself at every turn, <strong>\"WOW, is this really here?\".<\/strong><\/p>\n<!-- \/wp:paragraph -->\n\n<!-- wp:paragraph {\"beyondwordsMarker\":\"8efd6c55-cc83-4b2a-bbd2-0a3d7619664d\"} -->\n<p>Discovering beautiful, adventurous, and inspiring sites and experiences may be available surprisingly close by.<\/p>\n<!-- \/wp:paragraph -->\n\n<!-- wp:paragraph {\"beyondwordsMarker\":\"26abf792-1efc-499a-8751-d4ae9d2b638c\"} -->\n<p>We offer you tips on unique human creations, unconventional art, and sites in nature where all you can sum up is in the pithy and young people's favourite word:<strong> \"WOW\".<\/strong><\/p>\n<!-- \/wp:paragraph -->\n\n<!-- wp:image {\"id\":12319,\"sizeSlug\":\"large\",\"linkDestination\":\"none\",\"beyondwordsMarker\":\"51c6b637-11b0-4a4e-ab30-692420a2721c\"} -->\n<figure class=\"wp-block-image size-large\"><img src=\"https:\/\/www.kosiceregion.com\/wp-content\/uploads\/2024\/05\/DestinWeb_WOW_Tunel_EN-1024x402.jpg\" alt=\"\" class=\"wp-image-12319\"\/><\/figure>\n<!-- \/wp:image -->\n\n<!-- wp:heading {\"textAlign\":\"right\",\"level\":3,\"beyondwordsMarker\":\"3edf932a-8c1e-4390-8cd6-d3ee2e023b14\"} -->\n<h3 class=\"wp-block-heading has-text-align-right\"><strong><strong>Human Creations and Unconventional Art<\/strong><\/strong><\/h3>\n<!-- \/wp:heading -->\n\n<!-- wp:heading {\"beyondwordsMarker\":\"f5138037-fc3c-40d9-9cb6-113ae57f5ccf\",\"fontSize\":\"medium\"} -->\n<h2 class=\"wp-block-heading has-medium-font-size\"><strong><strong>Green Point Lookout Tower<\/strong><\/strong><\/h2>\n<!-- \/wp:heading -->\n\n<!-- wp:paragraph {\"beyondwordsMarker\":\"7bd04d07-e548-431c-86ca-759a623ffafb\"} -->\n<p>On top of a hill called Kremenec, above the village of Kluknava, there is a 35 m high, surprising, and unique lookout. What makes it so unique compared to others?<\/p>\n<!-- \/wp:paragraph -->\n\n<!-- wp:paragraph {\"beyondwordsMarker\":\"036dd408-1fc7-48a9-bf1e-eb0601775729\"} -->\n<p>First, it has an exceptional power self-sufficiency in Slovakia. Wind turbines and photovoltaic cells are located on its top, which allows it to operate all day and all year round. You may charge your mobile phone or e-bike for free or simply enjoy an evening adventure. In fact, the tower is illuminated by a twilight switch even at night... simply. a \"WOW\" tower!<\/p>\n<!-- \/wp:paragraph -->\n\n<!-- wp:paragraph {\"beyondwordsMarker\":\"d1840ad6-5309-49d4-8052-6e00b6811d5e\"} -->\n<p>Plan your trip to the Gren Point Lookout Tower on foot or by bike, with or without kids or as a romantic evening outing. It's worth it. <\/p>\n<!-- \/wp:paragraph -->\n\n<!-- wp:columns {\"beyondwordsMarker\":\"f1b7da06-bcfa-42c9-9125-534ef9d1a784\"} -->\n<div class=\"wp-block-columns\"><!-- wp:column {\"beyondwordsMarker\":\"8a0c7536-05c4-43ef-84c5-2c7b79b6f102\"} -->\n<div class=\"wp-block-column\"><!-- wp:gallery {\"linkTo\":\"none\",\"beyondwordsMarker\":\"d0552b8c-dfc2-46eb-96c2-ccf841c5643f\"} -->\n<figure class=\"wp-block-gallery has-nested-images columns-default is-cropped\"><!-- wp:image {\"lightbox\":{\"enabled\":true},\"id\":12320,\"sizeSlug\":\"full\",\"linkDestination\":\"none\",\"beyondwordsMarker\":\"5c6d4476-9a1c-4b77-bfc1-e85baaf60586\",\"className\":\"is-style-default\"} -->\n<figure class=\"wp-block-image size-full is-style-default\"><img src=\"https:\/\/www.kosiceregion.com\/wp-content\/uploads\/2024\/05\/16to9_WOW_Kluknava_EN-scaled.jpg\" alt=\"\" class=\"wp-image-12320\"\/><\/figure>\n<!-- \/wp:image --><\/figure>\n<!-- \/wp:gallery --><\/div>\n<!-- \/wp:column -->\n\n<!-- wp:column {\"width\":\"50%\",\"beyondwordsMarker\":\"9985de50-98f9-44e3-b0b2-15007f6e9a8d\"} -->\n<div class=\"wp-block-column\" style=\"flex-basis:50%\"><!-- wp:image {\"lightbox\":{\"enabled\":true},\"id\":12124,\"width\":\"389px\",\"height\":\"auto\",\"sizeSlug\":\"large\",\"linkDestination\":\"none\",\"beyondwordsMarker\":\"6d6d538f-1b76-4e59-8dce-52a5e3bdada3\"} -->\n<figure class=\"wp-block-image size-large is-resized\"><img src=\"https:\/\/www.kosiceregion.com\/wp-content\/uploads\/2024\/04\/KRT-GreenPoint-highres-4-1-edited.jpg\" alt=\"\" class=\"wp-image-12124\" style=\"width:389px;height:auto\"\/><\/figure>\n<!-- \/wp:image --><\/div>\n<!-- \/wp:column --><\/div>\n<!-- \/wp:columns -->\n\n<!-- wp:heading {\"textAlign\":\"right\",\"beyondwordsMarker\":\"c92d9d5b-cc63-4f89-bedf-2432a616b4c2\"} -->\n<h2 class=\"wp-block-heading has-text-align-right\"><strong><strong> <strong>Comet in the Z\u00e1dielska Ties\u0148ava Gorge<\/strong><\/strong><\/strong><\/h2>\n<!-- \/wp:heading -->\n\n<!-- wp:paragraph {\"beyondwordsMarker\":\"baf72238-1b1a-41ae-9aac-f607ae1456c0\"} -->\n<p>If you feel that you don't understand modern art, just let us be your guide. You will be taken aback by an art installation on the edge of the nature reserve, at the entrance to the Z\u00e1dielska Ties\u0148ava Gorge by the parking lot, whose shape and position resembles a comet flying in the sky.<\/p>\n<!-- \/wp:paragraph -->\n\n<!-- wp:paragraph {\"beyondwordsMarker\":\"507464ae-44a7-46cb-bffd-1a774223b1ba\"} -->\n<p>Let your imagination run wild and before you scan the QR code with the audio description of this intriguing piece of land art, look at what unusual materials it is made of - \"What? A concrete mixer and upcycled old Christmas trees? WOW\"<\/p>\n<!-- \/wp:paragraph -->\n\n<!-- wp:paragraph {\"beyondwordsMarker\":\"9012f750-a866-4795-8629-4fffff2c50bc\"} -->\n<p>We'll let you discover and reveal no more than that the result of this fine art will undoubtedly impress you with its profoundness and symbolism, and you'll learn how and why the work was created from the related videos on site. <\/p>\n<!-- \/wp:paragraph -->\n\n<!-- wp:columns {\"beyondwordsMarker\":\"5dc17c02-fd96-4480-8918-09db8b89c69e\"} -->\n<div class=\"wp-block-columns\"><!-- wp:column {\"beyondwordsMarker\":\"4e87cce0-94fa-4667-a7d3-31b5c6bc92ad\"} -->\n<div class=\"wp-block-column\"><!-- wp:image {\"lightbox\":{\"enabled\":true},\"id\":12321,\"sizeSlug\":\"large\",\"linkDestination\":\"none\",\"beyondwordsMarker\":\"c43de90f-23ee-4153-b540-f19de4160daf\"} -->\n<figure class=\"wp-block-image size-large\"><img src=\"https:\/\/www.kosiceregion.com\/wp-content\/uploads\/2024\/05\/16to9_WOW_Zadiel_EN-1024x576.jpg\" alt=\"\" class=\"wp-image-12321\"\/><\/figure>\n<!-- \/wp:image --><\/div>\n<!-- \/wp:column -->\n\n<!-- wp:column {\"beyondwordsMarker\":\"e5885467-3609-418b-9a7c-ea2c8ab3714e\"} -->\n<div class=\"wp-block-column\"><!-- wp:image {\"lightbox\":{\"enabled\":true},\"id\":12126,\"width\":\"343px\",\"height\":\"auto\",\"sizeSlug\":\"large\",\"linkDestination\":\"none\",\"beyondwordsMarker\":\"0a1b7bc1-a509-44bc-991c-e3bc7136303e\"} -->\n<figure class=\"wp-block-image size-large is-resized\"><img src=\"https:\/\/www.kosiceregion.com\/wp-content\/uploads\/2024\/04\/KRT_Zadiel_prvyden_lowres-8-1024x682.jpg\" alt=\"\" class=\"wp-image-12126\" style=\"width:343px;height:auto\"\/><\/figure>\n<!-- \/wp:image --><\/div>\n<!-- \/wp:column --><\/div>\n<!-- \/wp:columns -->\n\n<!-- wp:heading {\"textAlign\":\"right\",\"level\":3,\"beyondwordsMarker\":\"8183575b-f228-4535-8527-4167b91c919c\"} -->\n<h3 class=\"wp-block-heading has-text-align-right\"><strong>Technick\u00e9 \"netradi\u010dn\u00e9\" pamiatky<\/strong><\/h3>\n<!-- \/wp:heading -->\n\n<!-- wp:heading {\"beyondwordsMarker\":\"6066e66f-67a8-4225-a3f9-02f52fb91cea\"} -->\n<h2 class=\"wp-block-heading\"><strong>Ser\u00e9nyi\u00b4s cistern<\/strong><\/h2>\n<!-- \/wp:heading -->\n\n<!-- wp:paragraph {\"beyondwordsMarker\":\"cc5dc5d0-fbf3-41ff-b4ed-8bbd1726578d\"} -->\n<p>At the beginning of the 20th century, a circular structure appeared on the pasture at Ple\u0161ivec, which evokes the impression of the intervention of an alien civilisation. The strange formation embedded in the ground, which already shows signs of the passage of time, loses none of its magnificence even today. You may wonder: \"Wow, could a UFO really have landed there?\"<\/p>\n<!-- \/wp:paragraph -->\n\n<!-- wp:paragraph {\"beyondwordsMarker\":\"82b19579-6823-4182-9ed8-7ce9c870f540\"} -->\n<p>We can assure you that this structure is the result of purely human wit and inventiveness to cope with the eternal struggle against the elements and the adverse effects of the weather. It was the drought that gave the then Minister, Count B\u00e9la Ser\u00e9nyi, the idea to build a watering facility - a cistern for cattle - on the pasture at Ple\u0161ivec.<\/p>\n<!-- \/wp:paragraph -->\n\n<!-- wp:paragraph {\"beyondwordsMarker\":\"5f84911b-d393-4713-97d3-0ad1ff35dc79\"} -->\n<p>Ser\u00e9nyi's Cistern is another one of the sites where you shouldn't expect crowds of tourists. The 8.4 km long trail to this unique piece of engineering is marked by hiking signs, with a moderate level of difficulty suitable for children, and is accessible to hikers and cyclists. And in the nearby village you can conveniently park your car and have a yummy lunch. <\/p>\n<!-- \/wp:paragraph -->\n\n<!-- wp:columns {\"beyondwordsMarker\":\"2c2bb12b-51cd-4a85-a818-7a47dc4cda28\"} -->\n<div class=\"wp-block-columns\"><!-- wp:column {\"beyondwordsMarker\":\"ec47a113-8276-4881-a103-61fd43ad97c9\"} -->\n<div class=\"wp-block-column\"><!-- wp:image {\"lightbox\":{\"enabled\":true},\"id\":12322,\"sizeSlug\":\"large\",\"linkDestination\":\"none\",\"beyondwordsMarker\":\"ff183335-f0e3-4112-91d1-dc9a4de37308\"} -->\n<figure class=\"wp-block-image size-large\"><img src=\"https:\/\/www.kosiceregion.com\/wp-content\/uploads\/2024\/05\/16to9_WOW_Cisterna_EN-1024x576.jpg\" alt=\"\" class=\"wp-image-12322\"\/><\/figure>\n<!-- \/wp:image --><\/div>\n<!-- \/wp:column -->\n\n<!-- wp:column {\"beyondwordsMarker\":\"08f032bc-dd39-4347-b695-7a42c95a8ef5\"} -->\n<div class=\"wp-block-column\"><!-- wp:image {\"lightbox\":{\"enabled\":true},\"id\":12128,\"width\":\"341px\",\"height\":\"auto\",\"sizeSlug\":\"large\",\"linkDestination\":\"none\",\"beyondwordsMarker\":\"4cd20e26-f136-41fc-8970-a1b4d702fb5b\"} -->\n<figure class=\"wp-block-image size-large is-resized\"><img src=\"https:\/\/www.kosiceregion.com\/wp-content\/uploads\/2024\/04\/KP_0035-1024x683.jpg\" alt=\"\" class=\"wp-image-12128\" style=\"width:341px;height:auto\"\/><\/figure>\n<!-- \/wp:image --><\/div>\n<!-- \/wp:column --><\/div>\n<!-- \/wp:columns -->\n\n<!-- wp:heading {\"textAlign\":\"right\",\"beyondwordsMarker\":\"ef7fb604-7d00-41de-90a0-b83708d887c4\"} -->\n<h2 class=\"wp-block-heading has-text-align-right\"><strong>The Slavo\u0161ovce Tunnel<\/strong><\/h2>\n<!-- \/wp:heading -->\n\n<!-- wp:paragraph {\"beyondwordsMarker\":\"cbbda133-a50a-458e-8c7c-c1ff61156aa8\"} -->\n<p>Do you feel that your children are bored anywhere or are you yourself looking for more adventure and adrenaline? Join us to get a bit scared and discover the secrets of the Slavo\u0161ovce Tunnel. The entrance to the tunnel appears in front of you just below the surface in a wide pit, with a wooden staircase leading to it (beware of slipping! . A mysterious and even tense atmosphere awaits you, which will excite both children and adults. The tunnel is approximately 2400 beautiful spooky metres long and can be walked through in about an hour... \"WOW, being in complete darkness for so long?\" It is important to mention that from the Slavo\u0161ovce side, a beautiful fairy-tale area for children themed around Dob\u0161insk\u00fd's fairy tales has been built in front of the tunnel entrance.<\/p>\n<!-- \/wp:paragraph -->\n\n<!-- wp:paragraph {\"beyondwordsMarker\":\"b558cadf-9fe6-44a6-9570-5f8a611007fa\"} -->\n<p>It is almost unbelievable that the Ko\u0161ice World Region can make this happen - simply put, \"WOW\". <\/p>\n<!-- \/wp:paragraph -->\n\n<!-- wp:columns {\"beyondwordsMarker\":\"e5ef8bfe-bc7b-47eb-ad38-e8c65baf2bdd\"} -->\n<div class=\"wp-block-columns\"><!-- wp:column {\"beyondwordsMarker\":\"a014f408-7576-47ec-b860-d2f50b477f23\"} -->\n<div class=\"wp-block-column\"><!-- wp:image {\"lightbox\":{\"enabled\":true},\"id\":12323,\"sizeSlug\":\"large\",\"linkDestination\":\"none\",\"beyondwordsMarker\":\"0cd85b43-9c2c-44f0-9290-ea2572a121e4\"} -->\n<figure class=\"wp-block-image size-large\"><img src=\"https:\/\/www.kosiceregion.com\/wp-content\/uploads\/2024\/05\/16to9_WOW_Tunel_EN-1024x576.jpg\" alt=\"\" class=\"wp-image-12323\"\/><\/figure>\n<!-- \/wp:image --><\/div>\n<!-- \/wp:column -->\n\n<!-- wp:column {\"beyondwordsMarker\":\"18915b23-895c-4265-a390-3d10d38ff776\"} -->\n<div class=\"wp-block-column\"><!-- wp:image {\"lightbox\":{\"enabled\":true},\"id\":12130,\"width\":\"338px\",\"height\":\"auto\",\"sizeSlug\":\"large\",\"linkDestination\":\"none\",\"beyondwordsMarker\":\"dfa53433-8f04-48e2-8385-8cb8cb49ca94\"} -->\n<figure class=\"wp-block-image size-large is-resized\"><img src=\"https:\/\/www.kosiceregion.com\/wp-content\/uploads\/2024\/04\/KP_0021-1024x683.jpg\" alt=\"\" class=\"wp-image-12130\" style=\"width:338px;height:auto\"\/><\/figure>\n<!-- \/wp:image --><\/div>\n<!-- \/wp:column --><\/div>\n<!-- \/wp:columns -->\n\n<!-- wp:heading {\"beyondwordsMarker\":\"e4cafe55-99a2-427c-89bc-f47fb608d73d\"} -->\n<h2 class=\"wp-block-heading\"><strong>Etelka<\/strong> <strong>Smelter<\/strong><\/h2>\n<!-- \/wp:heading -->\n\n<!-- wp:paragraph {\"beyondwordsMarker\":\"f21bc66a-0602-4dfc-a4f6-6d86dc72286d\"} -->\n<p>If you are a fan of historical technical monuments and you are passing through Gemer, take a short break in the village of Ni\u017en\u00e1 Slan\u00e1 and go and admire the view of the 11-metre high furnace of the Etelka smelter, which its builder, Count Emanuel Andr\u00e1ssy, proudly named after his mother Etelka in the times of the greatest boom of mining and metallurgy (1867-1907) - \"WOW, you didn't expect such a story, did you?\u201d<\/p>\n<!-- \/wp:paragraph -->\n\n<!-- wp:paragraph {\"beyondwordsMarker\":\"147b227f-2350-4f36-8d4c-2c9ad0520311\"} -->\n<p>Today, the less proud and time bitten Etelka is under restoration and although you can't get close to it because of the fencing, there's nothing stopping you from seeking out its former beauty and technical perfection through your photographs. <\/p>\n<!-- \/wp:paragraph -->\n\n<!-- wp:columns {\"beyondwordsMarker\":\"37f0f4a8-6d8f-49ee-a49d-40cea8911b27\"} -->\n<div class=\"wp-block-columns\"><!-- wp:column {\"beyondwordsMarker\":\"68770a7e-9f73-45b4-a6ab-dd69d080da6b\"} -->\n<div class=\"wp-block-column\"><!-- wp:image {\"id\":12415,\"sizeSlug\":\"large\",\"linkDestination\":\"none\",\"beyondwordsMarker\":\"fb8e6783-ffd3-42ad-a69f-8f055665b062\"} -->\n<figure class=\"wp-block-image size-large\"><img src=\"https:\/\/www.kosiceregion.com\/wp-content\/uploads\/2024\/05\/16to9_WOW_Etelka_EN-1024x576.jpg\" alt=\"\" class=\"wp-image-12415\"\/><\/figure>\n<!-- \/wp:image --><\/div>\n<!-- \/wp:column -->\n\n<!-- wp:column {\"beyondwordsMarker\":\"c82f8784-49ef-4dfe-ad62-838fd90de269\"} -->\n<div class=\"wp-block-column\"><!-- wp:image {\"id\":12143,\"sizeSlug\":\"large\",\"linkDestination\":\"none\",\"beyondwordsMarker\":\"1d3d210a-962b-4cc5-af2f-a1a10f12efcb\"} -->\n<figure class=\"wp-block-image size-large\"><img src=\"https:\/\/www.kosiceregion.com\/wp-content\/uploads\/2024\/04\/AA_9467-copy-1024x683.jpg\" alt=\"\" class=\"wp-image-12143\"\/><\/figure>\n<!-- \/wp:image --><\/div>\n<!-- \/wp:column --><\/div>\n<!-- \/wp:columns -->\n\n<!-- wp:heading {\"textAlign\":\"right\",\"level\":3,\"beyondwordsMarker\":\"b574db9d-87a5-45e3-8e42-60d421329800\"} -->\n<h3 class=\"wp-block-heading has-text-align-right\"><strong>Unconventional Museums<\/strong><\/h3>\n<!-- \/wp:heading -->\n\n<!-- wp:heading {\"beyondwordsMarker\":\"b231d830-833d-4f59-b958-840f701b1fe1\"} -->\n<h2 class=\"wp-block-heading\"><strong><strong>Oldtimers' Museum<\/strong><\/strong><\/h2>\n<!-- \/wp:heading -->\n\n<!-- wp:paragraph {\"beyondwordsMarker\":\"6aeb6a01-1edc-45f8-a06b-cb8063f253a9\"} -->\n<p>\"Old, but springy\" - This is literally true in the Vintage Cars and Motorcycles Museum in Michalovce. You will be enchanted by the elegant curves and the everlasting glamour and shine of cars and motorcycles, which simply look better with age. People and children who are unable to get around without their own wheels can also enjoy the tour called History on Wheels, as the entire interior is wheelchair accessible.<\/p>\n<!-- \/wp:paragraph -->\n\n<!-- wp:paragraph {\"beyondwordsMarker\":\"22b8cc8f-58cd-48fb-9033-f541f2853a66\"} -->\n<p>In nice weather, naughty little visitors will find a relaxation zone for children with a boarding station of the sightseeing train Veteran Express, which will take you around the city of Michalovce, to the Zempl\u00ednska \u0160\u00edrava lake or to the Morsk\u00e9 Oko mountain lake... Yes, are you saying to yourself \"WOW, even such possibilities are there in Zempl\u00edn?\"... <\/p>\n<!-- \/wp:paragraph -->\n\n<!-- wp:paragraph {\"beyondwordsMarker\":\"64f2a658-be7b-4d70-9e0b-18cb4c97aa4a\"} -->\n<p><\/p>\n<!-- \/wp:paragraph -->\n\n<!-- wp:columns {\"beyondwordsMarker\":\"e380df69-e8b4-46df-948b-2714fa382d76\"} -->\n<div class=\"wp-block-columns\"><!-- wp:column {\"beyondwordsMarker\":\"dd5eec8b-ba7d-47a3-a402-0929b6eb757d\"} -->\n<div class=\"wp-block-column\"><!-- wp:image {\"lightbox\":{\"enabled\":true},\"id\":12324,\"sizeSlug\":\"large\",\"linkDestination\":\"none\",\"beyondwordsMarker\":\"512f7808-b570-48c3-a166-ece919669133\"} -->\n<figure class=\"wp-block-image size-large\"><img src=\"https:\/\/www.kosiceregion.com\/wp-content\/uploads\/2024\/05\/16to9_WOW_Veteran_EN-1024x576.jpg\" alt=\"\" class=\"wp-image-12324\"\/><\/figure>\n<!-- \/wp:image --><\/div>\n<!-- \/wp:column -->\n\n<!-- wp:column {\"beyondwordsMarker\":\"752f0267-002a-450a-8558-b485474129f0\"} -->\n<div class=\"wp-block-column\"><!-- wp:image {\"lightbox\":{\"enabled\":true},\"id\":12132,\"width\":\"338px\",\"height\":\"auto\",\"sizeSlug\":\"large\",\"linkDestination\":\"none\",\"beyondwordsMarker\":\"91ad5c24-3e07-4816-9891-880cd696384e\"} -->\n<figure class=\"wp-block-image size-large is-resized\"><img src=\"https:\/\/www.kosiceregion.com\/wp-content\/uploads\/2024\/04\/KRT_Veteranmuzeum_extra-1-1024x681.jpg\" alt=\"\" class=\"wp-image-12132\" style=\"width:338px;height:auto\"\/><\/figure>\n<!-- \/wp:image --><\/div>\n<!-- \/wp:column --><\/div>\n<!-- \/wp:columns -->\n\n<!-- wp:heading {\"level\":3,\"beyondwordsMarker\":\"89cac56b-ba29-4484-800a-24d43ba0a8e2\"} -->\n<h3 class=\"wp-block-heading\"><strong>Nature as an \"Unconventional\" Artist<\/strong><\/h3>\n<!-- \/wp:heading -->\n\n<!-- wp:heading {\"textAlign\":\"right\",\"beyondwordsMarker\":\"0675c77f-a8cb-41a8-84fb-079cdd2e0616\"} -->\n<h2 class=\"wp-block-heading has-text-align-right\"><strong><strong>Zejmarsk\u00e1 Roklina Gorge<\/strong><\/strong><\/h2>\n<!-- \/wp:heading -->\n\n<!-- wp:paragraph {\"beyondwordsMarker\":\"2a628f86-a6f9-470d-9966-8470a1ae81aa\"} -->\n<p>Have you ever experienced the feeling of overcoming yourself and reaching the finish line? When you reach the top of a hike? If not, it doesn't matter, everyone is perfectly entitled to their own peaks, at any age.<\/p>\n<!-- \/wp:paragraph -->\n\n<!-- wp:paragraph {\"beyondwordsMarker\":\"d9775344-3787-492f-b7a6-0db90e4d2b6a\"} -->\n<p>And maybe now is the right time for you to step onto your first climb, to step onto the first rung of the ladder. Try it for the first time or repeat this incredible experience over and over again with your children or friends. After all, you have to take a picture of that magnificent spectacular view and show it to the whole world with unwavering pride with the caption \"WOW, we did it\". <\/p>\n<!-- \/wp:paragraph -->\n\n<!-- wp:paragraph {\"beyondwordsMarker\":\"06881a27-0581-4c87-9080-08a3a0df4f2f\"} -->\n<p><\/p>\n<!-- \/wp:paragraph -->\n\n<!-- wp:columns {\"beyondwordsMarker\":\"c38cee88-45e4-4a0e-9f0c-3daa481616e3\"} -->\n<div class=\"wp-block-columns\"><!-- wp:column {\"beyondwordsMarker\":\"1594b197-ef66-4145-9e0c-10b12e1c1b86\"} -->\n<div class=\"wp-block-column\"><!-- wp:image {\"id\":12137,\"sizeSlug\":\"large\",\"linkDestination\":\"none\",\"beyondwordsMarker\":\"29967792-33ab-44f0-a8ba-e3a7c1b1046e\"} -->\n<figure class=\"wp-block-image size-large\"><img src=\"https:\/\/www.kosiceregion.com\/wp-content\/uploads\/2024\/04\/4-1-1024x683.jpg\" alt=\"\" class=\"wp-image-12137\"\/><\/figure>\n<!-- \/wp:image --><\/div>\n<!-- \/wp:column -->\n\n<!-- wp:column {\"beyondwordsMarker\":\"0848a753-eadb-494f-b53b-48c357df5595\"} -->\n<div class=\"wp-block-column\"><!-- wp:image {\"id\":12138,\"sizeSlug\":\"large\",\"linkDestination\":\"none\",\"beyondwordsMarker\":\"d3e53b76-d763-44e9-9058-61009b5a7438\"} -->\n<figure class=\"wp-block-image size-large\"><img src=\"https:\/\/www.kosiceregion.com\/wp-content\/uploads\/2024\/04\/8-1024x683.jpg\" alt=\"\" class=\"wp-image-12138\"\/><\/figure>\n<!-- \/wp:image --><\/div>\n<!-- \/wp:column --><\/div>\n<!-- \/wp:columns -->\n\n<!-- wp:heading {\"beyondwordsMarker\":\"9adb78ff-3ef2-4ea7-b092-289508aef5a3\"} -->\n<h2 class=\"wp-block-heading\"><strong>Senianske Rybn\u00edky Fishponds<\/strong><\/h2>\n<!-- \/wp:heading -->\n\n<!-- wp:paragraph {\"beyondwordsMarker\":\"4ceb7e55-2775-4e6a-ae38-f750a2912920\"} -->\n<p>We can promise you that you will gain a new superpower - the ability to see and hear - in the embrace of the nature of the Senianske Rybn\u00edky fishponds. Let us silence ourselves, let us silence our children, our minds. After all, nature projects to us the perfect image and sound. Seeing a loon, a heron, or an osprey, flocks of wild geese and ducks in the natural environment of this bird paradise will leave you with an intense and deep feeling that nature does not belong only to us, humans.<\/p>\n<!-- \/wp:paragraph -->\n\n<!-- wp:paragraph {\"beyondwordsMarker\":\"116acf67-1f7b-4900-a6bf-6ef1372b7068\"} -->\n<p>Become a silent part of nature and if you feel the urge to say your \"WOW\" right here, don't say it out loud, the beauty of the wild flora and fauna will ring out in full force of sound in your mind's eye.<\/p>\n<!-- \/wp:paragraph -->\n\n<!-- wp:paragraph {\"beyondwordsMarker\":\"b8078260-4c19-4552-859a-8ab032f94080\"} -->\n<p><\/p>\n<!-- \/wp:paragraph -->\n\n<!-- wp:columns {\"beyondwordsMarker\":\"6d485198-b2c4-41a9-84d4-5bf1c03646b1\"} -->\n<div class=\"wp-block-columns\"><!-- wp:column {\"beyondwordsMarker\":\"2cf745c2-149e-44ba-a085-921bb7d5a282\"} -->\n<div class=\"wp-block-column\"><!-- wp:image {\"id\":12141,\"sizeSlug\":\"large\",\"linkDestination\":\"none\",\"beyondwordsMarker\":\"491c95a4-d709-4153-8f33-d05f7ff627f7\"} -->\n<figure class=\"wp-block-image size-large\"><img src=\"https:\/\/www.kosiceregion.com\/wp-content\/uploads\/2024\/04\/8I0A4022-1024x683.jpg\" alt=\"\" class=\"wp-image-12141\"\/><\/figure>\n<!-- \/wp:image --><\/div>\n<!-- \/wp:column -->\n\n<!-- wp:column {\"beyondwordsMarker\":\"265992b9-b72f-4e5c-b855-327f8606b6b4\"} -->\n<div class=\"wp-block-column\"><!-- wp:image {\"id\":12416,\"sizeSlug\":\"large\",\"linkDestination\":\"none\",\"beyondwordsMarker\":\"a7f483f8-6737-4260-86ee-b6ca890ae59b\"} -->\n<figure class=\"wp-block-image size-large\"><img src=\"https:\/\/www.kosiceregion.com\/wp-content\/uploads\/2024\/05\/16to9_WOW_Senianske_EN-1024x576.jpg\" alt=\"\" class=\"wp-image-12416\"\/><\/figure>\n<!-- \/wp:image --><\/div>\n<!-- \/wp:column --><\/div>\n<!-- \/wp:columns -->\n\n<!-- wp:heading {\"textAlign\":\"right\",\"beyondwordsMarker\":\"9d6f08b2-3c31-490e-97ee-22ab6c87f666\"} -->\n<h2 class=\"wp-block-heading has-text-align-right\"><strong><strong><strong>Herliansky Geyser<\/strong><\/strong><\/strong><\/h2>\n<!-- \/wp:heading -->\n\n<!-- wp:paragraph {\"beyondwordsMarker\":\"028b9554-a4a9-4061-8a45-45ae7739ca68\"} -->\n<p>The Herliansky Gejz\u00edr geyser was there when we were children and when our parents were children. With a regularity of 32-36 hours, it has been showing us its 22-metre-high beauty of water gushing from the depths of our Earth for centuries. Let's show this unique natural spectacle to our children as well. After all, who knows when nature will decide that enough is enough and \"turn off\" the imaginary tap. But you can still enjoy this unique experience in the tranquility of the small village of Her\u013eany without worry.<\/p>\n<!-- \/wp:paragraph -->\n\n<!-- wp:paragraph {\"beyondwordsMarker\":\"69b2b082-947f-403f-bd27-722c6a8649d0\"} -->\n<p>You could find a similar geyser in Andernach, Germany, in Ukraine, and there are other similar geysers in Iceland... \"WOW, is this what we have in the Ko\u0161ice World Region?\"<\/p>\n<!-- \/wp:paragraph -->\n\n<!-- wp:paragraph {\"beyondwordsMarker\":\"d94f90b5-5fb3-4d14-b3a8-7dfc0b3e981f\"} -->\n<p>For more information on the Herliansky Gejz\u00edr geyser see &gt;&gt;<a href=\"https:\/\/www.herlany.sk\/narodna-prirodna-pamiatka-herliansky-gejzir\">TU<\/a><\/p>\n<!-- \/wp:paragraph -->\n\n<!-- wp:columns {\"beyondwordsMarker\":\"90d438f5-7274-4c83-9c9f-0138f64e8391\"} -->\n<div class=\"wp-block-columns\"><!-- wp:column {\"beyondwordsMarker\":\"64cc4f4c-14d2-4b03-b413-dd027ba3adfd\"} -->\n<div class=\"wp-block-column\"><!-- wp:image {\"lightbox\":{\"enabled\":true},\"id\":12325,\"sizeSlug\":\"large\",\"linkDestination\":\"none\",\"beyondwordsMarker\":\"79fd5654-7da8-49eb-9816-9dd20d9fcb26\"} -->\n<figure class=\"wp-block-image size-large\"><img src=\"https:\/\/www.kosiceregion.com\/wp-content\/uploads\/2024\/05\/16to9_WOW_Herlany_EN-1024x576.jpg\" alt=\"\" class=\"wp-image-12325\"\/><\/figure>\n<!-- \/wp:image --><\/div>\n<!-- \/wp:column -->\n\n<!-- wp:column {\"beyondwordsMarker\":\"505f4223-b0da-461e-837b-a6541b3a8f73\"} -->\n<div class=\"wp-block-column\"><!-- wp:image {\"lightbox\":{\"enabled\":true},\"id\":12140,\"width\":\"301px\",\"height\":\"auto\",\"sizeSlug\":\"large\",\"linkDestination\":\"none\",\"beyondwordsMarker\":\"1703f225-1021-4a3e-a384-b6d84f1e32b5\"} -->\n<figure class=\"wp-block-image size-large is-resized\"><img src=\"https:\/\/www.kosiceregion.com\/wp-content\/uploads\/2024\/04\/Herlansky_Gejzir_DJI_0251-1-1024x768.jpg\" alt=\"\" class=\"wp-image-12140\" style=\"width:301px;height:auto\"\/><\/figure>\n<!-- \/wp:image --><\/div>\n<!-- \/wp:column --><\/div>\n<!-- \/wp:columns -->\n\n<!-- wp:paragraph {\"beyondwordsMarker\":\"b695b19a-819d-4bec-ba00-4b2a27f0075b\"} -->\n<p>So, what do you say? Have you chosen your Experience of the World Region? Be inspired by our offer and maybe your \"WOW\" will be heard more than once. For more interesting trip tips that are guaranteed to make you say \"WOW\" more than once, see &gt;&gt;<a href=\"https:\/\/www.herlany.sk\/narodna-prirodna-pamiatka-herliansky-gejzir\">TU<\/a><\/p>\n<!-- \/wp:paragraph -->\n\n<!-- wp:tadv\/classic-paragraph {\"beyondwordsMarker\":\"f331d927-7cd2-417c-b269-387af655dce9\"} -->\n<p>Implemented with the financial support of the Ministry of Tourism and Sports of the Slovak Republic.<\/p>\n<!-- \/wp:tadv\/classic-paragraph -->\n\n<!-- wp:image {\"id\":13828,\"sizeSlug\":\"full\",\"linkDestination\":\"none\",\"beyondwordsMarker\":\"7bc2e879-581e-49fe-a23f-49ebbacce185\"} -->\n<figure class=\"wp-block-image size-full\"><img src=\"https:\/\/www.kosiceregion.com\/wp-content\/uploads\/2024\/04\/logo_Min-CestovnehoRuchu-a-Sportu_SR_EN_farba_cmyk-1024x410-1.jpg\" alt=\"\" class=\"wp-image-13828\"\/><\/figure>\n<!-- \/wp:image -->\n\n<!-- wp:tadv\/classic-paragraph {\"beyondwordsMarker\":\"9e8b5329-b17c-43d7-b1c5-7b84f678959e\"} \/-->\n\n<!-- wp:tadv\/classic-paragraph {\"beyondwordsMarker\":\"e2681c55-7a67-4f51-b48a-1706b90e03d4\"} \/-->\n\n<!-- wp:tadv\/classic-paragraph {\"beyondwordsMarker\":\"422b4767-d84e-4643-bb40-c60b3348c1da\"} \/-->","_en_post_name":"say-wow-at-the-edge-of-the-world","_en_post_excerpt":"","_en_post_title":"Say \"WOW\" at the Edge of the World","_hu_post_content":"<!-- wp:paragraph {\"beyondwordsMarker\":\"6dab99e8-c3c1-4d48-8629-639f8f7ac8e6\"} -->\n<p>\u00d6n is olyan kir\u00e1ndul\u00e1sra v\u00e1gyik, ahol a turist\u00e1k nem fordulnak el\u0151 t\u00f6megesen, nincs sorban \u00e1ll\u00e1s \u00e9s dr\u00e1ga bel\u00e9p\u0151k, de ann\u00e1l t\u00f6bb \u201eWOW, nah\u00e1t, ez t\u00e9nyleg itt van?\u201d<\/p>\n<!-- \/wp:paragraph -->\n\n<!-- wp:paragraph {\"beyondwordsMarker\":\"9394f4e7-a098-472c-b9cf-e495778587fb\"} -->\n<p>A gy\u00f6ny\u00f6r\u0171, kalandos \u00e9s inspir\u00e1l\u00f3 helysz\u00ednek \u00e9s \u00e9lm\u00e9nyek sokszor sokkal k\u00f6zelebb \u00e1llnak hozz\u00e1nk, mint gondoln\u00e1nk.<br>Ehhez k\u00edn\u00e1lunk most n\u00e9h\u00e1ny olyan tippet, ahol egyedi emberi alkot\u00e1sokat, rendhagy\u00f3 m\u0171v\u00e9szetet, term\u00e9szetes helysz\u00edneket l\u00e1togathat meg, amelyek l\u00e1tt\u00e1n csup\u00e1n egy r\u00f6vid, a fiatalok k\u00f6r\u00e9ben gyakran haszn\u00e1t felki\u00e1lt\u00e1ssal nyugt\u00e1zza majd, hogy:&nbsp;<em>\u201eWOW, nah\u00e1t, ez igen!\u201c<\/em><\/p>\n<!-- \/wp:paragraph -->\n\n<!-- wp:image {\"id\":12418,\"sizeSlug\":\"large\",\"linkDestination\":\"none\",\"beyondwordsMarker\":\"a928819a-9282-46c3-ba2d-317940cf138e\"} -->\n<figure class=\"wp-block-image size-large\"><img src=\"https:\/\/www.kosiceregion.com\/wp-content\/uploads\/2024\/05\/DestinWeb_WOW_Kometa_HU-1024x402.jpg\" alt=\"\" class=\"wp-image-12418\"\/><\/figure>\n<!-- \/wp:image -->\n\n<!-- wp:heading {\"textAlign\":\"right\",\"level\":3,\"beyondwordsMarker\":\"f3ca619a-8fd5-4a58-ac25-5fae0ee0adcf\"} -->\n<h3 class=\"wp-block-heading has-text-align-right\"><strong>Emberi alkot\u00e1sok \u00e9s rendhagy\u00f3 m\u0171v\u00e9szet<\/strong><\/h3>\n<!-- \/wp:heading -->\n\n<!-- wp:heading {\"beyondwordsMarker\":\"afe56496-9df4-4e73-82e4-1dfe2d83a767\"} -->\n<h2 class=\"wp-block-heading\"><strong>A Green Point kil\u00e1t\u00f3torony<\/strong><\/h2>\n<!-- \/wp:heading -->\n\n<!-- wp:paragraph {\"beyondwordsMarker\":\"bc793330-a441-47f9-a60b-10adc38066b1\"} -->\n<p>Klukn\u00f3 (Kluknava) k\u00f6zs\u00e9g felett, a&nbsp;Kremenec nev\u0171 domb tetej\u00e9n egy 35 m magas, meglep\u0151 \u00e9s egyedi kil\u00e1t\u00f3 magasodik. Hogy mit\u0151l m\u00e1s \u00e9s egyedi?<\/p>\n<!-- \/wp:paragraph -->\n\n<!-- wp:paragraph {\"beyondwordsMarker\":\"4368f239-6c60-4b76-9a43-12d1af3850b9\"} -->\n<p>Els\u0151sorban az\u00e9rt, mert energetikailag \u00f6nfenntart\u00f3, ami Szlov\u00e1ki\u00e1ban kiv\u00e9teles. A&nbsp;cs\u00facs\u00e1n sz\u00e9lturbin\u00e1k \u00e9s fotovoltaikus elemek vannak \u00e9s ennek k\u00f6sz\u00f6nhet\u0151en a&nbsp;m\u0171k\u00f6d\u00e9se eg\u00e9sz nap \u00e9s eg\u00e9sz \u00e9vben megoldott. Ingyenesen felt\u00f6ltheti itt a&nbsp;mobiltelefonj\u00e1t vagy az elektromos ker\u00e9kp\u00e1rj\u00e1t, vagy egyszer\u0171en csak r\u00e9szt vehet egy esti kalandban. A&nbsp;torony ugyanis \u00e9jjel is meg van vil\u00e1g\u00edtva....sz\u00f3val, ez egy \u201eWOW\u201c torony! Tervezze meg a&nbsp;kir\u00e1ndul\u00e1s\u00e1t a&nbsp;GreenPoint kil\u00e1t\u00f3hoz, gyalogosan vagy ker\u00e9kp\u00e1ron, gyerekekkel vagy kettesben, mint egy romantikus esti kiruccan\u00e1st. Meg\u00e9ri.<\/p>\n<!-- \/wp:paragraph -->\n\n<!-- wp:columns {\"beyondwordsMarker\":\"97759479-b663-4972-919e-4a82cbe1fba5\"} -->\n<div class=\"wp-block-columns\"><!-- wp:column {\"beyondwordsMarker\":\"b63b3cec-47a0-40e1-ae7a-5f939d0ff183\"} -->\n<div class=\"wp-block-column\"><!-- wp:gallery {\"linkTo\":\"none\",\"beyondwordsMarker\":\"db3d0d13-f47f-473c-9d19-681c70fc0e0f\"} -->\n<figure class=\"wp-block-gallery has-nested-images columns-default is-cropped\"><!-- wp:image {\"lightbox\":{\"enabled\":true},\"id\":12419,\"sizeSlug\":\"full\",\"linkDestination\":\"none\",\"beyondwordsMarker\":\"3c49da4b-8a64-4dd2-9aab-47f12de8c64b\",\"className\":\"is-style-default\"} -->\n<figure class=\"wp-block-image size-full is-style-default\"><img src=\"https:\/\/www.kosiceregion.com\/wp-content\/uploads\/2024\/05\/16to9_WOW_Kluknava_HU.jpg\" alt=\"\" class=\"wp-image-12419\"\/><\/figure>\n<!-- \/wp:image --><\/figure>\n<!-- \/wp:gallery --><\/div>\n<!-- \/wp:column -->\n\n<!-- wp:column {\"width\":\"50%\",\"beyondwordsMarker\":\"856eb24c-a760-4e5f-bb91-a3d8fdc60f5d\"} -->\n<div class=\"wp-block-column\" style=\"flex-basis:50%\"><!-- wp:image {\"lightbox\":{\"enabled\":true},\"id\":12124,\"width\":\"389px\",\"height\":\"auto\",\"sizeSlug\":\"large\",\"linkDestination\":\"none\",\"beyondwordsMarker\":\"7ce2e9f7-f59e-4bcd-9385-fa4a1da5abc2\"} -->\n<figure class=\"wp-block-image size-large is-resized\"><img src=\"https:\/\/www.kosiceregion.com\/wp-content\/uploads\/2024\/04\/KRT-GreenPoint-highres-4-1-edited.jpg\" alt=\"\" class=\"wp-image-12124\" style=\"width:389px;height:auto\"\/><\/figure>\n<!-- \/wp:image --><\/div>\n<!-- \/wp:column --><\/div>\n<!-- \/wp:columns -->\n\n<!-- wp:heading {\"textAlign\":\"right\",\"beyondwordsMarker\":\"850d6ff2-c195-4249-8d4a-38b93e1e02bd\"} -->\n<h2 class=\"wp-block-heading has-text-align-right\"><strong><strong>\u00dcst\u00f6k\u00f6s a&nbsp;Sz\u00e1del\u0151i v\u00f6lgyben<\/strong><\/strong><\/h2>\n<!-- \/wp:heading -->\n\n<!-- wp:paragraph {\"beyondwordsMarker\":\"613ba395-f4c2-4381-93ec-9e5cf32fe671\"} -->\n<p>Ha \u00fagy gondolja, hogy nem \u00e9rt a&nbsp;modern m\u0171v\u00e9szetekhez, sz\u00edvesen \u00fatbaigaz\u00edtjuk. Egy term\u00e9szeti rezerv\u00e1tum sz\u00e9l\u00e9n, a&nbsp;Sz\u00e1del\u0151i szurdok kezdet\u00e9n, a parkol\u00f3 k\u00f6zel\u00e9ben egy m\u0171v\u00e9szi install\u00e1ci\u00f3 d\u00f6bbenti meg a&nbsp;l\u00e1togat\u00f3kat, amely form\u00e1j\u00e1ban \u00e9s elhelyez\u00e9s\u00e9ben egy \u00e9gen rep\u00fcl\u0151 \u00fcst\u00f6k\u00f6sre eml\u00e9keztet.<\/p>\n<!-- \/wp:paragraph -->\n\n<!-- wp:paragraph {\"beyondwordsMarker\":\"2cd87527-b59e-47df-ba5c-da7e1ca7891c\"} -->\n<p>Engedje szabadj\u00e1ra a&nbsp;fant\u00e1zi\u00e1j\u00e1t \u00e9s am\u00edg beolvassa az \u00e9rdekes landart m\u0171t\u00e1rgy QR k\u00f3dj\u00e1t, ahonnan hangz\u00f3 le\u00edr\u00e1st t\u00f6lthet le, figyelje meg, milyen rendhagy\u00f3 anyagokb\u00f3l k\u00e9sz\u00fclt \u2013 \u201eHogy micsoda? Betonkever\u0151 \u00e9s r\u00e9gi kar\u00e1csonyf\u00e1k? WOW!\u201c Csak nyugodtan szeml\u00e9l\u0151dj\u00f6n, \u00e9s ez\u00fattal nem \u00e1rulunk el t\u00f6bbet, csak annyit, hogy ez a&nbsp;kiv\u00e1l\u00f3 min\u0151s\u00e9g\u0171 m\u0171t\u00e1rgy k\u00e9ts\u00e9gtelen\u00fcl er\u0151s szimbolik\u00e1t hordoz. A&nbsp;hozz\u00e1 kapcsol\u00f3d\u00f3 vide\u00f3kb\u00f3l a&nbsp;helysz\u00ednen azt is megtudhatja, hogyan \u00e9s mi\u00e9rt j\u00f6tt l\u00e9tre.<\/p>\n<!-- \/wp:paragraph -->\n\n<!-- wp:columns {\"beyondwordsMarker\":\"46617d55-1dd1-4d6b-8c9b-f68187f7d49e\"} -->\n<div class=\"wp-block-columns\"><!-- wp:column {\"beyondwordsMarker\":\"34d29640-171a-4a2f-8107-2c6648ec6792\"} -->\n<div class=\"wp-block-column\"><!-- wp:image {\"lightbox\":{\"enabled\":true},\"id\":12420,\"sizeSlug\":\"large\",\"linkDestination\":\"none\",\"beyondwordsMarker\":\"8aa48c3f-5818-4324-b422-a451e4982c27\"} -->\n<figure class=\"wp-block-image size-large\"><img src=\"https:\/\/www.kosiceregion.com\/wp-content\/uploads\/2024\/05\/16to9_WOW_Zadiel_HU-1024x576.jpg\" alt=\"\" class=\"wp-image-12420\"\/><\/figure>\n<!-- \/wp:image --><\/div>\n<!-- \/wp:column -->\n\n<!-- wp:column {\"beyondwordsMarker\":\"b9d462de-c751-477d-80af-3c807b374522\"} -->\n<div class=\"wp-block-column\"><!-- wp:image {\"lightbox\":{\"enabled\":true},\"id\":12126,\"width\":\"343px\",\"height\":\"auto\",\"sizeSlug\":\"large\",\"linkDestination\":\"none\",\"beyondwordsMarker\":\"386557df-b95e-46b9-a2e5-775431f24c03\"} -->\n<figure class=\"wp-block-image size-large is-resized\"><img src=\"https:\/\/www.kosiceregion.com\/wp-content\/uploads\/2024\/04\/KRT_Zadiel_prvyden_lowres-8-1024x682.jpg\" alt=\"\" class=\"wp-image-12126\" style=\"width:343px;height:auto\"\/><\/figure>\n<!-- \/wp:image --><\/div>\n<!-- \/wp:column --><\/div>\n<!-- \/wp:columns -->\n\n<!-- wp:heading {\"textAlign\":\"right\",\"level\":3,\"beyondwordsMarker\":\"92eed522-880c-4d9c-b6ac-35b9866e0530\"} -->\n<h3 class=\"wp-block-heading has-text-align-right\"><strong>Rendhagy\u00f3 ipari m\u0171eml\u00e9kek<\/strong><\/h3>\n<!-- \/wp:heading -->\n\n<!-- wp:heading {\"beyondwordsMarker\":\"7f227fbc-a4af-49fa-a189-5c3d9b37ab25\"} -->\n<h2 class=\"wp-block-heading\"><strong>Rendhagy\u00f3 ipari m\u0171eml\u00e9kek<\/strong><\/h2>\n<!-- \/wp:heading -->\n\n<!-- wp:paragraph {\"beyondwordsMarker\":\"71d43fc8-6b50-4e64-bd6a-93966cd51bd5\"} -->\n<p>A&nbsp;Pels\u0151ci-fenns\u00edkon a&nbsp;20. sz\u00e1zad elej\u00e9n egy k\u00f6r alak\u00fa \u00e9p\u00edtm\u00e9ny jelent meg, amely ak\u00e1r egy f\u00f6ld\u00f6nk\u00edv\u00fcli civiliz\u00e1ci\u00f3 l\u00e1togat\u00e1s\u00e1t is id\u00e9zhetn\u00e9. A&nbsp;k\u00fcl\u00f6n\u00f6s, f\u00f6ldbe \u00fcltetett alakzat m\u00e9g ma is nagyszer\u0171nek l\u00e1tszik, noha az id\u0151 vasfoga is kikezdte. \u201eWOW!\u201c, vajon t\u00e9nyleg uf\u00f3k sz\u00e1lltak le ide?\u201c<\/p>\n<!-- \/wp:paragraph -->\n\n<!-- wp:paragraph {\"beyondwordsMarker\":\"6090c4b1-6f4e-4d23-827a-7bea7aa2843e\"} -->\n<p>Biztos\u00edthatjuk \u00d6n\u00f6ket, hogy ez az \u00e9p\u00edtm\u00e9ny kiz\u00e1r\u00f3lag az emberi elme \u00e9s szellemess\u00e9g eredm\u00e9nye, amelyet a&nbsp;term\u00e9szet er\u0151ivel \u00e9s az id\u0151j\u00e1r\u00e1s kedvez\u0151tlen hat\u00e1saival v\u00edvott \u00e9vsz\u00e1zados harc hozott l\u00e9tre. A&nbsp;nagy sz\u00e1razs\u00e1g miatt t\u00e1madt az akkori miniszternek, gr\u00f3f Ser\u00e9nyi B\u00e9l\u00e1nak az az \u00f6tlete, hogy a&nbsp;pels\u0151ci legel\u0151n egy itat\u00f3t \u00e9p\u00edtsen az \u00e1llatok sz\u00e1m\u00e1ra.<\/p>\n<!-- \/wp:paragraph -->\n\n<!-- wp:paragraph {\"beyondwordsMarker\":\"c54ded52-ca1a-4eb1-a318-f8d8e88222de\"} -->\n<p>A&nbsp;Ser\u00e9nyi-k\u00fat is egy olyan helysz\u00edn, ahov\u00e1 a turist\u00e1k nem t\u00f6megekben \u00e9rkeznek. Az ipari m\u0171t\u00e1rgyhoz vezet\u0151 8,4 km hossz\u00fa \u00fatvonal turisztikai jelz\u00e9ssel ell\u00e1tott, a&nbsp;terep nem neh\u00e9z, gyerekekkel is bej\u00e1rhat\u00f3, gyalogosan vagy ker\u00e9kp\u00e1ron. A&nbsp;k\u00f6zeli k\u00f6zs\u00e9gben lehet parkolni \u00e9s ak\u00e1r egy j\u00f3t eb\u00e9delni is.<\/p>\n<!-- \/wp:paragraph -->\n\n<!-- wp:columns {\"beyondwordsMarker\":\"763f220d-593e-4872-9c79-fdd46bd13d5c\"} -->\n<div class=\"wp-block-columns\"><!-- wp:column {\"beyondwordsMarker\":\"7bf58c7d-136f-4540-b9cf-1daf459af77c\"} -->\n<div class=\"wp-block-column\"><!-- wp:image {\"lightbox\":{\"enabled\":true},\"id\":12421,\"sizeSlug\":\"large\",\"linkDestination\":\"none\",\"beyondwordsMarker\":\"974cd733-519a-4f5d-84c4-d8b32722e1b9\"} -->\n<figure class=\"wp-block-image size-large\"><img src=\"https:\/\/www.kosiceregion.com\/wp-content\/uploads\/2024\/05\/16to9_WOW_Cisterna_HU-1024x576.jpg\" alt=\"\" class=\"wp-image-12421\"\/><\/figure>\n<!-- \/wp:image --><\/div>\n<!-- \/wp:column -->\n\n<!-- wp:column {\"beyondwordsMarker\":\"43d401b8-d7e2-4a90-a33c-0394fd82c2e7\"} -->\n<div class=\"wp-block-column\"><!-- wp:image {\"lightbox\":{\"enabled\":true},\"id\":12128,\"width\":\"341px\",\"height\":\"auto\",\"sizeSlug\":\"large\",\"linkDestination\":\"none\",\"beyondwordsMarker\":\"51db387c-04f9-477c-bcba-866f51718263\"} -->\n<figure class=\"wp-block-image size-large is-resized\"><img src=\"https:\/\/www.kosiceregion.com\/wp-content\/uploads\/2024\/04\/KP_0035-1024x683.jpg\" alt=\"\" class=\"wp-image-12128\" style=\"width:341px;height:auto\"\/><\/figure>\n<!-- \/wp:image --><\/div>\n<!-- \/wp:column --><\/div>\n<!-- \/wp:columns -->\n\n<!-- wp:heading {\"textAlign\":\"right\",\"beyondwordsMarker\":\"06267197-1b30-4f44-a24c-5cdcab2b9c11\"} -->\n<h2 class=\"wp-block-heading has-text-align-right\"><strong>Nagyszabosi alag\u00fat<\/strong><\/h2>\n<!-- \/wp:heading -->\n\n<!-- wp:paragraph {\"beyondwordsMarker\":\"33d7f12f-8cec-4e32-a674-9218f556aff7\"} -->\n<p>\u00dagy \u00e9rzi, hogy a&nbsp;gyerekei minden\u00fctt csak unatkoznak, vagy esetleg \u00d6n is valami nagyobb kalandra, t\u00f6bb adrenalinra v\u00e1gyik? Tartson vel\u00fcnk \u00e9s n\u00e9mi f\u00e9lelemmel fedezze fel a&nbsp;Nagyszabosi alag\u00fat titkait. A&nbsp;bej\u00e1rat egy sz\u00e9les g\u00f6d\u00f6rben t\u00e1rul el\u00e9nk, ahov\u00e1 egy fal\u00e9pcs\u0151 vezet (Vigy\u00e1zat, cs\u00faszik!) Fesz\u00fclts\u00e9ggel teli titokzatos hangulat v\u00e1rja odabent a&nbsp;gyerekeket \u00e9s feln\u0151tteket egyar\u00e1nt. Az alag\u00fat mintegy 2400 m\u00e9ter hossz\u00fa \u00e9s k\u00f6r\u00fclbel\u00fcl&nbsp; egy \u00f3ra alatt v\u00e9gigj\u00e1rhat\u00f3... &nbsp;\u201eWOW, ilyen sok\u00e1ig lesz\u00fcnk teljes s\u00f6t\u00e9ts\u00e9gben?\u201c&nbsp;Azt is fontos tudni, hogy a&nbsp;nagyszabosi oldalr\u00f3l az alag\u00fat bej\u00e1rata el\u0151tt egy csod\u00e1s&nbsp; mesepark v\u00e1rja a&nbsp;gyerekeket, ahol a&nbsp;Dob\u0161insk\u00fd \u00e1ltal gy\u0171jt\u00f6tt mes\u00e9k elevenednek fel.<\/p>\n<!-- \/wp:paragraph -->\n\n<!-- wp:paragraph {\"beyondwordsMarker\":\"33944962-2ebb-4cc6-a17a-8ce2e32fb0da\"} -->\n<p><br>Szinte hihetetlen, hogy mindez a&nbsp;Kassai r\u00e9gi\u00f3ban tal\u00e1lhat\u00f3, egysz\u00f3val&nbsp;\u201eWOW\u201c<\/p>\n<!-- \/wp:paragraph -->\n\n<!-- wp:columns {\"beyondwordsMarker\":\"271af2be-4299-4ce2-9fcf-f42ab1f88337\"} -->\n<div class=\"wp-block-columns\"><!-- wp:column {\"beyondwordsMarker\":\"4aa8c869-a025-4433-a38e-13bf21884e38\"} -->\n<div class=\"wp-block-column\"><!-- wp:image {\"lightbox\":{\"enabled\":true},\"id\":12422,\"sizeSlug\":\"large\",\"linkDestination\":\"none\",\"beyondwordsMarker\":\"79479684-6c45-415a-8371-291460bc97ce\"} -->\n<figure class=\"wp-block-image size-large\"><img src=\"https:\/\/www.kosiceregion.com\/wp-content\/uploads\/2024\/05\/16to9_WOW_Tunel_HU-1024x576.jpg\" alt=\"\" class=\"wp-image-12422\"\/><\/figure>\n<!-- \/wp:image --><\/div>\n<!-- \/wp:column -->\n\n<!-- wp:column {\"beyondwordsMarker\":\"dc7ded83-8c5c-4cbd-9af7-4bccd0c92c3b\"} -->\n<div class=\"wp-block-column\"><!-- wp:image {\"lightbox\":{\"enabled\":true},\"id\":12130,\"width\":\"338px\",\"height\":\"auto\",\"sizeSlug\":\"large\",\"linkDestination\":\"none\",\"beyondwordsMarker\":\"798bdc4a-2299-4543-a9dc-722e4be5d843\"} -->\n<figure class=\"wp-block-image size-large is-resized\"><img src=\"https:\/\/www.kosiceregion.com\/wp-content\/uploads\/2024\/04\/KP_0021-1024x683.jpg\" alt=\"\" class=\"wp-image-12130\" style=\"width:338px;height:auto\"\/><\/figure>\n<!-- \/wp:image --><\/div>\n<!-- \/wp:column --><\/div>\n<!-- \/wp:columns -->\n\n<!-- wp:heading {\"beyondwordsMarker\":\"d085a2dd-69aa-48fd-b16e-e76c86a122f7\"} -->\n<h2 class=\"wp-block-heading\">Etelka-koh\u00f3<\/h2>\n<!-- \/wp:heading -->\n\n<!-- wp:paragraph {\"beyondwordsMarker\":\"b83612a5-c868-43e5-916d-61fb54e88cd0\"} -->\n<p>Ha \u00d6n is az ipari m\u0171eml\u00e9kek rajong\u00f3ja \u00e9s \u00e9ppen G\u00f6m\u00f6rben j\u00e1r, tartson egy r\u00f6vid sz\u00fcnetet Als\u00f3saj\u00f3 &nbsp;(Ni\u017en\u00e1 Slan\u00e1) k\u00f6zs\u00e9gben \u00e9s csod\u00e1lja meg a&nbsp;11 m\u00e9ter magas Etelka-koh\u00f3t, amelyet Andr\u00e1ssy Man\u00f3 gr\u00f3f &nbsp;a&nbsp;b\u00e1ny\u00e1szat \u00e9s koh\u00e1szat f\u00e9nykor\u00e1ban \u00e9p\u00edtett (1867-1907) \u00e9s b\u00fcszk\u00e9n nevezte el \u00e9desanyj\u00e1r\u00f3l, Etelk\u00e1r\u00f3l. &nbsp;\u2013&nbsp;\u201eWOW, ugye, erre nem sz\u00e1m\u00edtott?!<br><br>Az Etelka-koh\u00f3 ma m\u00e1r kev\u00e9sb\u00e9 f\u00e9nyes \u00e9s az id\u0151 vasfoga is rajta hagyta nyomait. Fel\u00faj\u00edt\u00e1s alatt \u00e1ll \u00e9s ker\u00edt\u00e9s hat\u00e1rolja, de a&nbsp;r\u00e9gi sz\u00e9ps\u00e9ge \u00e9s m\u0171szaki t\u00f6k\u00e9letess\u00e9ge \u00edgy is \u00e9rz\u00e9kelhet\u0151.<\/p>\n<!-- \/wp:paragraph -->\n\n<!-- wp:columns {\"beyondwordsMarker\":\"a462b82e-2b07-4e82-bed4-c6754e928f74\"} -->\n<div class=\"wp-block-columns\"><!-- wp:column {\"beyondwordsMarker\":\"868fb980-f320-420f-bd37-223357d6fca0\"} -->\n<div class=\"wp-block-column\"><!-- wp:image {\"id\":12423,\"sizeSlug\":\"large\",\"linkDestination\":\"none\",\"beyondwordsMarker\":\"8bb36eae-4194-4507-b357-2755ceb210ea\"} -->\n<figure class=\"wp-block-image size-large\"><img src=\"https:\/\/www.kosiceregion.com\/wp-content\/uploads\/2024\/05\/16to9_WOW_Etelka_HU-1024x576.jpg\" alt=\"\" class=\"wp-image-12423\"\/><\/figure>\n<!-- \/wp:image --><\/div>\n<!-- \/wp:column -->\n\n<!-- wp:column {\"beyondwordsMarker\":\"4a38c480-c543-46e8-b8c0-0a7abe0177b4\"} -->\n<div class=\"wp-block-column\"><!-- wp:image {\"id\":12143,\"sizeSlug\":\"large\",\"linkDestination\":\"none\",\"beyondwordsMarker\":\"2dc44aae-1e20-4a51-8838-0af80af7b28e\"} -->\n<figure class=\"wp-block-image size-large\"><img src=\"https:\/\/www.kosiceregion.com\/wp-content\/uploads\/2024\/04\/AA_9467-copy-1024x683.jpg\" alt=\"\" class=\"wp-image-12143\"\/><\/figure>\n<!-- \/wp:image --><\/div>\n<!-- \/wp:column --><\/div>\n<!-- \/wp:columns -->\n\n<!-- wp:heading {\"textAlign\":\"right\",\"level\":3,\"beyondwordsMarker\":\"24a33ecd-5500-4f77-902b-c3a410b5c0a4\"} -->\n<h3 class=\"wp-block-heading has-text-align-right\"><strong>Rendhagy\u00f3 m\u00fazeumok<\/strong><\/h3>\n<!-- \/wp:heading -->\n\n<!-- wp:heading {\"beyondwordsMarker\":\"905b3dc4-7e25-4fa7-a957-84088b077de6\"} -->\n<h2 class=\"wp-block-heading\"><strong><strong>Veter\u00e1nok m\u00fazeuma<\/strong><\/strong><\/h2>\n<!-- \/wp:heading -->\n\n<!-- wp:paragraph {\"beyondwordsMarker\":\"670f962f-9b8d-4713-a005-15c0ce207fe1\"} -->\n<p>\u201e\u00d6regember nem v\u00e9nember\u201c \u2013 A&nbsp;nagymih\u00e1lyi veter\u00e1nok m\u00fazeum\u00e1ban ez sz\u00f3 szerint igaz. Elb\u0171v\u00f6l\u0151ek a&nbsp;finom hajlatok, az \u00f6r\u00f6k elegancia \u00e9s ragyog\u00e1s, amely az itt l\u00e1that\u00f3 automobilokra \u00e9s motorker\u00e9kp\u00e1rokra jellemz\u0151, amelyeknek j\u00f3l \u00e1ll az id\u0151skor! A&nbsp;Kerekeken gurul\u00f3 t\u00f6rt\u00e9nelem c. t\u00e1rlatot feln\u0151ttek \u00e9s gyerekek is \u00e9lvezni fogj\u00e1k, ak\u00e1r \u00fagyis, ha szint\u00e9n \u201egurulniuk\u201c &nbsp;kell, hiszen a&nbsp;bels\u0151 t\u00e9r teljesen akad\u00e1lymentes\u00edtett.&nbsp; &nbsp;<\/p>\n<!-- \/wp:paragraph -->\n\n<!-- wp:paragraph {\"beyondwordsMarker\":\"acc939ad-2c27-49b4-9f28-82cd50ef3b16\"} -->\n<p>Sz\u00e9p id\u0151ben a&nbsp;legkisebbeket egy pihen\u0151-\u00e9s j\u00e1tsz\u00f3park is v\u00e1rja, ahol egy kisvonat is k\u00f6zlekedik, a&nbsp;Veter\u00e1n Expressz. Elzakatolhatnak rajta Nagymih\u00e1lyba, a&nbsp;Sz\u00e9les-t\u00f3hoz vagy a&nbsp;Tengerszemhez.... \u00c9s \u00fajra csak azt mondhatjuk: \u201eWOW, mindez Zempl\u00e9nben van?\u201c<\/p>\n<!-- \/wp:paragraph -->\n\n<!-- wp:columns {\"beyondwordsMarker\":\"3b3d81cc-bd6b-4d6b-ab87-18c41e923477\"} -->\n<div class=\"wp-block-columns\"><!-- wp:column {\"beyondwordsMarker\":\"8fb02788-c8f5-4540-b1de-789df43209d4\"} -->\n<div class=\"wp-block-column\"><!-- wp:image {\"lightbox\":{\"enabled\":true},\"id\":12424,\"sizeSlug\":\"large\",\"linkDestination\":\"none\",\"beyondwordsMarker\":\"5fc9c6f6-2089-46ab-bd48-3ac21b160358\"} -->\n<figure class=\"wp-block-image size-large\"><img src=\"https:\/\/www.kosiceregion.com\/wp-content\/uploads\/2024\/05\/16to9_WOW_Veteran_HU-1024x576.jpg\" alt=\"\" class=\"wp-image-12424\"\/><\/figure>\n<!-- \/wp:image --><\/div>\n<!-- \/wp:column -->\n\n<!-- wp:column {\"beyondwordsMarker\":\"ac71df31-1f5f-44f1-901b-4e02e8f1177f\"} -->\n<div class=\"wp-block-column\"><!-- wp:image {\"lightbox\":{\"enabled\":true},\"id\":12132,\"width\":\"338px\",\"height\":\"auto\",\"sizeSlug\":\"large\",\"linkDestination\":\"none\",\"beyondwordsMarker\":\"cf12fffe-f8a7-49f9-a607-836a843e6d56\"} -->\n<figure class=\"wp-block-image size-large is-resized\"><img src=\"https:\/\/www.kosiceregion.com\/wp-content\/uploads\/2024\/04\/KRT_Veteranmuzeum_extra-1-1024x681.jpg\" alt=\"\" class=\"wp-image-12132\" style=\"width:338px;height:auto\"\/><\/figure>\n<!-- \/wp:image --><\/div>\n<!-- \/wp:column --><\/div>\n<!-- \/wp:columns -->\n\n<!-- wp:heading {\"level\":3,\"beyondwordsMarker\":\"0e9c3a29-6eda-4a85-bd99-cd743a90ef4f\"} -->\n<h3 class=\"wp-block-heading\"><strong>A&nbsp;term\u00e9szet, mint \u201erendhagy\u00f3\u201c alkot\u00f3<\/strong><\/h3>\n<!-- \/wp:heading -->\n\n<!-- wp:heading {\"textAlign\":\"right\",\"beyondwordsMarker\":\"a6d9d24c-00fc-4654-adf4-95f15d77704d\"} -->\n<h2 class=\"wp-block-heading has-text-align-right\"><strong><strong>A&nbsp;Zejm\u00e1ri-szurdok<\/strong><\/strong><\/h2>\n<!-- \/wp:heading -->\n\n<!-- wp:paragraph {\"beyondwordsMarker\":\"3b854153-10e0-4679-aee8-4f471846dba8\"} -->\n<p>\u00c1t\u00e9lte m\u00e1r azt az \u00e9rz\u00e9st, hogy \u00f6nmag\u00e1t is legy\u0151zve \u00e9rt a&nbsp;c\u00e9lba? Amikor el\u00e9rt a&nbsp;t\u00fara legmagasabb pontj\u00e1ra? Ha m\u00e9g nem, az sem baj, egyszer mindenki el\u00e9ri a&nbsp;saj\u00e1t cs\u00facsait, kort\u00f3l f\u00fcggetlen\u00fcl.<\/p>\n<!-- \/wp:paragraph -->\n\n<!-- wp:paragraph {\"beyondwordsMarker\":\"9b6fbfc7-56bf-4a22-a342-72dbb2a8055e\"} -->\n<p>Tal\u00e1n most j\u00f6tt el az \u00d6n sz\u00e1m\u00e1ra is a&nbsp;legmegfelel\u0151bb pillanat, hogy el\u0151sz\u00f6r fell\u00e9pjen a&nbsp;vasl\u00e9pcs\u0151 fok\u00e1ra. El\u0151sz\u00f6r, azt\u00e1n \u00fajra meg \u00fajra megism\u00e9telve ezt a&nbsp;nagyszer\u0171 \u00e9lm\u00e9nyt, a&nbsp;csal\u00e1ddal \u00e9s a bar\u00e1tokkal.&nbsp; A&nbsp;cs\u00facson el\u00e9nk t\u00e1rul\u00f3 nagyszer\u0171 kil\u00e1t\u00e1st egyszer\u0171en musz\u00e1j lefot\u00f3zni \u00e9s b\u00fcszk\u00e9n dicsekedni vele a&nbsp;vil\u00e1gnak: \u201eWOW, megcsin\u00e1ltuk!\u201c.<\/p>\n<!-- \/wp:paragraph -->\n\n<!-- wp:columns {\"beyondwordsMarker\":\"785c0be3-82e0-42f3-a6f5-351d17789b80\"} -->\n<div class=\"wp-block-columns\"><!-- wp:column {\"beyondwordsMarker\":\"0d893c36-6d43-49e1-9b48-2057a8446a52\"} -->\n<div class=\"wp-block-column\"><!-- wp:image {\"id\":12137,\"sizeSlug\":\"large\",\"linkDestination\":\"none\",\"beyondwordsMarker\":\"50686e21-269d-4d37-ab32-4d8f5ad436ea\"} -->\n<figure class=\"wp-block-image size-large\"><img src=\"https:\/\/www.kosiceregion.com\/wp-content\/uploads\/2024\/04\/4-1-1024x683.jpg\" alt=\"\" class=\"wp-image-12137\"\/><\/figure>\n<!-- \/wp:image --><\/div>\n<!-- \/wp:column -->\n\n<!-- wp:column {\"beyondwordsMarker\":\"d7b522c5-94f0-4238-a033-61a553bbbb4a\"} -->\n<div class=\"wp-block-column\"><!-- wp:image {\"id\":12138,\"sizeSlug\":\"large\",\"linkDestination\":\"none\",\"beyondwordsMarker\":\"cd4af2f7-b1a2-4790-a52b-bb60092845b1\"} -->\n<figure class=\"wp-block-image size-large\"><img src=\"https:\/\/www.kosiceregion.com\/wp-content\/uploads\/2024\/04\/8-1024x683.jpg\" alt=\"\" class=\"wp-image-12138\"\/><\/figure>\n<!-- \/wp:image --><\/div>\n<!-- \/wp:column --><\/div>\n<!-- \/wp:columns -->\n\n<!-- wp:heading {\"beyondwordsMarker\":\"18f2df93-766c-40f1-bb42-af56d23f912f\"} -->\n<h2 class=\"wp-block-heading\"><strong>Ungszennai halastavak<\/strong><\/h2>\n<!-- \/wp:heading -->\n\n<!-- wp:paragraph {\"beyondwordsMarker\":\"dea95149-9e30-438e-ad30-6f0230d52400\"} -->\n<p>Meg\u00edg\u00e9rhetj\u00fck, hogy az Ungszennai halastavak k\u00f6rnyezet\u00e9ben egy szuperk\u00e9pess\u00e9gre tehet szert \u2013 l\u00e1tni \u00e9s hallani fog. Ez az a&nbsp;hely, ahol el kell csendesedn\u00fcnk, magunknak, gyerekeinknek \u00e9s a&nbsp;gondolatainknak is. A&nbsp;term\u00e9szet ugyanis t\u00f6k\u00e9letes k\u00e9pet \u00e9s hangot k\u00f6zvet\u00edt sz\u00e1munkra. Ha egyszer valaki megfigyeli a&nbsp;v\u00f6csk\u00f6t, a&nbsp;g\u00e9met vagy a&nbsp;j\u00e9gmadarat, a&nbsp;vadlib\u00e1k \u00e9s vadkacs\u00e1k raj\u00e1t term\u00e9szetes k\u00f6rnyezet\u00e9ben, \u00f3hatatlanul \u00e1t\u00e9rzi azt az intenz\u00edv \u00e9s m\u00e9ly meggy\u0151z\u0151d\u00e9st, hogy a&nbsp;term\u00e9szet nem csak az ember\u00e9.<\/p>\n<!-- \/wp:paragraph -->\n\n<!-- wp:paragraph {\"beyondwordsMarker\":\"6f6c4480-fe68-461f-8274-ab6c898be709\"} -->\n<p>Legyen \u00d6n is a&nbsp;term\u00e9szet csendes r\u00e9sze \u00e9s ha \u00e9ppen itt szeretne felki\u00e1ltani, hogy&nbsp; \u201eWOW\u201c, azt csak hangtalanul tegye, a&nbsp;vadvir\u00e1gok \u00e9s \u00e1llatok sz\u00e9ps\u00e9ge \u00edgy is nagy visszhangot fog kelteni a&nbsp;gondolataiban.<\/p>\n<!-- \/wp:paragraph -->\n\n<!-- wp:columns {\"beyondwordsMarker\":\"913311c4-003f-4fb0-a8d9-4481b7e07f7f\"} -->\n<div class=\"wp-block-columns\"><!-- wp:column {\"beyondwordsMarker\":\"c5fd7b55-b886-4656-8350-327346c22a2e\"} -->\n<div class=\"wp-block-column\"><!-- wp:image {\"id\":12141,\"sizeSlug\":\"large\",\"linkDestination\":\"none\",\"beyondwordsMarker\":\"4e43bd18-0537-4cb7-8c08-31b67b274d5e\"} -->\n<figure class=\"wp-block-image size-large\"><img src=\"https:\/\/www.kosiceregion.com\/wp-content\/uploads\/2024\/04\/8I0A4022-1024x683.jpg\" alt=\"\" class=\"wp-image-12141\"\/><\/figure>\n<!-- \/wp:image --><\/div>\n<!-- \/wp:column -->\n\n<!-- wp:column {\"beyondwordsMarker\":\"d098ae42-3e43-4cc9-8c04-9206dd871e18\"} -->\n<div class=\"wp-block-column\"><!-- wp:image {\"id\":12426,\"sizeSlug\":\"large\",\"linkDestination\":\"none\",\"beyondwordsMarker\":\"e9363cdd-2707-48c4-b3f8-cdb076128bb9\"} -->\n<figure class=\"wp-block-image size-large\"><img src=\"https:\/\/www.kosiceregion.com\/wp-content\/uploads\/2024\/05\/16to9_WOW_Senianske_HU-1024x576.jpg\" alt=\"\" class=\"wp-image-12426\"\/><\/figure>\n<!-- \/wp:image --><\/div>\n<!-- \/wp:column --><\/div>\n<!-- \/wp:columns -->\n\n<!-- wp:heading {\"textAlign\":\"right\",\"beyondwordsMarker\":\"742e72d6-9ced-4115-bedc-dce2d8cb9237\"} -->\n<h2 class=\"wp-block-heading has-text-align-right\"><strong><strong><strong>R\u00e1nkf\u00fcredi gejz\u00edr<\/strong><\/strong><\/strong><\/h2>\n<!-- \/wp:heading -->\n\n<!-- wp:paragraph {\"beyondwordsMarker\":\"7e07ebfa-25f1-47db-9be5-9b4f45372967\"} -->\n<p>A&nbsp;R\u00e1nkf\u00fcredi gejz\u00edr m\u00e1r akkor is itt volt, amikor gyermekek voltunk, s\u0151t, amikor m\u00e9g a&nbsp;sz\u00fcleink is gyermekek voltak. 32-36 \u00f3r\u00e1s rendszeress\u00e9ggel mutatja meg 22 m\u00e9teres sz\u00e9ps\u00e9g\u00e9t, amely \u00e9vsz\u00e1zadok \u00f3ta t\u00f6r fel a&nbsp;F\u00f6ld\u00fcnk bugyraib\u00f3l. Mutassuk meg ezt az egyedi, term\u00e9szetes sz\u00ednh\u00e1zat a&nbsp;gyermekeinknek is. Ki tudja, mikor d\u00f6nt \u00fagy a&nbsp;term\u00e9szet, hogy el\u00e9g volt \u00e9s esetleg \u201eelz\u00e1rja a&nbsp;csapot\u201c.&nbsp; Most azonban m\u00e9g nyugodtan ki\u00e9lvezhetj\u00fck ezt a&nbsp;k\u00fcl\u00f6nleges \u00e9lm\u00e9nyt R\u00e1nkf\u00fcred k\u00f6zs\u00e9gben (Her\u013eany). Hasonl\u00f3 gejz\u00edr legk\u00f6zelebb a&nbsp;n\u00e9metorsz\u00e1gi Andernachban, Ukrajn\u00e1ban \u00e9s Izlandon tal\u00e1lhat\u00f3.... \u201eWOW, \u00e9s ez t\u00e9nyleg a&nbsp;Kassai r\u00e9gi\u00f3ban van?\u201c<\/p>\n<!-- \/wp:paragraph -->\n\n<!-- wp:columns {\"beyondwordsMarker\":\"41e2dadd-be12-408d-a7e4-ba354e049e69\"} -->\n<div class=\"wp-block-columns\"><!-- wp:column {\"beyondwordsMarker\":\"ca792e1d-97fc-400d-997a-e9ce54dd1fed\"} -->\n<div class=\"wp-block-column\"><!-- wp:image {\"lightbox\":{\"enabled\":true},\"id\":12427,\"sizeSlug\":\"large\",\"linkDestination\":\"none\",\"beyondwordsMarker\":\"4b3c7b46-2ca4-415b-903b-de98d79ecd93\"} -->\n<figure class=\"wp-block-image size-large\"><img src=\"https:\/\/www.kosiceregion.com\/wp-content\/uploads\/2024\/05\/16to9_WOW_Herlany_HU-1-1024x576.jpg\" alt=\"\" class=\"wp-image-12427\"\/><\/figure>\n<!-- \/wp:image --><\/div>\n<!-- \/wp:column -->\n\n<!-- wp:column {\"beyondwordsMarker\":\"c48552d3-8a31-4817-a3e6-e55b4273c99d\"} -->\n<div class=\"wp-block-column\"><!-- wp:image {\"lightbox\":{\"enabled\":true},\"id\":12140,\"width\":\"301px\",\"height\":\"auto\",\"sizeSlug\":\"large\",\"linkDestination\":\"none\",\"beyondwordsMarker\":\"0943719c-36cd-48d6-8a83-b2b24d3c0f66\"} -->\n<figure class=\"wp-block-image size-large is-resized\"><img src=\"https:\/\/www.kosiceregion.com\/wp-content\/uploads\/2024\/04\/Herlansky_Gejzir_DJI_0251-1-1024x768.jpg\" alt=\"\" class=\"wp-image-12140\" style=\"width:301px;height:auto\"\/><\/figure>\n<!-- \/wp:image --><\/div>\n<!-- \/wp:column --><\/div>\n<!-- \/wp:columns -->\n\n<!-- wp:paragraph {\"beyondwordsMarker\":\"09af7953-5e9d-4a50-8fb1-6bf01b65faa3\"} -->\n<p>Nos, mit sz\u00f3l hozz\u00e1? Megtal\u00e1lta fentiek k\u00f6z\u00f6tt a&nbsp;vil\u00e1g legjobb \u00e9lm\u00e9ny\u00e9t? Keressen tov\u00e1bbi inspir\u00e1ci\u00f3kat aj\u00e1nlatainkban, \u00e9s tal\u00e1n nem csak egyszer fogja mondani, hogy \u201eWOW\u201c!<\/p>\n<!-- \/wp:paragraph -->\n\n<!-- wp:tadv\/classic-paragraph {\"beyondwordsMarker\":\"40908edf-f6fd-48ad-b3f5-64697a6a37e4\"} \/-->\n\n<!-- wp:tadv\/classic-paragraph {\"beyondwordsMarker\":\"a0add890-9b17-4dad-9a1a-051fbfcab696\"} -->\n<p>Implemented with the financial support of the Ministry of Tourism and Sports of the Slovak Republic.<\/p>\n<!-- \/wp:tadv\/classic-paragraph -->\n\n<!-- wp:image {\"id\":13820,\"sizeSlug\":\"full\",\"linkDestination\":\"none\",\"beyondwordsMarker\":\"d26f52d8-c99c-4beb-b5cc-b33c062c0ecc\"} -->\n<figure class=\"wp-block-image size-full\"><img src=\"https:\/\/www.kosiceregion.com\/wp-content\/uploads\/2024\/11\/logo_Min-CestovnehoRuchu-a-Sportu_SR_EN_farba_cmyk-1024x410-1.jpg\" alt=\"\" class=\"wp-image-13820\"\/><\/figure>\n<!-- \/wp:image -->\n\n<!-- wp:tadv\/classic-paragraph {\"beyondwordsMarker\":\"129922d0-d08e-4b02-a7d1-6ddc7390a0a0\"} \/-->","_hu_post_name":"wow-kialtasok-a-kassai-regioban","_hu_post_excerpt":"","_hu_post_title":"\u00a0\u201eWOW\u201c - ki\u00e1lt\u00e1sok a Kassai r\u00e9gi\u00f3ban","_es_post_content":"","_es_post_name":"","_es_post_excerpt":"","_es_post_title":"","_de_post_content":"","_de_post_name":"","_de_post_excerpt":"","_de_post_title":"","_pl_post_content":"<!-- wp:paragraph {\"beyondwordsMarker\":\"466ab69d-62b6-446b-9896-db9a234d0651\"} -->\n<p>Marzy Ci si\u0119 wyjazd, podczas kt\u00f3rego nie zm\u0119cz\u0105 Ci\u0119 t\u0142umy turyst\u00f3w, nie znu\u017cy czekanie w kolejkach do zat\u0142oczonych atrakcji i kupowanie drogich bilet\u00f3w, za to na ka\u017cdym kroku b\u0119dziesz zadawa\u0107 sobie pytanie: <strong>WOW, czy ja to naprawd\u0119 widz\u0119?<\/strong><\/p>\n<!-- \/wp:paragraph -->\n\n<!-- wp:paragraph {\"beyondwordsMarker\":\"75c9bea5-ec59-48af-a627-b0561c279335\"} -->\n<p>By odkrywa\u0107 pi\u0119kne i inspiruj\u0105ce miejsca oraz do\u015bwiadcza\u0107 ich wszystkimi zmys\u0142ami wcale nie musisz wyje\u017cd\u017ca\u0107 daleko.<br>Przedstawiamy Wam gar\u015b\u0107 propozycji \u2013 wyj\u0105tkowych miejsc stworzonych r\u0119k\u0105 cz\u0142owieka, niezwyk\u0142ych artefakt\u00f3w i wytwor\u00f3w natury, w kt\u00f3rych wszystkie s\u0142owa zachwytu sprowadzaj\u0105 si\u0119 do wymownego <strong>WOW!<\/strong><\/p>\n<!-- \/wp:paragraph -->\n\n<!-- wp:image {\"id\":12457,\"sizeSlug\":\"full\",\"linkDestination\":\"none\",\"beyondwordsMarker\":\"bf225be7-babf-4024-8030-20f0d6ab4906\"} -->\n<figure class=\"wp-block-image size-full\"><img src=\"https:\/\/www.kosiceregion.com\/wp-content\/uploads\/2024\/05\/DestinWeb_WOW_Kometa_PL.jpg\" alt=\"\" class=\"wp-image-12457\"\/><\/figure>\n<!-- \/wp:image -->\n\n<!-- wp:heading {\"textAlign\":\"right\",\"level\":3,\"beyondwordsMarker\":\"a67d9852-64d7-462b-a00e-35be1a57b2a7\"} -->\n<h3 class=\"wp-block-heading has-text-align-right\"><strong><strong>Miejsca stworzone r\u0119k\u0105 cz\u0142owieka i oryginalne dzie\u0142a sztuki<\/strong><\/strong><\/h3>\n<!-- \/wp:heading -->\n\n<!-- wp:heading {\"beyondwordsMarker\":\"afb13179-daf0-4ee9-a03d-377f800af671\"} -->\n<h2 class=\"wp-block-heading\"><strong><strong>Wie\u017ca widokowa Green Point <\/strong><\/strong><\/h2>\n<!-- \/wp:heading -->\n\n<!-- wp:paragraph {\"beyondwordsMarker\":\"45b240a5-4bc0-49ea-945c-1ad82d619797\"} -->\n<p><strong>Wie\u017ca widokowa Green Point <\/strong><strong><\/strong><\/p>\n<!-- \/wp:paragraph -->\n\n<!-- wp:paragraph {\"beyondwordsMarker\":\"8d307dcd-7675-4af5-ae86-451f64cfa159\"} -->\n<p>Nad miejscowo\u015bci\u0105 Kluknava, na wzg\u00f3rzu Kremenec, wznosi si\u0119 <strong>35-metrowa,<\/strong> zaskakuj\u0105ca i jedyna w swoim rodzaju wie\u017ca widokowa. Czym r\u00f3\u017cni si\u0119 od innych?<\/p>\n<!-- \/wp:paragraph -->\n\n<!-- wp:paragraph {\"beyondwordsMarker\":\"061ff4db-f25f-4de0-b1b5-1daa99a43c62\"} -->\n<p>Przede wszystkim jest samowystarczalna energetycznie, co jest unikatem na skal\u0119 S\u0142owacji.&nbsp;Na jej szczycie umieszczono turbiny wiatrowe i panele fotowoltaiczne, dzi\u0119ki kt\u00f3rym dzia\u0142a non stop przez 365 dni w roku. Mo\u017cna tu bezp\u0142atnie na\u0142adowa\u0107 telefon kom\u00f3rkowy, rower elektryczny albo zwyczajnie cieszy\u0107 si\u0119 wieczorn\u0105 przygod\u0105. Dzi\u0119ki zastosowaniu czujnika zmierzchowego wie\u017ca jest bowiem o\u015bwietlona nawet w nocy\u2026 <strong>WOW, co za miejsc\u00f3wka!<\/strong><\/p>\n<!-- \/wp:paragraph -->\n\n<!-- wp:paragraph {\"beyondwordsMarker\":\"74e31488-53c0-44dc-a043-54808c05d704\"} -->\n<p>Zaplanuj wycieczk\u0119 pieszo lub rowerem, z dzie\u0107mi lub bez... albo sp\u0119d\u017a w tym miejscu romantyczny wiecz\u00f3r. Naprawd\u0119 warto! Wi\u0119cej informacji o wie\u017cy widokowej Green Point znajdziesz<a href=\"https:\/\/www.kosiceregion.com\/sk\/poi\/lesna-sauna-kadlubek\/\"> &gt;&gt;<\/a><a href=\"https:\/\/www.kosiceregion.com\/sk\/poi\/green-point-rozhladna-kluknava\/\">TUTAJ<\/a><\/p>\n<!-- \/wp:paragraph -->\n\n<!-- wp:columns {\"beyondwordsMarker\":\"50de0582-2abd-49cf-8583-7b91182c3d12\"} -->\n<div class=\"wp-block-columns\"><!-- wp:column {\"beyondwordsMarker\":\"3d8cd683-ad0d-4013-b6bb-097f2aeb4dfc\"} -->\n<div class=\"wp-block-column\"><!-- wp:gallery {\"linkTo\":\"none\",\"beyondwordsMarker\":\"7bb534df-2745-4a12-b7cc-d534f390ae2a\"} -->\n<figure class=\"wp-block-gallery has-nested-images columns-default is-cropped\"><!-- wp:image {\"lightbox\":{\"enabled\":true},\"id\":12458,\"sizeSlug\":\"full\",\"linkDestination\":\"none\",\"beyondwordsMarker\":\"d633d901-0be7-4d3b-9fc0-ca5415f3f9c0\",\"className\":\"is-style-default\"} -->\n<figure class=\"wp-block-image size-full is-style-default\"><img src=\"https:\/\/www.kosiceregion.com\/wp-content\/uploads\/2024\/05\/16to9_WOW_Kluknava_PL-scaled.jpg\" alt=\"\" class=\"wp-image-12458\"\/><\/figure>\n<!-- \/wp:image --><\/figure>\n<!-- \/wp:gallery --><\/div>\n<!-- \/wp:column -->\n\n<!-- wp:column {\"width\":\"50%\",\"beyondwordsMarker\":\"a4e03b42-bed2-462e-94c9-4ca374591f7d\"} -->\n<div class=\"wp-block-column\" style=\"flex-basis:50%\"><!-- wp:image {\"lightbox\":{\"enabled\":true},\"id\":12124,\"width\":\"389px\",\"height\":\"auto\",\"sizeSlug\":\"large\",\"linkDestination\":\"none\",\"beyondwordsMarker\":\"56ce4eab-4c40-4780-a6df-a15fc4518bb9\"} -->\n<figure class=\"wp-block-image size-large is-resized\"><img src=\"https:\/\/www.kosiceregion.com\/wp-content\/uploads\/2024\/04\/KRT-GreenPoint-highres-4-1-edited.jpg\" alt=\"\" class=\"wp-image-12124\" style=\"width:389px;height:auto\"\/><\/figure>\n<!-- \/wp:image --><\/div>\n<!-- \/wp:column --><\/div>\n<!-- \/wp:columns -->\n\n<!-- wp:heading {\"textAlign\":\"right\",\"beyondwordsMarker\":\"b9daecab-2344-4f47-8efc-3baf3245e13e\"} -->\n<h2 class=\"wp-block-heading has-text-align-right\"><strong><strong><strong>Kometa w w\u0105wozie Z\u00e1dielska ties\u0148ava<\/strong><\/strong><\/strong><\/h2>\n<!-- \/wp:heading -->\n\n<!-- wp:paragraph {\"beyondwordsMarker\":\"ca2599a3-aa0f-42e1-b019-a558fb30037b\"} -->\n<p>Je\u015bli wydaje Ci si\u0119, \u017ce nie rozumiesz wsp\u00f3\u0142czesnej sztuki, pozw\u00f3l nam si\u0119 prowadzi\u0107. U wlotu w\u0105wozu Z\u00e1dielska ties\u0148ava, tu\u017c przy parkingu, zaskoczy Ci\u0119 instalacja artystyczna, kt\u00f3ra swoim kszta\u0142tem przywodzi na my\u015bl komet\u0119 lec\u0105c\u0105 po niebie.<\/p>\n<!-- \/wp:paragraph -->\n\n<!-- wp:paragraph {\"beyondwordsMarker\":\"b93a7fc6-c567-44b5-ad62-f74075c91b6a\"} -->\n<p>Pu\u015b\u0107 wodze fantazji i zanim zeskanujesz kod QR z opisem audio tego niezwyk\u0142ego dzie\u0142a <em>land artu<\/em>, sprawd\u017a z jak niezwyk\u0142ych materia\u0142\u00f3w zosta\u0142o stworzone <strong>Co takiego? Betoniarka i stare choinki? WOW!<\/strong><\/p>\n<!-- \/wp:paragraph -->\n\n<!-- wp:paragraph {\"beyondwordsMarker\":\"cf0d87a5-a7bc-4503-a5ac-2b0784fd4631\"} -->\n<p>Pozwolimy Ci jednak w spokoju odkrywa\u0107 i nie b\u0119dziemy niczego zdradza\u0107. No, mo\u017ce z wyj\u0105tkiem tego, \u017ce ten niezwyk\u0142y artefakt niew\u0105tpliwie zachwyca swoj\u0105 g\u0142\u0119bi\u0105 i symbolik\u0105, a z filmik\u00f3w zamieszczonych na stronie dowiesz si\u0119, jak i dlaczego to dzie\u0142o powsta\u0142o. Wi\u0119cej o oryginalnych artefaktach na \u0142onie natury znajdziesz <a href=\"https:\/\/www.kosiceregion.com\/sk\/umenie-na-mieste-x\/\">&gt;&gt;TUTAJ<\/a><\/p>\n<!-- \/wp:paragraph -->\n\n<!-- wp:columns {\"beyondwordsMarker\":\"3645bb81-69e3-41a8-9191-8345b6b83202\"} -->\n<div class=\"wp-block-columns\"><!-- wp:column {\"beyondwordsMarker\":\"f1451b39-8de0-47c8-bde5-a23b56a11037\"} -->\n<div class=\"wp-block-column\"><!-- wp:image {\"lightbox\":{\"enabled\":true},\"id\":12459,\"sizeSlug\":\"large\",\"linkDestination\":\"none\",\"beyondwordsMarker\":\"4fbd07c3-8773-42a7-aa30-4b0e2e05ef41\"} -->\n<figure class=\"wp-block-image size-large\"><img src=\"https:\/\/www.kosiceregion.com\/wp-content\/uploads\/2024\/05\/16to9_WOW_Zadiel_PL-1024x576.jpg\" alt=\"\" class=\"wp-image-12459\"\/><\/figure>\n<!-- \/wp:image --><\/div>\n<!-- \/wp:column -->\n\n<!-- wp:column {\"beyondwordsMarker\":\"34b53176-c9fb-4d53-bf64-fbe1432194fd\"} -->\n<div class=\"wp-block-column\"><!-- wp:image {\"lightbox\":{\"enabled\":true},\"id\":12126,\"width\":\"343px\",\"height\":\"auto\",\"sizeSlug\":\"large\",\"linkDestination\":\"none\",\"beyondwordsMarker\":\"4f3d80c8-a012-451a-ae47-46b194550041\"} -->\n<figure class=\"wp-block-image size-large is-resized\"><img src=\"https:\/\/www.kosiceregion.com\/wp-content\/uploads\/2024\/04\/KRT_Zadiel_prvyden_lowres-8-1024x682.jpg\" alt=\"\" class=\"wp-image-12126\" style=\"width:343px;height:auto\"\/><\/figure>\n<!-- \/wp:image --><\/div>\n<!-- \/wp:column --><\/div>\n<!-- \/wp:columns -->\n\n<!-- wp:heading {\"textAlign\":\"right\",\"level\":3,\"beyondwordsMarker\":\"a4f676b4-7f0a-430d-82d6-200f433932a0\"} -->\n<h3 class=\"wp-block-heading has-text-align-right\"><strong><strong>Niezwyk\u0142e zabytki techniczne<\/strong><\/strong><\/h3>\n<!-- \/wp:heading -->\n\n<!-- wp:heading {\"beyondwordsMarker\":\"2e1797a1-a4ad-4d08-a768-36d60abf4f14\"} -->\n<h2 class=\"wp-block-heading\"><strong><strong>Cysterna Ser\u00e9nyiego<\/strong><\/strong><\/h2>\n<!-- \/wp:heading -->\n\n<!-- wp:paragraph {\"beyondwordsMarker\":\"37b4d8b0-f12f-439e-9068-a5f5389d424c\"} -->\n<p>Na pocz\u0105tku XX wieku na \u0142\u0105kach w okolicy Ple\u0161ivca pojawi\u0142a si\u0119 okr\u0105g\u0142a budowla, kt\u00f3ra sprawia wra\u017cenie, jakby by\u0142a dzie\u0142em przybyszy z kosmosu. Dziwny obiekt osadzony w ziemi, wykazuj\u0105cy oznaki up\u0142ywu czasu, nawet dzi\u015b nie traci nic ze swojej wielko\u015bci. Pomy\u015bl tylko: <strong>WOW, czy to naprawd\u0119 jest UFO?<\/strong><\/p>\n<!-- \/wp:paragraph -->\n\n<!-- wp:paragraph {\"beyondwordsMarker\":\"5ad9137c-2691-4d0e-b559-9210b5cba372\"} -->\n<p>Mo\u017cemy Ci\u0119 zapewni\u0107, \u017ce budowla ta jest dzie\u0142em ludzkich r\u0105k i pomys\u0142owo\u015bci cz\u0142owieka. Mia\u0142a pom\u00f3c w odwiecznej walce z \u017cywio\u0142ami i kaprysami pogody. Bowiem to w\u0142a\u015bnie nawiedzaj\u0105ca region susza podsun\u0119\u0142a \u00f3wczesnemu ministrowi, hrabiemu B\u00e9li Ser\u00e9nyiemu, pomys\u0142 zbudowania na pastwisku cysterny dla byd\u0142a.<\/p>\n<!-- \/wp:paragraph -->\n\n<!-- wp:paragraph {\"beyondwordsMarker\":\"5b766ff1-6cfb-422a-8a32-06dbacced783\"} -->\n<p>Cysterna Ser\u00e9nyiego to jedno z tych miejsc, w kt\u00f3rych nie nale\u017cy spodziewa\u0107 si\u0119 t\u0142um\u00f3w turyst\u00f3w. Trasa o d\u0142ugo\u015bci 8,4 km prowadz\u0105ca do tego wyj\u0105tkowego dzie\u0142a techniki jest oznakowana i nie wymaga nadzwyczajnej kondycji. Jest dost\u0119pna dla pieszych i rowerzyst\u00f3w. Mo\u017cna j\u0105 poleci\u0107 nawet rodzinom z dzie\u0107mi. A w pobliskiej wiosce mo\u017cna wygodnie zaparkowa\u0107 i zje\u015b\u0107 smaczny obiad.<\/p>\n<!-- \/wp:paragraph -->\n\n<!-- wp:paragraph {\"beyondwordsMarker\":\"e0f39016-2285-4c86-b4a4-b35ba5383357\"} -->\n<p>Wi\u0119cej informacji na temat cysterny Ser\u00e9nyiego znajdziesz <a href=\"https:\/\/www.kosiceregion.com\/sk\/poi\/wellness-pod-hviezdami\/\">&gt;&gt;T<\/a><a href=\"https:\/\/www.kosiceregion.com\/sk\/serenyiho-cisterna\/\">UTAJ<\/a><\/p>\n<!-- \/wp:paragraph -->\n\n<!-- wp:columns {\"beyondwordsMarker\":\"f3dc1c10-3425-4d3c-9793-398e23e3385e\"} -->\n<div class=\"wp-block-columns\"><!-- wp:column {\"beyondwordsMarker\":\"caa6eab2-d8ca-4633-a2f6-c9279be15358\"} -->\n<div class=\"wp-block-column\"><!-- wp:image {\"lightbox\":{\"enabled\":true},\"id\":12460,\"sizeSlug\":\"large\",\"linkDestination\":\"none\",\"beyondwordsMarker\":\"71b06990-ef34-4953-bbd1-94952b36f784\"} -->\n<figure class=\"wp-block-image size-large\"><img src=\"https:\/\/www.kosiceregion.com\/wp-content\/uploads\/2024\/05\/16to9_WOW_Cisterna_PL-1024x576.jpg\" alt=\"\" class=\"wp-image-12460\"\/><\/figure>\n<!-- \/wp:image --><\/div>\n<!-- \/wp:column -->\n\n<!-- wp:column {\"beyondwordsMarker\":\"0e875d93-dea5-434f-a761-5a2b85ab658c\"} -->\n<div class=\"wp-block-column\"><!-- wp:image {\"lightbox\":{\"enabled\":true},\"id\":12128,\"width\":\"341px\",\"height\":\"auto\",\"sizeSlug\":\"large\",\"linkDestination\":\"none\",\"beyondwordsMarker\":\"08de653d-44db-4dcb-bd22-051e10fe695c\"} -->\n<figure class=\"wp-block-image size-large is-resized\"><img src=\"https:\/\/www.kosiceregion.com\/wp-content\/uploads\/2024\/04\/KP_0035-1024x683.jpg\" alt=\"\" class=\"wp-image-12128\" style=\"width:341px;height:auto\"\/><\/figure>\n<!-- \/wp:image --><\/div>\n<!-- \/wp:column --><\/div>\n<!-- \/wp:columns -->\n\n<!-- wp:heading {\"textAlign\":\"right\",\"beyondwordsMarker\":\"e739df25-5cff-4703-b52d-354401ba9cff\"} -->\n<h2 class=\"wp-block-heading has-text-align-right\"><strong><strong>Tunel Slavo\u0161ovsk\u00fd<\/strong><\/strong><\/h2>\n<!-- \/wp:heading -->\n\n<!-- wp:paragraph {\"beyondwordsMarker\":\"690fbb69-9e24-4771-be83-092e66e78ef3\"} -->\n<p>Masz wra\u017cenie, \u017ce Twoje dzieci wsz\u0119dzie si\u0119 nudz\u0105 albo przygody i adrenalin\u0119 trzeba im podsuwa\u0107 pod nos? Poczujcie dreszczyk emocji i wsp\u00f3lnie odkrywajcie sekrety Tunelu Slavo\u0161ovskiego. Wej\u015bcie do tunelu znajduje si\u0119 tu\u017c pod ziemi\u0105. Prowadzi do niego szeroka jama, do kt\u00f3rej wchodzi si\u0119 po drewnianych schodach (uwaga, jest \u015blisko!). Czeka Was tajemnica i niezwyk\u0142a atmosfera, kt\u00f3ra spodoba si\u0119 zar\u00f3wno dzieciom, jak i doros\u0142ym. Tunel ma oko\u0142o 2400 metr\u00f3w d\u0142ugo\u015bci, a jego pokonanie zajmuje oko\u0142o godziny. Chyba, \u017ce bardzo si\u0119 boicie\u2026 <strong>WOW, tak d\u0142ugo mamy i\u015b\u0107 po ciemku?<\/strong> Warto doda\u0107, \u017ce od strony miejscowo\u015bci Slavo\u0161ovce przed wej\u015bciem do tunelu znajduje si\u0119 ba\u015bniowy plac zabaw dla dzieci inspirowany tekstami najs\u0142ynniejszego s\u0142owackiego bajkopisarza Pavla Dob\u0161inskiego.<br><br>To wprost niesamowite, \u017ce takie rzeczy mo\u017cna tu znale\u017a\u0107 \u2013 jednym s\u0142owem <strong>WOW!<\/strong><\/p>\n<!-- \/wp:paragraph -->\n\n<!-- wp:paragraph {\"beyondwordsMarker\":\"f643a475-e1a6-4c05-b61d-3613db3f82bb\"} -->\n<p>Wi\u0119cej informacji na temat Tunelu Slavo\u0161ovskiego znajdziesz <a href=\"https:\/\/www.kosiceregion.com\/sk\/poi\/thermalpark-sirava-a-wellness\/\">&gt;&gt;T<\/a><a href=\"https:\/\/www.kosiceregion.com\/sk\/poi\/slavosovsky-tunel\/\">UTAJ<\/a><\/p>\n<!-- \/wp:paragraph -->\n\n<!-- wp:columns {\"beyondwordsMarker\":\"7c4323ad-6a15-41ae-a703-6dbd8eb01799\"} -->\n<div class=\"wp-block-columns\"><!-- wp:column {\"beyondwordsMarker\":\"c78a78ba-951d-496c-a48e-3f06356c7687\"} -->\n<div class=\"wp-block-column\"><!-- wp:image {\"lightbox\":{\"enabled\":true},\"id\":12461,\"sizeSlug\":\"large\",\"linkDestination\":\"none\",\"beyondwordsMarker\":\"e5a6b080-f5e8-43af-98b5-53053a8410fe\"} -->\n<figure class=\"wp-block-image size-large\"><img src=\"https:\/\/www.kosiceregion.com\/wp-content\/uploads\/2024\/05\/16to9_WOW_Tunel_PL-1024x576.jpg\" alt=\"\" class=\"wp-image-12461\"\/><\/figure>\n<!-- \/wp:image --><\/div>\n<!-- \/wp:column -->\n\n<!-- wp:column {\"beyondwordsMarker\":\"b0af78b2-8476-47a8-85bd-23c3289ce5c8\"} -->\n<div class=\"wp-block-column\"><!-- wp:image {\"lightbox\":{\"enabled\":true},\"id\":12130,\"width\":\"338px\",\"height\":\"auto\",\"sizeSlug\":\"large\",\"linkDestination\":\"none\",\"beyondwordsMarker\":\"bdeb40ac-aff4-4b50-97e6-3832891feac2\"} -->\n<figure class=\"wp-block-image size-large is-resized\"><img src=\"https:\/\/www.kosiceregion.com\/wp-content\/uploads\/2024\/04\/KP_0021-1024x683.jpg\" alt=\"\" class=\"wp-image-12130\" style=\"width:338px;height:auto\"\/><\/figure>\n<!-- \/wp:image --><\/div>\n<!-- \/wp:column --><\/div>\n<!-- \/wp:columns -->\n\n<!-- wp:heading {\"beyondwordsMarker\":\"271f09c6-b8d5-43bb-9d84-d6323ab60f61\"} -->\n<h2 class=\"wp-block-heading\"><strong>Huta Etelka<\/strong><\/h2>\n<!-- \/wp:heading -->\n\n<!-- wp:paragraph {\"beyondwordsMarker\":\"50142057-3a38-4e1c-86d8-072bcab2939c\"} -->\n<p>Je\u015bli jeste\u015b fanem zabytk\u00f3w techniki i akurat przeje\u017cd\u017casz przez Gemer, zr\u00f3b sobie kr\u00f3tk\u0105 przerw\u0119 w miejscowo\u015bci Ni\u017en\u00e1 Slan\u00e1 i zobacz 11-metrowy piec Huty Etelka, kt\u00f3r\u0105 jej budowniczy, hrabia Emanuel Andr\u00e1ssy, dumnie nazwa\u0142 na cze\u015b\u0107 swojej matki w czasach najwi\u0119kszego rozkwitu g\u00f3rnictwa i hutnictwa przypadaj\u0105cym na lata 1867\u20131907. <strong>WOW, niez\u0142a historia, co?<\/strong><br><br>Dzi\u015b ju\u017c mniej dumna i nadgryziona z\u0119bem czasu Etelka przechodzi remont i chocia\u017c nie mo\u017cna do niej podej\u015b\u0107 z powodu ogrodzenia, nic nie stoi na przeszkodzie, by jej pi\u0119kna i technicznej doskona\u0142o\u015bci poszuka\u0107 na zdj\u0119ciach.<\/p>\n<!-- \/wp:paragraph -->\n\n<!-- wp:paragraph {\"beyondwordsMarker\":\"7ca5ddd6-c7ec-43f9-a0bd-b6633b9f6199\"} -->\n<p>Wi\u0119cej na o Hucie Etelce dowiesz si\u0119 <a href=\"https:\/\/www.zlatyhyl.sk\/bio-hotel-wellness\/\">&gt;&gt;<\/a><a href=\"https:\/\/www.kosiceregion.com\/sk\/karlova-huta-a-etelka-gemerske-paradoxy-stratene-a-najdene-huty\/\">TUTAJ<\/a><\/p>\n<!-- \/wp:paragraph -->\n\n<!-- wp:columns {\"beyondwordsMarker\":\"7f6dad1d-c6b2-4f08-9e2d-5e0732433216\"} -->\n<div class=\"wp-block-columns\"><!-- wp:column {\"beyondwordsMarker\":\"47f99907-bafa-4dba-95e2-c44ea793403f\"} -->\n<div class=\"wp-block-column\"><!-- wp:image {\"id\":12462,\"sizeSlug\":\"large\",\"linkDestination\":\"none\",\"beyondwordsMarker\":\"d97c878a-df6d-4572-b380-1acf1e1882f8\"} -->\n<figure class=\"wp-block-image size-large\"><img src=\"https:\/\/www.kosiceregion.com\/wp-content\/uploads\/2024\/05\/16to9_WOW_Etelka_HU-1-1024x576.jpg\" alt=\"\" class=\"wp-image-12462\"\/><\/figure>\n<!-- \/wp:image --><\/div>\n<!-- \/wp:column -->\n\n<!-- wp:column {\"beyondwordsMarker\":\"755bbec8-160f-48e6-bafc-9fef95b54044\"} -->\n<div class=\"wp-block-column\"><!-- wp:image {\"id\":12143,\"sizeSlug\":\"large\",\"linkDestination\":\"none\",\"beyondwordsMarker\":\"e6a148a1-51a2-4112-bbad-1f410cd26967\"} -->\n<figure class=\"wp-block-image size-large\"><img src=\"https:\/\/www.kosiceregion.com\/wp-content\/uploads\/2024\/04\/AA_9467-copy-1024x683.jpg\" alt=\"\" class=\"wp-image-12143\"\/><\/figure>\n<!-- \/wp:image --><\/div>\n<!-- \/wp:column --><\/div>\n<!-- \/wp:columns -->\n\n<!-- wp:heading {\"textAlign\":\"right\",\"level\":3,\"beyondwordsMarker\":\"9a951479-5430-4eff-9c97-a5aa5d6d10f6\"} -->\n<h3 class=\"wp-block-heading has-text-align-right\"><strong><strong>Niezwyk\u0142e muzea<\/strong><\/strong><\/h3>\n<!-- \/wp:heading -->\n\n<!-- wp:heading {\"beyondwordsMarker\":\"8d038e99-580f-4b20-a515-dd4fca058321\"} -->\n<h2 class=\"wp-block-heading\"><strong><strong><strong>Muzeum zabytkowych pojazd\u00f3w<\/strong><\/strong><\/strong><\/h2>\n<!-- \/wp:heading -->\n\n<!-- wp:paragraph {\"beyondwordsMarker\":\"0f125ad8-22ac-44be-ba17-e6cf665b2c58\"} -->\n<p>\u201eStary, ale jary\u201d \u2013 w muzeum zabytkowych pojazd\u00f3w w&nbsp;Michalovcach mo\u017cesz potraktowa\u0107 to powiedzenie dos\u0142ownie. Daj si\u0119 uwie\u015b\u0107! Podziwiaj wdzi\u0119k, nieprzemijaj\u0105c\u0105 klas\u0119 i blask samochod\u00f3w i motocykli, kt\u00f3re starzej\u0105 si\u0119 niczym dobre wino. Ekspozycj\u0119 zatytu\u0142owan\u0105 \u201eHistoria na k\u00f3\u0142kach\u201d mog\u0105 obejrze\u0107 tak\u017ce dzieci i osoby, kt\u00f3re bez \u201ew\u0142asnych k\u00f3\u0142ek\u201d nie mog\u0142yby si\u0119 porusza\u0107, poniewa\u017c ca\u0142e muzeum jest bezbarierowe.<\/p>\n<!-- \/wp:paragraph -->\n\n<!-- wp:paragraph {\"beyondwordsMarker\":\"00c95c69-c47e-4982-a8c2-f8a6112e2dcf\"} -->\n<p>Przy \u0142adnej pogodzie na \u017c\u0105dnych wra\u017ce\u0144 ma\u0142ych turyst\u00f3w czekaj\u0105 tak\u017ce takie atrakcje jak stacja kolejki turystycznej \u201eVeter\u00e1n Expres\u201d, kt\u00f3ra zabierze Was na przeja\u017cd\u017ck\u0119 po Michalovcach, nad zalew Zempl\u00ednska \u0160\u00edrava czy nad s\u0142owackie Morskie Oko\u2026 Trudno w to uwierzy\u0107, co? <strong>WOW, tyle atrakcji!<\/strong><\/p>\n<!-- \/wp:paragraph -->\n\n<!-- wp:paragraph {\"beyondwordsMarker\":\"d033c64a-6bdc-47fc-9870-496dd5cc3927\"} -->\n<p>Wi\u0119cej informacji o muzeum zabytkowych pojazd\u00f3w znajdziesz <a href=\"https:\/\/www.kosiceregion.com\/sk\/poi\/muzeum-vetaranov-historia-na-kolesach\/\">&gt;&gt;TUTAJ<\/a><\/p>\n<!-- \/wp:paragraph -->\n\n<!-- wp:columns {\"beyondwordsMarker\":\"8f8b757e-f401-4357-b53a-473606b08d34\"} -->\n<div class=\"wp-block-columns\"><!-- wp:column {\"beyondwordsMarker\":\"e0abfe63-7e40-4363-99be-c5f3eac9aa9c\"} -->\n<div class=\"wp-block-column\"><!-- wp:image {\"lightbox\":{\"enabled\":true},\"id\":12463,\"sizeSlug\":\"large\",\"linkDestination\":\"none\",\"beyondwordsMarker\":\"ba91c047-2c03-4be6-8f8f-04c8c81c5b6a\"} -->\n<figure class=\"wp-block-image size-large\"><img src=\"https:\/\/www.kosiceregion.com\/wp-content\/uploads\/2024\/05\/16to9_WOW_Veteran_PL-1024x576.jpg\" alt=\"\" class=\"wp-image-12463\"\/><\/figure>\n<!-- \/wp:image --><\/div>\n<!-- \/wp:column -->\n\n<!-- wp:column {\"beyondwordsMarker\":\"9e12d54a-ddae-49f1-80e0-7ac7b8c4b000\"} -->\n<div class=\"wp-block-column\"><!-- wp:image {\"lightbox\":{\"enabled\":true},\"id\":12132,\"width\":\"338px\",\"height\":\"auto\",\"sizeSlug\":\"large\",\"linkDestination\":\"none\",\"beyondwordsMarker\":\"b3ef39a3-a660-45f0-8f55-bd4721ef4c99\"} -->\n<figure class=\"wp-block-image size-large is-resized\"><img src=\"https:\/\/www.kosiceregion.com\/wp-content\/uploads\/2024\/04\/KRT_Veteranmuzeum_extra-1-1024x681.jpg\" alt=\"\" class=\"wp-image-12132\" style=\"width:338px;height:auto\"\/><\/figure>\n<!-- \/wp:image --><\/div>\n<!-- \/wp:column --><\/div>\n<!-- \/wp:columns -->\n\n<!-- wp:heading {\"level\":3,\"beyondwordsMarker\":\"f30aadb6-98c0-4171-9a89-11d02130c540\"} -->\n<h3 class=\"wp-block-heading\"><strong><strong>Natura jako oryginalny artysta<\/strong><\/strong><\/h3>\n<!-- \/wp:heading -->\n\n<!-- wp:heading {\"textAlign\":\"right\",\"beyondwordsMarker\":\"f3d32f57-a8da-497b-8d2a-e522344c7614\"} -->\n<h2 class=\"wp-block-heading has-text-align-right\"><strong><strong><strong>W\u0105w\u00f3z Zejmarski<\/strong><\/strong><\/strong><\/h2>\n<!-- \/wp:heading -->\n\n<!-- wp:paragraph {\"beyondwordsMarker\":\"36483436-2738-4b4d-8321-145b06a416d7\"} -->\n<p>Znasz to uczucie, gdy pokonujesz samego siebie i docierasz na szczyt? Kiedy osi\u0105gasz kres w\u0119dr\u00f3wki? Je\u015bli nie, nic nie szkodzi. Ka\u017cdy ma prawo do w\u0142asnych szczyt\u00f3w, niezale\u017cnie od wieku.<\/p>\n<!-- \/wp:paragraph -->\n\n<!-- wp:paragraph {\"beyondwordsMarker\":\"47c115cc-c61c-44e6-8e51-5042f9bf819c\"} -->\n<p>A mo\u017ce w\u0142a\u015bnie teraz nadszed\u0142 czas, by wybra\u0107 si\u0119 na swoj\u0105 pierwsz\u0105 wspinaczk\u0119, dotkn\u0105\u0107 stop\u0105 pierwszego szczebla drabinki?&nbsp;Spr\u00f3buj po raz pierwszy lub przypomnij sobie to niesamowite uczucie razem z dzie\u0107mi lub przyjaci\u00f3\u0142mi. A spektakularny widok, kt\u00f3ry b\u0119dzie nagrod\u0105 za trud, zas\u0142uguje na zdj\u0119cie i pokazanie go ca\u0142emu \u015bwiatu z dum\u0105 i podpisem <strong>WOW, zrobili\u015bmy to!<\/strong><\/p>\n<!-- \/wp:paragraph -->\n\n<!-- wp:paragraph {\"beyondwordsMarker\":\"c29d0fe9-55c0-4955-bc9e-c54dae15dc44\"} -->\n<p>Wi\u0119cej o W\u0105wozie Zejmarskim znajdziesz <a href=\"https:\/\/www.kosiceregion.com\/sk\/poi\/wellness-hotel-bankov\/\">&gt;&gt;T<\/a><a href=\"https:\/\/www.kosiceregion.com\/sk\/zivot-dobrodruhov-zejmarska-roklina-a-geravy\/\">UTAJ<\/a><\/p>\n<!-- \/wp:paragraph -->\n\n<!-- wp:columns {\"beyondwordsMarker\":\"655aa956-1e8e-407d-8866-601dddc5c6ac\"} -->\n<div class=\"wp-block-columns\"><!-- wp:column {\"beyondwordsMarker\":\"2c8f4324-f16f-49fc-891f-65f456e5fb68\"} -->\n<div class=\"wp-block-column\"><!-- wp:image {\"id\":12137,\"sizeSlug\":\"large\",\"linkDestination\":\"none\",\"beyondwordsMarker\":\"e0e9771e-5eb1-4b0d-b4c4-89943d9f5646\"} -->\n<figure class=\"wp-block-image size-large\"><img src=\"https:\/\/www.kosiceregion.com\/wp-content\/uploads\/2024\/04\/4-1-1024x683.jpg\" alt=\"\" class=\"wp-image-12137\"\/><\/figure>\n<!-- \/wp:image --><\/div>\n<!-- \/wp:column -->\n\n<!-- wp:column {\"beyondwordsMarker\":\"588b239b-60f3-485c-b1e1-a6b82c3fa1e2\"} -->\n<div class=\"wp-block-column\"><!-- wp:image {\"id\":12138,\"sizeSlug\":\"large\",\"linkDestination\":\"none\",\"beyondwordsMarker\":\"638b2222-a357-448c-ba20-94451746bcff\"} -->\n<figure class=\"wp-block-image size-large\"><img src=\"https:\/\/www.kosiceregion.com\/wp-content\/uploads\/2024\/04\/8-1024x683.jpg\" alt=\"\" class=\"wp-image-12138\"\/><\/figure>\n<!-- \/wp:image --><\/div>\n<!-- \/wp:column --><\/div>\n<!-- \/wp:columns -->\n\n<!-- wp:heading {\"beyondwordsMarker\":\"3a58fc35-ffb0-4903-aceb-5d2575fa1a78\"} -->\n<h2 class=\"wp-block-heading\"><strong><strong>Rezerwat przyrody Senianske rybn\u00edky<\/strong><\/strong><\/h2>\n<!-- \/wp:heading -->\n\n<!-- wp:paragraph {\"beyondwordsMarker\":\"55027b97-edfd-4b3e-b168-a1fb94797fbc\"} -->\n<p>Mo\u017cemy Ci obieca\u0107, \u017ce po\u015br\u00f3d tutejszych staw\u00f3w rybnych zyskasz now\u0105 supermoc \u2013 zdolno\u015b\u0107 widzenia i s\u0142yszenia.&nbsp;Wyciszmy si\u0119, wyciszmy nasze dzieci, nasze umys\u0142y. W ko\u0144cu natura przygotowa\u0142a dla nas wspania\u0142y spektakl, projekcj\u0119 z doskona\u0142ym obrazem i d\u017awi\u0119kiem. Widz\u0105c czapl\u0119, perkoza czy zimorodka, stada dzikich g\u0119si i kaczek w naturalnym \u015brodowisku ptasiego raju, zyskasz g\u0142\u0119bokie prze\u015bwiadczenie, \u017ce natura nie nale\u017cy tylko do nas, ludzi.<\/p>\n<!-- \/wp:paragraph -->\n\n<!-- wp:paragraph {\"beyondwordsMarker\":\"462f4141-445b-40ec-a9bd-210c941c6f0d\"} -->\n<p>Sta\u0144 si\u0119 cz\u0119\u015bci\u0105 natury, a je\u015bli poczujesz potrzeb\u0119 powiedzenia swojego <strong>WOW!<\/strong> w\u0142a\u015bnie tutaj, <strong>wypowiedz je tak cichute\u0144ko, jak tylko potrafisz<\/strong>. Pi\u0119kno dzikiej flory i fauny niech rozbrzmiewa z pe\u0142n\u0105 moc\u0105 w Twoich my\u015blach.<\/p>\n<!-- \/wp:paragraph -->\n\n<!-- wp:paragraph {\"beyondwordsMarker\":\"f6ee0b38-22e9-42f9-a814-ebf46818d052\"} -->\n<p>Wi\u0119cej na temat rezerwatu przyrody Senianske rybn\u00edky dowiesz si\u0119<a href=\"https:\/\/www.kosiceregion.com\/sk\/poi\/senianske-rybniky\/\"> &gt;&gt;TUTAJ<\/a><\/p>\n<!-- \/wp:paragraph -->\n\n<!-- wp:columns {\"beyondwordsMarker\":\"57795da6-48bf-47db-bfc8-ac4d4a919982\"} -->\n<div class=\"wp-block-columns\"><!-- wp:column {\"beyondwordsMarker\":\"e268b965-cc6c-4462-b622-fcdc8a70ed81\"} -->\n<div class=\"wp-block-column\"><!-- wp:image {\"id\":12141,\"sizeSlug\":\"large\",\"linkDestination\":\"none\",\"beyondwordsMarker\":\"99b9b52f-3b63-496d-8437-383cf0ea5075\"} -->\n<figure class=\"wp-block-image size-large\"><img src=\"https:\/\/www.kosiceregion.com\/wp-content\/uploads\/2024\/04\/8I0A4022-1024x683.jpg\" alt=\"\" class=\"wp-image-12141\"\/><\/figure>\n<!-- \/wp:image --><\/div>\n<!-- \/wp:column -->\n\n<!-- wp:column {\"beyondwordsMarker\":\"2cb372ee-33eb-4c4e-b107-1243744c403f\"} -->\n<div class=\"wp-block-column\"><!-- wp:image {\"id\":12464,\"sizeSlug\":\"large\",\"linkDestination\":\"none\",\"beyondwordsMarker\":\"dc369d86-ce47-4a90-a2c4-9e14e7b1ff83\"} -->\n<figure class=\"wp-block-image size-large\"><img src=\"https:\/\/www.kosiceregion.com\/wp-content\/uploads\/2024\/05\/16to9_WOW_Senianske_PL-1024x576.jpg\" alt=\"\" class=\"wp-image-12464\"\/><\/figure>\n<!-- \/wp:image --><\/div>\n<!-- \/wp:column --><\/div>\n<!-- \/wp:columns -->\n\n<!-- wp:heading {\"textAlign\":\"right\",\"beyondwordsMarker\":\"a1ee9f30-9348-4021-8b3e-1c1c399c6bc7\"} -->\n<h2 class=\"wp-block-heading has-text-align-right\"><strong><strong><strong><strong>Gejzer Herla\u0144ski<\/strong><\/strong><\/strong><\/strong><\/h2>\n<!-- \/wp:heading -->\n\n<!-- wp:paragraph {\"beyondwordsMarker\":\"4c31c15e-b743-4857-b8c2-85c2f37a4f26\"} -->\n<p>Gejzer Herla\u0144ski pami\u0119ta czasy, gdy byli\u015bmy dzie\u0107mi i gdy nasi rodzice byli szkrabami. Przez ca\u0142e stulecia odgrywa sw\u00f3j niesamowity spektakl z regularno\u015bci\u0105 co 32\u201336 godzin, tryskaj\u0105c na wysoko\u015b\u0107 22 metr\u00f3w z wn\u0119trza ziemi. Podzielmy si\u0119 tym cudem natury z naszymi pociechami. W ko\u0144cu nie wiadomo, kiedy natura postanowi, \u017ce ma ju\u017c do\u015b\u0107 i \u201ezakr\u0119ci\u201d kurek. Wci\u0105\u017c jednak mo\u017cesz cieszy\u0107 oczy tym niesamowitym zjawiskiem w zacisznej wiosce Her\u013eany.<\/p>\n<!-- \/wp:paragraph -->\n\n<!-- wp:paragraph {\"beyondwordsMarker\":\"cdf2ecfa-8605-4834-81a6-16bfe742a929\"} -->\n<p>Najbli\u017cszy podobny gejzer znajduje si\u0119 np. w Andernach w Niemczech, na Ukrainie, a nast\u0119pne s\u0105 dopiero na Islandii... <strong>WOW, takie cuda, tutaj?<\/strong><br><br>Wi\u0119cej informacji o Gejzerze Herla\u0144skim znajdziesz<a href=\"https:\/\/www.kosiceregion.com\/sk\/poi\/herliansky-gejzir\/\"> &gt;&gt;TUTAJ<\/a><\/p>\n<!-- \/wp:paragraph -->\n\n<!-- wp:columns {\"beyondwordsMarker\":\"c9f8a8d6-50b7-4f36-8552-88f12a5b6096\"} -->\n<div class=\"wp-block-columns\"><!-- wp:column {\"beyondwordsMarker\":\"6a9fccf2-feda-4465-ae1c-006a85ccbedb\"} -->\n<div class=\"wp-block-column\"><!-- wp:image {\"lightbox\":{\"enabled\":true},\"id\":12465,\"sizeSlug\":\"large\",\"linkDestination\":\"none\",\"beyondwordsMarker\":\"e933082b-1a20-4185-a66a-89fa9f4249d1\"} -->\n<figure class=\"wp-block-image size-large\"><img src=\"https:\/\/www.kosiceregion.com\/wp-content\/uploads\/2024\/05\/16to9_WOW_Herlany_HU-2-1024x576.jpg\" alt=\"\" class=\"wp-image-12465\"\/><\/figure>\n<!-- \/wp:image --><\/div>\n<!-- \/wp:column -->\n\n<!-- wp:column {\"beyondwordsMarker\":\"2f2d6d1f-cf7c-4bd4-9989-0ab1889ddfaf\"} -->\n<div class=\"wp-block-column\"><!-- wp:image {\"lightbox\":{\"enabled\":true},\"id\":12140,\"width\":\"301px\",\"height\":\"auto\",\"sizeSlug\":\"large\",\"linkDestination\":\"none\",\"beyondwordsMarker\":\"08cbf1cc-3b2d-45d7-a457-d3d2e90dd18b\"} -->\n<figure class=\"wp-block-image size-large is-resized\"><img src=\"https:\/\/www.kosiceregion.com\/wp-content\/uploads\/2024\/04\/Herlansky_Gejzir_DJI_0251-1-1024x768.jpg\" alt=\"\" class=\"wp-image-12140\" style=\"width:301px;height:auto\"\/><\/figure>\n<!-- \/wp:image --><\/div>\n<!-- \/wp:column --><\/div>\n<!-- \/wp:columns -->\n\n<!-- wp:paragraph {\"beyondwordsMarker\":\"51e41dd6-f60e-4ce9-82ef-9bf5af0102af\"} -->\n<p>I co o tym my\u015blisz? Masz ju\u017c wytypowan\u0105 miejsc\u00f3wk\u0119 na kra\u0144cu \u015bwiata? Zainspiruj si\u0119 naszymi propozycjami, a mo\u017ce Twoje <strong>WOW! <\/strong>zabrzmi wielokrotnie.Wi\u0119cej inspiracji wycieczkowych w miejsca, kt\u00f3re zapieraj\u0105 dech w piersiach i pozwalaj\u0105 wydusi\u0107 tylko WOW! znajdziesz <a href=\"https:\/\/www.kosiceregion.com\/sk\/poi\/co-vidiet-a-zazit\/\">&gt;&gt;TUTAJ<\/a><\/p>\n<!-- \/wp:paragraph -->\n\n<!-- wp:tadv\/classic-paragraph {\"beyondwordsMarker\":\"a247c87c-bb7a-4ebc-aa1d-ad44f4b044fe\"} -->\n<p>Implemented with the financial support of the Ministry of Tourism and Sports of the Slovak Republic.<\/p>\n<!-- \/wp:tadv\/classic-paragraph -->\n\n<!-- wp:image {\"id\":13828,\"sizeSlug\":\"full\",\"linkDestination\":\"none\",\"beyondwordsMarker\":\"48f65d5c-564d-451e-bdf3-8d307f7b9ce1\"} -->\n<figure class=\"wp-block-image size-full\"><img src=\"https:\/\/www.kosiceregion.com\/wp-content\/uploads\/2024\/04\/logo_Min-CestovnehoRuchu-a-Sportu_SR_EN_farba_cmyk-1024x410-1.jpg\" alt=\"\" class=\"wp-image-13828\"\/><\/figure>\n<!-- \/wp:image -->\n\n<!-- wp:tadv\/classic-paragraph {\"beyondwordsMarker\":\"b1ca354c-7032-4526-93ef-81d19fa94847\"} \/-->\n\n<!-- wp:tadv\/classic-paragraph {\"beyondwordsMarker\":\"82c5e70f-93f0-4c93-a27c-493cacec78b7\"} \/-->\n\n<!-- wp:tadv\/classic-paragraph {\"beyondwordsMarker\":\"de014f14-99c0-42ff-b0f2-356913162d56\"} \/-->","_pl_post_name":"powiedz-wow-na-krancu-swiata","_pl_post_excerpt":"","_pl_post_title":"Powiedz \u201eWOW\u201d na kra\u0144cu \u015bwiata","_it_post_content":"","_it_post_name":"","_it_post_excerpt":"","_it_post_title":"","edit_language":"hu","footnotes":""},"categories":[22,353,20,17],"tags":[],"class_list":["post-12120","post","type-post","status-publish","format-standard","has-post-thumbnail","hentry","category-get-inspired","category-nepoznane-miesta","category-for-kids","category-top"],"acf":[],"yoast_head":"<!-- This site is optimized with the Yoast SEO Premium plugin v25.5 (Yoast SEO v27.4) - https:\/\/yoast.com\/product\/yoast-seo-premium-wordpress\/ -->\n<title>Ko\u0161ice Regi\u00f3n<\/title>\n<meta name=\"description\" content=\"\u00d6n is olyan kir\u00e1ndul\u00e1sra v\u00e1gyik, ahol a turist\u00e1k nem fordulnak el\u0151 t\u00f6megesen, nincs sorban \u00e1ll\u00e1s \u00e9s dr\u00e1ga bel\u00e9p\u0151k, de ann\u00e1l t\u00f6bb \u201eWOW, nah\u00e1t, ez t\u00e9nyleg itt van?\u201d\n\n\n\nA gy\u00f6ny\u00f6r\u0171, kalandos \u00e9s inspir\u00e1l\u00f3 helysz\u00ednek \u00e9s\u2026\" \/>\n<meta name=\"robots\" content=\"index, follow, max-snippet:-1, max-image-preview:large, max-video-preview:-1\" \/>\n<link rel=\"canonical\" href=\"https:\/\/www.kosiceregion.com\/sk\/povedz-si-wow-na-kraji-sveta\/\" \/>\n<meta property=\"og:locale\" content=\"hu_HU\" \/>\n<meta property=\"og:type\" content=\"article\" \/>\n<meta property=\"og:title\" content=\"Povedz si &quot;WOW&quot; na Kraji sveta\" \/>\n<meta property=\"og:description\" content=\"T\u00fa\u017eite po v\u00fdlete, na ktorom sa nebudete potk\u00fdna\u0165 o davy turistov, \u010daka\u0165 v rade na preplnen\u00e9 atrakcie a kupova\u0165 predra\u017een\u00e9 vstupenky, ale sk\u00f4r si budete na\" \/>\n<meta property=\"og:url\" content=\"https:\/\/www.kosiceregion.com\/hu\/wp-json\/wp\/v2\/posts\/12120\" \/>\n<meta property=\"og:site_name\" content=\"Ko\u0161ice Regi\u00f3n\" \/>\n<meta property=\"article:publisher\" content=\"https:\/\/www.facebook.com\/kosiceregion\" \/>\n<meta property=\"article:published_time\" content=\"2024-04-15T14:00:17+00:00\" \/>\n<meta property=\"article:modified_time\" content=\"2025-01-10T10:01:49+00:00\" \/>\n<meta property=\"og:image\" content=\"https:\/\/www.kosiceregion.com\/wp-content\/uploads\/2024\/04\/16to9_WOW_Herlany_c-scaled.jpg\" \/>\n\t<meta property=\"og:image:width\" content=\"2560\" \/>\n\t<meta property=\"og:image:height\" content=\"1440\" \/>\n\t<meta property=\"og:image:type\" content=\"image\/jpeg\" \/>\n<meta name=\"author\" content=\"Paula Buliakov\u00e1 Tegelhof\" \/>\n<meta name=\"twitter:card\" content=\"summary_large_image\" \/>\n<meta name=\"twitter:creator\" content=\"@KOSICEREGION\" \/>\n<meta name=\"twitter:site\" content=\"@KOSICEREGION\" \/>\n<meta name=\"twitter:label1\" content=\"Szerz\u0151:\" \/>\n\t<meta name=\"twitter:data1\" content=\"Paula Buliakov\u00e1 Tegelhof\" \/>\n\t<meta name=\"twitter:label2\" content=\"Becs\u00fclt olvas\u00e1si id\u0151\" \/>\n\t<meta name=\"twitter:data2\" content=\"12 perc\" \/>\n<script type=\"application\/ld+json\" class=\"yoast-schema-graph\">{\"@context\":\"https:\\\/\\\/schema.org\",\"@graph\":[{\"@type\":\"Article\",\"@id\":\"https:\\\/\\\/www.kosiceregion.com\\\/sk\\\/povedz-si-wow-na-kraji-sveta\\\/#article\",\"isPartOf\":{\"@id\":\"https:\\\/\\\/www.kosiceregion.com\\\/sk\\\/povedz-si-wow-na-kraji-sveta\\\/\"},\"author\":{\"name\":\"Paula Buliakov\u00e1 Tegelhof\",\"@id\":\"https:\\\/\\\/www.kosiceregion.com\\\/#\\\/schema\\\/person\\\/f58f7c5f26e77a35dc3bf96d432dbd05\"},\"headline\":\"\u00a0\u201eWOW\u201c - ki\u00e1lt\u00e1sok a Kassai r\u00e9gi\u00f3ban\",\"datePublished\":\"2024-04-15T14:00:17+00:00\",\"dateModified\":\"2025-01-10T10:01:49+00:00\",\"mainEntityOfPage\":{\"@id\":\"https:\\\/\\\/www.kosiceregion.com\\\/sk\\\/povedz-si-wow-na-kraji-sveta\\\/\"},\"wordCount\":1613,\"publisher\":{\"@id\":\"https:\\\/\\\/www.kosiceregion.com\\\/#organization\"},\"image\":{\"@id\":\"https:\\\/\\\/www.kosiceregion.com\\\/sk\\\/povedz-si-wow-na-kraji-sveta\\\/#primaryimage\"},\"thumbnailUrl\":\"https:\\\/\\\/www.kosiceregion.com\\\/wp-content\\\/uploads\\\/2024\\\/04\\\/16to9_WOW_Herlany_c-scaled.jpg\",\"articleSection\":[\"In\u0161piruj sa\",\"Nepoznan\u00e9 miesta\",\"Pre deti\",\"Top\"],\"inLanguage\":\"hu\"},{\"@type\":\"WebPage\",\"@id\":\"https:\\\/\\\/www.kosiceregion.com\\\/sk\\\/povedz-si-wow-na-kraji-sveta\\\/\",\"url\":\"https:\\\/\\\/www.kosiceregion.com\\\/sk\\\/povedz-si-wow-na-kraji-sveta\\\/\",\"name\":\"Povedz si \\\"WOW\\\" na Kraji sveta - Ko\u0161ice Regi\u00f3n\",\"isPartOf\":{\"@id\":\"https:\\\/\\\/www.kosiceregion.com\\\/#website\"},\"primaryImageOfPage\":{\"@id\":\"https:\\\/\\\/www.kosiceregion.com\\\/sk\\\/povedz-si-wow-na-kraji-sveta\\\/#primaryimage\"},\"image\":{\"@id\":\"https:\\\/\\\/www.kosiceregion.com\\\/sk\\\/povedz-si-wow-na-kraji-sveta\\\/#primaryimage\"},\"thumbnailUrl\":\"https:\\\/\\\/www.kosiceregion.com\\\/wp-content\\\/uploads\\\/2024\\\/04\\\/16to9_WOW_Herlany_c-scaled.jpg\",\"datePublished\":\"2024-04-15T14:00:17+00:00\",\"dateModified\":\"2025-01-10T10:01:49+00:00\",\"description\":\"T\u00fa\u017eite po v\u00fdlete, na ktorom sa nebudete potk\u00fdna\u0165 o davy turistov, \u010daka\u0165 v rade na preplnen\u00e9 atrakcie a kupova\u0165 predra\u017een\u00e9 vstupenky, ale sk\u00f4r si budete na\",\"breadcrumb\":{\"@id\":\"https:\\\/\\\/www.kosiceregion.com\\\/sk\\\/povedz-si-wow-na-kraji-sveta\\\/#breadcrumb\"},\"inLanguage\":\"hu\",\"potentialAction\":[{\"@type\":\"ReadAction\",\"target\":[\"https:\\\/\\\/www.kosiceregion.com\\\/sk\\\/povedz-si-wow-na-kraji-sveta\\\/\"]}]},{\"@type\":\"ImageObject\",\"inLanguage\":\"hu\",\"@id\":\"https:\\\/\\\/www.kosiceregion.com\\\/sk\\\/povedz-si-wow-na-kraji-sveta\\\/#primaryimage\",\"url\":\"https:\\\/\\\/www.kosiceregion.com\\\/wp-content\\\/uploads\\\/2024\\\/04\\\/16to9_WOW_Herlany_c-scaled.jpg\",\"contentUrl\":\"https:\\\/\\\/www.kosiceregion.com\\\/wp-content\\\/uploads\\\/2024\\\/04\\\/16to9_WOW_Herlany_c-scaled.jpg\",\"width\":2560,\"height\":1440},{\"@type\":\"BreadcrumbList\",\"@id\":\"https:\\\/\\\/www.kosiceregion.com\\\/sk\\\/povedz-si-wow-na-kraji-sveta\\\/#breadcrumb\",\"itemListElement\":[{\"@type\":\"ListItem\",\"position\":1,\"name\":\"Home\",\"item\":\"https:\\\/\\\/www.kosiceregion.com\\\/sk\\\/\"},{\"@type\":\"ListItem\",\"position\":2,\"name\":\"Povedz si &#8222;WOW&#8220; na Kraji sveta\"}]},{\"@type\":\"WebSite\",\"@id\":\"https:\\\/\\\/www.kosiceregion.com\\\/#website\",\"url\":\"https:\\\/\\\/www.kosiceregion.com\\\/\",\"name\":\"Ko\u0161ice Regi\u00f3n\",\"description\":\"Turistick\u00fd sprievodca Ko\u0161ick\u00fdm krajom\",\"publisher\":{\"@id\":\"https:\\\/\\\/www.kosiceregion.com\\\/#organization\"},\"potentialAction\":[{\"@type\":\"SearchAction\",\"target\":{\"@type\":\"EntryPoint\",\"urlTemplate\":\"https:\\\/\\\/www.kosiceregion.com\\\/?s={search_term_string}\"},\"query-input\":{\"@type\":\"PropertyValueSpecification\",\"valueRequired\":true,\"valueName\":\"search_term_string\"}}],\"inLanguage\":\"hu\"},{\"@type\":\"Organization\",\"@id\":\"https:\\\/\\\/www.kosiceregion.com\\\/#organization\",\"name\":\"Ko\u0161ice Regi\u00f3n Turizmus\",\"url\":\"https:\\\/\\\/www.kosiceregion.com\\\/\",\"logo\":{\"@type\":\"ImageObject\",\"inLanguage\":\"hu\",\"@id\":\"https:\\\/\\\/www.kosiceregion.com\\\/#\\\/schema\\\/logo\\\/image\\\/\",\"url\":\"https:\\\/\\\/www.kosiceregion.com\\\/wp-content\\\/uploads\\\/2019\\\/03\\\/logo-web-sk.png\",\"contentUrl\":\"https:\\\/\\\/www.kosiceregion.com\\\/wp-content\\\/uploads\\\/2019\\\/03\\\/logo-web-sk.png\",\"width\":225,\"height\":100,\"caption\":\"Ko\u0161ice Regi\u00f3n Turizmus\"},\"image\":{\"@id\":\"https:\\\/\\\/www.kosiceregion.com\\\/#\\\/schema\\\/logo\\\/image\\\/\"},\"sameAs\":[\"https:\\\/\\\/www.facebook.com\\\/kosiceregion\",\"https:\\\/\\\/x.com\\\/KOSICEREGION\",\"https:\\\/\\\/www.instagram.com\\\/kosiceregion\",\"https:\\\/\\\/www.youtube.com\\\/kosiceregion\"]},{\"@type\":\"Person\",\"@id\":\"https:\\\/\\\/www.kosiceregion.com\\\/#\\\/schema\\\/person\\\/f58f7c5f26e77a35dc3bf96d432dbd05\",\"name\":\"Paula Buliakov\u00e1 Tegelhof\",\"image\":{\"@type\":\"ImageObject\",\"inLanguage\":\"hu\",\"@id\":\"https:\\\/\\\/secure.gravatar.com\\\/avatar\\\/efa6a57b2e4fd9b6fdaf15acbda66a000ef0b3e50800a76a64602b268b90db7f?s=96&d=mm&r=g\",\"url\":\"https:\\\/\\\/secure.gravatar.com\\\/avatar\\\/efa6a57b2e4fd9b6fdaf15acbda66a000ef0b3e50800a76a64602b268b90db7f?s=96&d=mm&r=g\",\"contentUrl\":\"https:\\\/\\\/secure.gravatar.com\\\/avatar\\\/efa6a57b2e4fd9b6fdaf15acbda66a000ef0b3e50800a76a64602b268b90db7f?s=96&d=mm&r=g\",\"caption\":\"Paula Buliakov\u00e1 Tegelhof\"}}]}<\/script>\n<!-- \/ Yoast SEO Premium plugin. -->","yoast_head_json":{"title":"Ko\u0161ice Regi\u00f3n","description":"\u00d6n is olyan kir\u00e1ndul\u00e1sra v\u00e1gyik, ahol a turist\u00e1k nem fordulnak el\u0151 t\u00f6megesen, nincs sorban \u00e1ll\u00e1s \u00e9s dr\u00e1ga bel\u00e9p\u0151k, de ann\u00e1l t\u00f6bb \u201eWOW, nah\u00e1t, ez t\u00e9nyleg itt van?\u201d\n\n\n\nA gy\u00f6ny\u00f6r\u0171, kalandos \u00e9s inspir\u00e1l\u00f3 helysz\u00ednek \u00e9s\u2026","robots":{"index":"index","follow":"follow","max-snippet":"max-snippet:-1","max-image-preview":"max-image-preview:large","max-video-preview":"max-video-preview:-1"},"canonical":"https:\/\/www.kosiceregion.com\/sk\/povedz-si-wow-na-kraji-sveta\/","og_locale":"hu_HU","og_type":"article","og_title":"Povedz si \"WOW\" na Kraji sveta","og_description":"T\u00fa\u017eite po v\u00fdlete, na ktorom sa nebudete potk\u00fdna\u0165 o davy turistov, \u010daka\u0165 v rade na preplnen\u00e9 atrakcie a kupova\u0165 predra\u017een\u00e9 vstupenky, ale sk\u00f4r si budete na","og_url":"https:\/\/www.kosiceregion.com\/hu\/wp-json\/wp\/v2\/posts\/12120","og_site_name":"Ko\u0161ice Regi\u00f3n","article_publisher":"https:\/\/www.facebook.com\/kosiceregion","article_published_time":"2024-04-15T14:00:17+00:00","article_modified_time":"2025-01-10T10:01:49+00:00","og_image":[{"width":2560,"height":1440,"url":"https:\/\/www.kosiceregion.com\/wp-content\/uploads\/2024\/04\/16to9_WOW_Herlany_c-scaled.jpg","type":"image\/jpeg"}],"author":"Paula Buliakov\u00e1 Tegelhof","twitter_card":"summary_large_image","twitter_creator":"@KOSICEREGION","twitter_site":"@KOSICEREGION","twitter_misc":{"Szerz\u0151:":"Paula Buliakov\u00e1 Tegelhof","Becs\u00fclt olvas\u00e1si id\u0151":"12 perc"},"schema":{"@context":"https:\/\/schema.org","@graph":[{"@type":"Article","@id":"https:\/\/www.kosiceregion.com\/sk\/povedz-si-wow-na-kraji-sveta\/#article","isPartOf":{"@id":"https:\/\/www.kosiceregion.com\/sk\/povedz-si-wow-na-kraji-sveta\/"},"author":{"name":"Paula Buliakov\u00e1 Tegelhof","@id":"https:\/\/www.kosiceregion.com\/#\/schema\/person\/f58f7c5f26e77a35dc3bf96d432dbd05"},"headline":"\u00a0\u201eWOW\u201c - ki\u00e1lt\u00e1sok a Kassai r\u00e9gi\u00f3ban","datePublished":"2024-04-15T14:00:17+00:00","dateModified":"2025-01-10T10:01:49+00:00","mainEntityOfPage":{"@id":"https:\/\/www.kosiceregion.com\/sk\/povedz-si-wow-na-kraji-sveta\/"},"wordCount":1613,"publisher":{"@id":"https:\/\/www.kosiceregion.com\/#organization"},"image":{"@id":"https:\/\/www.kosiceregion.com\/sk\/povedz-si-wow-na-kraji-sveta\/#primaryimage"},"thumbnailUrl":"https:\/\/www.kosiceregion.com\/wp-content\/uploads\/2024\/04\/16to9_WOW_Herlany_c-scaled.jpg","articleSection":["In\u0161piruj sa","Nepoznan\u00e9 miesta","Pre deti","Top"],"inLanguage":"hu"},{"@type":"WebPage","@id":"https:\/\/www.kosiceregion.com\/sk\/povedz-si-wow-na-kraji-sveta\/","url":"https:\/\/www.kosiceregion.com\/sk\/povedz-si-wow-na-kraji-sveta\/","name":"Povedz si \"WOW\" na Kraji sveta - Ko\u0161ice Regi\u00f3n","isPartOf":{"@id":"https:\/\/www.kosiceregion.com\/#website"},"primaryImageOfPage":{"@id":"https:\/\/www.kosiceregion.com\/sk\/povedz-si-wow-na-kraji-sveta\/#primaryimage"},"image":{"@id":"https:\/\/www.kosiceregion.com\/sk\/povedz-si-wow-na-kraji-sveta\/#primaryimage"},"thumbnailUrl":"https:\/\/www.kosiceregion.com\/wp-content\/uploads\/2024\/04\/16to9_WOW_Herlany_c-scaled.jpg","datePublished":"2024-04-15T14:00:17+00:00","dateModified":"2025-01-10T10:01:49+00:00","description":"T\u00fa\u017eite po v\u00fdlete, na ktorom sa nebudete potk\u00fdna\u0165 o davy turistov, \u010daka\u0165 v rade na preplnen\u00e9 atrakcie a kupova\u0165 predra\u017een\u00e9 vstupenky, ale sk\u00f4r si budete na","breadcrumb":{"@id":"https:\/\/www.kosiceregion.com\/sk\/povedz-si-wow-na-kraji-sveta\/#breadcrumb"},"inLanguage":"hu","potentialAction":[{"@type":"ReadAction","target":["https:\/\/www.kosiceregion.com\/sk\/povedz-si-wow-na-kraji-sveta\/"]}]},{"@type":"ImageObject","inLanguage":"hu","@id":"https:\/\/www.kosiceregion.com\/sk\/povedz-si-wow-na-kraji-sveta\/#primaryimage","url":"https:\/\/www.kosiceregion.com\/wp-content\/uploads\/2024\/04\/16to9_WOW_Herlany_c-scaled.jpg","contentUrl":"https:\/\/www.kosiceregion.com\/wp-content\/uploads\/2024\/04\/16to9_WOW_Herlany_c-scaled.jpg","width":2560,"height":1440},{"@type":"BreadcrumbList","@id":"https:\/\/www.kosiceregion.com\/sk\/povedz-si-wow-na-kraji-sveta\/#breadcrumb","itemListElement":[{"@type":"ListItem","position":1,"name":"Home","item":"https:\/\/www.kosiceregion.com\/sk\/"},{"@type":"ListItem","position":2,"name":"Povedz si &#8222;WOW&#8220; na Kraji sveta"}]},{"@type":"WebSite","@id":"https:\/\/www.kosiceregion.com\/#website","url":"https:\/\/www.kosiceregion.com\/","name":"Ko\u0161ice Regi\u00f3n","description":"Turistick\u00fd sprievodca Ko\u0161ick\u00fdm krajom","publisher":{"@id":"https:\/\/www.kosiceregion.com\/#organization"},"potentialAction":[{"@type":"SearchAction","target":{"@type":"EntryPoint","urlTemplate":"https:\/\/www.kosiceregion.com\/?s={search_term_string}"},"query-input":{"@type":"PropertyValueSpecification","valueRequired":true,"valueName":"search_term_string"}}],"inLanguage":"hu"},{"@type":"Organization","@id":"https:\/\/www.kosiceregion.com\/#organization","name":"Ko\u0161ice Regi\u00f3n Turizmus","url":"https:\/\/www.kosiceregion.com\/","logo":{"@type":"ImageObject","inLanguage":"hu","@id":"https:\/\/www.kosiceregion.com\/#\/schema\/logo\/image\/","url":"https:\/\/www.kosiceregion.com\/wp-content\/uploads\/2019\/03\/logo-web-sk.png","contentUrl":"https:\/\/www.kosiceregion.com\/wp-content\/uploads\/2019\/03\/logo-web-sk.png","width":225,"height":100,"caption":"Ko\u0161ice Regi\u00f3n Turizmus"},"image":{"@id":"https:\/\/www.kosiceregion.com\/#\/schema\/logo\/image\/"},"sameAs":["https:\/\/www.facebook.com\/kosiceregion","https:\/\/x.com\/KOSICEREGION","https:\/\/www.instagram.com\/kosiceregion","https:\/\/www.youtube.com\/kosiceregion"]},{"@type":"Person","@id":"https:\/\/www.kosiceregion.com\/#\/schema\/person\/f58f7c5f26e77a35dc3bf96d432dbd05","name":"Paula Buliakov\u00e1 Tegelhof","image":{"@type":"ImageObject","inLanguage":"hu","@id":"https:\/\/secure.gravatar.com\/avatar\/efa6a57b2e4fd9b6fdaf15acbda66a000ef0b3e50800a76a64602b268b90db7f?s=96&d=mm&r=g","url":"https:\/\/secure.gravatar.com\/avatar\/efa6a57b2e4fd9b6fdaf15acbda66a000ef0b3e50800a76a64602b268b90db7f?s=96&d=mm&r=g","contentUrl":"https:\/\/secure.gravatar.com\/avatar\/efa6a57b2e4fd9b6fdaf15acbda66a000ef0b3e50800a76a64602b268b90db7f?s=96&d=mm&r=g","caption":"Paula Buliakov\u00e1 Tegelhof"}}]}},"_links":{"self":[{"href":"https:\/\/www.kosiceregion.com\/hu\/wp-json\/wp\/v2\/posts\/12120","targetHints":{"allow":["GET"]}}],"collection":[{"href":"https:\/\/www.kosiceregion.com\/hu\/wp-json\/wp\/v2\/posts"}],"about":[{"href":"https:\/\/www.kosiceregion.com\/hu\/wp-json\/wp\/v2\/types\/post"}],"author":[{"embeddable":true,"href":"https:\/\/www.kosiceregion.com\/hu\/wp-json\/wp\/v2\/users\/15"}],"replies":[{"embeddable":true,"href":"https:\/\/www.kosiceregion.com\/hu\/wp-json\/wp\/v2\/comments?post=12120"}],"version-history":[{"count":6,"href":"https:\/\/www.kosiceregion.com\/hu\/wp-json\/wp\/v2\/posts\/12120\/revisions"}],"predecessor-version":[{"id":13830,"href":"https:\/\/www.kosiceregion.com\/hu\/wp-json\/wp\/v2\/posts\/12120\/revisions\/13830"}],"wp:featuredmedia":[{"embeddable":true,"href":"https:\/\/www.kosiceregion.com\/hu\/wp-json\/wp\/v2\/media\/12391"}],"wp:attachment":[{"href":"https:\/\/www.kosiceregion.com\/hu\/wp-json\/wp\/v2\/media?parent=12120"}],"wp:term":[{"taxonomy":"category","embeddable":true,"href":"https:\/\/www.kosiceregion.com\/hu\/wp-json\/wp\/v2\/categories?post=12120"},{"taxonomy":"post_tag","embeddable":true,"href":"https:\/\/www.kosiceregion.com\/hu\/wp-json\/wp\/v2\/tags?post=12120"}],"curies":[{"name":"wp","href":"https:\/\/api.w.org\/{rel}","templated":true}]}}