{"id":16226,"date":"2026-02-06T07:30:00","date_gmt":"2026-02-06T06:30:00","guid":{"rendered":"https:\/\/www.kosiceregion.com\/sk\/?p=16226"},"modified":"2026-02-06T11:30:24","modified_gmt":"2026-02-06T10:30:24","slug":"","status":"publish","type":"post","link":"https:\/\/www.kosiceregion.com\/hu\/ruze-su-cervene-fialky-modre-na-spisi-a-na-gemeri-vam-bude-na-valentina-naozaj-dobre\/","title":{"rendered":"","raw":""},"content":{"rendered":"","protected":false,"raw":""},"excerpt":{"rendered":"","protected":false,"raw":""},"author":17,"featured_media":16234,"comment_status":"closed","ping_status":"closed","sticky":false,"template":"","format":"standard","meta":{"_acf_changed":false,"_sk_post_content":"<!-- wp:tadv\/classic-paragraph -->\n<p><strong>Ke\u010f sa bl\u00ed\u017ei sviatok zamilovan\u00fdch, mnoh\u00e9 p\u00e1ry h\u013eadaj\u00fa \u00fanik z preplnen\u00fdch miest. H\u013eadaj\u00fa priestor, kde sa romantika nestret\u00e1va s davom, ale s tichom krajiny, hist\u00f3riou a autentickou atmosf\u00e9rou. Regi\u00f3ny Spi\u0161 a Gemer pon\u00fakaj\u00fa presne tak\u00fdto z\u00e1\u017eitok. L\u00e1ska sa tu oslavuje pomaly \u2013 pri poctivej ve\u010deri, poh\u00e1ri v\u00edna a v\u00fdh\u013eadoch, ktor\u00e9 nepotrebuj\u00fa filter. Vydajte sa s nami na cestu od Spi\u0161skej Novej Vsi cez z\u00e1kutia Slovensk\u00e9ho krasu a\u017e do srdca Gemera.<\/strong><\/p>\n<!-- \/wp:tadv\/classic-paragraph -->\n\n<!-- wp:tadv\/classic-paragraph -->\n<p data-path-to-node=\"12\">Cesta za romantikou za\u010d\u00edna v Spi\u0161skej Novej Vsi, meste s najdlh\u0161\u00edm \u0161o\u0161ovkovit\u00fdm n\u00e1mest\u00edm, ktor\u00e9 samo o sebe d\u00fdcha hist\u00f3riou.<\/p>\n<h3 data-path-to-node=\"13\"><a href=\"https:\/\/nostalgie.sk\/jedalny-listok\/\">1. Re\u0161taur\u00e1cia Nostalgia: L\u00e1ska ide cez \u017eal\u00fadok<\/a><\/h3>\n<p data-path-to-node=\"14\">Prvou kulin\u00e1rskou zast\u00e1vkou je ob\u013e\u00faben\u00e1 <b data-path-to-node=\"14\" data-index-in-node=\"40\">Re\u0161taur\u00e1cia Nostalgia<\/b>. Atmosf\u00e9ra podniku s jemn\u00fdm svetlom vytv\u00e1ra ide\u00e1lne prostredie na int\u00edmny rozhovor. \u0160\u00e9fkuch\u00e1r pripravil <b data-path-to-node=\"14\" data-index-in-node=\"166\">3-chodov\u00e9 valent\u00ednske menu<\/b>, ktor\u00e9 je oslavou chut\u00ed.<\/p>\n<p>[gallery columns=\"1\" size=\"full\" ids=\"16229\"]<\/p>\n<ul data-path-to-node=\"15\">\n<li>\n<p data-path-to-node=\"15,0,0\"><b data-path-to-node=\"15,0,0\" data-index-in-node=\"0\">Predjedlo:<\/b> Cviklov\u00fd lievanec s ricottov\u00fdm kr\u00e9mom a tatar\u00e1\u010dikom z parmez\u00e1nu, hru\u0161iek a k\u00f4pru.<\/p>\n<\/li>\n<li>\n<p data-path-to-node=\"15,1,0\"><b data-path-to-node=\"15,1,0\" data-index-in-node=\"0\">Hlavn\u00e9 jedlo (na v\u00fdber):<\/b> Sous-vide ostrie\u017e na mladom \u0161pen\u00e1te s gratinovanou mrkvou <b data-path-to-node=\"15,1,0\" data-index-in-node=\"83\">ALEBO<\/b> Sous-vide chrb\u00e1t z mufl\u00f3na s demi glace na \u010dervenom v\u00edne, grilovanou \u010dakankou a \u0148okmi na h\u013euzovkovom masle.<\/p>\n<\/li>\n<li>\n<p data-path-to-node=\"15,2,0\"><b data-path-to-node=\"15,2,0\" data-index-in-node=\"0\">Dezert:<\/b> \u010cokol\u00e1dov\u00e1 hlina s bielym mousse a figami na v\u00edne.<\/p>\n<\/li>\n<\/ul>\n<h3 data-path-to-node=\"16\"><a href=\"https:\/\/www.hotelmetropol.sk\/metropolitny-valentin\/?fbclid=IwY2xjawPxc5pleHRuA2FlbQIxMABicmlkETFzbHE4S2pVdlJ4ZUhCZVV3c3J0YwZhcHBfaWQQMjIyMDM5MTc4ODIwMDg5MgABHj8OdeHvUzlwuASFPcaxPrSfBE_kteCNhbP_88-CBs2c0lAo_O6s_jYoz85g_aem_dgDpjUUnXKT1qopciVbi6g\">2. Hotel Metropol: Mestsk\u00e1 romanca so v\u0161etk\u00fdm, \u010do k tomu patr\u00ed<\/a><\/h3>\n<p data-path-to-node=\"17\">Ak chcete ve\u010deru spoji\u0165 s prenocovan\u00edm a h\u00fd\u010dkan\u00edm, Hotel Metropol pripravil bal\u00ed\u010dek <b data-path-to-node=\"17\" data-index-in-node=\"84\">\u201eMetropolitn\u00fd Valent\u00edn\u201c<\/b>. Je to kompletn\u00fd z\u00e1\u017eitok pre p\u00e1ry, ktor\u00e9 nechc\u00fa rie\u0161i\u0165 ni\u010d, len seba navz\u00e1jom.<\/p>\n<p>[gallery columns=\"1\" size=\"full\" ids=\"16228\"]<\/p>\n<ul data-path-to-node=\"18\">\n<li>\n<p data-path-to-node=\"18,0,0\"><b data-path-to-node=\"18,0,0\" data-index-in-node=\"0\">\u010co v\u00e1s \u010dak\u00e1:<\/b> Ubytovanie v izbe Exclusive, 4-chodov\u00e1 ve\u010dera pri svie\u010dkach so \u017eivou klav\u00edrnou hudbou, neobmedzen\u00fd wellness, relaxa\u010dn\u00e1 mas\u00e1\u017e pre dvoch a prosecco na izbe.<\/p>\n<\/li>\n<\/ul>\n<!-- \/wp:tadv\/classic-paragraph -->\n\n<!-- wp:tadv\/classic-paragraph -->\n<h2 data-path-to-node=\"20\"><a href=\"https:\/\/www.saunavlese.sk\/\">3. Z\u00e1\u017eitky v pr\u00edrode: Sauna v lese a v\u00fdh\u013eady<\/a><\/h2>\n<p data-path-to-node=\"21\">Presun zo Spi\u0161a na Gemer je z\u00e1\u017eitkom s\u00e1m o sebe. Krajina sa men\u00ed a pon\u00faka nieko\u013eko miest, kde sa oplat\u00ed zastavi\u0165.<\/p>\n<p>[gallery columns=\"1\" size=\"full\" ids=\"16227\"]<\/p>\n<p data-path-to-node=\"23\">Patr\u00edte s polovi\u010dkou k otu\u017eilcom? Potom vynechajte klasick\u00e9 wellness centr\u00e1 a zamierte k <em><strong>\u201etis\u00edcro\u010dnej kaplnke\u201c<\/strong><\/em> Sans-Souci k Ilia\u0161ovciam. <a href=\"https:\/\/www.kosiceregion.com\/sk\/poi\/sauna-v-lese-sans-souci\/\">Tu n\u00e1jdete <b data-path-to-node=\"23\" data-index-in-node=\"134\">Saunu v lese<\/b>.<\/a> Len vy dvaja, praskaj\u00face drevo v piecke a v\u00fdh\u013ead na zimn\u00fd les. Je to int\u00edmny a netradi\u010dn\u00fd z\u00e1\u017eitok, ktor\u00fd v\u00e1s zaru\u010dene zohreje.<\/p>\n<blockquote data-path-to-node=\"24\">\n<p data-path-to-node=\"24,0\"><i data-path-to-node=\"24,0\" data-index-in-node=\"0\">Tip: Sauna pon\u00faka aj dar\u010dekov\u00e9 pouk\u00e1\u017eky \u2013 skvel\u00fd tip na dar\u010dek.<\/i><\/p>\n<\/blockquote>\n<h3 data-path-to-node=\"25\">4. Jazda na ko\u0148och a v\u00fdh\u013eady v Krase<\/h3>\n<p data-path-to-node=\"26\">Pre akt\u00edvne p\u00e1ry odpor\u00fa\u010dame zast\u00e1vku v <b data-path-to-node=\"26\" data-index-in-node=\"39\">Jazdeckom are\u00e1li pod Okr\u00fahlou skalou<\/b>. Spolo\u010dn\u00e1 prech\u00e1dzka pr\u00edrodou v sedle ko\u0148a m\u00e1 v sebe nie\u010do magick\u00e9 a upokojuj\u00face. Ak preferujete pevn\u00fa zem pod nohami, zastavte sa pri novej <b data-path-to-node=\"26\" data-index-in-node=\"217\">Vyhliadkovej ve\u017ei Ardovo<\/b>. Je \u013eahko dostupn\u00e1 autom a pon\u00faka panoramatick\u00fd v\u00fdh\u013ead na Slovensk\u00fd kras \u2013 ide\u00e1lne miesto na valent\u00ednsku selfie pri z\u00e1pade slnka.<\/p>\n<h3 data-path-to-node=\"40\"><a href=\"https:\/\/www.facebook.com\/photo?fbid=1481339787324901&amp;set=a.511250677667155&amp;locale=sk_SK\">5. GRAN\u00c1RIUM (Jablonov nad Tur\u0148ou): Slow food z\u00e1\u017eitok<\/a><\/h3>\n<p data-path-to-node=\"41\">V srdci Gemera si v\u00e1\u017eia trad\u00edcie. <a href=\"https:\/\/www.kosiceregion.com\/sk\/poi\/granarium-v-jablonove-nad-turnou\/\">Re\u0161taur\u00e1cia Gran\u00e1rium<\/a> pripravuje jedl\u00e1 v pieckach formou <b data-path-to-node=\"41\" data-index-in-node=\"91\">Slow food<\/b>. Ich valent\u00ednska ponuka je d\u00f4kazom, \u017ee dobr\u00e9 veci potrebuj\u00fa \u010das.<\/p>\n<p>[gallery columns=\"1\" size=\"full\" ids=\"16233\"]<\/p>\n<p data-path-to-node=\"42,0,0\"><strong>Menu:\u00a0V d\u0148och 13., 14. a 15. febru\u00e1ra na z\u00e1klade rezerv\u00e1cie.<\/strong><\/p>\n<ul>\n<li data-start=\"266\" data-end=\"570\">Na \u00favod v\u00e1s zahreje v\u00fdber z dvoch polievok. Milovn\u00edci klasiky ocenia tradi\u010dn\u00fd slepa\u010d\u00ed v\u00fdvar s dom\u00e1cimi cestovinami a zeleninou, zatia\u013e \u010do pre odv\u00e1\u017enej\u0161ie chu\u0165ov\u00e9 poh\u00e1riky je pripraven\u00fd netradi\u010dn\u00fd v\u00fdvar z brav\u010dov\u00e9ho m\u00e4sa na sp\u00f4sob pho, doplnen\u00fd o ry\u017eov\u00e9 rezance, varen\u00e9 hov\u00e4dzie m\u00e4so a marinovan\u00e9 vaj\u00ed\u010dko.<\/li>\n<\/ul>\n<p>\u00a0<\/p>\n<ul>\n<li data-start=\"572\" data-end=\"840\">Ako hlavn\u00fd chod pon\u00faka Gran\u00e1rium dve l\u00e1kav\u00e9 varianty. Prvou je jemn\u00e1 hov\u00e4dzia rol\u00e1da pod\u00e1van\u00e1 s petr\u017elenov\u00fdm pyr\u00e9 a glaz\u00edrovanou kore\u0148ovou zeleninou. Druhou mo\u017enos\u0165ou s\u00fa kuracie prsia Supreme s hustou om\u00e1\u010dkou na sp\u00f4sob coq au vin, doplnen\u00e9 ru\u017eov\u00fdm zemiakov\u00fdm pyr\u00e9.<\/li>\n<\/ul>\n<p data-start=\"842\" data-end=\"945\">Sladkou bodkou na z\u00e1ver je ru\u017eov\u00fd cheesecake, ktor\u00fd dokonale pod\u010diarkne romantick\u00fa atmosf\u00e9ru Valent\u00edna.<\/p>\n<h3 data-path-to-node=\"43\"><a href=\"https:\/\/www.facebook.com\/photo\/?fbid=1398705312053543&amp;set=a.121516759772411&amp;locale=sk_SK\">Penzi\u00f3n pri Ka\u0161tieli (Betliar)<\/a><\/h3>\n<p data-path-to-node=\"44\">Len p\u00e1r krokov od sl\u00e1vneho ka\u0161tie\u013ea Betliar n\u00e1jdete romantiku ako zo \u0161\u013eachtick\u00fdch \u010dias.<\/p>\n<p>[gallery columns=\"1\" size=\"full\" ids=\"16232\"]<\/p>\n<ul>\n<li data-path-to-node=\"44\">Penzi\u00f3n pon\u00faka <b>valent\u00ednske <\/b>menu, ktor\u00e9 za\u010d\u00edna proseccom a <i data-path-to-node=\"44\" data-index-in-node=\"154\">terinkou z foie gras<\/i>.<\/li>\n<li>Ako hlavn\u00fd chod si m\u00f4\u017eete vychutna\u0165 <i data-path-to-node=\"44\" data-index-in-node=\"212\">ka\u010dacie prsia na pomaran\u010di<\/i> alebo <i data-path-to-node=\"44\" data-index-in-node=\"245\">steak z lososa s bat\u00e1tov\u00fdmi hranolkami<\/i>. Ide\u00e1lne miesto na ve\u010deru po prech\u00e1dzke v anglickom parku ka\u0161tie\u013ea.<\/li>\n<\/ul>\n<p data-path-to-node=\"47\">Valent\u00edn na Spi\u0161i a Gemeri nem\u00e1 jeden scen\u00e1r. M\u00f4\u017ee to by\u0165 luxusn\u00e1 ve\u010dera pri klav\u00edri \u010di dobrodru\u017estvo v saune uprostred lesa . Vyberte si to svoje a u\u017eite si vz\u00e1jomn\u00fa pr\u00edtomnos\u0165.<\/p>\n<!-- \/wp:tadv\/classic-paragraph -->","_sk_post_name":"ruze-su-cervene-fialky-modre-na-spisi-a-na-gemeri-vam-bude-na-valentina-naozaj-dobre","_sk_post_excerpt":"","_sk_post_title":"Ru\u017ee s\u00fa \u010derven\u00e9, fialky modr\u00e9, na Spi\u0161i a na Gemeri v\u00e1m bude na Valent\u00edna naozaj dobre","_en_post_content":"","_en_post_name":"","_en_post_excerpt":"","_en_post_title":"","_hu_post_content":"","_hu_post_name":"","_hu_post_excerpt":"","_hu_post_title":"","_es_post_content":"","_es_post_name":"","_es_post_excerpt":"","_es_post_title":"","_de_post_content":"","_de_post_name":"","_de_post_excerpt":"","_de_post_title":"","_pl_post_content":"","_pl_post_name":"","_pl_post_excerpt":"","_pl_post_title":"","_it_post_content":"","_it_post_name":"","_it_post_excerpt":"","_it_post_title":"","edit_language":"hu","footnotes":""},"categories":[22,1,21,17,13],"tags":[125,71,284,347,70,346,914,128],"class_list":["post-16226","post","type-post","status-publish","format-standard","has-post-thumbnail","hentry","category-get-inspired","category-uncategorized","category-theme","category-top","category-useful-info","tag-betliar","tag-gemer","tag-kosicky-svetovy-kraj","tag-romantika","tag-spis","tag-valentin","tag-vecera","tag-vylet"],"acf":[],"yoast_head":"<!-- This site is optimized with the Yoast SEO Premium plugin v25.5 (Yoast SEO v27.4) - https:\/\/yoast.com\/product\/yoast-seo-premium-wordpress\/ -->\n<title>Ko\u0161ice Regi\u00f3n<\/title>\n<meta name=\"description\" content=\"Ke\u010f sa bl\u00ed\u017ei sviatok zamilovan\u00fdch, mnoh\u00e9 p\u00e1ry h\u013eadaj\u00fa \u00fanik z preplnen\u00fdch miest. H\u013eadaj\u00fa priestor, kde sa romantika nestret\u00e1va s davom, ale s tichom krajiny, hist\u00f3riou a autentickou atmosf\u00e9rou. Regi\u00f3ny Spi\u0161 a Gemer pon\u00fakaj\u00fa\u2026\" \/>\n<meta name=\"robots\" content=\"index, follow, max-snippet:-1, max-image-preview:large, max-video-preview:-1\" \/>\n<link rel=\"canonical\" href=\"https:\/\/www.kosiceregion.com\/sk\/ruze-su-cervene-fialky-modre-na-spisi-a-na-gemeri-vam-bude-na-valentina-naozaj-dobre\/\" \/>\n<meta property=\"og:locale\" content=\"hu_HU\" \/>\n<meta property=\"og:type\" content=\"article\" \/>\n<meta property=\"og:title\" content=\"Ru\u017ee s\u00fa \u010derven\u00e9, fialky modr\u00e9, na Spi\u0161i a na Gemeri v\u00e1m bude na Valent\u00edna naozaj dobre\" \/>\n<meta property=\"og:description\" content=\"Vydajte sa s nami na cestu od Spi\u0161skej Novej Vsi cez z\u00e1kutia Slovensk\u00e9ho krasu a\u017e do srdca Gemera a u\u017eite si nezabudnute\u013en\u00fd Valent\u00edn.\" \/>\n<meta property=\"og:url\" content=\"https:\/\/www.kosiceregion.com\/hu\/wp-json\/wp\/v2\/posts\/16226\" \/>\n<meta property=\"og:site_name\" content=\"Ko\u0161ice Regi\u00f3n\" \/>\n<meta property=\"article:publisher\" content=\"https:\/\/www.facebook.com\/kosiceregion\" \/>\n<meta property=\"article:published_time\" content=\"2026-02-06T06:30:00+00:00\" \/>\n<meta property=\"article:modified_time\" content=\"2026-02-06T10:30:24+00:00\" \/>\n<meta property=\"og:image\" content=\"https:\/\/www.kosiceregion.com\/wp-content\/uploads\/2026\/02\/SUTAZ-18.jpg\" \/>\n\t<meta property=\"og:image:width\" content=\"1472\" \/>\n\t<meta property=\"og:image:height\" content=\"832\" \/>\n\t<meta property=\"og:image:type\" content=\"image\/jpeg\" \/>\n<meta name=\"author\" content=\"Tatiana \u010cerven\u00e1\" \/>\n<meta name=\"twitter:card\" content=\"summary_large_image\" \/>\n<meta name=\"twitter:creator\" content=\"@KOSICEREGION\" \/>\n<meta name=\"twitter:site\" content=\"@KOSICEREGION\" \/>\n<meta name=\"twitter:label1\" content=\"Szerz\u0151:\" \/>\n\t<meta name=\"twitter:data1\" content=\"Tatiana \u010cerven\u00e1\" \/>\n\t<meta name=\"twitter:label2\" content=\"Becs\u00fclt olvas\u00e1si id\u0151\" \/>\n\t<meta name=\"twitter:data2\" content=\"4 perc\" \/>\n<script type=\"application\/ld+json\" class=\"yoast-schema-graph\">{\"@context\":\"https:\\\/\\\/schema.org\",\"@graph\":[{\"@type\":\"Article\",\"@id\":\"https:\\\/\\\/www.kosiceregion.com\\\/sk\\\/ruze-su-cervene-fialky-modre-na-spisi-a-na-gemeri-vam-bude-na-valentina-naozaj-dobre\\\/#article\",\"isPartOf\":{\"@id\":\"https:\\\/\\\/www.kosiceregion.com\\\/sk\\\/ruze-su-cervene-fialky-modre-na-spisi-a-na-gemeri-vam-bude-na-valentina-naozaj-dobre\\\/\"},\"author\":{\"name\":\"Tatiana \u010cerven\u00e1\",\"@id\":\"https:\\\/\\\/www.kosiceregion.com\\\/#\\\/schema\\\/person\\\/6cd0b3706091bbb7fc11437086db9ccb\"},\"headline\":\"Ru\u017ee s\u00fa \u010derven\u00e9, fialky modr\u00e9, na Spi\u0161i a na Gemeri v\u00e1m bude na Valent\u00edna naozaj dobre\",\"datePublished\":\"2026-02-06T06:30:00+00:00\",\"dateModified\":\"2026-02-06T10:30:24+00:00\",\"mainEntityOfPage\":{\"@id\":\"https:\\\/\\\/www.kosiceregion.com\\\/sk\\\/ruze-su-cervene-fialky-modre-na-spisi-a-na-gemeri-vam-bude-na-valentina-naozaj-dobre\\\/\"},\"wordCount\":867,\"publisher\":{\"@id\":\"https:\\\/\\\/www.kosiceregion.com\\\/#organization\"},\"image\":{\"@id\":\"https:\\\/\\\/www.kosiceregion.com\\\/sk\\\/ruze-su-cervene-fialky-modre-na-spisi-a-na-gemeri-vam-bude-na-valentina-naozaj-dobre\\\/#primaryimage\"},\"thumbnailUrl\":\"https:\\\/\\\/www.kosiceregion.com\\\/wp-content\\\/uploads\\\/2026\\\/02\\\/SUTAZ-18.jpg\",\"keywords\":[\"Betliar\",\"Gemer\",\"ko\u0161ick\u00fd svetov\u00fd kraj\",\"romantika\",\"Spi\u0161\",\"Valent\u00edn\",\"ve\u010dera\",\"v\u00fdlet\"],\"articleSection\":[\"In\u0161piruj sa\",\"Uncategorized\",\"T\u00e9my\",\"Top\",\"Hasznos inform\u00e1ci\u00f3k\"],\"inLanguage\":\"hu\"},{\"@type\":\"WebPage\",\"@id\":\"https:\\\/\\\/www.kosiceregion.com\\\/sk\\\/ruze-su-cervene-fialky-modre-na-spisi-a-na-gemeri-vam-bude-na-valentina-naozaj-dobre\\\/\",\"url\":\"https:\\\/\\\/www.kosiceregion.com\\\/sk\\\/ruze-su-cervene-fialky-modre-na-spisi-a-na-gemeri-vam-bude-na-valentina-naozaj-dobre\\\/\",\"name\":\"na Spi\u0161i a na Gemeri v\u00e1m bude na Valent\u00edna naozaj dobre\",\"isPartOf\":{\"@id\":\"https:\\\/\\\/www.kosiceregion.com\\\/#website\"},\"primaryImageOfPage\":{\"@id\":\"https:\\\/\\\/www.kosiceregion.com\\\/sk\\\/ruze-su-cervene-fialky-modre-na-spisi-a-na-gemeri-vam-bude-na-valentina-naozaj-dobre\\\/#primaryimage\"},\"image\":{\"@id\":\"https:\\\/\\\/www.kosiceregion.com\\\/sk\\\/ruze-su-cervene-fialky-modre-na-spisi-a-na-gemeri-vam-bude-na-valentina-naozaj-dobre\\\/#primaryimage\"},\"thumbnailUrl\":\"https:\\\/\\\/www.kosiceregion.com\\\/wp-content\\\/uploads\\\/2026\\\/02\\\/SUTAZ-18.jpg\",\"datePublished\":\"2026-02-06T06:30:00+00:00\",\"dateModified\":\"2026-02-06T10:30:24+00:00\",\"description\":\"Vydajte sa s nami na cestu od Spi\u0161skej Novej Vsi cez z\u00e1kutia Slovensk\u00e9ho krasu a\u017e do srdca Gemera a u\u017eite si nezabudnute\u013en\u00fd Valent\u00edn.\",\"breadcrumb\":{\"@id\":\"https:\\\/\\\/www.kosiceregion.com\\\/sk\\\/ruze-su-cervene-fialky-modre-na-spisi-a-na-gemeri-vam-bude-na-valentina-naozaj-dobre\\\/#breadcrumb\"},\"inLanguage\":\"hu\",\"potentialAction\":[{\"@type\":\"ReadAction\",\"target\":[\"https:\\\/\\\/www.kosiceregion.com\\\/sk\\\/ruze-su-cervene-fialky-modre-na-spisi-a-na-gemeri-vam-bude-na-valentina-naozaj-dobre\\\/\"]}]},{\"@type\":\"ImageObject\",\"inLanguage\":\"hu\",\"@id\":\"https:\\\/\\\/www.kosiceregion.com\\\/sk\\\/ruze-su-cervene-fialky-modre-na-spisi-a-na-gemeri-vam-bude-na-valentina-naozaj-dobre\\\/#primaryimage\",\"url\":\"https:\\\/\\\/www.kosiceregion.com\\\/wp-content\\\/uploads\\\/2026\\\/02\\\/SUTAZ-18.jpg\",\"contentUrl\":\"https:\\\/\\\/www.kosiceregion.com\\\/wp-content\\\/uploads\\\/2026\\\/02\\\/SUTAZ-18.jpg\",\"width\":1472,\"height\":832,\"caption\":\"Valent\u00edn na Spi\u0161i a na Gemeri\"},{\"@type\":\"BreadcrumbList\",\"@id\":\"https:\\\/\\\/www.kosiceregion.com\\\/sk\\\/ruze-su-cervene-fialky-modre-na-spisi-a-na-gemeri-vam-bude-na-valentina-naozaj-dobre\\\/#breadcrumb\",\"itemListElement\":[{\"@type\":\"ListItem\",\"position\":1,\"name\":\"Home\",\"item\":\"https:\\\/\\\/www.kosiceregion.com\\\/sk\\\/\"},{\"@type\":\"ListItem\",\"position\":2,\"name\":\"Ru\u017ee s\u00fa \u010derven\u00e9, fialky modr\u00e9, na Spi\u0161i a na Gemeri v\u00e1m bude na Valent\u00edna naozaj dobre\"}]},{\"@type\":\"WebSite\",\"@id\":\"https:\\\/\\\/www.kosiceregion.com\\\/#website\",\"url\":\"https:\\\/\\\/www.kosiceregion.com\\\/\",\"name\":\"Ko\u0161ice Regi\u00f3n\",\"description\":\"Turistick\u00fd sprievodca Ko\u0161ick\u00fdm krajom\",\"publisher\":{\"@id\":\"https:\\\/\\\/www.kosiceregion.com\\\/#organization\"},\"potentialAction\":[{\"@type\":\"SearchAction\",\"target\":{\"@type\":\"EntryPoint\",\"urlTemplate\":\"https:\\\/\\\/www.kosiceregion.com\\\/?s={search_term_string}\"},\"query-input\":{\"@type\":\"PropertyValueSpecification\",\"valueRequired\":true,\"valueName\":\"search_term_string\"}}],\"inLanguage\":\"hu\"},{\"@type\":\"Organization\",\"@id\":\"https:\\\/\\\/www.kosiceregion.com\\\/#organization\",\"name\":\"Ko\u0161ice Regi\u00f3n Turizmus\",\"url\":\"https:\\\/\\\/www.kosiceregion.com\\\/\",\"logo\":{\"@type\":\"ImageObject\",\"inLanguage\":\"hu\",\"@id\":\"https:\\\/\\\/www.kosiceregion.com\\\/#\\\/schema\\\/logo\\\/image\\\/\",\"url\":\"https:\\\/\\\/www.kosiceregion.com\\\/wp-content\\\/uploads\\\/2019\\\/03\\\/logo-web-sk.png\",\"contentUrl\":\"https:\\\/\\\/www.kosiceregion.com\\\/wp-content\\\/uploads\\\/2019\\\/03\\\/logo-web-sk.png\",\"width\":225,\"height\":100,\"caption\":\"Ko\u0161ice Regi\u00f3n Turizmus\"},\"image\":{\"@id\":\"https:\\\/\\\/www.kosiceregion.com\\\/#\\\/schema\\\/logo\\\/image\\\/\"},\"sameAs\":[\"https:\\\/\\\/www.facebook.com\\\/kosiceregion\",\"https:\\\/\\\/x.com\\\/KOSICEREGION\",\"https:\\\/\\\/www.instagram.com\\\/kosiceregion\",\"https:\\\/\\\/www.youtube.com\\\/kosiceregion\"]},{\"@type\":\"Person\",\"@id\":\"https:\\\/\\\/www.kosiceregion.com\\\/#\\\/schema\\\/person\\\/6cd0b3706091bbb7fc11437086db9ccb\",\"name\":\"Tatiana \u010cerven\u00e1\",\"image\":{\"@type\":\"ImageObject\",\"inLanguage\":\"hu\",\"@id\":\"https:\\\/\\\/secure.gravatar.com\\\/avatar\\\/050b709342af43d17b1f982522b7ac660b814df8c4c872be4a6ccf432c3f6ccc?s=96&d=mm&r=g\",\"url\":\"https:\\\/\\\/secure.gravatar.com\\\/avatar\\\/050b709342af43d17b1f982522b7ac660b814df8c4c872be4a6ccf432c3f6ccc?s=96&d=mm&r=g\",\"contentUrl\":\"https:\\\/\\\/secure.gravatar.com\\\/avatar\\\/050b709342af43d17b1f982522b7ac660b814df8c4c872be4a6ccf432c3f6ccc?s=96&d=mm&r=g\",\"caption\":\"Tatiana \u010cerven\u00e1\"}}]}<\/script>\n<!-- \/ Yoast SEO Premium plugin. -->","yoast_head_json":{"title":"Ko\u0161ice Regi\u00f3n","description":"Ke\u010f sa bl\u00ed\u017ei sviatok zamilovan\u00fdch, mnoh\u00e9 p\u00e1ry h\u013eadaj\u00fa \u00fanik z preplnen\u00fdch miest. H\u013eadaj\u00fa priestor, kde sa romantika nestret\u00e1va s davom, ale s tichom krajiny, hist\u00f3riou a autentickou atmosf\u00e9rou. Regi\u00f3ny Spi\u0161 a Gemer pon\u00fakaj\u00fa\u2026","robots":{"index":"index","follow":"follow","max-snippet":"max-snippet:-1","max-image-preview":"max-image-preview:large","max-video-preview":"max-video-preview:-1"},"canonical":"https:\/\/www.kosiceregion.com\/sk\/ruze-su-cervene-fialky-modre-na-spisi-a-na-gemeri-vam-bude-na-valentina-naozaj-dobre\/","og_locale":"hu_HU","og_type":"article","og_title":"Ru\u017ee s\u00fa \u010derven\u00e9, fialky modr\u00e9, na Spi\u0161i a na Gemeri v\u00e1m bude na Valent\u00edna naozaj dobre","og_description":"Vydajte sa s nami na cestu od Spi\u0161skej Novej Vsi cez z\u00e1kutia Slovensk\u00e9ho krasu a\u017e do srdca Gemera a u\u017eite si nezabudnute\u013en\u00fd Valent\u00edn.","og_url":"https:\/\/www.kosiceregion.com\/hu\/wp-json\/wp\/v2\/posts\/16226","og_site_name":"Ko\u0161ice Regi\u00f3n","article_publisher":"https:\/\/www.facebook.com\/kosiceregion","article_published_time":"2026-02-06T06:30:00+00:00","article_modified_time":"2026-02-06T10:30:24+00:00","og_image":[{"width":1472,"height":832,"url":"https:\/\/www.kosiceregion.com\/wp-content\/uploads\/2026\/02\/SUTAZ-18.jpg","type":"image\/jpeg"}],"author":"Tatiana \u010cerven\u00e1","twitter_card":"summary_large_image","twitter_creator":"@KOSICEREGION","twitter_site":"@KOSICEREGION","twitter_misc":{"Szerz\u0151:":"Tatiana \u010cerven\u00e1","Becs\u00fclt olvas\u00e1si id\u0151":"4 perc"},"schema":{"@context":"https:\/\/schema.org","@graph":[{"@type":"Article","@id":"https:\/\/www.kosiceregion.com\/sk\/ruze-su-cervene-fialky-modre-na-spisi-a-na-gemeri-vam-bude-na-valentina-naozaj-dobre\/#article","isPartOf":{"@id":"https:\/\/www.kosiceregion.com\/sk\/ruze-su-cervene-fialky-modre-na-spisi-a-na-gemeri-vam-bude-na-valentina-naozaj-dobre\/"},"author":{"name":"Tatiana \u010cerven\u00e1","@id":"https:\/\/www.kosiceregion.com\/#\/schema\/person\/6cd0b3706091bbb7fc11437086db9ccb"},"headline":"Ru\u017ee s\u00fa \u010derven\u00e9, fialky modr\u00e9, na Spi\u0161i a na Gemeri v\u00e1m bude na Valent\u00edna naozaj dobre","datePublished":"2026-02-06T06:30:00+00:00","dateModified":"2026-02-06T10:30:24+00:00","mainEntityOfPage":{"@id":"https:\/\/www.kosiceregion.com\/sk\/ruze-su-cervene-fialky-modre-na-spisi-a-na-gemeri-vam-bude-na-valentina-naozaj-dobre\/"},"wordCount":867,"publisher":{"@id":"https:\/\/www.kosiceregion.com\/#organization"},"image":{"@id":"https:\/\/www.kosiceregion.com\/sk\/ruze-su-cervene-fialky-modre-na-spisi-a-na-gemeri-vam-bude-na-valentina-naozaj-dobre\/#primaryimage"},"thumbnailUrl":"https:\/\/www.kosiceregion.com\/wp-content\/uploads\/2026\/02\/SUTAZ-18.jpg","keywords":["Betliar","Gemer","ko\u0161ick\u00fd svetov\u00fd kraj","romantika","Spi\u0161","Valent\u00edn","ve\u010dera","v\u00fdlet"],"articleSection":["In\u0161piruj sa","Uncategorized","T\u00e9my","Top","Hasznos inform\u00e1ci\u00f3k"],"inLanguage":"hu"},{"@type":"WebPage","@id":"https:\/\/www.kosiceregion.com\/sk\/ruze-su-cervene-fialky-modre-na-spisi-a-na-gemeri-vam-bude-na-valentina-naozaj-dobre\/","url":"https:\/\/www.kosiceregion.com\/sk\/ruze-su-cervene-fialky-modre-na-spisi-a-na-gemeri-vam-bude-na-valentina-naozaj-dobre\/","name":"na Spi\u0161i a na Gemeri v\u00e1m bude na Valent\u00edna naozaj dobre","isPartOf":{"@id":"https:\/\/www.kosiceregion.com\/#website"},"primaryImageOfPage":{"@id":"https:\/\/www.kosiceregion.com\/sk\/ruze-su-cervene-fialky-modre-na-spisi-a-na-gemeri-vam-bude-na-valentina-naozaj-dobre\/#primaryimage"},"image":{"@id":"https:\/\/www.kosiceregion.com\/sk\/ruze-su-cervene-fialky-modre-na-spisi-a-na-gemeri-vam-bude-na-valentina-naozaj-dobre\/#primaryimage"},"thumbnailUrl":"https:\/\/www.kosiceregion.com\/wp-content\/uploads\/2026\/02\/SUTAZ-18.jpg","datePublished":"2026-02-06T06:30:00+00:00","dateModified":"2026-02-06T10:30:24+00:00","description":"Vydajte sa s nami na cestu od Spi\u0161skej Novej Vsi cez z\u00e1kutia Slovensk\u00e9ho krasu a\u017e do srdca Gemera a u\u017eite si nezabudnute\u013en\u00fd Valent\u00edn.","breadcrumb":{"@id":"https:\/\/www.kosiceregion.com\/sk\/ruze-su-cervene-fialky-modre-na-spisi-a-na-gemeri-vam-bude-na-valentina-naozaj-dobre\/#breadcrumb"},"inLanguage":"hu","potentialAction":[{"@type":"ReadAction","target":["https:\/\/www.kosiceregion.com\/sk\/ruze-su-cervene-fialky-modre-na-spisi-a-na-gemeri-vam-bude-na-valentina-naozaj-dobre\/"]}]},{"@type":"ImageObject","inLanguage":"hu","@id":"https:\/\/www.kosiceregion.com\/sk\/ruze-su-cervene-fialky-modre-na-spisi-a-na-gemeri-vam-bude-na-valentina-naozaj-dobre\/#primaryimage","url":"https:\/\/www.kosiceregion.com\/wp-content\/uploads\/2026\/02\/SUTAZ-18.jpg","contentUrl":"https:\/\/www.kosiceregion.com\/wp-content\/uploads\/2026\/02\/SUTAZ-18.jpg","width":1472,"height":832,"caption":"Valent\u00edn na Spi\u0161i a na Gemeri"},{"@type":"BreadcrumbList","@id":"https:\/\/www.kosiceregion.com\/sk\/ruze-su-cervene-fialky-modre-na-spisi-a-na-gemeri-vam-bude-na-valentina-naozaj-dobre\/#breadcrumb","itemListElement":[{"@type":"ListItem","position":1,"name":"Home","item":"https:\/\/www.kosiceregion.com\/sk\/"},{"@type":"ListItem","position":2,"name":"Ru\u017ee s\u00fa \u010derven\u00e9, fialky modr\u00e9, na Spi\u0161i a na Gemeri v\u00e1m bude na Valent\u00edna naozaj dobre"}]},{"@type":"WebSite","@id":"https:\/\/www.kosiceregion.com\/#website","url":"https:\/\/www.kosiceregion.com\/","name":"Ko\u0161ice Regi\u00f3n","description":"Turistick\u00fd sprievodca Ko\u0161ick\u00fdm krajom","publisher":{"@id":"https:\/\/www.kosiceregion.com\/#organization"},"potentialAction":[{"@type":"SearchAction","target":{"@type":"EntryPoint","urlTemplate":"https:\/\/www.kosiceregion.com\/?s={search_term_string}"},"query-input":{"@type":"PropertyValueSpecification","valueRequired":true,"valueName":"search_term_string"}}],"inLanguage":"hu"},{"@type":"Organization","@id":"https:\/\/www.kosiceregion.com\/#organization","name":"Ko\u0161ice Regi\u00f3n Turizmus","url":"https:\/\/www.kosiceregion.com\/","logo":{"@type":"ImageObject","inLanguage":"hu","@id":"https:\/\/www.kosiceregion.com\/#\/schema\/logo\/image\/","url":"https:\/\/www.kosiceregion.com\/wp-content\/uploads\/2019\/03\/logo-web-sk.png","contentUrl":"https:\/\/www.kosiceregion.com\/wp-content\/uploads\/2019\/03\/logo-web-sk.png","width":225,"height":100,"caption":"Ko\u0161ice Regi\u00f3n Turizmus"},"image":{"@id":"https:\/\/www.kosiceregion.com\/#\/schema\/logo\/image\/"},"sameAs":["https:\/\/www.facebook.com\/kosiceregion","https:\/\/x.com\/KOSICEREGION","https:\/\/www.instagram.com\/kosiceregion","https:\/\/www.youtube.com\/kosiceregion"]},{"@type":"Person","@id":"https:\/\/www.kosiceregion.com\/#\/schema\/person\/6cd0b3706091bbb7fc11437086db9ccb","name":"Tatiana \u010cerven\u00e1","image":{"@type":"ImageObject","inLanguage":"hu","@id":"https:\/\/secure.gravatar.com\/avatar\/050b709342af43d17b1f982522b7ac660b814df8c4c872be4a6ccf432c3f6ccc?s=96&d=mm&r=g","url":"https:\/\/secure.gravatar.com\/avatar\/050b709342af43d17b1f982522b7ac660b814df8c4c872be4a6ccf432c3f6ccc?s=96&d=mm&r=g","contentUrl":"https:\/\/secure.gravatar.com\/avatar\/050b709342af43d17b1f982522b7ac660b814df8c4c872be4a6ccf432c3f6ccc?s=96&d=mm&r=g","caption":"Tatiana \u010cerven\u00e1"}}]}},"_links":{"self":[{"href":"https:\/\/www.kosiceregion.com\/hu\/wp-json\/wp\/v2\/posts\/16226","targetHints":{"allow":["GET"]}}],"collection":[{"href":"https:\/\/www.kosiceregion.com\/hu\/wp-json\/wp\/v2\/posts"}],"about":[{"href":"https:\/\/www.kosiceregion.com\/hu\/wp-json\/wp\/v2\/types\/post"}],"author":[{"embeddable":true,"href":"https:\/\/www.kosiceregion.com\/hu\/wp-json\/wp\/v2\/users\/17"}],"replies":[{"embeddable":true,"href":"https:\/\/www.kosiceregion.com\/hu\/wp-json\/wp\/v2\/comments?post=16226"}],"version-history":[{"count":4,"href":"https:\/\/www.kosiceregion.com\/hu\/wp-json\/wp\/v2\/posts\/16226\/revisions"}],"predecessor-version":[{"id":16237,"href":"https:\/\/www.kosiceregion.com\/hu\/wp-json\/wp\/v2\/posts\/16226\/revisions\/16237"}],"wp:featuredmedia":[{"embeddable":true,"href":"https:\/\/www.kosiceregion.com\/hu\/wp-json\/wp\/v2\/media\/16234"}],"wp:attachment":[{"href":"https:\/\/www.kosiceregion.com\/hu\/wp-json\/wp\/v2\/media?parent=16226"}],"wp:term":[{"taxonomy":"category","embeddable":true,"href":"https:\/\/www.kosiceregion.com\/hu\/wp-json\/wp\/v2\/categories?post=16226"},{"taxonomy":"post_tag","embeddable":true,"href":"https:\/\/www.kosiceregion.com\/hu\/wp-json\/wp\/v2\/tags?post=16226"}],"curies":[{"name":"wp","href":"https:\/\/api.w.org\/{rel}","templated":true}]}}