{"id":16358,"date":"2026-03-19T10:56:39","date_gmt":"2026-03-19T09:56:39","guid":{"rendered":"https:\/\/www.kosiceregion.com\/sk\/?p=16358"},"modified":"2026-03-22T21:19:55","modified_gmt":"2026-03-22T20:19:55","slug":"","status":"publish","type":"post","link":"https:\/\/www.kosiceregion.com\/hu\/sprievodca-tymi-najlepsimi-ranajkarnami-v-kosickom-kraji\/","title":{"rendered":"","raw":""},"content":{"rendered":"","protected":false,"raw":""},"excerpt":{"rendered":"","protected":false,"raw":""},"author":17,"featured_media":16366,"comment_status":"closed","ping_status":"closed","sticky":false,"template":"","format":"standard","meta":{"_acf_changed":false,"_sk_post_content":"<!-- wp:tadv\/classic-paragraph -->\n<p><strong>Kone\u010dne je to tu! Jar klope na dvere, slnko za\u010d\u00edna pr\u00edjemne hria\u0165 a prv\u00e9 tepl\u00e9 dni si doslova p\u00fdtaj\u00fa zmenu rutiny. Zabudnite na r\u00fdchlu k\u00e1vu do ruky a stresuj\u00face r\u00e1na pri kuchynskej linke. <\/strong><\/p>\n<!-- \/wp:tadv\/classic-paragraph -->\n\n<!-- wp:tadv\/classic-paragraph -->\n<p>Je \u010das vyrazi\u0165 do mesta, sadn\u00fa\u0165 si na zaliatu terasu a na\u0161tartova\u0165 de\u0148 nie\u010d\u00edm naozaj v\u00fdnimo\u010dn\u00fdm. Pripravili sme pre v\u00e1s v\u00fdber miest v <a href=\"https:\/\/www.kosiceregion.com\/sk\/\">Ko\u0161ickom kraji<\/a> a okol\u00ed, kde ra\u0148ajky a brunch nie s\u00fa len nutnos\u0165ou, ale skuto\u010dn\u00fdm z\u00e1\u017eitkom.<\/p>\n<h4><strong>Vo Fri\u0161tiku varia s l\u00e1skou<\/strong><\/h4>\n<p>Ak sa t\u00falate centrom Ko\u0161\u00edc a h\u013ead\u00e1te spojenie r\u00fdchleho, no kvalitn\u00e9ho jedla a v\u00fdnimo\u010dnej k\u00e1vy, va\u0161e kroky by mali vies\u0165 rovno na Zvon\u00e1rsku ulicu. Pr\u00e1ve tu, v ob\u013e\u00fabenej K\u00e1vovej uli\u010dke,<a href=\"https:\/\/www.instagram.com\/fristik.ke\"> s\u00eddli kaviare\u0148 <strong>Fri\u0161tik<\/strong><\/a>. Man\u017eelia Michaela a J\u00e1n Stankovi\u010dovci sem priniesli cenn\u00e9 sk\u00fasenosti zo zahrani\u010dia a vytvorili priestor, ktor\u00fd si pr\u00e1vom dr\u017e\u00ed perfektn\u00e9 hodnotenie p\u00e4\u0165 z\u00a0piatich hviezdi\u010diek. Odpor\u00fa\u010dame ochutna\u0165 ich dom\u00e1ce chleb\u00ed\u010dky, \u010derstv\u00e9 sendvi\u010de a zapi\u0165 to napr\u00edklad espressom zo z\u0155n od Diamond\u2019s Roastery.<\/p>\n<!-- \/wp:tadv\/classic-paragraph -->\n\n<!-- wp:tadv\/classic-paragraph -->\n<p>[gallery columns=\"1\" size=\"full\" ids=\"16359\"]<\/p>\n<!-- \/wp:tadv\/classic-paragraph -->\n\n<!-- wp:tadv\/classic-paragraph -->\n<h4><strong>Z\u00e1\u017eitok pre v\u0161etky zmysli v Emoti vo Villa Sandy<\/strong><\/h4>\n<p>Pre t\u00fdch, ktor\u00ed miluj\u00fa pomal\u00e9 v\u00edkendov\u00e9 r\u00e1na a nikam sa nepon\u00e1h\u013eaj\u00fa, <a href=\"https:\/\/www.villasandyresort.com\/sk\/emoti-sharefood-tavern-otvorena\/?gad_source=1&amp;gad_campaignid=20927898470&amp;gbraid=0AAAAAppEnq-REdipGSCP3_GnQEiOs99Or&amp;gclid=Cj0KCQjwve7NBhC-ARIsALZy9HVC3I_RLNGuIGxHA_MXhgGQvdJkxjMxJG8Gol4n3LI0uqe5tn3zJJgaArf5EALw_wcB\">je tu <strong>Emoti vo Villa Sandy<\/strong><\/a>. Ich koncept <strong>\"Half-day breakfast\"<\/strong> je ako u\u0161it\u00fd na mieru pre posedenia s priate\u013emi alebo ako odmena po dobrom tr\u00e9ningu. Zabudnite na to, \u017ee ka\u017ed\u00fd pozer\u00e1 len do svojho taniera \u2013 tu v\u00e1m prines\u00fa hrav\u00e9 a pestr\u00e9 ra\u0148ajkov\u00e9 zostavy priamo doprostred stola, aby ste ich mohli zdie\u013ea\u0165 s ostatn\u00fdmi a ochutna\u0165 zo v\u0161etk\u00e9ho.<\/p>\n<!-- \/wp:tadv\/classic-paragraph -->\n\n<!-- wp:tadv\/classic-paragraph -->\n<p>[gallery columns=\"1\" size=\"full\" ids=\"16360\"]<\/p>\n<!-- \/wp:tadv\/classic-paragraph -->\n\n<!-- wp:tadv\/classic-paragraph -->\n<h4><strong>Ra\u0148ajkov\u00e1 terapia s alpakami<\/strong><\/h4>\n<p>Ak h\u013ead\u00e1te nie\u010do, \u010do v\u00e1s nabije pozit\u00edvnou energiou na cel\u00fd t\u00fd\u017ede\u0148, vyrazte do mestskej <a href=\"https:\/\/alpacafe.sk\/sk\/ranajky-s-alpakami\/\">\u010dasti Barca do <strong>AlpaCaf\u00e9<\/strong>.<\/a> R\u00e1no tu za\u010dnete t\u00fdm, \u017ee si pre\u010dist\u00edte hlavu pri kr\u00e1tkej prech\u00e1dzke spojenej s hladkan\u00edm alp\u00e1k, ktor\u00e9 m\u00f4\u017eete po rezerv\u00e1cii dokonca \u201even\u010di\u0165\u201c. A\u017e ke\u010f na\u0161tartujete metabolizmus, usadia v\u00e1s k \u0161peci\u00e1lnemu ra\u0148ajkov\u00e9mu menu, v ktorom nech\u00fdba \u010derstv\u00e9 ovocie, zelenina a pe\u010divo. Vychutn\u00e1va\u0165 si rann\u00fd n\u00e1poj s v\u00fdh\u013eadom na tieto priate\u013esk\u00e9 zvierat\u00e1 je jednoducho balzam na du\u0161u a garantujeme v\u00e1m, \u017ee nebudete chcie\u0165 od\u00eds\u0165.<\/p>\n<!-- \/wp:tadv\/classic-paragraph -->\n\n<!-- wp:tadv\/classic-paragraph -->\n<p>[gallery columns=\"1\" size=\"full\" ids=\"16361\"]<\/p>\n<!-- \/wp:tadv\/classic-paragraph -->\n\n<!-- wp:tadv\/classic-paragraph -->\n<h4><strong>Drevoruba\u010dsk\u00e9 porcie a\u00a0pohladenie pre du\u0161u v Spi\u0161skej<\/strong><\/h4>\n<p>Spi\u0161sk\u00e1 Nov\u00e1 Ves d\u00fdcha skvelou, priam metropolitnou gastrosc\u00e9nou. Pre rann\u00e9 vt\u00e1\u010dat\u00e1 <a href=\"https:\/\/dufobistro.sk\/ranajky?utm_source=ig&amp;utm_medium=social&amp;utm_content=link_in_bio&amp;fbclid=PAZXh0bgNhZW0CMTEAc3J0YwZhcHBfaWQMMjU2MjgxMDQwNTU4AAGnFhs_5VZ5W8uhlRD5_2X-63880k_HLDgOXy4mixLblZgv9FicQRoxX7s5vQE_aem_-DMs9BRojuxvscksLErU5w\">je tu <strong>Dufo bistro<\/strong><\/a>, ktor\u00e9 otv\u00e1ra svoje br\u00e1ny skoro r\u00e1no, aby zachr\u00e1nilo v\u0161etk\u00fdch, \u010do si doma nest\u00edhaj\u00fa ni\u010d pripravi\u0165. Svojou ponukou uspokoja \u00faplne ka\u017ed\u00e9ho \u2013 od mana\u017e\u00e9rov, cez milovn\u00edkov zdrav\u00e9ho \u017eivotn\u00e9ho \u0161t\u00fdlu, a\u017e po <em><strong>\"hladn\u00fdch drevoruba\u010dov\"<\/strong><\/em>.<\/p>\n<p>Ak chcete telu dopria\u0165 nie\u010do stopercentne \u010dist\u00e9, vysk\u00fa\u0161ajte ich bezlakt\u00f3zov\u00fa ka\u0161u s\u00a0\u010derstv\u00fdm ovoc\u00edm. Naopak, ak potrebujete pohladi\u0165 zmysly, lievance s karamelov\u00fdm jablkov\u00fdm pyr\u00e9 a orie\u0161kovou pos\u00fdpkou s\u00fa jasn\u00e1 vo\u013eba. No a\u00a0pre poriadnych hlado\u0161ov s\u00fa v\u00a0menu Ra\u0148ajky pre hladn\u00fdch drevoruba\u010dov, ktor\u00e9 s\u00fa zlo\u017een\u00e9 z\u00a0dom\u00e1cej pra\u017eenice z\u00a0troch vajec a\u00a0z\u00a0poctiv\u00fdch spi\u0161sk\u00fdch p\u00e1rkov.<\/p>\n<!-- \/wp:tadv\/classic-paragraph -->\n\n<!-- wp:tadv\/classic-paragraph -->\n<p>[gallery columns=\"1\" size=\"full\" ids=\"16362\"]<\/p>\n<!-- \/wp:tadv\/classic-paragraph -->\n\n<!-- wp:tadv\/classic-paragraph -->\n<h4><strong>L\u00e1ska v\u00a0ka\u017edom s\u00faste v AMCbreakky <\/strong><\/h4>\n<p>Za zmienku ur\u010dite stoj\u00ed aj <a href=\"https:\/\/www.instagram.com\/amcbreakky\/\">miestna srdcovka <strong>AMCbreakky<\/strong><\/a>. Tento autentick\u00fd street st\u00e1nok, ktor\u00fd pon\u00faka poctiv\u00e9 dom\u00e1ce ra\u0148ajky v\u00a0podobe ka\u0161\u00ed, oblo\u017een\u00fdch chleb\u00edkov, <em>French Toast<\/em>ov a\u00a0v\u00fdberovej k\u00e1vy. Hoci vraj majitelia p\u00f4vodne sn\u00edvali o otvoren\u00ed kaviarne s kni\u017enicou v Kanade, svoj sen si nakoniec splnili doma na Spi\u0161i. Ich uk\u00e1\u017ekov\u00e1 starostlivos\u0165 o z\u00e1kazn\u00edka a l\u00e1ska k remeslu je c\u00edti\u0165 z ka\u017edej jednej \u0161\u00e1lky a\u00a0z\u00a0ka\u017ed\u00e9ho s\u00fasta.<\/p>\n<!-- \/wp:tadv\/classic-paragraph -->\n\n<!-- wp:tadv\/classic-paragraph -->\n<p>[gallery columns=\"1\" size=\"full\" ids=\"16363\"]<\/p>\n<!-- \/wp:tadv\/classic-paragraph -->\n\n<!-- wp:tadv\/classic-paragraph -->\n<h4><strong>Gemersk\u00e1 pohoda v PARKAFE<\/strong><\/h4>\n<p>Presu\u0148me sa trochu ju\u017enej\u0161ie na Gemer. Ak h\u013ead\u00e1te absol\u00fatny \u00fanik od reality, v Ro\u017e\u0148ave v\u00e1s prich\u00fdli <a href=\"https:\/\/www.instagram.com\/parkaferv\/\"><strong>Kaviare\u0148 v parku - PARKAFE v Ro\u017e\u0148ave<\/strong><\/a>. Pohoda tu na v\u00e1s \u010dak\u00e1 doslova ka\u017ed\u00fd de\u0148. Posa\u010fte sa v\u00a0obklopen\u00ed zelene, objednajte si ovocn\u00fa limon\u00e1du, vynikaj\u00facu k\u00e1vu Bazzara a k tomu ra\u0148ajkov\u00e9 dobroty. \u0160pecifick\u00fdm podpisom podniku je pou\u017e\u00edvanie kvalitn\u00fdch surov\u00edn vr\u00e1tane A2 A2 mlieka od Madonan.<\/p>\n<!-- \/wp:tadv\/classic-paragraph -->\n\n<!-- wp:tadv\/classic-paragraph -->\n<p>[gallery columns=\"1\" size=\"full\" ids=\"16364\"]<\/p>\n<!-- \/wp:tadv\/classic-paragraph -->\n\n<!-- wp:tadv\/classic-paragraph -->\n<h4><strong>Priestor, v\u00a0ktorom strat\u00ed\u0161 pojem o \u010dase<\/strong><\/h4>\n<p>Rozhodne nesmieme vynecha\u0165 doln\u00fd Zempl\u00edn. V Michalovciach si srdcia dom\u00e1cich aj n\u00e1v\u0161tevn\u00edkov z\u00edskala <a href=\"https:\/\/www.instagram.com\/prie.story\/\">kaviare\u0148 <strong>Priestor<\/strong><\/a>. Trojica mlad\u00fdch podnikate\u013eov \u2013 Ondrej, Tom\u00e1\u0161 a Dagmara \u2013 tu v tichej uli\u010dke medzi hlavn\u00fdm n\u00e1mest\u00edm a mestsk\u00fdm parkom dokonale prepojili umenie s kaviarenskou kult\u00farou.<\/p>\n<!-- \/wp:tadv\/classic-paragraph -->\n\n<!-- wp:tadv\/classic-paragraph -->\n<p>[gallery columns=\"1\" size=\"full\" ids=\"16365\"]<\/p>\n<!-- \/wp:tadv\/classic-paragraph -->\n\n<!-- wp:tadv\/classic-paragraph -->\n<p>Ich absol\u00fatnou hviezdou a <strong>signat\u00farnym jedlom je ra\u0148ajkov\u00fd <em>Egg Drop Sandwich<\/em><\/strong>, v ktorom klasick\u00fa \u017eem\u013eu majstrovsky nahradili tradi\u010dn\u00fdm zempl\u00ednskym kol\u00e1\u010dom. Ak ste sk\u00f4r na sladk\u00e9, ich <strong><em>French Toast<\/em><\/strong> zaliaty javorov\u00fdm sirupom s \u010derstv\u00fdm ovoc\u00edm, ktor\u00fd je zvonku chrumkav\u00fd a zvn\u00fatra dokonale nad\u00fdchan\u00fd a jemn\u00fd, si v\u00e1s okam\u017eite z\u00edska. Toto je za n\u00e1s miesto, ktor\u00e9 rozhodne treba nav\u0161t\u00edvi\u0165.<\/p>\n<!-- \/wp:tadv\/classic-paragraph -->\n\n<!-- wp:tadv\/classic-paragraph -->\n<p><!--more--><\/p>\n<!-- \/wp:tadv\/classic-paragraph -->","_sk_post_name":"sprievodca-tymi-najlepsimi-ranajkarnami-v-kosickom-kraji","_sk_post_excerpt":"","_sk_post_title":"Jarn\u00e9 preb\u00fadzanie chut\u00ed: Ultim\u00e1tny sprievodca t\u00fdmi najlep\u0161\u00edmi ra\u0148ajk\u00e1r\u0148ami v\u00a0Ko\u0161ickom kraji","_en_post_content":"","_en_post_name":"","_en_post_excerpt":"","_en_post_title":"","_hu_post_content":"","_hu_post_name":"","_hu_post_excerpt":"","_hu_post_title":"","_es_post_content":"","_es_post_name":"","_es_post_excerpt":"","_es_post_title":"","_de_post_content":"","_de_post_name":"","_de_post_excerpt":"","_de_post_title":"","_pl_post_content":"","_pl_post_name":"","_pl_post_excerpt":"","_pl_post_title":"","_it_post_content":"","_it_post_name":"","_it_post_excerpt":"","_it_post_title":"","edit_language":"hu","footnotes":""},"categories":[22],"tags":[938,941,936,71,934,48,290,284,142,939,940,935,933,70,937,141],"class_list":["post-16358","post","type-post","status-publish","format-standard","has-post-thumbnail","hentry","category-get-inspired","tag-alpacafe","tag-amcbreakky","tag-fristik","tag-gemer","tag-kaviarne","tag-kosice","tag-kosicky-kraj","tag-kosicky-svetovy-kraj","tag-michalovce","tag-parkafe","tag-priestor","tag-ranajkarne","tag-ranajky","tag-spis","tag-villa-sandy","tag-zemplin"],"acf":[],"yoast_head":"<!-- This site is optimized with the Yoast SEO Premium plugin v25.5 (Yoast SEO v27.4) - https:\/\/yoast.com\/product\/yoast-seo-premium-wordpress\/ -->\n<title>Ko\u0161ice Regi\u00f3n<\/title>\n<meta name=\"description\" content=\"Kone\u010dne je to tu! Jar klope na dvere, slnko za\u010d\u00edna pr\u00edjemne hria\u0165 a prv\u00e9 tepl\u00e9 dni si doslova p\u00fdtaj\u00fa zmenu rutiny. Zabudnite na r\u00fdchlu k\u00e1vu do ruky a stresuj\u00face r\u00e1na pri kuchynskej linke. \n\n\n\nJe \u010das vyrazi\u0165 do mesta, sadn\u00fa\u0165 si na\u2026\" \/>\n<meta name=\"robots\" content=\"index, follow, max-snippet:-1, max-image-preview:large, max-video-preview:-1\" \/>\n<link rel=\"canonical\" href=\"https:\/\/www.kosiceregion.com\/sk\/sprievodca-tymi-najlepsimi-ranajkarnami-v-kosickom-kraji\/\" \/>\n<meta property=\"og:locale\" content=\"hu_HU\" \/>\n<meta property=\"og:type\" content=\"article\" \/>\n<meta property=\"og:title\" content=\"Jarn\u00e9 preb\u00fadzanie chut\u00ed: Ultim\u00e1tny sprievodca t\u00fdmi najlep\u0161\u00edmi ra\u0148ajk\u00e1r\u0148ami v\u00a0Ko\u0161ickom kraji\" \/>\n<meta property=\"og:description\" content=\"Jarn\u00e9 preb\u00fadzanie chut\u00ed: Ultim\u00e1tny sprievodca t\u00fdmi najlep\u0161\u00edmi ra\u0148ajk\u00e1r\u0148ami v\u00a0Ko\u0161ickom kraji. Skvel\u00e9 jedlo aj atmosf\u00e9ra\" \/>\n<meta property=\"og:url\" content=\"https:\/\/www.kosiceregion.com\/hu\/wp-json\/wp\/v2\/posts\/16358\" \/>\n<meta property=\"og:site_name\" content=\"Ko\u0161ice Regi\u00f3n\" \/>\n<meta property=\"article:publisher\" content=\"https:\/\/www.facebook.com\/kosiceregion\" \/>\n<meta property=\"article:published_time\" content=\"2026-03-19T09:56:39+00:00\" \/>\n<meta property=\"article:modified_time\" content=\"2026-03-22T20:19:55+00:00\" \/>\n<meta property=\"og:image\" content=\"https:\/\/www.kosiceregion.com\/wp-content\/uploads\/2026\/03\/SUTAZ-23.jpg\" \/>\n\t<meta property=\"og:image:width\" content=\"1472\" \/>\n\t<meta property=\"og:image:height\" content=\"832\" \/>\n\t<meta property=\"og:image:type\" content=\"image\/jpeg\" \/>\n<meta name=\"author\" content=\"Tatiana \u010cerven\u00e1\" \/>\n<meta name=\"twitter:card\" content=\"summary_large_image\" \/>\n<meta name=\"twitter:creator\" content=\"@KOSICEREGION\" \/>\n<meta name=\"twitter:site\" content=\"@KOSICEREGION\" \/>\n<meta name=\"twitter:label1\" content=\"Szerz\u0151:\" \/>\n\t<meta name=\"twitter:data1\" content=\"Tatiana \u010cerven\u00e1\" \/>\n\t<meta name=\"twitter:label2\" content=\"Becs\u00fclt olvas\u00e1si id\u0151\" \/>\n\t<meta name=\"twitter:data2\" content=\"4 perc\" \/>\n<script type=\"application\/ld+json\" class=\"yoast-schema-graph\">{\"@context\":\"https:\\\/\\\/schema.org\",\"@graph\":[{\"@type\":\"Article\",\"@id\":\"https:\\\/\\\/www.kosiceregion.com\\\/sk\\\/sprievodca-tymi-najlepsimi-ranajkarnami-v-kosickom-kraji\\\/#article\",\"isPartOf\":{\"@id\":\"https:\\\/\\\/www.kosiceregion.com\\\/sk\\\/sprievodca-tymi-najlepsimi-ranajkarnami-v-kosickom-kraji\\\/\"},\"author\":{\"name\":\"Tatiana \u010cerven\u00e1\",\"@id\":\"https:\\\/\\\/www.kosiceregion.com\\\/#\\\/schema\\\/person\\\/6cd0b3706091bbb7fc11437086db9ccb\"},\"headline\":\"Jarn\u00e9 preb\u00fadzanie chut\u00ed: Ultim\u00e1tny sprievodca t\u00fdmi najlep\u0161\u00edmi ra\u0148ajk\u00e1r\u0148ami v\u00a0Ko\u0161ickom kraji\",\"datePublished\":\"2026-03-19T09:56:39+00:00\",\"dateModified\":\"2026-03-22T20:19:55+00:00\",\"mainEntityOfPage\":{\"@id\":\"https:\\\/\\\/www.kosiceregion.com\\\/sk\\\/sprievodca-tymi-najlepsimi-ranajkarnami-v-kosickom-kraji\\\/\"},\"wordCount\":945,\"publisher\":{\"@id\":\"https:\\\/\\\/www.kosiceregion.com\\\/#organization\"},\"image\":{\"@id\":\"https:\\\/\\\/www.kosiceregion.com\\\/sk\\\/sprievodca-tymi-najlepsimi-ranajkarnami-v-kosickom-kraji\\\/#primaryimage\"},\"thumbnailUrl\":\"https:\\\/\\\/www.kosiceregion.com\\\/wp-content\\\/uploads\\\/2026\\\/03\\\/SUTAZ-23.jpg\",\"keywords\":[\"AlpaCaf\u00e9\",\"AMCbreakky\",\"Fri\u0161tik\",\"Gemer\",\"kaviarne\",\"Ko\u0161ice\",\"Ko\u0161ick\u00fd kraj\",\"ko\u0161ick\u00fd svetov\u00fd kraj\",\"Michalovce\",\"Parkafe\",\"Priestor\",\"ra\u0148ajk\u00e1rne\",\"ra\u0148ajky\",\"Spi\u0161\",\"Villa Sandy\",\"Zempl\u00edn\"],\"articleSection\":[\"In\u0161piruj sa\"],\"inLanguage\":\"hu\"},{\"@type\":\"WebPage\",\"@id\":\"https:\\\/\\\/www.kosiceregion.com\\\/sk\\\/sprievodca-tymi-najlepsimi-ranajkarnami-v-kosickom-kraji\\\/\",\"url\":\"https:\\\/\\\/www.kosiceregion.com\\\/sk\\\/sprievodca-tymi-najlepsimi-ranajkarnami-v-kosickom-kraji\\\/\",\"name\":\"Sprievodca t\u00fdmi najlep\u0161\u00edmi ra\u0148ajk\u00e1r\u0148ami v\u00a0Ko\u0161ickom kraji\",\"isPartOf\":{\"@id\":\"https:\\\/\\\/www.kosiceregion.com\\\/#website\"},\"primaryImageOfPage\":{\"@id\":\"https:\\\/\\\/www.kosiceregion.com\\\/sk\\\/sprievodca-tymi-najlepsimi-ranajkarnami-v-kosickom-kraji\\\/#primaryimage\"},\"image\":{\"@id\":\"https:\\\/\\\/www.kosiceregion.com\\\/sk\\\/sprievodca-tymi-najlepsimi-ranajkarnami-v-kosickom-kraji\\\/#primaryimage\"},\"thumbnailUrl\":\"https:\\\/\\\/www.kosiceregion.com\\\/wp-content\\\/uploads\\\/2026\\\/03\\\/SUTAZ-23.jpg\",\"datePublished\":\"2026-03-19T09:56:39+00:00\",\"dateModified\":\"2026-03-22T20:19:55+00:00\",\"description\":\"Jarn\u00e9 preb\u00fadzanie chut\u00ed: Ultim\u00e1tny sprievodca t\u00fdmi najlep\u0161\u00edmi ra\u0148ajk\u00e1r\u0148ami v\u00a0Ko\u0161ickom kraji. Skvel\u00e9 jedlo aj atmosf\u00e9ra\",\"breadcrumb\":{\"@id\":\"https:\\\/\\\/www.kosiceregion.com\\\/sk\\\/sprievodca-tymi-najlepsimi-ranajkarnami-v-kosickom-kraji\\\/#breadcrumb\"},\"inLanguage\":\"hu\",\"potentialAction\":[{\"@type\":\"ReadAction\",\"target\":[\"https:\\\/\\\/www.kosiceregion.com\\\/sk\\\/sprievodca-tymi-najlepsimi-ranajkarnami-v-kosickom-kraji\\\/\"]}]},{\"@type\":\"ImageObject\",\"inLanguage\":\"hu\",\"@id\":\"https:\\\/\\\/www.kosiceregion.com\\\/sk\\\/sprievodca-tymi-najlepsimi-ranajkarnami-v-kosickom-kraji\\\/#primaryimage\",\"url\":\"https:\\\/\\\/www.kosiceregion.com\\\/wp-content\\\/uploads\\\/2026\\\/03\\\/SUTAZ-23.jpg\",\"contentUrl\":\"https:\\\/\\\/www.kosiceregion.com\\\/wp-content\\\/uploads\\\/2026\\\/03\\\/SUTAZ-23.jpg\",\"width\":1472,\"height\":832,\"caption\":\"Jarn\u00e9 preb\u00fadzanie chut\u00ed: Ultim\u00e1tny sprievodca t\u00fdmi najlep\u0161\u00edmi ra\u0148ajk\u00e1r\u0148ami v\u00a0Ko\u0161ickom kraji\"},{\"@type\":\"BreadcrumbList\",\"@id\":\"https:\\\/\\\/www.kosiceregion.com\\\/sk\\\/sprievodca-tymi-najlepsimi-ranajkarnami-v-kosickom-kraji\\\/#breadcrumb\",\"itemListElement\":[{\"@type\":\"ListItem\",\"position\":1,\"name\":\"Home\",\"item\":\"https:\\\/\\\/www.kosiceregion.com\\\/sk\\\/\"},{\"@type\":\"ListItem\",\"position\":2,\"name\":\"Jarn\u00e9 preb\u00fadzanie chut\u00ed: Ultim\u00e1tny sprievodca t\u00fdmi najlep\u0161\u00edmi ra\u0148ajk\u00e1r\u0148ami v\u00a0Ko\u0161ickom kraji\"}]},{\"@type\":\"WebSite\",\"@id\":\"https:\\\/\\\/www.kosiceregion.com\\\/#website\",\"url\":\"https:\\\/\\\/www.kosiceregion.com\\\/\",\"name\":\"Ko\u0161ice Regi\u00f3n\",\"description\":\"Turistick\u00fd sprievodca Ko\u0161ick\u00fdm krajom\",\"publisher\":{\"@id\":\"https:\\\/\\\/www.kosiceregion.com\\\/#organization\"},\"potentialAction\":[{\"@type\":\"SearchAction\",\"target\":{\"@type\":\"EntryPoint\",\"urlTemplate\":\"https:\\\/\\\/www.kosiceregion.com\\\/?s={search_term_string}\"},\"query-input\":{\"@type\":\"PropertyValueSpecification\",\"valueRequired\":true,\"valueName\":\"search_term_string\"}}],\"inLanguage\":\"hu\"},{\"@type\":\"Organization\",\"@id\":\"https:\\\/\\\/www.kosiceregion.com\\\/#organization\",\"name\":\"Ko\u0161ice Regi\u00f3n Turizmus\",\"url\":\"https:\\\/\\\/www.kosiceregion.com\\\/\",\"logo\":{\"@type\":\"ImageObject\",\"inLanguage\":\"hu\",\"@id\":\"https:\\\/\\\/www.kosiceregion.com\\\/#\\\/schema\\\/logo\\\/image\\\/\",\"url\":\"https:\\\/\\\/www.kosiceregion.com\\\/wp-content\\\/uploads\\\/2019\\\/03\\\/logo-web-sk.png\",\"contentUrl\":\"https:\\\/\\\/www.kosiceregion.com\\\/wp-content\\\/uploads\\\/2019\\\/03\\\/logo-web-sk.png\",\"width\":225,\"height\":100,\"caption\":\"Ko\u0161ice Regi\u00f3n Turizmus\"},\"image\":{\"@id\":\"https:\\\/\\\/www.kosiceregion.com\\\/#\\\/schema\\\/logo\\\/image\\\/\"},\"sameAs\":[\"https:\\\/\\\/www.facebook.com\\\/kosiceregion\",\"https:\\\/\\\/x.com\\\/KOSICEREGION\",\"https:\\\/\\\/www.instagram.com\\\/kosiceregion\",\"https:\\\/\\\/www.youtube.com\\\/kosiceregion\"]},{\"@type\":\"Person\",\"@id\":\"https:\\\/\\\/www.kosiceregion.com\\\/#\\\/schema\\\/person\\\/6cd0b3706091bbb7fc11437086db9ccb\",\"name\":\"Tatiana \u010cerven\u00e1\",\"image\":{\"@type\":\"ImageObject\",\"inLanguage\":\"hu\",\"@id\":\"https:\\\/\\\/secure.gravatar.com\\\/avatar\\\/050b709342af43d17b1f982522b7ac660b814df8c4c872be4a6ccf432c3f6ccc?s=96&d=mm&r=g\",\"url\":\"https:\\\/\\\/secure.gravatar.com\\\/avatar\\\/050b709342af43d17b1f982522b7ac660b814df8c4c872be4a6ccf432c3f6ccc?s=96&d=mm&r=g\",\"contentUrl\":\"https:\\\/\\\/secure.gravatar.com\\\/avatar\\\/050b709342af43d17b1f982522b7ac660b814df8c4c872be4a6ccf432c3f6ccc?s=96&d=mm&r=g\",\"caption\":\"Tatiana \u010cerven\u00e1\"}}]}<\/script>\n<!-- \/ Yoast SEO Premium plugin. -->","yoast_head_json":{"title":"Ko\u0161ice Regi\u00f3n","description":"Kone\u010dne je to tu! Jar klope na dvere, slnko za\u010d\u00edna pr\u00edjemne hria\u0165 a prv\u00e9 tepl\u00e9 dni si doslova p\u00fdtaj\u00fa zmenu rutiny. Zabudnite na r\u00fdchlu k\u00e1vu do ruky a stresuj\u00face r\u00e1na pri kuchynskej linke. \n\n\n\nJe \u010das vyrazi\u0165 do mesta, sadn\u00fa\u0165 si na\u2026","robots":{"index":"index","follow":"follow","max-snippet":"max-snippet:-1","max-image-preview":"max-image-preview:large","max-video-preview":"max-video-preview:-1"},"canonical":"https:\/\/www.kosiceregion.com\/sk\/sprievodca-tymi-najlepsimi-ranajkarnami-v-kosickom-kraji\/","og_locale":"hu_HU","og_type":"article","og_title":"Jarn\u00e9 preb\u00fadzanie chut\u00ed: Ultim\u00e1tny sprievodca t\u00fdmi najlep\u0161\u00edmi ra\u0148ajk\u00e1r\u0148ami v\u00a0Ko\u0161ickom kraji","og_description":"Jarn\u00e9 preb\u00fadzanie chut\u00ed: Ultim\u00e1tny sprievodca t\u00fdmi najlep\u0161\u00edmi ra\u0148ajk\u00e1r\u0148ami v\u00a0Ko\u0161ickom kraji. Skvel\u00e9 jedlo aj atmosf\u00e9ra","og_url":"https:\/\/www.kosiceregion.com\/hu\/wp-json\/wp\/v2\/posts\/16358","og_site_name":"Ko\u0161ice Regi\u00f3n","article_publisher":"https:\/\/www.facebook.com\/kosiceregion","article_published_time":"2026-03-19T09:56:39+00:00","article_modified_time":"2026-03-22T20:19:55+00:00","og_image":[{"width":1472,"height":832,"url":"https:\/\/www.kosiceregion.com\/wp-content\/uploads\/2026\/03\/SUTAZ-23.jpg","type":"image\/jpeg"}],"author":"Tatiana \u010cerven\u00e1","twitter_card":"summary_large_image","twitter_creator":"@KOSICEREGION","twitter_site":"@KOSICEREGION","twitter_misc":{"Szerz\u0151:":"Tatiana \u010cerven\u00e1","Becs\u00fclt olvas\u00e1si id\u0151":"4 perc"},"schema":{"@context":"https:\/\/schema.org","@graph":[{"@type":"Article","@id":"https:\/\/www.kosiceregion.com\/sk\/sprievodca-tymi-najlepsimi-ranajkarnami-v-kosickom-kraji\/#article","isPartOf":{"@id":"https:\/\/www.kosiceregion.com\/sk\/sprievodca-tymi-najlepsimi-ranajkarnami-v-kosickom-kraji\/"},"author":{"name":"Tatiana \u010cerven\u00e1","@id":"https:\/\/www.kosiceregion.com\/#\/schema\/person\/6cd0b3706091bbb7fc11437086db9ccb"},"headline":"Jarn\u00e9 preb\u00fadzanie chut\u00ed: Ultim\u00e1tny sprievodca t\u00fdmi najlep\u0161\u00edmi ra\u0148ajk\u00e1r\u0148ami v\u00a0Ko\u0161ickom kraji","datePublished":"2026-03-19T09:56:39+00:00","dateModified":"2026-03-22T20:19:55+00:00","mainEntityOfPage":{"@id":"https:\/\/www.kosiceregion.com\/sk\/sprievodca-tymi-najlepsimi-ranajkarnami-v-kosickom-kraji\/"},"wordCount":945,"publisher":{"@id":"https:\/\/www.kosiceregion.com\/#organization"},"image":{"@id":"https:\/\/www.kosiceregion.com\/sk\/sprievodca-tymi-najlepsimi-ranajkarnami-v-kosickom-kraji\/#primaryimage"},"thumbnailUrl":"https:\/\/www.kosiceregion.com\/wp-content\/uploads\/2026\/03\/SUTAZ-23.jpg","keywords":["AlpaCaf\u00e9","AMCbreakky","Fri\u0161tik","Gemer","kaviarne","Ko\u0161ice","Ko\u0161ick\u00fd kraj","ko\u0161ick\u00fd svetov\u00fd kraj","Michalovce","Parkafe","Priestor","ra\u0148ajk\u00e1rne","ra\u0148ajky","Spi\u0161","Villa Sandy","Zempl\u00edn"],"articleSection":["In\u0161piruj sa"],"inLanguage":"hu"},{"@type":"WebPage","@id":"https:\/\/www.kosiceregion.com\/sk\/sprievodca-tymi-najlepsimi-ranajkarnami-v-kosickom-kraji\/","url":"https:\/\/www.kosiceregion.com\/sk\/sprievodca-tymi-najlepsimi-ranajkarnami-v-kosickom-kraji\/","name":"Sprievodca t\u00fdmi najlep\u0161\u00edmi ra\u0148ajk\u00e1r\u0148ami v\u00a0Ko\u0161ickom kraji","isPartOf":{"@id":"https:\/\/www.kosiceregion.com\/#website"},"primaryImageOfPage":{"@id":"https:\/\/www.kosiceregion.com\/sk\/sprievodca-tymi-najlepsimi-ranajkarnami-v-kosickom-kraji\/#primaryimage"},"image":{"@id":"https:\/\/www.kosiceregion.com\/sk\/sprievodca-tymi-najlepsimi-ranajkarnami-v-kosickom-kraji\/#primaryimage"},"thumbnailUrl":"https:\/\/www.kosiceregion.com\/wp-content\/uploads\/2026\/03\/SUTAZ-23.jpg","datePublished":"2026-03-19T09:56:39+00:00","dateModified":"2026-03-22T20:19:55+00:00","description":"Jarn\u00e9 preb\u00fadzanie chut\u00ed: Ultim\u00e1tny sprievodca t\u00fdmi najlep\u0161\u00edmi ra\u0148ajk\u00e1r\u0148ami v\u00a0Ko\u0161ickom kraji. Skvel\u00e9 jedlo aj atmosf\u00e9ra","breadcrumb":{"@id":"https:\/\/www.kosiceregion.com\/sk\/sprievodca-tymi-najlepsimi-ranajkarnami-v-kosickom-kraji\/#breadcrumb"},"inLanguage":"hu","potentialAction":[{"@type":"ReadAction","target":["https:\/\/www.kosiceregion.com\/sk\/sprievodca-tymi-najlepsimi-ranajkarnami-v-kosickom-kraji\/"]}]},{"@type":"ImageObject","inLanguage":"hu","@id":"https:\/\/www.kosiceregion.com\/sk\/sprievodca-tymi-najlepsimi-ranajkarnami-v-kosickom-kraji\/#primaryimage","url":"https:\/\/www.kosiceregion.com\/wp-content\/uploads\/2026\/03\/SUTAZ-23.jpg","contentUrl":"https:\/\/www.kosiceregion.com\/wp-content\/uploads\/2026\/03\/SUTAZ-23.jpg","width":1472,"height":832,"caption":"Jarn\u00e9 preb\u00fadzanie chut\u00ed: Ultim\u00e1tny sprievodca t\u00fdmi najlep\u0161\u00edmi ra\u0148ajk\u00e1r\u0148ami v\u00a0Ko\u0161ickom kraji"},{"@type":"BreadcrumbList","@id":"https:\/\/www.kosiceregion.com\/sk\/sprievodca-tymi-najlepsimi-ranajkarnami-v-kosickom-kraji\/#breadcrumb","itemListElement":[{"@type":"ListItem","position":1,"name":"Home","item":"https:\/\/www.kosiceregion.com\/sk\/"},{"@type":"ListItem","position":2,"name":"Jarn\u00e9 preb\u00fadzanie chut\u00ed: Ultim\u00e1tny sprievodca t\u00fdmi najlep\u0161\u00edmi ra\u0148ajk\u00e1r\u0148ami v\u00a0Ko\u0161ickom kraji"}]},{"@type":"WebSite","@id":"https:\/\/www.kosiceregion.com\/#website","url":"https:\/\/www.kosiceregion.com\/","name":"Ko\u0161ice Regi\u00f3n","description":"Turistick\u00fd sprievodca Ko\u0161ick\u00fdm krajom","publisher":{"@id":"https:\/\/www.kosiceregion.com\/#organization"},"potentialAction":[{"@type":"SearchAction","target":{"@type":"EntryPoint","urlTemplate":"https:\/\/www.kosiceregion.com\/?s={search_term_string}"},"query-input":{"@type":"PropertyValueSpecification","valueRequired":true,"valueName":"search_term_string"}}],"inLanguage":"hu"},{"@type":"Organization","@id":"https:\/\/www.kosiceregion.com\/#organization","name":"Ko\u0161ice Regi\u00f3n Turizmus","url":"https:\/\/www.kosiceregion.com\/","logo":{"@type":"ImageObject","inLanguage":"hu","@id":"https:\/\/www.kosiceregion.com\/#\/schema\/logo\/image\/","url":"https:\/\/www.kosiceregion.com\/wp-content\/uploads\/2019\/03\/logo-web-sk.png","contentUrl":"https:\/\/www.kosiceregion.com\/wp-content\/uploads\/2019\/03\/logo-web-sk.png","width":225,"height":100,"caption":"Ko\u0161ice Regi\u00f3n Turizmus"},"image":{"@id":"https:\/\/www.kosiceregion.com\/#\/schema\/logo\/image\/"},"sameAs":["https:\/\/www.facebook.com\/kosiceregion","https:\/\/x.com\/KOSICEREGION","https:\/\/www.instagram.com\/kosiceregion","https:\/\/www.youtube.com\/kosiceregion"]},{"@type":"Person","@id":"https:\/\/www.kosiceregion.com\/#\/schema\/person\/6cd0b3706091bbb7fc11437086db9ccb","name":"Tatiana \u010cerven\u00e1","image":{"@type":"ImageObject","inLanguage":"hu","@id":"https:\/\/secure.gravatar.com\/avatar\/050b709342af43d17b1f982522b7ac660b814df8c4c872be4a6ccf432c3f6ccc?s=96&d=mm&r=g","url":"https:\/\/secure.gravatar.com\/avatar\/050b709342af43d17b1f982522b7ac660b814df8c4c872be4a6ccf432c3f6ccc?s=96&d=mm&r=g","contentUrl":"https:\/\/secure.gravatar.com\/avatar\/050b709342af43d17b1f982522b7ac660b814df8c4c872be4a6ccf432c3f6ccc?s=96&d=mm&r=g","caption":"Tatiana \u010cerven\u00e1"}}]}},"_links":{"self":[{"href":"https:\/\/www.kosiceregion.com\/hu\/wp-json\/wp\/v2\/posts\/16358","targetHints":{"allow":["GET"]}}],"collection":[{"href":"https:\/\/www.kosiceregion.com\/hu\/wp-json\/wp\/v2\/posts"}],"about":[{"href":"https:\/\/www.kosiceregion.com\/hu\/wp-json\/wp\/v2\/types\/post"}],"author":[{"embeddable":true,"href":"https:\/\/www.kosiceregion.com\/hu\/wp-json\/wp\/v2\/users\/17"}],"replies":[{"embeddable":true,"href":"https:\/\/www.kosiceregion.com\/hu\/wp-json\/wp\/v2\/comments?post=16358"}],"version-history":[{"count":5,"href":"https:\/\/www.kosiceregion.com\/hu\/wp-json\/wp\/v2\/posts\/16358\/revisions"}],"predecessor-version":[{"id":16393,"href":"https:\/\/www.kosiceregion.com\/hu\/wp-json\/wp\/v2\/posts\/16358\/revisions\/16393"}],"wp:featuredmedia":[{"embeddable":true,"href":"https:\/\/www.kosiceregion.com\/hu\/wp-json\/wp\/v2\/media\/16366"}],"wp:attachment":[{"href":"https:\/\/www.kosiceregion.com\/hu\/wp-json\/wp\/v2\/media?parent=16358"}],"wp:term":[{"taxonomy":"category","embeddable":true,"href":"https:\/\/www.kosiceregion.com\/hu\/wp-json\/wp\/v2\/categories?post=16358"},{"taxonomy":"post_tag","embeddable":true,"href":"https:\/\/www.kosiceregion.com\/hu\/wp-json\/wp\/v2\/tags?post=16358"}],"curies":[{"name":"wp","href":"https:\/\/api.w.org\/{rel}","templated":true}]}}