{"id":3214,"date":"2020-03-31T14:58:27","date_gmt":"2020-03-31T12:58:27","guid":{"rendered":"https:\/\/www.kosiceregion.com\/sk\/?p=3214"},"modified":"2020-05-25T12:00:58","modified_gmt":"2020-05-25T10:00:58","slug":"","status":"publish","type":"post","link":"https:\/\/www.kosiceregion.com\/hu\/cestovanie-v-case-karanteny-virtualne-prehliadky\/","title":{"rendered":"Utaz\u00e1s a karant\u00e9n idej\u00e9n: virtu\u00e1lis s\u00e9t\u00e1k","raw":"Utaz\u00e1s a karant\u00e9n idej\u00e9n: virtu\u00e1lis s\u00e9t\u00e1k"},"content":{"rendered":"\n<p>Turizmus je v dobe glob\u00e1lnej pand\u00e9mie COVID-19 jedn\u00fdm z najhlb\u0161ie zasiahnut\u00fdch odvetv\u00ed hospod\u00e1rstva celosvetovo. Ned\u00e1 sa toti\u017e robi\u0165 di\u0161tan\u010dne &#8211; ani cez Skype, ani cez \u0161pedi\u010dn\u00e9 spolo\u010dnosti. Aby sa v\u0161ak za\u010dal svet \u010do najsk\u00f4r aspo\u0148 \u010diasto\u010dne vraca\u0165 do norm\u00e1lu, mus\u00edme k tomu prispie\u0165 my v\u0161etci. <strong>Spolo\u010dne<\/strong>.<\/p>\n<p>Ez\u00e9rt k\u00e9rj\u00fck \u00d6n\u00f6ket: hagyj\u00e1k a kir\u00e1ndul\u00e1sokat, az utaz\u00e1st \u00e9s a turizmust k\u00e9s\u0151bbre. Korl\u00e1tozz\u00e1k a k\u00f6rnyezettel val\u00f3 \u00e9rintkez\u00e9st, \u00e9s csak a felt\u00e9tlen\u00fcl sz\u00fcks\u00e9ges esetekben hagyj\u00e1k el otthonukat. Mindezt az\u00e9rt, hogy nemsok\u00e1ra ism\u00e9t utazhassunk, megl\u00e1togathassunk term\u00e9szeti sz\u00e9ps\u00e9geket \u00e9s t\u00f6rt\u00e9nelmi eml\u00e9khelyeket. De addig, ebben az id\u0151szakban <strong>maradjanak otthon<\/strong>.<\/p>\n\n\n\n<figure class=\"wp-block-image size-full\"><img decoding=\"async\" width=\"1280\" height=\"447\" src=\"https:\/\/www.kosiceregion.com\/wp-content\/uploads\/2020\/03\/cestujemzdomu3.png\" alt=\"cestujemzdomu\" class=\"wp-image-3232\" srcset=\"https:\/\/www.kosiceregion.com\/wp-content\/uploads\/2020\/03\/cestujemzdomu3.png 1280w, https:\/\/www.kosiceregion.com\/wp-content\/uploads\/2020\/03\/cestujemzdomu3-300x105.png 300w, https:\/\/www.kosiceregion.com\/wp-content\/uploads\/2020\/03\/cestujemzdomu3-1024x358.png 1024w, https:\/\/www.kosiceregion.com\/wp-content\/uploads\/2020\/03\/cestujemzdomu3-768x268.png 768w\" sizes=\"(max-width: 1280px) 100vw, 1280px\" \/><\/figure>\n\n\n\n<p>\u00c9s mivel a kir\u00e1ndul\u00e1sokat \u00e9s az utaz\u00e1st jelenleg egy\u00e1ltal\u00e1n nem javasoljuk, az <a href=\"https:\/\/unesconadosah.sk\/en\">unesconadosah.sk<\/a>\u00a0 weboldalon virtu\u00e1lis s\u00e9t\u00e1kat k\u00edn\u00e1lunk az UNESCO Vil\u00e1g\u00f6r\u00f6ks\u00e9gi List\u00e1n is szerepl\u0151 helysz\u00ednekhez. Sz\u00ednes\u00edtse az otthoni elszigetelts\u00e9g\u00e9t \u00e9s utazzon vil\u00e1gsz\u00ednvonal\u00fa helyekre k\u00e9nyelmesen \u00e9s gyorsabban, mintha szem\u00e9lyesen tenn\u00e9.<\/p>\n\n\n\n<iframe loading=\"lazy\" src=\"https:\/\/www.google.com\/maps\/embed?pb=!4v1584363657303!6m8!1m7!1sXqhRxVSDAWsAAAQJOKuwOg!2m2!1d48.86223378743914!2d20.31184184557742!3f42.5864114186502!4f-11.505505572224962!5f0.7820865974627469\" style=\"border:0;\" allowfullscreen=\"\" aria-hidden=\"false\" tabindex=\"0\" width=\"100%\" height=\"450\" frameborder=\"0\"><\/iframe>\n\n\n\n<hr class=\"wp-block-separator\"\/>\n","protected":false,"raw":"<!-- wp:tadv\/classic-paragraph -->\n<p>Turizmus je v dobe glob\u00e1lnej pand\u00e9mie COVID-19 jedn\u00fdm z najhlb\u0161ie zasiahnut\u00fdch odvetv\u00ed hospod\u00e1rstva celosvetovo. Ned\u00e1 sa toti\u017e robi\u0165 di\u0161tan\u010dne - ani cez Skype, ani cez \u0161pedi\u010dn\u00e9 spolo\u010dnosti. Aby sa v\u0161ak za\u010dal svet \u010do najsk\u00f4r aspo\u0148 \u010diasto\u010dne vraca\u0165 do norm\u00e1lu, mus\u00edme k tomu prispie\u0165 my v\u0161etci. <strong>Spolo\u010dne<\/strong>.<\/p>\n<p>Ez\u00e9rt k\u00e9rj\u00fck \u00d6n\u00f6ket: hagyj\u00e1k a kir\u00e1ndul\u00e1sokat, az utaz\u00e1st \u00e9s a turizmust k\u00e9s\u0151bbre. Korl\u00e1tozz\u00e1k a k\u00f6rnyezettel val\u00f3 \u00e9rintkez\u00e9st, \u00e9s csak a felt\u00e9tlen\u00fcl sz\u00fcks\u00e9ges esetekben hagyj\u00e1k el otthonukat. Mindezt az\u00e9rt, hogy nemsok\u00e1ra ism\u00e9t utazhassunk, megl\u00e1togathassunk term\u00e9szeti sz\u00e9ps\u00e9geket \u00e9s t\u00f6rt\u00e9nelmi eml\u00e9khelyeket. De addig, ebben az id\u0151szakban <strong>maradjanak otthon<\/strong>.<\/p>\n<!-- \/wp:tadv\/classic-paragraph -->\n\n<!-- wp:image {\"id\":3232,\"sizeSlug\":\"full\"} -->\n<figure class=\"wp-block-image size-full\"><img src=\"https:\/\/www.kosiceregion.com\/wp-content\/uploads\/2020\/03\/cestujemzdomu3.png\" alt=\"cestujemzdomu\" class=\"wp-image-3232\"\/><\/figure>\n<!-- \/wp:image -->\n\n<!-- wp:tadv\/classic-paragraph -->\n<p>\u00c9s mivel a kir\u00e1ndul\u00e1sokat \u00e9s az utaz\u00e1st jelenleg egy\u00e1ltal\u00e1n nem javasoljuk, az <a href=\"https:\/\/unesconadosah.sk\/en\">unesconadosah.sk<\/a>\u00a0 weboldalon virtu\u00e1lis s\u00e9t\u00e1kat k\u00edn\u00e1lunk az UNESCO Vil\u00e1g\u00f6r\u00f6ks\u00e9gi List\u00e1n is szerepl\u0151 helysz\u00ednekhez. Sz\u00ednes\u00edtse az otthoni elszigetelts\u00e9g\u00e9t \u00e9s utazzon vil\u00e1gsz\u00ednvonal\u00fa helyekre k\u00e9nyelmesen \u00e9s gyorsabban, mintha szem\u00e9lyesen tenn\u00e9.<\/p>\n<!-- \/wp:tadv\/classic-paragraph -->\n\n<!-- wp:html -->\n<iframe src=\"https:\/\/www.google.com\/maps\/embed?pb=!4v1584363657303!6m8!1m7!1sXqhRxVSDAWsAAAQJOKuwOg!2m2!1d48.86223378743914!2d20.31184184557742!3f42.5864114186502!4f-11.505505572224962!5f0.7820865974627469\" style=\"border:0;\" allowfullscreen=\"\" aria-hidden=\"false\" tabindex=\"0\" width=\"100%\" height=\"450\" frameborder=\"0\"><\/iframe>\n<!-- \/wp:html -->\n\n<!-- wp:separator -->\n<hr class=\"wp-block-separator\"\/>\n<!-- \/wp:separator -->"},"excerpt":{"rendered":"","protected":false,"raw":""},"author":4,"featured_media":3233,"comment_status":"closed","ping_status":"closed","sticky":false,"template":"","format":"standard","meta":{"_acf_changed":false,"_sk_post_content":"<!-- wp:tadv\/classic-paragraph -->\n<p>Turizmus je v dobe glob\u00e1lnej pand\u00e9mie COVID-19 jedn\u00fdm z najhlb\u0161ie zasiahnut\u00fdch odvetv\u00ed hospod\u00e1rstva celosvetovo. Ned\u00e1 sa toti\u017e robi\u0165 di\u0161tan\u010dne - ani cez Skype, ani cez \u0161pedi\u010dn\u00e9 spolo\u010dnosti. Aby sa v\u0161ak za\u010dal svet \u010do najsk\u00f4r aspo\u0148 \u010diasto\u010dne vraca\u0165 do norm\u00e1lu, mus\u00edme k tomu prispie\u0165 my v\u0161etci. <strong>Spolo\u010dne<\/strong>.<\/p>\n<p>Preto v\u00e1s pros\u00edme - nechajte v\u00fdlety, cestovanie i turistiku na nesk\u00f4r. Eliminujte kontakt s okol\u00edm a von vych\u00e1dzajte iba v najnvehnutnej\u0161\u00edch pr\u00edpadoch. Tak, aby sme si \u010doskoro znova mohli dopria\u0165 turistiku, vstupy do historick\u00fdch i pr\u00edrodn\u00fdch pamiatok. Jednoducho <strong>na toto obdobie osta\u0148te doma.<\/strong><\/p>\n<!-- \/wp:tadv\/classic-paragraph -->\n\n<!-- wp:image {\"id\":3232,\"sizeSlug\":\"full\"} -->\n<figure class=\"wp-block-image size-full\"><img src=\"https:\/\/www.kosiceregion.com\/wp-content\/uploads\/2020\/03\/cestujemzdomu3.png\" alt=\"cestujemzdomu\" class=\"wp-image-3232\"\/><\/figure>\n<!-- \/wp:image -->\n\n<!-- wp:tadv\/classic-paragraph -->\n<p>A ke\u010f\u017ee cestovanie a v\u00fdletovanie aktu\u00e1lne v\u00f4bec neodpor\u00fa\u010dame, pripravili sme pre v\u00e1s na webe <a href=\"https:\/\/www.unesconadosah.sk\/\" target=\"_blank\" rel=\"noopener noreferrer\">unesconadosah.sk<\/a> <strong>virtu\u00e1lne prehliadky<\/strong> svetov\u00e9ho kult\u00farneho a pr\u00edrodn\u00e9ho dedi\u010dstva UNESCO. Skr\u00e1\u0165te si \u010das v dom\u00e1cej izol\u00e1cii a precestujte svetov\u00e9 lokality pohodlne a e\u0161te r\u00fdchlej\u0161ie, ako by ste ich stihli ob\u00eds\u0165 osobne.<\/p>\n<!-- \/wp:tadv\/classic-paragraph -->\n\n<!-- wp:html -->\n<iframe src=\"https:\/\/www.google.com\/maps\/embed?pb=!4v1584363657303!6m8!1m7!1sXqhRxVSDAWsAAAQJOKuwOg!2m2!1d48.86223378743914!2d20.31184184557742!3f42.5864114186502!4f-11.505505572224962!5f0.7820865974627469\" style=\"border:0;\" allowfullscreen=\"\" aria-hidden=\"false\" tabindex=\"0\" width=\"100%\" height=\"450\" frameborder=\"0\"><\/iframe>\n<!-- \/wp:html -->\n\n<!-- wp:separator -->\n<hr class=\"wp-block-separator\"\/>\n<!-- \/wp:separator -->","_sk_post_name":"cestovanie-v-case-karanteny-virtualne-prehliadky","_sk_post_excerpt":"Ako cestova\u0165 v \u010dase glob\u00e1lnej pand\u00e9mie COVID-19, ktor\u00e1 n\u00e1s uvrhla do dom\u00e1cej izol\u00e1cie? M\u00e1me pre v\u00e1s virtu\u00e1lne prehliadky pamiatok UNESCO.","_sk_post_title":"Cestovanie v \u010dase karant\u00e9ny: virtu\u00e1lne prehliadky","_en_post_content":"","_en_post_name":"","_en_post_excerpt":"","_en_post_title":"","_hu_post_content":"<!-- wp:tadv\/classic-paragraph -->\n<p>Turizmus je v dobe glob\u00e1lnej pand\u00e9mie COVID-19 jedn\u00fdm z najhlb\u0161ie zasiahnut\u00fdch odvetv\u00ed hospod\u00e1rstva celosvetovo. Ned\u00e1 sa toti\u017e robi\u0165 di\u0161tan\u010dne - ani cez Skype, ani cez \u0161pedi\u010dn\u00e9 spolo\u010dnosti. Aby sa v\u0161ak za\u010dal svet \u010do najsk\u00f4r aspo\u0148 \u010diasto\u010dne vraca\u0165 do norm\u00e1lu, mus\u00edme k tomu prispie\u0165 my v\u0161etci. <strong>Spolo\u010dne<\/strong>.<\/p>\n<p>Ez\u00e9rt k\u00e9rj\u00fck \u00d6n\u00f6ket: hagyj\u00e1k a kir\u00e1ndul\u00e1sokat, az utaz\u00e1st \u00e9s a turizmust k\u00e9s\u0151bbre. Korl\u00e1tozz\u00e1k a k\u00f6rnyezettel val\u00f3 \u00e9rintkez\u00e9st, \u00e9s csak a felt\u00e9tlen\u00fcl sz\u00fcks\u00e9ges esetekben hagyj\u00e1k el otthonukat. Mindezt az\u00e9rt, hogy nemsok\u00e1ra ism\u00e9t utazhassunk, megl\u00e1togathassunk term\u00e9szeti sz\u00e9ps\u00e9geket \u00e9s t\u00f6rt\u00e9nelmi eml\u00e9khelyeket. De addig, ebben az id\u0151szakban <strong>maradjanak otthon<\/strong>.<\/p>\n<!-- \/wp:tadv\/classic-paragraph -->\n\n<!-- wp:image {\"id\":3232,\"sizeSlug\":\"full\"} -->\n<figure class=\"wp-block-image size-full\"><img src=\"https:\/\/www.kosiceregion.com\/wp-content\/uploads\/2020\/03\/cestujemzdomu3.png\" alt=\"cestujemzdomu\" class=\"wp-image-3232\"\/><\/figure>\n<!-- \/wp:image -->\n\n<!-- wp:tadv\/classic-paragraph -->\n<p>\u00c9s mivel a kir\u00e1ndul\u00e1sokat \u00e9s az utaz\u00e1st jelenleg egy\u00e1ltal\u00e1n nem javasoljuk, az <a href=\"https:\/\/unesconadosah.sk\/en\">unesconadosah.sk<\/a>\u00a0 weboldalon virtu\u00e1lis s\u00e9t\u00e1kat k\u00edn\u00e1lunk az UNESCO Vil\u00e1g\u00f6r\u00f6ks\u00e9gi List\u00e1n is szerepl\u0151 helysz\u00ednekhez. Sz\u00ednes\u00edtse az otthoni elszigetelts\u00e9g\u00e9t \u00e9s utazzon vil\u00e1gsz\u00ednvonal\u00fa helyekre k\u00e9nyelmesen \u00e9s gyorsabban, mintha szem\u00e9lyesen tenn\u00e9.<\/p>\n<!-- \/wp:tadv\/classic-paragraph -->\n\n<!-- wp:html -->\n<iframe src=\"https:\/\/www.google.com\/maps\/embed?pb=!4v1584363657303!6m8!1m7!1sXqhRxVSDAWsAAAQJOKuwOg!2m2!1d48.86223378743914!2d20.31184184557742!3f42.5864114186502!4f-11.505505572224962!5f0.7820865974627469\" style=\"border:0;\" allowfullscreen=\"\" aria-hidden=\"false\" tabindex=\"0\" width=\"100%\" height=\"450\" frameborder=\"0\"><\/iframe>\n<!-- \/wp:html -->\n\n<!-- wp:separator -->\n<hr class=\"wp-block-separator\"\/>\n<!-- \/wp:separator -->","_hu_post_name":"","_hu_post_excerpt":"","_hu_post_title":"Utaz\u00e1s a karant\u00e9n idej\u00e9n: virtu\u00e1lis s\u00e9t\u00e1k","_es_post_content":"","_es_post_name":"","_es_post_excerpt":"","_es_post_title":"","_de_post_content":"","_de_post_name":"","_de_post_excerpt":"","_de_post_title":"","_pl_post_content":"","_pl_post_name":"","_pl_post_excerpt":"","_pl_post_title":"","_it_post_content":"","_it_post_name":"","_it_post_excerpt":"","_it_post_title":"","edit_language":"hu","footnotes":""},"categories":[22],"tags":[25,247],"class_list":["post-3214","post","type-post","status-publish","format-standard","has-post-thumbnail","hentry","category-get-inspired","tag-unesco","tag-virtualna-prehliadka"],"acf":[],"yoast_head":"<!-- This site is optimized with the Yoast SEO Premium plugin v25.5 (Yoast SEO v27.4) - https:\/\/yoast.com\/product\/yoast-seo-premium-wordpress\/ -->\n<title>Ko\u0161ice Regi\u00f3n<\/title>\n<meta name=\"description\" content=\"Ako cestova\u0165 v \u010dase glob\u00e1lnej pand\u00e9mie COVID-19, ktor\u00e1 n\u00e1s uvrhla do dom\u00e1cej izol\u00e1cie? M\u00e1me pre v\u00e1s virtu\u00e1lne prehliadky pamiatok UNESCO.\" \/>\n<meta name=\"robots\" content=\"index, follow, max-snippet:-1, max-image-preview:large, max-video-preview:-1\" \/>\n<link rel=\"canonical\" href=\"https:\/\/www.kosiceregion.com\/hu\/cestovanie-v-case-karanteny-virtualne-prehliadky\/\" \/>\n<meta property=\"og:locale\" content=\"hu_HU\" \/>\n<meta property=\"og:type\" content=\"article\" \/>\n<meta property=\"og:title\" content=\"Cestovanie v \u010dase karant\u00e9ny: virtu\u00e1lne prehliadky\" \/>\n<meta property=\"og:description\" content=\"Ako cestova\u0165 v \u010dase glob\u00e1lnej pand\u00e9mie COVID-19, ktor\u00e1 n\u00e1s uvrhla do dom\u00e1cej izol\u00e1cie? M\u00e1me pre v\u00e1s virtu\u00e1lne prehliadky pamiatok UNESCO.\" \/>\n<meta property=\"og:url\" content=\"https:\/\/www.kosiceregion.com\/hu\/wp-json\/wp\/v2\/posts\/3214\" \/>\n<meta property=\"og:site_name\" content=\"Ko\u0161ice Regi\u00f3n\" \/>\n<meta property=\"article:publisher\" content=\"https:\/\/www.facebook.com\/kosiceregion\" \/>\n<meta property=\"article:published_time\" content=\"2020-03-31T12:58:27+00:00\" \/>\n<meta property=\"article:modified_time\" content=\"2020-05-25T10:00:58+00:00\" \/>\n<meta property=\"og:image\" content=\"https:\/\/www.kosiceregion.com\/wp-content\/uploads\/2020\/03\/dlj-1024x640.jpg\" \/>\n\t<meta property=\"og:image:width\" content=\"1024\" \/>\n\t<meta property=\"og:image:height\" content=\"640\" \/>\n\t<meta property=\"og:image:type\" content=\"image\/jpeg\" \/>\n<meta name=\"author\" content=\"Viktor Wurm\" \/>\n<meta name=\"twitter:card\" content=\"summary_large_image\" \/>\n<meta name=\"twitter:creator\" content=\"@KOSICEREGION\" \/>\n<meta name=\"twitter:site\" content=\"@KOSICEREGION\" \/>\n<meta name=\"twitter:label1\" content=\"Szerz\u0151:\" \/>\n\t<meta name=\"twitter:data1\" content=\"Viktor Wurm\" \/>\n\t<meta name=\"twitter:label2\" content=\"Becs\u00fclt olvas\u00e1si id\u0151\" \/>\n\t<meta name=\"twitter:data2\" content=\"1 perc\" \/>\n<script type=\"application\/ld+json\" class=\"yoast-schema-graph\">{\"@context\":\"https:\\\/\\\/schema.org\",\"@graph\":[{\"@type\":\"Article\",\"@id\":\"https:\\\/\\\/www.kosiceregion.com\\\/hu\\\/cestovanie-v-case-karanteny-virtualne-prehliadky\\\/#article\",\"isPartOf\":{\"@id\":\"https:\\\/\\\/www.kosiceregion.com\\\/hu\\\/cestovanie-v-case-karanteny-virtualne-prehliadky\\\/\"},\"author\":{\"name\":\"Viktor Wurm\",\"@id\":\"https:\\\/\\\/www.kosiceregion.com\\\/#\\\/schema\\\/person\\\/6edc663d2cb6eb17e62cdd96a2e33b53\"},\"headline\":\"Utaz\u00e1s a karant\u00e9n idej\u00e9n: virtu\u00e1lis s\u00e9t\u00e1k\",\"datePublished\":\"2020-03-31T12:58:27+00:00\",\"dateModified\":\"2020-05-25T10:00:58+00:00\",\"mainEntityOfPage\":{\"@id\":\"https:\\\/\\\/www.kosiceregion.com\\\/hu\\\/cestovanie-v-case-karanteny-virtualne-prehliadky\\\/\"},\"wordCount\":191,\"publisher\":{\"@id\":\"https:\\\/\\\/www.kosiceregion.com\\\/#organization\"},\"image\":{\"@id\":\"https:\\\/\\\/www.kosiceregion.com\\\/hu\\\/cestovanie-v-case-karanteny-virtualne-prehliadky\\\/#primaryimage\"},\"thumbnailUrl\":\"https:\\\/\\\/www.kosiceregion.com\\\/wp-content\\\/uploads\\\/2020\\\/03\\\/dlj.jpg\",\"keywords\":[\"UNESCO\",\"virtu\u00e1lna prehliadka\"],\"articleSection\":[\"In\u0161piruj sa\"],\"inLanguage\":\"hu\"},{\"@type\":\"WebPage\",\"@id\":\"https:\\\/\\\/www.kosiceregion.com\\\/hu\\\/cestovanie-v-case-karanteny-virtualne-prehliadky\\\/\",\"url\":\"https:\\\/\\\/www.kosiceregion.com\\\/hu\\\/cestovanie-v-case-karanteny-virtualne-prehliadky\\\/\",\"name\":\"Cestovanie v \u010dase karant\u00e9ny: virtu\u00e1lne prehliadky - Ko\u0161ice Regi\u00f3n\",\"isPartOf\":{\"@id\":\"https:\\\/\\\/www.kosiceregion.com\\\/#website\"},\"primaryImageOfPage\":{\"@id\":\"https:\\\/\\\/www.kosiceregion.com\\\/hu\\\/cestovanie-v-case-karanteny-virtualne-prehliadky\\\/#primaryimage\"},\"image\":{\"@id\":\"https:\\\/\\\/www.kosiceregion.com\\\/hu\\\/cestovanie-v-case-karanteny-virtualne-prehliadky\\\/#primaryimage\"},\"thumbnailUrl\":\"https:\\\/\\\/www.kosiceregion.com\\\/wp-content\\\/uploads\\\/2020\\\/03\\\/dlj.jpg\",\"datePublished\":\"2020-03-31T12:58:27+00:00\",\"dateModified\":\"2020-05-25T10:00:58+00:00\",\"description\":\"Ako cestova\u0165 v \u010dase glob\u00e1lnej pand\u00e9mie COVID-19, ktor\u00e1 n\u00e1s uvrhla do dom\u00e1cej izol\u00e1cie? M\u00e1me pre v\u00e1s virtu\u00e1lne prehliadky pamiatok UNESCO.\",\"breadcrumb\":{\"@id\":\"https:\\\/\\\/www.kosiceregion.com\\\/hu\\\/cestovanie-v-case-karanteny-virtualne-prehliadky\\\/#breadcrumb\"},\"inLanguage\":\"hu\",\"potentialAction\":[{\"@type\":\"ReadAction\",\"target\":[\"https:\\\/\\\/www.kosiceregion.com\\\/hu\\\/cestovanie-v-case-karanteny-virtualne-prehliadky\\\/\"]}]},{\"@type\":\"ImageObject\",\"inLanguage\":\"hu\",\"@id\":\"https:\\\/\\\/www.kosiceregion.com\\\/hu\\\/cestovanie-v-case-karanteny-virtualne-prehliadky\\\/#primaryimage\",\"url\":\"https:\\\/\\\/www.kosiceregion.com\\\/wp-content\\\/uploads\\\/2020\\\/03\\\/dlj.jpg\",\"contentUrl\":\"https:\\\/\\\/www.kosiceregion.com\\\/wp-content\\\/uploads\\\/2020\\\/03\\\/dlj.jpg\",\"width\":2047,\"height\":1280,\"caption\":\"dob\u0161insk\u00e1 \u013eadov\u00e1 jasky\u0148a virtu\u00e1lna prehliadka\"},{\"@type\":\"BreadcrumbList\",\"@id\":\"https:\\\/\\\/www.kosiceregion.com\\\/hu\\\/cestovanie-v-case-karanteny-virtualne-prehliadky\\\/#breadcrumb\",\"itemListElement\":[{\"@type\":\"ListItem\",\"position\":1,\"name\":\"Home\",\"item\":\"https:\\\/\\\/www.kosiceregion.com\\\/sk\\\/\"},{\"@type\":\"ListItem\",\"position\":2,\"name\":\"Utaz\u00e1s a karant\u00e9n idej\u00e9n: virtu\u00e1lis s\u00e9t\u00e1k\"}]},{\"@type\":\"WebSite\",\"@id\":\"https:\\\/\\\/www.kosiceregion.com\\\/#website\",\"url\":\"https:\\\/\\\/www.kosiceregion.com\\\/\",\"name\":\"Ko\u0161ice Regi\u00f3n\",\"description\":\"Turistick\u00fd sprievodca Ko\u0161ick\u00fdm krajom\",\"publisher\":{\"@id\":\"https:\\\/\\\/www.kosiceregion.com\\\/#organization\"},\"potentialAction\":[{\"@type\":\"SearchAction\",\"target\":{\"@type\":\"EntryPoint\",\"urlTemplate\":\"https:\\\/\\\/www.kosiceregion.com\\\/?s={search_term_string}\"},\"query-input\":{\"@type\":\"PropertyValueSpecification\",\"valueRequired\":true,\"valueName\":\"search_term_string\"}}],\"inLanguage\":\"hu\"},{\"@type\":\"Organization\",\"@id\":\"https:\\\/\\\/www.kosiceregion.com\\\/#organization\",\"name\":\"Ko\u0161ice Regi\u00f3n Turizmus\",\"url\":\"https:\\\/\\\/www.kosiceregion.com\\\/\",\"logo\":{\"@type\":\"ImageObject\",\"inLanguage\":\"hu\",\"@id\":\"https:\\\/\\\/www.kosiceregion.com\\\/#\\\/schema\\\/logo\\\/image\\\/\",\"url\":\"https:\\\/\\\/www.kosiceregion.com\\\/wp-content\\\/uploads\\\/2019\\\/03\\\/logo-web-sk.png\",\"contentUrl\":\"https:\\\/\\\/www.kosiceregion.com\\\/wp-content\\\/uploads\\\/2019\\\/03\\\/logo-web-sk.png\",\"width\":225,\"height\":100,\"caption\":\"Ko\u0161ice Regi\u00f3n Turizmus\"},\"image\":{\"@id\":\"https:\\\/\\\/www.kosiceregion.com\\\/#\\\/schema\\\/logo\\\/image\\\/\"},\"sameAs\":[\"https:\\\/\\\/www.facebook.com\\\/kosiceregion\",\"https:\\\/\\\/x.com\\\/KOSICEREGION\",\"https:\\\/\\\/www.instagram.com\\\/kosiceregion\",\"https:\\\/\\\/www.youtube.com\\\/kosiceregion\"]},{\"@type\":\"Person\",\"@id\":\"https:\\\/\\\/www.kosiceregion.com\\\/#\\\/schema\\\/person\\\/6edc663d2cb6eb17e62cdd96a2e33b53\",\"name\":\"Viktor Wurm\",\"image\":{\"@type\":\"ImageObject\",\"inLanguage\":\"hu\",\"@id\":\"https:\\\/\\\/secure.gravatar.com\\\/avatar\\\/ef6238603ec61ca9ce57c6e94cbce41d12a371c9a048501ae6ca8a34ac93a24c?s=96&d=mm&r=g\",\"url\":\"https:\\\/\\\/secure.gravatar.com\\\/avatar\\\/ef6238603ec61ca9ce57c6e94cbce41d12a371c9a048501ae6ca8a34ac93a24c?s=96&d=mm&r=g\",\"contentUrl\":\"https:\\\/\\\/secure.gravatar.com\\\/avatar\\\/ef6238603ec61ca9ce57c6e94cbce41d12a371c9a048501ae6ca8a34ac93a24c?s=96&d=mm&r=g\",\"caption\":\"Viktor Wurm\"}}]}<\/script>\n<!-- \/ Yoast SEO Premium plugin. -->","yoast_head_json":{"title":"Ko\u0161ice Regi\u00f3n","description":"Ako cestova\u0165 v \u010dase glob\u00e1lnej pand\u00e9mie COVID-19, ktor\u00e1 n\u00e1s uvrhla do dom\u00e1cej izol\u00e1cie? M\u00e1me pre v\u00e1s virtu\u00e1lne prehliadky pamiatok UNESCO.","robots":{"index":"index","follow":"follow","max-snippet":"max-snippet:-1","max-image-preview":"max-image-preview:large","max-video-preview":"max-video-preview:-1"},"canonical":"https:\/\/www.kosiceregion.com\/hu\/cestovanie-v-case-karanteny-virtualne-prehliadky\/","og_locale":"hu_HU","og_type":"article","og_title":"Cestovanie v \u010dase karant\u00e9ny: virtu\u00e1lne prehliadky","og_description":"Ako cestova\u0165 v \u010dase glob\u00e1lnej pand\u00e9mie COVID-19, ktor\u00e1 n\u00e1s uvrhla do dom\u00e1cej izol\u00e1cie? M\u00e1me pre v\u00e1s virtu\u00e1lne prehliadky pamiatok UNESCO.","og_url":"https:\/\/www.kosiceregion.com\/hu\/wp-json\/wp\/v2\/posts\/3214","og_site_name":"Ko\u0161ice Regi\u00f3n","article_publisher":"https:\/\/www.facebook.com\/kosiceregion","article_published_time":"2020-03-31T12:58:27+00:00","article_modified_time":"2020-05-25T10:00:58+00:00","og_image":[{"width":1024,"height":640,"url":"https:\/\/www.kosiceregion.com\/wp-content\/uploads\/2020\/03\/dlj-1024x640.jpg","type":"image\/jpeg"}],"author":"Viktor Wurm","twitter_card":"summary_large_image","twitter_creator":"@KOSICEREGION","twitter_site":"@KOSICEREGION","twitter_misc":{"Szerz\u0151:":"Viktor Wurm","Becs\u00fclt olvas\u00e1si id\u0151":"1 perc"},"schema":{"@context":"https:\/\/schema.org","@graph":[{"@type":"Article","@id":"https:\/\/www.kosiceregion.com\/hu\/cestovanie-v-case-karanteny-virtualne-prehliadky\/#article","isPartOf":{"@id":"https:\/\/www.kosiceregion.com\/hu\/cestovanie-v-case-karanteny-virtualne-prehliadky\/"},"author":{"name":"Viktor Wurm","@id":"https:\/\/www.kosiceregion.com\/#\/schema\/person\/6edc663d2cb6eb17e62cdd96a2e33b53"},"headline":"Utaz\u00e1s a karant\u00e9n idej\u00e9n: virtu\u00e1lis s\u00e9t\u00e1k","datePublished":"2020-03-31T12:58:27+00:00","dateModified":"2020-05-25T10:00:58+00:00","mainEntityOfPage":{"@id":"https:\/\/www.kosiceregion.com\/hu\/cestovanie-v-case-karanteny-virtualne-prehliadky\/"},"wordCount":191,"publisher":{"@id":"https:\/\/www.kosiceregion.com\/#organization"},"image":{"@id":"https:\/\/www.kosiceregion.com\/hu\/cestovanie-v-case-karanteny-virtualne-prehliadky\/#primaryimage"},"thumbnailUrl":"https:\/\/www.kosiceregion.com\/wp-content\/uploads\/2020\/03\/dlj.jpg","keywords":["UNESCO","virtu\u00e1lna prehliadka"],"articleSection":["In\u0161piruj sa"],"inLanguage":"hu"},{"@type":"WebPage","@id":"https:\/\/www.kosiceregion.com\/hu\/cestovanie-v-case-karanteny-virtualne-prehliadky\/","url":"https:\/\/www.kosiceregion.com\/hu\/cestovanie-v-case-karanteny-virtualne-prehliadky\/","name":"Cestovanie v \u010dase karant\u00e9ny: virtu\u00e1lne prehliadky - Ko\u0161ice Regi\u00f3n","isPartOf":{"@id":"https:\/\/www.kosiceregion.com\/#website"},"primaryImageOfPage":{"@id":"https:\/\/www.kosiceregion.com\/hu\/cestovanie-v-case-karanteny-virtualne-prehliadky\/#primaryimage"},"image":{"@id":"https:\/\/www.kosiceregion.com\/hu\/cestovanie-v-case-karanteny-virtualne-prehliadky\/#primaryimage"},"thumbnailUrl":"https:\/\/www.kosiceregion.com\/wp-content\/uploads\/2020\/03\/dlj.jpg","datePublished":"2020-03-31T12:58:27+00:00","dateModified":"2020-05-25T10:00:58+00:00","description":"Ako cestova\u0165 v \u010dase glob\u00e1lnej pand\u00e9mie COVID-19, ktor\u00e1 n\u00e1s uvrhla do dom\u00e1cej izol\u00e1cie? M\u00e1me pre v\u00e1s virtu\u00e1lne prehliadky pamiatok UNESCO.","breadcrumb":{"@id":"https:\/\/www.kosiceregion.com\/hu\/cestovanie-v-case-karanteny-virtualne-prehliadky\/#breadcrumb"},"inLanguage":"hu","potentialAction":[{"@type":"ReadAction","target":["https:\/\/www.kosiceregion.com\/hu\/cestovanie-v-case-karanteny-virtualne-prehliadky\/"]}]},{"@type":"ImageObject","inLanguage":"hu","@id":"https:\/\/www.kosiceregion.com\/hu\/cestovanie-v-case-karanteny-virtualne-prehliadky\/#primaryimage","url":"https:\/\/www.kosiceregion.com\/wp-content\/uploads\/2020\/03\/dlj.jpg","contentUrl":"https:\/\/www.kosiceregion.com\/wp-content\/uploads\/2020\/03\/dlj.jpg","width":2047,"height":1280,"caption":"dob\u0161insk\u00e1 \u013eadov\u00e1 jasky\u0148a virtu\u00e1lna prehliadka"},{"@type":"BreadcrumbList","@id":"https:\/\/www.kosiceregion.com\/hu\/cestovanie-v-case-karanteny-virtualne-prehliadky\/#breadcrumb","itemListElement":[{"@type":"ListItem","position":1,"name":"Home","item":"https:\/\/www.kosiceregion.com\/sk\/"},{"@type":"ListItem","position":2,"name":"Utaz\u00e1s a karant\u00e9n idej\u00e9n: virtu\u00e1lis s\u00e9t\u00e1k"}]},{"@type":"WebSite","@id":"https:\/\/www.kosiceregion.com\/#website","url":"https:\/\/www.kosiceregion.com\/","name":"Ko\u0161ice Regi\u00f3n","description":"Turistick\u00fd sprievodca Ko\u0161ick\u00fdm krajom","publisher":{"@id":"https:\/\/www.kosiceregion.com\/#organization"},"potentialAction":[{"@type":"SearchAction","target":{"@type":"EntryPoint","urlTemplate":"https:\/\/www.kosiceregion.com\/?s={search_term_string}"},"query-input":{"@type":"PropertyValueSpecification","valueRequired":true,"valueName":"search_term_string"}}],"inLanguage":"hu"},{"@type":"Organization","@id":"https:\/\/www.kosiceregion.com\/#organization","name":"Ko\u0161ice Regi\u00f3n Turizmus","url":"https:\/\/www.kosiceregion.com\/","logo":{"@type":"ImageObject","inLanguage":"hu","@id":"https:\/\/www.kosiceregion.com\/#\/schema\/logo\/image\/","url":"https:\/\/www.kosiceregion.com\/wp-content\/uploads\/2019\/03\/logo-web-sk.png","contentUrl":"https:\/\/www.kosiceregion.com\/wp-content\/uploads\/2019\/03\/logo-web-sk.png","width":225,"height":100,"caption":"Ko\u0161ice Regi\u00f3n Turizmus"},"image":{"@id":"https:\/\/www.kosiceregion.com\/#\/schema\/logo\/image\/"},"sameAs":["https:\/\/www.facebook.com\/kosiceregion","https:\/\/x.com\/KOSICEREGION","https:\/\/www.instagram.com\/kosiceregion","https:\/\/www.youtube.com\/kosiceregion"]},{"@type":"Person","@id":"https:\/\/www.kosiceregion.com\/#\/schema\/person\/6edc663d2cb6eb17e62cdd96a2e33b53","name":"Viktor Wurm","image":{"@type":"ImageObject","inLanguage":"hu","@id":"https:\/\/secure.gravatar.com\/avatar\/ef6238603ec61ca9ce57c6e94cbce41d12a371c9a048501ae6ca8a34ac93a24c?s=96&d=mm&r=g","url":"https:\/\/secure.gravatar.com\/avatar\/ef6238603ec61ca9ce57c6e94cbce41d12a371c9a048501ae6ca8a34ac93a24c?s=96&d=mm&r=g","contentUrl":"https:\/\/secure.gravatar.com\/avatar\/ef6238603ec61ca9ce57c6e94cbce41d12a371c9a048501ae6ca8a34ac93a24c?s=96&d=mm&r=g","caption":"Viktor Wurm"}}]}},"_links":{"self":[{"href":"https:\/\/www.kosiceregion.com\/hu\/wp-json\/wp\/v2\/posts\/3214","targetHints":{"allow":["GET"]}}],"collection":[{"href":"https:\/\/www.kosiceregion.com\/hu\/wp-json\/wp\/v2\/posts"}],"about":[{"href":"https:\/\/www.kosiceregion.com\/hu\/wp-json\/wp\/v2\/types\/post"}],"author":[{"embeddable":true,"href":"https:\/\/www.kosiceregion.com\/hu\/wp-json\/wp\/v2\/users\/4"}],"replies":[{"embeddable":true,"href":"https:\/\/www.kosiceregion.com\/hu\/wp-json\/wp\/v2\/comments?post=3214"}],"version-history":[{"count":6,"href":"https:\/\/www.kosiceregion.com\/hu\/wp-json\/wp\/v2\/posts\/3214\/revisions"}],"predecessor-version":[{"id":3411,"href":"https:\/\/www.kosiceregion.com\/hu\/wp-json\/wp\/v2\/posts\/3214\/revisions\/3411"}],"wp:featuredmedia":[{"embeddable":true,"href":"https:\/\/www.kosiceregion.com\/hu\/wp-json\/wp\/v2\/media\/3233"}],"wp:attachment":[{"href":"https:\/\/www.kosiceregion.com\/hu\/wp-json\/wp\/v2\/media?parent=3214"}],"wp:term":[{"taxonomy":"category","embeddable":true,"href":"https:\/\/www.kosiceregion.com\/hu\/wp-json\/wp\/v2\/categories?post=3214"},{"taxonomy":"post_tag","embeddable":true,"href":"https:\/\/www.kosiceregion.com\/hu\/wp-json\/wp\/v2\/tags?post=3214"}],"curies":[{"name":"wp","href":"https:\/\/api.w.org\/{rel}","templated":true}]}}