{"id":5631,"date":"2021-04-09T14:24:27","date_gmt":"2021-04-09T12:24:27","guid":{"rendered":"https:\/\/www.kosiceregion.com\/sk\/?p=5631"},"modified":"2023-07-21T17:01:15","modified_gmt":"2023-07-21T15:01:15","slug":"","status":"publish","type":"post","link":"https:\/\/www.kosiceregion.com\/hu\/pozor-na-oci-tu-mame-raj-my\/","title":{"rendered":"","raw":""},"content":{"rendered":"","protected":false,"raw":""},"excerpt":{"rendered":"","protected":false,"raw":""},"author":10,"featured_media":5647,"comment_status":"closed","ping_status":"closed","sticky":false,"template":"","format":"standard","meta":{"_acf_changed":false,"_sk_post_content":"<!-- wp:heading -->\n<h2 class=\"wp-block-heading\"><strong>Vt\u00e1\u010d\u00ed raj a ka\u0161tie\u013e v Sennom<\/strong><\/h2>\n<!-- \/wp:heading -->\n\n<!-- wp:tadv\/classic-paragraph -->\n<p style=\"text-align: justify;\">Ide\u00e1lnym miestom pre v\u0161etk\u00fdch, ktor\u00ed h\u013eadaj\u00fa \u00fanik z mesta a ru\u0161n\u00e9ho \u017eivota m\u00f4\u017eu by\u0165 trs\u0165ou zarasten\u00e9 <strong>plochy jazier \u010di rybn\u00edkov, kde vt\u00e1\u010d\u00ed spev m\u00e1 e\u0161te st\u00e1le hlavn\u00e9 slovo<\/strong>. <a href=\"https:\/\/www.kosiceregion.com\/sk\/poi\/senianske-rybniky\/\" target=\"_blank\" rel=\"noopener\">Senianske rybn\u00edky<\/a> a <a href=\"https:\/\/www.kosiceregion.com\/sk\/poi\/naucny-chodnik-vtacim-rajom\/\" target=\"_blank\" rel=\"noopener\">Vt\u00e1\u010d\u00ed raj<\/a> <strong>pri obci Senn\u00e9<\/strong> na Zempl\u00edne v plnej miere vyhovuj\u00fa t\u00fdmto krit\u00e9ri\u00e1m. \u010cloveka o\u010daria \u0161\u00edre l\u00faky, mokrade pln\u00e9 d\u017eavotu vz\u00e1cneho vt\u00e1ctva, z ktor\u00fdch sa vymyk\u00e1 ladn\u00fd let volaviek. Atmosf\u00e9ru dotv\u00e1raj\u00fa spla\u0161en\u00e9 ka\u010dky, majest\u00e1tne labute, energick\u00e9 pot\u00e1plice alebo d\u00f4stojn\u00e9 a pozorn\u00e9 dravce kr\u00fa\u017eiace vysoko nad hlavami. Nebesk\u00e9 sc\u00e9ny prin\u00e1\u0161aj\u00fa pocit od\u013eah\u010denia a relax. Akur\u00e1t pri ich dlhodobom pozorovan\u00ed na oblohe si treba d\u00e1va\u0165 pozor na kr\u010dn\u00e9 stavce, ale aj o\u010di. To, \u010do m\u00f4\u017ee spadn\u00fa\u0165 do oka, nemus\u00ed by\u0165 pr\u00e1ve trblietav\u00e1 kvapka da\u017e\u010fa, ale v\u00fdsledok usilovne lietaj\u00faceho vt\u00e1ctva, ktor\u00e9 m\u00e1 svoj raj pr\u00e1ve tu, ne\u010faleko Senn\u00e9ho.<\/p>\n<!-- \/wp:tadv\/classic-paragraph -->\n\n<!-- wp:image {\"id\":5633,\"sizeSlug\":\"large\",\"linkDestination\":\"none\"} -->\n<figure class=\"wp-block-image size-large\"><img src=\"https:\/\/www.kosiceregion.com\/wp-content\/uploads\/2021\/04\/KP_0031-1024x683.jpg\" alt=\"\" class=\"wp-image-5633\"\/><\/figure>\n<!-- \/wp:image -->\n\n<!-- wp:image {\"id\":5634,\"sizeSlug\":\"large\",\"linkDestination\":\"none\"} -->\n<figure class=\"wp-block-image size-large\"><img src=\"https:\/\/www.kosiceregion.com\/wp-content\/uploads\/2021\/04\/KP_0032-1024x683.jpg\" alt=\"\" class=\"wp-image-5634\"\/><\/figure>\n<!-- \/wp:image -->\n\n<!-- wp:tadv\/classic-paragraph -->\n<p style=\"text-align: justify;\"><strong>Chr\u00e1nen\u00e9 vt\u00e1\u010die \u00fazemie patr\u00ed medzi najv\u00fdznamnej\u0161ie hniezdne a migra\u010dn\u00e9 lokality<\/strong> vz\u00e1cnych, ohrozen\u00fdch a zranite\u013en\u00fdch vodn\u00fdch vt\u00e1kov na Slovensku. Pre kvalitnej\u0161ie vy\u0165a\u017eenie v\u00fdletu je dobr\u00e9 aspo\u0148 trochu sa pripravi\u0165 a teoreticky sa zorientova\u0165 v zool\u00f3gii, botanike \u010di ornitol\u00f3gii. \u010clovek si potom odnesie silnej\u0161ie a trvalej\u0161ie dojmy. Aj preto dovo\u013ete kr\u00e1tku prehliadku vt\u00e1\u010dieho m\u00f3la - popri desiatkach in\u00fdch hniezdia v&nbsp;n\u00e1rodnej pr\u00edrodnej rezerv\u00e1cii po\u010detn\u00e9 popul\u00e1cie pot\u00e1pky chochlatej a chochla\u010dky vrko\u010datej. Vt\u00e1\u010die ostrovy ob\u00fdva zas kol\u00f3nia kormor\u00e1na ve\u013ek\u00e9ho a \u010dajky bielohlavej. N\u00e1v\u0161tevn\u00edkov zaujm\u00fa aj obrazy podm\u00e1\u010dan\u00fdch v\u0155bov\u00fdch porastov, v ktor\u00fdch sa ukr\u00fdvaj\u00fa kol\u00f3nie chavko\u0161a no\u010dn\u00e9ho, volavky popolavej, \u010di belu\u0161e malej. Porasty vodnej veget\u00e1cie s\u00fa domovom \u010dor\u00edkov bahenn\u00fdch a chria\u0161te\u013eov vodn\u00fdch. Toto v\u0161etko mo\u017eno obdivova\u0165 po\u010das prech\u00e1dzky n\u00e1u\u010dn\u00fdmi chodn\u00edkmi v&nbsp;r\u00f4znych d\u013a\u017ekach a&nbsp;smeroch. Vynikaj\u00facou pr\u00edle\u017eitos\u0165ou s\u00fa vyhliadky na cel\u00e9 <strong>rovinat\u00e9 \u00fazemia z pozorovac\u00edch ve\u017e\u00ed.<\/strong> Dobr\u00e9 je si na v\u00fdlet pribali\u0165 \u010falekoh\u013ead. Lokalita je dobre ozna\u010den\u00e1, osaden\u00e9 s\u00fa tabule s&nbsp;mno\u017estvom zauj\u00edmav\u00fdch inform\u00e1ci\u00ed. Kolorit \u00fazemia dotv\u00e1ra tradi\u010dn\u00e1 vahadlov\u00e1 stud\u0148a.<\/p>\n<!-- \/wp:tadv\/classic-paragraph -->\n\n<!-- wp:tadv\/classic-paragraph -->\n<p style=\"text-align: justify;\"><strong>K rybn\u00edkom sa d\u00e1 dosta\u0165 aj od obce I\u0148a\u010dovce cez l\u00faku Beni\u0161rad a&nbsp;mokra\u010f Uhlisko.<\/strong> V&nbsp;obci Senn\u00e9, p\u00e1r min\u00fat pe\u0161i od ka\u0161tie\u013ea v\u013eavo, sa nach\u00e1dza <a href=\"https:\/\/www.facebook.com\/avescentrum\/\" target=\"_blank\" rel=\"noopener\">Avescentrum<\/a> - dobrovo\u013en\u00edcke a informa\u010dn\u00e9 centrum, ktor\u00e9 s\u00eddli v&nbsp;gazdovskom dome. V&nbsp;lokalite intenz\u00edvne p\u00f4sob\u00ed organiz\u00e1cia SOS Bird Life Slovakia, ktor\u00e1 sa sna\u017e\u00ed zachova\u0165 Vt\u00e1\u010d\u00ed raj pre migruj\u00face vt\u00e1ctvo z r\u00f4znych \u010falek\u00fdch krajov, pobre\u017eie Afriky nevyn\u00edmaj\u00fac. <strong>Ka\u017edoro\u010dne na jar sa tam kon\u00e1 podujatie <a href=\"https:\/\/tipnatrip.com\/chranene-vtacie-uzemie\/vitanie-zeriavov-senne-dolny-zemplin-2\/\" target=\"_blank\" rel=\"noopener\">V\u00edtanie \u017eeriavov<\/a>,<\/strong> kde je mo\u017en\u00e9 pozorova\u0165 n\u00e1vrat t\u00fdchto vzne\u0161en\u00fdch vt\u00e1kov na slovensk\u00e9 rybn\u00edky.<\/p>\n<!-- \/wp:tadv\/classic-paragraph -->\n\n<!-- wp:image {\"id\":5638,\"sizeSlug\":\"large\",\"linkDestination\":\"none\"} -->\n<figure class=\"wp-block-image size-large\"><img src=\"https:\/\/www.kosiceregion.com\/wp-content\/uploads\/2021\/04\/KP_0029-1024x683.jpg\" alt=\"\" class=\"wp-image-5638\"\/><\/figure>\n<!-- \/wp:image -->\n\n<!-- wp:tadv\/classic-paragraph -->\n<p>V&nbsp;Sennom stoj\u00ed aj <strong>ka\u0161tie\u013e<\/strong>, ktor\u00fd bol postaven\u00fd v 16. storo\u010d\u00ed zemep\u00e1nmi Dob\u00f3ovcami ako k\u00faria, v 17. storo\u010d\u00ed bol prestavan\u00fd v duchu renesancie. \u0160\u013eachtick\u00e9 rody V\u00e9cseyovcov a Szt\u00e1rayovcov ho vyu\u017e\u00edvali ako hospod\u00e1rske s\u00eddlo a loveck\u00fd ka\u0161tie\u013e pre sl\u00e1vne po\u013eova\u010dky vt\u00e1ctva. Moment\u00e1lne v ka\u0161tieli prebieha rekon\u0161trukcia. Zauj\u00edmav\u00e9 s\u00fa organizovan\u00e9 aktivity v&nbsp; pri\u013eahlom parku, kde je v realiz\u00e1cii tzv. <strong>apidom\u010dek \u2013 dom\u010dek pre v\u010dely a&nbsp;\u013eud\u00ed, sl\u00fa\u017eiaci na lie\u010debn\u00fa terapiu v\u010del\u00edm bzukotom, obn\u00f4\u017ekov\u00fdm pe\u013eom a&nbsp;\u010fal\u0161\u00edmi v\u010del\u00edmi produktami<\/strong>, bez vz\u00e1jomn\u00e9ho ohrozenia.<\/p>\n<p>Na v\u00fdlet si nezabudnite pribali\u0165 ob\u010derstvenie a tekutiny, v bezprostrednom okol\u00ed pr\u00edrodnej rezerv\u00e1cie sa nenach\u00e1dzaj\u00fa re\u0161taur\u00e1cie a ob\u010derstvenia.<\/p>\n<p><strong>Obec Senn\u00e9 le\u017e\u00ed pribli\u017ene <a href=\"https:\/\/goo.gl\/maps\/csbihFAC8dk2PSxL8\" target=\"_blank\" rel=\"noopener\">90 km od Ko\u0161\u00edc<\/a><\/strong> v&nbsp;smere na Michalovce. Odtia\u013e je potrebn\u00e9 pokra\u010dova\u0165&nbsp; ju\u017ene po ceste 555 za obec Zempl\u00ednska \u0160irok\u00e1 a&nbsp;poslednou odbo\u010dkou v\u013eavo na Senn\u00e9, na severov\u00fdchodnom okraji obce, kde v\u00e1s po\u0161le aj smerovn\u00edk.<\/p>\n<!-- \/wp:tadv\/classic-paragraph -->\n\n<!-- wp:image {\"id\":5640,\"sizeSlug\":\"large\",\"linkDestination\":\"none\"} -->\n<figure class=\"wp-block-image size-large\"><img src=\"https:\/\/www.kosiceregion.com\/wp-content\/uploads\/2021\/04\/KP_0028-1024x683.jpg\" alt=\"\" class=\"wp-image-5640\"\/><\/figure>\n<!-- \/wp:image -->\n\n<!-- wp:heading {\"level\":5} -->\n<h5 class=\"wp-block-heading\"><strong>Tipy na v\u00fdlety v okol\u00ed<\/strong><\/h5>\n<!-- \/wp:heading -->\n\n<!-- wp:tadv\/classic-paragraph -->\n<p style=\"text-align: justify;\">Mo\u017enost\u00ed ako si u\u017ei\u0165 kraj sveta je viacero, z\u00e1le\u017e\u00ed na tom, \u010di v\u00fdletn\u00edk h\u013ead\u00e1 m\u00e1lo zn\u00e1me miesta, alebo sk\u00f4r tie vychyten\u00e9. Medzi tie druh\u00e9 ur\u010dite patr\u00ed <strong>Zempl\u00ednska \u0160\u00edrava<\/strong> so v\u0161etk\u00fdmi atrakciami, ktor\u00e9 poskytuje najm\u00e4 v lete. Alebo Michalovce s hvezd\u00e1r\u0148ou \u010di Zempl\u00ednskym m\u00fazeom v tamoj\u0161om ka\u0161tieli. Netradi\u010dn\u00fdm miestom v\u0161ak m\u00f4\u017ee by\u0165 n\u00e1v\u0161teva ne\u010falek\u00e9ho, <strong>najmlad\u0161ieho p\u00fatnick\u00e9ho miesta na Slovensku<\/strong> vo Vysokej nad Uhom, kde \u017eila a bola aj zavra\u017eden\u00e1, blahoslaven\u00e1 Anna Koles\u00e1rov\u00e1. V obci je p\u00fatnick\u00fd dom\u010dek, ale aj mno\u017estvo inform\u00e1ci\u00ed o tejto mladej slovenskej sv\u00e4tici. V kostole je ulo\u017een\u00fd unik\u00e1tny relikvi\u00e1r a na cintor\u00edne sa nach\u00e1dza hrob, kde boli ulo\u017een\u00e9 jej telesn\u00e9 pozostatky od pohrebu (23. november 1944) do exhum\u00e1cie (28. apr\u00edl 2018). Blahore\u010den\u00e1 bola 1. septembra 2018 v Ko\u0161iciach.<\/p>\n<!-- \/wp:tadv\/classic-paragraph -->\n\n<!-- wp:separator {\"opacity\":\"css\"} -->\n<hr class=\"wp-block-separator has-css-opacity\"\/>\n<!-- \/wp:separator -->\n\n<!-- wp:heading {\"level\":5} -->\n<h5 class=\"wp-block-heading\">Slu\u017eby v okol\u00ed<\/h5>\n<!-- \/wp:heading -->\n\n<!-- wp:tadv\/classic-paragraph -->\n<p><a href=\"https:\/\/www.facebook.com\/Espresso-Maja-253016511465494\/\" target=\"_blank\" rel=\"noopener\"><strong>Espresso Maja<\/strong><\/a>, Zempl\u00ednska \u0160irok\u00e1 274, 072 13 Zempl\u00ednska \u0160irok\u00e1<\/p>\n<!-- \/wp:tadv\/classic-paragraph -->\n\n<!-- wp:html -->\n<div style=\"-webkit-overflow-scrolling: touch; overflow-y: auto; line-height: 0px;\"><iframe style=\"overflow: hidden; width: 100%; height: 480px;\" allow=\"geolocation *; camera *;\" frameborder=\"0\" src=\"https:\/\/www.mapotic.com\/pozor-na-oci-tu-mame-raj-my\/embed\"><\/iframe><\/div>\n<!-- \/wp:html -->","_sk_post_name":"pozor-na-oci-tu-mame-raj-my","_sk_post_excerpt":"","_sk_post_title":"Pozor na o\u010di \u2013 tu m\u00e1me raj my!","_en_post_content":"","_en_post_name":"","_en_post_excerpt":"","_en_post_title":"","_hu_post_content":"","_hu_post_name":"","_hu_post_excerpt":"","_hu_post_title":"","_es_post_content":"","_es_post_name":"","_es_post_excerpt":"","_es_post_title":"","_de_post_content":"<!-- wp:heading -->\n<h2>Vogelparadies und Herrenhaus in Senn\u00e9<\/h2>\n<!-- \/wp:heading -->\n\n<!-- wp:tadv\/classic-paragraph -->\n<p style=\"text-align: justify;\">Ein idealer Ort f\u00fcr alle, die eine Flucht aus der Stadt und vor dem gesch\u00e4ftigen Leben suchen, k\u00f6nnen mit Schilf bewachsene See- und Teichfl\u00e4chen sein, wo nach wie vor noch die V\u00f6gel mit ihrem Gezwitscher den Ton angeben. Die Teiche von Senn\u00e9 und das Vogelparadies in der N\u00e4he der Gemeinde Senn\u00e9, Region Zempl\u00edn erf\u00fcllen diese Kriterien voll und ganz. F\u00fcr Verzauberung sorgen weite Wiesen, Feuchtbiotope voller seltener V\u00f6gel, aus denen der anmutige Flug des Fischreihers hervorsticht. Vollendet wird die Atmosph\u00e4re durch aufgeschreckte Enten, majest\u00e4tische Schw\u00e4ne, energische Seetaucher oder w\u00fcrdevolle und aufmerksame Greifv\u00f6gel, die hoch oben im Himmel ihre Kreise ziehen. Die Himmelsszenen verleihen ein Gef\u00fchl von Erleichterung und Entspannung. Freilich sollte man bei einer l\u00e4ngeren Beobachtung des Himmels sowohl auf seine Halswirbel als auch seine Augen aufpassen. Was da einem ins Auge fallen kann, muss nicht zwingend ein schimmernder Regentropfen sein, sondern das Produkt eines der flei\u00dfig umherfliegenden V\u00f6gel, die genau hier, in der N\u00e4he von Senn\u00e9, ihr Paradies haben.<\/p>\n<!-- \/wp:tadv\/classic-paragraph -->\n\n<!-- wp:image {\"id\":5633,\"sizeSlug\":\"large\",\"linkDestination\":\"none\"} -->\n<figure class=\"wp-block-image size-large\"><img src=\"https:\/\/www.kosiceregion.com\/wp-content\/uploads\/2021\/04\/KP_0031-1024x683.jpg\" alt=\"\" class=\"wp-image-5633\"\/><\/figure>\n<!-- \/wp:image -->\n\n<!-- wp:image {\"id\":5634,\"sizeSlug\":\"large\",\"linkDestination\":\"none\"} -->\n<figure class=\"wp-block-image size-large\"><img src=\"https:\/\/www.kosiceregion.com\/wp-content\/uploads\/2021\/04\/KP_0032-1024x683.jpg\" alt=\"\" class=\"wp-image-5634\"\/><\/figure>\n<!-- \/wp:image -->\n\n<!-- wp:tadv\/classic-paragraph -->\n<p style=\"text-align: justify;\">Das Vogelschutzgebiet ist eines der wichtigsten Nist- und Migrationsgebiete seltener, gef\u00e4hrdeter und vulnerabler Wasserv\u00f6gel in der Slowakei. Um das Beste aus deinem Ausflug herauszuholen, ist es ratsam, sich ein wenig vorzubereiten und sich eine theoretische Orientierung in Zoologie, Botanik oder Ornithologie zu verschaffen. Dadurch nimmt man dann intensivere und nachhaltigere Eindr\u00fccke mit. Erlaube uns deshalb eine kurze Vogelschau \u2013 neben Dutzenden anderen Vogelarten nisten im nationalen Naturschutzgebiet zahlreiche Populationen des Haubentauchers und der Reiherente. Die Vogelinseln werden wiederum von einer Kolonie der Kormorane und Steppenm\u00f6wen bewohnt. Die Besucher werden auch auf die untersp\u00fclten Weidenbest\u00e4nde aufmerksam, in denen sich Kolonien des Nacht-, Grau- und Seidenreihers verstecken. Mit Wasserpflanzen bewachsene Fl\u00e4chen sind Heimat der Wei\u00dfbart-Seeschwalbe und der Wasserralle. Das alles kann man bei einem Spaziergang entlang von Lehrpfaden verschiedener L\u00e4ngen und in verschiedene Richtungen bewundern. Eine wunderbare Gelegenheit ist der Blick auf das gesamte Flachland von einem der Aussichtst\u00fcrme. F\u00fcr die Reise sollte man sich ein Fernglas einpacken. Der Standort ist gut beschildert, es gibt Tafeln mit vielen interessanten Informationen. Ein traditioneller Schwengelbrunnen pr\u00e4gt ebenfalls den Charakter der Umgebung.<\/p>\n<!-- \/wp:tadv\/classic-paragraph -->\n\n<!-- wp:tadv\/classic-paragraph -->\n<p style=\"text-align: justify;\">Zu den Teichen gelangt man auch von der Gemeinde I\u0148a\u010dovce \u00fcber die Beni\u0161rad-Wiese und das Feuchtgebiet Uhlisko. In der Gemeinde Senn\u00e9, wenige Gehminuten vom Herrenhaus entfernt, befindet sich auf der linken Seite das Avescentrum - ein Freiwilligen- und Informationszentrum mit Sitz in einem Bauernhaus. Am Standort ist die Organisation SOS Bird Life Slovakia intensiv t\u00e4tig und engagiert sich f\u00fcr die Erhaltung des Vogelparadieses f\u00fcr Zugv\u00f6gel aus verschiedenen fernen Regionen, einschlie\u00dflich der K\u00fcste Afrikas. Jedes Jahr im Fr\u00fchling findet dort die Veranstaltung Wilkommen Kraniche! statt, bei der man die R\u00fcckkehr dieser majest\u00e4tischen V\u00f6gel in die slowakischen Teiche beobachten kann.<\/p>\n<!-- \/wp:tadv\/classic-paragraph -->\n\n<!-- wp:image {\"id\":5638,\"sizeSlug\":\"large\",\"linkDestination\":\"none\"} -->\n<figure class=\"wp-block-image size-large\"><img src=\"https:\/\/www.kosiceregion.com\/wp-content\/uploads\/2021\/04\/KP_0029-1024x683.jpg\" alt=\"\" class=\"wp-image-5638\"\/><\/figure>\n<!-- \/wp:image -->\n\n<!-- wp:tadv\/classic-paragraph -->\n<p>In Senn\u00e9 befindet sich auch ein Herrenhaus, das im 16. Jahrhundert von den Gutsbesitzern Dob\u00f3 als ein Landsitz erbaut und im 17. Jahrhundert im Geiste der Renaissance umgebaut wurde. Die Adelsfamilien von V\u00e9csey und Szt\u00e1ray nutzten es als Wirtschaftshof und Jagdschloss f\u00fcr die beliebten Vogeljagden. Gegenw\u00e4rtig wird das Herrenhaus renoviert. Interessant sind organisierte Aktivit\u00e4ten im angrenzenden Park, wo ein sog. Api-H\u00e4uschen umgesetzt wird \u2013 ein Haus f\u00fcr Bienen und Menschen, das f\u00fcr die Heiltherapie durch Bienensummen, Bienenpollen und mithilfe anderer Bienenprodukte genutzt wird, ohne sich gegenseitig zu gef\u00e4hrden.<\/p>\n<p>Vergiss nicht, f\u00fcr deinen Ausflug ein kleines Proviant und Fl\u00fcssigkeiten einzupacken, in unmittelbarer N\u00e4he des Naturschutzgebietes befinden sich keine Restaurants oder Imbisse.<\/p>\n<p>Die Gemeinde Senn\u00e9 liegt etwa 90 km von Ko\u0161ice in Richtung Michalovce entfernt. Von dort aus muss man der Stra\u00dfe 555 nach S\u00fcden folgen, bis ans Ende der Gemeinde Zempl\u00ednska \u0160irok\u00e1, danach die letzte Abbiegung links nach Senn\u00e9 nehmen, am nord\u00f6stlichen Rand des Dorfes, wo auch ein Richtungsschild den Weg zeigt.<\/p>\n<!-- \/wp:tadv\/classic-paragraph -->\n\n<!-- wp:image {\"id\":5640,\"sizeSlug\":\"large\",\"linkDestination\":\"none\"} -->\n<figure class=\"wp-block-image size-large\"><img src=\"https:\/\/www.kosiceregion.com\/wp-content\/uploads\/2021\/04\/KP_0028-1024x683.jpg\" alt=\"\" class=\"wp-image-5640\"\/><\/figure>\n<!-- \/wp:image -->\n\n<!-- wp:heading {\"level\":5} -->\n<h5><strong>Tipps f\u00fcr Ausfl\u00fcge in der Umgebung<\/strong><\/h5>\n<!-- \/wp:heading -->\n\n<!-- wp:tadv\/classic-paragraph -->\n<p style=\"text-align: justify;\">Es gibt viele M\u00f6glichkeiten, den Rand der Welt zu genie\u00dfen, es kommt darauf an, ob man als Besucher die weniger bekannten Orte oder eher die Highlights sucht. Zu Letzteren geh\u00f6rt sicherlich auch der Stausee Zempl\u00ednska \u0160\u00edrava mit all seinen Attraktionen, die sich besonders im Sommer anbieten. Oder die Stadt Michalovce mit ihrer Sternwarte oder dem Sempliner Museum im dortigen Schloss. Etwas unkonventionell kann auch der Besuch des nahe gelegenen, j\u00fcngsten Wallfahrtsortes in der Slowakei in Vysok\u00e1 nad Uhom sein, wo die seliggesprochene Anna Koles\u00e1rov\u00e1 lebte und auch ermordet wurde. In der Gemeinde findet man ein Pilgerhaus sowie viele Informationen \u00fcber diese junge slowakische Heilige. In der Kirche wird ein einzigartiges Reliquiar aufbewahrt und auf dem Friedhof befindet sich ein Grab, in dem ihre sterblichen \u00dcberreste seit der Beerdigung (23. November 1944) bis zur Exhumierung (28. April 2018) ruhten. Sie wurde am 1. September 2018 in Ko\u0161ice selig gesprochen.<\/p>\n<!-- \/wp:tadv\/classic-paragraph -->\n\n<!-- wp:separator -->\n<hr class=\"wp-block-separator\"\/>\n<!-- \/wp:separator -->\n\n<!-- wp:heading {\"level\":5} -->\n<h5>Dienstleistungen in der Umgebung<\/h5>\n<!-- \/wp:heading -->\n\n<!-- wp:tadv\/classic-paragraph -->\n<p><a href=\"https:\/\/www.facebook.com\/Espresso-Maja-253016511465494\/\" target=\"_blank\" rel=\"noopener\"><strong>Caf\u00e9 Espresso Maja<\/strong><\/a>, Zempl\u00ednska \u0160irok\u00e1 274, 072 13 Zempl\u00ednska \u0160irok\u00e1<\/p>\n<!-- \/wp:tadv\/classic-paragraph -->\n\n<!-- wp:html -->\n<div style=\"-webkit-overflow-scrolling: touch; overflow-y: auto; line-height: 0px;\"><iframe style=\"overflow: hidden; width: 100%; height: 480px;\" allow=\"geolocation *; camera *;\" frameborder=\"0\" src=\"https:\/\/www.mapotic.com\/pozor-na-oci-tu-mame-raj-my\/embed\"><\/iframe><\/div>\n<!-- \/wp:html -->","_de_post_name":"","_de_post_excerpt":"","_de_post_title":"Pass auf deine Augen auf - hier ist unser Paradies!","_pl_post_content":"<!-- wp:tadv\/classic-paragraph -->\n<h1><strong>Ptasi raj i kasztel w Sennem<\/strong><\/h1>\n<p>Idealnym miejscem dla wszystkich, kt\u00f3rzy uciekaj\u0105 przed zgie\u0142kiem miasta i \u017cyciem w ci\u0105g\u0142ym po\u015bpiechu, mog\u0105 by\u0107 zaro\u015bni\u0119te trzcinami <strong>jeziora oraz stawy, gdzie wci\u0105\u017c s\u0142ycha\u0107 przede wszystkim ptasi \u015bpiew<\/strong>. <a href=\"https:\/\/www.kosiceregion.com\/sk\/poi\/senianske-rybniky\/\">Senianske rybn\u00edky<\/a> i <a href=\"https:\/\/www.kosiceregion.com\/sk\/poi\/naucny-chodnik-vtacim-rajom\/\">Ptasi raj (Vt\u00e1\u010d\u00ed raj<\/a><u>) <\/u><strong>ko\u0142o wsi Senn\u00e9<\/strong> na Zempl\u00ednie na pewno spe\u0142ni\u0105 te oczekiwania. Turyst\u0119 oczaruj\u0105 tamtejsze rozleg\u0142e \u0142\u0105ki, mokrad\u0142a pe\u0142ne \u015bwiergotu cennych gatunk\u00f3w ptak\u00f3w i widok czapli z gracj\u0105 wzbijaj\u0105cych si\u0119 do lotu. Jest tu mn\u00f3stwo roztrzepotanych kaczek, majestatycznych \u0142ab\u0119dzi, energicznych nur\u00f3w oraz dostojnych i bystrookich drapie\u017cnych ptak\u00f3w kr\u0105\u017c\u0105cych wysoko nad g\u0142ow\u0105. Sielskie obrazki pozwalaj\u0105 si\u0119 wyciszy\u0107 i zrelaksowa\u0107, lecz obserwuj\u0105c d\u0142ugo niebo, nale\u017cy uwa\u017ca\u0107 nie tylko na kr\u0119gi szyjne, ale tak\u017ce na oczy. To, co mo\u017ce wpa\u015b\u0107 do oka, nie musi by\u0107 kropl\u0105 deszczu, lecz \u201eprezentem\u201d od nieustannie kr\u0105\u017c\u0105cych ptak\u00f3w, kt\u00f3re maj\u0105 sw\u00f3j raj w\u0142a\u015bnie tu, ko\u0142o Sennego.<\/p>\n<!-- \/wp:tadv\/classic-paragraph -->\n\n<!-- wp:image {\"id\":5633,\"sizeSlug\":\"large\",\"linkDestination\":\"none\"} -->\n<figure class=\"wp-block-image size-large\"><img src=\"https:\/\/www.kosiceregion.com\/wp-content\/uploads\/2021\/04\/KP_0031-1024x683.jpg\" alt=\"\" class=\"wp-image-5633\"\/><\/figure>\n<!-- \/wp:image -->\n\n<!-- wp:image {\"id\":5634,\"sizeSlug\":\"large\",\"linkDestination\":\"none\"} -->\n<figure class=\"wp-block-image size-large\"><img src=\"https:\/\/www.kosiceregion.com\/wp-content\/uploads\/2021\/04\/KP_0032-1024x683.jpg\" alt=\"\" class=\"wp-image-5634\"\/><\/figure>\n<!-- \/wp:image -->\n\n<!-- wp:tadv\/classic-paragraph -->\n<p style=\"text-align: justify; background: white; margin: 0cm 0cm 18.0pt 0cm;\"><strong><span lang=\"PL\" style=\"font-family: 'Source Sans Pro',sans-serif; color: #3b3b3b; letter-spacing: -.05pt;\">Obszar specjalnej ochrony ptak\u00f3w jest jednym z najwa\u017cniejszych na S\u0142owacji teren\u00f3w gniazdowania i sejmik\u00f3w na trasie przelot\u00f3w <\/span><\/strong><span lang=\"PL\" style=\"font-family: 'Source Sans Pro',sans-serif; color: #3b3b3b; letter-spacing: -.05pt;\">cennych, zagro\u017conych i nara\u017conych na wygini\u0119cie ptak\u00f3w wodnych. Aby m\u00f3c jak najwi\u0119cej skorzysta\u0107 z takiej wycieczki, nale\u017cy si\u0119 cho\u0107 troch\u0119 do niej przygotowa\u0107 i teoretycznie zapozna\u0107 z zoologi\u0105, botanik\u0105 oraz ornitologi\u0105. Wtedy prze\u017cycia b\u0119d\u0105 silniejsze i trwalsze. Dlatego te\u017c proponujemy kr\u00f3tki przegl\u0105d ptasiej gromadki \u2013 opr\u00f3cz dziesi\u0105tek innych gniazduj\u0105 na tym chronionym obszarze wodno-b\u0142otnym, nale\u017c\u0105cym do mi\u0119dzynarodowej sieci Ramsar, liczne populacje perkoza dwuczubego i kaczki czernicy. Ptasie wyspy zamieszkuj\u0105 natomiast kolonie kormoran\u00f3w zwyczajnych i mew bia\u0142og\u0142owych. Turyst\u00f3w pewnie zainteresuj\u0105 podmok\u0142e zaro\u015bla wierzby, w kt\u00f3rych kryj\u0105 si\u0119 kolonie \u015blepowrona zwyczajnego, czapli siwej czy czapli nadobnej. W\u015br\u00f3d ro\u015blinno\u015bci wodnej wij\u0105 swoje gniazda rybitwy bia\u0142ow\u0105se i wodniki zwyczajne. Wszystko to mo\u017cna podziwia\u0107, spaceruj\u0105c \u015bcie\u017ckami edukacyjnymi o r\u00f3\u017cnych d\u0142ugo\u015bciach i prowadz\u0105cymi w rozmaitych kierunkach. Ca\u0142y ten <b>r\u00f3wninny obszar mo\u017cna ogl\u0105da\u0107 z wie\u017c obserwacyjnych<strong><span style=\"font-family: 'Source Sans Pro',sans-serif;\">.<\/span><\/strong><\/b> Dobrze jest zabra\u0107 ze sob\u0105 na wycieczk\u0119 lornetk\u0119. Miejsce jest dobrze oznaczone, a na znajduj\u0105cych si\u0119 tam tablicach jest wiele ciekawych informacji. Swoistego kolorytu nadaje mu te\u017c tradycyjna studnia z \u017curawiem.<\/span><\/p>\n<!-- \/wp:tadv\/classic-paragraph -->\n\n<!-- wp:tadv\/classic-paragraph -->\n<p><strong>Do staw\u00f3w mo\u017cna dotrze\u0107 r\u00f3wnie\u017c od strony wsi I\u0148a\u010dovce przez \u0142\u0105k\u0119 Beni\u0161rad i mokrad\u0142o Uhlisko.<\/strong> W zwyk\u0142ej wiejskiej cha\u0142upie w Sennem, do kt\u00f3rej dochodzi si\u0119 w kilka minut po skr\u0119ceniu za kasztelem w lewo, mie\u015bci si\u0119 <a href=\"https:\/\/www.facebook.com\/avescentrum\/\">Avescentrum<\/a> \u2013 centrum informacji i wolontariatu. Pr\u0119\u017cnie dzia\u0142a tam organizacja SOS Bird Life Slovakia, kt\u00f3ra stara si\u0119 zachowa\u0107 Ptasi raj dla ptak\u00f3w migruj\u0105cych z r\u00f3\u017cnych dalekich krain, z wybrze\u017cem Afryki w\u0142\u0105cznie. <strong>Wiosn\u0105 ka\u017cdego roku odbywa si\u0119 tam <\/strong><a href=\"https:\/\/tipnatrip.com\/chranene-vtacie-uzemie\/vitanie-zeriavov-senne-dolny-zemplin-2\/\"><strong>Witanie \u017curawi<\/strong><\/a><strong>,<\/strong> podczas kt\u00f3rego mo\u017cna obserwowa\u0107 przylot tych szlachetnych ptak\u00f3w nad s\u0142owackie stawy.<\/p>\n<!-- \/wp:tadv\/classic-paragraph -->\n\n<!-- wp:image {\"id\":5638,\"sizeSlug\":\"large\",\"linkDestination\":\"none\"} -->\n<figure class=\"wp-block-image size-large\"><img src=\"https:\/\/www.kosiceregion.com\/wp-content\/uploads\/2021\/04\/KP_0029-1024x683.jpg\" alt=\"\" class=\"wp-image-5638\"\/><\/figure>\n<!-- \/wp:image -->\n\n<!-- wp:tadv\/classic-paragraph -->\n<p style=\"background: white; margin: 0cm 0cm 18.0pt 0cm;\"><span lang=\"PL\" style=\"font-family: 'Source Sans Pro',sans-serif; color: #3b3b3b; letter-spacing: -.05pt;\">W Sennem stoi te\u017c <strong><span style=\"font-family: 'Source Sans Pro',sans-serif;\">kasztel<\/span><\/strong> zbudowany w XVI wieku przez w\u0142adaj\u0105cych tutejszymi ziemiami Dob\u00f3w jako dw\u00f3r, kt\u00f3ry w XVII wieku zosta\u0142 przebudowany w stylu renesansowym. P\u00f3\u017aniejsi w\u0142a\u015bciciele \u2013 rody szlacheckie V\u00e9cseych i Szt\u00e1raych \u2013 korzysta\u0142y z niego jako z zameczku my\u015bliwskiego podczas s\u0142ynnych polowa\u0144 na ptactwo. Obecnie kasztel jest w remoncie, natomiast w przylegaj\u0105cym do niego parku powstaje tzw. <strong><span style=\"font-family: 'Source Sans Pro',sans-serif;\">apidomek<\/span><\/strong> <b>\u2013 domek dla pszcz\u00f3\u0142 i ludzi przeznaczony do apiterapii (od s\u0142uchania brz\u0119czenia po za\u017cywanie py\u0142ku i innych pszczelich produkt\u00f3w)<\/b>, bez wzajemnego zagro\u017cenia.<\/span><\/p>\n<p>Nie zapomnij zabra\u0107 ze sob\u0105 na wycieczk\u0119 jedzenia i picia, bo w pobli\u017cu rezerwatu nie ma \u017cadnych restauracji ani punkt\u00f3w gastronomicznych.<\/p>\n<p><strong>Miejscowo\u015b\u0107 Senn\u00e9 le\u017cy oko\u0142o\u00a0<\/strong><a href=\"https:\/\/goo.gl\/maps\/csbihFAC8dk2PSxL8\"><strong>90 km od Koszyc<\/strong><\/a> w kierunku na Michalovce. Stamt\u0105d nale\u017cy jecha\u0107 dalej drog\u0105 nr 555 na po\u0142udnie, za wsi\u0105 Zempl\u00ednska \u0160irok\u00e1 i ostatnim skr\u0119tem na Senn\u00e9, na p\u00f3\u0142nocno-wschodnim skraju wsi jest strza\u0142ka kieruj\u0105ca do rezerwatu.<\/p>\n<!-- \/wp:tadv\/classic-paragraph -->\n\n<!-- wp:image {\"id\":5640,\"sizeSlug\":\"large\",\"linkDestination\":\"none\"} -->\n<figure class=\"wp-block-image size-large\"><img src=\"https:\/\/www.kosiceregion.com\/wp-content\/uploads\/2021\/04\/KP_0028-1024x683.jpg\" alt=\"\" class=\"wp-image-5640\"\/><\/figure>\n<!-- \/wp:image -->\n\n<!-- wp:heading {\"level\":5} -->\n<h5 class=\"wp-block-heading\"><strong>Propozycje wycieczek po okolicy<\/strong><\/h5>\n<!-- \/wp:heading -->\n\n<!-- wp:tadv\/classic-paragraph -->\n<p style=\"text-align: justify; background: white; margin: 0cm 0cm 18.0pt 0cm;\"><span lang=\"PL\" style=\"font-family: 'Source Sans Pro',sans-serif; color: #3b3b3b; letter-spacing: -.05pt;\">Z urok\u00f3w Kra\u0144ca \u015awiata mo\u017cna korzysta\u0107 na wiele sposob\u00f3w, wszystko zale\u017cy od tego, czy szuka si\u0119 ma\u0142o znanych miejsc, czy raczej tych najcz\u0119\u015bciej odwiedzanych. Do tych drugich bezsprzecznie nale\u017c\u0105 <strong><span style=\"font-family: 'Source Sans Pro',sans-serif;\">Zempl\u00ednska \u0161\u00edrava<\/span><\/strong> ze wszystkimi atrakcjami, kt\u00f3re oferuje szczeg\u00f3lnie latem, a tak\u017ce Michalovce z obserwatorium astronomicznym i Muzeum Zempl\u00ednskim mieszcz\u0105cym si\u0119 w tamtejszym pa\u0142acu. Pewn\u0105 odmian\u0105 mo\u017ce by\u0107 te\u017c wizyta w znajduj\u0105cym si\u0119 w pobli\u017cu <strong><span style=\"font-family: 'Source Sans Pro',sans-serif;\">najm\u0142odszym miejscu pielgrzymkowym na S\u0142owacji<\/span><\/strong>, kt\u00f3rym jest Vysok\u00e1 nad Uhom. Tam w\u0142a\u015bnie mieszka\u0142a i zosta\u0142a zamordowana b\u0142ogos\u0142awiona Anna Koles\u00e1rov\u00e1. Na terenie sanktuarium jest Dom Pielgrzyma oraz wiele informacji o tej m\u0142odziutkiej s\u0142owackiej m\u0119czennicy. W ko\u015bciele przechowywany jest unikatowy relikwiarz, a na cmentarzu jest gr\u00f3b, w kt\u00f3rym by\u0142o z\u0142o\u017cone cia\u0142o b\u0142ogos\u0142awionej od pogrzebu (23\u00a0listopada 1944 r.) do ekshumacji (28\u00a0kwietnia 2018 r.). Jej beatyfikacja odby\u0142a si\u0119 1\u00a0wrze\u015bnia 2018 roku w Koszycach.<\/span><\/p>\n<!-- \/wp:tadv\/classic-paragraph -->\n\n<!-- wp:separator {\"opacity\":\"css\"} -->\n<hr class=\"wp-block-separator has-css-opacity\"\/>\n<!-- \/wp:separator -->\n\n<!-- wp:heading {\"level\":5} -->\n<h5 class=\"wp-block-heading\">Slu\u017eby v okol\u00ed<\/h5>\n<!-- \/wp:heading -->\n\n<!-- wp:tadv\/classic-paragraph -->\n<p><a href=\"https:\/\/www.facebook.com\/Espresso-Maja-253016511465494\/\" target=\"_blank\" rel=\"noopener\"><strong>Espresso Maja<\/strong><\/a>, Zempl\u00ednska \u0160irok\u00e1 274, 072 13 Zempl\u00ednska \u0160irok\u00e1<\/p>\n<!-- \/wp:tadv\/classic-paragraph -->\n\n<!-- wp:html -->\n<div style=\"-webkit-overflow-scrolling: touch; overflow-y: auto; line-height: 0px;\"><iframe style=\"overflow: hidden; width: 100%; height: 480px;\" allow=\"geolocation *; camera *;\" frameborder=\"0\" src=\"https:\/\/www.mapotic.com\/pozor-na-oci-tu-mame-raj-my\/embed\"><\/iframe><\/div>\n<!-- \/wp:html -->","_pl_post_name":"","_pl_post_excerpt":"","_pl_post_title":"Uwaga na oczy \u2013 to jest nasz raj!","_it_post_content":"","_it_post_name":"","_it_post_excerpt":"","_it_post_title":"","edit_language":"hu","footnotes":""},"categories":[22,353],"tags":[404,340,405],"class_list":["post-5631","post","type-post","status-publish","format-standard","has-post-thumbnail","hentry","category-get-inspired","category-nepoznane-miesta","tag-kastiel-v-sennom","tag-senne","tag-vtaci-raj"],"acf":[],"yoast_head":"<!-- This site is optimized with the Yoast SEO Premium plugin v25.5 (Yoast SEO v27.4) - https:\/\/yoast.com\/product\/yoast-seo-premium-wordpress\/ -->\n<title>Ko\u0161ice Regi\u00f3n<\/title>\n<meta name=\"description\" content=\"Vt\u00e1\u010d\u00ed raj a ka\u0161tie\u013e v Sennom\n\n\n\nIde\u00e1lnym miestom pre v\u0161etk\u00fdch, ktor\u00ed h\u013eadaj\u00fa \u00fanik z mesta a ru\u0161n\u00e9ho \u017eivota m\u00f4\u017eu by\u0165 trs\u0165ou zarasten\u00e9 plochy jazier \u010di rybn\u00edkov, kde vt\u00e1\u010d\u00ed spev m\u00e1 e\u0161te st\u00e1le hlavn\u00e9 slovo. Senianske\u2026\" \/>\n<meta name=\"robots\" content=\"index, follow, max-snippet:-1, max-image-preview:large, max-video-preview:-1\" \/>\n<link rel=\"canonical\" href=\"https:\/\/www.kosiceregion.com\/sk\/pozor-na-oci-tu-mame-raj-my\/\" \/>\n<meta property=\"og:locale\" content=\"hu_HU\" \/>\n<meta property=\"og:type\" content=\"article\" \/>\n<meta property=\"og:title\" content=\"Pozor na o\u010di \u2013 tu m\u00e1me raj my!\" \/>\n<meta property=\"og:description\" content=\"Vt\u00e1\u010d\u00ed raj a ka\u0161tie\u013e v Sennom Ide\u00e1lnym miestom pre v\u0161etk\u00fdch, ktor\u00ed h\u013eadaj\u00fa \u00fanik z mesta a ru\u0161n\u00e9ho \u017eivota m\u00f4\u017eu by\u0165 trs\u0165ou zarasten\u00e9 plochy jazier \u010di\" \/>\n<meta property=\"og:url\" content=\"https:\/\/www.kosiceregion.com\/hu\/wp-json\/wp\/v2\/posts\/5631\" \/>\n<meta property=\"og:site_name\" content=\"Ko\u0161ice Regi\u00f3n\" \/>\n<meta property=\"article:publisher\" content=\"https:\/\/www.facebook.com\/kosiceregion\" \/>\n<meta property=\"article:published_time\" content=\"2021-04-09T12:24:27+00:00\" \/>\n<meta property=\"article:modified_time\" content=\"2023-07-21T15:01:15+00:00\" \/>\n<meta property=\"og:image\" content=\"https:\/\/www.kosiceregion.com\/wp-content\/uploads\/2021\/04\/KP_0029-1-scaled.jpg\" \/>\n\t<meta property=\"og:image:width\" content=\"2560\" \/>\n\t<meta property=\"og:image:height\" content=\"1707\" \/>\n\t<meta property=\"og:image:type\" content=\"image\/jpeg\" \/>\n<meta name=\"author\" content=\"Attila T\u00f6r\u00f6k\" \/>\n<meta name=\"twitter:card\" content=\"summary_large_image\" \/>\n<meta name=\"twitter:creator\" content=\"@KOSICEREGION\" \/>\n<meta name=\"twitter:site\" content=\"@KOSICEREGION\" \/>\n<meta name=\"twitter:label1\" content=\"Szerz\u0151:\" \/>\n\t<meta name=\"twitter:data1\" content=\"Attila T\u00f6r\u00f6k\" \/>\n\t<meta name=\"twitter:label2\" content=\"Becs\u00fclt olvas\u00e1si id\u0151\" \/>\n\t<meta name=\"twitter:data2\" content=\"5 perc\" \/>\n<script type=\"application\/ld+json\" class=\"yoast-schema-graph\">{\"@context\":\"https:\\\/\\\/schema.org\",\"@graph\":[{\"@type\":\"Article\",\"@id\":\"https:\\\/\\\/www.kosiceregion.com\\\/sk\\\/pozor-na-oci-tu-mame-raj-my\\\/#article\",\"isPartOf\":{\"@id\":\"https:\\\/\\\/www.kosiceregion.com\\\/sk\\\/pozor-na-oci-tu-mame-raj-my\\\/\"},\"author\":{\"name\":\"Attila T\u00f6r\u00f6k\",\"@id\":\"https:\\\/\\\/www.kosiceregion.com\\\/#\\\/schema\\\/person\\\/c165be3d928462a4f7283533e3fa9f87\"},\"headline\":\"Pozor na o\u010di \u2013 tu m\u00e1me raj my!\",\"datePublished\":\"2021-04-09T12:24:27+00:00\",\"dateModified\":\"2023-07-21T15:01:15+00:00\",\"mainEntityOfPage\":{\"@id\":\"https:\\\/\\\/www.kosiceregion.com\\\/sk\\\/pozor-na-oci-tu-mame-raj-my\\\/\"},\"wordCount\":924,\"publisher\":{\"@id\":\"https:\\\/\\\/www.kosiceregion.com\\\/#organization\"},\"image\":{\"@id\":\"https:\\\/\\\/www.kosiceregion.com\\\/sk\\\/pozor-na-oci-tu-mame-raj-my\\\/#primaryimage\"},\"thumbnailUrl\":\"https:\\\/\\\/www.kosiceregion.com\\\/wp-content\\\/uploads\\\/2021\\\/04\\\/KP_0029-1-scaled.jpg\",\"keywords\":[\"ka\u0161tie\u013e v sennom\",\"Senn\u00e9\",\"vt\u00e1\u010di raj\"],\"articleSection\":[\"In\u0161piruj sa\",\"Nepoznan\u00e9 miesta\"],\"inLanguage\":\"hu\"},{\"@type\":\"WebPage\",\"@id\":\"https:\\\/\\\/www.kosiceregion.com\\\/sk\\\/pozor-na-oci-tu-mame-raj-my\\\/\",\"url\":\"https:\\\/\\\/www.kosiceregion.com\\\/sk\\\/pozor-na-oci-tu-mame-raj-my\\\/\",\"name\":\"Pozor na o\u010di \u2013 tu m\u00e1me raj my! - Ko\u0161ice Regi\u00f3n\",\"isPartOf\":{\"@id\":\"https:\\\/\\\/www.kosiceregion.com\\\/#website\"},\"primaryImageOfPage\":{\"@id\":\"https:\\\/\\\/www.kosiceregion.com\\\/sk\\\/pozor-na-oci-tu-mame-raj-my\\\/#primaryimage\"},\"image\":{\"@id\":\"https:\\\/\\\/www.kosiceregion.com\\\/sk\\\/pozor-na-oci-tu-mame-raj-my\\\/#primaryimage\"},\"thumbnailUrl\":\"https:\\\/\\\/www.kosiceregion.com\\\/wp-content\\\/uploads\\\/2021\\\/04\\\/KP_0029-1-scaled.jpg\",\"datePublished\":\"2021-04-09T12:24:27+00:00\",\"dateModified\":\"2023-07-21T15:01:15+00:00\",\"description\":\"Vt\u00e1\u010d\u00ed raj a ka\u0161tie\u013e v Sennom Ide\u00e1lnym miestom pre v\u0161etk\u00fdch, ktor\u00ed h\u013eadaj\u00fa \u00fanik z mesta a ru\u0161n\u00e9ho \u017eivota m\u00f4\u017eu by\u0165 trs\u0165ou zarasten\u00e9 plochy jazier \u010di\",\"breadcrumb\":{\"@id\":\"https:\\\/\\\/www.kosiceregion.com\\\/sk\\\/pozor-na-oci-tu-mame-raj-my\\\/#breadcrumb\"},\"inLanguage\":\"hu\",\"potentialAction\":[{\"@type\":\"ReadAction\",\"target\":[\"https:\\\/\\\/www.kosiceregion.com\\\/sk\\\/pozor-na-oci-tu-mame-raj-my\\\/\"]}]},{\"@type\":\"ImageObject\",\"inLanguage\":\"hu\",\"@id\":\"https:\\\/\\\/www.kosiceregion.com\\\/sk\\\/pozor-na-oci-tu-mame-raj-my\\\/#primaryimage\",\"url\":\"https:\\\/\\\/www.kosiceregion.com\\\/wp-content\\\/uploads\\\/2021\\\/04\\\/KP_0029-1-scaled.jpg\",\"contentUrl\":\"https:\\\/\\\/www.kosiceregion.com\\\/wp-content\\\/uploads\\\/2021\\\/04\\\/KP_0029-1-scaled.jpg\",\"width\":2560,\"height\":1707},{\"@type\":\"BreadcrumbList\",\"@id\":\"https:\\\/\\\/www.kosiceregion.com\\\/sk\\\/pozor-na-oci-tu-mame-raj-my\\\/#breadcrumb\",\"itemListElement\":[{\"@type\":\"ListItem\",\"position\":1,\"name\":\"Home\",\"item\":\"https:\\\/\\\/www.kosiceregion.com\\\/sk\\\/\"},{\"@type\":\"ListItem\",\"position\":2,\"name\":\"Pozor na o\u010di \u2013 tu m\u00e1me raj my!\"}]},{\"@type\":\"WebSite\",\"@id\":\"https:\\\/\\\/www.kosiceregion.com\\\/#website\",\"url\":\"https:\\\/\\\/www.kosiceregion.com\\\/\",\"name\":\"Ko\u0161ice Regi\u00f3n\",\"description\":\"Turistick\u00fd sprievodca Ko\u0161ick\u00fdm krajom\",\"publisher\":{\"@id\":\"https:\\\/\\\/www.kosiceregion.com\\\/#organization\"},\"potentialAction\":[{\"@type\":\"SearchAction\",\"target\":{\"@type\":\"EntryPoint\",\"urlTemplate\":\"https:\\\/\\\/www.kosiceregion.com\\\/?s={search_term_string}\"},\"query-input\":{\"@type\":\"PropertyValueSpecification\",\"valueRequired\":true,\"valueName\":\"search_term_string\"}}],\"inLanguage\":\"hu\"},{\"@type\":\"Organization\",\"@id\":\"https:\\\/\\\/www.kosiceregion.com\\\/#organization\",\"name\":\"Ko\u0161ice Regi\u00f3n Turizmus\",\"url\":\"https:\\\/\\\/www.kosiceregion.com\\\/\",\"logo\":{\"@type\":\"ImageObject\",\"inLanguage\":\"hu\",\"@id\":\"https:\\\/\\\/www.kosiceregion.com\\\/#\\\/schema\\\/logo\\\/image\\\/\",\"url\":\"https:\\\/\\\/www.kosiceregion.com\\\/wp-content\\\/uploads\\\/2019\\\/03\\\/logo-web-sk.png\",\"contentUrl\":\"https:\\\/\\\/www.kosiceregion.com\\\/wp-content\\\/uploads\\\/2019\\\/03\\\/logo-web-sk.png\",\"width\":225,\"height\":100,\"caption\":\"Ko\u0161ice Regi\u00f3n Turizmus\"},\"image\":{\"@id\":\"https:\\\/\\\/www.kosiceregion.com\\\/#\\\/schema\\\/logo\\\/image\\\/\"},\"sameAs\":[\"https:\\\/\\\/www.facebook.com\\\/kosiceregion\",\"https:\\\/\\\/x.com\\\/KOSICEREGION\",\"https:\\\/\\\/www.instagram.com\\\/kosiceregion\",\"https:\\\/\\\/www.youtube.com\\\/kosiceregion\"]},{\"@type\":\"Person\",\"@id\":\"https:\\\/\\\/www.kosiceregion.com\\\/#\\\/schema\\\/person\\\/c165be3d928462a4f7283533e3fa9f87\",\"name\":\"Attila T\u00f6r\u00f6k\",\"image\":{\"@type\":\"ImageObject\",\"inLanguage\":\"hu\",\"@id\":\"https:\\\/\\\/secure.gravatar.com\\\/avatar\\\/7536520a24f54162948fc01f9d450948fd7df6ba020d0e39b69d3dcb7e39ee10?s=96&d=mm&r=g\",\"url\":\"https:\\\/\\\/secure.gravatar.com\\\/avatar\\\/7536520a24f54162948fc01f9d450948fd7df6ba020d0e39b69d3dcb7e39ee10?s=96&d=mm&r=g\",\"contentUrl\":\"https:\\\/\\\/secure.gravatar.com\\\/avatar\\\/7536520a24f54162948fc01f9d450948fd7df6ba020d0e39b69d3dcb7e39ee10?s=96&d=mm&r=g\",\"caption\":\"Attila T\u00f6r\u00f6k\"}}]}<\/script>\n<!-- \/ Yoast SEO Premium plugin. -->","yoast_head_json":{"title":"Ko\u0161ice Regi\u00f3n","description":"Vt\u00e1\u010d\u00ed raj a ka\u0161tie\u013e v Sennom\n\n\n\nIde\u00e1lnym miestom pre v\u0161etk\u00fdch, ktor\u00ed h\u013eadaj\u00fa \u00fanik z mesta a ru\u0161n\u00e9ho \u017eivota m\u00f4\u017eu by\u0165 trs\u0165ou zarasten\u00e9 plochy jazier \u010di rybn\u00edkov, kde vt\u00e1\u010d\u00ed spev m\u00e1 e\u0161te st\u00e1le hlavn\u00e9 slovo. Senianske\u2026","robots":{"index":"index","follow":"follow","max-snippet":"max-snippet:-1","max-image-preview":"max-image-preview:large","max-video-preview":"max-video-preview:-1"},"canonical":"https:\/\/www.kosiceregion.com\/sk\/pozor-na-oci-tu-mame-raj-my\/","og_locale":"hu_HU","og_type":"article","og_title":"Pozor na o\u010di \u2013 tu m\u00e1me raj my!","og_description":"Vt\u00e1\u010d\u00ed raj a ka\u0161tie\u013e v Sennom Ide\u00e1lnym miestom pre v\u0161etk\u00fdch, ktor\u00ed h\u013eadaj\u00fa \u00fanik z mesta a ru\u0161n\u00e9ho \u017eivota m\u00f4\u017eu by\u0165 trs\u0165ou zarasten\u00e9 plochy jazier \u010di","og_url":"https:\/\/www.kosiceregion.com\/hu\/wp-json\/wp\/v2\/posts\/5631","og_site_name":"Ko\u0161ice Regi\u00f3n","article_publisher":"https:\/\/www.facebook.com\/kosiceregion","article_published_time":"2021-04-09T12:24:27+00:00","article_modified_time":"2023-07-21T15:01:15+00:00","og_image":[{"width":2560,"height":1707,"url":"https:\/\/www.kosiceregion.com\/wp-content\/uploads\/2021\/04\/KP_0029-1-scaled.jpg","type":"image\/jpeg"}],"author":"Attila T\u00f6r\u00f6k","twitter_card":"summary_large_image","twitter_creator":"@KOSICEREGION","twitter_site":"@KOSICEREGION","twitter_misc":{"Szerz\u0151:":"Attila T\u00f6r\u00f6k","Becs\u00fclt olvas\u00e1si id\u0151":"5 perc"},"schema":{"@context":"https:\/\/schema.org","@graph":[{"@type":"Article","@id":"https:\/\/www.kosiceregion.com\/sk\/pozor-na-oci-tu-mame-raj-my\/#article","isPartOf":{"@id":"https:\/\/www.kosiceregion.com\/sk\/pozor-na-oci-tu-mame-raj-my\/"},"author":{"name":"Attila T\u00f6r\u00f6k","@id":"https:\/\/www.kosiceregion.com\/#\/schema\/person\/c165be3d928462a4f7283533e3fa9f87"},"headline":"Pozor na o\u010di \u2013 tu m\u00e1me raj my!","datePublished":"2021-04-09T12:24:27+00:00","dateModified":"2023-07-21T15:01:15+00:00","mainEntityOfPage":{"@id":"https:\/\/www.kosiceregion.com\/sk\/pozor-na-oci-tu-mame-raj-my\/"},"wordCount":924,"publisher":{"@id":"https:\/\/www.kosiceregion.com\/#organization"},"image":{"@id":"https:\/\/www.kosiceregion.com\/sk\/pozor-na-oci-tu-mame-raj-my\/#primaryimage"},"thumbnailUrl":"https:\/\/www.kosiceregion.com\/wp-content\/uploads\/2021\/04\/KP_0029-1-scaled.jpg","keywords":["ka\u0161tie\u013e v sennom","Senn\u00e9","vt\u00e1\u010di raj"],"articleSection":["In\u0161piruj sa","Nepoznan\u00e9 miesta"],"inLanguage":"hu"},{"@type":"WebPage","@id":"https:\/\/www.kosiceregion.com\/sk\/pozor-na-oci-tu-mame-raj-my\/","url":"https:\/\/www.kosiceregion.com\/sk\/pozor-na-oci-tu-mame-raj-my\/","name":"Pozor na o\u010di \u2013 tu m\u00e1me raj my! - Ko\u0161ice Regi\u00f3n","isPartOf":{"@id":"https:\/\/www.kosiceregion.com\/#website"},"primaryImageOfPage":{"@id":"https:\/\/www.kosiceregion.com\/sk\/pozor-na-oci-tu-mame-raj-my\/#primaryimage"},"image":{"@id":"https:\/\/www.kosiceregion.com\/sk\/pozor-na-oci-tu-mame-raj-my\/#primaryimage"},"thumbnailUrl":"https:\/\/www.kosiceregion.com\/wp-content\/uploads\/2021\/04\/KP_0029-1-scaled.jpg","datePublished":"2021-04-09T12:24:27+00:00","dateModified":"2023-07-21T15:01:15+00:00","description":"Vt\u00e1\u010d\u00ed raj a ka\u0161tie\u013e v Sennom Ide\u00e1lnym miestom pre v\u0161etk\u00fdch, ktor\u00ed h\u013eadaj\u00fa \u00fanik z mesta a ru\u0161n\u00e9ho \u017eivota m\u00f4\u017eu by\u0165 trs\u0165ou zarasten\u00e9 plochy jazier \u010di","breadcrumb":{"@id":"https:\/\/www.kosiceregion.com\/sk\/pozor-na-oci-tu-mame-raj-my\/#breadcrumb"},"inLanguage":"hu","potentialAction":[{"@type":"ReadAction","target":["https:\/\/www.kosiceregion.com\/sk\/pozor-na-oci-tu-mame-raj-my\/"]}]},{"@type":"ImageObject","inLanguage":"hu","@id":"https:\/\/www.kosiceregion.com\/sk\/pozor-na-oci-tu-mame-raj-my\/#primaryimage","url":"https:\/\/www.kosiceregion.com\/wp-content\/uploads\/2021\/04\/KP_0029-1-scaled.jpg","contentUrl":"https:\/\/www.kosiceregion.com\/wp-content\/uploads\/2021\/04\/KP_0029-1-scaled.jpg","width":2560,"height":1707},{"@type":"BreadcrumbList","@id":"https:\/\/www.kosiceregion.com\/sk\/pozor-na-oci-tu-mame-raj-my\/#breadcrumb","itemListElement":[{"@type":"ListItem","position":1,"name":"Home","item":"https:\/\/www.kosiceregion.com\/sk\/"},{"@type":"ListItem","position":2,"name":"Pozor na o\u010di \u2013 tu m\u00e1me raj my!"}]},{"@type":"WebSite","@id":"https:\/\/www.kosiceregion.com\/#website","url":"https:\/\/www.kosiceregion.com\/","name":"Ko\u0161ice Regi\u00f3n","description":"Turistick\u00fd sprievodca Ko\u0161ick\u00fdm krajom","publisher":{"@id":"https:\/\/www.kosiceregion.com\/#organization"},"potentialAction":[{"@type":"SearchAction","target":{"@type":"EntryPoint","urlTemplate":"https:\/\/www.kosiceregion.com\/?s={search_term_string}"},"query-input":{"@type":"PropertyValueSpecification","valueRequired":true,"valueName":"search_term_string"}}],"inLanguage":"hu"},{"@type":"Organization","@id":"https:\/\/www.kosiceregion.com\/#organization","name":"Ko\u0161ice Regi\u00f3n Turizmus","url":"https:\/\/www.kosiceregion.com\/","logo":{"@type":"ImageObject","inLanguage":"hu","@id":"https:\/\/www.kosiceregion.com\/#\/schema\/logo\/image\/","url":"https:\/\/www.kosiceregion.com\/wp-content\/uploads\/2019\/03\/logo-web-sk.png","contentUrl":"https:\/\/www.kosiceregion.com\/wp-content\/uploads\/2019\/03\/logo-web-sk.png","width":225,"height":100,"caption":"Ko\u0161ice Regi\u00f3n Turizmus"},"image":{"@id":"https:\/\/www.kosiceregion.com\/#\/schema\/logo\/image\/"},"sameAs":["https:\/\/www.facebook.com\/kosiceregion","https:\/\/x.com\/KOSICEREGION","https:\/\/www.instagram.com\/kosiceregion","https:\/\/www.youtube.com\/kosiceregion"]},{"@type":"Person","@id":"https:\/\/www.kosiceregion.com\/#\/schema\/person\/c165be3d928462a4f7283533e3fa9f87","name":"Attila T\u00f6r\u00f6k","image":{"@type":"ImageObject","inLanguage":"hu","@id":"https:\/\/secure.gravatar.com\/avatar\/7536520a24f54162948fc01f9d450948fd7df6ba020d0e39b69d3dcb7e39ee10?s=96&d=mm&r=g","url":"https:\/\/secure.gravatar.com\/avatar\/7536520a24f54162948fc01f9d450948fd7df6ba020d0e39b69d3dcb7e39ee10?s=96&d=mm&r=g","contentUrl":"https:\/\/secure.gravatar.com\/avatar\/7536520a24f54162948fc01f9d450948fd7df6ba020d0e39b69d3dcb7e39ee10?s=96&d=mm&r=g","caption":"Attila T\u00f6r\u00f6k"}}]}},"_links":{"self":[{"href":"https:\/\/www.kosiceregion.com\/hu\/wp-json\/wp\/v2\/posts\/5631","targetHints":{"allow":["GET"]}}],"collection":[{"href":"https:\/\/www.kosiceregion.com\/hu\/wp-json\/wp\/v2\/posts"}],"about":[{"href":"https:\/\/www.kosiceregion.com\/hu\/wp-json\/wp\/v2\/types\/post"}],"author":[{"embeddable":true,"href":"https:\/\/www.kosiceregion.com\/hu\/wp-json\/wp\/v2\/users\/10"}],"replies":[{"embeddable":true,"href":"https:\/\/www.kosiceregion.com\/hu\/wp-json\/wp\/v2\/comments?post=5631"}],"version-history":[{"count":5,"href":"https:\/\/www.kosiceregion.com\/hu\/wp-json\/wp\/v2\/posts\/5631\/revisions"}],"predecessor-version":[{"id":11321,"href":"https:\/\/www.kosiceregion.com\/hu\/wp-json\/wp\/v2\/posts\/5631\/revisions\/11321"}],"wp:featuredmedia":[{"embeddable":true,"href":"https:\/\/www.kosiceregion.com\/hu\/wp-json\/wp\/v2\/media\/5647"}],"wp:attachment":[{"href":"https:\/\/www.kosiceregion.com\/hu\/wp-json\/wp\/v2\/media?parent=5631"}],"wp:term":[{"taxonomy":"category","embeddable":true,"href":"https:\/\/www.kosiceregion.com\/hu\/wp-json\/wp\/v2\/categories?post=5631"},{"taxonomy":"post_tag","embeddable":true,"href":"https:\/\/www.kosiceregion.com\/hu\/wp-json\/wp\/v2\/tags?post=5631"}],"curies":[{"name":"wp","href":"https:\/\/api.w.org\/{rel}","templated":true}]}}