{"id":10649,"date":"2023-06-09T18:01:17","date_gmt":"2023-06-09T16:01:17","guid":{"rendered":"https:\/\/www.kosiceregion.com\/sk\/?p=10649"},"modified":"2023-08-22T22:23:37","modified_gmt":"2023-08-22T20:23:37","slug":"","status":"publish","type":"post","link":"https:\/\/www.kosiceregion.com\/it\/umenie-na-mieste-x\/","title":{"rendered":"","raw":""},"content":{"rendered":"","protected":false,"raw":""},"excerpt":{"rendered":"","protected":false,"raw":""},"author":3,"featured_media":10650,"comment_status":"closed","ping_status":"closed","sticky":false,"template":"","format":"standard","meta":{"_acf_changed":false,"_sk_post_content":"<!-- wp:paragraph -->\n<p><strong>Na turistickej, ale i na umeleckej, mape Ko\u0161ick\u00e9ho kraja ofici\u00e1lne objavilo 5 unik\u00e1tnych landartov\u00fdch diel.&nbsp;Projekt <a href=\"https:\/\/www.umenienamieste.sk\">Umenie na mieste X,<\/a> pritiahne do Ko\u0161ick\u00e9ho kraja nov\u00fa skupinu n\u00e1v\u0161tevn\u00edkov a podpor\u00ed \u0161ir\u0161ie vn\u00edmanie princ\u00edpov ekoturizmu v cestovnom ruchu. Koncept symbolick\u00fdch priese\u010dn\u00edkov umenia, \u010dloveka, pr\u00edrody a lokality z\u00e1rove\u0148 symbolizuje 10 rokov sk\u00fasenost\u00ed organiz\u00e1cie v priestore slovensk\u00e9ho cestovn\u00e9ho ruchu.<\/strong><\/p>\n<!-- \/wp:paragraph -->\n\n<!-- wp:image {\"id\":10663,\"sizeSlug\":\"large\",\"linkDestination\":\"none\"} -->\n<figure class=\"wp-block-image size-large\"><img src=\"https:\/\/www.kosiceregion.com\/wp-content\/uploads\/2023\/06\/mapa-umenienamieste-1024x419.jpg\" alt=\"Mapa Umenie na mieste X\" class=\"wp-image-10663\"\/><\/figure>\n<!-- \/wp:image -->\n\n<!-- wp:embed {\"url\":\"https:\/\/youtu.be\/35RPh0ysNK4\",\"type\":\"video\",\"providerNameSlug\":\"youtube\",\"responsive\":true,\"className\":\"wp-embed-aspect-16-9 wp-has-aspect-ratio\"} -->\n<figure class=\"wp-block-embed is-type-video is-provider-youtube wp-block-embed-youtube wp-embed-aspect-16-9 wp-has-aspect-ratio\"><div class=\"wp-block-embed__wrapper\">\nhttps:\/\/youtu.be\/35RPh0ysNK4\n<\/div><\/figure>\n<!-- \/wp:embed -->\n\n<!-- wp:tadv\/classic-paragraph -->\n<p>Dielo <strong>Za \u010dasom na oblohe, <\/strong>ktor\u00e9 vyrast\u00e1 v bl\u00edzkosti Herlianskeho gejz\u00edru, je in\u0161pirovan\u00e9 slne\u010dn\u00fdmi hodinami. Jeho t\u00e9mou je plynutie a pre\u017e\u00edvanie \u010dasu. Jeho integr\u00e1lnou s\u00fa\u010das\u0165ou sa st\u00e1va prich\u00e1dzaj\u00faci \u010dlovek.<\/p>\n<!-- \/wp:tadv\/classic-paragraph -->\n\n<!-- wp:image {\"id\":10651,\"sizeSlug\":\"large\",\"linkDestination\":\"none\"} -->\n<figure class=\"wp-block-image size-large\"><img src=\"https:\/\/www.kosiceregion.com\/wp-content\/uploads\/2023\/06\/za-casom-na-oblohe-1024x691.jpg\" alt=\"Za \u010dasom na oblohe\" class=\"wp-image-10651\"\/><figcaption>Dielo: <strong>Za \u010dasom na oblohe<\/strong>, Autor: Samuel Velebn\u00fd, Lokalita: Herliansky gejz\u00edr<\/figcaption><\/figure>\n<!-- \/wp:image -->\n\n<!-- wp:embed {\"url\":\"https:\/\/soundcloud.com\/kosiceregion\/za-asom-na-oblohe-autor-samuel?in=kosiceregion\/sets\/umenie-na-mieste-x\\u0026si=88f07efdf12b419e9487fdd3586efdaa\\u0026utm_source=clipboard\\u0026utm_medium=text\\u0026utm_campaign=social_sharing\",\"type\":\"rich\",\"providerNameSlug\":\"soundcloud\",\"responsive\":true} -->\n<figure class=\"wp-block-embed is-type-rich is-provider-soundcloud wp-block-embed-soundcloud\"><div class=\"wp-block-embed__wrapper\">\nhttps:\/\/soundcloud.com\/kosiceregion\/za-asom-na-oblohe-autor-samuel?in=kosiceregion\/sets\/umenie-na-mieste-x&amp;si=88f07efdf12b419e9487fdd3586efdaa&amp;utm_source=clipboard&amp;utm_medium=text&amp;utm_campaign=social_sharing\n<\/div><\/figure>\n<!-- \/wp:embed -->\n\n<!-- wp:separator -->\n<hr class=\"wp-block-separator\"\/>\n<!-- \/wp:separator -->\n\n<!-- wp:tadv\/classic-paragraph -->\n<p>In\u0161tal\u00e1cia <strong>Kom\u00e9ta,<\/strong> ktor\u00e1 uv\u00edta n\u00e1v\u0161tevn\u00edkov Z\u00e1dielu, sp\u00e1ja bubon mie\u0161a\u010dky a vyhoden\u00e9 viano\u010dn\u00e9 strom\u010deky. Umiestnen\u00e1 je na pomedz\u00ed pr\u00edrodnej rezerv\u00e1cie a industri\u00e1lnej krajiny, pri\u010dom prep\u00e1ja v\u00e1pencov\u00e9 skaly s ne\u010falekou stavbou cement\u00e1rne.<\/p>\n<!-- \/wp:tadv\/classic-paragraph -->\n\n<!-- wp:image {\"id\":10654,\"sizeSlug\":\"large\",\"linkDestination\":\"none\"} -->\n<figure class=\"wp-block-image size-large\"><img src=\"https:\/\/www.kosiceregion.com\/wp-content\/uploads\/2023\/06\/kometa-1-1024x691.jpg\" alt=\"Kom\u00e9ta\" class=\"wp-image-10654\"\/><figcaption>Dielo:&nbsp;<strong>Kom\u00e9ta<\/strong>, Autor: Michal Machcin\u00edk a Doxa s.r.o., Lokalita: Z\u00e1dielska dolina<br><\/figcaption><\/figure>\n<!-- \/wp:image -->\n\n<!-- wp:embed {\"url\":\"https:\/\/soundcloud.com\/kosiceregion\/kometa-autor-michal-machcinik?in=kosiceregion\/sets\/umenie-na-mieste-x\\u0026si=3c959fce31c34cf48317c6c6b30acc8a\\u0026utm_source=clipboard\\u0026utm_medium=text\\u0026utm_campaign=social_sharing\",\"type\":\"rich\",\"providerNameSlug\":\"soundcloud\",\"responsive\":true} -->\n<figure class=\"wp-block-embed is-type-rich is-provider-soundcloud wp-block-embed-soundcloud\"><div class=\"wp-block-embed__wrapper\">\nhttps:\/\/soundcloud.com\/kosiceregion\/kometa-autor-michal-machcinik?in=kosiceregion\/sets\/umenie-na-mieste-x&amp;si=3c959fce31c34cf48317c6c6b30acc8a&amp;utm_source=clipboard&amp;utm_medium=text&amp;utm_campaign=social_sharing\n<\/div><\/figure>\n<!-- \/wp:embed -->\n\n<!-- wp:separator -->\n<hr class=\"wp-block-separator\"\/>\n<!-- \/wp:separator -->\n\n<!-- wp:tadv\/classic-paragraph -->\n<p>Dielo <strong>Kuka\u0148<\/strong> vytvorili Tom\u00e1\u0161 Kocka Jusko a Alex Selmeci v are\u00e1li Senianskych rybn\u00edkov, ktor\u00e9 s\u00fa v\u00fdznamnou eur\u00f3pskou ornitologickou lokalitou. Dve samostatne stojace vertik\u00e1lne \u0161trukt\u00fary s\u00fa koncipovan\u00e9 ako monumenty spolu\u017eitia vt\u00e1ctva a \u013eud\u00ed.<\/p>\n<!-- \/wp:tadv\/classic-paragraph -->\n\n<!-- wp:image {\"id\":10655,\"sizeSlug\":\"large\",\"linkDestination\":\"none\"} -->\n<figure class=\"wp-block-image size-large\"><img src=\"https:\/\/www.kosiceregion.com\/wp-content\/uploads\/2023\/06\/kukan-1024x691.jpg\" alt=\"Kuka\u0148\" class=\"wp-image-10655\"\/><figcaption>Dielo: <strong>Kuka\u0148<\/strong>, Autor:&nbsp;Tom\u00e1\u0161 Kocka Jusko a Alex Selmeci, Lokalita: Senianske rybn\u00edky &nbsp;<br><\/figcaption><\/figure>\n<!-- \/wp:image -->\n\n<!-- wp:embed {\"url\":\"https:\/\/soundcloud.com\/kosiceregion\/kukan-autor-tomas-kocka-jusko-alex-selmeci?in=kosiceregion\/sets\/umenie-na-mieste-x\\u0026si=88f07efdf12b419e9487fdd3586efdaa\\u0026utm_source=clipboard\\u0026utm_medium=text\\u0026utm_campaign=social_sharing\",\"type\":\"rich\",\"providerNameSlug\":\"soundcloud\",\"responsive\":true} -->\n<figure class=\"wp-block-embed is-type-rich is-provider-soundcloud wp-block-embed-soundcloud\"><div class=\"wp-block-embed__wrapper\">\nhttps:\/\/soundcloud.com\/kosiceregion\/kukan-autor-tomas-kocka-jusko-alex-selmeci?in=kosiceregion\/sets\/umenie-na-mieste-x&amp;si=88f07efdf12b419e9487fdd3586efdaa&amp;utm_source=clipboard&amp;utm_medium=text&amp;utm_campaign=social_sharing\n<\/div><\/figure>\n<!-- \/wp:embed -->\n\n<!-- wp:separator -->\n<hr class=\"wp-block-separator\"\/>\n<!-- \/wp:separator -->\n\n<!-- wp:tadv\/classic-paragraph -->\n<p>Martin Pia\u010dek a Matej Gavula osadili do are\u00e1lu Letohr\u00e1dku Sans Souci v Ilia\u0161ovciach<strong> Figov\u00fa jamu<\/strong> - dielo, ktor\u00e9 poz\u00fdva k \u00favah\u00e1m o enviroment\u00e1lnych v\u00fdzvach, ktor\u00fdm \u010del\u00edme. Pou\u017eit\u00e1 odroda figovn\u00edka je zasaden\u00e1 do priehlbiny, ktor\u00e1 rastline vytv\u00e1ra potrebn\u00fa ochranu a mikrokl\u00edmu.<\/p>\n<!-- \/wp:tadv\/classic-paragraph -->\n\n<!-- wp:image {\"id\":10653,\"sizeSlug\":\"large\",\"linkDestination\":\"none\"} -->\n<figure class=\"wp-block-image size-large\"><img src=\"https:\/\/www.kosiceregion.com\/wp-content\/uploads\/2023\/06\/figovajama-1024x691.jpg\" alt=\"\" class=\"wp-image-10653\"\/><figcaption>Dielo: <strong>Figov\u00e1 jama<\/strong>, Autor: Martin Pia\u010dek a Matej Gavula, Lokalita: Sans Souci<br><\/figcaption><\/figure>\n<!-- \/wp:image -->\n\n<!-- wp:embed {\"url\":\"https:\/\/soundcloud.com\/kosiceregion\/figova-jama?in=kosiceregion\/sets\/umenie-na-mieste-x\\u0026si=88f07efdf12b419e9487fdd3586efdaa\\u0026utm_source=clipboard\\u0026utm_medium=text\\u0026utm_campaign=social_sharing\",\"type\":\"rich\",\"providerNameSlug\":\"soundcloud\",\"responsive\":true} -->\n<figure class=\"wp-block-embed is-type-rich is-provider-soundcloud wp-block-embed-soundcloud\"><div class=\"wp-block-embed__wrapper\">\nhttps:\/\/soundcloud.com\/kosiceregion\/figova-jama?in=kosiceregion\/sets\/umenie-na-mieste-x&amp;si=88f07efdf12b419e9487fdd3586efdaa&amp;utm_source=clipboard&amp;utm_medium=text&amp;utm_campaign=social_sharing\n<\/div><\/figure>\n<!-- \/wp:embed -->\n\n<!-- wp:separator -->\n<hr class=\"wp-block-separator\"\/>\n<!-- \/wp:separator -->\n\n<!-- wp:tadv\/classic-paragraph -->\n<p>Jarmila Mitr\u00edkov\u00e1 vytvorila pri jazere Turzov subt\u00edlne umeleck\u00e9 dielo vych\u00e1dzaj\u00face zo spomienok s n\u00e1zvom<strong> Ra\u010dia proced\u00fara.<\/strong> Abstraktn\u00e1 kompoz\u00edcia tvoren\u00e1 z farebn\u00fdch glazovan\u00fdch keramick\u00fdch \u010dast\u00ed je osaden\u00e1 na brehu jazera na sp\u00f4sob reli\u00e9fnej dla\u017eby.<\/p>\n<!-- \/wp:tadv\/classic-paragraph -->\n\n<!-- wp:image {\"id\":10652,\"sizeSlug\":\"large\",\"linkDestination\":\"none\"} -->\n<figure class=\"wp-block-image size-large\"><img src=\"https:\/\/www.kosiceregion.com\/wp-content\/uploads\/2023\/06\/dracia-proceduta-1024x691.jpg\" alt=\"\" class=\"wp-image-10652\"\/><figcaption>Dielo: <strong>Figov\u00e1 jama<\/strong>, Autor: Martin Pia\u010dek a Matej Gavula, Lokalita: Sans Souci<br><\/figcaption><\/figure>\n<!-- \/wp:image -->\n\n<!-- wp:embed {\"url\":\"https:\/\/soundcloud.com\/kosiceregion\/racia-procedura-autor-jarmila-mitrikov?in=kosiceregion\/sets\/umenie-na-mieste-x\\u0026si=88f07efdf12b419e9487fdd3586efdaa\\u0026utm_source=clipboard\\u0026utm_medium=text\\u0026utm_campaign=social_sharing\",\"type\":\"rich\",\"providerNameSlug\":\"soundcloud\",\"responsive\":true} -->\n<figure class=\"wp-block-embed is-type-rich is-provider-soundcloud wp-block-embed-soundcloud\"><div class=\"wp-block-embed__wrapper\">\nhttps:\/\/soundcloud.com\/kosiceregion\/racia-procedura-autor-jarmila-mitrikov?in=kosiceregion\/sets\/umenie-na-mieste-x&amp;si=88f07efdf12b419e9487fdd3586efdaa&amp;utm_source=clipboard&amp;utm_medium=text&amp;utm_campaign=social_sharing\n<\/div><\/figure>\n<!-- \/wp:embed -->\n\n<!-- wp:separator -->\n<hr class=\"wp-block-separator\"\/>\n<!-- \/wp:separator -->\n\n<!-- wp:tadv\/classic-paragraph -->\n<p>V\u0161etky diela s\u00fa v pr\u00edrodnom prostred\u00ed umiestnen\u00e9 s oh\u013eadom na ducha konkr\u00e9tneho miesta, no z\u00e1rove\u0148 tomuto miestu dod\u00e1vaj\u00fa nov\u00e9 v\u00fdznamy. Je iba na samotnom n\u00e1v\u0161tevn\u00edkovi, ako ich bude \u201e\u010d\u00edta\u0165\u201c. Udr\u017eate\u013enos\u0165 diel na Miestach X je zam\u00fd\u0161\u013ean\u00e1 na minim\u00e1lne dva roky a aktivita samotnej pr\u00edrody sa stane integr\u00e1lnou s\u00fa\u010das\u0165ou ich \u017eivotn\u00e9ho cyklu. \u00a0<\/p>\n<p>\u00a0<\/p>\n<!-- \/wp:tadv\/classic-paragraph -->\n\n<!-- wp:buttons -->\n<div class=\"wp-block-buttons\"><!-- wp:button {\"className\":\"is-style-outline\"} -->\n<div class=\"wp-block-button is-style-outline\"><a class=\"wp-block-button__link\">viac o Umen\u00ed na mieste X<\/a><\/div>\n<!-- \/wp:button --><\/div>\n<!-- \/wp:buttons -->","_sk_post_name":"umenie-na-mieste-x","_sk_post_excerpt":"","_sk_post_title":"Umenie na mieste X","_en_post_content":"","_en_post_name":"","_en_post_excerpt":"","_en_post_title":"","_hu_post_content":"","_hu_post_name":"","_hu_post_excerpt":"","_hu_post_title":"","_es_post_content":"","_es_post_name":"","_es_post_excerpt":"","_es_post_title":"","_de_post_content":"","_de_post_name":"","_de_post_excerpt":"","_de_post_title":"","_pl_post_content":"","_pl_post_name":"","_pl_post_excerpt":"","_pl_post_title":"","_it_post_content":"","_it_post_name":"","_it_post_excerpt":"","_it_post_title":"","edit_language":"it","footnotes":""},"categories":[22],"tags":[],"class_list":["post-10649","post","type-post","status-publish","format-standard","has-post-thumbnail","hentry","category-get-inspired"],"acf":[],"yoast_head":"<!-- This site is optimized with the Yoast SEO Premium plugin v25.5 (Yoast SEO v27.4) - https:\/\/yoast.com\/product\/yoast-seo-premium-wordpress\/ -->\n<title>Ko\u0161ice Regi\u00f3n<\/title>\n<meta name=\"description\" content=\"Na turistickej, ale i na umeleckej, mape Ko\u0161ick\u00e9ho kraja ofici\u00e1lne objavilo 5 unik\u00e1tnych landartov\u00fdch diel.&nbsp;Projekt Umenie na mieste X, pritiahne do Ko\u0161ick\u00e9ho kraja nov\u00fa skupinu n\u00e1v\u0161tevn\u00edkov a podpor\u00ed \u0161ir\u0161ie vn\u00edmanie princ\u00edpov\u2026\" \/>\n<meta name=\"robots\" content=\"index, follow, max-snippet:-1, max-image-preview:large, max-video-preview:-1\" \/>\n<link rel=\"canonical\" href=\"https:\/\/www.kosiceregion.com\/sk\/umenie-na-mieste-x\/\" \/>\n<meta property=\"og:locale\" content=\"it_IT\" \/>\n<meta property=\"og:type\" content=\"article\" \/>\n<meta property=\"og:title\" content=\"Umenie na mieste X\" \/>\n<meta property=\"og:description\" content=\"Projekt Umenie na mieste X, pritiahne do Ko\u0161ick\u00e9ho kraja nov\u00fa skupinu n\u00e1v\u0161tevn\u00edkov a podpor\u00ed \u0161ir\u0161ie vn\u00edmanie princ\u00edpov ekoturizmu.\" \/>\n<meta property=\"og:url\" content=\"https:\/\/www.kosiceregion.com\/it\/wp-json\/wp\/v2\/posts\/10649\" \/>\n<meta property=\"og:site_name\" content=\"Ko\u0161ice Regi\u00f3n\" \/>\n<meta property=\"article:publisher\" content=\"https:\/\/www.facebook.com\/kosiceregion\" \/>\n<meta property=\"article:published_time\" content=\"2023-06-09T16:01:17+00:00\" \/>\n<meta property=\"article:modified_time\" content=\"2023-08-22T20:23:37+00:00\" \/>\n<meta property=\"og:image\" content=\"https:\/\/www.kosiceregion.com\/wp-content\/uploads\/2023\/06\/kometa-scaled.jpg\" \/>\n\t<meta property=\"og:image:width\" content=\"2560\" \/>\n\t<meta property=\"og:image:height\" content=\"1920\" \/>\n\t<meta property=\"og:image:type\" content=\"image\/jpeg\" \/>\n<meta name=\"author\" content=\"Attila Torok\" \/>\n<meta name=\"twitter:card\" content=\"summary_large_image\" \/>\n<meta name=\"twitter:creator\" content=\"@KOSICEREGION\" \/>\n<meta name=\"twitter:site\" content=\"@KOSICEREGION\" \/>\n<meta name=\"twitter:label1\" content=\"Scritto da\" \/>\n\t<meta name=\"twitter:data1\" content=\"Attila Torok\" \/>\n\t<meta name=\"twitter:label2\" content=\"Tempo di lettura stimato\" \/>\n\t<meta name=\"twitter:data2\" content=\"4 minutes\" \/>\n<script type=\"application\/ld+json\" class=\"yoast-schema-graph\">{\"@context\":\"https:\\\/\\\/schema.org\",\"@graph\":[{\"@type\":\"Article\",\"@id\":\"https:\\\/\\\/www.kosiceregion.com\\\/sk\\\/umenie-na-mieste-x\\\/#article\",\"isPartOf\":{\"@id\":\"https:\\\/\\\/www.kosiceregion.com\\\/sk\\\/umenie-na-mieste-x\\\/\"},\"author\":{\"name\":\"Attila Torok\",\"@id\":\"https:\\\/\\\/www.kosiceregion.com\\\/#\\\/schema\\\/person\\\/18aca0bae16b5f9c2d3f5c8e4bbf3391\"},\"headline\":\"Umenie na mieste X\",\"datePublished\":\"2023-06-09T16:01:17+00:00\",\"dateModified\":\"2023-08-22T20:23:37+00:00\",\"mainEntityOfPage\":{\"@id\":\"https:\\\/\\\/www.kosiceregion.com\\\/sk\\\/umenie-na-mieste-x\\\/\"},\"wordCount\":618,\"publisher\":{\"@id\":\"https:\\\/\\\/www.kosiceregion.com\\\/#organization\"},\"image\":{\"@id\":\"https:\\\/\\\/www.kosiceregion.com\\\/sk\\\/umenie-na-mieste-x\\\/#primaryimage\"},\"thumbnailUrl\":\"https:\\\/\\\/www.kosiceregion.com\\\/wp-content\\\/uploads\\\/2023\\\/06\\\/kometa-scaled.jpg\",\"articleSection\":[\"In\u0161piruj sa\"],\"inLanguage\":\"it-IT\"},{\"@type\":\"WebPage\",\"@id\":\"https:\\\/\\\/www.kosiceregion.com\\\/sk\\\/umenie-na-mieste-x\\\/\",\"url\":\"https:\\\/\\\/www.kosiceregion.com\\\/sk\\\/umenie-na-mieste-x\\\/\",\"name\":\"Umenie na mieste X - Ko\u0161ice Regi\u00f3n\",\"isPartOf\":{\"@id\":\"https:\\\/\\\/www.kosiceregion.com\\\/#website\"},\"primaryImageOfPage\":{\"@id\":\"https:\\\/\\\/www.kosiceregion.com\\\/sk\\\/umenie-na-mieste-x\\\/#primaryimage\"},\"image\":{\"@id\":\"https:\\\/\\\/www.kosiceregion.com\\\/sk\\\/umenie-na-mieste-x\\\/#primaryimage\"},\"thumbnailUrl\":\"https:\\\/\\\/www.kosiceregion.com\\\/wp-content\\\/uploads\\\/2023\\\/06\\\/kometa-scaled.jpg\",\"datePublished\":\"2023-06-09T16:01:17+00:00\",\"dateModified\":\"2023-08-22T20:23:37+00:00\",\"description\":\"Projekt Umenie na mieste X, pritiahne do Ko\u0161ick\u00e9ho kraja nov\u00fa skupinu n\u00e1v\u0161tevn\u00edkov a podpor\u00ed \u0161ir\u0161ie vn\u00edmanie princ\u00edpov ekoturizmu.\",\"breadcrumb\":{\"@id\":\"https:\\\/\\\/www.kosiceregion.com\\\/sk\\\/umenie-na-mieste-x\\\/#breadcrumb\"},\"inLanguage\":\"it-IT\",\"potentialAction\":[{\"@type\":\"ReadAction\",\"target\":[\"https:\\\/\\\/www.kosiceregion.com\\\/sk\\\/umenie-na-mieste-x\\\/\"]}]},{\"@type\":\"ImageObject\",\"inLanguage\":\"it-IT\",\"@id\":\"https:\\\/\\\/www.kosiceregion.com\\\/sk\\\/umenie-na-mieste-x\\\/#primaryimage\",\"url\":\"https:\\\/\\\/www.kosiceregion.com\\\/wp-content\\\/uploads\\\/2023\\\/06\\\/kometa-scaled.jpg\",\"contentUrl\":\"https:\\\/\\\/www.kosiceregion.com\\\/wp-content\\\/uploads\\\/2023\\\/06\\\/kometa-scaled.jpg\",\"width\":2560,\"height\":1920,\"caption\":\"Dielo: Kom\u00e9ta, Autor: Michal Machcin\u00edk a Doxa s.r.o., Lokalita: Z\u00e1dielska dolina\"},{\"@type\":\"BreadcrumbList\",\"@id\":\"https:\\\/\\\/www.kosiceregion.com\\\/sk\\\/umenie-na-mieste-x\\\/#breadcrumb\",\"itemListElement\":[{\"@type\":\"ListItem\",\"position\":1,\"name\":\"Home\",\"item\":\"https:\\\/\\\/www.kosiceregion.com\\\/sk\\\/\"},{\"@type\":\"ListItem\",\"position\":2,\"name\":\"Umenie na mieste X\"}]},{\"@type\":\"WebSite\",\"@id\":\"https:\\\/\\\/www.kosiceregion.com\\\/#website\",\"url\":\"https:\\\/\\\/www.kosiceregion.com\\\/\",\"name\":\"Ko\u0161ice Regi\u00f3n\",\"description\":\"Turistick\u00fd sprievodca Ko\u0161ick\u00fdm krajom\",\"publisher\":{\"@id\":\"https:\\\/\\\/www.kosiceregion.com\\\/#organization\"},\"potentialAction\":[{\"@type\":\"SearchAction\",\"target\":{\"@type\":\"EntryPoint\",\"urlTemplate\":\"https:\\\/\\\/www.kosiceregion.com\\\/?s={search_term_string}\"},\"query-input\":{\"@type\":\"PropertyValueSpecification\",\"valueRequired\":true,\"valueName\":\"search_term_string\"}}],\"inLanguage\":\"it-IT\"},{\"@type\":\"Organization\",\"@id\":\"https:\\\/\\\/www.kosiceregion.com\\\/#organization\",\"name\":\"Ko\u0161ice Regi\u00f3n Turizmus\",\"url\":\"https:\\\/\\\/www.kosiceregion.com\\\/\",\"logo\":{\"@type\":\"ImageObject\",\"inLanguage\":\"it-IT\",\"@id\":\"https:\\\/\\\/www.kosiceregion.com\\\/#\\\/schema\\\/logo\\\/image\\\/\",\"url\":\"https:\\\/\\\/www.kosiceregion.com\\\/wp-content\\\/uploads\\\/2019\\\/03\\\/logo-web-sk.png\",\"contentUrl\":\"https:\\\/\\\/www.kosiceregion.com\\\/wp-content\\\/uploads\\\/2019\\\/03\\\/logo-web-sk.png\",\"width\":225,\"height\":100,\"caption\":\"Ko\u0161ice Regi\u00f3n Turizmus\"},\"image\":{\"@id\":\"https:\\\/\\\/www.kosiceregion.com\\\/#\\\/schema\\\/logo\\\/image\\\/\"},\"sameAs\":[\"https:\\\/\\\/www.facebook.com\\\/kosiceregion\",\"https:\\\/\\\/x.com\\\/KOSICEREGION\",\"https:\\\/\\\/www.instagram.com\\\/kosiceregion\",\"https:\\\/\\\/www.youtube.com\\\/kosiceregion\"]},{\"@type\":\"Person\",\"@id\":\"https:\\\/\\\/www.kosiceregion.com\\\/#\\\/schema\\\/person\\\/18aca0bae16b5f9c2d3f5c8e4bbf3391\",\"name\":\"Attila Torok\",\"image\":{\"@type\":\"ImageObject\",\"inLanguage\":\"it-IT\",\"@id\":\"https:\\\/\\\/secure.gravatar.com\\\/avatar\\\/f289d63cba2f064b26e632d396cfd7b9ddc40138c86207c90d65e718e60dd5c6?s=96&d=mm&r=g\",\"url\":\"https:\\\/\\\/secure.gravatar.com\\\/avatar\\\/f289d63cba2f064b26e632d396cfd7b9ddc40138c86207c90d65e718e60dd5c6?s=96&d=mm&r=g\",\"contentUrl\":\"https:\\\/\\\/secure.gravatar.com\\\/avatar\\\/f289d63cba2f064b26e632d396cfd7b9ddc40138c86207c90d65e718e60dd5c6?s=96&d=mm&r=g\",\"caption\":\"Attila Torok\"}}]}<\/script>\n<!-- \/ Yoast SEO Premium plugin. -->","yoast_head_json":{"title":"Ko\u0161ice Regi\u00f3n","description":"Na turistickej, ale i na umeleckej, mape Ko\u0161ick\u00e9ho kraja ofici\u00e1lne objavilo 5 unik\u00e1tnych landartov\u00fdch diel.&nbsp;Projekt Umenie na mieste X, pritiahne do Ko\u0161ick\u00e9ho kraja nov\u00fa skupinu n\u00e1v\u0161tevn\u00edkov a podpor\u00ed \u0161ir\u0161ie vn\u00edmanie princ\u00edpov\u2026","robots":{"index":"index","follow":"follow","max-snippet":"max-snippet:-1","max-image-preview":"max-image-preview:large","max-video-preview":"max-video-preview:-1"},"canonical":"https:\/\/www.kosiceregion.com\/sk\/umenie-na-mieste-x\/","og_locale":"it_IT","og_type":"article","og_title":"Umenie na mieste X","og_description":"Projekt Umenie na mieste X, pritiahne do Ko\u0161ick\u00e9ho kraja nov\u00fa skupinu n\u00e1v\u0161tevn\u00edkov a podpor\u00ed \u0161ir\u0161ie vn\u00edmanie princ\u00edpov ekoturizmu.","og_url":"https:\/\/www.kosiceregion.com\/it\/wp-json\/wp\/v2\/posts\/10649","og_site_name":"Ko\u0161ice Regi\u00f3n","article_publisher":"https:\/\/www.facebook.com\/kosiceregion","article_published_time":"2023-06-09T16:01:17+00:00","article_modified_time":"2023-08-22T20:23:37+00:00","og_image":[{"width":2560,"height":1920,"url":"https:\/\/www.kosiceregion.com\/wp-content\/uploads\/2023\/06\/kometa-scaled.jpg","type":"image\/jpeg"}],"author":"Attila Torok","twitter_card":"summary_large_image","twitter_creator":"@KOSICEREGION","twitter_site":"@KOSICEREGION","twitter_misc":{"Scritto da":"Attila Torok","Tempo di lettura stimato":"4 minutes"},"schema":{"@context":"https:\/\/schema.org","@graph":[{"@type":"Article","@id":"https:\/\/www.kosiceregion.com\/sk\/umenie-na-mieste-x\/#article","isPartOf":{"@id":"https:\/\/www.kosiceregion.com\/sk\/umenie-na-mieste-x\/"},"author":{"name":"Attila Torok","@id":"https:\/\/www.kosiceregion.com\/#\/schema\/person\/18aca0bae16b5f9c2d3f5c8e4bbf3391"},"headline":"Umenie na mieste X","datePublished":"2023-06-09T16:01:17+00:00","dateModified":"2023-08-22T20:23:37+00:00","mainEntityOfPage":{"@id":"https:\/\/www.kosiceregion.com\/sk\/umenie-na-mieste-x\/"},"wordCount":618,"publisher":{"@id":"https:\/\/www.kosiceregion.com\/#organization"},"image":{"@id":"https:\/\/www.kosiceregion.com\/sk\/umenie-na-mieste-x\/#primaryimage"},"thumbnailUrl":"https:\/\/www.kosiceregion.com\/wp-content\/uploads\/2023\/06\/kometa-scaled.jpg","articleSection":["In\u0161piruj sa"],"inLanguage":"it-IT"},{"@type":"WebPage","@id":"https:\/\/www.kosiceregion.com\/sk\/umenie-na-mieste-x\/","url":"https:\/\/www.kosiceregion.com\/sk\/umenie-na-mieste-x\/","name":"Umenie na mieste X - Ko\u0161ice Regi\u00f3n","isPartOf":{"@id":"https:\/\/www.kosiceregion.com\/#website"},"primaryImageOfPage":{"@id":"https:\/\/www.kosiceregion.com\/sk\/umenie-na-mieste-x\/#primaryimage"},"image":{"@id":"https:\/\/www.kosiceregion.com\/sk\/umenie-na-mieste-x\/#primaryimage"},"thumbnailUrl":"https:\/\/www.kosiceregion.com\/wp-content\/uploads\/2023\/06\/kometa-scaled.jpg","datePublished":"2023-06-09T16:01:17+00:00","dateModified":"2023-08-22T20:23:37+00:00","description":"Projekt Umenie na mieste X, pritiahne do Ko\u0161ick\u00e9ho kraja nov\u00fa skupinu n\u00e1v\u0161tevn\u00edkov a podpor\u00ed \u0161ir\u0161ie vn\u00edmanie princ\u00edpov ekoturizmu.","breadcrumb":{"@id":"https:\/\/www.kosiceregion.com\/sk\/umenie-na-mieste-x\/#breadcrumb"},"inLanguage":"it-IT","potentialAction":[{"@type":"ReadAction","target":["https:\/\/www.kosiceregion.com\/sk\/umenie-na-mieste-x\/"]}]},{"@type":"ImageObject","inLanguage":"it-IT","@id":"https:\/\/www.kosiceregion.com\/sk\/umenie-na-mieste-x\/#primaryimage","url":"https:\/\/www.kosiceregion.com\/wp-content\/uploads\/2023\/06\/kometa-scaled.jpg","contentUrl":"https:\/\/www.kosiceregion.com\/wp-content\/uploads\/2023\/06\/kometa-scaled.jpg","width":2560,"height":1920,"caption":"Dielo: Kom\u00e9ta, Autor: Michal Machcin\u00edk a Doxa s.r.o., Lokalita: Z\u00e1dielska dolina"},{"@type":"BreadcrumbList","@id":"https:\/\/www.kosiceregion.com\/sk\/umenie-na-mieste-x\/#breadcrumb","itemListElement":[{"@type":"ListItem","position":1,"name":"Home","item":"https:\/\/www.kosiceregion.com\/sk\/"},{"@type":"ListItem","position":2,"name":"Umenie na mieste X"}]},{"@type":"WebSite","@id":"https:\/\/www.kosiceregion.com\/#website","url":"https:\/\/www.kosiceregion.com\/","name":"Ko\u0161ice Regi\u00f3n","description":"Turistick\u00fd sprievodca Ko\u0161ick\u00fdm krajom","publisher":{"@id":"https:\/\/www.kosiceregion.com\/#organization"},"potentialAction":[{"@type":"SearchAction","target":{"@type":"EntryPoint","urlTemplate":"https:\/\/www.kosiceregion.com\/?s={search_term_string}"},"query-input":{"@type":"PropertyValueSpecification","valueRequired":true,"valueName":"search_term_string"}}],"inLanguage":"it-IT"},{"@type":"Organization","@id":"https:\/\/www.kosiceregion.com\/#organization","name":"Ko\u0161ice Regi\u00f3n Turizmus","url":"https:\/\/www.kosiceregion.com\/","logo":{"@type":"ImageObject","inLanguage":"it-IT","@id":"https:\/\/www.kosiceregion.com\/#\/schema\/logo\/image\/","url":"https:\/\/www.kosiceregion.com\/wp-content\/uploads\/2019\/03\/logo-web-sk.png","contentUrl":"https:\/\/www.kosiceregion.com\/wp-content\/uploads\/2019\/03\/logo-web-sk.png","width":225,"height":100,"caption":"Ko\u0161ice Regi\u00f3n Turizmus"},"image":{"@id":"https:\/\/www.kosiceregion.com\/#\/schema\/logo\/image\/"},"sameAs":["https:\/\/www.facebook.com\/kosiceregion","https:\/\/x.com\/KOSICEREGION","https:\/\/www.instagram.com\/kosiceregion","https:\/\/www.youtube.com\/kosiceregion"]},{"@type":"Person","@id":"https:\/\/www.kosiceregion.com\/#\/schema\/person\/18aca0bae16b5f9c2d3f5c8e4bbf3391","name":"Attila Torok","image":{"@type":"ImageObject","inLanguage":"it-IT","@id":"https:\/\/secure.gravatar.com\/avatar\/f289d63cba2f064b26e632d396cfd7b9ddc40138c86207c90d65e718e60dd5c6?s=96&d=mm&r=g","url":"https:\/\/secure.gravatar.com\/avatar\/f289d63cba2f064b26e632d396cfd7b9ddc40138c86207c90d65e718e60dd5c6?s=96&d=mm&r=g","contentUrl":"https:\/\/secure.gravatar.com\/avatar\/f289d63cba2f064b26e632d396cfd7b9ddc40138c86207c90d65e718e60dd5c6?s=96&d=mm&r=g","caption":"Attila Torok"}}]}},"_links":{"self":[{"href":"https:\/\/www.kosiceregion.com\/it\/wp-json\/wp\/v2\/posts\/10649","targetHints":{"allow":["GET"]}}],"collection":[{"href":"https:\/\/www.kosiceregion.com\/it\/wp-json\/wp\/v2\/posts"}],"about":[{"href":"https:\/\/www.kosiceregion.com\/it\/wp-json\/wp\/v2\/types\/post"}],"author":[{"embeddable":true,"href":"https:\/\/www.kosiceregion.com\/it\/wp-json\/wp\/v2\/users\/3"}],"replies":[{"embeddable":true,"href":"https:\/\/www.kosiceregion.com\/it\/wp-json\/wp\/v2\/comments?post=10649"}],"version-history":[{"count":5,"href":"https:\/\/www.kosiceregion.com\/it\/wp-json\/wp\/v2\/posts\/10649\/revisions"}],"predecessor-version":[{"id":10759,"href":"https:\/\/www.kosiceregion.com\/it\/wp-json\/wp\/v2\/posts\/10649\/revisions\/10759"}],"wp:featuredmedia":[{"embeddable":true,"href":"https:\/\/www.kosiceregion.com\/it\/wp-json\/wp\/v2\/media\/10650"}],"wp:attachment":[{"href":"https:\/\/www.kosiceregion.com\/it\/wp-json\/wp\/v2\/media?parent=10649"}],"wp:term":[{"taxonomy":"category","embeddable":true,"href":"https:\/\/www.kosiceregion.com\/it\/wp-json\/wp\/v2\/categories?post=10649"},{"taxonomy":"post_tag","embeddable":true,"href":"https:\/\/www.kosiceregion.com\/it\/wp-json\/wp\/v2\/tags?post=10649"}],"curies":[{"name":"wp","href":"https:\/\/api.w.org\/{rel}","templated":true}]}}