{"id":11581,"date":"2023-10-13T16:36:26","date_gmt":"2023-10-13T14:36:26","guid":{"rendered":"https:\/\/www.kosiceregion.com\/sk\/?p=11581"},"modified":"2023-10-13T17:08:08","modified_gmt":"2023-10-13T15:08:08","slug":"","status":"publish","type":"post","link":"https:\/\/www.kosiceregion.com\/it\/perinske-rybniky\/","title":{"rendered":"","raw":""},"content":{"rendered":"","protected":false,"raw":""},"excerpt":{"rendered":"","protected":false,"raw":""},"author":15,"featured_media":11584,"comment_status":"closed","ping_status":"closed","sticky":false,"template":"","format":"standard","meta":{"_acf_changed":false,"_sk_post_content":"<!-- wp:heading {\"level\":3} -->\n<h3 class=\"wp-block-heading\">Ambas\u00e1dori Kraja sveta: Na cest\u00e1ch s Nikou<\/h3>\n<!-- \/wp:heading -->\n\n<!-- wp:paragraph -->\n<p>Ako si spr\u00edjemni\u0165 v\u0161edn\u00fd de\u0148 po pr\u00e1ci? \u010co tak nav\u0161t\u00edvi\u0165 neoby\u010dajne oby\u010dajn\u00fd rybn\u00edk s n\u00e1zvom \u201ePer\u00ednske rybn\u00edky\u201c? <\/p>\n<!-- \/wp:paragraph -->\n\n<!-- wp:paragraph -->\n<p>P\u00fdtate sa niekedy, \u017ee pre\u010do sa konkr\u00e9tne miesto naz\u00fdva tak, ako sa vol\u00e1? Ja v\u017edy, preto po tom aj v\u017edy p\u00e1tram. Tak\u017ee, pre\u010do vlastne to privlastnenie? Preto\u017ee z jednej rozhliadne je pekn\u00fd v\u00fdh\u013ead na hladinu dvoch rybn\u00edkov, ktor\u00e9 s\u00fa oddelen\u00e9 len \u00fazkou hr\u00e1dzou.<\/p>\n<!-- \/wp:paragraph -->\n\n<!-- wp:image {\"id\":11582,\"sizeSlug\":\"large\",\"linkDestination\":\"none\"} -->\n<figure class=\"wp-block-image size-large\"><img src=\"https:\/\/www.kosiceregion.com\/wp-content\/uploads\/2023\/10\/1-2-1-1024x768.jpg\" alt=\"\" class=\"wp-image-11582\"\/><\/figure>\n<!-- \/wp:image -->\n\n<!-- wp:paragraph -->\n<p><\/p>\n<!-- \/wp:paragraph -->\n\n<!-- wp:heading -->\n<h2 class=\"wp-block-heading\"> Inform\u00e1cie o trase a lokalite <\/h2>\n<!-- \/wp:heading -->\n\n<!-- wp:tadv\/classic-paragraph -->\n<table class=\" aligncenter\" style=\"height: 409px; width: 72.8588%; border-collapse: collapse;\">\n<tbody>\n<tr style=\"height: 216px;\">\n<td style=\"width: 23.8562%; height: 210px;\"><img class=\"size-full wp-image-5997 aligncenter\" src=\"https:\/\/www.kosiceregion.com\/wp-content\/uploads\/2021\/05\/Icon_black__kids.png\" alt=\"\" width=\"35\" height=\"35\"><\/td>\n<td style=\"width: 23.8562%; height: 210px;\">\n<p><strong>Vhodn\u00e9 pre deti<\/strong><\/p>\n<p>\u00c1NO<\/p>\n<\/td>\n<td style=\"width: 24.6732%; height: 210px;\"><img class=\"size-full wp-image-5998 aligncenter\" src=\"https:\/\/www.kosiceregion.com\/wp-content\/uploads\/2021\/05\/Icon_black__route.png\" alt=\"\" width=\"35\" height=\"35\"><\/td>\n<td style=\"width: 27.2876%; height: 210px;\">\n<p><strong>Zna\u010den\u00e1 trasa <\/strong><\/p>\n<p>\u00c1NO<\/p>\n<\/td>\n<\/tr>\n<tr style=\"height: 216px;\">\n<td style=\"width: 23.8562%; height: 199px;\"><img class=\"size-full wp-image-5999 aligncenter\" src=\"https:\/\/www.kosiceregion.com\/wp-content\/uploads\/2021\/05\/Icon_black__food.png\" alt=\"\" width=\"35\" height=\"35\"><\/td>\n<td style=\"width: 23.8562%; height: 199px;\">\n<p><strong>Stravovacie zariadenie<\/strong><\/p>\n<p>NIE<\/p>\n<\/td>\n<td style=\"width: 24.6732%; height: 199px;\"><img class=\"size-full wp-image-6000 aligncenter\" src=\"https:\/\/www.kosiceregion.com\/wp-content\/uploads\/2021\/05\/Icon_black__challenging.png\" alt=\"\" width=\"35\" height=\"35\"><\/td>\n<td style=\"width: 27.2876%; height: 199px;\">\n<p><strong>N\u00e1ro\u010dnos\u0165 trasy<\/strong><\/p>\n<p style=\"text-align: left;\">\u013dAHK\u00c1<\/p>\n<\/td>\n<\/tr>\n<\/tbody>\n<\/table>\n<!-- \/wp:tadv\/classic-paragraph -->\n\n<!-- wp:spacer {\"height\":\"33px\"} -->\n<div style=\"height:33px\" aria-hidden=\"true\" class=\"wp-block-spacer\"><\/div>\n<!-- \/wp:spacer -->\n\n<!-- wp:paragraph -->\n<p>K&nbsp;rozhliadni je ve\u013emi jednoduch\u00e1 a&nbsp;kr\u00e1tka trasa. Ak nap\u00ed\u0161ete do GPS \u201ePer\u00ednske rybn\u00edky\u201c, navig\u00e1cia v\u00e1s pekne navedie. V\u00fdlet je ide\u00e1lne absolvova\u0165 na bicykli. V pr\u00edpade, \u017ee sa v\u0161ak rozhodnete \u00eds\u0165 autom, cho\u010fte k rybn\u00edkom, a\u017e k\u00fdm \"nenaraz\u00edte\" na tabu\u013eu. Auto viete odparkova\u0165 priamo tam (ale len v pr\u00edpade, \u017ee nie je ryb\u00e1rska sez\u00f3na). N\u00e1sledne sa vyberiete na kr\u00e1tku, no ve\u013emi pekn\u00fa prech\u00e1dzku po po\u013enej ceste (ide\u00e1lne na bicykle), a\u017e k\u00fdm neuvid\u00edte rybn\u00edky. (cca 20 min\u00fat pe\u0161ou ch\u00f4dzou).<\/p>\n<!-- \/wp:paragraph -->\n\n<!-- wp:image {\"id\":11583,\"sizeSlug\":\"large\",\"linkDestination\":\"none\"} -->\n<figure class=\"wp-block-image size-large\"><img src=\"https:\/\/www.kosiceregion.com\/wp-content\/uploads\/2023\/10\/2-2-1-1024x768.jpg\" alt=\"\" class=\"wp-image-11583\"\/><\/figure>\n<!-- \/wp:image -->\n\n<!-- wp:quote -->\n<blockquote class=\"wp-block-quote\"><!-- wp:paragraph -->\n<p>Cel\u00fd are\u00e1l je ve\u013emi pekne upraven\u00fd a&nbsp;n\u00e1v\u0161teva ur\u010dite stoj\u00ed za to. Je tu postaven\u00e1 kr\u00e1sna <strong>rozh\u013ead\u0148a, ktor\u00e1 <\/strong>&nbsp;stoj\u00ed na brehu s&nbsp;v\u00fdh\u013eadom do cel\u00e9ho okolia, no hlavne na prekr\u00e1sne Per\u00ednske rybn\u00edky.<\/p>\n<!-- \/wp:paragraph -->\n\n<!-- wp:image {\"id\":11584,\"sizeSlug\":\"large\",\"linkDestination\":\"none\"} -->\n<figure class=\"wp-block-image size-large\"><img src=\"https:\/\/www.kosiceregion.com\/wp-content\/uploads\/2023\/10\/3-3-1-1024x768.jpg\" alt=\"\" class=\"wp-image-11584\"\/><\/figure>\n<!-- \/wp:image -->\n\n<!-- wp:heading -->\n<h2 class=\"wp-block-heading\">Rozh\u013ead\u0148a - Per\u00ednske rybn\u00edky<\/h2>\n<!-- \/wp:heading --><\/blockquote>\n<!-- \/wp:quote -->\n\n<!-- wp:paragraph -->\n<p>Rozh\u013ead\u0148a bola postaven\u00e1 v roku 2021. Z jej vyhliadkov\u00e9ho podla\u017eia je skvel\u00fd v\u00fdh\u013ead na hladinu okolit\u00fdch rybn\u00edkov a hniezdiace vt\u00e1ctvo. V r\u00e1mci zatrakt\u00edvnenia lokality je tu taktie\u017e vybudovan\u00fd n\u00e1u\u010dn\u00fd chodn\u00edk so \u0161tyrmi informa\u010dn\u00fdmi tabu\u013eami. V pr\u00edpade, \u017ee ste milovn\u00edkmi birdwatchingu t\u00fato lokalitu ur\u010dite odpor\u00fa\u010dam, aj ke\u010f mojou srdcovkou s\u00fa <a href=\"https:\/\/www.kosiceregion.com\/sk\/pozor-na-oci-tu-mame-raj-my\/\">Senianske rybn\u00edky. <\/a><\/p>\n<!-- \/wp:paragraph -->\n\n<!-- wp:gallery {\"linkTo\":\"none\"} -->\n<figure class=\"wp-block-gallery has-nested-images columns-default is-cropped\"><!-- wp:image {\"id\":11587,\"sizeSlug\":\"large\",\"linkDestination\":\"none\"} -->\n<figure class=\"wp-block-image size-large\"><img src=\"https:\/\/www.kosiceregion.com\/wp-content\/uploads\/2023\/10\/4.-2-1-1-1024x768.jpg\" alt=\"\" class=\"wp-image-11587\"\/><\/figure>\n<!-- \/wp:image -->\n\n<!-- wp:image {\"id\":11586,\"sizeSlug\":\"large\",\"linkDestination\":\"none\"} -->\n<figure class=\"wp-block-image size-large\"><img src=\"https:\/\/www.kosiceregion.com\/wp-content\/uploads\/2023\/10\/5.-1-1-1024x768.jpg\" alt=\"\" class=\"wp-image-11586\"\/><\/figure>\n<!-- \/wp:image --><\/figure>\n<!-- \/wp:gallery -->\n\n<!-- wp:paragraph -->\n<p><strong>Mal\u00e1 zauj\u00edmavos\u0165&nbsp; <\/strong>- rybn\u00edky s\u00fa chr\u00e1nen\u00fdm are\u00e1lom vyhl\u00e1sen\u00fdm na ochranu p\u00f4vodn\u00e9ho biotopu rybn\u00edkov mo\u010daristej Bodvianskej depresie, ako cenn\u00e9ho prvku krajiny. Hlavn\u00fdm d\u00f4vodom ochrany je skuto\u010dnos\u0165, \u017ee rybn\u00edky s\u00fa v\u00fdznamn\u00fdm hniezdiskom a migra\u010dnou zast\u00e1vkou vt\u00e1ctva.&nbsp;<\/p>\n<!-- \/wp:paragraph -->\n\n<!-- wp:image {\"id\":11588,\"sizeSlug\":\"large\",\"linkDestination\":\"none\"} -->\n<figure class=\"wp-block-image size-large\"><img src=\"https:\/\/www.kosiceregion.com\/wp-content\/uploads\/2023\/10\/6.-1-1-1024x768.jpg\" alt=\"\" class=\"wp-image-11588\"\/><\/figure>\n<!-- \/wp:image -->\n\n<!-- wp:paragraph -->\n<p>Popri prech\u00e1dzke po are\u00e1li ostal vo mne nezabudnute\u013en\u00fd obraz rozhliadne v&nbsp;odraze hladiny&nbsp; rybn\u00edka. S&nbsp;t\u00fdmto z\u00e1\u017eitkom sa s&nbsp;vami rada podel\u00edm aspo\u0148 jednou fotkou, ktor\u00fa sa mi podarilo zachyti\u0165.&nbsp;<\/p>\n<!-- \/wp:paragraph -->\n\n<!-- wp:image {\"id\":11589,\"sizeSlug\":\"large\",\"linkDestination\":\"none\"} -->\n<figure class=\"wp-block-image size-large\"><img src=\"https:\/\/www.kosiceregion.com\/wp-content\/uploads\/2023\/10\/7-2-1024x768.jpg\" alt=\"\" class=\"wp-image-11589\"\/><\/figure>\n<!-- \/wp:image -->\n\n<!-- wp:paragraph -->\n<p>Nev\u00e1hajte a&nbsp;nav\u0161t\u00edvte toto kr\u00e1sne miesto, aj ke\u010f m\u00e1te menej \u010dasu. Zdravie a psychick\u00e1 pohoda sa v\u00e1m nesk\u00f4r po\u010fakuje. \u010cerstv\u00fd vzduch a&nbsp;kr\u00e1sny spev vt\u00e1kov v\u00e1s upokoj\u00ed a&nbsp;privedie na kr\u00e1sne a&nbsp;pr\u00edjemn\u00e9 my\u0161lienky. Toto miesto v\u00e1s vyvedie&nbsp;z&nbsp;ka\u017edodenn\u00e9ho zhonu.&nbsp;&nbsp;<\/p>\n<!-- \/wp:paragraph -->\n\n<!-- wp:heading {\"level\":3} -->\n<h3 class=\"wp-block-heading\"> Inform\u00e1cie o trase a lokalite <\/h3>\n<!-- \/wp:heading -->\n\n<!-- wp:tadv\/classic-paragraph -->\n<p>\u00a0<\/p>\n<table class=\" aligncenter\" style=\"height: 218px; width: 72.8588%; border-collapse: collapse;\">\n<tbody>\n<tr style=\"height: 216px;\">\n<td style=\"width: 20%; height: 210px;\"><img class=\"aligncenter\" src=\"https:\/\/www.kosiceregion.com\/wp-content\/uploads\/2021\/05\/Icon_black__parking.png\" alt=\"\" width=\"35\" height=\"35\" \/><\/td>\n<td style=\"width: 20%; height: 210px;\">\n<p><strong>Parkovanie<\/strong><\/p>\n<p>\u00c1NO\u00a0<\/p>\n<\/td>\n<td style=\"width: 20.5727%; height: 210px;\"><img class=\"aligncenter\" src=\"https:\/\/www.kosiceregion.com\/wp-content\/uploads\/2021\/05\/Icon_black__bus.png\" alt=\"\" width=\"35\" height=\"35\" \/><\/td>\n<td style=\"width: 22.9886%; height: 210px;\">\n<p><strong>Autobusov\u00e1 zast\u00e1vka<\/strong><\/p>\n<p>NIE<\/p>\n<\/td>\n<\/tr>\n<\/tbody>\n<\/table>\n<p>\u00a0<\/p>\n<!-- \/wp:tadv\/classic-paragraph -->\n\n<!-- wp:shortcode -->\n<iframe style=\"border:none\" src=\"https:\/\/sk.frame.mapy.cz\/s\/mulocutobo\" width=\"100%\" height=\"280\" frameborder=\"0\"><\/iframe>\n<!-- \/wp:shortcode -->\n\n<!-- wp:paragraph -->\n<p><\/p>\n<!-- \/wp:paragraph -->\n\n<!-- wp:image {\"id\":11509,\"sizeSlug\":\"large\",\"linkDestination\":\"none\"} -->\n<figure class=\"wp-block-image size-large\"><img src=\"https:\/\/www.kosiceregion.com\/wp-content\/uploads\/2023\/09\/Obrazok1-1-1024x467.jpg\" alt=\"\" class=\"wp-image-11509\"\/><\/figure>\n<!-- \/wp:image -->","_sk_post_name":"perinske-rybniky","_sk_post_excerpt":"","_sk_post_title":"Per\u00ednske rybn\u00edky","_en_post_content":"","_en_post_name":"","_en_post_excerpt":"","_en_post_title":"","_hu_post_content":"","_hu_post_name":"","_hu_post_excerpt":"","_hu_post_title":"","_es_post_content":"","_es_post_name":"","_es_post_excerpt":"","_es_post_title":"","_de_post_content":"","_de_post_name":"","_de_post_excerpt":"","_de_post_title":"","_pl_post_content":"","_pl_post_name":"","_pl_post_excerpt":"","_pl_post_title":"","_it_post_content":"","_it_post_name":"","_it_post_excerpt":"","_it_post_title":"","edit_language":"it","footnotes":""},"categories":[22,353],"tags":[312,253,48,651,32],"class_list":["post-11581","post","type-post","status-publish","format-standard","has-post-thumbnail","hentry","category-get-inspired","category-nepoznane-miesta","tag-abov","tag-birdwatching","tag-kosice","tag-rybniky","tag-turistika"],"acf":[],"yoast_head":"<!-- This site is optimized with the Yoast SEO Premium plugin v25.5 (Yoast SEO v27.4) - https:\/\/yoast.com\/product\/yoast-seo-premium-wordpress\/ -->\n<title>Ko\u0161ice Regi\u00f3n<\/title>\n<meta name=\"description\" content=\"Ambas\u00e1dori Kraja sveta: Na cest\u00e1ch s Nikou\n\n\n\nAko si spr\u00edjemni\u0165 v\u0161edn\u00fd de\u0148 po pr\u00e1ci? \u010co tak nav\u0161t\u00edvi\u0165 neoby\u010dajne oby\u010dajn\u00fd rybn\u00edk s n\u00e1zvom \u201ePer\u00ednske rybn\u00edky\u201c? \n\n\n\nP\u00fdtate sa niekedy, \u017ee pre\u010do sa konkr\u00e9tne miesto naz\u00fdva\u2026\" \/>\n<meta name=\"robots\" content=\"index, follow, max-snippet:-1, max-image-preview:large, max-video-preview:-1\" \/>\n<link rel=\"canonical\" href=\"https:\/\/www.kosiceregion.com\/sk\/perinske-rybniky\/\" \/>\n<meta property=\"og:locale\" content=\"it_IT\" \/>\n<meta property=\"og:type\" content=\"article\" \/>\n<meta property=\"og:title\" content=\"Per\u00ednske rybn\u00edky - Ko\u0161ice Regi\u00f3n\" \/>\n<meta property=\"og:description\" content=\"Ako si spr\u00edjemni\u0165 v\u0161edn\u00fd de\u0148 po pr\u00e1ci? \u010co tak nav\u0161t\u00edvi\u0165 neoby\u010dajne oby\u010dajn\u00fd rybn\u00edk s n\u00e1zvom Per\u00ednske rybn\u00edky?\" \/>\n<meta property=\"og:url\" content=\"https:\/\/www.kosiceregion.com\/it\/wp-json\/wp\/v2\/posts\/11581\" \/>\n<meta property=\"og:site_name\" content=\"Ko\u0161ice Regi\u00f3n\" \/>\n<meta property=\"article:publisher\" content=\"https:\/\/www.facebook.com\/kosiceregion\" \/>\n<meta property=\"article:published_time\" content=\"2023-10-13T14:36:26+00:00\" \/>\n<meta property=\"article:modified_time\" content=\"2023-10-13T15:08:08+00:00\" \/>\n<meta property=\"og:image\" content=\"https:\/\/www.kosiceregion.com\/wp-content\/uploads\/2023\/10\/Haravara-pribehove-ilustracie-FB-19.jpg\" \/>\n\t<meta property=\"og:image:width\" content=\"1200\" \/>\n\t<meta property=\"og:image:height\" content=\"628\" \/>\n\t<meta property=\"og:image:type\" content=\"image\/jpeg\" \/>\n<meta name=\"author\" content=\"Paula Buliakov\u00e1 Tegelhof\" \/>\n<meta name=\"twitter:card\" content=\"summary_large_image\" \/>\n<meta name=\"twitter:title\" content=\"Per\u00ednske rybn\u00edky\" \/>\n<meta name=\"twitter:creator\" content=\"@KOSICEREGION\" \/>\n<meta name=\"twitter:site\" content=\"@KOSICEREGION\" \/>\n<meta name=\"twitter:label1\" content=\"Scritto da\" \/>\n\t<meta name=\"twitter:data1\" content=\"Paula Buliakov\u00e1 Tegelhof\" \/>\n\t<meta name=\"twitter:label2\" content=\"Tempo di lettura stimato\" \/>\n\t<meta name=\"twitter:data2\" content=\"5 minutes\" \/>\n<script type=\"application\/ld+json\" class=\"yoast-schema-graph\">{\"@context\":\"https:\\\/\\\/schema.org\",\"@graph\":[{\"@type\":\"Article\",\"@id\":\"https:\\\/\\\/www.kosiceregion.com\\\/sk\\\/perinske-rybniky\\\/#article\",\"isPartOf\":{\"@id\":\"https:\\\/\\\/www.kosiceregion.com\\\/sk\\\/perinske-rybniky\\\/\"},\"author\":{\"name\":\"Paula Buliakov\u00e1 Tegelhof\",\"@id\":\"https:\\\/\\\/www.kosiceregion.com\\\/#\\\/schema\\\/person\\\/f58f7c5f26e77a35dc3bf96d432dbd05\"},\"headline\":\"Per\u00ednske rybn\u00edky\",\"datePublished\":\"2023-10-13T14:36:26+00:00\",\"dateModified\":\"2023-10-13T15:08:08+00:00\",\"mainEntityOfPage\":{\"@id\":\"https:\\\/\\\/www.kosiceregion.com\\\/sk\\\/perinske-rybniky\\\/\"},\"wordCount\":537,\"publisher\":{\"@id\":\"https:\\\/\\\/www.kosiceregion.com\\\/#organization\"},\"image\":{\"@id\":\"https:\\\/\\\/www.kosiceregion.com\\\/sk\\\/perinske-rybniky\\\/#primaryimage\"},\"thumbnailUrl\":\"https:\\\/\\\/www.kosiceregion.com\\\/wp-content\\\/uploads\\\/2023\\\/10\\\/3-3-1-scaled.jpg\",\"keywords\":[\"Abov\",\"birdwatching\",\"Ko\u0161ice\",\"rybniky\",\"turistika\"],\"articleSection\":[\"In\u0161piruj sa\",\"Nepoznan\u00e9 miesta\"],\"inLanguage\":\"it-IT\"},{\"@type\":\"WebPage\",\"@id\":\"https:\\\/\\\/www.kosiceregion.com\\\/sk\\\/perinske-rybniky\\\/\",\"url\":\"https:\\\/\\\/www.kosiceregion.com\\\/sk\\\/perinske-rybniky\\\/\",\"name\":\"Per\u00ednske rybn\u00edky - Ko\u0161ice Regi\u00f3n\",\"isPartOf\":{\"@id\":\"https:\\\/\\\/www.kosiceregion.com\\\/#website\"},\"primaryImageOfPage\":{\"@id\":\"https:\\\/\\\/www.kosiceregion.com\\\/sk\\\/perinske-rybniky\\\/#primaryimage\"},\"image\":{\"@id\":\"https:\\\/\\\/www.kosiceregion.com\\\/sk\\\/perinske-rybniky\\\/#primaryimage\"},\"thumbnailUrl\":\"https:\\\/\\\/www.kosiceregion.com\\\/wp-content\\\/uploads\\\/2023\\\/10\\\/3-3-1-scaled.jpg\",\"datePublished\":\"2023-10-13T14:36:26+00:00\",\"dateModified\":\"2023-10-13T15:08:08+00:00\",\"description\":\"Ako si spr\u00edjemni\u0165 v\u0161edn\u00fd de\u0148 po pr\u00e1ci? \u010co tak nav\u0161t\u00edvi\u0165 neoby\u010dajne oby\u010dajn\u00fd rybn\u00edk s n\u00e1zvom Per\u00ednske rybn\u00edky?\",\"breadcrumb\":{\"@id\":\"https:\\\/\\\/www.kosiceregion.com\\\/sk\\\/perinske-rybniky\\\/#breadcrumb\"},\"inLanguage\":\"it-IT\",\"potentialAction\":[{\"@type\":\"ReadAction\",\"target\":[\"https:\\\/\\\/www.kosiceregion.com\\\/sk\\\/perinske-rybniky\\\/\"]}]},{\"@type\":\"ImageObject\",\"inLanguage\":\"it-IT\",\"@id\":\"https:\\\/\\\/www.kosiceregion.com\\\/sk\\\/perinske-rybniky\\\/#primaryimage\",\"url\":\"https:\\\/\\\/www.kosiceregion.com\\\/wp-content\\\/uploads\\\/2023\\\/10\\\/3-3-1-scaled.jpg\",\"contentUrl\":\"https:\\\/\\\/www.kosiceregion.com\\\/wp-content\\\/uploads\\\/2023\\\/10\\\/3-3-1-scaled.jpg\",\"width\":2560,\"height\":1920},{\"@type\":\"BreadcrumbList\",\"@id\":\"https:\\\/\\\/www.kosiceregion.com\\\/sk\\\/perinske-rybniky\\\/#breadcrumb\",\"itemListElement\":[{\"@type\":\"ListItem\",\"position\":1,\"name\":\"Home\",\"item\":\"https:\\\/\\\/www.kosiceregion.com\\\/sk\\\/\"},{\"@type\":\"ListItem\",\"position\":2,\"name\":\"Per\u00ednske rybn\u00edky\"}]},{\"@type\":\"WebSite\",\"@id\":\"https:\\\/\\\/www.kosiceregion.com\\\/#website\",\"url\":\"https:\\\/\\\/www.kosiceregion.com\\\/\",\"name\":\"Ko\u0161ice Regi\u00f3n\",\"description\":\"Turistick\u00fd sprievodca Ko\u0161ick\u00fdm krajom\",\"publisher\":{\"@id\":\"https:\\\/\\\/www.kosiceregion.com\\\/#organization\"},\"potentialAction\":[{\"@type\":\"SearchAction\",\"target\":{\"@type\":\"EntryPoint\",\"urlTemplate\":\"https:\\\/\\\/www.kosiceregion.com\\\/?s={search_term_string}\"},\"query-input\":{\"@type\":\"PropertyValueSpecification\",\"valueRequired\":true,\"valueName\":\"search_term_string\"}}],\"inLanguage\":\"it-IT\"},{\"@type\":\"Organization\",\"@id\":\"https:\\\/\\\/www.kosiceregion.com\\\/#organization\",\"name\":\"Ko\u0161ice Regi\u00f3n Turizmus\",\"url\":\"https:\\\/\\\/www.kosiceregion.com\\\/\",\"logo\":{\"@type\":\"ImageObject\",\"inLanguage\":\"it-IT\",\"@id\":\"https:\\\/\\\/www.kosiceregion.com\\\/#\\\/schema\\\/logo\\\/image\\\/\",\"url\":\"https:\\\/\\\/www.kosiceregion.com\\\/wp-content\\\/uploads\\\/2019\\\/03\\\/logo-web-sk.png\",\"contentUrl\":\"https:\\\/\\\/www.kosiceregion.com\\\/wp-content\\\/uploads\\\/2019\\\/03\\\/logo-web-sk.png\",\"width\":225,\"height\":100,\"caption\":\"Ko\u0161ice Regi\u00f3n Turizmus\"},\"image\":{\"@id\":\"https:\\\/\\\/www.kosiceregion.com\\\/#\\\/schema\\\/logo\\\/image\\\/\"},\"sameAs\":[\"https:\\\/\\\/www.facebook.com\\\/kosiceregion\",\"https:\\\/\\\/x.com\\\/KOSICEREGION\",\"https:\\\/\\\/www.instagram.com\\\/kosiceregion\",\"https:\\\/\\\/www.youtube.com\\\/kosiceregion\"]},{\"@type\":\"Person\",\"@id\":\"https:\\\/\\\/www.kosiceregion.com\\\/#\\\/schema\\\/person\\\/f58f7c5f26e77a35dc3bf96d432dbd05\",\"name\":\"Paula Buliakov\u00e1 Tegelhof\",\"image\":{\"@type\":\"ImageObject\",\"inLanguage\":\"it-IT\",\"@id\":\"https:\\\/\\\/secure.gravatar.com\\\/avatar\\\/efa6a57b2e4fd9b6fdaf15acbda66a000ef0b3e50800a76a64602b268b90db7f?s=96&d=mm&r=g\",\"url\":\"https:\\\/\\\/secure.gravatar.com\\\/avatar\\\/efa6a57b2e4fd9b6fdaf15acbda66a000ef0b3e50800a76a64602b268b90db7f?s=96&d=mm&r=g\",\"contentUrl\":\"https:\\\/\\\/secure.gravatar.com\\\/avatar\\\/efa6a57b2e4fd9b6fdaf15acbda66a000ef0b3e50800a76a64602b268b90db7f?s=96&d=mm&r=g\",\"caption\":\"Paula Buliakov\u00e1 Tegelhof\"}}]}<\/script>\n<!-- \/ Yoast SEO Premium plugin. -->","yoast_head_json":{"title":"Ko\u0161ice Regi\u00f3n","description":"Ambas\u00e1dori Kraja sveta: Na cest\u00e1ch s Nikou\n\n\n\nAko si spr\u00edjemni\u0165 v\u0161edn\u00fd de\u0148 po pr\u00e1ci? \u010co tak nav\u0161t\u00edvi\u0165 neoby\u010dajne oby\u010dajn\u00fd rybn\u00edk s n\u00e1zvom \u201ePer\u00ednske rybn\u00edky\u201c? \n\n\n\nP\u00fdtate sa niekedy, \u017ee pre\u010do sa konkr\u00e9tne miesto naz\u00fdva\u2026","robots":{"index":"index","follow":"follow","max-snippet":"max-snippet:-1","max-image-preview":"max-image-preview:large","max-video-preview":"max-video-preview:-1"},"canonical":"https:\/\/www.kosiceregion.com\/sk\/perinske-rybniky\/","og_locale":"it_IT","og_type":"article","og_title":"Per\u00ednske rybn\u00edky - Ko\u0161ice Regi\u00f3n","og_description":"Ako si spr\u00edjemni\u0165 v\u0161edn\u00fd de\u0148 po pr\u00e1ci? \u010co tak nav\u0161t\u00edvi\u0165 neoby\u010dajne oby\u010dajn\u00fd rybn\u00edk s n\u00e1zvom Per\u00ednske rybn\u00edky?","og_url":"https:\/\/www.kosiceregion.com\/it\/wp-json\/wp\/v2\/posts\/11581","og_site_name":"Ko\u0161ice Regi\u00f3n","article_publisher":"https:\/\/www.facebook.com\/kosiceregion","article_published_time":"2023-10-13T14:36:26+00:00","article_modified_time":"2023-10-13T15:08:08+00:00","og_image":[{"width":1200,"height":628,"url":"https:\/\/www.kosiceregion.com\/wp-content\/uploads\/2023\/10\/Haravara-pribehove-ilustracie-FB-19.jpg","type":"image\/jpeg"}],"author":"Paula Buliakov\u00e1 Tegelhof","twitter_card":"summary_large_image","twitter_title":"Per\u00ednske rybn\u00edky","twitter_creator":"@KOSICEREGION","twitter_site":"@KOSICEREGION","twitter_misc":{"Scritto da":"Paula Buliakov\u00e1 Tegelhof","Tempo di lettura stimato":"5 minutes"},"schema":{"@context":"https:\/\/schema.org","@graph":[{"@type":"Article","@id":"https:\/\/www.kosiceregion.com\/sk\/perinske-rybniky\/#article","isPartOf":{"@id":"https:\/\/www.kosiceregion.com\/sk\/perinske-rybniky\/"},"author":{"name":"Paula Buliakov\u00e1 Tegelhof","@id":"https:\/\/www.kosiceregion.com\/#\/schema\/person\/f58f7c5f26e77a35dc3bf96d432dbd05"},"headline":"Per\u00ednske rybn\u00edky","datePublished":"2023-10-13T14:36:26+00:00","dateModified":"2023-10-13T15:08:08+00:00","mainEntityOfPage":{"@id":"https:\/\/www.kosiceregion.com\/sk\/perinske-rybniky\/"},"wordCount":537,"publisher":{"@id":"https:\/\/www.kosiceregion.com\/#organization"},"image":{"@id":"https:\/\/www.kosiceregion.com\/sk\/perinske-rybniky\/#primaryimage"},"thumbnailUrl":"https:\/\/www.kosiceregion.com\/wp-content\/uploads\/2023\/10\/3-3-1-scaled.jpg","keywords":["Abov","birdwatching","Ko\u0161ice","rybniky","turistika"],"articleSection":["In\u0161piruj sa","Nepoznan\u00e9 miesta"],"inLanguage":"it-IT"},{"@type":"WebPage","@id":"https:\/\/www.kosiceregion.com\/sk\/perinske-rybniky\/","url":"https:\/\/www.kosiceregion.com\/sk\/perinske-rybniky\/","name":"Per\u00ednske rybn\u00edky - Ko\u0161ice Regi\u00f3n","isPartOf":{"@id":"https:\/\/www.kosiceregion.com\/#website"},"primaryImageOfPage":{"@id":"https:\/\/www.kosiceregion.com\/sk\/perinske-rybniky\/#primaryimage"},"image":{"@id":"https:\/\/www.kosiceregion.com\/sk\/perinske-rybniky\/#primaryimage"},"thumbnailUrl":"https:\/\/www.kosiceregion.com\/wp-content\/uploads\/2023\/10\/3-3-1-scaled.jpg","datePublished":"2023-10-13T14:36:26+00:00","dateModified":"2023-10-13T15:08:08+00:00","description":"Ako si spr\u00edjemni\u0165 v\u0161edn\u00fd de\u0148 po pr\u00e1ci? \u010co tak nav\u0161t\u00edvi\u0165 neoby\u010dajne oby\u010dajn\u00fd rybn\u00edk s n\u00e1zvom Per\u00ednske rybn\u00edky?","breadcrumb":{"@id":"https:\/\/www.kosiceregion.com\/sk\/perinske-rybniky\/#breadcrumb"},"inLanguage":"it-IT","potentialAction":[{"@type":"ReadAction","target":["https:\/\/www.kosiceregion.com\/sk\/perinske-rybniky\/"]}]},{"@type":"ImageObject","inLanguage":"it-IT","@id":"https:\/\/www.kosiceregion.com\/sk\/perinske-rybniky\/#primaryimage","url":"https:\/\/www.kosiceregion.com\/wp-content\/uploads\/2023\/10\/3-3-1-scaled.jpg","contentUrl":"https:\/\/www.kosiceregion.com\/wp-content\/uploads\/2023\/10\/3-3-1-scaled.jpg","width":2560,"height":1920},{"@type":"BreadcrumbList","@id":"https:\/\/www.kosiceregion.com\/sk\/perinske-rybniky\/#breadcrumb","itemListElement":[{"@type":"ListItem","position":1,"name":"Home","item":"https:\/\/www.kosiceregion.com\/sk\/"},{"@type":"ListItem","position":2,"name":"Per\u00ednske rybn\u00edky"}]},{"@type":"WebSite","@id":"https:\/\/www.kosiceregion.com\/#website","url":"https:\/\/www.kosiceregion.com\/","name":"Ko\u0161ice Regi\u00f3n","description":"Turistick\u00fd sprievodca Ko\u0161ick\u00fdm krajom","publisher":{"@id":"https:\/\/www.kosiceregion.com\/#organization"},"potentialAction":[{"@type":"SearchAction","target":{"@type":"EntryPoint","urlTemplate":"https:\/\/www.kosiceregion.com\/?s={search_term_string}"},"query-input":{"@type":"PropertyValueSpecification","valueRequired":true,"valueName":"search_term_string"}}],"inLanguage":"it-IT"},{"@type":"Organization","@id":"https:\/\/www.kosiceregion.com\/#organization","name":"Ko\u0161ice Regi\u00f3n Turizmus","url":"https:\/\/www.kosiceregion.com\/","logo":{"@type":"ImageObject","inLanguage":"it-IT","@id":"https:\/\/www.kosiceregion.com\/#\/schema\/logo\/image\/","url":"https:\/\/www.kosiceregion.com\/wp-content\/uploads\/2019\/03\/logo-web-sk.png","contentUrl":"https:\/\/www.kosiceregion.com\/wp-content\/uploads\/2019\/03\/logo-web-sk.png","width":225,"height":100,"caption":"Ko\u0161ice Regi\u00f3n Turizmus"},"image":{"@id":"https:\/\/www.kosiceregion.com\/#\/schema\/logo\/image\/"},"sameAs":["https:\/\/www.facebook.com\/kosiceregion","https:\/\/x.com\/KOSICEREGION","https:\/\/www.instagram.com\/kosiceregion","https:\/\/www.youtube.com\/kosiceregion"]},{"@type":"Person","@id":"https:\/\/www.kosiceregion.com\/#\/schema\/person\/f58f7c5f26e77a35dc3bf96d432dbd05","name":"Paula Buliakov\u00e1 Tegelhof","image":{"@type":"ImageObject","inLanguage":"it-IT","@id":"https:\/\/secure.gravatar.com\/avatar\/efa6a57b2e4fd9b6fdaf15acbda66a000ef0b3e50800a76a64602b268b90db7f?s=96&d=mm&r=g","url":"https:\/\/secure.gravatar.com\/avatar\/efa6a57b2e4fd9b6fdaf15acbda66a000ef0b3e50800a76a64602b268b90db7f?s=96&d=mm&r=g","contentUrl":"https:\/\/secure.gravatar.com\/avatar\/efa6a57b2e4fd9b6fdaf15acbda66a000ef0b3e50800a76a64602b268b90db7f?s=96&d=mm&r=g","caption":"Paula Buliakov\u00e1 Tegelhof"}}]}},"_links":{"self":[{"href":"https:\/\/www.kosiceregion.com\/it\/wp-json\/wp\/v2\/posts\/11581","targetHints":{"allow":["GET"]}}],"collection":[{"href":"https:\/\/www.kosiceregion.com\/it\/wp-json\/wp\/v2\/posts"}],"about":[{"href":"https:\/\/www.kosiceregion.com\/it\/wp-json\/wp\/v2\/types\/post"}],"author":[{"embeddable":true,"href":"https:\/\/www.kosiceregion.com\/it\/wp-json\/wp\/v2\/users\/15"}],"replies":[{"embeddable":true,"href":"https:\/\/www.kosiceregion.com\/it\/wp-json\/wp\/v2\/comments?post=11581"}],"version-history":[{"count":3,"href":"https:\/\/www.kosiceregion.com\/it\/wp-json\/wp\/v2\/posts\/11581\/revisions"}],"predecessor-version":[{"id":11593,"href":"https:\/\/www.kosiceregion.com\/it\/wp-json\/wp\/v2\/posts\/11581\/revisions\/11593"}],"wp:featuredmedia":[{"embeddable":true,"href":"https:\/\/www.kosiceregion.com\/it\/wp-json\/wp\/v2\/media\/11584"}],"wp:attachment":[{"href":"https:\/\/www.kosiceregion.com\/it\/wp-json\/wp\/v2\/media?parent=11581"}],"wp:term":[{"taxonomy":"category","embeddable":true,"href":"https:\/\/www.kosiceregion.com\/it\/wp-json\/wp\/v2\/categories?post=11581"},{"taxonomy":"post_tag","embeddable":true,"href":"https:\/\/www.kosiceregion.com\/it\/wp-json\/wp\/v2\/tags?post=11581"}],"curies":[{"name":"wp","href":"https:\/\/api.w.org\/{rel}","templated":true}]}}