{"id":124,"date":"2019-03-17T19:11:59","date_gmt":"2019-03-17T18:11:59","guid":{"rendered":"http:\/\/dest.kosiceregion.com\/sk\/?p=124"},"modified":"2026-01-09T11:38:07","modified_gmt":"2026-01-09T10:38:07","slug":"","status":"publish","type":"post","link":"https:\/\/www.kosiceregion.com\/it\/casove-pasmo-a-pocasie\/","title":{"rendered":"","raw":""},"content":{"rendered":"","protected":false,"raw":""},"excerpt":{"rendered":"","protected":false,"raw":""},"author":1,"featured_media":125,"comment_status":"closed","ping_status":"closed","sticky":false,"template":"","format":"standard","meta":{"_acf_changed":false,"_sk_post_content":"<!-- wp:tadv\/classic-paragraph -->\n<p>Ko\u0161ice s\u00fa v \u010dasovom p\u00e1sme <strong>GMT +1<\/strong>.<\/p>\n<p>Aj ke\u010f pod\u013ea n\u00e1s nikdy nie je zl\u00fd \u010das na cestovanie po regi\u00f3ne, niektor\u00e9 obdobia s\u00fa, samozrejme, teplej\u0161ie \u010di chladnej\u0161ie. Pozrite si n\u00e1\u0161ho sprievodcu po\u010das\u00edm, aby ste sa rozhodli pre ten najlep\u0161\u00ed \u010das pre v\u00e1\u0161 v\u00fdlet.<\/p>\n<!-- \/wp:tadv\/classic-paragraph -->\n\n<!-- wp:tadv\/classic-paragraph -->\n<table class=\"mt-5\">\n<tbody>\n<tr>\n<td style=\"text-align: right; padding-right: 2rem;\">Janu\u00e1r-Febru\u00e1r<\/td>\n<td style=\"background-color: #2980b9; text-align: center; min-width: 90px;\"><span style=\"color: #ffffff;\">-7 - 3\u00b0C<\/span><\/td>\n<td style=\"padding-left: 2rem;\">ve\u013emi chladno<\/td>\n<\/tr>\n<tr style=\"height: 8px;\">\n<td style=\"font-size: 8px;\">&nbsp;<\/td>\n<\/tr>\n<tr>\n<td style=\"text-align: right; padding-right: 2rem;\">Marec-Apr\u00edl<\/td>\n<td style=\"background-color: #336e7b; text-align: center;\"><span style=\"color: #ffffff;\">0 - 15\u00b0C<\/span><\/td>\n<td style=\"padding-left: 2rem;\">mierne teplej\u0161ie<\/td>\n<\/tr>\n<tr style=\"height: 8px;\">\n<td style=\"font-size: 8px;\">&nbsp;<\/td>\n<\/tr>\n<tr>\n<td style=\"text-align: right; padding-right: 2rem;\">M\u00e1j-J\u00fan<\/td>\n<td style=\"text-align: center; background-color: #e74c3c;\"><span style=\"color: #ffffff;\">10 - 23\u00b0C<\/span><\/td>\n<td style=\"padding-left: 2rem;\">pr\u00edjemne teplo<\/td>\n<\/tr>\n<tr style=\"height: 8px;\">\n<td style=\"font-size: 8px;\">&nbsp;<\/td>\n<\/tr>\n<tr>\n<td style=\"text-align: right; padding-right: 2rem;\">J\u00fal-August<\/td>\n<td style=\"background-color: #d35400; text-align: center;\"><span style=\"color: #ffffff;\">13 - 28\u00b0C<\/span><\/td>\n<td style=\"padding-left: 2rem;\">teplo a\u017e hor\u00faco<\/td>\n<\/tr>\n<tr style=\"height: 8px;\">\n<td style=\"font-size: 8px;\">&nbsp;<\/td>\n<\/tr>\n<tr>\n<td style=\"text-align: right; padding-right: 2rem;\">September-Okt\u00f3ber<\/td>\n<td style=\"background-color: #e74c3c; text-align: center;\"><span style=\"color: #ffffff;\">7 - 20\u00b0C<\/span><\/td>\n<td style=\"padding-left: 2rem;\">pr\u00edjemne teplo, chladnej\u0161ie<\/td>\n<\/tr>\n<tr style=\"height: 8px;\">\n<td style=\"font-size: 8px;\">&nbsp;<\/td>\n<\/tr>\n<tr>\n<td style=\"text-align: right; padding-right: 2rem;\">November-December<\/td>\n<td style=\"background-color: #f39c12; text-align: center;\"><span style=\"color: #ffffff;\">-1 - 7\u00b0C<\/span><\/td>\n<td style=\"padding-left: 2rem;\">chladno<\/td>\n<\/tr>\n<\/tbody>\n<\/table>\n<!-- \/wp:tadv\/classic-paragraph -->","_sk_post_name":"casove-pasmo-a-pocasie","_sk_post_excerpt":"","_sk_post_title":"\u010casov\u00e9 p\u00e1smo a po\u010dasie","_en_post_content":"<!-- wp:tadv\/classic-paragraph -->\n<p>Ko\u0161ice are located in the time zone <strong>GMT +1<\/strong>.<\/p>\n<p>Even there is no such thing as bad weather for exploring Ko\u0161ice region, some time periods are, obviously, warmer and some are colder. Check-out our weather guide to decide on the best time period for your very own trip.<\/p>\n<!-- \/wp:tadv\/classic-paragraph -->\n\n<!-- wp:tadv\/classic-paragraph -->\n<table class=\"mt-5\" style=\"height: 282px;\">\n<tbody>\n<tr style=\"height: 32px;\">\n<td style=\"text-align: right; padding-right: 2rem; height: 32px; width: 208px;\">January-February<\/td>\n<td style=\"background-color: #2980b9; text-align: center; min-width: 90px; height: 32px; width: 94px;\"><span style=\"color: #ffffff;\">-7 - 3\u00b0C<\/span><\/td>\n<td style=\"padding-left: 2rem; height: 32px; width: 256px;\">very cold<\/td>\n<\/tr>\n<tr style=\"height: 8px;\">\n<td style=\"font-size: 8px; height: 18px; width: 208px;\">&nbsp;<\/td>\n<\/tr>\n<tr style=\"height: 32px;\">\n<td style=\"text-align: right; padding-right: 2rem; height: 32px; width: 208px;\">March-April<\/td>\n<td style=\"background-color: #336e7b; text-align: center; height: 32px; width: 94px;\"><span style=\"color: #ffffff;\">0 - 15\u00b0C<\/span><\/td>\n<td style=\"padding-left: 2rem; height: 32px; width: 256px;\">cold to mild<\/td>\n<\/tr>\n<tr style=\"height: 8px;\">\n<td style=\"font-size: 8px; height: 18px; width: 208px;\">&nbsp;<\/td>\n<\/tr>\n<tr style=\"height: 32px;\">\n<td style=\"text-align: right; padding-right: 2rem; height: 32px; width: 208px;\">May-June<\/td>\n<td style=\"text-align: center; background-color: #e74c3c; height: 32px; width: 94px;\"><span style=\"color: #ffffff;\">10 - 23\u00b0C<\/span><\/td>\n<td style=\"padding-left: 2rem; height: 32px; width: 256px;\">pleasantly warm<\/td>\n<\/tr>\n<tr style=\"height: 8px;\">\n<td style=\"font-size: 8px; height: 18px; width: 208px;\">&nbsp;<\/td>\n<\/tr>\n<tr style=\"height: 32px;\">\n<td style=\"text-align: right; padding-right: 2rem; height: 32px; width: 208px;\">July-August<\/td>\n<td style=\"background-color: #d35400; text-align: center; height: 32px; width: 94px;\"><span style=\"color: #ffffff;\">13 - 28\u00b0C<\/span><\/td>\n<td style=\"padding-left: 2rem; height: 32px; width: 256px;\">warm to hot<\/td>\n<\/tr>\n<tr style=\"height: 8px;\">\n<td style=\"font-size: 8px; height: 18px; width: 208px;\">&nbsp;<\/td>\n<\/tr>\n<tr style=\"height: 32px;\">\n<td style=\"text-align: right; padding-right: 2rem; height: 32px; width: 208px;\">September-October<\/td>\n<td style=\"background-color: #e74c3c; text-align: center; height: 32px; width: 94px;\"><span style=\"color: #ffffff;\">7 - 20\u00b0C<\/span><\/td>\n<td style=\"padding-left: 2rem; height: 32px; width: 256px;\">pleasantly warm, colder<\/td>\n<\/tr>\n<tr style=\"height: 8px;\">\n<td style=\"font-size: 8px; height: 18px; width: 208px;\">&nbsp;<\/td>\n<\/tr>\n<tr style=\"height: 32px;\">\n<td style=\"text-align: right; padding-right: 2rem; height: 32px; width: 208px;\">November-December<\/td>\n<td style=\"background-color: #f39c12; text-align: center; height: 32px; width: 94px;\"><span style=\"color: #ffffff;\">-1 - 7\u00b0C<\/span><\/td>\n<td style=\"padding-left: 2rem; height: 32px; width: 256px;\">cold<\/td>\n<\/tr>\n<\/tbody>\n<\/table>\n<!-- \/wp:tadv\/classic-paragraph -->","_en_post_name":"time-zone-and-weather-conditions","_en_post_excerpt":"","_en_post_title":"Time Zone and Weather Conditions","_hu_post_content":"<!-- wp:tadv\/classic-paragraph -->\n<p>B\u00e1r a r\u00e9gi\u00f3 megismer\u00e9s\u00e9re nincs alkalmatlan id\u0151, m\u00e9gis valamely id\u0151szakok \u2013 term\u00e9szetesen \u2013 melegebbek, valamelyek hidegebbek.<\/p>\n<p>Tekints\u00e9k me kis id\u0151j\u00f3sunkat, hogy eld\u00fcnthess\u00e9k, melyik id\u0151szak felel meg \u00d6n\u00f6knek legink\u00e1bb r\u00e9gi\u00f3nk felfedez\u00e9s\u00e9re.<\/p>\n<!-- \/wp:tadv\/classic-paragraph -->\n\n<!-- wp:tadv\/classic-paragraph -->\n<table class=\"mt-5\">\n<tbody>\n<tr>\n<td style=\"text-align: right; padding-right: 2rem;\">Janu\u00e1r-Febru\u00e1r<\/td>\n<td style=\"background-color: #2980b9; text-align: center; min-width: 90px;\"><span style=\"color: #ffffff;\">-7 - 3\u00b0C<\/span><\/td>\n<td style=\"padding-left: 2rem;\">nagyon hideg<\/td>\n<\/tr>\n<tr style=\"height: 8px;\">\n<td style=\"font-size: 8px;\">&nbsp;<\/td>\n<\/tr>\n<tr>\n<td style=\"text-align: right; padding-right: 2rem;\">M\u00e1rcius-\u00c1prilis<\/td>\n<td style=\"background-color: #336e7b; text-align: center;\"><span style=\"color: #ffffff;\">0 - 15\u00b0C<\/span><\/td>\n<td style=\"padding-left: 2rem;\">enyh\u00e9n meleg<\/td>\n<\/tr>\n<tr style=\"height: 8px;\">\n<td style=\"font-size: 8px;\">&nbsp;<\/td>\n<\/tr>\n<tr>\n<td style=\"text-align: right; padding-right: 2rem;\">M\u00e1jus-J\u00fanius<\/td>\n<td style=\"text-align: center; background-color: #e74c3c;\"><span style=\"color: #ffffff;\">10 - 23\u00b0C<\/span><\/td>\n<td style=\"padding-left: 2rem;\">kellemesen meleg<\/td>\n<\/tr>\n<tr style=\"height: 8px;\">\n<td style=\"font-size: 8px;\">&nbsp;<\/td>\n<\/tr>\n<tr>\n<td style=\"text-align: right; padding-right: 2rem;\">J\u00falius-Augusztus<\/td>\n<td style=\"background-color: #d35400; text-align: center;\"><span style=\"color: #ffffff;\">13 - 28\u00b0C<\/span><\/td>\n<td style=\"padding-left: 2rem;\">meleg, forr\u00f3s\u00e1g<\/td>\n<\/tr>\n<tr style=\"height: 8px;\">\n<td style=\"font-size: 8px;\">&nbsp;<\/td>\n<\/tr>\n<tr>\n<td style=\"text-align: right; padding-right: 2rem;\">Szeptember-Okt\u00f3ber<\/td>\n<td style=\"background-color: #e74c3c; text-align: center;\"><span style=\"color: #ffffff;\">7 - 20\u00b0C<\/span><\/td>\n<td style=\"padding-left: 2rem;\">kellemesen meleg, h\u0171v\u00f6sebb<\/td>\n<\/tr>\n<tr style=\"height: 8px;\">\n<td style=\"font-size: 8px;\">&nbsp;<\/td>\n<\/tr>\n<tr>\n<td style=\"text-align: right; padding-right: 2rem;\">November-December<\/td>\n<td style=\"background-color: #f39c12; text-align: center;\"><span style=\"color: #ffffff;\">-1 - 7\u00b0C<\/span><\/td>\n<td style=\"padding-left: 2rem;\">hideg<\/td>\n<\/tr>\n<\/tbody>\n<\/table>\n<!-- \/wp:tadv\/classic-paragraph -->","_hu_post_name":"a-kassai-regio-idojarasa","_hu_post_excerpt":"","_hu_post_title":"A kassai r\u00e9gi\u00f3 id\u0151j\u00e1r\u00e1sa","_es_post_content":"<!-- wp:tadv\/classic-paragraph -->\n<div><span lang=\"EN\">Ko\u0161ice se encuentra en la zona horaria <strong>GMT +1.<\/strong><\/span><\/div>\n<div>\u00a0<\/div>\n<p style=\"font-weight: 400;\">Aunque no existe algo como mal tiempo para explorar la regi\u00f3n de Ko\u0161ice, algunos per\u00edodos son, evidentemente, m\u00e1s c\u00e1lidos y otros m\u00e1s fr\u00edos.<br \/>Consulta nuestra gu\u00eda meteorol\u00f3gica para decidir cu\u00e1l es el mejor momento para tu viaje.<\/p>\n<!-- \/wp:tadv\/classic-paragraph -->\n\n<!-- wp:tadv\/classic-paragraph -->\n<table class=\"mt-5\">\n<tbody>\n<tr>\n<td style=\"text-align: right; padding-right: 2rem;\">\n<div><span lang=\"EN\">Enero \u2013 Febrero<\/span><\/div>\n<\/td>\n<td style=\"background-color: #2980b9; text-align: center; min-width: 90px;\"><span style=\"color: #ffffff;\">-7 - 3\u00b0C<\/span><\/td>\n<td style=\"padding-left: 2rem;\">\n<div><span lang=\"EN\">muy fr\u00edo<\/span><\/div>\n<\/td>\n<\/tr>\n<tr style=\"height: 8px;\">\n<td style=\"font-size: 8px;\">\u00a0<\/td>\n<\/tr>\n<tr>\n<td style=\"text-align: right; padding-right: 2rem;\">\n<div><span lang=\"EN\">Marzo \u2013 Abril<\/span><\/div>\n<\/td>\n<td style=\"background-color: #336e7b; text-align: center;\"><span style=\"color: #ffffff;\">0 - 15\u00b0C<\/span><\/td>\n<td style=\"padding-left: 2rem;\">\n<div><span lang=\"EN\">fr\u00edo a templado<\/span><\/div>\n<\/td>\n<\/tr>\n<tr style=\"height: 8px;\">\n<td style=\"font-size: 8px;\">\u00a0<\/td>\n<\/tr>\n<tr>\n<td style=\"text-align: right; padding-right: 2rem;\">\n<div><span lang=\"EN\">Mayo \u2013 Junio<\/span><\/div>\n<\/td>\n<td style=\"text-align: center; background-color: #e74c3c;\"><span style=\"color: #ffffff;\">10 - 23\u00b0C<\/span><\/td>\n<td style=\"padding-left: 2rem;\">\n<div><span lang=\"EN\">agradablemente c\u00e1lido<\/span><\/div>\n<\/td>\n<\/tr>\n<tr style=\"height: 8px;\">\n<td style=\"font-size: 8px;\">\u00a0<\/td>\n<\/tr>\n<tr>\n<td style=\"text-align: right; padding-right: 2rem;\">\n<div><span lang=\"EN\">Julio \u2013 Agosto<\/span><\/div>\n<\/td>\n<td style=\"background-color: #d35400; text-align: center;\"><span style=\"color: #ffffff;\">13 - 28\u00b0C<\/span><\/td>\n<td style=\"padding-left: 2rem;\">\n<div><span lang=\"EN\">c\u00e1lido a caluroso<\/span><\/div>\n<\/td>\n<\/tr>\n<tr style=\"height: 8px;\">\n<td style=\"font-size: 8px;\">\u00a0<\/td>\n<\/tr>\n<tr>\n<td style=\"text-align: right; padding-right: 2rem;\">\n<div><span lang=\"EN\">Septiembre \u2013 Octubre<\/span><\/div>\n<\/td>\n<td style=\"background-color: #e74c3c; text-align: center;\"><span style=\"color: #ffffff;\">7 - 20\u00b0C<\/span><\/td>\n<td style=\"padding-left: 2rem;\">\n<div><span lang=\"EN\">agradablemente c\u00e1lido, algo m\u00e1s fr\u00edo<\/span><\/div>\n<\/td>\n<\/tr>\n<tr style=\"height: 8px;\">\n<td style=\"font-size: 8px;\">\u00a0<\/td>\n<\/tr>\n<tr>\n<td style=\"text-align: right; padding-right: 2rem;\">\n<div><span lang=\"EN\">Noviembre \u2013 Diciembre<\/span><\/div>\n<\/td>\n<td style=\"background-color: #f39c12; text-align: center;\"><span style=\"color: #ffffff;\">-1 - 7\u00b0C<\/span><\/td>\n<td style=\"padding-left: 2rem;\">\n<div><span lang=\"EN\">fr\u00edo<\/span><\/div>\n<\/td>\n<\/tr>\n<\/tbody>\n<\/table>\n<!-- \/wp:tadv\/classic-paragraph -->","_es_post_name":"","_es_post_excerpt":"","_es_post_title":"Zona horaria y condiciones meteorol\u00f3gicas","_de_post_content":"<!-- wp:tadv\/classic-paragraph -->\n<p>Ko\u0161ice liegt in der Zeitzone <strong>GMT +1<\/strong>.<\/p>\n<p>Aj ke\u010f pod\u013ea n\u00e1s nikdy nie je zl\u00fd \u010das na cestovanie po regi\u00f3ne, niektor\u00e9 obdobia s\u00fa, samozrejme, teplej\u0161ie \u010di chladnej\u0161ie. Pozrite si n\u00e1\u0161ho sprievodcu po\u010das\u00edm, aby ste sa rozhodli pre ten najlep\u0161\u00ed \u010das pre v\u00e1\u0161 v\u00fdlet.<\/p>\n<!-- \/wp:tadv\/classic-paragraph -->\n\n<p><!-- wp:tadv\/classic-paragraph --><\/p>\n<table class=\"mt-5\" style=\"height: 282px; width: 100%;\">\n<tbody>\n<tr style=\"height: 32px;\">\n<td style=\"text-align: right; padding-right: 2rem; height: 32px; width: 208px;\">Januar-Februar<\/td>\n<td style=\"background-color: #2980b9; text-align: center; min-width: 90px; height: 32px; width: 94px;\"><span style=\"color: #ffffff;\">-7 - 3\u00b0C<\/span><\/td>\n<td style=\"padding-left: 2rem; height: 32px; width: 256px;\">sehr kalt<\/td>\n<\/tr>\n<tr style=\"height: 8px;\">\n<td style=\"font-size: 8px; height: 18px; width: 208px;\">\u00a0<\/td>\n<\/tr>\n<tr style=\"height: 32px;\">\n<td style=\"text-align: right; padding-right: 2rem; height: 32px; width: 208px;\">M\u00e4rz-April<\/td>\n<td style=\"background-color: #336e7b; text-align: center; height: 32px; width: 94px;\"><span style=\"color: #ffffff;\">0 - 15\u00b0C<\/span><\/td>\n<td style=\"padding-left: 2rem; height: 32px; width: 256px;\">m\u00e4\u00dfig warm<\/td>\n<\/tr>\n<tr style=\"height: 8px;\">\n<td style=\"font-size: 8px; height: 18px; width: 208px;\">\u00a0<\/td>\n<\/tr>\n<tr style=\"height: 32px;\">\n<td style=\"text-align: right; padding-right: 2rem; height: 32px; width: 208px;\">Mai-Juni<\/td>\n<td style=\"text-align: center; background-color: #e74c3c; height: 32px; width: 94px;\"><span style=\"color: #ffffff;\">10 - 23\u00b0C<\/span><\/td>\n<td style=\"padding-left: 2rem; height: 32px; width: 256px;\">angenehm warm<\/td>\n<\/tr>\n<tr style=\"height: 8px;\">\n<td style=\"font-size: 8px; height: 18px; width: 208px;\">\u00a0<\/td>\n<\/tr>\n<tr style=\"height: 32px;\">\n<td style=\"text-align: right; padding-right: 2rem; height: 32px; width: 208px;\">Juli-August<\/td>\n<td style=\"background-color: #d35400; text-align: center; height: 32px; width: 94px;\"><span style=\"color: #ffffff;\">13 - 28\u00b0C<\/span><\/td>\n<td style=\"padding-left: 2rem; height: 32px; width: 256px;\">warm bis hei\u00df<\/td>\n<\/tr>\n<tr style=\"height: 8px;\">\n<td style=\"font-size: 8px; height: 18px; width: 208px;\">\u00a0<\/td>\n<\/tr>\n<tr style=\"height: 32px;\">\n<td style=\"text-align: right; padding-right: 2rem; height: 32px; width: 208px;\">September-Oktober<\/td>\n<td style=\"background-color: #e74c3c; text-align: center; height: 32px; width: 94px;\"><span style=\"color: #ffffff;\">7 - 20\u00b0C<\/span><\/td>\n<td style=\"padding-left: 2rem; height: 32px; width: 256px;\">angenehm warm, k\u00e4lter<\/td>\n<\/tr>\n<tr style=\"height: 8px;\">\n<td style=\"font-size: 8px; height: 18px; width: 208px;\">\u00a0<\/td>\n<\/tr>\n<tr style=\"height: 32px;\">\n<td style=\"text-align: right; padding-right: 2rem; height: 32px; width: 208px;\">November-Dezember<\/td>\n<td style=\"background-color: #f39c12; text-align: center; height: 32px; width: 94px;\"><span style=\"color: #ffffff;\">-1 - 7\u00b0C<\/span><\/td>\n<td style=\"padding-left: 2rem; height: 32px; width: 256px;\">kalt<\/td>\n<\/tr>\n<\/tbody>\n<\/table>\n<p><!-- \/wp:tadv\/classic-paragraph --><\/p>","_de_post_name":"","_de_post_excerpt":"","_de_post_title":"Zeitzone und Wetter","_pl_post_content":"<!-- wp:tadv\/classic-paragraph -->\n<p>Koszyce le\u017c\u0105 w strefie czasowej <strong>GMT +1<\/strong>.<\/p>\n<p>Cho\u0107 naszym zdaniem nigdy nie ma z\u0142ego czasu na zwiedzani tego regionu, to oczywi\u015bcie niekt\u00f3re pory roku s\u0105 cieplejsze, a inne ch\u0142odniejsze. Prosz\u0119 zerkn\u0105\u0107 do naszego przewodnika pogodowego, by wybra\u0107 najlepszy czas na swoj\u0105 wycieczk\u0119.<\/p>\n<!-- \/wp:tadv\/classic-paragraph -->\n\n<!-- wp:tadv\/classic-paragraph -->\n<table class=\"mt-5\" style=\"width: 100%; height: 203px;\">\n<tbody>\n<tr style=\"height: 23px;\">\n<td style=\"text-align: right; padding-right: 2rem; height: 23px;\">Stycze\u0144-Luty<\/td>\n<td style=\"background-color: #2980b9; text-align: center; min-width: 90px; height: 23px;\"><span style=\"color: #ffffff;\">-7 - 3\u00b0C<\/span><\/td>\n<td style=\"padding-left: 2rem; height: 23px;\">bardzo zimno<\/td>\n<\/tr>\n<tr style=\"height: 8px;\">\n<td style=\"font-size: 8px; height: 13px;\">\u00a0<\/td>\n<td style=\"height: 13px;\">\u00a0<\/td>\n<td style=\"height: 13px;\">\u00a0<\/td>\n<\/tr>\n<tr style=\"height: 23px;\">\n<td style=\"text-align: right; padding-right: 2rem; height: 23px;\">Marzec-Kwiecie\u0144<\/td>\n<td style=\"background-color: #336e7b; text-align: center; height: 23px;\"><span style=\"color: #ffffff;\">0 - 15\u00b0C<\/span><\/td>\n<td style=\"padding-left: 2rem; height: 23px;\">nieco cieplej<\/td>\n<\/tr>\n<tr style=\"height: 8px;\">\n<td style=\"font-size: 8px; height: 13px;\">\u00a0<\/td>\n<td style=\"height: 13px;\">\u00a0<\/td>\n<td style=\"height: 13px;\">\u00a0<\/td>\n<\/tr>\n<tr style=\"height: 23px;\">\n<td style=\"text-align: right; padding-right: 2rem; height: 23px;\">Maj-Czerwiec<\/td>\n<td style=\"text-align: center; background-color: #e74c3c; height: 23px;\"><span style=\"color: #ffffff;\">10 - 23\u00b0C<\/span><\/td>\n<td style=\"padding-left: 2rem; height: 23px;\">przyjemnie ciep\u0142o<\/td>\n<\/tr>\n<tr style=\"height: 8px;\">\n<td style=\"font-size: 8px; height: 13px;\">\u00a0<\/td>\n<td style=\"height: 13px;\">\u00a0<\/td>\n<td style=\"height: 13px;\">\u00a0<\/td>\n<\/tr>\n<tr style=\"height: 23px;\">\n<td style=\"text-align: right; padding-right: 2rem; height: 23px;\">Lipiec-Sierpie\u0144<\/td>\n<td style=\"background-color: #d35400; text-align: center; height: 23px;\"><span style=\"color: #ffffff;\">13 - 28\u00b0C<\/span><\/td>\n<td style=\"padding-left: 2rem; height: 23px;\">ciep\u0142o, a nawet gor\u0105co<\/td>\n<\/tr>\n<tr style=\"height: 8px;\">\n<td style=\"font-size: 8px; height: 13px;\">\u00a0<\/td>\n<td style=\"height: 13px;\">\u00a0<\/td>\n<td style=\"height: 13px;\">\u00a0<\/td>\n<\/tr>\n<tr style=\"height: 23px;\">\n<td style=\"text-align: right; padding-right: 2rem; height: 23px;\">Wrzesie\u0144-Pa\u017adziernik<\/td>\n<td style=\"background-color: #e74c3c; text-align: center; height: 23px;\"><span style=\"color: #ffffff;\">7 - 20\u00b0C<\/span><\/td>\n<td style=\"padding-left: 2rem; height: 23px;\">przyjemnie ciep\u0142o, ch\u0142odniej<\/td>\n<\/tr>\n<tr style=\"height: 8px;\">\n<td style=\"font-size: 8px; height: 13px;\">\u00a0<\/td>\n<td style=\"height: 13px;\">\u00a0<\/td>\n<td style=\"height: 13px;\">\u00a0<\/td>\n<\/tr>\n<tr style=\"height: 23px;\">\n<td style=\"text-align: right; padding-right: 2rem; height: 23px;\">Listopad-Grudzie\u0144<\/td>\n<td style=\"background-color: #f39c12; text-align: center; height: 23px;\"><span style=\"color: #ffffff;\">-1 - 7\u00b0C<\/span><\/td>\n<td style=\"padding-left: 2rem; height: 23px;\">zimno<\/td>\n<\/tr>\n<\/tbody>\n<\/table>\n<!-- \/wp:tadv\/classic-paragraph -->","_pl_post_name":"","_pl_post_excerpt":"","_pl_post_title":"Strefa czasowa i pogoda","_it_post_content":"","_it_post_name":"","_it_post_excerpt":"","_it_post_title":"","edit_language":"it","footnotes":""},"categories":[13],"tags":[],"class_list":["post-124","post","type-post","status-publish","format-standard","has-post-thumbnail","hentry","category-useful-info"],"acf":[],"yoast_head":"<!-- This site is optimized with the Yoast SEO Premium plugin v25.5 (Yoast SEO v27.4) - https:\/\/yoast.com\/product\/yoast-seo-premium-wordpress\/ -->\n<title>Ko\u0161ice Regi\u00f3n<\/title>\n<meta name=\"description\" content=\"Ko\u0161ice s\u00fa v \u010dasovom p\u00e1sme GMT +1.\nAj ke\u010f pod\u013ea n\u00e1s nikdy nie je zl\u00fd \u010das na cestovanie po regi\u00f3ne, niektor\u00e9 obdobia s\u00fa, samozrejme, teplej\u0161ie \u010di chladnej\u0161ie. Pozrite si n\u00e1\u0161ho sprievodcu po\u010das\u00edm, aby ste sa rozhodli pre ten\u2026\" \/>\n<meta name=\"robots\" content=\"index, follow, max-snippet:-1, max-image-preview:large, max-video-preview:-1\" \/>\n<link rel=\"canonical\" href=\"https:\/\/www.kosiceregion.com\/sk\/casove-pasmo-a-pocasie\/\" \/>\n<meta property=\"og:locale\" content=\"it_IT\" \/>\n<meta property=\"og:type\" content=\"article\" \/>\n<meta property=\"og:title\" content=\"\u010casov\u00e9 p\u00e1smo a po\u010dasie\" \/>\n<meta property=\"og:description\" content=\"Ko\u0161ice s\u00fa v \u010dasovom p\u00e1sme GMT +1. Aj ke\u010f pod\u013ea n\u00e1s nikdy nie je zl\u00fd \u010das na cestovanie po regi\u00f3ne, niektor\u00e9 obdobia s\u00fa, samozrejme, teplej\u0161ie \u010di\" \/>\n<meta property=\"og:url\" content=\"https:\/\/www.kosiceregion.com\/it\/wp-json\/wp\/v2\/posts\/124\" \/>\n<meta property=\"og:site_name\" content=\"Ko\u0161ice Regi\u00f3n\" \/>\n<meta property=\"article:publisher\" content=\"https:\/\/www.facebook.com\/kosiceregion\" \/>\n<meta property=\"article:published_time\" content=\"2019-03-17T18:11:59+00:00\" \/>\n<meta property=\"article:modified_time\" content=\"2026-01-09T10:38:07+00:00\" \/>\n<meta property=\"og:image\" content=\"https:\/\/www.kosiceregion.com\/wp-content\/uploads\/2019\/03\/timezone.jpg\" \/>\n\t<meta property=\"og:image:width\" content=\"640\" \/>\n\t<meta property=\"og:image:height\" content=\"360\" \/>\n\t<meta property=\"og:image:type\" content=\"image\/jpeg\" \/>\n<meta name=\"author\" content=\"admin\" \/>\n<meta name=\"twitter:card\" content=\"summary_large_image\" \/>\n<meta name=\"twitter:creator\" content=\"@KOSICEREGION\" \/>\n<meta name=\"twitter:site\" content=\"@KOSICEREGION\" \/>\n<meta name=\"twitter:label1\" content=\"Scritto da\" \/>\n\t<meta name=\"twitter:data1\" content=\"admin\" \/>\n\t<meta name=\"twitter:label2\" content=\"Tempo di lettura stimato\" \/>\n\t<meta name=\"twitter:data2\" content=\"1 minute\" \/>\n<script type=\"application\/ld+json\" class=\"yoast-schema-graph\">{\"@context\":\"https:\\\/\\\/schema.org\",\"@graph\":[{\"@type\":\"Article\",\"@id\":\"https:\\\/\\\/www.kosiceregion.com\\\/sk\\\/casove-pasmo-a-pocasie\\\/#article\",\"isPartOf\":{\"@id\":\"https:\\\/\\\/www.kosiceregion.com\\\/sk\\\/casove-pasmo-a-pocasie\\\/\"},\"author\":{\"name\":\"admin\",\"@id\":\"https:\\\/\\\/www.kosiceregion.com\\\/#\\\/schema\\\/person\\\/a3b410b349e630c8edb959e58d35ea17\"},\"headline\":\"\u010casov\u00e9 p\u00e1smo a po\u010dasie\",\"datePublished\":\"2019-03-17T18:11:59+00:00\",\"dateModified\":\"2026-01-09T10:38:07+00:00\",\"mainEntityOfPage\":{\"@id\":\"https:\\\/\\\/www.kosiceregion.com\\\/sk\\\/casove-pasmo-a-pocasie\\\/\"},\"wordCount\":110,\"publisher\":{\"@id\":\"https:\\\/\\\/www.kosiceregion.com\\\/#organization\"},\"image\":{\"@id\":\"https:\\\/\\\/www.kosiceregion.com\\\/sk\\\/casove-pasmo-a-pocasie\\\/#primaryimage\"},\"thumbnailUrl\":\"https:\\\/\\\/www.kosiceregion.com\\\/wp-content\\\/uploads\\\/2019\\\/03\\\/timezone.jpg\",\"articleSection\":[\"U\u017eito\u010dn\u00e9 inform\u00e1cie\"],\"inLanguage\":\"it-IT\"},{\"@type\":\"WebPage\",\"@id\":\"https:\\\/\\\/www.kosiceregion.com\\\/sk\\\/casove-pasmo-a-pocasie\\\/\",\"url\":\"https:\\\/\\\/www.kosiceregion.com\\\/sk\\\/casove-pasmo-a-pocasie\\\/\",\"name\":\"\u010casov\u00e9 p\u00e1smo a po\u010dasie - Ko\u0161ice Regi\u00f3n\",\"isPartOf\":{\"@id\":\"https:\\\/\\\/www.kosiceregion.com\\\/#website\"},\"primaryImageOfPage\":{\"@id\":\"https:\\\/\\\/www.kosiceregion.com\\\/sk\\\/casove-pasmo-a-pocasie\\\/#primaryimage\"},\"image\":{\"@id\":\"https:\\\/\\\/www.kosiceregion.com\\\/sk\\\/casove-pasmo-a-pocasie\\\/#primaryimage\"},\"thumbnailUrl\":\"https:\\\/\\\/www.kosiceregion.com\\\/wp-content\\\/uploads\\\/2019\\\/03\\\/timezone.jpg\",\"datePublished\":\"2019-03-17T18:11:59+00:00\",\"dateModified\":\"2026-01-09T10:38:07+00:00\",\"description\":\"Ko\u0161ice s\u00fa v \u010dasovom p\u00e1sme GMT +1. Aj ke\u010f pod\u013ea n\u00e1s nikdy nie je zl\u00fd \u010das na cestovanie po regi\u00f3ne, niektor\u00e9 obdobia s\u00fa, samozrejme, teplej\u0161ie \u010di\",\"breadcrumb\":{\"@id\":\"https:\\\/\\\/www.kosiceregion.com\\\/sk\\\/casove-pasmo-a-pocasie\\\/#breadcrumb\"},\"inLanguage\":\"it-IT\",\"potentialAction\":[{\"@type\":\"ReadAction\",\"target\":[\"https:\\\/\\\/www.kosiceregion.com\\\/sk\\\/casove-pasmo-a-pocasie\\\/\"]}]},{\"@type\":\"ImageObject\",\"inLanguage\":\"it-IT\",\"@id\":\"https:\\\/\\\/www.kosiceregion.com\\\/sk\\\/casove-pasmo-a-pocasie\\\/#primaryimage\",\"url\":\"https:\\\/\\\/www.kosiceregion.com\\\/wp-content\\\/uploads\\\/2019\\\/03\\\/timezone.jpg\",\"contentUrl\":\"https:\\\/\\\/www.kosiceregion.com\\\/wp-content\\\/uploads\\\/2019\\\/03\\\/timezone.jpg\",\"width\":640,\"height\":360},{\"@type\":\"BreadcrumbList\",\"@id\":\"https:\\\/\\\/www.kosiceregion.com\\\/sk\\\/casove-pasmo-a-pocasie\\\/#breadcrumb\",\"itemListElement\":[{\"@type\":\"ListItem\",\"position\":1,\"name\":\"Home\",\"item\":\"https:\\\/\\\/www.kosiceregion.com\\\/sk\\\/\"},{\"@type\":\"ListItem\",\"position\":2,\"name\":\"\u010casov\u00e9 p\u00e1smo a po\u010dasie\"}]},{\"@type\":\"WebSite\",\"@id\":\"https:\\\/\\\/www.kosiceregion.com\\\/#website\",\"url\":\"https:\\\/\\\/www.kosiceregion.com\\\/\",\"name\":\"Ko\u0161ice Regi\u00f3n\",\"description\":\"Turistick\u00fd sprievodca Ko\u0161ick\u00fdm krajom\",\"publisher\":{\"@id\":\"https:\\\/\\\/www.kosiceregion.com\\\/#organization\"},\"potentialAction\":[{\"@type\":\"SearchAction\",\"target\":{\"@type\":\"EntryPoint\",\"urlTemplate\":\"https:\\\/\\\/www.kosiceregion.com\\\/?s={search_term_string}\"},\"query-input\":{\"@type\":\"PropertyValueSpecification\",\"valueRequired\":true,\"valueName\":\"search_term_string\"}}],\"inLanguage\":\"it-IT\"},{\"@type\":\"Organization\",\"@id\":\"https:\\\/\\\/www.kosiceregion.com\\\/#organization\",\"name\":\"Ko\u0161ice Regi\u00f3n Turizmus\",\"url\":\"https:\\\/\\\/www.kosiceregion.com\\\/\",\"logo\":{\"@type\":\"ImageObject\",\"inLanguage\":\"it-IT\",\"@id\":\"https:\\\/\\\/www.kosiceregion.com\\\/#\\\/schema\\\/logo\\\/image\\\/\",\"url\":\"https:\\\/\\\/www.kosiceregion.com\\\/wp-content\\\/uploads\\\/2019\\\/03\\\/logo-web-sk.png\",\"contentUrl\":\"https:\\\/\\\/www.kosiceregion.com\\\/wp-content\\\/uploads\\\/2019\\\/03\\\/logo-web-sk.png\",\"width\":225,\"height\":100,\"caption\":\"Ko\u0161ice Regi\u00f3n Turizmus\"},\"image\":{\"@id\":\"https:\\\/\\\/www.kosiceregion.com\\\/#\\\/schema\\\/logo\\\/image\\\/\"},\"sameAs\":[\"https:\\\/\\\/www.facebook.com\\\/kosiceregion\",\"https:\\\/\\\/x.com\\\/KOSICEREGION\",\"https:\\\/\\\/www.instagram.com\\\/kosiceregion\",\"https:\\\/\\\/www.youtube.com\\\/kosiceregion\"]},{\"@type\":\"Person\",\"@id\":\"https:\\\/\\\/www.kosiceregion.com\\\/#\\\/schema\\\/person\\\/a3b410b349e630c8edb959e58d35ea17\",\"name\":\"admin\",\"image\":{\"@type\":\"ImageObject\",\"inLanguage\":\"it-IT\",\"@id\":\"https:\\\/\\\/secure.gravatar.com\\\/avatar\\\/ff684514e5ef32cec7525b9d568f44fc6074207a97f9768a9d8162f4d8ea5d0d?s=96&d=mm&r=g\",\"url\":\"https:\\\/\\\/secure.gravatar.com\\\/avatar\\\/ff684514e5ef32cec7525b9d568f44fc6074207a97f9768a9d8162f4d8ea5d0d?s=96&d=mm&r=g\",\"contentUrl\":\"https:\\\/\\\/secure.gravatar.com\\\/avatar\\\/ff684514e5ef32cec7525b9d568f44fc6074207a97f9768a9d8162f4d8ea5d0d?s=96&d=mm&r=g\",\"caption\":\"admin\"}}]}<\/script>\n<!-- \/ Yoast SEO Premium plugin. -->","yoast_head_json":{"title":"Ko\u0161ice Regi\u00f3n","description":"Ko\u0161ice s\u00fa v \u010dasovom p\u00e1sme GMT +1.\nAj ke\u010f pod\u013ea n\u00e1s nikdy nie je zl\u00fd \u010das na cestovanie po regi\u00f3ne, niektor\u00e9 obdobia s\u00fa, samozrejme, teplej\u0161ie \u010di chladnej\u0161ie. Pozrite si n\u00e1\u0161ho sprievodcu po\u010das\u00edm, aby ste sa rozhodli pre ten\u2026","robots":{"index":"index","follow":"follow","max-snippet":"max-snippet:-1","max-image-preview":"max-image-preview:large","max-video-preview":"max-video-preview:-1"},"canonical":"https:\/\/www.kosiceregion.com\/sk\/casove-pasmo-a-pocasie\/","og_locale":"it_IT","og_type":"article","og_title":"\u010casov\u00e9 p\u00e1smo a po\u010dasie","og_description":"Ko\u0161ice s\u00fa v \u010dasovom p\u00e1sme GMT +1. Aj ke\u010f pod\u013ea n\u00e1s nikdy nie je zl\u00fd \u010das na cestovanie po regi\u00f3ne, niektor\u00e9 obdobia s\u00fa, samozrejme, teplej\u0161ie \u010di","og_url":"https:\/\/www.kosiceregion.com\/it\/wp-json\/wp\/v2\/posts\/124","og_site_name":"Ko\u0161ice Regi\u00f3n","article_publisher":"https:\/\/www.facebook.com\/kosiceregion","article_published_time":"2019-03-17T18:11:59+00:00","article_modified_time":"2026-01-09T10:38:07+00:00","og_image":[{"width":640,"height":360,"url":"https:\/\/www.kosiceregion.com\/wp-content\/uploads\/2019\/03\/timezone.jpg","type":"image\/jpeg"}],"author":"admin","twitter_card":"summary_large_image","twitter_creator":"@KOSICEREGION","twitter_site":"@KOSICEREGION","twitter_misc":{"Scritto da":"admin","Tempo di lettura stimato":"1 minute"},"schema":{"@context":"https:\/\/schema.org","@graph":[{"@type":"Article","@id":"https:\/\/www.kosiceregion.com\/sk\/casove-pasmo-a-pocasie\/#article","isPartOf":{"@id":"https:\/\/www.kosiceregion.com\/sk\/casove-pasmo-a-pocasie\/"},"author":{"name":"admin","@id":"https:\/\/www.kosiceregion.com\/#\/schema\/person\/a3b410b349e630c8edb959e58d35ea17"},"headline":"\u010casov\u00e9 p\u00e1smo a po\u010dasie","datePublished":"2019-03-17T18:11:59+00:00","dateModified":"2026-01-09T10:38:07+00:00","mainEntityOfPage":{"@id":"https:\/\/www.kosiceregion.com\/sk\/casove-pasmo-a-pocasie\/"},"wordCount":110,"publisher":{"@id":"https:\/\/www.kosiceregion.com\/#organization"},"image":{"@id":"https:\/\/www.kosiceregion.com\/sk\/casove-pasmo-a-pocasie\/#primaryimage"},"thumbnailUrl":"https:\/\/www.kosiceregion.com\/wp-content\/uploads\/2019\/03\/timezone.jpg","articleSection":["U\u017eito\u010dn\u00e9 inform\u00e1cie"],"inLanguage":"it-IT"},{"@type":"WebPage","@id":"https:\/\/www.kosiceregion.com\/sk\/casove-pasmo-a-pocasie\/","url":"https:\/\/www.kosiceregion.com\/sk\/casove-pasmo-a-pocasie\/","name":"\u010casov\u00e9 p\u00e1smo a po\u010dasie - Ko\u0161ice Regi\u00f3n","isPartOf":{"@id":"https:\/\/www.kosiceregion.com\/#website"},"primaryImageOfPage":{"@id":"https:\/\/www.kosiceregion.com\/sk\/casove-pasmo-a-pocasie\/#primaryimage"},"image":{"@id":"https:\/\/www.kosiceregion.com\/sk\/casove-pasmo-a-pocasie\/#primaryimage"},"thumbnailUrl":"https:\/\/www.kosiceregion.com\/wp-content\/uploads\/2019\/03\/timezone.jpg","datePublished":"2019-03-17T18:11:59+00:00","dateModified":"2026-01-09T10:38:07+00:00","description":"Ko\u0161ice s\u00fa v \u010dasovom p\u00e1sme GMT +1. Aj ke\u010f pod\u013ea n\u00e1s nikdy nie je zl\u00fd \u010das na cestovanie po regi\u00f3ne, niektor\u00e9 obdobia s\u00fa, samozrejme, teplej\u0161ie \u010di","breadcrumb":{"@id":"https:\/\/www.kosiceregion.com\/sk\/casove-pasmo-a-pocasie\/#breadcrumb"},"inLanguage":"it-IT","potentialAction":[{"@type":"ReadAction","target":["https:\/\/www.kosiceregion.com\/sk\/casove-pasmo-a-pocasie\/"]}]},{"@type":"ImageObject","inLanguage":"it-IT","@id":"https:\/\/www.kosiceregion.com\/sk\/casove-pasmo-a-pocasie\/#primaryimage","url":"https:\/\/www.kosiceregion.com\/wp-content\/uploads\/2019\/03\/timezone.jpg","contentUrl":"https:\/\/www.kosiceregion.com\/wp-content\/uploads\/2019\/03\/timezone.jpg","width":640,"height":360},{"@type":"BreadcrumbList","@id":"https:\/\/www.kosiceregion.com\/sk\/casove-pasmo-a-pocasie\/#breadcrumb","itemListElement":[{"@type":"ListItem","position":1,"name":"Home","item":"https:\/\/www.kosiceregion.com\/sk\/"},{"@type":"ListItem","position":2,"name":"\u010casov\u00e9 p\u00e1smo a po\u010dasie"}]},{"@type":"WebSite","@id":"https:\/\/www.kosiceregion.com\/#website","url":"https:\/\/www.kosiceregion.com\/","name":"Ko\u0161ice Regi\u00f3n","description":"Turistick\u00fd sprievodca Ko\u0161ick\u00fdm krajom","publisher":{"@id":"https:\/\/www.kosiceregion.com\/#organization"},"potentialAction":[{"@type":"SearchAction","target":{"@type":"EntryPoint","urlTemplate":"https:\/\/www.kosiceregion.com\/?s={search_term_string}"},"query-input":{"@type":"PropertyValueSpecification","valueRequired":true,"valueName":"search_term_string"}}],"inLanguage":"it-IT"},{"@type":"Organization","@id":"https:\/\/www.kosiceregion.com\/#organization","name":"Ko\u0161ice Regi\u00f3n Turizmus","url":"https:\/\/www.kosiceregion.com\/","logo":{"@type":"ImageObject","inLanguage":"it-IT","@id":"https:\/\/www.kosiceregion.com\/#\/schema\/logo\/image\/","url":"https:\/\/www.kosiceregion.com\/wp-content\/uploads\/2019\/03\/logo-web-sk.png","contentUrl":"https:\/\/www.kosiceregion.com\/wp-content\/uploads\/2019\/03\/logo-web-sk.png","width":225,"height":100,"caption":"Ko\u0161ice Regi\u00f3n Turizmus"},"image":{"@id":"https:\/\/www.kosiceregion.com\/#\/schema\/logo\/image\/"},"sameAs":["https:\/\/www.facebook.com\/kosiceregion","https:\/\/x.com\/KOSICEREGION","https:\/\/www.instagram.com\/kosiceregion","https:\/\/www.youtube.com\/kosiceregion"]},{"@type":"Person","@id":"https:\/\/www.kosiceregion.com\/#\/schema\/person\/a3b410b349e630c8edb959e58d35ea17","name":"admin","image":{"@type":"ImageObject","inLanguage":"it-IT","@id":"https:\/\/secure.gravatar.com\/avatar\/ff684514e5ef32cec7525b9d568f44fc6074207a97f9768a9d8162f4d8ea5d0d?s=96&d=mm&r=g","url":"https:\/\/secure.gravatar.com\/avatar\/ff684514e5ef32cec7525b9d568f44fc6074207a97f9768a9d8162f4d8ea5d0d?s=96&d=mm&r=g","contentUrl":"https:\/\/secure.gravatar.com\/avatar\/ff684514e5ef32cec7525b9d568f44fc6074207a97f9768a9d8162f4d8ea5d0d?s=96&d=mm&r=g","caption":"admin"}}]}},"_links":{"self":[{"href":"https:\/\/www.kosiceregion.com\/it\/wp-json\/wp\/v2\/posts\/124","targetHints":{"allow":["GET"]}}],"collection":[{"href":"https:\/\/www.kosiceregion.com\/it\/wp-json\/wp\/v2\/posts"}],"about":[{"href":"https:\/\/www.kosiceregion.com\/it\/wp-json\/wp\/v2\/types\/post"}],"author":[{"embeddable":true,"href":"https:\/\/www.kosiceregion.com\/it\/wp-json\/wp\/v2\/users\/1"}],"replies":[{"embeddable":true,"href":"https:\/\/www.kosiceregion.com\/it\/wp-json\/wp\/v2\/comments?post=124"}],"version-history":[{"count":6,"href":"https:\/\/www.kosiceregion.com\/it\/wp-json\/wp\/v2\/posts\/124\/revisions"}],"predecessor-version":[{"id":16078,"href":"https:\/\/www.kosiceregion.com\/it\/wp-json\/wp\/v2\/posts\/124\/revisions\/16078"}],"wp:featuredmedia":[{"embeddable":true,"href":"https:\/\/www.kosiceregion.com\/it\/wp-json\/wp\/v2\/media\/125"}],"wp:attachment":[{"href":"https:\/\/www.kosiceregion.com\/it\/wp-json\/wp\/v2\/media?parent=124"}],"wp:term":[{"taxonomy":"category","embeddable":true,"href":"https:\/\/www.kosiceregion.com\/it\/wp-json\/wp\/v2\/categories?post=124"},{"taxonomy":"post_tag","embeddable":true,"href":"https:\/\/www.kosiceregion.com\/it\/wp-json\/wp\/v2\/tags?post=124"}],"curies":[{"name":"wp","href":"https:\/\/api.w.org\/{rel}","templated":true}]}}