{"id":14000,"date":"2025-03-12T15:46:07","date_gmt":"2025-03-12T14:46:07","guid":{"rendered":"https:\/\/www.kosiceregion.com\/sk\/?p=14000"},"modified":"2025-05-13T17:07:59","modified_gmt":"2025-05-13T15:07:59","slug":"","status":"publish","type":"post","link":"https:\/\/www.kosiceregion.com\/it\/netradicne-muzea-kosicky-kraj-objavte-vino-hudbu\/","title":{"rendered":"","raw":""},"content":{"rendered":"","protected":false,"raw":""},"excerpt":{"rendered":"","protected":false,"raw":""},"author":16,"featured_media":14008,"comment_status":"closed","ping_status":"closed","sticky":false,"template":"","format":"standard","meta":{"_acf_changed":false,"_sk_post_content":"<!-- wp:columns -->\n<div class=\"wp-block-columns\"><!-- wp:column {\"width\":\"100%\"} -->\n<div class=\"wp-block-column\" style=\"flex-basis:100%\"><!-- wp:columns -->\n<div class=\"wp-block-columns\"><!-- wp:column {\"width\":\"80%\"} -->\n<div class=\"wp-block-column\" style=\"flex-basis:80%\"><!-- wp:paragraph -->\n<p>Vydajte sa s nami kr\u00ed\u017eom kr\u00e1\u017eom po Ko\u0161ickom kraji a spoznajte cesty, ktor\u00e9 tvorili minulos\u0165 n\u00e1\u0161ho kraja. <a href=\"https:\/\/www.kosiceregion.com\/sk\/poi\/muzeum-vin-mate-laczko-szepsiho\/\">M\u00fazeum v\u00edn v Moldave<\/a> nad Bodvou upriami va\u0161u pozornos\u0165 na v\u00ednne bohatstvo <a href=\"https:\/\/www.kosiceregion.com\/sk\/region\/region-abov\/\">Abova<\/a>. V m\u00fazeu git\u00e1r spozn\u00e1te hist\u00f3riu tohto ob\u013e\u00faben\u00e9ho n\u00e1stroja, ako aj jeho nadv\u00e4znos\u0165 na Ko\u0161ick\u00fd kraj. V <a href=\"https:\/\/www.kosiceregion.com\/sk\/poi\/muzeum-vystahovalectva-z-uzemia-slovenska-do-severnej-ameriky-kasigarda\/\">m\u00fazeu Kasigarda <\/a>v\u00e1m pribl\u00ed\u017eime cesty zo <a href=\"https:\/\/www.kosiceregion.com\/sk\/region\/region-zemplin-dolny-zemplin\/\">Zempl\u00edna<\/a> do Severnej Ameriky, ktor\u00e9 podstupovali na\u0161i predkovia. Nakoniec sa zastav\u00edme v <a href=\"https:\/\/www.kosiceregion.com\/sk\/poi\/solny-dom-vo-velkych-trakanoch\/\">So\u013enom dome<\/a> vo Ve\u013ek\u00fdch Trakanoch kde sa bli\u017e\u0161ie pozriete na tajupln\u00e9 cesty soli.<\/p>\n<!-- \/wp:paragraph --><\/div>\n<!-- \/wp:column -->\n\n<!-- wp:column {\"width\":\"50%\"} -->\n<div class=\"wp-block-column\" style=\"flex-basis:50%\"><\/div>\n<!-- \/wp:column --><\/div>\n<!-- \/wp:columns --><\/div>\n<!-- \/wp:column --><\/div>\n<!-- \/wp:columns -->\n\n<!-- wp:columns -->\n<div class=\"wp-block-columns\"><!-- wp:column {\"width\":\"80%\"} -->\n<div class=\"wp-block-column\" style=\"flex-basis:80%\"><!-- wp:image {\"id\":14002,\"sizeSlug\":\"full\",\"linkDestination\":\"none\"} -->\n<figure class=\"wp-block-image size-full\"><img src=\"https:\/\/www.kosiceregion.com\/wp-content\/uploads\/2025\/03\/IMG_4517-e1565013649474.jpg\" alt=\"\" class=\"wp-image-14002\"\/><\/figure>\n<!-- \/wp:image --><\/div>\n<!-- \/wp:column -->\n\n<!-- wp:column {\"width\":\"30%\"} -->\n<div class=\"wp-block-column\" style=\"flex-basis:30%\"><\/div>\n<!-- \/wp:column --><\/div>\n<!-- \/wp:columns -->\n\n<!-- wp:heading {\"level\":3} -->\n<h3 class=\"wp-block-heading\">M\u00fazeum v\u00edn v Moldave nad Bodvou.<\/h3>\n<!-- \/wp:heading -->\n\n<!-- wp:columns -->\n<div class=\"wp-block-columns\"><!-- wp:column {\"width\":\"80%\"} -->\n<div class=\"wp-block-column\" style=\"flex-basis:80%\"><!-- wp:paragraph -->\n<p>M\u00fazeum v\u00edn M\u00e1t\u00e9 Laczk\u00f3 Szepsiho v Moldave nad Bodvou je jedine\u010dn\u00fdm miestom, ktor\u00e9 oslavuje dlhoro\u010dn\u00fa trad\u00edciu vin\u00e1rstva v tomto regi\u00f3ne. M\u00fazeum, pomenovan\u00e9 po v\u00fdznamnom vin\u00e1rovi M\u00e1t\u00e9 Laczk\u00f3 Szepsim, je skvostn\u00fdm dokladom hist\u00f3rie vin\u00e1rskej kult\u00fary, ktor\u00e1 v oblasti Zempl\u00edna a Moldavy nad Bodvou zohr\u00e1va d\u00f4le\u017eit\u00fa \u00falohu.<\/p>\n<!-- \/wp:paragraph -->\n\n<!-- wp:paragraph -->\n<p>M\u00fazeum pon\u00faka bohat\u00fa expoz\u00edciu, ktor\u00e1 n\u00e1v\u0161tevn\u00edkom pribl\u00ed\u017ei nielen hist\u00f3riu samotn\u00e9ho vin\u00e1rstva, ale aj v\u00fdvoj jednotliv\u00fdch technol\u00f3gi\u00ed v\u00fdroby v\u00edna. Je zasaden\u00e9 do historickej budovy a zobrazuje v\u00fdvoj tradi\u010dn\u00fdch aj modern\u00fdch met\u00f3d v\u00fdroby v\u00edna, vr\u00e1tane star\u00fdch n\u00e1strojov, sudov a flia\u0161, ktor\u00e9 pou\u017e\u00edvali na\u0161i predkovia.Okolo roku 1631&nbsp;moldavsk\u00fd rod\u00e1k M\u00e1t\u00e9 Laczk\u00f3 Szepsi pripravil pre&nbsp;k\u0148a\u017en\u00fa Zuzanu L\u00f3r\u00e1ntffyov\u00fa prv\u00fd tokajsk\u00fd samotok.<\/p>\n<!-- \/wp:paragraph -->\n\n<!-- wp:tadv\/classic-paragraph -->\n<p>T\u00e1to kr\u00e1tka historick\u00e1 exkurzia dokazuje, \u017ee Moldava m\u00e1 bohat\u00fa obchodn\u00fa trad\u00edciu. Sved\u010dia o tom mnoh\u00e9 pivnice nach\u00e1dzaj\u00face sa pod historick\u00fdm centrom mesta.<\/p>\n<p>&nbsp;<\/p>\n<!-- \/wp:tadv\/classic-paragraph --><\/div>\n<!-- \/wp:column -->\n\n<!-- wp:column {\"width\":\"25%\"} -->\n<div class=\"wp-block-column\" style=\"flex-basis:25%\"><\/div>\n<!-- \/wp:column --><\/div>\n<!-- \/wp:columns -->\n\n<!-- wp:columns -->\n<div class=\"wp-block-columns\"><!-- wp:column {\"width\":\"30%\"} -->\n<div class=\"wp-block-column\" style=\"flex-basis:30%\"><\/div>\n<!-- \/wp:column -->\n\n<!-- wp:column {\"width\":\"80%\"} -->\n<div class=\"wp-block-column\" style=\"flex-basis:80%\"><!-- wp:image {\"id\":14003,\"sizeSlug\":\"large\",\"linkDestination\":\"none\"} -->\n<figure class=\"wp-block-image size-large\"><img src=\"https:\/\/www.kosiceregion.com\/wp-content\/uploads\/2025\/03\/IMG_1125-1024x683.jpg\" alt=\"\" class=\"wp-image-14003\"\/><\/figure>\n<!-- \/wp:image -->\n\n<!-- wp:paragraph -->\n<p>Okrem st\u00e1lych expoz\u00edci\u00ed s\u00fa tu organizovan\u00e9 aj r\u00f4zne podujatia, ako ochutn\u00e1vky v\u00edna, ktor\u00e9 umo\u017e\u0148uj\u00fa n\u00e1v\u0161tevn\u00edkom vychutna\u0165 si v\u00edna z miestnych vin\u00edc a dozvedie\u0165 sa viac o r\u00f4znych odrod\u00e1ch hrozna, ktor\u00e9 s\u00fa typick\u00e9 pre t\u00fato oblas\u0165.<br><br>Viac inform\u00e1ci\u00ed na <a href=\"https:\/\/www.kasigarda.sk\">o<\/a><a href=\"https:\/\/kulturamoldava.sk\/muzeum-vin-mate-laczko-szepsiho\/\">fici\u00e1lnom webe m\u00fazea.\u00a0<\/a><\/p>\n<!-- \/wp:paragraph -->\n\n<!-- wp:image {\"id\":14004,\"sizeSlug\":\"large\",\"linkDestination\":\"none\"} -->\n<figure class=\"wp-block-image size-large\"><img src=\"https:\/\/www.kosiceregion.com\/wp-content\/uploads\/2025\/03\/hlavna-miestnost-od-vitrin-1024x512.jpg\" alt=\"\" class=\"wp-image-14004\"\/><\/figure>\n<!-- \/wp:image --><\/div>\n<!-- \/wp:column --><\/div>\n<!-- \/wp:columns -->\n\n<!-- wp:columns -->\n<div class=\"wp-block-columns\"><!-- wp:column {\"width\":\"30%\"} -->\n<div class=\"wp-block-column\" style=\"flex-basis:30%\"><!-- wp:paragraph -->\n<p><\/p>\n<!-- \/wp:paragraph --><\/div>\n<!-- \/wp:column -->\n\n<!-- wp:column {\"width\":\"80%\"} -->\n<div class=\"wp-block-column\" style=\"flex-basis:80%\"><\/div>\n<!-- \/wp:column --><\/div>\n<!-- \/wp:columns -->\n\n<!-- wp:columns -->\n<div class=\"wp-block-columns\"><!-- wp:column {\"width\":\"80%\"} -->\n<div class=\"wp-block-column\" style=\"flex-basis:80%\"><!-- wp:gallery {\"ids\":[11673],\"linkTo\":\"none\"} -->\n<figure class=\"wp-block-gallery has-nested-images columns-default is-cropped\"><!-- wp:image {\"id\":14008,\"sizeSlug\":\"large\",\"linkDestination\":\"none\"} -->\n<figure class=\"wp-block-image size-large\"><img src=\"https:\/\/www.kosiceregion.com\/wp-content\/uploads\/2025\/03\/DSC02967-2-edited.jpeg\" alt=\"\" class=\"wp-image-14008\"\/><\/figure>\n<!-- \/wp:image --><\/figure>\n<!-- \/wp:gallery --><\/div>\n<!-- \/wp:column -->\n\n<!-- wp:column {\"width\":\"25%\"} -->\n<div class=\"wp-block-column\" style=\"flex-basis:25%\"><\/div>\n<!-- \/wp:column --><\/div>\n<!-- \/wp:columns -->\n\n<!-- wp:heading {\"level\":3} -->\n<h3 class=\"wp-block-heading\">Kasigrada - M\u00fazeum vys\u0165ahovalectva zo Slovenska do Severnej Ameriky<\/h3>\n<!-- \/wp:heading -->\n\n<!-- wp:columns -->\n<div class=\"wp-block-columns\"><!-- wp:column {\"width\":\"80%\"} -->\n<div class=\"wp-block-column\" style=\"flex-basis:80%\"><!-- wp:paragraph -->\n<p>M\u00fazeum vystahovalectva z \u00fazemia Slovenska do Severnej Ameriky \u2013 Kasigarda, ktor\u00e9 sa nach\u00e1dza v obci Pavlovce nad Uhom v okrese Trebi\u0161ov, je unik\u00e1tnym miestom, ktor\u00e9 sa venuje v\u00fdznamn\u00e9mu fenom\u00e9nu slovensk\u00fdch emigrantov. M\u00fazeum, ktor\u00e9 bolo otvoren\u00e9 v roku 2008, mapuje pr\u00edbeh masov\u00e9ho vys\u0165ahovalectva Slov\u00e1kov do Spojen\u00fdch \u0161t\u00e1tov a Kanady, predov\u0161etk\u00fdm v obdob\u00ed 19. a za\u010diatku 20. storo\u010dia.<\/p>\n<!-- \/wp:paragraph -->\n\n<!-- wp:paragraph -->\n<p>N\u00e1zov M\u00fazea \u2013 Kasigarda je slovenskou skomoleninou anglick\u00e9ho Castle Garden, hlavnej br\u00e1ny imigra\u010dn\u00e9ho \u00faradu v New Yorku, ktorou musel prejs\u0165 ka\u017ed\u00fd imigrant. \u201eKasigarda\u201c presne odzrkad\u013euje fenom\u00e9n vys\u0165ahovalectva. Negramotnos\u0165, neznalos\u0165 jazyka, \u00fatrapy, stresy, sklamania, ale hlavne n\u00e1dej, ktorou pre mnoh\u00fdch na\u0161ich predkov pr\u00e1ve Kasigarda predstavovala.<\/p>\n<!-- \/wp:paragraph -->\n\n<!-- wp:paragraph -->\n<p>Expoz\u00edcia m\u00fazea obsahuje bohat\u00fd s\u00fabor historick\u00fdch artefaktov, dokumentov a osobn\u00fdch predmetov, ktor\u00e9 pribl\u00ed\u017eia n\u00e1v\u0161tevn\u00edkom \u017eivot a sk\u00fasenosti slovensk\u00fdch emigrantov. Medzi vystaven\u00fdmi predmetmi s\u00fa dobov\u00e9 fotografie, kufre, odevy, n\u00e1stroje a r\u00f4zne dokumenty, ktor\u00e9 sved\u010dia o ich ka\u017edodennom \u017eivote pred odchodom a po pr\u00edchode do Nov\u00e9ho sveta. M\u00fazeum sa tie\u017e zameriava na pr\u00edbehy rod\u00edn, ktor\u00e9 opustili Slovensko v n\u00e1deji na lep\u0161\u00ed \u017eivot a na ich prisp\u00f4sobenie sa nov\u00fdm podmienkam v zahrani\u010d\u00ed.<\/p>\n<!-- \/wp:paragraph -->\n\n<!-- wp:paragraph -->\n<p><\/p>\n<!-- \/wp:paragraph -->\n\n<!-- wp:separator -->\n<hr class=\"wp-block-separator has-alpha-channel-opacity\"\/>\n<!-- \/wp:separator --><\/div>\n<!-- \/wp:column -->\n\n<!-- wp:column {\"width\":\"25%\"} -->\n<div class=\"wp-block-column\" style=\"flex-basis:25%\"><\/div>\n<!-- \/wp:column --><\/div>\n<!-- \/wp:columns -->\n\n<!-- wp:columns -->\n<div class=\"wp-block-columns\"><!-- wp:column {\"width\":\"30%\"} -->\n<div class=\"wp-block-column\" style=\"flex-basis:30%\"><\/div>\n<!-- \/wp:column -->\n\n<!-- wp:column {\"width\":\"80%\"} -->\n<div class=\"wp-block-column\" style=\"flex-basis:80%\"><!-- wp:image {\"id\":13877,\"sizeSlug\":\"large\",\"linkDestination\":\"none\"} -->\n<figure class=\"wp-block-image size-large\"><img src=\"https:\/\/www.kosiceregion.com\/wp-content\/uploads\/2025\/01\/DSC02998-1-1-1024x683.jpeg\" alt=\"\" class=\"wp-image-13877\"\/><\/figure>\n<!-- \/wp:image -->\n\n<!-- wp:image {\"id\":14007,\"sizeSlug\":\"large\",\"linkDestination\":\"none\"} -->\n<figure class=\"wp-block-image size-large\"><img src=\"https:\/\/www.kosiceregion.com\/wp-content\/uploads\/2025\/03\/5E9F9330-5B83-4EF3-B971-CC743A78BAAF-edited.jpeg\" alt=\"\" class=\"wp-image-14007\"\/><\/figure>\n<!-- \/wp:image --><\/div>\n<!-- \/wp:column --><\/div>\n<!-- \/wp:columns -->\n\n<!-- wp:columns -->\n<div class=\"wp-block-columns\"><!-- wp:column {\"width\":\"30%\"} -->\n<div class=\"wp-block-column\" style=\"flex-basis:30%\"><!-- wp:paragraph -->\n<p><\/p>\n<!-- \/wp:paragraph --><\/div>\n<!-- \/wp:column -->\n\n<!-- wp:column {\"width\":\"80%\"} -->\n<div class=\"wp-block-column\" style=\"flex-basis:80%\"><!-- wp:paragraph -->\n<p>Vystavovan\u00e9 materi\u00e1ly s\u00fa doplnen\u00e9 o interakt\u00edvne prvky, ktor\u00e9 n\u00e1v\u0161tevn\u00edkom umo\u017e\u0148uj\u00fa hlb\u0161ie sa ponori\u0165 do hist\u00f3rie a pochopi\u0165 okolnosti, ktor\u00e9 viedli k masov\u00e9mu odchodu Slov\u00e1kov do Ameriky. M\u00fazeum sa z\u00e1rove\u0148 venuje aj v\u00fdskumu a dokumentovaniu rodinn\u00fdch pr\u00edbehov, \u010d\u00edm pom\u00e1ha zachova\u0165 dedi\u010dstvo t\u00fdchto \u013eud\u00ed pre bud\u00face gener\u00e1cie.<\/p>\n<!-- \/wp:paragraph -->\n\n<!-- wp:paragraph -->\n<p>M\u00fazeum Kasigarda bolo v roku 2024 doplnen\u00e9 o Z\u00e1hradu slovensko - americk\u00e9ho kult\u00farneho dedi\u010dstva, v ktorej sa nach\u00e1dza mal\u00e9 observat\u00f3rium s teleskopom, stodola s opraven\u00fdm mal\u00fdm traktorom, ktor\u00fd symbolizuje za\u010diatky tohto m\u00fazea. Nav\u0161t\u00edvte toto \u010darovn\u00e9 m\u00fazeum a spoznajte jeho cel\u00fd pr\u00edbeh.<\/p>\n<!-- \/wp:paragraph -->\n\n<!-- wp:tadv\/classic-paragraph -->\n<p>Viac inform\u00e1ci\u00ed na <a href=\"https:\/\/www.kasigarda.sk\">ofici\u00e1lnom webe m\u00fazea.\u00a0<\/a><\/p>\n<!-- \/wp:tadv\/classic-paragraph --><\/div>\n<!-- \/wp:column --><\/div>\n<!-- \/wp:columns -->\n\n<!-- wp:columns -->\n<div class=\"wp-block-columns\"><!-- wp:column {\"width\":\"85%\"} -->\n<div class=\"wp-block-column\" style=\"flex-basis:85%\"><!-- wp:image {\"id\":14010,\"sizeSlug\":\"large\",\"linkDestination\":\"none\"} -->\n<figure class=\"wp-block-image size-large\"><img src=\"https:\/\/www.kosiceregion.com\/wp-content\/uploads\/2025\/03\/1-edited.jpg\" alt=\"\" class=\"wp-image-14010\"\/><\/figure>\n<!-- \/wp:image --><\/div>\n<!-- \/wp:column -->\n\n<!-- wp:column {\"width\":\"25%\"} -->\n<div class=\"wp-block-column\" style=\"flex-basis:25%\"><\/div>\n<!-- \/wp:column --><\/div>\n<!-- \/wp:columns -->\n\n<!-- wp:tadv\/classic-paragraph \/-->\n\n<!-- wp:heading -->\n<h2 class=\"wp-block-heading\">Gitarov\u00e9 m\u00fazeum v Sobranciach.<\/h2>\n<!-- \/wp:heading -->\n\n<!-- wp:columns -->\n<div class=\"wp-block-columns\"><!-- wp:column {\"width\":\"80%\"} -->\n<div class=\"wp-block-column\" style=\"flex-basis:80%\"><!-- wp:paragraph -->\n<p><a href=\"https:\/\/www.kosiceregion.com\/sk\/poi\/gitarove-muzeum-v-sobranciach\/\">Gitarov\u00e9 m\u00fazeum v Sobranciach <\/a>je unik\u00e1tnym a fascinuj\u00facim miestom, ktor\u00e9 zachyt\u00e1va bohat\u00fa hist\u00f3riu tohto hudobn\u00e9ho n\u00e1stroja. Nach\u00e1dza sa v malebnom meste Sobrance, v regi\u00f3ne Zempl\u00edn a pon\u00faka n\u00e1v\u0161tevn\u00edkom poh\u013ead na v\u00fdvoj gitary ako n\u00e1stroja, ako aj na jej v\u00fdznam v hudobnej kult\u00fare. Prv\u00e9 m\u00fazeum v Sobranciach na V\u00fdchodnom Slovensku otvoril v roku 1996 Jan\u010di Ferko, ktor\u00e9ho prez\u00fdvali aj \u201egitarov\u00fd kr\u00e1\u013e\u201c.<\/p>\n<!-- \/wp:paragraph -->\n\n<!-- wp:tadv\/classic-paragraph -->\n<p>Na po\u010des\u0165 jeho pamiatky syn Imrich v priebehu rokov m\u00fazeum zrekon\u0161truoval, roz\u0161\u00edril a zdvojn\u00e1sobil po\u010det v\u00fdstavn\u00fdch predmetov. To dnes rob\u00ed z m\u00fazea najv\u00e4\u010d\u0161iu zbierku t\u00fdchto n\u00e1strojov nielen na Slovensku, ale aj jednu z najv\u00e4\u010d\u0161\u00edch v strednej Eur\u00f3pe.<\/p>\n<!-- \/wp:tadv\/classic-paragraph -->\n\n<!-- wp:tadv\/classic-paragraph -->\n<p>Expoz\u00edcia m\u00fazea zah\u0155\u0148a \u0161irok\u00fa zbierku git\u00e1r z r\u00f4znych historick\u00fdch obdob\u00ed, ako aj unik\u00e1tne exempl\u00e1re, ktor\u00e9 poch\u00e1dzaj\u00fa z r\u00f4znych k\u00fatov sveta. Medzi vystaven\u00fdmi n\u00e1strojmi s\u00fa nielen klasick\u00e9 a elektrick\u00e9 gitary, ale aj akustick\u00e9 n\u00e1stroje, ktor\u00e9 ilustruj\u00fa r\u00f4zne techniky ich v\u00fdroby a pou\u017e\u00edvania v hudbe. Zbierka sa neust\u00e1le rozrast\u00e1, a tak n\u00e1v\u0161tevn\u00edci m\u00f4\u017eu objavova\u0165 st\u00e1le nov\u00e9 artefakty, ktor\u00e9 s\u00fa svedkami v\u00fdvoja tohto hudobn\u00e9ho n\u00e1stroja.<\/p>\n<p>\u00a0<\/p>\n<!-- \/wp:tadv\/classic-paragraph --><\/div>\n<!-- \/wp:column -->\n\n<!-- wp:column {\"width\":\"25%\"} -->\n<div class=\"wp-block-column\" style=\"flex-basis:25%\"><\/div>\n<!-- \/wp:column --><\/div>\n<!-- \/wp:columns -->\n\n<!-- wp:columns -->\n<div class=\"wp-block-columns\"><!-- wp:column {\"width\":\"30%\"} -->\n<div class=\"wp-block-column\" style=\"flex-basis:30%\"><!-- wp:image -->\n<figure class=\"wp-block-image\"><img alt=\"\"\/><\/figure>\n<!-- \/wp:image --><\/div>\n<!-- \/wp:column -->\n\n<!-- wp:column {\"width\":\"80%\"} -->\n<div class=\"wp-block-column\" style=\"flex-basis:80%\"><!-- wp:image {\"id\":14012,\"sizeSlug\":\"full\",\"linkDestination\":\"none\"} -->\n<figure class=\"wp-block-image size-full\"><img src=\"https:\/\/www.kosiceregion.com\/wp-content\/uploads\/2025\/03\/large_gitarove_muzeum_v_sobranciach_3-edited.jpg\" alt=\"\" class=\"wp-image-14012\"\/><\/figure>\n<!-- \/wp:image -->\n\n<!-- wp:image {\"id\":14014,\"sizeSlug\":\"large\",\"linkDestination\":\"none\"} -->\n<figure class=\"wp-block-image size-large\"><img src=\"https:\/\/www.kosiceregion.com\/wp-content\/uploads\/2025\/03\/f250ff_0dd1ecee0da24620a247eb9a292d3c8dmv2_d_2048_1341_s_2-edited.jpg\" alt=\"\" class=\"wp-image-14014\"\/><\/figure>\n<!-- \/wp:image --><\/div>\n<!-- \/wp:column --><\/div>\n<!-- \/wp:columns -->\n\n<!-- wp:columns -->\n<div class=\"wp-block-columns\"><!-- wp:column {\"width\":\"30%\"} -->\n<div class=\"wp-block-column\" style=\"flex-basis:30%\"><!-- wp:paragraph -->\n<p><\/p>\n<!-- \/wp:paragraph --><\/div>\n<!-- \/wp:column -->\n\n<!-- wp:column {\"width\":\"80%\"} -->\n<div class=\"wp-block-column\" style=\"flex-basis:80%\"><!-- wp:paragraph -->\n<p>M\u00fazeum je nielen miestom na obdivovanie zbierok, ale aj akt\u00edvnym centrom pre hudobn\u00e9 vzdel\u00e1vanie. Organizuj\u00fa sa tu r\u00f4zne koncerty, workshopy a v\u00fdstavy, ktor\u00e9 umo\u017e\u0148uj\u00fa n\u00e1v\u0161tevn\u00edkom za\u017ei\u0165 gitarov\u00fa hudbu na\u017eivo a dozvedie\u0165 sa viac o technik\u00e1ch hry na tento n\u00e1stroj.<\/p>\n<!-- \/wp:paragraph -->\n\n<!-- wp:tadv\/classic-paragraph -->\n<p>Gitarov\u00e9 m\u00fazeum v Sobranciach je ide\u00e1lnym miestom pre ka\u017ed\u00e9ho, kto m\u00e1 r\u00e1d hudbu, najm\u00e4 gitary a chce spozna\u0165 jej hist\u00f3riu a kult\u00farny v\u00fdznam. Je to skvostn\u00e1 destin\u00e1cia, ktor\u00e1 ur\u010dite obohat\u00ed ka\u017ed\u00e9ho n\u00e1v\u0161tevn\u00edka, \u010di u\u017e je za\u010diato\u010dn\u00edkom alebo sk\u00fasen\u00fdm gitaristom.<br \/><br \/>Viac inform\u00e1ci\u00ed na <a href=\"http:\/\/www.gitarovemuzeum.sk\">ofici\u00e1lnom webe m\u00fazea.\u00a0<\/a><\/p>\n<p>\u00a0<\/p>\n<!-- \/wp:tadv\/classic-paragraph --><\/div>\n<!-- \/wp:column --><\/div>\n<!-- \/wp:columns -->\n\n<!-- wp:columns -->\n<div class=\"wp-block-columns\"><!-- wp:column {\"width\":\"80%\"} -->\n<div class=\"wp-block-column\" style=\"flex-basis:80%\"><!-- wp:image {\"id\":14018,\"width\":\"616px\",\"height\":\"auto\",\"sizeSlug\":\"full\",\"linkDestination\":\"none\"} -->\n<figure class=\"wp-block-image size-full is-resized\"><img src=\"https:\/\/www.kosiceregion.com\/wp-content\/uploads\/2025\/03\/Bez-nazvu-1200-x-900-px-1200-x-900-px-33-edited.jpg\" alt=\"\" class=\"wp-image-14018\" style=\"width:616px;height:auto\"\/><\/figure>\n<!-- \/wp:image --><\/div>\n<!-- \/wp:column -->\n\n<!-- wp:column {\"width\":\"25%\"} -->\n<div class=\"wp-block-column\" style=\"flex-basis:25%\"><\/div>\n<!-- \/wp:column --><\/div>\n<!-- \/wp:columns -->\n\n<!-- wp:columns -->\n<div class=\"wp-block-columns\"><!-- wp:column {\"width\":\"80%\"} -->\n<div class=\"wp-block-column\" style=\"flex-basis:80%\"><!-- wp:heading -->\n<h2 class=\"wp-block-heading\">So\u013en\u00fd dom vo Ve\u013ek\u00fdch Trakanoch.<\/h2>\n<!-- \/wp:heading --><\/div>\n<!-- \/wp:column --><\/div>\n<!-- \/wp:columns -->\n\n<!-- wp:columns -->\n<div class=\"wp-block-columns\"><!-- wp:column {\"width\":\"80%\"} -->\n<div class=\"wp-block-column\" style=\"flex-basis:80%\"><!-- wp:paragraph -->\n<p>So\u013en\u00fd dom vo Ve\u013ek\u00fdch Trakanoch je historick\u00fdm a kult\u00farnym skvostom tejto obce, ale aj oblasti Medzibodro\u017eie. Budova niekdaj\u0161ieho so\u013en\u00e9ho \u00faradu sa na tomto mieste zachovala dodnes. Ide o neskorobarokov\u00fa pamiatku z 18. storo\u010dia, ktor\u00e1 v rokoch 2004 - 2005 pre\u0161la komplexnou rekon\u0161trukciou. V s\u00fa\u010dasnosti je spr\u00edstupnen\u00e1 \u0161irokej n\u00e1v\u0161tevn\u00edckej verejnosti. Tento zauj\u00edmav\u00fd objekt m\u00e1 hlbok\u00e9 korene v hist\u00f3rii \u0165a\u017eby a spracovania soli, ktor\u00e1 bola pre regi\u00f3n ve\u013emi d\u00f4le\u017eit\u00e1 u\u017e od stredoveku. So\u013en\u00fd dom sa stal v\u00fdznamn\u00fdm centrom obchodovania so so\u013eou, ktor\u00e1 bola v tej dobe pova\u017eovan\u00e1 za ve\u013emi cenn\u00fd a nevyhnutn\u00fd tovar.<\/p>\n<!-- \/wp:paragraph -->\n\n<!-- wp:paragraph -->\n<p>D\u00f4le\u017eit\u00fdm faktom je, \u017ee so\u013en\u00fd dom bol postaven\u00fd na mieste, kde sa nach\u00e1dzali pramene slanej vody, \u010do umo\u017enilo jednoduch\u0161ie spracovanie soli. Tento objekt mal nielen funkciu obchodn\u00e9ho centra, ale bol aj miesto, kde sa soliarom poskytovali r\u00f4zne slu\u017eby spojen\u00e9 s ich ka\u017edodennou pr\u00e1cou.<\/p>\n<!-- \/wp:paragraph --><\/div>\n<!-- \/wp:column -->\n\n<!-- wp:column {\"width\":\"30%\"} -->\n<div class=\"wp-block-column\" style=\"flex-basis:30%\"><\/div>\n<!-- \/wp:column --><\/div>\n<!-- \/wp:columns -->\n\n<!-- wp:columns -->\n<div class=\"wp-block-columns\"><!-- wp:column {\"width\":\"30%\"} -->\n<div class=\"wp-block-column\" style=\"flex-basis:30%\"><\/div>\n<!-- \/wp:column -->\n\n<!-- wp:column {\"width\":\"80%\"} -->\n<div class=\"wp-block-column\" style=\"flex-basis:80%\"><!-- wp:image {\"id\":14020,\"sizeSlug\":\"large\",\"linkDestination\":\"none\"} -->\n<figure class=\"wp-block-image size-large\"><img src=\"https:\/\/www.kosiceregion.com\/wp-content\/uploads\/2025\/03\/Solny-dom-Velke-Trakany-copy-1-edited.jpg\" alt=\"\" class=\"wp-image-14020\"\/><\/figure>\n<!-- \/wp:image -->\n\n<!-- wp:image {\"id\":14022,\"sizeSlug\":\"full\",\"linkDestination\":\"none\"} -->\n<figure class=\"wp-block-image size-full\"><img src=\"https:\/\/www.kosiceregion.com\/wp-content\/uploads\/2025\/03\/sol-zdravie-edited.jpg\" alt=\"\" class=\"wp-image-14022\"\/><\/figure>\n<!-- \/wp:image --><\/div>\n<!-- \/wp:column --><\/div>\n<!-- \/wp:columns -->\n\n<!-- wp:columns -->\n<div class=\"wp-block-columns\"><!-- wp:column {\"width\":\"30%\"} -->\n<div class=\"wp-block-column\" style=\"flex-basis:30%\"><!-- wp:paragraph -->\n<p><\/p>\n<!-- \/wp:paragraph --><\/div>\n<!-- \/wp:column -->\n\n<!-- wp:column {\"width\":\"80%\"} -->\n<div class=\"wp-block-column\" style=\"flex-basis:80%\"><!-- wp:paragraph -->\n<p>Dnes je So\u013en\u00fd dom v rekon\u0161trukcii a sl\u00fa\u017ei ako m\u00fazeum, ktor\u00e9 n\u00e1v\u0161tevn\u00edkom pribli\u017euje hist\u00f3riu soli a jej v\u00fdznam v \u017eivote \u013eud\u00ed v minulosti. V\u00fdstava v m\u00fazeu obsahuje artefakty a dokumenty, ktor\u00e9 ukazuj\u00fa, ako sa so\u013e \u0165a\u017eila, spracov\u00e1vala a obchodovala, ale aj to, ak\u00fa \u00falohu zohrala v ka\u017edodennom \u017eivote obyvate\u013eov regi\u00f3nu.<\/p>\n<!-- \/wp:paragraph -->\n\n<!-- wp:paragraph -->\n<p>So\u013en\u00fd dom vo Ve\u013ek\u00fdch Trakanoch je tak nielen historick\u00fdm, ale aj turistick\u00fdm l\u00e1kadlom, ktor\u00e9 stoj\u00ed za n\u00e1v\u0161tevu. Je to ide\u00e1lne miesto pre t\u00fdch, ktor\u00ed sa zauj\u00edmaj\u00fa o hist\u00f3riu, trad\u00edcie a kult\u00faru v\u00fdchodn\u00e9ho Slovenska. N\u00e1v\u0161teva m\u00fazea je mo\u017en\u00e1 po osobnej rezerv\u00e1cii a dohode term\u00ednu.<\/p>\n<!-- \/wp:paragraph --><\/div>\n<!-- \/wp:column --><\/div>\n<!-- \/wp:columns -->\n\n<!-- wp:columns -->\n<div class=\"wp-block-columns\"><!-- wp:column {\"width\":\"80%\"} -->\n<div class=\"wp-block-column\" style=\"flex-basis:80%\"><\/div>\n<!-- \/wp:column -->\n\n<!-- wp:column {\"width\":\"30%\"} -->\n<div class=\"wp-block-column\" style=\"flex-basis:30%\"><\/div>\n<!-- \/wp:column --><\/div>\n<!-- \/wp:columns -->","_sk_post_name":"netradicne-muzea-kosicky-kraj-objavte-vino-hudbu","_sk_post_excerpt":"","_sk_post_title":"Netradi\u010dn\u00e9 m\u00faze\u00e1 na Kraji sveta 2. \u010das\u0165 \u2013 Spoznaj cesty soli, v\u00edna, hudby a vys\u0165ahovalectva","_en_post_content":"<!-- wp:columns -->\n<div class=\"wp-block-columns\"><!-- wp:column {\"width\":\"100%\"} -->\n<div class=\"wp-block-column\" style=\"flex-basis:100%\"><!-- wp:columns -->\n<div class=\"wp-block-columns\"><!-- wp:column {\"width\":\"80%\"} -->\n<div class=\"wp-block-column\" style=\"flex-basis:80%\"><!-- wp:paragraph -->\n<p>Join us on a cross-country tour of the Ko\u0161ice Region and get to know the roads that formed the past of this region. The Wine Museum in Moldava nad Bodvou will draw your attention to the wine resources of the Abov Region. In the Guitar Museum, you will learn about the history of this popular instrument and its relation to the Ko\u0161ice Region. In the Kasigarda Museum, we will introduce you to the journeys from Zempl\u00edn to North America that our ancestors used to take. Finally, we will stop by the Salt House in Ve\u013ek\u00e9 Trakany where you will get a closer look at the arcane ways of salt.<\/p>\n<!-- \/wp:paragraph --><\/div>\n<!-- \/wp:column -->\n\n<!-- wp:column {\"width\":\"50%\"} -->\n<div class=\"wp-block-column\" style=\"flex-basis:50%\"><\/div>\n<!-- \/wp:column --><\/div>\n<!-- \/wp:columns --><\/div>\n<!-- \/wp:column --><\/div>\n<!-- \/wp:columns -->\n\n<!-- wp:columns -->\n<div class=\"wp-block-columns\"><!-- wp:column {\"width\":\"80%\"} -->\n<div class=\"wp-block-column\" style=\"flex-basis:80%\"><!-- wp:image {\"id\":14002,\"sizeSlug\":\"full\",\"linkDestination\":\"none\"} -->\n<figure class=\"wp-block-image size-full\"><img src=\"https:\/\/www.kosiceregion.com\/wp-content\/uploads\/2025\/03\/IMG_4517-e1565013649474.jpg\" alt=\"\" class=\"wp-image-14002\"\/><\/figure>\n<!-- \/wp:image --><\/div>\n<!-- \/wp:column -->\n\n<!-- wp:column {\"width\":\"30%\"} -->\n<div class=\"wp-block-column\" style=\"flex-basis:30%\"><\/div>\n<!-- \/wp:column --><\/div>\n<!-- \/wp:columns -->\n\n<!-- wp:heading {\"level\":3} -->\n<h3 class=\"wp-block-heading\"><strong>Wine Museum in Moldava nad Bodvou<\/strong><\/h3>\n<!-- \/wp:heading -->\n\n<!-- wp:columns -->\n<div class=\"wp-block-columns\"><!-- wp:column {\"width\":\"80%\"} -->\n<div class=\"wp-block-column\" style=\"flex-basis:80%\"><!-- wp:paragraph -->\n<p>The M\u00e1t\u00e9 Laczk\u00f3 Szepsi Wine Museum in Moldava nad Bodvou is a unique place that celebrates the long tradition of winemaking in the region. The Museum, named after the famous winemaker M\u00e1t\u00e9 Laczk\u00f3 Szepsi, is a magnificent testimony to the history of viticulture, which has played an important role in the areas of Zempl\u00edn and Moldava nad Bodvou.<\/p>\n<!-- \/wp:paragraph -->\n\n<!-- wp:paragraph -->\n<p>The Museum offers a large exposition that will introduce visitors not just to the history of winemaking itself, but also to the development of the various wine production technologies. It is set in a historic building and shows the development of both traditional and modern methods of wine making, including the old tools, barrels, and bottles used by our ancestors. Around 1631, the Moldava-born M\u00e1t\u00e9 Laczk\u00f3 Szepsi prepared the first Tokaj grape pre-pressed must outflow for the Duchess Zuzana L\u00f3r\u00e1ntffy.<\/p>\n<!-- \/wp:paragraph -->\n\n<!-- wp:paragraph -->\n<p>This short historical excursion proves that Moldava has a long tradition of trade. This is evidenced by the many cellars located beneath the historic centre of the town.<\/p>\n<!-- \/wp:paragraph --><\/div>\n<!-- \/wp:column -->\n\n<!-- wp:column {\"width\":\"25%\"} -->\n<div class=\"wp-block-column\" style=\"flex-basis:25%\"><\/div>\n<!-- \/wp:column --><\/div>\n<!-- \/wp:columns -->\n\n<!-- wp:columns -->\n<div class=\"wp-block-columns\"><!-- wp:column {\"width\":\"30%\"} -->\n<div class=\"wp-block-column\" style=\"flex-basis:30%\"><\/div>\n<!-- \/wp:column -->\n\n<!-- wp:column {\"width\":\"80%\"} -->\n<div class=\"wp-block-column\" style=\"flex-basis:80%\"><!-- wp:image {\"id\":14003,\"sizeSlug\":\"large\",\"linkDestination\":\"none\"} -->\n<figure class=\"wp-block-image size-large\"><img src=\"https:\/\/www.kosiceregion.com\/wp-content\/uploads\/2025\/03\/IMG_1125-1024x683.jpg\" alt=\"\" class=\"wp-image-14003\"\/><\/figure>\n<!-- \/wp:image -->\n\n<!-- wp:paragraph -->\n<p>In addition to the permanent exhibitions, there are also various events, such as wine tastings, which allow visitors to enjoy wines from local vineyards and learn more about the many grape varieties that are typical of the area.<\/p>\n<!-- \/wp:paragraph -->\n\n<!-- wp:image {\"id\":14004,\"sizeSlug\":\"large\",\"linkDestination\":\"none\"} -->\n<figure class=\"wp-block-image size-large\"><img src=\"https:\/\/www.kosiceregion.com\/wp-content\/uploads\/2025\/03\/hlavna-miestnost-od-vitrin-1024x512.jpg\" alt=\"\" class=\"wp-image-14004\"\/><\/figure>\n<!-- \/wp:image --><\/div>\n<!-- \/wp:column --><\/div>\n<!-- \/wp:columns -->\n\n<!-- wp:columns -->\n<div class=\"wp-block-columns\"><!-- wp:column {\"width\":\"30%\"} -->\n<div class=\"wp-block-column\" style=\"flex-basis:30%\"><!-- wp:paragraph -->\n<p><\/p>\n<!-- \/wp:paragraph --><\/div>\n<!-- \/wp:column -->\n\n<!-- wp:column {\"width\":\"80%\"} -->\n<div class=\"wp-block-column\" style=\"flex-basis:80%\"><\/div>\n<!-- \/wp:column --><\/div>\n<!-- \/wp:columns -->\n\n<!-- wp:columns -->\n<div class=\"wp-block-columns\"><!-- wp:column {\"width\":\"80%\"} -->\n<div class=\"wp-block-column\" style=\"flex-basis:80%\"><!-- wp:gallery {\"ids\":[11673],\"linkTo\":\"none\"} -->\n<figure class=\"wp-block-gallery has-nested-images columns-default is-cropped\"><!-- wp:image {\"id\":14008,\"sizeSlug\":\"large\",\"linkDestination\":\"none\"} -->\n<figure class=\"wp-block-image size-large\"><img src=\"https:\/\/www.kosiceregion.com\/wp-content\/uploads\/2025\/03\/DSC02967-2-edited.jpeg\" alt=\"\" class=\"wp-image-14008\"\/><\/figure>\n<!-- \/wp:image --><\/figure>\n<!-- \/wp:gallery --><\/div>\n<!-- \/wp:column -->\n\n<!-- wp:column {\"width\":\"25%\"} -->\n<div class=\"wp-block-column\" style=\"flex-basis:25%\"><\/div>\n<!-- \/wp:column --><\/div>\n<!-- \/wp:columns -->\n\n<!-- wp:heading {\"level\":3} -->\n<h3 class=\"wp-block-heading\"><strong>Kasigarda - Museum of Emigration from Slovakia to North America<\/strong><\/h3>\n<!-- \/wp:heading -->\n\n<!-- wp:columns -->\n<div class=\"wp-block-columns\"><!-- wp:column {\"width\":\"80%\"} -->\n<div class=\"wp-block-column\" style=\"flex-basis:80%\"><!-- wp:paragraph -->\n<p>The Museum of Emigration from Slovakia to North America - Kasigarda, located in the village of Pavlovce nad Uhom in the District of Trebi\u0161ov, is a unique place displaying the important phenomenon of Slovak emigrants. The Museum, which opened in 2008, traces the story of the mass emigration of Slovaks to the United States and Canada, mainly in the 19<sup>th<\/sup> and early 20<sup>th<\/sup> centuries.<\/p>\n<!-- \/wp:paragraph -->\n\n<!-- wp:paragraph -->\n<p>The name of the Museum - Kasigarda - is a Slovak variant spelling of the English Castle Garden, the main gate of the immigration office in New York, through which every immigrant had to pass. \u2018Kasigarda\u2019 accurately reflects the phenomenon of emigration. Illiteracy, ignorance of the language, hardships, stresses, disappointments, but above all the hope that Kasigarda represented for many of our ancestors.<\/p>\n<!-- \/wp:paragraph -->\n\n<!-- wp:paragraph -->\n<p>The Museum's exposition contains a large collection of historical artefacts, documents, and personal objects, which will bring visitors closer to the life and experiences of Slovak emigrants. The items on display include period photographs, suitcases, clothing, tools, and various documents that testify to their daily lives before and after their departure for the New World. The Museum also focuses on the stories of families who left Slovakia in the hope of a better life and their adaptation to new conditions abroad.<\/p>\n<!-- \/wp:paragraph -->\n\n<!-- wp:separator -->\n<hr class=\"wp-block-separator has-alpha-channel-opacity\"\/>\n<!-- \/wp:separator -->\n\n<!-- wp:tadv\/classic-paragraph -->\n<p>&nbsp;<\/p>\n<p>&nbsp;<\/p>\n<!-- \/wp:tadv\/classic-paragraph -->\n\n<!-- wp:tadv\/classic-paragraph -->\n<p>&nbsp;<\/p>\n<p>&nbsp;<\/p>\n<!-- \/wp:tadv\/classic-paragraph --><\/div>\n<!-- \/wp:column -->\n\n<!-- wp:column {\"width\":\"25%\"} -->\n<div class=\"wp-block-column\" style=\"flex-basis:25%\"><\/div>\n<!-- \/wp:column --><\/div>\n<!-- \/wp:columns -->\n\n<!-- wp:columns -->\n<div class=\"wp-block-columns\"><!-- wp:column {\"width\":\"30%\"} -->\n<div class=\"wp-block-column\" style=\"flex-basis:30%\"><\/div>\n<!-- \/wp:column -->\n\n<!-- wp:column {\"width\":\"80%\"} -->\n<div class=\"wp-block-column\" style=\"flex-basis:80%\"><!-- wp:image {\"id\":13877,\"sizeSlug\":\"large\",\"linkDestination\":\"none\"} -->\n<figure class=\"wp-block-image size-large\"><img src=\"https:\/\/www.kosiceregion.com\/wp-content\/uploads\/2025\/01\/DSC02998-1-1-1024x683.jpeg\" alt=\"\" class=\"wp-image-13877\"\/><\/figure>\n<!-- \/wp:image -->\n\n<!-- wp:image {\"id\":14007,\"sizeSlug\":\"large\",\"linkDestination\":\"none\"} -->\n<figure class=\"wp-block-image size-large\"><img src=\"https:\/\/www.kosiceregion.com\/wp-content\/uploads\/2025\/03\/5E9F9330-5B83-4EF3-B971-CC743A78BAAF-edited.jpeg\" alt=\"\" class=\"wp-image-14007\"\/><\/figure>\n<!-- \/wp:image --><\/div>\n<!-- \/wp:column --><\/div>\n<!-- \/wp:columns -->\n\n<!-- wp:columns -->\n<div class=\"wp-block-columns\"><!-- wp:column {\"width\":\"30%\"} -->\n<div class=\"wp-block-column\" style=\"flex-basis:30%\"><!-- wp:paragraph -->\n<p><\/p>\n<!-- \/wp:paragraph --><\/div>\n<!-- \/wp:column -->\n\n<!-- wp:column {\"width\":\"80%\"} -->\n<div class=\"wp-block-column\" style=\"flex-basis:80%\"><!-- wp:paragraph -->\n<p>The exhibited materials are accompanied by interactive elements that allow visitors to delve deeper into the history and understand the circumstances that led to the mass exodus of Slovaks to America. The Museum is also engaged in researching and documenting family stories, helping to preserve the legacy of these people for future generations.<\/p>\n<!-- \/wp:paragraph -->\n\n<!-- wp:paragraph -->\n<p>In 2024, the Kasigarda Museum was expanded to include the Garden of Slovak-American Cultural Heritage, which houses a small observatory with a telescope, a barn with a repaired small tractor that represents the beginnings of this Museum. Visit this magical Museum and get to know its whole story.<\/p>\n<!-- \/wp:paragraph --><\/div>\n<!-- \/wp:column --><\/div>\n<!-- \/wp:columns -->\n\n<!-- wp:columns -->\n<div class=\"wp-block-columns\"><!-- wp:column {\"width\":\"85%\"} -->\n<div class=\"wp-block-column\" style=\"flex-basis:85%\"><!-- wp:image {\"id\":14010,\"sizeSlug\":\"large\",\"linkDestination\":\"none\"} -->\n<figure class=\"wp-block-image size-large\"><img src=\"https:\/\/www.kosiceregion.com\/wp-content\/uploads\/2025\/03\/1-edited.jpg\" alt=\"\" class=\"wp-image-14010\"\/><\/figure>\n<!-- \/wp:image --><\/div>\n<!-- \/wp:column -->\n\n<!-- wp:column {\"width\":\"25%\"} -->\n<div class=\"wp-block-column\" style=\"flex-basis:25%\"><\/div>\n<!-- \/wp:column --><\/div>\n<!-- \/wp:columns -->\n\n<!-- wp:tadv\/classic-paragraph \/-->\n\n<!-- wp:heading -->\n<h2 class=\"wp-block-heading\"><strong>Guitar Museum in Sobrance<\/strong><\/h2>\n<!-- \/wp:heading -->\n\n<!-- wp:columns -->\n<div class=\"wp-block-columns\"><!-- wp:column {\"width\":\"80%\"} -->\n<div class=\"wp-block-column\" style=\"flex-basis:80%\"><!-- wp:paragraph -->\n<p>The Guitar Museum in Sobrance is a unique and fascinating place that captures the long history of this musical instrument. Located in the picturesque town of Sobrance, in the Zempl\u00edn Region, the Museum offers visitors an insight into the development of guitar as an instrument, as well as its importance in music culture. That first museum in Sobrance in Eastern Slovakia was opened in 1996 by Jan\u010di Ferko, who was nicknamed \u2018the guitar king\u2019.<\/p>\n<!-- \/wp:paragraph -->\n\n<!-- wp:paragraph -->\n<p>In honour of his memory, his son Imrich renovated the Museum over the years, expanded it, and doubled the number of exhibits. This makes the Museum the largest collection of these instruments today not just in Slovakia, but also one of the largest in Central Europe.<\/p>\n<!-- \/wp:paragraph -->\n\n<!-- wp:tadv\/classic-paragraph -->\n<p>The Museum exhibition includes a wide collection of guitars from a variety of historical periods, as well as unique specimens that come from different parts of the world. The instruments on display include not just classical and electric guitars, but also acoustic instruments that illustrate the various techniques of their manufacture and use in music. As the collection continues to grow, visitors can discover new artefacts that bear witness to the evolution of this musical instrument.<\/p>\n<p>&nbsp;<\/p>\n<!-- \/wp:tadv\/classic-paragraph --><\/div>\n<!-- \/wp:column -->\n\n<!-- wp:column {\"width\":\"25%\"} -->\n<div class=\"wp-block-column\" style=\"flex-basis:25%\"><\/div>\n<!-- \/wp:column --><\/div>\n<!-- \/wp:columns -->\n\n<!-- wp:columns -->\n<div class=\"wp-block-columns\"><!-- wp:column {\"width\":\"30%\"} -->\n<div class=\"wp-block-column\" style=\"flex-basis:30%\"><!-- wp:image -->\n<figure class=\"wp-block-image\"><img alt=\"\"\/><\/figure>\n<!-- \/wp:image --><\/div>\n<!-- \/wp:column -->\n\n<!-- wp:column {\"width\":\"80%\"} -->\n<div class=\"wp-block-column\" style=\"flex-basis:80%\"><!-- wp:image {\"id\":14012,\"sizeSlug\":\"full\",\"linkDestination\":\"none\"} -->\n<figure class=\"wp-block-image size-full\"><img src=\"https:\/\/www.kosiceregion.com\/wp-content\/uploads\/2025\/03\/large_gitarove_muzeum_v_sobranciach_3-edited.jpg\" alt=\"\" class=\"wp-image-14012\"\/><\/figure>\n<!-- \/wp:image -->\n\n<!-- wp:image {\"id\":14014,\"sizeSlug\":\"large\",\"linkDestination\":\"none\"} -->\n<figure class=\"wp-block-image size-large\"><img src=\"https:\/\/www.kosiceregion.com\/wp-content\/uploads\/2025\/03\/f250ff_0dd1ecee0da24620a247eb9a292d3c8dmv2_d_2048_1341_s_2-edited.jpg\" alt=\"\" class=\"wp-image-14014\"\/><\/figure>\n<!-- \/wp:image --><\/div>\n<!-- \/wp:column --><\/div>\n<!-- \/wp:columns -->\n\n<!-- wp:columns -->\n<div class=\"wp-block-columns\"><!-- wp:column {\"width\":\"30%\"} -->\n<div class=\"wp-block-column\" style=\"flex-basis:30%\"><!-- wp:paragraph -->\n<p><\/p>\n<!-- \/wp:paragraph --><\/div>\n<!-- \/wp:column -->\n\n<!-- wp:column {\"width\":\"80%\"} -->\n<div class=\"wp-block-column\" style=\"flex-basis:80%\"><!-- wp:paragraph -->\n<p>The Museum is not just a place to admire the collections, but also an active centre for music education. Various concerts, workshops, and exhibitions are organised here, allowing the visitors to experience guitar music live and to learn more about the techniques of playing the instrument.<\/p>\n<!-- \/wp:paragraph -->\n\n<!-- wp:paragraph -->\n<p>The Guitar Museum in Sobrance is an ideal place for anyone who loves music, especially guitars, and wants to learn about its history and cultural significance. It is a magnificent destination that is sure to reward any visitor, whether they are a beginner or an experienced guitar player.<\/p>\n<!-- \/wp:paragraph --><\/div>\n<!-- \/wp:column --><\/div>\n<!-- \/wp:columns -->\n\n<!-- wp:columns -->\n<div class=\"wp-block-columns\"><!-- wp:column {\"width\":\"80%\"} -->\n<div class=\"wp-block-column\" style=\"flex-basis:80%\"><!-- wp:image {\"id\":14018,\"width\":\"616px\",\"height\":\"auto\",\"sizeSlug\":\"full\",\"linkDestination\":\"none\"} -->\n<figure class=\"wp-block-image size-full is-resized\"><img src=\"https:\/\/www.kosiceregion.com\/wp-content\/uploads\/2025\/03\/Bez-nazvu-1200-x-900-px-1200-x-900-px-33-edited.jpg\" alt=\"\" class=\"wp-image-14018\" style=\"width:616px;height:auto\"\/><\/figure>\n<!-- \/wp:image --><\/div>\n<!-- \/wp:column -->\n\n<!-- wp:column {\"width\":\"25%\"} -->\n<div class=\"wp-block-column\" style=\"flex-basis:25%\"><\/div>\n<!-- \/wp:column --><\/div>\n<!-- \/wp:columns -->\n\n<!-- wp:columns -->\n<div class=\"wp-block-columns\"><!-- wp:column {\"width\":\"80%\"} -->\n<div class=\"wp-block-column\" style=\"flex-basis:80%\"><!-- wp:heading -->\n<h2 class=\"wp-block-heading\"><strong>Salt House in Ve\u013ek\u00e9 Trakany<\/strong><\/h2>\n<!-- \/wp:heading --><\/div>\n<!-- \/wp:column --><\/div>\n<!-- \/wp:columns -->\n\n<!-- wp:columns -->\n<div class=\"wp-block-columns\"><!-- wp:column {\"width\":\"80%\"} -->\n<div class=\"wp-block-column\" style=\"flex-basis:80%\"><!-- wp:paragraph -->\n<p>The Salt House in Ve\u013ek\u00e9 Trakany is a historical and cultural gem of this village, but also of the Medzibodro\u017eie area. The building of the former salt authority has been preserved on this site to this day. It is a late Baroque monument of the 18<sup>th<\/sup> century which underwent a comprehensive reconstruction in 2004-2005. It is now open to the general public. This interesting building has deep roots in the history of salt mining and processing, which has been very important for the region since the Middle Ages. The Salt House became an important centre for the trade in salt which was considered a very valuable and essential commodity at the time.<\/p>\n<!-- \/wp:paragraph -->\n\n<!-- wp:paragraph -->\n<p>The Salt House was built on a site where there were springs of salt water, which made it easier to process the salt. This building served not just as a commercial centre, but also as a place where the salters received various services related to their daily work.<\/p>\n<!-- \/wp:paragraph --><\/div>\n<!-- \/wp:column -->\n\n<!-- wp:column {\"width\":\"30%\"} -->\n<div class=\"wp-block-column\" style=\"flex-basis:30%\"><\/div>\n<!-- \/wp:column --><\/div>\n<!-- \/wp:columns -->\n\n<!-- wp:columns -->\n<div class=\"wp-block-columns\"><!-- wp:column {\"width\":\"30%\"} -->\n<div class=\"wp-block-column\" style=\"flex-basis:30%\"><\/div>\n<!-- \/wp:column -->\n\n<!-- wp:column {\"width\":\"80%\"} -->\n<div class=\"wp-block-column\" style=\"flex-basis:80%\"><!-- wp:image {\"id\":14020,\"sizeSlug\":\"large\",\"linkDestination\":\"none\"} -->\n<figure class=\"wp-block-image size-large\"><img src=\"https:\/\/www.kosiceregion.com\/wp-content\/uploads\/2025\/03\/Solny-dom-Velke-Trakany-copy-1-edited.jpg\" alt=\"\" class=\"wp-image-14020\"\/><\/figure>\n<!-- \/wp:image -->\n\n<!-- wp:image {\"id\":14022,\"sizeSlug\":\"full\",\"linkDestination\":\"none\"} -->\n<figure class=\"wp-block-image size-full\"><img src=\"https:\/\/www.kosiceregion.com\/wp-content\/uploads\/2025\/03\/sol-zdravie-edited.jpg\" alt=\"\" class=\"wp-image-14022\"\/><\/figure>\n<!-- \/wp:image --><\/div>\n<!-- \/wp:column --><\/div>\n<!-- \/wp:columns -->\n\n<!-- wp:columns -->\n<div class=\"wp-block-columns\"><!-- wp:column {\"width\":\"30%\"} -->\n<div class=\"wp-block-column\" style=\"flex-basis:30%\"><!-- wp:paragraph -->\n<p><\/p>\n<!-- \/wp:paragraph --><\/div>\n<!-- \/wp:column -->\n\n<!-- wp:column {\"width\":\"80%\"} -->\n<div class=\"wp-block-column\" style=\"flex-basis:80%\"><!-- wp:paragraph -->\n<p>Today, the Salt House is being renovated and serves as a museum that brings visitors closer to the history of salt and its importance in people's lives in the past. The exhibition in the Museum contains artefacts and documents that show how salt was mined, processed, and traded, as well as the role it played in the daily lives of the inhabitants of the region.<\/p>\n<!-- \/wp:paragraph -->\n\n<!-- wp:paragraph -->\n<p>The Salt House in Ve\u013ek\u00e9 Trakany is thus not just a historical but also a tourist attraction that is worth a visit. It is an ideal place for those who are interested in the history, traditions, and culture of Eastern Slovakia. A visit to the Museum is possible after a personal booking and appointment.<\/p>\n<!-- \/wp:paragraph --><\/div>\n<!-- \/wp:column --><\/div>\n<!-- \/wp:columns -->\n\n<!-- wp:columns -->\n<div class=\"wp-block-columns\"><!-- wp:column {\"width\":\"80%\"} -->\n<div class=\"wp-block-column\" style=\"flex-basis:80%\"><\/div>\n<!-- \/wp:column -->\n\n<!-- wp:column {\"width\":\"30%\"} -->\n<div class=\"wp-block-column\" style=\"flex-basis:30%\"><\/div>\n<!-- \/wp:column --><\/div>\n<!-- \/wp:columns -->","_en_post_name":"","_en_post_excerpt":"","_en_post_title":"Non-traditional Museums on the Edge of the World. Part 2 - Discover the Paths of Salt, Wine, Music, and Emigration","_hu_post_content":"<!-- wp:columns -->\n<div class=\"wp-block-columns\"><!-- wp:column {\"width\":\"100%\"} -->\n<div class=\"wp-block-column\" style=\"flex-basis:100%\"><!-- wp:columns -->\n<div class=\"wp-block-columns\"><!-- wp:column {\"width\":\"80%\"} -->\n<div class=\"wp-block-column\" style=\"flex-basis:80%\"><!-- wp:paragraph -->\n<p>Tartson vel\u00fcnk, keresztbe-kasul a Kassai r\u00e9gi\u00f3ban, \u00e9s ismerje meg azokat az utakat, amelyek a t\u00e9rs\u00e9g t\u00f6rt\u00e9nelm\u00e9t form\u00e1lt\u00e1k. A Szepsi (Moldava nad Bodvou) Borm\u00fazeum felh\u00edvja figyelm\u00e9t Aba\u00faj borkincs\u00e9re. A Git\u00e1rm\u00fazeumban megismerheti e n\u00e9pszer\u0171 hangszer t\u00f6rt\u00e9net\u00e9t \u00e9s a Kassai r\u00e9gi\u00f3hoz val\u00f3 k\u00f6t\u0151d\u00e9s\u00e9t. A Kasigarda M\u00fazeumban megismerheti azokat az \u00fatvonalakat, amelyeken el\u0151deink &nbsp;Zempl\u00e9nb\u0151l eg\u00e9szen \u00c9szak-Amerik\u00e1ba utaztak. V\u00e9g\u00fcl pedig meg\u00e1llunk a nagyt\u00e1rk\u00e1nyi S\u00f3h\u00e1zban, ahol k\u00f6zelebbr\u0151l is megismerheti a s\u00f3 titokzatos \u00fatjait.<\/p>\n<!-- \/wp:paragraph --><\/div>\n<!-- \/wp:column -->\n\n<!-- wp:column {\"width\":\"50%\"} -->\n<div class=\"wp-block-column\" style=\"flex-basis:50%\"><\/div>\n<!-- \/wp:column --><\/div>\n<!-- \/wp:columns --><\/div>\n<!-- \/wp:column --><\/div>\n<!-- \/wp:columns -->\n\n<!-- wp:columns -->\n<div class=\"wp-block-columns\"><!-- wp:column {\"width\":\"80%\"} -->\n<div class=\"wp-block-column\" style=\"flex-basis:80%\"><!-- wp:image {\"id\":14002,\"sizeSlug\":\"full\",\"linkDestination\":\"none\"} -->\n<figure class=\"wp-block-image size-full\"><img src=\"https:\/\/www.kosiceregion.com\/wp-content\/uploads\/2025\/03\/IMG_4517-e1565013649474.jpg\" alt=\"\" class=\"wp-image-14002\"\/><\/figure>\n<!-- \/wp:image --><\/div>\n<!-- \/wp:column -->\n\n<!-- wp:column {\"width\":\"30%\"} -->\n<div class=\"wp-block-column\" style=\"flex-basis:30%\"><\/div>\n<!-- \/wp:column --><\/div>\n<!-- \/wp:columns -->\n\n<!-- wp:heading {\"level\":3} -->\n<h3 class=\"wp-block-heading\"><strong>A Szepsi Borm\u00fazeum<\/strong><\/h3>\n<!-- \/wp:heading -->\n\n<!-- wp:columns -->\n<div class=\"wp-block-columns\"><!-- wp:column {\"width\":\"80%\"} -->\n<div class=\"wp-block-column\" style=\"flex-basis:80%\"><!-- wp:paragraph -->\n<p>A Szepsi Laczk\u00f3 M\u00e1t\u00e9 Borm\u00fazeum Szepsiben egy egyed\u00fcl\u00e1ll\u00f3 hely, amely a bor\u00e1szat hossz\u00fa \u00e9vekre visszany\u00fal\u00f3 hagyom\u00e1nyait \u00fcnnepli ebben a r\u00e9gi\u00f3ban. A jelent\u0151s bor\u00e1szr\u00f3l, Szepsi Laczk\u00f3 M\u00e1t\u00e9r\u00f3l elnevezett m\u00fazeum \u00e9kes bizony\u00edt\u00e9ka a borkult\u00fara t\u00f6rt\u00e9net\u00e9nek, amely fontos szerepet j\u00e1tszott a Zempl\u00e9n \u00e9s Suzepsi vid\u00e9k\u00e9n.<\/p>\n<!-- \/wp:paragraph -->\n\n<!-- wp:paragraph -->\n<p>A m\u00fazeum gazdag ki\u00e1ll\u00edt\u00e1ssal v\u00e1rja a l\u00e1togat\u00f3kat, megismerhetik nemcsak a bork\u00e9sz\u00edt\u00e9s t\u00f6rt\u00e9net\u00e9t, hanem az egyes bor\u00e1szati technol\u00f3gi\u00e1k fejl\u0151d\u00e9s\u00e9t is. A t\u00f6rt\u00e9nelmi \u00e9p\u00fcletben berendezett t\u00e1rlat bemutatja a hagyom\u00e1nyos \u00e9s a modern bor\u00e1szati elj\u00e1r\u00e1sok fejl\u0151d\u00e9s\u00e9t, bele\u00e9rtve az el\u0151deink \u00e1ltal haszn\u00e1lt r\u00e9gi eszk\u00f6z\u00f6ket, hord\u00f3kat \u00e9s palackokat is. 1631 k\u00f6r\u00fcl a szepsi sz\u00fclet\u00e9s\u0171 Szepsi Laczk\u00f3 M\u00e1t\u00e9 k\u00e9sz\u00edtette el az els\u0151 tokaji pinc\u00e9t L\u00f3r\u00e1ntffy Zsuzsanna fejedelemasszony sz\u00e1m\u00e1ra.<\/p>\n<!-- \/wp:paragraph -->\n\n<!-- wp:paragraph -->\n<p>Ebb\u0151l a r\u00f6vid t\u00f6rt\u00e9nelmi kitekint\u00e9sb\u0151l is kider\u00fcl, mennyire gazdag kereskedelmi hagyom\u00e1nyai vannak Szepsi v\u00e1ros\u00e1nak, err\u0151l tan\u00faskodik a t\u00f6rt\u00e9nelmi v\u00e1rosk\u00f6zpont alatt tal\u00e1lhat\u00f3 sz\u00e1mos pince is.<\/p>\n<!-- \/wp:paragraph -->\n\n<!-- wp:paragraph -->\n<p><\/p>\n<!-- \/wp:paragraph --><\/div>\n<!-- \/wp:column -->\n\n<!-- wp:column {\"width\":\"25%\"} -->\n<div class=\"wp-block-column\" style=\"flex-basis:25%\"><\/div>\n<!-- \/wp:column --><\/div>\n<!-- \/wp:columns -->\n\n<!-- wp:columns -->\n<div class=\"wp-block-columns\"><!-- wp:column {\"width\":\"30%\"} -->\n<div class=\"wp-block-column\" style=\"flex-basis:30%\"><\/div>\n<!-- \/wp:column -->\n\n<!-- wp:column {\"width\":\"80%\"} -->\n<div class=\"wp-block-column\" style=\"flex-basis:80%\"><!-- wp:image {\"id\":14003,\"sizeSlug\":\"large\",\"linkDestination\":\"none\"} -->\n<figure class=\"wp-block-image size-large\"><img src=\"https:\/\/www.kosiceregion.com\/wp-content\/uploads\/2025\/03\/IMG_1125-1024x683.jpg\" alt=\"\" class=\"wp-image-14003\"\/><\/figure>\n<!-- \/wp:image -->\n\n<!-- wp:paragraph -->\n<p>Az \u00e1lland\u00f3 ki\u00e1ll\u00edt\u00e1sok mellett k\u00fcl\u00f6nb\u00f6z\u0151 rendezv\u00e9nyeket is tartanak itt, p\u00e9ld\u00e1ul bork\u00f3stol\u00f3kat, amelyeken a l\u00e1togat\u00f3k megk\u00f3stolhatj\u00e1k a helyi sz\u0151l\u0151\u00fcltetv\u00e9nyek borait, \u00e9s t\u00f6bbet megtudhatnak a vid\u00e9kre jellemz\u0151 k\u00fcl\u00f6nb\u00f6z\u0151 sz\u0151l\u0151fajt\u00e1kr\u00f3l.<\/p>\n<!-- \/wp:paragraph -->\n\n<!-- wp:image {\"id\":14004,\"sizeSlug\":\"large\",\"linkDestination\":\"none\"} -->\n<figure class=\"wp-block-image size-large\"><img src=\"https:\/\/www.kosiceregion.com\/wp-content\/uploads\/2025\/03\/hlavna-miestnost-od-vitrin-1024x512.jpg\" alt=\"\" class=\"wp-image-14004\"\/><\/figure>\n<!-- \/wp:image --><\/div>\n<!-- \/wp:column --><\/div>\n<!-- \/wp:columns -->\n\n<!-- wp:columns -->\n<div class=\"wp-block-columns\"><!-- wp:column {\"width\":\"30%\"} -->\n<div class=\"wp-block-column\" style=\"flex-basis:30%\"><!-- wp:paragraph -->\n<p><\/p>\n<!-- \/wp:paragraph --><\/div>\n<!-- \/wp:column -->\n\n<!-- wp:column {\"width\":\"80%\"} -->\n<div class=\"wp-block-column\" style=\"flex-basis:80%\"><\/div>\n<!-- \/wp:column --><\/div>\n<!-- \/wp:columns -->\n\n<!-- wp:columns -->\n<div class=\"wp-block-columns\"><!-- wp:column {\"width\":\"80%\"} -->\n<div class=\"wp-block-column\" style=\"flex-basis:80%\"><!-- wp:gallery {\"ids\":[11673],\"linkTo\":\"none\"} -->\n<figure class=\"wp-block-gallery has-nested-images columns-default is-cropped\"><!-- wp:image {\"id\":14008,\"sizeSlug\":\"large\",\"linkDestination\":\"none\"} -->\n<figure class=\"wp-block-image size-large\"><img src=\"https:\/\/www.kosiceregion.com\/wp-content\/uploads\/2025\/03\/DSC02967-2-edited.jpeg\" alt=\"\" class=\"wp-image-14008\"\/><\/figure>\n<!-- \/wp:image --><\/figure>\n<!-- \/wp:gallery --><\/div>\n<!-- \/wp:column -->\n\n<!-- wp:column {\"width\":\"25%\"} -->\n<div class=\"wp-block-column\" style=\"flex-basis:25%\"><\/div>\n<!-- \/wp:column --><\/div>\n<!-- \/wp:columns -->\n\n<!-- wp:heading {\"level\":3} -->\n<h3 class=\"wp-block-heading\"><strong>Kasigrada - A Szlov\u00e1ki\u00e1b\u00f3l \u00c9szak-Amerik\u00e1ba kiv\u00e1ndorl\u00f3k m\u00fazeuma<\/strong><\/h3>\n<!-- \/wp:heading -->\n\n<!-- wp:columns -->\n<div class=\"wp-block-columns\"><!-- wp:column {\"width\":\"80%\"} -->\n<div class=\"wp-block-column\" style=\"flex-basis:80%\"><!-- wp:paragraph -->\n<p>A Szlov\u00e1ki\u00e1b\u00f3l \u00c9szak-Amerik\u00e1ba kiv\u00e1ndorl\u00f3k m\u00fazeuma, a Kasigrada,&nbsp; a T\u0151keterebesi j\u00e1r\u00e1sban, P\u00e1l\u00f3con tal\u00e1lhat\u00f3. Egyed\u00fcl\u00e1ll\u00f3 hely ez, amely a szlov\u00e1kiai kiv\u00e1ndorl\u00f3kkal, mint fontos t\u00f6rt\u00e9nelmi jelens\u00e9ggel foglalkozik. A 2008-ban megnyitott m\u00fazeum a szlov\u00e1kok t\u00f6meges kiv\u00e1ndorl\u00e1s\u00e1nak t\u00f6rt\u00e9net\u00e9t k\u00f6veti nyomon az Egyes\u00fclt \u00c1llamokba \u00e9s Kanad\u00e1ba, k\u00fcl\u00f6n\u00f6sen a 19. sz\u00e1zadban \u00e9s a 20. sz\u00e1zad elej\u00e9n.<\/p>\n<!-- \/wp:paragraph -->\n\n<!-- wp:paragraph -->\n<p>A m\u00fazeum neve - Kasigarda - az angol Castle Garden, a New York-i bev\u00e1ndorl\u00e1si hivatal f\u0151kapuj\u00e1nak f\u00e9lre\u00e9rtett, fonetikusan haszn\u00e1lt megnevez\u00e9se, ahol minden bev\u00e1ndorl\u00f3 megfordult. &nbsp;A \u201eKasigarda\u201d pontosan t\u00fckr\u00f6zi a kiv\u00e1ndorl\u00e1s jelens\u00e9g\u00e9t. \u00cdr\u00e1studatlans\u00e1g, a nyelvtud\u00e1s hi\u00e1nya, neh\u00e9zs\u00e9gek, stressz, csal\u00f3d\u00e1sok, de legink\u00e1bb a rem\u00e9ny, amelyet Kasigarda jelentett sok el\u0151d\u00fcnk sz\u00e1m\u00e1ra.<\/p>\n<!-- \/wp:paragraph -->\n\n<!-- wp:paragraph -->\n<p>A m\u00fazeum ki\u00e1ll\u00edt\u00e1s\u00e1ban t\u00f6rt\u00e9nelmi t\u00e1rgyak, dokumentumok \u00e9s szem\u00e9lyes t\u00e1rgyak gazdag gy\u0171jtem\u00e9nye l\u00e1that\u00f3, \u00e1ltaluk v\u00e1lik k\u00e9zzel foghat\u00f3v\u00e1 a szlov\u00e1kiai emigr\u00e1nsok \u00e9lete \u00e9s t\u00f6rt\u00e9netei. &nbsp;A ki\u00e1ll\u00edtott t\u00e1rgyak k\u00f6z\u00f6tt korabeli f\u00e9nyk\u00e9pek, b\u0151r\u00f6nd\u00f6k, ruh\u00e1k, szersz\u00e1mok \u00e9s k\u00fcl\u00f6nb\u00f6z\u0151 dokumentumok tan\u00faskodnak az \u00dajvil\u00e1gba val\u00f3 t\u00e1voz\u00e1suk el\u0151tti \u00e9s ut\u00e1ni mindennapi \u00e9let\u00fckr\u0151l. A m\u00fazeum a Szlov\u00e1ki\u00e1t a jobb \u00e9let rem\u00e9ny\u00e9ben elhagy\u00f3 csal\u00e1dok t\u00f6rt\u00e9neteire \u00e9s a k\u00fclf\u00f6ldi, \u00faj k\u00f6r\u00fclm\u00e9nyekhez val\u00f3 alkalmazkod\u00e1sukkal is foglalkozik.<\/p>\n<!-- \/wp:paragraph -->\n\n<!-- wp:paragraph -->\n<p><\/p>\n<!-- \/wp:paragraph -->\n\n<!-- wp:separator -->\n<hr class=\"wp-block-separator has-alpha-channel-opacity\"\/>\n<!-- \/wp:separator -->\n\n<!-- wp:tadv\/classic-paragraph -->\n<p>&nbsp;<\/p>\n<p>&nbsp;<\/p>\n<!-- \/wp:tadv\/classic-paragraph -->\n\n<!-- wp:tadv\/classic-paragraph -->\n<p>&nbsp;<\/p>\n<p>&nbsp;<\/p>\n<!-- \/wp:tadv\/classic-paragraph --><\/div>\n<!-- \/wp:column -->\n\n<!-- wp:column {\"width\":\"25%\"} -->\n<div class=\"wp-block-column\" style=\"flex-basis:25%\"><\/div>\n<!-- \/wp:column --><\/div>\n<!-- \/wp:columns -->\n\n<!-- wp:columns -->\n<div class=\"wp-block-columns\"><!-- wp:column {\"width\":\"30%\"} -->\n<div class=\"wp-block-column\" style=\"flex-basis:30%\"><\/div>\n<!-- \/wp:column -->\n\n<!-- wp:column {\"width\":\"80%\"} -->\n<div class=\"wp-block-column\" style=\"flex-basis:80%\"><!-- wp:image {\"id\":13877,\"sizeSlug\":\"large\",\"linkDestination\":\"none\"} -->\n<figure class=\"wp-block-image size-large\"><img src=\"https:\/\/www.kosiceregion.com\/wp-content\/uploads\/2025\/01\/DSC02998-1-1-1024x683.jpeg\" alt=\"\" class=\"wp-image-13877\"\/><\/figure>\n<!-- \/wp:image -->\n\n<!-- wp:image {\"id\":14007,\"sizeSlug\":\"large\",\"linkDestination\":\"none\"} -->\n<figure class=\"wp-block-image size-large\"><img src=\"https:\/\/www.kosiceregion.com\/wp-content\/uploads\/2025\/03\/5E9F9330-5B83-4EF3-B971-CC743A78BAAF-edited.jpeg\" alt=\"\" class=\"wp-image-14007\"\/><\/figure>\n<!-- \/wp:image --><\/div>\n<!-- \/wp:column --><\/div>\n<!-- \/wp:columns -->\n\n<!-- wp:columns -->\n<div class=\"wp-block-columns\"><!-- wp:column {\"width\":\"30%\"} -->\n<div class=\"wp-block-column\" style=\"flex-basis:30%\"><!-- wp:paragraph -->\n<p><\/p>\n<!-- \/wp:paragraph --><\/div>\n<!-- \/wp:column -->\n\n<!-- wp:column {\"width\":\"80%\"} -->\n<div class=\"wp-block-column\" style=\"flex-basis:80%\"><!-- wp:paragraph -->\n<p>A ki\u00e1ll\u00edtott anyagokat interakt\u00edv elemek eg\u00e9sz\u00edtik ki, amelyek lehet\u0151v\u00e9 teszik a l\u00e1togat\u00f3k sz\u00e1m\u00e1ra, hogy m\u00e9lyebben elmer\u00fcljenek a t\u00f6rt\u00e9nelemben \u00e9s meg\u00e9rts\u00e9k azokat a k\u00f6r\u00fclm\u00e9nyeket, amelyek a szlov\u00e1kok t\u00f6meges Amerik\u00e1ba val\u00f3 kiv\u00e1ndorl\u00e1s\u00e1hoz vezettek. A m\u00fazeum a csal\u00e1di t\u00f6rt\u00e9netek kutat\u00e1s\u00e1val \u00e9s dokument\u00e1l\u00e1s\u00e1val is foglalkozik, \u00edgy seg\u00edti meg\u0151rizni ezeknek az emberek \u00f6r\u00f6ks\u00e9g\u00e9t&nbsp; j\u00f6v\u0151 gener\u00e1ci\u00f3i sz\u00e1m\u00e1ra.<\/p>\n<!-- \/wp:paragraph -->\n\n<!-- wp:paragraph -->\n<p>2024-ben a Kasigarda M\u00fazeumot kib\u0151v\u00edtett\u00e9k a Szlov\u00e1k-Amerikai Kultur\u00e1lis \u00d6r\u00f6ks\u00e9g Kertj\u00e9vel, amely egy kis, teleszk\u00f3ppal is felszerelt csillagvizsg\u00e1l\u00f3nak ad otthont, tov\u00e1bb\u00e1 van itt egy pajta egy fel\u00faj\u00edtott kistraktorral, amely a m\u00fazeum kezdeteit szimboliz\u00e1lja. L\u00e1togasson el ebbe a var\u00e1zslatos m\u00fazeumba, \u00e9s ismerje meg az eg\u00e9sz t\u00f6rt\u00e9net\u00e9t.<\/p>\n<!-- \/wp:paragraph --><\/div>\n<!-- \/wp:column --><\/div>\n<!-- \/wp:columns -->\n\n<!-- wp:columns -->\n<div class=\"wp-block-columns\"><!-- wp:column {\"width\":\"85%\"} -->\n<div class=\"wp-block-column\" style=\"flex-basis:85%\"><!-- wp:image {\"id\":14010,\"sizeSlug\":\"large\",\"linkDestination\":\"none\"} -->\n<figure class=\"wp-block-image size-large\"><img src=\"https:\/\/www.kosiceregion.com\/wp-content\/uploads\/2025\/03\/1-edited.jpg\" alt=\"\" class=\"wp-image-14010\"\/><\/figure>\n<!-- \/wp:image --><\/div>\n<!-- \/wp:column -->\n\n<!-- wp:column {\"width\":\"25%\"} -->\n<div class=\"wp-block-column\" style=\"flex-basis:25%\"><\/div>\n<!-- \/wp:column --><\/div>\n<!-- \/wp:columns -->\n\n<!-- wp:tadv\/classic-paragraph \/-->\n\n<!-- wp:heading -->\n<h2 class=\"wp-block-heading\"><strong>A szobr\u00e1nci Git\u00e1rm\u00fazeum<\/strong><\/h2>\n<!-- \/wp:heading -->\n\n<!-- wp:columns -->\n<div class=\"wp-block-columns\"><!-- wp:column {\"width\":\"80%\"} -->\n<div class=\"wp-block-column\" style=\"flex-basis:80%\"><!-- wp:paragraph -->\n<p>A szobr\u00e1nci Git\u00e1rm\u00fazeum egy egyed\u00fcl\u00e1ll\u00f3 \u00e9s leny\u0171g\u00f6z\u0151 hely, amely a git\u00e1r gazdag t\u00f6rt\u00e9net\u00e9t \u00f6r\u00f6k\u00edti meg. A Zempl\u00e9ni r\u00e9gi\u00f3ban, a fest\u0151i Szobr\u00e1nc v\u00e1ros\u00e1ban tal\u00e1lhat\u00f3 m\u00fazeum betekint\u00e9st ny\u00fajt a l\u00e1togat\u00f3knak a hangszer fejl\u0151d\u00e9s\u00e9be \u00e9s megmutatja jelent\u0151s\u00e9g\u00e9t a zenei kult\u00far\u00e1ban. Az els\u0151 kelet-szlov\u00e1kiai m\u00fazeumot Szobr\u00e1ncon 1996-ban nyitotta meg Ferko Jan\u010di, akit \u201egit\u00e1rkir\u00e1lynak \u201d is neveznek.<\/p>\n<!-- \/wp:paragraph -->\n\n<!-- wp:paragraph -->\n<p>Az \u0151 eml\u00e9ke el\u0151tt tisztelegve fia, Imrich az \u00e9vek sor\u00e1n fel\u00faj\u00edtotta a m\u00fazeumot, kib\u0151v\u00edtette \u00e9s megdupl\u00e1zta a ki\u00e1ll\u00edt\u00e1si t\u00e1rgyak sz\u00e1m\u00e1t. Ennek k\u00f6sz\u00f6nhet\u0151en a m\u00fazeum ma m\u00e1r nemcsak Szlov\u00e1kia, hanem K\u00f6z\u00e9p-Eur\u00f3pa egyik legnagyobb ilyen hangszergy\u0171jtem\u00e9nye.<\/p>\n<!-- \/wp:paragraph -->\n\n<!-- wp:paragraph -->\n<p>A m\u00fazeum t\u00e1rlata a k\u00fcl\u00f6nb\u00f6z\u0151 t\u00f6rt\u00e9nelmi korszakokb\u00f3l sz\u00e1rmaz\u00f3 git\u00e1rok sz\u00e9les gy\u0171jtem\u00e9ny\u00e9t, valamint a vil\u00e1g k\u00fcl\u00f6nb\u00f6z\u0151 r\u00e9szeir\u0151l sz\u00e1rmaz\u00f3 egyedi p\u00e9ld\u00e1nyokat vonultat fel. A ki\u00e1ll\u00edtott hangszerek k\u00f6z\u00f6tt nemcsak klasszikus \u00e9s elektromos git\u00e1rok, hanem akusztikus hangszerek is tal\u00e1lhat\u00f3k, amelyek a k\u00fcl\u00f6nb\u00f6z\u0151 gy\u00e1rt\u00e1si technik\u00e1kat \u00e9s a zen\u00e9ben val\u00f3 felhaszn\u00e1l\u00e1sukat szeml\u00e9ltetik. Mivel a gy\u0171jtem\u00e9ny folyamatosan b\u0151v\u00fcl, a l\u00e1togat\u00f3k \u00faj t\u00e1rgyakat fedezhetnek fel, amelyek e hangszer fejl\u0151d\u00e9s\u00e9r\u0151l tan\u00faskodnak.<\/p>\n<!-- \/wp:paragraph --><\/div>\n<!-- \/wp:column -->\n\n<!-- wp:column {\"width\":\"25%\"} -->\n<div class=\"wp-block-column\" style=\"flex-basis:25%\"><\/div>\n<!-- \/wp:column --><\/div>\n<!-- \/wp:columns -->\n\n<!-- wp:columns -->\n<div class=\"wp-block-columns\"><!-- wp:column {\"width\":\"30%\"} -->\n<div class=\"wp-block-column\" style=\"flex-basis:30%\"><!-- wp:image -->\n<figure class=\"wp-block-image\"><img alt=\"\"\/><\/figure>\n<!-- \/wp:image --><\/div>\n<!-- \/wp:column -->\n\n<!-- wp:column {\"width\":\"80%\"} -->\n<div class=\"wp-block-column\" style=\"flex-basis:80%\"><!-- wp:image {\"id\":14012,\"sizeSlug\":\"full\",\"linkDestination\":\"none\"} -->\n<figure class=\"wp-block-image size-full\"><img src=\"https:\/\/www.kosiceregion.com\/wp-content\/uploads\/2025\/03\/large_gitarove_muzeum_v_sobranciach_3-edited.jpg\" alt=\"\" class=\"wp-image-14012\"\/><\/figure>\n<!-- \/wp:image -->\n\n<!-- wp:image {\"id\":14014,\"sizeSlug\":\"large\",\"linkDestination\":\"none\"} -->\n<figure class=\"wp-block-image size-large\"><img src=\"https:\/\/www.kosiceregion.com\/wp-content\/uploads\/2025\/03\/f250ff_0dd1ecee0da24620a247eb9a292d3c8dmv2_d_2048_1341_s_2-edited.jpg\" alt=\"\" class=\"wp-image-14014\"\/><\/figure>\n<!-- \/wp:image --><\/div>\n<!-- \/wp:column --><\/div>\n<!-- \/wp:columns -->\n\n<!-- wp:columns -->\n<div class=\"wp-block-columns\"><!-- wp:column {\"width\":\"30%\"} -->\n<div class=\"wp-block-column\" style=\"flex-basis:30%\"><!-- wp:paragraph -->\n<p><\/p>\n<!-- \/wp:paragraph --><\/div>\n<!-- \/wp:column -->\n\n<!-- wp:column {\"width\":\"80%\"} -->\n<div class=\"wp-block-column\" style=\"flex-basis:80%\"><!-- wp:paragraph -->\n<p>A m\u00fazeumban nemcsak a hangszergy\u0171jtem\u00e9nyt csod\u00e1lhatjuk meg, hanem ez a zeneoktat\u00e1s akt\u00edv k\u00f6zpontja is. K\u00fcl\u00f6nb\u00f6z\u0151 koncerteket, workshopokat \u00e9s ki\u00e1ll\u00edt\u00e1sokat szerveznek itt, \u00edgy a l\u00e1togat\u00f3k \u00e9l\u0151ben is megtapasztalhatj\u00e1k a git\u00e1rzen\u00e9t, \u00e9s t\u00f6bbet megtudhatnak a git\u00e1rj\u00e1t\u00e9k technik\u00e1j\u00e1r\u00f3l.<\/p>\n<!-- \/wp:paragraph -->\n\n<!-- wp:paragraph -->\n<p>A szobr\u00e1nci Git\u00e1rm\u00fazeum ide\u00e1lis hely mindazok sz\u00e1m\u00e1ra, akik szeretik a zen\u00e9t, k\u00fcl\u00f6n\u00f6sen a git\u00e1rokat, \u00e9s szeretn\u00e9nek megismerkedni azok t\u00f6rt\u00e9net\u00e9vel \u00e9s kultur\u00e1lis jelent\u0151s\u00e9g\u00e9vel. Nagyszer\u0171 \u00fatic\u00e9l, amely minden l\u00e1togat\u00f3 sz\u00e1m\u00e1ra sokat ad, legyen az kezd\u0151 vagy tapasztalt git\u00e1ros.<\/p>\n<!-- \/wp:paragraph --><\/div>\n<!-- \/wp:column --><\/div>\n<!-- \/wp:columns -->\n\n<!-- wp:columns -->\n<div class=\"wp-block-columns\"><!-- wp:column {\"width\":\"80%\"} -->\n<div class=\"wp-block-column\" style=\"flex-basis:80%\"><!-- wp:image {\"id\":14018,\"width\":\"616px\",\"height\":\"auto\",\"sizeSlug\":\"full\",\"linkDestination\":\"none\"} -->\n<figure class=\"wp-block-image size-full is-resized\"><img src=\"https:\/\/www.kosiceregion.com\/wp-content\/uploads\/2025\/03\/Bez-nazvu-1200-x-900-px-1200-x-900-px-33-edited.jpg\" alt=\"\" class=\"wp-image-14018\" style=\"width:616px;height:auto\"\/><\/figure>\n<!-- \/wp:image --><\/div>\n<!-- \/wp:column -->\n\n<!-- wp:column {\"width\":\"25%\"} -->\n<div class=\"wp-block-column\" style=\"flex-basis:25%\"><\/div>\n<!-- \/wp:column --><\/div>\n<!-- \/wp:columns -->\n\n<!-- wp:columns -->\n<div class=\"wp-block-columns\"><!-- wp:column {\"width\":\"80%\"} -->\n<div class=\"wp-block-column\" style=\"flex-basis:80%\"><!-- wp:heading -->\n<h2 class=\"wp-block-heading\"><strong>A nagyt\u00e1rk\u00e1nyi S\u00f3h\u00e1z<\/strong><\/h2>\n<!-- \/wp:heading --><\/div>\n<!-- \/wp:column --><\/div>\n<!-- \/wp:columns -->\n\n<!-- wp:columns -->\n<div class=\"wp-block-columns\"><!-- wp:column {\"width\":\"80%\"} -->\n<div class=\"wp-block-column\" style=\"flex-basis:80%\"><!-- wp:paragraph -->\n<p>A nagyt\u00e1rk\u00e1nyi S\u00f3h\u00e1z a k\u00f6zs\u00e9g, de eg\u00e9sz Bodrogk\u00f6z t\u00f6rt\u00e9nelmi \u00e9s kultur\u00e1lis \u00e9kk\u00f6ve is. Az egykori s\u00f3hivatal \u00e9p\u00fclete a mai napig megmaradt ezen a helyen. Ez egy k\u00e9s\u0151 barokk m\u0171eml\u00e9k a 18. sz\u00e1zadb\u00f3l, amely 2004-2005-ben \u00e1tfog\u00f3 rekonstrukci\u00f3n esett \u00e1t. Ma m\u00e1r a nagyk\u00f6z\u00f6ns\u00e9g sz\u00e1m\u00e1ra is nyitva \u00e1ll.&nbsp; Az \u00e9rdekes \u00e9p\u00fclet is m\u00e9lyen be\u00e1gyaz\u00f3dik a s\u00f3b\u00e1ny\u00e1szat \u00e9s -feldolgoz\u00e1s t\u00f6rt\u00e9net\u00e9be, amely a k\u00f6z\u00e9pkor \u00f3ta nagyon fontos volt a r\u00e9gi\u00f3 sz\u00e1m\u00e1ra. A s\u00f3h\u00e1z a s\u00f3kereskedelem fontos k\u00f6zpontj\u00e1v\u00e1 v\u00e1lt, a s\u00f3 ugyanis akkoriban nagyon \u00e9rt\u00e9kes \u00e9s alapvet\u0151 \u00e1rucikknek sz\u00e1m\u00edtott.<\/p>\n<!-- \/wp:paragraph -->\n\n<!-- wp:paragraph -->\n<p>Fontos t\u00e9ny, hogy a s\u00f3h\u00e1z olyan helyen \u00e9p\u00fclt, ahol s\u00f3sv\u00edzforr\u00e1sok fakadtak, \u00e9s ez megk\u00f6nny\u00edtette a s\u00f3 feldolgoz\u00e1s\u00e1t. Ez az \u00e9p\u00fclet nemcsak kereskedelmi k\u00f6zpontk\u00e9nt szolg\u00e1lt, hanem olyan hely is volt, ahol a s\u00f3gy\u00e1rt\u00e1sban dolgoz\u00f3k a napi munk\u00e1jukhoz kapcsol\u00f3d\u00f3 k\u00fcl\u00f6nf\u00e9le szolg\u00e1ltat\u00e1sokat vehettek ig\u00e9nybe.<\/p>\n<!-- \/wp:paragraph --><\/div>\n<!-- \/wp:column -->\n\n<!-- wp:column {\"width\":\"30%\"} -->\n<div class=\"wp-block-column\" style=\"flex-basis:30%\"><\/div>\n<!-- \/wp:column --><\/div>\n<!-- \/wp:columns -->\n\n<!-- wp:columns -->\n<div class=\"wp-block-columns\"><!-- wp:column {\"width\":\"30%\"} -->\n<div class=\"wp-block-column\" style=\"flex-basis:30%\"><\/div>\n<!-- \/wp:column -->\n\n<!-- wp:column {\"width\":\"80%\"} -->\n<div class=\"wp-block-column\" style=\"flex-basis:80%\"><!-- wp:image {\"id\":14020,\"sizeSlug\":\"large\",\"linkDestination\":\"none\"} -->\n<figure class=\"wp-block-image size-large\"><img src=\"https:\/\/www.kosiceregion.com\/wp-content\/uploads\/2025\/03\/Solny-dom-Velke-Trakany-copy-1-edited.jpg\" alt=\"\" class=\"wp-image-14020\"\/><\/figure>\n<!-- \/wp:image -->\n\n<!-- wp:image {\"id\":14022,\"sizeSlug\":\"full\",\"linkDestination\":\"none\"} -->\n<figure class=\"wp-block-image size-full\"><img src=\"https:\/\/www.kosiceregion.com\/wp-content\/uploads\/2025\/03\/sol-zdravie-edited.jpg\" alt=\"\" class=\"wp-image-14022\"\/><\/figure>\n<!-- \/wp:image --><\/div>\n<!-- \/wp:column --><\/div>\n<!-- \/wp:columns -->\n\n<!-- wp:columns -->\n<div class=\"wp-block-columns\"><!-- wp:column {\"width\":\"30%\"} -->\n<div class=\"wp-block-column\" style=\"flex-basis:30%\"><!-- wp:paragraph -->\n<p><\/p>\n<!-- \/wp:paragraph --><\/div>\n<!-- \/wp:column -->\n\n<!-- wp:column {\"width\":\"80%\"} -->\n<div class=\"wp-block-column\" style=\"flex-basis:80%\"><!-- wp:paragraph -->\n<p>Ma a S\u00f3h\u00e1z fel\u00faj\u00edt\u00e1s alatt \u00e1ll, \u00e9s m\u00fazeumk\u00e9nt szolg\u00e1l, amely megismerteti a l\u00e1togat\u00f3kkal a s\u00f3 t\u00f6rt\u00e9net\u00e9t \u00e9s annak jelent\u0151s\u00e9g\u00e9t az emberek \u00e9let\u00e9ben a m\u00faltban. A m\u00fazeumban berendezett ki\u00e1ll\u00edt\u00e1son t\u00e1rgyak \u00e9s dokumentumok eleven\u00edtik fel, hogyan b\u00e1ny\u00e1szt\u00e1k a s\u00f3t, hogyan dolgozt\u00e1k fel \u00e9s kereskedtek vele, valamint hogy milyen szerepet j\u00e1tszott a s\u00f3 a r\u00e9gi\u00f3 lak\u00f3inak mindennapi \u00e9let\u00e9ben.<\/p>\n<!-- \/wp:paragraph -->\n\n<!-- wp:paragraph -->\n<p>A nagyt\u00e1rk\u00e1nyi S\u00f3h\u00e1z teh\u00e1t nemcsak t\u00f6rt\u00e9nelmi, hanem turisztikai l\u00e1tv\u00e1nyoss\u00e1g is, amelyet \u00e9rdemes felkeresni. Ide\u00e1lis hely azok sz\u00e1m\u00e1ra, akiket \u00e9rdekel Kelet-Szlov\u00e1kia t\u00f6rt\u00e9nelme, hagyom\u00e1nyai \u00e9s kult\u00far\u00e1ja. A m\u00fazeum l\u00e1togat\u00e1sa szem\u00e9lyes foglal\u00e1s \u00e9s id\u0151pont egyeztet\u00e9s ut\u00e1n lehets\u00e9ges.<\/p>\n<!-- \/wp:paragraph --><\/div>\n<!-- \/wp:column --><\/div>\n<!-- \/wp:columns -->\n\n<!-- wp:columns -->\n<div class=\"wp-block-columns\"><!-- wp:column {\"width\":\"80%\"} -->\n<div class=\"wp-block-column\" style=\"flex-basis:80%\"><\/div>\n<!-- \/wp:column -->\n\n<!-- wp:column {\"width\":\"30%\"} -->\n<div class=\"wp-block-column\" style=\"flex-basis:30%\"><\/div>\n<!-- \/wp:column --><\/div>\n<!-- \/wp:columns -->","_hu_post_name":"","_hu_post_excerpt":"","_hu_post_title":"Rendhagy\u00f3 m\u00fazeumok a Kassai r\u00e9gi\u00f3ban 2. r\u00e9sz \u2013 Ismerje meg a s\u00f3, a bor, a zene \u00e9s a kiv\u00e1ndorl\u00e1s \u00fatjait","_es_post_content":"","_es_post_name":"","_es_post_excerpt":"","_es_post_title":"","_de_post_content":"<!-- wp:columns -->\n<div class=\"wp-block-columns\"><!-- wp:column {\"width\":\"100%\"} -->\n<div class=\"wp-block-column\" style=\"flex-basis:100%\"><!-- wp:columns -->\n<div class=\"wp-block-columns\"><!-- wp:column {\"width\":\"80%\"} -->\n<div class=\"wp-block-column\" style=\"flex-basis:80%\"><!-- wp:paragraph -->\n<p>Begeben Sie sich mit uns kreuz und quer durch die Region Ko\u0161ice und erkunden Sie die Wege, die die Vergangenheit unserer Region gestaltet haben. Das Weinmuseum in Moldava nad Bodvou befasst sich mit dem Weinbau in der Weinbauregion Abov. Im Gitarrenmuseum erfahren Sie mehr \u00fcber die Geschichte dieses beliebten Musikinstrumentes, als auch \u00fcber seinen Einfluss auf die Region Ko\u0161ice. Im Kasigarda Museum bringen wir Ihnen die Wege aus Zempl\u00edn nach Nordamerika n\u00e4her, die unsere Vorfahren absolviert haben. Zum Abschluss begeben wir uns in das Salzhaus in Ve\u013ek\u00e9 Trakany wo Sie die geheimnisvollen Wege des Salzes erkunden k\u00f6nnen.<\/p>\n<!-- \/wp:paragraph --><\/div>\n<!-- \/wp:column -->\n\n<!-- wp:column {\"width\":\"50%\"} -->\n<div class=\"wp-block-column\" style=\"flex-basis:50%\"><\/div>\n<!-- \/wp:column --><\/div>\n<!-- \/wp:columns --><\/div>\n<!-- \/wp:column --><\/div>\n<!-- \/wp:columns -->\n\n<!-- wp:columns -->\n<div class=\"wp-block-columns\"><!-- wp:column {\"width\":\"80%\"} -->\n<div class=\"wp-block-column\" style=\"flex-basis:80%\"><!-- wp:image {\"id\":14002,\"sizeSlug\":\"full\",\"linkDestination\":\"none\"} -->\n<figure class=\"wp-block-image size-full\"><img src=\"https:\/\/www.kosiceregion.com\/wp-content\/uploads\/2025\/03\/IMG_4517-e1565013649474.jpg\" alt=\"\" class=\"wp-image-14002\"\/><\/figure>\n<!-- \/wp:image --><\/div>\n<!-- \/wp:column -->\n\n<!-- wp:column {\"width\":\"30%\"} -->\n<div class=\"wp-block-column\" style=\"flex-basis:30%\"><\/div>\n<!-- \/wp:column --><\/div>\n<!-- \/wp:columns -->\n\n<!-- wp:heading {\"level\":3} -->\n<h3 class=\"wp-block-heading\"><strong>Weinmuseum in Moldava nad Bodvou<\/strong><\/h3>\n<!-- \/wp:heading -->\n\n<!-- wp:columns -->\n<div class=\"wp-block-columns\"><!-- wp:column {\"width\":\"80%\"} -->\n<div class=\"wp-block-column\" style=\"flex-basis:80%\"><!-- wp:paragraph -->\n<p>Das Weinmuseum M\u00e1t\u00e9 Laczk\u00f3 Szepsi in Moldava nad Bodvou ist ein einzigartiger Ort, der die langj\u00e4hrige Weinbautradition in dieser Region feiert. Das Museum, das nach dem bedeutenden Weinbauern M\u00e1t\u00e9 Laczk\u00f3 Szepsi benannt wurde, ist ein ausgezeichneter Beweis f\u00fcr die Geschichte der Weinkultur, die in der Region Zempl\u00edn und Moldava nad Bodvou eine wichtige Rolle spielt.<\/p>\n<!-- \/wp:paragraph -->\n\n<!-- wp:paragraph -->\n<p>Das Museum zeigt eine umfangreiche Ausstellung, die den Besuchern nicht nur die Geschichte des Weinbaus, sondern auch die Entwicklung der einzelnen Weinproduktionstechnologien n\u00e4her bringt. Es befindet sich in einem historischen Geb\u00e4ude und zeigt die Entwicklung der Traditionen und auch der modernen Methoden der Weinproduktion, einschlie\u00dflich alter Werkzeuge, F\u00e4sser und Flaschen, die unsere Vorfahren verwendet habe. Um das Jahr 1631&nbsp;hat der geb\u00fcrtige Moldaver M\u00e1t\u00e9 Laczk\u00f3 Szepsi f\u00fcr die F\u00fcrstin Susanna L\u00f3r\u00e1ntffy den ersten Tokajer produziert.<\/p>\n<!-- \/wp:paragraph -->\n\n<!-- wp:paragraph -->\n<p>Diese kurze historische Exkursion beweist, dass Moldava eine gro\u00dfe Handelstradition hat. Davon zeugen viele Bierstuben, die sich unter dem historischen Stadtzentrum befinden.<\/p>\n<!-- \/wp:paragraph --><\/div>\n<!-- \/wp:column -->\n\n<!-- wp:column {\"width\":\"25%\"} -->\n<div class=\"wp-block-column\" style=\"flex-basis:25%\"><\/div>\n<!-- \/wp:column --><\/div>\n<!-- \/wp:columns -->\n\n<!-- wp:columns -->\n<div class=\"wp-block-columns\"><!-- wp:column {\"width\":\"30%\"} -->\n<div class=\"wp-block-column\" style=\"flex-basis:30%\"><\/div>\n<!-- \/wp:column -->\n\n<!-- wp:column {\"width\":\"80%\"} -->\n<div class=\"wp-block-column\" style=\"flex-basis:80%\"><!-- wp:image {\"id\":14003,\"sizeSlug\":\"large\",\"linkDestination\":\"none\"} -->\n<figure class=\"wp-block-image size-large\"><img src=\"https:\/\/www.kosiceregion.com\/wp-content\/uploads\/2025\/03\/IMG_1125-1024x683.jpg\" alt=\"\" class=\"wp-image-14003\"\/><\/figure>\n<!-- \/wp:image -->\n\n<!-- wp:paragraph -->\n<p>Neben den Dauerausstellungen gibt es hier auch verschiedene Veranstaltungen, wie Weinverkostungen mit Weinen aus den hiesigen Weinbaubetrieben und Sie erfahren mehr \u00fcber die verschiedenen Weinsorten, die f\u00fcr diese Region typisch sind.<\/p>\n<!-- \/wp:paragraph -->\n\n<!-- wp:image {\"id\":14004,\"sizeSlug\":\"large\",\"linkDestination\":\"none\"} -->\n<figure class=\"wp-block-image size-large\"><img src=\"https:\/\/www.kosiceregion.com\/wp-content\/uploads\/2025\/03\/hlavna-miestnost-od-vitrin-1024x512.jpg\" alt=\"\" class=\"wp-image-14004\"\/><\/figure>\n<!-- \/wp:image --><\/div>\n<!-- \/wp:column --><\/div>\n<!-- \/wp:columns -->\n\n<!-- wp:columns -->\n<div class=\"wp-block-columns\"><!-- wp:column {\"width\":\"30%\"} -->\n<div class=\"wp-block-column\" style=\"flex-basis:30%\"><!-- wp:paragraph -->\n<p><\/p>\n<!-- \/wp:paragraph --><\/div>\n<!-- \/wp:column -->\n\n<!-- wp:column {\"width\":\"80%\"} -->\n<div class=\"wp-block-column\" style=\"flex-basis:80%\"><\/div>\n<!-- \/wp:column --><\/div>\n<!-- \/wp:columns -->\n\n<!-- wp:columns -->\n<div class=\"wp-block-columns\"><!-- wp:column {\"width\":\"80%\"} -->\n<div class=\"wp-block-column\" style=\"flex-basis:80%\"><!-- wp:gallery {\"ids\":[11673],\"linkTo\":\"none\"} -->\n<figure class=\"wp-block-gallery has-nested-images columns-default is-cropped\"><!-- wp:image {\"id\":14008,\"sizeSlug\":\"large\",\"linkDestination\":\"none\"} -->\n<figure class=\"wp-block-image size-large\"><img src=\"https:\/\/www.kosiceregion.com\/wp-content\/uploads\/2025\/03\/DSC02967-2-edited.jpeg\" alt=\"\" class=\"wp-image-14008\"\/><\/figure>\n<!-- \/wp:image --><\/figure>\n<!-- \/wp:gallery --><\/div>\n<!-- \/wp:column -->\n\n<!-- wp:column {\"width\":\"25%\"} -->\n<div class=\"wp-block-column\" style=\"flex-basis:25%\"><\/div>\n<!-- \/wp:column --><\/div>\n<!-- \/wp:columns -->\n\n<!-- wp:heading {\"level\":3} -->\n<h3 class=\"wp-block-heading\"><strong>Kasigrada \u2013 Museum der Auswanderer aus der Slowakei nach Nordamerika<\/strong><\/h3>\n<!-- \/wp:heading -->\n\n<!-- wp:columns -->\n<div class=\"wp-block-columns\"><!-- wp:column {\"width\":\"80%\"} -->\n<div class=\"wp-block-column\" style=\"flex-basis:80%\"><!-- wp:paragraph -->\n<p>Das Museum der Auswanderer aus dem Gebiet der Slowakei nach Nordamerika \u2013 Kasigarda, das sich in der Gemeinde Pavlovce nad Uhom im Bezirk Trebi\u0161ov befindet, ist ein einzigartiger Ort, der sich mit dem bedeutenden Ph\u00e4nomen der slowakischen Auswanderer besch\u00e4ftigt. Das Museum, das 2008 er\u00f6ffnet wurde, besch\u00e4ftigt sich mit den gewaltigen Auswandererstr\u00f6men der Slowaken in die Vereinigten Staaten und nach Kanada, vor allem im 19. und Anfang des 20. Jahrhunderts.<\/p>\n<!-- \/wp:paragraph -->\n\n<!-- wp:paragraph -->\n<p>Der Name des Museums \u2013 Kasigarda ist eine slowakische Verfremdung des englischen &nbsp;Castle Garden, des Haupttores des Einwandereramtes in New York, durch das jeder Einwanderer gehen musste. \u201eKasigarda\u201c spiegelt das Ph\u00e4nomen der Auswanderer genau. Den Analphabetismus, die Unkenntnis der Sprache, die Schwierigkeiten, den Stress, die Entt\u00e4uschung und in erster Linie die Hoffnung, die eben Kasigarda f\u00fcr viele unserer Vorfahren bedeutet hat.<\/p>\n<!-- \/wp:paragraph -->\n\n<!-- wp:paragraph -->\n<p>Die Museumsausstellung umfasst eine umfangreiche Sammlung historischer Artefakte, Dokumente und pers\u00f6nlicher Gegenst\u00e4nde, die den Besuchern das Leben und die Erfahrungen der slowakischen Emigranten n\u00e4her bringen. Unter den ausgestellten Gegenst\u00e4nden befinden sich Fotografien aus dieser Zeit, Koffer, Kleidungsst\u00fccke, Instrumente und verschiedene Dokumente des t\u00e4glichen Lebens vor der Auswanderung und nach der Ankunft in der Neuen Welt. Das Museum befasst sich auch mit den Geschichten der Familien, die die Slowakei mit dem Streben nach einem besseren Leben verlassen haben und sich den neuen Bedingungen im Ausland anpassen mussten.<\/p>\n<!-- \/wp:paragraph -->\n\n<!-- wp:paragraph -->\n<p><\/p>\n<!-- \/wp:paragraph -->\n\n<!-- wp:separator -->\n<hr class=\"wp-block-separator has-alpha-channel-opacity\"\/>\n<!-- \/wp:separator -->\n\n<!-- wp:tadv\/classic-paragraph -->\n<p>&nbsp;<\/p>\n<p>&nbsp;<\/p>\n<!-- \/wp:tadv\/classic-paragraph -->\n\n<!-- wp:tadv\/classic-paragraph -->\n<p>&nbsp;<\/p>\n<p>&nbsp;<\/p>\n<!-- \/wp:tadv\/classic-paragraph --><\/div>\n<!-- \/wp:column -->\n\n<!-- wp:column {\"width\":\"25%\"} -->\n<div class=\"wp-block-column\" style=\"flex-basis:25%\"><\/div>\n<!-- \/wp:column --><\/div>\n<!-- \/wp:columns -->\n\n<!-- wp:columns -->\n<div class=\"wp-block-columns\"><!-- wp:column {\"width\":\"30%\"} -->\n<div class=\"wp-block-column\" style=\"flex-basis:30%\"><\/div>\n<!-- \/wp:column -->\n\n<!-- wp:column {\"width\":\"80%\"} -->\n<div class=\"wp-block-column\" style=\"flex-basis:80%\"><!-- wp:image {\"id\":13877,\"sizeSlug\":\"large\",\"linkDestination\":\"none\"} -->\n<figure class=\"wp-block-image size-large\"><img src=\"https:\/\/www.kosiceregion.com\/wp-content\/uploads\/2025\/01\/DSC02998-1-1-1024x683.jpeg\" alt=\"\" class=\"wp-image-13877\"\/><\/figure>\n<!-- \/wp:image -->\n\n<!-- wp:image {\"id\":14007,\"sizeSlug\":\"large\",\"linkDestination\":\"none\"} -->\n<figure class=\"wp-block-image size-large\"><img src=\"https:\/\/www.kosiceregion.com\/wp-content\/uploads\/2025\/03\/5E9F9330-5B83-4EF3-B971-CC743A78BAAF-edited.jpeg\" alt=\"\" class=\"wp-image-14007\"\/><\/figure>\n<!-- \/wp:image --><\/div>\n<!-- \/wp:column --><\/div>\n<!-- \/wp:columns -->\n\n<!-- wp:columns -->\n<div class=\"wp-block-columns\"><!-- wp:column {\"width\":\"30%\"} -->\n<div class=\"wp-block-column\" style=\"flex-basis:30%\"><!-- wp:paragraph -->\n<p><\/p>\n<!-- \/wp:paragraph --><\/div>\n<!-- \/wp:column -->\n\n<!-- wp:column {\"width\":\"80%\"} -->\n<div class=\"wp-block-column\" style=\"flex-basis:80%\"><!-- wp:paragraph -->\n<p>Die ausgestellten Materialien werden durch interaktive Elemente erg\u00e4nzt, die den Besuchern die Geschichte und die Umst\u00e4nde n\u00e4her bringen, um zu begreifen, was die&nbsp; Slowaken zur Massenauswanderung nach Amerika gebracht hat. Das Museum besch\u00e4ftigt sich gleichzeitig auch mit der Erforschung und Dokumentation von Familiengeschichten, wodurch das Erbe dieser Menschen f\u00fcr zuk\u00fcnftige Generationen erhalten bleibt.<\/p>\n<!-- \/wp:paragraph -->\n\n<!-- wp:paragraph -->\n<p>Das Kasigarda Museum wurde 2024 um den Garten des slowakisch-amerikanischen kulturellen Erbes erweitert, in dem sich ein kleines Observatorium mit einem Teleskop, eine Scheune mit einem reparierten kleinen Traktor befinden, der die Anf\u00e4nge dieses Museum symbolisiert. Besuchen Sie dieses zauberhafte Museum und erkunden Sie seine ganze Geschichte.<\/p>\n<!-- \/wp:paragraph --><\/div>\n<!-- \/wp:column --><\/div>\n<!-- \/wp:columns -->\n\n<!-- wp:columns -->\n<div class=\"wp-block-columns\"><!-- wp:column {\"width\":\"85%\"} -->\n<div class=\"wp-block-column\" style=\"flex-basis:85%\"><!-- wp:image {\"id\":14010,\"sizeSlug\":\"large\",\"linkDestination\":\"none\"} -->\n<figure class=\"wp-block-image size-large\"><img src=\"https:\/\/www.kosiceregion.com\/wp-content\/uploads\/2025\/03\/1-edited.jpg\" alt=\"\" class=\"wp-image-14010\"\/><\/figure>\n<!-- \/wp:image --><\/div>\n<!-- \/wp:column -->\n\n<!-- wp:column {\"width\":\"25%\"} -->\n<div class=\"wp-block-column\" style=\"flex-basis:25%\"><\/div>\n<!-- \/wp:column --><\/div>\n<!-- \/wp:columns -->\n\n<!-- wp:tadv\/classic-paragraph \/-->\n\n<!-- wp:heading -->\n<h2 class=\"wp-block-heading\"><strong>Gitarrenmuseum in Sobrance<\/strong><\/h2>\n<!-- \/wp:heading -->\n\n<!-- wp:columns -->\n<div class=\"wp-block-columns\"><!-- wp:column {\"width\":\"80%\"} -->\n<div class=\"wp-block-column\" style=\"flex-basis:80%\"><!-- wp:paragraph -->\n<p>Das Gitarrenmuseum in Sobrance ist ein einzigartiger und faszinierender Ort, der sich mit der reichen Geschichte dieses Musikinstrumentes befasst. Es befindet sich in der malerischen Stadt Sobrance, in der Region Zempl\u00edn und bietet den Besuchern einen Blick auf die Entwicklung der Gitarre als Instrument, aber auch als bedeutenden Teil der Musikkultur. Das Museum in Sobrance in der Ostslowakei hat 1996 Jan\u010di Ferko er\u00f6ffnet, der auch \u201eGitarrenk\u00f6nig\u201c genannt wurde.<\/p>\n<!-- \/wp:paragraph -->\n\n<!-- wp:paragraph -->\n<p>Zu seinem Gedenken hat sein Sohn Imrich das Museum im Laufe der Jahre rekonstruiert, erweitert und die Anzahl der ausgestellten Gegenst\u00e4nde verdoppelt. Das macht das Museum, nicht nur in der Slowakei, heute zu der gr\u00f6\u00dften Sammlung dieser Instrumente, sondern auch zu einer der gr\u00f6\u00dften in Mitteleuropa.<\/p>\n<!-- \/wp:paragraph -->\n\n<!-- wp:paragraph -->\n<p>Die Museumsausstellung umfasst eine gro\u00dfe Sammlung an Gitarren aus unterschiedlichen historischen Zeitr\u00e4umen, als auch einzigartige Exemplare, die aus verschiedenen Ecken der Welt stammen. Unter den ausgestellten Instrumenten befinden sich nicht nur klassische und elektrische Gitarren, sondern auch akustische Instrumente, die die unterschiedlichen Techniken ihrer Herstellung und Nutzung im Bereich der Musik illustrieren. Die Sammlung w\u00e4chst st\u00e4ndig, daher k\u00f6nnen die Besucher immer neue Artefakte entdecken, die von der Entwicklung dieses Musikinstrumentes zeugen.<\/p>\n<!-- \/wp:paragraph --><\/div>\n<!-- \/wp:column -->\n\n<!-- wp:column {\"width\":\"25%\"} -->\n<div class=\"wp-block-column\" style=\"flex-basis:25%\"><\/div>\n<!-- \/wp:column --><\/div>\n<!-- \/wp:columns -->\n\n<!-- wp:columns -->\n<div class=\"wp-block-columns\"><!-- wp:column {\"width\":\"30%\"} -->\n<div class=\"wp-block-column\" style=\"flex-basis:30%\"><!-- wp:image -->\n<figure class=\"wp-block-image\"><img alt=\"\"\/><\/figure>\n<!-- \/wp:image --><\/div>\n<!-- \/wp:column -->\n\n<!-- wp:column {\"width\":\"80%\"} -->\n<div class=\"wp-block-column\" style=\"flex-basis:80%\"><!-- wp:image {\"id\":14012,\"sizeSlug\":\"full\",\"linkDestination\":\"none\"} -->\n<figure class=\"wp-block-image size-full\"><img src=\"https:\/\/www.kosiceregion.com\/wp-content\/uploads\/2025\/03\/large_gitarove_muzeum_v_sobranciach_3-edited.jpg\" alt=\"\" class=\"wp-image-14012\"\/><\/figure>\n<!-- \/wp:image -->\n\n<!-- wp:image {\"id\":14014,\"sizeSlug\":\"large\",\"linkDestination\":\"none\"} -->\n<figure class=\"wp-block-image size-large\"><img src=\"https:\/\/www.kosiceregion.com\/wp-content\/uploads\/2025\/03\/f250ff_0dd1ecee0da24620a247eb9a292d3c8dmv2_d_2048_1341_s_2-edited.jpg\" alt=\"\" class=\"wp-image-14014\"\/><\/figure>\n<!-- \/wp:image --><\/div>\n<!-- \/wp:column --><\/div>\n<!-- \/wp:columns -->\n\n<!-- wp:columns -->\n<div class=\"wp-block-columns\"><!-- wp:column {\"width\":\"30%\"} -->\n<div class=\"wp-block-column\" style=\"flex-basis:30%\"><!-- wp:paragraph -->\n<p><\/p>\n<!-- \/wp:paragraph --><\/div>\n<!-- \/wp:column -->\n\n<!-- wp:column {\"width\":\"80%\"} -->\n<div class=\"wp-block-column\" style=\"flex-basis:80%\"><!-- wp:paragraph -->\n<p>Das Museum ist nicht nur ein Ort um Sammlungen zu entdecken, sondern auch ein aktives Zentrum f\u00fcr musikalische Bildung. Hier werden verschiedene Konzerte, Workshops und Ausstellungen organisiert, die es den Besuchern erm\u00f6glichen live Gitarrenmusik zu erleben und mehr \u00fcber die Techniken des Musizierens mit diesem Instrument zu erfahren.<\/p>\n<!-- \/wp:paragraph -->\n\n<!-- wp:paragraph -->\n<p>Das Gitarrenmuseum in Sobrance ist f\u00fcr jeden ein idealer Ort, der Musik liebt, insbesondere die Gitarrenmusik und ihre Geschichte und kulturelle Bedeutung erkunden m\u00f6chte. Es handelt sich um einen perfekten Ort, der jeden Besucher bereichert, egal ob Anf\u00e4nger oder erfahrener Gitarrenspieler.<\/p>\n<!-- \/wp:paragraph --><\/div>\n<!-- \/wp:column --><\/div>\n<!-- \/wp:columns -->\n\n<!-- wp:columns -->\n<div class=\"wp-block-columns\"><!-- wp:column {\"width\":\"80%\"} -->\n<div class=\"wp-block-column\" style=\"flex-basis:80%\"><!-- wp:image {\"id\":14018,\"width\":\"616px\",\"height\":\"auto\",\"sizeSlug\":\"full\",\"linkDestination\":\"none\"} -->\n<figure class=\"wp-block-image size-full is-resized\"><img src=\"https:\/\/www.kosiceregion.com\/wp-content\/uploads\/2025\/03\/Bez-nazvu-1200-x-900-px-1200-x-900-px-33-edited.jpg\" alt=\"\" class=\"wp-image-14018\" style=\"width:616px;height:auto\"\/><\/figure>\n<!-- \/wp:image --><\/div>\n<!-- \/wp:column -->\n\n<!-- wp:column {\"width\":\"25%\"} -->\n<div class=\"wp-block-column\" style=\"flex-basis:25%\"><\/div>\n<!-- \/wp:column --><\/div>\n<!-- \/wp:columns -->\n\n<!-- wp:columns -->\n<div class=\"wp-block-columns\"><!-- wp:column {\"width\":\"80%\"} -->\n<div class=\"wp-block-column\" style=\"flex-basis:80%\"><!-- wp:heading -->\n<h2 class=\"wp-block-heading\"><strong>Salzhaus in Ve\u013ek\u00e9 Trakany<\/strong><\/h2>\n<!-- \/wp:heading --><\/div>\n<!-- \/wp:column --><\/div>\n<!-- \/wp:columns -->\n\n<!-- wp:columns -->\n<div class=\"wp-block-columns\"><!-- wp:column {\"width\":\"80%\"} -->\n<div class=\"wp-block-column\" style=\"flex-basis:80%\"><!-- wp:paragraph -->\n<p>Das Salzhaus in Ve\u013ek\u00e9 Trakany ist ein historisches und kulturelles Juwel dieser Gemeinde, aber auch der Region Medzibodro\u017eie. Das Geb\u00e4ude des ehemaligen Salzamtes ist bis heute an dieser Stelle erhalten geblieben. Es handelt sich um ein Denkmal des Neubarock aus dem 18. Jahrhundert, das in den Jahren 2004 \u2013 2005 komplex rekonstruiert wurde. Gegenw\u00e4rtig ist es der breiten Besucher\u00f6ffentlichkeit zug\u00e4nglich. Dieses interessante Objekt ist in der Geschichte des Salzabbaus und der Salzverarbeitung tief verwurzelt, die f\u00fcr die Region schon seit dem Mittelalter sehr wichtig war. Das Salzhaus war ein bedeutendes Handelszentrum f\u00fcr Salz, dass zu der Zeit als sehr wertvoll und als notwendiges Produkt erachtet wurde.<\/p>\n<!-- \/wp:paragraph -->\n\n<!-- wp:paragraph -->\n<p>Ein wichtiger Fakt ist, dass das Salzhaus an der Stelle gebaut wurde, an dem sich eine salzhaltige Wasserquelle befunden hat, was eine einfachere Verarbeitung des Salzes erm\u00f6glicht hat. Dieses Objekt hatte nicht nur die Funktion eines Handelszentrums, sondern es war auch ein Ort, wo den Salzarbeitern verschiedene Dienstleistungen angeboten wurden, die mit ihrer t\u00e4glichen Arbeit zusammenhingen.<\/p>\n<!-- \/wp:paragraph -->\n\n<!-- wp:paragraph -->\n<p>Heute wird das Salzhaus rekonstruiert und es dient als Museum, das den Besuchern die Geschichte des Salzes und seiner Bedeutung f\u00fcr die damaligen Menschen n\u00e4her bringt. Die Museumsausstellung umfasst Artefakte und Dokumente, die zeigen, wie Salz abgebaut, verarbeitet und gehandelt wurde, aber auch, welche Rolle es im t\u00e4glichen Leben der Bewohner der Region gespielt hat.<\/p>\n<!-- \/wp:paragraph --><\/div>\n<!-- \/wp:column -->\n\n<!-- wp:column {\"width\":\"30%\"} -->\n<div class=\"wp-block-column\" style=\"flex-basis:30%\"><\/div>\n<!-- \/wp:column --><\/div>\n<!-- \/wp:columns -->\n\n<!-- wp:columns -->\n<div class=\"wp-block-columns\"><!-- wp:column {\"width\":\"30%\"} -->\n<div class=\"wp-block-column\" style=\"flex-basis:30%\"><\/div>\n<!-- \/wp:column -->\n\n<!-- wp:column {\"width\":\"80%\"} -->\n<div class=\"wp-block-column\" style=\"flex-basis:80%\"><!-- wp:image {\"id\":14020,\"sizeSlug\":\"large\",\"linkDestination\":\"none\"} -->\n<figure class=\"wp-block-image size-large\"><img src=\"https:\/\/www.kosiceregion.com\/wp-content\/uploads\/2025\/03\/Solny-dom-Velke-Trakany-copy-1-edited.jpg\" alt=\"\" class=\"wp-image-14020\"\/><\/figure>\n<!-- \/wp:image -->\n\n<!-- wp:image {\"id\":14022,\"sizeSlug\":\"full\",\"linkDestination\":\"none\"} -->\n<figure class=\"wp-block-image size-full\"><img src=\"https:\/\/www.kosiceregion.com\/wp-content\/uploads\/2025\/03\/sol-zdravie-edited.jpg\" alt=\"\" class=\"wp-image-14022\"\/><\/figure>\n<!-- \/wp:image --><\/div>\n<!-- \/wp:column --><\/div>\n<!-- \/wp:columns -->\n\n<!-- wp:columns -->\n<div class=\"wp-block-columns\"><!-- wp:column {\"width\":\"30%\"} -->\n<div class=\"wp-block-column\" style=\"flex-basis:30%\"><!-- wp:paragraph -->\n<p><\/p>\n<!-- \/wp:paragraph --><\/div>\n<!-- \/wp:column -->\n\n<!-- wp:column {\"width\":\"80%\"} -->\n<div class=\"wp-block-column\" style=\"flex-basis:80%\"><!-- wp:paragraph -->\n<p>Das Salzhaus in Ve\u013ek\u00e9 Trakany ist nicht nur ein historischer, sondern auch ein touristischer Anziehungspunkt, der einen Besuch wert ist. Es ist ein idealer Ort f\u00fcr jene, die sich f\u00fcr die Geschichte, die Tradition und Kultur der Ostslowakei interessieren. Der Besuch des Museums ist nach pers\u00f6nlicher Reservierung und Terminvereinbarung m\u00f6glich.<\/p>\n<!-- \/wp:paragraph --><\/div>\n<!-- \/wp:column --><\/div>\n<!-- \/wp:columns -->\n\n<!-- wp:columns -->\n<div class=\"wp-block-columns\"><!-- wp:column {\"width\":\"80%\"} -->\n<div class=\"wp-block-column\" style=\"flex-basis:80%\"><\/div>\n<!-- \/wp:column -->\n\n<!-- wp:column {\"width\":\"30%\"} -->\n<div class=\"wp-block-column\" style=\"flex-basis:30%\"><\/div>\n<!-- \/wp:column --><\/div>\n<!-- \/wp:columns -->","_de_post_name":"","_de_post_excerpt":"","_de_post_title":"Nicht traditionelle Museen am Rande der Welt 2. Teil \u2013 Erkunden Sie die Welt des Salzes, Weines, der Musik und Auswanderung","_pl_post_content":"<!-- wp:columns -->\n<div class=\"wp-block-columns\"><!-- wp:column {\"width\":\"100%\"} -->\n<div class=\"wp-block-column\" style=\"flex-basis:100%\"><!-- wp:columns -->\n<div class=\"wp-block-columns\"><!-- wp:column {\"width\":\"80%\"} -->\n<div class=\"wp-block-column\" style=\"flex-basis:80%\"><!-- wp:paragraph -->\n<p>Ahoj przygodo! Wybierz si\u0119 z nami na wypraw\u0119 po regionie koszyckim i odkryj szlaki, kt\u00f3re kszta\u0142towa\u0142y jego histori\u0119. Muzeum Wina w Moldavie nad Bodvou przybli\u017ca bogactwo win z regionu Abov. W Muzeum Gitar dowiesz si\u0119 wi\u0119cej na temat historii tego popularnego instrumentu muzycznego i jego zwi\u0105zk\u00f3w z naszym regionem. W Muzeum Kasigarda poznasz histori\u0119 emigracji mieszka\u0144c\u00f3w Zemplina do Ameryki P\u00f3\u0142nocnej. A na sam koniec mo\u017cesz odwiedzi\u0107 Dom Solny w Ve\u013ekich Trakanach, w kt\u00f3rym z bliska przyjrzysz si\u0119 fascynuj\u0105cemu szlakowi solnemu.<\/p>\n<!-- \/wp:paragraph --><\/div>\n<!-- \/wp:column -->\n\n<!-- wp:column {\"width\":\"50%\"} -->\n<div class=\"wp-block-column\" style=\"flex-basis:50%\"><\/div>\n<!-- \/wp:column --><\/div>\n<!-- \/wp:columns --><\/div>\n<!-- \/wp:column --><\/div>\n<!-- \/wp:columns -->\n\n<!-- wp:columns -->\n<div class=\"wp-block-columns\"><!-- wp:column {\"width\":\"80%\"} -->\n<div class=\"wp-block-column\" style=\"flex-basis:80%\"><!-- wp:image {\"id\":14002,\"sizeSlug\":\"full\",\"linkDestination\":\"none\"} -->\n<figure class=\"wp-block-image size-full\"><img src=\"https:\/\/www.kosiceregion.com\/wp-content\/uploads\/2025\/03\/IMG_4517-e1565013649474.jpg\" alt=\"\" class=\"wp-image-14002\"\/><\/figure>\n<!-- \/wp:image --><\/div>\n<!-- \/wp:column -->\n\n<!-- wp:column {\"width\":\"30%\"} -->\n<div class=\"wp-block-column\" style=\"flex-basis:30%\"><\/div>\n<!-- \/wp:column --><\/div>\n<!-- \/wp:columns -->\n\n<!-- wp:heading {\"level\":3} -->\n<h3 class=\"wp-block-heading\">Muzeum Wina w Moldavie nad Bodvou<\/h3>\n<!-- \/wp:heading -->\n\n<!-- wp:columns -->\n<div class=\"wp-block-columns\"><!-- wp:column {\"width\":\"80%\"} -->\n<div class=\"wp-block-column\" style=\"flex-basis:80%\"><!-- wp:paragraph -->\n<p>Muzeum Wina im. M\u00e1t\u00e9 Laczk\u00f3 Szepsiego to absolutnie unikatowe miejsce, kt\u00f3re prezentuje d\u0142ugie tradycje winiarskie regionu. Zosta\u0142o nazwane na cze\u015b\u0107 wybitnego winiarza i jest wspania\u0142ym \u015bwiadectwem kultury winiarskiej regionu Zemplin.<\/p>\n<!-- \/wp:paragraph -->\n\n<!-- wp:paragraph -->\n<p>Posiada bogate zbiory przybli\u017caj\u0105ce nie tylko histori\u0119 winiarstwa, lecz r\u00f3wnie\u017c rozw\u00f3j technologii produkcji wina. Muzeum mie\u015bci si\u0119 w zabytkowym budynku i prezentuje rozw\u00f3j zar\u00f3wno tradycyjnych, jak i nowoczesnych metod produkcji, z uwzgl\u0119dnieniem dawnych narz\u0119dzi, beczek i butelek. M\u00e1t\u00e9 Laczk\u00f3 Szepsi, urodzony oko\u0142o 1631 r. w Moldavie nad Bodvou, by\u0142 duchownym kalwi\u0144skim i kronikarzem. To jemu zawdzi\u0119czamy pierwsze wino tokajskie w stylu asz\u00fa, kt\u00f3re powsta\u0142o dla ma\u0142\u017conki Franciszka II Rakoczego, ksi\u0119\u017cnej Siedmiogrodu Zuzanny L\u00f3r\u00e1ntffy.<\/p>\n<!-- \/wp:paragraph -->\n\n<!-- wp:tadv\/classic-paragraph -->\n<p>Ten kr\u00f3tki ekskurs historyczny dowodzi, \u017ce Moldova nad Bodvou ma naprawd\u0119 d\u0142ugie tradycje w dziedzinie handlu winem. \u015awiadcz\u0105 o tym cho\u0107by piwnice znajduj\u0105ce si\u0119 pod historycznym centrum miasta.<\/p>\n<!-- \/wp:tadv\/classic-paragraph --><\/div>\n<!-- \/wp:column -->\n\n<!-- wp:column {\"width\":\"25%\"} -->\n<div class=\"wp-block-column\" style=\"flex-basis:25%\"><\/div>\n<!-- \/wp:column --><\/div>\n<!-- \/wp:columns -->\n\n<!-- wp:columns -->\n<div class=\"wp-block-columns\"><!-- wp:column {\"width\":\"30%\"} -->\n<div class=\"wp-block-column\" style=\"flex-basis:30%\"><\/div>\n<!-- \/wp:column -->\n\n<!-- wp:column {\"width\":\"80%\"} -->\n<div class=\"wp-block-column\" style=\"flex-basis:80%\"><!-- wp:image {\"id\":14003,\"sizeSlug\":\"large\",\"linkDestination\":\"none\"} -->\n<figure class=\"wp-block-image size-large\"><img src=\"https:\/\/www.kosiceregion.com\/wp-content\/uploads\/2025\/03\/IMG_1125-1024x683.jpg\" alt=\"\" class=\"wp-image-14003\"\/><\/figure>\n<!-- \/wp:image -->\n\n<!-- wp:paragraph -->\n<p>Opr\u00f3cz sta\u0142ych wystaw, odbywaj\u0105 s\u0105 tu r\u00f3\u017cne wydarzenia, takie jak degustacje wina, kt\u00f3re pozwalaj\u0105 odwiedzaj\u0105cym skosztowa\u0107 win z lokalnych winnic i dowiedzie\u0107 si\u0119 nieco wi\u0119cej o r\u00f3\u017cnych odmianach winoro\u015bli typowych dla regionu.<\/p>\n<!-- \/wp:paragraph -->\n\n<!-- wp:image {\"id\":14004,\"sizeSlug\":\"large\",\"linkDestination\":\"none\"} -->\n<figure class=\"wp-block-image size-large\"><img src=\"https:\/\/www.kosiceregion.com\/wp-content\/uploads\/2025\/03\/hlavna-miestnost-od-vitrin-1024x512.jpg\" alt=\"\" class=\"wp-image-14004\"\/><\/figure>\n<!-- \/wp:image --><\/div>\n<!-- \/wp:column --><\/div>\n<!-- \/wp:columns -->\n\n<!-- wp:columns -->\n<div class=\"wp-block-columns\"><!-- wp:column {\"width\":\"30%\"} -->\n<div class=\"wp-block-column\" style=\"flex-basis:30%\"><!-- wp:paragraph -->\n<p><\/p>\n<!-- \/wp:paragraph --><\/div>\n<!-- \/wp:column -->\n\n<!-- wp:column {\"width\":\"80%\"} -->\n<div class=\"wp-block-column\" style=\"flex-basis:80%\"><\/div>\n<!-- \/wp:column --><\/div>\n<!-- \/wp:columns -->\n\n<!-- wp:columns -->\n<div class=\"wp-block-columns\"><!-- wp:column {\"width\":\"80%\"} -->\n<div class=\"wp-block-column\" style=\"flex-basis:80%\"><!-- wp:gallery {\"ids\":[11673],\"linkTo\":\"none\"} -->\n<figure class=\"wp-block-gallery has-nested-images columns-default is-cropped\"><!-- wp:image {\"id\":14008,\"sizeSlug\":\"large\",\"linkDestination\":\"none\"} -->\n<figure class=\"wp-block-image size-large\"><img src=\"https:\/\/www.kosiceregion.com\/wp-content\/uploads\/2025\/03\/DSC02967-2-edited.jpeg\" alt=\"\" class=\"wp-image-14008\"\/><\/figure>\n<!-- \/wp:image --><\/figure>\n<!-- \/wp:gallery --><\/div>\n<!-- \/wp:column -->\n\n<!-- wp:column {\"width\":\"25%\"} -->\n<div class=\"wp-block-column\" style=\"flex-basis:25%\"><\/div>\n<!-- \/wp:column --><\/div>\n<!-- \/wp:columns -->\n\n<!-- wp:heading {\"level\":3} -->\n<h3 class=\"wp-block-heading\">Kasigrada \u2013 Muzeum Emigracji do Ameryki P\u00f3\u0142nocnej<\/h3>\n<!-- \/wp:heading -->\n\n<!-- wp:columns -->\n<div class=\"wp-block-columns\"><!-- wp:column {\"width\":\"80%\"} -->\n<div class=\"wp-block-column\" style=\"flex-basis:80%\"><!-- wp:paragraph -->\n<p>Muzeum Emigracji do Ameryki P\u00f3\u0142nocnej po\u0142o\u017cone w miejscowo\u015bci Pavlovce nad Uhom w powiecie Trebi\u0161ov to wyj\u0105tkowe miejsce po\u015bwi\u0119cone wa\u017cnemu zjawisku. Muzeum zosta\u0142o otwarte w 2008 r. i przybli\u017ca histori\u0119 masowej emigracji S\u0142owak\u00f3w do Stan\u00f3w Zjednoczonych i Kanady, przede wszystkim w XIX i na pocz\u0105tku XX wieku.<\/p>\n<!-- \/wp:paragraph -->\n\n<!-- wp:paragraph -->\n<p>Nazwa \u201eKasigarda\u201d to s\u0142owackie przeinaczenie angielskiego \u201eCastle Garden\u201d, g\u0142\u00f3wnej bramy urz\u0119du imigracyjnego w Nowym Jorku, przez kt\u00f3r\u0105 musia\u0142 przej\u015b\u0107 ka\u017cdy imigrant. S\u0142owo to doskonale oddaje fenomen emigracji. Nieznajomo\u015b\u0107 j\u0119zyka, cz\u0119sto tak\u017ce<\/p>\n<!-- \/wp:paragraph -->\n\n<!-- wp:paragraph -->\n<p>analfabetyzm, trudy podr\u00f3\u017cy, pora\u017cki i rozczarowania, a przede wszystkim wielkie nadzieje, kt\u00f3re Kasigarda rozbudza\u0142a w\u015br\u00f3d mas ludzi.<\/p>\n<!-- \/wp:paragraph -->\n\n<!-- wp:paragraph -->\n<p>Na ekspozycj\u0119 sk\u0142ada si\u0119 obszerny zbi\u00f3r artefakt\u00f3w, dokument\u00f3w i przedmiot\u00f3w osobistych, kt\u00f3re przybli\u017caj\u0105 zwiedzaj\u0105cym \u017cycie i do\u015bwiadczenia emigrant\u00f3w. W\u015br\u00f3d eksponat\u00f3w znajduj\u0105 si\u0119 fotografie z epoki, walizki, ubrania, narz\u0119dzia i r\u00f3\u017cne dokumenty, kt\u00f3re s\u0105 \u015bwiadectwem codziennego \u017cycia przed i po wyje\u017adzie do Nowego \u015awiata. Muzeum gromadzi te\u017c historie rodzin, kt\u00f3re opu\u015bci\u0142y S\u0142owacj\u0119 w nadziei na lepsze \u017cycie i ich adaptacj\u0119 do nowych warunk\u00f3w w obcym kraju.<\/p>\n<!-- \/wp:paragraph -->\n\n<!-- wp:paragraph -->\n<p><\/p>\n<!-- \/wp:paragraph -->\n\n<!-- wp:separator -->\n<hr class=\"wp-block-separator has-alpha-channel-opacity\"\/>\n<!-- \/wp:separator --><\/div>\n<!-- \/wp:column -->\n\n<!-- wp:column {\"width\":\"25%\"} -->\n<div class=\"wp-block-column\" style=\"flex-basis:25%\"><\/div>\n<!-- \/wp:column --><\/div>\n<!-- \/wp:columns -->\n\n<!-- wp:columns -->\n<div class=\"wp-block-columns\"><!-- wp:column {\"width\":\"30%\"} -->\n<div class=\"wp-block-column\" style=\"flex-basis:30%\"><\/div>\n<!-- \/wp:column -->\n\n<!-- wp:column {\"width\":\"80%\"} -->\n<div class=\"wp-block-column\" style=\"flex-basis:80%\"><!-- wp:image {\"id\":13877,\"sizeSlug\":\"large\",\"linkDestination\":\"none\"} -->\n<figure class=\"wp-block-image size-large\"><img src=\"https:\/\/www.kosiceregion.com\/wp-content\/uploads\/2025\/01\/DSC02998-1-1-1024x683.jpeg\" alt=\"\" class=\"wp-image-13877\"\/><\/figure>\n<!-- \/wp:image -->\n\n<!-- wp:image {\"id\":14007,\"sizeSlug\":\"large\",\"linkDestination\":\"none\"} -->\n<figure class=\"wp-block-image size-large\"><img src=\"https:\/\/www.kosiceregion.com\/wp-content\/uploads\/2025\/03\/5E9F9330-5B83-4EF3-B971-CC743A78BAAF-edited.jpeg\" alt=\"\" class=\"wp-image-14007\"\/><\/figure>\n<!-- \/wp:image --><\/div>\n<!-- \/wp:column --><\/div>\n<!-- \/wp:columns -->\n\n<!-- wp:columns -->\n<div class=\"wp-block-columns\"><!-- wp:column {\"width\":\"30%\"} -->\n<div class=\"wp-block-column\" style=\"flex-basis:30%\"><!-- wp:paragraph -->\n<p><\/p>\n<!-- \/wp:paragraph --><\/div>\n<!-- \/wp:column -->\n\n<!-- wp:column {\"width\":\"80%\"} -->\n<div class=\"wp-block-column\" style=\"flex-basis:80%\"><!-- wp:paragraph -->\n<p>Wystaw\u0119 uzupe\u0142niaj\u0105 elementy interaktywne, kt\u00f3re pozwalaj\u0105 zwiedzaj\u0105cym zag\u0142\u0119bi\u0107 si\u0119 w histori\u0119 i zrozumie\u0107 okoliczno\u015bci, kt\u00f3re zmusi\u0142y rzesze ludzi do emigracji za ocean. Ponadto muzeum zajmuje si\u0119 badaniem i dokumentowaniem historii rodzinnych, by stanowi\u0142y one dziedzictwo dla przysz\u0142ych pokole\u0144.<\/p>\n<!-- \/wp:paragraph -->\n\n<!-- wp:paragraph -->\n<p>W 2024 r. muzeum zosta\u0142o powi\u0119kszone o Ogr\u00f3d Dziedzictwa S\u0142owacko-Ameryka\u0144skiego, w kt\u00f3rym znajduje si\u0119 niewielkie obserwatorium astronomiczne z teleskopem, stodo\u0142a z odrestaurowanym ma\u0142ym traktorem symbolizuj\u0105cym pocz\u0105tki plac\u00f3wki. Warto odwiedzi\u0107 to nietuzinkowe miejsce!<\/p>\n<!-- \/wp:paragraph --><\/div>\n<!-- \/wp:column --><\/div>\n<!-- \/wp:columns -->\n\n<!-- wp:columns -->\n<div class=\"wp-block-columns\"><!-- wp:column {\"width\":\"85%\"} -->\n<div class=\"wp-block-column\" style=\"flex-basis:85%\"><!-- wp:image {\"id\":14010,\"sizeSlug\":\"large\",\"linkDestination\":\"none\"} -->\n<figure class=\"wp-block-image size-large\"><img src=\"https:\/\/www.kosiceregion.com\/wp-content\/uploads\/2025\/03\/1-edited.jpg\" alt=\"\" class=\"wp-image-14010\"\/><\/figure>\n<!-- \/wp:image --><\/div>\n<!-- \/wp:column -->\n\n<!-- wp:column {\"width\":\"25%\"} -->\n<div class=\"wp-block-column\" style=\"flex-basis:25%\"><\/div>\n<!-- \/wp:column --><\/div>\n<!-- \/wp:columns -->\n\n<!-- wp:heading -->\n<h2 class=\"wp-block-heading\">Muzeum Gitar w Sobrancach<\/h2>\n<!-- \/wp:heading -->\n\n<!-- wp:columns -->\n<div class=\"wp-block-columns\"><!-- wp:column {\"width\":\"80%\"} -->\n<div class=\"wp-block-column\" style=\"flex-basis:80%\"><!-- wp:paragraph -->\n<p>Muzeum Gitar prezentuje bogat\u0105 histori\u0119 tego niezwykle popularnego instrumentu muzycznego. Znajduje si\u0119 w malowniczym miasteczku Sobrance w regionie Zemplin i oferuje odwiedzaj\u0105cym opowie\u015b\u0107 o tym, jak gitara ewoluowa\u0142a jako instrument i jakie jest jej znaczenie w kulturze muzycznej. Pierwsze Muzeum Gitar w Sobrancach za\u0142o\u017cy\u0142 w 1996 r. Jan\u010di Ferko, nazywany \u201ekr\u00f3lem gitary\u201d.<\/p>\n<!-- \/wp:paragraph -->\n\n<!-- wp:paragraph -->\n<p>Dla uczczenia pami\u0119ci ojca, jego syn Imrich z czasem wznowi\u0142 dzia\u0142alno\u015b\u0107 muzeum, powi\u0119kszy\u0142 je i podwoi\u0142 liczb\u0119 eksponat\u00f3w. Dzi\u015b muzeum posiada najwi\u0119ksz\u0105 kolekcj\u0119 gitar nie tylko na S\u0142owacji, lecz tak\u017ce jedn\u0105 z najwi\u0119kszych w Europie \u015arodkowej.<\/p>\n<!-- \/wp:paragraph -->\n\n<!-- wp:paragraph -->\n<p>W jego zbiorach znajduje si\u0119 ogromna kolekcja gitar z r\u00f3\u017cnych okres\u00f3w historycznych, a tak\u017ce unikalne okazy pochodz\u0105ce z r\u00f3\u017cnych cz\u0119\u015bci \u015bwiata. W\u015br\u00f3d prezentowanych instrument\u00f3w znajduj\u0105 si\u0119 nie tylko gitary klasyczne i elektryczne, ale tak\u017ce akustyczne, ilustruj\u0105ce r\u00f3\u017cne sposoby ich produkcji i wykorzystania w muzyce. Poniewa\u017c kolekcja ci\u0105gle si\u0119 powi\u0119ksza, odwiedzaj\u0105cy mog\u0105 tu znale\u017a\u0107 tak\u017ce eksponaty \u015bwiadcz\u0105ce o ci\u0105g\u0142ej ewolucji tego instrumentu.<\/p>\n<!-- \/wp:paragraph --><\/div>\n<!-- \/wp:column -->\n\n<!-- wp:column {\"width\":\"25%\"} -->\n<div class=\"wp-block-column\" style=\"flex-basis:25%\"><\/div>\n<!-- \/wp:column --><\/div>\n<!-- \/wp:columns -->\n\n<!-- wp:columns -->\n<div class=\"wp-block-columns\"><!-- wp:column {\"width\":\"30%\"} -->\n<div class=\"wp-block-column\" style=\"flex-basis:30%\"><!-- wp:image -->\n<figure class=\"wp-block-image\"><img alt=\"\"\/><\/figure>\n<!-- \/wp:image --><\/div>\n<!-- \/wp:column -->\n\n<!-- wp:column {\"width\":\"80%\"} -->\n<div class=\"wp-block-column\" style=\"flex-basis:80%\"><!-- wp:image {\"id\":14012,\"sizeSlug\":\"full\",\"linkDestination\":\"none\"} -->\n<figure class=\"wp-block-image size-full\"><img src=\"https:\/\/www.kosiceregion.com\/wp-content\/uploads\/2025\/03\/large_gitarove_muzeum_v_sobranciach_3-edited.jpg\" alt=\"\" class=\"wp-image-14012\"\/><\/figure>\n<!-- \/wp:image -->\n\n<!-- wp:image {\"id\":14014,\"sizeSlug\":\"large\",\"linkDestination\":\"none\"} -->\n<figure class=\"wp-block-image size-large\"><img src=\"https:\/\/www.kosiceregion.com\/wp-content\/uploads\/2025\/03\/f250ff_0dd1ecee0da24620a247eb9a292d3c8dmv2_d_2048_1341_s_2-edited.jpg\" alt=\"\" class=\"wp-image-14014\"\/><\/figure>\n<!-- \/wp:image --><\/div>\n<!-- \/wp:column --><\/div>\n<!-- \/wp:columns -->\n\n<!-- wp:columns -->\n<div class=\"wp-block-columns\"><!-- wp:column {\"width\":\"30%\"} -->\n<div class=\"wp-block-column\" style=\"flex-basis:30%\"><!-- wp:paragraph -->\n<p><\/p>\n<!-- \/wp:paragraph --><\/div>\n<!-- \/wp:column -->\n\n<!-- wp:column {\"width\":\"80%\"} -->\n<div class=\"wp-block-column\" style=\"flex-basis:80%\"><!-- wp:paragraph -->\n<p>Nie jest to jednak miejsce, w kt\u00f3rym mo\u017cna tylko podziwia\u0107 zbiory, lecz przede wszystkim \u017cywe centrum edukacji muzycznej. Odbywaj\u0105 si\u0119 tu r\u00f3\u017cnego rodzaju koncerty, warsztaty i prezentacje, kt\u00f3re pozwalaj\u0105 odwiedzaj\u0105cym na \u017cywo do\u015bwiadcza\u0107 muzyki gitarowej i poznawa\u0107 techniki gry na tym instrumencie.<\/p>\n<!-- \/wp:paragraph -->\n\n<!-- wp:paragraph -->\n<p>Muzeum w Sobrancach to \u015bwietne miejsce dla ka\u017cdego, kto kocha muzyk\u0119, a w szczeg\u00f3lno\u015bci gitary, i chce pozna\u0107 ich histori\u0119 oraz miejsce w kulturze. Z pewno\u015bci\u0105<\/p>\n<!-- \/wp:paragraph -->\n\n<!-- wp:paragraph -->\n<p>jednak wzbogaci ka\u017cdego odwiedzaj\u0105cego, niezale\u017cnie od tego, czy jest pocz\u0105tkuj\u0105cym, czy do\u015bwiadczonym gitarzyst\u0105.<\/p>\n<!-- \/wp:paragraph --><\/div>\n<!-- \/wp:column --><\/div>\n<!-- \/wp:columns -->\n\n<!-- wp:columns -->\n<div class=\"wp-block-columns\"><!-- wp:column {\"width\":\"80%\"} -->\n<div class=\"wp-block-column\" style=\"flex-basis:80%\"><!-- wp:image {\"id\":14018,\"width\":\"616px\",\"height\":\"auto\",\"sizeSlug\":\"full\",\"linkDestination\":\"none\"} -->\n<figure class=\"wp-block-image size-full is-resized\"><img src=\"https:\/\/www.kosiceregion.com\/wp-content\/uploads\/2025\/03\/Bez-nazvu-1200-x-900-px-1200-x-900-px-33-edited.jpg\" alt=\"\" class=\"wp-image-14018\" style=\"width:616px;height:auto\"\/><\/figure>\n<!-- \/wp:image --><\/div>\n<!-- \/wp:column -->\n\n<!-- wp:column {\"width\":\"25%\"} -->\n<div class=\"wp-block-column\" style=\"flex-basis:25%\"><\/div>\n<!-- \/wp:column --><\/div>\n<!-- \/wp:columns -->\n\n<!-- wp:columns -->\n<div class=\"wp-block-columns\"><!-- wp:column {\"width\":\"80%\"} -->\n<div class=\"wp-block-column\" style=\"flex-basis:80%\"><!-- wp:heading -->\n<h2 class=\"wp-block-heading\">Dom Solny w Ve\u013ekich Trakanach<\/h2>\n<!-- \/wp:heading --><\/div>\n<!-- \/wp:column --><\/div>\n<!-- \/wp:columns -->\n\n<!-- wp:columns -->\n<div class=\"wp-block-columns\"><!-- wp:column {\"width\":\"80%\"} -->\n<div class=\"wp-block-column\" style=\"flex-basis:80%\"><!-- wp:paragraph -->\n<p>Dom Solny to prawdziwa historyczna i kulturalna pere\u0142ka regionu. Jest to p\u00f3\u017anobarokowy zabytek z XVIII wieku, kt\u00f3ry w latach 2004\u20132005 zosta\u0142 kompleksowo odremontowany. Budynek dawnego urz\u0119du solnego obecnie jest dost\u0119pny dla zwiedzaj\u0105cych. Ten interesuj\u0105cy obiekt zwi\u0105zany jest z histori\u0105 wydobycia i przetw\u00f3rstwa soli, kt\u00f3ra ju\u017c od \u015bredniowiecza by\u0142a bardzo wa\u017cnym towarem dla ca\u0142ego regionu. Dom Solny za\u015b sta\u0142 si\u0119 wa\u017cnym o\u015brodkiem handlu sol\u0105, kt\u00f3ra w tamtych czasach by\u0142a uwa\u017cana za niezwykle cenny i niezb\u0119dny towar.<\/p>\n<!-- \/wp:paragraph -->\n\n<!-- wp:paragraph -->\n<p>Budynek zosta\u0142 wzniesiony w miejscu, gdzie znajdowa\u0142y si\u0119 \u017ar\u00f3d\u0142a s\u0142onej wody, co u\u0142atwia\u0142o przetw\u00f3rstwo soli. S\u0142u\u017cy\u0142 nie tylko do handlu, lecz by\u0142 tak\u017ce miejscem, w kt\u00f3rym solarze mogli skorzysta\u0107 z r\u00f3\u017cnego rodzaju us\u0142ug zwi\u0105zanych z ich codzienn\u0105 prac\u0105.<\/p>\n<!-- \/wp:paragraph --><\/div>\n<!-- \/wp:column -->\n\n<!-- wp:column {\"width\":\"30%\"} -->\n<div class=\"wp-block-column\" style=\"flex-basis:30%\"><\/div>\n<!-- \/wp:column --><\/div>\n<!-- \/wp:columns -->\n\n<!-- wp:columns -->\n<div class=\"wp-block-columns\"><!-- wp:column {\"width\":\"30%\"} -->\n<div class=\"wp-block-column\" style=\"flex-basis:30%\"><\/div>\n<!-- \/wp:column -->\n\n<!-- wp:column {\"width\":\"80%\"} -->\n<div class=\"wp-block-column\" style=\"flex-basis:80%\"><!-- wp:image {\"id\":14020,\"sizeSlug\":\"large\",\"linkDestination\":\"none\"} -->\n<figure class=\"wp-block-image size-large\"><img src=\"https:\/\/www.kosiceregion.com\/wp-content\/uploads\/2025\/03\/Solny-dom-Velke-Trakany-copy-1-edited.jpg\" alt=\"\" class=\"wp-image-14020\"\/><\/figure>\n<!-- \/wp:image -->\n\n<!-- wp:image {\"id\":14022,\"sizeSlug\":\"full\",\"linkDestination\":\"none\"} -->\n<figure class=\"wp-block-image size-full\"><img src=\"https:\/\/www.kosiceregion.com\/wp-content\/uploads\/2025\/03\/sol-zdravie-edited.jpg\" alt=\"\" class=\"wp-image-14022\"\/><\/figure>\n<!-- \/wp:image --><\/div>\n<!-- \/wp:column --><\/div>\n<!-- \/wp:columns -->\n\n<!-- wp:columns -->\n<div class=\"wp-block-columns\"><!-- wp:column {\"width\":\"30%\"} -->\n<div class=\"wp-block-column\" style=\"flex-basis:30%\"><!-- wp:paragraph -->\n<p><\/p>\n<!-- \/wp:paragraph --><\/div>\n<!-- \/wp:column -->\n\n<!-- wp:column {\"width\":\"80%\"} -->\n<div class=\"wp-block-column\" style=\"flex-basis:80%\"><!-- wp:paragraph -->\n<p>Obecnie Dom Solny s\u0142u\u017cy jako muzeum. Przybli\u017ca histori\u0119 soli i jej znaczenie w dawnych czasach. Na wystawie zgromadzono eksponaty i dokumenty pokazuj\u0105ce, w jaki spos\u00f3b s\u00f3l wydobywano i przetwarzano oraz ni\u0105 handlowano, a tak\u017ce jak\u0105 rol\u0119 odgrywa\u0142a w codziennym \u017cyciu mieszka\u0144c\u00f3w regionu.<\/p>\n<!-- \/wp:paragraph -->\n\n<!-- wp:paragraph -->\n<p>Miejsce to nie jest zwyk\u0142\u0105 ciekawostk\u0105 historyczn\u0105, lecz przede wszystkim niecodzienn\u0105 atrakcj\u0105 turystyczn\u0105. Powinien je odwiedzi\u0107 ka\u017cdy, kto interesuje si\u0119 histori\u0105, tradycjami i kultur\u0105 wschodniej S\u0142owacji. Muzeum mo\u017cna zwiedza\u0107 po uzgodnieniu terminu i dokonaniu rezerwacji.<\/p>\n<!-- \/wp:paragraph --><\/div>\n<!-- \/wp:column --><\/div>\n<!-- \/wp:columns -->\n\n<!-- wp:columns -->\n<div class=\"wp-block-columns\"><!-- wp:column {\"width\":\"80%\"} -->\n<div class=\"wp-block-column\" style=\"flex-basis:80%\"><\/div>\n<!-- \/wp:column -->\n\n<!-- wp:column {\"width\":\"30%\"} -->\n<div class=\"wp-block-column\" style=\"flex-basis:30%\"><\/div>\n<!-- \/wp:column --><\/div>\n<!-- \/wp:columns -->","_pl_post_name":"","_pl_post_excerpt":"","_pl_post_title":"Niezwyk\u0142e muzea na Skraju \u015awiata, cz\u0119\u015b\u0107 2 \u2013 Poznaj szlak solny i winny, szlak muzyki i emigracji","_it_post_content":"","_it_post_name":"","_it_post_excerpt":"","_it_post_title":"","edit_language":"it","footnotes":""},"categories":[22,683],"tags":[],"class_list":["post-14000","post","type-post","status-publish","format-standard","has-post-thumbnail","hentry","category-get-inspired","category-netradicne-muzea"],"acf":[],"yoast_head":"<!-- This site is optimized with the Yoast SEO Premium plugin v25.5 (Yoast SEO v27.4) - https:\/\/yoast.com\/product\/yoast-seo-premium-wordpress\/ -->\n<title>Ko\u0161ice Regi\u00f3n<\/title>\n<meta name=\"description\" content=\"Vydajte sa s nami kr\u00ed\u017eom kr\u00e1\u017eom po Ko\u0161ickom kraji a spoznajte cesty, ktor\u00e9 tvorili minulos\u0165 n\u00e1\u0161ho kraja. M\u00fazeum v\u00edn v Moldave nad Bodvou upriami va\u0161u pozornos\u0165 na v\u00ednne bohatstvo Abova. V m\u00fazeu git\u00e1r spozn\u00e1te hist\u00f3riu tohto\u2026\" \/>\n<meta name=\"robots\" content=\"index, follow, max-snippet:-1, max-image-preview:large, max-video-preview:-1\" \/>\n<link rel=\"canonical\" href=\"https:\/\/www.kosiceregion.com\/sk\/netradicne-muzea-kosicky-kraj-objavte-vino-hudbu\/\" \/>\n<meta property=\"og:locale\" content=\"it_IT\" \/>\n<meta property=\"og:type\" content=\"article\" \/>\n<meta property=\"og:title\" content=\"Netradi\u010dn\u00e9 m\u00faze\u00e1 na Kraji sveta 2. \u010das\u0165 \u2013 Spoznaj cesty soli, v\u00edna, hudby a vys\u0165ahovalectva\" \/>\n<meta property=\"og:description\" content=\"Netradi\u010dn\u00e9 m\u00faze\u00e1 Ko\u0161ick\u00fd kraj pon\u00fakaj\u00fa jedine\u010dn\u00e9 z\u00e1\u017eitky: M\u00fazeum v\u00edn v Moldave nad Bodvou, M\u00fazeum git\u00e1r v Sobranciach, Kasigarda\" \/>\n<meta property=\"og:url\" content=\"https:\/\/www.kosiceregion.com\/it\/wp-json\/wp\/v2\/posts\/14000\" \/>\n<meta property=\"og:site_name\" content=\"Ko\u0161ice Regi\u00f3n\" \/>\n<meta property=\"article:publisher\" content=\"https:\/\/www.facebook.com\/kosiceregion\" \/>\n<meta property=\"article:published_time\" content=\"2025-03-12T14:46:07+00:00\" \/>\n<meta property=\"article:modified_time\" content=\"2025-05-13T15:07:59+00:00\" \/>\n<meta property=\"og:image\" content=\"https:\/\/www.kosiceregion.com\/wp-content\/uploads\/2025\/03\/DSC02967-2-edited-1024x576.jpeg\" \/>\n\t<meta property=\"og:image:width\" content=\"1024\" \/>\n\t<meta property=\"og:image:height\" content=\"576\" \/>\n\t<meta property=\"og:image:type\" content=\"image\/jpeg\" \/>\n<meta name=\"author\" content=\"Al\u017ebera Gajodo\u0161ov\u00e1 Keru\u013eova\" \/>\n<meta name=\"twitter:card\" content=\"summary_large_image\" \/>\n<meta name=\"twitter:creator\" content=\"@KOSICEREGION\" \/>\n<meta name=\"twitter:site\" content=\"@KOSICEREGION\" \/>\n<meta name=\"twitter:label1\" content=\"Scritto da\" \/>\n\t<meta name=\"twitter:data1\" content=\"Al\u017ebera Gajodo\u0161ov\u00e1 Keru\u013eova\" \/>\n\t<meta name=\"twitter:label2\" content=\"Tempo di lettura stimato\" \/>\n\t<meta name=\"twitter:data2\" content=\"9 minutes\" \/>\n<script type=\"application\/ld+json\" class=\"yoast-schema-graph\">{\"@context\":\"https:\\\/\\\/schema.org\",\"@graph\":[{\"@type\":\"Article\",\"@id\":\"https:\\\/\\\/www.kosiceregion.com\\\/sk\\\/netradicne-muzea-kosicky-kraj-objavte-vino-hudbu\\\/#article\",\"isPartOf\":{\"@id\":\"https:\\\/\\\/www.kosiceregion.com\\\/sk\\\/netradicne-muzea-kosicky-kraj-objavte-vino-hudbu\\\/\"},\"author\":{\"name\":\"Al\u017ebera Gajodo\u0161ov\u00e1 Keru\u013eova\",\"@id\":\"https:\\\/\\\/www.kosiceregion.com\\\/#\\\/schema\\\/person\\\/6767e0141fc173d4b5b56458d146cbf3\"},\"headline\":\"Netradi\u010dn\u00e9 m\u00faze\u00e1 na Kraji sveta 2. \u010das\u0165 \u2013 Spoznaj cesty soli, v\u00edna, hudby a vys\u0165ahovalectva\",\"datePublished\":\"2025-03-12T14:46:07+00:00\",\"dateModified\":\"2025-05-13T15:07:59+00:00\",\"mainEntityOfPage\":{\"@id\":\"https:\\\/\\\/www.kosiceregion.com\\\/sk\\\/netradicne-muzea-kosicky-kraj-objavte-vino-hudbu\\\/\"},\"wordCount\":1397,\"publisher\":{\"@id\":\"https:\\\/\\\/www.kosiceregion.com\\\/#organization\"},\"image\":{\"@id\":\"https:\\\/\\\/www.kosiceregion.com\\\/sk\\\/netradicne-muzea-kosicky-kraj-objavte-vino-hudbu\\\/#primaryimage\"},\"thumbnailUrl\":\"https:\\\/\\\/www.kosiceregion.com\\\/wp-content\\\/uploads\\\/2025\\\/03\\\/DSC02967-2-edited.jpeg\",\"articleSection\":[\"In\u0161piruj sa\",\"Netradi\u010dn\u00e9 m\u00faze\u00e1\"],\"inLanguage\":\"it-IT\"},{\"@type\":\"WebPage\",\"@id\":\"https:\\\/\\\/www.kosiceregion.com\\\/sk\\\/netradicne-muzea-kosicky-kraj-objavte-vino-hudbu\\\/\",\"url\":\"https:\\\/\\\/www.kosiceregion.com\\\/sk\\\/netradicne-muzea-kosicky-kraj-objavte-vino-hudbu\\\/\",\"name\":\"Netradi\u010dn\u00e9 m\u00faze\u00e1 Ko\u0161ick\u00fd kraj \u2013 objavte v\u00edno, hudbu\",\"isPartOf\":{\"@id\":\"https:\\\/\\\/www.kosiceregion.com\\\/#website\"},\"primaryImageOfPage\":{\"@id\":\"https:\\\/\\\/www.kosiceregion.com\\\/sk\\\/netradicne-muzea-kosicky-kraj-objavte-vino-hudbu\\\/#primaryimage\"},\"image\":{\"@id\":\"https:\\\/\\\/www.kosiceregion.com\\\/sk\\\/netradicne-muzea-kosicky-kraj-objavte-vino-hudbu\\\/#primaryimage\"},\"thumbnailUrl\":\"https:\\\/\\\/www.kosiceregion.com\\\/wp-content\\\/uploads\\\/2025\\\/03\\\/DSC02967-2-edited.jpeg\",\"datePublished\":\"2025-03-12T14:46:07+00:00\",\"dateModified\":\"2025-05-13T15:07:59+00:00\",\"description\":\"Netradi\u010dn\u00e9 m\u00faze\u00e1 Ko\u0161ick\u00fd kraj pon\u00fakaj\u00fa jedine\u010dn\u00e9 z\u00e1\u017eitky: M\u00fazeum v\u00edn v Moldave nad Bodvou, M\u00fazeum git\u00e1r v Sobranciach, Kasigarda\",\"breadcrumb\":{\"@id\":\"https:\\\/\\\/www.kosiceregion.com\\\/sk\\\/netradicne-muzea-kosicky-kraj-objavte-vino-hudbu\\\/#breadcrumb\"},\"inLanguage\":\"it-IT\",\"potentialAction\":[{\"@type\":\"ReadAction\",\"target\":[\"https:\\\/\\\/www.kosiceregion.com\\\/sk\\\/netradicne-muzea-kosicky-kraj-objavte-vino-hudbu\\\/\"]}]},{\"@type\":\"ImageObject\",\"inLanguage\":\"it-IT\",\"@id\":\"https:\\\/\\\/www.kosiceregion.com\\\/sk\\\/netradicne-muzea-kosicky-kraj-objavte-vino-hudbu\\\/#primaryimage\",\"url\":\"https:\\\/\\\/www.kosiceregion.com\\\/wp-content\\\/uploads\\\/2025\\\/03\\\/DSC02967-2-edited.jpeg\",\"contentUrl\":\"https:\\\/\\\/www.kosiceregion.com\\\/wp-content\\\/uploads\\\/2025\\\/03\\\/DSC02967-2-edited.jpeg\",\"width\":7008,\"height\":3940},{\"@type\":\"BreadcrumbList\",\"@id\":\"https:\\\/\\\/www.kosiceregion.com\\\/sk\\\/netradicne-muzea-kosicky-kraj-objavte-vino-hudbu\\\/#breadcrumb\",\"itemListElement\":[{\"@type\":\"ListItem\",\"position\":1,\"name\":\"Home\",\"item\":\"https:\\\/\\\/www.kosiceregion.com\\\/sk\\\/\"},{\"@type\":\"ListItem\",\"position\":2,\"name\":\"Netradi\u010dn\u00e9 m\u00faze\u00e1 na Kraji sveta 2. \u010das\u0165 \u2013 Spoznaj cesty soli, v\u00edna, hudby a vys\u0165ahovalectva\"}]},{\"@type\":\"WebSite\",\"@id\":\"https:\\\/\\\/www.kosiceregion.com\\\/#website\",\"url\":\"https:\\\/\\\/www.kosiceregion.com\\\/\",\"name\":\"Ko\u0161ice Regi\u00f3n\",\"description\":\"Turistick\u00fd sprievodca Ko\u0161ick\u00fdm krajom\",\"publisher\":{\"@id\":\"https:\\\/\\\/www.kosiceregion.com\\\/#organization\"},\"potentialAction\":[{\"@type\":\"SearchAction\",\"target\":{\"@type\":\"EntryPoint\",\"urlTemplate\":\"https:\\\/\\\/www.kosiceregion.com\\\/?s={search_term_string}\"},\"query-input\":{\"@type\":\"PropertyValueSpecification\",\"valueRequired\":true,\"valueName\":\"search_term_string\"}}],\"inLanguage\":\"it-IT\"},{\"@type\":\"Organization\",\"@id\":\"https:\\\/\\\/www.kosiceregion.com\\\/#organization\",\"name\":\"Ko\u0161ice Regi\u00f3n Turizmus\",\"url\":\"https:\\\/\\\/www.kosiceregion.com\\\/\",\"logo\":{\"@type\":\"ImageObject\",\"inLanguage\":\"it-IT\",\"@id\":\"https:\\\/\\\/www.kosiceregion.com\\\/#\\\/schema\\\/logo\\\/image\\\/\",\"url\":\"https:\\\/\\\/www.kosiceregion.com\\\/wp-content\\\/uploads\\\/2019\\\/03\\\/logo-web-sk.png\",\"contentUrl\":\"https:\\\/\\\/www.kosiceregion.com\\\/wp-content\\\/uploads\\\/2019\\\/03\\\/logo-web-sk.png\",\"width\":225,\"height\":100,\"caption\":\"Ko\u0161ice Regi\u00f3n Turizmus\"},\"image\":{\"@id\":\"https:\\\/\\\/www.kosiceregion.com\\\/#\\\/schema\\\/logo\\\/image\\\/\"},\"sameAs\":[\"https:\\\/\\\/www.facebook.com\\\/kosiceregion\",\"https:\\\/\\\/x.com\\\/KOSICEREGION\",\"https:\\\/\\\/www.instagram.com\\\/kosiceregion\",\"https:\\\/\\\/www.youtube.com\\\/kosiceregion\"]},{\"@type\":\"Person\",\"@id\":\"https:\\\/\\\/www.kosiceregion.com\\\/#\\\/schema\\\/person\\\/6767e0141fc173d4b5b56458d146cbf3\",\"name\":\"Al\u017ebera Gajodo\u0161ov\u00e1 Keru\u013eova\",\"image\":{\"@type\":\"ImageObject\",\"inLanguage\":\"it-IT\",\"@id\":\"https:\\\/\\\/secure.gravatar.com\\\/avatar\\\/e9498597f063f365a6677640a0fda0f441042c67449ab77a1f6e3a7a04ae7098?s=96&d=mm&r=g\",\"url\":\"https:\\\/\\\/secure.gravatar.com\\\/avatar\\\/e9498597f063f365a6677640a0fda0f441042c67449ab77a1f6e3a7a04ae7098?s=96&d=mm&r=g\",\"contentUrl\":\"https:\\\/\\\/secure.gravatar.com\\\/avatar\\\/e9498597f063f365a6677640a0fda0f441042c67449ab77a1f6e3a7a04ae7098?s=96&d=mm&r=g\",\"caption\":\"Al\u017ebera Gajodo\u0161ov\u00e1 Keru\u013eova\"}}]}<\/script>\n<!-- \/ Yoast SEO Premium plugin. -->","yoast_head_json":{"title":"Ko\u0161ice Regi\u00f3n","description":"Vydajte sa s nami kr\u00ed\u017eom kr\u00e1\u017eom po Ko\u0161ickom kraji a spoznajte cesty, ktor\u00e9 tvorili minulos\u0165 n\u00e1\u0161ho kraja. M\u00fazeum v\u00edn v Moldave nad Bodvou upriami va\u0161u pozornos\u0165 na v\u00ednne bohatstvo Abova. V m\u00fazeu git\u00e1r spozn\u00e1te hist\u00f3riu tohto\u2026","robots":{"index":"index","follow":"follow","max-snippet":"max-snippet:-1","max-image-preview":"max-image-preview:large","max-video-preview":"max-video-preview:-1"},"canonical":"https:\/\/www.kosiceregion.com\/sk\/netradicne-muzea-kosicky-kraj-objavte-vino-hudbu\/","og_locale":"it_IT","og_type":"article","og_title":"Netradi\u010dn\u00e9 m\u00faze\u00e1 na Kraji sveta 2. \u010das\u0165 \u2013 Spoznaj cesty soli, v\u00edna, hudby a vys\u0165ahovalectva","og_description":"Netradi\u010dn\u00e9 m\u00faze\u00e1 Ko\u0161ick\u00fd kraj pon\u00fakaj\u00fa jedine\u010dn\u00e9 z\u00e1\u017eitky: M\u00fazeum v\u00edn v Moldave nad Bodvou, M\u00fazeum git\u00e1r v Sobranciach, Kasigarda","og_url":"https:\/\/www.kosiceregion.com\/it\/wp-json\/wp\/v2\/posts\/14000","og_site_name":"Ko\u0161ice Regi\u00f3n","article_publisher":"https:\/\/www.facebook.com\/kosiceregion","article_published_time":"2025-03-12T14:46:07+00:00","article_modified_time":"2025-05-13T15:07:59+00:00","og_image":[{"width":1024,"height":576,"url":"https:\/\/www.kosiceregion.com\/wp-content\/uploads\/2025\/03\/DSC02967-2-edited-1024x576.jpeg","type":"image\/jpeg"}],"author":"Al\u017ebera Gajodo\u0161ov\u00e1 Keru\u013eova","twitter_card":"summary_large_image","twitter_creator":"@KOSICEREGION","twitter_site":"@KOSICEREGION","twitter_misc":{"Scritto da":"Al\u017ebera Gajodo\u0161ov\u00e1 Keru\u013eova","Tempo di lettura stimato":"9 minutes"},"schema":{"@context":"https:\/\/schema.org","@graph":[{"@type":"Article","@id":"https:\/\/www.kosiceregion.com\/sk\/netradicne-muzea-kosicky-kraj-objavte-vino-hudbu\/#article","isPartOf":{"@id":"https:\/\/www.kosiceregion.com\/sk\/netradicne-muzea-kosicky-kraj-objavte-vino-hudbu\/"},"author":{"name":"Al\u017ebera Gajodo\u0161ov\u00e1 Keru\u013eova","@id":"https:\/\/www.kosiceregion.com\/#\/schema\/person\/6767e0141fc173d4b5b56458d146cbf3"},"headline":"Netradi\u010dn\u00e9 m\u00faze\u00e1 na Kraji sveta 2. \u010das\u0165 \u2013 Spoznaj cesty soli, v\u00edna, hudby a vys\u0165ahovalectva","datePublished":"2025-03-12T14:46:07+00:00","dateModified":"2025-05-13T15:07:59+00:00","mainEntityOfPage":{"@id":"https:\/\/www.kosiceregion.com\/sk\/netradicne-muzea-kosicky-kraj-objavte-vino-hudbu\/"},"wordCount":1397,"publisher":{"@id":"https:\/\/www.kosiceregion.com\/#organization"},"image":{"@id":"https:\/\/www.kosiceregion.com\/sk\/netradicne-muzea-kosicky-kraj-objavte-vino-hudbu\/#primaryimage"},"thumbnailUrl":"https:\/\/www.kosiceregion.com\/wp-content\/uploads\/2025\/03\/DSC02967-2-edited.jpeg","articleSection":["In\u0161piruj sa","Netradi\u010dn\u00e9 m\u00faze\u00e1"],"inLanguage":"it-IT"},{"@type":"WebPage","@id":"https:\/\/www.kosiceregion.com\/sk\/netradicne-muzea-kosicky-kraj-objavte-vino-hudbu\/","url":"https:\/\/www.kosiceregion.com\/sk\/netradicne-muzea-kosicky-kraj-objavte-vino-hudbu\/","name":"Netradi\u010dn\u00e9 m\u00faze\u00e1 Ko\u0161ick\u00fd kraj \u2013 objavte v\u00edno, hudbu","isPartOf":{"@id":"https:\/\/www.kosiceregion.com\/#website"},"primaryImageOfPage":{"@id":"https:\/\/www.kosiceregion.com\/sk\/netradicne-muzea-kosicky-kraj-objavte-vino-hudbu\/#primaryimage"},"image":{"@id":"https:\/\/www.kosiceregion.com\/sk\/netradicne-muzea-kosicky-kraj-objavte-vino-hudbu\/#primaryimage"},"thumbnailUrl":"https:\/\/www.kosiceregion.com\/wp-content\/uploads\/2025\/03\/DSC02967-2-edited.jpeg","datePublished":"2025-03-12T14:46:07+00:00","dateModified":"2025-05-13T15:07:59+00:00","description":"Netradi\u010dn\u00e9 m\u00faze\u00e1 Ko\u0161ick\u00fd kraj pon\u00fakaj\u00fa jedine\u010dn\u00e9 z\u00e1\u017eitky: M\u00fazeum v\u00edn v Moldave nad Bodvou, M\u00fazeum git\u00e1r v Sobranciach, Kasigarda","breadcrumb":{"@id":"https:\/\/www.kosiceregion.com\/sk\/netradicne-muzea-kosicky-kraj-objavte-vino-hudbu\/#breadcrumb"},"inLanguage":"it-IT","potentialAction":[{"@type":"ReadAction","target":["https:\/\/www.kosiceregion.com\/sk\/netradicne-muzea-kosicky-kraj-objavte-vino-hudbu\/"]}]},{"@type":"ImageObject","inLanguage":"it-IT","@id":"https:\/\/www.kosiceregion.com\/sk\/netradicne-muzea-kosicky-kraj-objavte-vino-hudbu\/#primaryimage","url":"https:\/\/www.kosiceregion.com\/wp-content\/uploads\/2025\/03\/DSC02967-2-edited.jpeg","contentUrl":"https:\/\/www.kosiceregion.com\/wp-content\/uploads\/2025\/03\/DSC02967-2-edited.jpeg","width":7008,"height":3940},{"@type":"BreadcrumbList","@id":"https:\/\/www.kosiceregion.com\/sk\/netradicne-muzea-kosicky-kraj-objavte-vino-hudbu\/#breadcrumb","itemListElement":[{"@type":"ListItem","position":1,"name":"Home","item":"https:\/\/www.kosiceregion.com\/sk\/"},{"@type":"ListItem","position":2,"name":"Netradi\u010dn\u00e9 m\u00faze\u00e1 na Kraji sveta 2. \u010das\u0165 \u2013 Spoznaj cesty soli, v\u00edna, hudby a vys\u0165ahovalectva"}]},{"@type":"WebSite","@id":"https:\/\/www.kosiceregion.com\/#website","url":"https:\/\/www.kosiceregion.com\/","name":"Ko\u0161ice Regi\u00f3n","description":"Turistick\u00fd sprievodca Ko\u0161ick\u00fdm krajom","publisher":{"@id":"https:\/\/www.kosiceregion.com\/#organization"},"potentialAction":[{"@type":"SearchAction","target":{"@type":"EntryPoint","urlTemplate":"https:\/\/www.kosiceregion.com\/?s={search_term_string}"},"query-input":{"@type":"PropertyValueSpecification","valueRequired":true,"valueName":"search_term_string"}}],"inLanguage":"it-IT"},{"@type":"Organization","@id":"https:\/\/www.kosiceregion.com\/#organization","name":"Ko\u0161ice Regi\u00f3n Turizmus","url":"https:\/\/www.kosiceregion.com\/","logo":{"@type":"ImageObject","inLanguage":"it-IT","@id":"https:\/\/www.kosiceregion.com\/#\/schema\/logo\/image\/","url":"https:\/\/www.kosiceregion.com\/wp-content\/uploads\/2019\/03\/logo-web-sk.png","contentUrl":"https:\/\/www.kosiceregion.com\/wp-content\/uploads\/2019\/03\/logo-web-sk.png","width":225,"height":100,"caption":"Ko\u0161ice Regi\u00f3n Turizmus"},"image":{"@id":"https:\/\/www.kosiceregion.com\/#\/schema\/logo\/image\/"},"sameAs":["https:\/\/www.facebook.com\/kosiceregion","https:\/\/x.com\/KOSICEREGION","https:\/\/www.instagram.com\/kosiceregion","https:\/\/www.youtube.com\/kosiceregion"]},{"@type":"Person","@id":"https:\/\/www.kosiceregion.com\/#\/schema\/person\/6767e0141fc173d4b5b56458d146cbf3","name":"Al\u017ebera Gajodo\u0161ov\u00e1 Keru\u013eova","image":{"@type":"ImageObject","inLanguage":"it-IT","@id":"https:\/\/secure.gravatar.com\/avatar\/e9498597f063f365a6677640a0fda0f441042c67449ab77a1f6e3a7a04ae7098?s=96&d=mm&r=g","url":"https:\/\/secure.gravatar.com\/avatar\/e9498597f063f365a6677640a0fda0f441042c67449ab77a1f6e3a7a04ae7098?s=96&d=mm&r=g","contentUrl":"https:\/\/secure.gravatar.com\/avatar\/e9498597f063f365a6677640a0fda0f441042c67449ab77a1f6e3a7a04ae7098?s=96&d=mm&r=g","caption":"Al\u017ebera Gajodo\u0161ov\u00e1 Keru\u013eova"}}]}},"_links":{"self":[{"href":"https:\/\/www.kosiceregion.com\/it\/wp-json\/wp\/v2\/posts\/14000","targetHints":{"allow":["GET"]}}],"collection":[{"href":"https:\/\/www.kosiceregion.com\/it\/wp-json\/wp\/v2\/posts"}],"about":[{"href":"https:\/\/www.kosiceregion.com\/it\/wp-json\/wp\/v2\/types\/post"}],"author":[{"embeddable":true,"href":"https:\/\/www.kosiceregion.com\/it\/wp-json\/wp\/v2\/users\/16"}],"replies":[{"embeddable":true,"href":"https:\/\/www.kosiceregion.com\/it\/wp-json\/wp\/v2\/comments?post=14000"}],"version-history":[{"count":6,"href":"https:\/\/www.kosiceregion.com\/it\/wp-json\/wp\/v2\/posts\/14000\/revisions"}],"predecessor-version":[{"id":14246,"href":"https:\/\/www.kosiceregion.com\/it\/wp-json\/wp\/v2\/posts\/14000\/revisions\/14246"}],"wp:featuredmedia":[{"embeddable":true,"href":"https:\/\/www.kosiceregion.com\/it\/wp-json\/wp\/v2\/media\/14008"}],"wp:attachment":[{"href":"https:\/\/www.kosiceregion.com\/it\/wp-json\/wp\/v2\/media?parent=14000"}],"wp:term":[{"taxonomy":"category","embeddable":true,"href":"https:\/\/www.kosiceregion.com\/it\/wp-json\/wp\/v2\/categories?post=14000"},{"taxonomy":"post_tag","embeddable":true,"href":"https:\/\/www.kosiceregion.com\/it\/wp-json\/wp\/v2\/tags?post=14000"}],"curies":[{"name":"wp","href":"https:\/\/api.w.org\/{rel}","templated":true}]}}