{"id":14822,"date":"2025-07-29T14:15:49","date_gmt":"2025-07-29T12:15:49","guid":{"rendered":"https:\/\/www.kosiceregion.com\/sk\/?p=14822"},"modified":"2025-11-12T21:17:45","modified_gmt":"2025-11-12T20:17:45","slug":"","status":"publish","type":"post","link":"https:\/\/www.kosiceregion.com\/it\/letecke-dni-kosicky-kraj-2025-scandinavian-airshow\/","title":{"rendered":"","raw":""},"content":{"rendered":"","protected":false,"raw":""},"excerpt":{"rendered":"","protected":false,"raw":""},"author":3,"featured_media":14825,"comment_status":"closed","ping_status":"closed","sticky":false,"template":"","format":"standard","meta":{"_acf_changed":false,"_sk_post_content":"<!-- wp:tadv\/classic-paragraph -->\n<p class=\"p1\">Na Leteck\u00e9 dni Ko\u0161ikeho kraja zav\u00edta renomovan\u00e1 skupina leteck\u00fdch akrobatov zo \u0160v\u00e9dska, ktor\u00e1 sa pripravuje na ve\u013ekolep\u00e9 predstavenie. A rovno dve! Po\u010das v\u00edkendu predved\u00fa div\u00e1kom mimoriadny leteck\u00fd z\u00e1\u017eitok, ktor\u00fd rozhodne nenech\u00e1 nikoho chladn\u00fdm.<\/p>\n<p><img class=\"aligncenter wp-image-14830 size-large\" src=\"https:\/\/www.kosiceregion.com\/wp-content\/uploads\/2025\/07\/WhatsApp-Image-2025-07-22-at-19.46.55-1024x768.jpeg\" alt=\"\" width=\"580\" height=\"435\" \/><\/p>\n<p class=\"p1\">Sobot\u0148aj\u0161\u00ed <a href=\"https:\/\/www.leteckedni.sk\/program\" target=\"_blank\" rel=\"noopener\">program<\/a> vyvrchol\u00ed ohromuj\u00facou no\u010dnou \u0161ou. Legend\u00e1rne lietadlo <a href=\"https:\/\/en.wikipedia.org\/wiki\/Grumman_Ag_Cat\" target=\"_blank\" rel=\"noopener\">Grumman G-164A Ag-Cat<\/a> predvedie svoj \u201eleteck\u00fd tanec\u201c za sprievodu svetl\u00edc a pyrotechnick\u00fdch efektov, ktor\u00e9 roz\u017eiaria ve\u010dern\u00fa oblohu nad ko\u0161ick\u00fdm letiskom. Na tento nezabudnute\u013en\u00fd z\u00e1\u017eitok nadvia\u017ee slovensk\u00fd rekord v po\u010dte simult\u00e1nne vypusten\u00fdch dronov a n\u00e1sledne exkluz\u00edvna pyromuzik\u00e1lna \u0161ou.<\/p>\n<p class=\"p1\">To v\u0161ak bude len za\u010diatok. V nede\u013eu \u010dak\u00e1 n\u00e1v\u0161tevn\u00edkov predstavenie Catwalk \u2013 vzdu\u0161n\u00e1 akrobacia na kr\u00eddlach lietadla. Dvojica a\u017e trojica odv\u00e1\u017enych akrobatiek sa po\u010das letu doslova prejde po kr\u00eddlach, uk\u00e1\u017ee r\u00f4zne kaskad\u00e9rske triky, lezenie aj st\u00e1tie \u2013 a to v\u0161etko s neuverite\u013enou prec\u00edznos\u0165ou a pokojom.<\/p>\n<p class=\"p1\">Samotn\u00e1 ch\u00f4dza po kr\u00eddle po\u010das letu by u\u017e sama osebe p\u00f4sobila ako adrenal\u00ednov\u00fd v\u00fdkon. No pilot Jacob Holl\u00e4nder sa rozhodne neuspokoj\u00ed s jednoduchou trasou. Prid\u00e1 do letu dramatick\u00e9 akrobatick\u00e9 prvky \u2013 premety, v\u00fdkruty a ostr\u00e9 obraty, pri ktor\u00fdch sa naplno uk\u00e1\u017ee dokonal\u00e1 s\u00fahra medzi n\u00edm a akrobatkami<a href=\"https:\/\/www.airshow.se\/catwalk.php\" target=\"_blank\" rel=\"noopener\"> Sky Cats.<\/a><\/p>\n<p class=\"p1\"><a href=\"https:\/\/www.airshow.se\/team.php\" target=\"_blank\" rel=\"noopener\">T\u00edm Skycat Wingwalkers<\/a>, ktor\u00fd je s\u00fa\u010das\u0165ou Scandinavian Airshow, tvoria Jenny Fransson, Hella Stening, Victoria Sm\u00e5rs, Cornelia Carlstrand, Anna Ljugsberg a Sandra Schaub.<\/p>\n<p class=\"p1\">Nezme\u0161kajte t\u00fato jedine\u010dn\u00fa \u0161ou! Scandinavian Airshow vyst\u00fapi po\u010das <a href=\"http:\/\/www.leteckedni.sk\" target=\"_blank\" rel=\"noopener\">Leteck\u00fdch dn\u00ed Ko\u0161ick\u00e9ho kraja<\/a> 6. a 7. septembra 2025. Vstupenky s\u00fa dostupn\u00e9 v predpredaji na str\u00e1nke <a href=\"http:\/\/www.leteckedni.sk\/vstupenky\">www.leteckedni.sk\/vstupenky<\/a>.<\/p>\n<!-- \/wp:tadv\/classic-paragraph -->\n\n<!-- wp:gallery {\"linkTo\":\"none\"} -->\n<figure class=\"wp-block-gallery has-nested-images columns-default is-cropped\"><!-- wp:image {\"id\":14823,\"sizeSlug\":\"large\",\"linkDestination\":\"none\"} -->\n<figure class=\"wp-block-image size-large\"><img src=\"https:\/\/www.kosiceregion.com\/wp-content\/uploads\/2025\/07\/Scandinavian-Airshow1-1024x683.jpg\" alt=\"\" class=\"wp-image-14823\"\/><\/figure>\n<!-- \/wp:image -->\n\n<!-- wp:image {\"id\":14824,\"sizeSlug\":\"large\",\"linkDestination\":\"none\"} -->\n<figure class=\"wp-block-image size-large\"><img src=\"https:\/\/www.kosiceregion.com\/wp-content\/uploads\/2025\/07\/Scandinavian-Airshow7-1024x690.jpg\" alt=\"\" class=\"wp-image-14824\"\/><\/figure>\n<!-- \/wp:image -->\n\n<!-- wp:image {\"id\":14828,\"sizeSlug\":\"large\",\"linkDestination\":\"none\"} -->\n<figure class=\"wp-block-image size-large\"><img src=\"https:\/\/www.kosiceregion.com\/wp-content\/uploads\/2025\/07\/Scandinavian-Airshow6-1024x683.jpg\" alt=\"\" class=\"wp-image-14828\"\/><\/figure>\n<!-- \/wp:image -->\n\n<!-- wp:image {\"id\":14825,\"sizeSlug\":\"large\",\"linkDestination\":\"none\"} -->\n<figure class=\"wp-block-image size-large\"><img src=\"https:\/\/www.kosiceregion.com\/wp-content\/uploads\/2025\/07\/Scandinavian-Airshow5-1024x683.jpg\" alt=\"\" class=\"wp-image-14825\"\/><\/figure>\n<!-- \/wp:image -->\n\n<!-- wp:image {\"id\":14827,\"sizeSlug\":\"large\",\"linkDestination\":\"none\"} -->\n<figure class=\"wp-block-image size-large\"><img src=\"https:\/\/www.kosiceregion.com\/wp-content\/uploads\/2025\/07\/Scandinavian-Airshow4-1024x683.jpg\" alt=\"\" class=\"wp-image-14827\"\/><\/figure>\n<!-- \/wp:image -->\n\n<!-- wp:image {\"id\":14829,\"sizeSlug\":\"large\",\"linkDestination\":\"none\"} -->\n<figure class=\"wp-block-image size-large\"><img src=\"https:\/\/www.kosiceregion.com\/wp-content\/uploads\/2025\/07\/Scandinavian-Airshow3-1024x683.jpg\" alt=\"\" class=\"wp-image-14829\"\/><\/figure>\n<!-- \/wp:image -->\n\n<!-- wp:image {\"id\":14826,\"sizeSlug\":\"large\",\"linkDestination\":\"none\"} -->\n<figure class=\"wp-block-image size-large\"><img src=\"https:\/\/www.kosiceregion.com\/wp-content\/uploads\/2025\/07\/Scandinavian-Airshow2-1024x683.jpg\" alt=\"\" class=\"wp-image-14826\"\/><\/figure>\n<!-- \/wp:image -->\n\n<!-- wp:image {\"id\":14830,\"sizeSlug\":\"large\",\"linkDestination\":\"none\"} -->\n<figure class=\"wp-block-image size-large\"><img src=\"https:\/\/www.kosiceregion.com\/wp-content\/uploads\/2025\/07\/WhatsApp-Image-2025-07-22-at-19.46.55-1024x768.jpeg\" alt=\"\" class=\"wp-image-14830\"\/><\/figure>\n<!-- \/wp:image --><\/figure>\n<!-- \/wp:gallery -->","_sk_post_name":"letecke-dni-kosicky-kraj-2025-scandinavian-airshow","_sk_post_excerpt":"","_sk_post_title":"Leteck\u00e9 dni Ko\u0161ick\u00e9ho kraja 2025 predved\u00fa svetov\u00fd unik\u00e1t -\u00a0 akrobatov Scandinavian Airshow","_en_post_content":"","_en_post_name":"","_en_post_excerpt":"","_en_post_title":"","_hu_post_content":"","_hu_post_name":"","_hu_post_excerpt":"","_hu_post_title":"","_es_post_content":"","_es_post_name":"","_es_post_excerpt":"","_es_post_title":"","_de_post_content":"","_de_post_name":"","_de_post_excerpt":"","_de_post_title":"","_pl_post_content":"","_pl_post_name":"","_pl_post_excerpt":"","_pl_post_title":"","_it_post_content":"","_it_post_name":"","_it_post_excerpt":"","_it_post_title":"","edit_language":"it","footnotes":""},"categories":[22,17],"tags":[],"class_list":["post-14822","post","type-post","status-publish","format-standard","has-post-thumbnail","hentry","category-get-inspired","category-top"],"acf":[],"yoast_head":"<!-- This site is optimized with the Yoast SEO Premium plugin v25.5 (Yoast SEO v27.4) - https:\/\/yoast.com\/product\/yoast-seo-premium-wordpress\/ -->\n<title>Ko\u0161ice Regi\u00f3n<\/title>\n<meta name=\"description\" content=\"Na Leteck\u00e9 dni Ko\u0161ikeho kraja zav\u00edta renomovan\u00e1 skupina leteck\u00fdch akrobatov zo \u0160v\u00e9dska, ktor\u00e1 sa pripravuje na ve\u013ekolep\u00e9 predstavenie. A rovno dve! Po\u010das v\u00edkendu predved\u00fa div\u00e1kom mimoriadny leteck\u00fd z\u00e1\u017eitok, ktor\u00fd rozhodne\u2026\" \/>\n<meta name=\"robots\" content=\"index, follow, max-snippet:-1, max-image-preview:large, max-video-preview:-1\" \/>\n<link rel=\"canonical\" href=\"https:\/\/www.kosiceregion.com\/sk\/letecke-dni-kosicky-kraj-2025-scandinavian-airshow\/\" \/>\n<meta property=\"og:locale\" content=\"it_IT\" \/>\n<meta property=\"og:type\" content=\"article\" \/>\n<meta property=\"og:title\" content=\"Leteck\u00e9 dni Ko\u0161ick\u00e9ho kraja 2025 predved\u00fa svetov\u00fd unik\u00e1t -\u00a0 akrobatov Scandinavian Airshow\" \/>\n<meta property=\"og:description\" content=\"Za\u017eite svetov\u00fd unik\u00e1t! Leteck\u00e9 dni Ko\u0161ick\u00e9ho kraja 2025 prines\u00fa akrobatov Scandinavian Airshow, no\u010dn\u00fa \u0161ou s pyrotechnikou, dronov\u00fa \u0161ou\" \/>\n<meta property=\"og:url\" content=\"https:\/\/www.kosiceregion.com\/it\/wp-json\/wp\/v2\/posts\/14822\" \/>\n<meta property=\"og:site_name\" content=\"Ko\u0161ice Regi\u00f3n\" \/>\n<meta property=\"article:publisher\" content=\"https:\/\/www.facebook.com\/kosiceregion\" \/>\n<meta property=\"article:published_time\" content=\"2025-07-29T12:15:49+00:00\" \/>\n<meta property=\"article:modified_time\" content=\"2025-11-12T20:17:45+00:00\" \/>\n<meta property=\"og:image\" content=\"https:\/\/www.kosiceregion.com\/wp-content\/uploads\/2025\/07\/Scandinavian-Airshow5.jpg\" \/>\n\t<meta property=\"og:image:width\" content=\"2200\" \/>\n\t<meta property=\"og:image:height\" content=\"1467\" \/>\n\t<meta property=\"og:image:type\" content=\"image\/jpeg\" \/>\n<meta name=\"author\" content=\"Attila Torok\" \/>\n<meta name=\"twitter:card\" content=\"summary_large_image\" \/>\n<meta name=\"twitter:creator\" content=\"@KOSICEREGION\" \/>\n<meta name=\"twitter:site\" content=\"@KOSICEREGION\" \/>\n<meta name=\"twitter:label1\" content=\"Scritto da\" \/>\n\t<meta name=\"twitter:data1\" content=\"Attila Torok\" \/>\n\t<meta name=\"twitter:label2\" content=\"Tempo di lettura stimato\" \/>\n\t<meta name=\"twitter:data2\" content=\"4 minutes\" \/>\n<script type=\"application\/ld+json\" class=\"yoast-schema-graph\">{\"@context\":\"https:\\\/\\\/schema.org\",\"@graph\":[{\"@type\":\"Article\",\"@id\":\"https:\\\/\\\/www.kosiceregion.com\\\/sk\\\/letecke-dni-kosicky-kraj-2025-scandinavian-airshow\\\/#article\",\"isPartOf\":{\"@id\":\"https:\\\/\\\/www.kosiceregion.com\\\/sk\\\/letecke-dni-kosicky-kraj-2025-scandinavian-airshow\\\/\"},\"author\":{\"name\":\"Attila Torok\",\"@id\":\"https:\\\/\\\/www.kosiceregion.com\\\/#\\\/schema\\\/person\\\/18aca0bae16b5f9c2d3f5c8e4bbf3391\"},\"headline\":\"Leteck\u00e9 dni Ko\u0161ick\u00e9ho kraja 2025 predved\u00fa svetov\u00fd unik\u00e1t &#8211;\u00a0 akrobatov Scandinavian Airshow\",\"datePublished\":\"2025-07-29T12:15:49+00:00\",\"dateModified\":\"2025-11-12T20:17:45+00:00\",\"mainEntityOfPage\":{\"@id\":\"https:\\\/\\\/www.kosiceregion.com\\\/sk\\\/letecke-dni-kosicky-kraj-2025-scandinavian-airshow\\\/\"},\"wordCount\":304,\"publisher\":{\"@id\":\"https:\\\/\\\/www.kosiceregion.com\\\/#organization\"},\"image\":{\"@id\":\"https:\\\/\\\/www.kosiceregion.com\\\/sk\\\/letecke-dni-kosicky-kraj-2025-scandinavian-airshow\\\/#primaryimage\"},\"thumbnailUrl\":\"https:\\\/\\\/www.kosiceregion.com\\\/wp-content\\\/uploads\\\/2025\\\/07\\\/Scandinavian-Airshow5.jpg\",\"articleSection\":[\"In\u0161piruj sa\",\"Top\"],\"inLanguage\":\"it-IT\"},{\"@type\":\"WebPage\",\"@id\":\"https:\\\/\\\/www.kosiceregion.com\\\/sk\\\/letecke-dni-kosicky-kraj-2025-scandinavian-airshow\\\/\",\"url\":\"https:\\\/\\\/www.kosiceregion.com\\\/sk\\\/letecke-dni-kosicky-kraj-2025-scandinavian-airshow\\\/\",\"name\":\"Leteck\u00e9 dni Ko\u0161ick\u00e9ho kraja 2025: Scandinavian Airshow\",\"isPartOf\":{\"@id\":\"https:\\\/\\\/www.kosiceregion.com\\\/#website\"},\"primaryImageOfPage\":{\"@id\":\"https:\\\/\\\/www.kosiceregion.com\\\/sk\\\/letecke-dni-kosicky-kraj-2025-scandinavian-airshow\\\/#primaryimage\"},\"image\":{\"@id\":\"https:\\\/\\\/www.kosiceregion.com\\\/sk\\\/letecke-dni-kosicky-kraj-2025-scandinavian-airshow\\\/#primaryimage\"},\"thumbnailUrl\":\"https:\\\/\\\/www.kosiceregion.com\\\/wp-content\\\/uploads\\\/2025\\\/07\\\/Scandinavian-Airshow5.jpg\",\"datePublished\":\"2025-07-29T12:15:49+00:00\",\"dateModified\":\"2025-11-12T20:17:45+00:00\",\"description\":\"Za\u017eite svetov\u00fd unik\u00e1t! Leteck\u00e9 dni Ko\u0161ick\u00e9ho kraja 2025 prines\u00fa akrobatov Scandinavian Airshow, no\u010dn\u00fa \u0161ou s pyrotechnikou, dronov\u00fa \u0161ou\",\"breadcrumb\":{\"@id\":\"https:\\\/\\\/www.kosiceregion.com\\\/sk\\\/letecke-dni-kosicky-kraj-2025-scandinavian-airshow\\\/#breadcrumb\"},\"inLanguage\":\"it-IT\",\"potentialAction\":[{\"@type\":\"ReadAction\",\"target\":[\"https:\\\/\\\/www.kosiceregion.com\\\/sk\\\/letecke-dni-kosicky-kraj-2025-scandinavian-airshow\\\/\"]}]},{\"@type\":\"ImageObject\",\"inLanguage\":\"it-IT\",\"@id\":\"https:\\\/\\\/www.kosiceregion.com\\\/sk\\\/letecke-dni-kosicky-kraj-2025-scandinavian-airshow\\\/#primaryimage\",\"url\":\"https:\\\/\\\/www.kosiceregion.com\\\/wp-content\\\/uploads\\\/2025\\\/07\\\/Scandinavian-Airshow5.jpg\",\"contentUrl\":\"https:\\\/\\\/www.kosiceregion.com\\\/wp-content\\\/uploads\\\/2025\\\/07\\\/Scandinavian-Airshow5.jpg\",\"width\":2200,\"height\":1467},{\"@type\":\"BreadcrumbList\",\"@id\":\"https:\\\/\\\/www.kosiceregion.com\\\/sk\\\/letecke-dni-kosicky-kraj-2025-scandinavian-airshow\\\/#breadcrumb\",\"itemListElement\":[{\"@type\":\"ListItem\",\"position\":1,\"name\":\"Home\",\"item\":\"https:\\\/\\\/www.kosiceregion.com\\\/sk\\\/\"},{\"@type\":\"ListItem\",\"position\":2,\"name\":\"Leteck\u00e9 dni Ko\u0161ick\u00e9ho kraja 2025 predved\u00fa svetov\u00fd unik\u00e1t &#8211;\u00a0 akrobatov Scandinavian Airshow\"}]},{\"@type\":\"WebSite\",\"@id\":\"https:\\\/\\\/www.kosiceregion.com\\\/#website\",\"url\":\"https:\\\/\\\/www.kosiceregion.com\\\/\",\"name\":\"Ko\u0161ice Regi\u00f3n\",\"description\":\"Turistick\u00fd sprievodca Ko\u0161ick\u00fdm krajom\",\"publisher\":{\"@id\":\"https:\\\/\\\/www.kosiceregion.com\\\/#organization\"},\"potentialAction\":[{\"@type\":\"SearchAction\",\"target\":{\"@type\":\"EntryPoint\",\"urlTemplate\":\"https:\\\/\\\/www.kosiceregion.com\\\/?s={search_term_string}\"},\"query-input\":{\"@type\":\"PropertyValueSpecification\",\"valueRequired\":true,\"valueName\":\"search_term_string\"}}],\"inLanguage\":\"it-IT\"},{\"@type\":\"Organization\",\"@id\":\"https:\\\/\\\/www.kosiceregion.com\\\/#organization\",\"name\":\"Ko\u0161ice Regi\u00f3n Turizmus\",\"url\":\"https:\\\/\\\/www.kosiceregion.com\\\/\",\"logo\":{\"@type\":\"ImageObject\",\"inLanguage\":\"it-IT\",\"@id\":\"https:\\\/\\\/www.kosiceregion.com\\\/#\\\/schema\\\/logo\\\/image\\\/\",\"url\":\"https:\\\/\\\/www.kosiceregion.com\\\/wp-content\\\/uploads\\\/2019\\\/03\\\/logo-web-sk.png\",\"contentUrl\":\"https:\\\/\\\/www.kosiceregion.com\\\/wp-content\\\/uploads\\\/2019\\\/03\\\/logo-web-sk.png\",\"width\":225,\"height\":100,\"caption\":\"Ko\u0161ice Regi\u00f3n Turizmus\"},\"image\":{\"@id\":\"https:\\\/\\\/www.kosiceregion.com\\\/#\\\/schema\\\/logo\\\/image\\\/\"},\"sameAs\":[\"https:\\\/\\\/www.facebook.com\\\/kosiceregion\",\"https:\\\/\\\/x.com\\\/KOSICEREGION\",\"https:\\\/\\\/www.instagram.com\\\/kosiceregion\",\"https:\\\/\\\/www.youtube.com\\\/kosiceregion\"]},{\"@type\":\"Person\",\"@id\":\"https:\\\/\\\/www.kosiceregion.com\\\/#\\\/schema\\\/person\\\/18aca0bae16b5f9c2d3f5c8e4bbf3391\",\"name\":\"Attila Torok\",\"image\":{\"@type\":\"ImageObject\",\"inLanguage\":\"it-IT\",\"@id\":\"https:\\\/\\\/secure.gravatar.com\\\/avatar\\\/f289d63cba2f064b26e632d396cfd7b9ddc40138c86207c90d65e718e60dd5c6?s=96&d=mm&r=g\",\"url\":\"https:\\\/\\\/secure.gravatar.com\\\/avatar\\\/f289d63cba2f064b26e632d396cfd7b9ddc40138c86207c90d65e718e60dd5c6?s=96&d=mm&r=g\",\"contentUrl\":\"https:\\\/\\\/secure.gravatar.com\\\/avatar\\\/f289d63cba2f064b26e632d396cfd7b9ddc40138c86207c90d65e718e60dd5c6?s=96&d=mm&r=g\",\"caption\":\"Attila Torok\"}}]}<\/script>\n<!-- \/ Yoast SEO Premium plugin. -->","yoast_head_json":{"title":"Ko\u0161ice Regi\u00f3n","description":"Na Leteck\u00e9 dni Ko\u0161ikeho kraja zav\u00edta renomovan\u00e1 skupina leteck\u00fdch akrobatov zo \u0160v\u00e9dska, ktor\u00e1 sa pripravuje na ve\u013ekolep\u00e9 predstavenie. A rovno dve! Po\u010das v\u00edkendu predved\u00fa div\u00e1kom mimoriadny leteck\u00fd z\u00e1\u017eitok, ktor\u00fd rozhodne\u2026","robots":{"index":"index","follow":"follow","max-snippet":"max-snippet:-1","max-image-preview":"max-image-preview:large","max-video-preview":"max-video-preview:-1"},"canonical":"https:\/\/www.kosiceregion.com\/sk\/letecke-dni-kosicky-kraj-2025-scandinavian-airshow\/","og_locale":"it_IT","og_type":"article","og_title":"Leteck\u00e9 dni Ko\u0161ick\u00e9ho kraja 2025 predved\u00fa svetov\u00fd unik\u00e1t -\u00a0 akrobatov Scandinavian Airshow","og_description":"Za\u017eite svetov\u00fd unik\u00e1t! Leteck\u00e9 dni Ko\u0161ick\u00e9ho kraja 2025 prines\u00fa akrobatov Scandinavian Airshow, no\u010dn\u00fa \u0161ou s pyrotechnikou, dronov\u00fa \u0161ou","og_url":"https:\/\/www.kosiceregion.com\/it\/wp-json\/wp\/v2\/posts\/14822","og_site_name":"Ko\u0161ice Regi\u00f3n","article_publisher":"https:\/\/www.facebook.com\/kosiceregion","article_published_time":"2025-07-29T12:15:49+00:00","article_modified_time":"2025-11-12T20:17:45+00:00","og_image":[{"width":2200,"height":1467,"url":"https:\/\/www.kosiceregion.com\/wp-content\/uploads\/2025\/07\/Scandinavian-Airshow5.jpg","type":"image\/jpeg"}],"author":"Attila Torok","twitter_card":"summary_large_image","twitter_creator":"@KOSICEREGION","twitter_site":"@KOSICEREGION","twitter_misc":{"Scritto da":"Attila Torok","Tempo di lettura stimato":"4 minutes"},"schema":{"@context":"https:\/\/schema.org","@graph":[{"@type":"Article","@id":"https:\/\/www.kosiceregion.com\/sk\/letecke-dni-kosicky-kraj-2025-scandinavian-airshow\/#article","isPartOf":{"@id":"https:\/\/www.kosiceregion.com\/sk\/letecke-dni-kosicky-kraj-2025-scandinavian-airshow\/"},"author":{"name":"Attila Torok","@id":"https:\/\/www.kosiceregion.com\/#\/schema\/person\/18aca0bae16b5f9c2d3f5c8e4bbf3391"},"headline":"Leteck\u00e9 dni Ko\u0161ick\u00e9ho kraja 2025 predved\u00fa svetov\u00fd unik\u00e1t &#8211;\u00a0 akrobatov Scandinavian Airshow","datePublished":"2025-07-29T12:15:49+00:00","dateModified":"2025-11-12T20:17:45+00:00","mainEntityOfPage":{"@id":"https:\/\/www.kosiceregion.com\/sk\/letecke-dni-kosicky-kraj-2025-scandinavian-airshow\/"},"wordCount":304,"publisher":{"@id":"https:\/\/www.kosiceregion.com\/#organization"},"image":{"@id":"https:\/\/www.kosiceregion.com\/sk\/letecke-dni-kosicky-kraj-2025-scandinavian-airshow\/#primaryimage"},"thumbnailUrl":"https:\/\/www.kosiceregion.com\/wp-content\/uploads\/2025\/07\/Scandinavian-Airshow5.jpg","articleSection":["In\u0161piruj sa","Top"],"inLanguage":"it-IT"},{"@type":"WebPage","@id":"https:\/\/www.kosiceregion.com\/sk\/letecke-dni-kosicky-kraj-2025-scandinavian-airshow\/","url":"https:\/\/www.kosiceregion.com\/sk\/letecke-dni-kosicky-kraj-2025-scandinavian-airshow\/","name":"Leteck\u00e9 dni Ko\u0161ick\u00e9ho kraja 2025: Scandinavian Airshow","isPartOf":{"@id":"https:\/\/www.kosiceregion.com\/#website"},"primaryImageOfPage":{"@id":"https:\/\/www.kosiceregion.com\/sk\/letecke-dni-kosicky-kraj-2025-scandinavian-airshow\/#primaryimage"},"image":{"@id":"https:\/\/www.kosiceregion.com\/sk\/letecke-dni-kosicky-kraj-2025-scandinavian-airshow\/#primaryimage"},"thumbnailUrl":"https:\/\/www.kosiceregion.com\/wp-content\/uploads\/2025\/07\/Scandinavian-Airshow5.jpg","datePublished":"2025-07-29T12:15:49+00:00","dateModified":"2025-11-12T20:17:45+00:00","description":"Za\u017eite svetov\u00fd unik\u00e1t! Leteck\u00e9 dni Ko\u0161ick\u00e9ho kraja 2025 prines\u00fa akrobatov Scandinavian Airshow, no\u010dn\u00fa \u0161ou s pyrotechnikou, dronov\u00fa \u0161ou","breadcrumb":{"@id":"https:\/\/www.kosiceregion.com\/sk\/letecke-dni-kosicky-kraj-2025-scandinavian-airshow\/#breadcrumb"},"inLanguage":"it-IT","potentialAction":[{"@type":"ReadAction","target":["https:\/\/www.kosiceregion.com\/sk\/letecke-dni-kosicky-kraj-2025-scandinavian-airshow\/"]}]},{"@type":"ImageObject","inLanguage":"it-IT","@id":"https:\/\/www.kosiceregion.com\/sk\/letecke-dni-kosicky-kraj-2025-scandinavian-airshow\/#primaryimage","url":"https:\/\/www.kosiceregion.com\/wp-content\/uploads\/2025\/07\/Scandinavian-Airshow5.jpg","contentUrl":"https:\/\/www.kosiceregion.com\/wp-content\/uploads\/2025\/07\/Scandinavian-Airshow5.jpg","width":2200,"height":1467},{"@type":"BreadcrumbList","@id":"https:\/\/www.kosiceregion.com\/sk\/letecke-dni-kosicky-kraj-2025-scandinavian-airshow\/#breadcrumb","itemListElement":[{"@type":"ListItem","position":1,"name":"Home","item":"https:\/\/www.kosiceregion.com\/sk\/"},{"@type":"ListItem","position":2,"name":"Leteck\u00e9 dni Ko\u0161ick\u00e9ho kraja 2025 predved\u00fa svetov\u00fd unik\u00e1t &#8211;\u00a0 akrobatov Scandinavian Airshow"}]},{"@type":"WebSite","@id":"https:\/\/www.kosiceregion.com\/#website","url":"https:\/\/www.kosiceregion.com\/","name":"Ko\u0161ice Regi\u00f3n","description":"Turistick\u00fd sprievodca Ko\u0161ick\u00fdm krajom","publisher":{"@id":"https:\/\/www.kosiceregion.com\/#organization"},"potentialAction":[{"@type":"SearchAction","target":{"@type":"EntryPoint","urlTemplate":"https:\/\/www.kosiceregion.com\/?s={search_term_string}"},"query-input":{"@type":"PropertyValueSpecification","valueRequired":true,"valueName":"search_term_string"}}],"inLanguage":"it-IT"},{"@type":"Organization","@id":"https:\/\/www.kosiceregion.com\/#organization","name":"Ko\u0161ice Regi\u00f3n Turizmus","url":"https:\/\/www.kosiceregion.com\/","logo":{"@type":"ImageObject","inLanguage":"it-IT","@id":"https:\/\/www.kosiceregion.com\/#\/schema\/logo\/image\/","url":"https:\/\/www.kosiceregion.com\/wp-content\/uploads\/2019\/03\/logo-web-sk.png","contentUrl":"https:\/\/www.kosiceregion.com\/wp-content\/uploads\/2019\/03\/logo-web-sk.png","width":225,"height":100,"caption":"Ko\u0161ice Regi\u00f3n Turizmus"},"image":{"@id":"https:\/\/www.kosiceregion.com\/#\/schema\/logo\/image\/"},"sameAs":["https:\/\/www.facebook.com\/kosiceregion","https:\/\/x.com\/KOSICEREGION","https:\/\/www.instagram.com\/kosiceregion","https:\/\/www.youtube.com\/kosiceregion"]},{"@type":"Person","@id":"https:\/\/www.kosiceregion.com\/#\/schema\/person\/18aca0bae16b5f9c2d3f5c8e4bbf3391","name":"Attila Torok","image":{"@type":"ImageObject","inLanguage":"it-IT","@id":"https:\/\/secure.gravatar.com\/avatar\/f289d63cba2f064b26e632d396cfd7b9ddc40138c86207c90d65e718e60dd5c6?s=96&d=mm&r=g","url":"https:\/\/secure.gravatar.com\/avatar\/f289d63cba2f064b26e632d396cfd7b9ddc40138c86207c90d65e718e60dd5c6?s=96&d=mm&r=g","contentUrl":"https:\/\/secure.gravatar.com\/avatar\/f289d63cba2f064b26e632d396cfd7b9ddc40138c86207c90d65e718e60dd5c6?s=96&d=mm&r=g","caption":"Attila Torok"}}]}},"_links":{"self":[{"href":"https:\/\/www.kosiceregion.com\/it\/wp-json\/wp\/v2\/posts\/14822","targetHints":{"allow":["GET"]}}],"collection":[{"href":"https:\/\/www.kosiceregion.com\/it\/wp-json\/wp\/v2\/posts"}],"about":[{"href":"https:\/\/www.kosiceregion.com\/it\/wp-json\/wp\/v2\/types\/post"}],"author":[{"embeddable":true,"href":"https:\/\/www.kosiceregion.com\/it\/wp-json\/wp\/v2\/users\/3"}],"replies":[{"embeddable":true,"href":"https:\/\/www.kosiceregion.com\/it\/wp-json\/wp\/v2\/comments?post=14822"}],"version-history":[{"count":2,"href":"https:\/\/www.kosiceregion.com\/it\/wp-json\/wp\/v2\/posts\/14822\/revisions"}],"predecessor-version":[{"id":15789,"href":"https:\/\/www.kosiceregion.com\/it\/wp-json\/wp\/v2\/posts\/14822\/revisions\/15789"}],"wp:featuredmedia":[{"embeddable":true,"href":"https:\/\/www.kosiceregion.com\/it\/wp-json\/wp\/v2\/media\/14825"}],"wp:attachment":[{"href":"https:\/\/www.kosiceregion.com\/it\/wp-json\/wp\/v2\/media?parent=14822"}],"wp:term":[{"taxonomy":"category","embeddable":true,"href":"https:\/\/www.kosiceregion.com\/it\/wp-json\/wp\/v2\/categories?post=14822"},{"taxonomy":"post_tag","embeddable":true,"href":"https:\/\/www.kosiceregion.com\/it\/wp-json\/wp\/v2\/tags?post=14822"}],"curies":[{"name":"wp","href":"https:\/\/api.w.org\/{rel}","templated":true}]}}