{"id":16136,"date":"2026-01-22T14:49:26","date_gmt":"2026-01-22T13:49:26","guid":{"rendered":"https:\/\/www.kosiceregion.com\/sk\/?p=16136"},"modified":"2026-01-22T14:51:59","modified_gmt":"2026-01-22T13:51:59","slug":"","status":"publish","type":"post","link":"https:\/\/www.kosiceregion.com\/it\/zimna-sezona-na-dolnom-zempline\/","title":{"rendered":"","raw":""},"content":{"rendered":"","protected":false,"raw":""},"excerpt":{"rendered":"","protected":false,"raw":""},"author":17,"featured_media":16140,"comment_status":"closed","ping_status":"closed","sticky":false,"template":"","format":"standard","meta":{"_acf_changed":false,"_sk_post_content":"<!-- wp:tadv\/classic-paragraph -->\n<p><strong>Doln\u00fd Zempl\u00edn vst\u00fapil do nov\u00e9ho roka v znamen\u00ed zimnej atmosf\u00e9ry. Janu\u00e1rov\u00e9 mrazy premenili krajinu Latorice a Bodrogu, Zempl\u00ednskej \u0160\u00edravy i pohorie Vihorlat na rozpr\u00e1vkov\u00fd obraz, ktor\u00fd l\u00e1ka n\u00e1v\u0161tevn\u00edkov na pokojn\u00e9 zimn\u00e9 z\u00e1\u017eitky.<\/strong><\/p>\n<!-- \/wp:tadv\/classic-paragraph -->\n\n<!-- wp:tadv\/classic-paragraph -->\n<p><a href=\"https:\/\/www.kosiceregion.com\/sk\/region\/region-zemplin-dolny-zemplin\/\">N\u00e1v\u0161tevn\u00edci Doln\u00e9ho Zempl\u00edna<\/a> si m\u00f4\u017eu v zime vybra\u0165 z hotelov a penzi\u00f3nov pri Zempl\u00ednskej \u0161\u00edrave \u2013 Thermal \u0160\u00edrava Spa Resort**** v Kalu\u017ei, Hotel Eurobus****, Hotel Glamour**** \u010di Hotel Vinnay**** vo Vinnom. V Michalovciach je zn\u00e1my Hotel Mousson****, v Trebi\u0161ove Hotel Zempl\u00edn a men\u0161ie penzi\u00f3ny.\u00a0<\/p>\n<p>[gallery columns=\"1\" size=\"large\" ids=\"16137\"]<\/p>\n<p><strong>Oddych a wellness Wellness slu\u017eby s\u00fa dostupn\u00e9 aj v zime v hoteloch pri Zempl\u00ednskej \u0161\u00edrave<\/strong>, ktor\u00e9 pon\u00fakaj\u00fa baz\u00e9ny, sauny a relaxa\u010dn\u00e9 proced\u00fary. Thermalpark \u0160\u00edrava v Kalu\u017ei je najv\u00e4\u010d\u0161\u00ed wellness komplex regi\u00f3nu s Vodn\u00fdm a Saunov\u00fdm svetom, vn\u00fatorn\u00fdmi aj vonkaj\u0161\u00edmi baz\u00e9nmi. V Michalovciach poskytuje modern\u00e9 wellness Hotel Mousson, v Trebi\u0161ove s\u00fa slu\u017eby dostupn\u00e9 v Mestskej plav\u00e1rni.\u00a0<\/p>\n<h3>Prech\u00e1dzky, pr\u00edroda, gastron\u00f3mia<\/h3>\n<p>V zime s\u00fa atrakt\u00edvne prech\u00e1dzky popri rieke Latorica, ktor\u00e1 je s\u00fa\u010das\u0165ou chr\u00e1nen\u00e9ho vt\u00e1\u010dieho \u00fazemia. <strong>Bodrog a jeho okolie<\/strong> pon\u00fakaj\u00fa pokojn\u00e9 zimn\u00e9 scen\u00e9rie vhodn\u00e9 na turistiku aj fotografovanie.<strong><a href=\"https:\/\/www.kosiceregion.com\/sk\/region\/region-zemplin-dolny-zemplin\/\"> Tokajsk\u00e9 v\u00edno je symbolom Doln\u00e9ho Zempl\u00edna<\/a>. V Malej a Ve\u013ekej T\u0155ni<\/strong> sa konaj\u00fa zimn\u00e9 degust\u00e1cie priamo v historick\u00fdch pivniciach. Region\u00e1lne trhy v Michalovciach a Trebi\u0161ove pon\u00fakaj\u00fa tradi\u010dn\u00e9 jedl\u00e1 ako boba\u013eky, hal\u00e1szl\u00e9 \u010di lok\u0161e.<\/p>\n<p>[gallery columns=\"1\" size=\"full\" ids=\"16138\"]<\/p>\n<h3>Janu\u00e1r: fa\u0161iangov\u00e9 oslavy<\/h3>\n<p>V janu\u00e1ri sa regi\u00f3n s\u00fastred\u00ed na fa\u0161iangov\u00e9 podujatia v obciach <a href=\"https:\/\/www.kosiceregion.com\/sk\/region\/region-zemplin-dolny-zemplin\/\">Doln\u00e9ho Zempl\u00edna<\/a>. V Trebi\u0161ove sa konaj\u00fa koncerty a v\u00fdstavy v ka\u0161tieli, Michalovce pripravuj\u00fa zimn\u00e9 trhy s region\u00e1lnymi \u0161pecialitami. Tokajsk\u00e9 pivnice v Malej a Ve\u013ekej T\u0155ni otv\u00e1raj\u00fa svoje br\u00e1ny pre n\u00e1v\u0161tevn\u00edkov, ktor\u00ed si m\u00f4\u017eu vychutna\u0165 degust\u00e1cie v\u00edn v jedine\u010dnej zimnej atmosf\u00e9re.<\/p>\n<h3>Febru\u00e1r: kult\u00farne festivaly a vin\u00e1rske podujatia<\/h3>\n<p>Vo febru\u00e1ri sa Doln\u00fd Zempl\u00edn s\u00fastred\u00ed na kult\u00farne festivaly a vin\u00e1rske akcie. V Trebi\u0161ove sa uskuto\u010dnia tematick\u00e9 v\u00fdstavy v ka\u0161tieli, Michalovce pripravuj\u00fa hudobn\u00e9 podujatia a region\u00e1lne trhy. Tokajsk\u00ed vin\u00e1ri organizuj\u00fa zimn\u00e9 degust\u00e1cie, ktor\u00e9 l\u00e1kaj\u00fa dom\u00e1cich aj zahrani\u010dn\u00fdch n\u00e1v\u0161tevn\u00edkov.<\/p>\n<p>[gallery columns=\"1\" size=\"full\" ids=\"16139\"]<\/p>\n<h3>Marec: jarn\u00e9 trhy a preb\u00fadzanie vin\u00edc<\/h3>\n<p>Marec patr\u00ed jarn\u00fdm trhom a kult\u00farnym podujatiam. V Michalovciach sa konaj\u00fa trhy s region\u00e1lnymi produktmi, v Trebi\u0161ove pokra\u010duj\u00fa koncerty a v\u00fdstavy. Tokajsk\u00e9 vinice sa za\u010d\u00ednaj\u00fa preb\u00fadza\u0165 a vin\u00e1ri pripravuj\u00fa prv\u00e9 ochutn\u00e1vky mlad\u00fdch v\u00edn.\u00a0<\/p>\n<h2 style=\"text-align: center;\">\u010eal\u0161ie inform\u00e1cie a podujatie n\u00e1jdete na <a href=\"https:\/\/www.dolnyzemplin.eu\/\">www.dolnyzemplin.eu<\/a><\/h2>\n<!-- \/wp:tadv\/classic-paragraph -->\n\n<!-- wp:tadv\/classic-paragraph -->\n<p><!--more--><\/p>\n<!-- \/wp:tadv\/classic-paragraph -->\n\n<!-- wp:tadv\/classic-paragraph \/-->","_sk_post_name":"zimna-sezona-na-dolnom-zempline","_sk_post_excerpt":"","_sk_post_title":"Zimn\u00e1 sez\u00f3na na Dolnom Zempl\u00edne je v plnom pr\u00fade","_en_post_content":"","_en_post_name":"","_en_post_excerpt":"","_en_post_title":"","_hu_post_content":"","_hu_post_name":"","_hu_post_excerpt":"","_hu_post_title":"","_es_post_content":"","_es_post_name":"","_es_post_excerpt":"","_es_post_title":"","_de_post_content":"","_de_post_name":"","_de_post_excerpt":"","_de_post_title":"","_pl_post_content":"","_pl_post_name":"","_pl_post_excerpt":"","_pl_post_title":"","_it_post_content":"","_it_post_name":"","_it_post_excerpt":"","_it_post_title":"","edit_language":"it","footnotes":""},"categories":[22,1,669],"tags":[88,908,284,128,54,229],"class_list":["post-16136","post","type-post","status-publish","format-standard","has-post-thumbnail","hentry","category-get-inspired","category-uncategorized","category-wellness-na-sirave","tag-dolny-zemplin","tag-fasiangy","tag-kosicky-svetovy-kraj","tag-vylet","tag-zemplinska-sirava","tag-zima"],"acf":[],"yoast_head":"<!-- This site is optimized with the Yoast SEO Premium plugin v25.5 (Yoast SEO v27.4) - https:\/\/yoast.com\/product\/yoast-seo-premium-wordpress\/ -->\n<title>Ko\u0161ice Regi\u00f3n<\/title>\n<meta name=\"description\" content=\"Doln\u00fd Zempl\u00edn vst\u00fapil do nov\u00e9ho roka v znamen\u00ed zimnej atmosf\u00e9ry. Janu\u00e1rov\u00e9 mrazy premenili krajinu Latorice a Bodrogu, Zempl\u00ednskej \u0160\u00edravy i pohorie Vihorlat na rozpr\u00e1vkov\u00fd obraz, ktor\u00fd l\u00e1ka n\u00e1v\u0161tevn\u00edkov na pokojn\u00e9 zimn\u00e9\u2026\" \/>\n<meta name=\"robots\" content=\"index, follow, max-snippet:-1, max-image-preview:large, max-video-preview:-1\" \/>\n<link rel=\"canonical\" href=\"https:\/\/www.kosiceregion.com\/sk\/zimna-sezona-na-dolnom-zempline\/\" \/>\n<meta property=\"og:locale\" content=\"it_IT\" \/>\n<meta property=\"og:type\" content=\"article\" \/>\n<meta property=\"og:title\" content=\"Zimn\u00e1 sez\u00f3na na Dolnom Zempl\u00edne je v plnom pr\u00fade\" \/>\n<meta property=\"og:description\" content=\"Doln\u00fd Zempl\u00edn vst\u00fapil do nov\u00e9ho roka v znamen\u00ed. Janu\u00e1rov\u00e9 mrazy premenili krajinu na rozpr\u00e1vkov\u00fd obraz, ktor\u00fd l\u00e1ka n\u00e1v\u0161tevn\u00edkov\" \/>\n<meta property=\"og:url\" content=\"https:\/\/www.kosiceregion.com\/it\/wp-json\/wp\/v2\/posts\/16136\" \/>\n<meta property=\"og:site_name\" content=\"Ko\u0161ice Regi\u00f3n\" \/>\n<meta property=\"article:publisher\" content=\"https:\/\/www.facebook.com\/kosiceregion\" \/>\n<meta property=\"article:published_time\" content=\"2026-01-22T13:49:26+00:00\" \/>\n<meta property=\"article:modified_time\" content=\"2026-01-22T13:51:59+00:00\" \/>\n<meta property=\"og:image\" content=\"https:\/\/www.kosiceregion.com\/wp-content\/uploads\/2026\/01\/615288014_919954107036992_5185707204309940149_n-e1769089905207.jpg\" \/>\n\t<meta property=\"og:image:width\" content=\"2048\" \/>\n\t<meta property=\"og:image:height\" content=\"1090\" \/>\n\t<meta property=\"og:image:type\" content=\"image\/jpeg\" \/>\n<meta name=\"author\" content=\"Tatiana \u010cerven\u00e1\" \/>\n<meta name=\"twitter:card\" content=\"summary_large_image\" \/>\n<meta name=\"twitter:creator\" content=\"@KOSICEREGION\" \/>\n<meta name=\"twitter:site\" content=\"@KOSICEREGION\" \/>\n<meta name=\"twitter:label1\" content=\"Scritto da\" \/>\n\t<meta name=\"twitter:data1\" content=\"Tatiana \u010cerven\u00e1\" \/>\n\t<meta name=\"twitter:label2\" content=\"Tempo di lettura stimato\" \/>\n\t<meta name=\"twitter:data2\" content=\"3 minutes\" \/>\n<script type=\"application\/ld+json\" class=\"yoast-schema-graph\">{\"@context\":\"https:\\\/\\\/schema.org\",\"@graph\":[{\"@type\":\"Article\",\"@id\":\"https:\\\/\\\/www.kosiceregion.com\\\/sk\\\/zimna-sezona-na-dolnom-zempline\\\/#article\",\"isPartOf\":{\"@id\":\"https:\\\/\\\/www.kosiceregion.com\\\/sk\\\/zimna-sezona-na-dolnom-zempline\\\/\"},\"author\":{\"name\":\"Tatiana \u010cerven\u00e1\",\"@id\":\"https:\\\/\\\/www.kosiceregion.com\\\/#\\\/schema\\\/person\\\/6cd0b3706091bbb7fc11437086db9ccb\"},\"headline\":\"Zimn\u00e1 sez\u00f3na na Dolnom Zempl\u00edne je v plnom pr\u00fade\",\"datePublished\":\"2026-01-22T13:49:26+00:00\",\"dateModified\":\"2026-01-22T13:51:59+00:00\",\"mainEntityOfPage\":{\"@id\":\"https:\\\/\\\/www.kosiceregion.com\\\/sk\\\/zimna-sezona-na-dolnom-zempline\\\/\"},\"wordCount\":497,\"publisher\":{\"@id\":\"https:\\\/\\\/www.kosiceregion.com\\\/#organization\"},\"image\":{\"@id\":\"https:\\\/\\\/www.kosiceregion.com\\\/sk\\\/zimna-sezona-na-dolnom-zempline\\\/#primaryimage\"},\"thumbnailUrl\":\"https:\\\/\\\/www.kosiceregion.com\\\/wp-content\\\/uploads\\\/2026\\\/01\\\/615288014_919954107036992_5185707204309940149_n-e1769089905207.jpg\",\"keywords\":[\"Doln\u00fd Zempl\u00edn\",\"fa\u0161iangy\",\"ko\u0161ick\u00fd svetov\u00fd kraj\",\"v\u00fdlet\",\"Zempl\u00ednska \u0161\u00edrava\",\"zima\"],\"articleSection\":[\"In\u0161piruj sa\",\"Nezaraden\u00e9\",\"Wellness na \u0160\u00edrave\"],\"inLanguage\":\"it-IT\"},{\"@type\":\"WebPage\",\"@id\":\"https:\\\/\\\/www.kosiceregion.com\\\/sk\\\/zimna-sezona-na-dolnom-zempline\\\/\",\"url\":\"https:\\\/\\\/www.kosiceregion.com\\\/sk\\\/zimna-sezona-na-dolnom-zempline\\\/\",\"name\":\"Zimn\u00e1 sez\u00f3na na Dolnom Zempl\u00edne\",\"isPartOf\":{\"@id\":\"https:\\\/\\\/www.kosiceregion.com\\\/#website\"},\"primaryImageOfPage\":{\"@id\":\"https:\\\/\\\/www.kosiceregion.com\\\/sk\\\/zimna-sezona-na-dolnom-zempline\\\/#primaryimage\"},\"image\":{\"@id\":\"https:\\\/\\\/www.kosiceregion.com\\\/sk\\\/zimna-sezona-na-dolnom-zempline\\\/#primaryimage\"},\"thumbnailUrl\":\"https:\\\/\\\/www.kosiceregion.com\\\/wp-content\\\/uploads\\\/2026\\\/01\\\/615288014_919954107036992_5185707204309940149_n-e1769089905207.jpg\",\"datePublished\":\"2026-01-22T13:49:26+00:00\",\"dateModified\":\"2026-01-22T13:51:59+00:00\",\"description\":\"Doln\u00fd Zempl\u00edn vst\u00fapil do nov\u00e9ho roka v znamen\u00ed. Janu\u00e1rov\u00e9 mrazy premenili krajinu na rozpr\u00e1vkov\u00fd obraz, ktor\u00fd l\u00e1ka n\u00e1v\u0161tevn\u00edkov\",\"breadcrumb\":{\"@id\":\"https:\\\/\\\/www.kosiceregion.com\\\/sk\\\/zimna-sezona-na-dolnom-zempline\\\/#breadcrumb\"},\"inLanguage\":\"it-IT\",\"potentialAction\":[{\"@type\":\"ReadAction\",\"target\":[\"https:\\\/\\\/www.kosiceregion.com\\\/sk\\\/zimna-sezona-na-dolnom-zempline\\\/\"]}]},{\"@type\":\"ImageObject\",\"inLanguage\":\"it-IT\",\"@id\":\"https:\\\/\\\/www.kosiceregion.com\\\/sk\\\/zimna-sezona-na-dolnom-zempline\\\/#primaryimage\",\"url\":\"https:\\\/\\\/www.kosiceregion.com\\\/wp-content\\\/uploads\\\/2026\\\/01\\\/615288014_919954107036992_5185707204309940149_n-e1769089905207.jpg\",\"contentUrl\":\"https:\\\/\\\/www.kosiceregion.com\\\/wp-content\\\/uploads\\\/2026\\\/01\\\/615288014_919954107036992_5185707204309940149_n-e1769089905207.jpg\",\"width\":2048,\"height\":1090,\"caption\":\"Zimn\u00e1 sez\u00f3na na Dolnom Zempl\u00edne je v plnom pr\u00fade\"},{\"@type\":\"BreadcrumbList\",\"@id\":\"https:\\\/\\\/www.kosiceregion.com\\\/sk\\\/zimna-sezona-na-dolnom-zempline\\\/#breadcrumb\",\"itemListElement\":[{\"@type\":\"ListItem\",\"position\":1,\"name\":\"Home\",\"item\":\"https:\\\/\\\/www.kosiceregion.com\\\/sk\\\/\"},{\"@type\":\"ListItem\",\"position\":2,\"name\":\"Zimn\u00e1 sez\u00f3na na Dolnom Zempl\u00edne je v plnom pr\u00fade\"}]},{\"@type\":\"WebSite\",\"@id\":\"https:\\\/\\\/www.kosiceregion.com\\\/#website\",\"url\":\"https:\\\/\\\/www.kosiceregion.com\\\/\",\"name\":\"Ko\u0161ice Regi\u00f3n\",\"description\":\"Turistick\u00fd sprievodca Ko\u0161ick\u00fdm krajom\",\"publisher\":{\"@id\":\"https:\\\/\\\/www.kosiceregion.com\\\/#organization\"},\"potentialAction\":[{\"@type\":\"SearchAction\",\"target\":{\"@type\":\"EntryPoint\",\"urlTemplate\":\"https:\\\/\\\/www.kosiceregion.com\\\/?s={search_term_string}\"},\"query-input\":{\"@type\":\"PropertyValueSpecification\",\"valueRequired\":true,\"valueName\":\"search_term_string\"}}],\"inLanguage\":\"it-IT\"},{\"@type\":\"Organization\",\"@id\":\"https:\\\/\\\/www.kosiceregion.com\\\/#organization\",\"name\":\"Ko\u0161ice Regi\u00f3n Turizmus\",\"url\":\"https:\\\/\\\/www.kosiceregion.com\\\/\",\"logo\":{\"@type\":\"ImageObject\",\"inLanguage\":\"it-IT\",\"@id\":\"https:\\\/\\\/www.kosiceregion.com\\\/#\\\/schema\\\/logo\\\/image\\\/\",\"url\":\"https:\\\/\\\/www.kosiceregion.com\\\/wp-content\\\/uploads\\\/2019\\\/03\\\/logo-web-sk.png\",\"contentUrl\":\"https:\\\/\\\/www.kosiceregion.com\\\/wp-content\\\/uploads\\\/2019\\\/03\\\/logo-web-sk.png\",\"width\":225,\"height\":100,\"caption\":\"Ko\u0161ice Regi\u00f3n Turizmus\"},\"image\":{\"@id\":\"https:\\\/\\\/www.kosiceregion.com\\\/#\\\/schema\\\/logo\\\/image\\\/\"},\"sameAs\":[\"https:\\\/\\\/www.facebook.com\\\/kosiceregion\",\"https:\\\/\\\/x.com\\\/KOSICEREGION\",\"https:\\\/\\\/www.instagram.com\\\/kosiceregion\",\"https:\\\/\\\/www.youtube.com\\\/kosiceregion\"]},{\"@type\":\"Person\",\"@id\":\"https:\\\/\\\/www.kosiceregion.com\\\/#\\\/schema\\\/person\\\/6cd0b3706091bbb7fc11437086db9ccb\",\"name\":\"Tatiana \u010cerven\u00e1\",\"image\":{\"@type\":\"ImageObject\",\"inLanguage\":\"it-IT\",\"@id\":\"https:\\\/\\\/secure.gravatar.com\\\/avatar\\\/050b709342af43d17b1f982522b7ac660b814df8c4c872be4a6ccf432c3f6ccc?s=96&d=mm&r=g\",\"url\":\"https:\\\/\\\/secure.gravatar.com\\\/avatar\\\/050b709342af43d17b1f982522b7ac660b814df8c4c872be4a6ccf432c3f6ccc?s=96&d=mm&r=g\",\"contentUrl\":\"https:\\\/\\\/secure.gravatar.com\\\/avatar\\\/050b709342af43d17b1f982522b7ac660b814df8c4c872be4a6ccf432c3f6ccc?s=96&d=mm&r=g\",\"caption\":\"Tatiana \u010cerven\u00e1\"}}]}<\/script>\n<!-- \/ Yoast SEO Premium plugin. -->","yoast_head_json":{"title":"Ko\u0161ice Regi\u00f3n","description":"Doln\u00fd Zempl\u00edn vst\u00fapil do nov\u00e9ho roka v znamen\u00ed zimnej atmosf\u00e9ry. Janu\u00e1rov\u00e9 mrazy premenili krajinu Latorice a Bodrogu, Zempl\u00ednskej \u0160\u00edravy i pohorie Vihorlat na rozpr\u00e1vkov\u00fd obraz, ktor\u00fd l\u00e1ka n\u00e1v\u0161tevn\u00edkov na pokojn\u00e9 zimn\u00e9\u2026","robots":{"index":"index","follow":"follow","max-snippet":"max-snippet:-1","max-image-preview":"max-image-preview:large","max-video-preview":"max-video-preview:-1"},"canonical":"https:\/\/www.kosiceregion.com\/sk\/zimna-sezona-na-dolnom-zempline\/","og_locale":"it_IT","og_type":"article","og_title":"Zimn\u00e1 sez\u00f3na na Dolnom Zempl\u00edne je v plnom pr\u00fade","og_description":"Doln\u00fd Zempl\u00edn vst\u00fapil do nov\u00e9ho roka v znamen\u00ed. Janu\u00e1rov\u00e9 mrazy premenili krajinu na rozpr\u00e1vkov\u00fd obraz, ktor\u00fd l\u00e1ka n\u00e1v\u0161tevn\u00edkov","og_url":"https:\/\/www.kosiceregion.com\/it\/wp-json\/wp\/v2\/posts\/16136","og_site_name":"Ko\u0161ice Regi\u00f3n","article_publisher":"https:\/\/www.facebook.com\/kosiceregion","article_published_time":"2026-01-22T13:49:26+00:00","article_modified_time":"2026-01-22T13:51:59+00:00","og_image":[{"width":2048,"height":1090,"url":"https:\/\/www.kosiceregion.com\/wp-content\/uploads\/2026\/01\/615288014_919954107036992_5185707204309940149_n-e1769089905207.jpg","type":"image\/jpeg"}],"author":"Tatiana \u010cerven\u00e1","twitter_card":"summary_large_image","twitter_creator":"@KOSICEREGION","twitter_site":"@KOSICEREGION","twitter_misc":{"Scritto da":"Tatiana \u010cerven\u00e1","Tempo di lettura stimato":"3 minutes"},"schema":{"@context":"https:\/\/schema.org","@graph":[{"@type":"Article","@id":"https:\/\/www.kosiceregion.com\/sk\/zimna-sezona-na-dolnom-zempline\/#article","isPartOf":{"@id":"https:\/\/www.kosiceregion.com\/sk\/zimna-sezona-na-dolnom-zempline\/"},"author":{"name":"Tatiana \u010cerven\u00e1","@id":"https:\/\/www.kosiceregion.com\/#\/schema\/person\/6cd0b3706091bbb7fc11437086db9ccb"},"headline":"Zimn\u00e1 sez\u00f3na na Dolnom Zempl\u00edne je v plnom pr\u00fade","datePublished":"2026-01-22T13:49:26+00:00","dateModified":"2026-01-22T13:51:59+00:00","mainEntityOfPage":{"@id":"https:\/\/www.kosiceregion.com\/sk\/zimna-sezona-na-dolnom-zempline\/"},"wordCount":497,"publisher":{"@id":"https:\/\/www.kosiceregion.com\/#organization"},"image":{"@id":"https:\/\/www.kosiceregion.com\/sk\/zimna-sezona-na-dolnom-zempline\/#primaryimage"},"thumbnailUrl":"https:\/\/www.kosiceregion.com\/wp-content\/uploads\/2026\/01\/615288014_919954107036992_5185707204309940149_n-e1769089905207.jpg","keywords":["Doln\u00fd Zempl\u00edn","fa\u0161iangy","ko\u0161ick\u00fd svetov\u00fd kraj","v\u00fdlet","Zempl\u00ednska \u0161\u00edrava","zima"],"articleSection":["In\u0161piruj sa","Nezaraden\u00e9","Wellness na \u0160\u00edrave"],"inLanguage":"it-IT"},{"@type":"WebPage","@id":"https:\/\/www.kosiceregion.com\/sk\/zimna-sezona-na-dolnom-zempline\/","url":"https:\/\/www.kosiceregion.com\/sk\/zimna-sezona-na-dolnom-zempline\/","name":"Zimn\u00e1 sez\u00f3na na Dolnom Zempl\u00edne","isPartOf":{"@id":"https:\/\/www.kosiceregion.com\/#website"},"primaryImageOfPage":{"@id":"https:\/\/www.kosiceregion.com\/sk\/zimna-sezona-na-dolnom-zempline\/#primaryimage"},"image":{"@id":"https:\/\/www.kosiceregion.com\/sk\/zimna-sezona-na-dolnom-zempline\/#primaryimage"},"thumbnailUrl":"https:\/\/www.kosiceregion.com\/wp-content\/uploads\/2026\/01\/615288014_919954107036992_5185707204309940149_n-e1769089905207.jpg","datePublished":"2026-01-22T13:49:26+00:00","dateModified":"2026-01-22T13:51:59+00:00","description":"Doln\u00fd Zempl\u00edn vst\u00fapil do nov\u00e9ho roka v znamen\u00ed. Janu\u00e1rov\u00e9 mrazy premenili krajinu na rozpr\u00e1vkov\u00fd obraz, ktor\u00fd l\u00e1ka n\u00e1v\u0161tevn\u00edkov","breadcrumb":{"@id":"https:\/\/www.kosiceregion.com\/sk\/zimna-sezona-na-dolnom-zempline\/#breadcrumb"},"inLanguage":"it-IT","potentialAction":[{"@type":"ReadAction","target":["https:\/\/www.kosiceregion.com\/sk\/zimna-sezona-na-dolnom-zempline\/"]}]},{"@type":"ImageObject","inLanguage":"it-IT","@id":"https:\/\/www.kosiceregion.com\/sk\/zimna-sezona-na-dolnom-zempline\/#primaryimage","url":"https:\/\/www.kosiceregion.com\/wp-content\/uploads\/2026\/01\/615288014_919954107036992_5185707204309940149_n-e1769089905207.jpg","contentUrl":"https:\/\/www.kosiceregion.com\/wp-content\/uploads\/2026\/01\/615288014_919954107036992_5185707204309940149_n-e1769089905207.jpg","width":2048,"height":1090,"caption":"Zimn\u00e1 sez\u00f3na na Dolnom Zempl\u00edne je v plnom pr\u00fade"},{"@type":"BreadcrumbList","@id":"https:\/\/www.kosiceregion.com\/sk\/zimna-sezona-na-dolnom-zempline\/#breadcrumb","itemListElement":[{"@type":"ListItem","position":1,"name":"Home","item":"https:\/\/www.kosiceregion.com\/sk\/"},{"@type":"ListItem","position":2,"name":"Zimn\u00e1 sez\u00f3na na Dolnom Zempl\u00edne je v plnom pr\u00fade"}]},{"@type":"WebSite","@id":"https:\/\/www.kosiceregion.com\/#website","url":"https:\/\/www.kosiceregion.com\/","name":"Ko\u0161ice Regi\u00f3n","description":"Turistick\u00fd sprievodca Ko\u0161ick\u00fdm krajom","publisher":{"@id":"https:\/\/www.kosiceregion.com\/#organization"},"potentialAction":[{"@type":"SearchAction","target":{"@type":"EntryPoint","urlTemplate":"https:\/\/www.kosiceregion.com\/?s={search_term_string}"},"query-input":{"@type":"PropertyValueSpecification","valueRequired":true,"valueName":"search_term_string"}}],"inLanguage":"it-IT"},{"@type":"Organization","@id":"https:\/\/www.kosiceregion.com\/#organization","name":"Ko\u0161ice Regi\u00f3n Turizmus","url":"https:\/\/www.kosiceregion.com\/","logo":{"@type":"ImageObject","inLanguage":"it-IT","@id":"https:\/\/www.kosiceregion.com\/#\/schema\/logo\/image\/","url":"https:\/\/www.kosiceregion.com\/wp-content\/uploads\/2019\/03\/logo-web-sk.png","contentUrl":"https:\/\/www.kosiceregion.com\/wp-content\/uploads\/2019\/03\/logo-web-sk.png","width":225,"height":100,"caption":"Ko\u0161ice Regi\u00f3n Turizmus"},"image":{"@id":"https:\/\/www.kosiceregion.com\/#\/schema\/logo\/image\/"},"sameAs":["https:\/\/www.facebook.com\/kosiceregion","https:\/\/x.com\/KOSICEREGION","https:\/\/www.instagram.com\/kosiceregion","https:\/\/www.youtube.com\/kosiceregion"]},{"@type":"Person","@id":"https:\/\/www.kosiceregion.com\/#\/schema\/person\/6cd0b3706091bbb7fc11437086db9ccb","name":"Tatiana \u010cerven\u00e1","image":{"@type":"ImageObject","inLanguage":"it-IT","@id":"https:\/\/secure.gravatar.com\/avatar\/050b709342af43d17b1f982522b7ac660b814df8c4c872be4a6ccf432c3f6ccc?s=96&d=mm&r=g","url":"https:\/\/secure.gravatar.com\/avatar\/050b709342af43d17b1f982522b7ac660b814df8c4c872be4a6ccf432c3f6ccc?s=96&d=mm&r=g","contentUrl":"https:\/\/secure.gravatar.com\/avatar\/050b709342af43d17b1f982522b7ac660b814df8c4c872be4a6ccf432c3f6ccc?s=96&d=mm&r=g","caption":"Tatiana \u010cerven\u00e1"}}]}},"_links":{"self":[{"href":"https:\/\/www.kosiceregion.com\/it\/wp-json\/wp\/v2\/posts\/16136","targetHints":{"allow":["GET"]}}],"collection":[{"href":"https:\/\/www.kosiceregion.com\/it\/wp-json\/wp\/v2\/posts"}],"about":[{"href":"https:\/\/www.kosiceregion.com\/it\/wp-json\/wp\/v2\/types\/post"}],"author":[{"embeddable":true,"href":"https:\/\/www.kosiceregion.com\/it\/wp-json\/wp\/v2\/users\/17"}],"replies":[{"embeddable":true,"href":"https:\/\/www.kosiceregion.com\/it\/wp-json\/wp\/v2\/comments?post=16136"}],"version-history":[{"count":3,"href":"https:\/\/www.kosiceregion.com\/it\/wp-json\/wp\/v2\/posts\/16136\/revisions"}],"predecessor-version":[{"id":16143,"href":"https:\/\/www.kosiceregion.com\/it\/wp-json\/wp\/v2\/posts\/16136\/revisions\/16143"}],"wp:featuredmedia":[{"embeddable":true,"href":"https:\/\/www.kosiceregion.com\/it\/wp-json\/wp\/v2\/media\/16140"}],"wp:attachment":[{"href":"https:\/\/www.kosiceregion.com\/it\/wp-json\/wp\/v2\/media?parent=16136"}],"wp:term":[{"taxonomy":"category","embeddable":true,"href":"https:\/\/www.kosiceregion.com\/it\/wp-json\/wp\/v2\/categories?post=16136"},{"taxonomy":"post_tag","embeddable":true,"href":"https:\/\/www.kosiceregion.com\/it\/wp-json\/wp\/v2\/tags?post=16136"}],"curies":[{"name":"wp","href":"https:\/\/api.w.org\/{rel}","templated":true}]}}