{"id":7526,"date":"2026-03-19T08:29:20","date_gmt":"2026-03-19T07:29:20","guid":{"rendered":"https:\/\/www.kosiceregion.com\/sk\/?p=7526"},"modified":"2026-03-19T08:29:21","modified_gmt":"2026-03-19T07:29:21","slug":"","status":"publish","type":"post","link":"https:\/\/www.kosiceregion.com\/it\/jarne-tipy-na-nezabudnutelne-vylety-objav-vtaci-raj\/","title":{"rendered":"","raw":""},"content":{"rendered":"","protected":false,"raw":""},"excerpt":{"rendered":"","protected":false,"raw":""},"author":10,"featured_media":16344,"comment_status":"closed","ping_status":"closed","sticky":false,"template":"","format":"standard","meta":{"_acf_changed":false,"_sk_post_content":"<!-- wp:tadv\/classic-paragraph -->\n<p style=\"text-align: justify;\"><strong>Nielen pr\u00edroda a\u00a0dobr\u00e9 v\u00edno je l\u00e1kadlom pre turistov Zempl\u00edna. Tento regi\u00f3n m\u00e1 \u010do pon\u00faknu\u0165 v\u00a0ka\u017edej oblasti a\u00a0v\u00a0ka\u017edom po\u010das\u00ed. Hoci je neodmyslite\u013enou letnou destin\u00e1ciou zameranou na vodn\u00e9 \u0161porty a akt\u00edvny oddych, na \u00fazem\u00ed Zempl\u00edna sa nach\u00e1dza aj mno\u017estvo m\u00faze\u00ed a\u00a0z\u00e1kut\u00ed, ktor\u00e9 je mo\u017en\u00e9 obdivova\u0165 aj mimo letnej sez\u00f3ny. <\/strong><\/p>\n<p style=\"text-align: justify;\">Pekn\u00e9 s\u00fa pamiatkov\u00e9 z\u00f3ny, a\u00a0to napr\u00edklad v\u00a0Michalovciach, kde sa nach\u00e1dza ka\u0161tie\u013e, koniare\u0148, rotunda, r\u00edmskokatol\u00edcky \u010di gr\u00e9cko-katol\u00edcky barokovo-klasicistick\u00fd chr\u00e1m z\u00a018. storo\u010dia kostol, alebo v\u00a0Trebi\u0161ove, kde nezabudnite na prech\u00e1dzku malebn\u00fdm historick\u00fdm parkom \u010di <strong>rodn\u00fdm s\u00eddlom najv\u00e4\u010d\u0161ieho rebela na\u0161ich dej\u00edn <a href=\"https:\/\/www.borsikastely.eu\/\">Franti\u0161ka R\u00e1kocziho II.<\/a><\/strong>, ktor\u00e9 stoj\u00ed do dne\u0161n\u00fdch dn\u00ed v obci Bor\u0161a. Aj ostatn\u00e9 mest\u00e1 kraja maj\u00fa v\u017edy \u010do pon\u00faknu\u0165.<\/p>\n<!-- \/wp:tadv\/classic-paragraph -->\n\n<!-- wp:image {\"id\":7528,\"sizeSlug\":\"large\",\"linkDestination\":\"none\"} -->\n<figure class=\"wp-block-image size-large\"><img src=\"https:\/\/www.kosiceregion.com\/wp-content\/uploads\/2021\/09\/KP_0262-1024x683.jpg\" alt=\"\" class=\"wp-image-7528\"\/><\/figure>\n<!-- \/wp:image -->\n\n<!-- wp:image {\"id\":7529,\"sizeSlug\":\"large\",\"linkDestination\":\"none\"} -->\n<figure class=\"wp-block-image size-large\"><img src=\"https:\/\/www.kosiceregion.com\/wp-content\/uploads\/2021\/09\/KP_0267-1024x683.jpg\" alt=\"\" class=\"wp-image-7529\"\/><\/figure>\n<!-- \/wp:image -->\n\n<!-- wp:tadv\/classic-paragraph -->\n<h2>Kraj rozmanit\u00fdch mo\u017enost\u00ed<\/h2>\n<p style=\"text-align: justify;\">Ke\u010f sa v Michalovciach zastav\u00edte v <a href=\"https:\/\/zemplinskemuzeum.sk\/\">Zempl\u00ednskom m\u00fazeu<\/a>, predt\u00fdm barokovo-klasicistickom ka\u0161tieli rodu Szt\u00e1ray, zaujm\u00fa v\u00e1s olejoma\u013eby maliara franc\u00fazskeho p\u00f4vodu T. J. Moussona, \u017eij\u00faceho v Michalovciach v rokoch 1911 - 1944. Len desa\u0165 min\u00fat od m\u00fazea stoj\u00ed <strong><a href=\"https:\/\/www.hotelmousson.sk\/\">Hotel Mousson<\/a>. <\/strong>Svoj\u00edm hos\u0165om pon\u00faka po\u010das cel\u00e9ho roka komplexn\u00e9 slu\u017eby a ubytovanie v komfortne zariaden\u00fdch izb\u00e1ch.<\/p>\n<p style=\"text-align: justify;\">\u0160irokou \u0161k\u00e1lou slu\u017eieb uspokoj\u00ed nielen jednotlivcov ale aj skupiny. Pon\u00faka svojim klientom mo\u017enos\u0165 zrelaxova\u0165 po nam\u00e1havom dni v\u00a0hotelovom wellness centre v 4 saun\u00e1ch (biosauna, f\u00ednska sauna, parn\u00e1 bylinkov\u00e1, parn\u00e1 aromatick\u00e1) a relaxa\u010dnej z\u00f3ne, kde m\u00f4\u017eu vyu\u017ei\u0165 Kneippov k\u00fape\u013e, v\u00edrivku a tepid\u00e1rium. Zapl\u00e1va\u0165 si m\u00f4\u017eu v relaxa\u010dnom baz\u00e9ne s protipr\u00fadom a podvodnou mas\u00e1\u017eou a ochladi\u0165 sa \u013eadop\u00e1dom alebo v ochladzovacom baz\u00e9ne. Hos\u0165om je k\u00a0dispoz\u00edcii aj fitness centrum s\u00a0rekondi\u010dn\u00fdm poradenstvom a\u00a0\u0161irok\u00e1 ponuka mas\u00e1\u017e\u00ed.<\/p>\n<!-- \/wp:tadv\/classic-paragraph -->\n\n<!-- wp:image {\"id\":7530,\"sizeSlug\":\"large\",\"linkDestination\":\"none\"} -->\n<figure class=\"wp-block-image size-large\"><img src=\"https:\/\/www.kosiceregion.com\/wp-content\/uploads\/2021\/09\/titulka-k-clanku-1024x682.jpg\" alt=\"\" class=\"wp-image-7530\"\/><figcaption class=\"wp-element-caption\">Gitarov\u00e9 m\u00fazeum, Sobrance<\/figcaption><\/figure>\n<!-- \/wp:image -->\n\n<!-- wp:tadv\/classic-paragraph -->\n<p style=\"text-align: justify;\">Prejdime len k\u00fasok od Michaloviec a od v\u00fdtvarn\u00e9ho umenia k\u00a0hudobn\u00e9mu a\u00a0prijmite ponuku\u00a0 jedin\u00e9ho m\u00fazea svojho druhu - <a href=\"https:\/\/guitar.museum\/\"><strong>M\u00fazea git\u00e1r v\u00a0Sobranciach.<\/strong><\/a> N\u00e1v\u0161tevn\u00edkov oh\u00fari takmer kompletn\u00e1 zbierka asi 120-tich elektronick\u00fdch git\u00e1r z rokov 1947 \u2013 1980. Medzi najhodnotnej\u0161ie k\u00fasky patria elektrofonick\u00e9 kontrabasy, havajsk\u00e9 gitary a gitary Grazioso ocenen\u00e9 zlatou medailou na svetovej v\u00fdstave EXPO 58 v Bruseli. Tieto modely pou\u017e\u00edvali i George Harrison, Jimmy Page \u010di Eric Clapton.<\/p>\n<p style=\"text-align: justify;\">Niektor\u00e9 gitary podaroval m\u00fazeu Petr Janda z\u00a0Olympicu, Ma\u0165o \u010eurinda z Tublatanky a in\u00e9 osobnosti slovenskej hudobnej sc\u00e9ny. Mimochodom, okrem git\u00e1r si poriadne obzrite dobov\u00e9 zosil\u0148ova\u010de a s\u00fa\u010das\u0165ou st\u00e1lej expoz\u00edcie je tie\u017e rozsiahly obrazov\u00fd materi\u00e1l. Expoz\u00edciu dop\u013a\u0148aj\u00fa star\u00e9 r\u00e1di\u00e1, telev\u00edzory, zosil\u0148ova\u010de. Zvl\u00e1\u0161tnos\u0165ou v zbierke je expoz\u00edcia troch prv\u00fdch elektrofonick\u00fdch kontrabasov.\u00a0Niektor\u00e9 z vystaven\u00fdch expon\u00e1tov je mo\u017en\u00e9 si aj na\u017eivo vysk\u00fa\u0161a\u0165. V s\u00fa\u010dasnosti m\u00fazeum obsahuje viac ako 1000 expon\u00e1tov. Za pozornos\u0165 ur\u010dite stoj\u00ed pre men\u0161\u00edch n\u00e1v\u0161tevn\u00edkov napr\u00edklad gitara v tvare coca-coly \u010di gitary z plastu.<\/p>\n<!-- \/wp:tadv\/classic-paragraph -->\n\n<!-- wp:image {\"id\":7531,\"sizeSlug\":\"large\",\"linkDestination\":\"none\"} -->\n<figure class=\"wp-block-image size-large\"><img src=\"https:\/\/www.kosiceregion.com\/wp-content\/uploads\/2021\/09\/gitarove-muzeum-foto-1024x683.jpg\" alt=\"\" class=\"wp-image-7531\"\/><figcaption class=\"wp-element-caption\">Gitarov\u00e9 m\u00fazeum, Sobrance<\/figcaption><\/figure>\n<!-- \/wp:image -->\n\n<!-- wp:tadv\/classic-paragraph -->\n<p style=\"text-align: justify;\">Milovn\u00edkov pr\u00edrody l\u00e1kaj\u00fa v\u00a0bl\u00edzkom okol\u00ed najm\u00e4 <a href=\"https:\/\/www.kosiceregion.com\/sk\/poi\/naucny-chodnik-vtacim-rajom\/\">vz\u00e1cne <strong>Senianske rybn\u00edky<\/strong><\/a>, in\u00e1\u010d Senn\u00e9 rybn\u00edky alebo Rybni\u010dn\u00e1 s\u00fastava Senn\u00e9-I\u0148a\u010dovce, ktor\u00e9 s\u00fa <a href=\"https:\/\/sk.wikipedia.org\/wiki\/N%C3%A1rodn%C3%A1_pr%C3%ADrodn%C3%A1_rezerv%C3%A1cia\">n\u00e1rodnou pr\u00edrodnou rezerv\u00e1ci<\/a>ou. Je to jedna z\u00a0najv\u00fdznamnej\u0161\u00edch <a href=\"https:\/\/sk.wikipedia.org\/wiki\/Ornitol%C3%B3gia\">ornitologick\u00fdch<\/a> lokal\u00edt v strednej Eur\u00f3pe. Svoj\u00edm vedeck\u00fdm a ochran\u00e1rskym v\u00fdznamom nadobudla medzin\u00e1rodn\u00fd charakter, preto Senianske rybn\u00edky l\u00e1kaj\u00fa milovn\u00edkov pr\u00edrody aj ornitol\u00f3gov nielen z cel\u00e9ho Slovenska, ale aj z Eur\u00f3py.<\/p>\n<p style=\"text-align: justify;\">Aj vo\u013en\u00fdm okom sa tu d\u00e1 spozorova\u0165 mno\u017estvo r\u00f4znych druhov div\u00fdch ka\u010d\u00edc, hus\u00ed, pot\u00e1pok, \u010dajok, ryb\u00e1rikov, c\u00edbikov, volaviek a mnoho in\u00fdch. <a href=\"https:\/\/www.kosiceregion.com\/sk\/poi\/naucny-chodnik-vtacim-rajom\/\">Tento<strong> \u201evt\u00e1\u010d\u00ed raj\u201c<\/strong><\/a> medzin\u00e1rodn\u00e9ho v\u00fdznamu zaber\u00e1 plochu 1490 ha. Hlavn\u00fdmi chovan\u00fdmi druhmi r\u00fdb s\u00fa tu kapor, amur, tolstolobik, sumec, \u0161\u0165uka a in\u00e9. Vo vy\u010dlenen\u00fdch rybn\u00edkoch si pr\u00eddu na svoje aj milovn\u00edci \u0161portov\u00e9ho a rekrea\u010dn\u00e9ho rybolovu.<\/p>\n<!-- \/wp:tadv\/classic-paragraph -->\n\n<!-- wp:image {\"id\":7532,\"sizeSlug\":\"large\",\"linkDestination\":\"none\"} -->\n<figure class=\"wp-block-image size-large\"><img src=\"https:\/\/www.kosiceregion.com\/wp-content\/uploads\/2021\/09\/KP_0223-1024x683.jpg\" alt=\"\" class=\"wp-image-7532\"\/><\/figure>\n<!-- \/wp:image -->\n\n<!-- wp:heading -->\n<h2 class=\"wp-block-heading\" id=\"h-jednodnovy-vylet-do-vtacieho-raja\">Jednod\u0148ov\u00fd v\u00fdlet do Vt\u00e1\u010dieho raja<\/h2>\n<!-- \/wp:heading -->\n\n<!-- wp:tadv\/classic-paragraph -->\n<p style=\"text-align: justify;\">Tohtoro\u010dn\u00fa v\u00fdletn\u00fa sez\u00f3nu tradi\u010dne otvor\u00edme potulkami preb\u00fadzaj\u00facou sa pr\u00edrodou Doln\u00e9ho Zempl\u00edna. <a href=\"https:\/\/vylety.kosiceregion.com\/vylety\/vylet-do-vtacieho-raja-3\/\">Nav\u0161t\u00edvime raj vz\u00e1cneho vt\u00e1ctva v okol\u00ed Senianskych rybn\u00edkov v spolo\u010dnosti sk\u00fasen\u00e9ho odborn\u00edka \u2013 ornitol\u00f3ga<\/a>, n\u00e1sledne lu\u017en\u00e9 lesy Chr\u00e1nenej krajinnej oblasti Latorica a Vodn\u00fa z\u00e1\u017eitkov\u00fa cestu v Obor\u00edne. V\u00a0Trebi\u0161ove nav\u0161t\u00edvime m\u00fazeum \u2013 Ka\u0161tie\u013e Andr\u00e1ssyovcov, kde si pozrieme st\u00e1le expoz\u00edcie aj prebiehaj\u00face v\u00fdstavy.<\/p>\n<p>Ide o jednod\u0148ov\u00fd autobusov\u00fd v\u00fdlet, ktor\u00fd sa uskuto\u010dn\u00ed 18.4. Po\u010det miest je v\u0161ak obmedzen\u00fd a l\u00edstky sa r\u00fdchlo m\u00ed\u0148aj\u00fa. Ak si teda chce\u0161 zaisti\u0165 miesto pre seba, rodinku \u010di kamo\u0161ov, zamier do n\u00e1\u0161ho <a href=\"https:\/\/org.kosiceregion.com\/informacny-bod\/\">Region\u00e1lneho informa\u010dn\u00e9ho bodu na Hlavnej 48 v Ko\u0161iciach<\/a>.<\/p>\n<p style=\"text-align: center;\"><strong>Viac inform\u00e1ci\u00ed o v\u00fdlete sa dozvie\u0161 na: <a href=\"https:\/\/vylety.kosiceregion.com\/vylety\/vylet-do-vtacieho-raja-3\/\">vylety.kosiceregion.com<\/a><\/strong><\/p>\n<!-- \/wp:tadv\/classic-paragraph -->\n\n<!-- wp:image {\"id\":7533,\"sizeSlug\":\"large\",\"linkDestination\":\"none\"} -->\n<figure class=\"wp-block-image size-large\"><img src=\"https:\/\/www.kosiceregion.com\/wp-content\/uploads\/2021\/09\/KP_0235-1024x683.jpg\" alt=\"\" class=\"wp-image-7533\"\/><\/figure>\n<!-- \/wp:image -->\n\n<!-- wp:heading -->\n<h2 class=\"wp-block-heading\" id=\"h-tipy-na-vylety-v-okoli\">Tipy na v\u00fdlety v okol\u00ed<\/h2>\n<!-- \/wp:heading -->\n\n<!-- wp:tadv\/classic-paragraph -->\n<p style=\"text-align: justify;\">Ke\u010f ste u\u017e zav\u00edtali na Zempl\u00edn, m\u00f4\u017eete nav\u0161t\u00edvi\u0165 aj \u010fal\u0161ie pozoruhodn\u00e9 miesta pr\u00edrody, ako je <strong>Jovsianska hrabina<\/strong>, ktor\u00e1 pon\u00faka doslova strhuj\u00face pr\u00edrodn\u00e9 divadlo, a\u00a0z\u00e1\u017eitok, na ktor\u00fd sa len tak \u013eahko nezabudne. Predstavenie hraj\u00fa bledule, tento kvet tu m\u00e1 svoju najpo\u010detnej\u0161iu popul\u00e1ciu na celom Slovensku. Nesk\u00f4r hraj\u00fa farbami \u010fal\u0161ie vz\u00e1cne kvety \u2013 veternica h\u00e1jna, scila dvojlist\u00e1 \u010di z\u00e1ru\u017elie mo\u010diarne. Ale pozor, pokuta za odtrhnutie jednej bledule je okolo 50e. Tie sa v\u00e1m z\u00eddu rad\u0161ej na bl\u00edzkej Zempl\u00ednskej \u0161\u00edrave. A\u00a0ur\u010dite v\u00e1s zaujme aj v\u00fdstavn\u00fd <strong>barokovo-klasicistick\u00fd ka\u0161tie\u013e<\/strong> v srdci Zempl\u00edna - v\u00a0Michalovciach \u010di <strong>michalovsk\u00e1 hvezd\u00e1re\u0148.<\/strong><\/p>\n<!-- \/wp:tadv\/classic-paragraph -->\n\n<!-- wp:tadv\/classic-paragraph -->\n<p><!--more--><\/p>\n<!-- \/wp:tadv\/classic-paragraph -->","_sk_post_name":"jarne-tipy-na-nezabudnutelne-vylety-objav-vtaci-raj","_sk_post_excerpt":"","_sk_post_title":"Jarn\u00e9 tipy na nezabudnute\u013en\u00e9 v\u00fdlety: Objav Vt\u00e1\u010d\u00ed raj, vydaj sa po stop\u00e1ch rebelsk\u00e9ho gr\u00f3fa a nasaj \u010derstv\u00fd vzduch","_en_post_content":"","_en_post_name":"","_en_post_excerpt":"","_en_post_title":"","_hu_post_content":"","_hu_post_name":"","_hu_post_excerpt":"","_hu_post_title":"","_es_post_content":"","_es_post_name":"","_es_post_excerpt":"","_es_post_title":"","_de_post_content":"","_de_post_name":"","_de_post_excerpt":"","_de_post_title":"","_pl_post_content":"","_pl_post_name":"","_pl_post_excerpt":"","_pl_post_title":"","_it_post_content":"","_it_post_name":"","_it_post_excerpt":"","_it_post_title":"","edit_language":"it","footnotes":""},"categories":[22,21],"tags":[461,931,439,290,284,686,254,150,260,128,141],"class_list":["post-7526","post","type-post","status-publish","format-standard","has-post-thumbnail","hentry","category-get-inspired","category-theme","tag-gitarove-muzeum","tag-jarne-vylety","tag-kastiel-borsa","tag-kosicky-kraj","tag-kosicky-svetovy-kraj","tag-priroda","tag-senianske-rybniky","tag-sobrance","tag-tip-na-vylet","tag-vylet","tag-zemplin"],"acf":[],"yoast_head":"<!-- This site is optimized with the Yoast SEO Premium plugin v25.5 (Yoast SEO v27.4) - https:\/\/yoast.com\/product\/yoast-seo-premium-wordpress\/ -->\n<title>Ko\u0161ice Regi\u00f3n<\/title>\n<meta name=\"description\" content=\"Nielen pr\u00edroda a\u00a0dobr\u00e9 v\u00edno je l\u00e1kadlom pre turistov Zempl\u00edna. Tento regi\u00f3n m\u00e1 \u010do pon\u00faknu\u0165 v\u00a0ka\u017edej oblasti a\u00a0v\u00a0ka\u017edom po\u010das\u00ed. Hoci je neodmyslite\u013enou letnou destin\u00e1ciou zameranou na vodn\u00e9 \u0161porty a akt\u00edvny oddych, na \u00fazem\u00ed\u2026\" \/>\n<meta name=\"robots\" content=\"index, follow, max-snippet:-1, max-image-preview:large, max-video-preview:-1\" \/>\n<link rel=\"canonical\" href=\"https:\/\/www.kosiceregion.com\/sk\/jarne-tipy-na-nezabudnutelne-vylety-objav-vtaci-raj\/\" \/>\n<meta property=\"og:locale\" content=\"it_IT\" \/>\n<meta property=\"og:type\" content=\"article\" \/>\n<meta property=\"og:title\" content=\"Jarn\u00e9 tipy na nezabudnute\u013en\u00e9 v\u00fdlety: Objav Vt\u00e1\u010d\u00ed raj, vydaj sa po stop\u00e1ch rebelsk\u00e9ho gr\u00f3fa a nasaj \u010derstv\u00fd vzduch\" \/>\n<meta property=\"og:description\" content=\"Jarn\u00e9 tipy na nezabudnute\u013en\u00e9 v\u00fdlety: Objav Vt\u00e1\u010d\u00ed raj, vydaj sa po stop\u00e1ch rebelsk\u00e9ho gr\u00f3fa a nasaj \u010derstv\u00fd vzduch\" \/>\n<meta property=\"og:url\" content=\"https:\/\/www.kosiceregion.com\/it\/wp-json\/wp\/v2\/posts\/7526\" \/>\n<meta property=\"og:site_name\" content=\"Ko\u0161ice Regi\u00f3n\" \/>\n<meta property=\"article:publisher\" content=\"https:\/\/www.facebook.com\/kosiceregion\" \/>\n<meta property=\"article:published_time\" content=\"2026-03-19T07:29:20+00:00\" \/>\n<meta property=\"article:modified_time\" content=\"2026-03-19T07:29:21+00:00\" \/>\n<meta property=\"og:image\" content=\"https:\/\/www.kosiceregion.com\/wp-content\/uploads\/2021\/09\/KP_0235-1536x1024-1.jpg\" \/>\n\t<meta property=\"og:image:width\" content=\"1536\" \/>\n\t<meta property=\"og:image:height\" content=\"1024\" \/>\n\t<meta property=\"og:image:type\" content=\"image\/jpeg\" \/>\n<meta name=\"author\" content=\"Attila T\u00f6r\u00f6k\" \/>\n<meta name=\"twitter:card\" content=\"summary_large_image\" \/>\n<meta name=\"twitter:creator\" content=\"@KOSICEREGION\" \/>\n<meta name=\"twitter:site\" content=\"@KOSICEREGION\" \/>\n<meta name=\"twitter:label1\" content=\"Scritto da\" \/>\n\t<meta name=\"twitter:data1\" content=\"Attila T\u00f6r\u00f6k\" \/>\n\t<meta name=\"twitter:label2\" content=\"Tempo di lettura stimato\" \/>\n\t<meta name=\"twitter:data2\" content=\"6 minutes\" \/>\n<script type=\"application\/ld+json\" class=\"yoast-schema-graph\">{\"@context\":\"https:\\\/\\\/schema.org\",\"@graph\":[{\"@type\":\"Article\",\"@id\":\"https:\\\/\\\/www.kosiceregion.com\\\/sk\\\/jarne-tipy-na-nezabudnutelne-vylety-objav-vtaci-raj\\\/#article\",\"isPartOf\":{\"@id\":\"https:\\\/\\\/www.kosiceregion.com\\\/sk\\\/jarne-tipy-na-nezabudnutelne-vylety-objav-vtaci-raj\\\/\"},\"author\":{\"name\":\"Attila T\u00f6r\u00f6k\",\"@id\":\"https:\\\/\\\/www.kosiceregion.com\\\/#\\\/schema\\\/person\\\/c165be3d928462a4f7283533e3fa9f87\"},\"headline\":\"Jarn\u00e9 tipy na nezabudnute\u013en\u00e9 v\u00fdlety: Objav Vt\u00e1\u010d\u00ed raj, vydaj sa po stop\u00e1ch rebelsk\u00e9ho gr\u00f3fa a nasaj \u010derstv\u00fd vzduch\",\"datePublished\":\"2026-03-19T07:29:20+00:00\",\"dateModified\":\"2026-03-19T07:29:21+00:00\",\"mainEntityOfPage\":{\"@id\":\"https:\\\/\\\/www.kosiceregion.com\\\/sk\\\/jarne-tipy-na-nezabudnutelne-vylety-objav-vtaci-raj\\\/\"},\"wordCount\":1023,\"publisher\":{\"@id\":\"https:\\\/\\\/www.kosiceregion.com\\\/#organization\"},\"image\":{\"@id\":\"https:\\\/\\\/www.kosiceregion.com\\\/sk\\\/jarne-tipy-na-nezabudnutelne-vylety-objav-vtaci-raj\\\/#primaryimage\"},\"thumbnailUrl\":\"https:\\\/\\\/www.kosiceregion.com\\\/wp-content\\\/uploads\\\/2021\\\/09\\\/KP_0235-1536x1024-1.jpg\",\"keywords\":[\"gitarove muzeum\",\"jarn\u00e9 v\u00fdlety\",\"ka\u0161tie\u013e bor\u0161a\",\"Ko\u0161ick\u00fd kraj\",\"ko\u0161ick\u00fd svetov\u00fd kraj\",\"pr\u00edroda\",\"senianske rybn\u00edky\",\"Sobrance\",\"tip na v\u00fdlet\",\"v\u00fdlet\",\"Zempl\u00edn\"],\"articleSection\":[\"In\u0161piruj sa\",\"T\u00e9my\"],\"inLanguage\":\"it-IT\"},{\"@type\":\"WebPage\",\"@id\":\"https:\\\/\\\/www.kosiceregion.com\\\/sk\\\/jarne-tipy-na-nezabudnutelne-vylety-objav-vtaci-raj\\\/\",\"url\":\"https:\\\/\\\/www.kosiceregion.com\\\/sk\\\/jarne-tipy-na-nezabudnutelne-vylety-objav-vtaci-raj\\\/\",\"name\":\"Jarn\u00e9 tipy na nezabudnute\u013en\u00e9 v\u00fdlety: Objav Vt\u00e1\u010d\u00ed raj\",\"isPartOf\":{\"@id\":\"https:\\\/\\\/www.kosiceregion.com\\\/#website\"},\"primaryImageOfPage\":{\"@id\":\"https:\\\/\\\/www.kosiceregion.com\\\/sk\\\/jarne-tipy-na-nezabudnutelne-vylety-objav-vtaci-raj\\\/#primaryimage\"},\"image\":{\"@id\":\"https:\\\/\\\/www.kosiceregion.com\\\/sk\\\/jarne-tipy-na-nezabudnutelne-vylety-objav-vtaci-raj\\\/#primaryimage\"},\"thumbnailUrl\":\"https:\\\/\\\/www.kosiceregion.com\\\/wp-content\\\/uploads\\\/2021\\\/09\\\/KP_0235-1536x1024-1.jpg\",\"datePublished\":\"2026-03-19T07:29:20+00:00\",\"dateModified\":\"2026-03-19T07:29:21+00:00\",\"description\":\"Jarn\u00e9 tipy na nezabudnute\u013en\u00e9 v\u00fdlety: Objav Vt\u00e1\u010d\u00ed raj, vydaj sa po stop\u00e1ch rebelsk\u00e9ho gr\u00f3fa a nasaj \u010derstv\u00fd vzduch\",\"breadcrumb\":{\"@id\":\"https:\\\/\\\/www.kosiceregion.com\\\/sk\\\/jarne-tipy-na-nezabudnutelne-vylety-objav-vtaci-raj\\\/#breadcrumb\"},\"inLanguage\":\"it-IT\",\"potentialAction\":[{\"@type\":\"ReadAction\",\"target\":[\"https:\\\/\\\/www.kosiceregion.com\\\/sk\\\/jarne-tipy-na-nezabudnutelne-vylety-objav-vtaci-raj\\\/\"]}]},{\"@type\":\"ImageObject\",\"inLanguage\":\"it-IT\",\"@id\":\"https:\\\/\\\/www.kosiceregion.com\\\/sk\\\/jarne-tipy-na-nezabudnutelne-vylety-objav-vtaci-raj\\\/#primaryimage\",\"url\":\"https:\\\/\\\/www.kosiceregion.com\\\/wp-content\\\/uploads\\\/2021\\\/09\\\/KP_0235-1536x1024-1.jpg\",\"contentUrl\":\"https:\\\/\\\/www.kosiceregion.com\\\/wp-content\\\/uploads\\\/2021\\\/09\\\/KP_0235-1536x1024-1.jpg\",\"width\":1536,\"height\":1024,\"caption\":\"Jarn\u00e9 tipy na nezabudnute\u013en\u00e9 v\u00fdlety: Objav Vt\u00e1\u010d\u00ed raj, vydaj sa po stop\u00e1ch rebelsk\u00e9ho gr\u00f3fa a nasaj \u010derstv\u00fd vzduch\"},{\"@type\":\"BreadcrumbList\",\"@id\":\"https:\\\/\\\/www.kosiceregion.com\\\/sk\\\/jarne-tipy-na-nezabudnutelne-vylety-objav-vtaci-raj\\\/#breadcrumb\",\"itemListElement\":[{\"@type\":\"ListItem\",\"position\":1,\"name\":\"Home\",\"item\":\"https:\\\/\\\/www.kosiceregion.com\\\/sk\\\/\"},{\"@type\":\"ListItem\",\"position\":2,\"name\":\"Jarn\u00e9 tipy na nezabudnute\u013en\u00e9 v\u00fdlety: Objav Vt\u00e1\u010d\u00ed raj, vydaj sa po stop\u00e1ch rebelsk\u00e9ho gr\u00f3fa a nasaj \u010derstv\u00fd vzduch\"}]},{\"@type\":\"WebSite\",\"@id\":\"https:\\\/\\\/www.kosiceregion.com\\\/#website\",\"url\":\"https:\\\/\\\/www.kosiceregion.com\\\/\",\"name\":\"Ko\u0161ice Regi\u00f3n\",\"description\":\"Turistick\u00fd sprievodca Ko\u0161ick\u00fdm krajom\",\"publisher\":{\"@id\":\"https:\\\/\\\/www.kosiceregion.com\\\/#organization\"},\"potentialAction\":[{\"@type\":\"SearchAction\",\"target\":{\"@type\":\"EntryPoint\",\"urlTemplate\":\"https:\\\/\\\/www.kosiceregion.com\\\/?s={search_term_string}\"},\"query-input\":{\"@type\":\"PropertyValueSpecification\",\"valueRequired\":true,\"valueName\":\"search_term_string\"}}],\"inLanguage\":\"it-IT\"},{\"@type\":\"Organization\",\"@id\":\"https:\\\/\\\/www.kosiceregion.com\\\/#organization\",\"name\":\"Ko\u0161ice Regi\u00f3n Turizmus\",\"url\":\"https:\\\/\\\/www.kosiceregion.com\\\/\",\"logo\":{\"@type\":\"ImageObject\",\"inLanguage\":\"it-IT\",\"@id\":\"https:\\\/\\\/www.kosiceregion.com\\\/#\\\/schema\\\/logo\\\/image\\\/\",\"url\":\"https:\\\/\\\/www.kosiceregion.com\\\/wp-content\\\/uploads\\\/2019\\\/03\\\/logo-web-sk.png\",\"contentUrl\":\"https:\\\/\\\/www.kosiceregion.com\\\/wp-content\\\/uploads\\\/2019\\\/03\\\/logo-web-sk.png\",\"width\":225,\"height\":100,\"caption\":\"Ko\u0161ice Regi\u00f3n Turizmus\"},\"image\":{\"@id\":\"https:\\\/\\\/www.kosiceregion.com\\\/#\\\/schema\\\/logo\\\/image\\\/\"},\"sameAs\":[\"https:\\\/\\\/www.facebook.com\\\/kosiceregion\",\"https:\\\/\\\/x.com\\\/KOSICEREGION\",\"https:\\\/\\\/www.instagram.com\\\/kosiceregion\",\"https:\\\/\\\/www.youtube.com\\\/kosiceregion\"]},{\"@type\":\"Person\",\"@id\":\"https:\\\/\\\/www.kosiceregion.com\\\/#\\\/schema\\\/person\\\/c165be3d928462a4f7283533e3fa9f87\",\"name\":\"Attila T\u00f6r\u00f6k\",\"image\":{\"@type\":\"ImageObject\",\"inLanguage\":\"it-IT\",\"@id\":\"https:\\\/\\\/secure.gravatar.com\\\/avatar\\\/7536520a24f54162948fc01f9d450948fd7df6ba020d0e39b69d3dcb7e39ee10?s=96&d=mm&r=g\",\"url\":\"https:\\\/\\\/secure.gravatar.com\\\/avatar\\\/7536520a24f54162948fc01f9d450948fd7df6ba020d0e39b69d3dcb7e39ee10?s=96&d=mm&r=g\",\"contentUrl\":\"https:\\\/\\\/secure.gravatar.com\\\/avatar\\\/7536520a24f54162948fc01f9d450948fd7df6ba020d0e39b69d3dcb7e39ee10?s=96&d=mm&r=g\",\"caption\":\"Attila T\u00f6r\u00f6k\"}}]}<\/script>\n<!-- \/ Yoast SEO Premium plugin. -->","yoast_head_json":{"title":"Ko\u0161ice Regi\u00f3n","description":"Nielen pr\u00edroda a\u00a0dobr\u00e9 v\u00edno je l\u00e1kadlom pre turistov Zempl\u00edna. Tento regi\u00f3n m\u00e1 \u010do pon\u00faknu\u0165 v\u00a0ka\u017edej oblasti a\u00a0v\u00a0ka\u017edom po\u010das\u00ed. Hoci je neodmyslite\u013enou letnou destin\u00e1ciou zameranou na vodn\u00e9 \u0161porty a akt\u00edvny oddych, na \u00fazem\u00ed\u2026","robots":{"index":"index","follow":"follow","max-snippet":"max-snippet:-1","max-image-preview":"max-image-preview:large","max-video-preview":"max-video-preview:-1"},"canonical":"https:\/\/www.kosiceregion.com\/sk\/jarne-tipy-na-nezabudnutelne-vylety-objav-vtaci-raj\/","og_locale":"it_IT","og_type":"article","og_title":"Jarn\u00e9 tipy na nezabudnute\u013en\u00e9 v\u00fdlety: Objav Vt\u00e1\u010d\u00ed raj, vydaj sa po stop\u00e1ch rebelsk\u00e9ho gr\u00f3fa a nasaj \u010derstv\u00fd vzduch","og_description":"Jarn\u00e9 tipy na nezabudnute\u013en\u00e9 v\u00fdlety: Objav Vt\u00e1\u010d\u00ed raj, vydaj sa po stop\u00e1ch rebelsk\u00e9ho gr\u00f3fa a nasaj \u010derstv\u00fd vzduch","og_url":"https:\/\/www.kosiceregion.com\/it\/wp-json\/wp\/v2\/posts\/7526","og_site_name":"Ko\u0161ice Regi\u00f3n","article_publisher":"https:\/\/www.facebook.com\/kosiceregion","article_published_time":"2026-03-19T07:29:20+00:00","article_modified_time":"2026-03-19T07:29:21+00:00","og_image":[{"width":1536,"height":1024,"url":"https:\/\/www.kosiceregion.com\/wp-content\/uploads\/2021\/09\/KP_0235-1536x1024-1.jpg","type":"image\/jpeg"}],"author":"Attila T\u00f6r\u00f6k","twitter_card":"summary_large_image","twitter_creator":"@KOSICEREGION","twitter_site":"@KOSICEREGION","twitter_misc":{"Scritto da":"Attila T\u00f6r\u00f6k","Tempo di lettura stimato":"6 minutes"},"schema":{"@context":"https:\/\/schema.org","@graph":[{"@type":"Article","@id":"https:\/\/www.kosiceregion.com\/sk\/jarne-tipy-na-nezabudnutelne-vylety-objav-vtaci-raj\/#article","isPartOf":{"@id":"https:\/\/www.kosiceregion.com\/sk\/jarne-tipy-na-nezabudnutelne-vylety-objav-vtaci-raj\/"},"author":{"name":"Attila T\u00f6r\u00f6k","@id":"https:\/\/www.kosiceregion.com\/#\/schema\/person\/c165be3d928462a4f7283533e3fa9f87"},"headline":"Jarn\u00e9 tipy na nezabudnute\u013en\u00e9 v\u00fdlety: Objav Vt\u00e1\u010d\u00ed raj, vydaj sa po stop\u00e1ch rebelsk\u00e9ho gr\u00f3fa a nasaj \u010derstv\u00fd vzduch","datePublished":"2026-03-19T07:29:20+00:00","dateModified":"2026-03-19T07:29:21+00:00","mainEntityOfPage":{"@id":"https:\/\/www.kosiceregion.com\/sk\/jarne-tipy-na-nezabudnutelne-vylety-objav-vtaci-raj\/"},"wordCount":1023,"publisher":{"@id":"https:\/\/www.kosiceregion.com\/#organization"},"image":{"@id":"https:\/\/www.kosiceregion.com\/sk\/jarne-tipy-na-nezabudnutelne-vylety-objav-vtaci-raj\/#primaryimage"},"thumbnailUrl":"https:\/\/www.kosiceregion.com\/wp-content\/uploads\/2021\/09\/KP_0235-1536x1024-1.jpg","keywords":["gitarove muzeum","jarn\u00e9 v\u00fdlety","ka\u0161tie\u013e bor\u0161a","Ko\u0161ick\u00fd kraj","ko\u0161ick\u00fd svetov\u00fd kraj","pr\u00edroda","senianske rybn\u00edky","Sobrance","tip na v\u00fdlet","v\u00fdlet","Zempl\u00edn"],"articleSection":["In\u0161piruj sa","T\u00e9my"],"inLanguage":"it-IT"},{"@type":"WebPage","@id":"https:\/\/www.kosiceregion.com\/sk\/jarne-tipy-na-nezabudnutelne-vylety-objav-vtaci-raj\/","url":"https:\/\/www.kosiceregion.com\/sk\/jarne-tipy-na-nezabudnutelne-vylety-objav-vtaci-raj\/","name":"Jarn\u00e9 tipy na nezabudnute\u013en\u00e9 v\u00fdlety: Objav Vt\u00e1\u010d\u00ed raj","isPartOf":{"@id":"https:\/\/www.kosiceregion.com\/#website"},"primaryImageOfPage":{"@id":"https:\/\/www.kosiceregion.com\/sk\/jarne-tipy-na-nezabudnutelne-vylety-objav-vtaci-raj\/#primaryimage"},"image":{"@id":"https:\/\/www.kosiceregion.com\/sk\/jarne-tipy-na-nezabudnutelne-vylety-objav-vtaci-raj\/#primaryimage"},"thumbnailUrl":"https:\/\/www.kosiceregion.com\/wp-content\/uploads\/2021\/09\/KP_0235-1536x1024-1.jpg","datePublished":"2026-03-19T07:29:20+00:00","dateModified":"2026-03-19T07:29:21+00:00","description":"Jarn\u00e9 tipy na nezabudnute\u013en\u00e9 v\u00fdlety: Objav Vt\u00e1\u010d\u00ed raj, vydaj sa po stop\u00e1ch rebelsk\u00e9ho gr\u00f3fa a nasaj \u010derstv\u00fd vzduch","breadcrumb":{"@id":"https:\/\/www.kosiceregion.com\/sk\/jarne-tipy-na-nezabudnutelne-vylety-objav-vtaci-raj\/#breadcrumb"},"inLanguage":"it-IT","potentialAction":[{"@type":"ReadAction","target":["https:\/\/www.kosiceregion.com\/sk\/jarne-tipy-na-nezabudnutelne-vylety-objav-vtaci-raj\/"]}]},{"@type":"ImageObject","inLanguage":"it-IT","@id":"https:\/\/www.kosiceregion.com\/sk\/jarne-tipy-na-nezabudnutelne-vylety-objav-vtaci-raj\/#primaryimage","url":"https:\/\/www.kosiceregion.com\/wp-content\/uploads\/2021\/09\/KP_0235-1536x1024-1.jpg","contentUrl":"https:\/\/www.kosiceregion.com\/wp-content\/uploads\/2021\/09\/KP_0235-1536x1024-1.jpg","width":1536,"height":1024,"caption":"Jarn\u00e9 tipy na nezabudnute\u013en\u00e9 v\u00fdlety: Objav Vt\u00e1\u010d\u00ed raj, vydaj sa po stop\u00e1ch rebelsk\u00e9ho gr\u00f3fa a nasaj \u010derstv\u00fd vzduch"},{"@type":"BreadcrumbList","@id":"https:\/\/www.kosiceregion.com\/sk\/jarne-tipy-na-nezabudnutelne-vylety-objav-vtaci-raj\/#breadcrumb","itemListElement":[{"@type":"ListItem","position":1,"name":"Home","item":"https:\/\/www.kosiceregion.com\/sk\/"},{"@type":"ListItem","position":2,"name":"Jarn\u00e9 tipy na nezabudnute\u013en\u00e9 v\u00fdlety: Objav Vt\u00e1\u010d\u00ed raj, vydaj sa po stop\u00e1ch rebelsk\u00e9ho gr\u00f3fa a nasaj \u010derstv\u00fd vzduch"}]},{"@type":"WebSite","@id":"https:\/\/www.kosiceregion.com\/#website","url":"https:\/\/www.kosiceregion.com\/","name":"Ko\u0161ice Regi\u00f3n","description":"Turistick\u00fd sprievodca Ko\u0161ick\u00fdm krajom","publisher":{"@id":"https:\/\/www.kosiceregion.com\/#organization"},"potentialAction":[{"@type":"SearchAction","target":{"@type":"EntryPoint","urlTemplate":"https:\/\/www.kosiceregion.com\/?s={search_term_string}"},"query-input":{"@type":"PropertyValueSpecification","valueRequired":true,"valueName":"search_term_string"}}],"inLanguage":"it-IT"},{"@type":"Organization","@id":"https:\/\/www.kosiceregion.com\/#organization","name":"Ko\u0161ice Regi\u00f3n Turizmus","url":"https:\/\/www.kosiceregion.com\/","logo":{"@type":"ImageObject","inLanguage":"it-IT","@id":"https:\/\/www.kosiceregion.com\/#\/schema\/logo\/image\/","url":"https:\/\/www.kosiceregion.com\/wp-content\/uploads\/2019\/03\/logo-web-sk.png","contentUrl":"https:\/\/www.kosiceregion.com\/wp-content\/uploads\/2019\/03\/logo-web-sk.png","width":225,"height":100,"caption":"Ko\u0161ice Regi\u00f3n Turizmus"},"image":{"@id":"https:\/\/www.kosiceregion.com\/#\/schema\/logo\/image\/"},"sameAs":["https:\/\/www.facebook.com\/kosiceregion","https:\/\/x.com\/KOSICEREGION","https:\/\/www.instagram.com\/kosiceregion","https:\/\/www.youtube.com\/kosiceregion"]},{"@type":"Person","@id":"https:\/\/www.kosiceregion.com\/#\/schema\/person\/c165be3d928462a4f7283533e3fa9f87","name":"Attila T\u00f6r\u00f6k","image":{"@type":"ImageObject","inLanguage":"it-IT","@id":"https:\/\/secure.gravatar.com\/avatar\/7536520a24f54162948fc01f9d450948fd7df6ba020d0e39b69d3dcb7e39ee10?s=96&d=mm&r=g","url":"https:\/\/secure.gravatar.com\/avatar\/7536520a24f54162948fc01f9d450948fd7df6ba020d0e39b69d3dcb7e39ee10?s=96&d=mm&r=g","contentUrl":"https:\/\/secure.gravatar.com\/avatar\/7536520a24f54162948fc01f9d450948fd7df6ba020d0e39b69d3dcb7e39ee10?s=96&d=mm&r=g","caption":"Attila T\u00f6r\u00f6k"}}]}},"_links":{"self":[{"href":"https:\/\/www.kosiceregion.com\/it\/wp-json\/wp\/v2\/posts\/7526","targetHints":{"allow":["GET"]}}],"collection":[{"href":"https:\/\/www.kosiceregion.com\/it\/wp-json\/wp\/v2\/posts"}],"about":[{"href":"https:\/\/www.kosiceregion.com\/it\/wp-json\/wp\/v2\/types\/post"}],"author":[{"embeddable":true,"href":"https:\/\/www.kosiceregion.com\/it\/wp-json\/wp\/v2\/users\/10"}],"replies":[{"embeddable":true,"href":"https:\/\/www.kosiceregion.com\/it\/wp-json\/wp\/v2\/comments?post=7526"}],"version-history":[{"count":4,"href":"https:\/\/www.kosiceregion.com\/it\/wp-json\/wp\/v2\/posts\/7526\/revisions"}],"predecessor-version":[{"id":16345,"href":"https:\/\/www.kosiceregion.com\/it\/wp-json\/wp\/v2\/posts\/7526\/revisions\/16345"}],"wp:featuredmedia":[{"embeddable":true,"href":"https:\/\/www.kosiceregion.com\/it\/wp-json\/wp\/v2\/media\/16344"}],"wp:attachment":[{"href":"https:\/\/www.kosiceregion.com\/it\/wp-json\/wp\/v2\/media?parent=7526"}],"wp:term":[{"taxonomy":"category","embeddable":true,"href":"https:\/\/www.kosiceregion.com\/it\/wp-json\/wp\/v2\/categories?post=7526"},{"taxonomy":"post_tag","embeddable":true,"href":"https:\/\/www.kosiceregion.com\/it\/wp-json\/wp\/v2\/tags?post=7526"}],"curies":[{"name":"wp","href":"https:\/\/api.w.org\/{rel}","templated":true}]}}