{"id":10711,"date":"2023-06-19T11:03:22","date_gmt":"2023-06-19T09:03:22","guid":{"rendered":"https:\/\/www.kosiceregion.com\/sk\/?p=10711"},"modified":"2023-06-19T13:08:25","modified_gmt":"2023-06-19T11:08:25","slug":"","status":"publish","type":"post","link":"https:\/\/www.kosiceregion.com\/pl\/mineralny-pramen-forras-ladmovce\/","title":{"rendered":"","raw":""},"content":{"rendered":"","protected":false,"raw":""},"excerpt":{"rendered":"","protected":false,"raw":""},"author":15,"featured_media":10713,"comment_status":"closed","ping_status":"closed","sticky":false,"template":"","format":"standard","meta":{"_acf_changed":false,"_sk_post_content":"<!-- wp:heading -->\n<h2>Ambas\u00e1dori Kraja sveta: Na cest\u00e1ch s Nikou   <\/h2>\n<!-- \/wp:heading -->\n\n<!-- wp:paragraph -->\n<p>Pre niekoho je prech\u00e1dzka za v\u00fdznamn\u00fdm miner\u00e1lnym prame\u0148om ka\u017edodenn\u00e1 z\u00e1le\u017eitos\u0165, pre niekoho, ako som ja, je to pr\u00edjemn\u00e9 spoznanie bohatstva, ktor\u00e9 nielen osvie\u017ei, ale predov\u0161etk\u00fdm lie\u010di. Miner\u00e1lny prame\u0148, po ma\u010farsky Forr\u00e1s, objav\u00edte za dedinou Ladmovce. <\/p>\n<!-- \/wp:paragraph -->\n\n<!-- wp:heading -->\n<h2> Inform\u00e1cie o trase a lokalite <\/h2>\n<!-- \/wp:heading -->\n\n<!-- wp:tadv\/classic-paragraph -->\n<table class=\" aligncenter\" style=\"height: 409px; width: 72.8588%; border-collapse: collapse;\">\n<tbody>\n<tr style=\"height: 216px;\">\n<td style=\"width: 23.8562%; height: 210px;\"><img class=\"size-full wp-image-5997 aligncenter\" src=\"https:\/\/www.kosiceregion.com\/wp-content\/uploads\/2021\/05\/Icon_black__kids.png\" alt=\"\" width=\"35\" height=\"35\"><\/td>\n<td style=\"width: 23.8562%; height: 210px;\">\n<p><strong>Vhodn\u00e9 pre deti<\/strong><\/p>\n<p>\u00c1NO<\/p>\n<\/td>\n<td style=\"width: 24.6732%; height: 210px;\"><img class=\"size-full wp-image-5998 aligncenter\" src=\"https:\/\/www.kosiceregion.com\/wp-content\/uploads\/2021\/05\/Icon_black__route.png\" alt=\"\" width=\"35\" height=\"35\"><\/td>\n<td style=\"width: 27.2876%; height: 210px;\">\n<p><strong>Zna\u010den\u00e1 trasa <\/strong><\/p>\n<p>NIE<\/p>\n<\/td>\n<\/tr>\n<tr style=\"height: 216px;\">\n<td style=\"width: 23.8562%; height: 199px;\"><img class=\"size-full wp-image-5999 aligncenter\" src=\"https:\/\/www.kosiceregion.com\/wp-content\/uploads\/2021\/05\/Icon_black__food.png\" alt=\"\" width=\"35\" height=\"35\"><\/td>\n<td style=\"width: 23.8562%; height: 199px;\">\n<p><strong>Stravovacie zariadenie<\/strong><\/p>\n<p>NIE<\/p>\n<\/td>\n<td style=\"width: 24.6732%; height: 199px;\"><img class=\"size-full wp-image-6000 aligncenter\" src=\"https:\/\/www.kosiceregion.com\/wp-content\/uploads\/2021\/05\/Icon_black__challenging.png\" alt=\"\" width=\"35\" height=\"35\"><\/td>\n<td style=\"width: 27.2876%; height: 199px;\">\n<p><strong>N\u00e1ro\u010dnos\u0165 trasy<\/strong><\/p>\n<p style=\"text-align: left;\">\u013dAHK\u00c1<\/p>\n<\/td>\n<\/tr>\n<\/tbody>\n<\/table>\n<!-- \/wp:tadv\/classic-paragraph -->\n\n<!-- wp:paragraph -->\n<p>Ide o&nbsp;n\u00edzkoterm\u00e1lnu v\u00e1penato-sodn\u00fa, chloridovo-uhli\u010dit\u00fa vodu s&nbsp;teplotou 22,2 stup\u0148ov Celzia. <\/p>\n<!-- \/wp:paragraph -->\n\n<!-- wp:image {\"id\":10712,\"sizeSlug\":\"large\",\"linkDestination\":\"none\"} -->\n<figure class=\"wp-block-image size-large\"><img src=\"https:\/\/www.kosiceregion.com\/wp-content\/uploads\/2023\/06\/Fotka-1-1024x768.jpg\" alt=\"\" class=\"wp-image-10712\"\/><\/figure>\n<!-- \/wp:image -->\n\n<!-- wp:paragraph -->\n<p>Ak patr\u00edte medzi \u013eud\u00ed, ktor\u00ed maj\u00fa probl\u00e9m do tela dosta\u0165 dostatok miner\u00e1lnych l\u00e1tok ako napr\u00edklad v\u00e1pnik, pomocou mlieka, ur\u010dite odpor\u00fa\u010dam t\u00fato miner\u00e1lnu vodu minim\u00e1lne ochutna\u0165, ke\u010f\u017ee obsahuje v\u0161etky potrebn\u00e9 l\u00e1tky. Najlep\u0161ie bude, ak sem zav\u00edtate \"vyzbrojen\u00fd\" pr\u00e1zdnymi f\u013ea\u0161ami a vodu si naberiete aj do z\u00e1soby. <span data-mce-type=\"bookmark\" id=\"mce_1_start\" data-mce-style=\"overflow:hidden;line-height:0px\" style=\"overflow:hidden;line-height:0px\"><\/span><\/p>\n<!-- \/wp:paragraph -->\n\n<!-- wp:image {\"id\":10713,\"sizeSlug\":\"large\",\"linkDestination\":\"none\"} -->\n<figure class=\"wp-block-image size-large\"><img src=\"https:\/\/www.kosiceregion.com\/wp-content\/uploads\/2023\/06\/Fotka-2-1024x768.jpg\" alt=\"\" class=\"wp-image-10713\"\/><\/figure>\n<!-- \/wp:image -->\n\n<!-- wp:paragraph -->\n<p>Pr\u00edrodn\u00e1, slabo mineralizovan\u00e1 voda v&nbsp;t\u00fdchto hor\u00fa\u010dav\u00e1ch v\u017edy padne vhod, ke\u010f\u017ee je pr\u00edjemne studen\u00e1 a&nbsp;osvie\u017euj\u00faca.&nbsp; Je taktie\u017e dostupn\u00e1 na spotrebu pre cel\u00fa verejnos\u0165 .<\/p>\n<!-- \/wp:paragraph -->\n\n<!-- wp:paragraph -->\n<p>Sama som si vodu nap\u00fa\u0161\u0165ala do f\u013ea\u0161e a&nbsp;vzala so sebou k objavovaniu&nbsp;\u010fal\u0161ej zauj\u00edmavosti v&nbsp;tejto m\u00e1lo zn\u00e1mej dedine.<\/p>\n<!-- \/wp:paragraph -->\n\n<!-- wp:image {\"id\":10714,\"sizeSlug\":\"large\",\"linkDestination\":\"none\"} -->\n<figure class=\"wp-block-image size-large\"><img src=\"https:\/\/www.kosiceregion.com\/wp-content\/uploads\/2023\/06\/Fotka-3-1024x768.jpg\" alt=\"\" class=\"wp-image-10714\"\/><\/figure>\n<!-- \/wp:image -->\n\n<!-- wp:paragraph -->\n<p>Mus\u00edm spomen\u00fa\u0165, \u017ee okolie je ve\u013emi pekne upraven\u00e9 pre cel\u00fa verejnos\u0165. Vhodn\u00e9 na oddych, doplnenie energie, a&nbsp;dokonca, \u010dere\u0161ni\u010dkou na torte je u\u017e spom\u00ednan\u00e1 pr\u00edjemne osvie\u017euj\u00faca voda.<\/p>\n<!-- \/wp:paragraph -->\n\n<!-- wp:paragraph -->\n<p>Nach\u00e1dza sa tu nieko\u013eko alt\u00e1nkov a r\u00f4zne tabule s&nbsp;vysvetlen\u00edm, ako napr. ak\u00e1 je cesta n\u00e1\u0161ho odpadu. Tak\u00e9to inform\u00e1cie, ktor\u00e9 sa s\u00fastre\u010fuj\u00fa na recykl\u00e1ciu a osvetu chv\u00e1lim a rada na ne sama upozor\u0148ujem. Preto\u017ee, ak v\u0161etci za\u010dneme so spr\u00e1vnym separovan\u00edm, m\u00f4\u017eeme dosiahnu\u0165 prostredie, ktor\u00e9 n\u00e1m bude robi\u0165 rados\u0165. Dovol\u00edm si tu spomen\u00fa\u0165 zn\u00e1my cit\u00e1t od Johna Muira:<\/p>\n<!-- \/wp:paragraph -->\n\n<!-- wp:quote -->\n<blockquote class=\"wp-block-quote\"><p><em>\u201eKe\u010f pohneme jednou jedinou vecou v pr\u00edrode, zist\u00edme, \u017ee je prepojen\u00e1 s cel\u00fdm zvy\u0161kom sveta.\u201c<\/em><\/p><p><span data-mce-type=\"bookmark\" id=\"mce_1_start\" data-mce-style=\"overflow:hidden;line-height:0px\" style=\"overflow:hidden;line-height:0px\"><\/span><\/p><\/blockquote>\n<!-- \/wp:quote -->\n\n<!-- wp:paragraph -->\n<p>Taktie\u017e je tu posed na grilovanie. Mus\u00edm uzna\u0165, \u017ee ma milo prekvapilo cel\u00e9 prostredie.<\/p>\n<!-- \/wp:paragraph -->\n\n<!-- wp:image {\"id\":10715,\"sizeSlug\":\"large\",\"linkDestination\":\"none\"} -->\n<figure class=\"wp-block-image size-large\"><img src=\"https:\/\/www.kosiceregion.com\/wp-content\/uploads\/2023\/06\/Fotka-4-1024x768.jpg\" alt=\"\" class=\"wp-image-10715\"\/><\/figure>\n<!-- \/wp:image -->\n\n<!-- wp:paragraph -->\n<p>Cestou domov sme zbadali, \u017ee dedina pon\u00faka aj in\u00fa atrakciu - <strong>Splavovanie po rieke Bodrog.<\/strong><\/p>\n<!-- \/wp:paragraph -->\n\n<!-- wp:paragraph -->\n<p>Ke\u010f si sadnete do kajaku v&nbsp;Ladmovciach, v\u00e1\u0161 splav povedie cez Bor\u0161u a\u017e po susedn\u00e9 ma\u010farsk\u00e9 mesto S\u00e1rospatak.<\/p>\n<!-- \/wp:paragraph -->\n\n<!-- wp:paragraph -->\n<p>Kajak si viete vypo\u017ei\u010da\u0165 priamo v&nbsp;dedine Ladmovce. Na tabuli n\u00e1jdete v\u0161etky potrebn\u00e9 inform\u00e1cie, &nbsp;ktor\u00e9 budete potrebova\u0165 na to, aby ste za\u017eili nov\u00e9 dobrodru\u017estvo .<\/p>\n<!-- \/wp:paragraph -->\n\n<!-- wp:image {\"id\":10716,\"sizeSlug\":\"large\",\"linkDestination\":\"none\"} -->\n<figure class=\"wp-block-image size-large\"><img src=\"https:\/\/www.kosiceregion.com\/wp-content\/uploads\/2023\/06\/Fotka-5-1024x768.jpg\" alt=\"\" class=\"wp-image-10716\"\/><\/figure>\n<!-- \/wp:image -->\n\n<!-- wp:paragraph -->\n<p>Taktie\u017e, ak patr\u00edte medzi \u013eud\u00ed, ktor\u00ed o&nbsp;tejto atrakcii nevedeli, a&nbsp;pri\u0161li nevhod oble\u010den\u00fd ako ja, tak si m\u00f4\u017eete minim\u00e1lne posedie\u0165 pri rieke Bodrog a&nbsp;u\u017ei\u0165 si okolit\u00fa pr\u00edrodu.<\/p>\n<!-- \/wp:paragraph -->\n\n<!-- wp:image {\"id\":10717,\"sizeSlug\":\"large\",\"linkDestination\":\"none\"} -->\n<figure class=\"wp-block-image size-large\"><img src=\"https:\/\/www.kosiceregion.com\/wp-content\/uploads\/2023\/06\/Fotka-6-1024x768.jpg\" alt=\"\" class=\"wp-image-10717\"\/><\/figure>\n<!-- \/wp:image -->\n\n<!-- wp:paragraph -->\n<p><\/p>\n<!-- \/wp:paragraph -->\n\n<!-- wp:heading -->\n<h2> Inform\u00e1cie o trase a lokalite <\/h2>\n<!-- \/wp:heading -->\n\n<!-- wp:tadv\/classic-paragraph -->\n<p>&nbsp;<\/p>\n<table class=\" aligncenter\" style=\"height: 409px; width: 72.8588%; border-collapse: collapse;\">\n<tbody>\n<tr style=\"height: 216px;\">\n<td style=\"width: 20%; height: 210px;\"><img class=\"aligncenter\" src=\"https:\/\/www.kosiceregion.com\/wp-content\/uploads\/2021\/05\/Icon_black__parking.png\" alt=\"\" width=\"35\" height=\"35\"><\/td>\n<td style=\"width: 20%; height: 210px;\">\n<p><strong>Parkovanie<\/strong><\/p>\n<p>\u00c1NO - priamo pri prameni<\/p>\n<\/td>\n<td style=\"width: 20.5727%; height: 210px;\"><img class=\"aligncenter\" src=\"https:\/\/www.kosiceregion.com\/wp-content\/uploads\/2021\/05\/Icon_black__bus.png\" alt=\"\" width=\"35\" height=\"35\"><\/td>\n<td style=\"width: 22.9886%; height: 210px;\">\n<p><strong>Autobusov\u00e1 zast\u00e1vka<\/strong><\/p>\n<p>NIE<\/p>\n<\/td>\n<\/tr>\n<\/tbody>\n<\/table>\n<p>&nbsp;<\/p>\n<p>&nbsp;<\/p>\n<!-- \/wp:tadv\/classic-paragraph -->\n\n<!-- wp:shortcode -->\n<iframe style=\"border:none\" src=\"https:\/\/sk.frame.mapy.cz\/s\/julotetosu\" width=\"100%\" height=\"280\" frameborder=\"0\"><\/iframe>\n<!-- \/wp:shortcode -->\n\n<!-- wp:tadv\/classic-paragraph \/-->","_sk_post_name":"mineralny-pramen-forras-ladmovce","_sk_post_excerpt":"","_sk_post_title":"Miner\u00e1lny prame\u0148 Ladmovce","_en_post_content":"","_en_post_name":"","_en_post_excerpt":"","_en_post_title":"","_hu_post_content":"","_hu_post_name":"","_hu_post_excerpt":"","_hu_post_title":"","_es_post_content":"","_es_post_name":"","_es_post_excerpt":"","_es_post_title":"","_de_post_content":"","_de_post_name":"","_de_post_excerpt":"","_de_post_title":"","_pl_post_content":"","_pl_post_name":"","_pl_post_excerpt":"","_pl_post_title":"","_it_post_content":"","_it_post_name":"","_it_post_excerpt":"","_it_post_title":"","edit_language":"pl","footnotes":""},"categories":[22],"tags":[],"class_list":["post-10711","post","type-post","status-publish","format-standard","has-post-thumbnail","hentry","category-get-inspired"],"acf":[],"yoast_head":"<!-- This site is optimized with the Yoast SEO Premium plugin v25.5 (Yoast SEO v27.4) - https:\/\/yoast.com\/product\/yoast-seo-premium-wordpress\/ -->\n<title>Ko\u0161ice Regi\u00f3n<\/title>\n<meta name=\"description\" content=\"Ambas\u00e1dori Kraja sveta: Na cest\u00e1ch s Nikou   \n\n\n\nPre niekoho je prech\u00e1dzka za v\u00fdznamn\u00fdm miner\u00e1lnym prame\u0148om ka\u017edodenn\u00e1 z\u00e1le\u017eitos\u0165, pre niekoho, ako som ja, je to pr\u00edjemn\u00e9 spoznanie bohatstva, ktor\u00e9 nielen osvie\u017ei, ale\u2026\" \/>\n<meta name=\"robots\" content=\"index, follow, max-snippet:-1, max-image-preview:large, max-video-preview:-1\" \/>\n<link rel=\"canonical\" href=\"https:\/\/www.kosiceregion.com\/sk\/mineralny-pramen-forras-ladmovce\/\" \/>\n<meta property=\"og:locale\" content=\"pl_PL\" \/>\n<meta property=\"og:type\" content=\"article\" \/>\n<meta property=\"og:title\" content=\"Miner\u00e1lny prame\u0148 Ladmovce\" \/>\n<meta property=\"og:description\" content=\"Ambas\u00e1dori Kraja sveta: Na cest\u00e1ch s Nikou Pre niekoho je prech\u00e1dzka za v\u00fdznamn\u00fdm miner\u00e1lnym prame\u0148om ka\u017edodenn\u00e1 z\u00e1le\u017eitos\u0165, pre niekoho, ako som ja, je\" \/>\n<meta property=\"og:url\" content=\"https:\/\/www.kosiceregion.com\/pl\/wp-json\/wp\/v2\/posts\/10711\" \/>\n<meta property=\"og:site_name\" content=\"Ko\u0161ice Regi\u00f3n\" \/>\n<meta property=\"article:publisher\" content=\"https:\/\/www.facebook.com\/kosiceregion\" \/>\n<meta property=\"article:published_time\" content=\"2023-06-19T09:03:22+00:00\" \/>\n<meta property=\"article:modified_time\" content=\"2023-06-19T11:08:25+00:00\" \/>\n<meta property=\"og:image\" content=\"https:\/\/www.kosiceregion.com\/wp-content\/uploads\/2023\/06\/Fotka-2-scaled.jpg\" \/>\n\t<meta property=\"og:image:width\" content=\"2560\" \/>\n\t<meta property=\"og:image:height\" content=\"1920\" \/>\n\t<meta property=\"og:image:type\" content=\"image\/jpeg\" \/>\n<meta name=\"author\" content=\"Paula Buliakov\u00e1 Tegelhof\" \/>\n<meta name=\"twitter:card\" content=\"summary_large_image\" \/>\n<meta name=\"twitter:creator\" content=\"@KOSICEREGION\" \/>\n<meta name=\"twitter:site\" content=\"@KOSICEREGION\" \/>\n<meta name=\"twitter:label1\" content=\"Napisane przez\" \/>\n\t<meta name=\"twitter:data1\" content=\"Paula Buliakov\u00e1 Tegelhof\" \/>\n\t<meta name=\"twitter:label2\" content=\"Szacowany czas czytania\" \/>\n\t<meta name=\"twitter:data2\" content=\"5 minutes\" \/>\n<script type=\"application\/ld+json\" class=\"yoast-schema-graph\">{\"@context\":\"https:\\\/\\\/schema.org\",\"@graph\":[{\"@type\":\"Article\",\"@id\":\"https:\\\/\\\/www.kosiceregion.com\\\/sk\\\/mineralny-pramen-forras-ladmovce\\\/#article\",\"isPartOf\":{\"@id\":\"https:\\\/\\\/www.kosiceregion.com\\\/sk\\\/mineralny-pramen-forras-ladmovce\\\/\"},\"author\":{\"name\":\"Paula Buliakov\u00e1 Tegelhof\",\"@id\":\"https:\\\/\\\/www.kosiceregion.com\\\/#\\\/schema\\\/person\\\/f58f7c5f26e77a35dc3bf96d432dbd05\"},\"headline\":\"Miner\u00e1lny prame\u0148 Ladmovce\",\"datePublished\":\"2023-06-19T09:03:22+00:00\",\"dateModified\":\"2023-06-19T11:08:25+00:00\",\"mainEntityOfPage\":{\"@id\":\"https:\\\/\\\/www.kosiceregion.com\\\/sk\\\/mineralny-pramen-forras-ladmovce\\\/\"},\"wordCount\":515,\"publisher\":{\"@id\":\"https:\\\/\\\/www.kosiceregion.com\\\/#organization\"},\"image\":{\"@id\":\"https:\\\/\\\/www.kosiceregion.com\\\/sk\\\/mineralny-pramen-forras-ladmovce\\\/#primaryimage\"},\"thumbnailUrl\":\"https:\\\/\\\/www.kosiceregion.com\\\/wp-content\\\/uploads\\\/2023\\\/06\\\/Fotka-2-scaled.jpg\",\"articleSection\":[\"In\u0161piruj sa\"],\"inLanguage\":\"pl-PL\"},{\"@type\":\"WebPage\",\"@id\":\"https:\\\/\\\/www.kosiceregion.com\\\/sk\\\/mineralny-pramen-forras-ladmovce\\\/\",\"url\":\"https:\\\/\\\/www.kosiceregion.com\\\/sk\\\/mineralny-pramen-forras-ladmovce\\\/\",\"name\":\"Miner\u00e1lny prame\u0148 Ladmovce - Ko\u0161ice Regi\u00f3n\",\"isPartOf\":{\"@id\":\"https:\\\/\\\/www.kosiceregion.com\\\/#website\"},\"primaryImageOfPage\":{\"@id\":\"https:\\\/\\\/www.kosiceregion.com\\\/sk\\\/mineralny-pramen-forras-ladmovce\\\/#primaryimage\"},\"image\":{\"@id\":\"https:\\\/\\\/www.kosiceregion.com\\\/sk\\\/mineralny-pramen-forras-ladmovce\\\/#primaryimage\"},\"thumbnailUrl\":\"https:\\\/\\\/www.kosiceregion.com\\\/wp-content\\\/uploads\\\/2023\\\/06\\\/Fotka-2-scaled.jpg\",\"datePublished\":\"2023-06-19T09:03:22+00:00\",\"dateModified\":\"2023-06-19T11:08:25+00:00\",\"description\":\"Ambas\u00e1dori Kraja sveta: Na cest\u00e1ch s Nikou Pre niekoho je prech\u00e1dzka za v\u00fdznamn\u00fdm miner\u00e1lnym prame\u0148om ka\u017edodenn\u00e1 z\u00e1le\u017eitos\u0165, pre niekoho, ako som ja, je\",\"breadcrumb\":{\"@id\":\"https:\\\/\\\/www.kosiceregion.com\\\/sk\\\/mineralny-pramen-forras-ladmovce\\\/#breadcrumb\"},\"inLanguage\":\"pl-PL\",\"potentialAction\":[{\"@type\":\"ReadAction\",\"target\":[\"https:\\\/\\\/www.kosiceregion.com\\\/sk\\\/mineralny-pramen-forras-ladmovce\\\/\"]}]},{\"@type\":\"ImageObject\",\"inLanguage\":\"pl-PL\",\"@id\":\"https:\\\/\\\/www.kosiceregion.com\\\/sk\\\/mineralny-pramen-forras-ladmovce\\\/#primaryimage\",\"url\":\"https:\\\/\\\/www.kosiceregion.com\\\/wp-content\\\/uploads\\\/2023\\\/06\\\/Fotka-2-scaled.jpg\",\"contentUrl\":\"https:\\\/\\\/www.kosiceregion.com\\\/wp-content\\\/uploads\\\/2023\\\/06\\\/Fotka-2-scaled.jpg\",\"width\":2560,\"height\":1920},{\"@type\":\"BreadcrumbList\",\"@id\":\"https:\\\/\\\/www.kosiceregion.com\\\/sk\\\/mineralny-pramen-forras-ladmovce\\\/#breadcrumb\",\"itemListElement\":[{\"@type\":\"ListItem\",\"position\":1,\"name\":\"Home\",\"item\":\"https:\\\/\\\/www.kosiceregion.com\\\/sk\\\/\"},{\"@type\":\"ListItem\",\"position\":2,\"name\":\"Miner\u00e1lny prame\u0148 Ladmovce\"}]},{\"@type\":\"WebSite\",\"@id\":\"https:\\\/\\\/www.kosiceregion.com\\\/#website\",\"url\":\"https:\\\/\\\/www.kosiceregion.com\\\/\",\"name\":\"Ko\u0161ice Regi\u00f3n\",\"description\":\"Turistick\u00fd sprievodca Ko\u0161ick\u00fdm krajom\",\"publisher\":{\"@id\":\"https:\\\/\\\/www.kosiceregion.com\\\/#organization\"},\"potentialAction\":[{\"@type\":\"SearchAction\",\"target\":{\"@type\":\"EntryPoint\",\"urlTemplate\":\"https:\\\/\\\/www.kosiceregion.com\\\/?s={search_term_string}\"},\"query-input\":{\"@type\":\"PropertyValueSpecification\",\"valueRequired\":true,\"valueName\":\"search_term_string\"}}],\"inLanguage\":\"pl-PL\"},{\"@type\":\"Organization\",\"@id\":\"https:\\\/\\\/www.kosiceregion.com\\\/#organization\",\"name\":\"Ko\u0161ice Regi\u00f3n Turizmus\",\"url\":\"https:\\\/\\\/www.kosiceregion.com\\\/\",\"logo\":{\"@type\":\"ImageObject\",\"inLanguage\":\"pl-PL\",\"@id\":\"https:\\\/\\\/www.kosiceregion.com\\\/#\\\/schema\\\/logo\\\/image\\\/\",\"url\":\"https:\\\/\\\/www.kosiceregion.com\\\/wp-content\\\/uploads\\\/2019\\\/03\\\/logo-web-sk.png\",\"contentUrl\":\"https:\\\/\\\/www.kosiceregion.com\\\/wp-content\\\/uploads\\\/2019\\\/03\\\/logo-web-sk.png\",\"width\":225,\"height\":100,\"caption\":\"Ko\u0161ice Regi\u00f3n Turizmus\"},\"image\":{\"@id\":\"https:\\\/\\\/www.kosiceregion.com\\\/#\\\/schema\\\/logo\\\/image\\\/\"},\"sameAs\":[\"https:\\\/\\\/www.facebook.com\\\/kosiceregion\",\"https:\\\/\\\/x.com\\\/KOSICEREGION\",\"https:\\\/\\\/www.instagram.com\\\/kosiceregion\",\"https:\\\/\\\/www.youtube.com\\\/kosiceregion\"]},{\"@type\":\"Person\",\"@id\":\"https:\\\/\\\/www.kosiceregion.com\\\/#\\\/schema\\\/person\\\/f58f7c5f26e77a35dc3bf96d432dbd05\",\"name\":\"Paula Buliakov\u00e1 Tegelhof\",\"image\":{\"@type\":\"ImageObject\",\"inLanguage\":\"pl-PL\",\"@id\":\"https:\\\/\\\/secure.gravatar.com\\\/avatar\\\/efa6a57b2e4fd9b6fdaf15acbda66a000ef0b3e50800a76a64602b268b90db7f?s=96&d=mm&r=g\",\"url\":\"https:\\\/\\\/secure.gravatar.com\\\/avatar\\\/efa6a57b2e4fd9b6fdaf15acbda66a000ef0b3e50800a76a64602b268b90db7f?s=96&d=mm&r=g\",\"contentUrl\":\"https:\\\/\\\/secure.gravatar.com\\\/avatar\\\/efa6a57b2e4fd9b6fdaf15acbda66a000ef0b3e50800a76a64602b268b90db7f?s=96&d=mm&r=g\",\"caption\":\"Paula Buliakov\u00e1 Tegelhof\"}}]}<\/script>\n<!-- \/ Yoast SEO Premium plugin. -->","yoast_head_json":{"title":"Ko\u0161ice Regi\u00f3n","description":"Ambas\u00e1dori Kraja sveta: Na cest\u00e1ch s Nikou   \n\n\n\nPre niekoho je prech\u00e1dzka za v\u00fdznamn\u00fdm miner\u00e1lnym prame\u0148om ka\u017edodenn\u00e1 z\u00e1le\u017eitos\u0165, pre niekoho, ako som ja, je to pr\u00edjemn\u00e9 spoznanie bohatstva, ktor\u00e9 nielen osvie\u017ei, ale\u2026","robots":{"index":"index","follow":"follow","max-snippet":"max-snippet:-1","max-image-preview":"max-image-preview:large","max-video-preview":"max-video-preview:-1"},"canonical":"https:\/\/www.kosiceregion.com\/sk\/mineralny-pramen-forras-ladmovce\/","og_locale":"pl_PL","og_type":"article","og_title":"Miner\u00e1lny prame\u0148 Ladmovce","og_description":"Ambas\u00e1dori Kraja sveta: Na cest\u00e1ch s Nikou Pre niekoho je prech\u00e1dzka za v\u00fdznamn\u00fdm miner\u00e1lnym prame\u0148om ka\u017edodenn\u00e1 z\u00e1le\u017eitos\u0165, pre niekoho, ako som ja, je","og_url":"https:\/\/www.kosiceregion.com\/pl\/wp-json\/wp\/v2\/posts\/10711","og_site_name":"Ko\u0161ice Regi\u00f3n","article_publisher":"https:\/\/www.facebook.com\/kosiceregion","article_published_time":"2023-06-19T09:03:22+00:00","article_modified_time":"2023-06-19T11:08:25+00:00","og_image":[{"width":2560,"height":1920,"url":"https:\/\/www.kosiceregion.com\/wp-content\/uploads\/2023\/06\/Fotka-2-scaled.jpg","type":"image\/jpeg"}],"author":"Paula Buliakov\u00e1 Tegelhof","twitter_card":"summary_large_image","twitter_creator":"@KOSICEREGION","twitter_site":"@KOSICEREGION","twitter_misc":{"Napisane przez":"Paula Buliakov\u00e1 Tegelhof","Szacowany czas czytania":"5 minutes"},"schema":{"@context":"https:\/\/schema.org","@graph":[{"@type":"Article","@id":"https:\/\/www.kosiceregion.com\/sk\/mineralny-pramen-forras-ladmovce\/#article","isPartOf":{"@id":"https:\/\/www.kosiceregion.com\/sk\/mineralny-pramen-forras-ladmovce\/"},"author":{"name":"Paula Buliakov\u00e1 Tegelhof","@id":"https:\/\/www.kosiceregion.com\/#\/schema\/person\/f58f7c5f26e77a35dc3bf96d432dbd05"},"headline":"Miner\u00e1lny prame\u0148 Ladmovce","datePublished":"2023-06-19T09:03:22+00:00","dateModified":"2023-06-19T11:08:25+00:00","mainEntityOfPage":{"@id":"https:\/\/www.kosiceregion.com\/sk\/mineralny-pramen-forras-ladmovce\/"},"wordCount":515,"publisher":{"@id":"https:\/\/www.kosiceregion.com\/#organization"},"image":{"@id":"https:\/\/www.kosiceregion.com\/sk\/mineralny-pramen-forras-ladmovce\/#primaryimage"},"thumbnailUrl":"https:\/\/www.kosiceregion.com\/wp-content\/uploads\/2023\/06\/Fotka-2-scaled.jpg","articleSection":["In\u0161piruj sa"],"inLanguage":"pl-PL"},{"@type":"WebPage","@id":"https:\/\/www.kosiceregion.com\/sk\/mineralny-pramen-forras-ladmovce\/","url":"https:\/\/www.kosiceregion.com\/sk\/mineralny-pramen-forras-ladmovce\/","name":"Miner\u00e1lny prame\u0148 Ladmovce - Ko\u0161ice Regi\u00f3n","isPartOf":{"@id":"https:\/\/www.kosiceregion.com\/#website"},"primaryImageOfPage":{"@id":"https:\/\/www.kosiceregion.com\/sk\/mineralny-pramen-forras-ladmovce\/#primaryimage"},"image":{"@id":"https:\/\/www.kosiceregion.com\/sk\/mineralny-pramen-forras-ladmovce\/#primaryimage"},"thumbnailUrl":"https:\/\/www.kosiceregion.com\/wp-content\/uploads\/2023\/06\/Fotka-2-scaled.jpg","datePublished":"2023-06-19T09:03:22+00:00","dateModified":"2023-06-19T11:08:25+00:00","description":"Ambas\u00e1dori Kraja sveta: Na cest\u00e1ch s Nikou Pre niekoho je prech\u00e1dzka za v\u00fdznamn\u00fdm miner\u00e1lnym prame\u0148om ka\u017edodenn\u00e1 z\u00e1le\u017eitos\u0165, pre niekoho, ako som ja, je","breadcrumb":{"@id":"https:\/\/www.kosiceregion.com\/sk\/mineralny-pramen-forras-ladmovce\/#breadcrumb"},"inLanguage":"pl-PL","potentialAction":[{"@type":"ReadAction","target":["https:\/\/www.kosiceregion.com\/sk\/mineralny-pramen-forras-ladmovce\/"]}]},{"@type":"ImageObject","inLanguage":"pl-PL","@id":"https:\/\/www.kosiceregion.com\/sk\/mineralny-pramen-forras-ladmovce\/#primaryimage","url":"https:\/\/www.kosiceregion.com\/wp-content\/uploads\/2023\/06\/Fotka-2-scaled.jpg","contentUrl":"https:\/\/www.kosiceregion.com\/wp-content\/uploads\/2023\/06\/Fotka-2-scaled.jpg","width":2560,"height":1920},{"@type":"BreadcrumbList","@id":"https:\/\/www.kosiceregion.com\/sk\/mineralny-pramen-forras-ladmovce\/#breadcrumb","itemListElement":[{"@type":"ListItem","position":1,"name":"Home","item":"https:\/\/www.kosiceregion.com\/sk\/"},{"@type":"ListItem","position":2,"name":"Miner\u00e1lny prame\u0148 Ladmovce"}]},{"@type":"WebSite","@id":"https:\/\/www.kosiceregion.com\/#website","url":"https:\/\/www.kosiceregion.com\/","name":"Ko\u0161ice Regi\u00f3n","description":"Turistick\u00fd sprievodca Ko\u0161ick\u00fdm krajom","publisher":{"@id":"https:\/\/www.kosiceregion.com\/#organization"},"potentialAction":[{"@type":"SearchAction","target":{"@type":"EntryPoint","urlTemplate":"https:\/\/www.kosiceregion.com\/?s={search_term_string}"},"query-input":{"@type":"PropertyValueSpecification","valueRequired":true,"valueName":"search_term_string"}}],"inLanguage":"pl-PL"},{"@type":"Organization","@id":"https:\/\/www.kosiceregion.com\/#organization","name":"Ko\u0161ice Regi\u00f3n Turizmus","url":"https:\/\/www.kosiceregion.com\/","logo":{"@type":"ImageObject","inLanguage":"pl-PL","@id":"https:\/\/www.kosiceregion.com\/#\/schema\/logo\/image\/","url":"https:\/\/www.kosiceregion.com\/wp-content\/uploads\/2019\/03\/logo-web-sk.png","contentUrl":"https:\/\/www.kosiceregion.com\/wp-content\/uploads\/2019\/03\/logo-web-sk.png","width":225,"height":100,"caption":"Ko\u0161ice Regi\u00f3n Turizmus"},"image":{"@id":"https:\/\/www.kosiceregion.com\/#\/schema\/logo\/image\/"},"sameAs":["https:\/\/www.facebook.com\/kosiceregion","https:\/\/x.com\/KOSICEREGION","https:\/\/www.instagram.com\/kosiceregion","https:\/\/www.youtube.com\/kosiceregion"]},{"@type":"Person","@id":"https:\/\/www.kosiceregion.com\/#\/schema\/person\/f58f7c5f26e77a35dc3bf96d432dbd05","name":"Paula Buliakov\u00e1 Tegelhof","image":{"@type":"ImageObject","inLanguage":"pl-PL","@id":"https:\/\/secure.gravatar.com\/avatar\/efa6a57b2e4fd9b6fdaf15acbda66a000ef0b3e50800a76a64602b268b90db7f?s=96&d=mm&r=g","url":"https:\/\/secure.gravatar.com\/avatar\/efa6a57b2e4fd9b6fdaf15acbda66a000ef0b3e50800a76a64602b268b90db7f?s=96&d=mm&r=g","contentUrl":"https:\/\/secure.gravatar.com\/avatar\/efa6a57b2e4fd9b6fdaf15acbda66a000ef0b3e50800a76a64602b268b90db7f?s=96&d=mm&r=g","caption":"Paula Buliakov\u00e1 Tegelhof"}}]}},"_links":{"self":[{"href":"https:\/\/www.kosiceregion.com\/pl\/wp-json\/wp\/v2\/posts\/10711","targetHints":{"allow":["GET"]}}],"collection":[{"href":"https:\/\/www.kosiceregion.com\/pl\/wp-json\/wp\/v2\/posts"}],"about":[{"href":"https:\/\/www.kosiceregion.com\/pl\/wp-json\/wp\/v2\/types\/post"}],"author":[{"embeddable":true,"href":"https:\/\/www.kosiceregion.com\/pl\/wp-json\/wp\/v2\/users\/15"}],"replies":[{"embeddable":true,"href":"https:\/\/www.kosiceregion.com\/pl\/wp-json\/wp\/v2\/comments?post=10711"}],"version-history":[{"count":4,"href":"https:\/\/www.kosiceregion.com\/pl\/wp-json\/wp\/v2\/posts\/10711\/revisions"}],"predecessor-version":[{"id":11267,"href":"https:\/\/www.kosiceregion.com\/pl\/wp-json\/wp\/v2\/posts\/10711\/revisions\/11267"}],"wp:featuredmedia":[{"embeddable":true,"href":"https:\/\/www.kosiceregion.com\/pl\/wp-json\/wp\/v2\/media\/10713"}],"wp:attachment":[{"href":"https:\/\/www.kosiceregion.com\/pl\/wp-json\/wp\/v2\/media?parent=10711"}],"wp:term":[{"taxonomy":"category","embeddable":true,"href":"https:\/\/www.kosiceregion.com\/pl\/wp-json\/wp\/v2\/categories?post=10711"},{"taxonomy":"post_tag","embeddable":true,"href":"https:\/\/www.kosiceregion.com\/pl\/wp-json\/wp\/v2\/tags?post=10711"}],"curies":[{"name":"wp","href":"https:\/\/api.w.org\/{rel}","templated":true}]}}