{"id":17044,"date":"2026-09-02T10:58:35","date_gmt":"2026-09-02T08:58:35","guid":{"rendered":"https:\/\/www.kosiceregion.com\/sk\/?p=17044"},"modified":"2026-09-02T10:58:36","modified_gmt":"2026-09-02T08:58:36","slug":"","status":"publish","type":"post","link":"https:\/\/www.kosiceregion.com\/pl\/parny-vlak-dostal-pre-extremne-sucho-stopku\/","title":{"rendered":"","raw":""},"content":{"rendered":"","protected":false,"raw":""},"excerpt":{"rendered":"","protected":false,"raw":""},"author":17,"featured_media":17045,"comment_status":"closed","ping_status":"closed","sticky":false,"template":"","format":"standard","meta":{"_acf_changed":false,"_sk_post_content":"<!-- wp:paragraph -->\n<p><strong>Ob\u013e\u00faben\u00fd v\u00fdlet nostalgick\u00fdm vlakom v r\u00e1mci projektu \u201eRetrovlakom na Kraj sveta\u201c s\u00edce pre vysok\u00e9 riziko po\u017eiarov nevyraz\u00ed s parn\u00fdm ru\u0161\u0148om, no cestuj\u00facich \u010dak\u00e1 rovnako v\u00fdnimo\u010dn\u00fd z\u00e1\u017eitok. Dobrovo\u013en\u00edci u\u017e t\u00fato sobotu, 5. septembra, vypravia na tra\u0165 do Jasova a Medzeva historick\u00fd dieselelektrick\u00fd ru\u0161e\u0148 z roku 1959, ktor\u00fd je jedn\u00fdm z\u00a0posledn\u00fdch svojho druhu na Slovensku.<\/strong><\/p>\n<!-- \/wp:paragraph -->\n\n<!-- wp:paragraph -->\n<p>Detsk\u00e1 \u017eeleznica Ko\u0161ice v spolupr\u00e1ci s Klubom historick\u00fdch ko\u013eajov\u00fdch vozidiel (KHKV) musela pre pretrv\u00e1vaj\u00face sucho prist\u00fapi\u0165 k zmene trakcie. Nariadenie \u017delezn\u00edc Slovenskej republiky toti\u017e akceptovalo vyhl\u00e1senie zv\u00fd\u0161en\u00e9ho nebezpe\u010denstva vzniku po\u017eiarov vydan\u00e9 Okresn\u00fdm riadite\u013estvom Hasi\u010dsk\u00e9ho a z\u00e1chrann\u00e9ho zboru v Ko\u0161iciach. Ob\u013e\u00faben\u00e1 parn\u00e1 lokomot\u00edva 434.2338 tak mus\u00ed z bezpe\u010dnostn\u00fdch d\u00f4vodov zosta\u0165 v depe.<\/p>\n<!-- \/wp:paragraph -->\n\n<!-- wp:image {\"id\":17045,\"sizeSlug\":\"large\",\"linkDestination\":\"none\"} -->\n<figure class=\"wp-block-image size-large\"><img src=\"https:\/\/www.kosiceregion.com\/wp-content\/uploads\/2026\/09\/e-news-525-1024x683.jpg\" alt=\"\" class=\"wp-image-17045\"\/><\/figure>\n<!-- \/wp:image -->\n\n<!-- wp:paragraph -->\n<p><strong><em>\u201eCestuj\u00faci o hist\u00f3riu na ko\u013eajniciach ur\u010dite nepr\u00eddu. Namiesto parn\u00e9ho ru\u0161\u0148a na \u010delo vlakovej s\u00fapravy zapriahneme historick\u00fd dieselelektrick\u00fd ru\u0161e\u0148, takzvan\u00fd Mal\u00fd Hektor 720 z roku 1959, ktor\u00fd je jedn\u00fdm z&nbsp;posledn\u00fdch funk\u010dn\u00fdch kusov na Slovensku a&nbsp;v&nbsp;\u010cech\u00e1ch. Cestuj\u00faci sa tak maj\u00fa naozaj na \u010do te\u0161i\u0165, jazda t\u00fdmto strojom m\u00e1 pre ka\u017ed\u00e9ho milovn\u00edka \u017eeleznice svoje neopakovate\u013en\u00e9 \u010daro,\u201c<\/em><\/strong> vysvetlil riadite\u013e Detskej&nbsp; \u017eeleznice Ko\u0161ice \u013dubom\u00edr Lehotsk\u00fd.<\/p>\n<!-- \/wp:paragraph -->\n\n<!-- wp:heading {\"anchor\":\"h-za-dobrodruzstvom\"} -->\n<h2 id=\"h-za-dobrodruzstvom\" class=\"wp-block-heading\">Za dobrodru\u017estvom<\/h2>\n<!-- \/wp:heading -->\n\n<!-- wp:paragraph -->\n<p>Organiz\u00e1cia cestovn\u00e9ho ruchu Ko\u0161ice Regi\u00f3n Turizmus a&nbsp;Detsk\u00e1 \u017eeleznica Ko\u0161ice ubezpe\u010duj\u00fa, \u017ee vlak odvezie cestuj\u00facich pod\u013ea platn\u00e9ho cestovn\u00e9ho poriadku do v\u0161etk\u00fdch pl\u00e1novan\u00fdch destin\u00e1ci\u00ed. Cestuj\u00facim s\u013eubuj\u00fa, \u017ee o paru t\u00fato sez\u00f3nu \u00faplne nepr\u00eddu. Do konca roka sa pok\u00fasia vypravi\u0165 e\u0161te jednu jazdu s parn\u00fdm ru\u0161\u0148om, tentoraz na inej trati.<\/p>\n<!-- \/wp:paragraph -->\n\n<!-- wp:image {\"id\":17046,\"sizeSlug\":\"large\",\"linkDestination\":\"none\"} -->\n<figure class=\"wp-block-image size-large\"><img src=\"https:\/\/www.kosiceregion.com\/wp-content\/uploads\/2026\/09\/jasovska-jaskyna-1024x683.jpg\" alt=\"Jasovsk\u00e1 jasky\u0148a\" class=\"wp-image-17046\"\/><\/figure>\n<!-- \/wp:image -->\n\n<!-- wp:paragraph -->\n<p><strong><em>\u201eZ\u00e1\u017eitok z v\u00fdletu na Kraj sveta zost\u00e1va st\u00e1le rovnako skvel\u00fd. Na\u0161i cestuj\u00faci sa m\u00f4\u017eu v Jasove pr\u00edjemne schladi\u0165 v Jasovskej jaskyni, spozna\u0165 fascinuj\u00faci \u017eivot mn\u00edchov a bohat\u00fa hist\u00f3riu v Kl\u00e1\u0161tore premon\u0161tr\u00e1tov, prejs\u0165 sa okolo jasovsk\u00fdch rybn\u00edkov \u010di nav\u0161t\u00edvi\u0165 star\u00fd mlyn. V Medzeve na nich pre zmenu \u010dak\u00e1 unik\u00e1tne M\u00fazeum kinematografie, tradi\u010dn\u00fd h\u00e1mor a tajomstv\u00e1 vesm\u00edru i slne\u010dnej s\u00fastavy m\u00f4\u017eu odhali\u0165 v miestnej hvezd\u00e1rni a planet\u00e1riu. T\u00ed, ktor\u00ed rad\u0161ej b\u00e1daj\u00fa v pr\u00edrode, m\u00f4\u017eu presk\u00fama\u0165 bl\u00edzke n\u00e1u\u010dn\u00e9 chodn\u00edky. Kdeko\u013evek po trase vyst\u00fapite, ur\u010dite nebudete \u013eutova\u0165,\u201c<\/em><\/strong> zd\u00f4raznila riadite\u013eka organiz\u00e1cie Ko\u0161ice Regi\u00f3n Turizmus Lenka Vargov\u00e1 Jurkov\u00e1.<\/p>\n<!-- \/wp:paragraph -->\n\n<!-- wp:paragraph -->\n<p>Podujatie sa realizuje s finan\u010dnou podporou Ministerstva cestovn\u00e9ho ruchu Slovenskej republiky. Aktu\u00e1lne inform\u00e1cie o presn\u00fdch odchodoch vlaku a \u010fal\u0161\u00edch aktivit\u00e1ch n\u00e1jdu z\u00e1ujemcovia na webovej str\u00e1nke <a href=\"https:\/\/retrovlakom.krajsveta.sk\/\">www.retrovlakom.sk<\/a> alebo na soci\u00e1lnych sie\u0165ach oboch organiz\u00e1torov.<\/p>\n<!-- \/wp:paragraph -->\n\n<!-- wp:post-author-name \/-->\n\n<!-- wp:read-more \/-->","_sk_post_name":"parny-vlak-dostal-pre-extremne-sucho-stopku","_sk_post_excerpt":"","_sk_post_title":"Parn\u00fd vlak dostal pre extr\u00e9mne sucho stopku: Retrovlak do Medzeva s\u013eubuje v\u010faka n\u00e1hradn\u00e9mu ru\u0161\u0148u neoby\u010dajn\u00fd z\u00e1\u017eitok","_en_post_content":"","_en_post_name":"","_en_post_excerpt":"","_en_post_title":"","_hu_post_content":"","_hu_post_name":"","_hu_post_excerpt":"","_hu_post_title":"","_es_post_content":"","_es_post_name":"","_es_post_excerpt":"","_es_post_title":"","_de_post_content":"","_de_post_name":"","_de_post_excerpt":"","_de_post_title":"","_pl_post_content":"","_pl_post_name":"","_pl_post_excerpt":"","_pl_post_title":"","_it_post_content":"","_it_post_name":"","_it_post_excerpt":"","_it_post_title":"","edit_language":"pl","footnotes":""},"categories":[22,21,17,13,420],"tags":[251,48,290,284,199,992,990,960,128,991],"class_list":["post-17044","post","type-post","status-publish","format-standard","has-post-thumbnail","hentry","category-get-inspired","category-theme","category-top","category-useful-info","category-useful-info-zssk","tag-jasov","tag-kosice","tag-kosicky-kraj","tag-kosicky-svetovy-kraj","tag-medzev","tag-parny-vlak","tag-retrovlak","tag-retrovlakom-na-kraj-sveta","tag-vylet","tag-zmena"],"acf":[],"yoast_head":"<!-- This site is optimized with the Yoast SEO Premium plugin v25.5 (Yoast SEO v28.0) - https:\/\/yoast.com\/product\/yoast-seo-premium-wordpress\/ -->\n<title>Ko\u0161ice Regi\u00f3n<\/title>\n<meta name=\"description\" content=\"Ob\u013e\u00faben\u00fd v\u00fdlet nostalgick\u00fdm vlakom v r\u00e1mci projektu \u201eRetrovlakom na Kraj sveta\u201c s\u00edce pre vysok\u00e9 riziko po\u017eiarov nevyraz\u00ed s parn\u00fdm ru\u0161\u0148om, no cestuj\u00facich \u010dak\u00e1 rovnako v\u00fdnimo\u010dn\u00fd z\u00e1\u017eitok. Dobrovo\u013en\u00edci u\u017e t\u00fato sobotu, 5.\u2026\" \/>\n<meta name=\"robots\" content=\"index, follow, max-snippet:-1, max-image-preview:large, max-video-preview:-1\" \/>\n<link rel=\"canonical\" href=\"https:\/\/www.kosiceregion.com\/sk\/parny-vlak-dostal-pre-extremne-sucho-stopku\/\" \/>\n<meta property=\"og:locale\" content=\"pl_PL\" \/>\n<meta property=\"og:type\" content=\"article\" \/>\n<meta property=\"og:title\" content=\"Parn\u00fd vlak dostal pre extr\u00e9mne sucho stopku: Retrovlak do Medzeva s\u013eubuje v\u010faka n\u00e1hradn\u00e9mu ru\u0161\u0148u neoby\u010dajn\u00fd z\u00e1\u017eitok\" \/>\n<meta property=\"og:description\" content=\"Parn\u00fd vlak dostal pre extr\u00e9mne sucho stopku: Retrovlak do Medzeva s\u013eubuje v\u010faka n\u00e1hradn\u00e9mu ru\u0161\u0148u neoby\u010dajn\u00fd z\u00e1\u017eitok\" \/>\n<meta property=\"og:url\" content=\"https:\/\/www.kosiceregion.com\/pl\/wp-json\/wp\/v2\/posts\/17044\" \/>\n<meta property=\"og:site_name\" content=\"Ko\u0161ice Regi\u00f3n\" \/>\n<meta property=\"article:publisher\" content=\"https:\/\/www.facebook.com\/kosiceregion\" \/>\n<meta property=\"article:published_time\" content=\"2026-09-02T08:58:35+00:00\" \/>\n<meta property=\"article:modified_time\" content=\"2026-09-02T08:58:36+00:00\" \/>\n<meta property=\"og:image\" content=\"https:\/\/www.kosiceregion.com\/wp-content\/uploads\/2026\/09\/e-news-525.jpg\" \/>\n\t<meta property=\"og:image:width\" content=\"2048\" \/>\n\t<meta property=\"og:image:height\" content=\"1366\" \/>\n\t<meta property=\"og:image:type\" content=\"image\/jpeg\" \/>\n<meta name=\"author\" content=\"Tatiana \u010cerven\u00e1\" \/>\n<meta name=\"twitter:card\" content=\"summary_large_image\" \/>\n<meta name=\"twitter:creator\" content=\"@KOSICEREGION\" \/>\n<meta name=\"twitter:site\" content=\"@KOSICEREGION\" \/>\n<meta name=\"twitter:label1\" content=\"Napisane przez\" \/>\n\t<meta name=\"twitter:data1\" content=\"Tatiana \u010cerven\u00e1\" \/>\n\t<meta name=\"twitter:label2\" content=\"Szacowany czas czytania\" \/>\n\t<meta name=\"twitter:data2\" content=\"3 minutes\" \/>\n<script type=\"application\/ld+json\" class=\"yoast-schema-graph\">{\"@context\":\"https:\\\/\\\/schema.org\",\"@graph\":[{\"@type\":\"Article\",\"@id\":\"https:\\\/\\\/www.kosiceregion.com\\\/sk\\\/parny-vlak-dostal-pre-extremne-sucho-stopku\\\/#article\",\"isPartOf\":{\"@id\":\"https:\\\/\\\/www.kosiceregion.com\\\/sk\\\/parny-vlak-dostal-pre-extremne-sucho-stopku\\\/\"},\"author\":{\"name\":\"Tatiana \u010cerven\u00e1\",\"@id\":\"https:\\\/\\\/www.kosiceregion.com\\\/#\\\/schema\\\/person\\\/6cd0b3706091bbb7fc11437086db9ccb\"},\"headline\":\"Parn\u00fd vlak dostal pre extr\u00e9mne sucho stopku: Retrovlak do Medzeva s\u013eubuje v\u010faka n\u00e1hradn\u00e9mu ru\u0161\u0148u neoby\u010dajn\u00fd z\u00e1\u017eitok\",\"datePublished\":\"2026-09-02T08:58:35+00:00\",\"dateModified\":\"2026-09-02T08:58:36+00:00\",\"mainEntityOfPage\":{\"@id\":\"https:\\\/\\\/www.kosiceregion.com\\\/sk\\\/parny-vlak-dostal-pre-extremne-sucho-stopku\\\/\"},\"wordCount\":518,\"publisher\":{\"@id\":\"https:\\\/\\\/www.kosiceregion.com\\\/#organization\"},\"image\":{\"@id\":\"https:\\\/\\\/www.kosiceregion.com\\\/sk\\\/parny-vlak-dostal-pre-extremne-sucho-stopku\\\/#primaryimage\"},\"thumbnailUrl\":\"https:\\\/\\\/www.kosiceregion.com\\\/wp-content\\\/uploads\\\/2026\\\/09\\\/e-news-525.jpg\",\"keywords\":[\"jasov\",\"Ko\u0161ice\",\"Ko\u0161ick\u00fd kraj\",\"ko\u0161ick\u00fd svetov\u00fd kraj\",\"Medzev\",\"parn\u00fd vlak\",\"retrovlak\",\"retrovlakom na kraj sveta\",\"v\u00fdlet\",\"zmena\"],\"articleSection\":[\"In\u0161piruj sa\",\"T\u00e9my\",\"Top\",\"U\u017eito\u010dn\u00e9 inform\u00e1cie\",\"U\u017eito\u010dn\u00e9 inform\u00e1cie - ZSSK\"],\"inLanguage\":\"pl-PL\"},{\"@type\":\"WebPage\",\"@id\":\"https:\\\/\\\/www.kosiceregion.com\\\/sk\\\/parny-vlak-dostal-pre-extremne-sucho-stopku\\\/\",\"url\":\"https:\\\/\\\/www.kosiceregion.com\\\/sk\\\/parny-vlak-dostal-pre-extremne-sucho-stopku\\\/\",\"name\":\"Parn\u00fd vlak dostal pre extr\u00e9mne sucho stopku\",\"isPartOf\":{\"@id\":\"https:\\\/\\\/www.kosiceregion.com\\\/#website\"},\"primaryImageOfPage\":{\"@id\":\"https:\\\/\\\/www.kosiceregion.com\\\/sk\\\/parny-vlak-dostal-pre-extremne-sucho-stopku\\\/#primaryimage\"},\"image\":{\"@id\":\"https:\\\/\\\/www.kosiceregion.com\\\/sk\\\/parny-vlak-dostal-pre-extremne-sucho-stopku\\\/#primaryimage\"},\"thumbnailUrl\":\"https:\\\/\\\/www.kosiceregion.com\\\/wp-content\\\/uploads\\\/2026\\\/09\\\/e-news-525.jpg\",\"datePublished\":\"2026-09-02T08:58:35+00:00\",\"dateModified\":\"2026-09-02T08:58:36+00:00\",\"description\":\"Parn\u00fd vlak dostal pre extr\u00e9mne sucho stopku: Retrovlak do Medzeva s\u013eubuje v\u010faka n\u00e1hradn\u00e9mu ru\u0161\u0148u neoby\u010dajn\u00fd z\u00e1\u017eitok\",\"breadcrumb\":{\"@id\":\"https:\\\/\\\/www.kosiceregion.com\\\/sk\\\/parny-vlak-dostal-pre-extremne-sucho-stopku\\\/#breadcrumb\"},\"inLanguage\":\"pl-PL\",\"potentialAction\":[{\"@type\":\"ReadAction\",\"target\":[\"https:\\\/\\\/www.kosiceregion.com\\\/sk\\\/parny-vlak-dostal-pre-extremne-sucho-stopku\\\/\"]}]},{\"@type\":\"ImageObject\",\"inLanguage\":\"pl-PL\",\"@id\":\"https:\\\/\\\/www.kosiceregion.com\\\/sk\\\/parny-vlak-dostal-pre-extremne-sucho-stopku\\\/#primaryimage\",\"url\":\"https:\\\/\\\/www.kosiceregion.com\\\/wp-content\\\/uploads\\\/2026\\\/09\\\/e-news-525.jpg\",\"contentUrl\":\"https:\\\/\\\/www.kosiceregion.com\\\/wp-content\\\/uploads\\\/2026\\\/09\\\/e-news-525.jpg\",\"width\":2048,\"height\":1366,\"caption\":\"Ru\u0161e\u0148 Mal\u00fd Hektor\"},{\"@type\":\"BreadcrumbList\",\"@id\":\"https:\\\/\\\/www.kosiceregion.com\\\/sk\\\/parny-vlak-dostal-pre-extremne-sucho-stopku\\\/#breadcrumb\",\"itemListElement\":[{\"@type\":\"ListItem\",\"position\":1,\"name\":\"Home\",\"item\":\"https:\\\/\\\/www.kosiceregion.com\\\/sk\\\/\"},{\"@type\":\"ListItem\",\"position\":2,\"name\":\"Parn\u00fd vlak dostal pre extr\u00e9mne sucho stopku: Retrovlak do Medzeva s\u013eubuje v\u010faka n\u00e1hradn\u00e9mu ru\u0161\u0148u neoby\u010dajn\u00fd z\u00e1\u017eitok\"}]},{\"@type\":\"WebSite\",\"@id\":\"https:\\\/\\\/www.kosiceregion.com\\\/#website\",\"url\":\"https:\\\/\\\/www.kosiceregion.com\\\/\",\"name\":\"Ko\u0161ice Regi\u00f3n\",\"description\":\"Turistick\u00fd sprievodca Ko\u0161ick\u00fdm krajom\",\"publisher\":{\"@id\":\"https:\\\/\\\/www.kosiceregion.com\\\/#organization\"},\"potentialAction\":[{\"@type\":\"SearchAction\",\"target\":{\"@type\":\"EntryPoint\",\"urlTemplate\":\"https:\\\/\\\/www.kosiceregion.com\\\/?s={search_term_string}\"},\"query-input\":{\"@type\":\"PropertyValueSpecification\",\"valueRequired\":true,\"valueName\":\"search_term_string\"}}],\"inLanguage\":\"pl-PL\"},{\"@type\":\"Organization\",\"@id\":\"https:\\\/\\\/www.kosiceregion.com\\\/#organization\",\"name\":\"Ko\u0161ice Regi\u00f3n Turizmus\",\"url\":\"https:\\\/\\\/www.kosiceregion.com\\\/\",\"logo\":{\"@type\":\"ImageObject\",\"inLanguage\":\"pl-PL\",\"@id\":\"https:\\\/\\\/www.kosiceregion.com\\\/#\\\/schema\\\/logo\\\/image\\\/\",\"url\":\"https:\\\/\\\/www.kosiceregion.com\\\/wp-content\\\/uploads\\\/2019\\\/03\\\/logo-web-sk.png\",\"contentUrl\":\"https:\\\/\\\/www.kosiceregion.com\\\/wp-content\\\/uploads\\\/2019\\\/03\\\/logo-web-sk.png\",\"width\":225,\"height\":100,\"caption\":\"Ko\u0161ice Regi\u00f3n Turizmus\"},\"image\":{\"@id\":\"https:\\\/\\\/www.kosiceregion.com\\\/#\\\/schema\\\/logo\\\/image\\\/\"},\"sameAs\":[\"https:\\\/\\\/www.facebook.com\\\/kosiceregion\",\"https:\\\/\\\/x.com\\\/KOSICEREGION\",\"https:\\\/\\\/www.instagram.com\\\/kosiceregion\",\"https:\\\/\\\/www.youtube.com\\\/kosiceregion\"]},{\"@type\":\"Person\",\"@id\":\"https:\\\/\\\/www.kosiceregion.com\\\/#\\\/schema\\\/person\\\/6cd0b3706091bbb7fc11437086db9ccb\",\"name\":\"Tatiana \u010cerven\u00e1\",\"image\":{\"@type\":\"ImageObject\",\"inLanguage\":\"pl-PL\",\"@id\":\"https:\\\/\\\/secure.gravatar.com\\\/avatar\\\/050b709342af43d17b1f982522b7ac660b814df8c4c872be4a6ccf432c3f6ccc?s=96&d=mm&r=g\",\"url\":\"https:\\\/\\\/secure.gravatar.com\\\/avatar\\\/050b709342af43d17b1f982522b7ac660b814df8c4c872be4a6ccf432c3f6ccc?s=96&d=mm&r=g\",\"contentUrl\":\"https:\\\/\\\/secure.gravatar.com\\\/avatar\\\/050b709342af43d17b1f982522b7ac660b814df8c4c872be4a6ccf432c3f6ccc?s=96&d=mm&r=g\",\"caption\":\"Tatiana \u010cerven\u00e1\"}}]}<\/script>\n<!-- \/ Yoast SEO Premium plugin. -->","yoast_head_json":{"title":"Ko\u0161ice Regi\u00f3n","description":"Ob\u013e\u00faben\u00fd v\u00fdlet nostalgick\u00fdm vlakom v r\u00e1mci projektu \u201eRetrovlakom na Kraj sveta\u201c s\u00edce pre vysok\u00e9 riziko po\u017eiarov nevyraz\u00ed s parn\u00fdm ru\u0161\u0148om, no cestuj\u00facich \u010dak\u00e1 rovnako v\u00fdnimo\u010dn\u00fd z\u00e1\u017eitok. Dobrovo\u013en\u00edci u\u017e t\u00fato sobotu, 5.\u2026","robots":{"index":"index","follow":"follow","max-snippet":"max-snippet:-1","max-image-preview":"max-image-preview:large","max-video-preview":"max-video-preview:-1"},"canonical":"https:\/\/www.kosiceregion.com\/sk\/parny-vlak-dostal-pre-extremne-sucho-stopku\/","og_locale":"pl_PL","og_type":"article","og_title":"Parn\u00fd vlak dostal pre extr\u00e9mne sucho stopku: Retrovlak do Medzeva s\u013eubuje v\u010faka n\u00e1hradn\u00e9mu ru\u0161\u0148u neoby\u010dajn\u00fd z\u00e1\u017eitok","og_description":"Parn\u00fd vlak dostal pre extr\u00e9mne sucho stopku: Retrovlak do Medzeva s\u013eubuje v\u010faka n\u00e1hradn\u00e9mu ru\u0161\u0148u neoby\u010dajn\u00fd z\u00e1\u017eitok","og_url":"https:\/\/www.kosiceregion.com\/pl\/wp-json\/wp\/v2\/posts\/17044","og_site_name":"Ko\u0161ice Regi\u00f3n","article_publisher":"https:\/\/www.facebook.com\/kosiceregion","article_published_time":"2026-09-02T08:58:35+00:00","article_modified_time":"2026-09-02T08:58:36+00:00","og_image":[{"width":2048,"height":1366,"url":"https:\/\/www.kosiceregion.com\/wp-content\/uploads\/2026\/09\/e-news-525.jpg","type":"image\/jpeg"}],"author":"Tatiana \u010cerven\u00e1","twitter_card":"summary_large_image","twitter_creator":"@KOSICEREGION","twitter_site":"@KOSICEREGION","twitter_misc":{"Napisane przez":"Tatiana \u010cerven\u00e1","Szacowany czas czytania":"3 minutes"},"schema":{"@context":"https:\/\/schema.org","@graph":[{"@type":"Article","@id":"https:\/\/www.kosiceregion.com\/sk\/parny-vlak-dostal-pre-extremne-sucho-stopku\/#article","isPartOf":{"@id":"https:\/\/www.kosiceregion.com\/sk\/parny-vlak-dostal-pre-extremne-sucho-stopku\/"},"author":{"name":"Tatiana \u010cerven\u00e1","@id":"https:\/\/www.kosiceregion.com\/#\/schema\/person\/6cd0b3706091bbb7fc11437086db9ccb"},"headline":"Parn\u00fd vlak dostal pre extr\u00e9mne sucho stopku: Retrovlak do Medzeva s\u013eubuje v\u010faka n\u00e1hradn\u00e9mu ru\u0161\u0148u neoby\u010dajn\u00fd z\u00e1\u017eitok","datePublished":"2026-09-02T08:58:35+00:00","dateModified":"2026-09-02T08:58:36+00:00","mainEntityOfPage":{"@id":"https:\/\/www.kosiceregion.com\/sk\/parny-vlak-dostal-pre-extremne-sucho-stopku\/"},"wordCount":518,"publisher":{"@id":"https:\/\/www.kosiceregion.com\/#organization"},"image":{"@id":"https:\/\/www.kosiceregion.com\/sk\/parny-vlak-dostal-pre-extremne-sucho-stopku\/#primaryimage"},"thumbnailUrl":"https:\/\/www.kosiceregion.com\/wp-content\/uploads\/2026\/09\/e-news-525.jpg","keywords":["jasov","Ko\u0161ice","Ko\u0161ick\u00fd kraj","ko\u0161ick\u00fd svetov\u00fd kraj","Medzev","parn\u00fd vlak","retrovlak","retrovlakom na kraj sveta","v\u00fdlet","zmena"],"articleSection":["In\u0161piruj sa","T\u00e9my","Top","U\u017eito\u010dn\u00e9 inform\u00e1cie","U\u017eito\u010dn\u00e9 inform\u00e1cie - ZSSK"],"inLanguage":"pl-PL"},{"@type":"WebPage","@id":"https:\/\/www.kosiceregion.com\/sk\/parny-vlak-dostal-pre-extremne-sucho-stopku\/","url":"https:\/\/www.kosiceregion.com\/sk\/parny-vlak-dostal-pre-extremne-sucho-stopku\/","name":"Parn\u00fd vlak dostal pre extr\u00e9mne sucho stopku","isPartOf":{"@id":"https:\/\/www.kosiceregion.com\/#website"},"primaryImageOfPage":{"@id":"https:\/\/www.kosiceregion.com\/sk\/parny-vlak-dostal-pre-extremne-sucho-stopku\/#primaryimage"},"image":{"@id":"https:\/\/www.kosiceregion.com\/sk\/parny-vlak-dostal-pre-extremne-sucho-stopku\/#primaryimage"},"thumbnailUrl":"https:\/\/www.kosiceregion.com\/wp-content\/uploads\/2026\/09\/e-news-525.jpg","datePublished":"2026-09-02T08:58:35+00:00","dateModified":"2026-09-02T08:58:36+00:00","description":"Parn\u00fd vlak dostal pre extr\u00e9mne sucho stopku: Retrovlak do Medzeva s\u013eubuje v\u010faka n\u00e1hradn\u00e9mu ru\u0161\u0148u neoby\u010dajn\u00fd z\u00e1\u017eitok","breadcrumb":{"@id":"https:\/\/www.kosiceregion.com\/sk\/parny-vlak-dostal-pre-extremne-sucho-stopku\/#breadcrumb"},"inLanguage":"pl-PL","potentialAction":[{"@type":"ReadAction","target":["https:\/\/www.kosiceregion.com\/sk\/parny-vlak-dostal-pre-extremne-sucho-stopku\/"]}]},{"@type":"ImageObject","inLanguage":"pl-PL","@id":"https:\/\/www.kosiceregion.com\/sk\/parny-vlak-dostal-pre-extremne-sucho-stopku\/#primaryimage","url":"https:\/\/www.kosiceregion.com\/wp-content\/uploads\/2026\/09\/e-news-525.jpg","contentUrl":"https:\/\/www.kosiceregion.com\/wp-content\/uploads\/2026\/09\/e-news-525.jpg","width":2048,"height":1366,"caption":"Ru\u0161e\u0148 Mal\u00fd Hektor"},{"@type":"BreadcrumbList","@id":"https:\/\/www.kosiceregion.com\/sk\/parny-vlak-dostal-pre-extremne-sucho-stopku\/#breadcrumb","itemListElement":[{"@type":"ListItem","position":1,"name":"Home","item":"https:\/\/www.kosiceregion.com\/sk\/"},{"@type":"ListItem","position":2,"name":"Parn\u00fd vlak dostal pre extr\u00e9mne sucho stopku: Retrovlak do Medzeva s\u013eubuje v\u010faka n\u00e1hradn\u00e9mu ru\u0161\u0148u neoby\u010dajn\u00fd z\u00e1\u017eitok"}]},{"@type":"WebSite","@id":"https:\/\/www.kosiceregion.com\/#website","url":"https:\/\/www.kosiceregion.com\/","name":"Ko\u0161ice Regi\u00f3n","description":"Turistick\u00fd sprievodca Ko\u0161ick\u00fdm krajom","publisher":{"@id":"https:\/\/www.kosiceregion.com\/#organization"},"potentialAction":[{"@type":"SearchAction","target":{"@type":"EntryPoint","urlTemplate":"https:\/\/www.kosiceregion.com\/?s={search_term_string}"},"query-input":{"@type":"PropertyValueSpecification","valueRequired":true,"valueName":"search_term_string"}}],"inLanguage":"pl-PL"},{"@type":"Organization","@id":"https:\/\/www.kosiceregion.com\/#organization","name":"Ko\u0161ice Regi\u00f3n Turizmus","url":"https:\/\/www.kosiceregion.com\/","logo":{"@type":"ImageObject","inLanguage":"pl-PL","@id":"https:\/\/www.kosiceregion.com\/#\/schema\/logo\/image\/","url":"https:\/\/www.kosiceregion.com\/wp-content\/uploads\/2019\/03\/logo-web-sk.png","contentUrl":"https:\/\/www.kosiceregion.com\/wp-content\/uploads\/2019\/03\/logo-web-sk.png","width":225,"height":100,"caption":"Ko\u0161ice Regi\u00f3n Turizmus"},"image":{"@id":"https:\/\/www.kosiceregion.com\/#\/schema\/logo\/image\/"},"sameAs":["https:\/\/www.facebook.com\/kosiceregion","https:\/\/x.com\/KOSICEREGION","https:\/\/www.instagram.com\/kosiceregion","https:\/\/www.youtube.com\/kosiceregion"]},{"@type":"Person","@id":"https:\/\/www.kosiceregion.com\/#\/schema\/person\/6cd0b3706091bbb7fc11437086db9ccb","name":"Tatiana \u010cerven\u00e1","image":{"@type":"ImageObject","inLanguage":"pl-PL","@id":"https:\/\/secure.gravatar.com\/avatar\/050b709342af43d17b1f982522b7ac660b814df8c4c872be4a6ccf432c3f6ccc?s=96&d=mm&r=g","url":"https:\/\/secure.gravatar.com\/avatar\/050b709342af43d17b1f982522b7ac660b814df8c4c872be4a6ccf432c3f6ccc?s=96&d=mm&r=g","contentUrl":"https:\/\/secure.gravatar.com\/avatar\/050b709342af43d17b1f982522b7ac660b814df8c4c872be4a6ccf432c3f6ccc?s=96&d=mm&r=g","caption":"Tatiana \u010cerven\u00e1"}}]}},"_links":{"self":[{"href":"https:\/\/www.kosiceregion.com\/pl\/wp-json\/wp\/v2\/posts\/17044","targetHints":{"allow":["GET"]}}],"collection":[{"href":"https:\/\/www.kosiceregion.com\/pl\/wp-json\/wp\/v2\/posts"}],"about":[{"href":"https:\/\/www.kosiceregion.com\/pl\/wp-json\/wp\/v2\/types\/post"}],"author":[{"embeddable":true,"href":"https:\/\/www.kosiceregion.com\/pl\/wp-json\/wp\/v2\/users\/17"}],"replies":[{"embeddable":true,"href":"https:\/\/www.kosiceregion.com\/pl\/wp-json\/wp\/v2\/comments?post=17044"}],"version-history":[{"count":1,"href":"https:\/\/www.kosiceregion.com\/pl\/wp-json\/wp\/v2\/posts\/17044\/revisions"}],"predecessor-version":[{"id":17047,"href":"https:\/\/www.kosiceregion.com\/pl\/wp-json\/wp\/v2\/posts\/17044\/revisions\/17047"}],"wp:featuredmedia":[{"embeddable":true,"href":"https:\/\/www.kosiceregion.com\/pl\/wp-json\/wp\/v2\/media\/17045"}],"wp:attachment":[{"href":"https:\/\/www.kosiceregion.com\/pl\/wp-json\/wp\/v2\/media?parent=17044"}],"wp:term":[{"taxonomy":"category","embeddable":true,"href":"https:\/\/www.kosiceregion.com\/pl\/wp-json\/wp\/v2\/categories?post=17044"},{"taxonomy":"post_tag","embeddable":true,"href":"https:\/\/www.kosiceregion.com\/pl\/wp-json\/wp\/v2\/tags?post=17044"}],"curies":[{"name":"wp","href":"https:\/\/api.w.org\/{rel}","templated":true}]}}