{"id":6979,"date":"2021-07-15T10:45:14","date_gmt":"2021-07-15T08:45:14","guid":{"rendered":"https:\/\/www.kosiceregion.com\/sk\/?p=6979"},"modified":"2021-07-15T10:45:17","modified_gmt":"2021-07-15T08:45:17","slug":"","status":"publish","type":"post","link":"https:\/\/www.kosiceregion.com\/pl\/zivot-dobrodruhov-luzne-lesy-pri-laborci\/","title":{"rendered":"","raw":""},"content":{"rendered":"","protected":false,"raw":""},"excerpt":{"rendered":"","protected":false,"raw":""},"author":10,"featured_media":6984,"comment_status":"closed","ping_status":"closed","sticky":false,"template":"","format":"standard","meta":{"_acf_changed":false,"_sk_post_content":"<!-- wp:tadv\/classic-paragraph -->\n<p style=\"text-align: justify;\">M\u00e1te chu\u0165 na zmenu? Chcete vidie\u0165 aj nie\u010do in\u00e9 ako s\u00fa hory \u010di ka\u0148ony? Ak sa budete nach\u00e1dza\u0165 v&nbsp;okol\u00ed Str\u00e1\u017eskeho, rozhodne sa zastavte a&nbsp;spravte si men\u0161iu prech\u00e1dzku cez Lu\u017en\u00e9 lesy. Trocha sa v&nbsp;tieni stromov schlad\u00edte a odd\u00fdchnete si pri vode. V&nbsp;okol\u00ed sa vyskytuje mno\u017estvo r\u00f4znych druhov vt\u00e1kov. Lu\u017en\u00e9 lesy s\u00fa ide\u00e1lnym miestom na ich pozorovanie.<\/p>\n<!-- \/wp:tadv\/classic-paragraph -->\n\n<!-- wp:image {\"id\":6991,\"sizeSlug\":\"large\",\"linkDestination\":\"none\"} -->\n<figure class=\"wp-block-image size-large\"><img src=\"https:\/\/www.kosiceregion.com\/wp-content\/uploads\/2021\/07\/1-1-1024x683.jpg\" alt=\"\" class=\"wp-image-6991\"\/><\/figure>\n<!-- \/wp:image -->\n\n<!-- wp:heading {\"textAlign\":\"center\"} -->\n<h2 class=\"has-text-align-center\">Inform\u00e1cie o trase a lokalite<\/h2>\n<!-- \/wp:heading -->\n\n<!-- wp:tadv\/classic-paragraph -->\n<p>&nbsp;<\/p>\n<table class=\" aligncenter\" style=\"height: 436px; width: 72.5004%; border-collapse: collapse;\">\n<tbody>\n<tr style=\"height: 216px;\">\n<td style=\"width: 20%; height: 210px;\"><img class=\"size-full wp-image-5997 aligncenter\" src=\"https:\/\/www.kosiceregion.com\/wp-content\/uploads\/2021\/05\/Icon_black__kids.png\" alt=\"\" width=\"35\" height=\"35\"><\/td>\n<td style=\"width: 20%; height: 210px;\">\n<p><strong>Vhodn\u00e9 pre deti<\/strong><\/p>\n<p>\u00c1NO<\/p>\n<\/td>\n<td style=\"width: 20.5727%; height: 210px;\"><img class=\"size-full wp-image-5998 aligncenter\" src=\"https:\/\/www.kosiceregion.com\/wp-content\/uploads\/2021\/05\/Icon_black__route.png\" alt=\"\" width=\"35\" height=\"35\"><\/td>\n<td style=\"width: 22.9886%; height: 210px;\">\n<p><strong>Zna\u010den\u00e1 trasa <\/strong><\/p>\n<p>NIE<\/p>\n<\/td>\n<\/tr>\n<tr style=\"height: 216px;\">\n<td style=\"width: 20%; height: 139px;\"><img class=\"size-full wp-image-5999 aligncenter\" src=\"https:\/\/www.kosiceregion.com\/wp-content\/uploads\/2021\/05\/Icon_black__food.png\" alt=\"\" width=\"35\" height=\"35\"><\/td>\n<td style=\"width: 20%; height: 139px;\">\n<p><strong>Stravovacie zariadenie<\/strong><\/p>\n<p>NIE<\/p>\n<\/td>\n<td style=\"width: 20.5727%; height: 139px;\"><img class=\"size-full wp-image-6000 aligncenter\" src=\"https:\/\/www.kosiceregion.com\/wp-content\/uploads\/2021\/05\/Icon_black__challenging.png\" alt=\"\" width=\"35\" height=\"35\"><\/td>\n<td style=\"width: 22.9886%; height: 139px;\">\n<p><strong>N\u00e1ro\u010dnos\u0165 trasy<\/strong><\/p>\n<p style=\"text-align: left;\">\u013dAHK\u00c1<\/p>\n<\/td>\n<\/tr>\n<\/tbody>\n<\/table>\n<p>&nbsp;<\/p>\n<!-- \/wp:tadv\/classic-paragraph -->\n\n<!-- wp:tadv\/classic-paragraph -->\n<p style=\"text-align: justify;\">Lu\u017en\u00e9 lesy pri Laborci s\u00fa zauj\u00edmavou zast\u00e1vkou ne\u010faleko mesta Str\u00e1\u017eske. Je to pozostatok po\u0302vodne\u0301ho vr\u0301bovo-topol\u030cove\u0301ho luz\u030cne\u0301ho lesa s bohaty\u0301m vy\u0301skytom vza\u0301cnej flo\u0301ry a fauny. Do roku 2006 bol dokonca Lu\u017en\u00fd les chr\u00e1nen\u00fdm \u00fazem\u00edm. Ale \u010do to vlastne ten lu\u017en\u00fd les je? Ide o&nbsp;les, ktor\u00fd je podm\u00e1\u010dan\u00fd a&nbsp;vyskytuje sa v&nbsp;\u0148om vysok\u00e1 hladina podzemnej vody. Les m\u00e1 svoje z\u00e1plavov\u00e9 cykly, kedy je pravidelne zaplavovan\u00fd povrchovou vodou. Lu\u017en\u00e9 lesy s\u00fa d\u00f4le\u017eit\u00e9 najm\u00e4 kv\u00f4li ochrane a&nbsp;zabr\u00e1\u0148uj\u00fa er\u00f3zi\u00ed brehu. Lu\u017en\u00fd les pri Laborci patr\u00ed medzi m\u00e4kk\u00e9 lu\u017en\u00e9 lesy. Znamen\u00e1 to, \u017ee sa nach\u00e1dza v&nbsp;najni\u017e\u0161\u00edch miestach \u00fadoln\u00fdch n\u00edv ve\u013ek\u00fdch riek. Pokia\u013e ide o&nbsp;fl\u00f3ru, vyskytuje sa tu mnoho v\u0155b a&nbsp;topo\u013eov. Lu\u017en\u00e9 lesy s\u00fa presl\u00e1ven\u00e9 najm\u00e4 bohat\u00fdm v\u00fdskytom vt\u00e1ctva. M\u00f4\u017eete tu pozorova\u0165 napr\u00edklad \u010dervienka, \u0161korca, bociana \u010dierneho, v\u010del\u00e1ra \u010di jastraba.<\/p>\n<!-- \/wp:tadv\/classic-paragraph -->\n\n<!-- wp:image {\"id\":6993,\"sizeSlug\":\"large\",\"linkDestination\":\"none\"} -->\n<figure class=\"wp-block-image size-large\"><img src=\"https:\/\/www.kosiceregion.com\/wp-content\/uploads\/2021\/07\/2-1-1024x683.jpg\" alt=\"\" class=\"wp-image-6993\"\/><\/figure>\n<!-- \/wp:image -->\n\n<!-- wp:tadv\/classic-paragraph -->\n<p style=\"text-align: justify;\">Bohu\u017eia\u013e, dnes u\u017e tieto lesy nie s\u00fa a\u017e tak be\u017en\u00e9 a&nbsp;pomaly mizn\u00fa. Hlavn\u00fdm d\u00f4vodom je v\u00fdrub lesov a rast\u00faca regulovate\u013enos\u0165 vodn\u00fdch tokov.<\/p>\n<!-- \/wp:tadv\/classic-paragraph -->\n\n<!-- wp:image {\"id\":6994,\"sizeSlug\":\"large\",\"linkDestination\":\"none\"} -->\n<figure class=\"wp-block-image size-large\"><img src=\"https:\/\/www.kosiceregion.com\/wp-content\/uploads\/2021\/07\/3-1-1024x683.jpg\" alt=\"\" class=\"wp-image-6994\"\/><\/figure>\n<!-- \/wp:image -->\n\n<!-- wp:tadv\/classic-paragraph -->\n<p style=\"text-align: justify;\">Ak si tento v\u00fdlet chcete spoji\u0165 s&nbsp;nie\u010d\u00edm \u010fal\u0161\u00edm, v&nbsp;okol\u00ed sa oplat\u00ed nav\u0161t\u00edvi\u0165 aj Brekovsk\u00fd hrad a&nbsp;Brekovsk\u00fa jasky\u0148u, alebo sa m\u00f4\u017eete prejs\u0165 kr\u00ed\u017eovou cestou k&nbsp;vyhliadke Gr\u00f3fkin kr\u00ed\u017e.<\/p>\n<!-- \/wp:tadv\/classic-paragraph -->\n\n<!-- wp:image {\"id\":6980,\"sizeSlug\":\"large\",\"linkDestination\":\"none\"} -->\n<figure class=\"wp-block-image size-large\"><img src=\"https:\/\/www.kosiceregion.com\/wp-content\/uploads\/2021\/07\/4-1-1024x683.jpg\" alt=\"\" class=\"wp-image-6980\"\/><figcaption>Cestou k vyhliadke Gr\u00f3fkin kr\u00ed\u017e<\/figcaption><\/figure>\n<!-- \/wp:image -->\n\n<!-- wp:tadv\/classic-paragraph -->\n<p style=\"text-align: justify;\">K&nbsp;Lu\u017en\u00fdm lesom sa d\u00e1 dosta\u0165 pomerne \u013eahko. A&nbsp;dokonca ani&nbsp; netreba prejs\u0165 ve\u013ek\u00fa vzdialenos\u0165. Pri hlavnej ceste medzi Str\u00e1\u017eskym a&nbsp;Brekovom je viacero miest, kde sa d\u00e1 auto odparkova\u0165. Ak auto nechcete nech\u00e1va\u0165 len tak pri ceste, m\u00f4\u017eete ho odstavi\u0165 aj pri Dvore pod Vini\u010dnou skalou. Po pravej strane hlavej cesty m\u00e1me r\u00f4zne l\u00faky a&nbsp;polia. Cez tieto kr\u00ed\u017eom prejdeme. Vedie tu viacero chodn\u00ed\u010dkov. Onedlho sa dost\u00e1vame do lesa.<\/p>\n<!-- \/wp:tadv\/classic-paragraph -->\n\n<!-- wp:image {\"id\":6981,\"sizeSlug\":\"large\",\"linkDestination\":\"none\"} -->\n<figure class=\"wp-block-image size-large\"><img src=\"https:\/\/www.kosiceregion.com\/wp-content\/uploads\/2021\/07\/5-1-1024x683.jpg\" alt=\"\" class=\"wp-image-6981\"\/><\/figure>\n<!-- \/wp:image -->\n\n<!-- wp:tadv\/classic-paragraph -->\n<p style=\"text-align: justify;\">V&nbsp;okol\u00ed m\u00f4\u017eete obdivova\u0165 r\u00f4zne zauj\u00edmav\u00e9 stromy a&nbsp;in\u00e9 rastliny. Je tu celkom pestr\u00fd v\u00fdber. Nach\u00e1dza sa tu aj viacero ohromne ve\u013ek\u00fdch stromov, pri ktor\u00fdch si budete pripada\u0165 ako trpasl\u00edci.<\/p>\n<!-- \/wp:tadv\/classic-paragraph -->\n\n<!-- wp:image {\"id\":6992,\"sizeSlug\":\"large\",\"linkDestination\":\"none\"} -->\n<figure class=\"wp-block-image size-large\"><img src=\"https:\/\/www.kosiceregion.com\/wp-content\/uploads\/2021\/07\/6-1-1024x683.jpg\" alt=\"\" class=\"wp-image-6992\"\/><\/figure>\n<!-- \/wp:image -->\n\n<!-- wp:tadv\/classic-paragraph -->\n<p style=\"text-align: justify;\">Hne\u010f za lesom pretek\u00e1 rieka Laborec. V&nbsp;tej sa ve\u013emi ok\u00fapa\u0165 ned\u00e1, nako\u013eko nevyzer\u00e1 naj\u010distej\u0161ie.<\/p>\n<!-- \/wp:tadv\/classic-paragraph -->\n\n<!-- wp:image {\"id\":6982,\"sizeSlug\":\"large\",\"linkDestination\":\"none\"} -->\n<figure class=\"wp-block-image size-large\"><img src=\"https:\/\/www.kosiceregion.com\/wp-content\/uploads\/2021\/07\/7-1-1024x683.jpg\" alt=\"\" class=\"wp-image-6982\"\/><\/figure>\n<!-- \/wp:image -->\n\n<!-- wp:image {\"id\":6983,\"sizeSlug\":\"large\",\"linkDestination\":\"none\"} -->\n<figure class=\"wp-block-image size-large\"><img src=\"https:\/\/www.kosiceregion.com\/wp-content\/uploads\/2021\/07\/8-1-1024x683.jpg\" alt=\"\" class=\"wp-image-6983\"\/><\/figure>\n<!-- \/wp:image -->\n\n<!-- wp:heading {\"textAlign\":\"center\"} -->\n<h2 class=\"has-text-align-center\">Dopravn\u00e1 dostupnos\u0165<\/h2>\n<!-- \/wp:heading -->\n\n<!-- wp:tadv\/classic-paragraph -->\n<p>&nbsp;<\/p>\n<table class=\" aligncenter\" style=\"height: 416px; width: 72.381%; border-collapse: collapse;\">\n<tbody>\n<tr style=\"height: 216px;\">\n<td style=\"width: 20%; height: 210px;\"><img class=\"size-full wp-image-6002 aligncenter\" src=\"https:\/\/www.kosiceregion.com\/wp-content\/uploads\/2021\/05\/Icon_black__parking.png\" alt=\"\" width=\"35\" height=\"35\"><\/td>\n<td style=\"width: 20%; height: 210px;\">\n<p><strong>Parkovanie<\/strong><\/p>\n<p>\u00c1NO, Dvor pod Vini\u010dnou skalou<br>(<a href=\"https:\/\/goo.gl\/maps\/osXepEXfqJRqkRLs8\">Zobrazi\u0165 na mape<\/a>)<\/p>\n<\/td>\n<td style=\"width: 20.7372%; height: 210px;\"><img class=\"size-full wp-image-6003 aligncenter\" src=\"https:\/\/www.kosiceregion.com\/wp-content\/uploads\/2021\/05\/Icon_black__bus.png\" alt=\"\" width=\"35\" height=\"35\"><\/td>\n<td style=\"width: 22.8241%; height: 210px;\">\n<p><strong>Autobusov\u00e1 zast\u00e1vka<\/strong><\/p>\n<p>\u00c1NO, Str\u00e1\u017eske<br>(<a href=\"https:\/\/goo.gl\/maps\/TjJEgym2JrcKoNUH8\">Zobrazi\u0165 na mape<\/a>)<\/p>\n<\/td>\n<\/tr>\n<tr style=\"height: 216px;\">\n<td style=\"width: 20%; height: 206px;\"><img class=\"size-full wp-image-6004 aligncenter\" src=\"https:\/\/www.kosiceregion.com\/wp-content\/uploads\/2021\/05\/Icon_black__train.png\" alt=\"\" width=\"35\" height=\"35\"><\/td>\n<td style=\"width: 20%; height: 206px;\">\n<p><strong>Vlakov\u00e1 zast\u00e1vka<\/strong><\/p>\n<p>\u00c1NO, Str\u00e1\u017eske<br>(<a href=\"https:\/\/goo.gl\/maps\/Ad1yFZeoPjptzcVe6\">Zobrazi\u0165 na mape<\/a>)<\/p>\n<\/td>\n<td style=\"width: 20.7372%; height: 206px;\">&nbsp;<\/td>\n<td style=\"width: 22.8241%; height: 206px;\">\n<p style=\"text-align: left;\">&nbsp;<\/p>\n<\/td>\n<\/tr>\n<\/tbody>\n<\/table>\n<p>&nbsp;<\/p>\n<!-- \/wp:tadv\/classic-paragraph -->\n\n<!-- wp:heading {\"textAlign\":\"center\"} -->\n<h2 class=\"has-text-align-center\">Trasa k Lu\u017en\u00fdm lesom pri Laborci<\/h2>\n<!-- \/wp:heading -->\n\n<!-- wp:html -->\n<iframe style=\"border:none\" src=\"https:\/\/sk.frame.mapy.cz\/s\/nuvahazupa\" width=\"400\" height=\"280\" frameborder=\"0\"><\/iframe>\n<!-- \/wp:html -->\n\n<!-- wp:tadv\/classic-paragraph -->\n<p>Viac in\u0161pir\u00e1ci\u00ed n\u00e1jdete na soci\u00e1lnej sieti Instagram a \u00fa\u010dte <a href=\"https:\/\/www.instagram.com\/zivot_dobrodruhov\/\" target=\"_blank\" rel=\"noopener\">@zivot_dobrodruhov<\/a>.\u00a0<\/p>\n<!-- \/wp:tadv\/classic-paragraph -->","_sk_post_name":"zivot-dobrodruhov-luzne-lesy-pri-laborci","_sk_post_excerpt":"","_sk_post_title":"\u017divot dobrodruhov: Lu\u017en\u00e9 lesy pri Laborci","_en_post_content":"","_en_post_name":"","_en_post_excerpt":"","_en_post_title":"","_hu_post_content":"","_hu_post_name":"","_hu_post_excerpt":"","_hu_post_title":"","_es_post_content":"","_es_post_name":"","_es_post_excerpt":"","_es_post_title":"","_de_post_content":"","_de_post_name":"","_de_post_excerpt":"","_de_post_title":"","_pl_post_content":"","_pl_post_name":"","_pl_post_excerpt":"","_pl_post_title":"","_it_post_content":"","_it_post_name":"","_it_post_excerpt":"","_it_post_title":"","edit_language":"pl","footnotes":""},"categories":[22],"tags":[438,437],"class_list":["post-6979","post","type-post","status-publish","format-standard","has-post-thumbnail","hentry","category-get-inspired","tag-laborec","tag-luzny-les"],"acf":[],"yoast_head":"<!-- This site is optimized with the Yoast SEO Premium plugin v25.5 (Yoast SEO v27.4) - https:\/\/yoast.com\/product\/yoast-seo-premium-wordpress\/ -->\n<title>Ko\u0161ice Regi\u00f3n<\/title>\n<meta name=\"description\" content=\"M\u00e1te chu\u0165 na zmenu? Chcete vidie\u0165 aj nie\u010do in\u00e9 ako s\u00fa hory \u010di ka\u0148ony? Ak sa budete nach\u00e1dza\u0165 v&nbsp;okol\u00ed Str\u00e1\u017eskeho, rozhodne sa zastavte a&nbsp;spravte si men\u0161iu prech\u00e1dzku cez Lu\u017en\u00e9 lesy. Trocha sa v&nbsp;tieni stromov\u2026\" \/>\n<meta name=\"robots\" content=\"index, follow, max-snippet:-1, max-image-preview:large, max-video-preview:-1\" \/>\n<link rel=\"canonical\" href=\"https:\/\/www.kosiceregion.com\/hu\/zivot-dobrodruhov-luzne-lesy-pri-laborci\/\" \/>\n<meta property=\"og:locale\" content=\"pl_PL\" \/>\n<meta property=\"og:type\" content=\"article\" \/>\n<meta property=\"og:title\" content=\"\u017divot dobrodruhov: Lu\u017en\u00e9 lesy pri Laborci\" \/>\n<meta property=\"og:description\" content=\"M\u00e1te chu\u0165 na zmenu? Chcete vidie\u0165 aj nie\u010do in\u00e9 ako s\u00fa hory \u010di ka\u0148ony? Ak sa budete nach\u00e1dza\u0165 v&nbsp;okol\u00ed Str\u00e1\u017eskeho, rozhodne sa zastavte a&nbsp;spravte\" \/>\n<meta property=\"og:url\" content=\"https:\/\/www.kosiceregion.com\/pl\/wp-json\/wp\/v2\/posts\/6979\" \/>\n<meta property=\"og:site_name\" content=\"Ko\u0161ice Regi\u00f3n\" \/>\n<meta property=\"article:publisher\" content=\"https:\/\/www.facebook.com\/kosiceregion\" \/>\n<meta property=\"article:published_time\" content=\"2021-07-15T08:45:14+00:00\" \/>\n<meta property=\"article:modified_time\" content=\"2021-07-15T08:45:17+00:00\" \/>\n<meta property=\"og:image\" content=\"https:\/\/www.kosiceregion.com\/wp-content\/uploads\/2021\/07\/titulka-1-scaled.jpg\" \/>\n\t<meta property=\"og:image:width\" content=\"2560\" \/>\n\t<meta property=\"og:image:height\" content=\"1707\" \/>\n\t<meta property=\"og:image:type\" content=\"image\/jpeg\" \/>\n<meta name=\"author\" content=\"Attila T\u00f6r\u00f6k\" \/>\n<meta name=\"twitter:card\" content=\"summary_large_image\" \/>\n<meta name=\"twitter:creator\" content=\"@KOSICEREGION\" \/>\n<meta name=\"twitter:site\" content=\"@KOSICEREGION\" \/>\n<meta name=\"twitter:label1\" content=\"Napisane przez\" \/>\n\t<meta name=\"twitter:data1\" content=\"Attila T\u00f6r\u00f6k\" \/>\n\t<meta name=\"twitter:label2\" content=\"Szacowany czas czytania\" \/>\n\t<meta name=\"twitter:data2\" content=\"5 minutes\" \/>\n<script type=\"application\/ld+json\" class=\"yoast-schema-graph\">{\"@context\":\"https:\\\/\\\/schema.org\",\"@graph\":[{\"@type\":\"Article\",\"@id\":\"https:\\\/\\\/www.kosiceregion.com\\\/hu\\\/zivot-dobrodruhov-luzne-lesy-pri-laborci\\\/#article\",\"isPartOf\":{\"@id\":\"https:\\\/\\\/www.kosiceregion.com\\\/hu\\\/zivot-dobrodruhov-luzne-lesy-pri-laborci\\\/\"},\"author\":{\"name\":\"Attila T\u00f6r\u00f6k\",\"@id\":\"https:\\\/\\\/www.kosiceregion.com\\\/#\\\/schema\\\/person\\\/c165be3d928462a4f7283533e3fa9f87\"},\"headline\":\"\u017divot dobrodruhov: Lu\u017en\u00e9 lesy pri Laborci\",\"datePublished\":\"2021-07-15T08:45:14+00:00\",\"dateModified\":\"2021-07-15T08:45:17+00:00\",\"mainEntityOfPage\":{\"@id\":\"https:\\\/\\\/www.kosiceregion.com\\\/hu\\\/zivot-dobrodruhov-luzne-lesy-pri-laborci\\\/\"},\"wordCount\":582,\"publisher\":{\"@id\":\"https:\\\/\\\/www.kosiceregion.com\\\/#organization\"},\"image\":{\"@id\":\"https:\\\/\\\/www.kosiceregion.com\\\/hu\\\/zivot-dobrodruhov-luzne-lesy-pri-laborci\\\/#primaryimage\"},\"thumbnailUrl\":\"https:\\\/\\\/www.kosiceregion.com\\\/wp-content\\\/uploads\\\/2021\\\/07\\\/titulka-1-scaled.jpg\",\"keywords\":[\"laborec\",\"lu\u017en\u00fd les\"],\"articleSection\":[\"In\u0161piruj sa\"],\"inLanguage\":\"pl-PL\"},{\"@type\":\"WebPage\",\"@id\":\"https:\\\/\\\/www.kosiceregion.com\\\/hu\\\/zivot-dobrodruhov-luzne-lesy-pri-laborci\\\/\",\"url\":\"https:\\\/\\\/www.kosiceregion.com\\\/hu\\\/zivot-dobrodruhov-luzne-lesy-pri-laborci\\\/\",\"name\":\"\u017divot dobrodruhov: Lu\u017en\u00e9 lesy pri Laborci - Ko\u0161ice Regi\u00f3n\",\"isPartOf\":{\"@id\":\"https:\\\/\\\/www.kosiceregion.com\\\/#website\"},\"primaryImageOfPage\":{\"@id\":\"https:\\\/\\\/www.kosiceregion.com\\\/hu\\\/zivot-dobrodruhov-luzne-lesy-pri-laborci\\\/#primaryimage\"},\"image\":{\"@id\":\"https:\\\/\\\/www.kosiceregion.com\\\/hu\\\/zivot-dobrodruhov-luzne-lesy-pri-laborci\\\/#primaryimage\"},\"thumbnailUrl\":\"https:\\\/\\\/www.kosiceregion.com\\\/wp-content\\\/uploads\\\/2021\\\/07\\\/titulka-1-scaled.jpg\",\"datePublished\":\"2021-07-15T08:45:14+00:00\",\"dateModified\":\"2021-07-15T08:45:17+00:00\",\"description\":\"M\u00e1te chu\u0165 na zmenu? Chcete vidie\u0165 aj nie\u010do in\u00e9 ako s\u00fa hory \u010di ka\u0148ony? Ak sa budete nach\u00e1dza\u0165 v&nbsp;okol\u00ed Str\u00e1\u017eskeho, rozhodne sa zastavte a&nbsp;spravte\",\"breadcrumb\":{\"@id\":\"https:\\\/\\\/www.kosiceregion.com\\\/hu\\\/zivot-dobrodruhov-luzne-lesy-pri-laborci\\\/#breadcrumb\"},\"inLanguage\":\"pl-PL\",\"potentialAction\":[{\"@type\":\"ReadAction\",\"target\":[\"https:\\\/\\\/www.kosiceregion.com\\\/hu\\\/zivot-dobrodruhov-luzne-lesy-pri-laborci\\\/\"]}]},{\"@type\":\"ImageObject\",\"inLanguage\":\"pl-PL\",\"@id\":\"https:\\\/\\\/www.kosiceregion.com\\\/hu\\\/zivot-dobrodruhov-luzne-lesy-pri-laborci\\\/#primaryimage\",\"url\":\"https:\\\/\\\/www.kosiceregion.com\\\/wp-content\\\/uploads\\\/2021\\\/07\\\/titulka-1-scaled.jpg\",\"contentUrl\":\"https:\\\/\\\/www.kosiceregion.com\\\/wp-content\\\/uploads\\\/2021\\\/07\\\/titulka-1-scaled.jpg\",\"width\":2560,\"height\":1707},{\"@type\":\"BreadcrumbList\",\"@id\":\"https:\\\/\\\/www.kosiceregion.com\\\/hu\\\/zivot-dobrodruhov-luzne-lesy-pri-laborci\\\/#breadcrumb\",\"itemListElement\":[{\"@type\":\"ListItem\",\"position\":1,\"name\":\"Home\",\"item\":\"https:\\\/\\\/www.kosiceregion.com\\\/sk\\\/\"},{\"@type\":\"ListItem\",\"position\":2,\"name\":\"\u017divot dobrodruhov: Lu\u017en\u00e9 lesy pri Laborci\"}]},{\"@type\":\"WebSite\",\"@id\":\"https:\\\/\\\/www.kosiceregion.com\\\/#website\",\"url\":\"https:\\\/\\\/www.kosiceregion.com\\\/\",\"name\":\"Ko\u0161ice Regi\u00f3n\",\"description\":\"Turistick\u00fd sprievodca Ko\u0161ick\u00fdm krajom\",\"publisher\":{\"@id\":\"https:\\\/\\\/www.kosiceregion.com\\\/#organization\"},\"potentialAction\":[{\"@type\":\"SearchAction\",\"target\":{\"@type\":\"EntryPoint\",\"urlTemplate\":\"https:\\\/\\\/www.kosiceregion.com\\\/?s={search_term_string}\"},\"query-input\":{\"@type\":\"PropertyValueSpecification\",\"valueRequired\":true,\"valueName\":\"search_term_string\"}}],\"inLanguage\":\"pl-PL\"},{\"@type\":\"Organization\",\"@id\":\"https:\\\/\\\/www.kosiceregion.com\\\/#organization\",\"name\":\"Ko\u0161ice Regi\u00f3n Turizmus\",\"url\":\"https:\\\/\\\/www.kosiceregion.com\\\/\",\"logo\":{\"@type\":\"ImageObject\",\"inLanguage\":\"pl-PL\",\"@id\":\"https:\\\/\\\/www.kosiceregion.com\\\/#\\\/schema\\\/logo\\\/image\\\/\",\"url\":\"https:\\\/\\\/www.kosiceregion.com\\\/wp-content\\\/uploads\\\/2019\\\/03\\\/logo-web-sk.png\",\"contentUrl\":\"https:\\\/\\\/www.kosiceregion.com\\\/wp-content\\\/uploads\\\/2019\\\/03\\\/logo-web-sk.png\",\"width\":225,\"height\":100,\"caption\":\"Ko\u0161ice Regi\u00f3n Turizmus\"},\"image\":{\"@id\":\"https:\\\/\\\/www.kosiceregion.com\\\/#\\\/schema\\\/logo\\\/image\\\/\"},\"sameAs\":[\"https:\\\/\\\/www.facebook.com\\\/kosiceregion\",\"https:\\\/\\\/x.com\\\/KOSICEREGION\",\"https:\\\/\\\/www.instagram.com\\\/kosiceregion\",\"https:\\\/\\\/www.youtube.com\\\/kosiceregion\"]},{\"@type\":\"Person\",\"@id\":\"https:\\\/\\\/www.kosiceregion.com\\\/#\\\/schema\\\/person\\\/c165be3d928462a4f7283533e3fa9f87\",\"name\":\"Attila T\u00f6r\u00f6k\",\"image\":{\"@type\":\"ImageObject\",\"inLanguage\":\"pl-PL\",\"@id\":\"https:\\\/\\\/secure.gravatar.com\\\/avatar\\\/7536520a24f54162948fc01f9d450948fd7df6ba020d0e39b69d3dcb7e39ee10?s=96&d=mm&r=g\",\"url\":\"https:\\\/\\\/secure.gravatar.com\\\/avatar\\\/7536520a24f54162948fc01f9d450948fd7df6ba020d0e39b69d3dcb7e39ee10?s=96&d=mm&r=g\",\"contentUrl\":\"https:\\\/\\\/secure.gravatar.com\\\/avatar\\\/7536520a24f54162948fc01f9d450948fd7df6ba020d0e39b69d3dcb7e39ee10?s=96&d=mm&r=g\",\"caption\":\"Attila T\u00f6r\u00f6k\"}}]}<\/script>\n<!-- \/ Yoast SEO Premium plugin. -->","yoast_head_json":{"title":"Ko\u0161ice Regi\u00f3n","description":"M\u00e1te chu\u0165 na zmenu? Chcete vidie\u0165 aj nie\u010do in\u00e9 ako s\u00fa hory \u010di ka\u0148ony? Ak sa budete nach\u00e1dza\u0165 v&nbsp;okol\u00ed Str\u00e1\u017eskeho, rozhodne sa zastavte a&nbsp;spravte si men\u0161iu prech\u00e1dzku cez Lu\u017en\u00e9 lesy. Trocha sa v&nbsp;tieni stromov\u2026","robots":{"index":"index","follow":"follow","max-snippet":"max-snippet:-1","max-image-preview":"max-image-preview:large","max-video-preview":"max-video-preview:-1"},"canonical":"https:\/\/www.kosiceregion.com\/hu\/zivot-dobrodruhov-luzne-lesy-pri-laborci\/","og_locale":"pl_PL","og_type":"article","og_title":"\u017divot dobrodruhov: Lu\u017en\u00e9 lesy pri Laborci","og_description":"M\u00e1te chu\u0165 na zmenu? Chcete vidie\u0165 aj nie\u010do in\u00e9 ako s\u00fa hory \u010di ka\u0148ony? Ak sa budete nach\u00e1dza\u0165 v&nbsp;okol\u00ed Str\u00e1\u017eskeho, rozhodne sa zastavte a&nbsp;spravte","og_url":"https:\/\/www.kosiceregion.com\/pl\/wp-json\/wp\/v2\/posts\/6979","og_site_name":"Ko\u0161ice Regi\u00f3n","article_publisher":"https:\/\/www.facebook.com\/kosiceregion","article_published_time":"2021-07-15T08:45:14+00:00","article_modified_time":"2021-07-15T08:45:17+00:00","og_image":[{"width":2560,"height":1707,"url":"https:\/\/www.kosiceregion.com\/wp-content\/uploads\/2021\/07\/titulka-1-scaled.jpg","type":"image\/jpeg"}],"author":"Attila T\u00f6r\u00f6k","twitter_card":"summary_large_image","twitter_creator":"@KOSICEREGION","twitter_site":"@KOSICEREGION","twitter_misc":{"Napisane przez":"Attila T\u00f6r\u00f6k","Szacowany czas czytania":"5 minutes"},"schema":{"@context":"https:\/\/schema.org","@graph":[{"@type":"Article","@id":"https:\/\/www.kosiceregion.com\/hu\/zivot-dobrodruhov-luzne-lesy-pri-laborci\/#article","isPartOf":{"@id":"https:\/\/www.kosiceregion.com\/hu\/zivot-dobrodruhov-luzne-lesy-pri-laborci\/"},"author":{"name":"Attila T\u00f6r\u00f6k","@id":"https:\/\/www.kosiceregion.com\/#\/schema\/person\/c165be3d928462a4f7283533e3fa9f87"},"headline":"\u017divot dobrodruhov: Lu\u017en\u00e9 lesy pri Laborci","datePublished":"2021-07-15T08:45:14+00:00","dateModified":"2021-07-15T08:45:17+00:00","mainEntityOfPage":{"@id":"https:\/\/www.kosiceregion.com\/hu\/zivot-dobrodruhov-luzne-lesy-pri-laborci\/"},"wordCount":582,"publisher":{"@id":"https:\/\/www.kosiceregion.com\/#organization"},"image":{"@id":"https:\/\/www.kosiceregion.com\/hu\/zivot-dobrodruhov-luzne-lesy-pri-laborci\/#primaryimage"},"thumbnailUrl":"https:\/\/www.kosiceregion.com\/wp-content\/uploads\/2021\/07\/titulka-1-scaled.jpg","keywords":["laborec","lu\u017en\u00fd les"],"articleSection":["In\u0161piruj sa"],"inLanguage":"pl-PL"},{"@type":"WebPage","@id":"https:\/\/www.kosiceregion.com\/hu\/zivot-dobrodruhov-luzne-lesy-pri-laborci\/","url":"https:\/\/www.kosiceregion.com\/hu\/zivot-dobrodruhov-luzne-lesy-pri-laborci\/","name":"\u017divot dobrodruhov: Lu\u017en\u00e9 lesy pri Laborci - Ko\u0161ice Regi\u00f3n","isPartOf":{"@id":"https:\/\/www.kosiceregion.com\/#website"},"primaryImageOfPage":{"@id":"https:\/\/www.kosiceregion.com\/hu\/zivot-dobrodruhov-luzne-lesy-pri-laborci\/#primaryimage"},"image":{"@id":"https:\/\/www.kosiceregion.com\/hu\/zivot-dobrodruhov-luzne-lesy-pri-laborci\/#primaryimage"},"thumbnailUrl":"https:\/\/www.kosiceregion.com\/wp-content\/uploads\/2021\/07\/titulka-1-scaled.jpg","datePublished":"2021-07-15T08:45:14+00:00","dateModified":"2021-07-15T08:45:17+00:00","description":"M\u00e1te chu\u0165 na zmenu? Chcete vidie\u0165 aj nie\u010do in\u00e9 ako s\u00fa hory \u010di ka\u0148ony? Ak sa budete nach\u00e1dza\u0165 v&nbsp;okol\u00ed Str\u00e1\u017eskeho, rozhodne sa zastavte a&nbsp;spravte","breadcrumb":{"@id":"https:\/\/www.kosiceregion.com\/hu\/zivot-dobrodruhov-luzne-lesy-pri-laborci\/#breadcrumb"},"inLanguage":"pl-PL","potentialAction":[{"@type":"ReadAction","target":["https:\/\/www.kosiceregion.com\/hu\/zivot-dobrodruhov-luzne-lesy-pri-laborci\/"]}]},{"@type":"ImageObject","inLanguage":"pl-PL","@id":"https:\/\/www.kosiceregion.com\/hu\/zivot-dobrodruhov-luzne-lesy-pri-laborci\/#primaryimage","url":"https:\/\/www.kosiceregion.com\/wp-content\/uploads\/2021\/07\/titulka-1-scaled.jpg","contentUrl":"https:\/\/www.kosiceregion.com\/wp-content\/uploads\/2021\/07\/titulka-1-scaled.jpg","width":2560,"height":1707},{"@type":"BreadcrumbList","@id":"https:\/\/www.kosiceregion.com\/hu\/zivot-dobrodruhov-luzne-lesy-pri-laborci\/#breadcrumb","itemListElement":[{"@type":"ListItem","position":1,"name":"Home","item":"https:\/\/www.kosiceregion.com\/sk\/"},{"@type":"ListItem","position":2,"name":"\u017divot dobrodruhov: Lu\u017en\u00e9 lesy pri Laborci"}]},{"@type":"WebSite","@id":"https:\/\/www.kosiceregion.com\/#website","url":"https:\/\/www.kosiceregion.com\/","name":"Ko\u0161ice Regi\u00f3n","description":"Turistick\u00fd sprievodca Ko\u0161ick\u00fdm krajom","publisher":{"@id":"https:\/\/www.kosiceregion.com\/#organization"},"potentialAction":[{"@type":"SearchAction","target":{"@type":"EntryPoint","urlTemplate":"https:\/\/www.kosiceregion.com\/?s={search_term_string}"},"query-input":{"@type":"PropertyValueSpecification","valueRequired":true,"valueName":"search_term_string"}}],"inLanguage":"pl-PL"},{"@type":"Organization","@id":"https:\/\/www.kosiceregion.com\/#organization","name":"Ko\u0161ice Regi\u00f3n Turizmus","url":"https:\/\/www.kosiceregion.com\/","logo":{"@type":"ImageObject","inLanguage":"pl-PL","@id":"https:\/\/www.kosiceregion.com\/#\/schema\/logo\/image\/","url":"https:\/\/www.kosiceregion.com\/wp-content\/uploads\/2019\/03\/logo-web-sk.png","contentUrl":"https:\/\/www.kosiceregion.com\/wp-content\/uploads\/2019\/03\/logo-web-sk.png","width":225,"height":100,"caption":"Ko\u0161ice Regi\u00f3n Turizmus"},"image":{"@id":"https:\/\/www.kosiceregion.com\/#\/schema\/logo\/image\/"},"sameAs":["https:\/\/www.facebook.com\/kosiceregion","https:\/\/x.com\/KOSICEREGION","https:\/\/www.instagram.com\/kosiceregion","https:\/\/www.youtube.com\/kosiceregion"]},{"@type":"Person","@id":"https:\/\/www.kosiceregion.com\/#\/schema\/person\/c165be3d928462a4f7283533e3fa9f87","name":"Attila T\u00f6r\u00f6k","image":{"@type":"ImageObject","inLanguage":"pl-PL","@id":"https:\/\/secure.gravatar.com\/avatar\/7536520a24f54162948fc01f9d450948fd7df6ba020d0e39b69d3dcb7e39ee10?s=96&d=mm&r=g","url":"https:\/\/secure.gravatar.com\/avatar\/7536520a24f54162948fc01f9d450948fd7df6ba020d0e39b69d3dcb7e39ee10?s=96&d=mm&r=g","contentUrl":"https:\/\/secure.gravatar.com\/avatar\/7536520a24f54162948fc01f9d450948fd7df6ba020d0e39b69d3dcb7e39ee10?s=96&d=mm&r=g","caption":"Attila T\u00f6r\u00f6k"}}]}},"_links":{"self":[{"href":"https:\/\/www.kosiceregion.com\/pl\/wp-json\/wp\/v2\/posts\/6979","targetHints":{"allow":["GET"]}}],"collection":[{"href":"https:\/\/www.kosiceregion.com\/pl\/wp-json\/wp\/v2\/posts"}],"about":[{"href":"https:\/\/www.kosiceregion.com\/pl\/wp-json\/wp\/v2\/types\/post"}],"author":[{"embeddable":true,"href":"https:\/\/www.kosiceregion.com\/pl\/wp-json\/wp\/v2\/users\/10"}],"replies":[{"embeddable":true,"href":"https:\/\/www.kosiceregion.com\/pl\/wp-json\/wp\/v2\/comments?post=6979"}],"version-history":[{"count":4,"href":"https:\/\/www.kosiceregion.com\/pl\/wp-json\/wp\/v2\/posts\/6979\/revisions"}],"predecessor-version":[{"id":6996,"href":"https:\/\/www.kosiceregion.com\/pl\/wp-json\/wp\/v2\/posts\/6979\/revisions\/6996"}],"wp:featuredmedia":[{"embeddable":true,"href":"https:\/\/www.kosiceregion.com\/pl\/wp-json\/wp\/v2\/media\/6984"}],"wp:attachment":[{"href":"https:\/\/www.kosiceregion.com\/pl\/wp-json\/wp\/v2\/media?parent=6979"}],"wp:term":[{"taxonomy":"category","embeddable":true,"href":"https:\/\/www.kosiceregion.com\/pl\/wp-json\/wp\/v2\/categories?post=6979"},{"taxonomy":"post_tag","embeddable":true,"href":"https:\/\/www.kosiceregion.com\/pl\/wp-json\/wp\/v2\/tags?post=6979"}],"curies":[{"name":"wp","href":"https:\/\/api.w.org\/{rel}","templated":true}]}}