{"id":7478,"date":"2021-09-13T15:37:17","date_gmt":"2021-09-13T13:37:17","guid":{"rendered":"https:\/\/www.kosiceregion.com\/sk\/?p=7478"},"modified":"2021-09-13T15:37:19","modified_gmt":"2021-09-13T13:37:19","slug":"","status":"publish","type":"post","link":"https:\/\/www.kosiceregion.com\/pl\/okolo-slovenska-svetovy-peloton-povedie-od-vychod-az-na-zapad\/","title":{"rendered":"","raw":""},"content":{"rendered":"","protected":false,"raw":""},"excerpt":{"rendered":"","protected":false,"raw":""},"author":10,"featured_media":7479,"comment_status":"closed","ping_status":"closed","sticky":false,"template":"","format":"standard","meta":{"_acf_changed":false,"_sk_post_content":"<!-- wp:tadv\/classic-paragraph -->\n<p style=\"text-align: justify;\">Medzin\u00e1rodn\u00e9 cyklistick\u00e9 preteky <a href=\"https:\/\/www.okoloslovenska.com\/\">Okolo Slovenska<\/a> aktu\u00e1lne predstavuj\u00fa najv\u00fdznamnej\u0161ie etapov\u00e9 meranie s\u00edl u\u00a0n\u00e1s, na Slovensku. U\u017e <strong>15. septembra 2021<\/strong> sa za\u010dne 65. ro\u010dn\u00edk, na ktorom bud\u00fa n\u00e1v\u0161tevn\u00edci m\u00f4c\u0165 stretn\u00fa\u0165 medzin\u00e1rodn\u00fd pelot\u00f3n \u0161pi\u010dkov\u00fdch jazdcov na trase Ko\u0161ice \u2013 Spi\u0161sk\u00e9 Podhradie \u2013 Doln\u00fd Kub\u00edn \u2013 Pova\u017esk\u00e1 Bystrica \u2013 Tren\u010dianske Teplice \u2013 Trnava. Na slovensk\u00fdch cest\u00e1ch m\u00f4\u017eu div\u00e1ci stretn\u00fa\u0165, ako s\u00fa\u010das\u0165 pelot\u00f3nu, jazdcov ako Peter Sagan, Chris Froome, Cees Bol alebo Jai Hindley.<\/p>\n<!-- \/wp:tadv\/classic-paragraph -->\n\n<!-- wp:image {\"id\":7480,\"sizeSlug\":\"large\",\"linkDestination\":\"none\"} -->\n<figure class=\"wp-block-image size-large\"><img src=\"https:\/\/www.kosiceregion.com\/wp-content\/uploads\/2021\/09\/119991241_4430449333662981_3493617995649865427_n-1024x683.jpg\" alt=\"\" class=\"wp-image-7480\"\/><figcaption>Zdroj foto: Okolo Slovenska<\/figcaption><\/figure>\n<!-- \/wp:image -->\n\n<!-- wp:tadv\/classic-paragraph -->\n<p style=\"text-align: justify;\">Celkov\u00e1 trasa, ktor\u00e1 na cyklistov \u010dak\u00e1, je dlh\u00e1 692,1 kilometrov. Najv\u00e4\u010d\u0161ie cyklistick\u00e9 preteky na Slovensku pozost\u00e1vaj\u00fa zo \u0161tyroch rovinat\u00fdch a\u017e kopcovit\u00fdch et\u00e1p a\u00a0jedn\u00e9ho \u00favodn\u00e9ho prol\u00f3gu, ktor\u00fd bude realizovan\u00fd priamo v\u00a0Ko\u0161iciach.<\/p>\n<!-- \/wp:tadv\/classic-paragraph -->\n\n<!-- wp:image {\"id\":7481,\"sizeSlug\":\"large\",\"linkDestination\":\"none\"} -->\n<figure class=\"wp-block-image size-large\"><img src=\"https:\/\/www.kosiceregion.com\/wp-content\/uploads\/2021\/09\/119914660_4445884732119441_2092000287146751899_n-1-1024x684.jpg\" alt=\"\" class=\"wp-image-7481\"\/><figcaption>Zdroj foto: Okolo Slovenska<\/figcaption><\/figure>\n<!-- \/wp:image -->\n\n<!-- wp:heading -->\n<h2>Preteky Okolo Slovenska v Ko\u0161ickom kraji<\/h2>\n<!-- \/wp:heading -->\n\n<!-- wp:tadv\/classic-paragraph -->\n<p style=\"text-align: justify;\">Preteky od\u0161tartuj\u00fa v\u00a0stredu 15. septembra sprievodn\u00fdm kult\u00farnym programom. Od 14:00 bude prebieha\u0165 na Hlavnej ulici v\u00a0Ko\u0161iciach prezent\u00e1cia t\u00edmov a\u00a0o\u00a016:15 je napl\u00e1novan\u00fd \u0161tart prol\u00f3gu, taktie\u017e v\u00a0historickom centre Ko\u0161\u00edc.<\/p>\n<p style=\"text-align: justify;\">\u00a0<\/p>\n<p style=\"text-align: justify;\"><strong>15.9.2021 o 14:00 - Prestavenie t\u00edmov, Hlavn\u00e1 ulica, Ko\u0161ice<\/strong><\/p>\n<p style=\"text-align: justify;\"><strong>15.9.2021 o 16:15 - \u0160tart prol\u00f3gu po Hlavnej ulici, Ko\u0161ice<\/strong><\/p>\n<p style=\"text-align: justify;\"><strong>16.9.2021 o 13:30 - Sl\u00e1vnostn\u00fd \u0161tart 1. etapy<\/strong><\/p>\n<p style=\"text-align: justify;\">\u00a0<\/p>\n<p style=\"text-align: justify;\">Na <a href=\"https:\/\/www.okoloslovenska.com\/sk\/rocniky\/65-rocnik\/etapy\/prolog\">prol\u00f3g<\/a> nadvia\u017ee hne\u010f nasleduj\u00faci de\u0148 ofici\u00e1lny \u0161tart 1. etapy o 13:30, taktie\u017e v Ko\u0161iciach. \u0160tart aj cie\u013e <a href=\"https:\/\/www.okoloslovenska.com\/sk\/rocniky\/65-rocnik\/etapy\/1-etapa\">1. etapy<\/a> bude ma\u0165 miesto na Roosveltovej ulici pred hotelom DoubleTree by Hilton. Pr\u00e1ve Ko\u0161ick\u00fd kraj je dejiskom celej prvej etapy, ktorej d\u013a\u017eka predstavuje 158,4 kilometrov. Trasa obsahuje tri r\u00fdchlostn\u00e9 pr\u00e9mie \u2013 Medzev, Margecany, Gelnica a 4 horsk\u00e9 pr\u00e9mie \u2013 2x okolo Bukovca, \u0160t\u00f3s a Klenov.<\/p>\n<p style=\"text-align: justify;\">\u00a0<\/p>\n<p style=\"text-align: justify;\"><a href=\"https:\/\/www.okoloslovenska.com\/sk\/rocniky\/65-rocnik\/etapy\/2-etapa\">Druh\u00e1 etapa<\/a> rovnako povedie \u010diasto\u010dne cez Ko\u0161ick\u00fd kraj, so \u0161tartom pod Spi\u0161sk\u00fdm hradom. N\u00e1sledne trasa prevedie cyklistov cez Levo\u010du, Spi\u0161sk\u00fa Nov\u00fa Ves, Vysok\u00e9 Tatry a\u017e na Oravu \u2013 do Doln\u00e9ho Kub\u00edna. Etapa bude ma\u0165 180 kilometrov. \u00a0<\/p>\n<!-- \/wp:tadv\/classic-paragraph -->\n\n<!-- wp:image {\"id\":7483,\"sizeSlug\":\"large\",\"linkDestination\":\"none\"} -->\n<figure class=\"wp-block-image size-large\"><img src=\"https:\/\/www.kosiceregion.com\/wp-content\/uploads\/2021\/09\/241302072_6075260912515140_9060979119886632342_n-1024x711.jpg\" alt=\"\" class=\"wp-image-7483\"\/><figcaption>Zdroj: Okolo Slovenska<\/figcaption><\/figure>\n<!-- \/wp:image -->\n\n<!-- wp:tadv\/classic-paragraph -->\n<p style=\"text-align: justify;\">S\u00fa\u010das\u0165ou cyklistick\u00fdch pretekov je aj zauj\u00edmav\u00fd sprievodn\u00fd program v\u00a0cie\u013eov\u00fdch mest\u00e1ch jednotliv\u00fdch et\u00e1p. Fan\u00fa\u0161ikovia sa m\u00f4\u017eu te\u0161i\u0165 na dar\u010deky z\u00a0reklamnej kol\u00f3ny, ktor\u00e1 zv\u00e4\u010d\u0161a p\u00f4jde trasou v\u00a0polhodinovom predstihu pred pelot\u00f3nom. Dar\u010deky bud\u00fa distribuovan\u00e9 v\u00a0niektor\u00fdch \u010dastiach popri trati, pr\u00edpadne v\u00a0cieli et\u00e1p.<\/p>\n<!-- \/wp:tadv\/classic-paragraph -->\n\n<!-- wp:image {\"id\":7482,\"sizeSlug\":\"large\",\"linkDestination\":\"none\"} -->\n<figure class=\"wp-block-image size-large\"><img src=\"https:\/\/www.kosiceregion.com\/wp-content\/uploads\/2021\/09\/120122173_4445882215453026_6397308491492327409_n-1024x684.jpg\" alt=\"\" class=\"wp-image-7482\"\/><figcaption>Zdroj foto: Okolo Slovenska<\/figcaption><\/figure>\n<!-- \/wp:image -->\n\n<!-- wp:tadv\/classic-paragraph -->\n<p style=\"text-align: justify;\">Novou atrakciou oproti predo\u0161l\u00fdm ro\u010dn\u00edkom, na ktor\u00fa sa n\u00e1v\u0161tevn\u00edci pretekov m\u00f4\u017eu te\u0161i\u0165, bude konanie ob\u013e\u00fabenej jazdy pre fan\u00fa\u0161ikov v\u00a0ka\u017edom cie\u013eovom etapovom meste.<\/p>\n<!-- \/wp:tadv\/classic-paragraph -->","_sk_post_name":"okolo-slovenska-svetovy-peloton-povedie-od-vychod-az-na-zapad","_sk_post_excerpt":"","_sk_post_title":"Okolo Slovenska: svetov\u00fd pelot\u00f3n povedie od v\u00fdchod a\u017e na z\u00e1pad","_en_post_content":"","_en_post_name":"","_en_post_excerpt":"","_en_post_title":"","_hu_post_content":"","_hu_post_name":"","_hu_post_excerpt":"","_hu_post_title":"","_es_post_content":"","_es_post_name":"","_es_post_excerpt":"","_es_post_title":"","_de_post_content":"","_de_post_name":"","_de_post_excerpt":"","_de_post_title":"","_pl_post_content":"","_pl_post_name":"","_pl_post_excerpt":"","_pl_post_title":"","_it_post_content":"","_it_post_name":"","_it_post_excerpt":"","_it_post_title":"","edit_language":"pl","footnotes":""},"categories":[22],"tags":[],"class_list":["post-7478","post","type-post","status-publish","format-standard","has-post-thumbnail","hentry","category-get-inspired"],"acf":[],"yoast_head":"<!-- This site is optimized with the Yoast SEO Premium plugin v25.5 (Yoast SEO v27.4) - https:\/\/yoast.com\/product\/yoast-seo-premium-wordpress\/ -->\n<title>Ko\u0161ice Regi\u00f3n<\/title>\n<meta name=\"description\" content=\"Medzin\u00e1rodn\u00e9 cyklistick\u00e9 preteky Okolo Slovenska aktu\u00e1lne predstavuj\u00fa najv\u00fdznamnej\u0161ie etapov\u00e9 meranie s\u00edl u\u00a0n\u00e1s, na Slovensku. U\u017e 15. septembra 2021 sa za\u010dne 65. ro\u010dn\u00edk, na ktorom bud\u00fa n\u00e1v\u0161tevn\u00edci m\u00f4c\u0165 stretn\u00fa\u0165\u2026\" \/>\n<meta name=\"robots\" content=\"index, follow, max-snippet:-1, max-image-preview:large, max-video-preview:-1\" \/>\n<link rel=\"canonical\" href=\"https:\/\/www.kosiceregion.com\/hu\/okolo-slovenska-svetovy-peloton-povedie-od-vychod-az-na-zapad\/\" \/>\n<meta property=\"og:locale\" content=\"pl_PL\" \/>\n<meta property=\"og:type\" content=\"article\" \/>\n<meta property=\"og:title\" content=\"Okolo Slovenska: svetov\u00fd pelot\u00f3n povedie od v\u00fdchod a\u017e na z\u00e1pad\" \/>\n<meta property=\"og:description\" content=\"Medzin\u00e1rodn\u00e9 cyklistick\u00e9 preteky Okolo Slovenska aktu\u00e1lne predstavuj\u00fa najv\u00fdznamnej\u0161ie etapov\u00e9 meranie s\u00edl u\u00a0n\u00e1s, na Slovensku. U\u017e 15. septembra 2021 sa\" \/>\n<meta property=\"og:url\" content=\"https:\/\/www.kosiceregion.com\/pl\/wp-json\/wp\/v2\/posts\/7478\" \/>\n<meta property=\"og:site_name\" content=\"Ko\u0161ice Regi\u00f3n\" \/>\n<meta property=\"article:publisher\" content=\"https:\/\/www.facebook.com\/kosiceregion\" \/>\n<meta property=\"article:published_time\" content=\"2021-09-13T13:37:17+00:00\" \/>\n<meta property=\"article:modified_time\" content=\"2021-09-13T13:37:19+00:00\" \/>\n<meta property=\"og:image\" content=\"https:\/\/www.kosiceregion.com\/wp-content\/uploads\/2021\/09\/119914660_4445884732119441_2092000287146751899_n.jpg\" \/>\n\t<meta property=\"og:image:width\" content=\"1700\" \/>\n\t<meta property=\"og:image:height\" content=\"1135\" \/>\n\t<meta property=\"og:image:type\" content=\"image\/jpeg\" \/>\n<meta name=\"author\" content=\"Attila T\u00f6r\u00f6k\" \/>\n<meta name=\"twitter:card\" content=\"summary_large_image\" \/>\n<meta name=\"twitter:creator\" content=\"@KOSICEREGION\" \/>\n<meta name=\"twitter:site\" content=\"@KOSICEREGION\" \/>\n<meta name=\"twitter:label1\" content=\"Napisane przez\" \/>\n\t<meta name=\"twitter:data1\" content=\"Attila T\u00f6r\u00f6k\" \/>\n\t<meta name=\"twitter:label2\" content=\"Szacowany czas czytania\" \/>\n\t<meta name=\"twitter:data2\" content=\"3 minutes\" \/>\n<script type=\"application\/ld+json\" class=\"yoast-schema-graph\">{\"@context\":\"https:\\\/\\\/schema.org\",\"@graph\":[{\"@type\":\"Article\",\"@id\":\"https:\\\/\\\/www.kosiceregion.com\\\/hu\\\/okolo-slovenska-svetovy-peloton-povedie-od-vychod-az-na-zapad\\\/#article\",\"isPartOf\":{\"@id\":\"https:\\\/\\\/www.kosiceregion.com\\\/hu\\\/okolo-slovenska-svetovy-peloton-povedie-od-vychod-az-na-zapad\\\/\"},\"author\":{\"name\":\"Attila T\u00f6r\u00f6k\",\"@id\":\"https:\\\/\\\/www.kosiceregion.com\\\/#\\\/schema\\\/person\\\/c165be3d928462a4f7283533e3fa9f87\"},\"headline\":\"Okolo Slovenska: svetov\u00fd pelot\u00f3n povedie od v\u00fdchod a\u017e na z\u00e1pad\",\"datePublished\":\"2021-09-13T13:37:17+00:00\",\"dateModified\":\"2021-09-13T13:37:19+00:00\",\"mainEntityOfPage\":{\"@id\":\"https:\\\/\\\/www.kosiceregion.com\\\/hu\\\/okolo-slovenska-svetovy-peloton-povedie-od-vychod-az-na-zapad\\\/\"},\"wordCount\":440,\"publisher\":{\"@id\":\"https:\\\/\\\/www.kosiceregion.com\\\/#organization\"},\"image\":{\"@id\":\"https:\\\/\\\/www.kosiceregion.com\\\/hu\\\/okolo-slovenska-svetovy-peloton-povedie-od-vychod-az-na-zapad\\\/#primaryimage\"},\"thumbnailUrl\":\"https:\\\/\\\/www.kosiceregion.com\\\/wp-content\\\/uploads\\\/2021\\\/09\\\/119914660_4445884732119441_2092000287146751899_n.jpg\",\"articleSection\":[\"In\u0161piruj sa\"],\"inLanguage\":\"pl-PL\"},{\"@type\":\"WebPage\",\"@id\":\"https:\\\/\\\/www.kosiceregion.com\\\/hu\\\/okolo-slovenska-svetovy-peloton-povedie-od-vychod-az-na-zapad\\\/\",\"url\":\"https:\\\/\\\/www.kosiceregion.com\\\/hu\\\/okolo-slovenska-svetovy-peloton-povedie-od-vychod-az-na-zapad\\\/\",\"name\":\"Okolo Slovenska: svetov\u00fd pelot\u00f3n povedie od v\u00fdchod a\u017e na z\u00e1pad - Ko\u0161ice Regi\u00f3n\",\"isPartOf\":{\"@id\":\"https:\\\/\\\/www.kosiceregion.com\\\/#website\"},\"primaryImageOfPage\":{\"@id\":\"https:\\\/\\\/www.kosiceregion.com\\\/hu\\\/okolo-slovenska-svetovy-peloton-povedie-od-vychod-az-na-zapad\\\/#primaryimage\"},\"image\":{\"@id\":\"https:\\\/\\\/www.kosiceregion.com\\\/hu\\\/okolo-slovenska-svetovy-peloton-povedie-od-vychod-az-na-zapad\\\/#primaryimage\"},\"thumbnailUrl\":\"https:\\\/\\\/www.kosiceregion.com\\\/wp-content\\\/uploads\\\/2021\\\/09\\\/119914660_4445884732119441_2092000287146751899_n.jpg\",\"datePublished\":\"2021-09-13T13:37:17+00:00\",\"dateModified\":\"2021-09-13T13:37:19+00:00\",\"description\":\"Medzin\u00e1rodn\u00e9 cyklistick\u00e9 preteky Okolo Slovenska aktu\u00e1lne predstavuj\u00fa najv\u00fdznamnej\u0161ie etapov\u00e9 meranie s\u00edl u\u00a0n\u00e1s, na Slovensku. U\u017e 15. septembra 2021 sa\",\"breadcrumb\":{\"@id\":\"https:\\\/\\\/www.kosiceregion.com\\\/hu\\\/okolo-slovenska-svetovy-peloton-povedie-od-vychod-az-na-zapad\\\/#breadcrumb\"},\"inLanguage\":\"pl-PL\",\"potentialAction\":[{\"@type\":\"ReadAction\",\"target\":[\"https:\\\/\\\/www.kosiceregion.com\\\/hu\\\/okolo-slovenska-svetovy-peloton-povedie-od-vychod-az-na-zapad\\\/\"]}]},{\"@type\":\"ImageObject\",\"inLanguage\":\"pl-PL\",\"@id\":\"https:\\\/\\\/www.kosiceregion.com\\\/hu\\\/okolo-slovenska-svetovy-peloton-povedie-od-vychod-az-na-zapad\\\/#primaryimage\",\"url\":\"https:\\\/\\\/www.kosiceregion.com\\\/wp-content\\\/uploads\\\/2021\\\/09\\\/119914660_4445884732119441_2092000287146751899_n.jpg\",\"contentUrl\":\"https:\\\/\\\/www.kosiceregion.com\\\/wp-content\\\/uploads\\\/2021\\\/09\\\/119914660_4445884732119441_2092000287146751899_n.jpg\",\"width\":1700,\"height\":1135},{\"@type\":\"BreadcrumbList\",\"@id\":\"https:\\\/\\\/www.kosiceregion.com\\\/hu\\\/okolo-slovenska-svetovy-peloton-povedie-od-vychod-az-na-zapad\\\/#breadcrumb\",\"itemListElement\":[{\"@type\":\"ListItem\",\"position\":1,\"name\":\"Home\",\"item\":\"https:\\\/\\\/www.kosiceregion.com\\\/sk\\\/\"},{\"@type\":\"ListItem\",\"position\":2,\"name\":\"Okolo Slovenska: svetov\u00fd pelot\u00f3n povedie od v\u00fdchod a\u017e na z\u00e1pad\"}]},{\"@type\":\"WebSite\",\"@id\":\"https:\\\/\\\/www.kosiceregion.com\\\/#website\",\"url\":\"https:\\\/\\\/www.kosiceregion.com\\\/\",\"name\":\"Ko\u0161ice Regi\u00f3n\",\"description\":\"Turistick\u00fd sprievodca Ko\u0161ick\u00fdm krajom\",\"publisher\":{\"@id\":\"https:\\\/\\\/www.kosiceregion.com\\\/#organization\"},\"potentialAction\":[{\"@type\":\"SearchAction\",\"target\":{\"@type\":\"EntryPoint\",\"urlTemplate\":\"https:\\\/\\\/www.kosiceregion.com\\\/?s={search_term_string}\"},\"query-input\":{\"@type\":\"PropertyValueSpecification\",\"valueRequired\":true,\"valueName\":\"search_term_string\"}}],\"inLanguage\":\"pl-PL\"},{\"@type\":\"Organization\",\"@id\":\"https:\\\/\\\/www.kosiceregion.com\\\/#organization\",\"name\":\"Ko\u0161ice Regi\u00f3n Turizmus\",\"url\":\"https:\\\/\\\/www.kosiceregion.com\\\/\",\"logo\":{\"@type\":\"ImageObject\",\"inLanguage\":\"pl-PL\",\"@id\":\"https:\\\/\\\/www.kosiceregion.com\\\/#\\\/schema\\\/logo\\\/image\\\/\",\"url\":\"https:\\\/\\\/www.kosiceregion.com\\\/wp-content\\\/uploads\\\/2019\\\/03\\\/logo-web-sk.png\",\"contentUrl\":\"https:\\\/\\\/www.kosiceregion.com\\\/wp-content\\\/uploads\\\/2019\\\/03\\\/logo-web-sk.png\",\"width\":225,\"height\":100,\"caption\":\"Ko\u0161ice Regi\u00f3n Turizmus\"},\"image\":{\"@id\":\"https:\\\/\\\/www.kosiceregion.com\\\/#\\\/schema\\\/logo\\\/image\\\/\"},\"sameAs\":[\"https:\\\/\\\/www.facebook.com\\\/kosiceregion\",\"https:\\\/\\\/x.com\\\/KOSICEREGION\",\"https:\\\/\\\/www.instagram.com\\\/kosiceregion\",\"https:\\\/\\\/www.youtube.com\\\/kosiceregion\"]},{\"@type\":\"Person\",\"@id\":\"https:\\\/\\\/www.kosiceregion.com\\\/#\\\/schema\\\/person\\\/c165be3d928462a4f7283533e3fa9f87\",\"name\":\"Attila T\u00f6r\u00f6k\",\"image\":{\"@type\":\"ImageObject\",\"inLanguage\":\"pl-PL\",\"@id\":\"https:\\\/\\\/secure.gravatar.com\\\/avatar\\\/7536520a24f54162948fc01f9d450948fd7df6ba020d0e39b69d3dcb7e39ee10?s=96&d=mm&r=g\",\"url\":\"https:\\\/\\\/secure.gravatar.com\\\/avatar\\\/7536520a24f54162948fc01f9d450948fd7df6ba020d0e39b69d3dcb7e39ee10?s=96&d=mm&r=g\",\"contentUrl\":\"https:\\\/\\\/secure.gravatar.com\\\/avatar\\\/7536520a24f54162948fc01f9d450948fd7df6ba020d0e39b69d3dcb7e39ee10?s=96&d=mm&r=g\",\"caption\":\"Attila T\u00f6r\u00f6k\"}}]}<\/script>\n<!-- \/ Yoast SEO Premium plugin. -->","yoast_head_json":{"title":"Ko\u0161ice Regi\u00f3n","description":"Medzin\u00e1rodn\u00e9 cyklistick\u00e9 preteky Okolo Slovenska aktu\u00e1lne predstavuj\u00fa najv\u00fdznamnej\u0161ie etapov\u00e9 meranie s\u00edl u\u00a0n\u00e1s, na Slovensku. U\u017e 15. septembra 2021 sa za\u010dne 65. ro\u010dn\u00edk, na ktorom bud\u00fa n\u00e1v\u0161tevn\u00edci m\u00f4c\u0165 stretn\u00fa\u0165\u2026","robots":{"index":"index","follow":"follow","max-snippet":"max-snippet:-1","max-image-preview":"max-image-preview:large","max-video-preview":"max-video-preview:-1"},"canonical":"https:\/\/www.kosiceregion.com\/hu\/okolo-slovenska-svetovy-peloton-povedie-od-vychod-az-na-zapad\/","og_locale":"pl_PL","og_type":"article","og_title":"Okolo Slovenska: svetov\u00fd pelot\u00f3n povedie od v\u00fdchod a\u017e na z\u00e1pad","og_description":"Medzin\u00e1rodn\u00e9 cyklistick\u00e9 preteky Okolo Slovenska aktu\u00e1lne predstavuj\u00fa najv\u00fdznamnej\u0161ie etapov\u00e9 meranie s\u00edl u\u00a0n\u00e1s, na Slovensku. U\u017e 15. septembra 2021 sa","og_url":"https:\/\/www.kosiceregion.com\/pl\/wp-json\/wp\/v2\/posts\/7478","og_site_name":"Ko\u0161ice Regi\u00f3n","article_publisher":"https:\/\/www.facebook.com\/kosiceregion","article_published_time":"2021-09-13T13:37:17+00:00","article_modified_time":"2021-09-13T13:37:19+00:00","og_image":[{"width":1700,"height":1135,"url":"https:\/\/www.kosiceregion.com\/wp-content\/uploads\/2021\/09\/119914660_4445884732119441_2092000287146751899_n.jpg","type":"image\/jpeg"}],"author":"Attila T\u00f6r\u00f6k","twitter_card":"summary_large_image","twitter_creator":"@KOSICEREGION","twitter_site":"@KOSICEREGION","twitter_misc":{"Napisane przez":"Attila T\u00f6r\u00f6k","Szacowany czas czytania":"3 minutes"},"schema":{"@context":"https:\/\/schema.org","@graph":[{"@type":"Article","@id":"https:\/\/www.kosiceregion.com\/hu\/okolo-slovenska-svetovy-peloton-povedie-od-vychod-az-na-zapad\/#article","isPartOf":{"@id":"https:\/\/www.kosiceregion.com\/hu\/okolo-slovenska-svetovy-peloton-povedie-od-vychod-az-na-zapad\/"},"author":{"name":"Attila T\u00f6r\u00f6k","@id":"https:\/\/www.kosiceregion.com\/#\/schema\/person\/c165be3d928462a4f7283533e3fa9f87"},"headline":"Okolo Slovenska: svetov\u00fd pelot\u00f3n povedie od v\u00fdchod a\u017e na z\u00e1pad","datePublished":"2021-09-13T13:37:17+00:00","dateModified":"2021-09-13T13:37:19+00:00","mainEntityOfPage":{"@id":"https:\/\/www.kosiceregion.com\/hu\/okolo-slovenska-svetovy-peloton-povedie-od-vychod-az-na-zapad\/"},"wordCount":440,"publisher":{"@id":"https:\/\/www.kosiceregion.com\/#organization"},"image":{"@id":"https:\/\/www.kosiceregion.com\/hu\/okolo-slovenska-svetovy-peloton-povedie-od-vychod-az-na-zapad\/#primaryimage"},"thumbnailUrl":"https:\/\/www.kosiceregion.com\/wp-content\/uploads\/2021\/09\/119914660_4445884732119441_2092000287146751899_n.jpg","articleSection":["In\u0161piruj sa"],"inLanguage":"pl-PL"},{"@type":"WebPage","@id":"https:\/\/www.kosiceregion.com\/hu\/okolo-slovenska-svetovy-peloton-povedie-od-vychod-az-na-zapad\/","url":"https:\/\/www.kosiceregion.com\/hu\/okolo-slovenska-svetovy-peloton-povedie-od-vychod-az-na-zapad\/","name":"Okolo Slovenska: svetov\u00fd pelot\u00f3n povedie od v\u00fdchod a\u017e na z\u00e1pad - Ko\u0161ice Regi\u00f3n","isPartOf":{"@id":"https:\/\/www.kosiceregion.com\/#website"},"primaryImageOfPage":{"@id":"https:\/\/www.kosiceregion.com\/hu\/okolo-slovenska-svetovy-peloton-povedie-od-vychod-az-na-zapad\/#primaryimage"},"image":{"@id":"https:\/\/www.kosiceregion.com\/hu\/okolo-slovenska-svetovy-peloton-povedie-od-vychod-az-na-zapad\/#primaryimage"},"thumbnailUrl":"https:\/\/www.kosiceregion.com\/wp-content\/uploads\/2021\/09\/119914660_4445884732119441_2092000287146751899_n.jpg","datePublished":"2021-09-13T13:37:17+00:00","dateModified":"2021-09-13T13:37:19+00:00","description":"Medzin\u00e1rodn\u00e9 cyklistick\u00e9 preteky Okolo Slovenska aktu\u00e1lne predstavuj\u00fa najv\u00fdznamnej\u0161ie etapov\u00e9 meranie s\u00edl u\u00a0n\u00e1s, na Slovensku. U\u017e 15. septembra 2021 sa","breadcrumb":{"@id":"https:\/\/www.kosiceregion.com\/hu\/okolo-slovenska-svetovy-peloton-povedie-od-vychod-az-na-zapad\/#breadcrumb"},"inLanguage":"pl-PL","potentialAction":[{"@type":"ReadAction","target":["https:\/\/www.kosiceregion.com\/hu\/okolo-slovenska-svetovy-peloton-povedie-od-vychod-az-na-zapad\/"]}]},{"@type":"ImageObject","inLanguage":"pl-PL","@id":"https:\/\/www.kosiceregion.com\/hu\/okolo-slovenska-svetovy-peloton-povedie-od-vychod-az-na-zapad\/#primaryimage","url":"https:\/\/www.kosiceregion.com\/wp-content\/uploads\/2021\/09\/119914660_4445884732119441_2092000287146751899_n.jpg","contentUrl":"https:\/\/www.kosiceregion.com\/wp-content\/uploads\/2021\/09\/119914660_4445884732119441_2092000287146751899_n.jpg","width":1700,"height":1135},{"@type":"BreadcrumbList","@id":"https:\/\/www.kosiceregion.com\/hu\/okolo-slovenska-svetovy-peloton-povedie-od-vychod-az-na-zapad\/#breadcrumb","itemListElement":[{"@type":"ListItem","position":1,"name":"Home","item":"https:\/\/www.kosiceregion.com\/sk\/"},{"@type":"ListItem","position":2,"name":"Okolo Slovenska: svetov\u00fd pelot\u00f3n povedie od v\u00fdchod a\u017e na z\u00e1pad"}]},{"@type":"WebSite","@id":"https:\/\/www.kosiceregion.com\/#website","url":"https:\/\/www.kosiceregion.com\/","name":"Ko\u0161ice Regi\u00f3n","description":"Turistick\u00fd sprievodca Ko\u0161ick\u00fdm krajom","publisher":{"@id":"https:\/\/www.kosiceregion.com\/#organization"},"potentialAction":[{"@type":"SearchAction","target":{"@type":"EntryPoint","urlTemplate":"https:\/\/www.kosiceregion.com\/?s={search_term_string}"},"query-input":{"@type":"PropertyValueSpecification","valueRequired":true,"valueName":"search_term_string"}}],"inLanguage":"pl-PL"},{"@type":"Organization","@id":"https:\/\/www.kosiceregion.com\/#organization","name":"Ko\u0161ice Regi\u00f3n Turizmus","url":"https:\/\/www.kosiceregion.com\/","logo":{"@type":"ImageObject","inLanguage":"pl-PL","@id":"https:\/\/www.kosiceregion.com\/#\/schema\/logo\/image\/","url":"https:\/\/www.kosiceregion.com\/wp-content\/uploads\/2019\/03\/logo-web-sk.png","contentUrl":"https:\/\/www.kosiceregion.com\/wp-content\/uploads\/2019\/03\/logo-web-sk.png","width":225,"height":100,"caption":"Ko\u0161ice Regi\u00f3n Turizmus"},"image":{"@id":"https:\/\/www.kosiceregion.com\/#\/schema\/logo\/image\/"},"sameAs":["https:\/\/www.facebook.com\/kosiceregion","https:\/\/x.com\/KOSICEREGION","https:\/\/www.instagram.com\/kosiceregion","https:\/\/www.youtube.com\/kosiceregion"]},{"@type":"Person","@id":"https:\/\/www.kosiceregion.com\/#\/schema\/person\/c165be3d928462a4f7283533e3fa9f87","name":"Attila T\u00f6r\u00f6k","image":{"@type":"ImageObject","inLanguage":"pl-PL","@id":"https:\/\/secure.gravatar.com\/avatar\/7536520a24f54162948fc01f9d450948fd7df6ba020d0e39b69d3dcb7e39ee10?s=96&d=mm&r=g","url":"https:\/\/secure.gravatar.com\/avatar\/7536520a24f54162948fc01f9d450948fd7df6ba020d0e39b69d3dcb7e39ee10?s=96&d=mm&r=g","contentUrl":"https:\/\/secure.gravatar.com\/avatar\/7536520a24f54162948fc01f9d450948fd7df6ba020d0e39b69d3dcb7e39ee10?s=96&d=mm&r=g","caption":"Attila T\u00f6r\u00f6k"}}]}},"_links":{"self":[{"href":"https:\/\/www.kosiceregion.com\/pl\/wp-json\/wp\/v2\/posts\/7478","targetHints":{"allow":["GET"]}}],"collection":[{"href":"https:\/\/www.kosiceregion.com\/pl\/wp-json\/wp\/v2\/posts"}],"about":[{"href":"https:\/\/www.kosiceregion.com\/pl\/wp-json\/wp\/v2\/types\/post"}],"author":[{"embeddable":true,"href":"https:\/\/www.kosiceregion.com\/pl\/wp-json\/wp\/v2\/users\/10"}],"replies":[{"embeddable":true,"href":"https:\/\/www.kosiceregion.com\/pl\/wp-json\/wp\/v2\/comments?post=7478"}],"version-history":[{"count":1,"href":"https:\/\/www.kosiceregion.com\/pl\/wp-json\/wp\/v2\/posts\/7478\/revisions"}],"predecessor-version":[{"id":7484,"href":"https:\/\/www.kosiceregion.com\/pl\/wp-json\/wp\/v2\/posts\/7478\/revisions\/7484"}],"wp:featuredmedia":[{"embeddable":true,"href":"https:\/\/www.kosiceregion.com\/pl\/wp-json\/wp\/v2\/media\/7479"}],"wp:attachment":[{"href":"https:\/\/www.kosiceregion.com\/pl\/wp-json\/wp\/v2\/media?parent=7478"}],"wp:term":[{"taxonomy":"category","embeddable":true,"href":"https:\/\/www.kosiceregion.com\/pl\/wp-json\/wp\/v2\/categories?post=7478"},{"taxonomy":"post_tag","embeddable":true,"href":"https:\/\/www.kosiceregion.com\/pl\/wp-json\/wp\/v2\/tags?post=7478"}],"curies":[{"name":"wp","href":"https:\/\/api.w.org\/{rel}","templated":true}]}}