{"id":7740,"date":"2021-11-03T09:45:02","date_gmt":"2021-11-03T08:45:02","guid":{"rendered":"https:\/\/www.kosiceregion.com\/sk\/?p=7740"},"modified":"2021-11-03T09:45:03","modified_gmt":"2021-11-03T08:45:03","slug":"","status":"publish","type":"post","link":"https:\/\/www.kosiceregion.com\/pl\/zivot-dobrodruhov-stratensky-kanon\/","title":{"rendered":"","raw":""},"content":{"rendered":"","protected":false,"raw":""},"excerpt":{"rendered":"","protected":false,"raw":""},"author":10,"featured_media":7749,"comment_status":"closed","ping_status":"closed","sticky":false,"template":"","format":"standard","meta":{"_acf_changed":false,"_sk_post_content":"<!-- wp:tadv\/classic-paragraph -->\n<p style=\"text-align: justify;\">Slovensk\u00fd raj nemus\u00ed by\u0165 len o\u00a0roklin\u00e1ch. N\u00e1jdete v\u00a0\u0148om neskuto\u010dn\u00e9 mno\u017estvo in\u00fdch zauj\u00edmav\u00fdch miest. Jedn\u00fdm z\u00a0nich je Stratensk\u00fd ka\u0148on. A\u00a0mnoh\u00fdch ur\u010dite pote\u0161\u00ed, \u017ee je pr\u00edstupn\u00fd aj pre vozi\u010dk\u00e1rov. Vedie n\u00edm n\u00e1u\u010dn\u00fd chodn\u00edk pln\u00fd u\u017eito\u010dn\u00fdch inform\u00e1ci\u00ed. Je to ide\u00e1lne miesto na rodinn\u00fa prech\u00e1dzku.<\/p>\n<!-- \/wp:tadv\/classic-paragraph -->\n\n<!-- wp:image {\"id\":7741,\"sizeSlug\":\"large\",\"linkDestination\":\"none\"} -->\n<figure class=\"wp-block-image size-large\"><img src=\"https:\/\/www.kosiceregion.com\/wp-content\/uploads\/2021\/11\/1-1024x683.jpg\" alt=\"\" class=\"wp-image-7741\"\/><\/figure>\n<!-- \/wp:image -->\n\n<!-- wp:heading {\"textAlign\":\"center\"} -->\n<h2 class=\"has-text-align-center\">Inform\u00e1cie o trase a lokalite<\/h2>\n<!-- \/wp:heading -->\n\n<!-- wp:tadv\/classic-paragraph -->\n<p>\u00a0<\/p>\n<table class=\" aligncenter\" style=\"height: 436px; width: 72.6199%; border-collapse: collapse;\">\n<tbody>\n<tr style=\"height: 216px;\">\n<td style=\"width: 20%; height: 210px;\"><img class=\"size-full wp-image-5997 aligncenter\" src=\"https:\/\/www.kosiceregion.com\/wp-content\/uploads\/2021\/05\/Icon_black__kids.png\" alt=\"\" width=\"35\" height=\"35\" \/><\/td>\n<td style=\"width: 20%; height: 210px;\">\n<p><strong>Vhodn\u00e9 pre deti<\/strong><\/p>\n<p>\u00c1NO<\/p>\n<\/td>\n<td style=\"width: 20.5727%; height: 210px;\"><img class=\"size-full wp-image-5998 aligncenter\" src=\"https:\/\/www.kosiceregion.com\/wp-content\/uploads\/2021\/05\/Icon_black__route.png\" alt=\"\" width=\"35\" height=\"35\" \/><\/td>\n<td style=\"width: 22.9886%; height: 210px;\">\n<p><strong>Zna\u010den\u00e1 trasa <\/strong><\/p>\n<p>\u00c1NO<\/p>\n<\/td>\n<\/tr>\n<tr style=\"height: 216px;\">\n<td style=\"width: 20%; height: 139px;\"><img class=\"size-full wp-image-5999 aligncenter\" src=\"https:\/\/www.kosiceregion.com\/wp-content\/uploads\/2021\/05\/Icon_black__food.png\" alt=\"\" width=\"35\" height=\"35\" \/><\/td>\n<td style=\"width: 20%; height: 139px;\">\n<p><strong>Stravovacie zariadenie<\/strong><\/p>\n<p>NIE<\/p>\n<\/td>\n<td style=\"width: 20.5727%; height: 139px;\"><img class=\"size-full wp-image-6000 aligncenter\" src=\"https:\/\/www.kosiceregion.com\/wp-content\/uploads\/2021\/05\/Icon_black__challenging.png\" alt=\"\" width=\"35\" height=\"35\" \/><\/td>\n<td style=\"width: 22.9886%; height: 139px;\">\n<p><strong>N\u00e1ro\u010dnos\u0165 trasy<\/strong><\/p>\n<p style=\"text-align: left;\">STREDN\u00c1<\/p>\n<\/td>\n<\/tr>\n<\/tbody>\n<\/table>\n<p>\u00a0<\/p>\n<!-- \/wp:tadv\/classic-paragraph -->\n\n<!-- wp:tadv\/classic-paragraph -->\n<p style=\"text-align: justify;\">N\u00e1u\u010dn\u00fd chodn\u00edk Stratensk\u00fd ka\u0148on je prv\u00fd na Slovensku vybudovan\u00fd aj pre vozi\u010dk\u00e1rov. Informa\u010dn\u00e9 panely s\u00fa toti\u017e umiestnen\u00e9 pomerne n\u00edzko, aby boli \u013eahko \u010ditate\u013en\u00e9 aj z\u00a0voz\u00edka. Rieka Hnilec toto n\u00e1dhern\u00e9 miesto vytv\u00e1rala a\u017e neuverite\u013en\u00fdch nieko\u013eko mili\u00f3nov rokov.<\/p>\n<!-- \/wp:tadv\/classic-paragraph -->\n\n<!-- wp:image {\"id\":7742,\"sizeSlug\":\"large\",\"linkDestination\":\"none\"} -->\n<figure class=\"wp-block-image size-large\"><img src=\"https:\/\/www.kosiceregion.com\/wp-content\/uploads\/2021\/11\/2-1024x683.jpg\" alt=\"\" class=\"wp-image-7742\"\/><\/figure>\n<!-- \/wp:image -->\n\n<!-- wp:tadv\/classic-paragraph -->\n<p style=\"text-align: justify;\">Je s\u00fa\u010das\u0165ou 14km dlhej Stratenskej doliny. T\u00fa n\u00e1jdete medzi obcami Dedinky a\u00a0Dob\u0161insk\u00e1 \u013eadov\u00e1 jasky\u0148a. Ka\u0148on m\u00e1 tvar p\u00edsmena \u201eV\u201c, \u010do znamen\u00e1 \u017ee nem\u00e1 dno. Cel\u00fa cestu v\u00e1s bud\u00fa obklopova\u0165 majest\u00e1tne bral\u00e1.<\/p>\n<!-- \/wp:tadv\/classic-paragraph -->\n\n<!-- wp:image {\"id\":7743,\"sizeSlug\":\"large\",\"linkDestination\":\"none\"} -->\n<figure class=\"wp-block-image size-large\"><img src=\"https:\/\/www.kosiceregion.com\/wp-content\/uploads\/2021\/11\/3-1024x683.jpg\" alt=\"\" class=\"wp-image-7743\"\/><\/figure>\n<!-- \/wp:image -->\n\n<!-- wp:tadv\/classic-paragraph -->\n<p style=\"text-align: justify;\">M\u00f4\u017ee sa p\u00fd\u0161i\u0165 mno\u017estvom vodop\u00e1dov, vyviera\u010diek a\u00a0jask\u00fd\u0148. Na celom \u00fazem\u00ed Slovensk\u00e9ho raja n\u00e1jdete a\u017e 450 registrovan\u00fdch jask\u00fd\u0148. Hne\u010f ne\u010faleko ka\u0148onu m\u00f4\u017eete n\u00e1js\u0165 ve\u013emi zn\u00e1mu Dob\u0161insk\u00fa \u013eadov\u00fa jasky\u0148u alebo Stratensk\u00fa jasky\u0148u-Psie diery. Zauj\u00edmav\u00e9 je, \u017ee tieto jaskyne kedysi tvorili jeden syst\u00e9m.<\/p>\n<!-- \/wp:tadv\/classic-paragraph -->\n\n<!-- wp:image {\"id\":7744,\"sizeSlug\":\"large\",\"linkDestination\":\"none\"} -->\n<figure class=\"wp-block-image size-large\"><img src=\"https:\/\/www.kosiceregion.com\/wp-content\/uploads\/2021\/11\/4-1024x683.jpg\" alt=\"\" class=\"wp-image-7744\"\/><\/figure>\n<!-- \/wp:image -->\n\n<!-- wp:tadv\/classic-paragraph -->\n<p style=\"text-align: justify;\">Aj v\u00a0samotnom ka\u0148one je mno\u017estvo otvorov a\u00a0jask\u00fd\u0148. Nie s\u00fa v\u0161ak verejnosti pr\u00edstupn\u00e9 a\u00a0neved\u00fa tam \u017eiadne turistick\u00e9 chodn\u00edky.<\/p>\n<!-- \/wp:tadv\/classic-paragraph -->\n\n<!-- wp:image {\"id\":7745,\"sizeSlug\":\"large\",\"linkDestination\":\"none\"} -->\n<figure class=\"wp-block-image size-large\"><img src=\"https:\/\/www.kosiceregion.com\/wp-content\/uploads\/2021\/11\/5-1024x683.jpg\" alt=\"\" class=\"wp-image-7745\"\/><\/figure>\n<!-- \/wp:image -->\n\n<!-- wp:tadv\/classic-paragraph -->\n<p>Na trase sa dozviete ve\u013ea inform\u00e1ci\u00ed o\u00a0hist\u00f3ri\u00ed ka\u0148onu, jaskyniach v\u00a0okol\u00ed, fl\u00f3re a\u00a0faune, o\u00a0samotnej rieke Hnilec \u010di o\u00a0geol\u00f3gii. Cel\u00fd prechod jedn\u00fdm smerom potrv\u00e1 asi 20-30 min\u00fat. Trasa je ve\u013emi jednoduch\u00e1.<\/p>\n<!-- \/wp:tadv\/classic-paragraph -->\n\n<!-- wp:heading {\"textAlign\":\"center\"} -->\n<h2 class=\"has-text-align-center\">Dopravn\u00e1 dostupnos\u0165<\/h2>\n<!-- \/wp:heading -->\n\n<!-- wp:tadv\/classic-paragraph -->\n<p>\u00a0<\/p>\n<table class=\" aligncenter\" style=\"height: 456px; width: 73.5754%; border-collapse: collapse;\">\n<tbody>\n<tr style=\"height: 216px;\">\n<td style=\"width: 20%; height: 210px;\"><img class=\"size-full wp-image-6002 aligncenter\" src=\"https:\/\/www.kosiceregion.com\/wp-content\/uploads\/2021\/05\/Icon_black__parking.png\" alt=\"\" width=\"35\" height=\"35\" \/><\/td>\n<td style=\"width: 20%; height: 210px;\">\n<p><strong>Parkovanie<\/strong><\/p>\n<p>A\u0143O, Pred tunelom Straten\u00e1<br \/>(<a href=\"https:\/\/sk.mapy.cz\/s\/carofaceke\">Zobrazi\u0165 na mape<\/a>)<\/p>\n<\/td>\n<td style=\"width: 20.7372%; height: 210px;\"><img class=\"size-full wp-image-6003 aligncenter\" src=\"https:\/\/www.kosiceregion.com\/wp-content\/uploads\/2021\/05\/Icon_black__bus.png\" alt=\"\" width=\"35\" height=\"35\" \/><\/td>\n<td style=\"width: 22.8241%; height: 210px;\">\n<p><strong>Autobusov\u00e1 zast\u00e1vka<\/strong><\/p>\n<p>\u00c1NO, Straten\u00e1, \u010d. 27<br \/>(<a href=\"https:\/\/sk.mapy.cz\/s\/lorevojama\">Zobrazi\u0165 na mape<\/a>)<\/p>\n<\/td>\n<\/tr>\n<tr style=\"height: 216px;\">\n<td style=\"width: 20%; height: 206px;\"><img class=\"size-full wp-image-6004 aligncenter\" src=\"https:\/\/www.kosiceregion.com\/wp-content\/uploads\/2021\/05\/Icon_black__train.png\" alt=\"\" width=\"35\" height=\"35\" \/><\/td>\n<td style=\"width: 20%; height: 206px;\">\n<p><strong>Vlakov\u00e1 zast\u00e1vka<\/strong><\/p>\n<p>\u00c1NO, Straten\u00e1<br \/>(<a href=\"https:\/\/sk.mapy.cz\/s\/kacajabano\">Zobrazi\u0165 na mape<\/a>)<\/p>\n<\/td>\n<td style=\"width: 20.7372%; height: 206px;\"><img class=\"size-full wp-image-6005 aligncenter\" src=\"https:\/\/www.kosiceregion.com\/wp-content\/uploads\/2021\/05\/Icon_black__time.png\" alt=\"\" width=\"35\" height=\"35\" \/><\/td>\n<td style=\"width: 22.8241%; height: 206px;\">\n<p><strong> <br \/><\/strong><\/p>\n<p><strong>Celkov\u00e9 trvanie a d\u013a\u017eka trasy<\/strong><\/p>\n<p style=\"text-align: left;\">D\u013a\u017eka trasy: <strong>1,1 km<br \/><\/strong>Trvanie trasy: <strong>0:20 h. <\/strong>Prev\u00fd\u0161enie trasy:<strong> 18m<\/strong><\/p>\n<\/td>\n<\/tr>\n<\/tbody>\n<\/table>\n<p>\u00a0<\/p>\n<!-- \/wp:tadv\/classic-paragraph -->\n\n<!-- wp:image {\"id\":7746,\"sizeSlug\":\"large\",\"linkDestination\":\"none\"} -->\n<figure class=\"wp-block-image size-large\"><img src=\"https:\/\/www.kosiceregion.com\/wp-content\/uploads\/2021\/11\/6-1024x683.jpg\" alt=\"\" class=\"wp-image-7746\"\/><\/figure>\n<!-- \/wp:image -->\n\n<!-- wp:tadv\/classic-paragraph -->\n<p style=\"text-align: justify;\">Od parkoviska e\u0161te pred tunelom Straten\u00e1 odb\u00e1\u010dame doprava. Sledujeme \u010derven\u00fa turistick\u00fa zna\u010dku. Cel\u00e1 trasa vedie po asfaltke. Nie je sa kde strati\u0165. Zhruba v\u00a0polovici prich\u00e1dzame k\u00a0r\u00e1zcestiu. Tu m\u00f4\u017eete odbo\u010di\u0165 a\u00a0po \u017eltej sa dostanete na Havraniu skalu. My ale pokra\u010dujeme rovno. Ka\u0148on kon\u010d\u00ed pri hlavnej ceste. D\u00e1 sa r\u00fdchlo prebehn\u00fa\u0165 cez tunel Straten\u00e1. Nie je to v\u0161ak najbezpe\u010dnej\u0161ie a\u00a0ve\u013emi t\u00fato mo\u017enos\u0165 neodpor\u00fa\u010dame. Sp\u00e4\u0165 sa d\u00e1 naj\u013eah\u0161ie dosta\u0165 znova cez ka\u0148on po \u010dervenej.<\/p>\n<!-- \/wp:tadv\/classic-paragraph -->\n\n<!-- wp:image {\"id\":7747,\"sizeSlug\":\"large\",\"linkDestination\":\"none\"} -->\n<figure class=\"wp-block-image size-large\"><img src=\"https:\/\/www.kosiceregion.com\/wp-content\/uploads\/2021\/11\/7-1024x683.jpg\" alt=\"\" class=\"wp-image-7747\"\/><\/figure>\n<!-- \/wp:image -->\n\n<!-- wp:image {\"id\":7748,\"sizeSlug\":\"large\",\"linkDestination\":\"none\"} -->\n<figure class=\"wp-block-image size-large\"><img src=\"https:\/\/www.kosiceregion.com\/wp-content\/uploads\/2021\/11\/8-1024x683.jpg\" alt=\"\" class=\"wp-image-7748\"\/><\/figure>\n<!-- \/wp:image -->\n\n<!-- wp:html -->\n<iframe style=\"border:none\" src=\"https:\/\/sk.frame.mapy.cz\/s\/curujodoha\" width=\"400\" height=\"280\" frameborder=\"0\"><\/iframe>\n<!-- \/wp:html -->\n\n<!-- wp:tadv\/classic-paragraph -->\n<p>Viac in\u0161pir\u00e1ci\u00ed n\u00e1jdete na soci\u00e1lnej sieti Instagram a \u00fa\u010dte <a href=\"https:\/\/www.instagram.com\/zivot_dobrodruhov\/\" target=\"_blank\" rel=\"noopener\">@zivot_dobrodruhov<\/a>.&nbsp;<\/p>\n<!-- \/wp:tadv\/classic-paragraph -->\n\n<!-- wp:tadv\/classic-paragraph \/-->\n\n<!-- wp:tadv\/classic-paragraph \/-->","_sk_post_name":"zivot-dobrodruhov-stratensky-kanon","_sk_post_excerpt":"","_sk_post_title":"\u017divot dobrodruhov: Stratensk\u00fd ka\u0148on","_en_post_content":"","_en_post_name":"","_en_post_excerpt":"","_en_post_title":"","_hu_post_content":"","_hu_post_name":"","_hu_post_excerpt":"","_hu_post_title":"","_es_post_content":"","_es_post_name":"","_es_post_excerpt":"","_es_post_title":"","_de_post_content":"","_de_post_name":"","_de_post_excerpt":"","_de_post_title":"","_pl_post_content":"","_pl_post_name":"","_pl_post_excerpt":"","_pl_post_title":"","_it_post_content":"","_it_post_name":"","_it_post_excerpt":"","_it_post_title":"","edit_language":"pl","footnotes":""},"categories":[22],"tags":[402],"class_list":["post-7740","post","type-post","status-publish","format-standard","has-post-thumbnail","hentry","category-get-inspired","tag-stratensky-kanon"],"acf":[],"yoast_head":"<!-- This site is optimized with the Yoast SEO Premium plugin v25.5 (Yoast SEO v27.4) - https:\/\/yoast.com\/product\/yoast-seo-premium-wordpress\/ -->\n<title>Ko\u0161ice Regi\u00f3n<\/title>\n<meta name=\"description\" content=\"Slovensk\u00fd raj nemus\u00ed by\u0165 len o\u00a0roklin\u00e1ch. N\u00e1jdete v\u00a0\u0148om neskuto\u010dn\u00e9 mno\u017estvo in\u00fdch zauj\u00edmav\u00fdch miest. Jedn\u00fdm z\u00a0nich je Stratensk\u00fd ka\u0148on. A\u00a0mnoh\u00fdch ur\u010dite pote\u0161\u00ed, \u017ee je pr\u00edstupn\u00fd aj pre vozi\u010dk\u00e1rov. Vedie n\u00edm n\u00e1u\u010dn\u00fd\u2026\" \/>\n<meta name=\"robots\" content=\"index, follow, max-snippet:-1, max-image-preview:large, max-video-preview:-1\" \/>\n<link rel=\"canonical\" href=\"https:\/\/www.kosiceregion.com\/hu\/zivot-dobrodruhov-stratensky-kanon\/\" \/>\n<meta property=\"og:locale\" content=\"pl_PL\" \/>\n<meta property=\"og:type\" content=\"article\" \/>\n<meta property=\"og:title\" content=\"\u017divot dobrodruhov: Stratensk\u00fd ka\u0148on\" \/>\n<meta property=\"og:description\" content=\"Slovensk\u00fd raj nemus\u00ed by\u0165 len o\u00a0roklin\u00e1ch. N\u00e1jdete v\u00a0\u0148om neskuto\u010dn\u00e9 mno\u017estvo in\u00fdch zauj\u00edmav\u00fdch miest. Jedn\u00fdm z\u00a0nich je Stratensk\u00fd ka\u0148on. A\u00a0mnoh\u00fdch ur\u010dite\" \/>\n<meta property=\"og:url\" content=\"https:\/\/www.kosiceregion.com\/pl\/wp-json\/wp\/v2\/posts\/7740\" \/>\n<meta property=\"og:site_name\" content=\"Ko\u0161ice Regi\u00f3n\" \/>\n<meta property=\"article:publisher\" content=\"https:\/\/www.facebook.com\/kosiceregion\" \/>\n<meta property=\"article:published_time\" content=\"2021-11-03T08:45:02+00:00\" \/>\n<meta property=\"article:modified_time\" content=\"2021-11-03T08:45:03+00:00\" \/>\n<meta property=\"og:image\" content=\"https:\/\/www.kosiceregion.com\/wp-content\/uploads\/2021\/11\/titulka-scaled.jpg\" \/>\n\t<meta property=\"og:image:width\" content=\"2560\" \/>\n\t<meta property=\"og:image:height\" content=\"1707\" \/>\n\t<meta property=\"og:image:type\" content=\"image\/jpeg\" \/>\n<meta name=\"author\" content=\"Attila T\u00f6r\u00f6k\" \/>\n<meta name=\"twitter:card\" content=\"summary_large_image\" \/>\n<meta name=\"twitter:creator\" content=\"@KOSICEREGION\" \/>\n<meta name=\"twitter:site\" content=\"@KOSICEREGION\" \/>\n<meta name=\"twitter:label1\" content=\"Napisane przez\" \/>\n\t<meta name=\"twitter:data1\" content=\"Attila T\u00f6r\u00f6k\" \/>\n\t<meta name=\"twitter:label2\" content=\"Szacowany czas czytania\" \/>\n\t<meta name=\"twitter:data2\" content=\"5 minutes\" \/>\n<script type=\"application\/ld+json\" class=\"yoast-schema-graph\">{\"@context\":\"https:\\\/\\\/schema.org\",\"@graph\":[{\"@type\":\"Article\",\"@id\":\"https:\\\/\\\/www.kosiceregion.com\\\/hu\\\/zivot-dobrodruhov-stratensky-kanon\\\/#article\",\"isPartOf\":{\"@id\":\"https:\\\/\\\/www.kosiceregion.com\\\/hu\\\/zivot-dobrodruhov-stratensky-kanon\\\/\"},\"author\":{\"name\":\"Attila T\u00f6r\u00f6k\",\"@id\":\"https:\\\/\\\/www.kosiceregion.com\\\/#\\\/schema\\\/person\\\/c165be3d928462a4f7283533e3fa9f87\"},\"headline\":\"\u017divot dobrodruhov: Stratensk\u00fd ka\u0148on\",\"datePublished\":\"2021-11-03T08:45:02+00:00\",\"dateModified\":\"2021-11-03T08:45:03+00:00\",\"mainEntityOfPage\":{\"@id\":\"https:\\\/\\\/www.kosiceregion.com\\\/hu\\\/zivot-dobrodruhov-stratensky-kanon\\\/\"},\"wordCount\":472,\"publisher\":{\"@id\":\"https:\\\/\\\/www.kosiceregion.com\\\/#organization\"},\"image\":{\"@id\":\"https:\\\/\\\/www.kosiceregion.com\\\/hu\\\/zivot-dobrodruhov-stratensky-kanon\\\/#primaryimage\"},\"thumbnailUrl\":\"https:\\\/\\\/www.kosiceregion.com\\\/wp-content\\\/uploads\\\/2021\\\/11\\\/titulka-scaled.jpg\",\"keywords\":[\"stratensk\u00fd ka\u0148on\"],\"articleSection\":[\"In\u0161piruj sa\"],\"inLanguage\":\"pl-PL\"},{\"@type\":\"WebPage\",\"@id\":\"https:\\\/\\\/www.kosiceregion.com\\\/hu\\\/zivot-dobrodruhov-stratensky-kanon\\\/\",\"url\":\"https:\\\/\\\/www.kosiceregion.com\\\/hu\\\/zivot-dobrodruhov-stratensky-kanon\\\/\",\"name\":\"\u017divot dobrodruhov: Stratensk\u00fd ka\u0148on - Ko\u0161ice Regi\u00f3n\",\"isPartOf\":{\"@id\":\"https:\\\/\\\/www.kosiceregion.com\\\/#website\"},\"primaryImageOfPage\":{\"@id\":\"https:\\\/\\\/www.kosiceregion.com\\\/hu\\\/zivot-dobrodruhov-stratensky-kanon\\\/#primaryimage\"},\"image\":{\"@id\":\"https:\\\/\\\/www.kosiceregion.com\\\/hu\\\/zivot-dobrodruhov-stratensky-kanon\\\/#primaryimage\"},\"thumbnailUrl\":\"https:\\\/\\\/www.kosiceregion.com\\\/wp-content\\\/uploads\\\/2021\\\/11\\\/titulka-scaled.jpg\",\"datePublished\":\"2021-11-03T08:45:02+00:00\",\"dateModified\":\"2021-11-03T08:45:03+00:00\",\"description\":\"Slovensk\u00fd raj nemus\u00ed by\u0165 len o\u00a0roklin\u00e1ch. N\u00e1jdete v\u00a0\u0148om neskuto\u010dn\u00e9 mno\u017estvo in\u00fdch zauj\u00edmav\u00fdch miest. Jedn\u00fdm z\u00a0nich je Stratensk\u00fd ka\u0148on. A\u00a0mnoh\u00fdch ur\u010dite\",\"breadcrumb\":{\"@id\":\"https:\\\/\\\/www.kosiceregion.com\\\/hu\\\/zivot-dobrodruhov-stratensky-kanon\\\/#breadcrumb\"},\"inLanguage\":\"pl-PL\",\"potentialAction\":[{\"@type\":\"ReadAction\",\"target\":[\"https:\\\/\\\/www.kosiceregion.com\\\/hu\\\/zivot-dobrodruhov-stratensky-kanon\\\/\"]}]},{\"@type\":\"ImageObject\",\"inLanguage\":\"pl-PL\",\"@id\":\"https:\\\/\\\/www.kosiceregion.com\\\/hu\\\/zivot-dobrodruhov-stratensky-kanon\\\/#primaryimage\",\"url\":\"https:\\\/\\\/www.kosiceregion.com\\\/wp-content\\\/uploads\\\/2021\\\/11\\\/titulka-scaled.jpg\",\"contentUrl\":\"https:\\\/\\\/www.kosiceregion.com\\\/wp-content\\\/uploads\\\/2021\\\/11\\\/titulka-scaled.jpg\",\"width\":2560,\"height\":1707},{\"@type\":\"BreadcrumbList\",\"@id\":\"https:\\\/\\\/www.kosiceregion.com\\\/hu\\\/zivot-dobrodruhov-stratensky-kanon\\\/#breadcrumb\",\"itemListElement\":[{\"@type\":\"ListItem\",\"position\":1,\"name\":\"Home\",\"item\":\"https:\\\/\\\/www.kosiceregion.com\\\/sk\\\/\"},{\"@type\":\"ListItem\",\"position\":2,\"name\":\"\u017divot dobrodruhov: Stratensk\u00fd ka\u0148on\"}]},{\"@type\":\"WebSite\",\"@id\":\"https:\\\/\\\/www.kosiceregion.com\\\/#website\",\"url\":\"https:\\\/\\\/www.kosiceregion.com\\\/\",\"name\":\"Ko\u0161ice Regi\u00f3n\",\"description\":\"Turistick\u00fd sprievodca Ko\u0161ick\u00fdm krajom\",\"publisher\":{\"@id\":\"https:\\\/\\\/www.kosiceregion.com\\\/#organization\"},\"potentialAction\":[{\"@type\":\"SearchAction\",\"target\":{\"@type\":\"EntryPoint\",\"urlTemplate\":\"https:\\\/\\\/www.kosiceregion.com\\\/?s={search_term_string}\"},\"query-input\":{\"@type\":\"PropertyValueSpecification\",\"valueRequired\":true,\"valueName\":\"search_term_string\"}}],\"inLanguage\":\"pl-PL\"},{\"@type\":\"Organization\",\"@id\":\"https:\\\/\\\/www.kosiceregion.com\\\/#organization\",\"name\":\"Ko\u0161ice Regi\u00f3n Turizmus\",\"url\":\"https:\\\/\\\/www.kosiceregion.com\\\/\",\"logo\":{\"@type\":\"ImageObject\",\"inLanguage\":\"pl-PL\",\"@id\":\"https:\\\/\\\/www.kosiceregion.com\\\/#\\\/schema\\\/logo\\\/image\\\/\",\"url\":\"https:\\\/\\\/www.kosiceregion.com\\\/wp-content\\\/uploads\\\/2019\\\/03\\\/logo-web-sk.png\",\"contentUrl\":\"https:\\\/\\\/www.kosiceregion.com\\\/wp-content\\\/uploads\\\/2019\\\/03\\\/logo-web-sk.png\",\"width\":225,\"height\":100,\"caption\":\"Ko\u0161ice Regi\u00f3n Turizmus\"},\"image\":{\"@id\":\"https:\\\/\\\/www.kosiceregion.com\\\/#\\\/schema\\\/logo\\\/image\\\/\"},\"sameAs\":[\"https:\\\/\\\/www.facebook.com\\\/kosiceregion\",\"https:\\\/\\\/x.com\\\/KOSICEREGION\",\"https:\\\/\\\/www.instagram.com\\\/kosiceregion\",\"https:\\\/\\\/www.youtube.com\\\/kosiceregion\"]},{\"@type\":\"Person\",\"@id\":\"https:\\\/\\\/www.kosiceregion.com\\\/#\\\/schema\\\/person\\\/c165be3d928462a4f7283533e3fa9f87\",\"name\":\"Attila T\u00f6r\u00f6k\",\"image\":{\"@type\":\"ImageObject\",\"inLanguage\":\"pl-PL\",\"@id\":\"https:\\\/\\\/secure.gravatar.com\\\/avatar\\\/7536520a24f54162948fc01f9d450948fd7df6ba020d0e39b69d3dcb7e39ee10?s=96&d=mm&r=g\",\"url\":\"https:\\\/\\\/secure.gravatar.com\\\/avatar\\\/7536520a24f54162948fc01f9d450948fd7df6ba020d0e39b69d3dcb7e39ee10?s=96&d=mm&r=g\",\"contentUrl\":\"https:\\\/\\\/secure.gravatar.com\\\/avatar\\\/7536520a24f54162948fc01f9d450948fd7df6ba020d0e39b69d3dcb7e39ee10?s=96&d=mm&r=g\",\"caption\":\"Attila T\u00f6r\u00f6k\"}}]}<\/script>\n<!-- \/ Yoast SEO Premium plugin. -->","yoast_head_json":{"title":"Ko\u0161ice Regi\u00f3n","description":"Slovensk\u00fd raj nemus\u00ed by\u0165 len o\u00a0roklin\u00e1ch. N\u00e1jdete v\u00a0\u0148om neskuto\u010dn\u00e9 mno\u017estvo in\u00fdch zauj\u00edmav\u00fdch miest. Jedn\u00fdm z\u00a0nich je Stratensk\u00fd ka\u0148on. A\u00a0mnoh\u00fdch ur\u010dite pote\u0161\u00ed, \u017ee je pr\u00edstupn\u00fd aj pre vozi\u010dk\u00e1rov. Vedie n\u00edm n\u00e1u\u010dn\u00fd\u2026","robots":{"index":"index","follow":"follow","max-snippet":"max-snippet:-1","max-image-preview":"max-image-preview:large","max-video-preview":"max-video-preview:-1"},"canonical":"https:\/\/www.kosiceregion.com\/hu\/zivot-dobrodruhov-stratensky-kanon\/","og_locale":"pl_PL","og_type":"article","og_title":"\u017divot dobrodruhov: Stratensk\u00fd ka\u0148on","og_description":"Slovensk\u00fd raj nemus\u00ed by\u0165 len o\u00a0roklin\u00e1ch. N\u00e1jdete v\u00a0\u0148om neskuto\u010dn\u00e9 mno\u017estvo in\u00fdch zauj\u00edmav\u00fdch miest. Jedn\u00fdm z\u00a0nich je Stratensk\u00fd ka\u0148on. A\u00a0mnoh\u00fdch ur\u010dite","og_url":"https:\/\/www.kosiceregion.com\/pl\/wp-json\/wp\/v2\/posts\/7740","og_site_name":"Ko\u0161ice Regi\u00f3n","article_publisher":"https:\/\/www.facebook.com\/kosiceregion","article_published_time":"2021-11-03T08:45:02+00:00","article_modified_time":"2021-11-03T08:45:03+00:00","og_image":[{"width":2560,"height":1707,"url":"https:\/\/www.kosiceregion.com\/wp-content\/uploads\/2021\/11\/titulka-scaled.jpg","type":"image\/jpeg"}],"author":"Attila T\u00f6r\u00f6k","twitter_card":"summary_large_image","twitter_creator":"@KOSICEREGION","twitter_site":"@KOSICEREGION","twitter_misc":{"Napisane przez":"Attila T\u00f6r\u00f6k","Szacowany czas czytania":"5 minutes"},"schema":{"@context":"https:\/\/schema.org","@graph":[{"@type":"Article","@id":"https:\/\/www.kosiceregion.com\/hu\/zivot-dobrodruhov-stratensky-kanon\/#article","isPartOf":{"@id":"https:\/\/www.kosiceregion.com\/hu\/zivot-dobrodruhov-stratensky-kanon\/"},"author":{"name":"Attila T\u00f6r\u00f6k","@id":"https:\/\/www.kosiceregion.com\/#\/schema\/person\/c165be3d928462a4f7283533e3fa9f87"},"headline":"\u017divot dobrodruhov: Stratensk\u00fd ka\u0148on","datePublished":"2021-11-03T08:45:02+00:00","dateModified":"2021-11-03T08:45:03+00:00","mainEntityOfPage":{"@id":"https:\/\/www.kosiceregion.com\/hu\/zivot-dobrodruhov-stratensky-kanon\/"},"wordCount":472,"publisher":{"@id":"https:\/\/www.kosiceregion.com\/#organization"},"image":{"@id":"https:\/\/www.kosiceregion.com\/hu\/zivot-dobrodruhov-stratensky-kanon\/#primaryimage"},"thumbnailUrl":"https:\/\/www.kosiceregion.com\/wp-content\/uploads\/2021\/11\/titulka-scaled.jpg","keywords":["stratensk\u00fd ka\u0148on"],"articleSection":["In\u0161piruj sa"],"inLanguage":"pl-PL"},{"@type":"WebPage","@id":"https:\/\/www.kosiceregion.com\/hu\/zivot-dobrodruhov-stratensky-kanon\/","url":"https:\/\/www.kosiceregion.com\/hu\/zivot-dobrodruhov-stratensky-kanon\/","name":"\u017divot dobrodruhov: Stratensk\u00fd ka\u0148on - Ko\u0161ice Regi\u00f3n","isPartOf":{"@id":"https:\/\/www.kosiceregion.com\/#website"},"primaryImageOfPage":{"@id":"https:\/\/www.kosiceregion.com\/hu\/zivot-dobrodruhov-stratensky-kanon\/#primaryimage"},"image":{"@id":"https:\/\/www.kosiceregion.com\/hu\/zivot-dobrodruhov-stratensky-kanon\/#primaryimage"},"thumbnailUrl":"https:\/\/www.kosiceregion.com\/wp-content\/uploads\/2021\/11\/titulka-scaled.jpg","datePublished":"2021-11-03T08:45:02+00:00","dateModified":"2021-11-03T08:45:03+00:00","description":"Slovensk\u00fd raj nemus\u00ed by\u0165 len o\u00a0roklin\u00e1ch. N\u00e1jdete v\u00a0\u0148om neskuto\u010dn\u00e9 mno\u017estvo in\u00fdch zauj\u00edmav\u00fdch miest. Jedn\u00fdm z\u00a0nich je Stratensk\u00fd ka\u0148on. A\u00a0mnoh\u00fdch ur\u010dite","breadcrumb":{"@id":"https:\/\/www.kosiceregion.com\/hu\/zivot-dobrodruhov-stratensky-kanon\/#breadcrumb"},"inLanguage":"pl-PL","potentialAction":[{"@type":"ReadAction","target":["https:\/\/www.kosiceregion.com\/hu\/zivot-dobrodruhov-stratensky-kanon\/"]}]},{"@type":"ImageObject","inLanguage":"pl-PL","@id":"https:\/\/www.kosiceregion.com\/hu\/zivot-dobrodruhov-stratensky-kanon\/#primaryimage","url":"https:\/\/www.kosiceregion.com\/wp-content\/uploads\/2021\/11\/titulka-scaled.jpg","contentUrl":"https:\/\/www.kosiceregion.com\/wp-content\/uploads\/2021\/11\/titulka-scaled.jpg","width":2560,"height":1707},{"@type":"BreadcrumbList","@id":"https:\/\/www.kosiceregion.com\/hu\/zivot-dobrodruhov-stratensky-kanon\/#breadcrumb","itemListElement":[{"@type":"ListItem","position":1,"name":"Home","item":"https:\/\/www.kosiceregion.com\/sk\/"},{"@type":"ListItem","position":2,"name":"\u017divot dobrodruhov: Stratensk\u00fd ka\u0148on"}]},{"@type":"WebSite","@id":"https:\/\/www.kosiceregion.com\/#website","url":"https:\/\/www.kosiceregion.com\/","name":"Ko\u0161ice Regi\u00f3n","description":"Turistick\u00fd sprievodca Ko\u0161ick\u00fdm krajom","publisher":{"@id":"https:\/\/www.kosiceregion.com\/#organization"},"potentialAction":[{"@type":"SearchAction","target":{"@type":"EntryPoint","urlTemplate":"https:\/\/www.kosiceregion.com\/?s={search_term_string}"},"query-input":{"@type":"PropertyValueSpecification","valueRequired":true,"valueName":"search_term_string"}}],"inLanguage":"pl-PL"},{"@type":"Organization","@id":"https:\/\/www.kosiceregion.com\/#organization","name":"Ko\u0161ice Regi\u00f3n Turizmus","url":"https:\/\/www.kosiceregion.com\/","logo":{"@type":"ImageObject","inLanguage":"pl-PL","@id":"https:\/\/www.kosiceregion.com\/#\/schema\/logo\/image\/","url":"https:\/\/www.kosiceregion.com\/wp-content\/uploads\/2019\/03\/logo-web-sk.png","contentUrl":"https:\/\/www.kosiceregion.com\/wp-content\/uploads\/2019\/03\/logo-web-sk.png","width":225,"height":100,"caption":"Ko\u0161ice Regi\u00f3n Turizmus"},"image":{"@id":"https:\/\/www.kosiceregion.com\/#\/schema\/logo\/image\/"},"sameAs":["https:\/\/www.facebook.com\/kosiceregion","https:\/\/x.com\/KOSICEREGION","https:\/\/www.instagram.com\/kosiceregion","https:\/\/www.youtube.com\/kosiceregion"]},{"@type":"Person","@id":"https:\/\/www.kosiceregion.com\/#\/schema\/person\/c165be3d928462a4f7283533e3fa9f87","name":"Attila T\u00f6r\u00f6k","image":{"@type":"ImageObject","inLanguage":"pl-PL","@id":"https:\/\/secure.gravatar.com\/avatar\/7536520a24f54162948fc01f9d450948fd7df6ba020d0e39b69d3dcb7e39ee10?s=96&d=mm&r=g","url":"https:\/\/secure.gravatar.com\/avatar\/7536520a24f54162948fc01f9d450948fd7df6ba020d0e39b69d3dcb7e39ee10?s=96&d=mm&r=g","contentUrl":"https:\/\/secure.gravatar.com\/avatar\/7536520a24f54162948fc01f9d450948fd7df6ba020d0e39b69d3dcb7e39ee10?s=96&d=mm&r=g","caption":"Attila T\u00f6r\u00f6k"}}]}},"_links":{"self":[{"href":"https:\/\/www.kosiceregion.com\/pl\/wp-json\/wp\/v2\/posts\/7740","targetHints":{"allow":["GET"]}}],"collection":[{"href":"https:\/\/www.kosiceregion.com\/pl\/wp-json\/wp\/v2\/posts"}],"about":[{"href":"https:\/\/www.kosiceregion.com\/pl\/wp-json\/wp\/v2\/types\/post"}],"author":[{"embeddable":true,"href":"https:\/\/www.kosiceregion.com\/pl\/wp-json\/wp\/v2\/users\/10"}],"replies":[{"embeddable":true,"href":"https:\/\/www.kosiceregion.com\/pl\/wp-json\/wp\/v2\/comments?post=7740"}],"version-history":[{"count":2,"href":"https:\/\/www.kosiceregion.com\/pl\/wp-json\/wp\/v2\/posts\/7740\/revisions"}],"predecessor-version":[{"id":8563,"href":"https:\/\/www.kosiceregion.com\/pl\/wp-json\/wp\/v2\/posts\/7740\/revisions\/8563"}],"wp:featuredmedia":[{"embeddable":true,"href":"https:\/\/www.kosiceregion.com\/pl\/wp-json\/wp\/v2\/media\/7749"}],"wp:attachment":[{"href":"https:\/\/www.kosiceregion.com\/pl\/wp-json\/wp\/v2\/media?parent=7740"}],"wp:term":[{"taxonomy":"category","embeddable":true,"href":"https:\/\/www.kosiceregion.com\/pl\/wp-json\/wp\/v2\/categories?post=7740"},{"taxonomy":"post_tag","embeddable":true,"href":"https:\/\/www.kosiceregion.com\/pl\/wp-json\/wp\/v2\/tags?post=7740"}],"curies":[{"name":"wp","href":"https:\/\/api.w.org\/{rel}","templated":true}]}}