{"id":7790,"date":"2021-11-15T15:33:01","date_gmt":"2021-11-15T14:33:01","guid":{"rendered":"https:\/\/www.kosiceregion.com\/sk\/?p=7790"},"modified":"2021-11-15T15:33:02","modified_gmt":"2021-11-15T14:33:02","slug":"","status":"publish","type":"post","link":"https:\/\/www.kosiceregion.com\/pl\/zivot-dobrodruhov-klastor-jasov\/","title":{"rendered":"","raw":""},"content":{"rendered":"","protected":false,"raw":""},"excerpt":{"rendered":"","protected":false,"raw":""},"author":10,"featured_media":7801,"comment_status":"closed","ping_status":"closed","sticky":false,"template":"","format":"standard","meta":{"_acf_changed":false,"_sk_post_content":"<!-- wp:tadv\/classic-paragraph -->\n<p style=\"text-align: justify;\">Pren\u00e1dhern\u00e9 ma\u013eby, kr\u00e1sne ornamenty, symetrick\u00e1 franc\u00fazska z\u00e1hrada \u010di obrovsk\u00e1 sekvoja. Toto v\u0161etko m\u00f4\u017eete obdivova\u0165 v\u00a0Jasovskom kl\u00e1\u0161tore premon\u0161tr\u00e1tov. Ide\u00e1lny tip na v\u00fdlet na da\u017ediv\u00e9 \u010di chladn\u00e9 dni!<\/p>\n<!-- \/wp:tadv\/classic-paragraph -->\n\n<!-- wp:image {\"id\":7791,\"sizeSlug\":\"large\",\"linkDestination\":\"none\"} -->\n<figure class=\"wp-block-image size-large\"><img src=\"https:\/\/www.kosiceregion.com\/wp-content\/uploads\/2021\/11\/1-2-1024x576.jpg\" alt=\"\" class=\"wp-image-7791\"\/><\/figure>\n<!-- \/wp:image -->\n\n<!-- wp:heading {\"textAlign\":\"center\"} -->\n<h2 class=\"has-text-align-center\">Inform\u00e1cie o trase a lokalite<\/h2>\n<!-- \/wp:heading -->\n\n<!-- wp:tadv\/classic-paragraph -->\n<p>\u00a0<\/p>\n<table class=\" aligncenter\" style=\"height: 217px; width: 72.381%; border-collapse: collapse;\">\n<tbody>\n<tr style=\"height: 216px;\">\n<td style=\"width: 20%; height: 210px;\"><img class=\"size-full wp-image-5997 aligncenter\" src=\"https:\/\/www.kosiceregion.com\/wp-content\/uploads\/2021\/05\/Icon_black__kids.png\" alt=\"\" width=\"35\" height=\"35\" \/><\/td>\n<td style=\"width: 20%; height: 210px;\">\n<p><strong>Vhodn\u00e9 pre deti<\/strong><\/p>\n<p>\u00c1NO<\/p>\n<\/td>\n<td style=\"width: 20.5727%; height: 210px;\"><img class=\"size-full wp-image-5999 aligncenter\" src=\"https:\/\/www.kosiceregion.com\/wp-content\/uploads\/2021\/05\/Icon_black__food.png\" alt=\"\" width=\"35\" height=\"35\" \/><\/td>\n<td style=\"width: 22.9886%; height: 210px;\">\n<p><strong>Stravovacie zariadenie<\/strong><\/p>\n<p>NIE<\/p>\n<\/td>\n<\/tr>\n<\/tbody>\n<\/table>\n<p>\u00a0<\/p>\n<!-- \/wp:tadv\/classic-paragraph -->\n\n<!-- wp:tadv\/classic-paragraph -->\n<p style=\"text-align: justify;\">Kl\u00e1\u0161tor v\u00a0Jasove je najv\u00e4\u010d\u0161\u00edm neskorobarokov\u00fdm objektom na celom Slovensku. Postavil sa u\u017e v\u00a012 storo\u010d\u00ed. Predpoklad\u00e1 sa, \u017ee vtedy bol z\u00a0dreva. Po\u010das neskor\u0161\u00edch rokov bol ale vyplienen\u00fd a\u00a0aj vyp\u00e1len\u00fd. Nesk\u00f4r ale na sc\u00e9nu pri\u0161iel op\u00e1t Andrej Sauberer. Ten sa podujal kompletnej prestavby, resp. v\u00fdstavbe nov\u00e9ho kl\u00e1\u0161tora v\u00a0neskorobarokovom slohu. V\u00fdstavba sa za\u010dala v\u00a0roku 1746. Dokon\u010den\u00fd bol 20 rokov nesk\u00f4r, v\u00a0roku 1766. Dnes patr\u00ed k\u00a0najcennej\u0161\u00edm pamiatkam tohto obdobia. Zauj\u00edmavos\u0165ou je, \u017ee kl\u00e1\u0161tor m\u00e1 \u00fadajne symbolick\u00fdch 365 okien. Tvoria ho dve symetricky situovan\u00e9 budovy. V\u00a0strede t\u00fdchto budov sa nach\u00e1dza dvojve\u017eov\u00fd jednolo\u010fov\u00fd kostol sv. J\u00e1na Krstite\u013ea. Na v\u00fdstavbe sa podie\u013eali aj maliar Johann Lucas Kracker a\u00a0v\u00fdnimo\u010dn\u00fd soch\u00e1r Johann Anton Krauss.<\/p>\n<!-- \/wp:tadv\/classic-paragraph -->\n\n<!-- wp:image {\"id\":7793,\"sizeSlug\":\"large\",\"linkDestination\":\"none\"} -->\n<figure class=\"wp-block-image size-large\"><img src=\"https:\/\/www.kosiceregion.com\/wp-content\/uploads\/2021\/11\/2-3-1024x683.jpg\" alt=\"\" class=\"wp-image-7793\"\/><figcaption>Loveck\u00fd sal\u00f3nik<\/figcaption><\/figure>\n<!-- \/wp:image -->\n\n<!-- wp:tadv\/classic-paragraph -->\n<p style=\"text-align: justify;\">N\u00e1jdete tu aj jednu z\u00a0najvz\u00e1cnej\u0161\u00edch kni\u017en\u00edc na Slovensku. Je v\u00a0nej a\u017e neuverite\u013en\u00fdch 80\u00a0000 zv\u00e4zkov kn\u00edh. Kedysi v\u00a0nej bolo ove\u013ea viac kn\u00edh, \u010das\u0165 z\u00a0nich sa ale dostala do Bratislavy, Martina a\u00a0aj do Ko\u0161\u00edc. Ak budete v\u00a0kni\u017enici, ur\u010dite si v\u0161imnite jej stropn\u00fa v\u00fdma\u013ebu. Jej autorom je Kracker.<\/p>\n<!-- \/wp:tadv\/classic-paragraph -->\n\n<!-- wp:image {\"id\":7794,\"sizeSlug\":\"large\",\"linkDestination\":\"none\"} -->\n<figure class=\"wp-block-image size-large\"><img src=\"https:\/\/www.kosiceregion.com\/wp-content\/uploads\/2021\/11\/3-2-1024x683.jpg\" alt=\"\" class=\"wp-image-7794\"\/><\/figure>\n<!-- \/wp:image -->\n\n<!-- wp:tadv\/classic-paragraph -->\n<p style=\"text-align: justify;\">Kl\u00e1\u0161tor je z\u00e1rove\u0148 v\u00fdznamn\u00fd pam\u00e4tn\u00edk z\u00e1hradnej architekt\u00fary. Vraj ide o\u00a0jedin\u00fa barokov\u00fa z\u00e1hradu na celom Slovensku. V\u00a0p\u00f4vodnej podobe je zachovan\u00e1 dodnes. Pozoruhodn\u00e1 je najm\u00e4 jej s\u00famernos\u0165.<\/p>\n<!-- \/wp:tadv\/classic-paragraph -->\n\n<!-- wp:image {\"id\":7795,\"sizeSlug\":\"large\",\"linkDestination\":\"none\"} -->\n<figure class=\"wp-block-image size-large\"><img src=\"https:\/\/www.kosiceregion.com\/wp-content\/uploads\/2021\/11\/4-2-1024x683.jpg\" alt=\"\" class=\"wp-image-7795\"\/><\/figure>\n<!-- \/wp:image -->\n\n<!-- wp:image {\"id\":7796,\"sizeSlug\":\"large\",\"linkDestination\":\"none\"} -->\n<figure class=\"wp-block-image size-large\"><img src=\"https:\/\/www.kosiceregion.com\/wp-content\/uploads\/2021\/11\/5-2-1024x576.jpg\" alt=\"\" class=\"wp-image-7796\"\/><\/figure>\n<!-- \/wp:image -->\n\n<!-- wp:tadv\/classic-paragraph -->\n<p style=\"text-align: justify;\">Verejne pr\u00edstupn\u00fd je kostol sv. J\u00e1na Krstite\u013ea, kde sa aj pravidelne sl\u00fa\u017eia om\u0161e. Od m\u00e1ja do septembra je mo\u017en\u00e9 pr\u00eds\u0165 aj na prehliadku interi\u00e9ru a\u00a0z\u00e1hrady.<\/p>\n<!-- \/wp:tadv\/classic-paragraph -->\n\n<!-- wp:image {\"id\":7797,\"sizeSlug\":\"large\",\"linkDestination\":\"none\"} -->\n<figure class=\"wp-block-image size-large\"><img src=\"https:\/\/www.kosiceregion.com\/wp-content\/uploads\/2021\/11\/6-2-1024x683.jpg\" alt=\"\" class=\"wp-image-7797\"\/><\/figure>\n<!-- \/wp:image -->\n\n<!-- wp:image {\"id\":7798,\"sizeSlug\":\"large\",\"linkDestination\":\"none\"} -->\n<figure class=\"wp-block-image size-large\"><img src=\"https:\/\/www.kosiceregion.com\/wp-content\/uploads\/2021\/11\/7-2-1024x683.jpg\" alt=\"\" class=\"wp-image-7798\"\/><\/figure>\n<!-- \/wp:image -->\n\n<!-- wp:tadv\/classic-paragraph -->\n<p>Zauj\u00edmavos\u0165ou je, \u017ee pred kl\u00e1\u0161torom stoj\u00ed takmer 35m vysok\u00e1 sekvoja vysaden\u00e1 e\u0161te v\u00a019. storo\u010d\u00ed.<\/p>\n<!-- \/wp:tadv\/classic-paragraph -->\n\n<!-- wp:image {\"id\":7799,\"sizeSlug\":\"large\",\"linkDestination\":\"none\"} -->\n<figure class=\"wp-block-image size-large\"><img src=\"https:\/\/www.kosiceregion.com\/wp-content\/uploads\/2021\/11\/8-1-1024x683.jpg\" alt=\"\" class=\"wp-image-7799\"\/><\/figure>\n<!-- \/wp:image -->\n\n<!-- wp:tadv\/classic-paragraph -->\n<p>Kontaktn\u00e9 \u00fadaje, otv\u00e1racie hodiny \u010di aktu\u00e1lny cenn\u00edk n\u00e1jdete tu: <a href=\"https:\/\/opatstvojasov.sk\/?opatstvo\/jasov\/jasovsky_klastor\">https:\/\/opatstvojasov.sk\/?opatstvo\/jasov\/jasovsky_klastor<\/a><\/p>\n<p style=\"text-align: justify;\">\u010eal\u0161\u00edmi skvel\u00fdmi tipmi na v\u00fdlet v\u00a0okol\u00ed s\u00fa aj Jasovsk\u00fd rybn\u00edk, Jasovsk\u00e1 skala \u010di Jasovsk\u00e1 jasky\u0148a. V\u00a0ne\u010falekom Medzeve m\u00f4\u017eete n\u00e1js\u0165 M\u00fazeum kinematografie \u010di h\u00e1mor.<\/p>\n<!-- \/wp:tadv\/classic-paragraph -->\n\n<!-- wp:heading {\"textAlign\":\"center\"} -->\n<h2 class=\"has-text-align-center\">Dopravn\u00e1 dostupnos\u0165<\/h2>\n<!-- \/wp:heading -->\n\n<!-- wp:tadv\/classic-paragraph -->\n<p>\u00a0<\/p>\n<table class=\" aligncenter\" style=\"height: 467px; width: 73.456%; border-collapse: collapse;\">\n<tbody>\n<tr style=\"height: 216px;\">\n<td style=\"width: 20%; height: 210px;\"><img class=\"size-full wp-image-6002 aligncenter\" src=\"https:\/\/www.kosiceregion.com\/wp-content\/uploads\/2021\/05\/Icon_black__parking.png\" alt=\"\" width=\"35\" height=\"35\" \/><\/td>\n<td style=\"width: 20%; height: 210px;\">\n<p><strong>Parkovanie<\/strong><\/p>\n<p>\u00c1NO, Pri kl\u00e1\u0161tore<br \/>(<a href=\"https:\/\/sk.mapy.cz\/s\/fumuvopeme\">Zobrazi\u0165 na mape<\/a>)<\/p>\n<\/td>\n<td style=\"width: 20.7372%; height: 210px;\"><img class=\"size-full wp-image-6003 aligncenter\" src=\"https:\/\/www.kosiceregion.com\/wp-content\/uploads\/2021\/05\/Icon_black__bus.png\" alt=\"\" width=\"35\" height=\"35\" \/><\/td>\n<td style=\"width: 22.8241%; height: 210px;\">\n<p><strong>Autobusov\u00e1 zast\u00e1vka<\/strong><\/p>\n<p>\u00c1NO, Jasov, Jednota<br \/>(<a href=\"https:\/\/sk.mapy.cz\/s\/celofepepa\">Zobrazi\u0165 na mape<\/a>)<\/p>\n<\/td>\n<\/tr>\n<tr style=\"height: 216px;\">\n<td style=\"width: 20%; height: 257px;\"><img class=\"size-full wp-image-6004 aligncenter\" src=\"https:\/\/www.kosiceregion.com\/wp-content\/uploads\/2021\/05\/Icon_black__train.png\" alt=\"\" width=\"35\" height=\"35\" \/><\/td>\n<td style=\"width: 20%; height: 257px;\">\n<p><strong>Vlakov\u00e1 zast\u00e1vka<\/strong><\/p>\n<p>\u00c1NO, Vlakov\u00e1 stanica Jasov<br \/>(<a href=\"https:\/\/sk.mapy.cz\/s\/govecugeja\">Zobrazi\u0165 na mape<\/a>)<\/p>\n<\/td>\n<td style=\"width: 20.7372%; height: 257px;\">\u00a0<\/td>\n<td style=\"width: 22.8241%; height: 257px;\">\n<p><strong> <br \/><\/strong><\/p>\n<p>\u00a0<\/p>\n<\/td>\n<\/tr>\n<\/tbody>\n<\/table>\n<p>\u00a0<\/p>\n<!-- \/wp:tadv\/classic-paragraph -->\n\n<!-- wp:image {\"id\":7800,\"sizeSlug\":\"large\",\"linkDestination\":\"none\"} -->\n<figure class=\"wp-block-image size-large\"><img src=\"https:\/\/www.kosiceregion.com\/wp-content\/uploads\/2021\/11\/9-1024x683.jpg\" alt=\"\" class=\"wp-image-7800\"\/><\/figure>\n<!-- \/wp:image -->\n\n<!-- wp:html -->\n<iframe style=\"border:none\" src=\"https:\/\/sk.frame.mapy.cz\/s\/revojotupu\" width=\"400\" height=\"280\" frameborder=\"0\"><\/iframe>\n<!-- \/wp:html -->\n\n<!-- wp:tadv\/classic-paragraph -->\n<p>Viac in\u0161pir\u00e1ci\u00ed n\u00e1jdete na soci\u00e1lnej sieti Instagram a \u00fa\u010dte <a href=\"https:\/\/www.instagram.com\/zivot_dobrodruhov\/\" target=\"_blank\" rel=\"noopener\">@zivot_dobrodruhov<\/a>.&nbsp;<\/p>\n<!-- \/wp:tadv\/classic-paragraph -->\n\n<!-- wp:tadv\/classic-paragraph \/-->\n\n<!-- wp:tadv\/classic-paragraph \/-->","_sk_post_name":"zivot-dobrodruhov-klastor-jasov","_sk_post_excerpt":"","_sk_post_title":"\u017divot dobrodruhov: Kl\u00e1\u0161tor Jasov","_en_post_content":"","_en_post_name":"","_en_post_excerpt":"","_en_post_title":"","_hu_post_content":"","_hu_post_name":"","_hu_post_excerpt":"","_hu_post_title":"","_es_post_content":"","_es_post_name":"","_es_post_excerpt":"","_es_post_title":"","_de_post_content":"","_de_post_name":"","_de_post_excerpt":"","_de_post_title":"","_pl_post_content":"","_pl_post_name":"","_pl_post_excerpt":"","_pl_post_title":"","_it_post_content":"","_it_post_name":"","_it_post_excerpt":"","_it_post_title":"","edit_language":"pl","footnotes":""},"categories":[22],"tags":[251,464],"class_list":["post-7790","post","type-post","status-publish","format-standard","has-post-thumbnail","hentry","category-get-inspired","tag-jasov","tag-jasovsky-klastor"],"acf":[],"yoast_head":"<!-- This site is optimized with the Yoast SEO Premium plugin v25.5 (Yoast SEO v27.4) - https:\/\/yoast.com\/product\/yoast-seo-premium-wordpress\/ -->\n<title>Ko\u0161ice Regi\u00f3n<\/title>\n<meta name=\"description\" content=\"Pren\u00e1dhern\u00e9 ma\u013eby, kr\u00e1sne ornamenty, symetrick\u00e1 franc\u00fazska z\u00e1hrada \u010di obrovsk\u00e1 sekvoja. Toto v\u0161etko m\u00f4\u017eete obdivova\u0165 v\u00a0Jasovskom kl\u00e1\u0161tore premon\u0161tr\u00e1tov. Ide\u00e1lny tip na v\u00fdlet na da\u017ediv\u00e9 \u010di chladn\u00e9 dni!\n\n\n\n\n\n\n\nInform\u00e1cie o\u2026\" \/>\n<meta name=\"robots\" content=\"index, follow, max-snippet:-1, max-image-preview:large, max-video-preview:-1\" \/>\n<link rel=\"canonical\" href=\"https:\/\/www.kosiceregion.com\/hu\/zivot-dobrodruhov-klastor-jasov\/\" \/>\n<meta property=\"og:locale\" content=\"pl_PL\" \/>\n<meta property=\"og:type\" content=\"article\" \/>\n<meta property=\"og:title\" content=\"\u017divot dobrodruhov: Kl\u00e1\u0161tor Jasov\" \/>\n<meta property=\"og:description\" content=\"Pren\u00e1dhern\u00e9 ma\u013eby, kr\u00e1sne ornamenty, symetrick\u00e1 franc\u00fazska z\u00e1hrada \u010di obrovsk\u00e1 sekvoja. Toto v\u0161etko m\u00f4\u017eete obdivova\u0165 v\u00a0Jasovskom kl\u00e1\u0161tore premon\u0161tr\u00e1tov.\" \/>\n<meta property=\"og:url\" content=\"https:\/\/www.kosiceregion.com\/pl\/wp-json\/wp\/v2\/posts\/7790\" \/>\n<meta property=\"og:site_name\" content=\"Ko\u0161ice Regi\u00f3n\" \/>\n<meta property=\"article:publisher\" content=\"https:\/\/www.facebook.com\/kosiceregion\" \/>\n<meta property=\"article:published_time\" content=\"2021-11-15T14:33:01+00:00\" \/>\n<meta property=\"article:modified_time\" content=\"2021-11-15T14:33:02+00:00\" \/>\n<meta property=\"og:image\" content=\"https:\/\/www.kosiceregion.com\/wp-content\/uploads\/2021\/11\/titulka-2-scaled.jpg\" \/>\n\t<meta property=\"og:image:width\" content=\"2560\" \/>\n\t<meta property=\"og:image:height\" content=\"1707\" \/>\n\t<meta property=\"og:image:type\" content=\"image\/jpeg\" \/>\n<meta name=\"author\" content=\"Attila T\u00f6r\u00f6k\" \/>\n<meta name=\"twitter:card\" content=\"summary_large_image\" \/>\n<meta name=\"twitter:creator\" content=\"@KOSICEREGION\" \/>\n<meta name=\"twitter:site\" content=\"@KOSICEREGION\" \/>\n<meta name=\"twitter:label1\" content=\"Napisane przez\" \/>\n\t<meta name=\"twitter:data1\" content=\"Attila T\u00f6r\u00f6k\" \/>\n\t<meta name=\"twitter:label2\" content=\"Szacowany czas czytania\" \/>\n\t<meta name=\"twitter:data2\" content=\"5 minutes\" \/>\n<script type=\"application\/ld+json\" class=\"yoast-schema-graph\">{\"@context\":\"https:\\\/\\\/schema.org\",\"@graph\":[{\"@type\":\"Article\",\"@id\":\"https:\\\/\\\/www.kosiceregion.com\\\/hu\\\/zivot-dobrodruhov-klastor-jasov\\\/#article\",\"isPartOf\":{\"@id\":\"https:\\\/\\\/www.kosiceregion.com\\\/hu\\\/zivot-dobrodruhov-klastor-jasov\\\/\"},\"author\":{\"name\":\"Attila T\u00f6r\u00f6k\",\"@id\":\"https:\\\/\\\/www.kosiceregion.com\\\/#\\\/schema\\\/person\\\/c165be3d928462a4f7283533e3fa9f87\"},\"headline\":\"\u017divot dobrodruhov: Kl\u00e1\u0161tor Jasov\",\"datePublished\":\"2021-11-15T14:33:01+00:00\",\"dateModified\":\"2021-11-15T14:33:02+00:00\",\"mainEntityOfPage\":{\"@id\":\"https:\\\/\\\/www.kosiceregion.com\\\/hu\\\/zivot-dobrodruhov-klastor-jasov\\\/\"},\"wordCount\":462,\"publisher\":{\"@id\":\"https:\\\/\\\/www.kosiceregion.com\\\/#organization\"},\"image\":{\"@id\":\"https:\\\/\\\/www.kosiceregion.com\\\/hu\\\/zivot-dobrodruhov-klastor-jasov\\\/#primaryimage\"},\"thumbnailUrl\":\"https:\\\/\\\/www.kosiceregion.com\\\/wp-content\\\/uploads\\\/2021\\\/11\\\/titulka-2-scaled.jpg\",\"keywords\":[\"jasov\",\"jasovsk\u00fd kl\u00e1\u0161tor\"],\"articleSection\":[\"In\u0161piruj sa\"],\"inLanguage\":\"pl-PL\"},{\"@type\":\"WebPage\",\"@id\":\"https:\\\/\\\/www.kosiceregion.com\\\/hu\\\/zivot-dobrodruhov-klastor-jasov\\\/\",\"url\":\"https:\\\/\\\/www.kosiceregion.com\\\/hu\\\/zivot-dobrodruhov-klastor-jasov\\\/\",\"name\":\"\u017divot dobrodruhov: Kl\u00e1\u0161tor Jasov - Ko\u0161ice Regi\u00f3n\",\"isPartOf\":{\"@id\":\"https:\\\/\\\/www.kosiceregion.com\\\/#website\"},\"primaryImageOfPage\":{\"@id\":\"https:\\\/\\\/www.kosiceregion.com\\\/hu\\\/zivot-dobrodruhov-klastor-jasov\\\/#primaryimage\"},\"image\":{\"@id\":\"https:\\\/\\\/www.kosiceregion.com\\\/hu\\\/zivot-dobrodruhov-klastor-jasov\\\/#primaryimage\"},\"thumbnailUrl\":\"https:\\\/\\\/www.kosiceregion.com\\\/wp-content\\\/uploads\\\/2021\\\/11\\\/titulka-2-scaled.jpg\",\"datePublished\":\"2021-11-15T14:33:01+00:00\",\"dateModified\":\"2021-11-15T14:33:02+00:00\",\"description\":\"Pren\u00e1dhern\u00e9 ma\u013eby, kr\u00e1sne ornamenty, symetrick\u00e1 franc\u00fazska z\u00e1hrada \u010di obrovsk\u00e1 sekvoja. Toto v\u0161etko m\u00f4\u017eete obdivova\u0165 v\u00a0Jasovskom kl\u00e1\u0161tore premon\u0161tr\u00e1tov.\",\"breadcrumb\":{\"@id\":\"https:\\\/\\\/www.kosiceregion.com\\\/hu\\\/zivot-dobrodruhov-klastor-jasov\\\/#breadcrumb\"},\"inLanguage\":\"pl-PL\",\"potentialAction\":[{\"@type\":\"ReadAction\",\"target\":[\"https:\\\/\\\/www.kosiceregion.com\\\/hu\\\/zivot-dobrodruhov-klastor-jasov\\\/\"]}]},{\"@type\":\"ImageObject\",\"inLanguage\":\"pl-PL\",\"@id\":\"https:\\\/\\\/www.kosiceregion.com\\\/hu\\\/zivot-dobrodruhov-klastor-jasov\\\/#primaryimage\",\"url\":\"https:\\\/\\\/www.kosiceregion.com\\\/wp-content\\\/uploads\\\/2021\\\/11\\\/titulka-2-scaled.jpg\",\"contentUrl\":\"https:\\\/\\\/www.kosiceregion.com\\\/wp-content\\\/uploads\\\/2021\\\/11\\\/titulka-2-scaled.jpg\",\"width\":2560,\"height\":1707},{\"@type\":\"BreadcrumbList\",\"@id\":\"https:\\\/\\\/www.kosiceregion.com\\\/hu\\\/zivot-dobrodruhov-klastor-jasov\\\/#breadcrumb\",\"itemListElement\":[{\"@type\":\"ListItem\",\"position\":1,\"name\":\"Home\",\"item\":\"https:\\\/\\\/www.kosiceregion.com\\\/sk\\\/\"},{\"@type\":\"ListItem\",\"position\":2,\"name\":\"\u017divot dobrodruhov: Kl\u00e1\u0161tor Jasov\"}]},{\"@type\":\"WebSite\",\"@id\":\"https:\\\/\\\/www.kosiceregion.com\\\/#website\",\"url\":\"https:\\\/\\\/www.kosiceregion.com\\\/\",\"name\":\"Ko\u0161ice Regi\u00f3n\",\"description\":\"Turistick\u00fd sprievodca Ko\u0161ick\u00fdm krajom\",\"publisher\":{\"@id\":\"https:\\\/\\\/www.kosiceregion.com\\\/#organization\"},\"potentialAction\":[{\"@type\":\"SearchAction\",\"target\":{\"@type\":\"EntryPoint\",\"urlTemplate\":\"https:\\\/\\\/www.kosiceregion.com\\\/?s={search_term_string}\"},\"query-input\":{\"@type\":\"PropertyValueSpecification\",\"valueRequired\":true,\"valueName\":\"search_term_string\"}}],\"inLanguage\":\"pl-PL\"},{\"@type\":\"Organization\",\"@id\":\"https:\\\/\\\/www.kosiceregion.com\\\/#organization\",\"name\":\"Ko\u0161ice Regi\u00f3n Turizmus\",\"url\":\"https:\\\/\\\/www.kosiceregion.com\\\/\",\"logo\":{\"@type\":\"ImageObject\",\"inLanguage\":\"pl-PL\",\"@id\":\"https:\\\/\\\/www.kosiceregion.com\\\/#\\\/schema\\\/logo\\\/image\\\/\",\"url\":\"https:\\\/\\\/www.kosiceregion.com\\\/wp-content\\\/uploads\\\/2019\\\/03\\\/logo-web-sk.png\",\"contentUrl\":\"https:\\\/\\\/www.kosiceregion.com\\\/wp-content\\\/uploads\\\/2019\\\/03\\\/logo-web-sk.png\",\"width\":225,\"height\":100,\"caption\":\"Ko\u0161ice Regi\u00f3n Turizmus\"},\"image\":{\"@id\":\"https:\\\/\\\/www.kosiceregion.com\\\/#\\\/schema\\\/logo\\\/image\\\/\"},\"sameAs\":[\"https:\\\/\\\/www.facebook.com\\\/kosiceregion\",\"https:\\\/\\\/x.com\\\/KOSICEREGION\",\"https:\\\/\\\/www.instagram.com\\\/kosiceregion\",\"https:\\\/\\\/www.youtube.com\\\/kosiceregion\"]},{\"@type\":\"Person\",\"@id\":\"https:\\\/\\\/www.kosiceregion.com\\\/#\\\/schema\\\/person\\\/c165be3d928462a4f7283533e3fa9f87\",\"name\":\"Attila T\u00f6r\u00f6k\",\"image\":{\"@type\":\"ImageObject\",\"inLanguage\":\"pl-PL\",\"@id\":\"https:\\\/\\\/secure.gravatar.com\\\/avatar\\\/7536520a24f54162948fc01f9d450948fd7df6ba020d0e39b69d3dcb7e39ee10?s=96&d=mm&r=g\",\"url\":\"https:\\\/\\\/secure.gravatar.com\\\/avatar\\\/7536520a24f54162948fc01f9d450948fd7df6ba020d0e39b69d3dcb7e39ee10?s=96&d=mm&r=g\",\"contentUrl\":\"https:\\\/\\\/secure.gravatar.com\\\/avatar\\\/7536520a24f54162948fc01f9d450948fd7df6ba020d0e39b69d3dcb7e39ee10?s=96&d=mm&r=g\",\"caption\":\"Attila T\u00f6r\u00f6k\"}}]}<\/script>\n<!-- \/ Yoast SEO Premium plugin. -->","yoast_head_json":{"title":"Ko\u0161ice Regi\u00f3n","description":"Pren\u00e1dhern\u00e9 ma\u013eby, kr\u00e1sne ornamenty, symetrick\u00e1 franc\u00fazska z\u00e1hrada \u010di obrovsk\u00e1 sekvoja. Toto v\u0161etko m\u00f4\u017eete obdivova\u0165 v\u00a0Jasovskom kl\u00e1\u0161tore premon\u0161tr\u00e1tov. Ide\u00e1lny tip na v\u00fdlet na da\u017ediv\u00e9 \u010di chladn\u00e9 dni!\n\n\n\n\n\n\n\nInform\u00e1cie o\u2026","robots":{"index":"index","follow":"follow","max-snippet":"max-snippet:-1","max-image-preview":"max-image-preview:large","max-video-preview":"max-video-preview:-1"},"canonical":"https:\/\/www.kosiceregion.com\/hu\/zivot-dobrodruhov-klastor-jasov\/","og_locale":"pl_PL","og_type":"article","og_title":"\u017divot dobrodruhov: Kl\u00e1\u0161tor Jasov","og_description":"Pren\u00e1dhern\u00e9 ma\u013eby, kr\u00e1sne ornamenty, symetrick\u00e1 franc\u00fazska z\u00e1hrada \u010di obrovsk\u00e1 sekvoja. Toto v\u0161etko m\u00f4\u017eete obdivova\u0165 v\u00a0Jasovskom kl\u00e1\u0161tore premon\u0161tr\u00e1tov.","og_url":"https:\/\/www.kosiceregion.com\/pl\/wp-json\/wp\/v2\/posts\/7790","og_site_name":"Ko\u0161ice Regi\u00f3n","article_publisher":"https:\/\/www.facebook.com\/kosiceregion","article_published_time":"2021-11-15T14:33:01+00:00","article_modified_time":"2021-11-15T14:33:02+00:00","og_image":[{"width":2560,"height":1707,"url":"https:\/\/www.kosiceregion.com\/wp-content\/uploads\/2021\/11\/titulka-2-scaled.jpg","type":"image\/jpeg"}],"author":"Attila T\u00f6r\u00f6k","twitter_card":"summary_large_image","twitter_creator":"@KOSICEREGION","twitter_site":"@KOSICEREGION","twitter_misc":{"Napisane przez":"Attila T\u00f6r\u00f6k","Szacowany czas czytania":"5 minutes"},"schema":{"@context":"https:\/\/schema.org","@graph":[{"@type":"Article","@id":"https:\/\/www.kosiceregion.com\/hu\/zivot-dobrodruhov-klastor-jasov\/#article","isPartOf":{"@id":"https:\/\/www.kosiceregion.com\/hu\/zivot-dobrodruhov-klastor-jasov\/"},"author":{"name":"Attila T\u00f6r\u00f6k","@id":"https:\/\/www.kosiceregion.com\/#\/schema\/person\/c165be3d928462a4f7283533e3fa9f87"},"headline":"\u017divot dobrodruhov: Kl\u00e1\u0161tor Jasov","datePublished":"2021-11-15T14:33:01+00:00","dateModified":"2021-11-15T14:33:02+00:00","mainEntityOfPage":{"@id":"https:\/\/www.kosiceregion.com\/hu\/zivot-dobrodruhov-klastor-jasov\/"},"wordCount":462,"publisher":{"@id":"https:\/\/www.kosiceregion.com\/#organization"},"image":{"@id":"https:\/\/www.kosiceregion.com\/hu\/zivot-dobrodruhov-klastor-jasov\/#primaryimage"},"thumbnailUrl":"https:\/\/www.kosiceregion.com\/wp-content\/uploads\/2021\/11\/titulka-2-scaled.jpg","keywords":["jasov","jasovsk\u00fd kl\u00e1\u0161tor"],"articleSection":["In\u0161piruj sa"],"inLanguage":"pl-PL"},{"@type":"WebPage","@id":"https:\/\/www.kosiceregion.com\/hu\/zivot-dobrodruhov-klastor-jasov\/","url":"https:\/\/www.kosiceregion.com\/hu\/zivot-dobrodruhov-klastor-jasov\/","name":"\u017divot dobrodruhov: Kl\u00e1\u0161tor Jasov - Ko\u0161ice Regi\u00f3n","isPartOf":{"@id":"https:\/\/www.kosiceregion.com\/#website"},"primaryImageOfPage":{"@id":"https:\/\/www.kosiceregion.com\/hu\/zivot-dobrodruhov-klastor-jasov\/#primaryimage"},"image":{"@id":"https:\/\/www.kosiceregion.com\/hu\/zivot-dobrodruhov-klastor-jasov\/#primaryimage"},"thumbnailUrl":"https:\/\/www.kosiceregion.com\/wp-content\/uploads\/2021\/11\/titulka-2-scaled.jpg","datePublished":"2021-11-15T14:33:01+00:00","dateModified":"2021-11-15T14:33:02+00:00","description":"Pren\u00e1dhern\u00e9 ma\u013eby, kr\u00e1sne ornamenty, symetrick\u00e1 franc\u00fazska z\u00e1hrada \u010di obrovsk\u00e1 sekvoja. Toto v\u0161etko m\u00f4\u017eete obdivova\u0165 v\u00a0Jasovskom kl\u00e1\u0161tore premon\u0161tr\u00e1tov.","breadcrumb":{"@id":"https:\/\/www.kosiceregion.com\/hu\/zivot-dobrodruhov-klastor-jasov\/#breadcrumb"},"inLanguage":"pl-PL","potentialAction":[{"@type":"ReadAction","target":["https:\/\/www.kosiceregion.com\/hu\/zivot-dobrodruhov-klastor-jasov\/"]}]},{"@type":"ImageObject","inLanguage":"pl-PL","@id":"https:\/\/www.kosiceregion.com\/hu\/zivot-dobrodruhov-klastor-jasov\/#primaryimage","url":"https:\/\/www.kosiceregion.com\/wp-content\/uploads\/2021\/11\/titulka-2-scaled.jpg","contentUrl":"https:\/\/www.kosiceregion.com\/wp-content\/uploads\/2021\/11\/titulka-2-scaled.jpg","width":2560,"height":1707},{"@type":"BreadcrumbList","@id":"https:\/\/www.kosiceregion.com\/hu\/zivot-dobrodruhov-klastor-jasov\/#breadcrumb","itemListElement":[{"@type":"ListItem","position":1,"name":"Home","item":"https:\/\/www.kosiceregion.com\/sk\/"},{"@type":"ListItem","position":2,"name":"\u017divot dobrodruhov: Kl\u00e1\u0161tor Jasov"}]},{"@type":"WebSite","@id":"https:\/\/www.kosiceregion.com\/#website","url":"https:\/\/www.kosiceregion.com\/","name":"Ko\u0161ice Regi\u00f3n","description":"Turistick\u00fd sprievodca Ko\u0161ick\u00fdm krajom","publisher":{"@id":"https:\/\/www.kosiceregion.com\/#organization"},"potentialAction":[{"@type":"SearchAction","target":{"@type":"EntryPoint","urlTemplate":"https:\/\/www.kosiceregion.com\/?s={search_term_string}"},"query-input":{"@type":"PropertyValueSpecification","valueRequired":true,"valueName":"search_term_string"}}],"inLanguage":"pl-PL"},{"@type":"Organization","@id":"https:\/\/www.kosiceregion.com\/#organization","name":"Ko\u0161ice Regi\u00f3n Turizmus","url":"https:\/\/www.kosiceregion.com\/","logo":{"@type":"ImageObject","inLanguage":"pl-PL","@id":"https:\/\/www.kosiceregion.com\/#\/schema\/logo\/image\/","url":"https:\/\/www.kosiceregion.com\/wp-content\/uploads\/2019\/03\/logo-web-sk.png","contentUrl":"https:\/\/www.kosiceregion.com\/wp-content\/uploads\/2019\/03\/logo-web-sk.png","width":225,"height":100,"caption":"Ko\u0161ice Regi\u00f3n Turizmus"},"image":{"@id":"https:\/\/www.kosiceregion.com\/#\/schema\/logo\/image\/"},"sameAs":["https:\/\/www.facebook.com\/kosiceregion","https:\/\/x.com\/KOSICEREGION","https:\/\/www.instagram.com\/kosiceregion","https:\/\/www.youtube.com\/kosiceregion"]},{"@type":"Person","@id":"https:\/\/www.kosiceregion.com\/#\/schema\/person\/c165be3d928462a4f7283533e3fa9f87","name":"Attila T\u00f6r\u00f6k","image":{"@type":"ImageObject","inLanguage":"pl-PL","@id":"https:\/\/secure.gravatar.com\/avatar\/7536520a24f54162948fc01f9d450948fd7df6ba020d0e39b69d3dcb7e39ee10?s=96&d=mm&r=g","url":"https:\/\/secure.gravatar.com\/avatar\/7536520a24f54162948fc01f9d450948fd7df6ba020d0e39b69d3dcb7e39ee10?s=96&d=mm&r=g","contentUrl":"https:\/\/secure.gravatar.com\/avatar\/7536520a24f54162948fc01f9d450948fd7df6ba020d0e39b69d3dcb7e39ee10?s=96&d=mm&r=g","caption":"Attila T\u00f6r\u00f6k"}}]}},"_links":{"self":[{"href":"https:\/\/www.kosiceregion.com\/pl\/wp-json\/wp\/v2\/posts\/7790","targetHints":{"allow":["GET"]}}],"collection":[{"href":"https:\/\/www.kosiceregion.com\/pl\/wp-json\/wp\/v2\/posts"}],"about":[{"href":"https:\/\/www.kosiceregion.com\/pl\/wp-json\/wp\/v2\/types\/post"}],"author":[{"embeddable":true,"href":"https:\/\/www.kosiceregion.com\/pl\/wp-json\/wp\/v2\/users\/10"}],"replies":[{"embeddable":true,"href":"https:\/\/www.kosiceregion.com\/pl\/wp-json\/wp\/v2\/comments?post=7790"}],"version-history":[{"count":1,"href":"https:\/\/www.kosiceregion.com\/pl\/wp-json\/wp\/v2\/posts\/7790\/revisions"}],"predecessor-version":[{"id":7802,"href":"https:\/\/www.kosiceregion.com\/pl\/wp-json\/wp\/v2\/posts\/7790\/revisions\/7802"}],"wp:featuredmedia":[{"embeddable":true,"href":"https:\/\/www.kosiceregion.com\/pl\/wp-json\/wp\/v2\/media\/7801"}],"wp:attachment":[{"href":"https:\/\/www.kosiceregion.com\/pl\/wp-json\/wp\/v2\/media?parent=7790"}],"wp:term":[{"taxonomy":"category","embeddable":true,"href":"https:\/\/www.kosiceregion.com\/pl\/wp-json\/wp\/v2\/categories?post=7790"},{"taxonomy":"post_tag","embeddable":true,"href":"https:\/\/www.kosiceregion.com\/pl\/wp-json\/wp\/v2\/tags?post=7790"}],"curies":[{"name":"wp","href":"https:\/\/api.w.org\/{rel}","templated":true}]}}