{"id":8073,"date":"2021-11-30T10:53:48","date_gmt":"2021-11-30T09:53:48","guid":{"rendered":"https:\/\/www.kosiceregion.com\/sk\/?p=8073"},"modified":"2021-11-30T10:53:50","modified_gmt":"2021-11-30T09:53:50","slug":"","status":"publish","type":"post","link":"https:\/\/www.kosiceregion.com\/pl\/zivot-dobrodruhov-izba-tradicii-heimatstube-v-smolnickej-hute\/","title":{"rendered":"","raw":""},"content":{"rendered":"","protected":false,"raw":""},"excerpt":{"rendered":"","protected":false,"raw":""},"author":10,"featured_media":8074,"comment_status":"closed","ping_status":"closed","sticky":false,"template":"","format":"standard","meta":{"_acf_changed":false,"_sk_post_content":"<!-- wp:tadv\/classic-paragraph -->\n<p style=\"text-align: justify;\">Z cesty ju \u013eahko prehliadnete. Mal\u00e9 dvere za \u017eelezn\u00fdmi mre\u017eami v\u00e1m toho ve\u013ea nepovedia. Av\u0161ak za nimi sa toho skr\u00fdva ve\u013ea. Izba trad\u00edci\u00ed je pln\u00e1 jedine\u010dn\u00fdch spomienok miestnych obyvate\u013eov. Ukr\u00fdva neskuto\u010dn\u00e9 mno\u017estvo hist\u00f3rie, osobn\u00fdch predmetov a dozviete sa v nej ve\u013ea nov\u00e9ho. V\u010faka \u00fa\u017easn\u00fdm \u013eu\u010fom, ktor\u00ed za izbou trad\u00edci\u00ed stoja, v\u00e1s rozhodne ne\u010dak\u00e1 nudn\u00fd v\u00fdlet ale srde\u010dn\u00e9 pr\u00edbehy.<\/p>\n<!-- \/wp:tadv\/classic-paragraph -->\n\n<!-- wp:image {\"id\":8075,\"sizeSlug\":\"large\",\"linkDestination\":\"none\"} -->\n<figure class=\"wp-block-image size-large\"><img src=\"https:\/\/www.kosiceregion.com\/wp-content\/uploads\/2021\/11\/KP_0008-1024x683.jpg\" alt=\"\" class=\"wp-image-8075\"\/><\/figure>\n<!-- \/wp:image -->\n\n<!-- wp:heading {\"textAlign\":\"center\"} -->\n<h2 class=\"has-text-align-center\">Inform\u00e1cie o trase a lokalite<\/h2>\n<!-- \/wp:heading -->\n\n<!-- wp:tadv\/classic-paragraph -->\n<p>\u00a0<\/p>\n<table class=\" aligncenter\" style=\"height: 436px; width: 72.6199%; border-collapse: collapse;\">\n<tbody>\n<tr style=\"height: 216px;\">\n<td style=\"width: 20%; height: 210px;\"><img class=\"size-full wp-image-5997 aligncenter\" src=\"https:\/\/www.kosiceregion.com\/wp-content\/uploads\/2021\/05\/Icon_black__kids.png\" alt=\"\" width=\"35\" height=\"35\" \/><\/td>\n<td style=\"width: 20%; height: 210px;\">\n<p><strong>Vhodn\u00e9 pre deti<\/strong><\/p>\n<p>\u00c1NO<\/p>\n<\/td>\n<td style=\"width: 20.5727%; height: 210px;\"><img class=\"size-full wp-image-5999 aligncenter\" src=\"https:\/\/www.kosiceregion.com\/wp-content\/uploads\/2021\/05\/Icon_black__food.png\" alt=\"\" width=\"35\" height=\"35\" \/><\/td>\n<td style=\"width: 22.9886%; height: 210px;\">\n<p><strong>Stravovacie zariadenie<\/strong><\/p>\n<p>NIE<\/p>\n<\/td>\n<\/tr>\n<tr style=\"height: 216px;\">\n<td style=\"width: 20%; height: 139px;\">\u00a0<\/td>\n<td style=\"width: 20%; height: 139px;\">\n<p>\u00a0<\/p>\n<\/td>\n<td style=\"width: 20.5727%; height: 139px;\"><img class=\"size-full wp-image-6000 aligncenter\" src=\"https:\/\/www.kosiceregion.com\/wp-content\/uploads\/2021\/05\/Icon_black__challenging.png\" alt=\"\" width=\"35\" height=\"35\" \/><\/td>\n<td style=\"width: 22.9886%; height: 139px;\">\n<p><strong>N\u00e1ro\u010dnos\u0165 trasy<\/strong><\/p>\n<p style=\"text-align: left;\">\u013dAHK\u00c1<\/p>\n<\/td>\n<\/tr>\n<\/tbody>\n<\/table>\n<p>\u00a0<\/p>\n<!-- \/wp:tadv\/classic-paragraph -->\n\n<!-- wp:tadv\/classic-paragraph -->\n<p style=\"text-align: justify;\"><a href=\"https:\/\/www.kosiceregion.com\/sk\/s-lodnym-kufrom-cez-tajch-do-svetovych-kupelov\/\" target=\"_blank\" rel=\"noopener\">Izba trad\u00edci\u00ed Heimatstube v\u00a0Smoln\u00edckej Hute<\/a> zachyt\u00e1va najm\u00e4 pr\u00edbehy miestnych a ich predkov. T\u00e1to mal\u00e1 v\u00fdstava je pln\u00e1 neskuto\u010dn\u00fdch spomienok. Za cel\u00fdm t\u00fdmto n\u00e1padom stoj\u00ed \u00fa\u017easn\u00e1 pani Blanka \u010cechov\u00e1, patriotka zo Smoln\u00edckej Huty. Zbierka sa za\u010dala v malom a ka\u017ed\u00fdm d\u0148om sa roz\u0161iruje. Miestni obyvatelia pani Blanke nosia \u010fal\u0161ie a \u010fal\u0161ie predmety, ktor\u00e9 patrili ich predkom. Dnes t\u00fato izbu m\u00f4\u017eete n\u00e1js\u0165 v b\u00fdvalej kr\u010dme, v budove obecn\u00e9ho \u00faradu.<\/p>\n<!-- \/wp:tadv\/classic-paragraph -->\n\n<!-- wp:image {\"id\":8076,\"sizeSlug\":\"large\",\"linkDestination\":\"none\"} -->\n<figure class=\"wp-block-image size-large\"><img src=\"https:\/\/www.kosiceregion.com\/wp-content\/uploads\/2021\/11\/KP_0010-1024x683.jpg\" alt=\"\" class=\"wp-image-8076\"\/><\/figure>\n<!-- \/wp:image -->\n\n<!-- wp:image {\"id\":8077,\"sizeSlug\":\"large\",\"linkDestination\":\"none\"} -->\n<figure class=\"wp-block-image size-large\"><img src=\"https:\/\/www.kosiceregion.com\/wp-content\/uploads\/2021\/11\/2-5-1024x683.jpg\" alt=\"\" class=\"wp-image-8077\"\/><\/figure>\n<!-- \/wp:image -->\n\n<!-- wp:tadv\/classic-paragraph -->\n<p style=\"text-align: justify;\">Cel\u00e1 jedna miestnos\u0165 je venovan\u00e1 ban\u00edctvu. Kr\u00e1\u013e Bela IV. sem kedysi pozval Nemcov, ktor\u00ed mali vedomosti v\u00a0oblasti ban\u00edctva. T\u00ed nie len \u017ee vyu\u017eili potenci\u00e1l miestnych rudn\u00fdch \u017e\u00edl, ale sa nakoniec v\u00a0obci aj usadili. V ban\u00edckej \u010dasti n\u00e1jdete ban\u00edcke odevy, bansk\u00fd vag\u00f3n a\u00a0mno\u017estvo \u010fal\u0161\u00edch r\u00f4znych pom\u00f4cok.<\/p>\n<!-- \/wp:tadv\/classic-paragraph -->\n\n<!-- wp:image {\"id\":8079,\"sizeSlug\":\"large\",\"linkDestination\":\"none\"} -->\n<figure class=\"wp-block-image size-large\"><img src=\"https:\/\/www.kosiceregion.com\/wp-content\/uploads\/2021\/11\/3-4-1024x683.jpg\" alt=\"\" class=\"wp-image-8079\"\/><\/figure>\n<!-- \/wp:image -->\n\n<!-- wp:image {\"id\":8080,\"sizeSlug\":\"large\",\"linkDestination\":\"none\"} -->\n<figure class=\"wp-block-image size-large\"><img src=\"https:\/\/www.kosiceregion.com\/wp-content\/uploads\/2021\/11\/4-4-1024x683.jpg\" alt=\"\" class=\"wp-image-8080\"\/><\/figure>\n<!-- \/wp:image -->\n\n<!-- wp:tadv\/classic-paragraph -->\n<p style=\"text-align: justify;\">M\u00f4\u017eete si obzrie\u0165 star\u00e9 bansk\u00e9 kladivk\u00e1 \u010di karbidky, ktor\u00fdmi si ban\u00edci svietili ke\u010f e\u0161te nemali elektrinu. Taktie\u017e je tu zbierka r\u00f4znych miner\u00e1lov. Tie najsrde\u010dnej\u0161ie spomienky miestnych \u013eud\u00ed na ban\u00edcku hist\u00f3riu mo\u017eno n\u00e1js\u0165 pr\u00e1ve v Izbe trad\u00edci\u00ed.<\/p>\n<!-- \/wp:tadv\/classic-paragraph -->\n\n<!-- wp:image {\"id\":8081,\"sizeSlug\":\"large\",\"linkDestination\":\"none\"} -->\n<figure class=\"wp-block-image size-large\"><img src=\"https:\/\/www.kosiceregion.com\/wp-content\/uploads\/2021\/11\/5-4-1024x683.jpg\" alt=\"\" class=\"wp-image-8081\"\/><\/figure>\n<!-- \/wp:image -->\n\n<!-- wp:image {\"id\":8082,\"sizeSlug\":\"large\",\"linkDestination\":\"none\"} -->\n<figure class=\"wp-block-image size-large\"><img src=\"https:\/\/www.kosiceregion.com\/wp-content\/uploads\/2021\/11\/6-4-1024x683.jpg\" alt=\"\" class=\"wp-image-8082\"\/><\/figure>\n<!-- \/wp:image -->\n\n<!-- wp:tadv\/classic-paragraph -->\n<p style=\"text-align: justify;\">Nemci, ktor\u00ed sa v okol\u00ed Smoln\u00edckej huty usadili, ovplyvnili miestne n\u00e1re\u010die \u010di dokonca obliekanie. Fotografie odevov s\u00fa zavesen\u00e9 na sten\u00e1ch Izby trad\u00edci\u00ed. Taktie\u017e je tu zbierka r\u00f4znych modlitebn\u00fdch kn\u00edh. Ve\u013emi zauj\u00edmavou je aj kore\u0161pondencia. Pani Blanke sa podarilo zhroma\u017edi\u0165 listy medzi miestnymi a t\u00fdmi, ktor\u00ed sa z obce ods\u0165ahovali napr. do Ameriky. Mnoh\u00ed obyvatelia Smoln\u00edckej Huty boli po roku 1945 n\u00faten\u00ed opusti\u0165 svoje rodiny. A pr\u00e1ve v\u010faka tejto Izbe trad\u00edci\u00ed mali viacer\u00ed mo\u017enos\u0165 spozna\u0165 a objavi\u0165 svoje korene. Neraz sa pani Blanke ozvali \u013eudia z Nemecka \u010di Ameriky, ktor\u00ed spoznali zop\u00e1r listov, \u010di in\u00e9 predmety svojich predkov. No nie je to kr\u00e1sne?<\/p>\n<!-- \/wp:tadv\/classic-paragraph -->\n\n<!-- wp:image {\"id\":8083,\"sizeSlug\":\"large\",\"linkDestination\":\"none\"} -->\n<figure class=\"wp-block-image size-large\"><img src=\"https:\/\/www.kosiceregion.com\/wp-content\/uploads\/2021\/11\/7-4-1024x683.jpg\" alt=\"\" class=\"wp-image-8083\"\/><\/figure>\n<!-- \/wp:image -->\n\n<!-- wp:tadv\/classic-paragraph -->\n<p style=\"text-align: justify;\">V\u00a0tejto izbe n\u00e1jdete aj p\u00f4vodn\u00fd stol\u00edk z\u00a0tabakovej tov\u00e1rne, ktor\u00e1 kedysi fungovala v\u00a0ne\u010falekom Smoln\u00edku. M\u00f4\u017eete tu vidie\u0165 aj posledn\u00e9 kusy cig\u00e1r \u010di tabakov\u00fd list z\u00a0J\u00e1vy v\u00a0Indon\u00e9zii.<\/p>\n<!-- \/wp:tadv\/classic-paragraph -->\n\n<!-- wp:image {\"id\":8084,\"sizeSlug\":\"large\",\"linkDestination\":\"none\"} -->\n<figure class=\"wp-block-image size-large\"><img src=\"https:\/\/www.kosiceregion.com\/wp-content\/uploads\/2021\/11\/8-3-1024x683.jpg\" alt=\"\" class=\"wp-image-8084\"\/><figcaption>Spomienky na tabakov\u00fa tov\u00e1re\u0148 v Smoln\u00edku<\/figcaption><\/figure>\n<!-- \/wp:image -->\n\n<!-- wp:tadv\/classic-paragraph -->\n<p style=\"text-align: justify;\">V obci to ozaj \u017eije a miestni obyvatelia spolu so starostom Mari\u00e1nom Pohlym sa ka\u017ed\u00fdm d\u0148om usilovne sna\u017eia o rozvoj Smoln\u00edckej Huty. Teraz v jesennom obdob\u00ed tu m\u00f4\u017eete n\u00e1js\u0165 n\u00e1dhern\u00fa jesenn\u00fa v\u00fdstavu \u2013 slamen\u00fdch pan\u00e1\u010dikov \u010di unik\u00e1tne bet\u00f3nov\u00e9 tekvice (inak by ich zjedla zver). Za touto v\u00fdstavou stoj\u00ed \u0161ikovn\u00e1 a kreat\u00edvna Katka Majovsk\u00e1. Pr\u00e1ve v\u010faka nej si z Izby trad\u00edci\u00ed dokonca m\u00f4\u017eete odnies\u0165 kr\u00e1sne tematick\u00e9 medovn\u00ed\u010dky. My sme na pamiatku dostali medovn\u00edky v tvare ban\u00edckeho vag\u00f3na.<\/p>\n<!-- \/wp:tadv\/classic-paragraph -->\n\n<!-- wp:image {\"id\":8085,\"sizeSlug\":\"large\",\"linkDestination\":\"none\"} -->\n<figure class=\"wp-block-image size-large\"><img src=\"https:\/\/www.kosiceregion.com\/wp-content\/uploads\/2021\/11\/9-1-1024x683.jpg\" alt=\"\" class=\"wp-image-8085\"\/><figcaption>Jesenn\u00e1 v\u00fdstava od Katky Majovskej<\/figcaption><\/figure>\n<!-- \/wp:image -->\n\n<!-- wp:tadv\/classic-paragraph -->\n<p style=\"text-align: justify;\">V\u00a0obci je dnes vybudovan\u00e1 aj zauj\u00edmav\u00e1 cyklotrasa prepojen\u00e1 s\u00a0n\u00e1u\u010dn\u00fdm chodn\u00edkom. T\u00e1 vedie po trase b\u00fdvalej \u00fazkorozchodnej \u017eeleznice.<\/p>\n<p style=\"text-align: justify;\">Aktuality z diania v obci n\u00e1jdete na <a href=\"https:\/\/m.facebook.com\/SmolnickaHuta?_rdr\">FB Smoln\u00edcka Huta \u2013 Ofici\u00e1lna str\u00e1nka obce.<\/a><\/p>\n<!-- \/wp:tadv\/classic-paragraph -->\n\n<!-- wp:heading {\"textAlign\":\"center\"} -->\n<h2 class=\"has-text-align-center\">Dopravn\u00e1 dostupnos\u0165<\/h2>\n<!-- \/wp:heading -->\n\n<!-- wp:tadv\/classic-paragraph -->\n<p>\u00a0<\/p>\n<table class=\" aligncenter\" style=\"height: 416px; width: 73.456%; border-collapse: collapse;\">\n<tbody>\n<tr style=\"height: 216px;\">\n<td style=\"width: 20%; height: 210px;\"><img class=\"size-full wp-image-6002 aligncenter\" src=\"https:\/\/www.kosiceregion.com\/wp-content\/uploads\/2021\/05\/Icon_black__parking.png\" alt=\"\" width=\"35\" height=\"35\" \/><\/td>\n<td style=\"width: 20%; height: 210px;\">\n<p><strong>Parkovanie<\/strong><\/p>\n<p>\u00c1NO, Pri obecnom \u00farade<br \/>(<a href=\"https:\/\/sk.mapy.cz\/s\/pocokomoce\">Zobrazi\u0165 na mape<\/a>)<\/p>\n<\/td>\n<td style=\"width: 20.7372%; height: 210px;\"><img class=\"size-full wp-image-6003 aligncenter\" src=\"https:\/\/www.kosiceregion.com\/wp-content\/uploads\/2021\/05\/Icon_black__bus.png\" alt=\"\" width=\"35\" height=\"35\" \/><\/td>\n<td style=\"width: 22.8241%; height: 210px;\">\n<p><strong>Autobusov\u00e1 zast\u00e1vka<\/strong><\/p>\n<p>\u00c1NO, Smoln\u00edcka huta, obecn\u00fd \u00farad<br \/>(<a href=\"https:\/\/sk.mapy.cz\/s\/jevavosehu\">Zobrazi\u0165 na mape<\/a>)<\/p>\n<\/td>\n<\/tr>\n<tr style=\"height: 216px;\">\n<td style=\"width: 20%; height: 206px;\"><img class=\"size-full wp-image-6004 aligncenter\" src=\"https:\/\/www.kosiceregion.com\/wp-content\/uploads\/2021\/05\/Icon_black__train.png\" alt=\"\" width=\"35\" height=\"35\" \/><\/td>\n<td style=\"width: 20%; height: 206px;\">\n<p><strong>Vlakov\u00e1 zast\u00e1vka<\/strong><\/p>\n<p>NIE<\/p>\n<\/td>\n<td style=\"width: 20.7372%; height: 206px;\">\u00a0<\/td>\n<td style=\"width: 22.8241%; height: 206px;\">\n<p><strong> <br \/><\/strong><\/p>\n<p>\u00a0<\/p>\n<\/td>\n<\/tr>\n<\/tbody>\n<\/table>\n<p>\u00a0<\/p>\n<!-- \/wp:tadv\/classic-paragraph -->\n\n<!-- wp:html -->\n<iframe style=\"border:none\" src=\"https:\/\/sk.frame.mapy.cz\/s\/gevamubega\" width=\"400\" height=\"280\" frameborder=\"0\"><\/iframe>\n<!-- \/wp:html -->\n\n<!-- wp:tadv\/classic-paragraph -->\n<p>Viac in\u0161pir\u00e1ci\u00ed n\u00e1jdete na soci\u00e1lnej sieti Instagram a \u00fa\u010dte <a href=\"https:\/\/www.instagram.com\/zivot_dobrodruhov\/\" target=\"_blank\" rel=\"noopener\">@zivot_dobrodruhov<\/a>.&nbsp;<\/p>\n<!-- \/wp:tadv\/classic-paragraph -->\n\n<!-- wp:tadv\/classic-paragraph \/-->\n\n<!-- wp:tadv\/classic-paragraph \/-->\n\n<!-- wp:tadv\/classic-paragraph \/-->","_sk_post_name":"zivot-dobrodruhov-izba-tradicii-heimatstube-v-smolnickej-hute","_sk_post_excerpt":"","_sk_post_title":"\u017divot dobrodruhov: Izba trad\u00edci\u00ed Heimatstube v Smoln\u00edckej Hute","_en_post_content":"","_en_post_name":"","_en_post_excerpt":"","_en_post_title":"","_hu_post_content":"","_hu_post_name":"","_hu_post_excerpt":"","_hu_post_title":"","_es_post_content":"","_es_post_name":"","_es_post_excerpt":"","_es_post_title":"","_de_post_content":"","_de_post_name":"","_de_post_excerpt":"","_de_post_title":"","_pl_post_content":"","_pl_post_name":"","_pl_post_excerpt":"","_pl_post_title":"","_it_post_content":"","_it_post_name":"","_it_post_excerpt":"","_it_post_title":"","edit_language":"pl","footnotes":""},"categories":[22],"tags":[395,511,398],"class_list":["post-8073","post","type-post","status-publish","format-standard","has-post-thumbnail","hentry","category-get-inspired","tag-heimatstube","tag-smolnicka-huta","tag-smolnik"],"acf":[],"yoast_head":"<!-- This site is optimized with the Yoast SEO Premium plugin v25.5 (Yoast SEO v27.4) - https:\/\/yoast.com\/product\/yoast-seo-premium-wordpress\/ -->\n<title>Ko\u0161ice Regi\u00f3n<\/title>\n<meta name=\"description\" content=\"Z cesty ju \u013eahko prehliadnete. Mal\u00e9 dvere za \u017eelezn\u00fdmi mre\u017eami v\u00e1m toho ve\u013ea nepovedia. Av\u0161ak za nimi sa toho skr\u00fdva ve\u013ea. Izba trad\u00edci\u00ed je pln\u00e1 jedine\u010dn\u00fdch spomienok miestnych obyvate\u013eov. Ukr\u00fdva neskuto\u010dn\u00e9 mno\u017estvo hist\u00f3rie,\u2026\" \/>\n<meta name=\"robots\" content=\"index, follow, max-snippet:-1, max-image-preview:large, max-video-preview:-1\" \/>\n<link rel=\"canonical\" href=\"https:\/\/www.kosiceregion.com\/sk\/zivot-dobrodruhov-izba-tradicii-heimatstube-v-smolnickej-hute\/\" \/>\n<meta property=\"og:locale\" content=\"pl_PL\" \/>\n<meta property=\"og:type\" content=\"article\" \/>\n<meta property=\"og:title\" content=\"\u017divot dobrodruhov: Izba trad\u00edci\u00ed Heimatstube v Smoln\u00edckej Hute\" \/>\n<meta property=\"og:description\" content=\"Z cesty ju \u013eahko prehliadnete. Mal\u00e9 dvere za \u017eelezn\u00fdmi mre\u017eami v\u00e1m toho ve\u013ea nepovedia. Av\u0161ak za nimi sa toho skr\u00fdva ve\u013ea. Izba trad\u00edci\u00ed je pln\u00e1\" \/>\n<meta property=\"og:url\" content=\"https:\/\/www.kosiceregion.com\/pl\/wp-json\/wp\/v2\/posts\/8073\" \/>\n<meta property=\"og:site_name\" content=\"Ko\u0161ice Regi\u00f3n\" \/>\n<meta property=\"article:publisher\" content=\"https:\/\/www.facebook.com\/kosiceregion\" \/>\n<meta property=\"article:published_time\" content=\"2021-11-30T09:53:48+00:00\" \/>\n<meta property=\"article:modified_time\" content=\"2021-11-30T09:53:50+00:00\" \/>\n<meta property=\"og:image\" content=\"https:\/\/www.kosiceregion.com\/wp-content\/uploads\/2021\/11\/titulka-4-scaled.jpg\" \/>\n\t<meta property=\"og:image:width\" content=\"2560\" \/>\n\t<meta property=\"og:image:height\" content=\"1707\" \/>\n\t<meta property=\"og:image:type\" content=\"image\/jpeg\" \/>\n<meta name=\"author\" content=\"Attila T\u00f6r\u00f6k\" \/>\n<meta name=\"twitter:card\" content=\"summary_large_image\" \/>\n<meta name=\"twitter:creator\" content=\"@KOSICEREGION\" \/>\n<meta name=\"twitter:site\" content=\"@KOSICEREGION\" \/>\n<meta name=\"twitter:label1\" content=\"Napisane przez\" \/>\n\t<meta name=\"twitter:data1\" content=\"Attila T\u00f6r\u00f6k\" \/>\n\t<meta name=\"twitter:label2\" content=\"Szacowany czas czytania\" \/>\n\t<meta name=\"twitter:data2\" content=\"6 minutes\" \/>\n<script type=\"application\/ld+json\" class=\"yoast-schema-graph\">{\"@context\":\"https:\\\/\\\/schema.org\",\"@graph\":[{\"@type\":\"Article\",\"@id\":\"https:\\\/\\\/www.kosiceregion.com\\\/sk\\\/zivot-dobrodruhov-izba-tradicii-heimatstube-v-smolnickej-hute\\\/#article\",\"isPartOf\":{\"@id\":\"https:\\\/\\\/www.kosiceregion.com\\\/sk\\\/zivot-dobrodruhov-izba-tradicii-heimatstube-v-smolnickej-hute\\\/\"},\"author\":{\"name\":\"Attila T\u00f6r\u00f6k\",\"@id\":\"https:\\\/\\\/www.kosiceregion.com\\\/#\\\/schema\\\/person\\\/c165be3d928462a4f7283533e3fa9f87\"},\"headline\":\"\u017divot dobrodruhov: Izba trad\u00edci\u00ed Heimatstube v Smoln\u00edckej Hute\",\"datePublished\":\"2021-11-30T09:53:48+00:00\",\"dateModified\":\"2021-11-30T09:53:50+00:00\",\"mainEntityOfPage\":{\"@id\":\"https:\\\/\\\/www.kosiceregion.com\\\/sk\\\/zivot-dobrodruhov-izba-tradicii-heimatstube-v-smolnickej-hute\\\/\"},\"wordCount\":678,\"publisher\":{\"@id\":\"https:\\\/\\\/www.kosiceregion.com\\\/#organization\"},\"image\":{\"@id\":\"https:\\\/\\\/www.kosiceregion.com\\\/sk\\\/zivot-dobrodruhov-izba-tradicii-heimatstube-v-smolnickej-hute\\\/#primaryimage\"},\"thumbnailUrl\":\"https:\\\/\\\/www.kosiceregion.com\\\/wp-content\\\/uploads\\\/2021\\\/11\\\/titulka-4-scaled.jpg\",\"keywords\":[\"heimatstube\",\"smoln\u00edcka huta\",\"smoln\u00edk\"],\"articleSection\":[\"In\u0161piruj sa\"],\"inLanguage\":\"pl-PL\"},{\"@type\":\"WebPage\",\"@id\":\"https:\\\/\\\/www.kosiceregion.com\\\/sk\\\/zivot-dobrodruhov-izba-tradicii-heimatstube-v-smolnickej-hute\\\/\",\"url\":\"https:\\\/\\\/www.kosiceregion.com\\\/sk\\\/zivot-dobrodruhov-izba-tradicii-heimatstube-v-smolnickej-hute\\\/\",\"name\":\"\u017divot dobrodruhov: Izba trad\u00edci\u00ed Heimatstube v Smoln\u00edckej Hute - Ko\u0161ice Regi\u00f3n\",\"isPartOf\":{\"@id\":\"https:\\\/\\\/www.kosiceregion.com\\\/#website\"},\"primaryImageOfPage\":{\"@id\":\"https:\\\/\\\/www.kosiceregion.com\\\/sk\\\/zivot-dobrodruhov-izba-tradicii-heimatstube-v-smolnickej-hute\\\/#primaryimage\"},\"image\":{\"@id\":\"https:\\\/\\\/www.kosiceregion.com\\\/sk\\\/zivot-dobrodruhov-izba-tradicii-heimatstube-v-smolnickej-hute\\\/#primaryimage\"},\"thumbnailUrl\":\"https:\\\/\\\/www.kosiceregion.com\\\/wp-content\\\/uploads\\\/2021\\\/11\\\/titulka-4-scaled.jpg\",\"datePublished\":\"2021-11-30T09:53:48+00:00\",\"dateModified\":\"2021-11-30T09:53:50+00:00\",\"description\":\"Z cesty ju \u013eahko prehliadnete. Mal\u00e9 dvere za \u017eelezn\u00fdmi mre\u017eami v\u00e1m toho ve\u013ea nepovedia. Av\u0161ak za nimi sa toho skr\u00fdva ve\u013ea. Izba trad\u00edci\u00ed je pln\u00e1\",\"breadcrumb\":{\"@id\":\"https:\\\/\\\/www.kosiceregion.com\\\/sk\\\/zivot-dobrodruhov-izba-tradicii-heimatstube-v-smolnickej-hute\\\/#breadcrumb\"},\"inLanguage\":\"pl-PL\",\"potentialAction\":[{\"@type\":\"ReadAction\",\"target\":[\"https:\\\/\\\/www.kosiceregion.com\\\/sk\\\/zivot-dobrodruhov-izba-tradicii-heimatstube-v-smolnickej-hute\\\/\"]}]},{\"@type\":\"ImageObject\",\"inLanguage\":\"pl-PL\",\"@id\":\"https:\\\/\\\/www.kosiceregion.com\\\/sk\\\/zivot-dobrodruhov-izba-tradicii-heimatstube-v-smolnickej-hute\\\/#primaryimage\",\"url\":\"https:\\\/\\\/www.kosiceregion.com\\\/wp-content\\\/uploads\\\/2021\\\/11\\\/titulka-4-scaled.jpg\",\"contentUrl\":\"https:\\\/\\\/www.kosiceregion.com\\\/wp-content\\\/uploads\\\/2021\\\/11\\\/titulka-4-scaled.jpg\",\"width\":2560,\"height\":1707},{\"@type\":\"BreadcrumbList\",\"@id\":\"https:\\\/\\\/www.kosiceregion.com\\\/sk\\\/zivot-dobrodruhov-izba-tradicii-heimatstube-v-smolnickej-hute\\\/#breadcrumb\",\"itemListElement\":[{\"@type\":\"ListItem\",\"position\":1,\"name\":\"Home\",\"item\":\"https:\\\/\\\/www.kosiceregion.com\\\/sk\\\/\"},{\"@type\":\"ListItem\",\"position\":2,\"name\":\"\u017divot dobrodruhov: Izba trad\u00edci\u00ed Heimatstube v Smoln\u00edckej Hute\"}]},{\"@type\":\"WebSite\",\"@id\":\"https:\\\/\\\/www.kosiceregion.com\\\/#website\",\"url\":\"https:\\\/\\\/www.kosiceregion.com\\\/\",\"name\":\"Ko\u0161ice Regi\u00f3n\",\"description\":\"Turistick\u00fd sprievodca Ko\u0161ick\u00fdm krajom\",\"publisher\":{\"@id\":\"https:\\\/\\\/www.kosiceregion.com\\\/#organization\"},\"potentialAction\":[{\"@type\":\"SearchAction\",\"target\":{\"@type\":\"EntryPoint\",\"urlTemplate\":\"https:\\\/\\\/www.kosiceregion.com\\\/?s={search_term_string}\"},\"query-input\":{\"@type\":\"PropertyValueSpecification\",\"valueRequired\":true,\"valueName\":\"search_term_string\"}}],\"inLanguage\":\"pl-PL\"},{\"@type\":\"Organization\",\"@id\":\"https:\\\/\\\/www.kosiceregion.com\\\/#organization\",\"name\":\"Ko\u0161ice Regi\u00f3n Turizmus\",\"url\":\"https:\\\/\\\/www.kosiceregion.com\\\/\",\"logo\":{\"@type\":\"ImageObject\",\"inLanguage\":\"pl-PL\",\"@id\":\"https:\\\/\\\/www.kosiceregion.com\\\/#\\\/schema\\\/logo\\\/image\\\/\",\"url\":\"https:\\\/\\\/www.kosiceregion.com\\\/wp-content\\\/uploads\\\/2019\\\/03\\\/logo-web-sk.png\",\"contentUrl\":\"https:\\\/\\\/www.kosiceregion.com\\\/wp-content\\\/uploads\\\/2019\\\/03\\\/logo-web-sk.png\",\"width\":225,\"height\":100,\"caption\":\"Ko\u0161ice Regi\u00f3n Turizmus\"},\"image\":{\"@id\":\"https:\\\/\\\/www.kosiceregion.com\\\/#\\\/schema\\\/logo\\\/image\\\/\"},\"sameAs\":[\"https:\\\/\\\/www.facebook.com\\\/kosiceregion\",\"https:\\\/\\\/x.com\\\/KOSICEREGION\",\"https:\\\/\\\/www.instagram.com\\\/kosiceregion\",\"https:\\\/\\\/www.youtube.com\\\/kosiceregion\"]},{\"@type\":\"Person\",\"@id\":\"https:\\\/\\\/www.kosiceregion.com\\\/#\\\/schema\\\/person\\\/c165be3d928462a4f7283533e3fa9f87\",\"name\":\"Attila T\u00f6r\u00f6k\",\"image\":{\"@type\":\"ImageObject\",\"inLanguage\":\"pl-PL\",\"@id\":\"https:\\\/\\\/secure.gravatar.com\\\/avatar\\\/7536520a24f54162948fc01f9d450948fd7df6ba020d0e39b69d3dcb7e39ee10?s=96&d=mm&r=g\",\"url\":\"https:\\\/\\\/secure.gravatar.com\\\/avatar\\\/7536520a24f54162948fc01f9d450948fd7df6ba020d0e39b69d3dcb7e39ee10?s=96&d=mm&r=g\",\"contentUrl\":\"https:\\\/\\\/secure.gravatar.com\\\/avatar\\\/7536520a24f54162948fc01f9d450948fd7df6ba020d0e39b69d3dcb7e39ee10?s=96&d=mm&r=g\",\"caption\":\"Attila T\u00f6r\u00f6k\"}}]}<\/script>\n<!-- \/ Yoast SEO Premium plugin. -->","yoast_head_json":{"title":"Ko\u0161ice Regi\u00f3n","description":"Z cesty ju \u013eahko prehliadnete. Mal\u00e9 dvere za \u017eelezn\u00fdmi mre\u017eami v\u00e1m toho ve\u013ea nepovedia. Av\u0161ak za nimi sa toho skr\u00fdva ve\u013ea. Izba trad\u00edci\u00ed je pln\u00e1 jedine\u010dn\u00fdch spomienok miestnych obyvate\u013eov. Ukr\u00fdva neskuto\u010dn\u00e9 mno\u017estvo hist\u00f3rie,\u2026","robots":{"index":"index","follow":"follow","max-snippet":"max-snippet:-1","max-image-preview":"max-image-preview:large","max-video-preview":"max-video-preview:-1"},"canonical":"https:\/\/www.kosiceregion.com\/sk\/zivot-dobrodruhov-izba-tradicii-heimatstube-v-smolnickej-hute\/","og_locale":"pl_PL","og_type":"article","og_title":"\u017divot dobrodruhov: Izba trad\u00edci\u00ed Heimatstube v Smoln\u00edckej Hute","og_description":"Z cesty ju \u013eahko prehliadnete. Mal\u00e9 dvere za \u017eelezn\u00fdmi mre\u017eami v\u00e1m toho ve\u013ea nepovedia. Av\u0161ak za nimi sa toho skr\u00fdva ve\u013ea. Izba trad\u00edci\u00ed je pln\u00e1","og_url":"https:\/\/www.kosiceregion.com\/pl\/wp-json\/wp\/v2\/posts\/8073","og_site_name":"Ko\u0161ice Regi\u00f3n","article_publisher":"https:\/\/www.facebook.com\/kosiceregion","article_published_time":"2021-11-30T09:53:48+00:00","article_modified_time":"2021-11-30T09:53:50+00:00","og_image":[{"width":2560,"height":1707,"url":"https:\/\/www.kosiceregion.com\/wp-content\/uploads\/2021\/11\/titulka-4-scaled.jpg","type":"image\/jpeg"}],"author":"Attila T\u00f6r\u00f6k","twitter_card":"summary_large_image","twitter_creator":"@KOSICEREGION","twitter_site":"@KOSICEREGION","twitter_misc":{"Napisane przez":"Attila T\u00f6r\u00f6k","Szacowany czas czytania":"6 minutes"},"schema":{"@context":"https:\/\/schema.org","@graph":[{"@type":"Article","@id":"https:\/\/www.kosiceregion.com\/sk\/zivot-dobrodruhov-izba-tradicii-heimatstube-v-smolnickej-hute\/#article","isPartOf":{"@id":"https:\/\/www.kosiceregion.com\/sk\/zivot-dobrodruhov-izba-tradicii-heimatstube-v-smolnickej-hute\/"},"author":{"name":"Attila T\u00f6r\u00f6k","@id":"https:\/\/www.kosiceregion.com\/#\/schema\/person\/c165be3d928462a4f7283533e3fa9f87"},"headline":"\u017divot dobrodruhov: Izba trad\u00edci\u00ed Heimatstube v Smoln\u00edckej Hute","datePublished":"2021-11-30T09:53:48+00:00","dateModified":"2021-11-30T09:53:50+00:00","mainEntityOfPage":{"@id":"https:\/\/www.kosiceregion.com\/sk\/zivot-dobrodruhov-izba-tradicii-heimatstube-v-smolnickej-hute\/"},"wordCount":678,"publisher":{"@id":"https:\/\/www.kosiceregion.com\/#organization"},"image":{"@id":"https:\/\/www.kosiceregion.com\/sk\/zivot-dobrodruhov-izba-tradicii-heimatstube-v-smolnickej-hute\/#primaryimage"},"thumbnailUrl":"https:\/\/www.kosiceregion.com\/wp-content\/uploads\/2021\/11\/titulka-4-scaled.jpg","keywords":["heimatstube","smoln\u00edcka huta","smoln\u00edk"],"articleSection":["In\u0161piruj sa"],"inLanguage":"pl-PL"},{"@type":"WebPage","@id":"https:\/\/www.kosiceregion.com\/sk\/zivot-dobrodruhov-izba-tradicii-heimatstube-v-smolnickej-hute\/","url":"https:\/\/www.kosiceregion.com\/sk\/zivot-dobrodruhov-izba-tradicii-heimatstube-v-smolnickej-hute\/","name":"\u017divot dobrodruhov: Izba trad\u00edci\u00ed Heimatstube v Smoln\u00edckej Hute - Ko\u0161ice Regi\u00f3n","isPartOf":{"@id":"https:\/\/www.kosiceregion.com\/#website"},"primaryImageOfPage":{"@id":"https:\/\/www.kosiceregion.com\/sk\/zivot-dobrodruhov-izba-tradicii-heimatstube-v-smolnickej-hute\/#primaryimage"},"image":{"@id":"https:\/\/www.kosiceregion.com\/sk\/zivot-dobrodruhov-izba-tradicii-heimatstube-v-smolnickej-hute\/#primaryimage"},"thumbnailUrl":"https:\/\/www.kosiceregion.com\/wp-content\/uploads\/2021\/11\/titulka-4-scaled.jpg","datePublished":"2021-11-30T09:53:48+00:00","dateModified":"2021-11-30T09:53:50+00:00","description":"Z cesty ju \u013eahko prehliadnete. Mal\u00e9 dvere za \u017eelezn\u00fdmi mre\u017eami v\u00e1m toho ve\u013ea nepovedia. Av\u0161ak za nimi sa toho skr\u00fdva ve\u013ea. Izba trad\u00edci\u00ed je pln\u00e1","breadcrumb":{"@id":"https:\/\/www.kosiceregion.com\/sk\/zivot-dobrodruhov-izba-tradicii-heimatstube-v-smolnickej-hute\/#breadcrumb"},"inLanguage":"pl-PL","potentialAction":[{"@type":"ReadAction","target":["https:\/\/www.kosiceregion.com\/sk\/zivot-dobrodruhov-izba-tradicii-heimatstube-v-smolnickej-hute\/"]}]},{"@type":"ImageObject","inLanguage":"pl-PL","@id":"https:\/\/www.kosiceregion.com\/sk\/zivot-dobrodruhov-izba-tradicii-heimatstube-v-smolnickej-hute\/#primaryimage","url":"https:\/\/www.kosiceregion.com\/wp-content\/uploads\/2021\/11\/titulka-4-scaled.jpg","contentUrl":"https:\/\/www.kosiceregion.com\/wp-content\/uploads\/2021\/11\/titulka-4-scaled.jpg","width":2560,"height":1707},{"@type":"BreadcrumbList","@id":"https:\/\/www.kosiceregion.com\/sk\/zivot-dobrodruhov-izba-tradicii-heimatstube-v-smolnickej-hute\/#breadcrumb","itemListElement":[{"@type":"ListItem","position":1,"name":"Home","item":"https:\/\/www.kosiceregion.com\/sk\/"},{"@type":"ListItem","position":2,"name":"\u017divot dobrodruhov: Izba trad\u00edci\u00ed Heimatstube v Smoln\u00edckej Hute"}]},{"@type":"WebSite","@id":"https:\/\/www.kosiceregion.com\/#website","url":"https:\/\/www.kosiceregion.com\/","name":"Ko\u0161ice Regi\u00f3n","description":"Turistick\u00fd sprievodca Ko\u0161ick\u00fdm krajom","publisher":{"@id":"https:\/\/www.kosiceregion.com\/#organization"},"potentialAction":[{"@type":"SearchAction","target":{"@type":"EntryPoint","urlTemplate":"https:\/\/www.kosiceregion.com\/?s={search_term_string}"},"query-input":{"@type":"PropertyValueSpecification","valueRequired":true,"valueName":"search_term_string"}}],"inLanguage":"pl-PL"},{"@type":"Organization","@id":"https:\/\/www.kosiceregion.com\/#organization","name":"Ko\u0161ice Regi\u00f3n Turizmus","url":"https:\/\/www.kosiceregion.com\/","logo":{"@type":"ImageObject","inLanguage":"pl-PL","@id":"https:\/\/www.kosiceregion.com\/#\/schema\/logo\/image\/","url":"https:\/\/www.kosiceregion.com\/wp-content\/uploads\/2019\/03\/logo-web-sk.png","contentUrl":"https:\/\/www.kosiceregion.com\/wp-content\/uploads\/2019\/03\/logo-web-sk.png","width":225,"height":100,"caption":"Ko\u0161ice Regi\u00f3n Turizmus"},"image":{"@id":"https:\/\/www.kosiceregion.com\/#\/schema\/logo\/image\/"},"sameAs":["https:\/\/www.facebook.com\/kosiceregion","https:\/\/x.com\/KOSICEREGION","https:\/\/www.instagram.com\/kosiceregion","https:\/\/www.youtube.com\/kosiceregion"]},{"@type":"Person","@id":"https:\/\/www.kosiceregion.com\/#\/schema\/person\/c165be3d928462a4f7283533e3fa9f87","name":"Attila T\u00f6r\u00f6k","image":{"@type":"ImageObject","inLanguage":"pl-PL","@id":"https:\/\/secure.gravatar.com\/avatar\/7536520a24f54162948fc01f9d450948fd7df6ba020d0e39b69d3dcb7e39ee10?s=96&d=mm&r=g","url":"https:\/\/secure.gravatar.com\/avatar\/7536520a24f54162948fc01f9d450948fd7df6ba020d0e39b69d3dcb7e39ee10?s=96&d=mm&r=g","contentUrl":"https:\/\/secure.gravatar.com\/avatar\/7536520a24f54162948fc01f9d450948fd7df6ba020d0e39b69d3dcb7e39ee10?s=96&d=mm&r=g","caption":"Attila T\u00f6r\u00f6k"}}]}},"_links":{"self":[{"href":"https:\/\/www.kosiceregion.com\/pl\/wp-json\/wp\/v2\/posts\/8073","targetHints":{"allow":["GET"]}}],"collection":[{"href":"https:\/\/www.kosiceregion.com\/pl\/wp-json\/wp\/v2\/posts"}],"about":[{"href":"https:\/\/www.kosiceregion.com\/pl\/wp-json\/wp\/v2\/types\/post"}],"author":[{"embeddable":true,"href":"https:\/\/www.kosiceregion.com\/pl\/wp-json\/wp\/v2\/users\/10"}],"replies":[{"embeddable":true,"href":"https:\/\/www.kosiceregion.com\/pl\/wp-json\/wp\/v2\/comments?post=8073"}],"version-history":[{"count":3,"href":"https:\/\/www.kosiceregion.com\/pl\/wp-json\/wp\/v2\/posts\/8073\/revisions"}],"predecessor-version":[{"id":8087,"href":"https:\/\/www.kosiceregion.com\/pl\/wp-json\/wp\/v2\/posts\/8073\/revisions\/8087"}],"wp:featuredmedia":[{"embeddable":true,"href":"https:\/\/www.kosiceregion.com\/pl\/wp-json\/wp\/v2\/media\/8074"}],"wp:attachment":[{"href":"https:\/\/www.kosiceregion.com\/pl\/wp-json\/wp\/v2\/media?parent=8073"}],"wp:term":[{"taxonomy":"category","embeddable":true,"href":"https:\/\/www.kosiceregion.com\/pl\/wp-json\/wp\/v2\/categories?post=8073"},{"taxonomy":"post_tag","embeddable":true,"href":"https:\/\/www.kosiceregion.com\/pl\/wp-json\/wp\/v2\/tags?post=8073"}],"curies":[{"name":"wp","href":"https:\/\/api.w.org\/{rel}","templated":true}]}}